{"id":1010006,"date":"2025-06-27T07:40:13","date_gmt":"2025-06-27T13:40:13","guid":{"rendered":"https:\/\/runahr.com\/sin-categorizar\/contrato-de-trabajo\/"},"modified":"2026-04-16T13:36:22","modified_gmt":"2026-04-16T19:36:22","slug":"contrato-de-trabajo","status":"publish","type":"post","link":"https:\/\/runahr.com\/ar\/recursos\/recursos-humanos\/contrato-de-trabajo\/","title":{"rendered":"Contrato de trabajo: \u00bfQu\u00e9 es? \u00bfCu\u00e1les son los tipos que existen?"},"content":{"rendered":"<p><span>En el entramado empresarial argentino, el contrato de trabajo funciona como un verdadero cimiento: sostiene la relaci\u00f3n de dependencia, delimita responsabilidades, ordena la prestaci\u00f3n de servicios y, sobre todo, garantiza la protecci\u00f3n legal que la<\/span><a href=\"https:\/\/runahr.com\/ar\/recursos\/salario\/ley-de-contrato-de-trabajo\/\"> <span>Ley de Contrato de Trabajo<\/span><\/a><span> establece como m\u00ednimo irrenunciable. All\u00ed convergen necesidades que no siempre corren parejo \u2014la<\/span><a href=\"https:\/\/runahr.com\/ar\/recursos\/recursos-humanos\/eficiencia\"> <span>eficiencia<\/span><\/a><span> del negocio y la estabilidad de quienes aportan su talento\u2014 y, gracias a ese marco, se equilibran intereses para que la din\u00e1mica cotidiana fluya con reglas claras. Dentro de cada organizaci\u00f3n, el \u00e1rea de<\/span><a href=\"https:\/\/runahr.com\/ar\/recursos\/recursos-humanos\/recursos-humanos\/\"> <span>Recursos Humanos<\/span><\/a><span> (RRHH) se convierte en custodio de ese pacto: redacta, registra, acompa\u00f1a y, llegado el caso, certifica la extinci\u00f3n del contrato de trabajo. Cuando la<\/span><a href=\"https:\/\/runahr.com\/ar\/recursos\/recursos-humanos\/gestion\/\"> <span>gesti\u00f3n<\/span><\/a><span> es prolija, el clima interno se robustece y los conflictos pierden terreno.<\/span><\/p>\n<h2><b>\u00bfQu\u00e9 es un contrato de trabajo en Argentina?<\/b><\/h2>\n<p><span>Quien se pregunte qu\u00e9 es un contrato de trabajo en el \u00e1mbito local encontrar\u00e1 la respuesta en el art\u00edculo 21 de la Ley de Contrato de Trabajo de Argentina. All\u00ed se define como el acuerdo por el cual una persona humana se obliga a prestar servicios en favor de otra persona, bajo su dependencia, durante un per\u00edodo determinado o indeterminado, a cambio de una remuneraci\u00f3n. Tres rasgos lo identifican con claridad: la prestaci\u00f3n personal de tareas, la subordinaci\u00f3n jur\u00eddica \u2014que engloba la direcci\u00f3n, el control y la potestad disciplinaria del empleador\u2014 y la contraprestaci\u00f3n econ\u00f3mica. <\/span><\/p>\n<p><span>Ahora bien, la presunci\u00f3n de existencia de contrato de trabajo ya no opera del mismo modo en todos los casos: la reforma mantuvo la regla general de presumir laboralidad cuando hay prestaci\u00f3n en dependencia, pero excluy\u00f3 expresamente ciertos supuestos de contrataciones de obra o de servicios profesionales, de oficios u otras modalidades aut\u00f3nomas, siempre que est\u00e9n debidamente documentadas con recibos, facturas o medios de pago admitidos por la reglamentaci\u00f3n.<\/span><\/p>\n<h2><b>\u00bfPara qu\u00e9 sirve un contrato de trabajo?<\/b><\/h2>\n<p><span>M\u00e1s que un mero formalismo, el contrato aporta estructura. Al fijar tareas,<\/span><a href=\"https:\/\/runahr.com\/ar\/recursos\/recursos-humanos\/jornada\/\"> <span>jornada<\/span><\/a><span>, lugar y<\/span><a href=\"https:\/\/runahr.com\/ar\/recursos\/salario\/salario\/\"> <span>salario<\/span><\/a><span>, alinea expectativas y reduce la ambig\u00fcedad que suele ser caldo de cultivo para disputas. Adem\u00e1s, documenta el v\u00ednculo y otorga seguridad jur\u00eddica: cuando surge una controversia, ese marco \u2014junto con la normativa vigente\u2014 funciona como hoja de ruta para dirimir responsabilidades. Tanto empleador como<\/span><a href=\"https:\/\/runahr.com\/ar\/recursos-humanos\/trabajador\/\"> <span>trabajador<\/span><\/a><span> encuentran all\u00ed una referencia objetiva que cristaliza derechos y obligaciones.<\/span><\/p>\n<h2><b>\u00bfCu\u00e1l es el objetivo de un contrato de trabajo?<\/b><\/h2>\n<p><span>El prop\u00f3sito inmediato es regular la prestaci\u00f3n bajo dependencia, pero su alcance va m\u00e1s lejos. Al fijar remuneraci\u00f3n conforme al<\/span><a href=\"https:\/\/runahr.com\/ar\/recursos\/salario\/salario-minimo\/\"> <span>Salario M\u00ednimo<\/span><\/a><span> Vital y M\u00f3vil o al convenio colectivo aplicable, garantiza condiciones econ\u00f3micas justas. Al definir jornadas, descansos y<\/span><a href=\"https:\/\/runahr.com\/ar\/recursos\/recursos-humanos\/vacaciones\/\"> <span>vacaciones<\/span><\/a><span>, contribuye a la salud y al<\/span><a href=\"https:\/\/runahr.com\/ar\/recursos\/recursos-humanos\/bienestar\/\"> <span>bienestar<\/span><\/a><span>. Y, al establecer reglas de convivencia y mecanismos para resolver desacuerdos, favorece un ambiente donde la cooperaci\u00f3n tenga m\u00e1s peso que el conflicto.<\/span><\/p>\n<h2><b>\u00bfCu\u00e1les son los tipos de contrato de trabajo en Argentina?<\/b><\/h2>\n<p><span>La regla general sigue siendo la<\/span><a href=\"https:\/\/runahr.com\/ar\/recursos\/reclutamiento\/contratacion\/\"> <span>contrataci\u00f3n<\/span><\/a><span> por tiempo indeterminado, figura que promueve la estabilidad y la continuidad. No obstante, la Ley de Contrato de Trabajo reconoce modalidades espec\u00edficas \u2014los conocidos tipos de contrato de trabajo\u2014 para responder a necesidades productivas puntuales. Entre ellas se encuentran:<\/span><\/p>\n<ul>\n<li><span> El <strong>contrato a plazo fijo<\/strong>: Acotado a un lapso concreto y justificado por una causa objetiva; <\/span><\/li>\n<li><span><strong>Eventual<\/strong>: Pensado para resultados concretos, servicios extraordinarios o exigencias extraordinarias y transitorias de la<\/span> <a href=\"https:\/\/runahr.com\/ar\/salario\/empresas\/\"><span>empresa<\/span><\/a><span>; <\/span><\/li>\n<li><span>El de <strong>temporada<\/strong>: Acompa\u00f1a ciclos de actividad; <\/span><\/li>\n<li><span><strong>Tiempo parcial<\/strong>: Se presta servicio por una cantidad de horas inferior a la jornada legal o convencional. <\/span><\/li>\n<\/ul>\n<p><span>En esta \u00faltima modalidad, la reforma introdujo una novedad relevante: ahora pueden pactarse horas suplementarias voluntarias respecto de la jornada reducida, siempre sin exceder la jornada legal m\u00e1xima, salvo supuestos excepcionales previstos por la ley. Cada modalidad sigue exigiendo recaudos formales \u2014sobre todo cuando hay plazo o causa espec\u00edfica\u2014 y, si esas exigencias no se cumplen, la relaci\u00f3n puede reputarse por tiempo indeterminado.<\/span><\/p>\n<h2><b>\u00bfQu\u00e9 menciona la ley de contrato de trabajo en Argentina?<\/b><\/h2>\n<p><span>La Ley de Contrato de Trabajo Argentina (LCT 20.744) despliega un amplio abanico de principios protectores y reglas de funcionamiento de la relaci\u00f3n laboral. Regula jornada, descansos, vacaciones, licencias, salario, Sueldo Anual Complementario, suspensiones justificadas, condiciones de<\/span><a href=\"https:\/\/runahr.com\/ar\/recursos\/recursos-humanos\/trabajador\/\"> <span>trabajo<\/span><\/a><span>, registraci\u00f3n y formas de extinci\u00f3n. Tras la reforma laboral, adem\u00e1s, incorpor\u00f3 cambios concretos en materias sensibles. <\/span><\/p>\n<p><span>Entre ellas:<\/span><\/p>\n<ul>\n<li><span>Se redefini\u00f3 el alcance de la presunci\u00f3n de laboralidad, <\/span><\/li>\n<li><span>Reforz\u00f3 la centralidad de la registraci\u00f3n ante<\/span> <a href=\"https:\/\/runahr.com\/ar\/recursos\/salario\/afip\/\"><span>ARCA<\/span><\/a><span>, <\/span><\/li>\n<li><span>Habilit\u00f3 nuevas herramientas de compensaci\u00f3n de jornada como el banco de horas, <\/span><\/li>\n<li><span>Flexibiliz\u00f3 el fraccionamiento de vacaciones por acuerdo, <\/span><\/li>\n<li><span>Actualiz\u00f3 el r\u00e9gimen de certificados al momento de la desvinculaci\u00f3n. <\/span><\/li>\n<\/ul>\n<p><span>Tambi\u00e9n modific\u00f3 aspectos vinculados a<\/span> <a href=\"https:\/\/runahr.com\/ar\/recursos\/salario\/indemnizacion\/\"><span>indemnizaciones<\/span><\/a><span>, responsabilidad en supuestos de subcontrataci\u00f3n y transferencias de establecimiento.<\/span><\/p>\n<h2><b>\u00bfCu\u00e1nto dura el contrato de trabajo?<\/b><\/h2>\n<p><span>La duraci\u00f3n var\u00eda seg\u00fan la modalidad. El contrato por tiempo indeterminado no tiene fecha de vencimiento. Concluye por renuncia, despido, mutuo acuerdo,<\/span> <a href=\"https:\/\/runahr.com\/ar\/recursos\/beneficios\/jubilacion\/\"><span>jubilaci\u00f3n<\/span><\/a><span> u otras causales previstas legalmente. El contrato a plazo fijo puede extenderse hasta cinco a\u00f1os, siempre que exista una causa objetiva y se celebre por escrito. El eventual finaliza cuando cesa la necesidad extraordinaria que lo origin\u00f3, y el de temporada se reactiva conforme al ciclo productivo de la actividad. Tambi\u00e9n existe un per\u00edodo de prueba regulado por la normativa vigente, durante el cual la desvinculaci\u00f3n tiene un tratamiento espec\u00edfico y debe analizarse seg\u00fan el r\u00e9gimen aplicable.<\/span><\/p>\n<h2><b>\u00bfPor qu\u00e9 es importante un contrato de trabajo?<\/b><\/h2>\n<p><span>Porque asegura un piso de derechos, blinda al trabajador frente a la informalidad y brinda previsibilidad al empleador. Al dejar asentado el salario, las condiciones de trabajo y las obligaciones mutuas, reduce la posibilidad de reclamos sorpresivos y facilita la administraci\u00f3n del personal. Adem\u00e1s, su correcta registraci\u00f3n ante las autoridades \u2014hoy concentrada en los sistemas que establezca ARCA\u2014 evita contingencias y fortalece la reputaci\u00f3n de la empresa en el mercado laboral.<\/span><\/p>\n<h2><b>\u00bfCu\u00e1les son las caracter\u00edsticas de un contrato de trabajo?<\/b><\/h2>\n<p><span>Jur\u00eddicamente, el contrato de trabajo en Argentina se define por las siguientes caracter\u00edsticas esenciales que lo distinguen:<\/span><\/p>\n<ul>\n<li style=\"font-weight: 400;\" aria-level=\"1\"><span>Se trata de un acuerdo consensual, bilateral y oneroso: las partes generan obligaciones rec\u00edprocas y el trabajo nunca se presume gratuito.<\/span><\/li>\n<li style=\"font-weight: 400;\" aria-level=\"1\"><span>Es conmutativo, porque las prestaciones se consideran equivalentes desde su origen y de tracto sucesivo, dado que se ejecuta d\u00eda a d\u00eda mientras el v\u00ednculo subsista.<\/span><\/li>\n<li style=\"font-weight: 400;\" aria-level=\"1\"><span>Tambi\u00e9n es nominado, pues la LCT le dedica una regulaci\u00f3n espec\u00edfica.<\/span><\/li>\n<li style=\"font-weight: 400;\" aria-level=\"1\"><span>Adem\u00e1s, es personal respecto del trabajador, ya que la identidad y las aptitudes de la persona contratada resultan esenciales.<\/span><\/li>\n<\/ul>\n<h2><b>\u00bfC\u00f3mo los recursos humanos gestionan el contrato de trabajo?<\/b><\/h2>\n<p><span>El ciclo vital de cada contrato pasa por RRHH. All\u00ed se redactan los t\u00e9rminos iniciales, se recopilan firmas y se archiva la documentaci\u00f3n pertinente. A lo largo de la relaci\u00f3n, ese mismo equipo controla el cumplimiento de condiciones, registra<\/span> <a href=\"https:\/\/runahr.com\/ar\/recursos\/beneficios\/ascenso\/\"><span>ascensos<\/span><\/a><span> o cambios salariales amparados en el ius variandi y administra licencias. Cuando la desvinculaci\u00f3n llega, calcula<\/span> <a href=\"https:\/\/runahr.com\/ar\/recursos\/salario\/liquidacion\/\"><span>liquidaciones<\/span><\/a><span>, pone a disposici\u00f3n la documentaci\u00f3n exigida y comunica la baja en los sistemas correspondientes. <\/span><\/p>\n<p><span>En este punto tambi\u00e9n hubo cambios relevantes: la reforma consolid\u00f3 la registraci\u00f3n laboral ante ARCA como suficiente a todos los efectos y actualiz\u00f3 el r\u00e9gimen del art\u00edculo 80, que hoy prev\u00e9 la entrega de certificados dentro de los 45 d\u00edas h\u00e1biles desde la extinci\u00f3n del contrato, admitiendo tanto formato f\u00edsico como digital, e incluso considerando cumplida parte de la obligaci\u00f3n cuando la informaci\u00f3n ya se encuentra disponible en los sistemas de<\/span> <a href=\"https:\/\/runahr.com\/ar\/recursos\/salario\/seguridad-social\/\"><span>seguridad social<\/span><\/a><span> o en los que establezca ARCA. En paralelo, RRHH asesora a l\u00edderes y colaboradores, media en conflictos incipientes y garantiza que las pr\u00e1cticas internas se mantengan alineadas con la legislaci\u00f3n vigente. La digitalizaci\u00f3n, en este escenario, dej\u00f3 de ser solo una ventaja operativa y pas\u00f3 a ocupar un lugar cada vez m\u00e1s central.<\/span><\/p>\n<h2><b>\u00bfCu\u00e1les son los desaf\u00edos de un contrato de trabajo?<\/b><\/h2>\n<p><span>La aceleraci\u00f3n tecnol\u00f3gica y la expansi\u00f3n del<\/span><a href=\"https:\/\/runahr.com\/ar\/recursos\/recursos-humanos\/trabajo-remoto\/\"> <span>trabajo a distancia<\/span><\/a><span> plantean dilemas nuevos: c\u00f3mo equilibrar flexibilidad y protecci\u00f3n, qu\u00e9 l\u00edmites poner al control digital y de qu\u00e9 modo encuadrar actividades que ya no responden al esquema laboral cl\u00e1sico. A eso se suman los cambios introducidos por la reforma en materia de jornada, registraci\u00f3n y desvinculaci\u00f3n. Hoy, por ejemplo, la posibilidad de instrumentar esquemas de compensaci\u00f3n de horas extraordinarias, banco de horas o francos compensatorios por escrito abre oportunidades de organizaci\u00f3n, pero tambi\u00e9n exige mayor prolijidad documental. <\/span><\/p>\n<p><span>Algo similar ocurre con las vacaciones: la nueva normativa admite, por acuerdo, su fraccionamiento en tramos no inferiores a siete d\u00edas y permite su otorgamiento fuera del per\u00edodo tradicional si ambas partes as\u00ed lo disponen. Ajustar estas herramientas a cada realidad empresaria, sin perder seguridad jur\u00eddica ni afectar derechos b\u00e1sicos, aparece como uno de los principales desaf\u00edos para empleadores, sindicatos y \u00e1reas de RRHH.<\/span><\/p>\n<p><span>En s\u00edntesis, el contrato de trabajo \u2014respaldado por la ley de contrato de trabajo y gestionado con rigor por Recursos Humanos\u2014 sigue siendo el eje alrededor del cual gira la vida laboral en Argentina. Al definir derechos, obligaciones y mecanismos de extinci\u00f3n, ofrece orden y previsibilidad. Pero hoy tambi\u00e9n exige una lectura actualizada: la reforma laboral modific\u00f3 reglas relevantes sobre registraci\u00f3n, presunci\u00f3n de laboralidad, jornada, vacaciones, certificados y desvinculaci\u00f3n. Entender esos cambios y aplicarlos con criterio es, cada vez m\u00e1s, parte del trabajo cotidiano de cualquier organizaci\u00f3n que quiera sostener relaciones laborales estables, productivas y ajustadas a derecho.<\/span><\/p>\n\t\t<h2 class=\"runa-faq-title\">Preguntas frecuentes<\/h2>\n\n\t\t<div class=\"runa-faq-accordion\">\n\t\t\t\t\t\t<details class=\"runa-faq-item\">\n\t\t\t\t<summary>\n\t\t\t\t\t<span>\u00bfQu\u00e9 rol cumple la ANSES en la trazabilidad del v\u00ednculo laboral?<\/span>\n\t\t\t\t\t<i class=\"fas fa-chevron-down\" aria-hidden=\"true\"><\/i>\n\t\t\t\t<\/summary>\n\t\t\t\t<div class=\"runa-faq-content\">\n\t\t\t\t\t<p><span style=\"font-weight: 400\">La <\/span><a href=\"https:\/\/runahr.com\/ar\/recursos\/salario\/anses\/\"><span style=\"font-weight: 400\">Administraci\u00f3n Nacional de la Seguridad Social (ANSES)<\/span><\/a><span style=\"font-weight: 400\"> sigue siendo clave en la trazabilidad previsional del v\u00ednculo. All\u00ed impactan las altas, bajas, aportes y contribuciones vinculados al contrato de trabajo. Aunque la reforma concentr\u00f3 la registraci\u00f3n en ARCA, ANSES contin\u00faa siendo un eslab\u00f3n central para reconstruir historia laboral y validar aportes, algo especialmente sensible cuando m\u00e1s adelante se tramitan beneficios previsionales o se discuten per\u00edodos trabajados.<\/span><\/p>\n<p>&nbsp;<\/p>\n\t\t\t\t<\/div>\n\t\t\t<\/details>\n\t\t\t\t\t\t<details class=\"runa-faq-item\">\n\t\t\t\t<summary>\n\t\t\t\t\t<span>\u00bfLos contratos temporales requieren notificaci\u00f3n al Ministerio de Trabajo?<\/span>\n\t\t\t\t\t<i class=\"fas fa-chevron-down\" aria-hidden=\"true\"><\/i>\n\t\t\t\t<\/summary>\n\t\t\t\t<div class=\"runa-faq-content\">\n\t\t\t\t\t<p><span style=\"font-weight: 400\">No existe una regla general que imponga siempre una notificaci\u00f3n espec\u00edfica al <\/span><a href=\"https:\/\/runahr.com\/ar\/recursos\/salario\/ministerio-de-trabajo\/\"><span style=\"font-weight: 400\">Ministerio de Trabajo<\/span><\/a><span style=\"font-weight: 400\"> por el solo hecho de celebrar un contrato temporal. Lo relevante es que la modalidad est\u00e9 correctamente instrumentada, que exista causa objetiva cuando corresponda y que la registraci\u00f3n se haga en forma adecuada. En los contratos a plazo fijo, eventuales o de temporada, la debilidad formal suele jugar en contra del empleador cuando m\u00e1s adelante se discute la verdadera naturaleza del v\u00ednculo.<\/span><\/p>\n<p>&nbsp;<\/p>\n\t\t\t\t<\/div>\n\t\t\t<\/details>\n\t\t\t\t\t\t<details class=\"runa-faq-item\">\n\t\t\t\t<summary>\n\t\t\t\t\t<span>\u00bfQu\u00e9 obligaciones tiene la empresa frente a las ART al firmar un nuevo contrato?<\/span>\n\t\t\t\t\t<i class=\"fas fa-chevron-down\" aria-hidden=\"true\"><\/i>\n\t\t\t\t<\/summary>\n\t\t\t\t<div class=\"runa-faq-content\">\n\t\t\t\t\t<p><span style=\"font-weight: 400\">Al incorporar personal, la empresa debe mantener actualizada la n\u00f3mina declarada y el encuadre del puesto frente a las <\/span><a href=\"https:\/\/runahr.com\/ar\/recursos\/salario\/art\/\"><span style=\"font-weight: 400\">Aseguradoras de Riesgos del Trabajo (ART)<\/span><\/a><span style=\"font-weight: 400\">. Ese paso no es accesorio: una mala descripci\u00f3n de tareas o una registraci\u00f3n incompleta puede complicar la cobertura o generar discusiones posteriores ante un siniestro. La coordinaci\u00f3n entre RRHH, n\u00f3mina y seguridad e higiene resulta clave para evitar esos desajustes.<\/span><\/p>\n<p>&nbsp;<\/p>\n\t\t\t\t<\/div>\n\t\t\t<\/details>\n\t\t\t\t\t\t<details class=\"runa-faq-item\">\n\t\t\t\t<summary>\n\t\t\t\t\t<span>\u00bfC\u00f3mo impacta el trabajo remoto en la redacci\u00f3n del contrato?<\/span>\n\t\t\t\t\t<i class=\"fas fa-chevron-down\" aria-hidden=\"true\"><\/i>\n\t\t\t\t<\/summary>\n\t\t\t\t<div class=\"runa-faq-content\">\n\t\t\t\t\t<p><span style=\"font-weight: 400\">El<\/span><a href=\"https:\/\/runahr.com\/ar\/recursos\/recursos-humanos\/trabajo-remoto\/\"> <span style=\"font-weight: 400\">trabajo remoto<\/span><\/a><span style=\"font-weight: 400\"> obliga a ajustar cl\u00e1usulas vinculadas a herramientas, disponibilidad, control, gastos y prevenci\u00f3n de riesgos. A eso se suma ahora la necesidad de contemplar con m\u00e1s precisi\u00f3n los esquemas de jornada que la reforma admite, como la compensaci\u00f3n de horas o los sistemas de banco de horas cuando resulten aplicables. Cuanto m\u00e1s claro quede por escrito el modo de organizaci\u00f3n, menos margen habr\u00e1 para conflictos posteriores.<\/span><\/p>\n<p>&nbsp;<\/p>\n<p>&nbsp;<\/p>\n\t\t\t\t<\/div>\n\t\t\t<\/details>\n\t\t\t\t\t\t<details class=\"runa-faq-item\">\n\t\t\t\t<summary>\n\t\t\t\t\t<span>\u00bfPuede incluirse un esquema de formaci\u00f3n profesional dentro del contrato?<\/span>\n\t\t\t\t\t<i class=\"fas fa-chevron-down\" aria-hidden=\"true\"><\/i>\n\t\t\t\t<\/summary>\n\t\t\t\t<div class=\"runa-faq-content\">\n\t\t\t\t\t<p><span style=\"font-weight: 400\">S\u00ed. De hecho, la <\/span><a href=\"https:\/\/runahr.com\/ar\/recursos\/recursos-humanos\/capacitacion\/\"><span style=\"font-weight: 400\">capacitaci\u00f3n<\/span><\/a><span style=\"font-weight: 400\"> gan\u00f3 visibilidad dentro del nuevo marco legal. Incluir compromisos de capacitaci\u00f3n, actualizaci\u00f3n o desarrollo de habilidades puede resultar especialmente \u00fatil en entornos de cambio tecnol\u00f3gico o reconversi\u00f3n de tareas. Cuando ese punto se deja claro desde el inicio, se ordenan mejor las expectativas y se evita discutir despu\u00e9s qui\u00e9n asume tiempos, costos o prioridades.<\/span><\/p>\n<p>&nbsp;<\/p>\n\t\t\t\t<\/div>\n\t\t\t<\/details>\n\t\t\t\t\t\t<details class=\"runa-faq-item\">\n\t\t\t\t<summary>\n\t\t\t\t\t<span>\u00bfQu\u00e9 sucede con los vi\u00e1ticos en las distintas modalidades de contrato?<\/span>\n\t\t\t\t\t<i class=\"fas fa-chevron-down\" aria-hidden=\"true\"><\/i>\n\t\t\t\t<\/summary>\n\t\t\t\t<div class=\"runa-faq-content\">\n\t\t\t\t\t<p><span style=\"font-weight: 400\">Los <\/span><a href=\"https:\/\/runahr.com\/ar\/recursos\/beneficios\/viaticos\/\"><span style=\"font-weight: 400\">vi\u00e1ticos<\/span><\/a><span style=\"font-weight: 400\"> deben definirse por pol\u00edtica interna, convenio o pr\u00e1ctica aplicable, pero conviene que el contrato o la documentaci\u00f3n complementaria los encuadre con precisi\u00f3n. La reforma tambi\u00e9n actualiz\u00f3 el tratamiento de ciertos reintegros y prestaciones complementarias, de modo que distinguir entre conceptos remunerativos y no remunerativos pas\u00f3 a ser todav\u00eda m\u00e1s importante. Si ese l\u00edmite no se administra bien, los problemas suelen aparecer en la liquidaci\u00f3n o frente a un reclamo.<\/span><\/p>\n<p>&nbsp;<\/p>\n\t\t\t\t<\/div>\n\t\t\t<\/details>\n\t\t\t\t\t\t<details class=\"runa-faq-item\">\n\t\t\t\t<summary>\n\t\t\t\t\t<span>\u00bfPueden intervenir entidades como la Asociaci\u00f3n de Trabajadores del Estado (ATE) en conflictos derivados del contrato?<\/span>\n\t\t\t\t\t<i class=\"fas fa-chevron-down\" aria-hidden=\"true\"><\/i>\n\t\t\t\t<\/summary>\n\t\t\t\t<div class=\"runa-faq-content\">\n\t\t\t\t\t<p><span style=\"font-weight: 400\">Cuando el v\u00ednculo corresponde al sector p\u00fablico o a actividades con representaci\u00f3n sindical espec\u00edfica, los gremios como <\/span><a href=\"https:\/\/runahr.com\/ar\/recursos\/salario\/asociacion-de-trabajadores-del-estado\/\"><span style=\"font-weight: 400\">ATE<\/span><\/a><span style=\"font-weight: 400\"> pueden intervenir en reclamos, negociaciones o audiencias. De todos modos, conviene recordar que la LCT no se aplica de manera directa a todos los dependientes de la administraci\u00f3n p\u00fablica, salvo inclusi\u00f3n expresa. Por eso, antes de trasladar reglas del contrato de trabajo privado a esos \u00e1mbitos, hace falta revisar el r\u00e9gimen jur\u00eddico concreto.<\/span><\/p>\n<p>&nbsp;<\/p>\n\t\t\t\t<\/div>\n\t\t\t<\/details>\n\t\t\t\t\t\t<details class=\"runa-faq-item\">\n\t\t\t\t<summary>\n\t\t\t\t\t<span>\u00bfLos contratos influyen en la gesti\u00f3n de cultura interna de la empresa?<\/span>\n\t\t\t\t\t<i class=\"fas fa-chevron-down\" aria-hidden=\"true\"><\/i>\n\t\t\t\t<\/summary>\n\t\t\t\t<div class=\"runa-faq-content\">\n\t\t\t\t\t<p><span style=\"font-weight: 400\">S\u00ed, aunque de un modo menos visible. Cuando el contrato refleja pr\u00e1cticas consistentes \u2014claridad de roles, licencias, criterios de organizaci\u00f3n del tiempo, mecanismos de actualizaci\u00f3n\u2014 termina funcionando como una expresi\u00f3n concreta de la <\/span><a href=\"https:\/\/runahr.com\/ar\/recursos\/recursos-humanos\/cultura-organizacional\/\"><span style=\"font-weight: 400\">cultura organizacional<\/span><\/a><span style=\"font-weight: 400\">. En empresas que buscan profesionalizar su funcionamiento, ese andamiaje escrito ayuda a sostener criterios estables incluso cuando cambia el liderazgo o la estructura.<\/span><\/p>\n<p>&nbsp;<\/p>\n\t\t\t\t<\/div>\n\t\t\t<\/details>\n\t\t\t\t\t\t<details class=\"runa-faq-item\">\n\t\t\t\t<summary>\n\t\t\t\t\t<span>\u00bfC\u00f3mo se integra el contrato con la n\u00f3mina mensual?<\/span>\n\t\t\t\t\t<i class=\"fas fa-chevron-down\" aria-hidden=\"true\"><\/i>\n\t\t\t\t<\/summary>\n\t\t\t\t<div class=\"runa-faq-content\">\n\t\t\t\t\t<p><span style=\"font-weight: 400\">La <\/span><a href=\"https:\/\/runahr.com\/ar\/recursos\/recursos-humanos\/nomina\/\"><span style=\"font-weight: 400\">n\u00f3mina<\/span><\/a><span style=\"font-weight: 400\"> se alimenta de lo que el contrato establece: categor\u00eda, jornada, adicionales y condiciones particulares. Por eso, cualquier cambio de salario, modalidad, carga horaria o esquema de prestaci\u00f3n debe quedar bien documentado. Con la reforma, esa coordinaci\u00f3n se volvi\u00f3 todav\u00eda m\u00e1s sensible por la mayor relevancia de la registraci\u00f3n ante ARCA, la trazabilidad digital y la diferenciaci\u00f3n entre conceptos remunerativos, beneficios sociales y otros componentes retributivos. Cuando contrato y n\u00f3mina se desalinean, el problema rara vez tarda en aparecer.<\/span><\/p>\n\t\t\t\t<\/div>\n\t\t\t<\/details>\n\t\t\t\t\t<\/div>\n\n\t\t<script>\n\t\t(function() {\n\t\t\tdocument.addEventListener('DOMContentLoaded', function() {\n\t\t\t\tvar items = document.querySelectorAll('.runa-faq-accordion details');\n\t\t\t\titems.forEach(function(target) {\n\t\t\t\t\ttarget.addEventListener('toggle', function() {\n\t\t\t\t\t\tif (target.open) {\n\t\t\t\t\t\t\titems.forEach(function(other) {\n\t\t\t\t\t\t\t\tif (other !== target && other.open) other.open = false;\n\t\t\t\t\t\t\t});\n\t\t\t\t\t\t}\n\t\t\t\t\t});\n\t\t\t\t});\n\t\t\t});\n\t\t})();\n\t\t<\/script>\n\t\t\n","protected":false},"excerpt":{"rendered":"<p>En el entramado empresarial argentino, el contrato de trabajo funciona como un verdadero cimiento: sostiene la relaci\u00f3n de dependencia, delimita responsabilidades, ordena la prestaci\u00f3n de servicios y, sobre todo, garantiza la protecci\u00f3n legal que la Ley de Contrato de Trabajo establece como m\u00ednimo irrenunciable. All\u00ed convergen necesidades que no siempre corren parejo \u2014la eficiencia del [&hellip;]<\/p>\n","protected":false},"author":99,"featured_media":1010007,"comment_status":"closed","ping_status":"closed","sticky":false,"template":"","format":"standard","meta":{"_acf_changed":false,"_wp_applaud_exclude":false,"footnotes":""},"categories":[2029,2030],"tags":[2165,2033],"class_list":["post-1010006","post","type-post","status-publish","format-standard","has-post-thumbnail","hentry","category-recursos","category-recursos-humanos","tag-articulo","tag-recursos-humanos-3-ar"],"acf":[],"yoast_head":"<!-- This site is optimized with the Yoast SEO Premium plugin v26.1 (Yoast SEO v27.4) - https:\/\/yoast.com\/product\/yoast-seo-premium-wordpress\/ -->\n<title>Contrato de trabajo: \u00bfQu\u00e9 es? \u00bfCu\u00e1les son los tipos que existen? | AR | Runa HR<\/title>\n<meta name=\"description\" content=\"Contrato de trabajo, un \u201cescudo legal\u201d. Descubr\u00ed qu\u00e9 es, su marco legal, tipos y c\u00f3mo RRHH asegura derechos y relaciones laborales claras.\" \/>\n<meta name=\"robots\" content=\"index, follow, max-snippet:-1, max-image-preview:large, max-video-preview:-1\" \/>\n<link rel=\"canonical\" href=\"https:\/\/runahr.com\/ar\/recursos\/recursos-humanos\/contrato-de-trabajo\/\" \/>\n<meta property=\"og:locale\" content=\"es_ES\" \/>\n<meta property=\"og:type\" content=\"article\" \/>\n<meta property=\"og:title\" content=\"Contrato de trabajo: \u00bfQu\u00e9 es? \u00bfCu\u00e1les son los tipos que existen? | AR | Runa HR\" \/>\n<meta property=\"og:description\" content=\"Contrato de trabajo, un \u201cescudo legal\u201d. Descubr\u00ed qu\u00e9 es, su marco legal, tipos y c\u00f3mo RRHH asegura derechos y relaciones laborales claras.\" \/>\n<meta property=\"og:url\" content=\"https:\/\/runahr.com\/ar\/recursos\/recursos-humanos\/contrato-de-trabajo\/\" \/>\n<meta property=\"og:site_name\" content=\"Runa HR\" \/>\n<meta property=\"article:publisher\" content=\"https:\/\/www.facebook.com\/runahr\/\" \/>\n<meta property=\"article:published_time\" content=\"2025-06-27T13:40:13+00:00\" \/>\n<meta property=\"article:modified_time\" content=\"2026-04-16T19:36:22+00:00\" \/>\n<meta property=\"og:image\" content=\"https:\/\/runahr.com\/wp-content\/uploads\/2025\/07\/Contrato-de-trabajo-1.png\" \/>\n\t<meta property=\"og:image:width\" content=\"2048\" \/>\n\t<meta property=\"og:image:height\" content=\"856\" \/>\n\t<meta property=\"og:image:type\" content=\"image\/png\" \/>\n<meta name=\"author\" content=\"Graciela Fernandez\" \/>\n<meta name=\"twitter:card\" content=\"summary_large_image\" \/>\n<meta name=\"twitter:creator\" content=\"@runahr\" \/>\n<meta name=\"twitter:site\" content=\"@runahr\" \/>\n<meta name=\"twitter:label1\" content=\"Escrito por\" \/>\n\t<meta name=\"twitter:data1\" content=\"Graciela Fernandez\" \/>\n\t<meta name=\"twitter:label2\" content=\"Tiempo de lectura\" \/>\n\t<meta name=\"twitter:data2\" content=\"8 minutos\" \/>\n<!-- \/ Yoast SEO Premium plugin. -->","yoast_head_json":{"title":"Contrato de trabajo: \u00bfQu\u00e9 es? \u00bfCu\u00e1les son los tipos que existen? | AR | Runa HR","description":"Contrato de trabajo, un \u201cescudo legal\u201d. Descubr\u00ed qu\u00e9 es, su marco legal, tipos y c\u00f3mo RRHH asegura derechos y relaciones laborales claras.","robots":{"index":"index","follow":"follow","max-snippet":"max-snippet:-1","max-image-preview":"max-image-preview:large","max-video-preview":"max-video-preview:-1"},"canonical":"https:\/\/runahr.com\/ar\/recursos\/recursos-humanos\/contrato-de-trabajo\/","og_locale":"es_ES","og_type":"article","og_title":"Contrato de trabajo: \u00bfQu\u00e9 es? \u00bfCu\u00e1les son los tipos que existen? | AR | Runa HR","og_description":"Contrato de trabajo, un \u201cescudo legal\u201d. Descubr\u00ed qu\u00e9 es, su marco legal, tipos y c\u00f3mo RRHH asegura derechos y relaciones laborales claras.","og_url":"https:\/\/runahr.com\/ar\/recursos\/recursos-humanos\/contrato-de-trabajo\/","og_site_name":"Runa HR","article_publisher":"https:\/\/www.facebook.com\/runahr\/","article_published_time":"2025-06-27T13:40:13+00:00","article_modified_time":"2026-04-16T19:36:22+00:00","og_image":[{"width":2048,"height":856,"url":"https:\/\/runahr.com\/wp-content\/uploads\/2025\/07\/Contrato-de-trabajo-1.png","type":"image\/png"}],"author":"Graciela Fernandez","twitter_card":"summary_large_image","twitter_creator":"@runahr","twitter_site":"@runahr","twitter_misc":{"Escrito por":"Graciela Fernandez","Tiempo de lectura":"8 minutos"},"schema":{"@context":"https:\/\/schema.org","@graph":[{"@type":"Article","@id":"https:\/\/runahr.com\/ar\/recursos\/recursos-humanos\/contrato-de-trabajo\/#article","isPartOf":{"@id":"https:\/\/runahr.com\/ar\/recursos\/recursos-humanos\/contrato-de-trabajo\/"},"author":{"name":"Graciela Fernandez","@id":"https:\/\/runahr.com\/ar\/#\/schema\/person\/b930e31522d3bb414d8a6b4ac22ec528"},"headline":"Contrato de trabajo: \u00bfQu\u00e9 es? \u00bfCu\u00e1les son los tipos que existen?","datePublished":"2025-06-27T13:40:13+00:00","dateModified":"2026-04-16T19:36:22+00:00","mainEntityOfPage":{"@id":"https:\/\/runahr.com\/ar\/recursos\/recursos-humanos\/contrato-de-trabajo\/"},"wordCount":1651,"publisher":{"@id":"https:\/\/runahr.com\/ar\/#organization"},"image":{"@id":"https:\/\/runahr.com\/ar\/recursos\/recursos-humanos\/contrato-de-trabajo\/#primaryimage"},"thumbnailUrl":"https:\/\/runahr.com\/wp-content\/uploads\/2025\/07\/Contrato-de-trabajo-1.png","keywords":["Art\u00edculo","Recursos humanos"],"articleSection":["Recursos","Recursos humanos"],"inLanguage":"es-AR"},{"@type":"WebPage","@id":"https:\/\/runahr.com\/ar\/recursos\/recursos-humanos\/contrato-de-trabajo\/","url":"https:\/\/runahr.com\/ar\/recursos\/recursos-humanos\/contrato-de-trabajo\/","name":"Contrato de trabajo: \u00bfQu\u00e9 es? \u00bfCu\u00e1les son los tipos que existen? | AR | Runa HR","isPartOf":{"@id":"https:\/\/runahr.com\/ar\/#website"},"primaryImageOfPage":{"@id":"https:\/\/runahr.com\/ar\/recursos\/recursos-humanos\/contrato-de-trabajo\/#primaryimage"},"image":{"@id":"https:\/\/runahr.com\/ar\/recursos\/recursos-humanos\/contrato-de-trabajo\/#primaryimage"},"thumbnailUrl":"https:\/\/runahr.com\/wp-content\/uploads\/2025\/07\/Contrato-de-trabajo-1.png","datePublished":"2025-06-27T13:40:13+00:00","dateModified":"2026-04-16T19:36:22+00:00","description":"Contrato de trabajo, un \u201cescudo legal\u201d. Descubr\u00ed qu\u00e9 es, su marco legal, tipos y c\u00f3mo RRHH asegura derechos y relaciones laborales claras.","breadcrumb":{"@id":"https:\/\/runahr.com\/ar\/recursos\/recursos-humanos\/contrato-de-trabajo\/#breadcrumb"},"inLanguage":"es-AR","potentialAction":[{"@type":"ReadAction","target":["https:\/\/runahr.com\/ar\/recursos\/recursos-humanos\/contrato-de-trabajo\/"]}]},{"@type":"ImageObject","inLanguage":"es-AR","@id":"https:\/\/runahr.com\/ar\/recursos\/recursos-humanos\/contrato-de-trabajo\/#primaryimage","url":"https:\/\/runahr.com\/wp-content\/uploads\/2025\/07\/Contrato-de-trabajo-1.png","contentUrl":"https:\/\/runahr.com\/wp-content\/uploads\/2025\/07\/Contrato-de-trabajo-1.png","width":2048,"height":856,"caption":"contrato de trabajo"},{"@type":"BreadcrumbList","@id":"https:\/\/runahr.com\/ar\/recursos\/recursos-humanos\/contrato-de-trabajo\/#breadcrumb","itemListElement":[{"@type":"ListItem","position":1,"name":"Home","item":"https:\/\/runahr.com\/ar\/"},{"@type":"ListItem","position":2,"name":"Recursos","item":"https:\/\/runahr.com\/ar\/category\/recursos\/"},{"@type":"ListItem","position":3,"name":"Recursos humanos","item":"https:\/\/runahr.com\/ar\/category\/recursos\/recursos-humanos\/"},{"@type":"ListItem","position":4,"name":"Contrato de trabajo: \u00bfQu\u00e9 es? \u00bfCu\u00e1les son los tipos que existen?"}]},{"@type":"WebSite","@id":"https:\/\/runahr.com\/ar\/#website","url":"https:\/\/runahr.com\/ar\/","name":"Runa HR","description":"Software de N\u00f3mina y Gesti\u00f3n de RRHH","publisher":{"@id":"https:\/\/runahr.com\/ar\/#organization"},"potentialAction":[{"@type":"SearchAction","target":{"@type":"EntryPoint","urlTemplate":"https:\/\/runahr.com\/ar\/?s={search_term_string}"},"query-input":{"@type":"PropertyValueSpecification","valueRequired":true,"valueName":"search_term_string"}}],"inLanguage":"es-AR"},{"@type":"Organization","@id":"https:\/\/runahr.com\/ar\/#organization","name":"Runa HR","url":"https:\/\/runahr.com\/ar\/","logo":{"@type":"ImageObject","inLanguage":"es-AR","@id":"https:\/\/runahr.com\/ar\/#\/schema\/logo\/image\/","url":"https:\/\/runahr.com\/wp-content\/uploads\/2018\/05\/xDzHFcQY_400x400.jpg","contentUrl":"https:\/\/runahr.com\/wp-content\/uploads\/2018\/05\/xDzHFcQY_400x400.jpg","width":400,"height":400,"caption":"Runa HR"},"image":{"@id":"https:\/\/runahr.com\/ar\/#\/schema\/logo\/image\/"},"sameAs":["https:\/\/www.facebook.com\/runahr\/","https:\/\/x.com\/runahr","https:\/\/www.instagram.com\/runahr\/","https:\/\/mx.linkedin.com\/company\/runahr","https:\/\/www.youtube.com\/channel\/UCAZ21FupFMLIb1c7PPaU6Ew"]},{"@type":"Person","@id":"https:\/\/runahr.com\/ar\/#\/schema\/person\/b930e31522d3bb414d8a6b4ac22ec528","name":"Graciela Fernandez","image":{"@type":"ImageObject","inLanguage":"es-AR","@id":"https:\/\/secure.gravatar.com\/avatar\/12e3348401dbaa5808fe094b85f98811e3dac644136ec1b3f605d9f962947875?s=96&d=mm&r=g","url":"https:\/\/secure.gravatar.com\/avatar\/12e3348401dbaa5808fe094b85f98811e3dac644136ec1b3f605d9f962947875?s=96&d=mm&r=g","contentUrl":"https:\/\/secure.gravatar.com\/avatar\/12e3348401dbaa5808fe094b85f98811e3dac644136ec1b3f605d9f962947875?s=96&d=mm&r=g","caption":"Graciela Fernandez"},"url":"https:\/\/runahr.com\/ar\/author\/graciela_fernandez\/"}]}},"_links":{"self":[{"href":"https:\/\/runahr.com\/ar\/wp-json\/wp\/v2\/posts\/1010006","targetHints":{"allow":["GET"]}}],"collection":[{"href":"https:\/\/runahr.com\/ar\/wp-json\/wp\/v2\/posts"}],"about":[{"href":"https:\/\/runahr.com\/ar\/wp-json\/wp\/v2\/types\/post"}],"author":[{"embeddable":true,"href":"https:\/\/runahr.com\/ar\/wp-json\/wp\/v2\/users\/99"}],"replies":[{"embeddable":true,"href":"https:\/\/runahr.com\/ar\/wp-json\/wp\/v2\/comments?post=1010006"}],"version-history":[{"count":3,"href":"https:\/\/runahr.com\/ar\/wp-json\/wp\/v2\/posts\/1010006\/revisions"}],"predecessor-version":[{"id":1113176,"href":"https:\/\/runahr.com\/ar\/wp-json\/wp\/v2\/posts\/1010006\/revisions\/1113176"}],"wp:featuredmedia":[{"embeddable":true,"href":"https:\/\/runahr.com\/ar\/wp-json\/wp\/v2\/media\/1010007"}],"wp:attachment":[{"href":"https:\/\/runahr.com\/ar\/wp-json\/wp\/v2\/media?parent=1010006"}],"wp:term":[{"taxonomy":"category","embeddable":true,"href":"https:\/\/runahr.com\/ar\/wp-json\/wp\/v2\/categories?post=1010006"},{"taxonomy":"post_tag","embeddable":true,"href":"https:\/\/runahr.com\/ar\/wp-json\/wp\/v2\/tags?post=1010006"}],"curies":[{"name":"wp","href":"https:\/\/api.w.org\/{rel}","templated":true}]}}