{"id":1010119,"date":"2025-05-31T08:01:20","date_gmt":"2025-05-31T14:01:20","guid":{"rendered":"https:\/\/runahr.com\/sin-categorizar\/desempeno\/"},"modified":"2025-12-31T07:45:36","modified_gmt":"2025-12-31T13:45:36","slug":"desempeno","status":"publish","type":"post","link":"https:\/\/runahr.com\/ar\/recursos\/recursos-humanos\/desempeno\/","title":{"rendered":"Desempe\u00f1o: \u00bfQu\u00e9 es? \u00bfC\u00f3mo se eval\u00faa?"},"content":{"rendered":"<p><span>Hablar de desempe\u00f1o en la Argentina de hoy es como tomarle el pulso a la empresa: si late con fuerza, el negocio respira; si se vuelve irregular, prende la alarma. Con precios que cambian de un d\u00eda para otro y equipos que deben reinventarse sobre la marcha, medir el aporte real de cada persona dej\u00f3 de ser un tr\u00e1mite para auditor\u00edas y pas\u00f3 a ser la br\u00fajula que orienta d\u00f3nde invertir, a qui\u00e9n promover y qu\u00e9 habilidades entrenar.<\/span><\/p>\n<p><span>Detr\u00e1s de cada KPI hay historias: la del ejecutivo comercial que consigui\u00f3 una cuenta contra todo pron\u00f3stico, la del analista que achic\u00f3 tiempos con un atajo en el sistema o la del operario que detect\u00f3 un fallo antes de que el lote saliera a la calle. Evaluar desempe\u00f1o, entonces, es reunir esas historias, traducirlas en datos y, sobre todo, usarlas para que el talento crezca junto con el negocio. Las p\u00e1ginas que siguen buscan justamente eso: bajar a tierra el concepto, desnudar los factores que lo impulsan y ofrecer un m\u00e9todo pr\u00e1ctico para medir sin perder de vista el costado humano.<\/span><\/p>\n<h2><b>\u00bfQu\u00e9 es el desempe\u00f1o?<\/b><\/h2>\n<p><span>Preguntar qu\u00e9 es desempe\u00f1o parece sencillo, pero la respuesta excede la lista de tareas cumplidas. El t\u00e9rmino engloba la calidad, la eficiencia y el compromiso con que cada persona contribuye a los objetivos organizacionales. En la cultura local \u2014donde la iniciativa personal y la capacidad de adaptaci\u00f3n se valoran tanto como los resultados num\u00e9ricos\u2014 el desempe\u00f1o laboral se eval\u00faa considerando tanto m\u00e9tricas objetivas como competencias blandas: trabajo en equipo, innovaci\u00f3n, comunicaci\u00f3n y actitud frente al cambio.<\/span><\/p>\n<p><span>En s\u00edntesis, el desempe\u00f1o combina c\u00f3mo se hacen las cosas y qu\u00e9 impacto real generan en la cuenta de resultados o en la experiencia del cliente.<\/span><\/p>\n<h2><b>\u00bfPara qu\u00e9 sirve el desempe\u00f1o?<\/b><\/h2>\n<p><span>Antes de desplegar herramientas y formularios, conviene recordar por qu\u00e9 existe la evaluaci\u00f3n de desempe\u00f1o laboral. Su finalidad no es llenar un archivo de recursos humanos, sino impulsar el desarrollo profesional, direccionar la inversi\u00f3n en formaci\u00f3n y fundamentar decisiones de carrera.<\/span><\/p>\n<ul>\n<li style=\"font-weight: 400;\" aria-level=\"1\"><span>Medir avance frente a metas SMART y detectar desv\u00edos temprano.<\/span><\/li>\n<li style=\"font-weight: 400;\" aria-level=\"1\"><span>Reconocer logros de manera tangible y oportuna.<\/span><\/li>\n<li style=\"font-weight: 400;\" aria-level=\"1\"><span>Identificar \u00e1reas de mejora y dise\u00f1ar planes de capacitaci\u00f3n focalizados.<\/span><\/li>\n<li style=\"font-weight: 400;\" aria-level=\"1\"><span>Justificar promociones y revisiones salariales con criterios transparentes.<\/span><\/li>\n<li style=\"font-weight: 400;\" aria-level=\"1\"><span>Fortalecer la productividad colectiva al alinear esfuerzos individuales con la estrategia de negocio.<\/span><\/li>\n<\/ul>\n<h2><b>\u00bfCu\u00e1les factores influyen en el desempe\u00f1o?\u00a0<\/b><\/h2>\n<p><span>La performance no surge en el vac\u00edo: depende de una combinaci\u00f3n de variables personales y organizacionales. Comprenderlas evita confundir s\u00edntomas con causas y habilita intervenciones de alto impacto.<\/span><\/p>\n<h4><b>Variables individuales<\/b><\/h4>\n<p><span>Antes de listar, aclaremos que la interacci\u00f3n entre estos elementos define la energ\u00eda \u2014o la falta de ella\u2014 con que cada persona encara sus tareas.<\/span><\/p>\n<ul>\n<li style=\"font-weight: 400;\" aria-level=\"1\"><span>Habilidades t\u00e9cnicas y blandas consolidadas.<\/span><\/li>\n<li style=\"font-weight: 400;\" aria-level=\"1\"><span>Experiencia previa relevante.<\/span><\/li>\n<li style=\"font-weight: 400;\" aria-level=\"1\"><span>Motivaci\u00f3n intr\u00ednseca y extr\u00ednseca.<\/span><\/li>\n<li style=\"font-weight: 400;\" aria-level=\"1\"><span>Actitud proactiva y resiliencia.<\/span><\/li>\n<li style=\"font-weight: 400;\" aria-level=\"1\"><span>Bienestar f\u00edsico y mental.<\/span><\/li>\n<\/ul>\n<h4><b>Variables organizacionales<\/b><\/h4>\n<p><span>Sin un entorno que facilite el desempe\u00f1o, la motivaci\u00f3n individual se erosiona r\u00e1pidamente.<\/span><\/p>\n<ul>\n<li style=\"font-weight: 400;\" aria-level=\"1\"><span>Cultura que valora la excelencia y el feedback.<\/span><\/li>\n<li style=\"font-weight: 400;\" aria-level=\"1\"><span>Estilo de liderazgo basado en el apoyo m\u00e1s que en el control.<\/span><\/li>\n<li style=\"font-weight: 400;\" aria-level=\"1\"><span>Recursos tecnol\u00f3gicos y presupuestarios adecuados.<\/span><\/li>\n<li style=\"font-weight: 400;\" aria-level=\"1\"><span>Condiciones de trabajo seguras y flexibles.<\/span><\/li>\n<li style=\"font-weight: 400;\" aria-level=\"1\"><span>Sistema de recompensas coherente con los objetivos.<\/span><\/li>\n<\/ul>\n<h2><b>\u00bfQu\u00e9 tipos de desempe\u00f1o existen?\u00a0<\/b><\/h2>\n<p><span>Para administrar la performance con justicia, conviene distinguir entre diferentes categor\u00edas. De lo contrario, se corre el riesgo de medir con la misma vara realidades muy distintas.<\/span><\/p>\n<h4><b>Desempe\u00f1o individual vs. grupal<\/b><\/h4>\n<p><span>Primero se eval\u00faa la contribuci\u00f3n personal; luego, la sinergia del equipo. Esa doble mirada evita premiar superestrellas que sabotean la colaboraci\u00f3n o penalizar a equipos que dependen de recursos fuera de su control.<\/span><\/p>\n<h4><b>Horizonte temporal<\/b><\/h4>\n<ul>\n<li style=\"font-weight: 400;\" aria-level=\"1\"><b>Corto plazo:<\/b><span> Eficiencia t\u00e1ctica y cumplimiento de KPIs inmediatos.<\/span><\/li>\n<li style=\"font-weight: 400;\" aria-level=\"1\"><b>Mediano plazo: <\/b><span>Avance de proyectos y desarrollo de competencias.<\/span><\/li>\n<li style=\"font-weight: 400;\" aria-level=\"1\"><b>Largo plazo:<\/b><span> Impacto estrat\u00e9gico y aporte a la sostenibilidad del negocio.<\/span><\/li>\n<\/ul>\n<h4><b>Naturaleza de la tarea<\/b><\/h4>\n<ul>\n<li style=\"font-weight: 400;\" aria-level=\"1\"><b>Rutinarias:<\/b><span> Se mide precisi\u00f3n y volumen.<\/span><\/li>\n<li style=\"font-weight: 400;\" aria-level=\"1\"><b>Creativas:<\/b><span> Se valora la originalidad y la capacidad de resolver problemas ambiguos.<\/span><\/li>\n<\/ul>\n<h4><b>\u00c1reas funcionales<\/b><\/h4>\n<p><span>Cada departamento \u2014ventas, marketing, operaciones, finanzas, RR.\u202fHH.\u2014 posee m\u00e9tricas y competencias propias, por lo que las evaluaciones deben contemplar esos matices para ser percibidas como justas.<\/span><\/p>\n<h2><b>\u00bfEn qu\u00e9 consiste el desempe\u00f1o laboral?<\/b><\/h2>\n<p><span>El desempe\u00f1o laboral re\u00fane las conductas y los resultados que una persona muestra en su puesto. No se trata solo de \u201chacer la tarea\u201d, sino de cu\u00e1nto y c\u00f3mo se contribuye a las metas. En lo cuantitativo pesa el volumen de trabajo, la productividad y el cumplimiento de objetivos num\u00e9ricos; en lo cualitativo, la calidad, la eficiencia en los recursos, la creatividad para resolver problemas y la adaptaci\u00f3n al cambio. As\u00ed, en la Argentina actual, gana terreno el aporte de valor agregado y la propuesta de mejoras continuas.<\/span><\/p>\n<h2><b>\u00bfPor qu\u00e9 es importante el desempe\u00f1o laboral?<\/b><\/h2>\n<p><span>La respuesta corta: porque conecta los intereses de empleados y de la empresa. Un alto nivel de desempe\u00f1o impulsa la rentabilidad, la satisfacci\u00f3n del cliente y el clima interno, mientras que brinda a la persona oportunidades de carrera, reconocimiento y sentido de realizaci\u00f3n.<\/span><\/p>\n<p><span>En un mercado donde la rotaci\u00f3n no deseada cuesta entre 30 % y 50 % del salario anual de cada posici\u00f3n, invertir en performance es, sobre todo, una decisi\u00f3n financiera inteligente.<\/span><\/p>\n<h2><b>\u00bfQu\u00e9 es la evaluaci\u00f3n de desempe\u00f1o?\u00a0<\/b><\/h2>\n<p><span>Para que la herramienta sea cre\u00edble, el recorrido debe ser claro y reproducible. Antes de detallar cada fase, conviene recordar que un proceso bien dise\u00f1ado genera confianza, reduce sesgos y facilita la toma de decisiones basadas en datos.<\/span><\/p>\n<ol>\n<li style=\"font-weight: 400;\" aria-level=\"1\"><span>Definici\u00f3n de objetivos vinculados a la estrategia, con indicadores medibles.<\/span><\/li>\n<li style=\"font-weight: 400;\" aria-level=\"1\"><b>Selecci\u00f3n de m\u00e9todo: <\/b><span>Escalas num\u00e9ricas, retroalimentaci\u00f3n 360\u00b0, evaluaci\u00f3n por objetivos, etc.<\/span><\/li>\n<li style=\"font-weight: 400;\" aria-level=\"1\"><span>Recopilaci\u00f3n de datos durante el per\u00edodo (dashboards, CRM, observaci\u00f3n directa).<\/span><\/li>\n<li style=\"font-weight: 400;\" aria-level=\"1\"><span>An\u00e1lisis y calibraci\u00f3n para evitar sesgos y comparar resultados entre \u00e1reas.<\/span><\/li>\n<li style=\"font-weight: 400;\" aria-level=\"1\"><span>Entrevista de feedback que combine reconocimiento y plan de mejora.<\/span><\/li>\n<li style=\"font-weight: 400;\" aria-level=\"1\"><span>Finalmente, un plan de desarrollo con acciones concretas, fechas y responsables.<\/span><\/li>\n<\/ol>\n<h2><b>\u00bfC\u00f3mo se realiza la evaluaci\u00f3n de desempe\u00f1o laboral?<\/b><\/h2>\n<p><span>La evaluaci\u00f3n de desempe\u00f1o suele organizarse en un ciclo breve y claro. Primero, se fijan metas concretas y criterios de \u00e9xito; luego se elige el m\u00e9todo m\u00e1s \u00fatil \u2014escalas num\u00e9ricas o descriptivas, retroalimentaci\u00f3n 360\u00b0, comparaci\u00f3n con objetivos SMART o una entrevista estructurada\u2014 y se re\u00fane la evidencia. Con los datos en la mano, se analizan resultados y se conversa con la persona evaluada para acordar un plan de desarrollo. En Argentina, este di\u00e1logo suele darse entre el empleado y su supervisor, como ocurre en la administraci\u00f3n p\u00fablica con manuales oficiales o entre los residentes del Hospital Italiano mediante la modalidad 360\u00b0.<\/span><\/p>\n<h2><b>\u00bfQu\u00e9 indicadores se ocupan para la evaluaci\u00f3n de desempe\u00f1o laboral?<\/b><\/h2>\n<p><span>No existe un set universal; cada rol define sus m\u00e9tricas cr\u00edticas. Aun as\u00ed, se recomienda equilibrar resultados y competencias para obtener una visi\u00f3n 360\u00b0.<\/span><\/p>\n<ul>\n<li style=\"font-weight: 400;\" aria-level=\"1\"><b>Cuantitativos<\/b><span>: Productividad, eficiencia, cumplimiento de ventas, tasa de errores.<\/span><\/li>\n<li style=\"font-weight: 400;\" aria-level=\"1\"><b>Cualitativos<\/b><span>: Calidad de entrega, liderazgo, trabajo en equipo, iniciativa y alineaci\u00f3n cultural.<\/span><\/li>\n<\/ul>\n<h2><b>\u00bfC\u00f3mo el desempe\u00f1o modifica el ambiente laboral?\u00a0<\/b><\/h2>\n<p><span>El desempe\u00f1o no solo se refleja en gr\u00e1ficos de productividad: moldea el clima emocional y la cultura cotidiana. Cuando los indicadores muestran un rendimiento alto y parejo, la confianza colectiva se fortalece, los equipos comparten informaci\u00f3n sin reservas y los proyectos fluyen con menos fricci\u00f3n. Esa atm\u00f3sfera, a su vez, amplifica la motivaci\u00f3n intr\u00ednseca y alimenta un c\u00edrculo virtuoso donde la retroalimentaci\u00f3n positiva se vuelve moneda corriente.<\/span><\/p>\n<p><span>Por el contrario, cuando el desempe\u00f1o se estanca o cae de manera sostenida, la energ\u00eda del grupo se desplaza hacia la defensa: surgen el miedo al error, la culpa mutua y los silos de informaci\u00f3n. Este clima tenso incrementa el ausentismo, acelera la rotaci\u00f3n y se traduce en costos ocultos que rara vez figuran en los balances. En culturas de proximidad como la argentina, el efecto contagio es inmediato: basta que una jefatura tolere la mediocridad o la mala actitud para que la moral colectiva se desplome y la reputaci\u00f3n interna se vea comprometida.<\/span><\/p>\n<h2><b>\u00bfCu\u00e1l es el papel de los recursos humanos frente al desempe\u00f1o?\u00a0<\/b><\/h2>\n<p><span>Esta \u00e1rea ya no se limita a procesar legajos ni a corregir liquidaciones: hoy debe leer las se\u00f1ales de un mercado cambiante, anticipar brechas de habilidades y dise\u00f1ar experiencias que fidelicen al talento. En materia de evaluaci\u00f3n de desempe\u00f1o laboral, su papel combina la ingenier\u00eda de procesos con la empat\u00eda necesaria para que cada colaborador se sienta visto y valorado. RR.\u202fHH. funciona, as\u00ed, como el arquitecto del sistema y el garante del viaje del empleado, asegurando que la medici\u00f3n sea percibida como un aliado de la carrera y no como un tr\u00e1mite punitivo.<\/span><\/p>\n<ul>\n<li style=\"font-weight: 400;\" aria-level=\"1\"><b>Primero, Dise\u00f1ar y actualizar el modelo de evaluaci\u00f3n:<\/b><span> Seleccionar m\u00e9todos (OKR, 360\u00b0, calibraci\u00f3n por comit\u00e9) y revisarlos al menos una vez al a\u00f1o.<\/span><\/li>\n<li style=\"font-weight: 400;\" aria-level=\"1\"><b>Capacitar a l\u00edderes y equipos en feedback efectivo:<\/b><span> Workshops pr\u00e1cticos, role\u2011plays y gu\u00edas de conversaci\u00f3n para transformar la cr\u00edtica en oportunidad de aprendizaje.<\/span><\/li>\n<li style=\"font-weight: 400;\" aria-level=\"1\"><b>Orquestar planes de desarrollo y mentor\u00eda:<\/b><span> Asignar referentes internos, estipular metas de aprendizaje y hacer seguimiento trimestral.<\/span><\/li>\n<li style=\"font-weight: 400;\" aria-level=\"1\"><b>Adem\u00e1s, monitorear indicadores de clima, rotaci\u00f3n y brechas de g\u00e9nero:<\/b><span> Cruzar datos de desempe\u00f1o con m\u00e9tricas de people analytics para detectar sesgos y ajustar pol\u00edticas.<\/span><\/li>\n<li style=\"font-weight: 400;\" aria-level=\"1\"><b>Vincular resultados a compensaciones y carrera con transparencia:<\/b><span> Publicar criterios, comunicar las escalas y asegurar coherencia entre desempe\u00f1o y recompensas.<\/span><\/li>\n<li style=\"font-weight: 400;\" aria-level=\"1\"><b>Facilitar tecnolog\u00eda de soporte:<\/b><span> Implementar plataformas que integren objetivos, feedback en tiempo real y anal\u00edtica predictiva.<\/span><\/li>\n<li style=\"font-weight: 400;\" aria-level=\"1\"><b>Finalmente, Fomentar una cultura de mejora continua:<\/b><span> Celebrar logros, visibilizar buenas pr\u00e1cticas y reforzar la idea de que equivocarse forma parte del crecimiento.<\/span><\/li>\n<\/ul>\n<p><span>Gestionar el desempe\u00f1o laboral va mucho m\u00e1s all\u00e1 de un checklist anual. En este sentido, esto supone desplegar un sistema vivo que conecta expectativas claras, medici\u00f3n continua y feedback honesto. Cuando esa tr\u00edada se consolida, la evaluaci\u00f3n de desempe\u00f1o deja de ser un tr\u00e1mite temido y se convierte en un motor de aprendizaje.<\/span><\/p>\n<p><span>En la Argentina actual \u2014marcada por la necesidad de innovar y retener talento\u2014 las compa\u00f1\u00edas que dominen el arte de medir, reconocer y desarrollar la performance estar\u00e1n mejor posicionadas para sostener su ventaja competitiva y contribuir a la carrera profesional de quienes les dan vida d\u00eda a d\u00eda.<\/span><\/p>\n","protected":false},"excerpt":{"rendered":"<p>Hablar de desempe\u00f1o en la Argentina de hoy es como tomarle el pulso a la empresa: si late con fuerza, el negocio respira; si se vuelve irregular, prende la alarma. Con precios que cambian de un d\u00eda para otro y equipos que deben reinventarse sobre la marcha, medir el aporte real de cada persona dej\u00f3 [&hellip;]<\/p>\n","protected":false},"author":99,"featured_media":1010121,"comment_status":"closed","ping_status":"closed","sticky":false,"template":"","format":"standard","meta":{"_acf_changed":false,"_wp_applaud_exclude":false,"footnotes":""},"categories":[2029,2030],"tags":[2165,2033],"class_list":["post-1010119","post","type-post","status-publish","format-standard","has-post-thumbnail","hentry","category-recursos","category-recursos-humanos","tag-articulo","tag-recursos-humanos-3-ar"],"acf":[],"yoast_head":"<!-- This site is optimized with the Yoast SEO Premium plugin v26.1 (Yoast SEO v27.4) - https:\/\/yoast.com\/product\/yoast-seo-premium-wordpress\/ -->\n<title>Desempe\u00f1o: \u00bfQu\u00e9 es? \u00bfC\u00f3mo se eval\u00faa? | AR | Runa HR<\/title>\n<meta name=\"description\" content=\"Descubr\u00ed qu\u00e9 es el desempe\u00f1o laboral, su importancia, factores influyentes, tipos, evaluaci\u00f3n e impacto. Gu\u00eda para empleados y empleadores.\" \/>\n<meta name=\"robots\" content=\"index, follow, max-snippet:-1, max-image-preview:large, max-video-preview:-1\" \/>\n<link rel=\"canonical\" href=\"https:\/\/runahr.com\/ar\/recursos\/recursos-humanos\/desempeno\/\" \/>\n<meta property=\"og:locale\" content=\"es_ES\" \/>\n<meta property=\"og:type\" content=\"article\" \/>\n<meta property=\"og:title\" content=\"Desempe\u00f1o: \u00bfQu\u00e9 es? \u00bfC\u00f3mo se eval\u00faa? | AR | Runa HR\" \/>\n<meta property=\"og:description\" content=\"Descubr\u00ed qu\u00e9 es el desempe\u00f1o laboral, su importancia, factores influyentes, tipos, evaluaci\u00f3n e impacto. Gu\u00eda para empleados y empleadores.\" \/>\n<meta property=\"og:url\" content=\"https:\/\/runahr.com\/ar\/recursos\/recursos-humanos\/desempeno\/\" \/>\n<meta property=\"og:site_name\" content=\"Runa HR\" \/>\n<meta property=\"article:publisher\" content=\"https:\/\/www.facebook.com\/runahr\/\" \/>\n<meta property=\"article:published_time\" content=\"2025-05-31T14:01:20+00:00\" \/>\n<meta property=\"article:modified_time\" content=\"2025-12-31T13:45:36+00:00\" \/>\n<meta property=\"og:image\" content=\"https:\/\/runahr.com\/wp-content\/uploads\/2025\/07\/Desempeno.png\" \/>\n\t<meta property=\"og:image:width\" content=\"2048\" \/>\n\t<meta property=\"og:image:height\" content=\"856\" \/>\n\t<meta property=\"og:image:type\" content=\"image\/png\" \/>\n<meta name=\"author\" content=\"Graciela Fernandez\" \/>\n<meta name=\"twitter:card\" content=\"summary_large_image\" \/>\n<meta name=\"twitter:creator\" content=\"@runahr\" \/>\n<meta name=\"twitter:site\" content=\"@runahr\" \/>\n<meta name=\"twitter:label1\" content=\"Escrito por\" \/>\n\t<meta name=\"twitter:data1\" content=\"Graciela Fernandez\" \/>\n\t<meta name=\"twitter:label2\" content=\"Tiempo de lectura\" \/>\n\t<meta name=\"twitter:data2\" content=\"8 minutos\" \/>\n<!-- \/ Yoast SEO Premium plugin. -->","yoast_head_json":{"title":"Desempe\u00f1o: \u00bfQu\u00e9 es? \u00bfC\u00f3mo se eval\u00faa? | AR | Runa HR","description":"Descubr\u00ed qu\u00e9 es el desempe\u00f1o laboral, su importancia, factores influyentes, tipos, evaluaci\u00f3n e impacto. Gu\u00eda para empleados y empleadores.","robots":{"index":"index","follow":"follow","max-snippet":"max-snippet:-1","max-image-preview":"max-image-preview:large","max-video-preview":"max-video-preview:-1"},"canonical":"https:\/\/runahr.com\/ar\/recursos\/recursos-humanos\/desempeno\/","og_locale":"es_ES","og_type":"article","og_title":"Desempe\u00f1o: \u00bfQu\u00e9 es? \u00bfC\u00f3mo se eval\u00faa? | AR | Runa HR","og_description":"Descubr\u00ed qu\u00e9 es el desempe\u00f1o laboral, su importancia, factores influyentes, tipos, evaluaci\u00f3n e impacto. Gu\u00eda para empleados y empleadores.","og_url":"https:\/\/runahr.com\/ar\/recursos\/recursos-humanos\/desempeno\/","og_site_name":"Runa HR","article_publisher":"https:\/\/www.facebook.com\/runahr\/","article_published_time":"2025-05-31T14:01:20+00:00","article_modified_time":"2025-12-31T13:45:36+00:00","og_image":[{"width":2048,"height":856,"url":"https:\/\/runahr.com\/wp-content\/uploads\/2025\/07\/Desempeno.png","type":"image\/png"}],"author":"Graciela Fernandez","twitter_card":"summary_large_image","twitter_creator":"@runahr","twitter_site":"@runahr","twitter_misc":{"Escrito por":"Graciela Fernandez","Tiempo de lectura":"8 minutos"},"schema":{"@context":"https:\/\/schema.org","@graph":[{"@type":"Article","@id":"https:\/\/runahr.com\/ar\/recursos\/recursos-humanos\/desempeno\/#article","isPartOf":{"@id":"https:\/\/runahr.com\/ar\/recursos\/recursos-humanos\/desempeno\/"},"author":{"name":"Graciela Fernandez","@id":"https:\/\/runahr.com\/ar\/#\/schema\/person\/b930e31522d3bb414d8a6b4ac22ec528"},"headline":"Desempe\u00f1o: \u00bfQu\u00e9 es? \u00bfC\u00f3mo se eval\u00faa?","datePublished":"2025-05-31T14:01:20+00:00","dateModified":"2025-12-31T13:45:36+00:00","mainEntityOfPage":{"@id":"https:\/\/runahr.com\/ar\/recursos\/recursos-humanos\/desempeno\/"},"wordCount":1800,"publisher":{"@id":"https:\/\/runahr.com\/ar\/#organization"},"image":{"@id":"https:\/\/runahr.com\/ar\/recursos\/recursos-humanos\/desempeno\/#primaryimage"},"thumbnailUrl":"https:\/\/runahr.com\/wp-content\/uploads\/2025\/07\/Desempeno.png","keywords":["Art\u00edculo","Recursos humanos"],"articleSection":["Recursos","Recursos humanos"],"inLanguage":"es-AR"},{"@type":"WebPage","@id":"https:\/\/runahr.com\/ar\/recursos\/recursos-humanos\/desempeno\/","url":"https:\/\/runahr.com\/ar\/recursos\/recursos-humanos\/desempeno\/","name":"Desempe\u00f1o: \u00bfQu\u00e9 es? \u00bfC\u00f3mo se eval\u00faa? | AR | Runa HR","isPartOf":{"@id":"https:\/\/runahr.com\/ar\/#website"},"primaryImageOfPage":{"@id":"https:\/\/runahr.com\/ar\/recursos\/recursos-humanos\/desempeno\/#primaryimage"},"image":{"@id":"https:\/\/runahr.com\/ar\/recursos\/recursos-humanos\/desempeno\/#primaryimage"},"thumbnailUrl":"https:\/\/runahr.com\/wp-content\/uploads\/2025\/07\/Desempeno.png","datePublished":"2025-05-31T14:01:20+00:00","dateModified":"2025-12-31T13:45:36+00:00","description":"Descubr\u00ed qu\u00e9 es el desempe\u00f1o laboral, su importancia, factores influyentes, tipos, evaluaci\u00f3n e impacto. Gu\u00eda para empleados y empleadores.","breadcrumb":{"@id":"https:\/\/runahr.com\/ar\/recursos\/recursos-humanos\/desempeno\/#breadcrumb"},"inLanguage":"es-AR","potentialAction":[{"@type":"ReadAction","target":["https:\/\/runahr.com\/ar\/recursos\/recursos-humanos\/desempeno\/"]}]},{"@type":"ImageObject","inLanguage":"es-AR","@id":"https:\/\/runahr.com\/ar\/recursos\/recursos-humanos\/desempeno\/#primaryimage","url":"https:\/\/runahr.com\/wp-content\/uploads\/2025\/07\/Desempeno.png","contentUrl":"https:\/\/runahr.com\/wp-content\/uploads\/2025\/07\/Desempeno.png","width":2048,"height":856,"caption":"desempe\u00f1o"},{"@type":"BreadcrumbList","@id":"https:\/\/runahr.com\/ar\/recursos\/recursos-humanos\/desempeno\/#breadcrumb","itemListElement":[{"@type":"ListItem","position":1,"name":"Home","item":"https:\/\/runahr.com\/ar\/"},{"@type":"ListItem","position":2,"name":"Recursos","item":"https:\/\/runahr.com\/ar\/category\/recursos\/"},{"@type":"ListItem","position":3,"name":"Recursos humanos","item":"https:\/\/runahr.com\/ar\/category\/recursos\/recursos-humanos\/"},{"@type":"ListItem","position":4,"name":"Desempe\u00f1o: \u00bfQu\u00e9 es? \u00bfC\u00f3mo se eval\u00faa?"}]},{"@type":"WebSite","@id":"https:\/\/runahr.com\/ar\/#website","url":"https:\/\/runahr.com\/ar\/","name":"Runa HR","description":"Software de N\u00f3mina y Gesti\u00f3n de RRHH","publisher":{"@id":"https:\/\/runahr.com\/ar\/#organization"},"potentialAction":[{"@type":"SearchAction","target":{"@type":"EntryPoint","urlTemplate":"https:\/\/runahr.com\/ar\/?s={search_term_string}"},"query-input":{"@type":"PropertyValueSpecification","valueRequired":true,"valueName":"search_term_string"}}],"inLanguage":"es-AR"},{"@type":"Organization","@id":"https:\/\/runahr.com\/ar\/#organization","name":"Runa HR","url":"https:\/\/runahr.com\/ar\/","logo":{"@type":"ImageObject","inLanguage":"es-AR","@id":"https:\/\/runahr.com\/ar\/#\/schema\/logo\/image\/","url":"https:\/\/runahr.com\/wp-content\/uploads\/2018\/05\/xDzHFcQY_400x400.jpg","contentUrl":"https:\/\/runahr.com\/wp-content\/uploads\/2018\/05\/xDzHFcQY_400x400.jpg","width":400,"height":400,"caption":"Runa HR"},"image":{"@id":"https:\/\/runahr.com\/ar\/#\/schema\/logo\/image\/"},"sameAs":["https:\/\/www.facebook.com\/runahr\/","https:\/\/x.com\/runahr","https:\/\/www.instagram.com\/runahr\/","https:\/\/mx.linkedin.com\/company\/runahr","https:\/\/www.youtube.com\/channel\/UCAZ21FupFMLIb1c7PPaU6Ew"]},{"@type":"Person","@id":"https:\/\/runahr.com\/ar\/#\/schema\/person\/b930e31522d3bb414d8a6b4ac22ec528","name":"Graciela Fernandez","image":{"@type":"ImageObject","inLanguage":"es-AR","@id":"https:\/\/secure.gravatar.com\/avatar\/12e3348401dbaa5808fe094b85f98811e3dac644136ec1b3f605d9f962947875?s=96&d=mm&r=g","url":"https:\/\/secure.gravatar.com\/avatar\/12e3348401dbaa5808fe094b85f98811e3dac644136ec1b3f605d9f962947875?s=96&d=mm&r=g","contentUrl":"https:\/\/secure.gravatar.com\/avatar\/12e3348401dbaa5808fe094b85f98811e3dac644136ec1b3f605d9f962947875?s=96&d=mm&r=g","caption":"Graciela Fernandez"},"url":"https:\/\/runahr.com\/ar\/author\/graciela_fernandez\/"}]}},"_links":{"self":[{"href":"https:\/\/runahr.com\/ar\/wp-json\/wp\/v2\/posts\/1010119","targetHints":{"allow":["GET"]}}],"collection":[{"href":"https:\/\/runahr.com\/ar\/wp-json\/wp\/v2\/posts"}],"about":[{"href":"https:\/\/runahr.com\/ar\/wp-json\/wp\/v2\/types\/post"}],"author":[{"embeddable":true,"href":"https:\/\/runahr.com\/ar\/wp-json\/wp\/v2\/users\/99"}],"replies":[{"embeddable":true,"href":"https:\/\/runahr.com\/ar\/wp-json\/wp\/v2\/comments?post=1010119"}],"version-history":[{"count":0,"href":"https:\/\/runahr.com\/ar\/wp-json\/wp\/v2\/posts\/1010119\/revisions"}],"wp:featuredmedia":[{"embeddable":true,"href":"https:\/\/runahr.com\/ar\/wp-json\/wp\/v2\/media\/1010121"}],"wp:attachment":[{"href":"https:\/\/runahr.com\/ar\/wp-json\/wp\/v2\/media?parent=1010119"}],"wp:term":[{"taxonomy":"category","embeddable":true,"href":"https:\/\/runahr.com\/ar\/wp-json\/wp\/v2\/categories?post=1010119"},{"taxonomy":"post_tag","embeddable":true,"href":"https:\/\/runahr.com\/ar\/wp-json\/wp\/v2\/tags?post=1010119"}],"curies":[{"name":"wp","href":"https:\/\/api.w.org\/{rel}","templated":true}]}}