{"id":1011229,"date":"2025-08-04T10:15:39","date_gmt":"2025-08-04T16:15:39","guid":{"rendered":"https:\/\/runahr.com\/sin-categorizar\/jornada-laboral\/"},"modified":"2026-02-01T06:15:55","modified_gmt":"2026-02-01T12:15:55","slug":"jornada","status":"publish","type":"post","link":"https:\/\/runahr.com\/ar\/recursos\/recursos-humanos\/jornada\/","title":{"rendered":"Jornada: \u00bfQu\u00e9 es? \u00bfPara qu\u00e9 sirve?"},"content":{"rendered":"<p><span>La jornada laboral. Mucho m\u00e1s que fichar al entrar y salir, \u00bfno? Es una base del mundo del trabajo. Y hoy, con los cambios que se viven en Argentina y con cada vez m\u00e1s gente priorizando el equilibrio entre su vida personal y el laburo, este tema cobra una relevancia distinta. No se trata s\u00f3lo de cu\u00e1ntas horas se trabaja; tambi\u00e9n de c\u00f3mo eso impacta en el bienestar, el rendimiento y en la din\u00e1mica interna de cada empresa.<\/span><\/p>\n<p><span>En el d\u00eda a d\u00eda de las organizaciones argentinas, la jornada laboral est\u00e1 cruzada por leyes, costumbres, sindicatos y expectativas sociales. Marca fuerte la vida cotidiana de las personas y tambi\u00e9n la eficiencia del negocio. Es un tema que nunca baja del radar: si conviene reducirla, si hay que flexibilizar horarios o c\u00f3mo adaptarla a nuevas formas de trabajo que ya est\u00e1n en marcha.<\/span><\/p>\n<p><span>Lo que sigue es una mirada concreta sobre c\u00f3mo funciona la jornada laboral en nuestro pa\u00eds. Desde lo m\u00e1s esencial hasta los detalles que hacen la diferencia. Con el objetivo de responder dudas comunes y ofrecer datos \u00fatiles tanto para empleados como para empleadores y quienes gestionan personas desde recursos humanos.<\/span><\/p>\n<h2><b>\u00bfDe qu\u00e9 hablamos con \"jornada\" en Argentina?<\/b><\/h2>\n<p><span>La jornada laboral es el tiempo que un trabajador est\u00e1 a disposici\u00f3n de su empleador, poniendo su cabeza, sus manos, sus conocimientos para hacer el trabajo. Es el per\u00edodo en que se espera que cumpla con lo suyo y ayude a que la empresa alcance sus metas. Y esto no es un acuerdo de palabra, para nada; tiene una base legal y normativa bien s\u00f3lida.<\/span><\/p>\n<p><span>No es un arreglo informal. Est\u00e1 definida y regulada, principalmente, por la Ley de Contrato de Trabajo (la LCT, N\u00b0 20.744), que es como la biblia de las leyes laborales en Argentina. Adem\u00e1s de la LCT, cada sector o actividad tiene sus convenios colectivos de trabajo (los CCT), que pueden meter m\u00e1s detalles o particularidades sobre la jornada.<\/span><\/p>\n<p><span>La ley define la jornada como el tiempo durante el cual el trabajador est\u00e1 a disposici\u00f3n del empleador. Y ojo, que no es solo el tiempo de trabajo puro y duro; tambi\u00e9n incluye los descansos y pausas que son obligatorios.<\/span><\/p>\n<p><a href=\"https:\/\/recursos.runahr.com\/guia-de-principales-metricas-de-rrhh\"><img fetchpriority=\"high\" decoding=\"async\" class=\"alignnone size-large wp-image-1098301\" src=\"https:\/\/runahr.com\/wp-content\/uploads\/2026\/01\/CAR006-1024x405.webp\" alt=\"Descargar gu\u00eda de principales m\u00e9tricas de RRHH\" width=\"800\" height=\"316\" srcset=\"https:\/\/runahr.com\/wp-content\/uploads\/2026\/01\/CAR006-1024x405.webp 1024w, https:\/\/runahr.com\/wp-content\/uploads\/2026\/01\/CAR006-300x119.webp 300w, https:\/\/runahr.com\/wp-content\/uploads\/2026\/01\/CAR006-768x304.webp 768w, https:\/\/runahr.com\/wp-content\/uploads\/2026\/01\/CAR006-1536x607.webp 1536w, https:\/\/runahr.com\/wp-content\/uploads\/2026\/01\/CAR006-2048x809.webp 2048w\" sizes=\"(max-width: 800px) 100vw, 800px\" \/><\/a><\/p>\n<h2><b>\u00bfCu\u00e1l es la funci\u00f3n de fondo de la jornada?<\/b><\/h2>\n<p><span>La jornada laboral no es solo para contar cu\u00e1ntas horas se trabaja. Es una herramienta clave para poner reglas en la relaci\u00f3n entre el trabajo y el descanso. Busca un equilibrio que sirva tanto al que trabaja como al que emplea. Su funci\u00f3n principal es armar un marco justo, saludable, que cuide los derechos de los trabajadores y, al mismo tiempo, ayude a que el trabajo sea eficiente.<\/span><\/p>\n<p><span>Tiene varios objetivos bien concretos, que van m\u00e1s all\u00e1 de fichar. Est\u00e1n pensados para tener un ambiente de trabajo m\u00e1s equitativo y sostenible. Por un lado, busca proteger la salud: ponerle un l\u00edmite a las horas de trabajo evita que la gente se queme, f\u00edsica y mentalmente, y baja el riesgo de enfermedades laborales. Tambi\u00e9n ayuda a la conciliaci\u00f3n entre la vida laboral y personal, permitiendo que los trabajadores tengan tiempo para su familia, sus amigos, sus cosas, y as\u00ed mejorar su bienestar general. Una jornada bien pensada, con sus descansos, influye en la productividad: ayuda a mantener la concentraci\u00f3n y el rendimiento. Y, fundamental, sirve para evitar la explotaci\u00f3n, poniendo l\u00edmites claros para que no haya jornadas interminables y asegurando que se pague lo justo por el tiempo trabajado.<\/span><\/p>\n<h2><b>\u00bfCu\u00e1nto dura una jornada como l\u00edmite?<\/b><\/h2>\n<p><span>Cu\u00e1nto dura la jornada de trabajo es uno de los puntos m\u00e1s mirados y regulados. La LCT limita algunos posibles excesos de trabajo, pero tambi\u00e9n tiene en cuenta las diferencias que pueden existir entre las industrias.<\/span><\/p>\n<p><span>La Ley de Contrato de Trabajo (en realidad, la Ley 11.544 es la que fija esto) es clara: la jornada tiene un m\u00e1ximo de 8 horas por d\u00eda y 48 horas por semana. Esa es la regla general.<\/span><\/p>\n<p><span>Pero, como siempre, hay excepciones. Los trabajos insalubres, por ejemplo, tienen jornadas m\u00e1s cortas, digamos unas 6 horas diarias y 36 semanales, algo que define la autoridad que corresponde. Un caso conocido es el de los \"Call Centers\", donde el convenio de los teleoperadores fija una jornada reducida. Si se trabaja de noche (entre las 9 de la noche y las 6 de la ma\u00f1ana), el m\u00e1ximo son 7 horas. Y para los que hacen turnos rotativos, se pueden promediar las horas en un per\u00edodo, pero sin pasarse nunca del tope semanal.<\/span><\/p>\n<p><span>Dentro de la jornada, tiene que haber descansos: pausas para comer y desconectar un poco (cu\u00e1nto dura, lo suele decir cada convenio colectivo). Y el descanso semanal es sagrado: 35 horas seguidas, que generalmente van desde el s\u00e1bado a la una de la tarde hasta el domingo a medianoche.<\/span><\/p>\n<p><span>Si se trabaja m\u00e1s de lo legal o lo que dice el convenio, son horas extras. Y se pagan m\u00e1s: un 50% adicional de lunes a viernes y los s\u00e1bados hasta la una. Y un 100% adicional los s\u00e1bados despu\u00e9s de la una, los domingos y los feriados. Igual, siempre hay que mirar el convenio colectivo, porque puede haber detalles distintos.<\/span><\/p>\n<h2><b>\u00bfCu\u00e1les son los tipos de jornada que hay en Argentina?<\/b><\/h2>\n<p><span>La ley entiende que no todos los trabajos son iguales y que las necesidades de tiempo pueden ser muy distintas. Por eso hay diferentes tipos de jornadas laborales, cada una con sus reglas.<\/span><\/p>\n<ul>\n<li style=\"font-weight: 400;\" aria-level=\"1\"><span>La jornada que se ve en casi todos lados, es la completa: las cl\u00e1sicas 8 horas al d\u00eda, con un tope de 48 a la semana, que es lo que marca la Ley de Contrato de Trabajo como base. Pero no es la \u00fanica opci\u00f3n sobre la mesa.\u00a0<\/span><\/li>\n<li style=\"font-weight: 400;\" aria-level=\"1\"><span>Tambi\u00e9n est\u00e1 la jornada parcial. \u00bfQu\u00e9 significa eso? Simple: se trabaja menos de dos tercios de lo que ser\u00eda una jornada habitual \u2013o sea, no m\u00e1s de 32 horas semanales\u2013 y la paga, l\u00f3gicamente, va en proporci\u00f3n a ese tiempo.\u00a0<\/span><\/li>\n<li style=\"font-weight: 400;\" aria-level=\"1\"><span>Y despu\u00e9s, para ciertos trabajos que son m\u00e1s duros, ya sea porque son especialmente pesados, dif\u00edciles, o directamente porque son insalubres, la ley o los convenios suelen fijar jornadas reducidas. El objetivo ah\u00ed es claro: proteger la salud del trabajador, limitando el tiempo de exposici\u00f3n a esas condiciones.<\/span><\/li>\n<li style=\"font-weight: 400;\" aria-level=\"1\"><span>La jornada nocturna, como dijimos, es m\u00e1s corta (m\u00e1ximo 7 horas) porque se considera que trabajar de noche tiene un impacto mayor. Y la jornada insalubre, declarada as\u00ed por la autoridad competente cuando hay riesgos para la salud (qu\u00edmicos, ruidos fuertes, etc.), tambi\u00e9n tiene l\u00edmites de horas m\u00e1s bajos para minimizar la exposici\u00f3n.\u00a0<\/span><\/li>\n<li style=\"font-weight: 400;\" aria-level=\"1\"><span>Finalmente, est\u00e1 el trabajo a turnos, muy com\u00fan en industrias que no paran, como hospitales o algunas f\u00e1bricas, donde se rotan horarios y se promedian las horas semanales para no pasarse del l\u00edmite.<\/span><\/li>\n<\/ul>\n<h2><b>\u00bfQu\u00e9 implica, en la pr\u00e1ctica, una jornada laboral?\u00a0<\/b><\/h2>\n<p><span>No es solo contar horas frente al reloj. Detr\u00e1s hay todo un entramado de derechos y responsabilidades, tanto para quien trabaja como para quien emplea. Entenderla bien implica saber qu\u00e9 aspectos la conforman y c\u00f3mo impactan en la vida diaria.<\/span><\/p>\n<ul>\n<li style=\"font-weight: 400;\" aria-level=\"1\"><span>El tiempo de trabajo efectivo es ese per\u00edodo real en el que una persona est\u00e1 cumpliendo tareas, sin contar las pausas que no est\u00e1n ligadas a la actividad laboral. Esa es la base que se toma para calcular el salario, y por eso es clave tenerlo claro.<\/span><\/li>\n<li style=\"font-weight: 400;\" aria-level=\"1\"><span>Los descansos, por su parte, no son un lujo ni una concesi\u00f3n: son obligatorios por ley. Sirven para recuperar energ\u00edas, tanto f\u00edsicas como mentales. Su duraci\u00f3n y frecuencia var\u00edan seg\u00fan el tipo de jornada y lo que marque cada convenio colectivo.<\/span><\/li>\n<li style=\"font-weight: 400;\" aria-level=\"1\"><span>Las pausas, como la de la comida, pueden ser obligatorias o acordadas, y si se cuentan como tiempo de trabajo o no, tambi\u00e9n depende.\u00a0<\/span><\/li>\n<li style=\"font-weight: 400;\" aria-level=\"1\"><span>El lugar de trabajo suele ser la empresa, pero con el teletrabajo o el trabajo de campo, esto se redefine.\u00a0<\/span><\/li>\n<li style=\"font-weight: 400;\" aria-level=\"1\"><span>El tiempo de viaje al trabajo, en general, no se cuenta como tiempo de trabajo, salvo que viajar sea parte de la tarea misma (como un visitador m\u00e9dico).\u00a0<\/span><\/li>\n<li style=\"font-weight: 400;\" aria-level=\"1\"><span>Y hasta el tiempo para cambiarse de ropa, si el uniforme es obligatorio y se hace en la empresa, a veces se considera tiempo de trabajo, seg\u00fan el convenio.<\/span><\/li>\n<\/ul>\n<h2><b>Menos horas, \u00bfm\u00e1s qu\u00e9? La reducci\u00f3n de jornada a debate<\/b><\/h2>\n<p><span>Reducir la jornada laboral es un tema que viene sonando fuerte en los \u00faltimos a\u00f1os, en todo el mundo. Implica trabajar menos horas, ya sea por un acuerdo entre el empleado y la empresa, por problemas econ\u00f3micos de la compa\u00f1\u00eda, o por necesidades personales del trabajador.<\/span><\/p>\n<p><span>Esta reducci\u00f3n puede darse de varias maneras. A veces es un acuerdo entre las partes. Otras, por causas econ\u00f3micas, la empresa puede necesitar reducir la jornada para pilotear una crisis (esto suele requerir acuerdo sindical y el visto bueno del Ministerio de Capital Humano, o el organismo que est\u00e9 a cargo). Y la ley tambi\u00e9n contempla casos donde se puede reducir la jornada, con el sueldo proporcional, para el cuidado de hijos o familiares.<\/span><\/p>\n<p><span>Los derechos del trabajador en estos casos incluyen, l\u00f3gicamente, un salario proporcional a las nuevas horas. Y si la reducci\u00f3n es por causas econ\u00f3micas de la empresa, a veces puede haber derecho a una indemnizaci\u00f3n. Es un tema que siempre est\u00e1 en discusi\u00f3n, con distintas posturas sobre sus beneficios y contras, y propuestas que van y vienen sobre la duraci\u00f3n ideal de la jornada.<\/span><\/p>\n<p><span>A pesar de la tendencia a la reducci\u00f3n de la jornada, la administraci\u00f3n del presidente Javier Milei analiza aumentar la jornada a 12 horas diarias.<\/span><\/p>\n<p><a href=\"https:\/\/recursos.runahr.com\/registro-de-asistencia-de-trabajadores\"><img decoding=\"async\" class=\"alignnone size-large wp-image-1098365\" src=\"https:\/\/runahr.com\/wp-content\/uploads\/2026\/01\/CAR023-1024x404.webp\" alt=\"Descargar registro de asistencia de trabajadores\" width=\"800\" height=\"316\" srcset=\"https:\/\/runahr.com\/wp-content\/uploads\/2026\/01\/CAR023-1024x404.webp 1024w, https:\/\/runahr.com\/wp-content\/uploads\/2026\/01\/CAR023-300x118.webp 300w, https:\/\/runahr.com\/wp-content\/uploads\/2026\/01\/CAR023-768x303.webp 768w, https:\/\/runahr.com\/wp-content\/uploads\/2026\/01\/CAR023-1536x606.webp 1536w, https:\/\/runahr.com\/wp-content\/uploads\/2026\/01\/CAR023-2048x808.webp 2048w\" sizes=\"(max-width: 800px) 100vw, 800px\" \/><\/a><\/p>\n<h2><b>\u00bfCu\u00e1les son los beneficios de una jornada bien regulada?<\/b><\/h2>\n<p><span>Una jornada laboral bien armada, que contemple las necesidades de la gente y de la empresa, trae beneficios para todos. No es solo cumplir la ley; es crear un ambiente de trabajo mejor, m\u00e1s productivo y m\u00e1s satisfactorio.<\/span><\/p>\n<p><span>Para el trabajador, los beneficios son claros. En la salud, una jornada respetada significa menos riesgo de estr\u00e9s, de agotamiento, y menos chances de enfermedades laborales. En la calidad de vida, tener tiempo para la vida personal y familiar, y poder organizar actividades fuera del trabajo, da previsibilidad. Todo esto ayuda a la famosa conciliaci\u00f3n entre el trabajo y la vida personal.<\/span><\/p>\n<p><span>Y para el empleador, tambi\u00e9n suma. En productividad, porque gente descansada y motivada rinde m\u00e1s y mejor. Suele haber menos ausentismo, porque bajan las enfermedades y el estr\u00e9s. Mejora el clima laboral, porque hay m\u00e1s satisfacci\u00f3n y compromiso. Y ayuda a la retenci\u00f3n de talento; un buen ambiente y condiciones razonables hacen que los buenos profesionales se quieran quedar, un desaf\u00edo grande en algunas industrias hoy.<\/span><\/p>\n<h2><b>\u00bfCu\u00e1l es el rol de RRHH para el orden en la jornada laboral?<\/b><\/h2>\n<p><span>El \u00e1rea de recursos humanos juega un papel protag\u00f3nico en el manejo de la jornada laboral. Son los responsables de asegurar que se cumpla la ley, de dise\u00f1ar pol\u00edticas que se adapten a lo que necesita la empresa y su gente, y de resolver cualquier duda o conflicto que pueda surgir.<\/span><\/p>\n<p><span>Recursos humanos es quien traduce las leyes y las necesidades del negocio en pr\u00e1cticas concretas.\u00a0<\/span><\/p>\n<h5><b>Esto incluye:<\/b><\/h5>\n<ul>\n<li style=\"font-weight: 400;\" aria-level=\"1\"><span>El dise\u00f1o de pol\u00edticas sobre horarios, turnos, descansos, flexibilidad, etc., siempre dentro de la ley y pensando en la organizaci\u00f3n y sus empleados.\u00a0<\/span><\/li>\n<li style=\"font-weight: 400;\" aria-level=\"1\"><span>Llevan el control de asistencia: entradas, salidas, horas extras, ausencias, usando sistemas para que todo quede bien registrado.\u00a0<\/span><\/li>\n<li style=\"font-weight: 400;\" aria-level=\"1\"><span>Se encargan de la gesti\u00f3n de horas extras y descansos, asegurando que se cumpla lo legal y se pague lo que corresponde.\u00a0<\/span><\/li>\n<li style=\"font-weight: 400;\" aria-level=\"1\"><span>Atienden las consultas de empleados y jefes sobre la jornada, c\u00f3mo se interpreta la ley o c\u00f3mo se aplican las pol\u00edticas internas.\u00a0<\/span><\/li>\n<li style=\"font-weight: 400;\" aria-level=\"1\"><span>Y tambi\u00e9n pueden dar capacitaci\u00f3n, informando a todos sobre la normativa, los derechos, las obligaciones y las pol\u00edticas de la empresa.<\/span><\/li>\n<\/ul>\n<p><span>La jornada laboral. Al final del d\u00eda, no es solo un n\u00famero de horas en un contrato. Es donde se juega buena parte de la vida de la gente y tambi\u00e9n la salud de una empresa. Una negociaci\u00f3n constante, seamos sinceros.<\/span><\/p>\n<p><span>Las leyes (la Ley de Contrato de Trabajo, los convenios colectivos) buscan poner ciertos l\u00edmites, proteger derechos, pero tambi\u00e9n intentan dar algo de espacio para que las cosas funcionen en un mundo laboral en constante evoluci\u00f3n. Y ah\u00ed est\u00e1 la clave: entender bien esas reglas, conocer los derechos y las obligaciones de cada parte \u2013empresas, empleados, y quienes gestionan desde recursos humanos\u2013 es la base indispensable. El punto de partida.<\/span><\/p>\n<p><span>Pero el desaf\u00edo de todos los d\u00edas est\u00e1 en c\u00f3mo se maneja esto en la pr\u00e1ctica. Lograr que la jornada \"cierre\" para todos \u2013que se cumpla con la ley, pero que tambi\u00e9n la gente pueda tener una vida fuera del trabajo y que la empresa sea productiva y sostenible\u2013 no es tarea sencilla. Es un trabajo de equilibrio delicado, constante. Y de c\u00f3mo se resuelva esa ecuaci\u00f3n en cada organizaci\u00f3n depende, en gran medida, tener relaciones laborales m\u00e1s sanas y un negocio con posibilidades de mirar al futuro con cierta tranquilidad.<\/span><\/p>\n<p><a href=\"https:\/\/recursos.runahr.com\/inteligencia-artificial-futuro-trabajo\"><img decoding=\"async\" class=\"alignnone size-large wp-image-1098265\" src=\"https:\/\/runahr.com\/wp-content\/uploads\/2026\/01\/CAR010-1024x401.webp\" alt=\"Descargar inteligencia artificial y el futuro del trabajo\" width=\"800\" height=\"313\" srcset=\"https:\/\/runahr.com\/wp-content\/uploads\/2026\/01\/CAR010-1024x401.webp 1024w, https:\/\/runahr.com\/wp-content\/uploads\/2026\/01\/CAR010-300x118.webp 300w, https:\/\/runahr.com\/wp-content\/uploads\/2026\/01\/CAR010-768x301.webp 768w, https:\/\/runahr.com\/wp-content\/uploads\/2026\/01\/CAR010-1536x602.webp 1536w, https:\/\/runahr.com\/wp-content\/uploads\/2026\/01\/CAR010.webp 1786w\" sizes=\"(max-width: 800px) 100vw, 800px\" \/><\/a><\/p>\n","protected":false},"excerpt":{"rendered":"<p>La jornada laboral. Mucho m\u00e1s que fichar al entrar y salir, \u00bfno? Es una base del mundo del trabajo. Y hoy, con los cambios que se viven en Argentina y con cada vez m\u00e1s gente priorizando el equilibrio entre su vida personal y el laburo, este tema cobra una relevancia distinta. No se trata s\u00f3lo [&hellip;]<\/p>\n","protected":false},"author":99,"featured_media":1011230,"comment_status":"open","ping_status":"open","sticky":false,"template":"","format":"standard","meta":{"_acf_changed":false,"_wp_applaud_exclude":false,"footnotes":""},"categories":[2029,2030],"tags":[2165,2033],"class_list":["post-1011229","post","type-post","status-publish","format-standard","has-post-thumbnail","hentry","category-recursos","category-recursos-humanos","tag-articulo","tag-recursos-humanos-3-ar"],"acf":[],"yoast_head":"<!-- This site is optimized with the Yoast SEO Premium plugin v26.1 (Yoast SEO v27.4) - https:\/\/yoast.com\/product\/yoast-seo-premium-wordpress\/ -->\n<title>Jornada: \u00bfQu\u00e9 es? \u00bfPara qu\u00e9 sirve? | AR | Runa HR<\/title>\n<meta name=\"description\" content=\"Todo sobre la jornada laboral en Argentina: conoc\u00e9 su l\u00edmite, la tendencia global a su reducci\u00f3n y las claves de gesti\u00f3n para tu empresa.\" \/>\n<meta name=\"robots\" content=\"index, follow, max-snippet:-1, max-image-preview:large, max-video-preview:-1\" \/>\n<link rel=\"canonical\" href=\"https:\/\/runahr.com\/ar\/recursos\/recursos-humanos\/jornada\/\" \/>\n<meta property=\"og:locale\" content=\"es_ES\" \/>\n<meta property=\"og:type\" content=\"article\" \/>\n<meta property=\"og:title\" content=\"Jornada: \u00bfQu\u00e9 es? \u00bfPara qu\u00e9 sirve? | AR | Runa HR\" \/>\n<meta property=\"og:description\" content=\"Todo sobre la jornada laboral en Argentina: conoc\u00e9 su l\u00edmite, la tendencia global a su reducci\u00f3n y las claves de gesti\u00f3n para tu empresa.\" \/>\n<meta property=\"og:url\" content=\"https:\/\/runahr.com\/ar\/recursos\/recursos-humanos\/jornada\/\" \/>\n<meta property=\"og:site_name\" content=\"Runa HR\" \/>\n<meta property=\"article:publisher\" content=\"https:\/\/www.facebook.com\/runahr\/\" \/>\n<meta property=\"article:published_time\" content=\"2025-08-04T16:15:39+00:00\" \/>\n<meta property=\"article:modified_time\" content=\"2026-02-01T12:15:55+00:00\" \/>\n<meta property=\"og:image\" content=\"https:\/\/runahr.com\/wp-content\/uploads\/2025\/08\/Jornada-Laboral.png\" \/>\n\t<meta property=\"og:image:width\" content=\"2048\" \/>\n\t<meta property=\"og:image:height\" content=\"856\" \/>\n\t<meta property=\"og:image:type\" content=\"image\/png\" \/>\n<meta name=\"author\" content=\"Graciela Fernandez\" \/>\n<meta name=\"twitter:card\" content=\"summary_large_image\" \/>\n<meta name=\"twitter:creator\" content=\"@runahr\" \/>\n<meta name=\"twitter:site\" content=\"@runahr\" \/>\n<meta name=\"twitter:label1\" content=\"Escrito por\" \/>\n\t<meta name=\"twitter:data1\" content=\"Graciela Fernandez\" \/>\n\t<meta name=\"twitter:label2\" content=\"Tiempo de lectura\" \/>\n\t<meta name=\"twitter:data2\" content=\"11 minutos\" \/>\n<!-- \/ Yoast SEO Premium plugin. -->","yoast_head_json":{"title":"Jornada: \u00bfQu\u00e9 es? \u00bfPara qu\u00e9 sirve? | AR | Runa HR","description":"Todo sobre la jornada laboral en Argentina: conoc\u00e9 su l\u00edmite, la tendencia global a su reducci\u00f3n y las claves de gesti\u00f3n para tu empresa.","robots":{"index":"index","follow":"follow","max-snippet":"max-snippet:-1","max-image-preview":"max-image-preview:large","max-video-preview":"max-video-preview:-1"},"canonical":"https:\/\/runahr.com\/ar\/recursos\/recursos-humanos\/jornada\/","og_locale":"es_ES","og_type":"article","og_title":"Jornada: \u00bfQu\u00e9 es? \u00bfPara qu\u00e9 sirve? | AR | Runa HR","og_description":"Todo sobre la jornada laboral en Argentina: conoc\u00e9 su l\u00edmite, la tendencia global a su reducci\u00f3n y las claves de gesti\u00f3n para tu empresa.","og_url":"https:\/\/runahr.com\/ar\/recursos\/recursos-humanos\/jornada\/","og_site_name":"Runa HR","article_publisher":"https:\/\/www.facebook.com\/runahr\/","article_published_time":"2025-08-04T16:15:39+00:00","article_modified_time":"2026-02-01T12:15:55+00:00","og_image":[{"width":2048,"height":856,"url":"https:\/\/runahr.com\/wp-content\/uploads\/2025\/08\/Jornada-Laboral.png","type":"image\/png"}],"author":"Graciela Fernandez","twitter_card":"summary_large_image","twitter_creator":"@runahr","twitter_site":"@runahr","twitter_misc":{"Escrito por":"Graciela Fernandez","Tiempo de lectura":"11 minutos"},"schema":{"@context":"https:\/\/schema.org","@graph":[{"@type":"Article","@id":"https:\/\/runahr.com\/ar\/recursos\/recursos-humanos\/jornada\/#article","isPartOf":{"@id":"https:\/\/runahr.com\/ar\/recursos\/recursos-humanos\/jornada\/"},"author":{"name":"Graciela Fernandez","@id":"https:\/\/runahr.com\/ar\/#\/schema\/person\/b930e31522d3bb414d8a6b4ac22ec528"},"headline":"Jornada: \u00bfQu\u00e9 es? \u00bfPara qu\u00e9 sirve?","datePublished":"2025-08-04T16:15:39+00:00","dateModified":"2026-02-01T12:15:55+00:00","mainEntityOfPage":{"@id":"https:\/\/runahr.com\/ar\/recursos\/recursos-humanos\/jornada\/"},"wordCount":2277,"commentCount":0,"publisher":{"@id":"https:\/\/runahr.com\/ar\/#organization"},"image":{"@id":"https:\/\/runahr.com\/ar\/recursos\/recursos-humanos\/jornada\/#primaryimage"},"thumbnailUrl":"https:\/\/runahr.com\/wp-content\/uploads\/2025\/08\/Jornada-Laboral.png","keywords":["Art\u00edculo","Recursos humanos"],"articleSection":["Recursos","Recursos humanos"],"inLanguage":"es-AR","potentialAction":[{"@type":"CommentAction","name":"Comment","target":["https:\/\/runahr.com\/ar\/recursos\/recursos-humanos\/jornada\/#respond"]}]},{"@type":"WebPage","@id":"https:\/\/runahr.com\/ar\/recursos\/recursos-humanos\/jornada\/","url":"https:\/\/runahr.com\/ar\/recursos\/recursos-humanos\/jornada\/","name":"Jornada: \u00bfQu\u00e9 es? \u00bfPara qu\u00e9 sirve? | AR | Runa HR","isPartOf":{"@id":"https:\/\/runahr.com\/ar\/#website"},"primaryImageOfPage":{"@id":"https:\/\/runahr.com\/ar\/recursos\/recursos-humanos\/jornada\/#primaryimage"},"image":{"@id":"https:\/\/runahr.com\/ar\/recursos\/recursos-humanos\/jornada\/#primaryimage"},"thumbnailUrl":"https:\/\/runahr.com\/wp-content\/uploads\/2025\/08\/Jornada-Laboral.png","datePublished":"2025-08-04T16:15:39+00:00","dateModified":"2026-02-01T12:15:55+00:00","description":"Todo sobre la jornada laboral en Argentina: conoc\u00e9 su l\u00edmite, la tendencia global a su reducci\u00f3n y las claves de gesti\u00f3n para tu empresa.","breadcrumb":{"@id":"https:\/\/runahr.com\/ar\/recursos\/recursos-humanos\/jornada\/#breadcrumb"},"inLanguage":"es-AR","potentialAction":[{"@type":"ReadAction","target":["https:\/\/runahr.com\/ar\/recursos\/recursos-humanos\/jornada\/"]}]},{"@type":"ImageObject","inLanguage":"es-AR","@id":"https:\/\/runahr.com\/ar\/recursos\/recursos-humanos\/jornada\/#primaryimage","url":"https:\/\/runahr.com\/wp-content\/uploads\/2025\/08\/Jornada-Laboral.png","contentUrl":"https:\/\/runahr.com\/wp-content\/uploads\/2025\/08\/Jornada-Laboral.png","width":2048,"height":856,"caption":"jornada laboral"},{"@type":"BreadcrumbList","@id":"https:\/\/runahr.com\/ar\/recursos\/recursos-humanos\/jornada\/#breadcrumb","itemListElement":[{"@type":"ListItem","position":1,"name":"Home","item":"https:\/\/runahr.com\/ar\/"},{"@type":"ListItem","position":2,"name":"Recursos","item":"https:\/\/runahr.com\/ar\/category\/recursos\/"},{"@type":"ListItem","position":3,"name":"Recursos humanos","item":"https:\/\/runahr.com\/ar\/category\/recursos\/recursos-humanos\/"},{"@type":"ListItem","position":4,"name":"Jornada: \u00bfQu\u00e9 es? \u00bfPara qu\u00e9 sirve?"}]},{"@type":"WebSite","@id":"https:\/\/runahr.com\/ar\/#website","url":"https:\/\/runahr.com\/ar\/","name":"Runa HR","description":"Software de N\u00f3mina y Gesti\u00f3n de RRHH","publisher":{"@id":"https:\/\/runahr.com\/ar\/#organization"},"potentialAction":[{"@type":"SearchAction","target":{"@type":"EntryPoint","urlTemplate":"https:\/\/runahr.com\/ar\/?s={search_term_string}"},"query-input":{"@type":"PropertyValueSpecification","valueRequired":true,"valueName":"search_term_string"}}],"inLanguage":"es-AR"},{"@type":"Organization","@id":"https:\/\/runahr.com\/ar\/#organization","name":"Runa HR","url":"https:\/\/runahr.com\/ar\/","logo":{"@type":"ImageObject","inLanguage":"es-AR","@id":"https:\/\/runahr.com\/ar\/#\/schema\/logo\/image\/","url":"https:\/\/runahr.com\/wp-content\/uploads\/2018\/05\/xDzHFcQY_400x400.jpg","contentUrl":"https:\/\/runahr.com\/wp-content\/uploads\/2018\/05\/xDzHFcQY_400x400.jpg","width":400,"height":400,"caption":"Runa HR"},"image":{"@id":"https:\/\/runahr.com\/ar\/#\/schema\/logo\/image\/"},"sameAs":["https:\/\/www.facebook.com\/runahr\/","https:\/\/x.com\/runahr","https:\/\/www.instagram.com\/runahr\/","https:\/\/mx.linkedin.com\/company\/runahr","https:\/\/www.youtube.com\/channel\/UCAZ21FupFMLIb1c7PPaU6Ew"]},{"@type":"Person","@id":"https:\/\/runahr.com\/ar\/#\/schema\/person\/b930e31522d3bb414d8a6b4ac22ec528","name":"Graciela Fernandez","image":{"@type":"ImageObject","inLanguage":"es-AR","@id":"https:\/\/secure.gravatar.com\/avatar\/12e3348401dbaa5808fe094b85f98811e3dac644136ec1b3f605d9f962947875?s=96&d=mm&r=g","url":"https:\/\/secure.gravatar.com\/avatar\/12e3348401dbaa5808fe094b85f98811e3dac644136ec1b3f605d9f962947875?s=96&d=mm&r=g","contentUrl":"https:\/\/secure.gravatar.com\/avatar\/12e3348401dbaa5808fe094b85f98811e3dac644136ec1b3f605d9f962947875?s=96&d=mm&r=g","caption":"Graciela Fernandez"},"url":"https:\/\/runahr.com\/ar\/author\/graciela_fernandez\/"}]}},"_links":{"self":[{"href":"https:\/\/runahr.com\/ar\/wp-json\/wp\/v2\/posts\/1011229","targetHints":{"allow":["GET"]}}],"collection":[{"href":"https:\/\/runahr.com\/ar\/wp-json\/wp\/v2\/posts"}],"about":[{"href":"https:\/\/runahr.com\/ar\/wp-json\/wp\/v2\/types\/post"}],"author":[{"embeddable":true,"href":"https:\/\/runahr.com\/ar\/wp-json\/wp\/v2\/users\/99"}],"replies":[{"embeddable":true,"href":"https:\/\/runahr.com\/ar\/wp-json\/wp\/v2\/comments?post=1011229"}],"version-history":[{"count":0,"href":"https:\/\/runahr.com\/ar\/wp-json\/wp\/v2\/posts\/1011229\/revisions"}],"wp:featuredmedia":[{"embeddable":true,"href":"https:\/\/runahr.com\/ar\/wp-json\/wp\/v2\/media\/1011230"}],"wp:attachment":[{"href":"https:\/\/runahr.com\/ar\/wp-json\/wp\/v2\/media?parent=1011229"}],"wp:term":[{"taxonomy":"category","embeddable":true,"href":"https:\/\/runahr.com\/ar\/wp-json\/wp\/v2\/categories?post=1011229"},{"taxonomy":"post_tag","embeddable":true,"href":"https:\/\/runahr.com\/ar\/wp-json\/wp\/v2\/tags?post=1011229"}],"curies":[{"name":"wp","href":"https:\/\/api.w.org\/{rel}","templated":true}]}}