{"id":1106792,"date":"2026-03-12T23:16:56","date_gmt":"2026-03-13T05:16:56","guid":{"rendered":"https:\/\/runahr.com\/?p=1106792"},"modified":"2026-03-12T23:16:56","modified_gmt":"2026-03-13T05:16:56","slug":"mercado-laboral","status":"publish","type":"post","link":"https:\/\/runahr.com\/ar\/recursos\/recursos-humanos\/mercado-laboral\/","title":{"rendered":"Mercado laboral: \u00bfQu\u00e9 es? \u00bfPara qu\u00e9 sirve?"},"content":{"rendered":"<p><span>Entender c\u00f3mo se mueve hoy el mercado laboral en Argentina dej\u00f3 de ser un tema \u201cde contexto\u201d para convertirse en una variable diaria de <\/span><a href=\"https:\/\/runahr.com\/ar\/recursos\/recursos-humanos\/gestion\/\"><span>gesti\u00f3n<\/span><\/a><span>. En un mismo trimestre pueden convivir situaciones dispares, como ser la digitalizaci\u00f3n acelerada o una demanda feroz de ciertos perfiles. Al mismo tiempo, puede haber tensiones econ\u00f3micas que obligan a revisar estructuras de costos mensualmente. Ese combo se siente en las paritarias, en la presi\u00f3n por ajustar salarios a la inflaci\u00f3n y en las conversaciones de pasillo donde se comentan los movimientos de personal.<\/span><\/p>\n<p><span>En este escenario, el mercado laboral se vuelve un insumo estrat\u00e9gico, porque permite anticipar tendencias, tomar decisiones de organizaci\u00f3n m\u00e1s realistas y construir equipos competitivos sin depender solo de la intuici\u00f3n. Cuando el mercado laboral se entiende como un term\u00f3metro de lo que pasa en el pa\u00eds y en cada industria, deja de ser un dato de color para transformarse en una herramienta concreta de planificaci\u00f3n.<\/span><\/p>\n<h2><b>\u00bfQu\u00e9 es el mercado laboral en Argentina?<\/b><\/h2>\n<p><span>El mercado laboral puede describirse, de manera sencilla, como el espacio donde se encuentran la oferta y la demanda de <\/span><a href=\"https:\/\/runahr.com\/ar\/recursos\/salario\/trabajo\/\"><span>trabajo<\/span><\/a><span>. De un lado se ubican las personas que ofrecen su tiempo, sus conocimientos y su experiencia. Del otro, las <\/span><a href=\"https:\/\/runahr.com\/ar\/recursos\/salario\/empresas\/\"><span>empresas<\/span><\/a><span> y organizaciones que necesitan ese talento para producir bienes o servicios. En el medio se articulan reglas formales e informales. Esto incluye leyes laborales, <\/span><a href=\"https:\/\/runahr.com\/ar\/recursos\/recursos-humanos\/convenios-colectivos-de-trabajo\/\"><span>convenios colectivos de trabajo<\/span><\/a><span>, pr\u00e1cticas del sector y negociaciones salariales. Pero tambi\u00e9n son importantes las expectativas culturales sobre qu\u00e9 significa \u201ctener un buen trabajo\u201d en Argentina.<\/span><\/p>\n<p><span>Los actores principales de este mercado son varios y act\u00faan al mismo tiempo. Las empresas, las personas que buscan empleo, el Estado, el\u00a0 <\/span><a href=\"https:\/\/runahr.com\/ar\/recursos\/recursos-humanos\/sindicato\/\"><span>sindicato<\/span><\/a><span> que negocia y el sistema educativo que forma a los candidatos. Cada uno tiene su l\u00f3gica, sus tiempos y su manera de incidir, lo que explica por qu\u00e9 muchas veces las decisiones de talento est\u00e1n atravesadas por factores que exceden la voluntad de la propia empresa.<\/span><\/p>\n<p><span>Dentro de la econom\u00eda, el mercado laboral cumple un rol central. Este es el de conectar la capacidad productiva de un pa\u00eds con las personas que efectivamente pueden llevarla a cabo. Desde la perspectiva organizacional, es mucho m\u00e1s que un contexto. Es el marco donde se definen los salarios de referencia, la disponibilidad de perfiles, la \u201cguerra por el talento\u201d en ciertos nichos y los m\u00e1rgenes reales para dise\u00f1ar estrategias de atracci\u00f3n y retenci\u00f3n. Cuando una direcci\u00f3n entiende ese funcionamiento como parte de su estrategia, gana velocidad para adaptarse y evitar decisiones desconectadas de la realidad.<\/span><\/p>\n<h2><b>\u00bfPara qu\u00e9 sirve el mercado laboral?<\/b><\/h2>\n<p><span>El mercado laboral, en la pr\u00e1ctica, sirve para asignar talento a roles productivos de manera m\u00e1s o menos eficiente. No siempre lo hace bien, pero ese es su objetivo de fondo: que las personas con determinadas habilidades encuentren el <\/span><a href=\"https:\/\/runahr.com\/ar\/recursos\/recursos-humanos\/puesto\/\"><span>puesto<\/span><\/a><span> donde esas capacidades pueden generar valor, y que las empresas que necesitan ciertos perfiles logren incorporarlos en tiempo y forma. A partir de esa asignaci\u00f3n se sostiene buena parte del crecimiento econ\u00f3mico, la innovaci\u00f3n y la <\/span><a href=\"https:\/\/runahr.com\/ar\/recursos\/recursos-humanos\/competitividad\/\"><span>competitividad<\/span><\/a><span> sectorial.<\/span><\/p>\n<p><span>Tambi\u00e9n cumple una funci\u00f3n clave como motor de movilidad profesional. A trav\u00e9s de cambios de empleo, <\/span><a href=\"https:\/\/runahr.com\/ar\/recursos\/beneficios\/ascenso\/\"><span>ascensos<\/span><\/a><span>, reconversiones o saltos entre sectores, las personas pueden mejorar ingresos, adquirir nuevas habilidades y encontrar entornos laborales m\u00e1s alineados a sus expectativas. Ese movimiento constante es, en el fondo, una expresi\u00f3n viva del mercado laboral.<\/span><\/p>\n<p><span>Adem\u00e1s, el mercado laboral act\u00faa como sistema de se\u00f1ales. A trav\u00e9s de la evoluci\u00f3n del <\/span><a href=\"https:\/\/runahr.com\/ar\/recursos\/salario\/salario\/\"><span>salario<\/span><\/a><span>, la dificultad para cubrir ciertos puestos y la disponibilidad de perfiles en distintas zonas geogr\u00e1ficas, muestra por d\u00f3nde van las tendencias: qu\u00e9 habilidades empiezan a valer m\u00e1s, qu\u00e9 roles se est\u00e1n automatizando, qu\u00e9 sectores est\u00e1n en expansi\u00f3n y cu\u00e1les en repliegue. Para las empresas, estas se\u00f1ales son la base para tomar decisiones de <\/span><a href=\"https:\/\/runahr.com\/ar\/recursos\/beneficios\/compensacion\/\"><span>compensaci\u00f3n<\/span><\/a><span>, <\/span><a href=\"https:\/\/runahr.com\/ar\/recursos\/recursos-humanos\/reclutamiento\/\"><span>reclutamiento<\/span><\/a><span> y planificaci\u00f3n de estructuras. Ignorarlas suele salir caro: estructuras desactualizadas, escalas salariales poco competitivas, procesos de selecci\u00f3n eternos o planes de crecimiento que nunca llegan a concretarse porque el talento requerido no est\u00e1 disponible.&lt;\/span&gt;<\/span><\/p>\n<h2><b>\u00bfC\u00f3mo funciona el mercado laboral?<\/b><\/h2>\n<p><span>El funcionamiento del mercado laboral se apoya en la din\u00e1mica b\u00e1sica de oferta y demanda, pero filtrada por la realidad argentina: inflaci\u00f3n persistente, ciclos econ\u00f3micos cortos, cambios regulatorios y avances tecnol\u00f3gicos que no esperan a que se ordene el contexto. En industrias donde la demanda supera claramente a la oferta (como tecnolog\u00eda o ciertos perfiles de data, finanzas o salud), las empresas compiten con salarios, <\/span><a href=\"https:\/\/runahr.com\/ar\/recursos\/beneficios\/beneficios\/\"><span>beneficios<\/span><\/a><span>, <\/span><a href=\"https:\/\/runahr.com\/ar\/recursos\/beneficios\/flexibilidad\/\"><span>flexibilidad<\/span><\/a><span> y proyectos desafiantes. En otros segmentos con alta oferta de mano de obra y menos puestos disponibles, el poder de <\/span><a href=\"https:\/\/runahr.com\/ar\/recursos\/recursos-humanos\/negociacion\/\"><span>negociaci\u00f3n<\/span><\/a><span> se equilibra de manera muy diferente.<\/span><\/p>\n<p><span>La zona geogr\u00e1fica tambi\u00e9n impacta. No es lo mismo reclutar en el AMBA que en ciudades del interior donde el mercado es m\u00e1s chico y todos se conocen. La expansi\u00f3n del <\/span><a href=\"https:\/\/runahr.com\/ar\/recursos\/recursos-humanos\/trabajo-remoto\/\"><span>trabajo remoto<\/span><\/a><span> y los modelos h\u00edbridos ampli\u00f3 el campo de juego, pero tambi\u00e9n introdujo nuevos competidores: empresas de otras provincias o incluso del exterior que contratan talento argentino pagando en d\u00f3lares o en esquemas mixtos. Esto termina influyendo en las expectativas de quienes se mueven en ese mercado, incluso si a\u00fan trabajan en esquemas m\u00e1s tradicionales.<\/span><\/p>\n<p><span>Varios factores atraviesan esa din\u00e1mica: la inflaci\u00f3n que empuja negociaciones salariales casi permanentes, la tecnolog\u00eda que automatiza tareas y crea nuevos roles, las regulaciones que fijan pisos de derechos y costos laborales, la <\/span><a href=\"https:\/\/runahr.com\/ar\/recursos\/recursos-humanos\/formacion\/\"><span>formaci\u00f3n<\/span><\/a><span> acad\u00e9mica que define cu\u00e1ntas personas llegan con habilidades actualizadas, y los cambios culturales que modifican lo que se espera de un empleo (flexibilidad, sentido, <\/span><a href=\"https:\/\/runahr.com\/ar\/recursos\/recursos-humanos\/bienestar\/\"><span>bienestar<\/span><\/a><span>). El mercado laboral se mueve por ciclos: momentos de expansi\u00f3n, etapas de ajuste, fases de reconversi\u00f3n y, en el mejor de los casos, per\u00edodos de reconsolidaci\u00f3n. En cada una de estas fases las decisiones de talento requieren lecturas diferentes y tiempos de reacci\u00f3n ajustados al contexto.<\/span><\/p>\n<h2><b>\u00bfPor qu\u00e9 es importante el mercado laboral?<\/b><\/h2>\n<p><span>Para una empresa, comprender el mercado laboral es una forma de ver el futuro m\u00e1s all\u00e1 del Excel. Permite proyectar necesidades de talento, anticipar cuellos de botella y dimensionar qu\u00e9 tan factible es ejecutar una estrategia dada la disponibilidad de perfiles. Un plan de crecimiento agresivo que no contempla el acceso al talento necesario termina siendo, muchas veces, un ejercicio te\u00f3rico.<\/span><\/p>\n<p><span>El mercado laboral tambi\u00e9n ayuda a planificar estructuras y costos con mayor realismo. En un contexto inflacionario como el argentino, donde las revisiones salariales se multiplican durante el a\u00f1o y el impacto del d\u00f3lar se cuela en casi todas las conversaciones, contar con informaci\u00f3n sobre bandas salariales, niveles de rotaci\u00f3n y expectativas de los candidatos se vuelve un amortiguador que permite moverse sin sobresaltos extremos. No elimina el riesgo, pero ayuda a gestionarlo.<\/span><\/p>\n<p><span>Adem\u00e1s, una lectura cuidadosa del mercado laboral contribuye a minimizar riesgos laborales y de rotaci\u00f3n. Decisiones que parecen \u201csolo internas\u201d, como congelar b\u00fasquedas, ajustar beneficios o limitar la flexibilidad, cambian de sentido cuando se las contrasta con lo que sucede en el entorno: qu\u00e9 est\u00e1n ofreciendo los competidores, qu\u00e9 valoran las nuevas generaciones, qu\u00e9 est\u00e1 pasando en convenios del sector. En \u00faltima instancia, el mercado laboral define el grado de competitividad de una empresa en su industria. No solo por lo que vende, sino por su capacidad de atraer, desarrollar y retener a las personas que la sostienen.<\/span><\/p>\n<h2><b>\u00bfC\u00f3mo es el mercado laboral en Argentina en la actualidad?<\/b><\/h2>\n<p><span>El mercado laboral argentino combina rasgos estructurales que vienen de hace a\u00f1os con tendencias nuevas que se aceleraron desde la pandemia. Por un lado, la informalidad sigue siendo una caracter\u00edstica fuerte, especialmente en sectores de servicios y peque\u00f1as empresas. Esto genera una convivencia compleja entre trabajo registrado, modalidades informales y esquemas grises que se acomodan a los vaivenes de la econom\u00eda.<\/span><\/p>\n<p><span>Por otro lado, la brecha de habilidades se hizo m\u00e1s visible. Abundan perfiles en algunos segmentos, mientras faltan de manera cr\u00edtica en otros, sobre todo en \u00e1reas digitales, tecnolog\u00eda, an\u00e1lisis de datos, ciberseguridad y ciertos roles t\u00e9cnicos especializados. Esta brecha obliga a las empresas a invertir en formaci\u00f3n y upskilling, incluso cuando el contexto parece empujar solo a ajustar costos. Quien no lo hace, termina compitiendo siempre desde atr\u00e1s.<\/span><\/p>\n<p><span>La demanda de perfiles digitales y la rotaci\u00f3n selectiva se sienten con fuerza. No toda la organizaci\u00f3n rota al mismo ritmo: hay \u00e1reas \u201ccalientes\u201d donde las renuncias llegan por mensaje a \u00faltima hora del d\u00eda, y otras donde las personas valoran m\u00e1s la estabilidad que la posibilidad de cambio. A esto se suman las tensiones entre disponibilidad de talento y expectativas salariales, donde las personas buscan proteger su ingreso frente a la inflaci\u00f3n y, cuando pueden, dolarizar parte de sus ingresos.<\/span><\/p>\n<p><span class=\"yoast-text-mark\">Entre las tendencias actuales se destacan los modelos h\u00edbridos de trabajo y la automatizaci\u00f3n de tareas rutinarias. Por otro lado, tambi\u00e9n se menciona el foco en upskilling y reskilling, o las nuevas expectativas generacionales sobre bienestar, prop\u00f3sito y flexibilidad. Ya no se discute s\u00f3lo cu\u00e1nto se paga, sino tambi\u00e9n c\u00f3mo se trabaja, con qu\u00e9 nivel de autonom\u00eda, qu\u00e9 posibilidades reales de desarrollo existen y qu\u00e9 tan coherente es el discurso de la organizaci\u00f3n.<\/span><\/p>\n<h2><b>\u00bfQu\u00e9 tipos de mercado laboral existen?<\/b><\/h2>\n<p><span>Cuando se habla de mercado laboral, no se habla de un \u00fanico bloque homog\u00e9neo. Existen varios tipos que se superponen y se influyen entre s\u00ed. El mercado laboral formal agrupa las relaciones de trabajo registradas, con <\/span><a href=\"https:\/\/runahr.com\/ar\/recursos\/recursos-humanos\/aportes\"><span>aportes<\/span><\/a><span>, beneficios y regulaciones claramente definidas. All\u00ed intervienen con mayor fuerza los convenios colectivos, las paritarias y las instituciones que regulan la <\/span><a href=\"https:\/\/runahr.com\/ar\/recursos\/salario\/seguridad-social\/\"><span>Seguridad Social<\/span><\/a><span>.<\/span><\/p>\n<p><span>El mercado laboral informal, en cambio, incluye actividades sin registro, trabajos \u201cen negro\u201d o esquemas de monotributo que, en la pr\u00e1ctica, encubren relaciones de dependencia. Es un espacio amplio, heterog\u00e9neo y muchas veces invisible para las estad\u00edsticas, pero muy presente en la realidad argentina y con impacto directo en la competencia entre empresas y en la calidad del empleo.<\/span><\/p>\n<p><span>Tambi\u00e9n puede diferenciarse entre mercado laboral p\u00fablico y privado. El sector p\u00fablico ofrece, en general, mayor estabilidad y ciertas reglas m\u00e1s predecibles, aunque no siempre la misma flexibilidad para ajustar salarios o estructuras. El sector privado, por su parte, se mueve con ritmos m\u00e1s veloces, ajustando dotaciones, beneficios y modelos de trabajo seg\u00fan el ciclo econ\u00f3mico y la competencia.<\/span><\/p>\n<p><span>El mercado laboral digital o remoto forma otra capa relevante. Re\u00fane oportunidades que trascienden la ubicaci\u00f3n f\u00edsica, donde profesionales argentinos trabajan para empresas de otras provincias o de otros pa\u00edses. Y, finalmente, existen mercados laborales especializados por industria: tecnolog\u00eda, retail, industria manufacturera, salud, log\u00edstica, agro, entre otros. Cada uno tiene sus propias reglas, pr\u00e1cticas de <\/span><a href=\"https:\/\/runahr.com\/ar\/recursos\/reclutamiento\/contratacion\/\"><span>contrataci\u00f3n<\/span><\/a><span>, niveles de formalidad y \u201cprecio\u201d del talento.<\/span><\/p>\n<h2><b>\u00bfC\u00f3mo ingresar al mercado laboral correctamente?<\/b><\/h2>\n<p><span>Para una organizaci\u00f3n, \u201cingresar\u201d al mercado laboral de forma correcta no es solo publicar b\u00fasquedas, sino dise\u00f1ar una propuesta consistente de c\u00f3mo se recluta, se elige y se integra a las personas. Todo empieza por pr\u00e1cticas de reclutamiento claras y transparentes, que describan bien los roles, eviten promesas poco realistas y respeten los tiempos de quienes participan en los procesos. La experiencia del candidato, incluso el que no queda seleccionado, empieza a ser parte de la reputaci\u00f3n de la empresa en el mercado.<\/span><\/p>\n<p><span>El employer branding se vuelve una pieza clave. No se limita a campa\u00f1as de comunicaci\u00f3n atractivas, sino a la coherencia entre lo que se declara hacia afuera y lo que efectivamente se vive puertas adentro. En Argentina, esa coherencia se mide r\u00e1pido: en los comentarios en redes, en plataformas de evaluaci\u00f3n de empleadores y, sobre todo, en la velocidad con la que circula la informaci\u00f3n informal cuando algo no cierra.<\/span><\/p>\n<p><span>Los procesos de selecci\u00f3n necesitan estar alineados con las habilidades actuales y futuras. No alcanza con validar conocimientos t\u00e9cnicos; tambi\u00e9n se eval\u00faan capacidad de aprendizaje, adaptaci\u00f3n al cambio, <\/span><a href=\"https:\/\/runahr.com\/ar\/recursos\/recursos-humanos\/trabajo-en-equipo\/\"><span>trabajo en equipo<\/span><\/a><span> y alineaci\u00f3n cultural. En un contexto de cambios constantes, tener personas con margen para reconvertirse es tan importante como cubrir el requisito t\u00e9cnico del puesto.<\/span><\/p>\n<p><span>Por \u00faltimo, el <\/span><a href=\"https:\/\/runahr.com\/ar\/recursos\/recursos-humanos\/onboarding\"><span>onboarding<\/span><\/a><span> es el puente entre el mercado y la realidad interna. Una integraci\u00f3n efectiva, con objetivos claros, acompa\u00f1amiento real y espacios para preguntar, reduce el riesgo de rotaci\u00f3n temprana. El cl\u00e1sico caf\u00e9 improvisado para presentar al equipo, el mensaje de bienvenida del <\/span><a href=\"https:\/\/runahr.com\/ar\/recursos\/recursos-humanos\/liderazgo\/\"><span>liderazgo<\/span><\/a><span>, el apoyo en los primeros proyectos y la claridad sobre expectativas hacen la diferencia entre alguien que simplemente \u201centra a trabajar\u201d y alguien que empieza a construir una trayectoria en la organizaci\u00f3n.<\/span><\/p>\n<h2><b>\u00bfQu\u00e9 papel tienen los recursos humanos en el mercado laboral?<\/b><\/h2>\n<p><span>El \u00e1rea de <\/span><a href=\"https:\/\/runahr.com\/ar\/recursos\/recursos-humanos\/recursos-humanos\/\"><span>recursos humanos<\/span><\/a><span> funciona como el radar estrat\u00e9gico del talento disponible y como el traductor entre lo que pasa en el mercado laboral y lo que la empresa puede hacer internamente. No solo administra procesos, sino que interpreta se\u00f1ales: qu\u00e9 perfiles empiezan a escasear, qu\u00e9 beneficios marcan diferencia, qu\u00e9 segmentos muestran mayor riesgo de fuga y qu\u00e9 cambios en la propuesta de valor pueden mejorar la competitividad.<\/span><\/p>\n<p><span class=\"yoast-text-mark\">Dise\u00f1ar pol\u00edticas de compensaci\u00f3n competitivas es una de sus tareas centrales. Esto implica mucho m\u00e1s que ajustar sueldos por inflaci\u00f3n. Supone construir estructuras salariales ordenadas, revisar beneficios, considerar esquemas variables. En algunos casos, tambi\u00e9n explorar formas de compensaci\u00f3n alternativas para complementar la <\/span><a href=\"https:\/\/runahr.com\/ar\/recursos\/salario\/remuneracion\/\"><span>remuneraci\u00f3n<\/span><\/a><span> fija.<\/span><\/p>\n<p><span>Recursos humanos tambi\u00e9n impulsa programas de formaci\u00f3n, reskilling y upskilling para cerrar brechas internas. En lugar de depender exclusivamente del mercado para conseguir habilidades nuevas, se vuelve clave desarrollarlas dentro de la organizaci\u00f3n, combinando <\/span><a href=\"https:\/\/runahr.com\/ar\/recursos\/recursos-humanos\/capacitacion\/\"><span>capacitaci\u00f3n<\/span><\/a><span> formal, aprendizaje en el puesto y mentor\u00eda. As\u00ed se reducen los tiempos de cobertura de posiciones cr\u00edticas y se refuerza el compromiso de las personas.<\/span><\/p>\n<h2>Conclusi\u00f3n<\/h2>\n<p><span>Aprovechar el mercado laboral como insumo estrat\u00e9gico implica dejar de verlo como contexto, pra ver un mapa que gu\u00eda decisiones. Monitorear tendencias, seguir de cerca lo que ocurre en la propia industria, conversar con actores clave y cruzar esa informaci\u00f3n permite dise\u00f1ar pol\u00edticas de talento m\u00e1s realistas.<\/span><\/p>\n<p><span>En un pa\u00eds donde los cambios son una constante, las compa\u00f1\u00edas que logran ajustar r\u00e1pido sus decisiones de talento, ganan una ventaja dif\u00edcil de imitar. No se trata de \u201cganar por nocaut\u201d en el mercado laboral, sino de construir una estrategia sostenida. Esta debe ser capaz de atraer y cuidar a las personas adecuadas, en el momento adecuado y con las condiciones m\u00e1s alineadas posible a la realidad argentina.<\/span><\/p>\n\t\t<h2 class=\"runa-faq-title\">Preguntas frecuentes<\/h2>\n\n\t\t<div class=\"runa-faq-accordion\">\n\t\t\t\t\t\t<details class=\"runa-faq-item\">\n\t\t\t\t<summary>\n\t\t\t\t\t<span>\u00bfQu\u00e9 rol cumple el salario m\u00ednimo en la planificaci\u00f3n de estructuras de talento?<\/span>\n\t\t\t\t\t<i class=\"fas fa-chevron-down\" aria-hidden=\"true\"><\/i>\n\t\t\t\t<\/summary>\n\t\t\t\t<div class=\"runa-faq-content\">\n\t\t\t\t\t<p><span style=\"font-weight: 400\">El <\/span><a href=\"https:\/\/runahr.com\/ar\/recursos\/salario\/salario-minimo\/\"><span style=\"font-weight: 400\">salario m\u00ednimo<\/span><\/a><span style=\"font-weight: 400\"> funciona como un piso m\u00f3vil que impacta de lleno en costos, escalas internas y negociaciones sectoriales. En momentos de alta inflaci\u00f3n, sus actualizaciones pueden llegar antes de lo previsto y obligar a recalibrar presupuestos o revisar categor\u00edas para evitar desajustes internos que despu\u00e9s se traducen en malestar o reclamos formales.<\/span><\/p>\n<p>&nbsp;<\/p>\n\t\t\t\t<\/div>\n\t\t\t<\/details>\n\t\t\t\t\t\t<details class=\"runa-faq-item\">\n\t\t\t\t<summary>\n\t\t\t\t\t<span>\u00bfPor qu\u00e9 la ARCA o ex AFIP aparece en conversaciones sobre empleo y movimiento del mercado laboral?<\/span>\n\t\t\t\t\t<i class=\"fas fa-chevron-down\" aria-hidden=\"true\"><\/i>\n\t\t\t\t<\/summary>\n\t\t\t\t<div class=\"runa-faq-content\">\n\t\t\t\t\t<p><span style=\"font-weight: 400\">La <a href=\"https:\/\/runahr.com\/ar\/recursos\/salario\/arca\/\">Agencia de Recaudaci\u00f3n y Control Aduanero (ARCA)<\/a><\/span><span style=\"font-weight: 400\">, ex <\/span><a href=\"https:\/\/runahr.com\/ar\/recursos\/salario\/afip\/\"><span style=\"font-weight: 400\">Administraci\u00f3n Federal de Ingresos P\u00fablicos (AFIP)<\/span><\/a><span style=\"font-weight: 400\"> interviene en todo lo relativo a la registraci\u00f3n laboral, cargas sociales y cumplimiento fiscal. Cuando el mercado laboral se acelera, ya sea por rotaci\u00f3n o contrataciones puntuales, cualquier descuido en altas, bajas o categor\u00edas puede derivar en sanciones. En un entorno tan cambiante, tener estos procesos ordenados evita dolores de cabeza y mantiene la operaci\u00f3n prolija.<\/span><\/p>\n\t\t\t\t<\/div>\n\t\t\t<\/details>\n\t\t\t\t\t\t<details class=\"runa-faq-item\">\n\t\t\t\t<summary>\n\t\t\t\t\t<span>\u00bfC\u00f3mo condiciona la Ley de Contrato de Trabajo la toma de decisiones sobre talento?<\/span>\n\t\t\t\t\t<i class=\"fas fa-chevron-down\" aria-hidden=\"true\"><\/i>\n\t\t\t\t<\/summary>\n\t\t\t\t<div class=\"runa-faq-content\">\n\t\t\t\t\t<p><span style=\"font-weight: 400\">La <\/span><a href=\"https:\/\/runahr.com\/ar\/recursos\/salario\/ley-de-contrato-de-trabajo\/\"><span style=\"font-weight: 400\">Ley de Contrato de Trabajo<\/span><\/a><span style=\"font-weight: 400\"> marca los l\u00edmites de lo posible: jornadas, modalidades de contrataci\u00f3n, preavisos, derechos, <\/span><a href=\"https:\/\/runahr.com\/ar\/recursos\/salario\/indemnizacion\/\"><span style=\"font-weight: 400\">indemnizaci\u00f3n<\/span><\/a><span style=\"font-weight: 400\">. En un contexto donde se ajustan estructuras seguido, entender esas reglas es clave para evitar conflictos y planificar movimientos sin improvisaciones. No se trata de \u201cfrenar\u201d decisiones, sino de tomarlas con un mapa claro.<\/span><\/p>\n<p>&nbsp;<\/p>\n\t\t\t\t<\/div>\n\t\t\t<\/details>\n\t\t\t\t\t\t<details class=\"runa-faq-item\">\n\t\t\t\t<summary>\n\t\t\t\t\t<span>\u00bfQu\u00e9 papel tiene el Ministerio de Trabajo en la din\u00e1mica del mercado laboral?<\/span>\n\t\t\t\t\t<i class=\"fas fa-chevron-down\" aria-hidden=\"true\"><\/i>\n\t\t\t\t<\/summary>\n\t\t\t\t<div class=\"runa-faq-content\">\n\t\t\t\t\t<p><span style=\"font-weight: 400\">El <\/span><a href=\"https:\/\/runahr.com\/ar\/recursos\/salario\/ministerio-de-trabajo\/\"><span style=\"font-weight: 400\">Ministerio de Trabajo<\/span><\/a><span style=\"font-weight: 400\"> regula paritarias, fiscaliza pr\u00e1cticas laborales y define criterios que impactan en costos y decisiones de contrataci\u00f3n. Sus resoluciones \u2014esas que a veces llegan justo cuando se est\u00e1 cerrando el presupuesto\u2014 pueden cambiar el \u00e1nimo del mercado, desde beneficios nuevos hasta actualizaciones que obligan a recalcular la estrategia de talento sobre la marcha.<\/span><\/p>\n<p>&nbsp;<\/p>\n\t\t\t\t<\/div>\n\t\t\t<\/details>\n\t\t\t\t\t\t<details class=\"runa-faq-item\">\n\t\t\t\t<summary>\n\t\t\t\t\t<span>\u00bfC\u00f3mo impacta la cultura organizacional en la capacidad de competir por talento?<\/span>\n\t\t\t\t\t<i class=\"fas fa-chevron-down\" aria-hidden=\"true\"><\/i>\n\t\t\t\t<\/summary>\n\t\t\t\t<div class=\"runa-faq-content\">\n\t\t\t\t\t<p>La <a href=\"https:\/\/runahr.com\/ar\/recursos\/recursos-humanos\/cultura-organizacional\/\">cultura organizacional<\/a> opera como una especie de \u201cmarca interna\u201d que circula r\u00e1pido entre candidatos y empleados. Cuando el mercado se mueve fuerte, una cultura coherente retiene m\u00e1s y atrae mejor; cuando est\u00e1 desgastada, la fuga se acelera. En Argentina, donde el boca a boca es inmediato, esa coherencia vale tanto como un buen paquete salarial.<\/p>\n<p>&nbsp;<\/p>\n\t\t\t\t<\/div>\n\t\t\t<\/details>\n\t\t\t\t\t\t<details class=\"runa-faq-item\">\n\t\t\t\t<summary>\n\t\t\t\t\t<span>\u00bfQu\u00e9 relaci\u00f3n existe entre las ART y la competitividad del empleo?<\/span>\n\t\t\t\t\t<i class=\"fas fa-chevron-down\" aria-hidden=\"true\"><\/i>\n\t\t\t\t<\/summary>\n\t\t\t\t<div class=\"runa-faq-content\">\n\t\t\t\t\t<p>Las <a href=\"https:\/\/runahr.com\/ar\/recursos\/salario\/art\/\">Aseguradoras de Riesgos del Trabajo (ART)<\/a> aparecen cada vez que la empresa revisa costos laborales, riesgos y ausentismo. En mercados donde la operaci\u00f3n es intensa y los equipos est\u00e1n al l\u00edmite, una buena gesti\u00f3n de riesgos reduce accidentes y evita interrupciones que golpean la productividad. La ART, lejos de ser solo un requisito, termina siendo un indicador del bienestar interno y de la organizaci\u00f3n real del trabajo.<\/p>\n<p>&nbsp;<\/p>\n\t\t\t\t<\/div>\n\t\t\t<\/details>\n\t\t\t\t\t\t<details class=\"runa-faq-item\">\n\t\t\t\t<summary>\n\t\t\t\t\t<span>\u00bfPor qu\u00e9 la capacitaci\u00f3n se volvi\u00f3 cr\u00edtica ante los cambios del mercado laboral?<\/span>\n\t\t\t\t\t<i class=\"fas fa-chevron-down\" aria-hidden=\"true\"><\/i>\n\t\t\t\t<\/summary>\n\t\t\t\t<div class=\"runa-faq-content\">\n\t\t\t\t\t<p>La <a href=\"https:\/\/runahr.com\/ar\/recursos\/recursos-humanos\/capacitacion\/\">capacitaci\u00f3n<\/a> dej\u00f3 de ser \u201cun beneficio\u201d y pas\u00f3 a ser una estrategia defensiva: cuando ciertos perfiles escasean, formar internamente permite cubrir vacantes sin depender del mercado. Adem\u00e1s, protege contra la brecha de habilidades que se agranda con cada cambio tecnol\u00f3gico. En \u00e9pocas de ajustes, capacitar es m\u00e1s barato y m\u00e1s inteligente, que salir a buscar talento imposible de conseguir.<\/p>\n<p>&nbsp;<\/p>\n\t\t\t\t<\/div>\n\t\t\t<\/details>\n\t\t\t\t\t\t<details class=\"runa-faq-item\">\n\t\t\t\t<summary>\n\t\t\t\t\t<span>\u00bfC\u00f3mo inciden los vi\u00e1ticos en un mercado laboral con nuevas formas de trabajo?<\/span>\n\t\t\t\t\t<i class=\"fas fa-chevron-down\" aria-hidden=\"true\"><\/i>\n\t\t\t\t<\/summary>\n\t\t\t\t<div class=\"runa-faq-content\">\n\t\t\t\t\t<p>Los <a href=\"https:\/\/runahr.com\/ar\/recursos\/beneficios\/viaticos\/\">vi\u00e1ticos<\/a>, que antes parec\u00edan un detalle administrativo, hoy se recalculan por inflaci\u00f3n, cambios de movilidad, modelos h\u00edbridos y expectativas de equilibrio personal. En nichos donde la competencia es fuerte, ajustar estos beneficios puede inclinar la balanza. Mal gestionados generan ruido interno; bien dise\u00f1ados refuerzan la percepci\u00f3n de justicia y cuidado.<\/p>\n\t\t\t\t<\/div>\n\t\t\t<\/details>\n\t\t\t\t\t<\/div>\n\n\t\t<script>\n\t\t(function() {\n\t\t\tdocument.addEventListener('DOMContentLoaded', function() {\n\t\t\t\tvar items = document.querySelectorAll('.runa-faq-accordion details');\n\t\t\t\titems.forEach(function(target) {\n\t\t\t\t\ttarget.addEventListener('toggle', function() {\n\t\t\t\t\t\tif (target.open) {\n\t\t\t\t\t\t\titems.forEach(function(other) {\n\t\t\t\t\t\t\t\tif (other !== target && other.open) other.open = false;\n\t\t\t\t\t\t\t});\n\t\t\t\t\t\t}\n\t\t\t\t\t});\n\t\t\t\t});\n\t\t\t});\n\t\t})();\n\t\t<\/script>\n\t\t\n","protected":false},"excerpt":{"rendered":"<p>Entender c\u00f3mo se mueve hoy el mercado laboral en Argentina dej\u00f3 de ser un tema \u201cde contexto\u201d para convertirse en una variable diaria de gesti\u00f3n. En un mismo trimestre pueden convivir situaciones dispares, como ser la digitalizaci\u00f3n acelerada o una demanda feroz de ciertos perfiles. Al mismo tiempo, puede haber tensiones econ\u00f3micas que obligan a [&hellip;]<\/p>\n","protected":false},"author":99,"featured_media":1106793,"comment_status":"closed","ping_status":"closed","sticky":false,"template":"","format":"standard","meta":{"_acf_changed":false,"_wp_applaud_exclude":false,"footnotes":""},"categories":[2029,2030],"tags":[2165,2033],"class_list":["post-1106792","post","type-post","status-publish","format-standard","has-post-thumbnail","hentry","category-recursos","category-recursos-humanos","tag-articulo","tag-recursos-humanos-3-ar"],"acf":[],"yoast_head":"<!-- This site is optimized with the Yoast SEO Premium plugin v26.1 (Yoast SEO v27.4) - https:\/\/yoast.com\/product\/yoast-seo-premium-wordpress\/ -->\n<title>Mercado laboral: \u00bfQu\u00e9 es? \u00bfPara qu\u00e9 sirve? | AR | Runa HR<\/title>\n<meta name=\"description\" content=\"Entender el mercado laboral permite anticipar tendencias, definir estrategias de talento, ajustar costos y fortalecer la competitividad.\" \/>\n<meta name=\"robots\" content=\"index, follow, max-snippet:-1, max-image-preview:large, max-video-preview:-1\" \/>\n<link rel=\"canonical\" href=\"https:\/\/runahr.com\/ar\/recursos\/recursos-humanos\/mercado-laboral\/\" \/>\n<meta property=\"og:locale\" content=\"es_ES\" \/>\n<meta property=\"og:type\" content=\"article\" \/>\n<meta property=\"og:title\" content=\"Mercado laboral: \u00bfQu\u00e9 es? \u00bfPara qu\u00e9 sirve? | AR | Runa HR\" \/>\n<meta property=\"og:description\" content=\"Entender el mercado laboral permite anticipar tendencias, definir estrategias de talento, ajustar costos y fortalecer la competitividad.\" \/>\n<meta property=\"og:url\" content=\"https:\/\/runahr.com\/ar\/recursos\/recursos-humanos\/mercado-laboral\/\" \/>\n<meta property=\"og:site_name\" content=\"Runa HR\" \/>\n<meta property=\"article:publisher\" content=\"https:\/\/www.facebook.com\/runahr\/\" \/>\n<meta property=\"article:published_time\" content=\"2026-03-13T05:16:56+00:00\" \/>\n<meta property=\"og:image\" content=\"https:\/\/runahr.com\/wp-content\/uploads\/2026\/03\/mercado-laboral-scaled.webp\" \/>\n\t<meta property=\"og:image:width\" content=\"2560\" \/>\n\t<meta property=\"og:image:height\" content=\"1070\" \/>\n\t<meta property=\"og:image:type\" content=\"image\/webp\" \/>\n<meta name=\"author\" content=\"Graciela Fernandez\" \/>\n<meta name=\"twitter:card\" content=\"summary_large_image\" \/>\n<meta name=\"twitter:creator\" content=\"@runahr\" \/>\n<meta name=\"twitter:site\" content=\"@runahr\" \/>\n<meta name=\"twitter:label1\" content=\"Escrito por\" \/>\n\t<meta name=\"twitter:data1\" content=\"Graciela Fernandez\" \/>\n\t<meta name=\"twitter:label2\" content=\"Tiempo de lectura\" \/>\n\t<meta name=\"twitter:data2\" content=\"11 minutos\" \/>\n<!-- \/ Yoast SEO Premium plugin. -->","yoast_head_json":{"title":"Mercado laboral: \u00bfQu\u00e9 es? \u00bfPara qu\u00e9 sirve? | AR | Runa HR","description":"Entender el mercado laboral permite anticipar tendencias, definir estrategias de talento, ajustar costos y fortalecer la competitividad.","robots":{"index":"index","follow":"follow","max-snippet":"max-snippet:-1","max-image-preview":"max-image-preview:large","max-video-preview":"max-video-preview:-1"},"canonical":"https:\/\/runahr.com\/ar\/recursos\/recursos-humanos\/mercado-laboral\/","og_locale":"es_ES","og_type":"article","og_title":"Mercado laboral: \u00bfQu\u00e9 es? \u00bfPara qu\u00e9 sirve? | AR | Runa HR","og_description":"Entender el mercado laboral permite anticipar tendencias, definir estrategias de talento, ajustar costos y fortalecer la competitividad.","og_url":"https:\/\/runahr.com\/ar\/recursos\/recursos-humanos\/mercado-laboral\/","og_site_name":"Runa HR","article_publisher":"https:\/\/www.facebook.com\/runahr\/","article_published_time":"2026-03-13T05:16:56+00:00","og_image":[{"width":2560,"height":1070,"url":"https:\/\/runahr.com\/wp-content\/uploads\/2026\/03\/mercado-laboral-scaled.webp","type":"image\/webp"}],"author":"Graciela Fernandez","twitter_card":"summary_large_image","twitter_creator":"@runahr","twitter_site":"@runahr","twitter_misc":{"Escrito por":"Graciela Fernandez","Tiempo de lectura":"11 minutos"},"schema":{"@context":"https:\/\/schema.org","@graph":[{"@type":"Article","@id":"https:\/\/runahr.com\/ar\/recursos\/recursos-humanos\/mercado-laboral\/#article","isPartOf":{"@id":"https:\/\/runahr.com\/ar\/recursos\/recursos-humanos\/mercado-laboral\/"},"author":{"name":"Graciela Fernandez","@id":"https:\/\/runahr.com\/ar\/#\/schema\/person\/b930e31522d3bb414d8a6b4ac22ec528"},"headline":"Mercado laboral: \u00bfQu\u00e9 es? \u00bfPara qu\u00e9 sirve?","datePublished":"2026-03-13T05:16:56+00:00","mainEntityOfPage":{"@id":"https:\/\/runahr.com\/ar\/recursos\/recursos-humanos\/mercado-laboral\/"},"wordCount":2525,"publisher":{"@id":"https:\/\/runahr.com\/ar\/#organization"},"image":{"@id":"https:\/\/runahr.com\/ar\/recursos\/recursos-humanos\/mercado-laboral\/#primaryimage"},"thumbnailUrl":"https:\/\/runahr.com\/wp-content\/uploads\/2026\/03\/mercado-laboral-scaled.webp","keywords":["Art\u00edculo","Recursos humanos"],"articleSection":["Recursos","Recursos humanos"],"inLanguage":"es-AR"},{"@type":"WebPage","@id":"https:\/\/runahr.com\/ar\/recursos\/recursos-humanos\/mercado-laboral\/","url":"https:\/\/runahr.com\/ar\/recursos\/recursos-humanos\/mercado-laboral\/","name":"Mercado laboral: \u00bfQu\u00e9 es? \u00bfPara qu\u00e9 sirve? | AR | Runa HR","isPartOf":{"@id":"https:\/\/runahr.com\/ar\/#website"},"primaryImageOfPage":{"@id":"https:\/\/runahr.com\/ar\/recursos\/recursos-humanos\/mercado-laboral\/#primaryimage"},"image":{"@id":"https:\/\/runahr.com\/ar\/recursos\/recursos-humanos\/mercado-laboral\/#primaryimage"},"thumbnailUrl":"https:\/\/runahr.com\/wp-content\/uploads\/2026\/03\/mercado-laboral-scaled.webp","datePublished":"2026-03-13T05:16:56+00:00","description":"Entender el mercado laboral permite anticipar tendencias, definir estrategias de talento, ajustar costos y fortalecer la competitividad.","breadcrumb":{"@id":"https:\/\/runahr.com\/ar\/recursos\/recursos-humanos\/mercado-laboral\/#breadcrumb"},"inLanguage":"es-AR","potentialAction":[{"@type":"ReadAction","target":["https:\/\/runahr.com\/ar\/recursos\/recursos-humanos\/mercado-laboral\/"]}]},{"@type":"ImageObject","inLanguage":"es-AR","@id":"https:\/\/runahr.com\/ar\/recursos\/recursos-humanos\/mercado-laboral\/#primaryimage","url":"https:\/\/runahr.com\/wp-content\/uploads\/2026\/03\/mercado-laboral-scaled.webp","contentUrl":"https:\/\/runahr.com\/wp-content\/uploads\/2026\/03\/mercado-laboral-scaled.webp","width":2560,"height":1070,"caption":"mercado laboral"},{"@type":"BreadcrumbList","@id":"https:\/\/runahr.com\/ar\/recursos\/recursos-humanos\/mercado-laboral\/#breadcrumb","itemListElement":[{"@type":"ListItem","position":1,"name":"Home","item":"https:\/\/runahr.com\/ar\/"},{"@type":"ListItem","position":2,"name":"Recursos","item":"https:\/\/runahr.com\/ar\/category\/recursos\/"},{"@type":"ListItem","position":3,"name":"Recursos humanos","item":"https:\/\/runahr.com\/ar\/category\/recursos\/recursos-humanos\/"},{"@type":"ListItem","position":4,"name":"Mercado laboral: \u00bfQu\u00e9 es? \u00bfPara qu\u00e9 sirve?"}]},{"@type":"WebSite","@id":"https:\/\/runahr.com\/ar\/#website","url":"https:\/\/runahr.com\/ar\/","name":"Runa HR","description":"Software de N\u00f3mina y Gesti\u00f3n de RRHH","publisher":{"@id":"https:\/\/runahr.com\/ar\/#organization"},"potentialAction":[{"@type":"SearchAction","target":{"@type":"EntryPoint","urlTemplate":"https:\/\/runahr.com\/ar\/?s={search_term_string}"},"query-input":{"@type":"PropertyValueSpecification","valueRequired":true,"valueName":"search_term_string"}}],"inLanguage":"es-AR"},{"@type":"Organization","@id":"https:\/\/runahr.com\/ar\/#organization","name":"Runa HR","url":"https:\/\/runahr.com\/ar\/","logo":{"@type":"ImageObject","inLanguage":"es-AR","@id":"https:\/\/runahr.com\/ar\/#\/schema\/logo\/image\/","url":"https:\/\/runahr.com\/wp-content\/uploads\/2018\/05\/xDzHFcQY_400x400.jpg","contentUrl":"https:\/\/runahr.com\/wp-content\/uploads\/2018\/05\/xDzHFcQY_400x400.jpg","width":400,"height":400,"caption":"Runa HR"},"image":{"@id":"https:\/\/runahr.com\/ar\/#\/schema\/logo\/image\/"},"sameAs":["https:\/\/www.facebook.com\/runahr\/","https:\/\/x.com\/runahr","https:\/\/www.instagram.com\/runahr\/","https:\/\/mx.linkedin.com\/company\/runahr","https:\/\/www.youtube.com\/channel\/UCAZ21FupFMLIb1c7PPaU6Ew"]},{"@type":"Person","@id":"https:\/\/runahr.com\/ar\/#\/schema\/person\/b930e31522d3bb414d8a6b4ac22ec528","name":"Graciela Fernandez","image":{"@type":"ImageObject","inLanguage":"es-AR","@id":"https:\/\/secure.gravatar.com\/avatar\/12e3348401dbaa5808fe094b85f98811e3dac644136ec1b3f605d9f962947875?s=96&d=mm&r=g","url":"https:\/\/secure.gravatar.com\/avatar\/12e3348401dbaa5808fe094b85f98811e3dac644136ec1b3f605d9f962947875?s=96&d=mm&r=g","contentUrl":"https:\/\/secure.gravatar.com\/avatar\/12e3348401dbaa5808fe094b85f98811e3dac644136ec1b3f605d9f962947875?s=96&d=mm&r=g","caption":"Graciela Fernandez"},"url":"https:\/\/runahr.com\/ar\/author\/graciela_fernandez\/"}]}},"_links":{"self":[{"href":"https:\/\/runahr.com\/ar\/wp-json\/wp\/v2\/posts\/1106792","targetHints":{"allow":["GET"]}}],"collection":[{"href":"https:\/\/runahr.com\/ar\/wp-json\/wp\/v2\/posts"}],"about":[{"href":"https:\/\/runahr.com\/ar\/wp-json\/wp\/v2\/types\/post"}],"author":[{"embeddable":true,"href":"https:\/\/runahr.com\/ar\/wp-json\/wp\/v2\/users\/99"}],"replies":[{"embeddable":true,"href":"https:\/\/runahr.com\/ar\/wp-json\/wp\/v2\/comments?post=1106792"}],"version-history":[{"count":0,"href":"https:\/\/runahr.com\/ar\/wp-json\/wp\/v2\/posts\/1106792\/revisions"}],"wp:featuredmedia":[{"embeddable":true,"href":"https:\/\/runahr.com\/ar\/wp-json\/wp\/v2\/media\/1106793"}],"wp:attachment":[{"href":"https:\/\/runahr.com\/ar\/wp-json\/wp\/v2\/media?parent=1106792"}],"wp:term":[{"taxonomy":"category","embeddable":true,"href":"https:\/\/runahr.com\/ar\/wp-json\/wp\/v2\/categories?post=1106792"},{"taxonomy":"post_tag","embeddable":true,"href":"https:\/\/runahr.com\/ar\/wp-json\/wp\/v2\/tags?post=1106792"}],"curies":[{"name":"wp","href":"https:\/\/api.w.org\/{rel}","templated":true}]}}