{"id":1114564,"date":"2026-04-28T14:05:12","date_gmt":"2026-04-28T20:05:12","guid":{"rendered":"https:\/\/runahr.com\/?p=1114564"},"modified":"2026-04-28T14:05:12","modified_gmt":"2026-04-28T20:05:12","slug":"perfil-profesional","status":"publish","type":"post","link":"https:\/\/runahr.com\/ar\/recursos\/recursos-humanos\/perfil-profesional\/","title":{"rendered":"Perfil profesional: \u00bfQu\u00e9 es? \u00bfC\u00f3mo tramitarla?"},"content":{"rendered":"<p>&nbsp;<\/p>\n<p><span>En el mercado argentino actual, hablar de perfil profesional ya no es un tema \u201cblando\u201d o secundario. Es, en la pr\u00e1ctica, una herramienta de<\/span><a href=\"https:\/\/runahr.com\/ar\/recursos\/recursos-humanos\/gestion\/\"> <span>gesti\u00f3n<\/span><\/a><span> tan cr\u00edtica como un presupuesto, un forecast de ventas o un<\/span><a href=\"https:\/\/runahr.com\/ar\/recursos\/recursos-humanos\/organigrama\/\"> <span>organigrama<\/span><\/a><span>. En un contexto donde la inflaci\u00f3n presiona todos los meses, el d\u00f3lar se mueve como term\u00f3metro del humor social y las <\/span><a href=\"https:\/\/runahr.com\/ar\/recursos\/recursos-humanos\/paritarias\/\"><span>paritarias<\/span><\/a><span> reordenan<\/span><a href=\"https:\/\/runahr.com\/ar\/recursos\/salario\/salario\/\"> <span>salarios<\/span><\/a><span> varias veces al a\u00f1o, las empresas no pueden darse el lujo de improvisar con el talento. Tener claro qu\u00e9 tipo de personas se necesitan, con qu\u00e9 <\/span><a href=\"https:\/\/runahr.com\/ar\/recursos\/recursos-humanos\/competencias-laborales\/\"><span>competencias laborales<\/span><\/a><span> y con qu\u00e9 estilo de <\/span><a href=\"https:\/\/runahr.com\/ar\/recursos\/salario\/trabajo\/\"><span>trabajo<\/span><\/a><span>, se vuelve un requisito b\u00e1sico para cualquier CEO o responsable de RRHH que quiera sostener resultados y evitar sorpresas.<\/span><\/p>\n<p><span>Adem\u00e1s, la guerra por el talento ya no es un eslogan. Los perfiles m\u00e1s buscados comparan propuestas, miran cultura, piden<\/span> <a href=\"https:\/\/runahr.com\/ar\/recursos\/beneficios\/flexibilidad\/\"><span>flexibilidad<\/span><\/a><span> y revisan qu\u00e9 tan serio es el proyecto. En ese escenario, un enfoque estrat\u00e9gico del perfil profesional ayuda a ordenar decisiones de<\/span><a href=\"https:\/\/runahr.com\/ar\/recursos\/reclutamiento\/contratacion\/\"> <span>contrataci\u00f3n<\/span><\/a><span>, desarrollo y retenci\u00f3n. Permite entender qu\u00e9 se busca, por qu\u00e9 se busca y c\u00f3mo eso impacta en el negocio. Sin esa claridad, todo el proceso de personas se vuelve reactivo, caro y, muchas veces, injusto.<\/span><\/p>\n<h2><b>\u00bfQu\u00e9 es un perfil profesional en Argentina?<\/b><\/h2>\n<p><span>El perfil profesional puede entenderse como la \u201cfoto estrat\u00e9gica\u201d de la persona que se necesita para un rol, vista desde la empresa. No es solo una lista de tareas ni un resumen prolijo del<\/span><a href=\"https:\/\/runahr.com\/ar\/recursos\/reclutamiento\/cv\/\"> <span>CV<\/span><\/a><span> ideal. Es una descripci\u00f3n que combina responsabilidades, competencias, resultados esperados y encaje cultural. A diferencia de la descripci\u00f3n de<\/span><a href=\"https:\/\/runahr.com\/ar\/recursos\/recursos-humanos\/puesto\/\"> <span>puesto<\/span><\/a><span>, que suele detallar funciones y procesos, el perfil profesional se enfoca en qui\u00e9n deber\u00eda ocupar ese lugar: qu\u00e9 sabe, qu\u00e9 sabe hacer y c\u00f3mo lo hace.<\/span><\/p>\n<p><span>Tampoco se confunde con el CV: el CV es lo que la persona trae desde su historia; el perfil profesional es lo que la organizaci\u00f3n define como necesario para el futuro. Cuando se trabaja bien, se transforma en una gu\u00eda para la selecci\u00f3n y tambi\u00e9n en un insumo para planificar desarrollo y <\/span><a href=\"https:\/\/runahr.com\/ar\/recursos\/recursos-humanos\/sucesion\/\"><span>sucesi\u00f3n<\/span><\/a><span>. No se trata de acumular requisitos, sino de priorizar lo que hace la diferencia en la realidad de ese negocio, en ese momento y en ese contexto argentino.<\/span><\/p>\n<p><a href=\"https:\/\/recursos.runahr.com\/ar-guia-reclutamiento\"><img fetchpriority=\"high\" decoding=\"async\" class=\"alignnone size-large wp-image-1098292\" src=\"https:\/\/runahr.com\/wp-content\/uploads\/2026\/01\/CAR007-1024x405.webp\" alt=\"Descargar gu\u00eda de reclutamiento\" width=\"800\" height=\"316\" srcset=\"https:\/\/runahr.com\/wp-content\/uploads\/2026\/01\/CAR007-1024x405.webp 1024w, https:\/\/runahr.com\/wp-content\/uploads\/2026\/01\/CAR007-300x119.webp 300w, https:\/\/runahr.com\/wp-content\/uploads\/2026\/01\/CAR007-768x304.webp 768w, https:\/\/runahr.com\/wp-content\/uploads\/2026\/01\/CAR007-1536x607.webp 1536w, https:\/\/runahr.com\/wp-content\/uploads\/2026\/01\/CAR007-2048x809.webp 2048w\" sizes=\"(max-width: 800px) 100vw, 800px\" \/><\/a><\/p>\n<h2><b>\u00bfCu\u00e1l es el objetivo de un perfil profesional?<\/b><\/h2>\n<p><span>El objetivo central del perfil profesional es ordenar decisiones. En primer lugar, orienta la selecci\u00f3n: ayuda a definir qu\u00e9 competencias son indispensables, cu\u00e1les son deseables y cu\u00e1les pueden desarrollarse. Permite evaluar candidatos con una l\u00f3gica m\u00e1s objetiva, evitando que la elecci\u00f3n final dependa solo de la \u201cbuena impresi\u00f3n\u201d o del comentario informal despu\u00e9s de la<\/span><a href=\"https:\/\/runahr.com\/ar\/recursos\/recursos-humanos\/entrevista\/\"> <span>entrevista<\/span><\/a><span>.<\/span><\/p>\n<p><span>En segundo lugar, sirve para mapear talento. Al comparar el perfil profesional con la persona que ya ocupa el rol, es posible identificar brechas, oportunidades de desarrollo y necesidades de acompa\u00f1amiento. Esto impacta en la <\/span><a href=\"https:\/\/runahr.com\/ar\/recursos\/recursos-humanos\/productividad\/\"><span>productividad<\/span><\/a><span>, porque el puesto deja de depender exclusivamente del esfuerzo individual y se apoya en un dise\u00f1o m\u00e1s claro.<\/span><\/p>\n<p><span>Adem\u00e1s, un buen perfil profesional muestra qu\u00e9 comportamientos se valoran y qu\u00e9 estilo de<\/span> <a href=\"https:\/\/runahr.com\/ar\/recursos\/recursos-humanos\/liderazgo\/\"><span>liderazgo<\/span><\/a><span> o de<\/span> <a href=\"https:\/\/runahr.com\/ar\/recursos\/recursos-humanos\/trabajo-en-equipo\/\"><span>trabajo en equipo<\/span><\/a><span> se espera. Finalmente, act\u00faa como amortiguador frente a la rotaci\u00f3n. Cuando los criterios de selecci\u00f3n y desarrollo est\u00e1n ordenados, se reduce la probabilidad de contratar a alguien que, a los pocos meses, se desilusiona y se va, o que la empresa descubre que no encaja con el rumbo del negocio.<\/span><\/p>\n<h2><b>\u00bfC\u00f3mo funciona el perfil profesional en Argentina?<\/b><\/h2>\n<p><span>En Argentina, el perfil profesional opera en un terreno particular, donde conviven cambios de contexto, regulaciones laborales espec\u00edficas y pr\u00e1cticas de RRHH que se fueron profesionalizando con el tiempo. Las tendencias de contrataci\u00f3n muestran una mezcla interesante. Por un lado, mayor demanda de perfiles t\u00e9cnicos (sobre todo en tecnolog\u00eda, datos y operaciones). Por otro, una atenci\u00f3n creciente a las habilidades blandas, la capacidad de adaptaci\u00f3n y la solidez emocional para trabajar en entornos vol\u00e1tiles.<\/span><\/p>\n<p><span>El perfil profesional, adem\u00e1s, debe dialogar con los marcos legales vigentes y con las pr\u00e1cticas usuales: categor\u00edas laborales, <\/span><a href=\"https:\/\/runahr.com\/ar\/recursos\/recursos-humanos\/convenios-colectivos-de-trabajo\/\"><span>convenios colectivos de trabajo<\/span><span>,<\/span><\/a><span> sistemas de evaluaci\u00f3n, <\/span><a href=\"https:\/\/runahr.com\/ar\/recursos\/salario\/escalas-salariales\/\"><span>escalas salariales<\/span><\/a><span> y pol\u00edticas internas. No es lo mismo definir un perfil bajo convenio que uno fuera de convenio; tampoco es igual pensar seniority en una pyme exportadora que en una multinacional con banda salarial global.<\/span><\/p>\n<p><span>Las expectativas salariales, atravesadas por inflaci\u00f3n y ajustes peri\u00f3dicos, tambi\u00e9n se vuelven parte de la ecuaci\u00f3n. El perfil profesional ayuda a ordenar rangos,<\/span><a href=\"https:\/\/runahr.com\/ar\/recursos\/beneficios\/beneficios\"> <span>beneficios<\/span><\/a><span> y condiciones, alineados con el nivel de responsabilidad y con lo que el mercado argentino est\u00e1 pagando. Adem\u00e1s, obliga a mirar qu\u00e9 habilidades realmente tienen valor hoy: dominio digital, manejo de ingl\u00e9s, experiencia en entornos regulados, capacidad de liderar equipos h\u00edbridos, entre otras.<\/span><\/p>\n<h2><b>\u00bfPor qu\u00e9 es importante el perfil profesional?<\/b><\/h2>\n<p><span>El perfil profesional es importante porque atraviesa toda la \u201ccadena de talento\u201d de una organizaci\u00f3n. Empieza en la selecci\u00f3n, donde orienta la b\u00fasqueda y las entrevistas, y sigue en el<\/span><a href=\"https:\/\/runahr.com\/ar\/recursos\/recursos-humanos\/onboarding\"> <span>onboarding<\/span><\/a><span>, al clarificar qu\u00e9 se espera de la persona desde el primer d\u00eda. Contin\u00faa en el desarrollo, porque se convierte en referencia para planes de<\/span> <a href=\"https:\/\/runahr.com\/ar\/recursos\/recursos-humanos\/formacion\/\"><span>formaci\u00f3n<\/span><\/a><span>, mentoring, promociones y movimientos laterales. Incluso tiene impacto en la movilidad interna, al facilitar la comparaci\u00f3n entre roles y las posibilidades de crecimiento.<\/span><\/p>\n<p><span>Tambi\u00e9n es clave durante el offboarding. Cuando la salida de una persona se analiza con un perfil profesional bien definido, es m\u00e1s f\u00e1cil entender si hubo una mala selecci\u00f3n, un cambio de negocio no detectado a tiempo o una brecha de desarrollo no atendida. En t\u00e9rminos de gesti\u00f3n, el perfil profesional permite tomar decisiones m\u00e1s objetivas y predecibles. El debate deja de ser \u201cme gusta\/no me gusta\u201d y pasa a ser \u201cqu\u00e9 tanto se ajusta la persona a lo que este rol necesita para que el negocio funcione\u201d.<\/span><\/p>\n<p><span>En un pa\u00eds donde los planes cambian r\u00e1pido y los equipos deben adaptarse a nuevos escenarios con frecuencia, contar con perfiles profesionales claros es una forma de ganar estabilidad dentro del movimiento. Es una br\u00fajula que ayuda a sostener la coherencia en medio de la volatilidad.<\/span><\/p>\n<h2><b>\u00bfCu\u00e1les son las caracter\u00edsticas de un perfil profesional?<\/b><\/h2>\n<p><span>Un buen perfil profesional se reconoce, ante todo, por su claridad. No deja dudas sobre cu\u00e1l es el alcance del rol, qu\u00e9 tipo de decisiones se espera que tome la persona y con qu\u00e9 indicadores se medir\u00e1 su<\/span><a href=\"https:\/\/runahr.com\/ar\/recursos\/recursos-humanos\/desempeno\/\"> <span>desempe\u00f1o<\/span><\/a><span>. Esa claridad se vuelve un alivio tanto para quien lidera como para quien ocupa el puesto.<\/span><\/p>\n<p><span>Otra caracter\u00edstica clave es la relevancia. El perfil no acumula requisitos \u201cpor las dudas\u201d, sino que selecciona lo que de verdad hace diferencia en ese negocio, en ese sector y en ese momento. Se prioriza lo cr\u00edtico y se deja afuera lo ornamental. La alineaci\u00f3n estrat\u00e9gica tambi\u00e9n es esencial. El perfil tiene que conversar con la hoja de ruta del negocio, con los objetivos anuales y con los proyectos en marcha.<\/span><\/p>\n<p><span>Adem\u00e1s, un perfil profesional s\u00f3lido est\u00e1 orientado a competencias, tanto t\u00e9cnicas como blandas. No se queda en \u201csaber hacer\u201d tareas operativas, sino que incorpora habilidades como liderazgo, pensamiento anal\u00edtico, orientaci\u00f3n a resultados, flexibilidad o capacidad de<\/span><a href=\"https:\/\/runahr.com\/ar\/recursos\/recursos-humanos\/negociacion\/\"> <span>negociaci\u00f3n<\/span><\/a><span>, seg\u00fan el caso. Finalmente, mantiene un enfoque en resultados. Se redacta pensando en qu\u00e9 impacto debe generar la persona en t\u00e9rminos de negocio, equipo y cultura, no solo en lo que debe hacer d\u00eda a d\u00eda.<\/span><\/p>\n<p><a href=\"https:\/\/recursos.runahr.com\/ar-kit-recursos-humanos\"><img decoding=\"async\" class=\"alignnone size-large wp-image-1098491\" src=\"https:\/\/runahr.com\/wp-content\/uploads\/2026\/01\/CAR033-1024x403.webp\" alt=\"Descargar KIT de recursos humanos\" width=\"800\" height=\"315\" srcset=\"https:\/\/runahr.com\/wp-content\/uploads\/2026\/01\/CAR033-1024x403.webp 1024w, https:\/\/runahr.com\/wp-content\/uploads\/2026\/01\/CAR033-300x118.webp 300w, https:\/\/runahr.com\/wp-content\/uploads\/2026\/01\/CAR033-768x302.webp 768w, https:\/\/runahr.com\/wp-content\/uploads\/2026\/01\/CAR033-1536x605.webp 1536w, https:\/\/runahr.com\/wp-content\/uploads\/2026\/01\/CAR033.webp 1940w\" sizes=\"(max-width: 800px) 100vw, 800px\" \/><\/a><\/p>\n<h2><b>\u00bfQu\u00e9 componentes contiene un perfil profesional?<\/b><\/h2>\n<p><span>Aunque cada empresa pueda darle su propio formato, hay ciertos componentes que suelen ser esenciales. Por un lado, los datos generales del rol: nombre del puesto, \u00e1rea, reporte directo, ubicaci\u00f3n y, cuando corresponde, encuadre contractual o sindical. Ese bloque ordena lo b\u00e1sico y evita confusiones.<\/span><\/p>\n<p><span>Luego, el objetivo del puesto: una s\u00edntesis corta, pero potente, que explique para qu\u00e9 existe ese rol en la organizaci\u00f3n. No se trata de enumerar tareas, sino de describir el aporte clave al negocio. A partir de ah\u00ed se despliegan las responsabilidades principales, que detallan las funciones m\u00e1s importantes, los procesos que se lideran o coordinan y el nivel de autonom\u00eda para tomar decisiones.<\/span><\/p>\n<p><span>El perfil profesional tambi\u00e9n incluye las competencias t\u00e9cnicas requeridas (conocimientos espec\u00edficos, manejo de herramientas, experiencia en determinados mercados o tecnolog\u00edas) y las competencias blandas que se consideran cr\u00edticas para el desempe\u00f1o (<\/span><a href=\"https:\/\/runahr.com\/ar\/recursos\/recursos-humanos\/comunicacion\/\"><span>comunicaci\u00f3n<\/span><\/a><span>, trabajo en equipo, liderazgo,<\/span><a href=\"https:\/\/runahr.com\/ar\/recursos\/recursos-humanos\/resiliencia\/\"> <span>resiliencia<\/span><\/a><span>, etc.).<\/span><\/p>\n<p><span>Otro componente importante son los indicadores de desempe\u00f1o (<\/span><a href=\"https:\/\/runahr.com\/ar\/recursos\/recursos-humanos\/kpi\/\"><span>KPI<\/span><\/a><span>): c\u00f3mo se va a medir el \u00e9xito del rol, tanto en t\u00e9rminos cuantitativos como cualitativos. Se suman los requisitos formales, como educaci\u00f3n, a\u00f1os de experiencia y certificaciones necesarias. Finalmente, el ajuste cultural: qu\u00e9 rasgos de estilo, valores y forma de trabajo necesita esa persona para integrarse y sumar a la cultura existente, o para ayudar a transformarla cuando ese sea el objetivo.<\/span><\/p>\n<h2><b>\u00bfC\u00f3mo se puede definir un perfil profesional?<\/b><\/h2>\n<p><span>Definir un perfil profesional de forma seria implica un trabajo previo que va mucho m\u00e1s all\u00e1 de copiar y pegar descripciones de internet. Un primer paso suele ser mantener entrevistas con los l\u00edderes del \u00e1rea involucrada: entender qu\u00e9 dolores tienen hoy, qu\u00e9 resultados necesitan y qu\u00e9 tipo de persona imaginan que podr\u00eda resolverlos. Esas conversaciones, en un caf\u00e9 improvisado o en una reuni\u00f3n m\u00e1s formal, suelen revelar mucho m\u00e1s que cualquier formulario est\u00e1ndar.<\/span><\/p>\n<p><span>En paralelo, conviene realizar un an\u00e1lisis de necesidades del negocio: revisar objetivos, proyectos clave, cambios previstos en la operaci\u00f3n o en el mercado. A partir de ah\u00ed, se puede hacer un benchmark del mercado argentino, observando c\u00f3mo se est\u00e1n definiendo roles similares en otras empresas, qu\u00e9 t\u00edtulos se usan, qu\u00e9 rangos salariales se manejan y qu\u00e9 competencias aparecen con m\u00e1s frecuencia.<\/span><\/p>\n<p><span>Con ese insumo, llega el momento de la redacci\u00f3n, que idealmente debe estar centrada en impacto: qu\u00e9 se espera que logre la persona, qu\u00e9 decisiones debe tomar, qu\u00e9 problemas debe resolver. Una vez redactado el perfil, la validaci\u00f3n con RRHH y con el \u00e1rea solicitante es fundamental. Ese ida y vuelta evita malentendidos y asegura que el documento final sea \u00fatil tanto para buscar talento como para gestionarlo.<\/span><\/p>\n<h2><b>\u00bfQu\u00e9 tipos de perfil profesional son m\u00e1s solicitados en Argentina?<\/b><\/h2>\n<p><span>Hoy, en Argentina, se observa una demanda muy fuerte de perfiles vinculados a tecnolog\u00eda: desarrolladores, especialistas en datos, roles de ciberseguridad y profesionales capaces de articular negocio y soluciones digitales. Son posiciones que compiten con el mercado internacional y que exigen perfiles profesionales muy bien definidos para no perder tiempo, ni candidatos, en el proceso.<\/span><\/p>\n<p><span>Tambi\u00e9n aparecen con fuerza los perfiles comerciales y de ventas, tanto en consumo masivo como en servicios, banca, fintech y sectores industriales. Se buscan personas que no solo vendan, sino que gestionen relaciones de largo plazo y puedan leer un mercado vol\u00e1til. En finanzas y control de gesti\u00f3n, se necesitan perfiles que aporten rigor t\u00e9cnico, pero tambi\u00e9n mirada estrat\u00e9gica para acompa\u00f1ar decisiones en contextos de alta incertidumbre.<\/span><\/p>\n<p><span>En operaciones y log\u00edstica, los perfiles profesionales ponen el foco en<\/span><a href=\"https:\/\/runahr.com\/ar\/recursos\/recursos-humanos\/eficiencia\"> <span>eficiencia<\/span><\/a><span>, optimizaci\u00f3n de costos y manejo de cadenas de suministro tensionadas por restricciones cambiarias o de importaci\u00f3n. A esto se suman los talentos operativos especializados, claves para industrias como energ\u00eda, agro, salud, construcci\u00f3n o manufactura.<\/span><\/p>\n<p><span>Cada vez se ven m\u00e1s perfiles h\u00edbridos, con foco en innovaci\u00f3n y digitalizaci\u00f3n: roles que combinan conocimiento de negocio, manejo de datos, mirada de cliente y capacidad para impulsar cambios culturales dentro de la empresa.<\/span><\/p>\n<h2><b>\u00bfC\u00f3mo desarrollar un perfil profesional correctamente?<\/b><\/h2>\n<p><span>Desarrollar bien un perfil profesional implica evitar dos extremos muy frecuentes. Por un lado, descripciones gen\u00e9ricas que podr\u00edan aplicarse a cualquier puesto. Por otro, las listas interminables de requisitos imposibles de cumplir. El desaf\u00edo est\u00e1 en encontrar el punto justo. Para lograrlo, resulta clave priorizar competencias medibles y observables, aquellas que luego puedan verificarse en entrevistas, assessments o en el desempe\u00f1o diario.<\/span><\/p>\n<p><span>La alineaci\u00f3n con la cultura y la estrategia no es decorativa. Si la empresa promueve autonom\u00eda y agilidad, el perfil profesional debe reflejarlo. Si el contexto exige reportes y controles estrictos, tambi\u00e9n debe quedar claro. Integrar expectativas de desempe\u00f1o desde el primer d\u00eda ayuda a que la persona que se incorpore sepa, con realismo, qu\u00e9 se espera de su trabajo durante los primeros meses y qu\u00e9 hitos marcar\u00e1n el \u00e9xito.<\/span><\/p>\n<p><span>Otra buena pr\u00e1ctica es involucrar de verdad a los l\u00edderes en la creaci\u00f3n del perfil, y no dejarlo solo en manos de RRHH. La mirada de negocio y la de gesti\u00f3n de personas se complementan. Cuando ambas participan, el resultado es m\u00e1s robusto y aplicable. Finalmente, revisar peri\u00f3dicamente los perfiles profesionales en funci\u00f3n de los cambios del negocio evita que se vuelvan piezas decorativas guardadas en una carpeta compartida.<\/span><\/p>\n<h2><b>\u00bfCu\u00e1les son los beneficios del perfil profesional?<\/b><\/h2>\n<p><span>Los beneficios de contar con perfiles profesionales bien trabajados se notan r\u00e1pido, y no solo en los indicadores formales. De entrada, ordenan las decisiones de contrataci\u00f3n. Esto baja la cantidad de ingresos \u201cequivocados\u201d, esos casos en los que el aviso promete una cosa. La entrevista refuerza esa idea y, a los pocos meses, queda claro que el rol y la persona no estaban hablando de lo mismo. Cuando el perfil est\u00e1 claro, el filtro mejora, se desperdicia menos tiempo en entrevistas que no van a ning\u00fan lado y se evita buena parte del desgaste emocional de candidatos, l\u00edderes y RRHH.<\/span><\/p>\n<p><span>En la etapa de onboarding, el perfil deja de ser un papel guardado en una carpeta y se vuelve una especie de hoja de ruta: ayuda a que quien entra tenga, desde el inicio, un marco concreto de qu\u00e9 se espera, con qui\u00e9n se va a articular y qu\u00e9 decisiones deber\u00e1 tomar. Eso achica la curva de aprendizaje y facilita la integraci\u00f3n con el resto del equipo, que tambi\u00e9n entiende mejor qu\u00e9 lugar ocupa el nuevo rol. En la gesti\u00f3n del desempe\u00f1o, el mismo documento funciona como referencia compartida para fijar objetivos, revisar resultados y dar<\/span> <a href=\"https:\/\/runahr.com\/ar\/recursos\/recursos-humanos\/feedback\"><span>feedback<\/span><\/a><span> con m\u00e1s precisi\u00f3n, evitando discusiones apoyadas solo en percepciones o sensaciones del momento.<\/span><\/p>\n<p><span>En el plano del desarrollo profesional, los perfiles sirven como base para armar planes de carrera realistas, detectar necesidades de formaci\u00f3n y pensar movimientos internos que tengan sentido para la persona y para el negocio.\u00a0<\/span><\/p>\n<h2><b>\u00bfQu\u00e9 relaci\u00f3n tienen los recursos humanos con el perfil profesional?<\/b><\/h2>\n<p><span>El \u00e1rea de <\/span><a href=\"https:\/\/runahr.com\/ar\/recursos\/recursos-humanos\/recursos-humanos\/\"><span>recursos humanos<\/span><\/a><span>\u00a0 tiene un rol central como \u201carquitecto\u201d y guardi\u00e1n de los perfiles profesionales. No se trata solo de redactar documentos, sino de facilitar que toda la organizaci\u00f3n piense el talento de manera m\u00e1s estrat\u00e9gica. Entre sus responsabilidades est\u00e1 documentar, actualizar y estandarizar los perfiles, de modo que no se generen criterios completamente distintos entre \u00e1reas que comparten niveles de responsabilidad similares.<\/span><\/p>\n<p><span>RRHH tambi\u00e9n debe garantizar consistencia en la selecci\u00f3n y la evaluaci\u00f3n, usando los perfiles como referencia para entrevistas, <\/span><a href=\"https:\/\/runahr.com\/ar\/recursos\/recursos-humanos\/evaluacion-de-desempeno\/\"><span>evaluaci\u00f3n de desempe\u00f1o<\/span><\/a><span> y decisiones de promoci\u00f3n o ajuste salarial. Adem\u00e1s, conecta esos perfiles con otros sistemas clave: cultura empresarial, pol\u00edticas de compensaciones, planes de sucesi\u00f3n y programas de desarrollo.<\/span><\/p>\n<p><span>Todo esto debe hacerse respetando los marcos legales argentinos. Esto incluye normativas laborales, convenios colectivos, igualdad de oportunidades, criterios objetivos de evaluaci\u00f3n. Un perfil profesional bien trabajado ayuda a demostrar que las decisiones se toman con base en criterios claros y no en sesgos personales. En un contexto donde los conflictos laborales y las demandas pueden escalar r\u00e1pido, contar con ese respaldo no es un detalle menor.<\/span><\/p>\n<p><span>Aprovechar el perfil profesional como herramienta estrat\u00e9gica implica dejar de verlo como un formulario burocr\u00e1tico y empezar a usarlo como br\u00fajula de gesti\u00f3n de talento. Cuando se lo trabaja con seriedad, ayuda a atraer a las personas adecuadas, a seleccionarlas con m\u00e1s objetividad, a desarrollarlas con foco y a tomar decisiones dif\u00edciles con mayor respaldo. No resuelve todos los problemas, pero ordena la conversaci\u00f3n sobre qui\u00e9n hace qu\u00e9, para qu\u00e9 y con qu\u00e9 resultado esperado.<\/span><\/p>\n<p><a href=\"https:\/\/recursos.runahr.com\/ar-kit-reclutamiento\"><img decoding=\"async\" class=\"alignnone wp-image-1098500 size-large\" src=\"https:\/\/runahr.com\/wp-content\/uploads\/2026\/01\/CAR032-1024x405.webp\" alt=\"Descargar KIT de reclutamiento\" width=\"800\" height=\"316\" srcset=\"https:\/\/runahr.com\/wp-content\/uploads\/2026\/01\/CAR032-1024x405.webp 1024w, https:\/\/runahr.com\/wp-content\/uploads\/2026\/01\/CAR032-300x119.webp 300w, https:\/\/runahr.com\/wp-content\/uploads\/2026\/01\/CAR032-768x304.webp 768w, https:\/\/runahr.com\/wp-content\/uploads\/2026\/01\/CAR032-1536x607.webp 1536w, https:\/\/runahr.com\/wp-content\/uploads\/2026\/01\/CAR032-2048x809.webp 2048w\" sizes=\"(max-width: 800px) 100vw, 800px\" \/><\/a><\/p>\n\t\t<h2 class=\"runa-faq-title\">Preguntas frecuentes<\/h2>\n\n\t\t<div class=\"runa-faq-accordion\">\n\t\t\t\t\t\t<details class=\"runa-faq-item\">\n\t\t\t\t<summary>\n\t\t\t\t\t<span>\u00bfDe qu\u00e9 manera influye el perfil profesional en la definici\u00f3n de salario?<\/span>\n\t\t\t\t\t<i class=\"fas fa-chevron-down\" aria-hidden=\"true\"><\/i>\n\t\t\t\t<\/summary>\n\t\t\t\t<div class=\"runa-faq-content\">\n\t\t\t\t\t<p><span style=\"font-weight: 400\">Un perfil profesional bien trabajado ordena la l\u00f3gica del <\/span><a href=\"https:\/\/runahr.com\/ar\/recursos\/salario\/salario\/\"><span style=\"font-weight: 400\">salario<\/span><\/a><span style=\"font-weight: 400\">: ayuda a vincular nivel de responsabilidad, complejidad del rol y valor de mercado. As\u00ed se pueden definir bandas m\u00e1s consistentes, argumentar por qu\u00e9 un puesto paga lo que paga y afrontar paritarias internas con datos, no solo con percepciones. Reduce brechas arbitrarias y refuerza la sensaci\u00f3n de equidad interna.<\/span><\/p>\n<p>&nbsp;<\/p>\n\t\t\t\t<\/div>\n\t\t\t<\/details>\n\t\t\t\t\t\t<details class=\"runa-faq-item\">\n\t\t\t\t<summary>\n\t\t\t\t\t<span>\u00bfC\u00f3mo dialoga el perfil profesional con los criterios de salario m\u00ednimo?<\/span>\n\t\t\t\t\t<i class=\"fas fa-chevron-down\" aria-hidden=\"true\"><\/i>\n\t\t\t\t<\/summary>\n\t\t\t\t<div class=\"runa-faq-content\">\n\t\t\t\t\t<p><span style=\"font-weight: 400\">Aunque el <\/span><a href=\"https:\/\/runahr.com\/ar\/recursos\/salario\/salario-minimo\/\"><span style=\"font-weight: 400\">salario m\u00ednimo<\/span><\/a><span style=\"font-weight: 400\"> marca un piso regulatorio, el perfil profesional permite construir una estructura de <\/span><a href=\"https:\/\/runahr.com\/ar\/recursos\/salario\/remuneracion\/\"><span style=\"font-weight: 400\">remuneraci\u00f3n<\/span><\/a><span style=\"font-weight: 400\"> por encima de ese umbral, acorde a la propuesta de valor de la empresa. Sirve para justificar diferencias entre roles similares, siempre que se basen en responsabilidades, impacto y escasez de talento. Tambi\u00e9n facilita demostrar que las pol\u00edticas respetan est\u00e1ndares legales y de mercado.<\/span><\/p>\n<p>&nbsp;<\/p>\n\t\t\t\t<\/div>\n\t\t\t<\/details>\n\t\t\t\t\t\t<details class=\"runa-faq-item\">\n\t\t\t\t<summary>\n\t\t\t\t\t<span>\u00bfQu\u00e9 relaci\u00f3n tiene el perfil profesional con la Ley de Contrato de Trabajo?<\/span>\n\t\t\t\t\t<i class=\"fas fa-chevron-down\" aria-hidden=\"true\"><\/i>\n\t\t\t\t<\/summary>\n\t\t\t\t<div class=\"runa-faq-content\">\n\t\t\t\t\t<p><span style=\"font-weight: 400\">La <\/span><a href=\"https:\/\/runahr.com\/ar\/recursos\/salario\/ley-de-contrato-de-trabajo\/\"><span style=\"font-weight: 400\">Ley de Contrato de Trabajo<\/span><\/a><span style=\"font-weight: 400\"> fija el marco general, pero el perfil profesional ayuda a bajar esa normativa a la pr\u00e1ctica diaria. Una descripci\u00f3n clara del rol facilita demostrar tareas efectivas, categor\u00eda correcta y nivel de responsabilidad frente a inspecciones o conflictos. Bien documentado, se convierte en respaldo para decisiones sobre desempe\u00f1o, movilidad interna y desvinculaciones.<\/span><\/p>\n<p>&nbsp;<\/p>\n\t\t\t\t<\/div>\n\t\t\t<\/details>\n\t\t\t\t\t\t<details class=\"runa-faq-item\">\n\t\t\t\t<summary>\n\t\t\t\t\t<span>\u00bfPor qu\u00e9 es relevante el rol de la ARCA o ex AFIP al dise\u00f1ar perfiles profesionales?<\/span>\n\t\t\t\t\t<i class=\"fas fa-chevron-down\" aria-hidden=\"true\"><\/i>\n\t\t\t\t<\/summary>\n\t\t\t\t<div class=\"runa-faq-content\">\n\t\t\t\t\t<p><span style=\"font-weight: 400\">Si bien la ex <\/span><a href=\"https:\/\/runahr.com\/ar\/recursos\/salario\/afip\/\"><span style=\"font-weight: 400\">Administradora Federal de Ingresos P\u00fablicos (AFIP)<\/span><\/a><span style=\"font-weight: 400\"> , ahora <\/span><a href=\"https:\/\/runahr.com\/ar\/recursos\/salario\/arca\/\"><span style=\"font-weight: 400\">Agencia de Recaudaci\u00f3n y Control Aduanero (ARCA)<\/span><\/a><span style=\"font-weight: 400\">, no define perfiles profesionales, sus exigencias de registraci\u00f3n, categor\u00edas y trazabilidad de datos laborales obligan a ordenar la informaci\u00f3n de puestos y personas. Cuando los perfiles est\u00e1n claros, es m\u00e1s f\u00e1cil mantener consistencia entre legajos, recibos, cargas sociales y reportes. Eso reduce sorpresas en fiscalizaciones y evita inconsistencias entre lo declarado y lo que realmente hace cada rol.<\/span><\/p>\n<p>&nbsp;<\/p>\n\t\t\t\t<\/div>\n\t\t\t<\/details>\n\t\t\t\t\t\t<details class=\"runa-faq-item\">\n\t\t\t\t<summary>\n\t\t\t\t\t<span>\u00bfC\u00f3mo impacta el trabajo remoto en la definici\u00f3n del perfil profesional?<\/span>\n\t\t\t\t\t<i class=\"fas fa-chevron-down\" aria-hidden=\"true\"><\/i>\n\t\t\t\t<\/summary>\n\t\t\t\t<div class=\"runa-faq-content\">\n\t\t\t\t\t<p><span style=\"font-weight: 400\">El avance del <\/span><a href=\"https:\/\/runahr.com\/ar\/recursos\/recursos-humanos\/trabajo-remoto\/\"><span style=\"font-weight: 400\">trabajo remoto<\/span><\/a><span style=\"font-weight: 400\"> obliga a revisar cada perfil profesional: qu\u00e9 tareas pueden hacerse a distancia, qu\u00e9 nivel de autonom\u00eda se necesita y qu\u00e9 habilidades de <\/span><a href=\"https:\/\/runahr.com\/ar\/recursos\/recursos-humanos\/autogestion\/\"><span style=\"font-weight: 400\">autogesti\u00f3n<\/span><\/a><span style=\"font-weight: 400\"> resultan cr\u00edticas. Adem\u00e1s, redefine expectativas de disponibilidad, herramientas digitales y formas de liderazgo. Ignorar esa dimensi\u00f3n genera desajustes entre lo que se promete en la b\u00fasqueda y lo que el puesto exige en la pr\u00e1ctica.<\/span><\/p>\n<p>&nbsp;<\/p>\n\t\t\t\t<\/div>\n\t\t\t<\/details>\n\t\t\t\t\t\t<details class=\"runa-faq-item\">\n\t\t\t\t<summary>\n\t\t\t\t\t<span>\u00bfQu\u00e9 lugar ocupa la capacitaci\u00f3n dentro del dise\u00f1o del perfil profesional?<\/span>\n\t\t\t\t\t<i class=\"fas fa-chevron-down\" aria-hidden=\"true\"><\/i>\n\t\t\t\t<\/summary>\n\t\t\t\t<div class=\"runa-faq-content\">\n\t\t\t\t\t<p><span style=\"font-weight: 400\">Un buen perfil profesional distingue entre lo que debe venir \u201cde f\u00e1brica\u201d y lo que puede construirse mediante <\/span><a href=\"https:\/\/runahr.com\/ar\/recursos\/recursos-humanos\/capacitacion\/\"><span style=\"font-weight: 400\">capacitaci\u00f3n<\/span><\/a><span style=\"font-weight: 400\">. Esa diferenciaci\u00f3n permite dise\u00f1ar planes de desarrollo realistas, decidir d\u00f3nde conviene invertir en formaci\u00f3n y qu\u00e9 competencias se consideran no negociables. En contextos cambiantes, tambi\u00e9n ayuda a priorizar qu\u00e9 actualizar primero para que el equipo no quede desfasado frente al negocio.<\/span><\/p>\n<p>&nbsp;<\/p>\n\t\t\t\t<\/div>\n\t\t\t<\/details>\n\t\t\t\t\t\t<details class=\"runa-faq-item\">\n\t\t\t\t<summary>\n\t\t\t\t\t<span>\u00bfC\u00f3mo se vincula el perfil profesional con la cultura organizacional?<\/span>\n\t\t\t\t\t<i class=\"fas fa-chevron-down\" aria-hidden=\"true\"><\/i>\n\t\t\t\t<\/summary>\n\t\t\t\t<div class=\"runa-faq-content\">\n\t\t\t\t\t<p><span style=\"font-weight: 400\">El perfil profesional traduce la <\/span><a href=\"https:\/\/runahr.com\/ar\/recursos\/recursos-humanos\/cultura-organizacional\/\"><span style=\"font-weight: 400\">cultura organizacional<\/span><\/a><span style=\"font-weight: 400\"> en comportamientos observables: c\u00f3mo se espera que se tomen decisiones, se gestionen conflictos o se interact\u00fae con otras \u00e1reas. Si la cultura valora autonom\u00eda, colaboraci\u00f3n o foco en datos, eso debe aparecer en el perfil. De lo contrario, se termina contratando personas que chocan con la forma real de trabajar y generan fricci\u00f3n innecesaria.<\/span><\/p>\n<p>&nbsp;<\/p>\n\t\t\t\t<\/div>\n\t\t\t<\/details>\n\t\t\t\t\t\t<details class=\"runa-faq-item\">\n\t\t\t\t<summary>\n\t\t\t\t\t<span>\u00bfQu\u00e9 rol juega la n\u00f3mina en la gesti\u00f3n basada en perfiles profesionales?<\/span>\n\t\t\t\t\t<i class=\"fas fa-chevron-down\" aria-hidden=\"true\"><\/i>\n\t\t\t\t<\/summary>\n\t\t\t\t<div class=\"runa-faq-content\">\n\t\t\t\t\t<p><span style=\"font-weight: 400\">Cuando los perfiles profesionales est\u00e1n claros, la <\/span><a href=\"https:\/\/runahr.com\/ar\/recursos\/recursos-humanos\/nomina\/\"><span style=\"font-weight: 400\">n\u00f3mina<\/span><\/a><span style=\"font-weight: 400\"> deja de ser solo un listado de personas y sueldos para convertirse en un mapa de capacidades. Permite cruzar informaci\u00f3n de costos laborales con niveles de seniority, \u00e1reas cr\u00edticas y roles clave. Esa lectura combinada ayuda a decidir d\u00f3nde reforzar equipos, d\u00f3nde ajustar estructura y c\u00f3mo priorizar promociones o reemplazos.<\/span><\/p>\n<p>&nbsp;<\/p>\n\t\t\t\t<\/div>\n\t\t\t<\/details>\n\t\t\t\t\t\t<details class=\"runa-faq-item\">\n\t\t\t\t<summary>\n\t\t\t\t\t<span>\u00bfC\u00f3mo interviene el Ministerio de Trabajo, Empleo y Seguridad Social en este esquema?<\/span>\n\t\t\t\t\t<i class=\"fas fa-chevron-down\" aria-hidden=\"true\"><\/i>\n\t\t\t\t<\/summary>\n\t\t\t\t<div class=\"runa-faq-content\">\n\t\t\t\t\t<p><span style=\"font-weight: 400\">El <\/span><a href=\"https:\/\/runahr.com\/ar\/recursos\/recursos-humanos\/ministerio-de-trabajo-empleo-y-seguridad-social\/\"><span style=\"font-weight: 400\">Ministerio de Trabajo, Empleo y Seguridad Social<\/span><\/a><span style=\"font-weight: 400\"> marca el marco regulatorio de fondo: paritarias, convenios, regulaciones sobre modalidades de contrataci\u00f3n y protecci\u00f3n de derechos. Contar con perfiles profesionales claros facilita demostrar que las decisiones de selecci\u00f3n, clasificaci\u00f3n y compensaci\u00f3n se apoyan en criterios objetivos. Eso no solo reduce riesgos legales, tambi\u00e9n ordena el di\u00e1logo con el <\/span><a href=\"https:\/\/runahr.com\/ar\/recursos\/recursos-humanos\/sindicato\/\"><span style=\"font-weight: 400\">sindicato<\/span><\/a><span style=\"font-weight: 400\"> y autoridades.<\/span><\/p>\n\t\t\t\t<\/div>\n\t\t\t<\/details>\n\t\t\t\t\t<\/div>\n\n\t\t<script>\n\t\t(function() {\n\t\t\tdocument.addEventListener('DOMContentLoaded', function() {\n\t\t\t\tvar items = document.querySelectorAll('.runa-faq-accordion details');\n\t\t\t\titems.forEach(function(target) {\n\t\t\t\t\ttarget.addEventListener('toggle', function() {\n\t\t\t\t\t\tif (target.open) {\n\t\t\t\t\t\t\titems.forEach(function(other) {\n\t\t\t\t\t\t\t\tif (other !== target && other.open) other.open = false;\n\t\t\t\t\t\t\t});\n\t\t\t\t\t\t}\n\t\t\t\t\t});\n\t\t\t\t});\n\t\t\t});\n\t\t})();\n\t\t<\/script>\n\t\t\n","protected":false},"excerpt":{"rendered":"<p>&nbsp; En el mercado argentino actual, hablar de perfil profesional ya no es un tema \u201cblando\u201d o secundario. Es, en la pr\u00e1ctica, una herramienta de gesti\u00f3n tan cr\u00edtica como un presupuesto, un forecast de ventas o un organigrama. En un contexto donde la inflaci\u00f3n presiona todos los meses, el d\u00f3lar se mueve como term\u00f3metro del [&hellip;]<\/p>\n","protected":false},"author":99,"featured_media":1114568,"comment_status":"closed","ping_status":"closed","sticky":false,"template":"","format":"standard","meta":{"_acf_changed":false,"_wp_applaud_exclude":false,"footnotes":""},"categories":[2029,2030],"tags":[2165,2033],"class_list":["post-1114564","post","type-post","status-publish","format-standard","has-post-thumbnail","hentry","category-recursos","category-recursos-humanos","tag-articulo","tag-recursos-humanos-3-ar"],"acf":[],"yoast_head":"<!-- This site is optimized with the Yoast SEO Premium plugin v26.1 (Yoast SEO v27.5) - https:\/\/yoast.com\/product\/yoast-seo-premium-wordpress\/ -->\n<title>Perfil profesional: \u00bfQu\u00e9 es? \u00bfC\u00f3mo tramitarla? | AR | Runa HR<\/title>\n<meta name=\"description\" content=\"El perfil profesional ordena selecci\u00f3n, desarrollo y retenci\u00f3n de talento en Argentina, alineando personas, negocio y cultura.\" \/>\n<meta name=\"robots\" content=\"index, follow, max-snippet:-1, max-image-preview:large, max-video-preview:-1\" \/>\n<link rel=\"canonical\" href=\"https:\/\/runahr.com\/ar\/recursos\/recursos-humanos\/perfil-profesional\/\" \/>\n<meta property=\"og:locale\" content=\"es_ES\" \/>\n<meta property=\"og:type\" content=\"article\" \/>\n<meta property=\"og:title\" content=\"Perfil profesional: \u00bfQu\u00e9 es? \u00bfC\u00f3mo tramitarla? | AR | Runa HR\" \/>\n<meta property=\"og:description\" content=\"El perfil profesional ordena selecci\u00f3n, desarrollo y retenci\u00f3n de talento en Argentina, alineando personas, negocio y cultura.\" \/>\n<meta property=\"og:url\" content=\"https:\/\/runahr.com\/ar\/recursos\/recursos-humanos\/perfil-profesional\/\" \/>\n<meta property=\"og:site_name\" content=\"Runa HR\" \/>\n<meta property=\"article:publisher\" content=\"https:\/\/www.facebook.com\/runahr\/\" \/>\n<meta property=\"article:published_time\" content=\"2026-04-28T20:05:12+00:00\" \/>\n<meta property=\"og:image\" content=\"https:\/\/runahr.com\/wp-content\/uploads\/2026\/04\/perfil-profesional.webp\" \/>\n\t<meta property=\"og:image:width\" content=\"2048\" \/>\n\t<meta property=\"og:image:height\" content=\"827\" \/>\n\t<meta property=\"og:image:type\" content=\"image\/webp\" \/>\n<meta name=\"author\" content=\"Graciela Fernandez\" \/>\n<meta name=\"twitter:card\" content=\"summary_large_image\" \/>\n<meta name=\"twitter:creator\" content=\"@runahr\" \/>\n<meta name=\"twitter:site\" content=\"@runahr\" \/>\n<meta name=\"twitter:label1\" content=\"Escrito por\" \/>\n\t<meta name=\"twitter:data1\" content=\"Graciela Fernandez\" \/>\n\t<meta name=\"twitter:label2\" content=\"Tiempo de lectura\" \/>\n\t<meta name=\"twitter:data2\" content=\"13 minutos\" \/>\n<!-- \/ Yoast SEO Premium plugin. -->","yoast_head_json":{"title":"Perfil profesional: \u00bfQu\u00e9 es? \u00bfC\u00f3mo tramitarla? | AR | Runa HR","description":"El perfil profesional ordena selecci\u00f3n, desarrollo y retenci\u00f3n de talento en Argentina, alineando personas, negocio y cultura.","robots":{"index":"index","follow":"follow","max-snippet":"max-snippet:-1","max-image-preview":"max-image-preview:large","max-video-preview":"max-video-preview:-1"},"canonical":"https:\/\/runahr.com\/ar\/recursos\/recursos-humanos\/perfil-profesional\/","og_locale":"es_ES","og_type":"article","og_title":"Perfil profesional: \u00bfQu\u00e9 es? \u00bfC\u00f3mo tramitarla? | AR | Runa HR","og_description":"El perfil profesional ordena selecci\u00f3n, desarrollo y retenci\u00f3n de talento en Argentina, alineando personas, negocio y cultura.","og_url":"https:\/\/runahr.com\/ar\/recursos\/recursos-humanos\/perfil-profesional\/","og_site_name":"Runa HR","article_publisher":"https:\/\/www.facebook.com\/runahr\/","article_published_time":"2026-04-28T20:05:12+00:00","og_image":[{"width":2048,"height":827,"url":"https:\/\/runahr.com\/wp-content\/uploads\/2026\/04\/perfil-profesional.webp","type":"image\/webp"}],"author":"Graciela Fernandez","twitter_card":"summary_large_image","twitter_creator":"@runahr","twitter_site":"@runahr","twitter_misc":{"Escrito por":"Graciela Fernandez","Tiempo de lectura":"13 minutos"},"schema":{"@context":"https:\/\/schema.org","@graph":[{"@type":"Article","@id":"https:\/\/runahr.com\/ar\/recursos\/recursos-humanos\/perfil-profesional\/#article","isPartOf":{"@id":"https:\/\/runahr.com\/ar\/recursos\/recursos-humanos\/perfil-profesional\/"},"author":{"name":"Graciela Fernandez","@id":"https:\/\/runahr.com\/ar\/#\/schema\/person\/b930e31522d3bb414d8a6b4ac22ec528"},"headline":"Perfil profesional: \u00bfQu\u00e9 es? \u00bfC\u00f3mo tramitarla?","datePublished":"2026-04-28T20:05:12+00:00","mainEntityOfPage":{"@id":"https:\/\/runahr.com\/ar\/recursos\/recursos-humanos\/perfil-profesional\/"},"wordCount":2773,"publisher":{"@id":"https:\/\/runahr.com\/ar\/#organization"},"image":{"@id":"https:\/\/runahr.com\/ar\/recursos\/recursos-humanos\/perfil-profesional\/#primaryimage"},"thumbnailUrl":"https:\/\/runahr.com\/wp-content\/uploads\/2026\/04\/perfil-profesional.webp","keywords":["Art\u00edculo","Recursos humanos"],"articleSection":["Recursos","Recursos humanos"],"inLanguage":"es-AR"},{"@type":"WebPage","@id":"https:\/\/runahr.com\/ar\/recursos\/recursos-humanos\/perfil-profesional\/","url":"https:\/\/runahr.com\/ar\/recursos\/recursos-humanos\/perfil-profesional\/","name":"Perfil profesional: \u00bfQu\u00e9 es? \u00bfC\u00f3mo tramitarla? | AR | Runa HR","isPartOf":{"@id":"https:\/\/runahr.com\/ar\/#website"},"primaryImageOfPage":{"@id":"https:\/\/runahr.com\/ar\/recursos\/recursos-humanos\/perfil-profesional\/#primaryimage"},"image":{"@id":"https:\/\/runahr.com\/ar\/recursos\/recursos-humanos\/perfil-profesional\/#primaryimage"},"thumbnailUrl":"https:\/\/runahr.com\/wp-content\/uploads\/2026\/04\/perfil-profesional.webp","datePublished":"2026-04-28T20:05:12+00:00","description":"El perfil profesional ordena selecci\u00f3n, desarrollo y retenci\u00f3n de talento en Argentina, alineando personas, negocio y cultura.","breadcrumb":{"@id":"https:\/\/runahr.com\/ar\/recursos\/recursos-humanos\/perfil-profesional\/#breadcrumb"},"inLanguage":"es-AR","potentialAction":[{"@type":"ReadAction","target":["https:\/\/runahr.com\/ar\/recursos\/recursos-humanos\/perfil-profesional\/"]}]},{"@type":"ImageObject","inLanguage":"es-AR","@id":"https:\/\/runahr.com\/ar\/recursos\/recursos-humanos\/perfil-profesional\/#primaryimage","url":"https:\/\/runahr.com\/wp-content\/uploads\/2026\/04\/perfil-profesional.webp","contentUrl":"https:\/\/runahr.com\/wp-content\/uploads\/2026\/04\/perfil-profesional.webp","width":2048,"height":827,"caption":"perfil profesional"},{"@type":"BreadcrumbList","@id":"https:\/\/runahr.com\/ar\/recursos\/recursos-humanos\/perfil-profesional\/#breadcrumb","itemListElement":[{"@type":"ListItem","position":1,"name":"Home","item":"https:\/\/runahr.com\/ar\/"},{"@type":"ListItem","position":2,"name":"Recursos","item":"https:\/\/runahr.com\/ar\/category\/recursos\/"},{"@type":"ListItem","position":3,"name":"Recursos humanos","item":"https:\/\/runahr.com\/ar\/category\/recursos\/recursos-humanos\/"},{"@type":"ListItem","position":4,"name":"Perfil profesional: \u00bfQu\u00e9 es? \u00bfC\u00f3mo tramitarla?"}]},{"@type":"WebSite","@id":"https:\/\/runahr.com\/ar\/#website","url":"https:\/\/runahr.com\/ar\/","name":"Runa HR","description":"Software de N\u00f3mina y Gesti\u00f3n de RRHH","publisher":{"@id":"https:\/\/runahr.com\/ar\/#organization"},"potentialAction":[{"@type":"SearchAction","target":{"@type":"EntryPoint","urlTemplate":"https:\/\/runahr.com\/ar\/?s={search_term_string}"},"query-input":{"@type":"PropertyValueSpecification","valueRequired":true,"valueName":"search_term_string"}}],"inLanguage":"es-AR"},{"@type":"Organization","@id":"https:\/\/runahr.com\/ar\/#organization","name":"Runa HR","url":"https:\/\/runahr.com\/ar\/","logo":{"@type":"ImageObject","inLanguage":"es-AR","@id":"https:\/\/runahr.com\/ar\/#\/schema\/logo\/image\/","url":"https:\/\/runahr.com\/wp-content\/uploads\/2018\/05\/xDzHFcQY_400x400.jpg","contentUrl":"https:\/\/runahr.com\/wp-content\/uploads\/2018\/05\/xDzHFcQY_400x400.jpg","width":400,"height":400,"caption":"Runa HR"},"image":{"@id":"https:\/\/runahr.com\/ar\/#\/schema\/logo\/image\/"},"sameAs":["https:\/\/www.facebook.com\/runahr\/","https:\/\/x.com\/runahr","https:\/\/www.instagram.com\/runahr\/","https:\/\/mx.linkedin.com\/company\/runahr","https:\/\/www.youtube.com\/channel\/UCAZ21FupFMLIb1c7PPaU6Ew"]},{"@type":"Person","@id":"https:\/\/runahr.com\/ar\/#\/schema\/person\/b930e31522d3bb414d8a6b4ac22ec528","name":"Graciela Fernandez","image":{"@type":"ImageObject","inLanguage":"es-AR","@id":"https:\/\/secure.gravatar.com\/avatar\/12e3348401dbaa5808fe094b85f98811e3dac644136ec1b3f605d9f962947875?s=96&d=mm&r=g","url":"https:\/\/secure.gravatar.com\/avatar\/12e3348401dbaa5808fe094b85f98811e3dac644136ec1b3f605d9f962947875?s=96&d=mm&r=g","contentUrl":"https:\/\/secure.gravatar.com\/avatar\/12e3348401dbaa5808fe094b85f98811e3dac644136ec1b3f605d9f962947875?s=96&d=mm&r=g","caption":"Graciela Fernandez"},"url":"https:\/\/runahr.com\/ar\/author\/graciela_fernandez\/"}]}},"_links":{"self":[{"href":"https:\/\/runahr.com\/ar\/wp-json\/wp\/v2\/posts\/1114564","targetHints":{"allow":["GET"]}}],"collection":[{"href":"https:\/\/runahr.com\/ar\/wp-json\/wp\/v2\/posts"}],"about":[{"href":"https:\/\/runahr.com\/ar\/wp-json\/wp\/v2\/types\/post"}],"author":[{"embeddable":true,"href":"https:\/\/runahr.com\/ar\/wp-json\/wp\/v2\/users\/99"}],"replies":[{"embeddable":true,"href":"https:\/\/runahr.com\/ar\/wp-json\/wp\/v2\/comments?post=1114564"}],"version-history":[{"count":1,"href":"https:\/\/runahr.com\/ar\/wp-json\/wp\/v2\/posts\/1114564\/revisions"}],"predecessor-version":[{"id":1114571,"href":"https:\/\/runahr.com\/ar\/wp-json\/wp\/v2\/posts\/1114564\/revisions\/1114571"}],"wp:featuredmedia":[{"embeddable":true,"href":"https:\/\/runahr.com\/ar\/wp-json\/wp\/v2\/media\/1114568"}],"wp:attachment":[{"href":"https:\/\/runahr.com\/ar\/wp-json\/wp\/v2\/media?parent=1114564"}],"wp:term":[{"taxonomy":"category","embeddable":true,"href":"https:\/\/runahr.com\/ar\/wp-json\/wp\/v2\/categories?post=1114564"},{"taxonomy":"post_tag","embeddable":true,"href":"https:\/\/runahr.com\/ar\/wp-json\/wp\/v2\/tags?post=1114564"}],"curies":[{"name":"wp","href":"https:\/\/api.w.org\/{rel}","templated":true}]}}