{"id":1114599,"date":"2026-04-28T21:07:58","date_gmt":"2026-04-29T03:07:58","guid":{"rendered":"https:\/\/runahr.com\/?p=1114599"},"modified":"2026-04-28T21:07:58","modified_gmt":"2026-04-29T03:07:58","slug":"reincorporacion","status":"publish","type":"post","link":"https:\/\/runahr.com\/ar\/recursos\/recursos-humanos\/reincorporacion\/","title":{"rendered":"Reincorporaci\u00f3n: \u00bfQu\u00e9 es? \u00bfC\u00f3mo funciona?"},"content":{"rendered":"<p><span>La reincorporaci\u00f3n laboral se juega, casi siempre, en un terreno sensible. No solo porque marca el regreso de una persona despu\u00e9s de una<\/span> <a href=\"https:\/\/runahr.com\/ar\/recursos\/recursos-humanos\/ausencia\/\"><span>ausencia<\/span><\/a><span> (por enfermedad, maternidad, suspensiones, conflictos o acuerdos), sino porque pone a prueba la cultura de la organizaci\u00f3n, la solidez de sus procesos y la madurez de su<\/span> <a href=\"https:\/\/runahr.com\/ar\/recursos\/recursos-humanos\/liderazgo\/\"><span>liderazgo<\/span><\/a><span>. En la pr\u00e1ctica, suele aparecer en momentos delicados: un alta m\u00e9dica que llega despu\u00e9s de meses de incertidumbre, una licencia por cuidado de familiares, una suspensi\u00f3n acordada en medio de una crisis, un conflicto gremial, una licencia sin goce que se extendi\u00f3 m\u00e1s de lo previsto.<\/span><\/p>\n<p><span>En un contexto como el argentino, donde la continuidad operativa convive con <\/span><a href=\"https:\/\/runahr.com\/ar\/recursos\/recursos-humanos\/paritarias\/\"><span>paritarias<\/span><\/a><span>, inflaci\u00f3n, negociaciones permanentes y un nivel de tensi\u00f3n laboral que se siente en el d\u00eda a d\u00eda, la reincorporaci\u00f3n no es un tr\u00e1mite. Es un proceso que impacta en el funcionamiento de los equipos, en la relaci\u00f3n con el <\/span><a href=\"https:\/\/runahr.com\/ar\/recursos\/recursos-humanos\/sindicato\/\"><span>sindicato<\/span><\/a><span>, en la imagen interna de la<\/span><a href=\"https:\/\/runahr.com\/ar\/salario\/empresas\/\"> <span>empresa<\/span><\/a><span> y en el riesgo legal. Por eso, m\u00e1s que pensarla como un \u201cd\u00eda de regreso\u201d, conviene verla como un camino con varias etapas, donde RRHH, los l\u00edderes directos y la direcci\u00f3n comparten responsabilidad. Cuando se la gestiona de manera ordenada y humana, contribuye a sostener la continuidad del negocio, cuidar el clima y asegurar el cumplimiento normativo sin perder de vista a la persona que vuelve.<\/span><\/p>\n<h2><b>\u00bfQu\u00e9 es la reincorporaci\u00f3n en Argentina?<\/b><\/h2>\n<p><span>En el contexto laboral argentino, la reincorporaci\u00f3n es el retorno formal de un colaborador a su <\/span><a href=\"https:\/\/runahr.com\/ar\/recursos\/recursos-humanos\/puesto\/\"><span>puesto<\/span><\/a><span> de <\/span><a href=\"https:\/\/runahr.com\/ar\/recursos\/salario\/trabajo\/\"><span>trabajo<\/span><\/a><span> (o a un puesto equivalente) despu\u00e9s de una ausencia justificada o regulada. No se trata solo de \u201cvolver a la oficina\u201d o reconectarse al sistema: implica restablecer de manera clara y documentada las condiciones de la <\/span><a href=\"https:\/\/runahr.com\/ar\/recursos\/recursos-humanos\/relacion-laboral\/\"><span>relaci\u00f3n laboral<\/span><\/a><span>, retomando derechos y obligaciones para ambas partes.<\/span><\/p>\n<p><span>En t\u00e9rminos generales, la reincorporaci\u00f3n aparece despu\u00e9s de licencias m\u00e9dicas, maternidad o paternidad, suspensiones disciplinarias o econ\u00f3micas, licencias sin goce de sueldo, acuerdos de desvinculaci\u00f3n frustrados, conflictos laborales o <\/span><a href=\"https:\/\/runahr.com\/ar\/recursos\/recursos-humanos\/accidente-laboral\/\"><span>accidente laboral<\/span><\/a><span> cubiertos por<\/span> <span>la aseguradora. En todos estos casos, la ausencia tiene un marco: puede estar regulada por la ley, por <\/span><a href=\"https:\/\/runahr.com\/ar\/recursos\/recursos-humanos\/convenios-colectivos-de-trabajo\/\"><span>convenios colectivos de trabajo<\/span><\/a><span>, por la normativa de <\/span><a href=\"https:\/\/runahr.com\/ar\/recursos\/salario\/seguridad-social\/\"><span>seguridad social<\/span><\/a><span> o por acuerdos individuales.<\/span><\/p>\n<p><span>Es importante diferenciar reincorporaci\u00f3n, reingreso y alta m\u00e9dica. El alta m\u00e9dica es el acto t\u00e9cnico por el cual un profesional habilitado determina que la persona est\u00e1 en condiciones de trabajar. El reingreso se utiliza muchas veces para describir el ingreso de alguien que ya estuvo en la <\/span><a href=\"https:\/\/runahr.com\/ar\/recursos\/salario\/empresas\/\"><span>empresa<\/span><\/a><span> y vuelve a ser contratado. La reincorporaci\u00f3n, en cambio, se vincula con la continuidad del v\u00ednculo existente: la relaci\u00f3n laboral no se interrumpi\u00f3, solo estuvo suspendida o en pausa bajo determinadas condiciones.<\/span><\/p>\n<p><span>La reincorporaci\u00f3n puede ser obligatoria o voluntaria. Ser\u00e1 obligatoria, por ejemplo, cuando la normativa o una decisi\u00f3n administrativa o judicial as\u00ed lo establezcan. Es el caso de accidentes de trabajo, licencias legales, reinstalaciones ordenadas por la Justicia ante un <\/span><a href=\"https:\/\/runahr.com\/ar\/recursos\/recursos-humanos\/despido-laboral\/\"><span>despido laboral<\/span><\/a><span> considerado discriminatorio o improcedente, entre otros. En otras situaciones, puede surgir como resultado de un acuerdo entre partes, donde empresa y colaborador deciden recomponer el v\u00ednculo luego de una suspensi\u00f3n, una licencia especial o un conflicto.<\/span><\/p>\n<p><a href=\"https:\/\/recursos.runahr.com\/ar-guia-reclutamiento\"><img fetchpriority=\"high\" decoding=\"async\" class=\"alignnone size-large wp-image-1098491\" src=\"https:\/\/runahr.com\/wp-content\/uploads\/2026\/01\/CAR033-1024x403.webp\" alt=\"Descargar KIT de recursos humanos\" width=\"800\" height=\"315\" srcset=\"https:\/\/runahr.com\/wp-content\/uploads\/2026\/01\/CAR033-1024x403.webp 1024w, https:\/\/runahr.com\/wp-content\/uploads\/2026\/01\/CAR033-300x118.webp 300w, https:\/\/runahr.com\/wp-content\/uploads\/2026\/01\/CAR033-768x302.webp 768w, https:\/\/runahr.com\/wp-content\/uploads\/2026\/01\/CAR033-1536x605.webp 1536w, https:\/\/runahr.com\/wp-content\/uploads\/2026\/01\/CAR033.webp 1940w\" sizes=\"(max-width: 800px) 100vw, 800px\" \/><\/a><\/p>\n<h2><b>\u00bfPara qu\u00e9 sirve la reincorporaci\u00f3n?<\/b><\/h2>\n<p><span>La reincorporaci\u00f3n sirve, en primer lugar, para restablecer la relaci\u00f3n laboral de manera formal y ordenada. No alcanza con que la persona \u201caparezca\u201d un lunes en la oficina o avise por mensaje que ya tiene el alta: la empresa necesita dejar constancia de que el v\u00ednculo se retoma en determinados t\u00e9rminos, en una fecha concreta y bajo determinadas condiciones. Esa prolijidad evita malentendidos posteriores sobre salarios, antig\u00fcedad, <\/span><a href=\"https:\/\/runahr.com\/ar\/recursos\/beneficios\/beneficios\"><span>beneficios<\/span><\/a><span> y responsabilidades.<\/span><\/p>\n<p><span>En segundo lugar, la reincorporaci\u00f3n es una salvaguarda normativa. Un circuito bien dise\u00f1ado ayuda a cumplir con la legislaci\u00f3n vigente, los convenios colectivos, los dict\u00e1menes de la aseguradora y las resoluciones administrativas o judiciales. Cuando el proceso est\u00e1 documentado y se respetan plazos y requisitos, se reducen los riesgos de reclamos por despidos improcedentes, sanciones mal aplicadas o incumplimientos vinculados a la salud laboral.<\/span><\/p>\n<p><span>Tambi\u00e9n tiene un sentido estrat\u00e9gico: permite recuperar talento, conocimiento y continuidad operativa. En muchas organizaciones, la persona que vuelve concentra informaci\u00f3n cr\u00edtica sobre procesos, clientes o proveedores. Un regreso mal gestionado puede empujarla a buscar alternativas en el <\/span><a href=\"https:\/\/runahr.com\/ar\/recursos\/recursos-humanos\/mercado-laboral\/\"><span>mercado laboral<\/span><\/a><span>; uno bien hecho ayuda a que retome su rol, transfiera conocimiento y vuelva a aportar valor.<\/span><\/p>\n<p><span>Por \u00faltimo, la reincorporaci\u00f3n ordenada facilita la transici\u00f3n de la persona de vuelta al entorno laboral. Despu\u00e9s de una enfermedad prolongada, una licencia por maternidad, un conflicto judicial o una suspensi\u00f3n, no se vuelve igual que como se fue. El proceso de reintegro, si est\u00e1 planificado, funciona como un puente: marca expectativas, define un ritmo de adaptaci\u00f3n y evita que la vuelta sea vivida como un shock por el equipo o como una \u201cprueba de fuego\u201d por el colaborador.<\/span><\/p>\n<h2><b>\u00bfPor qu\u00e9 es importante la reincorporaci\u00f3n?<\/b><\/h2>\n<p><span>La reincorporaci\u00f3n tiene un impacto directo en la<\/span><a href=\"https:\/\/runahr.com\/ar\/recursos\/recursos-humanos\/productividad\/\"> <span>productividad<\/span><\/a><span>. Un regreso improvisado suele generar ruido: equipos que no saben qu\u00e9 tareas reasignar, jefes que no tienen claro qu\u00e9 objetivos pedir, superposiciones de funciones entre quien cubr\u00eda la ausencia y quien vuelve. El resultado es p\u00e9rdida de tiempo, duplicaci\u00f3n de esfuerzos y, muchas veces, conflictos de ego o de territorio. En cambio, cuando el retorno est\u00e1 planificado, la transici\u00f3n es m\u00e1s fluida y el equipo puede enfocarse en los resultados.<\/span><\/p>\n<p><span>En t\u00e9rminos de<\/span> <a href=\"https:\/\/runahr.com\/ar\/recursos\/recursos-humanos\/clima-laboral\/\"><span>clima laboral<\/span><\/a><span> y<\/span><a href=\"https:\/\/runahr.com\/ar\/recursos\/recursos-humanos\/bienestar\/\"> <span>bienestar<\/span><\/a><span>, la reincorporaci\u00f3n env\u00eda mensajes potentes. Si la empresa acompa\u00f1a el retorno de una persona que pas\u00f3 por una enfermedad, una crisis familiar o un conflicto, el resto del equipo lee ese gesto: percibe cu\u00e1nto se cuida realmente a las personas y cu\u00e1nto se sostienen los valores m\u00e1s all\u00e1 de los discursos. Al rev\u00e9s, una reincorporaci\u00f3n fr\u00eda, llena de trabas o te\u00f1ida de sospecha suele generar desconfianza y comentarios de pasillo.<\/span><\/p>\n<p><span>Desde el punto de vista legal, la importancia es evidente. Un error en la negativa a reincorporar, una demora injustificada o una modificaci\u00f3n unilateral de condiciones puede terminar en reclamos por despido indirecto,<\/span><a href=\"https:\/\/runahr.com\/ar\/recursos\/recursos-humanos\/discriminacion\/\"> <span>discriminaci\u00f3n<\/span><\/a><span> o incumplimiento de normas laborales. Frente a un sistema judicial que, en muchos casos, es m\u00e1s lento pero sigue operando como marco de \u00faltima instancia, una reincorporaci\u00f3n mal gestionada puede significar a\u00f1os de litigio, impacto econ\u00f3mico y desgaste institucional.<\/span><\/p>\n<p><span>Por \u00faltimo, la manera en que se gestiona la reincorporaci\u00f3n influye en la<\/span> <a href=\"https:\/\/runahr.com\/ar\/recursos\/salario\/retencion\/\"><span>retenci\u00f3n<\/span><\/a><span> de talento y en la marca empleadora.<\/span><span>\u00a0Una reincorporaci\u00f3n bien resuelta puede ser un diferencial silencioso, pero muy efectivo.<\/span><\/p>\n<h2><b>\u00bfCu\u00e1les son las caracter\u00edsticas de la reincorporaci\u00f3n?<\/b><\/h2>\n<p><span>Una primera caracter\u00edstica es que la reincorporaci\u00f3n debe ser formalizada y documentada. Aunque la realidad cotidiana est\u00e9 llena de mensajes, audios y conversaciones informales, el cierre del proceso necesita quedar asentado: notas internas, comunicaciones por correo, formularios de alta, registros en legajos y sistemas. Esa documentaci\u00f3n es la que, llegado el caso, permite demostrar que se cumpli\u00f3 con las obligaciones.<\/span><\/p>\n<p><span>En muchos casos, la reincorporaci\u00f3n est\u00e1 condicionada a un alta m\u00e9dica. Esto es claro en enfermedades inculpables, accidentes laborales, tratamientos prolongados o patolog\u00edas que impactan en la capacidad de trabajo. Sin ese alta, la empresa queda en una zona gris: ni puede exigir la presencia, ni puede considerar la ausencia como injustificada. Por eso, la coordinaci\u00f3n con la <\/span><a href=\"https:\/\/runahr.com\/ar\/recursos\/salario\/art\/\"><span>Aseguradoras de Riesgos del Trabajo (ART)<\/span><\/a><span>, los servicios m\u00e9dicos propios o externos y la obra social es un punto cr\u00edtico.<\/span><\/p>\n<p><span>La reincorporaci\u00f3n, adem\u00e1s, implica coordinaci\u00f3n entre el colaborador, el \u00e1rea de RRHH y el liderazgo directo. Si el regreso se decide solo desde RRHH, sin involucrar al <\/span><a href=\"https:\/\/runahr.com\/ar\/recursos\/recursos-humanos\/jefe\/\"><span>jefe<\/span><\/a><span>, la ejecuci\u00f3n operativa se resiente. Si se define s\u00f3lo desde el \u00e1rea, sin validar con RRHH, se corren riesgos normativos.\u00a0<\/span><\/p>\n<p><span>Otra caracter\u00edstica es que, seg\u00fan el caso, puede requerir adaptaciones temporales de tareas o <\/span><a href=\"https:\/\/runahr.com\/ar\/recursos\/recursos-humanos\/jornada\/%20%20%E2%80%8E\"><span>jornada<\/span><\/a><span>. Por ejemplo, reducci\u00f3n de carga horaria durante las primeras semanas, prohibici\u00f3n de realizar esfuerzos f\u00edsicos,<\/span> <a href=\"https:\/\/runahr.com\/ar\/recursos\/beneficios\/teletrabajo\/\"><span>teletrabajo<\/span><\/a><span> parcial, cambios de turno o tareas alternativas.\u00a0<\/span><\/p>\n<p><span>Finalmente, el tiempo y la modalidad de la reincorporaci\u00f3n est\u00e1n regulados en algunos supuestos: licencias por maternidad, enfermedades inculpables, suspensiones y reinstalaciones judiciales, entre otros. Conocer esos marcos evita decisiones improvisadas y ayuda a negociar con mayor claridad con el colaborador y, cuando corresponde, con los sindicatos.<\/span><\/p>\n<h2><b>\u00bfQu\u00e9 tipos de reincorporaci\u00f3n existen?<\/b><\/h2>\n<p><span>En la pr\u00e1ctica, pueden distinguirse varios tipos de reincorporaci\u00f3n seg\u00fan el motivo de la ausencia. Una de las m\u00e1s frecuentes es la reincorporaci\u00f3n tras licencia m\u00e9dica, derivada de una enfermedad com\u00fan o accidente no laboral. Aqu\u00ed, el foco est\u00e1 en el alta m\u00e9dica, la adecuaci\u00f3n de tareas si corresponde y el control de ausentismo futuro.<\/span><\/p>\n<ul>\n<li style=\"font-weight: 400;\" aria-level=\"1\"><span>La reincorporaci\u00f3n por maternidad o paternidad tiene su propia din\u00e1mica, atravesada por expectativas familiares, reorganizaci\u00f3n de tiempos y, muchas veces, <\/span><a href=\"https:\/\/runahr.com\/ar\/recursos\/recursos-humanos\/negociacion\/\"><span>negociaci\u00f3n<\/span><\/a><span> sobre horarios o modalidades h\u00edbridas. En estos casos, el acompa\u00f1amiento del liderazgo y la<\/span> <a href=\"https:\/\/runahr.com\/ar\/recursos\/beneficios\/flexibilidad\/\"><span>flexibilidad<\/span><\/a><span> razonable suelen marcar la diferencia.<\/span><\/li>\n<li style=\"font-weight: 400;\" aria-level=\"1\"><span>Otra categor\u00eda es la reincorporaci\u00f3n tras suspensiones o conflictos laborales. Puede estar atada a acuerdos con delegados o sindicatos, a decisiones judiciales o a procesos internos donde se revis\u00f3 una sanci\u00f3n.\u00a0<\/span><\/li>\n<li style=\"font-weight: 400;\" aria-level=\"1\"><span>Tambi\u00e9n aparece la reincorporaci\u00f3n por finalizaci\u00f3n de licencias sin goce de sueldo, muchas veces vinculadas a estudios, proyectos personales o situaciones familiares. En un pa\u00eds donde las trayectorias laborales suelen ser menos lineales de lo que aparece en el<\/span> <a href=\"https:\/\/runahr.com\/ar\/recursos\/recursos-humanos\/organigrama\/\"><span>organigrama<\/span><\/a><span>, estos \u201cpar\u00e9ntesis\u201d son cada vez m\u00e1s habituales.<\/span><\/li>\n<li style=\"font-weight: 400;\" aria-level=\"1\"><span>La reincorporaci\u00f3n despu\u00e9s de accidentes laborales cubiertos por<\/span> <span>las ART tiene un componente t\u00e9cnico fuerte: dict\u00e1menes de <\/span><a href=\"https:\/\/runahr.com\/ar\/recursos\/recursos-humanos\/comisiones\/\"><span>comisiones<\/span><\/a><span> m\u00e9dicas, porcentajes de incapacidad, recomendaciones espec\u00edficas sobre tareas, equipamiento y entorno. En estos casos, la coordinaci\u00f3n con la<\/span> <a href=\"https:\/\/runahr.com\/ar\/recursos\/recursos-humanos\/superintendencia-de-riesgos-del-trabajo\/\"><span>Superintendencia de Riesgos del Trabajo<\/span><\/a><span> es central.<\/span><\/li>\n<li style=\"font-weight: 400;\" aria-level=\"1\"><span>Tambi\u00e9n puede hablarse de reincorporaci\u00f3n tras sanciones o ausencias justificadas que impactaron en la confianza del equipo, y de reincorporaciones asociadas a reestructuraciones internas, donde la persona vuelve, pero lo hace en un rol o en un equipo diferente.<\/span><\/li>\n<\/ul>\n<h2><b>\u00bfC\u00f3mo funciona la reincorporaci\u00f3n laboral?<\/b><\/h2>\n<p><span>El funcionamiento t\u00edpico de una reincorporaci\u00f3n combina pasos formales y pr\u00e1cticos. Suele comenzar con la identificaci\u00f3n del tipo de ausencia y de la normativa aplicable: qu\u00e9 dice la ley, el convenio, la ART, la sentencia o el acuerdo firmado. A partir de ah\u00ed, RRHH y el liderazgo directo definen el esquema de regreso: fecha, lugar, modalidad, posibles adaptaciones y <\/span><a href=\"https:\/\/runahr.com\/ar\/recursos\/recursos-humanos\/comunicacion\/\"><span>comunicaci\u00f3n<\/span><\/a><span> al equipo.<\/span><\/p>\n<p><span>En cuanto a documentaci\u00f3n, seg\u00fan el caso pueden requerirse altas m\u00e9dicas, certificados, dict\u00e1menes de comisiones m\u00e9dicas, actas de audiencia, acuerdos homologados o notas internas de suspensi\u00f3n y levantamiento. Todos estos documentos deber\u00edan estar disponibles en el legajo y, cada vez m\u00e1s, en los sistemas digitales de<\/span> <a href=\"https:\/\/runahr.com\/ar\/recursos\/recursos-humanos\/gestion\/\"><span>gesti\u00f3n<\/span><\/a><span> de personal.<\/span><\/p>\n<p><span>La comunicaci\u00f3n formal entre colaborador y empleador es otro eje. M\u00e1s all\u00e1 de los intercambios informales, deber\u00eda existir una constancia de que la persona fue notificada. La notificaci\u00f3n debe incluir fecha de regreso y condiciones. Tabmi\u00e9n debe establecerse que la empresa recibi\u00f3 su voluntad de reincorporarse o su presentaci\u00f3n con alta. Esa trazabilidad evita discusiones posteriores sobre ausencias injustificadas o supuestas negativas de la empresa a recibir al<\/span> <a href=\"https:\/\/runahr.com\/ar\/recursos-humanos\/trabajador\/\"><span>trabajador<\/span><\/a><span>.<\/span><\/p>\n<p><span>RRHH cumple, adem\u00e1s, una funci\u00f3n de validaci\u00f3n legal y administrativa. Verifica que los pasos est\u00e9n alineados con la normativa, controla que no existan incompatibilidades (por ejemplo, cobro de<\/span> <a href=\"https:\/\/runahr.com\/ar\/recursos\/recursos-humanos\/prestaciones\/\"><span>prestaciones<\/span><\/a><span> mientras se reanuda la relaci\u00f3n laboral) y se asegura de que la reincorporaci\u00f3n est\u00e9 correctamente registrada en los sistemas internos de<\/span> <span>recibo de sueldo, asistencia y<\/span> <a href=\"https:\/\/runahr.com\/ar\/recursos\/beneficios\/beneficios\/\"><span>beneficios<\/span><\/a><span>.<\/span><\/p>\n<p><span>En algunos supuestos, se requieren evaluaciones m\u00e9dicas adicionales, ya sea de la ART o de servicios m\u00e9dicos propios. Estas evaluaciones pueden recomendar restricciones, cambios de tarea o seguimiento peri\u00f3dico, que deber\u00edan integrarse al plan de reintegro para evitar nuevos conflictos.<\/span><\/p>\n<p><a href=\"https:\/\/recursos.runahr.com\/ar-kit-altas-recursos-humanos\"><img decoding=\"async\" class=\"alignnone size-large wp-image-1098554\" src=\"https:\/\/runahr.com\/wp-content\/uploads\/2026\/01\/CAR026-1024x404.webp\" alt=\"Descargar KIT de altas recursos humanos\" width=\"800\" height=\"316\" srcset=\"https:\/\/runahr.com\/wp-content\/uploads\/2026\/01\/CAR026-1024x404.webp 1024w, https:\/\/runahr.com\/wp-content\/uploads\/2026\/01\/CAR026-300x118.webp 300w, https:\/\/runahr.com\/wp-content\/uploads\/2026\/01\/CAR026-768x303.webp 768w, https:\/\/runahr.com\/wp-content\/uploads\/2026\/01\/CAR026-1536x606.webp 1536w, https:\/\/runahr.com\/wp-content\/uploads\/2026\/01\/CAR026-2048x808.webp 2048w\" sizes=\"(max-width: 800px) 100vw, 800px\" \/><\/a><\/p>\n<h2><b>\u00bfCu\u00e1l es el proceso de reincorporaci\u00f3n?<\/b><\/h2>\n<p><span>Aunque cada organizaci\u00f3n puede tener su propio procedimiento, es posible ordenar el proceso en varias etapas. Primero, la verificaci\u00f3n de documentaci\u00f3n: alta m\u00e9dica o equivalente, constancias de finalizaci\u00f3n de licencias, resoluciones, acuerdos, etc. Sin esa base, el resto del proceso queda fr\u00e1gil.<\/span><\/p>\n<p><span>Luego, la notificaci\u00f3n formal del colaborador o del empleador. Puede tratarse de una nota, un correo, una comunicaci\u00f3n por sistema o, en casos complejos, una intimaci\u00f3n formal. Lo importante es que quede claro qui\u00e9n pidi\u00f3 qu\u00e9 y cu\u00e1ndo.<\/span><\/p>\n<p><span>A partir de esa notificaci\u00f3n, se coordina el d\u00eda de regreso. Aqu\u00ed entra el trabajo de agenda: ajustes de<\/span> <a href=\"https:\/\/runahr.com\/ar\/recursos\/recursos-humanos\/turnos\/\"><span>turnos<\/span><\/a><span>, reuniones de bienvenida, coordinaci\u00f3n con quienes cubr\u00edan la ausencia y comunicaci\u00f3n al equipo. En muchas empresas, una breve reuni\u00f3n el primer d\u00eda, caf\u00e9 de por medio, ayuda a bajar tensiones y ordenar expectativas.<\/span><\/p>\n<p><span>La recepci\u00f3n y reintegraci\u00f3n en el equipo es un momento clave. No se trata solo de entregar una computadora o un uniforme, sino de explicar qu\u00e9 cambi\u00f3 durante la ausencia, qu\u00e9 proyectos est\u00e1n en marcha, qu\u00e9 se espera del rol en las pr\u00f3ximas semanas.<\/span><\/p>\n<p><span>En paralelo, suelen definirse ajustes iniciales: tareas priorizadas, objetivos de corto plazo, mecanismos de acompa\u00f1amiento (reuniones de seguimiento, espacios de<\/span> <a href=\"https:\/\/runahr.com\/ar\/recursos\/recursos-humanos\/feedback\"><span>feedback<\/span><\/a><span>, apoyo m\u00e9dico o psicol\u00f3gico cuando corresponde).<\/span><\/p>\n<p><span>Finalmente, todo el proceso deber\u00eda quedar registrado en los sistemas internos: altas en<\/span> <span>payroll, actualizaci\u00f3n de datos en el legajo, configuraci\u00f3n de accesos, registro de horarios, entre otros. Este cierre administrativo es el que termina de consolidar la reincorporaci\u00f3n.<\/span><\/p>\n<h2><b>\u00bfC\u00f3mo solicitar un reingreso laboral?<\/b><\/h2>\n<p><span>Desde la perspectiva del colaborador, solicitar un reingreso laboral implica cumplir con cierta formalidad b\u00e1sica. Habitualmente se requiere presentar documentaci\u00f3n y comunicaciones que respalden la voluntad de volver: alta m\u00e9dica, certificados de finalizaci\u00f3n de licencia, notas formales o correos electr\u00f3nicos dirigidos a RRHH o al jefe directo.<\/span><\/p>\n<p><span>Los modelos de solicitud pueden ir desde un pedido informal (en organizaciones peque\u00f1as o con v\u00ednculos muy cercanos) hasta escritos m\u00e1s formales, especialmente cuando hubo conflictos, suspensiones prolongadas o intervenci\u00f3n judicial. En situaciones atravesadas por ART o por litigios, lo recomendable es mantener un registro claro y prolijo, incluso cuando la relaci\u00f3n personal sea buena.<\/span><\/p>\n<p><span>Los plazos y requisitos para solicitar el reingreso dependen del tipo de ausencia. Algunas licencias tienen tiempos m\u00e1ximos y m\u00ednimos previstos por ley o por convenio; otras quedan m\u00e1s abiertas a la negociaci\u00f3n. En todos los casos, cuando la intenci\u00f3n de volver se comunica con una anticipaci\u00f3n razonable, la empresa tiene m\u00e1s margen para reordenar equipos y planificaci\u00f3n.<\/span><\/p>\n<p><span>Desde la mirada organizacional, promover buenas pr\u00e1cticas en este punto ayuda a evitar malentendidos y rechazos innecesarios: explicar en los reglamentos internos c\u00f3mo debe solicitarse el reingreso, a qu\u00e9 casilla escribir, con cu\u00e1nta anticipaci\u00f3n hacerlo y qu\u00e9 documentaci\u00f3n acompa\u00f1ar reduce el intercambio improvisado de mensajes y audios que luego es dif\u00edcil de reconstruir.<\/span><\/p>\n<h2><b>\u00bfC\u00f3mo gestionar una reincorporaci\u00f3n correctamente?<\/b><\/h2>\n<p><span>Gestionar bien una reincorporaci\u00f3n empieza por mantener una comunicaci\u00f3n clara y respetuosa con la persona que vuelve. Eso implica escuchar sus preocupaciones, explicar las necesidades del negocio y acordar, en la medida de lo posible, un plan de regreso realista. No se trata de \u201cganar por nocaut\u201d, sino de encontrar un punto de equilibrio entre cuidado y<\/span> <a href=\"https:\/\/runahr.com\/ar\/recursos\/recursos-humanos\/productividad\/\"><span>productividad<\/span><\/a><span>.<\/span><\/p>\n<p><span>Establecer un plan de reintegro ayuda a ordenar ese equilibrio. Definir qui\u00e9n ser\u00e1 el responsable de acompa\u00f1ar, qu\u00e9 tareas se retomar\u00e1n primero, qu\u00e9 plazos se manejan para volver al nivel de carga habitual y c\u00f3mo se va a monitorear el proceso. Ese plan puede ser simple, pero deber\u00eda estar por escrito, al menos como gu\u00eda compartida.<\/span><\/p>\n<p><span>Cuando son necesarias adaptaciones razonables (de horario, de tareas, de modalidad) resulta clave apoyarse en recomendaciones m\u00e9dicas, en el an\u00e1lisis de riesgos de la ART y en la realidad operativa del equipo. El objetivo no es generar privilegios dif\u00edciles de sostener, sino permitir una readaptaci\u00f3n cuidada que evite nuevas crisis.<\/span><\/p>\n<p><span>El seguimiento durante la primera semana y el primer mes suele marcar la diferencia. Un par de reuniones breves, un contacto por parte de RRHH, un espacio para revisar c\u00f3mo se siente la persona y c\u00f3mo la ve el equipo son se\u00f1ales concretas de inter\u00e9s y, al mismo tiempo, instancias para detectar desajustes a tiempo.<\/span><\/p>\n<h2><b>\u00bfQu\u00e9 rol tienen los recursos humanos en la reincorporaci\u00f3n?<\/b><\/h2>\n<p><span>El \u00e1rea de <\/span><a href=\"https:\/\/runahr.com\/ar\/recursos\/recursos-humanos\/recursos-humanos\/\"><span>recursos humanos<\/span><\/a><span> ocupa un rol central en la reincorporaci\u00f3n. Su primera responsabilidad es garantizar que el proceso cumpla con las normas laborales y los protocolos internos: verificar el encuadre legal, revisar documentos, controlar plazos y asegurar que las decisiones sean consistentes con la pol\u00edtica de la organizaci\u00f3n.<\/span><\/p>\n<p><span>El acompa\u00f1amiento emocional y operativo del retorno tambi\u00e9n forma parte de su rol. No se trata de reemplazar al liderazgo, sino de complementarlo: ofrecer instancias de contenci\u00f3n cuando la situaci\u00f3n lo requiere, capacitar a los mandos medios en c\u00f3mo gestionar estos regresos y promover una cultura donde la reincorporaci\u00f3n no sea vivida como una \u201cmarca\u201d negativa.<\/span><\/p>\n<p><span>RRHH est\u00e1, adem\u00e1s, en una posici\u00f3n privilegiada para identificar se\u00f1ales de riesgo: <\/span><a href=\"https:\/\/runahr.com\/ar\/recursos\/recursos-humanos\/estres-laboral\/\"><span>estr\u00e9s laboral<\/span><\/a><span> visible, resistencia del equipo, conflictos latentes, comentarios que circulan en pasillos o grupos de chat internos. Detectar estas se\u00f1ales temprano permite intervenir antes de que la reincorporaci\u00f3n derive en un nuevo conflicto, una baja de<\/span> <a href=\"https:\/\/runahr.com\/ar\/recursos\/recursos-humanos\/rendimiento\/\"><span>rendimiento<\/span><\/a><span> o una <\/span><a href=\"https:\/\/runahr.com\/ar\/recursos\/recursos-humanos\/renuncia\/\"><span>renuncia<\/span><\/a><span>.<\/span><\/p>\n<p><span>Finalmente, el \u00e1rea debe velar por que todo el proceso quede documentado en legajos y sistemas.\u00a0<\/span><\/p>\n<p><span>Lograr una reincorporaci\u00f3n efectiva y humana implica dejar de verla como un evento aislado y empezar a gestionarla como un proceso estrat\u00e9gico. No es solo cumplir con una ley, levantar una suspensi\u00f3n o registrar un alta en el sistema: es decidir c\u00f3mo se sostiene la relaci\u00f3n con una persona que, por distintas razones, estuvo fuera del d\u00eda a d\u00eda y vuelve a integrarse.<\/span><\/p>\n<p><a href=\"https:\/\/recursos.runahr.com\/ar-guia-reclutamiento\"><img decoding=\"async\" class=\"alignnone size-large wp-image-1098292\" src=\"https:\/\/runahr.com\/wp-content\/uploads\/2026\/01\/CAR007-1024x405.webp\" alt=\"Descargar gu\u00eda de reclutamiento\" width=\"800\" height=\"316\" srcset=\"https:\/\/runahr.com\/wp-content\/uploads\/2026\/01\/CAR007-1024x405.webp 1024w, https:\/\/runahr.com\/wp-content\/uploads\/2026\/01\/CAR007-300x119.webp 300w, https:\/\/runahr.com\/wp-content\/uploads\/2026\/01\/CAR007-768x304.webp 768w, https:\/\/runahr.com\/wp-content\/uploads\/2026\/01\/CAR007-1536x607.webp 1536w, https:\/\/runahr.com\/wp-content\/uploads\/2026\/01\/CAR007-2048x809.webp 2048w\" sizes=\"(max-width: 800px) 100vw, 800px\" \/><\/a><\/p>\n\t\t<h2 class=\"runa-faq-title\">Preguntas frecuentes<\/h2>\n\n\t\t<div class=\"runa-faq-accordion\">\n\t\t\t\t\t\t<details class=\"runa-faq-item\">\n\t\t\t\t<summary>\n\t\t\t\t\t<span>\u00bfC\u00f3mo se vincula la reincorporaci\u00f3n con la Ley de Contrato de Trabajo en Argentina?<\/span>\n\t\t\t\t\t<i class=\"fas fa-chevron-down\" aria-hidden=\"true\"><\/i>\n\t\t\t\t<\/summary>\n\t\t\t\t<div class=\"runa-faq-content\">\n\t\t\t\t\t<p><span style=\"font-weight: 400\">La <\/span><a href=\"https:\/\/runahr.com\/ar\/recursos\/salario\/ley-de-contrato-de-trabajo\/\"><span style=\"font-weight: 400\">Ley de Contrato de Trabajo<\/span><\/a><span style=\"font-weight: 400\"> fija el marco b\u00e1sico para licencias, suspensiones, enfermedad y maternidad, y condiciona c\u00f3mo debe hacerse la reincorporaci\u00f3n. Respetar plazos, notificaciones y condiciones de trabajo evita que un regreso termine reencuadrado como despido indirecto o acto discriminatorio, algo especialmente sensible en un entorno donde la judicializaci\u00f3n laboral es moneda corriente.<\/span><\/p>\n<p>&nbsp;<\/p>\n\t\t\t\t<\/div>\n\t\t\t<\/details>\n\t\t\t\t\t\t<details class=\"runa-faq-item\">\n\t\t\t\t<summary>\n\t\t\t\t\t<span>\u00bfQu\u00e9 intervenci\u00f3n puede tener el Ministerio de Trabajo, Empleo y Seguridad Social en una reincorporaci\u00f3n?<\/span>\n\t\t\t\t\t<i class=\"fas fa-chevron-down\" aria-hidden=\"true\"><\/i>\n\t\t\t\t<\/summary>\n\t\t\t\t<div class=\"runa-faq-content\">\n\t\t\t\t\t<p><span style=\"font-weight: 400\">El <\/span><a href=\"https:\/\/runahr.com\/ar\/recursos\/recursos-humanos\/ministerio-de-trabajo-empleo-y-seguridad-social\/\"><span style=\"font-weight: 400\">Ministerio de Trabajo, Empleo y Seguridad Social<\/span><\/a><span style=\"font-weight: 400\"> suele intervenir cuando hay conflicto: reinstalaciones ordenadas, audiencias por despido, acuerdos homologados tras suspensiones o crisis. Si la empresa desconoce una orden de reinstalaci\u00f3n o dilata la reincorporaci\u00f3n, el tema escala r\u00e1pido. Por eso conviene que la direcci\u00f3n cuente con un mapa claro de <\/span><a href=\"https:\/\/runahr.com\/ar\/recursos\/recursos-humanos\/expediente\/\"><span style=\"font-weight: 400\">expediente<\/span><\/a><span style=\"font-weight: 400\"> abierto y compromisos asumidos en esas instancias.<\/span><\/p>\n<p>&nbsp;<\/p>\n\t\t\t\t<\/div>\n\t\t\t<\/details>\n\t\t\t\t\t\t<details class=\"runa-faq-item\">\n\t\t\t\t<summary>\n\t\t\t\t\t<span>\u00bfC\u00f3mo impacta la reincorporaci\u00f3n en la cultura organizacional de la empresa?<\/span>\n\t\t\t\t\t<i class=\"fas fa-chevron-down\" aria-hidden=\"true\"><\/i>\n\t\t\t\t<\/summary>\n\t\t\t\t<div class=\"runa-faq-content\">\n\t\t\t\t\t<p><span style=\"font-weight: 400\">Cada reincorporaci\u00f3n manda un mensaje silencioso sobre la <\/span><a href=\"https:\/\/runahr.com\/ar\/recursos\/recursos-humanos\/cultura-organizacional\/\"><span style=\"font-weight: 400\">cultura organizacional<\/span><\/a><span style=\"font-weight: 400\">: si la persona vuelve y encuentra puertas cerradas, cambios sin explicaci\u00f3n o comentarios de pasillo, el resto entiende que \u201cac\u00e1 las licencias se pagan caro\u201d. En cambio, cuando hay coherencia entre discurso y pr\u00e1ctica, el regreso refuerza la idea de que el proyecto cuida a la gente incluso en momentos complejos.<\/span><\/p>\n<p>&nbsp;<\/p>\n\t\t\t\t<\/div>\n\t\t\t<\/details>\n\t\t\t\t\t\t<details class=\"runa-faq-item\">\n\t\t\t\t<summary>\n\t\t\t\t\t<span>\u00bfPor qu\u00e9 conviene abordar la salud mental expl\u00edcitamente en los planes de reincorporaci\u00f3n?<\/span>\n\t\t\t\t\t<i class=\"fas fa-chevron-down\" aria-hidden=\"true\"><\/i>\n\t\t\t\t<\/summary>\n\t\t\t\t<div class=\"runa-faq-content\">\n\t\t\t\t\t<p><span style=\"font-weight: 400\">En un contexto de presi\u00f3n constante, targets exigentes e incertidumbre econ\u00f3mica, la <\/span><a href=\"https:\/\/runahr.com\/ar\/recursos\/recursos-humanos\/salud-mental\/\"><span style=\"font-weight: 400\">salud mental<\/span><\/a><span style=\"font-weight: 400\"> no puede quedar como tema \u201ctab\u00fa\u201d en la reincorporaci\u00f3n. Licencias por estr\u00e9s,<\/span><a href=\"https:\/\/runahr.com\/ar\/recursos\/recursos-humanos\/burnout\/\"> <span style=\"font-weight: 400\">burnout<\/span><\/a><span style=\"font-weight: 400\"> o duelos requieren planes de retorno m\u00e1s cuidados, con cargas graduales y seguimiento. Ignorar estos factores suele traducirse en nuevas ausencias, bajo <\/span><a href=\"https:\/\/runahr.com\/ar\/recursos\/recursos-humanos\/rendimiento\/\"><span style=\"font-weight: 400\">rendimiento<\/span><\/a><span style=\"font-weight: 400\"> o conflictos, que luego se terminan discutiendo en pasillo y no en instancias formales.<\/span><\/p>\n<p>&nbsp;<\/p>\n\t\t\t\t<\/div>\n\t\t\t<\/details>\n\t\t\t\t\t\t<details class=\"runa-faq-item\">\n\t\t\t\t<summary>\n\t\t\t\t\t<span>\u00bfC\u00f3mo deber\u00eda tratarse el tema salario al momento de la reincorporaci\u00f3n?<\/span>\n\t\t\t\t\t<i class=\"fas fa-chevron-down\" aria-hidden=\"true\"><\/i>\n\t\t\t\t<\/summary>\n\t\t\t\t<div class=\"runa-faq-content\">\n\t\t\t\t\t<p><span style=\"font-weight: 400\">El <\/span><a href=\"https:\/\/runahr.com\/ar\/recursos\/salario\/salario\/\"><span style=\"font-weight: 400\">salario<\/span><\/a><span style=\"font-weight: 400\"> en la reincorporaci\u00f3n genera mucha sensibilidad, sobre todo en un contexto de inflaci\u00f3n alta y paritarias sucesivas. Es clave dejar por escrito desde cu\u00e1ndo se vuelve a percibir<\/span><a href=\"https:\/\/runahr.com\/ar\/recursos\/salario\/remuneracion\/\"> <span style=\"font-weight: 400\">remuneraci\u00f3n<\/span><\/a><span style=\"font-weight: 400\">, c\u00f3mo impactan los aumentos pactados durante la ausencia y qu\u00e9 pasa con adicionales o premios variables. Si estos puntos no se aclaran, aparecen reclamos retroactivos que desgastan la relaci\u00f3n y complican la<\/span> <a href=\"https:\/\/runahr.com\/ar\/recursos\/salario\/liquidacion\/\"><span style=\"font-weight: 400\">liquidaci\u00f3n<\/span><\/a><span style=\"font-weight: 400\">.<\/span><\/p>\n<p>&nbsp;<\/p>\n\t\t\t\t<\/div>\n\t\t\t<\/details>\n\t\t\t\t\t\t<details class=\"runa-faq-item\">\n\t\t\t\t<summary>\n\t\t\t\t\t<span>\u00bfQu\u00e9 particularidades presenta la reincorporaci\u00f3n cuando la persona vuelve en modalidad de trabajo remoto o h\u00edbrido?<\/span>\n\t\t\t\t\t<i class=\"fas fa-chevron-down\" aria-hidden=\"true\"><\/i>\n\t\t\t\t<\/summary>\n\t\t\t\t<div class=\"runa-faq-content\">\n\t\t\t\t\t<p><span style=\"font-weight: 400\">Cuando se combina reincorporaci\u00f3n y <\/span><a href=\"https:\/\/runahr.com\/ar\/recursos\/recursos-humanos\/trabajo-remoto\/\"><span style=\"font-weight: 400\">trabajo remoto<\/span><\/a><span style=\"font-weight: 400\">, aparecen nuevas preguntas: controles m\u00e9dicos, ergonom\u00eda, seguimiento de carga y l\u00edmites horarios. Si no hay reglas claras, el<\/span><a href=\"https:\/\/runahr.com\/ar\/recursos\/beneficios\/home-office\/\"> <span style=\"font-weight: 400\">home office<\/span><\/a><span style=\"font-weight: 400\"> puede transformarse en un \u201csiempre disponible\u201d dif\u00edcil de sostener para alguien que reci\u00e9n vuelve. Establecer franjas horarias, objetivos realistas y rituales de conexi\u00f3n ayuda a que el esquema sea sustentable y no un parche improvisado.<\/span><\/p>\n<p>&nbsp;<\/p>\n\t\t\t\t<\/div>\n\t\t\t<\/details>\n\t\t\t\t\t\t<details class=\"runa-faq-item\">\n\t\t\t\t<summary>\n\t\t\t\t\t<span>\u00bfPor qu\u00e9 es importante que la reincorporaci\u00f3n quede reflejada correctamente en la n\u00f3mina y los sistemas de la empresa?<\/span>\n\t\t\t\t\t<i class=\"fas fa-chevron-down\" aria-hidden=\"true\"><\/i>\n\t\t\t\t<\/summary>\n\t\t\t\t<div class=\"runa-faq-content\">\n\t\t\t\t\t<p><span style=\"font-weight: 400\">Registrar bien la reincorporaci\u00f3n en la <\/span><a href=\"https:\/\/runahr.com\/ar\/recursos\/recursos-humanos\/nomina\/\"><span style=\"font-weight: 400\">n\u00f3mina<\/span><\/a><span style=\"font-weight: 400\"> no es un detalle administrativo: impacta en antig\u00fcedad, licencias futuras,<\/span><a href=\"https:\/\/runahr.com\/ar\/recursos\/recursos-humanos\/aportes\/\"> <span style=\"font-weight: 400\">aportes<\/span><\/a><span style=\"font-weight: 400\">, seguros y estad\u00edsticas internas. Un alta mal cargada puede disparar diferencias con la <\/span><a href=\"https:\/\/runahr.com\/ar\/recursos\/salario\/arca\/\"><span style=\"font-weight: 400\">Agencia de Recaudaci\u00f3n y Control Aduanero (ARCA)<\/span><\/a><span style=\"font-weight: 400\"> o ex <\/span><a href=\"https:\/\/runahr.com\/ar\/recursos\/salario\/afip\/\"><span style=\"font-weight: 400\">Administradora Federal de Ingresos P\u00fablicos (AFIP)<\/span><\/a> <span style=\"font-weight: 400\">, <\/span><span style=\"font-weight: 400\">superposiciones con prestaciones o errores en la cobertura. En la pr\u00e1ctica, el cruce entre lo que figura en sistemas y lo que pas\u00f3 en la realidad es el primer test de solidez del proceso.<\/span><\/p>\n<p>&nbsp;<\/p>\n\t\t\t\t<\/div>\n\t\t\t<\/details>\n\t\t\t\t\t<\/div>\n\n\t\t<script>\n\t\t(function() {\n\t\t\tdocument.addEventListener('DOMContentLoaded', function() {\n\t\t\t\tvar items = document.querySelectorAll('.runa-faq-accordion details');\n\t\t\t\titems.forEach(function(target) {\n\t\t\t\t\ttarget.addEventListener('toggle', function() {\n\t\t\t\t\t\tif (target.open) {\n\t\t\t\t\t\t\titems.forEach(function(other) {\n\t\t\t\t\t\t\t\tif (other !== target && other.open) other.open = false;\n\t\t\t\t\t\t\t});\n\t\t\t\t\t\t}\n\t\t\t\t\t});\n\t\t\t\t});\n\t\t\t});\n\t\t})();\n\t\t<\/script>\n\t\t\n","protected":false},"excerpt":{"rendered":"<p>La reincorporaci\u00f3n laboral se juega, casi siempre, en un terreno sensible. No solo porque marca el regreso de una persona despu\u00e9s de una ausencia (por enfermedad, maternidad, suspensiones, conflictos o acuerdos), sino porque pone a prueba la cultura de la organizaci\u00f3n, la solidez de sus procesos y la madurez de su liderazgo. En la pr\u00e1ctica, [&hellip;]<\/p>\n","protected":false},"author":99,"featured_media":1114626,"comment_status":"closed","ping_status":"closed","sticky":false,"template":"","format":"standard","meta":{"_acf_changed":false,"_wp_applaud_exclude":false,"footnotes":""},"categories":[2029,2030],"tags":[2165,2033],"class_list":["post-1114599","post","type-post","status-publish","format-standard","has-post-thumbnail","hentry","category-recursos","category-recursos-humanos","tag-articulo","tag-recursos-humanos-3-ar"],"acf":[],"yoast_head":"<!-- This site is optimized with the Yoast SEO Premium plugin v26.1 (Yoast SEO v27.5) - https:\/\/yoast.com\/product\/yoast-seo-premium-wordpress\/ -->\n<title>Reincorporaci\u00f3n: \u00bfQu\u00e9 es? \u00bfC\u00f3mo funciona? | AR | Runa HR<\/title>\n<meta name=\"description\" content=\"C\u00f3mo gestionar una reincorporaci\u00f3n laboral efectiva y humana en Argentina, cuidando a la persona, el negocio y el cumplimiento legal.\" \/>\n<meta name=\"robots\" content=\"index, follow, max-snippet:-1, max-image-preview:large, max-video-preview:-1\" \/>\n<link rel=\"canonical\" href=\"https:\/\/runahr.com\/ar\/recursos\/recursos-humanos\/reincorporacion\/\" \/>\n<meta property=\"og:locale\" content=\"es_ES\" \/>\n<meta property=\"og:type\" content=\"article\" \/>\n<meta property=\"og:title\" content=\"Reincorporaci\u00f3n: \u00bfQu\u00e9 es? \u00bfC\u00f3mo funciona? | AR | Runa HR\" \/>\n<meta property=\"og:description\" content=\"C\u00f3mo gestionar una reincorporaci\u00f3n laboral efectiva y humana en Argentina, cuidando a la persona, el negocio y el cumplimiento legal.\" \/>\n<meta property=\"og:url\" content=\"https:\/\/runahr.com\/ar\/recursos\/recursos-humanos\/reincorporacion\/\" \/>\n<meta property=\"og:site_name\" content=\"Runa HR\" \/>\n<meta property=\"article:publisher\" content=\"https:\/\/www.facebook.com\/runahr\/\" \/>\n<meta property=\"article:published_time\" content=\"2026-04-29T03:07:58+00:00\" \/>\n<meta property=\"og:image\" content=\"https:\/\/runahr.com\/wp-content\/uploads\/2026\/04\/reincorporacion.webp\" \/>\n\t<meta property=\"og:image:width\" content=\"2048\" \/>\n\t<meta property=\"og:image:height\" content=\"827\" \/>\n\t<meta property=\"og:image:type\" content=\"image\/webp\" \/>\n<meta name=\"author\" content=\"Graciela Fernandez\" \/>\n<meta name=\"twitter:card\" content=\"summary_large_image\" \/>\n<meta name=\"twitter:creator\" content=\"@runahr\" \/>\n<meta name=\"twitter:site\" content=\"@runahr\" \/>\n<meta name=\"twitter:label1\" content=\"Escrito por\" \/>\n\t<meta name=\"twitter:data1\" content=\"Graciela Fernandez\" \/>\n\t<meta name=\"twitter:label2\" content=\"Tiempo de lectura\" \/>\n\t<meta name=\"twitter:data2\" content=\"14 minutos\" \/>\n<!-- \/ Yoast SEO Premium plugin. -->","yoast_head_json":{"title":"Reincorporaci\u00f3n: \u00bfQu\u00e9 es? \u00bfC\u00f3mo funciona? | AR | Runa HR","description":"C\u00f3mo gestionar una reincorporaci\u00f3n laboral efectiva y humana en Argentina, cuidando a la persona, el negocio y el cumplimiento legal.","robots":{"index":"index","follow":"follow","max-snippet":"max-snippet:-1","max-image-preview":"max-image-preview:large","max-video-preview":"max-video-preview:-1"},"canonical":"https:\/\/runahr.com\/ar\/recursos\/recursos-humanos\/reincorporacion\/","og_locale":"es_ES","og_type":"article","og_title":"Reincorporaci\u00f3n: \u00bfQu\u00e9 es? \u00bfC\u00f3mo funciona? | AR | Runa HR","og_description":"C\u00f3mo gestionar una reincorporaci\u00f3n laboral efectiva y humana en Argentina, cuidando a la persona, el negocio y el cumplimiento legal.","og_url":"https:\/\/runahr.com\/ar\/recursos\/recursos-humanos\/reincorporacion\/","og_site_name":"Runa HR","article_publisher":"https:\/\/www.facebook.com\/runahr\/","article_published_time":"2026-04-29T03:07:58+00:00","og_image":[{"width":2048,"height":827,"url":"https:\/\/runahr.com\/wp-content\/uploads\/2026\/04\/reincorporacion.webp","type":"image\/webp"}],"author":"Graciela Fernandez","twitter_card":"summary_large_image","twitter_creator":"@runahr","twitter_site":"@runahr","twitter_misc":{"Escrito por":"Graciela Fernandez","Tiempo de lectura":"14 minutos"},"schema":{"@context":"https:\/\/schema.org","@graph":[{"@type":"Article","@id":"https:\/\/runahr.com\/ar\/recursos\/recursos-humanos\/reincorporacion\/#article","isPartOf":{"@id":"https:\/\/runahr.com\/ar\/recursos\/recursos-humanos\/reincorporacion\/"},"author":{"name":"Graciela Fernandez","@id":"https:\/\/runahr.com\/ar\/#\/schema\/person\/b930e31522d3bb414d8a6b4ac22ec528"},"headline":"Reincorporaci\u00f3n: \u00bfQu\u00e9 es? \u00bfC\u00f3mo funciona?","datePublished":"2026-04-29T03:07:58+00:00","mainEntityOfPage":{"@id":"https:\/\/runahr.com\/ar\/recursos\/recursos-humanos\/reincorporacion\/"},"wordCount":3099,"publisher":{"@id":"https:\/\/runahr.com\/ar\/#organization"},"image":{"@id":"https:\/\/runahr.com\/ar\/recursos\/recursos-humanos\/reincorporacion\/#primaryimage"},"thumbnailUrl":"https:\/\/runahr.com\/wp-content\/uploads\/2026\/04\/reincorporacion.webp","keywords":["Art\u00edculo","Recursos humanos"],"articleSection":["Recursos","Recursos humanos"],"inLanguage":"es-AR"},{"@type":"WebPage","@id":"https:\/\/runahr.com\/ar\/recursos\/recursos-humanos\/reincorporacion\/","url":"https:\/\/runahr.com\/ar\/recursos\/recursos-humanos\/reincorporacion\/","name":"Reincorporaci\u00f3n: \u00bfQu\u00e9 es? \u00bfC\u00f3mo funciona? | AR | Runa HR","isPartOf":{"@id":"https:\/\/runahr.com\/ar\/#website"},"primaryImageOfPage":{"@id":"https:\/\/runahr.com\/ar\/recursos\/recursos-humanos\/reincorporacion\/#primaryimage"},"image":{"@id":"https:\/\/runahr.com\/ar\/recursos\/recursos-humanos\/reincorporacion\/#primaryimage"},"thumbnailUrl":"https:\/\/runahr.com\/wp-content\/uploads\/2026\/04\/reincorporacion.webp","datePublished":"2026-04-29T03:07:58+00:00","description":"C\u00f3mo gestionar una reincorporaci\u00f3n laboral efectiva y humana en Argentina, cuidando a la persona, el negocio y el cumplimiento legal.","breadcrumb":{"@id":"https:\/\/runahr.com\/ar\/recursos\/recursos-humanos\/reincorporacion\/#breadcrumb"},"inLanguage":"es-AR","potentialAction":[{"@type":"ReadAction","target":["https:\/\/runahr.com\/ar\/recursos\/recursos-humanos\/reincorporacion\/"]}]},{"@type":"ImageObject","inLanguage":"es-AR","@id":"https:\/\/runahr.com\/ar\/recursos\/recursos-humanos\/reincorporacion\/#primaryimage","url":"https:\/\/runahr.com\/wp-content\/uploads\/2026\/04\/reincorporacion.webp","contentUrl":"https:\/\/runahr.com\/wp-content\/uploads\/2026\/04\/reincorporacion.webp","width":2048,"height":827,"caption":"reincorporaci\u00f3n"},{"@type":"BreadcrumbList","@id":"https:\/\/runahr.com\/ar\/recursos\/recursos-humanos\/reincorporacion\/#breadcrumb","itemListElement":[{"@type":"ListItem","position":1,"name":"Home","item":"https:\/\/runahr.com\/ar\/"},{"@type":"ListItem","position":2,"name":"Recursos","item":"https:\/\/runahr.com\/ar\/category\/recursos\/"},{"@type":"ListItem","position":3,"name":"Recursos humanos","item":"https:\/\/runahr.com\/ar\/category\/recursos\/recursos-humanos\/"},{"@type":"ListItem","position":4,"name":"Reincorporaci\u00f3n: \u00bfQu\u00e9 es? \u00bfC\u00f3mo funciona?"}]},{"@type":"WebSite","@id":"https:\/\/runahr.com\/ar\/#website","url":"https:\/\/runahr.com\/ar\/","name":"Runa HR","description":"Software de N\u00f3mina y Gesti\u00f3n de RRHH","publisher":{"@id":"https:\/\/runahr.com\/ar\/#organization"},"potentialAction":[{"@type":"SearchAction","target":{"@type":"EntryPoint","urlTemplate":"https:\/\/runahr.com\/ar\/?s={search_term_string}"},"query-input":{"@type":"PropertyValueSpecification","valueRequired":true,"valueName":"search_term_string"}}],"inLanguage":"es-AR"},{"@type":"Organization","@id":"https:\/\/runahr.com\/ar\/#organization","name":"Runa HR","url":"https:\/\/runahr.com\/ar\/","logo":{"@type":"ImageObject","inLanguage":"es-AR","@id":"https:\/\/runahr.com\/ar\/#\/schema\/logo\/image\/","url":"https:\/\/runahr.com\/wp-content\/uploads\/2018\/05\/xDzHFcQY_400x400.jpg","contentUrl":"https:\/\/runahr.com\/wp-content\/uploads\/2018\/05\/xDzHFcQY_400x400.jpg","width":400,"height":400,"caption":"Runa HR"},"image":{"@id":"https:\/\/runahr.com\/ar\/#\/schema\/logo\/image\/"},"sameAs":["https:\/\/www.facebook.com\/runahr\/","https:\/\/x.com\/runahr","https:\/\/www.instagram.com\/runahr\/","https:\/\/mx.linkedin.com\/company\/runahr","https:\/\/www.youtube.com\/channel\/UCAZ21FupFMLIb1c7PPaU6Ew"]},{"@type":"Person","@id":"https:\/\/runahr.com\/ar\/#\/schema\/person\/b930e31522d3bb414d8a6b4ac22ec528","name":"Graciela Fernandez","image":{"@type":"ImageObject","inLanguage":"es-AR","@id":"https:\/\/secure.gravatar.com\/avatar\/12e3348401dbaa5808fe094b85f98811e3dac644136ec1b3f605d9f962947875?s=96&d=mm&r=g","url":"https:\/\/secure.gravatar.com\/avatar\/12e3348401dbaa5808fe094b85f98811e3dac644136ec1b3f605d9f962947875?s=96&d=mm&r=g","contentUrl":"https:\/\/secure.gravatar.com\/avatar\/12e3348401dbaa5808fe094b85f98811e3dac644136ec1b3f605d9f962947875?s=96&d=mm&r=g","caption":"Graciela Fernandez"},"url":"https:\/\/runahr.com\/ar\/author\/graciela_fernandez\/"}]}},"_links":{"self":[{"href":"https:\/\/runahr.com\/ar\/wp-json\/wp\/v2\/posts\/1114599","targetHints":{"allow":["GET"]}}],"collection":[{"href":"https:\/\/runahr.com\/ar\/wp-json\/wp\/v2\/posts"}],"about":[{"href":"https:\/\/runahr.com\/ar\/wp-json\/wp\/v2\/types\/post"}],"author":[{"embeddable":true,"href":"https:\/\/runahr.com\/ar\/wp-json\/wp\/v2\/users\/99"}],"replies":[{"embeddable":true,"href":"https:\/\/runahr.com\/ar\/wp-json\/wp\/v2\/comments?post=1114599"}],"version-history":[{"count":1,"href":"https:\/\/runahr.com\/ar\/wp-json\/wp\/v2\/posts\/1114599\/revisions"}],"predecessor-version":[{"id":1114627,"href":"https:\/\/runahr.com\/ar\/wp-json\/wp\/v2\/posts\/1114599\/revisions\/1114627"}],"wp:featuredmedia":[{"embeddable":true,"href":"https:\/\/runahr.com\/ar\/wp-json\/wp\/v2\/media\/1114626"}],"wp:attachment":[{"href":"https:\/\/runahr.com\/ar\/wp-json\/wp\/v2\/media?parent=1114599"}],"wp:term":[{"taxonomy":"category","embeddable":true,"href":"https:\/\/runahr.com\/ar\/wp-json\/wp\/v2\/categories?post=1114599"},{"taxonomy":"post_tag","embeddable":true,"href":"https:\/\/runahr.com\/ar\/wp-json\/wp\/v2\/tags?post=1114599"}],"curies":[{"name":"wp","href":"https:\/\/api.w.org\/{rel}","templated":true}]}}