{"id":1114631,"date":"2026-04-28T22:14:01","date_gmt":"2026-04-29T04:14:01","guid":{"rendered":"https:\/\/runahr.com\/?p=1114631"},"modified":"2026-04-28T22:14:01","modified_gmt":"2026-04-29T04:14:01","slug":"equidad-de-genero","status":"publish","type":"post","link":"https:\/\/runahr.com\/ar\/recursos\/recursos-humanos\/equidad-de-genero\/","title":{"rendered":"Equidad de g\u00e9nero: \u00bfQu\u00e9 es? \u00bfCu\u00e1l es su objetivo?"},"content":{"rendered":"<p><span>Hablar de equidad de g\u00e9nero en Argentina ya no es un tema \u201cblando\u201d o un asunto \u201cde imagen\u201d. Atraviesa la agenda de negocio, la<\/span> <a href=\"https:\/\/runahr.com\/ar\/recursos\/recursos-humanos\/gestion\/\"><span>gesti\u00f3n<\/span><\/a><span> de personas y, en muchos casos, la supervivencia competitiva de las organizaciones. En Argentina, la inflaci\u00f3n, el d\u00f3lar, las <\/span><a href=\"https:\/\/runahr.com\/ar\/recursos\/recursos-humanos\/paritarias\/\"><span>paritarias<\/span><\/a><span> y los cambios normativos ocupan buena parte de las reuniones de directorio. As\u00ed, la cuesti\u00f3n de g\u00e9nero aparece cada vez m\u00e1s como un factor que ordena decisiones, define prioridades y condiciona resultados.<\/span><\/p>\n<p><span>En el mundo corporativo local, la equidad de g\u00e9nero se conecta con temas muy concretos. Entre ellos, se destacan la <\/span><a href=\"https:\/\/runahr.com\/ar\/recursos\/recursos-humanos\/productividad\/\"><span>productividad<\/span><\/a><span> de los equipos y la capacidad para retener talento clave. Tambi\u00e9n influye en la reputaci\u00f3n frente a clientes e inversores y en la calidad de las decisiones que toma el <\/span><a href=\"https:\/\/runahr.com\/ar\/recursos\/recursos-humanos\/liderazgo\/\"><span>liderazgo<\/span><\/a><span>. No es lo mismo una mesa de decisi\u00f3n homog\u00e9nea que un comit\u00e9 con trayectorias diversas y experiencias atravesadas por roles de cuidado, carreras interrumpidas o techos de cristal.<\/span><\/p>\n<p><span>A nivel local, la din\u00e1mica cotidiana tambi\u00e9n presiona:<\/span> <a href=\"https:\/\/runahr.com\/ar\/recursos\/recursos-humanos\/sindicato\/\"><span>sindicato<\/span><\/a><span> que incorpora cl\u00e1usulas de g\u00e9nero, generaciones j\u00f3venes que no toleran ciertas pr\u00e1cticas, reclamos que llegan por mensaje a cualquier hora del d\u00eda cuando hay situaciones de<\/span> <a href=\"https:\/\/runahr.com\/ar\/recursos\/recursos-humanos\/violencia-laboral\/\"><span>violencia laboral<\/span><\/a><span> o<\/span> <a href=\"https:\/\/runahr.com\/ar\/recursos\/recursos-humanos\/desigualdad\"><span>desigualdad<\/span><\/a><span> demasiado evidente. En ese cruce entre lo global y lo local, la equidad de g\u00e9nero se vuelve un tema que impacta directamente en la forma en que las organizaciones operan, lideran y se proyectan.<\/span><\/p>\n<h2><b>\u00bfQu\u00e9 es la equidad de g\u00e9nero en Argentina?<\/b><\/h2>\n<p><span>En el<\/span><a href=\"https:\/\/runahr.com\/ar\/recursos\/recursos-humanos\/trabajador\/\"> <span>trabajo<\/span><\/a><span>, la equidad de g\u00e9nero tiene que ver con reconocer que mujeres, varones y otras identidades no arrancan desde el mismo lugar ni cargan con las mismas barreras. Por eso no alcanza con mirar cu\u00e1ntas mujeres forman parte de la <\/span><a href=\"https:\/\/runahr.com\/ar\/recursos\/salario\/empresas\/\"><span>empresa<\/span><\/a><span>: la pregunta de fondo es c\u00f3mo se reparten las oportunidades, los<\/span> <span>sueldos, los proyectos estrat\u00e9gicos y los lugares donde realmente se decide.<\/span><\/p>\n<p><span>La equidad tampoco se resuelve con un reglamento o una campa\u00f1a aislada. Se juega en gestos muy concretos de todos los d\u00edas: qui\u00e9n es promovido, qui\u00e9n recibe un aumento, qui\u00e9n se sienta en una reuni\u00f3n clave, qui\u00e9n puede ajustar su horario por tareas de cuidado sin pagar un costo en carrera. Tambi\u00e9n se ve en la cultura: los chistes que se aceptan o no, c\u00f3mo se responde ante una denuncia, cu\u00e1nta distancia hay entre lo que se publica en redes y lo que pasa en el pasillo.<\/span><\/p>\n<p><span>Est\u00e1 fuertemente ligada a la diversidad e<\/span> <a href=\"https:\/\/runahr.com\/ar\/recursos\/recursos-humanos\/inclusion\/\"><span>inclusi\u00f3n<\/span><\/a><span>. La diversidad se ocupa de qui\u00e9nes est\u00e1n sentados a la mesa; la inclusi\u00f3n, de si pueden hablar y ser escuchados; la equidad, de si las reglas del juego corrigen las desigualdades de base o las profundizan. Cuando esas tres dimensiones tiran para el mismo lado, la<\/span> <a href=\"https:\/\/runahr.com\/ar\/recursos\/recursos-humanos\/gestion\/\"><span>gesti\u00f3n<\/span><\/a><span> de g\u00e9nero empieza a salir del plano declarativo y se convierte en una forma distinta, y m\u00e1s consistente, de gestionar la organizaci\u00f3n.<\/span><\/p>\n<p><a href=\"https:\/\/recursos.runahr.com\/ar-guia-metricas-dei\"><img fetchpriority=\"high\" decoding=\"async\" class=\"alignnone size-large wp-image-1098698\" src=\"https:\/\/runahr.com\/wp-content\/uploads\/2026\/01\/CAR005-1024x405.webp\" alt=\"Ver ahora gu\u00eda de m\u00e9tricas DEI\" width=\"800\" height=\"316\" srcset=\"https:\/\/runahr.com\/wp-content\/uploads\/2026\/01\/CAR005-1024x405.webp 1024w, https:\/\/runahr.com\/wp-content\/uploads\/2026\/01\/CAR005-300x119.webp 300w, https:\/\/runahr.com\/wp-content\/uploads\/2026\/01\/CAR005-768x304.webp 768w, https:\/\/runahr.com\/wp-content\/uploads\/2026\/01\/CAR005-1536x607.webp 1536w, https:\/\/runahr.com\/wp-content\/uploads\/2026\/01\/CAR005-2048x809.webp 2048w\" sizes=\"(max-width: 800px) 100vw, 800px\" \/><\/a><\/p>\n<h2><b>\u00bfCu\u00e1l es el objetivo de la equidad de g\u00e9nero?<\/b><\/h2>\n<p><span>El objetivo central de la equidad de g\u00e9nero en las empresas es garantizar que el acceso a oportunidades de desarrollo, liderazgo y <\/span><a href=\"https:\/\/runahr.com\/ar\/recursos\/beneficios\/compensacion\/\"><span>compensaci\u00f3n<\/span><\/a><span> no est\u00e9 condicionado por estereotipos ni por roles tradicionales. La idea no es \u201cfavorecer\u201d a un grupo frente a otro, sino desactivar mecanismos que, muchas veces de forma silenciosa, siguen limitando el crecimiento de parte del talento disponible.<\/span><\/p>\n<p><span>Desde la gesti\u00f3n, esto implica trabajar sobre brechas hist\u00f3ricas y estructurales. Por ejemplo, carreras interrumpidas por maternidades o cuidados prolongados, sectores feminizados con sueldos sistem\u00e1ticamente m\u00e1s bajos, <\/span><a href=\"https:\/\/runahr.com\/ar\/recursos\/recursos-humanos\/falta\/\"><span>falta<\/span><\/a><span> de referentes mujeres en posiciones de decisi\u00f3n o sesgos que asocian liderazgo con disponibilidad absoluta, viajes constantes o jornadas extendidas, algo dif\u00edcil de sostener cuando las tareas de cuidado recaen desproporcionadamente sobre una parte del equipo.<\/span><\/p>\n<p><span>Otro objetivo clave es construir entornos laborales seguros, donde la<\/span><a href=\"https:\/\/runahr.com\/ar\/recursos\/recursos-humanos\/discriminacion\/\"> <span>discriminaci\u00f3n<\/span><\/a><span>, el <\/span><a href=\"https:\/\/runahr.com\/ar\/recursos\/recursos-humanos\/acoso-laboral\"><span>acoso laboral<\/span><\/a><span> y la violencia sean abordados de manera clara y sin dilaciones. Protocolos, canales de denuncia y acompa\u00f1amiento psicol\u00f3gico y legal no son \u201cextras\u201d, sino componentes b\u00e1sicos de una pol\u00edtica de equidad seria. En paralelo, la equidad busca impulsar organizaciones m\u00e1s diversas, innovadoras y competitivas, que puedan responder mejor a mercados complejos, demandas cambiantes y una sociedad que mira con lupa c\u00f3mo es la <\/span><a href=\"https:\/\/runahr.com\/ar\/recursos\/recursos-humanos\/toma-de-decisiones\/\"><span>toma de decisiones<\/span><\/a><span> puertas adentro.<\/span><\/p>\n<h2><b>\u00bfPara qu\u00e9 sirve la equidad de g\u00e9nero?<\/b><\/h2>\n<p><span>En t\u00e9rminos pr\u00e1cticos, avanzar en equidad de g\u00e9nero sirve para mejorar la calidad de las decisiones. Equipos con miradas diversas tienden a identificar riesgos con mayor anticipaci\u00f3n, discutir alternativas m\u00e1s amplias y evitar soluciones \u201cde manual\u201d que no contemplan un contexto vol\u00e1til como el argentino. No es casual que, en muchas empresas, las discusiones m\u00e1s ricas surjan cuando en la mesa se cruzan experiencias muy distintas de vida y carrera.<\/span><\/p>\n<p><span>Tambi\u00e9n contribuye a reducir la rotaci\u00f3n y aumentar el compromiso. Cuando las personas perciben que las reglas son claras, que el esfuerzo se reconoce y que las oportunidades no est\u00e1n reservadas para unos pocos, la energ\u00eda se concentra en el trabajo y no en \u201cla interna\u201d. En un mercado donde los perfiles clave reciben mensajes a toda hora, la percepci\u00f3n de injusticia suele ser un detonante r\u00e1pido de renuncias.<\/span><\/p>\n<p><span>La equidad mejora, adem\u00e1s, la reputaci\u00f3n corporativa y el<\/span><a href=\"https:\/\/runahr.com\/ar\/recursos\/recursos-humanos\/clima-laboral\/\"> <span>clima laboral<\/span><\/a><span>. Impacta en la manera en que la organizaci\u00f3n se posiciona ante clientes, proveedores, bancos y organismos p\u00fablicos. Y ayuda a cumplir est\u00e1ndares locales e internacionales de responsabilidad social, exigidos cada vez con m\u00e1s frecuencia por cadenas globales, inversores y organismos de control. No se trata solo de \u201cquedar bien\u201d en un reporte, sino de sostener pr\u00e1cticas que resistan auditor\u00edas, inspecciones y preguntas inc\u00f3modas.<\/span><\/p>\n<h2><b>\u00bfQu\u00e9 implica la equidad de g\u00e9nero en Argentina?<\/b><\/h2>\n<p><span>En el contexto argentino, la equidad de g\u00e9nero convive con un marco regulatorio que aborda cuestiones como licencias, igualdad salarial, violencia y acoso. Sin entrar en tecnicismos, la legislaci\u00f3n avanza en el <\/span><a href=\"https:\/\/runahr.com\/ar\/recursos\/recursos-humanos\/reconocimiento\/\"><span>reconocimiento<\/span><\/a><span> de derechos vinculados a maternidad, paternidad, violencia de g\u00e9nero, diversidad y conciliaci\u00f3n trabajo\u2013vida personal. A esto se suman <\/span><a href=\"https:\/\/runahr.com\/ar\/recursos\/recursos-humanos\/convenios-colectivos-de-trabajo\/\"><span>convenios colectivos de trabajo<\/span><\/a><span> que incorporan cl\u00e1usulas espec\u00edficas y protocolos sectoriales que obligan a las empresas a revisar procedimientos.<\/span><\/p>\n<p><span>A la vez, persisten desaf\u00edos muy concretos: brecha salarial entre varones y mujeres en posiciones similares, roles de cuidado que recaen mayormente en las mujeres, subrepresentaci\u00f3n femenina en directorios, gerencias generales y \u00e1reas tradicionalmente masculinizadas. En muchas organizaciones, las mujeres predominan en posiciones de soporte o coordinaci\u00f3n, pero desaparecen del radar a medida que se sube en el<\/span><a href=\"https:\/\/runahr.com\/ar\/recursos\/recursos-humanos\/organigrama\/\"> <span>organigrama<\/span><\/a><span>.<\/span><\/p>\n<p><span>Para PyMEs y empresas familiares, el tema suele expresarse en escenas cotidianas. Entre ellas, decisiones tomadas en reuniones de pasillo, criterios informales para definir aumentos o promociones, horarios extendidos que chocan con responsabilidades de cuidado. En grandes compa\u00f1\u00edas, la discusi\u00f3n incorpora indicadores, reportes y compromisos p\u00fablicos. En ambos casos, la equidad requiere informaci\u00f3n confiable. El monitoreo de indicadores y la voluntad de ajustar la gesti\u00f3n, incluso cuando eso implica revisar pr\u00e1cticas arraigadas.<\/span><\/p>\n<h2><b>\u00bfC\u00f3mo funciona la equidad de g\u00e9nero en el trabajo?<\/b><\/h2>\n<p><span>En la pr\u00e1ctica, la equidad de g\u00e9nero funciona como un conjunto de decisiones y mecanismos que buscan corregir desigualdades estructurales. No se trata solo de redactar una pol\u00edtica, sino de evaluar c\u00f3mo se selecciona, se promueve, se paga y se reconoce al personal. Un primer paso frecuente es revisar descripciones de<\/span> <a href=\"https:\/\/runahr.com\/ar\/recursos\/recursos-humanos\/puesto\/\"><span>puesto<\/span><\/a><span>, requisitos y procesos de selecci\u00f3n para reducir sesgos. Por ejemplo, cuestionar exigencias de disponibilidad que no son realmente cr\u00edticas o requisitos de edad que excluyen perfiles.<\/span><\/p>\n<p><span>Los programas de<\/span> <span>formaci\u00f3n son otra pieza clave. La<\/span><a href=\"https:\/\/runahr.com\/ar\/recursos\/recursos-humanos\/formacion\/\"> <span>formaci\u00f3n<\/span><\/a><span> en sesgos conscientes e inconscientes, violencia laboral, estereotipos de g\u00e9nero y liderazgo inclusivo ayuda a que mandos medios y superiores identifiquen patrones que muchas veces se dan por naturales. No es lo mismo identificar un chiste como \u201cparte del clima\u201d que reconocerlo como una se\u00f1al de alerta que afecta la confianza y el sentido de pertenencia.<\/span><\/p>\n<p><span>La equidad tambi\u00e9n se sostiene con pol\u00edticas de<\/span> <a href=\"https:\/\/runahr.com\/ar\/recursos\/beneficios\/flexibilidad\/\"><span>flexibilidad<\/span><\/a><span> laboral y conciliaci\u00f3n: modalidades h\u00edbridas, horarios adaptables, licencias que contemplen distintos tipos de cuidados, protocolos claros para situaciones de violencia por motivos de g\u00e9nero. Junto con esto, la creaci\u00f3n de espacios seguros y canales de denuncia confiables (no solo en el papel) es esencial.\u00a0<\/span><\/p>\n<h2><b>\u00bfPor qu\u00e9 es importante la equidad de g\u00e9nero?<\/b><\/h2>\n<p><span>Desde la perspectiva de negocio, la equidad de g\u00e9nero se asocia a mejores resultados financieros y a una mayor sostenibilidad en el tiempo. Las organizaciones que la adoptan, suelen mostrar una mayor capacidad de innovar, adaptarse y sostener relaciones de largo plazo.<\/span><\/p>\n<p><span>Atravesar crisis, cambios de gobierno, modificaciones regulatorias y shocks econ\u00f3micos es parte de la normalidad argentina. Equipos diversos y culturas m\u00e1s equitativas tienden a reaccionar con mayor<\/span> <a href=\"https:\/\/runahr.com\/ar\/recursos\/recursos-humanos\/resiliencia\/\"><span>resiliencia<\/span><\/a><span>.\u00a0<\/span><\/p>\n<p><span>Adem\u00e1s, la equidad de g\u00e9nero es un factor relevante para atraer talentos multigeneracionales. Las nuevas generaciones, pero tambi\u00e9n muchos perfiles senior, miran con atenci\u00f3n estas cuestiones. Podemos resaltar algunas como licencias, flexibilidad, protocolos de violencia, brecha salarial y composici\u00f3n de los equipos de liderazgo. La <\/span><a href=\"https:\/\/runahr.com\/ar\/recursos\/recursos-humanos\/cultura-organizacional\"><span>cultura organizacional<\/span><\/a><span> que se percibe justa y coherente genera m\u00e1s compromiso, m\u00e1s <\/span><a href=\"https:\/\/runahr.com\/ar\/recursos\/recursos-humanos\/colaboracion\/\"><span>colaboraci\u00f3n<\/span><\/a><span> y menos energ\u00eda invertida en conflictos internos.<\/span><\/p>\n<p><a href=\"https:\/\/recursos.runahr.com\/ar-guia-trabajo-equipo-empresas\"><img decoding=\"async\" class=\"alignnone size-large wp-image-1098274\" src=\"https:\/\/runahr.com\/wp-content\/uploads\/2026\/01\/CAR009-1024x405.webp\" alt=\"Descargar gu\u00eda de trabajo en equipo para empresas\" width=\"800\" height=\"316\" srcset=\"https:\/\/runahr.com\/wp-content\/uploads\/2026\/01\/CAR009-1024x405.webp 1024w, https:\/\/runahr.com\/wp-content\/uploads\/2026\/01\/CAR009-300x119.webp 300w, https:\/\/runahr.com\/wp-content\/uploads\/2026\/01\/CAR009-768x304.webp 768w, https:\/\/runahr.com\/wp-content\/uploads\/2026\/01\/CAR009-1536x607.webp 1536w, https:\/\/runahr.com\/wp-content\/uploads\/2026\/01\/CAR009-2048x809.webp 2048w\" sizes=\"(max-width: 800px) 100vw, 800px\" \/><\/a><\/p>\n<h2><b>\u00bfCu\u00e1les son los beneficios de la equidad de g\u00e9nero?<\/b><\/h2>\n<p><span>Cuando la equidad de g\u00e9nero avanza, los<\/span><a href=\"https:\/\/runahr.com\/ar\/recursos\/beneficios\/beneficios\"> <span>beneficios<\/span><\/a><span> se hacen visibles en distintos niveles. En la toma de decisiones, los equipos ganan en variedad de miradas y en capacidad para cuestionar supuestos. Esto suele traducirse en decisiones m\u00e1s prudentes en momentos de riesgo y mayor <\/span><a href=\"https:\/\/runahr.com\/ar\/recursos\/recursos-humanos\/creatividad\/\"><span>creatividad<\/span><\/a><span> cuando se busca crecer o abrir negocios en nuevos segmentos.<\/span><\/p>\n<p><span>En t\u00e9rminos de compensaciones, la revisi\u00f3n de la brecha salarial no solo corrige desigualdades, sino que tambi\u00e9n mejora la motivaci\u00f3n del equipo. Saber que el sueldo se define por criterios claros y comparables reduce la sensaci\u00f3n de arbitrariedad, especialmente en contextos donde el costo de vida cambia de un mes a otro y cada ajuste se discute con lupa.<\/span><\/p>\n<p><span>La equidad tambi\u00e9n potencia la productividad y la<\/span><a href=\"https:\/\/runahr.com\/ar\/recursos\/recursos-humanos\/eficiencia\"> <span>eficiencia<\/span><\/a><span>. Equipos que se sienten respetados y valorados tienden a cometer menos errores, cooperar m\u00e1s entre \u00e1reas y sostener mejor el esfuerzo en momentos de presi\u00f3n. En paralelo, la organizaci\u00f3n fortalece su employer branding: candidatos, clientes y socios detectan se\u00f1ales de seriedad cuando las pol\u00edticas de g\u00e9nero se sostienen en el tiempo y no quedan reducidas a una acci\u00f3n puntual del 8 de marzo. Esto se traduce, a mediano plazo, en mayor capacidad para atraer y retener talento en un mercado altamente competitivo.<\/span><\/p>\n<h2><b>\u00bfCu\u00e1l es la diferencia entre igualdad y equidad de g\u00e9nero?<\/b><\/h2>\n<p><span>La diferencia entre igualdad y equidad de g\u00e9nero ayuda a enfocar mejor la discusi\u00f3n. La igualdad parte de una idea simple: mismas reglas y mismos beneficios para todas las personas, sin distinci\u00f3n. El problema es que, cuando los puntos de partida son muy distintos, ese esquema uniforme puede dejar intactas (o incluso reforzar) desigualdades que ya existen.<\/span><\/p>\n<p><span>La equidad, en cambio, asume esas brechas y busca compensarlas. En el trabajo se traduce en licencias que contemplan distintas responsabilidades de cuidado, en acompa\u00f1amiento espec\u00edfico para retornos despu\u00e9s de <\/span><a href=\"https:\/\/runahr.com\/ar\/recursos\/recursos-humanos\/ausencia\/\"><span>ausencia<\/span><\/a><span> prolongada y en programas de desarrollo orientados a grupos poco representados en mandos medios y altos. Otorgar exactamente la misma licencia a toda la plantilla puede parecer justo, pero si las tareas de cuidado recaen casi siempre en el mismo grupo, la igualdad formal termina consolidando la desigualdad real. La equidad ajusta las reglas para que esa igualdad deje de ser un ideal en el papel y se convierta en condiciones concretas de trabajo y de carrera.<\/span><\/p>\n<h2><b>\u00bfC\u00f3mo gestionar la equidad de g\u00e9nero correctamente?<\/b><\/h2>\n<p><span>Una gesti\u00f3n seria de la equidad de g\u00e9nero se parece bastante a cualquier proyecto estrat\u00e9gico. Primero se hace el diagn\u00f3stico, luego se barajan objetivos claros. A partir de ah\u00ed, se propone un plan con responsables, m\u00e9tricas y seguimiento. El punto de partida suele ser un an\u00e1lisis que combina, por un lado, los datos duros: brecha salarial y de g\u00e9enro, promociones, uso de licencias o rotaci\u00f3n. Por el otro, los insumos cualitativos como encuestas, entrevistas y espacios de escucha.<\/span><\/p>\n<p><span>Sobre esa base, conviene fijar metas concretas y plazos posibles: acotar la brecha salarial, aumentar la participaci\u00f3n de mujeres en posiciones de liderazgo, poner en marcha protocolos de violencia y acoso, equilibrar qui\u00e9nes usan las licencias de cuidado. Esos objetivos deben traducirse en reglas visibles para selecci\u00f3n, promoci\u00f3n, compensaciones, programas de desarrollo, flexibilidad y mecanismos de denuncia, apoyados por una<\/span> <span>formaci\u00f3n sostenida en perspectiva de g\u00e9nero para mandos y equipos.<\/span><\/p>\n<p><span>Por \u00faltimo, la equidad requiere revisi\u00f3n constante y transparencia: medir avances, corregir desv\u00edos y comunicar qu\u00e9 se est\u00e1 haciendo, qu\u00e9 resultados se logran y qu\u00e9 temas siguen pendientes. Esa combinaci\u00f3n de datos, coherencia y di\u00e1logo abierto fortalece la credibilidad interna y permite sostener la conversaci\u00f3n m\u00e1s all\u00e1 de las declaraciones formales.<\/span><\/p>\n<h2><b>\u00bfCu\u00e1l es el papel de los recursos humanos en la equidad de g\u00e9nero?<\/b><\/h2>\n<p><span>El \u00e1rea de <\/span><a href=\"https:\/\/runahr.com\/ar\/recursos\/recursos-humanos\/recursos-humanos\/\"><span>recursos humanos<\/span><\/a><span> suele ser el motor del cambio en materia de equidad de g\u00e9nero, pero no puede ni debe hacerlo sola. Su papel incluye dise\u00f1ar pol\u00edticas y procesos, acompa\u00f1ar a los l\u00edderes y garantizar que la equidad acompa\u00f1e a toda la vida laboral. Esto incluye <\/span><a href=\"https:\/\/runahr.com\/ar\/recursos\/recursos-humanos\/reclutamiento\/\"><span>reclutamiento<\/span><\/a><span>, <\/span><a href=\"https:\/\/runahr.com\/ar\/recursos\/recursos-humanos\/onboarding\"><span>onboarding<\/span><\/a><span>, desarrollo, evaluaci\u00f3n, compensaci\u00f3n y salida.<\/span><\/p>\n<p><span>En selecci\u00f3n, RRHH puede revisar el lenguaje de los avisos, ampliar fuentes de reclutamiento y asegurar paneles de <\/span><a href=\"https:\/\/runahr.com\/ar\/recursos\/recursos-humanos\/entrevista\/\"><span>entrevista<\/span><\/a><span> diversos. Por su parte, promoci\u00f3n y compensaciones puede proponer criterios objetivos, cruzar datos por g\u00e9nero, edad y otros factores, y alertar cuando se detectan sesgos sistem\u00e1ticos. En educaci\u00f3n, tiene la responsabilidad de dise\u00f1ar programas de sensibilizaci\u00f3n y formaci\u00f3n que conecten la perspectiva de g\u00e9nero con la realidad espec\u00edfica de cada sector y nivel jer\u00e1rquico.<\/span><\/p>\n<p><span>Otro rol clave es el dise\u00f1o de m\u00e9tricas y tableros de seguimiento, as\u00ed como la administraci\u00f3n de canales de denuncia y acompa\u00f1amiento. RRHH suele estar en el centro de los casos complejos, esos que se discuten en reuniones de pasillo y tambi\u00e9n en mensajes de madrugada cuando estalla un conflicto. Contar con protocolos claros, redes de derivaci\u00f3n y respaldo de la alta direcci\u00f3n permite que el \u00e1rea act\u00fae no solo como \u201cbombero\u201d, sino como socio estrat\u00e9gico en la construcci\u00f3n de una cultura m\u00e1s equitativa.<\/span><\/p>\n<h3>Conclusi\u00f3n<\/h3>\n<p><span>La equidad de g\u00e9nero se ha convertido en un imperativo estrat\u00e9gico para cualquier organizaci\u00f3n que pretenda sostenerse en el mediano y largo plazo. No se trata \u00fanicamente de cumplir con normas o responder a tendencias globales. Involucra el construir un modo de trabajar que aproveche mejor el talento disponible, reduzca riesgos y fortalezca la capacidad de adaptaci\u00f3n.<\/span><\/p>\n<p><span>Su impacto se observa en m\u00faltiples frentes:<\/span> <a href=\"https:\/\/runahr.com\/ar\/recursos\/recursos-humanos\/competitividad\/\"><span>competitividad<\/span><\/a><span>, innovaci\u00f3n, clima laboral, reputaci\u00f3n y<\/span> <a href=\"https:\/\/runahr.com\/ar\/recursos\/salario\/retencion\/\"><span>retenci\u00f3n<\/span><\/a><span> de talento. En un pa\u00eds donde los contextos cambian r\u00e1pido y las decisiones empresariales conviven con tensiones de caja, <\/span><a href=\"https:\/\/runahr.com\/ar\/recursos\/recursos-humanos\/negociacion\/\"><span>negociaci\u00f3n<\/span><\/a><span> sindical y presi\u00f3n regulatoria, contar con equipos diversos y reglas de juego equitativas act\u00faa como un amortiguador que permite moverse sin tantos sobresaltos.<\/span><\/p>\n<p><a href=\"https:\/\/recursos.runahr.com\/ar-guia-aprendizaje-desarrollo-para-equipos\"><img decoding=\"async\" class=\"alignnone size-large wp-image-1098328\" src=\"https:\/\/runahr.com\/wp-content\/uploads\/2026\/01\/CAR002-1024x405.webp\" alt=\"Descargar gu\u00eda de aprendizaje y desarrollo para equipos\" width=\"800\" height=\"316\" srcset=\"https:\/\/runahr.com\/wp-content\/uploads\/2026\/01\/CAR002-1024x405.webp 1024w, https:\/\/runahr.com\/wp-content\/uploads\/2026\/01\/CAR002-300x119.webp 300w, https:\/\/runahr.com\/wp-content\/uploads\/2026\/01\/CAR002-768x304.webp 768w, https:\/\/runahr.com\/wp-content\/uploads\/2026\/01\/CAR002-1536x607.webp 1536w, https:\/\/runahr.com\/wp-content\/uploads\/2026\/01\/CAR002-2048x809.webp 2048w\" sizes=\"(max-width: 800px) 100vw, 800px\" \/><\/a><\/p>\n\t\t<h2 class=\"runa-faq-title\">Preguntas frecuentes<\/h2>\n\n\t\t<div class=\"runa-faq-accordion\">\n\t\t\t\t\t\t<details class=\"runa-faq-item\">\n\t\t\t\t<summary>\n\t\t\t\t\t<span>\u00bfQu\u00e9 decisiones tomar sobre el salario para reducir brechas de g\u00e9nero?<\/span>\n\t\t\t\t\t<i class=\"fas fa-chevron-down\" aria-hidden=\"true\"><\/i>\n\t\t\t\t<\/summary>\n\t\t\t\t<div class=\"runa-faq-content\">\n\t\t\t\t\t<p><span style=\"font-weight: 400\">La revisi\u00f3n del <\/span><a href=\"https:\/\/runahr.com\/ar\/recursos\/salario\/salario\/\"><span style=\"font-weight: 400\">salario<\/span><\/a><span style=\"font-weight: 400\"> con enfoque de g\u00e9nero implica mirar bandas, aumentos y bonos por<\/span><a href=\"https:\/\/runahr.com\/ar\/recursos\/recursos-humanos\/desempeno\/\"> <span style=\"font-weight: 400\">desempe\u00f1o<\/span><\/a><span style=\"font-weight: 400\"> con lupa. No alcanza con decir que \u201cse paga por m\u00e9rito\u201d: conviene auditar decisiones hist\u00f3ricas, revisar ajustes discrecionales y documentar criterios. Cuando la inflaci\u00f3n corre fuerte, cualquier aumento mal asignado agranda brechas que ya ven\u00edan de a\u00f1os anteriores.<\/span><\/p>\n<p>&nbsp;<\/p>\n\t\t\t\t<\/div>\n\t\t\t<\/details>\n\t\t\t\t\t\t<details class=\"runa-faq-item\">\n\t\t\t\t<summary>\n\t\t\t\t\t<span>\u00bfC\u00f3mo incide el salario m\u00ednimo en las estrategias de equidad de g\u00e9nero?<\/span>\n\t\t\t\t\t<i class=\"fas fa-chevron-down\" aria-hidden=\"true\"><\/i>\n\t\t\t\t<\/summary>\n\t\t\t\t<div class=\"runa-faq-content\">\n\t\t\t\t\t<p><span style=\"font-weight: 400\">En sectores feminizados, muchas posiciones se ubican cerca del <\/span><a href=\"https:\/\/runahr.com\/ar\/recursos\/salario\/salario-minimo\/\"><span style=\"font-weight: 400\">salario m\u00ednimo<\/span><\/a><span style=\"font-weight: 400\">, lo que hace que cualquier cambio normativo o paritaria pegue de lleno en esa poblaci\u00f3n. Cruzar datos de g\u00e9nero con escalas salariales sirve para detectar si mujeres y disidencias quedan \u201cpegadas al piso\u201d mientras otros grupos avanzan m\u00e1s r\u00e1pido en las bandas.<\/span><\/p>\n<p>&nbsp;<\/p>\n\t\t\t\t<\/div>\n\t\t\t<\/details>\n\t\t\t\t\t\t<details class=\"runa-faq-item\">\n\t\t\t\t<summary>\n\t\t\t\t\t<span>\u00bfQu\u00e9 rol juega el trabajo remoto en la equidad de g\u00e9nero?<\/span>\n\t\t\t\t\t<i class=\"fas fa-chevron-down\" aria-hidden=\"true\"><\/i>\n\t\t\t\t<\/summary>\n\t\t\t\t<div class=\"runa-faq-content\">\n\t\t\t\t\t<p><span style=\"font-weight: 400\">El <\/span><a href=\"https:\/\/runahr.com\/ar\/recursos\/recursos-humanos\/trabajo-remoto\/\"><span style=\"font-weight: 400\">trabajo remoto<\/span><\/a><span style=\"font-weight: 400\"> puede ser un aliado o un problema. Bien dise\u00f1ado, ayuda a compatibilizar tareas de cuidado y responsabilidades laborales, especialmente en grandes ciudades donde el traslado consume horas. Mal gestionado, invisibiliza a quienes no est\u00e1n en la oficina, limita su exposici\u00f3n a proyectos clave y termina afectando promociones y acceso a decisiones.<\/span><\/p>\n<p>&nbsp;<\/p>\n\t\t\t\t<\/div>\n\t\t\t<\/details>\n\t\t\t\t\t\t<details class=\"runa-faq-item\">\n\t\t\t\t<summary>\n\t\t\t\t\t<span>\u00bfPor qu\u00e9 la capacitaci\u00f3n es clave para una pol\u00edtica de equidad de g\u00e9nero sostenible?<\/span>\n\t\t\t\t\t<i class=\"fas fa-chevron-down\" aria-hidden=\"true\"><\/i>\n\t\t\t\t<\/summary>\n\t\t\t\t<div class=\"runa-faq-content\">\n\t\t\t\t\t<p><span style=\"font-weight: 400\">La <\/span><a href=\"https:\/\/runahr.com\/ar\/recursos\/recursos-humanos\/capacitacion\/\"><span style=\"font-weight: 400\">capacitaci\u00f3n<\/span><\/a><span style=\"font-weight: 400\"> en perspectiva de g\u00e9nero, sesgos y violencia laboral permite que mandos medios y alta direcci\u00f3n reconozcan patrones que antes pasaban \u201cde largo\u201d. No se trata de un taller aislado, sino de un plan de formaci\u00f3n continua, adaptado a cada negocio, que conecte casos reales, normativa vigente y decisiones cotidianas de gesti\u00f3n de personas.<\/span><\/p>\n<p>&nbsp;<\/p>\n<p>&nbsp;<\/p>\n\t\t\t\t<\/div>\n\t\t\t<\/details>\n\t\t\t\t\t\t<details class=\"runa-faq-item\">\n\t\t\t\t<summary>\n\t\t\t\t\t<span>\u00bfC\u00f3mo se vincula la equidad de g\u00e9nero con la salud mental en el trabajo?<\/span>\n\t\t\t\t\t<i class=\"fas fa-chevron-down\" aria-hidden=\"true\"><\/i>\n\t\t\t\t<\/summary>\n\t\t\t\t<div class=\"runa-faq-content\">\n\t\t\t\t\t<p><span style=\"font-weight: 400\">Las desigualdades de g\u00e9nero se traducen en sobrecarga, <\/span><a href=\"https:\/\/runahr.com\/ar\/recursos\/recursos-humanos\/estres-laboral\/\"><span style=\"font-weight: 400\">estr\u00e9s laboral<\/span><\/a><span style=\"font-weight: 400\"> y desgaste emocional, especialmente cuando se combinan<\/span><a href=\"https:\/\/runahr.com\/ar\/recursos\/recursos-humanos\/jornada-laboral\"> <span style=\"font-weight: 400\">jornada<\/span><\/a><span style=\"font-weight: 400\"> laboral extendida y responsabilidades de cuidado, afectando la <\/span><a href=\"https:\/\/runahr.com\/ar\/recursos\/recursos-humanos\/salud-mental\/\"><span style=\"font-weight: 400\">salud mental<\/span><\/a><span style=\"font-weight: 400\">. Pol\u00edticas claras frente al acoso, mecanismos de denuncia confiables y acceso a apoyo psicol\u00f3gico ayudan a prevenir conflictos mayores. No es un tema \u201cblando\u201d: impacta en ausentismo, desempe\u00f1o y rotaci\u00f3n.<\/span><\/p>\n<p>&nbsp;<\/p>\n\t\t\t\t<\/div>\n\t\t\t<\/details>\n\t\t\t\t\t\t<details class=\"runa-faq-item\">\n\t\t\t\t<summary>\n\t\t\t\t\t<span>\u00bfQu\u00e9 aspectos de la Ley de Contrato de Trabajo son relevantes para la equidad de g\u00e9nero?<\/span>\n\t\t\t\t\t<i class=\"fas fa-chevron-down\" aria-hidden=\"true\"><\/i>\n\t\t\t\t<\/summary>\n\t\t\t\t<div class=\"runa-faq-content\">\n\t\t\t\t\t<p><span style=\"font-weight: 400\">La <\/span><a href=\"https:\/\/runahr.com\/ar\/recursos\/salario\/ley-de-contrato-de-trabajo\/\"><span style=\"font-weight: 400\">Ley de Contrato de Trabajo<\/span><\/a><span style=\"font-weight: 400\"> incorpora principios de no discriminaci\u00f3n, licencias vinculadas a maternidad y protecci\u00f3n frente a situaciones de violencia, entre otros puntos. Para la direcci\u00f3n, conocer estos pilares permite evitar pr\u00e1cticas que, adem\u00e1s de injustas, pueden generar reclamos formales. Una buena pol\u00edtica interna deber\u00eda, como m\u00ednimo, estar alineada con ese piso legal.<\/span><\/p>\n<p>&nbsp;<\/p>\n\t\t\t\t<\/div>\n\t\t\t<\/details>\n\t\t\t\t\t\t<details class=\"runa-faq-item\">\n\t\t\t\t<summary>\n\t\t\t\t\t<span>\u00bfQu\u00e9 papel cumple el Ministerio de Trabajo, Empleo y Seguridad Social en materia de g\u00e9nero?<\/span>\n\t\t\t\t\t<i class=\"fas fa-chevron-down\" aria-hidden=\"true\"><\/i>\n\t\t\t\t<\/summary>\n\t\t\t\t<div class=\"runa-faq-content\">\n\t\t\t\t\t<p><span style=\"font-weight: 400\">El <\/span><a href=\"https:\/\/runahr.com\/ar\/recursos\/recursos-humanos\/ministerio-de-trabajo-empleo-y-seguridad-social\/\"><span style=\"font-weight: 400\">Ministerio de Trabajo, Empleo y Seguridad Social<\/span><\/a><span style=\"font-weight: 400\"> impulsa normas, programas y lineamientos sobre igualdad de oportunidades, violencia laboral y conciliaci\u00f3n. Tambi\u00e9n puede intervenir ante denuncias y fiscalizaciones. Seguir sus resoluciones, recomendaciones y campa\u00f1as ayuda a anticipar cambios regulatorios y a mostrar, frente a sindicatos y autoridades, que la empresa toma el tema en serio.<\/span><\/p>\n<p>&nbsp;<\/p>\n\t\t\t\t<\/div>\n\t\t\t<\/details>\n\t\t\t\t\t\t<details class=\"runa-faq-item\">\n\t\t\t\t<summary>\n\t\t\t\t\t<span>\u00bfC\u00f3mo puede la n\u00f3mina convertirse en una herramienta para gestionar la equidad de g\u00e9nero?<\/span>\n\t\t\t\t\t<i class=\"fas fa-chevron-down\" aria-hidden=\"true\"><\/i>\n\t\t\t\t<\/summary>\n\t\t\t\t<div class=\"runa-faq-content\">\n\t\t\t\t\t<p><span style=\"font-weight: 400\">La <\/span><a href=\"https:\/\/runahr.com\/ar\/recursos\/recursos-humanos\/nomina\/\"><span style=\"font-weight: 400\">n\u00f3mina<\/span><\/a><span style=\"font-weight: 400\"> no es solo un listado para pagar sueldos: bien explotada, permite analizar brecha salarial, composici\u00f3n por g\u00e9nero en cada nivel, bonos, <\/span><a href=\"https:\/\/runahr.com\/ar\/recursos\/recursos-humanos\/horas-extras\/\"><span style=\"font-weight: 400\">horas extras<\/span><\/a><span style=\"font-weight: 400\"> y uso de licencias. Cruzar esos datos con desempe\u00f1o y rotaci\u00f3n muestra d\u00f3nde se concentran las inequidades. Con esa evidencia, las conversaciones de ajuste dejan de ser solo opinables.<\/span><\/p>\n\t\t\t\t<\/div>\n\t\t\t<\/details>\n\t\t\t\t\t<\/div>\n\n\t\t<script>\n\t\t(function() {\n\t\t\tdocument.addEventListener('DOMContentLoaded', function() {\n\t\t\t\tvar items = document.querySelectorAll('.runa-faq-accordion details');\n\t\t\t\titems.forEach(function(target) {\n\t\t\t\t\ttarget.addEventListener('toggle', function() {\n\t\t\t\t\t\tif (target.open) {\n\t\t\t\t\t\t\titems.forEach(function(other) {\n\t\t\t\t\t\t\t\tif (other !== target && other.open) other.open = false;\n\t\t\t\t\t\t\t});\n\t\t\t\t\t\t}\n\t\t\t\t\t});\n\t\t\t\t});\n\t\t\t});\n\t\t})();\n\t\t<\/script>\n\t\t\n","protected":false},"excerpt":{"rendered":"<p>Hablar de equidad de g\u00e9nero en Argentina ya no es un tema \u201cblando\u201d o un asunto \u201cde imagen\u201d. Atraviesa la agenda de negocio, la gesti\u00f3n de personas y, en muchos casos, la supervivencia competitiva de las organizaciones. En Argentina, la inflaci\u00f3n, el d\u00f3lar, las paritarias y los cambios normativos ocupan buena parte de las reuniones [&hellip;]<\/p>\n","protected":false},"author":99,"featured_media":1114632,"comment_status":"closed","ping_status":"closed","sticky":false,"template":"","format":"standard","meta":{"_acf_changed":false,"_wp_applaud_exclude":false,"footnotes":""},"categories":[190,2030],"tags":[1297,2033],"class_list":["post-1114631","post","type-post","status-publish","format-standard","has-post-thumbnail","hentry","category-recursos","category-recursos-humanos","tag-articulo","tag-recursos-humanos-3-ar"],"acf":[],"yoast_head":"<!-- This site is optimized with the Yoast SEO Premium plugin v26.1 (Yoast SEO v27.5) - https:\/\/yoast.com\/product\/yoast-seo-premium-wordpress\/ -->\n<title>Equidad de g\u00e9nero: \u00bfQu\u00e9 es? \u00bfCu\u00e1l es su objetivo? | AR | Runa HR<\/title>\n<meta name=\"description\" content=\"Qu\u00e9 es la equidad de g\u00e9nero en el trabajo, por qu\u00e9 es clave para la gesti\u00f3n en Argentina y c\u00f3mo RRHH puede impulsar cambios sostenibles.\" \/>\n<meta name=\"robots\" content=\"index, follow, max-snippet:-1, max-image-preview:large, max-video-preview:-1\" \/>\n<link rel=\"canonical\" href=\"https:\/\/runahr.com\/ar\/recursos\/recursos-humanos\/equidad-de-genero\/\" \/>\n<meta property=\"og:locale\" content=\"es_ES\" \/>\n<meta property=\"og:type\" content=\"article\" \/>\n<meta property=\"og:title\" content=\"Equidad de g\u00e9nero: \u00bfQu\u00e9 es? \u00bfCu\u00e1l es su objetivo? | AR | Runa HR\" \/>\n<meta property=\"og:description\" content=\"Qu\u00e9 es la equidad de g\u00e9nero en el trabajo, por qu\u00e9 es clave para la gesti\u00f3n en Argentina y c\u00f3mo RRHH puede impulsar cambios sostenibles.\" \/>\n<meta property=\"og:url\" content=\"https:\/\/runahr.com\/ar\/recursos\/recursos-humanos\/equidad-de-genero\/\" \/>\n<meta property=\"og:site_name\" content=\"Runa HR\" \/>\n<meta property=\"article:publisher\" content=\"https:\/\/www.facebook.com\/runahr\/\" \/>\n<meta property=\"article:published_time\" content=\"2026-04-29T04:14:01+00:00\" \/>\n<meta property=\"og:image\" content=\"https:\/\/runahr.com\/wp-content\/uploads\/2026\/04\/equidad-de-genero.webp\" \/>\n\t<meta property=\"og:image:width\" content=\"2048\" \/>\n\t<meta property=\"og:image:height\" content=\"827\" \/>\n\t<meta property=\"og:image:type\" content=\"image\/webp\" \/>\n<meta name=\"author\" content=\"Graciela Fernandez\" \/>\n<meta name=\"twitter:card\" content=\"summary_large_image\" \/>\n<meta name=\"twitter:creator\" content=\"@runahr\" \/>\n<meta name=\"twitter:site\" content=\"@runahr\" \/>\n<meta name=\"twitter:label1\" content=\"Escrito por\" \/>\n\t<meta name=\"twitter:data1\" content=\"Graciela Fernandez\" \/>\n\t<meta name=\"twitter:label2\" content=\"Tiempo de lectura\" \/>\n\t<meta name=\"twitter:data2\" content=\"12 minutos\" \/>\n<!-- \/ Yoast SEO Premium plugin. -->","yoast_head_json":{"title":"Equidad de g\u00e9nero: \u00bfQu\u00e9 es? \u00bfCu\u00e1l es su objetivo? | AR | Runa HR","description":"Qu\u00e9 es la equidad de g\u00e9nero en el trabajo, por qu\u00e9 es clave para la gesti\u00f3n en Argentina y c\u00f3mo RRHH puede impulsar cambios sostenibles.","robots":{"index":"index","follow":"follow","max-snippet":"max-snippet:-1","max-image-preview":"max-image-preview:large","max-video-preview":"max-video-preview:-1"},"canonical":"https:\/\/runahr.com\/ar\/recursos\/recursos-humanos\/equidad-de-genero\/","og_locale":"es_ES","og_type":"article","og_title":"Equidad de g\u00e9nero: \u00bfQu\u00e9 es? \u00bfCu\u00e1l es su objetivo? | AR | Runa HR","og_description":"Qu\u00e9 es la equidad de g\u00e9nero en el trabajo, por qu\u00e9 es clave para la gesti\u00f3n en Argentina y c\u00f3mo RRHH puede impulsar cambios sostenibles.","og_url":"https:\/\/runahr.com\/ar\/recursos\/recursos-humanos\/equidad-de-genero\/","og_site_name":"Runa HR","article_publisher":"https:\/\/www.facebook.com\/runahr\/","article_published_time":"2026-04-29T04:14:01+00:00","og_image":[{"width":2048,"height":827,"url":"https:\/\/runahr.com\/wp-content\/uploads\/2026\/04\/equidad-de-genero.webp","type":"image\/webp"}],"author":"Graciela Fernandez","twitter_card":"summary_large_image","twitter_creator":"@runahr","twitter_site":"@runahr","twitter_misc":{"Escrito por":"Graciela Fernandez","Tiempo de lectura":"12 minutos"},"schema":{"@context":"https:\/\/schema.org","@graph":[{"@type":"Article","@id":"https:\/\/runahr.com\/ar\/recursos\/recursos-humanos\/equidad-de-genero\/#article","isPartOf":{"@id":"https:\/\/runahr.com\/ar\/recursos\/recursos-humanos\/equidad-de-genero\/"},"author":{"name":"Graciela Fernandez","@id":"https:\/\/runahr.com\/ar\/#\/schema\/person\/b930e31522d3bb414d8a6b4ac22ec528"},"headline":"Equidad de g\u00e9nero: \u00bfQu\u00e9 es? \u00bfCu\u00e1l es su objetivo?","datePublished":"2026-04-29T04:14:01+00:00","mainEntityOfPage":{"@id":"https:\/\/runahr.com\/ar\/recursos\/recursos-humanos\/equidad-de-genero\/"},"wordCount":2633,"publisher":{"@id":"https:\/\/runahr.com\/ar\/#organization"},"image":{"@id":"https:\/\/runahr.com\/ar\/recursos\/recursos-humanos\/equidad-de-genero\/#primaryimage"},"thumbnailUrl":"https:\/\/runahr.com\/wp-content\/uploads\/2026\/04\/equidad-de-genero.webp","keywords":["Art\u00edculo","Recursos humanos"],"articleSection":["Recursos","Recursos humanos"],"inLanguage":"es-AR"},{"@type":"WebPage","@id":"https:\/\/runahr.com\/ar\/recursos\/recursos-humanos\/equidad-de-genero\/","url":"https:\/\/runahr.com\/ar\/recursos\/recursos-humanos\/equidad-de-genero\/","name":"Equidad de g\u00e9nero: \u00bfQu\u00e9 es? \u00bfCu\u00e1l es su objetivo? | AR | Runa HR","isPartOf":{"@id":"https:\/\/runahr.com\/ar\/#website"},"primaryImageOfPage":{"@id":"https:\/\/runahr.com\/ar\/recursos\/recursos-humanos\/equidad-de-genero\/#primaryimage"},"image":{"@id":"https:\/\/runahr.com\/ar\/recursos\/recursos-humanos\/equidad-de-genero\/#primaryimage"},"thumbnailUrl":"https:\/\/runahr.com\/wp-content\/uploads\/2026\/04\/equidad-de-genero.webp","datePublished":"2026-04-29T04:14:01+00:00","description":"Qu\u00e9 es la equidad de g\u00e9nero en el trabajo, por qu\u00e9 es clave para la gesti\u00f3n en Argentina y c\u00f3mo RRHH puede impulsar cambios sostenibles.","breadcrumb":{"@id":"https:\/\/runahr.com\/ar\/recursos\/recursos-humanos\/equidad-de-genero\/#breadcrumb"},"inLanguage":"es-AR","potentialAction":[{"@type":"ReadAction","target":["https:\/\/runahr.com\/ar\/recursos\/recursos-humanos\/equidad-de-genero\/"]}]},{"@type":"ImageObject","inLanguage":"es-AR","@id":"https:\/\/runahr.com\/ar\/recursos\/recursos-humanos\/equidad-de-genero\/#primaryimage","url":"https:\/\/runahr.com\/wp-content\/uploads\/2026\/04\/equidad-de-genero.webp","contentUrl":"https:\/\/runahr.com\/wp-content\/uploads\/2026\/04\/equidad-de-genero.webp","width":2048,"height":827,"caption":"equidad de g\u00e9nero"},{"@type":"BreadcrumbList","@id":"https:\/\/runahr.com\/ar\/recursos\/recursos-humanos\/equidad-de-genero\/#breadcrumb","itemListElement":[{"@type":"ListItem","position":1,"name":"Home","item":"https:\/\/runahr.com\/ar\/"},{"@type":"ListItem","position":2,"name":"Recursos","item":"https:\/\/runahr.com\/ar\/category\/recursos\/"},{"@type":"ListItem","position":3,"name":"Recursos humanos","item":"https:\/\/runahr.com\/ar\/category\/recursos\/recursos-humanos\/"},{"@type":"ListItem","position":4,"name":"Equidad de g\u00e9nero: \u00bfQu\u00e9 es? \u00bfCu\u00e1l es su objetivo?"}]},{"@type":"WebSite","@id":"https:\/\/runahr.com\/ar\/#website","url":"https:\/\/runahr.com\/ar\/","name":"Runa HR","description":"Software de N\u00f3mina y Gesti\u00f3n de RRHH","publisher":{"@id":"https:\/\/runahr.com\/ar\/#organization"},"potentialAction":[{"@type":"SearchAction","target":{"@type":"EntryPoint","urlTemplate":"https:\/\/runahr.com\/ar\/?s={search_term_string}"},"query-input":{"@type":"PropertyValueSpecification","valueRequired":true,"valueName":"search_term_string"}}],"inLanguage":"es-AR"},{"@type":"Organization","@id":"https:\/\/runahr.com\/ar\/#organization","name":"Runa HR","url":"https:\/\/runahr.com\/ar\/","logo":{"@type":"ImageObject","inLanguage":"es-AR","@id":"https:\/\/runahr.com\/ar\/#\/schema\/logo\/image\/","url":"https:\/\/runahr.com\/wp-content\/uploads\/2018\/05\/xDzHFcQY_400x400.jpg","contentUrl":"https:\/\/runahr.com\/wp-content\/uploads\/2018\/05\/xDzHFcQY_400x400.jpg","width":400,"height":400,"caption":"Runa HR"},"image":{"@id":"https:\/\/runahr.com\/ar\/#\/schema\/logo\/image\/"},"sameAs":["https:\/\/www.facebook.com\/runahr\/","https:\/\/x.com\/runahr","https:\/\/www.instagram.com\/runahr\/","https:\/\/mx.linkedin.com\/company\/runahr","https:\/\/www.youtube.com\/channel\/UCAZ21FupFMLIb1c7PPaU6Ew"]},{"@type":"Person","@id":"https:\/\/runahr.com\/ar\/#\/schema\/person\/b930e31522d3bb414d8a6b4ac22ec528","name":"Graciela Fernandez","image":{"@type":"ImageObject","inLanguage":"es-AR","@id":"https:\/\/secure.gravatar.com\/avatar\/12e3348401dbaa5808fe094b85f98811e3dac644136ec1b3f605d9f962947875?s=96&d=mm&r=g","url":"https:\/\/secure.gravatar.com\/avatar\/12e3348401dbaa5808fe094b85f98811e3dac644136ec1b3f605d9f962947875?s=96&d=mm&r=g","contentUrl":"https:\/\/secure.gravatar.com\/avatar\/12e3348401dbaa5808fe094b85f98811e3dac644136ec1b3f605d9f962947875?s=96&d=mm&r=g","caption":"Graciela Fernandez"},"url":"https:\/\/runahr.com\/ar\/author\/graciela_fernandez\/"}]}},"_links":{"self":[{"href":"https:\/\/runahr.com\/ar\/wp-json\/wp\/v2\/posts\/1114631","targetHints":{"allow":["GET"]}}],"collection":[{"href":"https:\/\/runahr.com\/ar\/wp-json\/wp\/v2\/posts"}],"about":[{"href":"https:\/\/runahr.com\/ar\/wp-json\/wp\/v2\/types\/post"}],"author":[{"embeddable":true,"href":"https:\/\/runahr.com\/ar\/wp-json\/wp\/v2\/users\/99"}],"replies":[{"embeddable":true,"href":"https:\/\/runahr.com\/ar\/wp-json\/wp\/v2\/comments?post=1114631"}],"version-history":[{"count":1,"href":"https:\/\/runahr.com\/ar\/wp-json\/wp\/v2\/posts\/1114631\/revisions"}],"predecessor-version":[{"id":1114633,"href":"https:\/\/runahr.com\/ar\/wp-json\/wp\/v2\/posts\/1114631\/revisions\/1114633"}],"wp:featuredmedia":[{"embeddable":true,"href":"https:\/\/runahr.com\/ar\/wp-json\/wp\/v2\/media\/1114632"}],"wp:attachment":[{"href":"https:\/\/runahr.com\/ar\/wp-json\/wp\/v2\/media?parent=1114631"}],"wp:term":[{"taxonomy":"category","embeddable":true,"href":"https:\/\/runahr.com\/ar\/wp-json\/wp\/v2\/categories?post=1114631"},{"taxonomy":"post_tag","embeddable":true,"href":"https:\/\/runahr.com\/ar\/wp-json\/wp\/v2\/tags?post=1114631"}],"curies":[{"name":"wp","href":"https:\/\/api.w.org\/{rel}","templated":true}]}}