{"id":1105172,"date":"2026-03-03T12:55:19","date_gmt":"2026-03-03T18:55:19","guid":{"rendered":"https:\/\/runahr.com\/?p=1105172"},"modified":"2026-03-18T09:49:13","modified_gmt":"2026-03-18T15:49:13","slug":"justa-causa","status":"publish","type":"post","link":"https:\/\/runahr.com\/br\/recursos\/recursos-humanos\/justa-causa\/","title":{"rendered":"Justa causa: O que \u00e9 segundo a Consolida\u00e7\u00e3o das Leis do Trabalho (CLT)?"},"content":{"rendered":"<p><span>A demiss\u00e3o por justa causa est\u00e1 entre as decis\u00f5es mais sens\u00edveis que o RH e a lideran\u00e7a podem tomar. Ela envolve a penalidade m\u00e1xima aplicada ao empregado e, por isso, costuma ser um dos temas que mais geram disputa, desgaste interno e judicializa\u00e7\u00e3o quando a empresa erra na forma ou no fundamento. O impacto n\u00e3o \u00e9 s\u00f3 jur\u00eddico. \u00c9 financeiro, operacional e cultural.<\/span><\/p>\n<p><span>Quando a justa causa \u00e9 aplicada de modo fr\u00e1gil, a empresa corre o risco de revers\u00e3o na Justi\u00e7a do Trabalho, com pagamento retroativo de verbas de dispensa imotivada, al\u00e9m de custos de defesa, tempo de gest\u00e3o e ru\u00eddo reputacional. Em paralelo, decis\u00f5es inconsistentes podem enfraquecer a cultura de confian\u00e7a. Equipes observam se a organiza\u00e7\u00e3o pune com coer\u00eancia, se investiga com seriedade e se age com respeito. Um desligamento mal conduzido pode gerar medo, inseguran\u00e7a ou a sensa\u00e7\u00e3o de injusti\u00e7a.<\/span><\/p>\n<p><span>Por isso, o tema deve ser tratado como quest\u00e3o de gest\u00e3o e compliance, n\u00e3o apenas como tese jur\u00eddica. Lideran\u00e7as precisam entender o que caracteriza justa causa, quais comportamentos se enquadram no artigo 482 da CLT e quais requisitos pr\u00e1ticos s\u00e3o esperados, como proporcionalidade, coer\u00eancia com casos anteriores, boa f\u00e9 e documenta\u00e7\u00e3o robusta. O Tribunal Superior do Trabalho refor\u00e7a, em decis\u00f5es, que a justa causa exige crit\u00e9rios como atualidade e proporcionalidade na aplica\u00e7\u00e3o da penalidade.<\/span><\/p>\n<p><span>Este guia foi feito para apoiar decis\u00f5es com mais seguran\u00e7a e menos improviso, explicando conceito, hip\u00f3teses, disciplina progressiva, verbas rescis\u00f3rias, compara\u00e7\u00e3o com pedido de demiss\u00e3o, riscos legais e como RH e tecnologia podem reduzir exposi\u00e7\u00e3o.<\/span><\/p>\n<h2><b>O que \u00e9 justa causa segundo a legisla\u00e7\u00e3o trabalhista brasileira?<\/b><\/h2>\n<p><span>Justa causa \u00e9 a rescis\u00e3o do contrato pelo empregador com base em falta grave praticada pelo empregado. \u00c9 uma exce\u00e7\u00e3o dentro do sistema trabalhista e, por isso, deve ser aplicada com cautela, porque altera significativamente direitos na rescis\u00e3o e tem forte carga reputacional.<\/span><\/p>\n<p><span>A base legal cl\u00e1ssica est\u00e1 no artigo 482 da CLT, que lista hip\u00f3teses de justa causa, como ato de improbidade, incontin\u00eancia de conduta, mau procedimento, des\u00eddia, indisciplina, insubordina\u00e7\u00e3o, abandono de emprego e outras situa\u00e7\u00f5es previstas.<\/span><\/p>\n<p><span>Na pr\u00e1tica de gest\u00e3o, a justa causa deve obedecer crit\u00e9rios de proporcionalidade, coer\u00eancia e boa f\u00e9. Proporcionalidade significa que a puni\u00e7\u00e3o precisa ser compat\u00edvel com a gravidade da conduta e com o hist\u00f3rico do empregado. Coer\u00eancia significa tratar casos semelhantes de forma semelhante, evitando seletividade que aumenta o risco de questionamento. Boa f\u00e9 significa investigar com seriedade, ouvir o empregado quando apropriado e registrar decis\u00f5es de forma clara e objetiva.<\/span><\/p>\n<p><span>Como a justa causa \u00e9 medida extrema, empresas maduras evitam trat\u00e1 la como atalho para resolver problemas de performance ou conflito. Ela \u00e9 um instrumento para condutas graves e comprov\u00e1veis, n\u00e3o para situa\u00e7\u00f5es cinzentas em que a empresa n\u00e3o construiu processo de gest\u00e3o e corre\u00e7\u00e3o.<\/span><\/p>\n<h2><b>Que comportamentos e a\u00e7\u00f5es podem levar \u00e0 demiss\u00e3o por justa causa?<\/b><\/h2>\n<p><span>A CLT apresenta uma lista de hip\u00f3teses de justa causa, e na pr\u00e1tica corporativa alguns grupos de conduta aparecem com mais frequ\u00eancia.<\/span><\/p>\n<p><span>Um grupo envolve indisciplina e insubordina\u00e7\u00e3o, quando o empregado descumpre regras internas leg\u00edtimas ou se recusa a cumprir ordens compat\u00edveis com o contrato e com a fun\u00e7\u00e3o.<\/span><\/p>\n<p><span>Outro grupo envolve condutas reiteradas e des\u00eddia, que na pr\u00e1tica costuma significar neglig\u00eancia habitual, baixa dilig\u00eancia, repeti\u00e7\u00e3o de atrasos, descumprimento cont\u00ednuo de rotinas cr\u00edticas e comportamento que compromete a confian\u00e7a operacional.<\/span><\/p>\n<p><span>H\u00e1 tamb\u00e9m hip\u00f3teses ligadas a quebra de confian\u00e7a, como ato de improbidade, fraude e desonestidade. Esse \u00e9 um dos cen\u00e1rios mais comuns de justa causa quando h\u00e1 prova documental clara.<\/span><\/p>\n<p><span>Faltas e abandono tamb\u00e9m aparecem. Abandono de emprego \u00e9 figura prevista na CLT, e costuma exigir evid\u00eancia de aus\u00eancia prolongada combinada com inten\u00e7\u00e3o de n\u00e3o retornar, o que demanda cautela probat\u00f3ria.<\/span><\/p>\n<p><span>Viola\u00e7\u00f5es de pol\u00edticas internas e padr\u00f5es \u00e9ticos podem fundamentar justa causa quando a pol\u00edtica \u00e9 leg\u00edtima, conhecida, aplicada de forma consistente e a viola\u00e7\u00e3o \u00e9 grave o suficiente. E h\u00e1 situa\u00e7\u00f5es de ato criminoso relacionado ao v\u00ednculo, quando h\u00e1 conex\u00e3o direta com a rela\u00e7\u00e3o de emprego e elementos robustos de prova.<\/span><\/p>\n<h2><b>A disciplina progressiva se aplica a casos de justa causa?<\/b><\/h2>\n<p><span>Na pr\u00e1tica brasileira, muitas empresas usam disciplina progressiva, com orienta\u00e7\u00f5es, advert\u00eancias e suspens\u00f5es antes da ruptura. Isso \u00e9 \u00fatil porque demonstra tentativa de corre\u00e7\u00e3o e refor\u00e7a proporcionalidade. Mas n\u00e3o existe uma regra autom\u00e1tica do tipo tr\u00eas advert\u00eancias e justa causa. Esse mito gera erros tanto do lado do empregado quanto do lado dos gestores.<\/span><\/p>\n<p><span>Em faltas leves ou repetitivas, \u00e9 comum que se espere algum hist\u00f3rico de corre\u00e7\u00e3o, porque isso sustenta a narrativa de des\u00eddia, indisciplina recorrente ou resist\u00eancia a ajustes. J\u00e1 em faltas grav\u00edssimas, pode n\u00e3o ser necess\u00e1rio aplicar etapas intermedi\u00e1rias, porque a gravidade por si s\u00f3 pode justificar a ruptura, desde que a prova seja muito s\u00f3lida e a resposta seja imediata.<\/span><\/p>\n<p><span>O ponto decisivo \u00e9 a documenta\u00e7\u00e3o. Registrar fatos, evid\u00eancias, comunica\u00e7\u00f5es, respostas do empregado e medidas adotadas reduz o risco de revers\u00e3o. Al\u00e9m disso, o timing importa. A jurisprud\u00eancia costuma valorizar a atualidade ou imediatidade da puni\u00e7\u00e3o, ou seja, a empresa n\u00e3o deve demorar sem justificativa para aplicar a penalidade m\u00e1xima ap\u00f3s tomar ci\u00eancia do fato.<\/span><\/p>\n<h2><b>O que ganha um funcion\u00e1rio quando demitido por justa causa?<\/b><\/h2>\n<p><span>Na demiss\u00e3o por justa causa, o empregado n\u00e3o recebe v\u00e1rias verbas t\u00edpicas da dispensa sem justa causa. Em comunica\u00e7\u00e3o educativa, o TST explica que na justa causa o trabalhador tem direito apenas ao saldo de sal\u00e1rio e \u00e0s f\u00e9rias vencidas, com os acr\u00e9scimos aplic\u00e1veis, e perde direitos como aviso pr\u00e9vio, saque do FGTS e seguro desemprego.<\/span><\/p>\n<p><span>Tamb\u00e9m \u00e9 importante destacar um ponto que gera confus\u00e3o. O TST indica que o empregado dispensado por justa causa n\u00e3o tem direito ao 13\u00ba sal\u00e1rio.<\/span><\/p>\n<p><span>Sobre f\u00e9rias proporcionais, a regra tradicional na CLT e na jurisprud\u00eancia cl\u00e1ssica costuma negar o pagamento na justa causa. Por\u00e9m, h\u00e1 decis\u00f5es recentes do TST reconhecendo f\u00e9rias proporcionais em casos espec\u00edficos com base na Conven\u00e7\u00e3o 132 da OIT, o que mostra que o tema pode ser sens\u00edvel e variar conforme o enquadramento e o caso concreto.<\/span><\/p>\n<p><span>Para gest\u00e3o, o melhor caminho \u00e9 tratar o c\u00e1lculo rescis\u00f3rio com dupla checagem, porque erro de verba rescis\u00f3ria adiciona risco a um desligamento que j\u00e1 \u00e9 sens\u00edvel.<\/span><\/p>\n<h2><b>\u00c9 pior renunciar ou ser demitido por justa causa?<\/b><\/h2>\n<p><span>Do ponto de vista financeiro, a demiss\u00e3o por justa causa costuma ser a pior sa\u00edda para o empregado, porque reduz significativamente verbas rescis\u00f3rias e impede saque do FGTS e acesso ao seguro desemprego na regra geral.<\/span><\/p>\n<p><span>O pedido de demiss\u00e3o normalmente preserva algumas verbas e tende a ser menos danoso em termos de percep\u00e7\u00e3o no mercado, embora cada contexto seja diferente. J\u00e1 a justa causa pode ter impacto reputacional e emocional maior, principalmente quando o motivo vira conhecimento p\u00fablico dentro do setor.<\/span><\/p>\n<p><span>Do ponto de vista empresarial, tamb\u00e9m h\u00e1 uma diferen\u00e7a. Quando o empregado pede demiss\u00e3o, o risco de lit\u00edgio por revers\u00e3o \u00e9 menor. Na justa causa, o risco de contesta\u00e7\u00e3o \u00e9 mais alto, ent\u00e3o a empresa precisa ter mais evid\u00eancia, mais consist\u00eancia e mais cuidado na condu\u00e7\u00e3o.<\/span><\/p>\n<p><span>Independentemente do tipo de sa\u00edda, o tratamento respeitoso e a comunica\u00e7\u00e3o clara reduzem conflito. Uma sa\u00edda mal conduzida gera disputa at\u00e9 quando a empresa tem raz\u00e3o.<\/span><\/p>\n<h2><b>Quais s\u00e3o os riscos legais da aplica\u00e7\u00e3o incorreta da justa causa?<\/b><\/h2>\n<p><span>O primeiro risco \u00e9 a revers\u00e3o judicial. A justa causa exige prova robusta e coer\u00eancia, e quando o juiz entende que faltou gravidade, imediatidade, proporcionalidade ou evid\u00eancia, a dispensa pode ser convertida em dispensa imotivada, com reflexos financeiros relevantes.<\/span><\/p>\n<p><span>O \u00f4nus da prova \u00e9 um ponto central. A CLT trata do \u00f4nus da prova no artigo 818 e estabelece que cabe ao reclamado provar fatos impeditivos, modificativos ou extintivos do direito do reclamante, o que na pr\u00e1tica costuma recair sobre o empregador quando ele alega justa causa.<\/span><\/p>\n<p><span>H\u00e1 tamb\u00e9m risco quando a empresa demora para agir ap\u00f3s conhecer a falta. Decis\u00f5es do TST abordam a atualidade ou imediatidade como requisito relevante para a penalidade m\u00e1xima.<\/span><\/p>\n<p><span>Outro risco \u00e9 a inconsist\u00eancia. Se a empresa aplica justa causa em um caso e n\u00e3o aplica em casos semelhantes, aumenta a chance de alega\u00e7\u00e3o de tratamento desigual e enfraquece a defesa. Por fim, documenta\u00e7\u00e3o fraca, testemunhas inconsistentes e aus\u00eancia de trilha de investiga\u00e7\u00e3o tornam a justa causa vulner\u00e1vel.<\/span><\/p>\n<h2><b>Como o RH deve lidar com decis\u00f5es de justa causa?<\/b><\/h2>\n<p><span>O RH deve entrar cedo, antes de o gestor decidir. <\/span><\/p>\n<ol>\n<li><span>O primeiro passo \u00e9 conduzir investiga\u00e7\u00e3o m\u00ednima e organizada, coletando evid\u00eancias, checando pol\u00edticas internas e garantindo que o fato se enquadre na hip\u00f3tese do artigo 482, com clareza.<\/span><\/li>\n<li><span>O segundo passo \u00e9 comparar com precedentes internos. Empresas que t\u00eam matriz de san\u00e7\u00f5es e registro de casos anteriores reduzem seletividade. <\/span><\/li>\n<li><span>O terceiro \u00e9 treinar gestores para registrar fatos com precis\u00e3o. Muitas revers\u00f5es acontecem n\u00e3o porque a falta n\u00e3o existiu, mas porque a documenta\u00e7\u00e3o foi mal feita ou o processo foi conduzido de forma confusa.<\/span><\/li>\n<\/ol>\n<p><span>Em casos de alto risco, como alega\u00e7\u00f5es de fraude, ass\u00e9dio, seguran\u00e7a e temas sens\u00edveis, a revis\u00e3o jur\u00eddica antes do desligamento costuma ser prudente. O objetivo n\u00e3o \u00e9 burocratizar, e sim reduzir risco de erro em uma decis\u00e3o que tem alto custo potencial.<\/span><\/p>\n<h2><b>Como a tecnologia de RH pode reduzir os riscos relacionados \u00e0 justa causa?<\/b><\/h2>\n<p><span>A tecnologia ajuda principalmente em rastreabilidade e consist\u00eancia. Sistemas podem centralizar hist\u00f3rico do empregado, advert\u00eancias, suspens\u00f5es, registros de desempenho e documentos de ci\u00eancia de pol\u00edticas. Isso fortalece a prova e reduz lacunas quando h\u00e1 contesta\u00e7\u00e3o.<\/span><\/p>\n<p><span>Tamb\u00e9m ajuda a padronizar fluxos de apura\u00e7\u00e3o e aprova\u00e7\u00e3o, exigindo campos m\u00ednimos, anexos de evid\u00eancia e valida\u00e7\u00f5es antes da decis\u00e3o final. Na rescis\u00e3o, software de folha reduz erro de c\u00e1lculo de verbas devidas, que \u00e9 um ponto cr\u00edtico em desligamentos por justa causa.<\/span><\/p>\n<p><span>Outro ganho \u00e9 auditoria. Quando a empresa tem trilhas de decis\u00e3o, quem aprovou, quando, com base em quais evid\u00eancias e qual pol\u00edtica foi aplicada, ela melhora governan\u00e7a e reduz o improviso.<\/span><\/p>\n<h2><b>Como a tecnologia de RH pode reduzir os riscos relacionados \u00e0 justa causa?<\/b><\/h2>\n<p><span>Para gerir justa causa com mais confian\u00e7a e justi\u00e7a, a empresa precisa tratar o tema como \u00faltimo recurso. A justa causa n\u00e3o deve ser um atalho para resolver gest\u00e3o fraca, conflitos mal conduzidos ou problemas de performance sem acompanhamento. Ela deve ser reservada a faltas graves e comprov\u00e1veis, dentro do artigo 482.<\/span><\/p>\n<p><span>O que d\u00e1 seguran\u00e7a \u00e9 estrutura. Pol\u00edtica clara, treinamento de gestores, disciplina progressiva quando apropriado, investiga\u00e7\u00e3o com evid\u00eancia e decis\u00e3o com revis\u00e3o. E o que d\u00e1 consist\u00eancia em escala \u00e9 processo e tecnologia juntos.<\/span><\/p>\n<p><span>O RH atua como guardi\u00e3o de coer\u00eancia e de conformidade, protegendo a empresa de riscos evit\u00e1veis e tamb\u00e9m garantindo que o empregado seja tratado com respeito e transpar\u00eancia. Quando isso acontece, a empresa reduz judicializa\u00e7\u00e3o, protege cultura e preserva confian\u00e7a interna, mesmo em decis\u00f5es dif\u00edceis.<\/span><\/p>\n","protected":false},"excerpt":{"rendered":"<p>A demiss\u00e3o por justa causa est\u00e1 entre as decis\u00f5es mais sens\u00edveis que o RH e a lideran\u00e7a podem tomar. Ela envolve a penalidade m\u00e1xima aplicada ao empregado e, por isso, costuma ser um dos temas que mais geram disputa, desgaste interno e judicializa\u00e7\u00e3o quando a empresa erra na forma ou no fundamento. O impacto n\u00e3o [&hellip;]<\/p>\n","protected":false},"author":114,"featured_media":1105187,"comment_status":"closed","ping_status":"closed","sticky":false,"template":"","format":"standard","meta":{"_acf_changed":false,"_wp_applaud_exclude":false,"footnotes":""},"categories":[2597,2601],"tags":[2644,2795,2646],"class_list":["post-1105172","post","type-post","status-publish","format-standard","has-post-thumbnail","hentry","category-recursos","category-recursos-humanos","tag-artigo","tag-justa-causa","tag-recursos-humanos"],"acf":[],"yoast_head":"<!-- This site is optimized with the Yoast SEO Premium plugin v26.1 (Yoast SEO v27.4) - https:\/\/yoast.com\/product\/yoast-seo-premium-wordpress\/ -->\n<title>Justa causa: O que \u00e9 segundo a Consolida\u00e7\u00e3o das Leis do Trabalho (CLT)? | BR | Runa HR<\/title>\n<meta name=\"description\" content=\"Justa causa na CLT: o que \u00e9, hip\u00f3teses do art. 482, disciplina progressiva, verbas na rescis\u00e3o, riscos de revers\u00e3o e como RH e tecnologia reduzem exposi\u00e7\u00e3o.\" \/>\n<meta name=\"robots\" content=\"index, follow, max-snippet:-1, max-image-preview:large, max-video-preview:-1\" \/>\n<link rel=\"canonical\" href=\"https:\/\/runahr.com\/br\/recursos\/recursos-humanos\/justa-causa\/\" \/>\n<meta property=\"og:locale\" content=\"en_US\" \/>\n<meta property=\"og:type\" content=\"article\" \/>\n<meta property=\"og:title\" content=\"Justa causa: O que \u00e9 segundo a Consolida\u00e7\u00e3o das Leis do Trabalho (CLT)? | BR | Runa HR\" \/>\n<meta property=\"og:description\" content=\"Justa causa na CLT: o que \u00e9, hip\u00f3teses do art. 482, disciplina progressiva, verbas na rescis\u00e3o, riscos de revers\u00e3o e como RH e tecnologia reduzem exposi\u00e7\u00e3o.\" \/>\n<meta property=\"og:url\" content=\"https:\/\/runahr.com\/br\/recursos\/recursos-humanos\/justa-causa\/\" \/>\n<meta property=\"og:site_name\" content=\"Runa HR\" \/>\n<meta property=\"article:publisher\" content=\"https:\/\/www.facebook.com\/runahr\/\" \/>\n<meta property=\"article:published_time\" content=\"2026-03-03T18:55:19+00:00\" \/>\n<meta property=\"article:modified_time\" content=\"2026-03-18T15:49:13+00:00\" \/>\n<meta property=\"og:image\" content=\"https:\/\/runahr.com\/wp-content\/uploads\/2026\/03\/djc.webp\" \/>\n\t<meta property=\"og:image:width\" content=\"2048\" \/>\n\t<meta property=\"og:image:height\" content=\"827\" \/>\n\t<meta property=\"og:image:type\" content=\"image\/webp\" \/>\n<meta name=\"author\" content=\"Eloisa Rodrigues\" \/>\n<meta name=\"twitter:card\" content=\"summary_large_image\" \/>\n<meta name=\"twitter:creator\" content=\"@runahr\" \/>\n<meta name=\"twitter:site\" content=\"@runahr\" \/>\n<meta name=\"twitter:label1\" content=\"Written by\" \/>\n\t<meta name=\"twitter:data1\" content=\"Eloisa Rodrigues\" \/>\n\t<meta name=\"twitter:label2\" content=\"Est. reading time\" \/>\n\t<meta name=\"twitter:data2\" content=\"9 minutes\" \/>\n<!-- \/ Yoast SEO Premium plugin. -->","yoast_head_json":{"title":"Justa causa: O que \u00e9 segundo a Consolida\u00e7\u00e3o das Leis do Trabalho (CLT)? | BR | Runa HR","description":"Justa causa na CLT: o que \u00e9, hip\u00f3teses do art. 482, disciplina progressiva, verbas na rescis\u00e3o, riscos de revers\u00e3o e como RH e tecnologia reduzem exposi\u00e7\u00e3o.","robots":{"index":"index","follow":"follow","max-snippet":"max-snippet:-1","max-image-preview":"max-image-preview:large","max-video-preview":"max-video-preview:-1"},"canonical":"https:\/\/runahr.com\/br\/recursos\/recursos-humanos\/justa-causa\/","og_locale":"en_US","og_type":"article","og_title":"Justa causa: O que \u00e9 segundo a Consolida\u00e7\u00e3o das Leis do Trabalho (CLT)? | BR | Runa HR","og_description":"Justa causa na CLT: o que \u00e9, hip\u00f3teses do art. 482, disciplina progressiva, verbas na rescis\u00e3o, riscos de revers\u00e3o e como RH e tecnologia reduzem exposi\u00e7\u00e3o.","og_url":"https:\/\/runahr.com\/br\/recursos\/recursos-humanos\/justa-causa\/","og_site_name":"Runa HR","article_publisher":"https:\/\/www.facebook.com\/runahr\/","article_published_time":"2026-03-03T18:55:19+00:00","article_modified_time":"2026-03-18T15:49:13+00:00","og_image":[{"width":2048,"height":827,"url":"https:\/\/runahr.com\/wp-content\/uploads\/2026\/03\/djc.webp","type":"image\/webp"}],"author":"Eloisa Rodrigues","twitter_card":"summary_large_image","twitter_creator":"@runahr","twitter_site":"@runahr","twitter_misc":{"Written by":"Eloisa Rodrigues","Est. reading time":"9 minutes"},"schema":{"@context":"https:\/\/schema.org","@graph":[{"@type":"Article","@id":"https:\/\/runahr.com\/br\/recursos\/recursos-humanos\/justa-causa\/#article","isPartOf":{"@id":"https:\/\/runahr.com\/br\/recursos\/recursos-humanos\/justa-causa\/"},"author":{"name":"Eloisa Rodrigues","@id":"https:\/\/runahr.com\/br\/#\/schema\/person\/ecdec26937b178c7f674aa54d6350e78"},"headline":"Justa causa: O que \u00e9 segundo a Consolida\u00e7\u00e3o das Leis do Trabalho (CLT)?","datePublished":"2026-03-03T18:55:19+00:00","dateModified":"2026-03-18T15:49:13+00:00","mainEntityOfPage":{"@id":"https:\/\/runahr.com\/br\/recursos\/recursos-humanos\/justa-causa\/"},"wordCount":1992,"publisher":{"@id":"https:\/\/runahr.com\/br\/#organization"},"image":{"@id":"https:\/\/runahr.com\/br\/recursos\/recursos-humanos\/justa-causa\/#primaryimage"},"thumbnailUrl":"https:\/\/runahr.com\/wp-content\/uploads\/2026\/03\/djc.webp","keywords":["Artigo","Justa Causa","Recursos humanos"],"articleSection":["Recursos","Recursos humanos"],"inLanguage":"br"},{"@type":"WebPage","@id":"https:\/\/runahr.com\/br\/recursos\/recursos-humanos\/justa-causa\/","url":"https:\/\/runahr.com\/br\/recursos\/recursos-humanos\/justa-causa\/","name":"Justa causa: O que \u00e9 segundo a Consolida\u00e7\u00e3o das Leis do Trabalho (CLT)? | BR | Runa HR","isPartOf":{"@id":"https:\/\/runahr.com\/br\/#website"},"primaryImageOfPage":{"@id":"https:\/\/runahr.com\/br\/recursos\/recursos-humanos\/justa-causa\/#primaryimage"},"image":{"@id":"https:\/\/runahr.com\/br\/recursos\/recursos-humanos\/justa-causa\/#primaryimage"},"thumbnailUrl":"https:\/\/runahr.com\/wp-content\/uploads\/2026\/03\/djc.webp","datePublished":"2026-03-03T18:55:19+00:00","dateModified":"2026-03-18T15:49:13+00:00","description":"Justa causa na CLT: o que \u00e9, hip\u00f3teses do art. 482, disciplina progressiva, verbas na rescis\u00e3o, riscos de revers\u00e3o e como RH e tecnologia reduzem exposi\u00e7\u00e3o.","breadcrumb":{"@id":"https:\/\/runahr.com\/br\/recursos\/recursos-humanos\/justa-causa\/#breadcrumb"},"inLanguage":"br","potentialAction":[{"@type":"ReadAction","target":["https:\/\/runahr.com\/br\/recursos\/recursos-humanos\/justa-causa\/"]}]},{"@type":"ImageObject","inLanguage":"br","@id":"https:\/\/runahr.com\/br\/recursos\/recursos-humanos\/justa-causa\/#primaryimage","url":"https:\/\/runahr.com\/wp-content\/uploads\/2026\/03\/djc.webp","contentUrl":"https:\/\/runahr.com\/wp-content\/uploads\/2026\/03\/djc.webp","width":2048,"height":827},{"@type":"BreadcrumbList","@id":"https:\/\/runahr.com\/br\/recursos\/recursos-humanos\/justa-causa\/#breadcrumb","itemListElement":[{"@type":"ListItem","position":1,"name":"Home","item":"https:\/\/runahr.com\/br\/"},{"@type":"ListItem","position":2,"name":"Recursos","item":"https:\/\/runahr.com\/br\/category\/recursos\/"},{"@type":"ListItem","position":3,"name":"Recursos humanos","item":"https:\/\/runahr.com\/br\/category\/recursos\/recursos-humanos\/"},{"@type":"ListItem","position":4,"name":"Justa causa: O que \u00e9 segundo a Consolida\u00e7\u00e3o das Leis do Trabalho (CLT)?"}]},{"@type":"WebSite","@id":"https:\/\/runahr.com\/br\/#website","url":"https:\/\/runahr.com\/br\/","name":"Runa HR","description":"Software de N\u00f3mina y Gesti\u00f3n de RRHH","publisher":{"@id":"https:\/\/runahr.com\/br\/#organization"},"potentialAction":[{"@type":"SearchAction","target":{"@type":"EntryPoint","urlTemplate":"https:\/\/runahr.com\/br\/?s={search_term_string}"},"query-input":{"@type":"PropertyValueSpecification","valueRequired":true,"valueName":"search_term_string"}}],"inLanguage":"br"},{"@type":"Organization","@id":"https:\/\/runahr.com\/br\/#organization","name":"Runa HR","url":"https:\/\/runahr.com\/br\/","logo":{"@type":"ImageObject","inLanguage":"br","@id":"https:\/\/runahr.com\/br\/#\/schema\/logo\/image\/","url":"https:\/\/runahr.com\/wp-content\/uploads\/2018\/05\/xDzHFcQY_400x400.jpg","contentUrl":"https:\/\/runahr.com\/wp-content\/uploads\/2018\/05\/xDzHFcQY_400x400.jpg","width":400,"height":400,"caption":"Runa HR"},"image":{"@id":"https:\/\/runahr.com\/br\/#\/schema\/logo\/image\/"},"sameAs":["https:\/\/www.facebook.com\/runahr\/","https:\/\/x.com\/runahr","https:\/\/www.instagram.com\/runahr\/","https:\/\/mx.linkedin.com\/company\/runahr","https:\/\/www.youtube.com\/channel\/UCAZ21FupFMLIb1c7PPaU6Ew"]},{"@type":"Person","@id":"https:\/\/runahr.com\/br\/#\/schema\/person\/ecdec26937b178c7f674aa54d6350e78","name":"Eloisa Rodrigues","image":{"@type":"ImageObject","inLanguage":"br","@id":"https:\/\/secure.gravatar.com\/avatar\/ce9d9ee7c4e99f50257de4ec28b6c935d6f905151b9e778ad432a3b7deb6f6d5?s=96&d=mm&r=g","url":"https:\/\/secure.gravatar.com\/avatar\/ce9d9ee7c4e99f50257de4ec28b6c935d6f905151b9e778ad432a3b7deb6f6d5?s=96&d=mm&r=g","contentUrl":"https:\/\/secure.gravatar.com\/avatar\/ce9d9ee7c4e99f50257de4ec28b6c935d6f905151b9e778ad432a3b7deb6f6d5?s=96&d=mm&r=g","caption":"Eloisa Rodrigues"},"url":"https:\/\/runahr.com\/br\/author\/eloisa_rodrigues\/"}]}},"_links":{"self":[{"href":"https:\/\/runahr.com\/br\/wp-json\/wp\/v2\/posts\/1105172","targetHints":{"allow":["GET"]}}],"collection":[{"href":"https:\/\/runahr.com\/br\/wp-json\/wp\/v2\/posts"}],"about":[{"href":"https:\/\/runahr.com\/br\/wp-json\/wp\/v2\/types\/post"}],"author":[{"embeddable":true,"href":"https:\/\/runahr.com\/br\/wp-json\/wp\/v2\/users\/114"}],"replies":[{"embeddable":true,"href":"https:\/\/runahr.com\/br\/wp-json\/wp\/v2\/comments?post=1105172"}],"version-history":[{"count":0,"href":"https:\/\/runahr.com\/br\/wp-json\/wp\/v2\/posts\/1105172\/revisions"}],"wp:featuredmedia":[{"embeddable":true,"href":"https:\/\/runahr.com\/br\/wp-json\/wp\/v2\/media\/1105187"}],"wp:attachment":[{"href":"https:\/\/runahr.com\/br\/wp-json\/wp\/v2\/media?parent=1105172"}],"wp:term":[{"taxonomy":"category","embeddable":true,"href":"https:\/\/runahr.com\/br\/wp-json\/wp\/v2\/categories?post=1105172"},{"taxonomy":"post_tag","embeddable":true,"href":"https:\/\/runahr.com\/br\/wp-json\/wp\/v2\/tags?post=1105172"}],"curies":[{"name":"wp","href":"https:\/\/api.w.org\/{rel}","templated":true}]}}