{"id":1107183,"date":"2026-03-17T17:05:29","date_gmt":"2026-03-17T23:05:29","guid":{"rendered":"https:\/\/runahr.com\/?p=1107183"},"modified":"2026-03-17T17:05:29","modified_gmt":"2026-03-17T23:05:29","slug":"adicional-noturno","status":"publish","type":"post","link":"https:\/\/runahr.com\/br\/recursos\/beneficios\/adicional-noturno\/","title":{"rendered":"Adicional noturno: O que \u00e9? Como calcular?"},"content":{"rendered":"<p><span>O adicional noturno \u00e9 um custo trabalhista regulado que impacta diretamente no gasto de folha, desenho de escalas e continuidade operacional em ambientes 24 por 7. Para CEOs, CFOs e CHROs, trabalho noturno n\u00e3o pode ser tratado como detalhe de departamento pessoal, porque ele combina tr\u00eas fatores sens\u00edveis ao neg\u00f3cio. Primeiro, ele altera o custo real por hora trabalhada e afeta previsibilidade de or\u00e7amento. Segundo, ele depende de ponto e jornadas bem registradas, ent\u00e3o qualquer fragilidade de controle vira erro de pagamento. Terceiro, ele \u00e9 um tema cl\u00e1ssico de lit\u00edgio trabalhista, porque \u00e9 objetivo, audit\u00e1vel e costuma envolver pagamentos retroativos quando h\u00e1 falha.<\/span><\/p>\n<p><span>A base legal principal est\u00e1 na CLT, que define o per\u00edodo noturno urbano, a redu\u00e7\u00e3o da hora noturna e o percentual m\u00ednimo do adicional, al\u00e9m de prever a incid\u00eancia do adicional quando h\u00e1 prorroga\u00e7\u00e3o da jornada noturna. Em paralelo, o trabalho rural tem regras pr\u00f3prias, com percentual e hor\u00e1rios diferentes, previstos em lei espec\u00edfica e tamb\u00e9m sintetizados em material institucional do TST. Este texto aprofunda conceito, funcionamento, regras, c\u00e1lculos e controles operacionais para reduzir risco e estabilizar custos.<\/span><\/p>\n<h2><b>O que \u00e9 adicional noturno?<\/b><\/h2>\n<p><span>Adicional noturno \u00e9 o acr\u00e9scimo remunerat\u00f3rio devido ao empregado que trabalha em hor\u00e1rio noturno definido em lei. No trabalho urbano regido pela CLT, trata-se de um direito trabalhista protegido, com percentual m\u00ednimo e regras pr\u00f3prias de contagem de horas.<\/span><\/p>\n<p><span>Na pr\u00e1tica de governan\u00e7a, ele deve ser tratado como componente da remunera\u00e7\u00e3o total e como par\u00e2metro de planejamento de m\u00e3o de obra. Uma opera\u00e7\u00e3o que depende de turnos noturnos precisa considerar o adicional no custo padr\u00e3o da escala, n\u00e3o como exce\u00e7\u00e3o. A responsabilidade executiva est\u00e1 em garantir classifica\u00e7\u00e3o correta de quem trabalha \u00e0 noite, configura\u00e7\u00e3o adequada das regras em sistemas de ponto e folha, e aplica\u00e7\u00e3o uniforme em unidades diferentes. Quando cada unidade interpreta \u201cnoite\u201d de um jeito, a empresa perde consist\u00eancia e aumenta o risco de passivo.<\/span><\/p>\n<h2><b>Como o adicional noturno funciona?<\/b><\/h2>\n<p><span>O adicional noturno funciona a partir de tr\u00eas engrenagens. Defini\u00e7\u00e3o do hor\u00e1rio noturno, registro das horas efetivamente trabalhadas nesse intervalo e c\u00e1lculo autom\u00e1tico na folha com base no sal\u00e1rio hora e nas incid\u00eancias corretas. No urbano, considera-se noturno o trabalho entre 22 horas de um dia e 5 horas do dia seguinte, e a hora noturna \u00e9 computada como 52 minutos e 30 segundos, o que altera a quantidade de horas a pagar quando h\u00e1 trabalho no per\u00edodo noturno.<\/span><\/p>\n<p><span>Operacionalmente, o risco mais comum \u00e9 a depend\u00eancia de processos manuais. Ajustes de ponto feitos sem trilha de aprova\u00e7\u00e3o, escalas mudadas sem refletir no sistema, ou parametriza\u00e7\u00f5es diferentes por filial criam diverg\u00eancias que s\u00f3 aparecem quando o colaborador questiona. Boas pr\u00e1ticas incluem integra\u00e7\u00e3o ponto folha, regras centralizadas de rubricas, reconcilia\u00e7\u00e3o mensal de exce\u00e7\u00f5es, e trilha de auditoria de altera\u00e7\u00f5es em jornada, escala e batidas.<\/span><\/p>\n<h2><b>O que diz a legisla\u00e7\u00e3o sobre adicional noturno?<\/b><\/h2>\n<p><span>No trabalho urbano, a CLT estabelece que o trabalho noturno tem remunera\u00e7\u00e3o superior \u00e0 do diurno, com acr\u00e9scimo de no m\u00ednimo 20 por cento sobre a hora diurna, define o per\u00edodo 22h \u00e0s 5h e fixa a redu\u00e7\u00e3o da hora noturna para 52 minutos e 30 segundos. A CLT tamb\u00e9m prev\u00ea, por regra, a incid\u00eancia do adicional nas horas prorrogadas quando h\u00e1 prorroga\u00e7\u00e3o da jornada noturna, e o entendimento consolidado do TST refor\u00e7a essa incid\u00eancia em hip\u00f3teses espec\u00edficas.<\/span><\/p>\n<p><span>A negocia\u00e7\u00e3o coletiva pode detalhar procedimentos, rubricas e percentuais superiores, e organizar escalas e adicionais, desde que respeite o piso legal e os limites aplic\u00e1veis. O risco de conformidade surge quando a empresa aplica faixa hor\u00e1ria errada, percentual inferior, ignora a hora reduzida urbana, ou cria \u201cregras internas\u201d que n\u00e3o se sustentam em auditoria ou lit\u00edgio.<\/span><\/p>\n<h2><b>Qual \u00e9 o prop\u00f3sito do adicional noturno?<\/b><\/h2>\n<p><span>O adicional noturno \u00e9 um mecanismo compensat\u00f3rio que reconhece que o trabalho \u00e0 noite tende a impor maior custo biol\u00f3gico, social e de sa\u00fade ao trabalhador, al\u00e9m de aumentar a dificuldade de conv\u00edvio e recupera\u00e7\u00e3o. Do ponto de vista da pol\u00edtica trabalhista, ele ajuda a equilibrar a assimetria entre necessidade empresarial de operar em hor\u00e1rios cont\u00ednuos e o impacto humano do trabalho noturno.<\/span><\/p>\n<p><span>Para a empresa, o prop\u00f3sito se traduz em sustentabilidade de escala. Ambientes 24 por 7 dependem de reten\u00e7\u00e3o em turnos cr\u00edticos, e remunera\u00e7\u00e3o corretamente estruturada reduz rotatividade e melhora cobertura. O adicional tamb\u00e9m funciona como incentivo de previsibilidade. Quando \u00e9 pago corretamente, o colaborador confia no pacote e o gestor consegue planejar sem \u201cnegocia\u00e7\u00f5es\u201d informais que abrem passivo.<\/span><\/p>\n<h2><b>Quais s\u00e3o as principais regras do adicional noturno?<\/b><\/h2>\n<p><span>No urbano, as regras centrais s\u00e3o per\u00edodo noturno 22h \u00e0s 5h, adicional m\u00ednimo de 20 por cento, e hora noturna reduzida de 52 minutos e 30 segundos. H\u00e1 ainda um ponto cr\u00edtico de prorroga\u00e7\u00e3o. Em determinadas situa\u00e7\u00f5es, se a jornada foi cumprida no per\u00edodo noturno e houve prorroga\u00e7\u00e3o, o adicional pode incidir tamb\u00e9m nas horas prorrogadas, conforme leitura do art. 73 \u00e9 entendimento consolidado pelo TST.<\/span><\/p>\n<p><span>No rural, a lei espec\u00edfica prev\u00ea adicional de 25 por cento e hor\u00e1rios noturnos distintos para agricultura e pecu\u00e1ria, e o TST sintetiza esses par\u00e2metros.<\/span><\/p>\n<p><span>Armadilhas frequentes incluem turnos parcialmente noturnos, sobreposi\u00e7\u00e3o entre adicional noturno e horas extras, e incid\u00eancia sobre verbas vari\u00e1veis. Outro erro recorrente \u00e9 tratar a hora reduzida urbana como opcional, ou aplicar regra urbana no rural. Pol\u00edtica interna e configura\u00e7\u00e3o de sistema precisam refletir exatamente o enquadramento da atividade e do v\u00ednculo.<\/span><\/p>\n<h2><b>Quem pode utilizar o adicional noturno?<\/b><\/h2>\n<p><span>Em regra, todo empregado sob regime CLT que efetivamente trabalhe dentro do per\u00edodo noturno definido em lei tem direito ao adicional, observadas as regras do setor e eventual negocia\u00e7\u00e3o coletiva que complemente condi\u00e7\u00f5es. No rural, tamb\u00e9m h\u00e1 direito, com percentual e hor\u00e1rios pr\u00f3prios.<\/span><\/p>\n<p><span>O risco de elegibilidade aparece quando a empresa tenta excluir pessoas por t\u00edtulo de cargo ou por suposta autonomia sem base real. Se o empregado trabalha no hor\u00e1rio noturno, a empresa precisa ter crit\u00e9rio claro e rastre\u00e1vel para a apura\u00e7\u00e3o. Outro ponto sens\u00edvel \u00e9 a consist\u00eancia entre unidades, porque uma interpreta\u00e7\u00e3o restritiva em uma filial e expansiva em outra cria desequil\u00edbrio e alimenta passivo comparativo.<\/span><\/p>\n<h2><b>Por que o adicional noturno \u00e9 importante?<\/b><\/h2>\n<p><span>Porque \u00e9 um tema de alta litigiosidade e de f\u00e1cil auditoria. Hor\u00e1rio noturno, percentual e ponto geram evid\u00eancia objetiva. Se houver falha, costuma haver pedido de diferen\u00e7as retroativas com reflexos. Al\u00e9m disso, o TST tem entendimento consolidado em temas como integra\u00e7\u00e3o do adicional pago com habitualidade e incid\u00eancia em prorroga\u00e7\u00e3o em hip\u00f3teses espec\u00edficas, o que refor\u00e7a o risco quando a empresa \u201csimplifica\u201d a regra.<\/span><\/p>\n<p><span>Do ponto de vista de CFO e CHRO, acertar o adicional noturno melhora previsibilidade do custo por turno, reduz corre\u00e7\u00f5es de folha e evita ru\u00eddo interno. Em opera\u00e7\u00f5es intensivas, a disputa salarial noturna afeta moral e reten\u00e7\u00e3o em fun\u00e7\u00f5es cr\u00edticas, com impacto direto na continuidade.<\/span><\/p>\n<h2><b>Quais s\u00e3o os benef\u00edcios do adicional noturno?<\/b><\/h2>\n<p><span>Para o empregado, o benef\u00edcio \u00e9 compensa\u00e7\u00e3o financeira por um regime de trabalho mais desgastante e socialmente restritivo, o que melhora sustentabilidade de longo prazo e reduz percep\u00e7\u00e3o de injusti\u00e7a. Para a empresa, o benef\u00edcio \u00e9 estabilidade de cobertura e redu\u00e7\u00e3o de rotatividade em turnos dif\u00edceis, porque o pacote fica mais competitivo e previs\u00edvel.<\/span><\/p>\n<p><span>H\u00e1 tamb\u00e9m benef\u00edcio jur\u00eddico para empregadores que executam bem. Registros consistentes de ponto, c\u00e1lculo correto e pol\u00edticas claras reduzem exposi\u00e7\u00e3o a a\u00e7\u00f5es e facilitam resposta a inspe\u00e7\u00f5es. Em agenda de responsabilidade empregadora, pagar corretamente turnos cr\u00edticos fortalece confian\u00e7a e reduz risco reputacional em segmentos que dependem de trabalho noturno, como sa\u00fade, log\u00edstica, seguran\u00e7a, ind\u00fastria e atendimento.<\/span><\/p>\n<h2><b>Como calcular o adicional noturno?<\/b><\/h2>\n<p><span>No urbano, a l\u00f3gica pr\u00e1tica \u00e9 calcular o sal\u00e1rio hora e aplicar o adicional m\u00ednimo de 20 por cento \u00e0s horas enquadradas como noturnas, lembrando que a hora noturna \u00e9 reduzida, ent\u00e3o a quantidade de horas a pagar no per\u00edodo noturno pode ser maior do que a contagem cronol\u00f3gica de 60 minutos. A base legal do percentual m\u00ednimo, do per\u00edodo 22h \u00e0s 5h e da hora reduzida est\u00e1 no art. 73 da CLT.<\/span><\/p>\n<p><span>Quando h\u00e1 hora extra no per\u00edodo noturno, \u00e9 comum haver cumula\u00e7\u00e3o de acr\u00e9scimos, porque uma coisa \u00e9 adicional noturno e outra \u00e9 adicional de horas extras. A regra exata pode depender de como a rubrica foi configurada e do que a norma coletiva prev\u00ea, mas o risco \u00e9 claro. Se a empresa paga s\u00f3 um dos acr\u00e9scimos quando deveria pagar ambos, abre diferen\u00e7a. Outro ponto \u00e9 a prorroga\u00e7\u00e3o ap\u00f3s 5h. H\u00e1 entendimento do TST sobre incid\u00eancia do adicional em horas prorrogadas em certas condi\u00e7\u00f5es, ent\u00e3o a empresa precisa ter regra operacional consistente e alinhada com seu cen\u00e1rio de jornada.<\/span><\/p>\n<p><span>No rural, o percentual e os hor\u00e1rios s\u00e3o distintos, com adicional de 25 por cento e per\u00edodos noturnos pr\u00f3prios por atividade, o que exige configura\u00e7\u00e3o separada.<\/span><\/p>\n<p><span>Boas pr\u00e1ticas incluem valida\u00e7\u00e3o mensal de amostras, reconcilia\u00e7\u00e3o entre escala planejada e ponto realizado, e auditoria peri\u00f3dica das rubricas e incid\u00eancias.<\/span><\/p>\n<h2><b>Qual o papel do RH na gest\u00e3o do adicional noturno?<\/b><\/h2>\n<p><span>RH \u00e9 dono da governan\u00e7a de pol\u00edtica de turnos, crit\u00e9rios de elegibilidade e padroniza\u00e7\u00e3o, trabalhando com opera\u00e7\u00f5es para desenhar escalas e com finan\u00e7as para garantir previsibilidade de custo. RH tamb\u00e9m precisa garantir que descri\u00e7\u00e3o de jornada, registros e treinamentos estejam coerentes e que mudan\u00e7as de escala tenham fluxo formal de aprova\u00e7\u00e3o.<\/span><\/p>\n<p><span>Sob CLT, RH deve garantir que a regra aplicada \u00e9 a correta para o tipo de atividade, urbano ou rural, e que a documenta\u00e7\u00e3o sustenta a pr\u00e1tica. Sob LGPD, registros de ponto e dados de jornada s\u00e3o dados pessoais e devem ser tratados com finalidade, seguran\u00e7a e controle de acesso, especialmente quando h\u00e1 monitoramento de produtividade vinculado a hor\u00e1rios. A coordena\u00e7\u00e3o com folha, jur\u00eddico e opera\u00e7\u00f5es \u00e9 o que reduz risco. Opera\u00e7\u00f5es garante execu\u00e7\u00e3o e registro. Folha garante c\u00e1lculo e rubricas. Jur\u00eddico valida ader\u00eancia e riscos. RH conecta tudo e mede exce\u00e7\u00f5es.<\/span><\/p>\n<h2><b>Gerenciando o adicional noturno com seguran\u00e7a jur\u00eddica<\/b><\/h2>\n<p><span>Gerir adicional noturno de forma proativa reduz exposi\u00e7\u00e3o legal e estabiliza custos de folha em opera\u00e7\u00f5es por turno. Uma boa lideran\u00e7a precisa tratar o tema como insumo previs\u00edvel de planejamento de for\u00e7a de trabalho, n\u00e3o como corre\u00e7\u00e3o reativa quando aparece reclama\u00e7\u00e3o. A base est\u00e1 em regra clara, ponto confi\u00e1vel, rubricas corretamente parametrizadas, reconcilia\u00e7\u00f5es mensais e trilha de auditoria. Na CLT existe a defini\u00e7\u00e3o de per\u00edodo noturno urbano, percentual m\u00ednimo e hora reduzida, e o trabalho rural tem lei espec\u00edfica com regras pr\u00f3prias, o que exige cuidado de enquadramento e consist\u00eancia.<\/span><\/p>\n<p><span>Quando a empresa faz o b\u00e1sico bem feito, o adicional noturno deixa de ser fonte recorrente de lit\u00edgio e vira um componente control\u00e1vel do custo de opera\u00e7\u00e3o cont\u00ednua, com impacto positivo em reten\u00e7\u00e3o e continuidade.<\/span><\/p>\n","protected":false},"excerpt":{"rendered":"<p>O adicional noturno \u00e9 um custo trabalhista regulado que impacta diretamente no gasto de folha, desenho de escalas e continuidade operacional em ambientes 24 por 7. Para CEOs, CFOs e CHROs, trabalho noturno n\u00e3o pode ser tratado como detalhe de departamento pessoal, porque ele combina tr\u00eas fatores sens\u00edveis ao neg\u00f3cio. Primeiro, ele altera o custo [&hellip;]<\/p>\n","protected":false},"author":114,"featured_media":1107184,"comment_status":"closed","ping_status":"closed","sticky":false,"template":"","format":"standard","meta":{"_acf_changed":false,"_wp_applaud_exclude":false,"footnotes":""},"categories":[2636,2597],"tags":[2829,2644,2646],"class_list":["post-1107183","post","type-post","status-publish","format-standard","has-post-thumbnail","hentry","category-beneficios","category-recursos","tag-adicional-noturno","tag-artigo","tag-recursos-humanos"],"acf":[],"yoast_head":"<!-- This site is optimized with the Yoast SEO Premium plugin v26.1 (Yoast SEO v27.5) - https:\/\/yoast.com\/product\/yoast-seo-premium-wordpress\/ -->\n<title>Adicional noturno: O que \u00e9? Como calcular? | BR | Runa HR<\/title>\n<meta name=\"description\" content=\"Entenda o adicional noturno: regras da CLT, hora reduzida, prorroga\u00e7\u00e3o, c\u00e1lculo e controle de ponto. Reduza passivos e estabilize custos.\" \/>\n<meta name=\"robots\" content=\"index, follow, max-snippet:-1, max-image-preview:large, max-video-preview:-1\" \/>\n<link rel=\"canonical\" href=\"https:\/\/runahr.com\/br\/recursos\/beneficios\/adicional-noturno\/\" \/>\n<meta property=\"og:locale\" content=\"en_US\" \/>\n<meta property=\"og:type\" content=\"article\" \/>\n<meta property=\"og:title\" content=\"Adicional noturno: O que \u00e9? Como calcular? | BR | Runa HR\" \/>\n<meta property=\"og:description\" content=\"Entenda o adicional noturno: regras da CLT, hora reduzida, prorroga\u00e7\u00e3o, c\u00e1lculo e controle de ponto. Reduza passivos e estabilize custos.\" \/>\n<meta property=\"og:url\" content=\"https:\/\/runahr.com\/br\/recursos\/beneficios\/adicional-noturno\/\" \/>\n<meta property=\"og:site_name\" content=\"Runa HR\" \/>\n<meta property=\"article:publisher\" content=\"https:\/\/www.facebook.com\/runahr\/\" \/>\n<meta property=\"article:published_time\" content=\"2026-03-17T23:05:29+00:00\" \/>\n<meta property=\"og:image\" content=\"https:\/\/runahr.com\/wp-content\/uploads\/2026\/03\/adicional.webp\" \/>\n\t<meta property=\"og:image:width\" content=\"2048\" \/>\n\t<meta property=\"og:image:height\" content=\"827\" \/>\n\t<meta property=\"og:image:type\" content=\"image\/webp\" \/>\n<meta name=\"author\" content=\"Eloisa Rodrigues\" \/>\n<meta name=\"twitter:card\" content=\"summary_large_image\" \/>\n<meta name=\"twitter:creator\" content=\"@runahr\" \/>\n<meta name=\"twitter:site\" content=\"@runahr\" \/>\n<meta name=\"twitter:label1\" content=\"Written by\" \/>\n\t<meta name=\"twitter:data1\" content=\"Eloisa Rodrigues\" \/>\n\t<meta name=\"twitter:label2\" content=\"Est. reading time\" \/>\n\t<meta name=\"twitter:data2\" content=\"9 minutes\" \/>\n<!-- \/ Yoast SEO Premium plugin. -->","yoast_head_json":{"title":"Adicional noturno: O que \u00e9? Como calcular? | BR | Runa HR","description":"Entenda o adicional noturno: regras da CLT, hora reduzida, prorroga\u00e7\u00e3o, c\u00e1lculo e controle de ponto. Reduza passivos e estabilize custos.","robots":{"index":"index","follow":"follow","max-snippet":"max-snippet:-1","max-image-preview":"max-image-preview:large","max-video-preview":"max-video-preview:-1"},"canonical":"https:\/\/runahr.com\/br\/recursos\/beneficios\/adicional-noturno\/","og_locale":"en_US","og_type":"article","og_title":"Adicional noturno: O que \u00e9? Como calcular? | BR | Runa HR","og_description":"Entenda o adicional noturno: regras da CLT, hora reduzida, prorroga\u00e7\u00e3o, c\u00e1lculo e controle de ponto. Reduza passivos e estabilize custos.","og_url":"https:\/\/runahr.com\/br\/recursos\/beneficios\/adicional-noturno\/","og_site_name":"Runa HR","article_publisher":"https:\/\/www.facebook.com\/runahr\/","article_published_time":"2026-03-17T23:05:29+00:00","og_image":[{"width":2048,"height":827,"url":"https:\/\/runahr.com\/wp-content\/uploads\/2026\/03\/adicional.webp","type":"image\/webp"}],"author":"Eloisa Rodrigues","twitter_card":"summary_large_image","twitter_creator":"@runahr","twitter_site":"@runahr","twitter_misc":{"Written by":"Eloisa Rodrigues","Est. reading time":"9 minutes"},"schema":{"@context":"https:\/\/schema.org","@graph":[{"@type":"Article","@id":"https:\/\/runahr.com\/br\/recursos\/beneficios\/adicional-noturno\/#article","isPartOf":{"@id":"https:\/\/runahr.com\/br\/recursos\/beneficios\/adicional-noturno\/"},"author":{"name":"Eloisa Rodrigues","@id":"https:\/\/runahr.com\/br\/#\/schema\/person\/ecdec26937b178c7f674aa54d6350e78"},"headline":"Adicional noturno: O que \u00e9? Como calcular?","datePublished":"2026-03-17T23:05:29+00:00","mainEntityOfPage":{"@id":"https:\/\/runahr.com\/br\/recursos\/beneficios\/adicional-noturno\/"},"wordCount":1937,"publisher":{"@id":"https:\/\/runahr.com\/br\/#organization"},"image":{"@id":"https:\/\/runahr.com\/br\/recursos\/beneficios\/adicional-noturno\/#primaryimage"},"thumbnailUrl":"https:\/\/runahr.com\/wp-content\/uploads\/2026\/03\/adicional.webp","keywords":["Adicional noturno","Artigo","Recursos humanos"],"articleSection":["Benef\u00edcios","Recursos"],"inLanguage":"br"},{"@type":"WebPage","@id":"https:\/\/runahr.com\/br\/recursos\/beneficios\/adicional-noturno\/","url":"https:\/\/runahr.com\/br\/recursos\/beneficios\/adicional-noturno\/","name":"Adicional noturno: O que \u00e9? Como calcular? | BR | Runa HR","isPartOf":{"@id":"https:\/\/runahr.com\/br\/#website"},"primaryImageOfPage":{"@id":"https:\/\/runahr.com\/br\/recursos\/beneficios\/adicional-noturno\/#primaryimage"},"image":{"@id":"https:\/\/runahr.com\/br\/recursos\/beneficios\/adicional-noturno\/#primaryimage"},"thumbnailUrl":"https:\/\/runahr.com\/wp-content\/uploads\/2026\/03\/adicional.webp","datePublished":"2026-03-17T23:05:29+00:00","description":"Entenda o adicional noturno: regras da CLT, hora reduzida, prorroga\u00e7\u00e3o, c\u00e1lculo e controle de ponto. Reduza passivos e estabilize custos.","breadcrumb":{"@id":"https:\/\/runahr.com\/br\/recursos\/beneficios\/adicional-noturno\/#breadcrumb"},"inLanguage":"br","potentialAction":[{"@type":"ReadAction","target":["https:\/\/runahr.com\/br\/recursos\/beneficios\/adicional-noturno\/"]}]},{"@type":"ImageObject","inLanguage":"br","@id":"https:\/\/runahr.com\/br\/recursos\/beneficios\/adicional-noturno\/#primaryimage","url":"https:\/\/runahr.com\/wp-content\/uploads\/2026\/03\/adicional.webp","contentUrl":"https:\/\/runahr.com\/wp-content\/uploads\/2026\/03\/adicional.webp","width":2048,"height":827},{"@type":"BreadcrumbList","@id":"https:\/\/runahr.com\/br\/recursos\/beneficios\/adicional-noturno\/#breadcrumb","itemListElement":[{"@type":"ListItem","position":1,"name":"Home","item":"https:\/\/runahr.com\/br\/"},{"@type":"ListItem","position":2,"name":"Recursos","item":"https:\/\/runahr.com\/br\/category\/recursos\/"},{"@type":"ListItem","position":3,"name":"Benef\u00edcios","item":"https:\/\/runahr.com\/br\/category\/recursos\/beneficios\/"},{"@type":"ListItem","position":4,"name":"Adicional noturno: O que \u00e9? Como calcular?"}]},{"@type":"WebSite","@id":"https:\/\/runahr.com\/br\/#website","url":"https:\/\/runahr.com\/br\/","name":"Runa HR","description":"Software de N\u00f3mina y Gesti\u00f3n de RRHH","publisher":{"@id":"https:\/\/runahr.com\/br\/#organization"},"potentialAction":[{"@type":"SearchAction","target":{"@type":"EntryPoint","urlTemplate":"https:\/\/runahr.com\/br\/?s={search_term_string}"},"query-input":{"@type":"PropertyValueSpecification","valueRequired":true,"valueName":"search_term_string"}}],"inLanguage":"br"},{"@type":"Organization","@id":"https:\/\/runahr.com\/br\/#organization","name":"Runa HR","url":"https:\/\/runahr.com\/br\/","logo":{"@type":"ImageObject","inLanguage":"br","@id":"https:\/\/runahr.com\/br\/#\/schema\/logo\/image\/","url":"https:\/\/runahr.com\/wp-content\/uploads\/2018\/05\/xDzHFcQY_400x400.jpg","contentUrl":"https:\/\/runahr.com\/wp-content\/uploads\/2018\/05\/xDzHFcQY_400x400.jpg","width":400,"height":400,"caption":"Runa HR"},"image":{"@id":"https:\/\/runahr.com\/br\/#\/schema\/logo\/image\/"},"sameAs":["https:\/\/www.facebook.com\/runahr\/","https:\/\/x.com\/runahr","https:\/\/www.instagram.com\/runahr\/","https:\/\/mx.linkedin.com\/company\/runahr","https:\/\/www.youtube.com\/channel\/UCAZ21FupFMLIb1c7PPaU6Ew"]},{"@type":"Person","@id":"https:\/\/runahr.com\/br\/#\/schema\/person\/ecdec26937b178c7f674aa54d6350e78","name":"Eloisa Rodrigues","image":{"@type":"ImageObject","inLanguage":"br","@id":"https:\/\/secure.gravatar.com\/avatar\/ce9d9ee7c4e99f50257de4ec28b6c935d6f905151b9e778ad432a3b7deb6f6d5?s=96&d=mm&r=g","url":"https:\/\/secure.gravatar.com\/avatar\/ce9d9ee7c4e99f50257de4ec28b6c935d6f905151b9e778ad432a3b7deb6f6d5?s=96&d=mm&r=g","contentUrl":"https:\/\/secure.gravatar.com\/avatar\/ce9d9ee7c4e99f50257de4ec28b6c935d6f905151b9e778ad432a3b7deb6f6d5?s=96&d=mm&r=g","caption":"Eloisa Rodrigues"},"url":"https:\/\/runahr.com\/br\/author\/eloisa_rodrigues\/"}]}},"_links":{"self":[{"href":"https:\/\/runahr.com\/br\/wp-json\/wp\/v2\/posts\/1107183","targetHints":{"allow":["GET"]}}],"collection":[{"href":"https:\/\/runahr.com\/br\/wp-json\/wp\/v2\/posts"}],"about":[{"href":"https:\/\/runahr.com\/br\/wp-json\/wp\/v2\/types\/post"}],"author":[{"embeddable":true,"href":"https:\/\/runahr.com\/br\/wp-json\/wp\/v2\/users\/114"}],"replies":[{"embeddable":true,"href":"https:\/\/runahr.com\/br\/wp-json\/wp\/v2\/comments?post=1107183"}],"version-history":[{"count":0,"href":"https:\/\/runahr.com\/br\/wp-json\/wp\/v2\/posts\/1107183\/revisions"}],"wp:featuredmedia":[{"embeddable":true,"href":"https:\/\/runahr.com\/br\/wp-json\/wp\/v2\/media\/1107184"}],"wp:attachment":[{"href":"https:\/\/runahr.com\/br\/wp-json\/wp\/v2\/media?parent=1107183"}],"wp:term":[{"taxonomy":"category","embeddable":true,"href":"https:\/\/runahr.com\/br\/wp-json\/wp\/v2\/categories?post=1107183"},{"taxonomy":"post_tag","embeddable":true,"href":"https:\/\/runahr.com\/br\/wp-json\/wp\/v2\/tags?post=1107183"}],"curies":[{"name":"wp","href":"https:\/\/api.w.org\/{rel}","templated":true}]}}