{"id":1078031,"date":"2025-10-16T06:15:33","date_gmt":"2025-10-16T12:15:33","guid":{"rendered":"https:\/\/runahr.com\/?p=1078031"},"modified":"2026-04-23T09:18:34","modified_gmt":"2026-04-23T15:18:34","slug":"clima-laboral","status":"publish","type":"post","link":"https:\/\/runahr.com\/cl\/recursos\/recursos-humanos\/clima-laboral\/","title":{"rendered":"Clima laboral: \u00bfQu\u00e9 es? \u00bfC\u00f3mo medirlo?"},"content":{"rendered":"<p><span>Actualmente el mercado chileno sigue movi\u00e9ndose r\u00e1pido: crecimiento dispar entre industrias, presi\u00f3n por <\/span><a href=\"https:\/\/runahr.com\/cl\/recursos\/recursos-humanos\/eficiencia\/\"><span>eficiencia<\/span><\/a><span> y, al mismo tiempo, expectativas m\u00e1s altas de las personas sobre <\/span><a href=\"https:\/\/runahr.com\/cl\/recursos\/recursos-humanos\/flexibilidad\/\"><span>flexibilidad<\/span><\/a><span>, prop\u00f3sito y <\/span><a href=\"https:\/\/runahr.com\/cl\/recursos\/recursos-humanos\/salud-mental\/\"><span>salud mental<\/span><\/a><span>. En ese cuadro, el clima laboral deja de ser \u201ctema blando\u201d y se convierte en palanca para sostener resultados. Cuando la operaci\u00f3n se estresa (cierres de mes, temporadas altas, cambios de sistemas) el term\u00f3metro que anticipa rotaci\u00f3n, ausentismo y ca\u00eddas de servicio es justamente c\u00f3mo se vive el d\u00eda a d\u00eda en equipos y jefaturas.<\/span><\/p>\n<h2><b>\u00bfQu\u00e9 es el clima laboral?<\/b><\/h2>\n<p><span>M\u00e1s que ambiente, es la percepci\u00f3n compartida sobre c\u00f3mo se trabaja en la pr\u00e1ctica: la calidad del <\/span><a href=\"https:\/\/runahr.com\/cl\/recursos\/recursos-humanos\/liderazgo\/\"><span>liderazgo<\/span><\/a><span>, la justicia de las decisiones, la claridad de metas, la <\/span><a href=\"https:\/\/runahr.com\/cl\/recursos\/recursos-humanos\/colaboracion\/\"><span>colaboraci\u00f3n<\/span><\/a><span> entre \u00e1reas y el trato cotidiano. No es un dato aislado; es un lente. Si distintos equipos describen experiencias similares, ah\u00ed se forma una lectura consistente del clima laboral en esa empresa.<\/span><\/p>\n<h4><b>Diferenciar clima y cultura, sin complicarlo<\/b><\/h4>\n<ul>\n<li style=\"font-weight: 400;\" aria-level=\"1\"><a href=\"https:\/\/runahr.com\/cl\/recursos\/recursos-humanos\/cultura-organizacional\/\"><b>Cultura organizacional<\/b><\/a><b>: <\/b><span>Valores y creencias que la empresa declara y encarna en el largo plazo.<\/span><\/li>\n<li style=\"font-weight: 400;\" aria-level=\"1\"><b>Clima laboral:<\/b><span> C\u00f3mo esas ideas aterrizan hoy en pol\u00edticas, procesos y comportamientos reales.<\/span><\/li>\n<\/ul>\n<p><span>La cultura cambia lento; el clima puede moverse trimestre a trimestre con decisiones concretas.<\/span><\/p>\n<p><span>Un ejemplo r\u00e1pido en contexto chileno ser\u00eda una organizaci\u00f3n puede tener cultura orientada a servicio, pero si la dotaci\u00f3n est\u00e1 corta y los turnos no cierran, el clima laboral resentir\u00e1 cansancio y fricci\u00f3n con clientes.<\/span><\/p>\n<p><a href=\"https:\/\/recursos.runahr.com\/cl-guia-metricas-dei\"><img fetchpriority=\"high\" decoding=\"async\" class=\"alignnone size-full wp-image-1098680\" src=\"https:\/\/runahr.com\/wp-content\/uploads\/2026\/01\/CCL005.webp\" alt=\"Ver ahora gu\u00eda de m\u00e9tricas DEI\" width=\"2100\" height=\"830\" srcset=\"https:\/\/runahr.com\/wp-content\/uploads\/2026\/01\/CCL005.webp 2100w, https:\/\/runahr.com\/wp-content\/uploads\/2026\/01\/CCL005-300x119.webp 300w, https:\/\/runahr.com\/wp-content\/uploads\/2026\/01\/CCL005-1024x405.webp 1024w, https:\/\/runahr.com\/wp-content\/uploads\/2026\/01\/CCL005-768x304.webp 768w, https:\/\/runahr.com\/wp-content\/uploads\/2026\/01\/CCL005-1536x607.webp 1536w, https:\/\/runahr.com\/wp-content\/uploads\/2026\/01\/CCL005-2048x809.webp 2048w\" sizes=\"(max-width: 2100px) 100vw, 2100px\" \/><\/a><\/p>\n<h2><b>\u00bfPara qu\u00e9 sirve el clima laboral?<\/b><\/h2>\n<p><span>Sirve para tomar decisiones que pegan en resultados. No es solo \u201csentirse bien\u201d. Es focalizar inversiones de tiempo y presupuesto donde m\u00e1s mueven la aguja. En empresas con m\u00faltiples sedes o unidades de negocio, comparar tramos revela patrones accionables.<\/span><\/p>\n<h4><b>Valor estrat\u00e9gico, en simple<\/b><\/h4>\n<ul>\n<li style=\"font-weight: 400;\" aria-level=\"1\"><b>Retenci\u00f3n: <\/b><span>Identificar qu\u00e9 competencias de jefatura y qu\u00e9 pr\u00e1cticas mantienen equipos estables.<\/span><\/li>\n<li style=\"font-weight: 400;\" aria-level=\"1\"><b>Productividad: <\/b><span>Reducir retrabajos y tiempos muertos derivados de confusiones y cuellos de botella.<\/span><\/li>\n<li style=\"font-weight: 400;\" aria-level=\"1\"><b>Innovaci\u00f3n: <\/b><span>Cuando hay seguridad psicol\u00f3gica, aparecen mejoras operativas que escalan r\u00e1pido.<\/span><\/li>\n<li style=\"font-weight: 400;\" aria-level=\"1\"><b>Reputaci\u00f3n: <\/b><span>Mejores comentarios en portales de empleo y referencias internas que atraen talento.<\/span><\/li>\n<\/ul>\n<h4><b>Mirada cuantitativa y cualitativa<\/b><\/h4>\n<ul>\n<li style=\"font-weight: 400;\" aria-level=\"1\"><b>Indicadores duros: <\/b><span>Tasas de rotaci\u00f3n, ausentismo, velocidad de contrataci\u00f3n, NPS interno, eNPS.<\/span><\/li>\n<li style=\"font-weight: 400;\" aria-level=\"1\"><b>Lectura de matices: <\/b><span>Relatos sobre coordinaci\u00f3n inter-\u00e1reas, justicia percibida, microclimas por <\/span><a href=\"https:\/\/runahr.com\/cl\/recursos\/recursos-humanos\/jefe\/\"><span>jefe<\/span><\/a><span>.<\/span><\/li>\n<\/ul>\n<h2><b>\u00bfC\u00f3mo funciona el clima laboral dentro de una empresa?<\/b><\/h2>\n<p><span>Se arma en capas. Parte en la alta direcci\u00f3n con prioridades y estilo de conducci\u00f3n; se amplifica en mandos medios; aterriza en pr\u00e1cticas simples que la gente vive todos los d\u00edas. Cuando hay disonancia \u2014se promete colaboraci\u00f3n pero se premia s\u00f3lo el resultado individual\u2014 el clima laboral se deteriora.<\/span><\/p>\n<h4><b>Lo que m\u00e1s lo moldea en Chile<\/b><\/h4>\n<ul>\n<li style=\"font-weight: 400;\" aria-level=\"1\"><b>Liderazgo de primera l\u00ednea: <\/b><span>Jefes que resuelven obst\u00e1culos y dan contexto.<\/span><\/li>\n<li style=\"font-weight: 400;\" aria-level=\"1\"><b>Comunicaci\u00f3n interna: <\/b><span>Ritos breves y constantes que evitan rumores.<\/span><\/li>\n<li style=\"font-weight: 400;\" aria-level=\"1\"><b>Pol\u00edticas y cargas reales: <\/b><span>Dotaci\u00f3n, turnos, metas, <\/span><a href=\"https:\/\/runahr.com\/cl\/recursos\/beneficios\/vacaciones\/\"><span>vacaciones<\/span><\/a><span>, flexibilidad.<\/span><\/li>\n<li style=\"font-weight: 400;\" aria-level=\"1\"><a href=\"https:\/\/runahr.com\/cl\/recursos\/recursos-humanos\/reconocimiento\/\"><b>Reconocimiento<\/b><\/a><b>: <\/b><span>No solo bonos; visibilidad cotidiana de contribuciones.<\/span><\/li>\n<\/ul>\n<h4><b>Efecto domin\u00f3 hasta el cliente<\/b><\/h4>\n<ul>\n<li style=\"font-weight: 400;\" aria-level=\"1\"><span>Equipos con clima sano responden mejor en picos de demanda.<\/span><\/li>\n<li style=\"font-weight: 400;\" aria-level=\"1\"><span>Menos conflictos internos se traducen en tiempos de respuesta estables y menos errores.<\/span><\/li>\n<li style=\"font-weight: 400;\" aria-level=\"1\"><span>Clientes perciben consistencia: menos \u201cdepende de con qui\u00e9n te toque\u201d.<\/span><\/li>\n<\/ul>\n<h2><b>\u00bfQui\u00e9n se encarga de medir el clima laboral?<\/b><\/h2>\n<p><span>RRHH debiera facilitar, no juzgar. El \u00e1rea define m\u00e9todo, asegura confidencialidad y ayuda a que los resultados conversen con metas del negocio. Las jefaturas se hacen cargo de leer sus datos, priorizar focos y ejecutar mejoras junto a sus equipos. La gerencia general respalda tiempos y recursos, porque sin eso los planes quedan en buenas intenciones.<\/span><\/p>\n<h4><b>Buenas pr\u00e1cticas que funcionan<\/b><\/h4>\n<ul>\n<li style=\"font-weight: 400;\" aria-level=\"1\"><b>Instrumentos confiables: <\/b><span>Cuestionarios validados y escalas consistentes; evitar \u201cencuestas caseras\u201d.<\/span><\/li>\n<li style=\"font-weight: 400;\" aria-level=\"1\"><b>Canales mixtos: <\/b><span>Medici\u00f3n anual o semestral, m\u00e1s pulsos breves cuando hay cambios relevantes.<\/span><\/li>\n<li style=\"font-weight: 400;\" aria-level=\"1\"><b>Resguardo de identidad: <\/b><span>Umbrales m\u00ednimos por equipo para reportar; reportes agregados.<\/span><\/li>\n<li style=\"font-weight: 400;\" aria-level=\"1\"><b>Cierre del ciclo: <\/b><span>Comunicar hallazgos, acordar 1\u20132 compromisos y hacer seguimiento trimestral.<\/span><\/li>\n<\/ul>\n<h2><b>\u00bfPor qu\u00e9 es importante el clima laboral?<\/b><\/h2>\n<p><span>Porque se paga en caja. Mejora tiempos de entrega, baja la rotaci\u00f3n en roles cr\u00edticos y reduce accidentes de servicio. Ignorarlo es caro: fuga de gente valiosa, silos, proyectos que se atrasan y clientes que se van. Adem\u00e1s, conversa con tendencias globales de experiencia del colaborador y con criterios ESG, que ya miran inversionistas y bancos.<\/span><\/p>\n<h4><b>Riesgos de mirar para el lado<\/b><\/h4>\n<ul>\n<li style=\"font-weight: 400;\" aria-level=\"1\"><span>Se van los mejores primero; los que se quedan bajan el ritmo.<\/span><\/li>\n<li style=\"font-weight: 400;\" aria-level=\"1\"><span>Suben licencias y conflictos formales; m\u00e1s tiempo en contenci\u00f3n que en ejecuci\u00f3n.<\/span><\/li>\n<li style=\"font-weight: 400;\" aria-level=\"1\"><span>La marca empleadora pierde tracci\u00f3n y encarece la atracci\u00f3n de talento.<\/span><\/li>\n<\/ul>\n<h4><b>Ventaja competitiva concreta<\/b><\/h4>\n<p><span>Empresas que gestionan su clima laboral con disciplina sostienen aprendizajes, mueven <\/span><a href=\"https:\/\/runahr.com\/cl\/recursos\/recursos-humanos\/kpi\/\"><span>KPI<\/span><\/a><span> y cuidan la reputaci\u00f3n hacia adentro y hacia afuera. Esa combinaci\u00f3n, hoy, marca diferencia en Chile.<\/span><\/p>\n<h2><b>\u00bfQu\u00e9 tipos de clima laboral existen?<\/b><\/h2>\n<p><span>En la pr\u00e1ctica chilena se ven tres patrones que se repiten, con matices seg\u00fan sector y tama\u00f1o. El punto no es etiquetar por deporte, sino entender d\u00f3nde est\u00e1 parado el equipo hoy para mover la aguja con foco y sin humo. En todos los casos, conviene observar qu\u00e9 refuerzos entrega la empresa y qu\u00e9 conductas se normalizan en la operaci\u00f3n del d\u00eda a d\u00eda; ah\u00ed el clima laboral toma forma.<\/span><\/p>\n<h4><b>Cuando todo conversa y corre (positivo)<\/b><\/h4>\n<ul>\n<li style=\"font-weight: 400;\" aria-level=\"1\"><span>Colaboraci\u00f3n natural entre \u00e1reas; la gente pide ayuda sin miedo y comparte aprendizajes.<\/span><\/li>\n<li style=\"font-weight: 400;\" aria-level=\"1\"><span>Flexibilidad razonable en horarios y <\/span><a href=\"https:\/\/runahr.com\/cl\/recursos\/salario\/trabajo\/\"><span>trabajo<\/span><\/a><span> h\u00edbrido; foco en resultados y cuidado del equipo.<\/span><\/li>\n<li style=\"font-weight: 400;\" aria-level=\"1\"><span>Motivaci\u00f3n visible: l\u00edderes presentes, metas claras y reconocimiento concreto.<\/span><\/li>\n<\/ul>\n<h4><b>Funciona\u2026 pero sin chispa (neutro)<\/b><\/h4>\n<ul>\n<li style=\"font-weight: 400;\" aria-level=\"1\"><span>Procesos cumplen, clientes reciben; sin embargo, poco compromiso emocional.<\/span><\/li>\n<li style=\"font-weight: 400;\" aria-level=\"1\"><span>Cambios cuestan m\u00e1s de lo necesario; hay \u201cok, pero\u201d en cada iniciativa.<\/span><\/li>\n<li style=\"font-weight: 400;\" aria-level=\"1\"><span>Riesgo: con cualquier shock externo, el rendimiento cae r\u00e1pido.<\/span><\/li>\n<\/ul>\n<h4><b>A la defensiva y con ruido (negativo)<\/b><\/h4>\n<ul>\n<li style=\"font-weight: 400;\" aria-level=\"1\"><span>Tensiones abiertas o pasivo-agresivas; rotaci\u00f3n en alza y licencias frecuentes.<\/span><\/li>\n<li style=\"font-weight: 400;\" aria-level=\"1\"><span>Comunicaci\u00f3n que llega tarde o confunde; prioridades que cambian sin explicaci\u00f3n.<\/span><\/li>\n<li style=\"font-weight: 400;\" aria-level=\"1\"><span>Se normaliza el m\u00ednimo: cada equipo se salva como puede.<\/span><\/li>\n<\/ul>\n<h4><b>Para ubicar a la empresa sin vueltas<\/b><\/h4>\n<ul>\n<li style=\"font-weight: 400;\" aria-level=\"1\"><span>Mirar rotaci\u00f3n y ausentismo por jefatura.<\/span><\/li>\n<li style=\"font-weight: 400;\" aria-level=\"1\"><span>Leer encuestas y relatos cualitativos por unidad de negocio.<\/span><\/li>\n<li style=\"font-weight: 400;\" aria-level=\"1\"><span>Observar picos de servicio (marzo, junio, diciembre) y c\u00f3mo responde la organizaci\u00f3n.<\/span><\/li>\n<\/ul>\n<p><a href=\"https:\/\/recursos.runahr.com\/cl-formulario-bienestar-laboral\"><img decoding=\"async\" class=\"alignnone size-full wp-image-1098110\" src=\"https:\/\/runahr.com\/wp-content\/uploads\/2026\/01\/CCL016.webp\" alt=\"Descargar formulario de bienestar laboral\" width=\"2100\" height=\"830\" srcset=\"https:\/\/runahr.com\/wp-content\/uploads\/2026\/01\/CCL016.webp 2100w, https:\/\/runahr.com\/wp-content\/uploads\/2026\/01\/CCL016-300x119.webp 300w, https:\/\/runahr.com\/wp-content\/uploads\/2026\/01\/CCL016-1024x405.webp 1024w, https:\/\/runahr.com\/wp-content\/uploads\/2026\/01\/CCL016-768x304.webp 768w, https:\/\/runahr.com\/wp-content\/uploads\/2026\/01\/CCL016-1536x607.webp 1536w, https:\/\/runahr.com\/wp-content\/uploads\/2026\/01\/CCL016-2048x809.webp 2048w\" sizes=\"(max-width: 2100px) 100vw, 2100px\" \/><\/a><\/p>\n<p><b>\u00bfC\u00f3mo se mide el clima laboral?<\/b><\/p>\n<p><span>Medir no es llenar formularios; es decidir mejor. La medici\u00f3n combina datos peri\u00f3dicos con pulsos oportunos, y siempre con resguardo de identidad. Con esto, el clima laboral deja de ser conversaci\u00f3n abstracta y se vuelve tablero de control con acciones.<\/span><\/p>\n<h4><b>M\u00e9todos que sirven y no estorban<\/b><\/h4>\n<ul>\n<li style=\"font-weight: 400;\" aria-level=\"1\"><span>Encuestas validadas con escalas consistentes; 15\u201325 \u00edtems bien elegidos rinden m\u00e1s que 80 al azar.<\/span><\/li>\n<li style=\"font-weight: 400;\" aria-level=\"1\"><span>Focus groups y entrevistas breves para entender causas, no solo s\u00edntomas.<\/span><\/li>\n<li style=\"font-weight: 400;\" aria-level=\"1\"><span>Indicadores duros: rotaci\u00f3n, ausentismo, vacantes cr\u00edticas abiertas, NPS interno.<\/span><\/li>\n<\/ul>\n<h4><b>Recomendaciones pr\u00e1cticas<\/b><\/h4>\n<ul>\n<li style=\"font-weight: 400;\" aria-level=\"1\"><b>Periodicidad: <\/b><span>Anual o semestral, m\u00e1s pulsos tras cambios relevantes (reorganizaciones, lanzamientos).<\/span><\/li>\n<li style=\"font-weight: 400;\" aria-level=\"1\"><b>An\u00e1lisis: <\/b><span>Cortes por l\u00edder, sede y rol; umbrales m\u00ednimos para proteger confidencialidad.<\/span><\/li>\n<li style=\"font-weight: 400;\" aria-level=\"1\"><span>Comunicaci\u00f3n: Un \u201creadout\u201d \u00e1gil con 1\u20132 compromisos por equipo y seguimiento trimestral.<\/span><\/li>\n<\/ul>\n<h2><b>\u00bfQu\u00e9 factores influyen en el clima laboral?<\/b><\/h2>\n<p><span>Cada organizaci\u00f3n carga su propia mochila: historia, estilo de direcci\u00f3n y presi\u00f3n competitiva. A eso se suman rasgos culturales bien latinos: cercan\u00eda, respeto por la jerarqu\u00eda y valoraci\u00f3n de la estabilidad. Con esa mezcla, el clima laboral se mueve por decisiones cotidianas m\u00e1s que por slogans.<\/span><\/p>\n<h4><b>Lo que m\u00e1s pesa en Chile<\/b><\/h4>\n<ul>\n<li style=\"font-weight: 400;\" aria-level=\"1\"><b>Liderazgo de primera l\u00ednea:<\/b><span> Claridad, justicia percibida, disponibilidad.<\/span><\/li>\n<li style=\"font-weight: 400;\" aria-level=\"1\"><b>Comunicaci\u00f3n: <\/b><span>Ritos simples (dailies, cierres de semana) que ordenan y evitan rumores.<\/span><\/li>\n<li style=\"font-weight: 400;\" aria-level=\"1\"><b>Desarrollo: <\/b><span>Planes de crecimiento realistas, movilidad interna y mentor\u00edas.<\/span><\/li>\n<li style=\"font-weight: 400;\" aria-level=\"1\"><b>Compensaci\u00f3n: <\/b><span>Equidad interna y se\u00f1ales claras sobre desempe\u00f1o.<\/span><\/li>\n<li style=\"font-weight: 400;\" aria-level=\"1\"><b>Reconocimiento: <\/b><span>Oportunidades, visibilidad y <\/span><a href=\"https:\/\/runahr.com\/cl\/recursos\/salario\/feedback\/\"><span>feedback<\/span><\/a><span> a tiempo.<\/span><\/li>\n<\/ul>\n<h4><b>Para detectar focos urgentes<\/b><\/h4>\n<ul>\n<li style=\"font-weight: 400;\" aria-level=\"1\"><span>Mapear \u201cmicroclimas\u201d por jefatura y nodo operativo.<\/span><\/li>\n<li style=\"font-weight: 400;\" aria-level=\"1\"><span>Cruzar relato cualitativo con indicadores (rotaci\u00f3n, SLA, reclamos de clientes).<\/span><\/li>\n<li style=\"font-weight: 400;\" aria-level=\"1\"><span>Priorizar 2\u20133 causas ra\u00edz; lo dem\u00e1s, a la lista de espera sin culpa.<\/span><\/li>\n<\/ul>\n<h2><b>\u00bfC\u00f3mo implementar mejoras en el clima laboral?<\/b><\/h2>\n<p><span>No hay bala de plata; hay consistencia. Las mejoras funcionan cuando se anclan en valores corporativos y cuando los l\u00edderes muestran con el ejemplo lo que se espera del resto. El clima laboral mejora m\u00e1s con diez cosas peque\u00f1as sostenidas que con un gran anuncio anual.<\/span><\/p>\n<h4><b>Acciones que mueven la aguja<\/b><\/h4>\n<ul>\n<li style=\"font-weight: 400;\" aria-level=\"1\"><b>Liderazgo emp\u00e1tico y exigente a la vez: <\/b><span>Contexto + expectativas claras + apoyo.<\/span><\/li>\n<li style=\"font-weight: 400;\" aria-level=\"1\"><b>Escucha activa: <\/b><span>Pulsos breves y espacios de conversaci\u00f3n que terminen en decisiones.<\/span><\/li>\n<li style=\"font-weight: 400;\" aria-level=\"1\"><b>Cultura de feedback: <\/b><span>Simple, frecuente y \u00fatil; sin rituales que nadie cree.<\/span><\/li>\n<li style=\"font-weight: 400;\" aria-level=\"1\"><b>Reglas del juego visibles:<\/b><span> Prioridades, m\u00e9tricas y l\u00edmites sanos para la carga de trabajo.<\/span><\/li>\n<\/ul>\n<h4><b>Coherencia entre discurso y pr\u00e1ctica<\/b><\/h4>\n<ul>\n<li style=\"font-weight: 400;\" aria-level=\"1\"><span>Si se promete flexibilidad, entonces se respetan horarios, turnos y vacaciones.<\/span><\/li>\n<li style=\"font-weight: 400;\" aria-level=\"1\"><span>Si se habla de colaboraci\u00f3n, entonces se mide y reconoce el trabajo transversal.<\/span><\/li>\n<\/ul>\n<h2><b>\u00bfCu\u00e1l es el rol de los recursos humanos frente al clima laboral?<\/b><\/h2>\n<p><a href=\"https:\/\/runahr.com\/cl\/recursos\/recursos-humanos\/recursos-humanos\/\"><span>Recursos humanos<\/span><\/a><span> puede ser term\u00f3metro y, sobre todo, habilitador. No fiscal; socio del negocio. La unidad orquesta m\u00e9todo, provee herramientas y entrena a l\u00edderes para sostener conversaciones dif\u00edciles. Desde ah\u00ed, el clima laboral pasa de \u201ctema de <\/span><a href=\"https:\/\/runahr.com\/cl\/recursos\/recursos-humanos\/encuesta\/\"><span>encuesta<\/span><\/a><span>\u201d a ventaja competitiva.<\/span><\/p>\n<h4><b>Herramientas que ayudan de verdad<\/b><\/h4>\n<ul>\n<li style=\"font-weight: 400;\" aria-level=\"1\"><a href=\"https:\/\/runahr.com\/cl\/recursos\/recursos-humanos\/capacitacion\/\"><b>Capacitaci\u00f3n<\/b><\/a><b> pr\u00e1ctica para jefaturas: <\/b><span>Conversaci\u00f3n de desempe\u00f1o, priorizaci\u00f3n, <\/span><a href=\"https:\/\/runahr.com\/cl\/recursos\/recursos-humanos\/gestion\/\"><span>gesti\u00f3n<\/span><\/a><span> de conflictos.<\/span><\/li>\n<li style=\"font-weight: 400;\" aria-level=\"1\"><b>Comunicaci\u00f3n interna: <\/b><span>Kits simples para alinear mensajes por cambios o proyectos cr\u00edticos.<\/span><\/li>\n<li style=\"font-weight: 400;\" aria-level=\"1\"><b>Gesti\u00f3n del cambio:<\/b><span> Mapas de impacto, sponsors visibles, quick wins que den confianza.<\/span><\/li>\n<\/ul>\n<h4><b>Para convertirlo en ventaja<\/b><\/h4>\n<ul>\n<li style=\"font-weight: 400;\" aria-level=\"1\"><span>Tableros con indicadores clave, revisados en los comit\u00e9s correctos.<\/span><\/li>\n<li style=\"font-weight: 400;\" aria-level=\"1\"><span>Ciclo de <\/span><a href=\"https:\/\/runahr.com\/cl\/recursos\/recursos-humanos\/mejora-continua\/\"><span>mejora continua<\/span><\/a><span>: medir, acordar, ejecutar, revisar y volver a medir.<\/span><\/li>\n<\/ul>\n<h4><b>\u00bfQu\u00e9 tan preparado est\u00e1s para mejorar el clima laboral?<\/b><\/h4>\n<p><span>La foto de este a\u00f1o trae presi\u00f3n por resultados y una competencia feroz por talento. Aun as\u00ed, hay margen: medir bien, escuchar en serio y actuar con coherencia mueve indicadores y, de pasada, hace la vida laboral m\u00e1s vivible. Con un liderazgo consciente y una mirada de sostenibilidad humana, el clima laboral deja de ser variable t\u00e1ctica y se vuelve parte del plan estrat\u00e9gico. Lo dem\u00e1s es espuma: equipos que aprenden y cuidan el servicio, trimestre tras trimestre.<\/span><\/p>\n<p><a href=\"https:\/\/recursos.runahr.com\/cl-kit-recurso-humanos\"><img decoding=\"async\" class=\"alignnone size-full wp-image-1098173\" src=\"https:\/\/runahr.com\/wp-content\/uploads\/2026\/01\/CCL033.webp\" alt=\"Descargar KIT de recursos humanos\" width=\"1940\" height=\"764\" srcset=\"https:\/\/runahr.com\/wp-content\/uploads\/2026\/01\/CCL033.webp 1940w, https:\/\/runahr.com\/wp-content\/uploads\/2026\/01\/CCL033-300x118.webp 300w, https:\/\/runahr.com\/wp-content\/uploads\/2026\/01\/CCL033-1024x403.webp 1024w, https:\/\/runahr.com\/wp-content\/uploads\/2026\/01\/CCL033-768x302.webp 768w, https:\/\/runahr.com\/wp-content\/uploads\/2026\/01\/CCL033-1536x605.webp 1536w\" sizes=\"(max-width: 1940px) 100vw, 1940px\" \/><\/a><\/p>\n\t\t<h2 class=\"runa-faq-title\">Preguntas frecuentes<\/h2>\n\n\t\t<div class=\"runa-faq-accordion\">\n\t\t\t\t\t\t<details class=\"runa-faq-item\">\n\t\t\t\t<summary>\n\t\t\t\t\t<span>\u00bfC\u00f3mo se relaciona el cumplimiento legal con la gesti\u00f3n del clima laboral?<\/span>\n\t\t\t\t\t<i class=\"fas fa-chevron-down\" aria-hidden=\"true\"><\/i>\n\t\t\t\t<\/summary>\n\t\t\t\t<div class=\"runa-faq-content\">\n\t\t\t\t\t<p><span style=\"font-weight: 400\">Respetar el<\/span><a href=\"https:\/\/runahr.com\/cl\/recursos\/salario\/codigo-de-trabajo\/\"> <span style=\"font-weight: 400\">C\u00f3digo del Trabajo<\/span><\/a><span style=\"font-weight: 400\"> ayuda a fijar l\u00edmites claros para tiempos y cargas, mientras que una definici\u00f3n expl\u00edcita de<\/span><a href=\"https:\/\/runahr.com\/cl\/recursos\/recursos-humanos\/jornada-laboral\/\"> <span style=\"font-weight: 400\">jornada laboral<\/span><\/a><span style=\"font-weight: 400\"> reduce fricciones en equipos y jefaturas; con reglas conocidas, la conversaci\u00f3n sobre clima se centra en mejoras y no en disputas b\u00e1sicas.<\/span><\/p>\n\t\t\t\t<\/div>\n\t\t\t<\/details>\n\t\t\t\t\t\t<details class=\"runa-faq-item\">\n\t\t\t\t<summary>\n\t\t\t\t\t<span>\u00bfQu\u00e9 rol tienen las autoridades del trabajo en dar respaldo a iniciativas de clima?<\/span>\n\t\t\t\t\t<i class=\"fas fa-chevron-down\" aria-hidden=\"true\"><\/i>\n\t\t\t\t<\/summary>\n\t\t\t\t<div class=\"runa-faq-content\">\n\t\t\t\t\t<p><span style=\"font-weight: 400\">El<\/span><a href=\"https:\/\/runahr.com\/cl\/recursos\/salario\/ministerio-de-trabajo-y-prevision-social\/\"> <span style=\"font-weight: 400\">Ministerio del Trabajo y Previsi\u00f3n Social<\/span><\/a><span style=\"font-weight: 400\"> entrega lineamientos y buenas pr\u00e1cticas, y la<\/span><a href=\"https:\/\/runahr.com\/cl\/recursos\/salario\/superintendencia-de-seguridad-social\/\"> <span style=\"font-weight: 400\">Superintendencia de Seguridad Social (SUSESO)<\/span><\/a><span style=\"font-weight: 400\"> vela por condiciones que impactan directamente el <\/span><a href=\"https:\/\/runahr.com\/cl\/recursos\/recursos-humanos\/bienestar\/\"><span style=\"font-weight: 400\">bienestar<\/span><\/a><span style=\"font-weight: 400\"> diario, lo que fortalece la legitimidad de planes internos y su seguimiento.<\/span><\/p>\n\t\t\t\t<\/div>\n\t\t\t<\/details>\n\t\t\t\t\t\t<details class=\"runa-faq-item\">\n\t\t\t\t<summary>\n\t\t\t\t\t<span>\u00bfC\u00f3mo pueden apoyar los servicios p\u00fablicos en la comunicaci\u00f3n con las personas?<\/span>\n\t\t\t\t\t<i class=\"fas fa-chevron-down\" aria-hidden=\"true\"><\/i>\n\t\t\t\t<\/summary>\n\t\t\t\t<div class=\"runa-faq-content\">\n\t\t\t\t\t<p><span style=\"font-weight: 400\">Para tr\u00e1mites y consultas, el<\/span><a href=\"https:\/\/runahr.com\/cl\/recursos\/recursos-humanos\/instituto-de-prevision-social\/\"> <span style=\"font-weight: 400\">Instituto de Previsi\u00f3n Social (IPS)<\/span><\/a><span style=\"font-weight: 400\"> y la plataforma<\/span><a href=\"https:\/\/runahr.com\/cl\/recursos\/salario\/ips-en-linea\/\"> <span style=\"font-weight: 400\">IPS en l\u00ednea<\/span><\/a><span style=\"font-weight: 400\"> facilitan informaci\u00f3n previsional a tiempo; reducir incertidumbre administrativa disminuye ruido operativo y mejora la percepci\u00f3n de justicia interna.<\/span><\/p>\n\t\t\t\t<\/div>\n\t\t\t<\/details>\n\t\t\t\t\t\t<details class=\"runa-faq-item\">\n\t\t\t\t<summary>\n\t\t\t\t\t<span>\u00bfInfluye la protecci\u00f3n y salud en el trabajo en el clima?<\/span>\n\t\t\t\t\t<i class=\"fas fa-chevron-down\" aria-hidden=\"true\"><\/i>\n\t\t\t\t<\/summary>\n\t\t\t\t<div class=\"runa-faq-content\">\n\t\t\t\t\t<p><span style=\"font-weight: 400\">S\u00ed: contar con el<\/span><a href=\"https:\/\/runahr.com\/cl\/recursos\/salario\/isl\/\"> <span style=\"font-weight: 400\">Instituto de Seguridad Laboral (ISL)<\/span><\/a><span style=\"font-weight: 400\"> para prevenci\u00f3n y cobertura, y coordinarse con la<\/span><a href=\"https:\/\/runahr.com\/cl\/recursos\/salario\/isapre\/\"><span style=\"font-weight: 400\"> Instituci\u00f3n de Salud Previsional (ISAPRE)<\/span><\/a><span style=\"font-weight: 400\"> cuando corresponde, ordena protocolos y evita disputas en momentos cr\u00edticos, lo que sostiene confianza entre equipos y liderazgo.<\/span><\/p>\n\t\t\t\t<\/div>\n\t\t\t<\/details>\n\t\t\t\t\t\t<details class=\"runa-faq-item\">\n\t\t\t\t<summary>\n\t\t\t\t\t<span>\u00bfC\u00f3mo afectan la transparencia salarial y los procesos de pago al clima?<\/span>\n\t\t\t\t\t<i class=\"fas fa-chevron-down\" aria-hidden=\"true\"><\/i>\n\t\t\t\t<\/summary>\n\t\t\t\t<div class=\"runa-faq-content\">\n\t\t\t\t\t<p><span style=\"font-weight: 400\">La claridad sobre<\/span><a href=\"https:\/\/runahr.com\/cl\/recursos\/salario\/salario\/\"> <span style=\"font-weight: 400\">salario<\/span><\/a><span style=\"font-weight: 400\"> y un calendario confiable de<\/span><a href=\"https:\/\/runahr.com\/cl\/recursos\/salario\/nomina\/\"> <span style=\"font-weight: 400\">n\u00f3mina<\/span><\/a><span style=\"font-weight: 400\"> reducen rumores y reclamos; al cerrar brechas de informaci\u00f3n, las conversaciones se enfocan en desempe\u00f1o y desarrollo, no en correcciones de liquidaciones.<\/span><\/p>\n\t\t\t\t<\/div>\n\t\t\t<\/details>\n\t\t\t\t\t\t<details class=\"runa-faq-item\">\n\t\t\t\t<summary>\n\t\t\t\t\t<span>\u00bfQu\u00e9 pol\u00edticas ayudan cuando hay trabajo h\u00edbrido o a distancia?<\/span>\n\t\t\t\t\t<i class=\"fas fa-chevron-down\" aria-hidden=\"true\"><\/i>\n\t\t\t\t<\/summary>\n\t\t\t\t<div class=\"runa-faq-content\">\n\t\t\t\t\t<p><span style=\"font-weight: 400\">Definir criterios y elegibilidad de<\/span><a href=\"https:\/\/runahr.com\/cl\/recursos\/beneficios\/trabajo-remoto\/\"> <span style=\"font-weight: 400\">trabajo remoto<\/span><\/a><span style=\"font-weight: 400\"> en el<\/span><a href=\"https:\/\/runahr.com\/cl\/recursos\/recursos-humanos\/contrato-de-trabajo\/\"> <span style=\"font-weight: 400\">contrato de trabajo<\/span><\/a><span style=\"font-weight: 400\"> alinea expectativas y disminuye roces en per\u00edodos de alta carga; complementar con buenas pr\u00e1cticas de comunicaci\u00f3n y liderazgo refuerza la experiencia cotidiana sin depender de heroicidades.<\/span><\/p>\n\t\t\t\t<\/div>\n\t\t\t<\/details>\n\t\t\t\t\t\t<details class=\"runa-faq-item\">\n\t\t\t\t<summary>\n\t\t\t\t\t<span>\u00bfC\u00f3mo contribuyen Direcci\u00f3n del Trabajo y SII a la credibilidad interna?<\/span>\n\t\t\t\t\t<i class=\"fas fa-chevron-down\" aria-hidden=\"true\"><\/i>\n\t\t\t\t<\/summary>\n\t\t\t\t<div class=\"runa-faq-content\">\n\t\t\t\t\t<p><span style=\"font-weight: 400\">Apoyarse en la<\/span><a href=\"https:\/\/runahr.com\/cl\/recursos\/salario\/direccion-del-trabajo\/\"> <span style=\"font-weight: 400\">Direcci\u00f3n del Trabajo<\/span><\/a><span style=\"font-weight: 400\"> para criterios interpretativos y en el<\/span><a href=\"https:\/\/runahr.com\/cl\/recursos\/salario\/servicios-de-impuestos-internos\/\"> <span style=\"font-weight: 400\">Servicio de Impuestos Internos (SII)<\/span><\/a><span style=\"font-weight: 400\"> para procesos que requieren identificaci\u00f3n por<\/span><a href=\"https:\/\/runahr.com\/cl\/recursos\/salario\/rut\/\"> <span style=\"font-weight: 400\">Rol \u00danico Tributario (RUT)<\/span><\/a><span style=\"font-weight: 400\"> muestra consistencia entre discurso y pr\u00e1ctica; cuando la gente ve cumplimiento, aumenta la confianza y baja el ruido organizacional.<\/span><\/p>\n\t\t\t\t<\/div>\n\t\t\t<\/details>\n\t\t\t\t\t<\/div>\n\n\t\t<script>\n\t\t(function() {\n\t\t\tdocument.addEventListener('DOMContentLoaded', function() {\n\t\t\t\tvar items = document.querySelectorAll('.runa-faq-accordion details');\n\t\t\t\titems.forEach(function(target) {\n\t\t\t\t\ttarget.addEventListener('toggle', function() {\n\t\t\t\t\t\tif (target.open) {\n\t\t\t\t\t\t\titems.forEach(function(other) {\n\t\t\t\t\t\t\t\tif (other !== target && other.open) other.open = false;\n\t\t\t\t\t\t\t});\n\t\t\t\t\t\t}\n\t\t\t\t\t});\n\t\t\t\t});\n\t\t\t});\n\t\t})();\n\t\t<\/script>\n\t\t\n","protected":false},"excerpt":{"rendered":"<p>Actualmente el mercado chileno sigue movi\u00e9ndose r\u00e1pido: crecimiento dispar entre industrias, presi\u00f3n por eficiencia y, al mismo tiempo, expectativas m\u00e1s altas de las personas sobre flexibilidad, prop\u00f3sito y salud mental. En ese cuadro, el clima laboral deja de ser \u201ctema blando\u201d y se convierte en palanca para sostener resultados. Cuando la operaci\u00f3n se estresa (cierres [&hellip;]<\/p>\n","protected":false},"author":100,"featured_media":1113976,"comment_status":"closed","ping_status":"closed","sticky":false,"template":"","format":"standard","meta":{"_acf_changed":false,"_wp_applaud_exclude":false,"footnotes":""},"categories":[1606,1587],"tags":[1596,1783],"class_list":["post-1078031","post","type-post","status-publish","format-standard","has-post-thumbnail","hentry","category-recursos","category-recursos-humanos","tag-articulo-cl","tag-recursos-humanos-4"],"acf":[],"yoast_head":"<!-- This site is optimized with the Yoast SEO Premium plugin v26.1 (Yoast SEO v27.4) - https:\/\/yoast.com\/product\/yoast-seo-premium-wordpress\/ -->\n<title>Clima laboral: \u00bfQu\u00e9 es? \u00bfC\u00f3mo medirlo? | CL | Runa HR<\/title>\n<meta name=\"description\" content=\"Gu\u00eda pr\u00e1ctica de clima laboral: indicadores, encuestas y pulsos, rol de jefaturas y RR.HH., riesgos de ignorarlo y c\u00f3mo convertirlo en ventaja competitiva.\" \/>\n<meta name=\"robots\" content=\"index, follow, max-snippet:-1, max-image-preview:large, max-video-preview:-1\" \/>\n<link rel=\"canonical\" href=\"https:\/\/runahr.com\/cl\/recursos\/recursos-humanos\/clima-laboral\/\" \/>\n<meta property=\"og:locale\" content=\"es_ES\" \/>\n<meta property=\"og:type\" content=\"article\" \/>\n<meta property=\"og:title\" content=\"Clima laboral: \u00bfQu\u00e9 es? \u00bfC\u00f3mo medirlo? | CL | Runa HR\" \/>\n<meta property=\"og:description\" content=\"Gu\u00eda pr\u00e1ctica de clima laboral: indicadores, encuestas y pulsos, rol de jefaturas y RR.HH., riesgos de ignorarlo y c\u00f3mo convertirlo en ventaja competitiva.\" \/>\n<meta property=\"og:url\" content=\"https:\/\/runahr.com\/cl\/recursos\/recursos-humanos\/clima-laboral\/\" \/>\n<meta property=\"og:site_name\" content=\"Runa HR\" \/>\n<meta property=\"article:publisher\" content=\"https:\/\/www.facebook.com\/runahr\/\" \/>\n<meta property=\"article:published_time\" content=\"2025-10-16T12:15:33+00:00\" \/>\n<meta property=\"article:modified_time\" content=\"2026-04-23T15:18:34+00:00\" \/>\n<meta property=\"og:image\" content=\"https:\/\/runahr.com\/wp-content\/uploads\/2025\/10\/Clima-laboral-scaled.webp\" \/>\n\t<meta property=\"og:image:width\" content=\"2560\" \/>\n\t<meta property=\"og:image:height\" content=\"1070\" \/>\n\t<meta property=\"og:image:type\" content=\"image\/webp\" \/>\n<meta name=\"author\" content=\"Edgar Padilla\" \/>\n<meta name=\"twitter:card\" content=\"summary_large_image\" \/>\n<meta name=\"twitter:creator\" content=\"@runahr\" \/>\n<meta name=\"twitter:site\" content=\"@runahr\" \/>\n<meta name=\"twitter:label1\" content=\"Escrito por\" \/>\n\t<meta name=\"twitter:data1\" content=\"Edgar Padilla\" \/>\n\t<meta name=\"twitter:label2\" content=\"Tiempo estimado de lectura\" \/>\n\t<meta name=\"twitter:data2\" content=\"9 minutos\" \/>\n<!-- \/ Yoast SEO Premium plugin. -->","yoast_head_json":{"title":"Clima laboral: \u00bfQu\u00e9 es? \u00bfC\u00f3mo medirlo? | CL | Runa HR","description":"Gu\u00eda pr\u00e1ctica de clima laboral: indicadores, encuestas y pulsos, rol de jefaturas y RR.HH., riesgos de ignorarlo y c\u00f3mo convertirlo en ventaja competitiva.","robots":{"index":"index","follow":"follow","max-snippet":"max-snippet:-1","max-image-preview":"max-image-preview:large","max-video-preview":"max-video-preview:-1"},"canonical":"https:\/\/runahr.com\/cl\/recursos\/recursos-humanos\/clima-laboral\/","og_locale":"es_ES","og_type":"article","og_title":"Clima laboral: \u00bfQu\u00e9 es? \u00bfC\u00f3mo medirlo? | CL | Runa HR","og_description":"Gu\u00eda pr\u00e1ctica de clima laboral: indicadores, encuestas y pulsos, rol de jefaturas y RR.HH., riesgos de ignorarlo y c\u00f3mo convertirlo en ventaja competitiva.","og_url":"https:\/\/runahr.com\/cl\/recursos\/recursos-humanos\/clima-laboral\/","og_site_name":"Runa HR","article_publisher":"https:\/\/www.facebook.com\/runahr\/","article_published_time":"2025-10-16T12:15:33+00:00","article_modified_time":"2026-04-23T15:18:34+00:00","og_image":[{"width":2560,"height":1070,"url":"https:\/\/runahr.com\/wp-content\/uploads\/2025\/10\/Clima-laboral-scaled.webp","type":"image\/webp"}],"author":"Edgar Padilla","twitter_card":"summary_large_image","twitter_creator":"@runahr","twitter_site":"@runahr","twitter_misc":{"Escrito por":"Edgar Padilla","Tiempo estimado de lectura":"9 minutos"},"schema":{"@context":"https:\/\/schema.org","@graph":[{"@type":"Article","@id":"https:\/\/runahr.com\/cl\/recursos\/recursos-humanos\/clima-laboral\/#article","isPartOf":{"@id":"https:\/\/runahr.com\/cl\/recursos\/recursos-humanos\/clima-laboral\/"},"author":{"name":"Edgar Padilla","@id":"https:\/\/runahr.com\/cl\/#\/schema\/person\/3739dc18365f82019e4c8b5a13aad319"},"headline":"Clima laboral: \u00bfQu\u00e9 es? \u00bfC\u00f3mo medirlo?","datePublished":"2025-10-16T12:15:33+00:00","dateModified":"2026-04-23T15:18:34+00:00","mainEntityOfPage":{"@id":"https:\/\/runahr.com\/cl\/recursos\/recursos-humanos\/clima-laboral\/"},"wordCount":1732,"publisher":{"@id":"https:\/\/runahr.com\/cl\/#organization"},"image":{"@id":"https:\/\/runahr.com\/cl\/recursos\/recursos-humanos\/clima-laboral\/#primaryimage"},"thumbnailUrl":"https:\/\/runahr.com\/wp-content\/uploads\/2025\/10\/Clima-laboral-scaled.webp","keywords":["Art\u00edculo","Recursos humanos"],"articleSection":["Recursos","Recursos humanos"],"inLanguage":"es-CL"},{"@type":"WebPage","@id":"https:\/\/runahr.com\/cl\/recursos\/recursos-humanos\/clima-laboral\/","url":"https:\/\/runahr.com\/cl\/recursos\/recursos-humanos\/clima-laboral\/","name":"Clima laboral: \u00bfQu\u00e9 es? \u00bfC\u00f3mo medirlo? | CL | Runa HR","isPartOf":{"@id":"https:\/\/runahr.com\/cl\/#website"},"primaryImageOfPage":{"@id":"https:\/\/runahr.com\/cl\/recursos\/recursos-humanos\/clima-laboral\/#primaryimage"},"image":{"@id":"https:\/\/runahr.com\/cl\/recursos\/recursos-humanos\/clima-laboral\/#primaryimage"},"thumbnailUrl":"https:\/\/runahr.com\/wp-content\/uploads\/2025\/10\/Clima-laboral-scaled.webp","datePublished":"2025-10-16T12:15:33+00:00","dateModified":"2026-04-23T15:18:34+00:00","description":"Gu\u00eda pr\u00e1ctica de clima laboral: indicadores, encuestas y pulsos, rol de jefaturas y RR.HH., riesgos de ignorarlo y c\u00f3mo convertirlo en ventaja competitiva.","breadcrumb":{"@id":"https:\/\/runahr.com\/cl\/recursos\/recursos-humanos\/clima-laboral\/#breadcrumb"},"inLanguage":"es-CL","potentialAction":[{"@type":"ReadAction","target":["https:\/\/runahr.com\/cl\/recursos\/recursos-humanos\/clima-laboral\/"]}]},{"@type":"ImageObject","inLanguage":"es-CL","@id":"https:\/\/runahr.com\/cl\/recursos\/recursos-humanos\/clima-laboral\/#primaryimage","url":"https:\/\/runahr.com\/wp-content\/uploads\/2025\/10\/Clima-laboral-scaled.webp","contentUrl":"https:\/\/runahr.com\/wp-content\/uploads\/2025\/10\/Clima-laboral-scaled.webp","width":2560,"height":1070,"caption":"Clima laboral"},{"@type":"BreadcrumbList","@id":"https:\/\/runahr.com\/cl\/recursos\/recursos-humanos\/clima-laboral\/#breadcrumb","itemListElement":[{"@type":"ListItem","position":1,"name":"Home","item":"https:\/\/runahr.com\/cl\/"},{"@type":"ListItem","position":2,"name":"Recursos","item":"https:\/\/runahr.com\/cl\/category\/recursos\/"},{"@type":"ListItem","position":3,"name":"Recursos humanos","item":"https:\/\/runahr.com\/cl\/category\/recursos\/recursos-humanos\/"},{"@type":"ListItem","position":4,"name":"Clima laboral: \u00bfQu\u00e9 es? \u00bfC\u00f3mo medirlo?"}]},{"@type":"WebSite","@id":"https:\/\/runahr.com\/cl\/#website","url":"https:\/\/runahr.com\/cl\/","name":"Runa HR","description":"Software de N\u00f3mina y Gesti\u00f3n de RRHH","publisher":{"@id":"https:\/\/runahr.com\/cl\/#organization"},"potentialAction":[{"@type":"SearchAction","target":{"@type":"EntryPoint","urlTemplate":"https:\/\/runahr.com\/cl\/?s={search_term_string}"},"query-input":{"@type":"PropertyValueSpecification","valueRequired":true,"valueName":"search_term_string"}}],"inLanguage":"es-CL"},{"@type":"Organization","@id":"https:\/\/runahr.com\/cl\/#organization","name":"Runa HR","url":"https:\/\/runahr.com\/cl\/","logo":{"@type":"ImageObject","inLanguage":"es-CL","@id":"https:\/\/runahr.com\/cl\/#\/schema\/logo\/image\/","url":"https:\/\/runahr.com\/wp-content\/uploads\/2018\/05\/xDzHFcQY_400x400.jpg","contentUrl":"https:\/\/runahr.com\/wp-content\/uploads\/2018\/05\/xDzHFcQY_400x400.jpg","width":400,"height":400,"caption":"Runa HR"},"image":{"@id":"https:\/\/runahr.com\/cl\/#\/schema\/logo\/image\/"},"sameAs":["https:\/\/www.facebook.com\/runahr\/","https:\/\/x.com\/runahr","https:\/\/www.instagram.com\/runahr\/","https:\/\/mx.linkedin.com\/company\/runahr","https:\/\/www.youtube.com\/channel\/UCAZ21FupFMLIb1c7PPaU6Ew"]},{"@type":"Person","@id":"https:\/\/runahr.com\/cl\/#\/schema\/person\/3739dc18365f82019e4c8b5a13aad319","name":"Edgar Padilla","image":{"@type":"ImageObject","inLanguage":"es-CL","@id":"https:\/\/secure.gravatar.com\/avatar\/8e8620f0f4a0cdfb4cecfa7df33d7ed05425d393e77f8cf0fc159df2427558f6?s=96&d=mm&r=g","url":"https:\/\/secure.gravatar.com\/avatar\/8e8620f0f4a0cdfb4cecfa7df33d7ed05425d393e77f8cf0fc159df2427558f6?s=96&d=mm&r=g","contentUrl":"https:\/\/secure.gravatar.com\/avatar\/8e8620f0f4a0cdfb4cecfa7df33d7ed05425d393e77f8cf0fc159df2427558f6?s=96&d=mm&r=g","caption":"Edgar Padilla"},"url":"https:\/\/runahr.com\/cl\/author\/edgar_padilla\/"}]}},"_links":{"self":[{"href":"https:\/\/runahr.com\/cl\/wp-json\/wp\/v2\/posts\/1078031","targetHints":{"allow":["GET"]}}],"collection":[{"href":"https:\/\/runahr.com\/cl\/wp-json\/wp\/v2\/posts"}],"about":[{"href":"https:\/\/runahr.com\/cl\/wp-json\/wp\/v2\/types\/post"}],"author":[{"embeddable":true,"href":"https:\/\/runahr.com\/cl\/wp-json\/wp\/v2\/users\/100"}],"replies":[{"embeddable":true,"href":"https:\/\/runahr.com\/cl\/wp-json\/wp\/v2\/comments?post=1078031"}],"version-history":[{"count":2,"href":"https:\/\/runahr.com\/cl\/wp-json\/wp\/v2\/posts\/1078031\/revisions"}],"predecessor-version":[{"id":1113979,"href":"https:\/\/runahr.com\/cl\/wp-json\/wp\/v2\/posts\/1078031\/revisions\/1113979"}],"wp:featuredmedia":[{"embeddable":true,"href":"https:\/\/runahr.com\/cl\/wp-json\/wp\/v2\/media\/1113976"}],"wp:attachment":[{"href":"https:\/\/runahr.com\/cl\/wp-json\/wp\/v2\/media?parent=1078031"}],"wp:term":[{"taxonomy":"category","embeddable":true,"href":"https:\/\/runahr.com\/cl\/wp-json\/wp\/v2\/categories?post=1078031"},{"taxonomy":"post_tag","embeddable":true,"href":"https:\/\/runahr.com\/cl\/wp-json\/wp\/v2\/tags?post=1078031"}],"curies":[{"name":"wp","href":"https:\/\/api.w.org\/{rel}","templated":true}]}}