{"id":1105078,"date":"2026-03-03T06:37:20","date_gmt":"2026-03-03T12:37:20","guid":{"rendered":"https:\/\/runahr.com\/?p=1105078"},"modified":"2026-04-23T09:08:43","modified_gmt":"2026-04-23T15:08:43","slug":"diversidad-cultural","status":"publish","type":"post","link":"https:\/\/runahr.com\/cl\/recursos\/recursos-humanos\/diversidad-cultural\/","title":{"rendered":"Diversidad cultural: \u00bfQu\u00e9 es? \u00bfCu\u00e1l es su importancia?"},"content":{"rendered":"<p><span>Hoy, la diversidad cultural dej\u00f3 de ser un adorno o una moda pasajera. En la realidad chilena, se vive a diario: la llegada de nuevas comunidades migrantes, la mayor presencia de pueblos originarios en el debate p\u00fablico y un mercado laboral que cruza fronteras a toda velocidad han puesto este tema en el centro de la conversaci\u00f3n.<\/span><\/p>\n<p><span>Y en el mundo empresarial, esto tiene impacto directo. Porque no se trata s\u00f3lo de convivir mejor. Una <\/span><a href=\"https:\/\/runahr.com\/cl\/recursos\/recursos-humanos\/cultura-organizacional\/\"><span>cultura organizacional<\/span><\/a><span> que reconoce y gestiona bien la diversidad cultural puede ganar much\u00edsimo: m\u00e1s <\/span><a href=\"https:\/\/runahr.com\/cl\/recursos\/recursos-humanos\/creatividad\/\"><span>creatividad<\/span><\/a><span>, m\u00e1s innovaci\u00f3n, mejores decisiones y, sobre todo, equipos m\u00e1s humanos y cohesionados.<\/span><\/p>\n<p><span>Este art\u00edculo busca aterrizar este tema para quienes gestionan personas y lideran equipos en Chile. Qu\u00e9 significa, por qu\u00e9 importa, c\u00f3mo trabajarla desde dentro y qu\u00e9 oportunidades abre en el contexto actual.<\/span><\/p>\n<h2><b>\u00bfQu\u00e9 es la diversidad cultural en Chile?<\/b><\/h2>\n<p><span>Hablar de diversidad cultural no es una abstracci\u00f3n ni una idea vaga. En simple: en un mismo lugar convivimos personas que miramos la vida distinto, hablamos distinto, trabajamos distinto. En Chile se nota mucho: est\u00e1n los pueblos originarios (mapuche, aimara, rapanui y otros) con su legado vivo, y tambi\u00e9n llegaron en los \u00faltimos a\u00f1os comunidades de Venezuela, Hait\u00ed, Per\u00fa, Colombia y m\u00e1s. Todas esas historias, con sus propios matices, ya se entretejen de forma natural en el tejido social y laboral del pa\u00eds.<\/span><\/p>\n<p><span>Ahora, ojo con los matices. Una cosa es el multiculturalismo (que simplemente constata que distintas culturas conviven en un mismo lugar) y otra, bien distinta, es la interculturalidad, que pone el acento en el intercambio vivo: dialogar, compartir experiencias y aprender unos de otros de forma activa. Y en la pr\u00e1ctica, la diferencia no es menor.<\/span><\/p>\n<p><span>Comprender a fondo este punto es vital para crear ambientes de <\/span><a href=\"https:\/\/runahr.com\/cl\/recursos\/salario\/trabajo\/\"><span>trabajo<\/span><\/a><span> m\u00e1s abiertos, nutrir a los equipos con esa riqueza y lograr que las empresas pasen de solo convivir con la diversidad a convertirla en el coraz\u00f3n de su estrategia.<\/span><\/p>\n<p><a href=\"https:\/\/recursos.runahr.com\/cl-guia-metricas-dei\"><img fetchpriority=\"high\" decoding=\"async\" class=\"alignnone size-full wp-image-1098680\" src=\"https:\/\/runahr.com\/wp-content\/uploads\/2026\/01\/CCL005.webp\" alt=\"Ver ahora gu\u00eda de m\u00e9tricas DEI\" width=\"2100\" height=\"830\" srcset=\"https:\/\/runahr.com\/wp-content\/uploads\/2026\/01\/CCL005.webp 2100w, https:\/\/runahr.com\/wp-content\/uploads\/2026\/01\/CCL005-300x119.webp 300w, https:\/\/runahr.com\/wp-content\/uploads\/2026\/01\/CCL005-1024x405.webp 1024w, https:\/\/runahr.com\/wp-content\/uploads\/2026\/01\/CCL005-768x304.webp 768w, https:\/\/runahr.com\/wp-content\/uploads\/2026\/01\/CCL005-1536x607.webp 1536w, https:\/\/runahr.com\/wp-content\/uploads\/2026\/01\/CCL005-2048x809.webp 2048w\" sizes=\"(max-width: 2100px) 100vw, 2100px\" \/><\/a><\/p>\n<h2><b>\u00bfCu\u00e1les son los objetivos de la diversidad cultural?<\/b><\/h2>\n<p><span>Gestionar la diversidad cultural no es simplemente \u201cser inclusivos\u201d. Hay prop\u00f3sitos claros detr\u00e1s de este enfoque, que impactan en el <\/span><a href=\"https:\/\/runahr.com\/cl\/recursos\/recursos-humanos\/clima-laboral\/\"><span>clima laboral<\/span><\/a><span>, la productividad y hasta la competitividad de una empresa.<\/span><\/p>\n<h4><b>Algunos de los objetivos centrales<\/b><\/h4>\n<ul>\n<li style=\"font-weight: 400;\" aria-level=\"1\"><b>Incluir de verdad<\/b><span>: Asegurar que todas las personas, sin importar su origen, idioma o costumbres, tengan acceso a las mismas oportunidades y trato dentro de la organizaci\u00f3n.<\/span><\/li>\n<li style=\"font-weight: 400;\" aria-level=\"1\"><b>Instalar una cultura de respeto<\/b><span>: Transformar la diferencia en un valor, no en un obst\u00e1culo. Fomentar que las diferencias se reconozcan, se valoren y se cuiden.<\/span><\/li>\n<li style=\"font-weight: 400;\" aria-level=\"1\"><b>Activar la innovaci\u00f3n<\/b><span>: La diversidad de perspectivas es terreno f\u00e9rtil para encontrar soluciones distintas, romper la l\u00f3gica de siempre y abrir espacio a ideas que no surgir\u00edan en un equipo homog\u00e9neo.<\/span><\/li>\n<li style=\"font-weight: 400;\" aria-level=\"1\"><b>Preparar equipos globales<\/b><span>: En un mundo cada vez m\u00e1s conectado, entender otras culturas ya no es una ventaja: es casi una necesidad para competir afuera (y adentro tambi\u00e9n).<\/span><\/li>\n<\/ul>\n<p><span>En empresas chilenas que ya trabajan activamente en esto, se ha visto que los equipos con mayor diversidad cultural tienden a tener mejor comunicaci\u00f3n interna, rotan menos y muestran m\u00e1s <\/span><a href=\"https:\/\/runahr.com\/cl\/recursos\/recursos-humanos\/resiliencia\/\"><span>resiliencia<\/span><\/a><span> ante el cambio.<\/span><\/p>\n<h2><b>\u00bfPara qu\u00e9 sirve la diversidad cultural?<\/b><\/h2>\n<p><span>La diversidad cultural no es solo una declaraci\u00f3n de principios. Sirve (y mucho) para enfrentar desaf\u00edos concretos. Desde encontrar mejores soluciones hasta conectar mejor con clientes y comunidades diversas.<\/span><\/p>\n<ul>\n<li style=\"font-weight: 400;\" aria-level=\"1\"><b>Innovaci\u00f3n real<\/b><span>: Equipos con miradas distintas logran resolver problemas desde \u00e1ngulos inesperados. Y eso, en entornos competitivos, se traduce en mejores productos, servicios o procesos.<\/span><\/li>\n<li style=\"font-weight: 400;\" aria-level=\"1\"><b>Clima laboral que suma<\/b><span>: Cuando las personas sienten que su identidad es valorada y no deben esconderla para encajar, se genera confianza, <\/span><a href=\"https:\/\/runahr.com\/cl\/recursos\/recursos-humanos\/colaboracion\/\"><span>colaboraci\u00f3n<\/span><\/a><span> y pertenencia. Todo eso mejora la din\u00e1mica interna.<\/span><\/li>\n<li style=\"font-weight: 400;\" aria-level=\"1\"><b>Expansi\u00f3n internacional<\/b><span>: Contar con personas que entienden otras culturas y manejan idiomas distintos facilita la entrada a nuevos mercados o la adaptaci\u00f3n de productos a realidades diversas.<\/span><\/li>\n<li style=\"font-weight: 400;\" aria-level=\"1\"><b>Menos prejuicio, m\u00e1s integraci\u00f3n<\/b><span>: A medida que se normaliza trabajar con personas de diferentes or\u00edgenes, bajan las tensiones y los estereotipos. Se instala una forma de trabajar m\u00e1s abierta y flexible.<\/span><\/li>\n<\/ul>\n<p><span>En resumen, la diversidad cultural no solo embellece la narrativa institucional. Bien gestionada, aporta al coraz\u00f3n mismo del negocio.<\/span><\/p>\n<h2><b>\u00bfCu\u00e1les son los tipos de diversidad cultural en Chile?<\/b><\/h2>\n<p><span>La realidad chilena es rica y compleja. Por eso, al hablar de diversidad cultural, conviene poner sobre la mesa los distintos planos en los que se manifiesta:<\/span><\/p>\n<h4><b>\u00c9tnica<\/b><\/h4>\n<p><span>Chile tiene presencia activa de comunidades como los mapuche, rapanui, aimara, diaguita y otras, que conservan su lengua, tradiciones y cosmovisi\u00f3n. Tambi\u00e9n est\u00e1 la poblaci\u00f3n afrodescendiente, particularmente visible en zonas del norte, como Arica.<\/span><\/p>\n<h4><b>Migratoria<\/b><\/h4>\n<p><span>En este tiempo, Chile ha abierto sus puertas a muchas personas de la regi\u00f3n y del Caribe. Su presencia trajo diversidad de acentos, enfoques de trabajo y una comprensi\u00f3n m\u00e1s amplia de lo comunitario, fortaleciendo la vida diaria y el trabajo en conjunto. Y se ha integrado al tejido laboral con fuerza.<\/span><\/p>\n<h4><b>G\u00e9nero y orientaci\u00f3n sexual<\/b><\/h4>\n<p><span>Aunque persisten algunas brechas, hoy son muchas las empresas que ya se toman en serio la igualdad de condiciones para todas las identidades. Incluir a las personas LGBTIQ+ dej\u00f3 de verse como un gesto simb\u00f3lico y pas\u00f3 a formar parte de las pol\u00edticas y pr\u00e1cticas cotidianas del negocio.<\/span><\/p>\n<h4><b>Religiosa<\/b><\/h4>\n<p><span>Chile garantiza la libertad de culto, lo que ha permitido la convivencia de distintas creencias m\u00e1s all\u00e1 del catolicismo. Esto implica repensar espacios, tiempos y costumbres laborales para no dejar a nadie fuera por su fe.<\/span><\/p>\n<h2><b>\u00bfCu\u00e1l es la importancia de la diversidad cultural?<\/b><\/h2>\n<p><span>M\u00e1s que un gesto simb\u00f3lico, la diversidad cultural influye directamente en c\u00f3mo se convive, se lideran equipos y se moldea el pa\u00eds que queremos construir.<\/span><\/p>\n<ul>\n<li style=\"font-weight: 400;\" aria-level=\"1\"><b>Mejora la cohesi\u00f3n social<\/b><span>: Cuando las diferencias dejan de verse como amenazas y se integran como parte natural del entorno, se reduce la tensi\u00f3n entre grupos y florece un respeto m\u00e1s genuino entre personas con trayectorias distintas.<\/span><\/li>\n<\/ul>\n<ul>\n<li style=\"font-weight: 400;\" aria-level=\"1\"><b>Impulsa el crecimiento econ\u00f3mico<\/b><span>: Los equipos diversos suelen tener m\u00e1s capacidad de innovaci\u00f3n, lo que fortalece la competitividad empresarial.<\/span><\/li>\n<li style=\"font-weight: 400;\" aria-level=\"1\"><b>Refuerza la identidad nacional<\/b><span>: Chile, como pa\u00eds, ha sido moldeado por el cruce de culturas. Valorar eso es tambi\u00e9n reafirmar lo que somos.<\/span><\/li>\n<li style=\"font-weight: 400;\" aria-level=\"1\"><b>Posiciona mejor a las empresas<\/b><span>: Hoy, muchas personas eligen trabajar en lugares donde pueden ser ellas mismas. Y muchas marcas son juzgadas por su coherencia en temas de <\/span><a href=\"https:\/\/runahr.com\/cl\/recursos\/recursos-humanos\/inclusion\/\"><span>inclusi\u00f3n<\/span><\/a><span> y diversidad.<\/span><\/li>\n<\/ul>\n<p><span>Desde RRHH y <\/span><a href=\"https:\/\/runahr.com\/cl\/recursos\/recursos-humanos\/liderazgo\/\"><span>liderazgo<\/span><\/a><span>, no trabajar estos temas es perder una oportunidad de construir organizaciones m\u00e1s humanas, m\u00e1s estrat\u00e9gicas y m\u00e1s conectadas con el Chile actual.<\/span><\/p>\n<h2><b>\u00bfC\u00f3mo beneficia la diversidad cultural en el trabajo?<\/b><\/h2>\n<p><span>Hoy m\u00e1s que nunca, tener equipos culturalmente diversos es una ventaja competitiva. No solo porque se ve bien hacia afuera, sino porque genera <\/span><a href=\"https:\/\/runahr.com\/cl\/recursos\/beneficios\/beneficios\/\"><span>beneficios<\/span><\/a><span> concretos hacia adentro.<\/span><\/p>\n<h4><b>Impulsa la creatividad y la innovaci\u00f3n<\/b><\/h4>\n<p><span>La mezcla de miradas permite que las soluciones no salgan siempre del mismo molde. Un equipo diverso pone sobre la mesa ideas que probablemente no aparecer\u00edan en un entorno homog\u00e9neo. Eso se nota en los resultados.<\/span><\/p>\n<h4><b>Mejora el ambiente interno<\/b><\/h4>\n<p><span>Trabajar en un lugar donde las diferencias se valoran (y no se toleran a rega\u00f1adientes) mejora el \u00e1nimo colectivo. Se fortalece la confianza, la colaboraci\u00f3n y la comunicaci\u00f3n.<\/span><\/p>\n<h4><b>Atrae y retiene talento<\/b><\/h4>\n<p><span>Los profesionales con m\u00e1s formaci\u00f3n y experiencia no s\u00f3lo buscan buenos sueldos. Buscan espacios donde puedan crecer sin tener que esconder qui\u00e9nes son. Las empresas diversas suelen tener menor rotaci\u00f3n y m\u00e1s compromiso.<\/span><\/p>\n<h4><b>Mejora la reputaci\u00f3n<\/b><\/h4>\n<p><span>Las organizaciones que se toman en serio la diversidad cultural proyectan una imagen de modernidad, coherencia y apertura. Esto no solo atrae trabajadores, tambi\u00e9n clientes, aliados e inversores.<\/span><\/p>\n<h2><b>\u00bfCu\u00e1les son las ventajas y desventajas de la diversidad cultural en el entorno laboral?<\/b><\/h2>\n<p><span>Hoy se habla mucho de inclusi\u00f3n, y con raz\u00f3n. La diversidad cultural dentro de las organizaciones abre una puerta enorme a nuevas ideas, enfoques y formas de trabajar. Pero tambi\u00e9n, seamos realistas, puede traer roces si no se gestiona bien. Como todo lo valioso, implica desaf\u00edos.<\/span><\/p>\n<h4><b>Ventajas que vale la pena destacar<\/b><\/h4>\n<ul>\n<li style=\"font-weight: 400;\" aria-level=\"1\"><b>M\u00e1s creatividad y mejor capacidad para resolver problemas:<\/b><span> Equipos diversos suelen mirar los mismos temas desde \u00e1ngulos distintos, lo que dispara soluciones inesperadas y m\u00e1s efectivas.<\/span><\/li>\n<li style=\"font-weight: 400;\" aria-level=\"1\"><b>Mayor adaptabilidad:<\/b><span> Grupos multiculturales est\u00e1n m\u00e1s entrenados para moverse con <\/span><a href=\"https:\/\/runahr.com\/cl\/recursos\/recursos-humanos\/flexibilidad\/\"><span>flexibilidad<\/span><\/a><span> en contextos cambiantes. Son menos r\u00edgidos, m\u00e1s pl\u00e1sticos.<\/span><\/li>\n<li style=\"font-weight: 400;\" aria-level=\"1\"><b>Puerta de entrada a nuevos mercados:<\/b><span> Tener personas con experiencias internacionales o de distintas culturas permite leer mejor lo que pasa afuera, y abrirse a clientes y negocios m\u00e1s all\u00e1 de Chile.<\/span><\/li>\n<li style=\"font-weight: 400;\" aria-level=\"1\"><b>Conexi\u00f3n m\u00e1s fina con p\u00fablicos variados:<\/b><span> Entender diferentes sensibilidades culturales ayuda a comunicarse mejor, tanto dentro como fuera de la empresa.<\/span><\/li>\n<\/ul>\n<h4><b>Pero tambi\u00e9n hay riesgos que no se pueden ignorar<\/b><\/h4>\n<ul>\n<li style=\"font-weight: 400;\" aria-level=\"1\"><b>Choques culturales:<\/b><span> Diferencias en valores, costumbres o formas de comunicar pueden generar tensiones si no se abordan con madurez.<\/span><\/li>\n<li style=\"font-weight: 400;\" aria-level=\"1\"><b>Problemas de comunicaci\u00f3n:<\/b><span> Idiomas, giros, tonos... a veces las cosas se entienden mal y eso frena la coordinaci\u00f3n.<\/span><\/li>\n<li style=\"font-weight: 400;\" aria-level=\"1\"><b>Resistencia al cambio:<\/b><span> Hay equipos que se sienten amenazados por lo distinto. La diversidad incomoda si no se trabaja conscientemente.<\/span><\/li>\n<\/ul>\n<p><a href=\"https:\/\/recursos.runahr.com\/cl-guia-trabajo-equipo\"><img decoding=\"async\" class=\"alignnone size-full wp-image-1097965\" src=\"https:\/\/runahr.com\/wp-content\/uploads\/2026\/01\/CCL009.webp\" alt=\"Descargar gu\u00eda de trabajo en equipo para empresas\" width=\"2100\" height=\"830\" srcset=\"https:\/\/runahr.com\/wp-content\/uploads\/2026\/01\/CCL009.webp 2100w, https:\/\/runahr.com\/wp-content\/uploads\/2026\/01\/CCL009-300x119.webp 300w, https:\/\/runahr.com\/wp-content\/uploads\/2026\/01\/CCL009-1024x405.webp 1024w, https:\/\/runahr.com\/wp-content\/uploads\/2026\/01\/CCL009-768x304.webp 768w, https:\/\/runahr.com\/wp-content\/uploads\/2026\/01\/CCL009-1536x607.webp 1536w, https:\/\/runahr.com\/wp-content\/uploads\/2026\/01\/CCL009-2048x809.webp 2048w\" sizes=\"(max-width: 2100px) 100vw, 2100px\" \/><\/a><\/p>\n<h2><b>\u00bfC\u00f3mo minimizar las desventajas de la diversidad cultural?<\/b><\/h2>\n<p><span>Lo que marca la diferencia no es la diversidad en s\u00ed, sino c\u00f3mo se gestiona. Una cultura laboral saludable no nace por decreto, se construye. Y desde RRHH hay mucho que se puede (y debe) hacer.<\/span><\/p>\n<h4><b>Estrategias que funcionan:<\/b><\/h4>\n<ul>\n<li style=\"font-weight: 400;\" aria-level=\"1\"><a href=\"https:\/\/runahr.com\/cl\/recursos\/recursos-humanos\/capacitacion\/\"><span>Capacitaci\u00f3n<\/span><\/a><span> constante sobre inclusi\u00f3n, sesgos inconscientes y resoluci\u00f3n de conflictos culturales.<\/span><\/li>\n<li style=\"font-weight: 400;\" aria-level=\"1\"><span>Protocolos claros que aborden de forma proactiva situaciones sensibles.<\/span><\/li>\n<li style=\"font-weight: 400;\" aria-level=\"1\"><span>Espacios de di\u00e1logo donde se puedan expresar dudas, incomodidades o aprendizajes sin temor.<\/span><\/li>\n<li style=\"font-weight: 400;\" aria-level=\"1\"><span>Liderazgo que modele con el ejemplo y legitime las diferencias como un valor, no como un problema.<\/span><\/li>\n<\/ul>\n<h2><b>\u00bfC\u00f3mo llevar la gesti\u00f3n de la diversidad cultural en el trabajo?<\/b><\/h2>\n<p><span>No basta con tener buenas intenciones. Para que la diversidad cultural aporte de verdad al entorno laboral, hay que gestionarla con estrategia, con procesos claros y con coherencia desde arriba hacia abajo.<\/span><\/p>\n<h4><b>Implementaci\u00f3n de pol\u00edticas y programas de inclusi\u00f3n<\/b><\/h4>\n<p><span>No se trata s\u00f3lo de declarar principios. Las empresas deben traducir la inclusi\u00f3n en acciones concretas: revisar sus procesos de reclutamiento, adaptar beneficios, ajustar planes de carrera y dise\u00f1ar programas que integren a personas de distintos or\u00edgenes culturales en igualdad de condiciones.<\/span><\/p>\n<h4><b>Capacitaci\u00f3n continua y aterrizada<\/b><\/h4>\n<p><span>Talleres y formaciones sobre diversidad tienen que dejar de ser simb\u00f3licos. Idealmente, deben tocar temas reales: c\u00f3mo evitar prejuicios, c\u00f3mo abordar diferencias de forma respetuosa, c\u00f3mo comunicarse mejor en equipos heterog\u00e9neos.<\/span><\/p>\n<h4><b>Promover el respeto a trav\u00e9s de la pr\u00e1ctica<\/b><\/h4>\n<p><span>No alcanza con carteles o frases inspiradoras. El respeto se ense\u00f1a cuando se practica. Crear equipos diversos, promover el trabajo conjunto y reconocer el aporte de cada quien genera una cultura donde la diferencia deja de ser amenaza y pasa a ser oportunidad.<\/span><\/p>\n<h2><b>\u00bfC\u00f3mo actuar en caso de conflictos culturales?<\/b><\/h2>\n<p><span>Es natural que las diferencias culturales, en alg\u00fan momento, generen tensiones. Lo importante es no reprimirlas ni ignorarlas, sino abordarlas con herramientas que ayuden a canalizarlas y transformarlas en aprendizajes.<\/span><\/p>\n<h4><b>Qu\u00e9 debe hacer RRHH cuando hay conflicto:<\/b><\/h4>\n<ul>\n<li style=\"font-weight: 400;\" aria-level=\"1\"><span>Escuchar sin juicios, permitiendo que todas las partes puedan expresar su mirada.<\/span><\/li>\n<li style=\"font-weight: 400;\" aria-level=\"1\"><span>Facilitar la mediaci\u00f3n con foco en el respeto y la empat\u00eda.<\/span><\/li>\n<li style=\"font-weight: 400;\" aria-level=\"1\"><span>Reforzar la formaci\u00f3n de los equipos con ejemplos pr\u00e1cticos y reales.<\/span><\/li>\n<li style=\"font-weight: 400;\" aria-level=\"1\"><span>Si es necesario, redise\u00f1ar din\u00e1micas de trabajo para evitar nuevas fricciones.<\/span><\/li>\n<\/ul>\n<h4><b>Crear espacios de encuentro intercultural<\/b><\/h4>\n<p><span>Actividades simples como jornadas tem\u00e1ticas, charlas sobre costumbres o programas de mentor\u00eda entre personas de diferentes or\u00edgenes pueden hacer mucho por la cohesi\u00f3n del equipo. Se trata de tender puentes donde a veces solo hay distancia.<\/span><\/p>\n<h2><b>\u00bfCu\u00e1l es el papel de los recursos humanos frente a la diversidad cultural?<\/b><\/h2>\n<p><a href=\"https:\/\/runahr.com\/cl\/recursos\/recursos-humanos\/recursos-humanos\/\"><span>Recursos humanos<\/span><\/a><span> no solo administra procesos. Es, o deber\u00eda ser, el \u00e1rea que cuida el coraz\u00f3n cultural de la empresa. En un contexto donde la diversidad cultural est\u00e1 m\u00e1s presente que nunca, el rol se vuelve estrat\u00e9gico.<\/span><\/p>\n<h4><b>Reclutar sin sesgos<\/b><\/h4>\n<p><span>Lo primero es mirar los procesos de selecci\u00f3n. \u00bfA qui\u00e9n se est\u00e1 atrayendo? \u00bfDesde qu\u00e9 plataformas? \u00bfC\u00f3mo se redactan las ofertas laborales? Si el lenguaje, las preguntas o los filtros reproducen sesgos, por muy inconscientes que sean, es necesario repensarlos.<\/span><\/p>\n<h4><b>Buenas pr\u00e1cticas<\/b><\/h4>\n<ul>\n<li style=\"font-weight: 400;\" aria-level=\"1\"><span>Redacci\u00f3n inclusiva en anuncios de empleo.<\/span><\/li>\n<li style=\"font-weight: 400;\" aria-level=\"1\"><a href=\"https:\/\/runahr.com\/cl\/recursos\/recursos-humanos\/entrevista\/\"><span>Entrevista<\/span><\/a><span> con pauta estandarizada.<\/span><\/li>\n<li style=\"font-weight: 400;\" aria-level=\"1\"><span>Diversidad en los equipos de reclutadores.<\/span><\/li>\n<li style=\"font-weight: 400;\" aria-level=\"1\"><span>Ampliar la b\u00fasqueda a comunidades migrantes, plataformas internacionales o redes no tradicionales.<\/span><\/li>\n<\/ul>\n<h4><b>Gestionar la comunicaci\u00f3n con mirada diversa<\/b><\/h4>\n<p><span>Lo que se dice y c\u00f3mo se dice importa. Desde la se\u00f1al\u00e9tica interna hasta los correos corporativos, todo comunica una cultura. Si se busca inclusi\u00f3n, debe verse reflejado en cada canal.<\/span><\/p>\n<h4><b>Algunas estrategias \u00fatiles:<\/b><\/h4>\n<ul>\n<li style=\"font-weight: 400;\" aria-level=\"1\"><span>Traducci\u00f3n de documentos clave para equipos multiculturales.<\/span><\/li>\n<li style=\"font-weight: 400;\" aria-level=\"1\"><span>Formaci\u00f3n en comunicaci\u00f3n intercultural.<\/span><\/li>\n<li style=\"font-weight: 400;\" aria-level=\"1\"><span>Espacios internos donde se puedan visibilizar historias diversas.<\/span><\/li>\n<li style=\"font-weight: 400;\" aria-level=\"1\"><span>Campa\u00f1as internas que pongan en valor las distintas culturas que conviven en la empresa.<\/span><\/li>\n<\/ul>\n<h4><b>Prevenir conflictos y actuar con rapidez<\/b><\/h4>\n<p><span>No esperar a que el problema estalle. Tener un protocolo activo para resolver tensiones culturales es clave para mantener un buen clima y evitar que los peque\u00f1os roces se transformen en grietas.<\/span><\/p>\n<h4><b>\u00bfQu\u00e9 ayuda?<\/b><\/h4>\n<ul>\n<li style=\"font-weight: 400;\" aria-level=\"1\"><span>Charlas abiertas y peri\u00f3dicas sobre convivencia y respeto.<\/span><\/li>\n<li style=\"font-weight: 400;\" aria-level=\"1\"><span>Canales de denuncia confidenciales y eficientes.<\/span><\/li>\n<li style=\"font-weight: 400;\" aria-level=\"1\"><span>Comit\u00e9s de diversidad que analicen e intervengan donde se necesite.<\/span><\/li>\n<li style=\"font-weight: 400;\" aria-level=\"1\"><span>Formaci\u00f3n de l\u00edderes con foco en <\/span><a href=\"https:\/\/runahr.com\/cl\/recursos\/recursos-humanos\/gestion\/\"><span>gesti\u00f3n<\/span><\/a><span> emocional e inclusi\u00f3n.<\/span><\/li>\n<\/ul>\n<h2><b>\u00bfC\u00f3mo RRHH debe actuar en caso de discriminaci\u00f3n cultural?<\/b><\/h2>\n<p><span>Cuando hay una situaci\u00f3n de discriminaci\u00f3n cultural, no hay margen para la pasividad. Recursos humanos debe actuar r\u00e1pido, con claridad y con el respaldo de toda la <\/span><a href=\"https:\/\/runahr.com\/cl\/recursos\/recursos-humanos\/estructura-organizacional\/\"><span>estructura organizacional<\/span><\/a><span>.<\/span><\/p>\n<h4><b>Acciones necesarias<\/b><\/h4>\n<ul>\n<li style=\"font-weight: 400;\" aria-level=\"1\"><span>Habilitar un canal seguro donde las personas puedan reportar sin temor a represalias.<\/span><\/li>\n<li style=\"font-weight: 400;\" aria-level=\"1\"><span>Aplicar sanciones claras y proporcionales seg\u00fan lo definido en el reglamento interno.<\/span><\/li>\n<li style=\"font-weight: 400;\" aria-level=\"1\"><span>Acompa\u00f1ar a quien fue afectado con orientaci\u00f3n, contenci\u00f3n y seguimiento.<\/span><\/li>\n<li style=\"font-weight: 400;\" aria-level=\"1\"><span>Generar instancias de reflexi\u00f3n posterior con el equipo involucrado, para evitar repetir patrones.<\/span><\/li>\n<\/ul>\n<h4><b>El papel del liderazgo en la promoci\u00f3n de la diversidad cultural<\/b><\/h4>\n<p><span>No hay inclusi\u00f3n sin l\u00edderes comprometidos. Son ellos quienes, con sus gestos y decisiones diarias, moldean la cultura real de la organizaci\u00f3n. Por eso, su rol es mucho m\u00e1s que simb\u00f3lico: es estructural.<\/span><\/p>\n<p><b>Lo que pueden (y deben) hacer<\/b><\/p>\n<ul>\n<li style=\"font-weight: 400;\" aria-level=\"1\"><span>Ser coherentes entre lo que dicen y lo que hacen.<\/span><\/li>\n<li style=\"font-weight: 400;\" aria-level=\"1\"><span>Formarse en liderazgo inclusivo y en gesti\u00f3n de equipos diversos.<\/span><\/li>\n<li style=\"font-weight: 400;\" aria-level=\"1\"><span>Visibilizar las buenas pr\u00e1cticas de inclusi\u00f3n en sus propias \u00e1reas.<\/span><\/li>\n<li style=\"font-weight: 400;\" aria-level=\"1\"><span>Celebrar y reconocer las diferencias como una fortaleza, no como una rareza.<\/span><\/li>\n<\/ul>\n<p><span>Impulsar la diversidad cultural dentro del trabajo no es un tema de apariencia ni de moda. Es una apuesta estrat\u00e9gica que toca fibras clave: desde la capacidad de innovar y el ambiente interno hasta la reputaci\u00f3n de la empresa y su proyecci\u00f3n en el tiempo. Para el \u00e1rea de recursos humanos, el verdadero desaf\u00edo est\u00e1 en dejar de tratarlo como un \u201ctema aparte\u201d y empezar a incorporarlo de forma concreta en cada proceso, en cada decisi\u00f3n y en cada rinc\u00f3n de la organizaci\u00f3n.<\/span><\/p>\n<p><span>En el contexto chileno, donde la multiculturalidad est\u00e1 cada vez m\u00e1s presente en oficinas, f\u00e1bricas, call centers y plataformas digitales, no trabajar este tema es quedarse atr\u00e1s. Y cuando se gestiona bien, los beneficios no tardan en llegar: m\u00e1s creatividad, m\u00e1s compromiso y una cultura mucho m\u00e1s s\u00f3lida.<\/span><\/p>\n<p><a href=\"https:\/\/recursos.runahr.com\/cl-guia-aprendizaje-desarrollo-equipos\"><img decoding=\"async\" class=\"alignnone size-full wp-image-1098010\" src=\"https:\/\/runahr.com\/wp-content\/uploads\/2026\/01\/CCL002.webp\" alt=\"Descargar gu\u00eda de aprendizaje y desarrollo para equipos\" width=\"2100\" height=\"830\" srcset=\"https:\/\/runahr.com\/wp-content\/uploads\/2026\/01\/CCL002.webp 2100w, https:\/\/runahr.com\/wp-content\/uploads\/2026\/01\/CCL002-300x119.webp 300w, https:\/\/runahr.com\/wp-content\/uploads\/2026\/01\/CCL002-1024x405.webp 1024w, https:\/\/runahr.com\/wp-content\/uploads\/2026\/01\/CCL002-768x304.webp 768w, https:\/\/runahr.com\/wp-content\/uploads\/2026\/01\/CCL002-1536x607.webp 1536w, https:\/\/runahr.com\/wp-content\/uploads\/2026\/01\/CCL002-2048x809.webp 2048w\" sizes=\"(max-width: 2100px) 100vw, 2100px\" \/><\/a><\/p>\n\t\t<h2 class=\"runa-faq-title\">Preguntas frecuentes<\/h2>\n\n\t\t<div class=\"runa-faq-accordion\">\n\t\t\t\t\t\t<details class=\"runa-faq-item\">\n\t\t\t\t<summary>\n\t\t\t\t\t<span>\u00bfQu\u00e9 marco legal chileno puedo considerar para pol\u00edticas de diversidad?<\/span>\n\t\t\t\t\t<i class=\"fas fa-chevron-down\" aria-hidden=\"true\"><\/i>\n\t\t\t\t<\/summary>\n\t\t\t\t<div class=\"runa-faq-content\">\n\t\t\t\t\t<p><span style=\"font-weight: 400\">Para aterrizar normas internas es \u00fatil revisar criterios publicados por la <\/span><a href=\"https:\/\/runahr.com\/cl\/recursos\/salario\/direccion-del-trabajo\/\"><span style=\"font-weight: 400\">Direcci\u00f3n del Trabajo<\/span><\/a><span style=\"font-weight: 400\"> y las disposiciones del <\/span><a href=\"https:\/\/runahr.com\/cl\/recursos\/salario\/codigo-de-trabajo\/\"><span style=\"font-weight: 400\">C\u00f3digo del Trabajo<\/span><\/a><span style=\"font-weight: 400\">, junto con lineamientos del <\/span><a href=\"https:\/\/runahr.com\/cl\/recursos\/salario\/ministerio-de-trabajo-y-prevision-social\/\"><span style=\"font-weight: 400\">Ministerio del Trabajo y Previsi\u00f3n Social<\/span><\/a><span style=\"font-weight: 400\"> sobre igualdad de oportunidades y no discriminaci\u00f3n.<\/span><\/p>\n\t\t\t\t<\/div>\n\t\t\t<\/details>\n\t\t\t\t\t\t<details class=\"runa-faq-item\">\n\t\t\t\t<summary>\n\t\t\t\t\t<span>Al contratar personas migrantes, \u00bfqu\u00e9 datos administrativos conviene ordenar?<\/span>\n\t\t\t\t\t<i class=\"fas fa-chevron-down\" aria-hidden=\"true\"><\/i>\n\t\t\t\t<\/summary>\n\t\t\t\t<div class=\"runa-faq-content\">\n\t\t\t\t\t<p><span style=\"font-weight: 400\">Es clave validar identidad y domicilio, y asegurar consistencia con el <\/span><a href=\"https:\/\/runahr.com\/cl\/recursos\/salario\/rut\/\"><span style=\"font-weight: 400\">Rol \u00danico Tributario (RUT)<\/span><\/a><span style=\"font-weight: 400\">; adem\u00e1s, ante tr\u00e1mites tributarios de alta frecuencia conviene verificar registros en el <\/span><a href=\"https:\/\/runahr.com\/cl\/recursos\/salario\/servicios-de-impuestos-internos\/\"><span style=\"font-weight: 400\">Servicio de Impuestos Internos (SII)<\/span><\/a><span style=\"font-weight: 400\">.<\/span><\/p>\n\t\t\t\t<\/div>\n\t\t\t<\/details>\n\t\t\t\t\t\t<details class=\"runa-faq-item\">\n\t\t\t\t<summary>\n\t\t\t\t\t<span>\u00bfQu\u00e9 apoyos conviene reforzar para el bienestar en equipos culturalmente diversos?<\/span>\n\t\t\t\t\t<i class=\"fas fa-chevron-down\" aria-hidden=\"true\"><\/i>\n\t\t\t\t<\/summary>\n\t\t\t\t<div class=\"runa-faq-content\">\n\t\t\t\t\t<p><span style=\"font-weight: 400\">Junto con formaci\u00f3n en sesgos y convivencia, es recomendable habilitar rutas de apoyo en <\/span><a href=\"https:\/\/runahr.com\/cl\/recursos\/recursos-humanos\/salud-mental\/\"><span style=\"font-weight: 400\">salud mental<\/span><\/a><span style=\"font-weight: 400\"> y difundir beneficios de cuidado de salud complementarios, incluyendo consulta a tu <\/span><a href=\"https:\/\/runahr.com\/cl\/recursos\/salario\/isapre\/\"><span style=\"font-weight: 400\">Instituci\u00f3n de Salud Previsional (Isapre)<\/span><\/a><span style=\"font-weight: 400\"> cuando corresponda.<\/span><\/p>\n\t\t\t\t<\/div>\n\t\t\t<\/details>\n\t\t\t\t\t\t<details class=\"runa-faq-item\">\n\t\t\t\t<summary>\n\t\t\t\t\t<span>\u00bfQu\u00e9 cl\u00e1usulas ayudan a dar certezas en equipos diversos?<\/span>\n\t\t\t\t\t<i class=\"fas fa-chevron-down\" aria-hidden=\"true\"><\/i>\n\t\t\t\t<\/summary>\n\t\t\t\t<div class=\"runa-faq-content\">\n\t\t\t\t\t<p><span style=\"font-weight: 400\">Es buena pr\u00e1ctica que el <\/span><a href=\"https:\/\/runahr.com\/cl\/recursos\/recursos-humanos\/contrato-de-trabajo\/\"><span style=\"font-weight: 400\">contrato de trabajo<\/span><\/a><span style=\"font-weight: 400\"> y anexos reflejen pol\u00edticas anti discriminaci\u00f3n, canales de denuncia y medidas de protecci\u00f3n, as\u00ed como reglas claras sobre <\/span><a href=\"https:\/\/runahr.com\/cl\/recursos\/recursos-humanos\/jornada-laboral\/\"><span style=\"font-weight: 400\">jornada laboral<\/span><\/a><span style=\"font-weight: 400\"> y flexibilidad.<\/span><\/p>\n\t\t\t\t<\/div>\n\t\t\t<\/details>\n\t\t\t\t\t\t<details class=\"runa-faq-item\">\n\t\t\t\t<summary>\n\t\t\t\t\t<span>\u00bfQu\u00e9 instituciones orientan en seguridad y prevenci\u00f3n laboral?<\/span>\n\t\t\t\t\t<i class=\"fas fa-chevron-down\" aria-hidden=\"true\"><\/i>\n\t\t\t\t<\/summary>\n\t\t\t\t<div class=\"runa-faq-content\">\n\t\t\t\t\t<p><span style=\"font-weight: 400\">Ante dudas sobre protecci\u00f3n social y resguardo en el trabajo, puedes consultar criterios de la <\/span><a href=\"https:\/\/runahr.com\/cl\/recursos\/salario\/superintendencia-de-seguridad-social\/\"><span style=\"font-weight: 400\">Superintendencia de Seguridad Social (SUSESO)<\/span><\/a><span style=\"font-weight: 400\"> y lineamientos del <\/span><a href=\"https:\/\/runahr.com\/cl\/recursos\/salario\/isl\/\"><span style=\"font-weight: 400\">Instituto de Seguridad Laboral (ISL)<\/span><\/a><span style=\"font-weight: 400\"> para contextos de riesgo.<\/span><\/p>\n\t\t\t\t<\/div>\n\t\t\t<\/details>\n\t\t\t\t\t\t<details class=\"runa-faq-item\">\n\t\t\t\t<summary>\n\t\t\t\t\t<span>\u00bfC\u00f3mo considerar vacaciones y modalidades flexibles en equipos multiculturales?<\/span>\n\t\t\t\t\t<i class=\"fas fa-chevron-down\" aria-hidden=\"true\"><\/i>\n\t\t\t\t<\/summary>\n\t\t\t\t<div class=\"runa-faq-content\">\n\t\t\t\t\t<p><span style=\"font-weight: 400\">Planificar con anticipaci\u00f3n y respetar feriados o festividades diversas ayuda a la integraci\u00f3n; coordina solicitudes de <\/span><a href=\"https:\/\/runahr.com\/cl\/recursos\/beneficios\/vacaciones\/\"><span style=\"font-weight: 400\">vacaciones<\/span><\/a><span style=\"font-weight: 400\"> y eval\u00faa esquemas de <\/span><a href=\"https:\/\/runahr.com\/cl\/recursos\/beneficios\/trabajo-remoto\/\"><span style=\"font-weight: 400\">trabajo remoto<\/span><\/a><span style=\"font-weight: 400\"> cuando favorezcan conciliaci\u00f3n y pertenencia.<\/span><\/p>\n\t\t\t\t<\/div>\n\t\t\t<\/details>\n\t\t\t\t\t\t<details class=\"runa-faq-item\">\n\t\t\t\t<summary>\n\t\t\t\t\t<span>\u00bfQu\u00e9 mirar para asegurar equidad retributiva en equipos diversos?<\/span>\n\t\t\t\t\t<i class=\"fas fa-chevron-down\" aria-hidden=\"true\"><\/i>\n\t\t\t\t<\/summary>\n\t\t\t\t<div class=\"runa-faq-content\">\n\t\t\t\t\t<p><span style=\"font-weight: 400\">Auditar bandas, beneficios y ajustes por rol ayuda a detectar brechas; revisar peri\u00f3dicamente la estructura de <\/span><a href=\"https:\/\/runahr.com\/cl\/recursos\/salario\/nomina\/\"><span style=\"font-weight: 400\">n\u00f3mina<\/span><\/a><span style=\"font-weight: 400\"> y la consistencia de <\/span><a href=\"https:\/\/runahr.com\/cl\/recursos\/salario\/salario\/\"><span style=\"font-weight: 400\">salario<\/span><\/a><span style=\"font-weight: 400\"> por responsabilidades mantiene transparencia y confianza.<\/span><\/p>\n\t\t\t\t<\/div>\n\t\t\t<\/details>\n\t\t\t\t\t<\/div>\n\n\t\t<script>\n\t\t(function() {\n\t\t\tdocument.addEventListener('DOMContentLoaded', function() {\n\t\t\t\tvar items = document.querySelectorAll('.runa-faq-accordion details');\n\t\t\t\titems.forEach(function(target) {\n\t\t\t\t\ttarget.addEventListener('toggle', function() {\n\t\t\t\t\t\tif (target.open) {\n\t\t\t\t\t\t\titems.forEach(function(other) {\n\t\t\t\t\t\t\t\tif (other !== target && other.open) other.open = false;\n\t\t\t\t\t\t\t});\n\t\t\t\t\t\t}\n\t\t\t\t\t});\n\t\t\t\t});\n\t\t\t});\n\t\t})();\n\t\t<\/script>\n\t\t\n","protected":false},"excerpt":{"rendered":"<p>Hoy, la diversidad cultural dej\u00f3 de ser un adorno o una moda pasajera. En la realidad chilena, se vive a diario: la llegada de nuevas comunidades migrantes, la mayor presencia de pueblos originarios en el debate p\u00fablico y un mercado laboral que cruza fronteras a toda velocidad han puesto este tema en el centro de [&hellip;]<\/p>\n","protected":false},"author":100,"featured_media":1105079,"comment_status":"closed","ping_status":"closed","sticky":false,"template":"","format":"standard","meta":{"_acf_changed":false,"_wp_applaud_exclude":false,"footnotes":""},"categories":[1606,1587],"tags":[1596,1783],"class_list":["post-1105078","post","type-post","status-publish","format-standard","has-post-thumbnail","hentry","category-recursos","category-recursos-humanos","tag-articulo-cl","tag-recursos-humanos-4"],"acf":[],"yoast_head":"<!-- This site is optimized with the Yoast SEO Premium plugin v26.1 (Yoast SEO v27.4) - https:\/\/yoast.com\/product\/yoast-seo-premium-wordpress\/ -->\n<title>Diversidad cultural: \u00bfQu\u00e9 es? \u00bfCu\u00e1l es su importancia? | CL | Runa HR<\/title>\n<meta name=\"description\" content=\"Conoce c\u00f3mo la diversidad cultural en Chile enriquece su sociedad, los desaf\u00edos que enfrenta y las iniciativas para promover la integraci\u00f3n y el respeto entre todas las comunidades.\" \/>\n<meta name=\"robots\" content=\"index, follow, max-snippet:-1, max-image-preview:large, max-video-preview:-1\" \/>\n<link rel=\"canonical\" href=\"https:\/\/runahr.com\/cl\/recursos\/recursos-humanos\/diversidad-cultural\/\" \/>\n<meta property=\"og:locale\" content=\"es_ES\" \/>\n<meta property=\"og:type\" content=\"article\" \/>\n<meta property=\"og:title\" content=\"Diversidad cultural: \u00bfQu\u00e9 es? \u00bfCu\u00e1l es su importancia? | CL | Runa HR\" \/>\n<meta property=\"og:description\" content=\"Conoce c\u00f3mo la diversidad cultural en Chile enriquece su sociedad, los desaf\u00edos que enfrenta y las iniciativas para promover la integraci\u00f3n y el respeto entre todas las comunidades.\" \/>\n<meta property=\"og:url\" content=\"https:\/\/runahr.com\/cl\/recursos\/recursos-humanos\/diversidad-cultural\/\" \/>\n<meta property=\"og:site_name\" content=\"Runa HR\" \/>\n<meta property=\"article:publisher\" content=\"https:\/\/www.facebook.com\/runahr\/\" \/>\n<meta property=\"article:published_time\" content=\"2026-03-03T12:37:20+00:00\" \/>\n<meta property=\"article:modified_time\" content=\"2026-04-23T15:08:43+00:00\" \/>\n<meta property=\"og:image\" content=\"https:\/\/runahr.com\/wp-content\/uploads\/2026\/03\/Diversidad-cultural.webp\" \/>\n\t<meta property=\"og:image:width\" content=\"2048\" \/>\n\t<meta property=\"og:image:height\" content=\"827\" \/>\n\t<meta property=\"og:image:type\" content=\"image\/webp\" \/>\n<meta name=\"author\" content=\"Edgar Padilla\" \/>\n<meta name=\"twitter:card\" content=\"summary_large_image\" \/>\n<meta name=\"twitter:creator\" content=\"@runahr\" \/>\n<meta name=\"twitter:site\" content=\"@runahr\" \/>\n<meta name=\"twitter:label1\" content=\"Escrito por\" \/>\n\t<meta name=\"twitter:data1\" content=\"Edgar Padilla\" \/>\n\t<meta name=\"twitter:label2\" content=\"Tiempo estimado de lectura\" \/>\n\t<meta name=\"twitter:data2\" content=\"13 minutos\" \/>\n<!-- \/ Yoast SEO Premium plugin. -->","yoast_head_json":{"title":"Diversidad cultural: \u00bfQu\u00e9 es? \u00bfCu\u00e1l es su importancia? | CL | Runa HR","description":"Conoce c\u00f3mo la diversidad cultural en Chile enriquece su sociedad, los desaf\u00edos que enfrenta y las iniciativas para promover la integraci\u00f3n y el respeto entre todas las comunidades.","robots":{"index":"index","follow":"follow","max-snippet":"max-snippet:-1","max-image-preview":"max-image-preview:large","max-video-preview":"max-video-preview:-1"},"canonical":"https:\/\/runahr.com\/cl\/recursos\/recursos-humanos\/diversidad-cultural\/","og_locale":"es_ES","og_type":"article","og_title":"Diversidad cultural: \u00bfQu\u00e9 es? \u00bfCu\u00e1l es su importancia? | CL | Runa HR","og_description":"Conoce c\u00f3mo la diversidad cultural en Chile enriquece su sociedad, los desaf\u00edos que enfrenta y las iniciativas para promover la integraci\u00f3n y el respeto entre todas las comunidades.","og_url":"https:\/\/runahr.com\/cl\/recursos\/recursos-humanos\/diversidad-cultural\/","og_site_name":"Runa HR","article_publisher":"https:\/\/www.facebook.com\/runahr\/","article_published_time":"2026-03-03T12:37:20+00:00","article_modified_time":"2026-04-23T15:08:43+00:00","og_image":[{"width":2048,"height":827,"url":"https:\/\/runahr.com\/wp-content\/uploads\/2026\/03\/Diversidad-cultural.webp","type":"image\/webp"}],"author":"Edgar Padilla","twitter_card":"summary_large_image","twitter_creator":"@runahr","twitter_site":"@runahr","twitter_misc":{"Escrito por":"Edgar Padilla","Tiempo estimado de lectura":"13 minutos"},"schema":{"@context":"https:\/\/schema.org","@graph":[{"@type":"Article","@id":"https:\/\/runahr.com\/cl\/recursos\/recursos-humanos\/diversidad-cultural\/#article","isPartOf":{"@id":"https:\/\/runahr.com\/cl\/recursos\/recursos-humanos\/diversidad-cultural\/"},"author":{"name":"Edgar Padilla","@id":"https:\/\/runahr.com\/cl\/#\/schema\/person\/3739dc18365f82019e4c8b5a13aad319"},"headline":"Diversidad cultural: \u00bfQu\u00e9 es? \u00bfCu\u00e1l es su importancia?","datePublished":"2026-03-03T12:37:20+00:00","dateModified":"2026-04-23T15:08:43+00:00","mainEntityOfPage":{"@id":"https:\/\/runahr.com\/cl\/recursos\/recursos-humanos\/diversidad-cultural\/"},"wordCount":2672,"publisher":{"@id":"https:\/\/runahr.com\/cl\/#organization"},"image":{"@id":"https:\/\/runahr.com\/cl\/recursos\/recursos-humanos\/diversidad-cultural\/#primaryimage"},"thumbnailUrl":"https:\/\/runahr.com\/wp-content\/uploads\/2026\/03\/Diversidad-cultural.webp","keywords":["Art\u00edculo","Recursos humanos"],"articleSection":["Recursos","Recursos humanos"],"inLanguage":"es-CL"},{"@type":"WebPage","@id":"https:\/\/runahr.com\/cl\/recursos\/recursos-humanos\/diversidad-cultural\/","url":"https:\/\/runahr.com\/cl\/recursos\/recursos-humanos\/diversidad-cultural\/","name":"Diversidad cultural: \u00bfQu\u00e9 es? \u00bfCu\u00e1l es su importancia? | CL | Runa HR","isPartOf":{"@id":"https:\/\/runahr.com\/cl\/#website"},"primaryImageOfPage":{"@id":"https:\/\/runahr.com\/cl\/recursos\/recursos-humanos\/diversidad-cultural\/#primaryimage"},"image":{"@id":"https:\/\/runahr.com\/cl\/recursos\/recursos-humanos\/diversidad-cultural\/#primaryimage"},"thumbnailUrl":"https:\/\/runahr.com\/wp-content\/uploads\/2026\/03\/Diversidad-cultural.webp","datePublished":"2026-03-03T12:37:20+00:00","dateModified":"2026-04-23T15:08:43+00:00","description":"Conoce c\u00f3mo la diversidad cultural en Chile enriquece su sociedad, los desaf\u00edos que enfrenta y las iniciativas para promover la integraci\u00f3n y el respeto entre todas las comunidades.","breadcrumb":{"@id":"https:\/\/runahr.com\/cl\/recursos\/recursos-humanos\/diversidad-cultural\/#breadcrumb"},"inLanguage":"es-CL","potentialAction":[{"@type":"ReadAction","target":["https:\/\/runahr.com\/cl\/recursos\/recursos-humanos\/diversidad-cultural\/"]}]},{"@type":"ImageObject","inLanguage":"es-CL","@id":"https:\/\/runahr.com\/cl\/recursos\/recursos-humanos\/diversidad-cultural\/#primaryimage","url":"https:\/\/runahr.com\/wp-content\/uploads\/2026\/03\/Diversidad-cultural.webp","contentUrl":"https:\/\/runahr.com\/wp-content\/uploads\/2026\/03\/Diversidad-cultural.webp","width":2048,"height":827,"caption":"Diversidad cultural"},{"@type":"BreadcrumbList","@id":"https:\/\/runahr.com\/cl\/recursos\/recursos-humanos\/diversidad-cultural\/#breadcrumb","itemListElement":[{"@type":"ListItem","position":1,"name":"Home","item":"https:\/\/runahr.com\/cl\/"},{"@type":"ListItem","position":2,"name":"Recursos","item":"https:\/\/runahr.com\/cl\/category\/recursos\/"},{"@type":"ListItem","position":3,"name":"Recursos humanos","item":"https:\/\/runahr.com\/cl\/category\/recursos\/recursos-humanos\/"},{"@type":"ListItem","position":4,"name":"Diversidad cultural: \u00bfQu\u00e9 es? \u00bfCu\u00e1l es su importancia?"}]},{"@type":"WebSite","@id":"https:\/\/runahr.com\/cl\/#website","url":"https:\/\/runahr.com\/cl\/","name":"Runa HR","description":"Software de N\u00f3mina y Gesti\u00f3n de RRHH","publisher":{"@id":"https:\/\/runahr.com\/cl\/#organization"},"potentialAction":[{"@type":"SearchAction","target":{"@type":"EntryPoint","urlTemplate":"https:\/\/runahr.com\/cl\/?s={search_term_string}"},"query-input":{"@type":"PropertyValueSpecification","valueRequired":true,"valueName":"search_term_string"}}],"inLanguage":"es-CL"},{"@type":"Organization","@id":"https:\/\/runahr.com\/cl\/#organization","name":"Runa HR","url":"https:\/\/runahr.com\/cl\/","logo":{"@type":"ImageObject","inLanguage":"es-CL","@id":"https:\/\/runahr.com\/cl\/#\/schema\/logo\/image\/","url":"https:\/\/runahr.com\/wp-content\/uploads\/2018\/05\/xDzHFcQY_400x400.jpg","contentUrl":"https:\/\/runahr.com\/wp-content\/uploads\/2018\/05\/xDzHFcQY_400x400.jpg","width":400,"height":400,"caption":"Runa HR"},"image":{"@id":"https:\/\/runahr.com\/cl\/#\/schema\/logo\/image\/"},"sameAs":["https:\/\/www.facebook.com\/runahr\/","https:\/\/x.com\/runahr","https:\/\/www.instagram.com\/runahr\/","https:\/\/mx.linkedin.com\/company\/runahr","https:\/\/www.youtube.com\/channel\/UCAZ21FupFMLIb1c7PPaU6Ew"]},{"@type":"Person","@id":"https:\/\/runahr.com\/cl\/#\/schema\/person\/3739dc18365f82019e4c8b5a13aad319","name":"Edgar Padilla","image":{"@type":"ImageObject","inLanguage":"es-CL","@id":"https:\/\/secure.gravatar.com\/avatar\/8e8620f0f4a0cdfb4cecfa7df33d7ed05425d393e77f8cf0fc159df2427558f6?s=96&d=mm&r=g","url":"https:\/\/secure.gravatar.com\/avatar\/8e8620f0f4a0cdfb4cecfa7df33d7ed05425d393e77f8cf0fc159df2427558f6?s=96&d=mm&r=g","contentUrl":"https:\/\/secure.gravatar.com\/avatar\/8e8620f0f4a0cdfb4cecfa7df33d7ed05425d393e77f8cf0fc159df2427558f6?s=96&d=mm&r=g","caption":"Edgar Padilla"},"url":"https:\/\/runahr.com\/cl\/author\/edgar_padilla\/"}]}},"_links":{"self":[{"href":"https:\/\/runahr.com\/cl\/wp-json\/wp\/v2\/posts\/1105078","targetHints":{"allow":["GET"]}}],"collection":[{"href":"https:\/\/runahr.com\/cl\/wp-json\/wp\/v2\/posts"}],"about":[{"href":"https:\/\/runahr.com\/cl\/wp-json\/wp\/v2\/types\/post"}],"author":[{"embeddable":true,"href":"https:\/\/runahr.com\/cl\/wp-json\/wp\/v2\/users\/100"}],"replies":[{"embeddable":true,"href":"https:\/\/runahr.com\/cl\/wp-json\/wp\/v2\/comments?post=1105078"}],"version-history":[{"count":2,"href":"https:\/\/runahr.com\/cl\/wp-json\/wp\/v2\/posts\/1105078\/revisions"}],"predecessor-version":[{"id":1113960,"href":"https:\/\/runahr.com\/cl\/wp-json\/wp\/v2\/posts\/1105078\/revisions\/1113960"}],"wp:featuredmedia":[{"embeddable":true,"href":"https:\/\/runahr.com\/cl\/wp-json\/wp\/v2\/media\/1105079"}],"wp:attachment":[{"href":"https:\/\/runahr.com\/cl\/wp-json\/wp\/v2\/media?parent=1105078"}],"wp:term":[{"taxonomy":"category","embeddable":true,"href":"https:\/\/runahr.com\/cl\/wp-json\/wp\/v2\/categories?post=1105078"},{"taxonomy":"post_tag","embeddable":true,"href":"https:\/\/runahr.com\/cl\/wp-json\/wp\/v2\/tags?post=1105078"}],"curies":[{"name":"wp","href":"https:\/\/api.w.org\/{rel}","templated":true}]}}