{"id":1105740,"date":"2026-03-05T16:52:20","date_gmt":"2026-03-05T22:52:20","guid":{"rendered":"https:\/\/runahr.com\/?p=1105740"},"modified":"2026-04-23T09:35:29","modified_gmt":"2026-04-23T15:35:29","slug":"accidente-laboral","status":"publish","type":"post","link":"https:\/\/runahr.com\/cl\/recursos\/recursos-humanos\/accidente-laboral\/","title":{"rendered":"Accidente laboral: \u00bfCu\u00e1les son las causas? \u00bfQu\u00e9 consecuencias tiene?"},"content":{"rendered":"<p><span>Hablar de un accidente laboral no es solo referirse a un hecho puntual que ocurre en el trabajo. Es, en muchos casos, abrir la puerta a un proceso complejo que involucra personas, salud, seguridad y tambi\u00e9n <\/span><a href=\"https:\/\/runahr.com\/cl\/recursos\/recursos-humanos\/gestion\/\"><span>gesti\u00f3n<\/span><\/a><span>. En Chile, cuando ocurre una situaci\u00f3n de este tipo, el d\u00eda a d\u00eda de quienes la enfrentan se desordena al tiro y, de paso, se resienten tanto la operaci\u00f3n como el \u00e1nimo dentro de la <\/span><a href=\"https:\/\/runahr.com\/cl\/recursos\/recursos-humanos\/empresa\/\"><span>empresa<\/span><\/a><span>; basta un caso para que la rutina cambie y el <\/span><a href=\"https:\/\/runahr.com\/cl\/recursos\/recursos-humanos\/clima-laboral\/\"><span>clima laboral<\/span><\/a><span> se ponga tenso.<\/span><\/p>\n<p><span>Desde la vereda de RRHH, hacerse cargo de la prevenci\u00f3n no es solo \u201ccumplir con la norma\u201d. Implica sembrar la seguridad en la pr\u00e1ctica cotidiana, hasta que forme parte natural del trabajo. Ah\u00ed es donde se mezclan, sin exagerar, la estrategia del negocio, la imagen que proyecta la compa\u00f1\u00eda y el compromiso real con la gente que sostiene la operaci\u00f3n.<\/span><\/p>\n<p><span>Con ese norte, este texto pretende servir de br\u00fajula sobre el accidente laboral en el contexto chileno: revisaremos qu\u00e9 significa, cu\u00e1ntas caras puede tener, c\u00f3mo se puede anticipar y cu\u00e1les son las exigencias legales que, por ning\u00fan motivo, conviene pasar por alto.<\/span><\/p>\n<h2><b>\u00bfQu\u00e9 es un accidente laboral en Chile?<\/b><\/h2>\n<p><span>En t\u00e9rminos legales, el accidente laboral est\u00e1 definido por la Ley 16.744 como cualquier lesi\u00f3n que sufra un <\/span><a href=\"https:\/\/runahr.com\/cl\/recursos\/recursos-humanos\/trabajador\/\"><span>trabajador<\/span><\/a><span> a causa o con ocasi\u00f3n del <\/span><a href=\"https:\/\/runahr.com\/cl\/recursos\/salario\/trabajo\/\"><span>trabajo<\/span><\/a><span> y que le produzca incapacidad o incluso la muerte. La ley no deja espacio para la ambig\u00fcedad: tiene que haber una relaci\u00f3n directa entre el trabajo y el da\u00f1o.<\/span><\/p>\n<h4><b>Tres claves para que sea considerado accidente laboral:<\/b><\/h4>\n<ul>\n<li style=\"font-weight: 400;\" aria-level=\"1\"><b>Debe existir una lesi\u00f3n o enfermedad<\/b><span>: Ya sea f\u00edsica, emocional o una patolog\u00eda adquirida en el marco de la actividad laboral.<\/span><\/li>\n<li style=\"font-weight: 400;\" aria-level=\"1\"><b>Tiene que haber un v\u00ednculo con el trabajo<\/b><span>: El incidente debe haber ocurrido durante la <\/span><a href=\"https:\/\/runahr.com\/cl\/recursos\/recursos-humanos\/jornada-laboral\/\"><span>jornada laboral<\/span><\/a><span> o en tareas relacionadas directamente con el cargo.<\/span><\/li>\n<li style=\"font-weight: 400;\" aria-level=\"1\"><b>El evento debe ser repentino<\/b><span>: A diferencia de las enfermedades profesionales, ac\u00e1 hablamos de algo que ocurre en el momento, sin un proceso acumulativo previo.<\/span><\/li>\n<\/ul>\n<p><span>Ahora bien, no hay que confundir peras con manzanas. Una enfermedad profesional se va gestando en el tiempo, producto de exposiciones continuas a factores como el ruido o sustancias peligrosas. En cambio, el accidente laboral aparece de golpe.<\/span><\/p>\n<p><span>Y cuando se revisan los datos del <\/span><a href=\"https:\/\/runahr.com\/cl\/recursos\/salario\/isl\/\"><span>Instituto de Seguridad Laboral (ISL)<\/span><\/a><span>, aparecen patrones claros: miner\u00eda, construcci\u00f3n y manufactura lideran el n\u00famero de incidentes. Las fracturas, contusiones y cortes (en muchos casos por falta de equipos o <\/span><a href=\"https:\/\/runahr.com\/cl\/recursos\/recursos-humanos\/capacitacion\/\"><span>capacitaci\u00f3n<\/span><\/a><span>) son pan de cada d\u00eda en esos sectores.<\/span><\/p>\n<p><a href=\"https:\/\/recursos.runahr.com\/cl-kit-recurso-humanos\"><img fetchpriority=\"high\" decoding=\"async\" class=\"alignnone size-full wp-image-1098173\" src=\"https:\/\/runahr.com\/wp-content\/uploads\/2026\/01\/CCL033.webp\" alt=\"Descargar KIT de recursos humanos\" width=\"1940\" height=\"764\" srcset=\"https:\/\/runahr.com\/wp-content\/uploads\/2026\/01\/CCL033.webp 1940w, https:\/\/runahr.com\/wp-content\/uploads\/2026\/01\/CCL033-300x118.webp 300w, https:\/\/runahr.com\/wp-content\/uploads\/2026\/01\/CCL033-1024x403.webp 1024w, https:\/\/runahr.com\/wp-content\/uploads\/2026\/01\/CCL033-768x302.webp 768w, https:\/\/runahr.com\/wp-content\/uploads\/2026\/01\/CCL033-1536x605.webp 1536w\" sizes=\"(max-width: 1940px) 100vw, 1940px\" \/><\/a><\/p>\n<h2><b>\u00bfQu\u00e9 tipos de accidentes laborales pueden suceder?<\/b><\/h2>\n<p><span>El universo de accidentes laborales es amplio y diverso, y entender sus formas ayuda a dise\u00f1ar pol\u00edticas preventivas m\u00e1s ajustadas a la realidad de cada empresa.<\/span><\/p>\n<h4><b>Seg\u00fan la gravedad del accidente<\/b><\/h4>\n<ul>\n<li style=\"font-weight: 400;\" aria-level=\"1\"><b>Leves<\/b><span>: Interrumpen poco la actividad laboral y suelen requerir atenci\u00f3n ambulatoria.<\/span><\/li>\n<li style=\"font-weight: 400;\" aria-level=\"1\"><b>Graves<\/b><span>: Generan incapacidad parcial o total por un tiempo, muchas veces implicando hospitalizaci\u00f3n.<\/span><\/li>\n<li style=\"font-weight: 400;\" aria-level=\"1\"><b>Fatales<\/b><span>: El desenlace m\u00e1s cr\u00edtico, con la p\u00e9rdida de la vida del trabajador y repercusiones legales, humanas y econ\u00f3micas profundas.<\/span><\/li>\n<\/ul>\n<h4><b>Seg\u00fan el tipo de evento o causa<\/b><\/h4>\n<ul>\n<li style=\"font-weight: 400;\" aria-level=\"1\"><b>Atrapamiento<\/b><span>: Por lo general, ocurre al operar maquinaria sin resguardos adecuados.<\/span><\/li>\n<li style=\"font-weight: 400;\" aria-level=\"1\"><b>Ca\u00eddas de altura<\/b><span>: Habituales en obras o faenas mineras, donde las protecciones no siempre se respetan.<\/span><\/li>\n<li style=\"font-weight: 400;\" aria-level=\"1\"><b>Ca\u00eddas al mismo nivel<\/b><span>: Desde una simple resbalada en una oficina hasta un tropiezo en una bodega.<\/span><\/li>\n<li style=\"font-weight: 400;\" aria-level=\"1\"><b>Contacto el\u00e9ctrico<\/b><span>: Instalaciones defectuosas o manejo incorrecto de equipos pueden derivar en electrocuciones.<\/span><\/li>\n<li style=\"font-weight: 400;\" aria-level=\"1\"><b>Exposici\u00f3n a sustancias peligrosas<\/b><span>: Algo com\u00fan cuando no hay protocolos para manejar productos qu\u00edmicos.<\/span><\/li>\n<li style=\"font-weight: 400;\" aria-level=\"1\"><b>Incendios<\/b><span>: Relacionados con mal almacenamiento o falta de mantenimiento.<\/span><\/li>\n<li style=\"font-weight: 400;\" aria-level=\"1\"><b>Sobreesfuerzo<\/b><span>: Dolencias musculares cr\u00f3nicas por malas posturas o cargas excesivas.<\/span><\/li>\n<li style=\"font-weight: 400;\" aria-level=\"1\"><b>Accidentes de tr\u00e1fico<\/b><span>: En trayectos laborales, tanto dentro como fuera de la empresa.<\/span><\/li>\n<\/ul>\n<p><span>Cada rubro tiene sus propios fantasmas. En miner\u00eda abundan las ca\u00eddas y atrapamientos; en construcci\u00f3n, el riesgo est\u00e1 en los objetos que caen y los productos qu\u00edmicos; en servicios, lo m\u00e1s com\u00fan es el sobreesfuerzo o las ca\u00eddas simples.<\/span><\/p>\n<p><span>Para las organizaciones, esto las empuja a dejar el est\u00e1ndar gen\u00e9rico y a dise\u00f1ar la prevenci\u00f3n a la medida de su realidad productiva: su rubro, sus procesos y sus riesgos.<\/span><\/p>\n<p><b>\u00bfCu\u00e1les son las causas de los accidentes laborales?<\/b><\/p>\n<p><span>Entender qu\u00e9 hay detr\u00e1s de cada accidente laboral es clave si la intenci\u00f3n es prevenir de verdad y no s\u00f3lo reaccionar cuando ya es tarde.<\/span><\/p>\n<h4><b>Factores humanos<\/b><\/h4>\n<ul>\n<li style=\"font-weight: 400;\" aria-level=\"1\"><span>Conductas imprudentes o negligentes.<\/span><\/li>\n<li style=\"font-weight: 400;\" aria-level=\"1\"><span>Falta de formaci\u00f3n o entrenamiento en tareas de riesgo.<\/span><\/li>\n<li style=\"font-weight: 400;\" aria-level=\"1\"><span>Fatiga acumulada o <\/span><a href=\"https:\/\/runahr.com\/cl\/recursos\/recursos-humanos\/estres-laboral\/\"><span>estr\u00e9s laboral<\/span><\/a><span>.<\/span><\/li>\n<li style=\"font-weight: 400;\" aria-level=\"1\"><span>Actos inseguros, como no usar el equipo de protecci\u00f3n o saltarse procedimientos.<\/span><\/li>\n<\/ul>\n<h4><b>Factores materiales<\/b><\/h4>\n<ul>\n<li style=\"font-weight: 400;\" aria-level=\"1\"><span>Equipos en mal estado o instalaciones defectuosas.<\/span><\/li>\n<li style=\"font-weight: 400;\" aria-level=\"1\"><a href=\"https:\/\/runahr.com\/cl\/recursos\/recursos-humanos\/ausencia\/\"><span>Ausencia<\/span><\/a><span> de elementos de seguridad adecuados.<\/span><\/li>\n<li style=\"font-weight: 400;\" aria-level=\"1\"><span>Puestos de trabajo mal dise\u00f1ados o poco ergon\u00f3micos.<\/span><\/li>\n<\/ul>\n<h4><b>Seg\u00fan factores organizacionales<\/b><\/h4>\n<ul>\n<li style=\"font-weight: 400;\" aria-level=\"1\"><span>Falta de protocolos claros en seguridad.<\/span><\/li>\n<li style=\"font-weight: 400;\" aria-level=\"1\"><span>Supervisi\u00f3n d\u00e9bil o inexistente.<\/span><\/li>\n<li style=\"font-weight: 400;\" aria-level=\"1\"><span>Exigencias laborales que presionan m\u00e1s all\u00e1 de lo razonable.<\/span><\/li>\n<li style=\"font-weight: 400;\" aria-level=\"1\"><a href=\"https:\/\/runahr.com\/cl\/recursos\/recursos-humanos\/cultura-organizacional\/\"><span>Cultura organizacional<\/span><\/a><span> que minimiza los riesgos o naturaliza el peligro.<\/span><\/li>\n<\/ul>\n<h4><b>Factores externos<\/b><\/h4>\n<ul>\n<li style=\"font-weight: 400;\" aria-level=\"1\"><span>Condiciones clim\u00e1ticas adversas.<\/span><\/li>\n<li style=\"font-weight: 400;\" aria-level=\"1\"><span>Factores ambientales, como contaminaci\u00f3n o ruido extremo.<\/span><\/li>\n<\/ul>\n<p><span>Desde RRHH, tener mapeadas estas causas permite ajustar la estrategia preventiva con m\u00e1s foco y menos burocracia.<\/span><\/p>\n<h2><b>\u00bfCu\u00e1les son las consecuencias de los accidentes laborales?<\/b><\/h2>\n<p><span>Cuando ocurre un accidente laboral, sus efectos trascienden con creces la camilla de primeros auxilios. Repercute en lo emocional, lo econ\u00f3mico, lo legal y lo reputacional. Tanto para el trabajador como para la empresa.<\/span><\/p>\n<h4><b>Para el trabajador<\/b><\/h4>\n<ul>\n<li style=\"font-weight: 400;\" aria-level=\"1\"><span>Dolencias f\u00edsicas que pueden ir desde lesiones menores hasta discapacidades permanentes.<\/span><\/li>\n<li style=\"font-weight: 400;\" aria-level=\"1\"><span>Dolor emocional o mental, con cuadros de estr\u00e9s o ansiedad.<\/span><\/li>\n<li style=\"font-weight: 400;\" aria-level=\"1\"><span>P\u00e9rdidas econ\u00f3micas si hay baja m\u00e9dica o dificultades para reinsertarse.<\/span><\/li>\n<li style=\"font-weight: 400;\" aria-level=\"1\"><span>Cambios dr\u00e1sticos en su vida familiar o entorno social.<\/span><\/li>\n<\/ul>\n<h4><b>Para la empresa<\/b><\/h4>\n<ul>\n<li style=\"font-weight: 400;\" aria-level=\"1\"><span>Bajos niveles de productividad por la ausencia del trabajador o por el clima que genera el incidente.<\/span><\/li>\n<li style=\"font-weight: 400;\" aria-level=\"1\"><span>Da\u00f1os a equipos o instalaciones.<\/span><\/li>\n<li style=\"font-weight: 400;\" aria-level=\"1\"><span>Costos asociados a investigaciones, multas o reparaciones.<\/span><\/li>\n<li style=\"font-weight: 400;\" aria-level=\"1\"><span>Alza en las cotizaciones de la seguridad social.<\/span><\/li>\n<li style=\"font-weight: 400;\" aria-level=\"1\"><span>Riesgos legales si se demuestra negligencia.<\/span><\/li>\n<li style=\"font-weight: 400;\" aria-level=\"1\"><span>Deterioro de la imagen institucional o marca empleadora.<\/span><\/li>\n<li style=\"font-weight: 400;\" aria-level=\"1\"><span>Fuga de talento si se instala un clima de inseguridad laboral.<\/span><\/li>\n<\/ul>\n<p><span>Para las compa\u00f1\u00edas que aspiran a ser sostenibles en el tiempo, minimizar estos efectos deber\u00eda ser una prioridad estrat\u00e9gica.<\/span><\/p>\n<p><b>\u00bfCu\u00e1l es el impacto de los accidentes laborales en la econom\u00eda chilena?<\/b><\/p>\n<p><span>M\u00e1s all\u00e1 de lo que se paga por prestaciones m\u00e9dicas o alg\u00fan <\/span><a href=\"https:\/\/runahr.com\/cl\/recursos\/salario\/subsidio\/\"><span>subsidio<\/span><\/a><span>, un accidente laboral mueve la aguja en la econom\u00eda nacional. El sistema p\u00fablico y privado absorben costos por rehabilitaci\u00f3n, <\/span><a href=\"https:\/\/runahr.com\/cl\/recursos\/salario\/indemnizacion\/\"><span>indemnizaci\u00f3n<\/span><\/a><span> o <\/span><a href=\"https:\/\/runahr.com\/cl\/recursos\/salario\/reubicacion\/\"><span>reubicaci\u00f3n<\/span><\/a><span> laboral. Y por el otro lado, se pierden horas productivas, know-how, y en algunos casos, inversiones completas.<\/span><\/p>\n<p><span>Las empresas (sobre todo las PYMES) pueden enfrentar un desequilibrio financiero importante tras uno de estos eventos. Por eso, prevenir no es un lujo ni una medida opcional: es una decisi\u00f3n econ\u00f3mica racional.<\/span><\/p>\n<h2><b>\u00bfCu\u00e1l es el marco legal y normativo sobre accidentes laborales en Chile?<\/b><\/h2>\n<p><span>El marco legal en Chile est\u00e1 claramente trazado y no deja muchas zonas grises. Las responsabilidades de empleadores y trabajadores est\u00e1n definidas, y el incumplimiento puede derivar en sanciones importantes.<\/span><\/p>\n<h4><b>Normas principales<\/b><\/h4>\n<ul>\n<li style=\"font-weight: 400;\" aria-level=\"1\"><b>Ley 16.744<\/b><span>: Es la piedra angular del sistema. Crea el seguro obligatorio contra accidentes del trabajo y enfermedades profesionales.<\/span><\/li>\n<li style=\"font-weight: 400;\" aria-level=\"1\"><a href=\"https:\/\/runahr.com\/cl\/recursos\/salario\/codigo-de-trabajo\/\"><b>C\u00f3digo del Trabajo<\/b><\/a><span>: Incluye obligaciones generales en materia de salud y seguridad ocupacional.<\/span><\/li>\n<\/ul>\n<h4><b>Entidades involucradas<\/b><\/h4>\n<ul>\n<li style=\"font-weight: 400;\" aria-level=\"1\"><a href=\"https:\/\/runahr.com\/cl\/recursos\/salario\/superintendencia-de-seguridad-social\/\"><b>Superintendencia de Seguridad Social (SUSESO)<\/b><\/a><span>: Fiscaliza el cumplimiento del sistema de seguros.<\/span><\/li>\n<li style=\"font-weight: 400;\" aria-level=\"1\"><a href=\"https:\/\/runahr.com\/cl\/recursos\/salario\/direccion-del-trabajo\/\"><b>Direcci\u00f3n del Trabajo<\/b><\/a><span>: Inspecciona condiciones laborales.<\/span><\/li>\n<li style=\"font-weight: 400;\" aria-level=\"1\"><b>Servicios de Salud<\/b><span>: Verifican condiciones sanitarias y de prevenci\u00f3n.<\/span><\/li>\n<\/ul>\n<h4><b>Derechos del trabajador afectado<\/b><\/h4>\n<ul>\n<li style=\"font-weight: 400;\" aria-level=\"1\"><span>Acceso gratuito a atenci\u00f3n m\u00e9dica.<\/span><\/li>\n<li style=\"font-weight: 400;\" aria-level=\"1\"><span>Subsidios durante la incapacidad.<\/span><\/li>\n<li style=\"font-weight: 400;\" aria-level=\"1\"><span>Indemnizaciones en caso de secuelas permanentes.<\/span><\/li>\n<li style=\"font-weight: 400;\" aria-level=\"1\"><span>Pensiones de sobrevivencia si el accidente es fatal.<\/span><\/li>\n<\/ul>\n<h4><b>Deberes del empleador<\/b><\/h4>\n<ul>\n<li style=\"font-weight: 400;\" aria-level=\"1\"><span>Adoptar medidas preventivas.<\/span><\/li>\n<li style=\"font-weight: 400;\" aria-level=\"1\"><span>Informar activamente sobre riesgos.<\/span><\/li>\n<li style=\"font-weight: 400;\" aria-level=\"1\"><span>Entregar los implementos de seguridad.<\/span><\/li>\n<li style=\"font-weight: 400;\" aria-level=\"1\"><span>Reportar los accidentes a la mutual correspondiente.<\/span><\/li>\n<li style=\"font-weight: 400;\" aria-level=\"1\"><span>Pagar cotizaciones al sistema de seguro.<\/span><\/li>\n<\/ul>\n<h4><b>\u00bfY si hay negligencia?<\/b><\/h4>\n<p><span>Ah\u00ed la cosa se complica. Si el empleador no hizo lo que deb\u00eda y el accidente se pudo haber evitado, la responsabilidad puede ser civil (pagar da\u00f1os) o incluso penal. Si hay omisi\u00f3n grave, podr\u00edan aplicarse multas, clausuras e incluso penas de c\u00e1rcel.<\/span><\/p>\n<p><span>El seguro que la ley exige es un respaldo, s\u00ed, pero no un salvoconducto: cuando la empresa incurre en un incumplimiento claro, las consecuencias llegan igual.<\/span><\/p>\n<h2><b>\u00bfQu\u00e9 hacer en caso de accidente laboral?<\/b><\/h2>\n<p><span>Cuando ocurre un accidente laboral, la primera reacci\u00f3n marca la diferencia. No solo en el bienestar del trabajador, sino tambi\u00e9n en la gesti\u00f3n del evento.<\/span><\/p>\n<h4><b>Pasos clave<\/b><\/h4>\n<ol>\n<li style=\"font-weight: 400;\" aria-level=\"1\"><b>Atender de inmediato<\/b><span>: Prestar auxilio y, si es grave, llamar al 131 o llevar al trabajador directamente a la mutual.<\/span><\/li>\n<li style=\"font-weight: 400;\" aria-level=\"1\"><b>Notificar formalmente<\/b><span>: La empresa debe informar el hecho a su mutualidad (Mutual de Seguridad, ACHS o IST) en los plazos establecidos.<\/span><\/li>\n<li style=\"font-weight: 400;\" aria-level=\"1\"><b>Activar cobertura<\/b><span>: Esto permite al trabajador acceder a todas las prestaciones del seguro.<\/span><\/li>\n<li style=\"font-weight: 400;\" aria-level=\"1\"><b>Investigar causas<\/b><span>: No basta con atender al afectado. Hay que identificar por qu\u00e9 ocurri\u00f3 y tomar medidas para evitar que se repita.<\/span><\/li>\n<\/ol>\n<p><span>En resumen, reaccionar bien es tan importante como prevenir. Ambas cosas hablan de la madurez de la cultura organizacional.<\/span><\/p>\n<p><a href=\"https:\/\/recursos.runahr.com\/cl-guia-salud-mental\"><img decoding=\"async\" class=\"alignnone size-full wp-image-1097974\" src=\"https:\/\/runahr.com\/wp-content\/uploads\/2026\/01\/CCL008.webp\" alt=\"Descargar gu\u00eda de salud mental para tu equipo\" width=\"2100\" height=\"830\" srcset=\"https:\/\/runahr.com\/wp-content\/uploads\/2026\/01\/CCL008.webp 2100w, https:\/\/runahr.com\/wp-content\/uploads\/2026\/01\/CCL008-300x119.webp 300w, https:\/\/runahr.com\/wp-content\/uploads\/2026\/01\/CCL008-1024x405.webp 1024w, https:\/\/runahr.com\/wp-content\/uploads\/2026\/01\/CCL008-768x304.webp 768w, https:\/\/runahr.com\/wp-content\/uploads\/2026\/01\/CCL008-1536x607.webp 1536w, https:\/\/runahr.com\/wp-content\/uploads\/2026\/01\/CCL008-2048x809.webp 2048w\" sizes=\"(max-width: 2100px) 100vw, 2100px\" \/><\/a><\/p>\n<h2><b>\u00bfQui\u00e9n cubre los gastos m\u00e9dicos de un accidente laboral?<\/b><\/h2>\n<p><span>En Chile, si ocurre un accidente laboral, el trabajador no paga los costos m\u00e9dicos. Esa cobertura la entrega el Seguro Social de la Ley 16.744, que financia la empresa. La atenci\u00f3n y la gesti\u00f3n las llevan entidades como la ACHS, la Mutual de Seguridad o el IST, seg\u00fan d\u00f3nde est\u00e9 afiliada la organizaci\u00f3n. As\u00ed, la persona recibe tratamiento y la compa\u00f1\u00eda asume la responsabilidad que corresponde.<\/span><\/p>\n<p><span>\u00bfY qu\u00e9 implica esa cobertura? B\u00e1sicamente, la mutualidad correspondiente asume todos los gastos relacionados con el tratamiento: hospitalizaciones, intervenciones quir\u00fargicas, medicamentos, rehabilitaci\u00f3n e incluso transporte si es necesario. En caso de que la persona accidentada quede con una incapacidad (ya sea temporal o permanente) tambi\u00e9n se activa subsidio o <\/span><a href=\"https:\/\/runahr.com\/cl\/recursos\/salario\/pension\/\"><span>pensi\u00f3n<\/span><\/a><span>, seg\u00fan el grado de afectaci\u00f3n.<\/span><\/p>\n<p><span>Para los equipos de RRHH, esto no solo representa una obligaci\u00f3n legal, sino tambi\u00e9n una oportunidad para cuidar la experiencia del trabajador en un momento cr\u00edtico, al asegurarle una red de apoyo clara y eficaz. Y si el proceso se maneja bien, tambi\u00e9n se resguarda la reputaci\u00f3n interna de la empresa.<\/span><\/p>\n<h2><b>\u00bfCu\u00e1l es el rol de los recursos humanos para la prevenci\u00f3n de accidentes laborales?<\/b><\/h2>\n<p><span>Desde la mirada de la gesti\u00f3n organizacional, el \u00e1rea de <\/span><a href=\"https:\/\/runahr.com\/cl\/recursos\/recursos-humanos\/recursos-humanos\/\"><span>recursos humanos<\/span><\/a><span> no solo es una bisagra entre el cumplimiento normativo y las personas. Tambi\u00e9n es la l\u00ednea de defensa m\u00e1s efectiva para prevenir un accidente laboral antes de que ocurra. Su trabajo diario puede inclinar la balanza entre una cultura preventiva o una cultura reactiva.<\/span><\/p>\n<h4><b>Funciones del \u00e1rea de RRHH en esta tarea<\/b><\/h4>\n<ul>\n<li style=\"font-weight: 400;\" aria-level=\"1\"><b>Dise\u00f1o de programas preventivos:<\/b><span> Elaborar estrategias concretas para reducir riesgos en los distintos entornos laborales. Esto va m\u00e1s all\u00e1 de cumplir con lo legal: se trata de anticiparse.<\/span><\/li>\n<li style=\"font-weight: 400;\" aria-level=\"1\"><b>Capacitaci\u00f3n continua:<\/b><span> No basta con una charla anual. Se necesitan entrenamientos pr\u00e1cticos, simulaciones, protocolos visibles y adaptados al rubro. Lo que se repite, se recuerda.<\/span><\/li>\n<li style=\"font-weight: 400;\" aria-level=\"1\"><b>Promoci\u00f3n de h\u00e1bitos seguros:<\/b><span> Incluir la seguridad como parte del ADN cultural. Reconocer conductas seguras, visibilizar buenas pr\u00e1cticas y empujar una responsabilidad compartida.<\/span><\/li>\n<li style=\"font-weight: 400;\" aria-level=\"1\"><b>Gesti\u00f3n del EPP (equipo de protecci\u00f3n personal):<\/b><span> Verificar que los elementos entregados sean adecuados, est\u00e9n en buen estado y se usen realmente en terreno. No basta con repartirlos.<\/span><\/li>\n<li style=\"font-weight: 400;\" aria-level=\"1\"><b>Investigaci\u00f3n interna ante accidentes:<\/b><span> Analizar cada incidente con mirada t\u00e9cnica y humana. No se trata de buscar culpables, sino causas evitables.<\/span><\/li>\n<li style=\"font-weight: 400;\" aria-level=\"1\"><b>Aplicaci\u00f3n de medidas correctivas:<\/b><span> Una vez detectado un riesgo, reaccionar con agilidad: ya sea redise\u00f1ando procesos, modificando espacios f\u00edsicos o reforzando capacitaciones.<\/span><\/li>\n<li style=\"font-weight: 400;\" aria-level=\"1\"><b>Registro y trazabilidad:<\/b><span> Llevar control exhaustivo de los eventos y sus an\u00e1lisis. Esta trazabilidad permite mejorar continuamente y rendir cuentas ante organismos fiscalizadores.<\/span><\/li>\n<li style=\"font-weight: 400;\" aria-level=\"1\"><b>Coordinaci\u00f3n con entes externos:<\/b><span> RRHH tambi\u00e9n articula con la Direcci\u00f3n del Trabajo y la mutual correspondiente, facilitando <\/span><a href=\"https:\/\/runahr.com\/cl\/recursos\/recursos-humanos\/auditoria\/\"><span>auditor\u00eda<\/span><\/a><span> o plan de mejora.<\/span><\/li>\n<\/ul>\n<p><span>Desde la perspectiva de la gesti\u00f3n, prevenir es m\u00e1s eficiente que reparar. Y ah\u00ed RRHH tiene un rol que va mucho m\u00e1s all\u00e1 de lo administrativo.<\/span><\/p>\n<h4><b>Importancia de la participaci\u00f3n de los trabajadores en la prevenci\u00f3n de riesgos<\/b><\/h4>\n<p><span>Por m\u00e1s s\u00f3lido que sea un programa preventivo dise\u00f1ado desde la jefatura, sin la participaci\u00f3n activa de los trabajadores en terreno, todo se queda a medio camino. Las estrategias m\u00e1s efectivas son aquellas que nacen o se validan desde la experiencia real del d\u00eda a d\u00eda.<\/span><\/p>\n<p><span>Las personas que operan maquinarias, que suben andamios o que recorren pasillos con piso resbaloso, muchas veces son las primeras en detectar un riesgo. Si est\u00e1n capacitadas y tienen canales para reportar lo que ven, la organizaci\u00f3n se beneficia entera.<\/span><\/p>\n<p><span>Eso s\u00ed, para lograrlo se necesita algo m\u00e1s que buenas intenciones. Hay que invertir en formaci\u00f3n constante, en espacios de di\u00e1logo seguros y en reconocer esas alertas tempranas como aportes reales, no como molestias. La seguridad, bien entendida, es una responsabilidad compartida.<\/span><\/p>\n<h2><b>\u00bfC\u00f3mo realizar la investigaci\u00f3n de accidentes laborales?<\/b><\/h2>\n<p><span>Cuando sucede un accidente en la empresa, no basta con atender la urgencia. Lo que viene despu\u00e9s es igual o m\u00e1s importante: entender por qu\u00e9 ocurri\u00f3. Y para eso, se necesita una investigaci\u00f3n profunda, objetiva y bien estructurada.<\/span><\/p>\n<h4><b>\u00bfQu\u00e9 se busca con la investigaci\u00f3n?<\/b><\/h4>\n<ul>\n<li style=\"font-weight: 400;\" aria-level=\"1\"><span>Entender las causas que llevaron al incidente.<\/span><\/li>\n<li style=\"font-weight: 400;\" aria-level=\"1\"><span>Aplicar medidas que impidan que se repita.<\/span><\/li>\n<li style=\"font-weight: 400;\" aria-level=\"1\"><span>Identificar fallas en los protocolos actuales y corregirlas.<\/span><\/li>\n<\/ul>\n<h4><b>\u00bfC\u00f3mo se lleva a cabo?<\/b><\/h4>\n<ul>\n<li style=\"font-weight: 400;\" aria-level=\"1\"><b>Recopilaci\u00f3n de antecedentes:<\/b><span> Ac\u00e1 se incluye alguna <\/span><a href=\"https:\/\/runahr.com\/cl\/recursos\/recursos-humanos\/entrevista\/\"><span>entrevista<\/span><\/a><span>, revisi\u00f3n de bit\u00e1coras, inspecci\u00f3n del sitio, revisi\u00f3n de c\u00e1maras o reportes internos. Todo dato sirve.<\/span><\/li>\n<li style=\"font-weight: 400;\" aria-level=\"1\"><b>An\u00e1lisis de causas:<\/b><span> Se estudia si hubo fallas humanas (falta de experiencia, distracci\u00f3n), materiales (equipos defectuosos, falta de protecci\u00f3n) u organizacionales (turnos mal gestionados, presiones indebidas).<\/span><\/li>\n<li style=\"font-weight: 400;\" aria-level=\"1\"><b>Redacci\u00f3n del informe:<\/b><span> Es fundamental dejar por escrito todo el proceso: hallazgos, conclusiones y medidas propuestas. Este documento ser\u00e1 la base para futuras acciones correctivas.<\/span><\/li>\n<li style=\"font-weight: 400;\" aria-level=\"1\"><b>Seguimiento y evaluaci\u00f3n:<\/b><span> No basta con proponer medidas. Hay que verificar que se implementen, que funcionen y que efectivamente reduzcan el riesgo.<\/span><\/li>\n<\/ul>\n<h4><b>\u00bfQu\u00e9 no se debe hacer?<\/b><\/h4>\n<p><span>Buscar culpables. Ese enfoque inhibe la participaci\u00f3n y dificulta que salgan a la luz los problemas reales. La idea es generar aprendizajes, no castigos.<\/span><\/p>\n<p><span>Llevar adelante una investigaci\u00f3n bien hecha no solo mejora la seguridad interna. Tambi\u00e9n demuestra compromiso ante los organismos fiscalizadores y ante los propios equipos.<\/span><\/p>\n<p><a href=\"https:\/\/recursos.runahr.com\/cl-kit-bienestar-laboral\"><img decoding=\"async\" class=\"alignnone size-full wp-image-1098218\" src=\"https:\/\/runahr.com\/wp-content\/uploads\/2026\/01\/CCL028.webp\" alt=\"Descargar KIT de bienestar laboral\" width=\"2128\" height=\"840\" srcset=\"https:\/\/runahr.com\/wp-content\/uploads\/2026\/01\/CCL028.webp 2128w, https:\/\/runahr.com\/wp-content\/uploads\/2026\/01\/CCL028-300x118.webp 300w, https:\/\/runahr.com\/wp-content\/uploads\/2026\/01\/CCL028-1024x404.webp 1024w, https:\/\/runahr.com\/wp-content\/uploads\/2026\/01\/CCL028-768x303.webp 768w, https:\/\/runahr.com\/wp-content\/uploads\/2026\/01\/CCL028-1536x606.webp 1536w, https:\/\/runahr.com\/wp-content\/uploads\/2026\/01\/CCL028-2048x808.webp 2048w\" sizes=\"(max-width: 2128px) 100vw, 2128px\" \/><\/a><\/p>\n\t\t<h2 class=\"runa-faq-title\">Preguntas frecuentes<\/h2>\n\n\t\t<div class=\"runa-faq-accordion\">\n\t\t\t\t\t\t<details class=\"runa-faq-item\">\n\t\t\t\t<summary>\n\t\t\t\t\t<span>\u00bfD\u00f3nde puede revisar o descargar certificados previsionales despu\u00e9s de un accidente laboral?<\/span>\n\t\t\t\t\t<i class=\"fas fa-chevron-down\" aria-hidden=\"true\"><\/i>\n\t\t\t\t<\/summary>\n\t\t\t\t<div class=\"runa-faq-content\">\n\t\t\t\t\t<p><span style=\"font-weight: 400\">Muchas gestiones y certificados se resuelven desde el<\/span><a href=\"https:\/\/runahr.com\/cl\/recursos\/recursos-humanos\/instituto-de-prevision-social\/\"> <span style=\"font-weight: 400\">Instituto de Previsi\u00f3n Social (IPS)<\/span><\/a><span style=\"font-weight: 400\">, y varios tr\u00e1mites est\u00e1n disponibles en<\/span><a href=\"https:\/\/runahr.com\/cl\/recursos\/salario\/ips-en-linea\/\"> <span style=\"font-weight: 400\">IPS en l\u00ednea<\/span><\/a><span style=\"font-weight: 400\">. Contar con esa documentaci\u00f3n facilita coordinaciones con la mutual y con el \u00e1rea interna que gestiona el caso.<\/span><\/p>\n\t\t\t\t<\/div>\n\t\t\t<\/details>\n\t\t\t\t\t\t<details class=\"runa-faq-item\">\n\t\t\t\t<summary>\n\t\t\t\t\t<span>Si hay licencias m\u00e9dicas asociadas, \u00bfqui\u00e9n las gestiona y qu\u00e9 pasa con mi Isapre?<\/span>\n\t\t\t\t\t<i class=\"fas fa-chevron-down\" aria-hidden=\"true\"><\/i>\n\t\t\t\t<\/summary>\n\t\t\t\t<div class=\"runa-faq-content\">\n\t\t\t\t\t<p><span style=\"font-weight: 400\">Cuando el siniestro es calificado como laboral, la mutualidad se hace cargo del proceso; si se recalifica como com\u00fan, interviene la<\/span><a href=\"https:\/\/runahr.com\/cl\/recursos\/salario\/isapre\/\"> <span style=\"font-weight: 400\">Instituci\u00f3n de Salud Previsional (Isapre)<\/span><\/a><span style=\"font-weight: 400\"> seg\u00fan la cobertura del plan. Mantener la trazabilidad de informes m\u00e9dicos y resoluciones ayuda a evitar cruces administrativos.<\/span><\/p>\n\t\t\t\t<\/div>\n\t\t\t<\/details>\n\t\t\t\t\t\t<details class=\"runa-faq-item\">\n\t\t\t\t<summary>\n\t\t\t\t\t<span>\u00bfSirve tener a mano el RUT y qu\u00e9 tr\u00e1mites se hacen ante el SII en estos procesos?<\/span>\n\t\t\t\t\t<i class=\"fas fa-chevron-down\" aria-hidden=\"true\"><\/i>\n\t\t\t\t<\/summary>\n\t\t\t\t<div class=\"runa-faq-content\">\n\t\t\t\t\t<p><span style=\"font-weight: 400\">Tener el<\/span><a href=\"https:\/\/runahr.com\/cl\/recursos\/salario\/rut\/\"> <span style=\"font-weight: 400\">Rol \u00danico Tributario (RUT)<\/span><\/a><span style=\"font-weight: 400\"> a la vista agiliza identificaciones en formularios y certificados. Para boletas o ajustes tributarios derivados de prestaciones u honorarios externos vinculados al caso, las referencias y validaciones se realizan con el<\/span><a href=\"https:\/\/runahr.com\/cl\/recursos\/salario\/servicios-de-impuestos-internos\/\"> <span style=\"font-weight: 400\">Servicio de Impuestos Internos (SII)<\/span><\/a><span style=\"font-weight: 400\">.<\/span><\/p>\n\t\t\t\t<\/div>\n\t\t\t<\/details>\n\t\t\t\t\t\t<details class=\"runa-faq-item\">\n\t\t\t\t<summary>\n\t\t\t\t\t<span>\u00bfC\u00f3mo se coordinan los retornos graduales si la persona trabaja remoto?<\/span>\n\t\t\t\t\t<i class=\"fas fa-chevron-down\" aria-hidden=\"true\"><\/i>\n\t\t\t\t<\/summary>\n\t\t\t\t<div class=\"runa-faq-content\">\n\t\t\t\t\t<p><span style=\"font-weight: 400\">Un plan de retorno puede combinar presencialidad y<\/span><a href=\"https:\/\/runahr.com\/cl\/recursos\/beneficios\/trabajo-remoto\/\"> <span style=\"font-weight: 400\">trabajo remoto<\/span><\/a><span style=\"font-weight: 400\">, con metas claras y seguimiento m\u00e9dico. Es clave respetar la<\/span><a href=\"https:\/\/runahr.com\/cl\/recursos\/recursos-humanos\/jornada-laboral\/\"> <span style=\"font-weight: 400\">jornada laboral<\/span><\/a><span style=\"font-weight: 400\"> pactada y ajustar tareas mientras se recupera capacidad funcional.<\/span><\/p>\n\t\t\t\t<\/div>\n\t\t\t<\/details>\n\t\t\t\t\t\t<details class=\"runa-faq-item\">\n\t\t\t\t<summary>\n\t\t\t\t\t<span>\u00bfEl accidente laboral impacta en el salario y en los procesos internos de pago?<\/span>\n\t\t\t\t\t<i class=\"fas fa-chevron-down\" aria-hidden=\"true\"><\/i>\n\t\t\t\t<\/summary>\n\t\t\t\t<div class=\"runa-faq-content\">\n\t\t\t\t\t<p><span style=\"font-weight: 400\">Puede requerir ajustes temporales o subsidios, por lo que conviene revisar el marco de<\/span><a href=\"https:\/\/runahr.com\/cl\/recursos\/salario\/salario\/\"> <span style=\"font-weight: 400\">salario<\/span><\/a><span style=\"font-weight: 400\"> y registrar correctamente las variaciones. Una parametrizaci\u00f3n prolija en<\/span><a href=\"https:\/\/runahr.com\/cl\/recursos\/salario\/nomina\/\"> <span style=\"font-weight: 400\">n\u00f3mina<\/span><\/a><span style=\"font-weight: 400\"> evita diferencias y asegura trazabilidad ante revisiones.<\/span><\/p>\n\t\t\t\t<\/div>\n\t\t\t<\/details>\n\t\t\t\t\t\t<details class=\"runa-faq-item\">\n\t\t\t\t<summary>\n\t\t\t\t\t<span>\u00bfQu\u00e9 pasa con las vacaciones si la persona est\u00e1 con licencia por un accidente laboral?<\/span>\n\t\t\t\t\t<i class=\"fas fa-chevron-down\" aria-hidden=\"true\"><\/i>\n\t\t\t\t<\/summary>\n\t\t\t\t<div class=\"runa-faq-content\">\n\t\t\t\t\t<p><span style=\"font-weight: 400\">Las<\/span><a href=\"https:\/\/runahr.com\/cl\/recursos\/beneficios\/vacaciones\/\"> <span style=\"font-weight: 400\">vacaciones<\/span><\/a><span style=\"font-weight: 400\"> no se pierden por estar con licencia; se reprograman seg\u00fan la condici\u00f3n m\u00e9dica y la planificaci\u00f3n del equipo. Cualquier ajuste debe quedar por escrito y alineado con el<\/span><a href=\"https:\/\/runahr.com\/cl\/recursos\/recursos-humanos\/contrato-de-trabajo\/\"> <span style=\"font-weight: 400\">contrato de trabajo<\/span><\/a><span style=\"font-weight: 400\">.<\/span><\/p>\n\t\t\t\t<\/div>\n\t\t\t<\/details>\n\t\t\t\t\t\t<details class=\"runa-faq-item\">\n\t\t\t\t<summary>\n\t\t\t\t\t<span>\u00bfQu\u00e9 apoyos complementarios pueden ofrecerse durante la recuperaci\u00f3n?<\/span>\n\t\t\t\t\t<i class=\"fas fa-chevron-down\" aria-hidden=\"true\"><\/i>\n\t\t\t\t<\/summary>\n\t\t\t\t<div class=\"runa-faq-content\">\n\t\t\t\t\t<p><span style=\"font-weight: 400\">Adem\u00e1s del tratamiento, es \u00fatil activar programas de<\/span><a href=\"https:\/\/runahr.com\/cl\/recursos\/recursos-humanos\/salud-mental\/\"> <span style=\"font-weight: 400\">salud mental<\/span><\/a><span style=\"font-weight: 400\"> y acompa\u00f1amientos breves. Algunas compa\u00f1\u00edas suman<\/span><a href=\"https:\/\/runahr.com\/cl\/recursos\/beneficios\/beneficios\/\"> <span style=\"font-weight: 400\">beneficios<\/span><\/a><span style=\"font-weight: 400\"> como apoyo psicol\u00f3gico, traslados o flexibilidad horaria para facilitar controles y rehabilitaci\u00f3n.<\/span><\/p>\n\t\t\t\t<\/div>\n\t\t\t<\/details>\n\t\t\t\t\t<\/div>\n\n\t\t<script>\n\t\t(function() {\n\t\t\tdocument.addEventListener('DOMContentLoaded', function() {\n\t\t\t\tvar items = document.querySelectorAll('.runa-faq-accordion details');\n\t\t\t\titems.forEach(function(target) {\n\t\t\t\t\ttarget.addEventListener('toggle', function() {\n\t\t\t\t\t\tif (target.open) {\n\t\t\t\t\t\t\titems.forEach(function(other) {\n\t\t\t\t\t\t\t\tif (other !== target && other.open) other.open = false;\n\t\t\t\t\t\t\t});\n\t\t\t\t\t\t}\n\t\t\t\t\t});\n\t\t\t\t});\n\t\t\t});\n\t\t})();\n\t\t<\/script>\n\t\t\n","protected":false},"excerpt":{"rendered":"<p>Hablar de un accidente laboral no es solo referirse a un hecho puntual que ocurre en el trabajo. Es, en muchos casos, abrir la puerta a un proceso complejo que involucra personas, salud, seguridad y tambi\u00e9n gesti\u00f3n. En Chile, cuando ocurre una situaci\u00f3n de este tipo, el d\u00eda a d\u00eda de quienes la enfrentan se [&hellip;]<\/p>\n","protected":false},"author":100,"featured_media":1105741,"comment_status":"closed","ping_status":"closed","sticky":false,"template":"","format":"standard","meta":{"_acf_changed":false,"_wp_applaud_exclude":false,"footnotes":""},"categories":[1606,1587],"tags":[1596,1783],"class_list":["post-1105740","post","type-post","status-publish","format-standard","has-post-thumbnail","hentry","category-recursos","category-recursos-humanos","tag-articulo-cl","tag-recursos-humanos-4"],"acf":[],"yoast_head":"<!-- This site is optimized with the Yoast SEO Premium plugin v26.1 (Yoast SEO v27.4) - https:\/\/yoast.com\/product\/yoast-seo-premium-wordpress\/ -->\n<title>Accidente laboral: \u00bfCu\u00e1les son las causas? \u00bfQu\u00e9 consecuencias tiene? | CL | Runa HR<\/title>\n<meta name=\"description\" content=\"Descubre qu\u00e9 implica un accidente laboral en Chile, las causas comunes, las consecuencias para los trabajadores y las responsabilidades legales de los empleadores para prevenir estos incidentes.\" \/>\n<meta name=\"robots\" content=\"index, follow, max-snippet:-1, max-image-preview:large, max-video-preview:-1\" \/>\n<link rel=\"canonical\" href=\"https:\/\/runahr.com\/cl\/recursos\/recursos-humanos\/accidente-laboral\/\" \/>\n<meta property=\"og:locale\" content=\"es_ES\" \/>\n<meta property=\"og:type\" content=\"article\" \/>\n<meta property=\"og:title\" content=\"Accidente laboral: \u00bfCu\u00e1les son las causas? \u00bfQu\u00e9 consecuencias tiene? | CL | Runa HR\" \/>\n<meta property=\"og:description\" content=\"Descubre qu\u00e9 implica un accidente laboral en Chile, las causas comunes, las consecuencias para los trabajadores y las responsabilidades legales de los empleadores para prevenir estos incidentes.\" \/>\n<meta property=\"og:url\" content=\"https:\/\/runahr.com\/cl\/recursos\/recursos-humanos\/accidente-laboral\/\" \/>\n<meta property=\"og:site_name\" content=\"Runa HR\" \/>\n<meta property=\"article:publisher\" content=\"https:\/\/www.facebook.com\/runahr\/\" \/>\n<meta property=\"article:published_time\" content=\"2026-03-05T22:52:20+00:00\" \/>\n<meta property=\"article:modified_time\" content=\"2026-04-23T15:35:29+00:00\" \/>\n<meta property=\"og:image\" content=\"https:\/\/runahr.com\/wp-content\/uploads\/2026\/03\/Accidente-laboral.webp\" \/>\n\t<meta property=\"og:image:width\" content=\"2048\" \/>\n\t<meta property=\"og:image:height\" content=\"827\" \/>\n\t<meta property=\"og:image:type\" content=\"image\/webp\" \/>\n<meta name=\"author\" content=\"Edgar Padilla\" \/>\n<meta name=\"twitter:card\" content=\"summary_large_image\" \/>\n<meta name=\"twitter:creator\" content=\"@runahr\" \/>\n<meta name=\"twitter:site\" content=\"@runahr\" \/>\n<meta name=\"twitter:label1\" content=\"Escrito por\" \/>\n\t<meta name=\"twitter:data1\" content=\"Edgar Padilla\" \/>\n\t<meta name=\"twitter:label2\" content=\"Tiempo estimado de lectura\" \/>\n\t<meta name=\"twitter:data2\" content=\"12 minutos\" \/>\n<!-- \/ Yoast SEO Premium plugin. -->","yoast_head_json":{"title":"Accidente laboral: \u00bfCu\u00e1les son las causas? \u00bfQu\u00e9 consecuencias tiene? | CL | Runa HR","description":"Descubre qu\u00e9 implica un accidente laboral en Chile, las causas comunes, las consecuencias para los trabajadores y las responsabilidades legales de los empleadores para prevenir estos incidentes.","robots":{"index":"index","follow":"follow","max-snippet":"max-snippet:-1","max-image-preview":"max-image-preview:large","max-video-preview":"max-video-preview:-1"},"canonical":"https:\/\/runahr.com\/cl\/recursos\/recursos-humanos\/accidente-laboral\/","og_locale":"es_ES","og_type":"article","og_title":"Accidente laboral: \u00bfCu\u00e1les son las causas? \u00bfQu\u00e9 consecuencias tiene? | CL | Runa HR","og_description":"Descubre qu\u00e9 implica un accidente laboral en Chile, las causas comunes, las consecuencias para los trabajadores y las responsabilidades legales de los empleadores para prevenir estos incidentes.","og_url":"https:\/\/runahr.com\/cl\/recursos\/recursos-humanos\/accidente-laboral\/","og_site_name":"Runa HR","article_publisher":"https:\/\/www.facebook.com\/runahr\/","article_published_time":"2026-03-05T22:52:20+00:00","article_modified_time":"2026-04-23T15:35:29+00:00","og_image":[{"width":2048,"height":827,"url":"https:\/\/runahr.com\/wp-content\/uploads\/2026\/03\/Accidente-laboral.webp","type":"image\/webp"}],"author":"Edgar Padilla","twitter_card":"summary_large_image","twitter_creator":"@runahr","twitter_site":"@runahr","twitter_misc":{"Escrito por":"Edgar Padilla","Tiempo estimado de lectura":"12 minutos"},"schema":{"@context":"https:\/\/schema.org","@graph":[{"@type":"Article","@id":"https:\/\/runahr.com\/cl\/recursos\/recursos-humanos\/accidente-laboral\/#article","isPartOf":{"@id":"https:\/\/runahr.com\/cl\/recursos\/recursos-humanos\/accidente-laboral\/"},"author":{"name":"Edgar Padilla","@id":"https:\/\/runahr.com\/cl\/#\/schema\/person\/3739dc18365f82019e4c8b5a13aad319"},"headline":"Accidente laboral: \u00bfCu\u00e1les son las causas? \u00bfQu\u00e9 consecuencias tiene?","datePublished":"2026-03-05T22:52:20+00:00","dateModified":"2026-04-23T15:35:29+00:00","mainEntityOfPage":{"@id":"https:\/\/runahr.com\/cl\/recursos\/recursos-humanos\/accidente-laboral\/"},"wordCount":2505,"publisher":{"@id":"https:\/\/runahr.com\/cl\/#organization"},"image":{"@id":"https:\/\/runahr.com\/cl\/recursos\/recursos-humanos\/accidente-laboral\/#primaryimage"},"thumbnailUrl":"https:\/\/runahr.com\/wp-content\/uploads\/2026\/03\/Accidente-laboral.webp","keywords":["Art\u00edculo","Recursos humanos"],"articleSection":["Recursos","Recursos humanos"],"inLanguage":"es-CL"},{"@type":"WebPage","@id":"https:\/\/runahr.com\/cl\/recursos\/recursos-humanos\/accidente-laboral\/","url":"https:\/\/runahr.com\/cl\/recursos\/recursos-humanos\/accidente-laboral\/","name":"Accidente laboral: \u00bfCu\u00e1les son las causas? \u00bfQu\u00e9 consecuencias tiene? | CL | Runa HR","isPartOf":{"@id":"https:\/\/runahr.com\/cl\/#website"},"primaryImageOfPage":{"@id":"https:\/\/runahr.com\/cl\/recursos\/recursos-humanos\/accidente-laboral\/#primaryimage"},"image":{"@id":"https:\/\/runahr.com\/cl\/recursos\/recursos-humanos\/accidente-laboral\/#primaryimage"},"thumbnailUrl":"https:\/\/runahr.com\/wp-content\/uploads\/2026\/03\/Accidente-laboral.webp","datePublished":"2026-03-05T22:52:20+00:00","dateModified":"2026-04-23T15:35:29+00:00","description":"Descubre qu\u00e9 implica un accidente laboral en Chile, las causas comunes, las consecuencias para los trabajadores y las responsabilidades legales de los empleadores para prevenir estos incidentes.","breadcrumb":{"@id":"https:\/\/runahr.com\/cl\/recursos\/recursos-humanos\/accidente-laboral\/#breadcrumb"},"inLanguage":"es-CL","potentialAction":[{"@type":"ReadAction","target":["https:\/\/runahr.com\/cl\/recursos\/recursos-humanos\/accidente-laboral\/"]}]},{"@type":"ImageObject","inLanguage":"es-CL","@id":"https:\/\/runahr.com\/cl\/recursos\/recursos-humanos\/accidente-laboral\/#primaryimage","url":"https:\/\/runahr.com\/wp-content\/uploads\/2026\/03\/Accidente-laboral.webp","contentUrl":"https:\/\/runahr.com\/wp-content\/uploads\/2026\/03\/Accidente-laboral.webp","width":2048,"height":827,"caption":"Accidente laboral"},{"@type":"BreadcrumbList","@id":"https:\/\/runahr.com\/cl\/recursos\/recursos-humanos\/accidente-laboral\/#breadcrumb","itemListElement":[{"@type":"ListItem","position":1,"name":"Home","item":"https:\/\/runahr.com\/cl\/"},{"@type":"ListItem","position":2,"name":"Recursos","item":"https:\/\/runahr.com\/cl\/category\/recursos\/"},{"@type":"ListItem","position":3,"name":"Recursos humanos","item":"https:\/\/runahr.com\/cl\/category\/recursos\/recursos-humanos\/"},{"@type":"ListItem","position":4,"name":"Accidente laboral: \u00bfCu\u00e1les son las causas? \u00bfQu\u00e9 consecuencias tiene?"}]},{"@type":"WebSite","@id":"https:\/\/runahr.com\/cl\/#website","url":"https:\/\/runahr.com\/cl\/","name":"Runa HR","description":"Software de N\u00f3mina y Gesti\u00f3n de RRHH","publisher":{"@id":"https:\/\/runahr.com\/cl\/#organization"},"potentialAction":[{"@type":"SearchAction","target":{"@type":"EntryPoint","urlTemplate":"https:\/\/runahr.com\/cl\/?s={search_term_string}"},"query-input":{"@type":"PropertyValueSpecification","valueRequired":true,"valueName":"search_term_string"}}],"inLanguage":"es-CL"},{"@type":"Organization","@id":"https:\/\/runahr.com\/cl\/#organization","name":"Runa HR","url":"https:\/\/runahr.com\/cl\/","logo":{"@type":"ImageObject","inLanguage":"es-CL","@id":"https:\/\/runahr.com\/cl\/#\/schema\/logo\/image\/","url":"https:\/\/runahr.com\/wp-content\/uploads\/2018\/05\/xDzHFcQY_400x400.jpg","contentUrl":"https:\/\/runahr.com\/wp-content\/uploads\/2018\/05\/xDzHFcQY_400x400.jpg","width":400,"height":400,"caption":"Runa HR"},"image":{"@id":"https:\/\/runahr.com\/cl\/#\/schema\/logo\/image\/"},"sameAs":["https:\/\/www.facebook.com\/runahr\/","https:\/\/x.com\/runahr","https:\/\/www.instagram.com\/runahr\/","https:\/\/mx.linkedin.com\/company\/runahr","https:\/\/www.youtube.com\/channel\/UCAZ21FupFMLIb1c7PPaU6Ew"]},{"@type":"Person","@id":"https:\/\/runahr.com\/cl\/#\/schema\/person\/3739dc18365f82019e4c8b5a13aad319","name":"Edgar Padilla","image":{"@type":"ImageObject","inLanguage":"es-CL","@id":"https:\/\/secure.gravatar.com\/avatar\/8e8620f0f4a0cdfb4cecfa7df33d7ed05425d393e77f8cf0fc159df2427558f6?s=96&d=mm&r=g","url":"https:\/\/secure.gravatar.com\/avatar\/8e8620f0f4a0cdfb4cecfa7df33d7ed05425d393e77f8cf0fc159df2427558f6?s=96&d=mm&r=g","contentUrl":"https:\/\/secure.gravatar.com\/avatar\/8e8620f0f4a0cdfb4cecfa7df33d7ed05425d393e77f8cf0fc159df2427558f6?s=96&d=mm&r=g","caption":"Edgar Padilla"},"url":"https:\/\/runahr.com\/cl\/author\/edgar_padilla\/"}]}},"_links":{"self":[{"href":"https:\/\/runahr.com\/cl\/wp-json\/wp\/v2\/posts\/1105740","targetHints":{"allow":["GET"]}}],"collection":[{"href":"https:\/\/runahr.com\/cl\/wp-json\/wp\/v2\/posts"}],"about":[{"href":"https:\/\/runahr.com\/cl\/wp-json\/wp\/v2\/types\/post"}],"author":[{"embeddable":true,"href":"https:\/\/runahr.com\/cl\/wp-json\/wp\/v2\/users\/100"}],"replies":[{"embeddable":true,"href":"https:\/\/runahr.com\/cl\/wp-json\/wp\/v2\/comments?post=1105740"}],"version-history":[{"count":2,"href":"https:\/\/runahr.com\/cl\/wp-json\/wp\/v2\/posts\/1105740\/revisions"}],"predecessor-version":[{"id":1113992,"href":"https:\/\/runahr.com\/cl\/wp-json\/wp\/v2\/posts\/1105740\/revisions\/1113992"}],"wp:featuredmedia":[{"embeddable":true,"href":"https:\/\/runahr.com\/cl\/wp-json\/wp\/v2\/media\/1105741"}],"wp:attachment":[{"href":"https:\/\/runahr.com\/cl\/wp-json\/wp\/v2\/media?parent=1105740"}],"wp:term":[{"taxonomy":"category","embeddable":true,"href":"https:\/\/runahr.com\/cl\/wp-json\/wp\/v2\/categories?post=1105740"},{"taxonomy":"post_tag","embeddable":true,"href":"https:\/\/runahr.com\/cl\/wp-json\/wp\/v2\/tags?post=1105740"}],"curies":[{"name":"wp","href":"https:\/\/api.w.org\/{rel}","templated":true}]}}