{"id":1106334,"date":"2026-03-11T07:35:33","date_gmt":"2026-03-11T13:35:33","guid":{"rendered":"https:\/\/runahr.com\/?p=1106334"},"modified":"2026-03-11T07:35:33","modified_gmt":"2026-03-11T13:35:33","slug":"minsal","status":"publish","type":"post","link":"https:\/\/runahr.com\/cl\/recursos\/recursos-humanos\/minsal\/","title":{"rendered":"MINSAL: \u00bfQu\u00e9 es? \u00bfCu\u00e1l es su funci\u00f3n?"},"content":{"rendered":"<p><span>Porque la salud p\u00fablica no queda afuera del port\u00f3n de la empresa. El Ministerio de Salud (MINSAL) fija reglas, coordina fiscalizaciones y define est\u00e1ndares que terminan impactando turnos, planes de continuidad, contrataciones y hasta la reputaci\u00f3n de marca empleadora. Cuando hay claridad, se evitan sobresaltos; cuando no, aparecen multas, cierres temporales o tensiones internas.\u00a0<\/span><\/p>\n<p><span>Mirado desde direcci\u00f3n y RRHH, conocer el marco sanitario permite anticipar, comunicar y gestionar mejor, sobre todo en periodos de alta demanda o cambios normativos. Algunas implicaciones directas en la gesti\u00f3n son los protocolos sanitarios que ordenan espacios, aforos y conductas; las exigencias documentales para plantas, faenas, retail y servicios, y la coordinaci\u00f3n con prevenci\u00f3n de riesgos y mutualidades para casos cl\u00ednicos.<\/span><\/p>\n<h2><b>\u00bfQu\u00e9 es MINSAL?<\/b><\/h2>\n<p><span>Es el Ministerio de Salud, \u00f3rgano del Estado que lidera la pol\u00edtica sanitaria del pa\u00eds. En palabras simples, define lineamientos, coordina servicios y vela porque se cumplan normas que protegen a la poblaci\u00f3n. Desde la vereda de la <\/span><a href=\"https:\/\/runahr.com\/cl\/recursos\/recursos-humanos\/empresa\/\"><span>empresa<\/span><\/a><span>, es la autoridad que da el marco para operar de forma segura y responsable.<\/span><\/p>\n<h4><b>Ubicaci\u00f3n dentro del sistema p\u00fablico<\/b><\/h4>\n<ul>\n<li style=\"font-weight: 400;\" aria-level=\"1\"><span>Conduce la estrategia sanitaria nacional y sus planes.<\/span><\/li>\n<li style=\"font-weight: 400;\" aria-level=\"1\"><span>Trabaja con subsecretar\u00edas, servicios y redes asistenciales.<\/span><\/li>\n<li style=\"font-weight: 400;\" aria-level=\"1\"><span>Coordina la labor de las Seremi de Salud en regiones.<\/span><\/li>\n<\/ul>\n<h4><b>Por qu\u00e9 regula temas que afectan a la gesti\u00f3n<\/b><\/h4>\n<p><span>Porque muchos riesgos para la salud se expresan en el <\/span><a href=\"https:\/\/runahr.com\/cl\/recursos\/salario\/trabajo\/\"><span>trabajo<\/span><\/a><span>: alimentos, higiene, residuos, agentes qu\u00edmicos, espacios compartidos. La intervenci\u00f3n temprana reduce accidentes, brotes y costos, y ordena est\u00e1ndares m\u00ednimos para todos.<\/span><\/p>\n<p><a href=\"https:\/\/recursos.runahr.com\/kit-bienestar-laboral\"><img fetchpriority=\"high\" decoding=\"async\" class=\"alignnone size-full wp-image-1098218\" src=\"https:\/\/runahr.com\/wp-content\/uploads\/2026\/01\/CCL028.webp\" alt=\"Descargar KIT de bienestar laboral\" width=\"2128\" height=\"840\" srcset=\"https:\/\/runahr.com\/wp-content\/uploads\/2026\/01\/CCL028.webp 2128w, https:\/\/runahr.com\/wp-content\/uploads\/2026\/01\/CCL028-300x118.webp 300w, https:\/\/runahr.com\/wp-content\/uploads\/2026\/01\/CCL028-1024x404.webp 1024w, https:\/\/runahr.com\/wp-content\/uploads\/2026\/01\/CCL028-768x303.webp 768w, https:\/\/runahr.com\/wp-content\/uploads\/2026\/01\/CCL028-1536x606.webp 1536w, https:\/\/runahr.com\/wp-content\/uploads\/2026\/01\/CCL028-2048x808.webp 2048w\" sizes=\"(max-width: 2128px) 100vw, 2128px\" \/><\/a><\/p>\n<h2><b>\u00bfCu\u00e1l es la funci\u00f3n del MINSAL en Chile?<\/b><\/h2>\n<p><span>Su funci\u00f3n combina dise\u00f1o de pol\u00edticas p\u00fablicas, regulaci\u00f3n, <\/span><a href=\"https:\/\/runahr.com\/cl\/recursos\/salario\/fiscalizacion\/\"><span>fiscalizaci\u00f3n<\/span><\/a><span> y promoci\u00f3n de ambientes laborales seguros. No opera s\u00f3lo: se articula con Seremi, con las mutualidades y con otros ministerios cuando el riesgo es transversal. Su foco pr\u00e1ctico es cuidar la salud de las personas sin paralizar la econom\u00eda; equilibrio fino, pero posible cuando hay <\/span><a href=\"https:\/\/runahr.com\/cl\/recursos\/recursos-humanos\/colaboracion\/\"><span>colaboraci\u00f3n<\/span><\/a><span>.<\/span><\/p>\n<h4><b>Funciones clave<\/b><\/h4>\n<ul>\n<li style=\"font-weight: 400;\" aria-level=\"1\"><span>Definir pol\u00edticas y normas sanitarias aplicables a empresas y comunidades.<\/span><\/li>\n<li style=\"font-weight: 400;\" aria-level=\"1\"><span>Fiscalizar el cumplimiento a trav\u00e9s de las Seremi de Salud.<\/span><\/li>\n<li style=\"font-weight: 400;\" aria-level=\"1\"><span>Promover prevenci\u00f3n y educaci\u00f3n en salud en lugares de trabajo.<\/span><\/li>\n<\/ul>\n<h4><b>Impacto en la protecci\u00f3n de la fuerza laboral<\/b><\/h4>\n<ul>\n<li style=\"font-weight: 400;\" aria-level=\"1\"><span>Menos exposici\u00f3n a riesgos y accidentes.<\/span><\/li>\n<li style=\"font-weight: 400;\" aria-level=\"1\"><span>Respuestas coordinadas ante contingencias sanitarias.<\/span><\/li>\n<li style=\"font-weight: 400;\" aria-level=\"1\"><span>Mejor continuidad operativa y confianza del equipo.<\/span><\/li>\n<\/ul>\n<h2><b>\u00bfC\u00f3mo funciona MINSAL en una empresa?<\/b><\/h2>\n<p><span>Funciona como un marco que baja a normas, gu\u00edas y fiscalizaciones. La empresa interact\u00faa con estas reglas en su operaci\u00f3n diaria: permisos, planes sanitarios, auditor\u00edas internas y visitas en terreno. Cuando surge un caso complejo, la conversaci\u00f3n incluye a Seremi, a la mutual y al \u00e1rea de prevenci\u00f3n de riesgos de la compa\u00f1\u00eda.<\/span><\/p>\n<h4><b>Relaci\u00f3n entre actores<\/b><\/h4>\n<ul>\n<li style=\"font-weight: 400;\" aria-level=\"1\"><span>El ministerio define la norma; la Seremi ejecuta y fiscaliza en regiones.<\/span><\/li>\n<li style=\"font-weight: 400;\" aria-level=\"1\"><span>Las mutualidades apoyan con prevenci\u00f3n, protocolos y atenci\u00f3n de accidentes.<\/span><\/li>\n<li style=\"font-weight: 400;\" aria-level=\"1\"><span>La empresa implementa, monitorea y documenta el cumplimiento.<\/span><\/li>\n<\/ul>\n<h4><b>Casos t\u00edpicos en operaci\u00f3n<\/b><\/h4>\n<ul>\n<li style=\"font-weight: 400;\" aria-level=\"1\"><span>Brotes sanitarios que exigen trazabilidad r\u00e1pida y contenci\u00f3n.<\/span><\/li>\n<li style=\"font-weight: 400;\" aria-level=\"1\"><span>Protocolos obligatorios en manufactura, log\u00edstica, casinos o retail.<\/span><\/li>\n<li style=\"font-weight: 400;\" aria-level=\"1\"><span>Fiscalizaciones o certificaciones para habilitar procesos o ampliaciones.<\/span><\/li>\n<\/ul>\n<h2><b>\u00bfPor qu\u00e9 es importante MINSAL para una organizaci\u00f3n?<\/b><\/h2>\n<p><span>Porque el costo de no cumplir siempre es m\u00e1s alto que el de prepararse. Multas, suspensiones o exigencias correctivas golpean el flujo de caja y la reputaci\u00f3n. En cambio, una <\/span><a href=\"https:\/\/runahr.com\/cl\/recursos\/recursos-humanos\/gestion\/\"><span>gesti\u00f3n<\/span><\/a><span> sanitaria ordenada protege a la gente, estabiliza la operaci\u00f3n y muestra seriedad ante clientes e inversionistas. Es un c\u00edrculo virtuoso: cumplir bien es competitivo.<\/span><\/p>\n<h4><b>Riesgos de incumplimiento<\/b><\/h4>\n<ul>\n<li style=\"font-weight: 400;\" aria-level=\"1\"><span>Multas y sumarios sanitarios con impacto econ\u00f3mico.<\/span><\/li>\n<li style=\"font-weight: 400;\" aria-level=\"1\"><span>Suspensi\u00f3n de actividades cr\u00edticas o de instalaciones completas.<\/span><\/li>\n<li style=\"font-weight: 400;\" aria-level=\"1\"><span>Deterioro de confianza interna y externa.<\/span><\/li>\n<\/ul>\n<h4><b>Valor para continuidad y reputaci\u00f3n<\/b><\/h4>\n<ul>\n<li style=\"font-weight: 400;\" aria-level=\"1\"><span>Planes sanitarios claros reducen detenciones imprevistas.<\/span><\/li>\n<li style=\"font-weight: 400;\" aria-level=\"1\"><span>Buenas pr\u00e1cticas visibles fortalecen la marca empleadora.<\/span><\/li>\n<li style=\"font-weight: 400;\" aria-level=\"1\"><span>Se\u00f1ales de responsabilidad ante autoridades y comunidades.<\/span><\/li>\n<\/ul>\n<h2><b>\u00bfQui\u00e9n puede comunicarse con el MINSAL?<\/b><\/h2>\n<p><span>En principio, cualquier empresa, <\/span><a href=\"https:\/\/runahr.com\/cl\/recursos\/recursos-humanos\/trabajador\/\"><span>trabajador<\/span><\/a><span> o ciudadano. En la pr\u00e1ctica, conviene ordenar la vocer\u00eda: RRHH y prevenci\u00f3n de riesgos llevan la delantera, con apoyo del <\/span><a href=\"https:\/\/runahr.com\/cl\/recursos\/recursos-humanos\/gerente\/\"><span>gerente<\/span><\/a><span> general en casos sensibles. Eso evita mensajes cruzados y acelera respuestas cuando el tiempo apremia.<\/span><\/p>\n<h4><b>Equipo interno recomendado<\/b><\/h4>\n<ul>\n<li style=\"font-weight: 400;\" aria-level=\"1\"><span>RRHH para coordinaci\u00f3n con personas, alguna <\/span><a href=\"https:\/\/runahr.com\/cl\/recursos\/recursos-humanos\/ausencia\/\"><span>ausencia<\/span><\/a><span> y comunicaciones.<\/span><\/li>\n<li style=\"font-weight: 400;\" aria-level=\"1\"><span>Prevenci\u00f3n de riesgos para protocolos, matrices de peligro y evidencias.<\/span><\/li>\n<li style=\"font-weight: 400;\" aria-level=\"1\"><span>Gerencia general para oficios, compromisos y medidas extraordinarias.<\/span><\/li>\n<\/ul>\n<h4><b>Cu\u00e1ndo debe liderar RRHH<\/b><\/h4>\n<ul>\n<li style=\"font-weight: 400;\" aria-level=\"1\"><span>Al gestionar licencias, ausencias y retornos al trabajo por motivos sanitarios.<\/span><\/li>\n<li style=\"font-weight: 400;\" aria-level=\"1\"><span>Al comunicar cambios de protocolos y <\/span><a href=\"https:\/\/runahr.com\/cl\/recursos\/recursos-humanos\/capacitacion\/\"><span>capacitaci\u00f3n<\/span><\/a><span> obligatoria.<\/span><\/li>\n<li style=\"font-weight: 400;\" aria-level=\"1\"><span>Al articular con l\u00edderes de \u00e1rea planes de continuidad y aforos.<\/span><\/li>\n<\/ul>\n<p><a href=\"https:\/\/recursos.runahr.com\/guia-metricas-dei\"><img decoding=\"async\" class=\"alignnone size-full wp-image-1098680\" src=\"https:\/\/runahr.com\/wp-content\/uploads\/2026\/01\/CCL005.webp\" alt=\"Ver ahora gu\u00eda de m\u00e9tricas DEI\" width=\"2100\" height=\"830\" srcset=\"https:\/\/runahr.com\/wp-content\/uploads\/2026\/01\/CCL005.webp 2100w, https:\/\/runahr.com\/wp-content\/uploads\/2026\/01\/CCL005-300x119.webp 300w, https:\/\/runahr.com\/wp-content\/uploads\/2026\/01\/CCL005-1024x405.webp 1024w, https:\/\/runahr.com\/wp-content\/uploads\/2026\/01\/CCL005-768x304.webp 768w, https:\/\/runahr.com\/wp-content\/uploads\/2026\/01\/CCL005-1536x607.webp 1536w, https:\/\/runahr.com\/wp-content\/uploads\/2026\/01\/CCL005-2048x809.webp 2048w\" sizes=\"(max-width: 2100px) 100vw, 2100px\" \/><\/a><\/p>\n<h2><b>\u00bfQu\u00e9 tr\u00e1mites se realizan en el MINSAL?<\/b><\/h2>\n<p><span>En el d\u00eda a d\u00eda las empresas se mueven entre permisos, certificaciones y comunicaciones que pasan, directa o indirectamente, por el MINSAL o su red. Lo importante es tener un mapa simple para no perderse y llegar con la documentaci\u00f3n correcta a la primera.<\/span><\/p>\n<h4><b>Listado claro y pr\u00e1ctico<\/b><\/h4>\n<ul>\n<li style=\"font-weight: 400;\" aria-level=\"1\"><span>Solicitudes sanitarias para habilitaci\u00f3n, ampliaciones o cambios de proceso.<\/span><\/li>\n<li style=\"font-weight: 400;\" aria-level=\"1\"><span>Certificados, resoluciones y permisos asociados a instalaciones y productos.<\/span><\/li>\n<li style=\"font-weight: 400;\" aria-level=\"1\"><span>Notificaciones obligatorias de enfermedades o brotes en el entorno laboral.<\/span><\/li>\n<li style=\"font-weight: 400;\" aria-level=\"1\"><span>Consultas y denuncias frente a riesgos sanitarios detectados.<\/span><\/li>\n<li style=\"font-weight: 400;\" aria-level=\"1\"><span>Revisi\u00f3n de normativas y actualizaciones regulatorias que impactan la operaci\u00f3n.<\/span><\/li>\n<\/ul>\n<h4><b>Qu\u00e9 conviene preparar<\/b><\/h4>\n<ul>\n<li style=\"font-weight: 400;\" aria-level=\"1\"><span>Planos o diagramas simples del flujo de personas y materiales.<\/span><\/li>\n<li style=\"font-weight: 400;\" aria-level=\"1\"><span>Protocolos escritos: Limpieza, residuos, EPP, control de plagas, agua.<\/span><\/li>\n<li style=\"font-weight: 400;\" aria-level=\"1\"><span>Registros: Capacitaciones, auditor\u00edas internas, checklist de turnos.<\/span><\/li>\n<li style=\"font-weight: 400;\" aria-level=\"1\"><span>Responsables designados para responder fiscalizaciones.<\/span><\/li>\n<\/ul>\n<h2><b>\u00bfC\u00f3mo poner un reclamo en el MINSAL correctamente?<\/b><\/h2>\n<p><span>Cuando algo falla, la queja formal ordena la conversaci\u00f3n. Hecho bien, acelera respuestas y evita el ir y venir eterno. Hecho mal, se empantana. La diferencia suele estar en la claridad del relato y la evidencia que lo respalda.<\/span><\/p>\n<h4><b>Canales disponibles<\/b><\/h4>\n<ul>\n<li style=\"font-weight: 400;\" aria-level=\"1\"><span>Plataforma web institucional con registro y seguimiento.<\/span><\/li>\n<li style=\"font-weight: 400;\" aria-level=\"1\"><span>Seremi de Salud de la regi\u00f3n correspondiente.<\/span><\/li>\n<li style=\"font-weight: 400;\" aria-level=\"1\"><span>OIRS para orientaci\u00f3n y derivaciones formales.<\/span><\/li>\n<\/ul>\n<h4><b>Informaci\u00f3n obligatoria<\/b><\/h4>\n<ul>\n<li style=\"font-weight: 400;\" aria-level=\"1\"><span>Datos de contacto del remitente y de la empresa.<\/span><\/li>\n<li style=\"font-weight: 400;\" aria-level=\"1\"><span>Descripci\u00f3n precisa del hecho con lugar, fechas y responsables conocidos.<\/span><\/li>\n<li style=\"font-weight: 400;\" aria-level=\"1\"><span>Evidencias: fotos, actas, registros, protocolos aplicables.<\/span><\/li>\n<li style=\"font-weight: 400;\" aria-level=\"1\"><span>Medidas internas realizadas y solicitud concreta a la autoridad.<\/span><\/li>\n<\/ul>\n<h4><b>Consejos para RR.HH.<\/b><\/h4>\n<ul>\n<li style=\"font-weight: 400;\" aria-level=\"1\"><span>Acompa\u00f1ar el relato con foco en personas afectadas y riesgos a la continuidad.<\/span><\/li>\n<li style=\"font-weight: 400;\" aria-level=\"1\"><span>Coordinar con prevenci\u00f3n de riesgos y jur\u00eddica para pulir el texto.<\/span><\/li>\n<li style=\"font-weight: 400;\" aria-level=\"1\"><span>Registrar el caso en un folio interno y asignar responsable de seguimiento.<\/span><\/li>\n<\/ul>\n<h4><b>Buenas pr\u00e1cticas<\/b><\/h4>\n<ul>\n<li style=\"font-weight: 400;\" aria-level=\"1\"><span>Escalar solo lo necesario: primero resolver con el proveedor o \u00e1rea interna.<\/span><\/li>\n<li style=\"font-weight: 400;\" aria-level=\"1\"><span>Evitar juicios de valor; describir hechos y adjuntar respaldo.<\/span><\/li>\n<li style=\"font-weight: 400;\" aria-level=\"1\"><span>Mantener comunicaci\u00f3n con Seremi para ajustes r\u00e1pidos en sitio.<\/span><\/li>\n<\/ul>\n<h2><b>\u00bfQu\u00e9 beneficios brinda el MINSAL a los trabajadores?<\/b><\/h2>\n<p><span>No todo es control. Tambi\u00e9n hay programas y campa\u00f1as que agregan valor directo a la salud de la gente y, por rebote, a la productividad. El punto es usarlos y no dejarlos en el papel.<\/span><\/p>\n<h4><b>Programas y campa\u00f1as<\/b><\/h4>\n<ul>\n<li style=\"font-weight: 400;\" aria-level=\"1\"><span>Vacunaciones estacionales y espec\u00edficas para rubros de mayor exposici\u00f3n.<\/span><\/li>\n<li style=\"font-weight: 400;\" aria-level=\"1\"><span>Iniciativas de <\/span><a href=\"https:\/\/runahr.com\/cl\/recursos\/recursos-humanos\/salud-mental\/\"><span>salud mental<\/span><\/a><span> y primeros auxilios psicol\u00f3gicos.<\/span><\/li>\n<li style=\"font-weight: 400;\" aria-level=\"1\"><span>Acciones de prevenci\u00f3n para enfermedades contagiosas y cr\u00f3nicas.<\/span><\/li>\n<\/ul>\n<h4><b>Regulaci\u00f3n que cuida ambientes seguros<\/b><\/h4>\n<ul>\n<li style=\"font-weight: 400;\" aria-level=\"1\"><span>Exigencias para higiene, manipulaci\u00f3n de alimentos y residuos.<\/span><\/li>\n<li style=\"font-weight: 400;\" aria-level=\"1\"><span>Lineamientos para espacios compartidos, ventilaci\u00f3n y aforos.<\/span><\/li>\n<li style=\"font-weight: 400;\" aria-level=\"1\"><span>Coordinaci\u00f3n con mutualidades para capacitaci\u00f3n y apoyo cl\u00ednico.<\/span><\/li>\n<\/ul>\n<h4><b>C\u00f3mo aprovecharlo desde la empresa<\/b><\/h4>\n<ul>\n<li style=\"font-weight: 400;\" aria-level=\"1\"><span>Calendario anual integrado: Campa\u00f1as, ferias de salud, charlas.<\/span><\/li>\n<li style=\"font-weight: 400;\" aria-level=\"1\"><span>Alianzas con Seremi y mutual para operativos en terreno.<\/span><\/li>\n<li style=\"font-weight: 400;\" aria-level=\"1\"><span>Indicadores simples: Participaci\u00f3n, ausentismo, incidentes evitados.<\/span><\/li>\n<\/ul>\n<h2><b>\u00bfCu\u00e1l es el papel de recursos humanos frente al MINSAL?<\/b><\/h2>\n<p><a href=\"https:\/\/runahr.com\/cl\/recursos\/recursos-humanos\/recursos-humanos\/\"><span>Recursos humanos<\/span><\/a><span> es el puente: traduce normas en pr\u00e1cticas, comunica, ordena la evidencia y cuida la experiencia del trabajador. Tambi\u00e9n sostiene la relaci\u00f3n con Seremi para que el cumplimiento no sea solo \u201cpasar la prueba\u201d, sino una manera de trabajar.<\/span><\/p>\n<h4><b>Rol operativo<\/b><\/h4>\n<ul>\n<li style=\"font-weight: 400;\" aria-level=\"1\"><span>Implementar protocolos y mantenerlos actualizados seg\u00fan cambios regulatorios.<\/span><\/li>\n<li style=\"font-weight: 400;\" aria-level=\"1\"><span>Coordinar capacitaci\u00f3n y comunicaci\u00f3n interna con foco en riesgo.<\/span><\/li>\n<li style=\"font-weight: 400;\" aria-level=\"1\"><span>Consolidar documentaci\u00f3n para fiscalizaciones y reportes.<\/span><\/li>\n<\/ul>\n<h4><b>Rol estrat\u00e9gico<\/b><\/h4>\n<ul>\n<li style=\"font-weight: 400;\" aria-level=\"1\"><span>Integrar salud y seguridad a los <\/span><a href=\"https:\/\/runahr.com\/cl\/recursos\/recursos-humanos\/okr\/\"><span>OKR<\/span><\/a><span> del negocio.<\/span><\/li>\n<li style=\"font-weight: 400;\" aria-level=\"1\"><span>Levantar tendencias de ausentismo y <\/span><a href=\"https:\/\/runahr.com\/cl\/recursos\/recursos-humanos\/clima-laboral\/\"><span>clima laboral<\/span><\/a><span> para decisiones preventivas.<\/span><\/li>\n<li style=\"font-weight: 400;\" aria-level=\"1\"><span>Articular planes de continuidad con l\u00edderes de \u00e1rea y prevenci\u00f3n.<\/span><\/li>\n<\/ul>\n<p><span>La prevenci\u00f3n no es costo hundido: es ventaja competitiva. Cuando el MINSAL se ve como aliado y no solo como fiscalizador, la conversaci\u00f3n cambia. Se planifica mejor, se comunica a tiempo y los equipos conf\u00edan m\u00e1s en lo que la empresa decide.<\/span><\/p>\n<ul>\n<li style=\"font-weight: 400;\" aria-level=\"1\"><span>Prevenci\u00f3n como h\u00e1bito: Checklist mensuales y simulacros breves.<\/span><\/li>\n<li style=\"font-weight: 400;\" aria-level=\"1\"><span>RRHH liderando cumplimiento y <\/span><a href=\"https:\/\/runahr.com\/cl\/recursos\/recursos-humanos\/bienestar\/\"><span>bienestar<\/span><\/a><span> con indicadores visibles.<\/span><\/li>\n<li style=\"font-weight: 400;\" aria-level=\"1\"><span>Trabajo coordinado con Seremi y mutualidades para respuestas r\u00e1pidas.<\/span><\/li>\n<\/ul>\n<p><span>El resultado es simple: menos sobresaltos, m\u00e1s continuidad y una cultura que cuida a las personas sin frenar el negocio.<\/span><\/p>\n<p><a href=\"https:\/\/recursos.runahr.com\/cl-guia-salud-mental\"><img decoding=\"async\" class=\"alignnone size-full wp-image-1097974\" src=\"https:\/\/runahr.com\/wp-content\/uploads\/2026\/01\/CCL008.webp\" alt=\"Descargar gu\u00eda de salud mental para tu equipo\" width=\"2100\" height=\"830\" srcset=\"https:\/\/runahr.com\/wp-content\/uploads\/2026\/01\/CCL008.webp 2100w, https:\/\/runahr.com\/wp-content\/uploads\/2026\/01\/CCL008-300x119.webp 300w, https:\/\/runahr.com\/wp-content\/uploads\/2026\/01\/CCL008-1024x405.webp 1024w, https:\/\/runahr.com\/wp-content\/uploads\/2026\/01\/CCL008-768x304.webp 768w, https:\/\/runahr.com\/wp-content\/uploads\/2026\/01\/CCL008-1536x607.webp 1536w, https:\/\/runahr.com\/wp-content\/uploads\/2026\/01\/CCL008-2048x809.webp 2048w\" sizes=\"(max-width: 2100px) 100vw, 2100px\" \/><\/a><\/p>\n\t\t<h2 class=\"runa-faq-title\">Preguntas frecuentes<\/h2>\n\n\t\t<div class=\"runa-faq-accordion\">\n\t\t\t\t\t\t<details class=\"runa-faq-item\">\n\t\t\t\t<summary>\n\t\t\t\t\t<span>\u00bfQu\u00e9 conviene revisar primero si se deben ajustar pol\u00edticas internas por normas del MINSAL?<\/span>\n\t\t\t\t\t<i class=\"fas fa-chevron-down\" aria-hidden=\"true\"><\/i>\n\t\t\t\t<\/summary>\n\t\t\t\t<div class=\"runa-faq-content\">\n\t\t\t\t\t<p><span style=\"font-weight: 400\">Parte por el marco b\u00e1sico: el <\/span><a href=\"https:\/\/runahr.com\/cl\/recursos\/salario\/codigo-de-trabajo\/\"><span style=\"font-weight: 400\">C\u00f3digo del Trabajo<\/span><\/a><span style=\"font-weight: 400\"> y los criterios de la <\/span><a href=\"https:\/\/runahr.com\/cl\/recursos\/salario\/direccion-del-trabajo\/\"><span style=\"font-weight: 400\">Direcci\u00f3n del Trabajo<\/span><\/a><span style=\"font-weight: 400\">. Con eso alineas deber de protecci\u00f3n, reglamentos y comunicaciones a tu equipo.<\/span><\/p>\n\t\t\t\t<\/div>\n\t\t\t<\/details>\n\t\t\t\t\t\t<details class=\"runa-faq-item\">\n\t\t\t\t<summary>\n\t\t\t\t\t<span>\u00bfQu\u00e9 tr\u00e1mites tributarios suelen cruzarse cuando se adaptan instalaciones o protocolos de salud?<\/span>\n\t\t\t\t\t<i class=\"fas fa-chevron-down\" aria-hidden=\"true\"><\/i>\n\t\t\t\t<\/summary>\n\t\t\t\t<div class=\"runa-faq-content\">\n\t\t\t\t\t<p><span style=\"font-weight: 400\">Revisa exigencias del <\/span><a href=\"https:\/\/runahr.com\/cl\/recursos\/salario\/servicios-de-impuestos-internos\/\"><span style=\"font-weight: 400\">Servicio de Impuestos Internos<\/span><\/a><span style=\"font-weight: 400\"> y que el <\/span><a href=\"https:\/\/runahr.com\/cl\/recursos\/salario\/rut\/\"><span style=\"font-weight: 400\">Rol \u00danico Tributario (RUT)<\/span><\/a><span style=\"font-weight: 400\"> est\u00e9 vigente para respaldar compras, servicios y deducciones asociadas a adecuaciones sanitarias.<\/span><\/p>\n\t\t\t\t<\/div>\n\t\t\t<\/details>\n\t\t\t\t\t\t<details class=\"runa-faq-item\">\n\t\t\t\t<summary>\n\t\t\t\t\t<span>Si ocurre un accidente laboral, \u00bfqui\u00e9n supervisa y qui\u00e9n cubre?<\/span>\n\t\t\t\t\t<i class=\"fas fa-chevron-down\" aria-hidden=\"true\"><\/i>\n\t\t\t\t<\/summary>\n\t\t\t\t<div class=\"runa-faq-content\">\n\t\t\t\t\t<p><span style=\"font-weight: 400\">La <\/span><a href=\"https:\/\/runahr.com\/cl\/recursos\/salario\/superintendencia-de-seguridad-social\/\"><span style=\"font-weight: 400\">Superintendencia de Seguridad Social (SUSESO)<\/span><\/a><span style=\"font-weight: 400\"> fija y fiscaliza las reglas del seguro. El <\/span><a href=\"https:\/\/runahr.com\/cl\/recursos\/salario\/isl\/\"><span style=\"font-weight: 400\">Instituto de Seguridad Laboral (ISL)<\/span><\/a><span style=\"font-weight: 400\"> cubre a empresas adheridas con prestaciones y rehabilitaci\u00f3n.<\/span><\/p>\n\t\t\t\t<\/div>\n\t\t\t<\/details>\n\t\t\t\t\t\t<details class=\"runa-faq-item\">\n\t\t\t\t<summary>\n\t\t\t\t\t<span>\u00bfD\u00f3nde verificar datos previsionales para MINSAL y seguimientos r\u00e1pidos para mi gente?<\/span>\n\t\t\t\t\t<i class=\"fas fa-chevron-down\" aria-hidden=\"true\"><\/i>\n\t\t\t\t<\/summary>\n\t\t\t\t<div class=\"runa-faq-content\">\n\t\t\t\t\t<p><span style=\"font-weight: 400\">Contrasta registros en el <\/span><a href=\"https:\/\/runahr.com\/cl\/recursos\/recursos-humanos\/instituto-de-prevision-social\/\"><span style=\"font-weight: 400\">Instituto de Previsi\u00f3n Social (IPS)<\/span><\/a><span style=\"font-weight: 400\"> y usa <\/span><a href=\"https:\/\/runahr.com\/cl\/recursos\/salario\/ips-en-linea\/\"><span style=\"font-weight: 400\">IPS en l\u00ednea<\/span><\/a><span style=\"font-weight: 400\"> para consultas operativas, evitando cuellos de botella en momentos cr\u00edticos.<\/span><\/p>\n\t\t\t\t<\/div>\n\t\t\t<\/details>\n\t\t\t\t\t\t<details class=\"runa-faq-item\">\n\t\t\t\t<summary>\n\t\t\t\t\t<span>\u00bfC\u00f3mo explicar coberturas de MINSAL sin perderse en tecnicismos?<\/span>\n\t\t\t\t\t<i class=\"fas fa-chevron-down\" aria-hidden=\"true\"><\/i>\n\t\t\t\t<\/summary>\n\t\t\t\t<div class=\"runa-faq-content\">\n\t\t\t\t\t<p><span style=\"font-weight: 400\">Aterriza lo esencial de la <\/span><a href=\"https:\/\/runahr.com\/cl\/recursos\/salario\/isapre\/\"><span style=\"font-weight: 400\">Instituci\u00f3n de Salud Previsional (Isapre)<\/span><\/a><span style=\"font-weight: 400\"> y aclara c\u00f3mo convive con turnos, <\/span><a href=\"https:\/\/runahr.com\/cl\/recursos\/recursos-humanos\/jornada-laboral\/\"><span style=\"font-weight: 400\">jornada laboral<\/span><\/a><span style=\"font-weight: 400\"> y descansos. Menos letra chica, m\u00e1s claridad pr\u00e1ctica.<\/span><\/p>\n\t\t\t\t<\/div>\n\t\t\t<\/details>\n\t\t\t\t\t\t<details class=\"runa-faq-item\">\n\t\t\t\t<summary>\n\t\t\t\t\t<span>Al cerrar calendarios: \u00bfc\u00f3mo cuidad continuidad operativa y descanso del equipo?<\/span>\n\t\t\t\t\t<i class=\"fas fa-chevron-down\" aria-hidden=\"true\"><\/i>\n\t\t\t\t<\/summary>\n\t\t\t\t<div class=\"runa-faq-content\">\n\t\t\t\t\t<p><span style=\"font-weight: 400\">Define ventanas de <\/span><a href=\"https:\/\/runahr.com\/cl\/recursos\/beneficios\/vacaciones\/\"><span style=\"font-weight: 400\">vacaciones<\/span><\/a><span style=\"font-weight: 400\"> cruzadas con hitos productivos y turnos sensibles. Deja reglas simples para reemplazos y evita cargas desbalanceadas en periodos de alta demanda.<\/span><\/p>\n\t\t\t\t<\/div>\n\t\t\t<\/details>\n\t\t\t\t\t<\/div>\n\n\t\t<script>\n\t\t(function() {\n\t\t\tdocument.addEventListener('DOMContentLoaded', function() {\n\t\t\t\tvar items = document.querySelectorAll('.runa-faq-accordion details');\n\t\t\t\titems.forEach(function(target) {\n\t\t\t\t\ttarget.addEventListener('toggle', function() {\n\t\t\t\t\t\tif (target.open) {\n\t\t\t\t\t\t\titems.forEach(function(other) {\n\t\t\t\t\t\t\t\tif (other !== target && other.open) other.open = false;\n\t\t\t\t\t\t\t});\n\t\t\t\t\t\t}\n\t\t\t\t\t});\n\t\t\t\t});\n\t\t\t});\n\t\t})();\n\t\t<\/script>\n\t\t\n","protected":false},"excerpt":{"rendered":"<p>Porque la salud p\u00fablica no queda afuera del port\u00f3n de la empresa. El Ministerio de Salud (MINSAL) fija reglas, coordina fiscalizaciones y define est\u00e1ndares que terminan impactando turnos, planes de continuidad, contrataciones y hasta la reputaci\u00f3n de marca empleadora. Cuando hay claridad, se evitan sobresaltos; cuando no, aparecen multas, cierres temporales o tensiones internas.\u00a0 Mirado [&hellip;]<\/p>\n","protected":false},"author":100,"featured_media":1106335,"comment_status":"closed","ping_status":"closed","sticky":false,"template":"","format":"standard","meta":{"_acf_changed":false,"_wp_applaud_exclude":false,"footnotes":""},"categories":[1606,1587],"tags":[1596,1783],"class_list":["post-1106334","post","type-post","status-publish","format-standard","has-post-thumbnail","hentry","category-recursos","category-recursos-humanos","tag-articulo-cl","tag-recursos-humanos-4"],"acf":[],"yoast_head":"<!-- This site is optimized with the Yoast SEO Premium plugin v26.1 (Yoast SEO v27.4) - https:\/\/yoast.com\/product\/yoast-seo-premium-wordpress\/ -->\n<title>MINSAL: \u00bfQu\u00e9 es? \u00bfCu\u00e1l es su funci\u00f3n? | CL | Runa HR<\/title>\n<meta name=\"description\" content=\"Qu\u00e9 es MINSAL y c\u00f3mo impacta a las empresas: normas, fiscalizaciones, protocolos, tr\u00e1mites y rol de RR.HH. para continuidad y confianza.\" \/>\n<meta name=\"robots\" content=\"index, follow, max-snippet:-1, max-image-preview:large, max-video-preview:-1\" \/>\n<link rel=\"canonical\" href=\"https:\/\/runahr.com\/cl\/recursos\/recursos-humanos\/minsal\/\" \/>\n<meta property=\"og:locale\" content=\"es_ES\" \/>\n<meta property=\"og:type\" content=\"article\" \/>\n<meta property=\"og:title\" content=\"MINSAL: \u00bfQu\u00e9 es? \u00bfCu\u00e1l es su funci\u00f3n? | CL | Runa HR\" \/>\n<meta property=\"og:description\" content=\"Qu\u00e9 es MINSAL y c\u00f3mo impacta a las empresas: normas, fiscalizaciones, protocolos, tr\u00e1mites y rol de RR.HH. para continuidad y confianza.\" \/>\n<meta property=\"og:url\" content=\"https:\/\/runahr.com\/cl\/recursos\/recursos-humanos\/minsal\/\" \/>\n<meta property=\"og:site_name\" content=\"Runa HR\" \/>\n<meta property=\"article:publisher\" content=\"https:\/\/www.facebook.com\/runahr\/\" \/>\n<meta property=\"article:published_time\" content=\"2026-03-11T13:35:33+00:00\" \/>\n<meta property=\"og:image\" content=\"https:\/\/runahr.com\/wp-content\/uploads\/2026\/03\/MINSAL.webp\" \/>\n\t<meta property=\"og:image:width\" content=\"2048\" \/>\n\t<meta property=\"og:image:height\" content=\"827\" \/>\n\t<meta property=\"og:image:type\" content=\"image\/webp\" \/>\n<meta name=\"author\" content=\"Edgar Padilla\" \/>\n<meta name=\"twitter:card\" content=\"summary_large_image\" \/>\n<meta name=\"twitter:creator\" content=\"@runahr\" \/>\n<meta name=\"twitter:site\" content=\"@runahr\" \/>\n<meta name=\"twitter:label1\" content=\"Escrito por\" \/>\n\t<meta name=\"twitter:data1\" content=\"Edgar Padilla\" \/>\n\t<meta name=\"twitter:label2\" content=\"Tiempo estimado de lectura\" \/>\n\t<meta name=\"twitter:data2\" content=\"7 minutos\" \/>\n<!-- \/ Yoast SEO Premium plugin. -->","yoast_head_json":{"title":"MINSAL: \u00bfQu\u00e9 es? \u00bfCu\u00e1l es su funci\u00f3n? | CL | Runa HR","description":"Qu\u00e9 es MINSAL y c\u00f3mo impacta a las empresas: normas, fiscalizaciones, protocolos, tr\u00e1mites y rol de RR.HH. para continuidad y confianza.","robots":{"index":"index","follow":"follow","max-snippet":"max-snippet:-1","max-image-preview":"max-image-preview:large","max-video-preview":"max-video-preview:-1"},"canonical":"https:\/\/runahr.com\/cl\/recursos\/recursos-humanos\/minsal\/","og_locale":"es_ES","og_type":"article","og_title":"MINSAL: \u00bfQu\u00e9 es? \u00bfCu\u00e1l es su funci\u00f3n? | CL | Runa HR","og_description":"Qu\u00e9 es MINSAL y c\u00f3mo impacta a las empresas: normas, fiscalizaciones, protocolos, tr\u00e1mites y rol de RR.HH. para continuidad y confianza.","og_url":"https:\/\/runahr.com\/cl\/recursos\/recursos-humanos\/minsal\/","og_site_name":"Runa HR","article_publisher":"https:\/\/www.facebook.com\/runahr\/","article_published_time":"2026-03-11T13:35:33+00:00","og_image":[{"width":2048,"height":827,"url":"https:\/\/runahr.com\/wp-content\/uploads\/2026\/03\/MINSAL.webp","type":"image\/webp"}],"author":"Edgar Padilla","twitter_card":"summary_large_image","twitter_creator":"@runahr","twitter_site":"@runahr","twitter_misc":{"Escrito por":"Edgar Padilla","Tiempo estimado de lectura":"7 minutos"},"schema":{"@context":"https:\/\/schema.org","@graph":[{"@type":"Article","@id":"https:\/\/runahr.com\/cl\/recursos\/recursos-humanos\/minsal\/#article","isPartOf":{"@id":"https:\/\/runahr.com\/cl\/recursos\/recursos-humanos\/minsal\/"},"author":{"name":"Edgar Padilla","@id":"https:\/\/runahr.com\/cl\/#\/schema\/person\/3739dc18365f82019e4c8b5a13aad319"},"headline":"MINSAL: \u00bfQu\u00e9 es? \u00bfCu\u00e1l es su funci\u00f3n?","datePublished":"2026-03-11T13:35:33+00:00","mainEntityOfPage":{"@id":"https:\/\/runahr.com\/cl\/recursos\/recursos-humanos\/minsal\/"},"wordCount":1483,"publisher":{"@id":"https:\/\/runahr.com\/cl\/#organization"},"image":{"@id":"https:\/\/runahr.com\/cl\/recursos\/recursos-humanos\/minsal\/#primaryimage"},"thumbnailUrl":"https:\/\/runahr.com\/wp-content\/uploads\/2026\/03\/MINSAL.webp","keywords":["Art\u00edculo","Recursos humanos"],"articleSection":["Recursos","Recursos humanos"],"inLanguage":"es-CL"},{"@type":"WebPage","@id":"https:\/\/runahr.com\/cl\/recursos\/recursos-humanos\/minsal\/","url":"https:\/\/runahr.com\/cl\/recursos\/recursos-humanos\/minsal\/","name":"MINSAL: \u00bfQu\u00e9 es? \u00bfCu\u00e1l es su funci\u00f3n? | CL | Runa HR","isPartOf":{"@id":"https:\/\/runahr.com\/cl\/#website"},"primaryImageOfPage":{"@id":"https:\/\/runahr.com\/cl\/recursos\/recursos-humanos\/minsal\/#primaryimage"},"image":{"@id":"https:\/\/runahr.com\/cl\/recursos\/recursos-humanos\/minsal\/#primaryimage"},"thumbnailUrl":"https:\/\/runahr.com\/wp-content\/uploads\/2026\/03\/MINSAL.webp","datePublished":"2026-03-11T13:35:33+00:00","description":"Qu\u00e9 es MINSAL y c\u00f3mo impacta a las empresas: normas, fiscalizaciones, protocolos, tr\u00e1mites y rol de RR.HH. para continuidad y confianza.","breadcrumb":{"@id":"https:\/\/runahr.com\/cl\/recursos\/recursos-humanos\/minsal\/#breadcrumb"},"inLanguage":"es-CL","potentialAction":[{"@type":"ReadAction","target":["https:\/\/runahr.com\/cl\/recursos\/recursos-humanos\/minsal\/"]}]},{"@type":"ImageObject","inLanguage":"es-CL","@id":"https:\/\/runahr.com\/cl\/recursos\/recursos-humanos\/minsal\/#primaryimage","url":"https:\/\/runahr.com\/wp-content\/uploads\/2026\/03\/MINSAL.webp","contentUrl":"https:\/\/runahr.com\/wp-content\/uploads\/2026\/03\/MINSAL.webp","width":2048,"height":827,"caption":"MINSAL"},{"@type":"BreadcrumbList","@id":"https:\/\/runahr.com\/cl\/recursos\/recursos-humanos\/minsal\/#breadcrumb","itemListElement":[{"@type":"ListItem","position":1,"name":"Home","item":"https:\/\/runahr.com\/cl\/"},{"@type":"ListItem","position":2,"name":"Recursos","item":"https:\/\/runahr.com\/cl\/category\/recursos\/"},{"@type":"ListItem","position":3,"name":"Recursos humanos","item":"https:\/\/runahr.com\/cl\/category\/recursos\/recursos-humanos\/"},{"@type":"ListItem","position":4,"name":"MINSAL: \u00bfQu\u00e9 es? \u00bfCu\u00e1l es su funci\u00f3n?"}]},{"@type":"WebSite","@id":"https:\/\/runahr.com\/cl\/#website","url":"https:\/\/runahr.com\/cl\/","name":"Runa HR","description":"Software de N\u00f3mina y Gesti\u00f3n de RRHH","publisher":{"@id":"https:\/\/runahr.com\/cl\/#organization"},"potentialAction":[{"@type":"SearchAction","target":{"@type":"EntryPoint","urlTemplate":"https:\/\/runahr.com\/cl\/?s={search_term_string}"},"query-input":{"@type":"PropertyValueSpecification","valueRequired":true,"valueName":"search_term_string"}}],"inLanguage":"es-CL"},{"@type":"Organization","@id":"https:\/\/runahr.com\/cl\/#organization","name":"Runa HR","url":"https:\/\/runahr.com\/cl\/","logo":{"@type":"ImageObject","inLanguage":"es-CL","@id":"https:\/\/runahr.com\/cl\/#\/schema\/logo\/image\/","url":"https:\/\/runahr.com\/wp-content\/uploads\/2018\/05\/xDzHFcQY_400x400.jpg","contentUrl":"https:\/\/runahr.com\/wp-content\/uploads\/2018\/05\/xDzHFcQY_400x400.jpg","width":400,"height":400,"caption":"Runa HR"},"image":{"@id":"https:\/\/runahr.com\/cl\/#\/schema\/logo\/image\/"},"sameAs":["https:\/\/www.facebook.com\/runahr\/","https:\/\/x.com\/runahr","https:\/\/www.instagram.com\/runahr\/","https:\/\/mx.linkedin.com\/company\/runahr","https:\/\/www.youtube.com\/channel\/UCAZ21FupFMLIb1c7PPaU6Ew"]},{"@type":"Person","@id":"https:\/\/runahr.com\/cl\/#\/schema\/person\/3739dc18365f82019e4c8b5a13aad319","name":"Edgar Padilla","image":{"@type":"ImageObject","inLanguage":"es-CL","@id":"https:\/\/secure.gravatar.com\/avatar\/8e8620f0f4a0cdfb4cecfa7df33d7ed05425d393e77f8cf0fc159df2427558f6?s=96&d=mm&r=g","url":"https:\/\/secure.gravatar.com\/avatar\/8e8620f0f4a0cdfb4cecfa7df33d7ed05425d393e77f8cf0fc159df2427558f6?s=96&d=mm&r=g","contentUrl":"https:\/\/secure.gravatar.com\/avatar\/8e8620f0f4a0cdfb4cecfa7df33d7ed05425d393e77f8cf0fc159df2427558f6?s=96&d=mm&r=g","caption":"Edgar Padilla"},"url":"https:\/\/runahr.com\/cl\/author\/edgar_padilla\/"}]}},"_links":{"self":[{"href":"https:\/\/runahr.com\/cl\/wp-json\/wp\/v2\/posts\/1106334","targetHints":{"allow":["GET"]}}],"collection":[{"href":"https:\/\/runahr.com\/cl\/wp-json\/wp\/v2\/posts"}],"about":[{"href":"https:\/\/runahr.com\/cl\/wp-json\/wp\/v2\/types\/post"}],"author":[{"embeddable":true,"href":"https:\/\/runahr.com\/cl\/wp-json\/wp\/v2\/users\/100"}],"replies":[{"embeddable":true,"href":"https:\/\/runahr.com\/cl\/wp-json\/wp\/v2\/comments?post=1106334"}],"version-history":[{"count":0,"href":"https:\/\/runahr.com\/cl\/wp-json\/wp\/v2\/posts\/1106334\/revisions"}],"wp:featuredmedia":[{"embeddable":true,"href":"https:\/\/runahr.com\/cl\/wp-json\/wp\/v2\/media\/1106335"}],"wp:attachment":[{"href":"https:\/\/runahr.com\/cl\/wp-json\/wp\/v2\/media?parent=1106334"}],"wp:term":[{"taxonomy":"category","embeddable":true,"href":"https:\/\/runahr.com\/cl\/wp-json\/wp\/v2\/categories?post=1106334"},{"taxonomy":"post_tag","embeddable":true,"href":"https:\/\/runahr.com\/cl\/wp-json\/wp\/v2\/tags?post=1106334"}],"curies":[{"name":"wp","href":"https:\/\/api.w.org\/{rel}","templated":true}]}}