{"id":1106346,"date":"2026-03-11T08:20:12","date_gmt":"2026-03-11T14:20:12","guid":{"rendered":"https:\/\/runahr.com\/?p=1106346"},"modified":"2026-03-11T08:20:12","modified_gmt":"2026-03-11T14:20:12","slug":"desarrollo-personal","status":"publish","type":"post","link":"https:\/\/runahr.com\/cl\/recursos\/recursos-humanos\/desarrollo-personal\/","title":{"rendered":"Desarrollo personal: \u00bfC\u00f3mo funciona? \u00bfPor qu\u00e9 es importante?"},"content":{"rendered":"<p><span>Las personas esperan aprendizaje continuo, <\/span><a href=\"https:\/\/runahr.com\/cl\/recursos\/recursos-humanos\/flexibilidad\/\"><span>flexibilidad<\/span><\/a><span> y bienestar real; las empresas necesitan <\/span><a href=\"https:\/\/runahr.com\/cl\/recursos\/recursos-humanos\/productividad\/\"><span>productividad<\/span><\/a><span>, <\/span><a href=\"https:\/\/runahr.com\/cl\/recursos\/recursos-humanos\/resiliencia\/\"><span>resiliencia<\/span><\/a><span> y equipos que se entiendan bien. Cuando ambos mundos se alinean, la rotaci\u00f3n baja, el compromiso sube y la ejecuci\u00f3n se ordena. En Chile, con escasez de ciertos perfiles y competencia por talento, invertir en desarrollo personal dej\u00f3 de ser \u201cbeneficio nice-to-have\u201d y pas\u00f3 a ser estrategia para sostener resultados y cuidar a la gente.<\/span><\/p>\n<p><span>En el mercado actual se observan expectativas de carrera menos lineales y m\u00e1s por proyectos. Una mayor valoraci\u00f3n de habilidades humanas: comunicaci\u00f3n, <\/span><a href=\"https:\/\/runahr.com\/cl\/recursos\/recursos-humanos\/colaboracion\/\"><span>colaboraci\u00f3n<\/span><\/a><span>, autocuidado. Y una alta demanda por l\u00edderes que acompa\u00f1en y den <\/span><a href=\"https:\/\/runahr.com\/cl\/recursos\/salario\/feedback\/\"><span>feedback<\/span><\/a><span> \u00fatil, no solo tareas.<\/span><\/p>\n<h2><b>\u00bfQu\u00e9 se entiende por desarrollo personal en Chile?<\/b><\/h2>\n<p><span>Es el proceso por el cual una persona cultiva habilidades, h\u00e1bitos y actitudes que le permiten vivir y trabajar mejor. Se nutre de experiencias, formaci\u00f3n y pr\u00e1ctica deliberada. No compite con lo profesional; lo potencia. En la <\/span><a href=\"https:\/\/runahr.com\/cl\/recursos\/recursos-humanos\/empresa\/\"><span>empresa<\/span><\/a><span>, se traduce en gente m\u00e1s consciente, m\u00e1s efectiva y menos friccionada al cambiar prioridades.<\/span><\/p>\n<h4><b>Diferencias necesarias<\/b><\/h4>\n<ul>\n<li style=\"font-weight: 400;\" aria-level=\"1\"><b>Desarrollo profesional: <\/b><span>Foco en habilidades t\u00e9cnicas y de rol.<\/span><\/li>\n<li style=\"font-weight: 400;\" aria-level=\"1\"><b>Autoliderazgo: <\/b><span>Capacidad de gestionar energ\u00eda, prioridades y decisiones.<\/span><\/li>\n<li style=\"font-weight: 400;\" aria-level=\"1\"><b>Desarrollo personal: <\/b><span>Integra lo anterior con mirada integral de <\/span><a href=\"https:\/\/runahr.com\/cl\/recursos\/recursos-humanos\/bienestar\/\"><span>bienestar<\/span><\/a><span> y prop\u00f3sito.<\/span><\/li>\n<\/ul>\n<h4><b>De lo individual a lo organizacional<\/b><\/h4>\n<p><span>Cuando el desarrollo personal se incorpora al sistema (rituales, conversaciones, m\u00e9tricas) se vuelve responsabilidad compartida. L\u00edderes y RRHH habilitan; cada persona pr\u00e1ctica y sostiene.<\/span><\/p>\n<p><a href=\"https:\/\/recursos.runahr.com\/kit-desarrollo-profesional\"><img fetchpriority=\"high\" decoding=\"async\" class=\"alignnone size-full wp-image-1098209\" src=\"https:\/\/runahr.com\/wp-content\/uploads\/2026\/01\/CCL029.webp\" alt=\"Descargar KIT de desarrollo profesional\" width=\"2254\" height=\"888\" srcset=\"https:\/\/runahr.com\/wp-content\/uploads\/2026\/01\/CCL029.webp 2254w, https:\/\/runahr.com\/wp-content\/uploads\/2026\/01\/CCL029-300x118.webp 300w, https:\/\/runahr.com\/wp-content\/uploads\/2026\/01\/CCL029-1024x403.webp 1024w, https:\/\/runahr.com\/wp-content\/uploads\/2026\/01\/CCL029-768x303.webp 768w, https:\/\/runahr.com\/wp-content\/uploads\/2026\/01\/CCL029-1536x605.webp 1536w, https:\/\/runahr.com\/wp-content\/uploads\/2026\/01\/CCL029-2048x807.webp 2048w\" sizes=\"(max-width: 2254px) 100vw, 2254px\" \/><\/a><\/p>\n<h2><b>\u00bfPara qu\u00e9 sirve el desarrollo personal?<\/b><\/h2>\n<p><span>Sirve para elevar la efectividad sin quemar a los equipos. Tambi\u00e9n para navegar la incertidumbre con cabeza fr\u00eda. La organizaci\u00f3n gana agilidad y las personas, herramientas para responder mejor a lo que viene.<\/span><\/p>\n<h4><b>Beneficios concretos<\/b><\/h4>\n<ul>\n<li style=\"font-weight: 400;\" aria-level=\"1\"><span>Potenciaci\u00f3n de habilidades blandas y socioemocionales que impactan servicio y coordinaci\u00f3n.<\/span><\/li>\n<li style=\"font-weight: 400;\" aria-level=\"1\"><span>Mejor <\/span><a href=\"https:\/\/runahr.com\/cl\/recursos\/recursos-humanos\/desempeno\/\"><span>desempe\u00f1o<\/span><\/a><span>, resiliencia y <\/span><a href=\"https:\/\/runahr.com\/cl\/recursos\/recursos-humanos\/toma-de-decisiones\/\"><span>toma de decisiones<\/span><\/a><span> bajo presi\u00f3n.<\/span><\/li>\n<li style=\"font-weight: 400;\" aria-level=\"1\"><span>Conexi\u00f3n entre metas personales y objetivos organizacionales, reduciendo fricci\u00f3n.<\/span><\/li>\n<\/ul>\n<h4><b>Ejemplos t\u00edpicos<\/b><\/h4>\n<ul>\n<li style=\"font-weight: 400;\" aria-level=\"1\"><span>Equipos comerciales que entrenan escucha y preparaci\u00f3n de reuniones cr\u00edticas.<\/span><\/li>\n<li style=\"font-weight: 400;\" aria-level=\"1\"><span>Operaciones que refuerzan h\u00e1bitos de seguridad y pausas activas.<\/span><\/li>\n<li style=\"font-weight: 400;\" aria-level=\"1\"><span>Mandos medios que practican <\/span><a href=\"https:\/\/runahr.com\/cl\/recursos\/recursos-humanos\/retroalimentacion\/\"><span>retroalimentaci\u00f3n<\/span><\/a><span> breve y frecuente.<\/span><\/li>\n<\/ul>\n<h2><b>\u00bfC\u00f3mo funciona el desarrollo personal en el trabajo?<\/b><\/h2>\n<p><span>Funciona cuando se integra al ciclo de personas: formaci\u00f3n, feedback, objetivos y <\/span><a href=\"https:\/\/runahr.com\/cl\/recursos\/recursos-humanos\/reconocimiento\/\"><span>reconocimiento<\/span><\/a><span>. No vive en un curso, sino en c\u00f3mo se conversa y se decide todos los d\u00edas. La regla: menos PowerPoint, m\u00e1s pr\u00e1ctica acompa\u00f1ada.<\/span><\/p>\n<h4><b>Integraci\u00f3n al sistema<\/b><\/h4>\n<ul>\n<li style=\"font-weight: 400;\" aria-level=\"1\"><span>Planes de formaci\u00f3n con m\u00f3dulos cortos y aplicables.<\/span><\/li>\n<li style=\"font-weight: 400;\" aria-level=\"1\"><span>Feedback continuo con foco en comportamientos observables.<\/span><\/li>\n<li style=\"font-weight: 400;\" aria-level=\"1\"><span>Programas de <\/span><a href=\"https:\/\/runahr.com\/cl\/recursos\/recursos-humanos\/liderazgo\/\"><span>liderazgo<\/span><\/a><span> que modelan h\u00e1bitos y conversaciones de calidad.<\/span><\/li>\n<\/ul>\n<h4><b>Impacto operativo<\/b><\/h4>\n<ul>\n<li style=\"font-weight: 400;\" aria-level=\"1\"><span>Colaboraci\u00f3n m\u00e1s fluida entre \u00e1reas; menos \u201cpases al vac\u00edo\u201d.<\/span><\/li>\n<li style=\"font-weight: 400;\" aria-level=\"1\"><span>Comunicaci\u00f3n m\u00e1s clara en turnos, reuniones y canales digitales.<\/span><\/li>\n<li style=\"font-weight: 400;\" aria-level=\"1\"><span>Resoluci\u00f3n de conflictos m\u00e1s temprana, con menos escalamiento.<\/span><\/li>\n<\/ul>\n<h2><b>\u00bfCu\u00e1l es la funci\u00f3n del desarrollo personal en Chile?<\/b><\/h2>\n<p><span>En simple, ordena el \u201cc\u00f3mo trabajamos\u201d para que no dependa del <\/span><a href=\"https:\/\/runahr.com\/cl\/recursos\/recursos-humanos\/jefe\/\"><span>jefe<\/span><\/a><span> de turno. En Chile, donde conviven regulaciones exigentes y realidades operativas muy distintas entre regiones, el desarrollo personal baja a tierra competencias que la empresa dice valorar (comunicaci\u00f3n, colaboraci\u00f3n, criterio) y las vuelve h\u00e1bitos observables. Alinea lenguaje, expectativas y pr\u00e1cticas. Menos discurso, m\u00e1s consistencia en la ejecuci\u00f3n.<\/span><\/p>\n<p><span>Tambi\u00e9n conversa con la automatizaci\u00f3n: cuando llegan nuevas plataformas o flujos digitales, las personas que han entrenado atenci\u00f3n, curiosidad y <\/span><a href=\"https:\/\/runahr.com\/cl\/recursos\/recursos-humanos\/gestion\/\"><span>gesti\u00f3n<\/span><\/a><span> emocional adoptan m\u00e1s r\u00e1pido y con menos fricci\u00f3n. RRHH gana un set de herramientas para sostener bienestar sin soltar el desempe\u00f1o: gu\u00edas de conversaciones, microh\u00e1bitos, acompa\u00f1amiento de l\u00edderes y m\u00e9tricas que muestran progreso real.<\/span><\/p>\n<h4><b>Conexiones clave<\/b><\/h4>\n<ul>\n<li style=\"font-weight: 400;\" aria-level=\"1\"><span>Fomento de <\/span><a href=\"https:\/\/runahr.com\/cl\/recursos\/recursos-humanos\/competencias-laborales\/\"><span>competencias laborales<\/span><\/a><span> alineadas al SENCE y a la empleabilidad vigente con rutas formativas modulares y certificables.<\/span><\/li>\n<li style=\"font-weight: 400;\" aria-level=\"1\"><span>Preparaci\u00f3n para nuevas formas de <\/span><a href=\"https:\/\/runahr.com\/cl\/recursos\/salario\/trabajo\/\"><span>trabajo<\/span><\/a><span> y tecnolog\u00edas con foco en mentalidad de aprendizaje y adaptabilidad cotidiana.<\/span><\/li>\n<li style=\"font-weight: 400;\" aria-level=\"1\"><span>Contribuci\u00f3n al bienestar laboral, prioridad declarada en muchas industrias, mediante pr\u00e1cticas simples: pausas activas, feedback breve y claridad de cargas.<\/span><\/li>\n<li style=\"font-weight: 400;\" aria-level=\"1\"><span>Traducci\u00f3n de la estrategia a conductas diarias: acuerdos de equipo, tableros visibles y reuniones cortas que cuidan el tiempo.<\/span><\/li>\n<li style=\"font-weight: 400;\" aria-level=\"1\"><span>Soporte a l\u00edderes de primera l\u00ednea para sostener conversaciones dif\u00edciles sin escalar innecesariamente.<\/span><\/li>\n<\/ul>\n<h2><b>\u00bfPor qu\u00e9 es importante el desarrollo personal?<\/b><\/h2>\n<p><span>Porque estabiliza la operaci\u00f3n en d\u00edas movidos. Habilita adaptabilidad, pensamiento cr\u00edtico y autonom\u00eda; y, cuando la gente se gestiona mejor, el flujo de trabajo se ordena. Menos urgencias inventadas, menos retrabajo. En cualquier industria, eso pega directo en experiencia de cliente y en resultados.<\/span><\/p>\n<p><span>Adem\u00e1s, crea un piso cultural donde equivocarse temprano y corregir r\u00e1pido <\/span><a href=\"https:\/\/runahr.com\/cl\/recursos\/recursos-humanos\/vale\/\"><span>vale<\/span><\/a><span> m\u00e1s que \u201ctener la raz\u00f3n\u201d. Ese cambio baja el miedo, acelera decisiones y retiene talento que quiere aprender sin quemarse en el intento.<\/span><\/p>\n<h4><b>Lo que cambia en el d\u00eda a d\u00eda<\/b><\/h4>\n<ul>\n<li style=\"font-weight: 400;\" aria-level=\"1\"><span>Mayor autonom\u00eda y autogesti\u00f3n con menos supervisi\u00f3n correctiva gracias a objetivos claros y acuerdos escritos.<\/span><\/li>\n<li style=\"font-weight: 400;\" aria-level=\"1\"><span>Mejores decisiones en menos tiempo por foco y criterio: priorizaci\u00f3n visible y uso de datos b\u00e1sicos antes de escalar.<\/span><\/li>\n<li style=\"font-weight: 400;\" aria-level=\"1\"><span>Culturas m\u00e1s maduras y colaborativas que retienen talento porque hay respeto, reconocimiento y conversaciones a tiempo.<\/span><\/li>\n<li style=\"font-weight: 400;\" aria-level=\"1\"><span>Menos fricci\u00f3n entre \u00e1reas: handoffs ordenados, checklists compartidos y canales definidos para resolver.<\/span><\/li>\n<li style=\"font-weight: 400;\" aria-level=\"1\"><span>Bienestar m\u00e1s sostenible: h\u00e1bitos de energ\u00eda (sue\u00f1o, pausas, movimiento) que no dependen de campa\u00f1as puntuales.<\/span><\/li>\n<\/ul>\n<h2><b>\u00bfCu\u00e1les son las caracter\u00edsticas del desarrollo personal?<\/b><\/h2>\n<p><span>Se reconoce por su constancia y por anclarse en h\u00e1bitos, no solo en cursos. El desarrollo personal ordena metas, crea lenguaje com\u00fan y baja la ansiedad operacional cuando las prioridades cambian. Es pr\u00e1ctico o no sirve.<\/span><\/p>\n<h4><b>Rasgos esenciales<\/b><\/h4>\n<ul>\n<li style=\"font-weight: 400;\" aria-level=\"1\"><span>Proceso continuo y voluntario con responsabilidad compartida entre persona, l\u00edder y RRHH.<\/span><\/li>\n<li style=\"font-weight: 400;\" aria-level=\"1\"><span>Centrado en la <\/span><a href=\"https:\/\/runahr.com\/cl\/recursos\/recursos-humanos\/autoevaluacion\/\"><span>autoevaluaci\u00f3n<\/span><\/a><span> honesta y el aprendizaje aplicable.<\/span><\/li>\n<li style=\"font-weight: 400;\" aria-level=\"1\"><span>Enfoque integral que cruza emociones, habilidades, h\u00e1bitos y mentalidad.<\/span><\/li>\n<li style=\"font-weight: 400;\" aria-level=\"1\"><span>Basado en metas claras, seguimiento y peque\u00f1as victorias semanales.<\/span><\/li>\n<\/ul>\n<p><a href=\"https:\/\/recursos.runahr.com\/formato-registro-objetivos-smart\"><img decoding=\"async\" class=\"alignnone size-full wp-image-1098128\" src=\"https:\/\/runahr.com\/wp-content\/uploads\/2026\/01\/CCL014.webp\" alt=\"Descargar formato de registro de objetivos SMART\" width=\"2100\" height=\"830\" srcset=\"https:\/\/runahr.com\/wp-content\/uploads\/2026\/01\/CCL014.webp 2100w, https:\/\/runahr.com\/wp-content\/uploads\/2026\/01\/CCL014-300x119.webp 300w, https:\/\/runahr.com\/wp-content\/uploads\/2026\/01\/CCL014-1024x405.webp 1024w, https:\/\/runahr.com\/wp-content\/uploads\/2026\/01\/CCL014-768x304.webp 768w, https:\/\/runahr.com\/wp-content\/uploads\/2026\/01\/CCL014-1536x607.webp 1536w, https:\/\/runahr.com\/wp-content\/uploads\/2026\/01\/CCL014-2048x809.webp 2048w\" sizes=\"(max-width: 2100px) 100vw, 2100px\" \/><\/a><\/p>\n<h2><b>\u00bfQu\u00e9 tipos de desarrollo personal existen?<\/b><\/h2>\n<p><span>No todas las brechas se resuelven igual. Conviene priorizar dos o tres frentes y medir su efecto en el trabajo real. Menos es m\u00e1s.<\/span><\/p>\n<h4><b>Desarrollo emocional<\/b><\/h4>\n<ul>\n<li style=\"font-weight: 400;\" aria-level=\"1\"><span>Gesti\u00f3n del <\/span><a href=\"https:\/\/runahr.com\/cl\/recursos\/recursos-humanos\/estres-laboral\/\"><span>estr\u00e9s laboral<\/span><\/a><span> con pausas activas y l\u00edmites saludables.<\/span><\/li>\n<li style=\"font-weight: 400;\" aria-level=\"1\"><a href=\"https:\/\/runahr.com\/cl\/recursos\/recursos-humanos\/inteligencia-emocional\/\"><span>Inteligencia emocional<\/span><\/a><span> para conversaciones dif\u00edciles y servicio al cliente.<\/span><\/li>\n<\/ul>\n<h4><b>Desarrollo cognitivo<\/b><\/h4>\n<ul>\n<li style=\"font-weight: 400;\" aria-level=\"1\"><span>Pensamiento cr\u00edtico y toma de decisiones con datos y criterio.<\/span><\/li>\n<li style=\"font-weight: 400;\" aria-level=\"1\"><span>Resoluci\u00f3n de problemas priorizando causas ra\u00edz sobre parches.<\/span><\/li>\n<\/ul>\n<h4><b>Tambi\u00e9n desarrollo social<\/b><\/h4>\n<ul>\n<li style=\"font-weight: 400;\" aria-level=\"1\"><span>Comunicaci\u00f3n clara y acuerdos escritos para reducir malentendidos.<\/span><\/li>\n<li style=\"font-weight: 400;\" aria-level=\"1\"><span>Relaciones interpersonales que cuidan el respeto y aceleran la coordinaci\u00f3n.<\/span><\/li>\n<\/ul>\n<h4><b>Desarrollo del liderazgo<\/b><\/h4>\n<ul>\n<li style=\"font-weight: 400;\" aria-level=\"1\"><span>Autoconocimiento, influencia y capacidad de dar direcci\u00f3n simple.<\/span><\/li>\n<li style=\"font-weight: 400;\" aria-level=\"1\"><span>H\u00e1bito de feedback breve, frecuente y accionable.<\/span><\/li>\n<\/ul>\n<h4><b>Desarrollo f\u00edsico y bienestar<\/b><\/h4>\n<ul>\n<li style=\"font-weight: 400;\" aria-level=\"1\"><span>Energ\u00eda y salud: sue\u00f1o, movimiento y alimentaci\u00f3n que sostengan el desempe\u00f1o.<\/span><\/li>\n<li style=\"font-weight: 400;\" aria-level=\"1\"><span>Herramientas de autocuidado para periodos de alta demanda.<\/span><\/li>\n<\/ul>\n<h2><b>\u00bfC\u00f3mo gestionar el desarrollo personal correctamente?<\/b><\/h2>\n<p><span>Con sistema, no a la buena de Dios. Si se integra al ciclo de talento, despega; si vive solo en charlas espor\u00e1dicas, se apaga. La consistencia manda.<\/span><\/p>\n<h4><b>Pr\u00e1cticas que funcionan<\/b><\/h4>\n<ul>\n<li style=\"font-weight: 400;\" aria-level=\"1\"><span>Establecer objetivos claros y alcanzables con m\u00e9tricas de comportamiento.<\/span><\/li>\n<li style=\"font-weight: 400;\" aria-level=\"1\"><span>Integrarlo en planes de <\/span><a href=\"https:\/\/runahr.com\/cl\/recursos\/recursos-humanos\/capacitacion\/\"><span>capacitaci\u00f3n<\/span><\/a><span>, evaluaciones y pol\u00edticas de talento.<\/span><\/li>\n<li style=\"font-weight: 400;\" aria-level=\"1\"><span>Acompa\u00f1ar con <\/span><a href=\"https:\/\/runahr.com\/cl\/recursos\/salario\/coaching\/\"><span>coaching<\/span><\/a><span>, mentor\u00edas y feedback alineado a la estrategia.<\/span><\/li>\n<li style=\"font-weight: 400;\" aria-level=\"1\"><span>Crear una <\/span><a href=\"https:\/\/runahr.com\/cl\/recursos\/recursos-humanos\/cultura-organizacional\/\"><span>cultura organizacional<\/span><\/a><span> que valore el crecimiento individual sin romantizar el sobreesfuerzo.<\/span><\/li>\n<li style=\"font-weight: 400;\" aria-level=\"1\"><span>Medir avances con indicadores cualitativos y cuantitativos visibles para el equipo.<\/span><\/li>\n<\/ul>\n<h2><b>\u00bfCu\u00e1les son los beneficios del desarrollo personal en los trabajadores?<\/b><\/h2>\n<p><span>Se siente en la moral y se ve en los resultados. Equipos que se ordenan, l\u00edderes que sostienen conversaciones dif\u00edciles y menos desgaste innecesario.<\/span><\/p>\n<h4><b>Efectos concretos<\/b><\/h4>\n<ul>\n<li style=\"font-weight: 400;\" aria-level=\"1\"><span>Mayor compromiso y satisfacci\u00f3n laboral que se traduce en calidad y servicio.<\/span><\/li>\n<li style=\"font-weight: 400;\" aria-level=\"1\"><span>Equipos m\u00e1s resilientes y aut\u00f3nomos que requieren menos supervisi\u00f3n.<\/span><\/li>\n<li style=\"font-weight: 400;\" aria-level=\"1\"><span>Mejora del <\/span><a href=\"https:\/\/runahr.com\/cl\/recursos\/recursos-humanos\/clima-laboral\/\"><span>clima laboral<\/span><\/a><span> y de la colaboraci\u00f3n entre \u00e1reas.<\/span><\/li>\n<li style=\"font-weight: 400;\" aria-level=\"1\"><span>Reducci\u00f3n de rotaci\u00f3n y la <\/span><a href=\"https:\/\/runahr.com\/cl\/recursos\/recursos-humanos\/ausencia\/\"><span>ausencia<\/span><\/a><span> por mejor manejo de carga y expectativas.<\/span><\/li>\n<li style=\"font-weight: 400;\" aria-level=\"1\"><span>Mayor capacidad para asumir roles de liderazgo sin perder el piso operativo.<\/span><\/li>\n<\/ul>\n<h2><b>\u00bfQu\u00e9 rol tienen los recursos humanos en el desarrollo personal?<\/b><\/h2>\n<p><a href=\"https:\/\/runahr.com\/cl\/recursos\/recursos-humanos\/recursos-humanos\/\"><span>Recursos humanos<\/span><\/a><span> dise\u00f1a, orquesta y mide. No hace el trabajo por los equipos, pero les quita fricci\u00f3n y les da herramientas. Sin ese soporte, el esfuerzo individual se dispersa.<\/span><\/p>\n<h4><b>Responsabilidades clave<\/b><\/h4>\n<ul>\n<li style=\"font-weight: 400;\" aria-level=\"1\"><span>Dise\u00f1ar estrategias y programas formativos con foco en impacto laboral.<\/span><\/li>\n<li style=\"font-weight: 400;\" aria-level=\"1\"><span>Detectar necesidades individuales y de equipo usando datos y conversaciones.<\/span><\/li>\n<li style=\"font-weight: 400;\" aria-level=\"1\"><span>Facilitar herramientas: coaching, capacitaciones, evaluaciones y comunidades de pr\u00e1ctica.<\/span><\/li>\n<li style=\"font-weight: 400;\" aria-level=\"1\"><span>Promover una cultura de feedback y aprendizaje constante, no reactiva.<\/span><\/li>\n<li style=\"font-weight: 400;\" aria-level=\"1\"><span>Medir impacto y ajustar esfuerzos con transparencia.<\/span><\/li>\n<\/ul>\n<p><span>Con liderazgo consciente y m\u00e9tricas simples, el desarrollo personal fortalece la empleabilidad, competitividad y bienestar. Chile necesita empresas que aprendan r\u00e1pido; esta es una v\u00eda concreta para lograrlo. Mantener prioridades acotadas y rituales de seguimiento. Tener l\u00edderes que modelan h\u00e1bitos y celebran aprendizajes. Conexi\u00f3n expl\u00edcita entre progreso individual y resultados del negocio.<\/span><\/p>\n<p><a href=\"https:\/\/recursos.runahr.com\/inteligencia-artificial-futuro-trabajo\"><img decoding=\"async\" class=\"alignnone size-full wp-image-1097956\" src=\"https:\/\/runahr.com\/wp-content\/uploads\/2026\/01\/CCL010.webp\" alt=\"Descargar inteligencia artificial y el futuro del trabajo\" width=\"1786\" height=\"700\" srcset=\"https:\/\/runahr.com\/wp-content\/uploads\/2026\/01\/CCL010.webp 1786w, https:\/\/runahr.com\/wp-content\/uploads\/2026\/01\/CCL010-300x118.webp 300w, https:\/\/runahr.com\/wp-content\/uploads\/2026\/01\/CCL010-1024x401.webp 1024w, https:\/\/runahr.com\/wp-content\/uploads\/2026\/01\/CCL010-768x301.webp 768w, https:\/\/runahr.com\/wp-content\/uploads\/2026\/01\/CCL010-1536x602.webp 1536w\" sizes=\"(max-width: 1786px) 100vw, 1786px\" \/><\/a><\/p>\n\t\t<h2 class=\"runa-faq-title\">Preguntas frecuentes<\/h2>\n\n\t\t<div class=\"runa-faq-accordion\">\n\t\t\t\t\t\t<details class=\"runa-faq-item\">\n\t\t\t\t<summary>\n\t\t\t\t\t<span>\u00bfQu\u00e9 marco m\u00ednimo se debe tener claro para impulsar el desarrollo personal?<\/span>\n\t\t\t\t\t<i class=\"fas fa-chevron-down\" aria-hidden=\"true\"><\/i>\n\t\t\t\t<\/summary>\n\t\t\t\t<div class=\"runa-faq-content\">\n\t\t\t\t\t<p><span style=\"font-weight: 400\">Revisa el <\/span><a href=\"https:\/\/runahr.com\/cl\/recursos\/salario\/codigo-de-trabajo\/\"><span style=\"font-weight: 400\">C\u00f3digo del Trabajo<\/span><\/a><span style=\"font-weight: 400\"> y las directrices de la <\/span><a href=\"https:\/\/runahr.com\/cl\/recursos\/salario\/direccion-del-trabajo\/\"><span style=\"font-weight: 400\">Direcci\u00f3n del Trabajo<\/span><\/a><span style=\"font-weight: 400\">. Con eso alineas deber de protecci\u00f3n, reglamentos y comunicaciones sin perder el foco humano.<\/span><\/p>\n\t\t\t\t<\/div>\n\t\t\t<\/details>\n\t\t\t\t\t\t<details class=\"runa-faq-item\">\n\t\t\t\t<summary>\n\t\t\t\t\t<span>Si se invierte en el desarrollo personal, \u00bfQu\u00e9 se necesita tener al d\u00eda para efectos tributarios?<\/span>\n\t\t\t\t\t<i class=\"fas fa-chevron-down\" aria-hidden=\"true\"><\/i>\n\t\t\t\t<\/summary>\n\t\t\t\t<div class=\"runa-faq-content\">\n\t\t\t\t\t<p><span style=\"font-weight: 400\">Aseg\u00farate de cumplir con el <\/span><a href=\"https:\/\/runahr.com\/cl\/recursos\/salario\/servicios-de-impuestos-internos\/\"><span style=\"font-weight: 400\">Servicio de Impuestos Internos (SII)<\/span><\/a><span style=\"font-weight: 400\"> y mantener vigente tu <\/span><a href=\"https:\/\/runahr.com\/cl\/recursos\/salario\/rut\/\"><span style=\"font-weight: 400\">Rol \u00danico Tributario (RUT)<\/span><\/a><span style=\"font-weight: 400\">. As\u00ed respaldas compras y servicios asociados a tus programas.<\/span><\/p>\n\t\t\t\t<\/div>\n\t\t\t<\/details>\n\t\t\t\t\t\t<details class=\"runa-faq-item\">\n\t\t\t\t<summary>\n\t\t\t\t\t<span>\u00bfC\u00f3mo explicar las coberturas de salud en los h\u00e1bitos del desarrollo personal?<\/span>\n\t\t\t\t\t<i class=\"fas fa-chevron-down\" aria-hidden=\"true\"><\/i>\n\t\t\t\t<\/summary>\n\t\t\t\t<div class=\"runa-faq-content\">\n\t\t\t\t\t<p><span style=\"font-weight: 400\">Aterra lo esencial de tu <\/span><a href=\"https:\/\/runahr.com\/cl\/recursos\/salario\/isapre\/\"><span style=\"font-weight: 400\">Instituci\u00f3n de Salud Previsional (Isapre)<\/span><\/a><span style=\"font-weight: 400\"> y conecta con acciones de <\/span><a href=\"https:\/\/runahr.com\/cl\/recursos\/recursos-humanos\/salud-mental\/\"><span style=\"font-weight: 400\">salud mental<\/span><\/a><span style=\"font-weight: 400\"> del plan anual. Lo importante es claridad: redes, topes y pasos ante imprevistos.<\/span><\/p>\n\t\t\t\t<\/div>\n\t\t\t<\/details>\n\t\t\t\t\t\t<details class=\"runa-faq-item\">\n\t\t\t\t<summary>\n\t\t\t\t\t<span>\u00bfC\u00f3mo compatibilizar desarrollo personal con turnos y descanso real del equipo?<\/span>\n\t\t\t\t\t<i class=\"fas fa-chevron-down\" aria-hidden=\"true\"><\/i>\n\t\t\t\t<\/summary>\n\t\t\t\t<div class=\"runa-faq-content\">\n\t\t\t\t\t<p><span style=\"font-weight: 400\">Define ventanas de <\/span><a href=\"https:\/\/runahr.com\/cl\/recursos\/beneficios\/vacaciones\/\"><span style=\"font-weight: 400\">vacaciones<\/span><\/a><span style=\"font-weight: 400\">, pautas de <\/span><a href=\"https:\/\/runahr.com\/cl\/recursos\/beneficios\/trabajo-remoto\/\"><span style=\"font-weight: 400\">trabajo remoto<\/span><\/a><span style=\"font-weight: 400\"> y l\u00edmites de <\/span><a href=\"https:\/\/runahr.com\/cl\/recursos\/recursos-humanos\/jornada-laboral\/\"><span style=\"font-weight: 400\">jornada laboral<\/span><\/a><span style=\"font-weight: 400\">. Planifica reemplazos y evita sobrecargar siempre a los mismos.<\/span><\/p>\n\t\t\t\t<\/div>\n\t\t\t<\/details>\n\t\t\t\t\t\t<details class=\"runa-faq-item\">\n\t\t\t\t<summary>\n\t\t\t\t\t<span>\u00bfQui\u00e9n respalda si ocurre un accidente durante una actividad vinculada al desarrollo personal en el trabajo?<\/span>\n\t\t\t\t\t<i class=\"fas fa-chevron-down\" aria-hidden=\"true\"><\/i>\n\t\t\t\t<\/summary>\n\t\t\t\t<div class=\"runa-faq-content\">\n\t\t\t\t\t<p><span style=\"font-weight: 400\">La <\/span><a href=\"https:\/\/runahr.com\/cl\/recursos\/salario\/superintendencia-de-seguridad-social\/\"><span style=\"font-weight: 400\">Superintendencia de Seguridad Social (SUSESO)<\/span><\/a><span style=\"font-weight: 400\"> fija y supervisa reglas del seguro, y el <\/span><a href=\"https:\/\/runahr.com\/cl\/recursos\/salario\/isl\/\"><span style=\"font-weight: 400\">Instituto de Seguridad Laboral (ISL)<\/span><\/a><span style=\"font-weight: 400\"> entrega prestaciones a empresas adheridas. Ten protocolos y contactos visibles.<\/span><\/p>\n\t\t\t\t<\/div>\n\t\t\t<\/details>\n\t\t\t\t\t\t<details class=\"runa-faq-item\">\n\t\t\t\t<summary>\n\t\t\t\t\t<span>\u00bfD\u00f3nde consultar r\u00e1pido aportes y tr\u00e1mites relacionados al desarrollo personal?<\/span>\n\t\t\t\t\t<i class=\"fas fa-chevron-down\" aria-hidden=\"true\"><\/i>\n\t\t\t\t<\/summary>\n\t\t\t\t<div class=\"runa-faq-content\">\n\t\t\t\t\t<p><span style=\"font-weight: 400\">Consulta en el <\/span><a href=\"https:\/\/runahr.com\/cl\/recursos\/recursos-humanos\/instituto-de-prevision-social\/\"><span style=\"font-weight: 400\">Instituto de Previsi\u00f3n Social (IPS)<\/span><\/a><span style=\"font-weight: 400\"> y usa <\/span><a href=\"https:\/\/runahr.com\/cl\/recursos\/salario\/ips-en-linea\/\"><span style=\"font-weight: 400\">IPS en l\u00ednea<\/span><\/a><span style=\"font-weight: 400\"> para movimientos o certificaciones sin filas.<\/span><\/p>\n\t\t\t\t<\/div>\n\t\t\t<\/details>\n\t\t\t\t\t\t<details class=\"runa-faq-item\">\n\t\t\t\t<summary>\n\t\t\t\t\t<span>\u00bfC\u00f3mo conectar reconocimiento y desarrollo personal con compensaciones?<\/span>\n\t\t\t\t\t<i class=\"fas fa-chevron-down\" aria-hidden=\"true\"><\/i>\n\t\t\t\t<\/summary>\n\t\t\t\t<div class=\"runa-faq-content\">\n\t\t\t\t\t<p><span style=\"font-weight: 400\">Comunica un marco simple de <\/span><a href=\"https:\/\/runahr.com\/cl\/recursos\/salario\/salario\/\"><span style=\"font-weight: 400\">salario<\/span><\/a><span style=\"font-weight: 400\">, registra cambios en <\/span><a href=\"https:\/\/runahr.com\/cl\/recursos\/salario\/nomina\/\"><span style=\"font-weight: 400\">n\u00f3mina<\/span><\/a><span style=\"font-weight: 400\"> y acomp\u00e1\u00f1alo con <\/span><a href=\"https:\/\/runahr.com\/cl\/recursos\/beneficios\/beneficios\/\"><span style=\"font-weight: 400\">beneficios<\/span><\/a><span style=\"font-weight: 400\"> que sostengan h\u00e1bitos saludables. Transparencia primero, promesas medibles despu\u00e9s.<\/span><\/p>\n\t\t\t\t<\/div>\n\t\t\t<\/details>\n\t\t\t\t\t<\/div>\n\n\t\t<script>\n\t\t(function() {\n\t\t\tdocument.addEventListener('DOMContentLoaded', function() {\n\t\t\t\tvar items = document.querySelectorAll('.runa-faq-accordion details');\n\t\t\t\titems.forEach(function(target) {\n\t\t\t\t\ttarget.addEventListener('toggle', function() {\n\t\t\t\t\t\tif (target.open) {\n\t\t\t\t\t\t\titems.forEach(function(other) {\n\t\t\t\t\t\t\t\tif (other !== target && other.open) other.open = false;\n\t\t\t\t\t\t\t});\n\t\t\t\t\t\t}\n\t\t\t\t\t});\n\t\t\t\t});\n\t\t\t});\n\t\t})();\n\t\t<\/script>\n\t\t\n","protected":false},"excerpt":{"rendered":"<p>Las personas esperan aprendizaje continuo, flexibilidad y bienestar real; las empresas necesitan productividad, resiliencia y equipos que se entiendan bien. Cuando ambos mundos se alinean, la rotaci\u00f3n baja, el compromiso sube y la ejecuci\u00f3n se ordena. En Chile, con escasez de ciertos perfiles y competencia por talento, invertir en desarrollo personal dej\u00f3 de ser \u201cbeneficio [&hellip;]<\/p>\n","protected":false},"author":100,"featured_media":1106347,"comment_status":"closed","ping_status":"closed","sticky":false,"template":"","format":"standard","meta":{"_acf_changed":false,"_wp_applaud_exclude":false,"footnotes":""},"categories":[1606,1587],"tags":[1596,1783],"class_list":["post-1106346","post","type-post","status-publish","format-standard","has-post-thumbnail","hentry","category-recursos","category-recursos-humanos","tag-articulo-cl","tag-recursos-humanos-4"],"acf":[],"yoast_head":"<!-- This site is optimized with the Yoast SEO Premium plugin v26.1 (Yoast SEO v27.4) - https:\/\/yoast.com\/product\/yoast-seo-premium-wordpress\/ -->\n<title>Desarrollo personal: \u00bfC\u00f3mo funciona? \u00bfPor qu\u00e9 es importante? | CL | Runa HR<\/title>\n<meta name=\"description\" content=\"C\u00f3mo integrar desarrollo personal al ciclo de personas: formaci\u00f3n breve, feedback \u00fatil y m\u00e9tricas simples que mejoran colaboraci\u00f3n, decisiones y resultados.\" \/>\n<meta name=\"robots\" content=\"index, follow, max-snippet:-1, max-image-preview:large, max-video-preview:-1\" \/>\n<link rel=\"canonical\" href=\"https:\/\/runahr.com\/cl\/recursos\/recursos-humanos\/desarrollo-personal\/\" \/>\n<meta property=\"og:locale\" content=\"es_ES\" \/>\n<meta property=\"og:type\" content=\"article\" \/>\n<meta property=\"og:title\" content=\"Desarrollo personal: \u00bfC\u00f3mo funciona? \u00bfPor qu\u00e9 es importante? | CL | Runa HR\" \/>\n<meta property=\"og:description\" content=\"C\u00f3mo integrar desarrollo personal al ciclo de personas: formaci\u00f3n breve, feedback \u00fatil y m\u00e9tricas simples que mejoran colaboraci\u00f3n, decisiones y resultados.\" \/>\n<meta property=\"og:url\" content=\"https:\/\/runahr.com\/cl\/recursos\/recursos-humanos\/desarrollo-personal\/\" \/>\n<meta property=\"og:site_name\" content=\"Runa HR\" \/>\n<meta property=\"article:publisher\" content=\"https:\/\/www.facebook.com\/runahr\/\" \/>\n<meta property=\"article:published_time\" content=\"2026-03-11T14:20:12+00:00\" \/>\n<meta property=\"og:image\" content=\"https:\/\/runahr.com\/wp-content\/uploads\/2026\/03\/Desarrollo-personal.webp\" \/>\n\t<meta property=\"og:image:width\" content=\"2048\" \/>\n\t<meta property=\"og:image:height\" content=\"827\" \/>\n\t<meta property=\"og:image:type\" content=\"image\/webp\" \/>\n<meta name=\"author\" content=\"Edgar Padilla\" \/>\n<meta name=\"twitter:card\" content=\"summary_large_image\" \/>\n<meta name=\"twitter:creator\" content=\"@runahr\" \/>\n<meta name=\"twitter:site\" content=\"@runahr\" \/>\n<meta name=\"twitter:label1\" content=\"Escrito por\" \/>\n\t<meta name=\"twitter:data1\" content=\"Edgar Padilla\" \/>\n\t<meta name=\"twitter:label2\" content=\"Tiempo estimado de lectura\" \/>\n\t<meta name=\"twitter:data2\" content=\"7 minutos\" \/>\n<!-- \/ Yoast SEO Premium plugin. -->","yoast_head_json":{"title":"Desarrollo personal: \u00bfC\u00f3mo funciona? \u00bfPor qu\u00e9 es importante? | CL | Runa HR","description":"C\u00f3mo integrar desarrollo personal al ciclo de personas: formaci\u00f3n breve, feedback \u00fatil y m\u00e9tricas simples que mejoran colaboraci\u00f3n, decisiones y resultados.","robots":{"index":"index","follow":"follow","max-snippet":"max-snippet:-1","max-image-preview":"max-image-preview:large","max-video-preview":"max-video-preview:-1"},"canonical":"https:\/\/runahr.com\/cl\/recursos\/recursos-humanos\/desarrollo-personal\/","og_locale":"es_ES","og_type":"article","og_title":"Desarrollo personal: \u00bfC\u00f3mo funciona? \u00bfPor qu\u00e9 es importante? | CL | Runa HR","og_description":"C\u00f3mo integrar desarrollo personal al ciclo de personas: formaci\u00f3n breve, feedback \u00fatil y m\u00e9tricas simples que mejoran colaboraci\u00f3n, decisiones y resultados.","og_url":"https:\/\/runahr.com\/cl\/recursos\/recursos-humanos\/desarrollo-personal\/","og_site_name":"Runa HR","article_publisher":"https:\/\/www.facebook.com\/runahr\/","article_published_time":"2026-03-11T14:20:12+00:00","og_image":[{"width":2048,"height":827,"url":"https:\/\/runahr.com\/wp-content\/uploads\/2026\/03\/Desarrollo-personal.webp","type":"image\/webp"}],"author":"Edgar Padilla","twitter_card":"summary_large_image","twitter_creator":"@runahr","twitter_site":"@runahr","twitter_misc":{"Escrito por":"Edgar Padilla","Tiempo estimado de lectura":"7 minutos"},"schema":{"@context":"https:\/\/schema.org","@graph":[{"@type":"Article","@id":"https:\/\/runahr.com\/cl\/recursos\/recursos-humanos\/desarrollo-personal\/#article","isPartOf":{"@id":"https:\/\/runahr.com\/cl\/recursos\/recursos-humanos\/desarrollo-personal\/"},"author":{"name":"Edgar Padilla","@id":"https:\/\/runahr.com\/cl\/#\/schema\/person\/3739dc18365f82019e4c8b5a13aad319"},"headline":"Desarrollo personal: \u00bfC\u00f3mo funciona? \u00bfPor qu\u00e9 es importante?","datePublished":"2026-03-11T14:20:12+00:00","mainEntityOfPage":{"@id":"https:\/\/runahr.com\/cl\/recursos\/recursos-humanos\/desarrollo-personal\/"},"wordCount":1519,"publisher":{"@id":"https:\/\/runahr.com\/cl\/#organization"},"image":{"@id":"https:\/\/runahr.com\/cl\/recursos\/recursos-humanos\/desarrollo-personal\/#primaryimage"},"thumbnailUrl":"https:\/\/runahr.com\/wp-content\/uploads\/2026\/03\/Desarrollo-personal.webp","keywords":["Art\u00edculo","Recursos humanos"],"articleSection":["Recursos","Recursos humanos"],"inLanguage":"es-CL"},{"@type":"WebPage","@id":"https:\/\/runahr.com\/cl\/recursos\/recursos-humanos\/desarrollo-personal\/","url":"https:\/\/runahr.com\/cl\/recursos\/recursos-humanos\/desarrollo-personal\/","name":"Desarrollo personal: \u00bfC\u00f3mo funciona? \u00bfPor qu\u00e9 es importante? | CL | Runa HR","isPartOf":{"@id":"https:\/\/runahr.com\/cl\/#website"},"primaryImageOfPage":{"@id":"https:\/\/runahr.com\/cl\/recursos\/recursos-humanos\/desarrollo-personal\/#primaryimage"},"image":{"@id":"https:\/\/runahr.com\/cl\/recursos\/recursos-humanos\/desarrollo-personal\/#primaryimage"},"thumbnailUrl":"https:\/\/runahr.com\/wp-content\/uploads\/2026\/03\/Desarrollo-personal.webp","datePublished":"2026-03-11T14:20:12+00:00","description":"C\u00f3mo integrar desarrollo personal al ciclo de personas: formaci\u00f3n breve, feedback \u00fatil y m\u00e9tricas simples que mejoran colaboraci\u00f3n, decisiones y resultados.","breadcrumb":{"@id":"https:\/\/runahr.com\/cl\/recursos\/recursos-humanos\/desarrollo-personal\/#breadcrumb"},"inLanguage":"es-CL","potentialAction":[{"@type":"ReadAction","target":["https:\/\/runahr.com\/cl\/recursos\/recursos-humanos\/desarrollo-personal\/"]}]},{"@type":"ImageObject","inLanguage":"es-CL","@id":"https:\/\/runahr.com\/cl\/recursos\/recursos-humanos\/desarrollo-personal\/#primaryimage","url":"https:\/\/runahr.com\/wp-content\/uploads\/2026\/03\/Desarrollo-personal.webp","contentUrl":"https:\/\/runahr.com\/wp-content\/uploads\/2026\/03\/Desarrollo-personal.webp","width":2048,"height":827,"caption":"Desarrollo personal"},{"@type":"BreadcrumbList","@id":"https:\/\/runahr.com\/cl\/recursos\/recursos-humanos\/desarrollo-personal\/#breadcrumb","itemListElement":[{"@type":"ListItem","position":1,"name":"Home","item":"https:\/\/runahr.com\/cl\/"},{"@type":"ListItem","position":2,"name":"Recursos","item":"https:\/\/runahr.com\/cl\/category\/recursos\/"},{"@type":"ListItem","position":3,"name":"Recursos humanos","item":"https:\/\/runahr.com\/cl\/category\/recursos\/recursos-humanos\/"},{"@type":"ListItem","position":4,"name":"Desarrollo personal: \u00bfC\u00f3mo funciona? \u00bfPor qu\u00e9 es importante?"}]},{"@type":"WebSite","@id":"https:\/\/runahr.com\/cl\/#website","url":"https:\/\/runahr.com\/cl\/","name":"Runa HR","description":"Software de N\u00f3mina y Gesti\u00f3n de RRHH","publisher":{"@id":"https:\/\/runahr.com\/cl\/#organization"},"potentialAction":[{"@type":"SearchAction","target":{"@type":"EntryPoint","urlTemplate":"https:\/\/runahr.com\/cl\/?s={search_term_string}"},"query-input":{"@type":"PropertyValueSpecification","valueRequired":true,"valueName":"search_term_string"}}],"inLanguage":"es-CL"},{"@type":"Organization","@id":"https:\/\/runahr.com\/cl\/#organization","name":"Runa HR","url":"https:\/\/runahr.com\/cl\/","logo":{"@type":"ImageObject","inLanguage":"es-CL","@id":"https:\/\/runahr.com\/cl\/#\/schema\/logo\/image\/","url":"https:\/\/runahr.com\/wp-content\/uploads\/2018\/05\/xDzHFcQY_400x400.jpg","contentUrl":"https:\/\/runahr.com\/wp-content\/uploads\/2018\/05\/xDzHFcQY_400x400.jpg","width":400,"height":400,"caption":"Runa HR"},"image":{"@id":"https:\/\/runahr.com\/cl\/#\/schema\/logo\/image\/"},"sameAs":["https:\/\/www.facebook.com\/runahr\/","https:\/\/x.com\/runahr","https:\/\/www.instagram.com\/runahr\/","https:\/\/mx.linkedin.com\/company\/runahr","https:\/\/www.youtube.com\/channel\/UCAZ21FupFMLIb1c7PPaU6Ew"]},{"@type":"Person","@id":"https:\/\/runahr.com\/cl\/#\/schema\/person\/3739dc18365f82019e4c8b5a13aad319","name":"Edgar Padilla","image":{"@type":"ImageObject","inLanguage":"es-CL","@id":"https:\/\/secure.gravatar.com\/avatar\/8e8620f0f4a0cdfb4cecfa7df33d7ed05425d393e77f8cf0fc159df2427558f6?s=96&d=mm&r=g","url":"https:\/\/secure.gravatar.com\/avatar\/8e8620f0f4a0cdfb4cecfa7df33d7ed05425d393e77f8cf0fc159df2427558f6?s=96&d=mm&r=g","contentUrl":"https:\/\/secure.gravatar.com\/avatar\/8e8620f0f4a0cdfb4cecfa7df33d7ed05425d393e77f8cf0fc159df2427558f6?s=96&d=mm&r=g","caption":"Edgar Padilla"},"url":"https:\/\/runahr.com\/cl\/author\/edgar_padilla\/"}]}},"_links":{"self":[{"href":"https:\/\/runahr.com\/cl\/wp-json\/wp\/v2\/posts\/1106346","targetHints":{"allow":["GET"]}}],"collection":[{"href":"https:\/\/runahr.com\/cl\/wp-json\/wp\/v2\/posts"}],"about":[{"href":"https:\/\/runahr.com\/cl\/wp-json\/wp\/v2\/types\/post"}],"author":[{"embeddable":true,"href":"https:\/\/runahr.com\/cl\/wp-json\/wp\/v2\/users\/100"}],"replies":[{"embeddable":true,"href":"https:\/\/runahr.com\/cl\/wp-json\/wp\/v2\/comments?post=1106346"}],"version-history":[{"count":0,"href":"https:\/\/runahr.com\/cl\/wp-json\/wp\/v2\/posts\/1106346\/revisions"}],"wp:featuredmedia":[{"embeddable":true,"href":"https:\/\/runahr.com\/cl\/wp-json\/wp\/v2\/media\/1106347"}],"wp:attachment":[{"href":"https:\/\/runahr.com\/cl\/wp-json\/wp\/v2\/media?parent=1106346"}],"wp:term":[{"taxonomy":"category","embeddable":true,"href":"https:\/\/runahr.com\/cl\/wp-json\/wp\/v2\/categories?post=1106346"},{"taxonomy":"post_tag","embeddable":true,"href":"https:\/\/runahr.com\/cl\/wp-json\/wp\/v2\/tags?post=1106346"}],"curies":[{"name":"wp","href":"https:\/\/api.w.org\/{rel}","templated":true}]}}