{"id":1112663,"date":"2026-04-15T19:39:48","date_gmt":"2026-04-16T01:39:48","guid":{"rendered":"https:\/\/runahr.com\/?p=1112663"},"modified":"2026-04-15T19:39:48","modified_gmt":"2026-04-16T01:39:48","slug":"permiso-unico-colectivo","status":"publish","type":"post","link":"https:\/\/runahr.com\/cl\/recursos\/recursos-humanos\/permiso-unico-colectivo\/","title":{"rendered":"Permiso \u00fanico colectivo: \u00bfQu\u00e9 fue? \u00bfC\u00f3mo funcionaba?"},"content":{"rendered":"<p><span>Durante la pandemia, muchas empresas en Chile aprendieron (a la fuerza) que la continuidad operativa depende tanto del negocio como de la capacidad para ordenar papeles, roles y flujos de informaci\u00f3n. En ese contexto apareci\u00f3 una herramienta que hoy ya no se usa, pero que dej\u00f3 lecciones valiosas: el permiso \u00fanico colectivo. M\u00e1s que un tr\u00e1mite, fue un engranaje que permiti\u00f3 que sectores esenciales siguieran funcionando en medio de cuarentenas estrictas.<\/span><\/p>\n<p><span>Si algo dej\u00f3 ese periodo es que las emergencias no esperan a que \u201cestemos listos\u201d. Tener hoy los cimientos (datos limpios, roles cr\u00edticos definidos, procedimientos claros y responsables visibles) permite reaccionar con menos fricci\u00f3n cuando la pr\u00f3xima contingencia toque la puerta. No es dramatizar; es profesionalizar la respuesta.<\/span><\/p>\n<p><span>Mirar en retrospectiva ese permiso sirve para algo m\u00e1s que recordar un periodo duro. Ayuda a consolidar aprendizajes sobre c\u00f3mo gestionar una crisis con trazabilidad, documentaci\u00f3n y responsabilidad. CEOs y equipos de RRHH pueden rescatar pr\u00e1cticas de coordinaci\u00f3n, control y <\/span><a href=\"https:\/\/runahr.com\/cl\/recursos\/recursos-humanos\/comunicacion\/\"><span>comunicaci\u00f3n<\/span><\/a><span> que hoy siguen vigentes para otras emergencias: cortes prolongados, desastres naturales, alertas sanitarias o golpes log\u00edsticos que ponen a prueba a cualquier operaci\u00f3n.<\/span><\/p>\n<p><span>Entender c\u00f3mo oper\u00f3 el permiso tambi\u00e9n permite contextualizar decisiones que marcaron el periodo: restricciones de movilidad, protocolos de seguridad, validaciones en terreno y criterios de cumplimiento que, en su momento, sostuvieron el equilibrio entre salud p\u00fablica y actividad econ\u00f3mica. Ese mapa, bien le\u00eddo, es un manual compacto para reaccionar con cabeza fr\u00eda cuando todo se mueve.<\/span><\/p>\n<h2><b>\u00bfQu\u00e9 fue el permiso \u00fanico colectivo en Chile?<\/b><\/h2>\n<p><span>El permiso \u00fanico colectivo fue una autorizaci\u00f3n excepcional para desplazarse durante cuarentenas, pensada para trabajadores de empresas definidas como esenciales. Su raz\u00f3n de ser era simple: si hospitales, supermercados, transporte, telecomunicaciones y otros servicios cr\u00edticos ten\u00edan que seguir en pie, sus equipos necesitaban moverse sin exponerse a sanciones por infringir las restricciones sanitarias.<\/span><\/p>\n<p><span>El documento se emit\u00eda de forma digital a trav\u00e9s de la plataforma de Comisar\u00eda Virtual y acreditaba que la persona estaba habilitada para circular exclusivamente por motivos laborales. No era un \u201cpase libre\u201d, sino un salvoconducto acotado al cumplimiento de tareas cr\u00edticas y verificable en terreno por la autoridad.<\/span><\/p>\n<p><a href=\"https:\/\/recursos.runahr.com\/kit-bienestar-laboral\"><img fetchpriority=\"high\" decoding=\"async\" class=\"alignnone size-full wp-image-1098218\" src=\"https:\/\/runahr.com\/wp-content\/uploads\/2026\/01\/CCL028.webp\" alt=\"Descargar KIT de bienestar laboral\" width=\"2128\" height=\"840\" srcset=\"https:\/\/runahr.com\/wp-content\/uploads\/2026\/01\/CCL028.webp 2128w, https:\/\/runahr.com\/wp-content\/uploads\/2026\/01\/CCL028-300x118.webp 300w, https:\/\/runahr.com\/wp-content\/uploads\/2026\/01\/CCL028-1024x404.webp 1024w, https:\/\/runahr.com\/wp-content\/uploads\/2026\/01\/CCL028-768x303.webp 768w, https:\/\/runahr.com\/wp-content\/uploads\/2026\/01\/CCL028-1536x606.webp 1536w, https:\/\/runahr.com\/wp-content\/uploads\/2026\/01\/CCL028-2048x808.webp 2048w\" sizes=\"(max-width: 2128px) 100vw, 2128px\" \/><\/a><\/p>\n<h2><b>\u00bfCu\u00e1l era el objetivo del permiso \u00fanico colectivo?<\/b><\/h2>\n<p><span>El objetivo central fue asegurar continuidad en servicios esenciales y, a la vez, ordenar el control del desplazamiento en plena emergencia sanitaria. Detr\u00e1s hab\u00eda una l\u00f3gica pr\u00e1ctica: proteger a los trabajadores, mantener operativas las cadenas de suministro y permitir que la <\/span><a href=\"https:\/\/runahr.com\/cl\/recursos\/salario\/fiscalizacion\/\"><span>fiscalizaci\u00f3n<\/span><\/a><span> fuera trazable y r\u00e1pida.<\/span><\/p>\n<h4><b>Objetivos que guiaron su dise\u00f1o<\/b><\/h4>\n<ul>\n<li style=\"font-weight: 400;\" aria-level=\"1\"><span>Garantizar que trabajadores esenciales pudieran movilizarse sin infringir restricciones sanitarias.<\/span><\/li>\n<li style=\"font-weight: 400;\" aria-level=\"1\"><span>Evitar interrupciones en servicios b\u00e1sicos como salud, alimentos, energ\u00eda, transporte y telecomunicaciones.<\/span><\/li>\n<li style=\"font-weight: 400;\" aria-level=\"1\"><span>Asegurar continuidad laboral y funcionamiento econ\u00f3mico en un contexto extraordinario.<\/span><\/li>\n<li style=\"font-weight: 400;\" aria-level=\"1\"><span>Permitir control eficiente por parte de autoridades respecto de qui\u00e9nes estaban autorizados a transitar.<\/span><\/li>\n<\/ul>\n<h2><b>\u00bfC\u00f3mo funcionaba el permiso \u00fanico colectivo?<\/b><\/h2>\n<p><span>El funcionamiento combinaba autogesti\u00f3n de la <\/span><a href=\"https:\/\/runahr.com\/cl\/recursos\/recursos-humanos\/empresa\/\"><span>empresa<\/span><\/a><span> con verificaci\u00f3n estatal. La organizaci\u00f3n defin\u00eda qu\u00e9 <\/span><a href=\"https:\/\/runahr.com\/cl\/recursos\/recursos-humanos\/puesto\/\"><span>puesto<\/span><\/a><span> era esencial, cargaba la informaci\u00f3n en la plataforma y emit\u00eda el documento; luego, Carabineros y otras autoridades fiscalizaban en terreno. Si algo no calzaba (datos, vigencia, justificaci\u00f3n), el permiso pod\u00eda declararse inv\u00e1lido.<\/span><\/p>\n<h4><b>Pasos habituales del proceso<\/b><\/h4>\n<ul>\n<li style=\"font-weight: 400;\" aria-level=\"1\"><span>Registro de la empresa y del representante autorizado en la plataforma habilitada por la autoridad.<\/span><\/li>\n<li style=\"font-weight: 400;\" aria-level=\"1\"><span>Declaraci\u00f3n de datos personales, funciones y justificaci\u00f3n del rol esencial de cada <\/span><a href=\"https:\/\/runahr.com\/cl\/recursos\/recursos-humanos\/trabajador\/\"><span>trabajador<\/span><\/a><span>.<\/span><\/li>\n<li style=\"font-weight: 400;\" aria-level=\"1\"><span>Emisi\u00f3n electr\u00f3nica del permiso, disponible para presentaci\u00f3n en controles de fiscalizaci\u00f3n.<\/span><\/li>\n<li style=\"font-weight: 400;\" aria-level=\"1\"><span>Vigencia acotada al per\u00edodo declarado, con renovaciones seg\u00fan necesidad y actualizaci\u00f3n de listados.<\/span><\/li>\n<li style=\"font-weight: 400;\" aria-level=\"1\"><span>Uso estrictamente limitado a actividades laborales esenciales, no a fines personales.<\/span><\/li>\n<\/ul>\n<p><span>En paralelo, muchas empresas reforzaron respaldos internos: credenciales, certificados, listados de turnos y tel\u00e9fonos de contacto para resolver contingencias. Ese orden administrativo fue tan relevante como el propio permiso.<\/span><\/p>\n<p><span>Un punto que a veces se pasa por alto es que el permiso, al exigir informaci\u00f3n precisa, oblig\u00f3 a muchas compa\u00f1\u00edas a depurar sus propios datos: qui\u00e9n ten\u00eda contrato vigente, qu\u00e9 funciones realizaba realmente y en qu\u00e9 horarios. Esa limpieza administrativa, aunque demandante, dej\u00f3 sistemas m\u00e1s confiables para planificar turnos y responder a una auditor\u00eda interna o externa.<\/span><\/p>\n<p><span>Tambi\u00e9n hubo aprendizaje en la relaci\u00f3n con proveedores y contratistas. Para sostener un servicio esencial, no basta con la dotaci\u00f3n directa: log\u00edstica, mantenimiento y soporte tercerizado requieren el mismo est\u00e1ndar documental. Las empresas que integraron a su cadena completa bajo los mismos criterios tuvieron menos quiebre operativo.<\/span><\/p>\n<h2><b>\u00bfPor qu\u00e9 era importante el permiso \u00fanico colectivo?<\/b><\/h2>\n<p><span>Porque permiti\u00f3 que industrias clave siguieran operando sin caer en la informalidad del \u201carreglarnos como sea\u201d. Orden\u00f3 qui\u00e9n pod\u00eda moverse, en qu\u00e9 condiciones y por cu\u00e1nto tiempo, reduciendo la exposici\u00f3n a multas y a conflictos en controles de tr\u00e1nsito. Adem\u00e1s, oblig\u00f3 a priorizar roles y a explicitar procesos internos que muchas veces se daban por supuestos.<\/span><\/p>\n<h4><b>Impactos que se notaron en la operaci\u00f3n<\/b><\/h4>\n<ul>\n<li style=\"font-weight: 400;\" aria-level=\"1\"><span>Mantenci\u00f3n de servicios cr\u00edticos durante las cuarentenas, con menor disrupci\u00f3n de la cadena de suministro.<\/span><\/li>\n<li style=\"font-weight: 400;\" aria-level=\"1\"><span>Reducci\u00f3n de riesgos sancionatorios para trabajadores y empresas por desplazamiento no autorizado.<\/span><\/li>\n<li style=\"font-weight: 400;\" aria-level=\"1\"><span>Formalizaci\u00f3n de criterios internos para definir y certificar roles realmente cr\u00edticos.<\/span><\/li>\n<li style=\"font-weight: 400;\" aria-level=\"1\"><span>Equilibrio m\u00e1s claro entre objetivos sanitarios y continuidad econ\u00f3mica.<\/span><\/li>\n<\/ul>\n<h2><b>\u00bfC\u00f3mo se obten\u00eda el permiso \u00fanico colectivo?<\/b><\/h2>\n<p><span>La obtenci\u00f3n se hac\u00eda v\u00eda <\/span><a href=\"http:\/\/comisariavirtual.cl\"><span>Comisar\u00eda Virtual<\/span><\/a><span>. El empleador o <\/span><a href=\"https:\/\/runahr.com\/cl\/recursos\/recursos-humanos\/representante-legal\/\"><span>representante legal<\/span><\/a><span> ingresaba la solicitud, completaba datos verificables del colaborador y del tipo de actividad esencial, y generaba el documento. En industrias reguladas, se agregaban respaldos como credenciales, certificados o cartas con firma responsable.<\/span><\/p>\n<h4><b>Requisitos que se ped\u00edan con frecuencia<\/b><\/h4>\n<ul>\n<li style=\"font-weight: 400;\" aria-level=\"1\"><span>Solicitud presentada por el empleador o representante legal, no por el trabajador.<\/span><\/li>\n<li style=\"font-weight: 400;\" aria-level=\"1\"><span>Datos personales y de contacto del colaborador, con descripci\u00f3n de funciones cr\u00edticas.<\/span><\/li>\n<li style=\"font-weight: 400;\" aria-level=\"1\"><span>Identificaci\u00f3n del giro o servicio esencial y cobertura territorial.<\/span><\/li>\n<li style=\"font-weight: 400;\" aria-level=\"1\"><span>Vigencia definida y actualizaciones cuando cambiaban <\/span><a href=\"https:\/\/runahr.com\/cl\/recursos\/recursos-humanos\/turnos\/\"><span>turnos<\/span><\/a><span> o dotaci\u00f3n.<\/span><\/li>\n<li style=\"font-weight: 400;\" aria-level=\"1\"><span>Entrega del permiso al trabajador y resguardo de copias para control interno.<\/span><\/li>\n<\/ul>\n<p><a href=\"https:\/\/recursos.runahr.com\/kit-de-recursos-humanos\"><img decoding=\"async\" class=\"alignnone size-full wp-image-1098173\" src=\"https:\/\/runahr.com\/wp-content\/uploads\/2026\/01\/CCL033.webp\" alt=\"Descargar KIT de recursos humanos\" width=\"1940\" height=\"764\" srcset=\"https:\/\/runahr.com\/wp-content\/uploads\/2026\/01\/CCL033.webp 1940w, https:\/\/runahr.com\/wp-content\/uploads\/2026\/01\/CCL033-300x118.webp 300w, https:\/\/runahr.com\/wp-content\/uploads\/2026\/01\/CCL033-1024x403.webp 1024w, https:\/\/runahr.com\/wp-content\/uploads\/2026\/01\/CCL033-768x302.webp 768w, https:\/\/runahr.com\/wp-content\/uploads\/2026\/01\/CCL033-1536x605.webp 1536w\" sizes=\"(max-width: 1940px) 100vw, 1940px\" \/><\/a><\/p>\n<h2><b>\u00bfCu\u00e1les eran los beneficios del permiso \u00fanico colectivo?<\/b><\/h2>\n<p><span>M\u00e1s all\u00e1 de permitir circular, el permiso mejor\u00f3 la coordinaci\u00f3n operativa en momentos de alta presi\u00f3n. Al centralizar solicitudes y estandarizar criterios, ayud\u00f3 a que las decisiones fueran m\u00e1s coherentes y defendibles frente a clientes, proveedores y autoridades.<\/span><\/p>\n<p><span>En el plano humano, contar con un permiso claro y un proceso ordenado baj\u00f3 la ansiedad de muchos equipos. Saber que la empresa se hac\u00eda cargo de la log\u00edstica de desplazamiento, que exist\u00edan n\u00fameros de contacto y que los turnos estaban planificados transmiti\u00f3 calma en d\u00edas de alta incertidumbre. Ese clima se tradujo en menos <\/span><a href=\"https:\/\/runahr.com\/cl\/recursos\/recursos-humanos\/ausentismo-laboral\/\"><span>ausentismo laboral<\/span><\/a><span> y en una disposici\u00f3n mayor a cubrir emergencias cuando fue necesario.<\/span><\/p>\n<h4><b>Beneficios que facilitaron la gesti\u00f3n<\/b><\/h4>\n<ul>\n<li style=\"font-weight: 400;\" aria-level=\"1\"><span>Movilidad legal y trazable para trabajadores esenciales.<\/span><\/li>\n<li style=\"font-weight: 400;\" aria-level=\"1\"><span>Continuidad de operaciones cr\u00edticas en periodos de restricci\u00f3n.<\/span><\/li>\n<li style=\"font-weight: 400;\" aria-level=\"1\"><span>Menor carga administrativa frente a permisos individuales, al concentrar solicitudes.<\/span><\/li>\n<li style=\"font-weight: 400;\" aria-level=\"1\"><span>Mejor coordinaci\u00f3n empresa\u2013autoridades y planificaci\u00f3n de turnos y rutas.<\/span><\/li>\n<li style=\"font-weight: 400;\" aria-level=\"1\"><span>Disminuci\u00f3n de la incertidumbre de los equipos respecto de su desplazamiento.<\/span><\/li>\n<\/ul>\n<h2><b>\u00bfCu\u00e1l era el papel de los recursos humanos con el permiso \u00fanico colectivo?<\/b><\/h2>\n<p><a href=\"https:\/\/runahr.com\/cl\/recursos\/recursos-humanos\/recursos-humanos\/\"><span>Recursos humanos<\/span><\/a><span> fue el \u201ctablero de control\u201d del permiso en muchas organizaciones. Identific\u00f3 roles cr\u00edticos, coordin\u00f3 con jefaturas, valid\u00f3 datos y llev\u00f3 el registro de qui\u00e9nes pod\u00edan moverse, por cu\u00e1nto tiempo y bajo qu\u00e9 condiciones. Ese rol no solo fue administrativo; tambi\u00e9n fue estrat\u00e9gico, porque oblig\u00f3 a alinear <\/span><a href=\"https:\/\/runahr.com\/cl\/recursos\/recursos-humanos\/cultura-organizacional\/\"><span>cultura organizacional<\/span><\/a><span>, seguridad y operaci\u00f3n.<\/span><\/p>\n<h4><b>Funciones clave de RRHH durante su implementaci\u00f3n<\/b><\/h4>\n<ul>\n<li style=\"font-weight: 400;\" aria-level=\"1\"><span>Definir junto a la operaci\u00f3n qu\u00e9 puestos calificaban como esenciales y por qu\u00e9.<\/span><\/li>\n<li style=\"font-weight: 400;\" aria-level=\"1\"><span>Gestionar solicitudes, actualizaciones y renovaciones en la plataforma.<\/span><\/li>\n<li style=\"font-weight: 400;\" aria-level=\"1\"><span>Verificar datos del colaborador y resguardar documentaci\u00f3n respaldatoria.<\/span><\/li>\n<li style=\"font-weight: 400;\" aria-level=\"1\"><span>Comunicar a los equipos uso, vigencia y restricciones del permiso de forma clara y oportuna.<\/span><\/li>\n<li style=\"font-weight: 400;\" aria-level=\"1\"><span>Apoyar a l\u00edderes en planificaci\u00f3n de turnos y continuidad operativa.<\/span><\/li>\n<li style=\"font-weight: 400;\" aria-level=\"1\"><span>Prevenir uso indebido y asegurar cumplimiento normativo en fiscalizaciones.<\/span><\/li>\n<li style=\"font-weight: 400;\" aria-level=\"1\"><span>Actuar como enlace con autoridades para resolver contingencias en controles.<\/span><\/li>\n<\/ul>\n<p><span>Otro aporte fue instalar una gobernanza simple: un comit\u00e9 chico (operaciones, RRHH, prevenci\u00f3n de riesgos y legal) que revisaba criterios y resolv\u00eda excepciones. Ese espacio evit\u00f3 decisiones contradictorias entre \u00e1reas y dio respaldo a quienes deb\u00edan explicar en terreno por qu\u00e9 alguien estaba autorizado a moverse.<\/span><\/p>\n<p><span>El permiso \u00fanico colectivo fue temporal, pero las pr\u00e1cticas que lo rodearon son reutilizables. No se trata de replicar el instrumento tal cual, sino de capitalizar lo aprendido: orden documental, criterios de roles, canales de comunicaci\u00f3n y tableros de seguimiento que ayuden a decidir con rapidez y sostener la operaci\u00f3n sin improvisar.<\/span><\/p>\n<h2><b>\u00bfCu\u00e1l fue la relaci\u00f3n del permiso \u00fanico colectivo con seguridad y salud en el trabajo?<\/b><\/h2>\n<p><span>El permiso no reemplaz\u00f3 los protocolos sanitarios ni las obligaciones de seguridad; los complement\u00f3. Muchas compa\u00f1\u00edas integraron control de s\u00edntomas, elementos de protecci\u00f3n, <\/span><a href=\"https:\/\/runahr.com\/cl\/recursos\/recursos-humanos\/capacitacion\/\"><span>capacitaci\u00f3n<\/span><\/a><span> expr\u00e9s y trazabilidad de contactos al momento de emitir y renovar permisos. Ese anclaje de seguridad fue clave para reducir contagios y cuidar a los equipos cr\u00edticos.<\/span><\/p>\n<h4><b>Medidas que se integraron al proceso<\/b><\/h4>\n<ul>\n<li style=\"font-weight: 400;\" aria-level=\"1\"><span>Validaci\u00f3n de aptitud para el <\/span><a href=\"https:\/\/runahr.com\/cl\/recursos\/salario\/trabajo\/\"><span>trabajo<\/span><\/a><span> seg\u00fan protocolos vigentes.<\/span><\/li>\n<li style=\"font-weight: 400;\" aria-level=\"1\"><span>Entrega y control de uso de elementos de protecci\u00f3n personal.<\/span><\/li>\n<li style=\"font-weight: 400;\" aria-level=\"1\"><span>Registros diarios de asistencia y rutas para facilitar la trazabilidad.<\/span><\/li>\n<li style=\"font-weight: 400;\" aria-level=\"1\"><span>Breves c\u00e1psulas de capacitaci\u00f3n sobre autocuidado y conducta en terreno.<\/span><\/li>\n<\/ul>\n<p><span>La <\/span><a href=\"https:\/\/runahr.com\/cl\/recursos\/recursos-humanos\/gestion\/\"><span>gesti\u00f3n<\/span><\/a><span> del permiso dej\u00f3 una idea simple: cuando el entorno cambia de golpe, gana quien tiene claro qu\u00e9 documentar, a qui\u00e9n llamar y qu\u00e9 priorizar. Planificaci\u00f3n, documentaci\u00f3n y claridad en roles cr\u00edticos no son burocracia; son la base para mover la organizaci\u00f3n sin perder el tim\u00f3n. Recursos humanos, por su posici\u00f3n articuladora, debe estar preparado para activar permisos, restricciones y nuevas normativas cuando toque.<\/span><\/p>\n<p><span>La experiencia tambi\u00e9n mostr\u00f3 que una respuesta r\u00e1pida, ordenada y transparente fortalece la continuidad operativa y la confianza interna. Si se institucionalizan las lecciones (mapa de roles, tableros, canales y registros), la empresa llega mejor parada a la pr\u00f3xima emergencia, cualquiera sea su forma.<\/span><\/p>\n<p><a href=\"https:\/\/recursos.runahr.com\/inteligencia-artificial-futuro-trabajo\"><img decoding=\"async\" class=\"alignnone size-full wp-image-1097956\" src=\"https:\/\/runahr.com\/wp-content\/uploads\/2026\/01\/CCL010.webp\" alt=\"Descargar inteligencia artificial y el futuro del trabajo\" width=\"1786\" height=\"700\" srcset=\"https:\/\/runahr.com\/wp-content\/uploads\/2026\/01\/CCL010.webp 1786w, https:\/\/runahr.com\/wp-content\/uploads\/2026\/01\/CCL010-300x118.webp 300w, https:\/\/runahr.com\/wp-content\/uploads\/2026\/01\/CCL010-1024x401.webp 1024w, https:\/\/runahr.com\/wp-content\/uploads\/2026\/01\/CCL010-768x301.webp 768w, https:\/\/runahr.com\/wp-content\/uploads\/2026\/01\/CCL010-1536x602.webp 1536w\" sizes=\"(max-width: 1786px) 100vw, 1786px\" \/><\/a><\/p>\n\t\t<h2 class=\"runa-faq-title\">Preguntas frecuentes<\/h2>\n\n\t\t<div class=\"runa-faq-accordion\">\n\t\t\t\t\t\t<details class=\"runa-faq-item\">\n\t\t\t\t<summary>\n\t\t\t\t\t<span>\u00bfQu\u00e9 normas miro para ordenar documentos y flujos si vuelve una contingencia?<\/span>\n\t\t\t\t\t<i class=\"fas fa-chevron-down\" aria-hidden=\"true\"><\/i>\n\t\t\t\t<\/summary>\n\t\t\t\t<div class=\"runa-faq-content\">\n\t\t\t\t\t<p><span style=\"font-weight: 400\">Como base, conviene revisar el <\/span><a href=\"https:\/\/runahr.com\/cl\/recursos\/salario\/codigo-de-trabajo\/\"><span style=\"font-weight: 400\">C\u00f3digo del Trabajo<\/span><\/a><span style=\"font-weight: 400\"> y las pautas de la <\/span><a href=\"https:\/\/runahr.com\/cl\/recursos\/salario\/direccion-del-trabajo\/\"><span style=\"font-weight: 400\">Direcci\u00f3n del Trabajo<\/span><\/a><span style=\"font-weight: 400\">. No es llenar papeles por cumplir, sino traducir exigencias en procesos simples: qui\u00e9n emite certificados, c\u00f3mo se registran turnos y qu\u00e9 respaldo se presenta en controles.<\/span><\/p>\n\t\t\t\t<\/div>\n\t\t\t<\/details>\n\t\t\t\t\t\t<details class=\"runa-faq-item\">\n\t\t\t\t<summary>\n\t\t\t\t\t<span>\u00bfQu\u00e9 ministerio orienta los criterios generales en emergencias laborales?<\/span>\n\t\t\t\t\t<i class=\"fas fa-chevron-down\" aria-hidden=\"true\"><\/i>\n\t\t\t\t<\/summary>\n\t\t\t\t<div class=\"runa-faq-content\">\n\t\t\t\t\t<p><span style=\"font-weight: 400\">El <\/span><a href=\"https:\/\/runahr.com\/cl\/recursos\/salario\/ministerio-de-trabajo-y-prevision-social\/\"><span style=\"font-weight: 400\">Ministerio del Trabajo y Previsi\u00f3n Social<\/span><\/a><span style=\"font-weight: 400\"> define lineamientos y programas que ayudan a priorizar. En <\/span><a href=\"https:\/\/runahr.com\/cl\/recursos\/beneficios\/seguridad-social\/\"><span style=\"font-weight: 400\">seguridad social<\/span><\/a><span style=\"font-weight: 400\">, la <\/span><a href=\"https:\/\/runahr.com\/cl\/recursos\/salario\/superintendencia-de-seguridad-social\/\"><span style=\"font-weight: 400\">Superintendencia de Seguridad Social (SUSESO)<\/span><\/a><span style=\"font-weight: 400\"> entrega criterios para prevenir riesgos y ordenar <\/span><a href=\"https:\/\/runahr.com\/cl\/recursos\/beneficios\/prestaciones\/\"><span style=\"font-weight: 400\">prestaciones<\/span><\/a><span style=\"font-weight: 400\">, \u00fatiles cuando hay operaci\u00f3n cr\u00edtica.<\/span><\/p>\n\t\t\t\t<\/div>\n\t\t\t<\/details>\n\t\t\t\t\t\t<details class=\"runa-faq-item\">\n\t\t\t\t<summary>\n\t\t\t\t\t<span>Si necesito validar datos de personas y pagos, \u00bfqu\u00e9 debo chequear primero?<\/span>\n\t\t\t\t\t<i class=\"fas fa-chevron-down\" aria-hidden=\"true\"><\/i>\n\t\t\t\t<\/summary>\n\t\t\t\t<div class=\"runa-faq-content\">\n\t\t\t\t\t<p><span style=\"font-weight: 400\">Verifica el <\/span><a href=\"https:\/\/runahr.com\/cl\/recursos\/salario\/rut\/\"><span style=\"font-weight: 400\">Rol \u00danico Tributario (RUT)<\/span><\/a><span style=\"font-weight: 400\">, coordina cierres de <\/span><a href=\"https:\/\/runahr.com\/cl\/recursos\/salario\/nomina\/\"><span style=\"font-weight: 400\">n\u00f3mina<\/span><\/a><span style=\"font-weight: 400\"> y revisa lineamientos del <\/span><a href=\"https:\/\/runahr.com\/cl\/recursos\/salario\/servicios-de-impuestos-internos\/\"><span style=\"font-weight: 400\">Servicio de Impuestos Internos (SII)<\/span><\/a><span style=\"font-weight: 400\">. Con eso claro, la coordinaci\u00f3n con finanzas y operaciones fluye mejor, incluso bajo presi\u00f3n.<\/span><\/p>\n\t\t\t\t<\/div>\n\t\t\t<\/details>\n\t\t\t\t\t\t<details class=\"runa-faq-item\">\n\t\t\t\t<summary>\n\t\t\t\t\t<span>\u00bfQu\u00e9 tr\u00e1mites previsionales conviene adelantar desde el primer d\u00eda?<\/span>\n\t\t\t\t\t<i class=\"fas fa-chevron-down\" aria-hidden=\"true\"><\/i>\n\t\t\t\t<\/summary>\n\t\t\t\t<div class=\"runa-faq-content\">\n\t\t\t\t\t<p><span style=\"font-weight: 400\">Es pr\u00e1ctico dejar listos accesos a <\/span><a href=\"https:\/\/runahr.com\/cl\/recursos\/salario\/ips-en-linea\/\"><span style=\"font-weight: 400\">IPS en l\u00ednea<\/span><\/a><span style=\"font-weight: 400\"> y validar afiliaciones en el <\/span><a href=\"https:\/\/runahr.com\/cl\/recursos\/recursos-humanos\/instituto-de-prevision-social\/\"><span style=\"font-weight: 400\">Instituto de Previsi\u00f3n Social (IPS)<\/span><\/a><span style=\"font-weight: 400\">. Para prevenci\u00f3n y prestaciones por <\/span><a href=\"https:\/\/runahr.com\/cl\/recursos\/recursos-humanos\/accidente-laboral\/\"><span style=\"font-weight: 400\">accidente laboral<\/span><\/a><span style=\"font-weight: 400\"> o enfermedades profesionales, el <\/span><a href=\"https:\/\/runahr.com\/cl\/recursos\/salario\/isl\/\"><span style=\"font-weight: 400\">Instituto de Seguridad Laboral (ISL)<\/span><\/a><span style=\"font-weight: 400\"> es un aliado importante.<\/span><\/p>\n\t\t\t\t<\/div>\n\t\t\t<\/details>\n\t\t\t\t\t\t<details class=\"runa-faq-item\">\n\t\t\t\t<summary>\n\t\t\t\t\t<span>\u00bfC\u00f3mo integro salud y descanso sin frenar la operaci\u00f3n?<\/span>\n\t\t\t\t\t<i class=\"fas fa-chevron-down\" aria-hidden=\"true\"><\/i>\n\t\t\t\t<\/summary>\n\t\t\t\t<div class=\"runa-faq-content\">\n\t\t\t\t\t<p><span style=\"font-weight: 400\">Explica coberturas con la <\/span><a href=\"https:\/\/runahr.com\/cl\/recursos\/salario\/isapre\/\"><span style=\"font-weight: 400\">Instituci\u00f3n de Salud Previsional (Isapre)<\/span><\/a><span style=\"font-weight: 400\">, visibiliza apoyos de <\/span><a href=\"https:\/\/runahr.com\/cl\/recursos\/recursos-humanos\/salud-mental\/\"><span style=\"font-weight: 400\">salud mental<\/span><\/a><span style=\"font-weight: 400\"> y planifica <\/span><a href=\"https:\/\/runahr.com\/cl\/recursos\/beneficios\/vacaciones\/\"><span style=\"font-weight: 400\">vacaciones<\/span><\/a><span style=\"font-weight: 400\"> con anticipaci\u00f3n. Una agenda conocida reduce ansiedad y evita cuellos de botella cuando se ajustan turnos o rutas.<\/span><\/p>\n\t\t\t\t<\/div>\n\t\t\t<\/details>\n\t\t\t\t\t\t<details class=\"runa-faq-item\">\n\t\t\t\t<summary>\n\t\t\t\t\t<span>\u00bfQu\u00e9 debo dejar por escrito en documentos laborales clave?<\/span>\n\t\t\t\t\t<i class=\"fas fa-chevron-down\" aria-hidden=\"true\"><\/i>\n\t\t\t\t<\/summary>\n\t\t\t\t<div class=\"runa-faq-content\">\n\t\t\t\t\t<p><span style=\"font-weight: 400\">Define con claridad el <\/span><a href=\"https:\/\/runahr.com\/cl\/recursos\/recursos-humanos\/contrato-de-trabajo\/\"><span style=\"font-weight: 400\">contrato de trabajo<\/span><\/a><span style=\"font-weight: 400\">, la <\/span><a href=\"https:\/\/runahr.com\/cl\/recursos\/recursos-humanos\/jornada-laboral\/\"><span style=\"font-weight: 400\">jornada laboral<\/span><\/a><span style=\"font-weight: 400\"> y componentes del <\/span><a href=\"https:\/\/runahr.com\/cl\/recursos\/salario\/salario\/\"><span style=\"font-weight: 400\">salario<\/span><\/a><span style=\"font-weight: 400\"> variable si aplica. Cuando estos puntos est\u00e1n transparentados, la coordinaci\u00f3n con l\u00edderes y equipos se vuelve m\u00e1s sencilla.<\/span><\/p>\n\t\t\t\t<\/div>\n\t\t\t<\/details>\n\t\t\t\t\t\t<details class=\"runa-faq-item\">\n\t\t\t\t<summary>\n\t\t\t\t\t<span>\u00bfC\u00f3mo ordenar equipos distribuidos sin perder trazabilidad?<\/span>\n\t\t\t\t\t<i class=\"fas fa-chevron-down\" aria-hidden=\"true\"><\/i>\n\t\t\t\t<\/summary>\n\t\t\t\t<div class=\"runa-faq-content\">\n\t\t\t\t\t<p><span style=\"font-weight: 400\">En esquemas de <\/span><a href=\"https:\/\/runahr.com\/cl\/recursos\/beneficios\/trabajo-remoto\/\"><span style=\"font-weight: 400\">trabajo remoto<\/span><\/a><span style=\"font-weight: 400\">, acuerda ventanas de contacto, canales de emergencia y entregables medibles. Complementa con una gu\u00eda de <\/span><a href=\"https:\/\/runahr.com\/cl\/recursos\/beneficios\/beneficios\/\"><span style=\"font-weight: 400\">beneficios<\/span><\/a><span style=\"font-weight: 400\"> para que cada persona sepa a qu\u00e9 apoyos acceder cuando haya ajustes por contingencia.<\/span><\/p>\n\t\t\t\t<\/div>\n\t\t\t<\/details>\n\t\t\t\t\t<\/div>\n\n\t\t<script>\n\t\t(function() {\n\t\t\tdocument.addEventListener('DOMContentLoaded', function() {\n\t\t\t\tvar items = document.querySelectorAll('.runa-faq-accordion details');\n\t\t\t\titems.forEach(function(target) {\n\t\t\t\t\ttarget.addEventListener('toggle', function() {\n\t\t\t\t\t\tif (target.open) {\n\t\t\t\t\t\t\titems.forEach(function(other) {\n\t\t\t\t\t\t\t\tif (other !== target && other.open) other.open = false;\n\t\t\t\t\t\t\t});\n\t\t\t\t\t\t}\n\t\t\t\t\t});\n\t\t\t\t});\n\t\t\t});\n\t\t})();\n\t\t<\/script>\n\t\t\n","protected":false},"excerpt":{"rendered":"<p>Durante la pandemia, muchas empresas en Chile aprendieron (a la fuerza) que la continuidad operativa depende tanto del negocio como de la capacidad para ordenar papeles, roles y flujos de informaci\u00f3n. En ese contexto apareci\u00f3 una herramienta que hoy ya no se usa, pero que dej\u00f3 lecciones valiosas: el permiso \u00fanico colectivo. M\u00e1s que un [&hellip;]<\/p>\n","protected":false},"author":100,"featured_media":1112664,"comment_status":"closed","ping_status":"closed","sticky":false,"template":"","format":"standard","meta":{"_acf_changed":false,"_wp_applaud_exclude":false,"footnotes":""},"categories":[1606,1587],"tags":[1596,1783],"class_list":["post-1112663","post","type-post","status-publish","format-standard","has-post-thumbnail","hentry","category-recursos","category-recursos-humanos","tag-articulo-cl","tag-recursos-humanos-4"],"acf":[],"yoast_head":"<!-- This site is optimized with the Yoast SEO Premium plugin v26.1 (Yoast SEO v27.4) - https:\/\/yoast.com\/product\/yoast-seo-premium-wordpress\/ -->\n<title>Permiso \u00fanico colectivo: \u00bfQu\u00e9 fue? \u00bfC\u00f3mo funcionaba? | CL | Runa HR<\/title>\n<meta name=\"description\" content=\"C\u00f3mo el permiso \u00fanico colectivo sostuvo servicios esenciales: procesos, fiscalizaci\u00f3n, datos limpios y equipos coordinados para responder emergencias sin improvisar.\" \/>\n<meta name=\"robots\" content=\"index, follow, max-snippet:-1, max-image-preview:large, max-video-preview:-1\" \/>\n<link rel=\"canonical\" href=\"https:\/\/runahr.com\/cl\/recursos\/recursos-humanos\/permiso-unico-colectivo\/\" \/>\n<meta property=\"og:locale\" content=\"es_ES\" \/>\n<meta property=\"og:type\" content=\"article\" \/>\n<meta property=\"og:title\" content=\"Permiso \u00fanico colectivo: \u00bfQu\u00e9 fue? \u00bfC\u00f3mo funcionaba? | CL | Runa HR\" \/>\n<meta property=\"og:description\" content=\"C\u00f3mo el permiso \u00fanico colectivo sostuvo servicios esenciales: procesos, fiscalizaci\u00f3n, datos limpios y equipos coordinados para responder emergencias sin improvisar.\" \/>\n<meta property=\"og:url\" content=\"https:\/\/runahr.com\/cl\/recursos\/recursos-humanos\/permiso-unico-colectivo\/\" \/>\n<meta property=\"og:site_name\" content=\"Runa HR\" \/>\n<meta property=\"article:publisher\" content=\"https:\/\/www.facebook.com\/runahr\/\" \/>\n<meta property=\"article:published_time\" content=\"2026-04-16T01:39:48+00:00\" \/>\n<meta property=\"og:image\" content=\"https:\/\/runahr.com\/wp-content\/uploads\/2026\/04\/Permiso-unico-colectivo.webp\" \/>\n\t<meta property=\"og:image:width\" content=\"2048\" \/>\n\t<meta property=\"og:image:height\" content=\"827\" \/>\n\t<meta property=\"og:image:type\" content=\"image\/webp\" \/>\n<meta name=\"author\" content=\"Edgar Padilla\" \/>\n<meta name=\"twitter:card\" content=\"summary_large_image\" \/>\n<meta name=\"twitter:creator\" content=\"@runahr\" \/>\n<meta name=\"twitter:site\" content=\"@runahr\" \/>\n<meta name=\"twitter:label1\" content=\"Escrito por\" \/>\n\t<meta name=\"twitter:data1\" content=\"Edgar Padilla\" \/>\n\t<meta name=\"twitter:label2\" content=\"Tiempo estimado de lectura\" \/>\n\t<meta name=\"twitter:data2\" content=\"8 minutos\" \/>\n<!-- \/ Yoast SEO Premium plugin. -->","yoast_head_json":{"title":"Permiso \u00fanico colectivo: \u00bfQu\u00e9 fue? \u00bfC\u00f3mo funcionaba? | CL | Runa HR","description":"C\u00f3mo el permiso \u00fanico colectivo sostuvo servicios esenciales: procesos, fiscalizaci\u00f3n, datos limpios y equipos coordinados para responder emergencias sin improvisar.","robots":{"index":"index","follow":"follow","max-snippet":"max-snippet:-1","max-image-preview":"max-image-preview:large","max-video-preview":"max-video-preview:-1"},"canonical":"https:\/\/runahr.com\/cl\/recursos\/recursos-humanos\/permiso-unico-colectivo\/","og_locale":"es_ES","og_type":"article","og_title":"Permiso \u00fanico colectivo: \u00bfQu\u00e9 fue? \u00bfC\u00f3mo funcionaba? | CL | Runa HR","og_description":"C\u00f3mo el permiso \u00fanico colectivo sostuvo servicios esenciales: procesos, fiscalizaci\u00f3n, datos limpios y equipos coordinados para responder emergencias sin improvisar.","og_url":"https:\/\/runahr.com\/cl\/recursos\/recursos-humanos\/permiso-unico-colectivo\/","og_site_name":"Runa HR","article_publisher":"https:\/\/www.facebook.com\/runahr\/","article_published_time":"2026-04-16T01:39:48+00:00","og_image":[{"width":2048,"height":827,"url":"https:\/\/runahr.com\/wp-content\/uploads\/2026\/04\/Permiso-unico-colectivo.webp","type":"image\/webp"}],"author":"Edgar Padilla","twitter_card":"summary_large_image","twitter_creator":"@runahr","twitter_site":"@runahr","twitter_misc":{"Escrito por":"Edgar Padilla","Tiempo estimado de lectura":"8 minutos"},"schema":{"@context":"https:\/\/schema.org","@graph":[{"@type":"Article","@id":"https:\/\/runahr.com\/cl\/recursos\/recursos-humanos\/permiso-unico-colectivo\/#article","isPartOf":{"@id":"https:\/\/runahr.com\/cl\/recursos\/recursos-humanos\/permiso-unico-colectivo\/"},"author":{"name":"Edgar Padilla","@id":"https:\/\/runahr.com\/cl\/#\/schema\/person\/3739dc18365f82019e4c8b5a13aad319"},"headline":"Permiso \u00fanico colectivo: \u00bfQu\u00e9 fue? \u00bfC\u00f3mo funcionaba?","datePublished":"2026-04-16T01:39:48+00:00","mainEntityOfPage":{"@id":"https:\/\/runahr.com\/cl\/recursos\/recursos-humanos\/permiso-unico-colectivo\/"},"wordCount":1733,"publisher":{"@id":"https:\/\/runahr.com\/cl\/#organization"},"image":{"@id":"https:\/\/runahr.com\/cl\/recursos\/recursos-humanos\/permiso-unico-colectivo\/#primaryimage"},"thumbnailUrl":"https:\/\/runahr.com\/wp-content\/uploads\/2026\/04\/Permiso-unico-colectivo.webp","keywords":["Art\u00edculo","Recursos humanos"],"articleSection":["Recursos","Recursos humanos"],"inLanguage":"es-CL"},{"@type":"WebPage","@id":"https:\/\/runahr.com\/cl\/recursos\/recursos-humanos\/permiso-unico-colectivo\/","url":"https:\/\/runahr.com\/cl\/recursos\/recursos-humanos\/permiso-unico-colectivo\/","name":"Permiso \u00fanico colectivo: \u00bfQu\u00e9 fue? \u00bfC\u00f3mo funcionaba? | CL | Runa HR","isPartOf":{"@id":"https:\/\/runahr.com\/cl\/#website"},"primaryImageOfPage":{"@id":"https:\/\/runahr.com\/cl\/recursos\/recursos-humanos\/permiso-unico-colectivo\/#primaryimage"},"image":{"@id":"https:\/\/runahr.com\/cl\/recursos\/recursos-humanos\/permiso-unico-colectivo\/#primaryimage"},"thumbnailUrl":"https:\/\/runahr.com\/wp-content\/uploads\/2026\/04\/Permiso-unico-colectivo.webp","datePublished":"2026-04-16T01:39:48+00:00","description":"C\u00f3mo el permiso \u00fanico colectivo sostuvo servicios esenciales: procesos, fiscalizaci\u00f3n, datos limpios y equipos coordinados para responder emergencias sin improvisar.","breadcrumb":{"@id":"https:\/\/runahr.com\/cl\/recursos\/recursos-humanos\/permiso-unico-colectivo\/#breadcrumb"},"inLanguage":"es-CL","potentialAction":[{"@type":"ReadAction","target":["https:\/\/runahr.com\/cl\/recursos\/recursos-humanos\/permiso-unico-colectivo\/"]}]},{"@type":"ImageObject","inLanguage":"es-CL","@id":"https:\/\/runahr.com\/cl\/recursos\/recursos-humanos\/permiso-unico-colectivo\/#primaryimage","url":"https:\/\/runahr.com\/wp-content\/uploads\/2026\/04\/Permiso-unico-colectivo.webp","contentUrl":"https:\/\/runahr.com\/wp-content\/uploads\/2026\/04\/Permiso-unico-colectivo.webp","width":2048,"height":827,"caption":"Permiso \u00fanico colectivo"},{"@type":"BreadcrumbList","@id":"https:\/\/runahr.com\/cl\/recursos\/recursos-humanos\/permiso-unico-colectivo\/#breadcrumb","itemListElement":[{"@type":"ListItem","position":1,"name":"Home","item":"https:\/\/runahr.com\/cl\/"},{"@type":"ListItem","position":2,"name":"Recursos","item":"https:\/\/runahr.com\/cl\/category\/recursos\/"},{"@type":"ListItem","position":3,"name":"Recursos humanos","item":"https:\/\/runahr.com\/cl\/category\/recursos\/recursos-humanos\/"},{"@type":"ListItem","position":4,"name":"Permiso \u00fanico colectivo: \u00bfQu\u00e9 fue? \u00bfC\u00f3mo funcionaba?"}]},{"@type":"WebSite","@id":"https:\/\/runahr.com\/cl\/#website","url":"https:\/\/runahr.com\/cl\/","name":"Runa HR","description":"Software de N\u00f3mina y Gesti\u00f3n de RRHH","publisher":{"@id":"https:\/\/runahr.com\/cl\/#organization"},"potentialAction":[{"@type":"SearchAction","target":{"@type":"EntryPoint","urlTemplate":"https:\/\/runahr.com\/cl\/?s={search_term_string}"},"query-input":{"@type":"PropertyValueSpecification","valueRequired":true,"valueName":"search_term_string"}}],"inLanguage":"es-CL"},{"@type":"Organization","@id":"https:\/\/runahr.com\/cl\/#organization","name":"Runa HR","url":"https:\/\/runahr.com\/cl\/","logo":{"@type":"ImageObject","inLanguage":"es-CL","@id":"https:\/\/runahr.com\/cl\/#\/schema\/logo\/image\/","url":"https:\/\/runahr.com\/wp-content\/uploads\/2018\/05\/xDzHFcQY_400x400.jpg","contentUrl":"https:\/\/runahr.com\/wp-content\/uploads\/2018\/05\/xDzHFcQY_400x400.jpg","width":400,"height":400,"caption":"Runa HR"},"image":{"@id":"https:\/\/runahr.com\/cl\/#\/schema\/logo\/image\/"},"sameAs":["https:\/\/www.facebook.com\/runahr\/","https:\/\/x.com\/runahr","https:\/\/www.instagram.com\/runahr\/","https:\/\/mx.linkedin.com\/company\/runahr","https:\/\/www.youtube.com\/channel\/UCAZ21FupFMLIb1c7PPaU6Ew"]},{"@type":"Person","@id":"https:\/\/runahr.com\/cl\/#\/schema\/person\/3739dc18365f82019e4c8b5a13aad319","name":"Edgar Padilla","image":{"@type":"ImageObject","inLanguage":"es-CL","@id":"https:\/\/secure.gravatar.com\/avatar\/8e8620f0f4a0cdfb4cecfa7df33d7ed05425d393e77f8cf0fc159df2427558f6?s=96&d=mm&r=g","url":"https:\/\/secure.gravatar.com\/avatar\/8e8620f0f4a0cdfb4cecfa7df33d7ed05425d393e77f8cf0fc159df2427558f6?s=96&d=mm&r=g","contentUrl":"https:\/\/secure.gravatar.com\/avatar\/8e8620f0f4a0cdfb4cecfa7df33d7ed05425d393e77f8cf0fc159df2427558f6?s=96&d=mm&r=g","caption":"Edgar Padilla"},"url":"https:\/\/runahr.com\/cl\/author\/edgar_padilla\/"}]}},"_links":{"self":[{"href":"https:\/\/runahr.com\/cl\/wp-json\/wp\/v2\/posts\/1112663","targetHints":{"allow":["GET"]}}],"collection":[{"href":"https:\/\/runahr.com\/cl\/wp-json\/wp\/v2\/posts"}],"about":[{"href":"https:\/\/runahr.com\/cl\/wp-json\/wp\/v2\/types\/post"}],"author":[{"embeddable":true,"href":"https:\/\/runahr.com\/cl\/wp-json\/wp\/v2\/users\/100"}],"replies":[{"embeddable":true,"href":"https:\/\/runahr.com\/cl\/wp-json\/wp\/v2\/comments?post=1112663"}],"version-history":[{"count":1,"href":"https:\/\/runahr.com\/cl\/wp-json\/wp\/v2\/posts\/1112663\/revisions"}],"predecessor-version":[{"id":1112665,"href":"https:\/\/runahr.com\/cl\/wp-json\/wp\/v2\/posts\/1112663\/revisions\/1112665"}],"wp:featuredmedia":[{"embeddable":true,"href":"https:\/\/runahr.com\/cl\/wp-json\/wp\/v2\/media\/1112664"}],"wp:attachment":[{"href":"https:\/\/runahr.com\/cl\/wp-json\/wp\/v2\/media?parent=1112663"}],"wp:term":[{"taxonomy":"category","embeddable":true,"href":"https:\/\/runahr.com\/cl\/wp-json\/wp\/v2\/categories?post=1112663"},{"taxonomy":"post_tag","embeddable":true,"href":"https:\/\/runahr.com\/cl\/wp-json\/wp\/v2\/tags?post=1112663"}],"curies":[{"name":"wp","href":"https:\/\/api.w.org\/{rel}","templated":true}]}}