{"id":1114471,"date":"2026-04-28T10:41:32","date_gmt":"2026-04-28T16:41:32","guid":{"rendered":"https:\/\/runahr.com\/?p=1114471"},"modified":"2026-04-28T10:41:32","modified_gmt":"2026-04-28T16:41:32","slug":"ley-16-744","status":"publish","type":"post","link":"https:\/\/runahr.com\/cl\/recursos\/recursos-humanos\/ley-16-744\/","title":{"rendered":"Ley 16.744: \u00bfQu\u00e9 es? \u00bfCu\u00e1les son sus objetivos?"},"content":{"rendered":"<p><span>En la realidad chilena, la conversaci\u00f3n sobre seguridad y salud laboral dej\u00f3 de ser un checklist para convertirse en una palanca de continuidad operativa. La ley 16.744 (el seguro social contra riesgos de accidentes del trabajo y enfermedades profesionales) ordena esa conversaci\u00f3n y la vuelve exigible. Cuando se comprende bien y se gestiona de manera preventiva, reduce incidentes, acorta tiempos de respuesta y cuida a las personas. Y cuando se descuida, los costos legales, reputacionales y productivos aparecen r\u00e1pido. De ah\u00ed su car\u00e1cter estrat\u00e9gico para cualquier directorio.<\/span><\/p>\n<p><span>El punto no es solo \u201ccumplir\u201d. Es instalar un sistema que anticipe riesgos, responda con velocidad cuando ocurre un evento y reintegre a la persona de forma segura. CEOs y RRHH tienen un papel ineludible: Definir est\u00e1ndares, alinear jefaturas y mirar indicadores con la misma seriedad con que se observa la <\/span><a href=\"https:\/\/runahr.com\/cl\/recursos\/recursos-humanos\/productividad\/\"><span>productividad<\/span><\/a><span>. As\u00ed, la prevenci\u00f3n deja de ser un discurso para transformarse en pr\u00e1ctica cotidiana.<\/span><\/p>\n<h2><b>\u00bfQu\u00e9 es la ley 16.744 de Chile?<\/b><\/h2>\n<p><span>La ley 16.744 establece el <\/span><a href=\"https:\/\/runahr.com\/cl\/recursos\/beneficios\/seguro-social\/\"><span>Seguro Social<\/span><\/a><span> contra Riesgos de Accidentes del Trabajo y Enfermedades Profesionales. Es obligatoria para los empleadores y busca proteger la vida, la salud y la capacidad de <\/span><a href=\"https:\/\/runahr.com\/cl\/recursos\/salario\/trabajo\/\"><span>trabajo<\/span><\/a><span> de quienes se desempe\u00f1an bajo relaci\u00f3n de dependencia o como independientes que cotizan. Su esp\u00edritu es simple: Que nadie quede desprotegido ante un da\u00f1o originado en el trabajo o en el trayecto, y que la organizaci\u00f3n adopte medidas para evitar que ese da\u00f1o ocurra.<\/span><\/p>\n<h4><b>Vinculando norma y gesti\u00f3n: Lo que conviene tener a la vista<\/b><\/h4>\n<ul>\n<li style=\"font-weight: 400;\" aria-level=\"1\"><b>Car\u00e1cter obligatorio:<\/b><span> Todas las empresas deben afiliarse y cotizar.<\/span><\/li>\n<li style=\"font-weight: 400;\" aria-level=\"1\"><b>Cobertura integral:<\/b><span> Atenci\u00f3n, rehabilitaci\u00f3n y <\/span><a href=\"https:\/\/runahr.com\/cl\/recursos\/beneficios\/prestaciones\/\"><span>prestaciones<\/span><\/a><span> econ\u00f3micas.<\/span><\/li>\n<li style=\"font-weight: 400;\" aria-level=\"1\"><b>Prevenci\u00f3n como eje: <\/b><span>La ley no solo repara, tambi\u00e9n exige evitar.<\/span><\/li>\n<li style=\"font-weight: 400;\" aria-level=\"1\"><b>Corresponsabilidad:<\/b><span> Empleador, organismo administrador y <\/span><a href=\"https:\/\/runahr.com\/cl\/recursos\/recursos-humanos\/trabajador\/\"><span>trabajador<\/span><\/a><span>.<\/span><\/li>\n<\/ul>\n<p><a href=\"https:\/\/recursos.runahr.com\/cl-kit-bienestar-laboral\"><img fetchpriority=\"high\" decoding=\"async\" class=\"alignnone size-full wp-image-1098218\" src=\"https:\/\/runahr.com\/wp-content\/uploads\/2026\/01\/CCL028.webp\" alt=\"Descargar KIT de bienestar laboral\" width=\"2128\" height=\"840\" srcset=\"https:\/\/runahr.com\/wp-content\/uploads\/2026\/01\/CCL028.webp 2128w, https:\/\/runahr.com\/wp-content\/uploads\/2026\/01\/CCL028-300x118.webp 300w, https:\/\/runahr.com\/wp-content\/uploads\/2026\/01\/CCL028-1024x404.webp 1024w, https:\/\/runahr.com\/wp-content\/uploads\/2026\/01\/CCL028-768x303.webp 768w, https:\/\/runahr.com\/wp-content\/uploads\/2026\/01\/CCL028-1536x606.webp 1536w, https:\/\/runahr.com\/wp-content\/uploads\/2026\/01\/CCL028-2048x808.webp 2048w\" sizes=\"(max-width: 2128px) 100vw, 2128px\" \/><\/a><\/p>\n<h2><b>\u00bfPara qu\u00e9 sirve la ley 16.744?<\/b><\/h2>\n<p><span>Sirve para garantizar que, frente a un <\/span><a href=\"https:\/\/runahr.com\/cl\/recursos\/recursos-humanos\/accidente-laboral\/\"><span>accidente laboral<\/span><\/a><span> o una enfermedad profesional, exista atenci\u00f3n m\u00e9dica oportuna y sin costo para la persona, junto con subsidios, <\/span><a href=\"https:\/\/runahr.com\/cl\/recursos\/salario\/indemnizacion\/\"><span>indemnizaci\u00f3n<\/span><\/a><span> o <\/span><a href=\"https:\/\/runahr.com\/cl\/recursos\/salario\/pension\/\"><span>pensi\u00f3n<\/span><\/a><span> cuando corresponda. A la vez, instala un sistema de prevenci\u00f3n que obliga a mirar los riesgos de cada <\/span><a href=\"https:\/\/runahr.com\/cl\/recursos\/recursos-humanos\/puesto\/\"><span>puesto<\/span><\/a><span>, capacitar y mejorar la forma en que se trabaja. En la pr\u00e1ctica, es un marco que protege a las personas y resguarda la continuidad del negocio.<\/span><\/p>\n<h4><b>Resultados que se observan cuando se gestiona bien<\/b><\/h4>\n<ul>\n<li style=\"font-weight: 400;\" aria-level=\"1\"><span>Reducci\u00f3n sostenida de la accidentabilidad y la gravedad de eventos.<\/span><\/li>\n<li style=\"font-weight: 400;\" aria-level=\"1\"><b>Procesos claros ante emergencias:<\/b><span> Menos improvisaci\u00f3n y mejor coordinaci\u00f3n.<\/span><\/li>\n<li style=\"font-weight: 400;\" aria-level=\"1\"><b>Menores costos indirectos:<\/b><span> Menos <\/span><a href=\"https:\/\/runahr.com\/cl\/recursos\/recursos-humanos\/ausentismo-laboral\/\"><span>ausentismo laboral<\/span><\/a><span>, rotaci\u00f3n y reprocesos.<\/span><\/li>\n<li style=\"font-weight: 400;\" aria-level=\"1\"><b>Mejora del clima:<\/b><span> Sensaci\u00f3n de cuidado real, no solo declarado.<\/span><\/li>\n<\/ul>\n<h2><b>\u00bfCu\u00e1les son los objetivos de la ley 16.744?<\/b><\/h2>\n<p><span>La ley persigue prevenir, reparar y rehabilitar. Esto se traduce en ambientes de trabajo m\u00e1s seguros, acceso a atenci\u00f3n integral y prestaciones econ\u00f3micas que permitan sostener ingresos en caso de incapacidad temporal o permanente. Tambi\u00e9n busca instalar responsabilidad en la <\/span><a href=\"https:\/\/runahr.com\/cl\/recursos\/recursos-humanos\/empresa\/\"><span>empresa<\/span><\/a><span>, empujando a que la prevenci\u00f3n sea parte de la estrategia y no un ap\u00e9ndice del \u00e1rea de prevenci\u00f3n de riesgos.<\/span><\/p>\n<h4><b>Del papel a la acci\u00f3n: Objetivos que se vuelven procesos<\/b><\/h4>\n<ul>\n<li style=\"font-weight: 400;\" aria-level=\"1\"><b>Prevenci\u00f3n en el dise\u00f1o del trabajo:<\/b><span> Procedimientos, EPP y controles.<\/span><\/li>\n<li style=\"font-weight: 400;\" aria-level=\"1\"><b>Respuesta cl\u00ednica y administrativa r\u00e1pida:<\/b><span> Derivaci\u00f3n y tr\u00e1mites a tiempo.<\/span><\/li>\n<li style=\"font-weight: 400;\" aria-level=\"1\"><b>Rehabilitaci\u00f3n y reintegro:<\/b><span> Puestos transitorios y adaptaciones razonables.<\/span><\/li>\n<li style=\"font-weight: 400;\" aria-level=\"1\"><a href=\"https:\/\/runahr.com\/cl\/recursos\/recursos-humanos\/formacion\/\"><b>Formaci\u00f3n<\/b><\/a><b> continua:<\/b><span> Capacitar a l\u00edderes y equipos, con foco en riesgos cr\u00edticos.<\/span><\/li>\n<\/ul>\n<h2><b>\u00bfC\u00f3mo funciona la Ley 16.744?<\/b><\/h2>\n<p><span>El funcionamiento es claro: La empresa se afilia a un organismo administrador (mutualidad o <\/span><a href=\"https:\/\/runahr.com\/cl\/recursos\/salario\/isl\/\"><span>Instituto de Seguridad Laboral (ISL)<\/span><\/a><span> y paga cotizaciones. Si ocurre un accidente o se sospecha de enfermedad profesional, la persona recibe atenci\u00f3n inmediata en la red del organismo. Este eval\u00faa, trata, rehabilita y, cuando corresponde, otorga prestaciones econ\u00f3micas. Adem\u00e1s, realiza acciones preventivas y asesor\u00edas en la empresa. El ciclo ideal va de la identificaci\u00f3n del peligro a la mejora del proceso, con datos que permitan aprender de cada evento.<\/span><\/p>\n<h4><b>Engranajes del sistema: Roles y tiempos<\/b><\/h4>\n<ul>\n<li style=\"font-weight: 400;\" aria-level=\"1\"><b>Empleador:<\/b><span> Afiliar, cotizar, prevenir, informar y colaborar.<\/span><\/li>\n<li style=\"font-weight: 400;\" aria-level=\"1\"><b>Organismo administrador:<\/b><span> Atender, rehabilitar, pagar prestaciones y asesorar.<\/span><\/li>\n<li style=\"font-weight: 400;\" aria-level=\"1\"><b>Trabajador:<\/b><span> Cumplir procedimientos y reportar incidentes.<\/span><\/li>\n<li style=\"font-weight: 400;\" aria-level=\"1\"><b>Plazos:<\/b><span> Notificaci\u00f3n inmediata y derivaci\u00f3n cl\u00ednica sin demoras.<\/span><\/li>\n<\/ul>\n<h2><b>\u00bfCu\u00e1l es la cobertura de la ley 16.744?<\/b><\/h2>\n<p><span>La cobertura comprende accidentes con ocasi\u00f3n o a causa del trabajo, accidentes de trayecto (entre casa y trabajo) y enfermedades profesionales reconocidas. Considera atenciones m\u00e9dicas, quir\u00fargicas, farmacol\u00f3gicas, rehabilitaci\u00f3n y el reintegro laboral. En lo econ\u00f3mico, contempla <\/span><a href=\"https:\/\/runahr.com\/cl\/recursos\/salario\/subsidio\/\"><span>subsidio<\/span><\/a><span> por incapacidad temporal y, si corresponde, indemnizaciones o pensiones por invalidez o fallecimiento. Para la empresa, entender el alcance evita errores costosos al momento de calificar eventos o gestionar licencias.<\/span><\/p>\n<h4><b>Traducci\u00f3n operativa para equipos y jefaturas<\/b><\/h4>\n<ul>\n<li style=\"font-weight: 400;\" aria-level=\"1\"><b>Accidente del trabajo:<\/b><span> Da\u00f1o ocurrido por y en el trabajo.<\/span><\/li>\n<li style=\"font-weight: 400;\" aria-level=\"1\"><b>Accidente de trayecto:<\/b><span> En desplazamiento directo entre hogar y trabajo.<\/span><\/li>\n<li style=\"font-weight: 400;\" aria-level=\"1\"><b>Enfermedad profesional:<\/b><span> Causada de manera directa por el oficio.<\/span><\/li>\n<li style=\"font-weight: 400;\" aria-level=\"1\"><i><span>Prestaciones:<\/span><\/i><span> Atenci\u00f3n, rehabilitaci\u00f3n, subsidios e indemnizaciones.<\/span><\/li>\n<\/ul>\n<h2><b>\u00bfPor qu\u00e9 es importante la ley 16.744?<\/b><\/h2>\n<p><span>Porque protege a las personas y cuida la operaci\u00f3n. Una <\/span><a href=\"https:\/\/runahr.com\/cl\/recursos\/recursos-humanos\/gestion\/\"><span>gesti\u00f3n<\/span><\/a><span> seria de esta ley disminuye eventos graves, evita sanciones, reduce costos asociados a ausentismo y reemplazos, y fortalece la cultura de seguridad.\u00a0<\/span><\/p>\n<p><span>En un pa\u00eds donde la <\/span><a href=\"https:\/\/runahr.com\/cl\/recursos\/salario\/fiscalizacion\/\"><span>fiscalizaci\u00f3n<\/span><\/a><span> existe y la opini\u00f3n p\u00fablica es sensible, hacerlo bien tambi\u00e9n resguarda la <\/span><a href=\"https:\/\/runahr.com\/cl\/recursos\/recursos-humanos\/reputacion\/\"><span>reputaci\u00f3n<\/span><\/a><span>. Y, al mismo tiempo, instala pr\u00e1cticas que elevan la calidad del trabajo.<\/span><\/p>\n<p><a href=\"https:\/\/recursos.runahr.com\/cl-formulario-bienestar-laboral\"><img decoding=\"async\" class=\"alignnone size-full wp-image-1098110\" src=\"https:\/\/runahr.com\/wp-content\/uploads\/2026\/01\/CCL016.webp\" alt=\"Descargar formulario de bienestar laboral\" width=\"2100\" height=\"830\" srcset=\"https:\/\/runahr.com\/wp-content\/uploads\/2026\/01\/CCL016.webp 2100w, https:\/\/runahr.com\/wp-content\/uploads\/2026\/01\/CCL016-300x119.webp 300w, https:\/\/runahr.com\/wp-content\/uploads\/2026\/01\/CCL016-1024x405.webp 1024w, https:\/\/runahr.com\/wp-content\/uploads\/2026\/01\/CCL016-768x304.webp 768w, https:\/\/runahr.com\/wp-content\/uploads\/2026\/01\/CCL016-1536x607.webp 1536w, https:\/\/runahr.com\/wp-content\/uploads\/2026\/01\/CCL016-2048x809.webp 2048w\" sizes=\"(max-width: 2100px) 100vw, 2100px\" \/><\/a><\/p>\n<h2><b>\u00bfCu\u00e1les son los beneficios de la Ley 16.744?<\/b><\/h2>\n<p><span>Desde la perspectiva del colaborador, la atenci\u00f3n m\u00e9dica es sin costo, con foco en la recuperaci\u00f3n integral. Existen subsidios en caso de incapacidad, y, cuando corresponde, pensiones o indemnizaciones. Para la empresa, hay asesor\u00eda preventiva, apoyo en reinserci\u00f3n y la posibilidad de dise\u00f1ar adaptaciones para no perder talento por una lesi\u00f3n. Todo eso, adem\u00e1s, impacta positivamente el <\/span><a href=\"https:\/\/runahr.com\/cl\/recursos\/recursos-humanos\/clima-laboral\/\"><span>clima laboral<\/span><\/a><span> y la confianza.<\/span><\/p>\n<h4><b>Beneficios que el negocio tambi\u00e9n siente<\/b><\/h4>\n<ul>\n<li style=\"font-weight: 400;\" aria-level=\"1\"><b>Continuidad operativa:<\/b><span> Reemplazos y reintegros planificados.<\/span><\/li>\n<li style=\"font-weight: 400;\" aria-level=\"1\"><b>Menos litigiosidad:<\/b><span> Procesos claros y documentaci\u00f3n ordenada.<\/span><\/li>\n<li style=\"font-weight: 400;\" aria-level=\"1\"><b>Aprendizaje organizacional:<\/b><span> Lecciones que mejoran est\u00e1ndares.<\/span><\/li>\n<li style=\"font-weight: 400;\" aria-level=\"1\"><b>Mejor marca empleadora:<\/b><span> Cuidado real, percibido por equipos y candidatos.<\/span><\/li>\n<\/ul>\n<h2><b>\u00bfQui\u00e9nes son beneficiarios de la ley 16.744?<\/b><\/h2>\n<p><span>Son beneficiarios los trabajadores dependientes, los independientes que cotizan, estudiantes en pr\u00e1ctica en ciertos casos, aprendices y personas en <\/span><span>formaci\u00f3n<\/span><span> laboral. En situaciones de fallecimiento, existen beneficiarios indirectos conforme a la normativa. Para RRHH esto implica verificar correctamente la condici\u00f3n de cada persona y asegurar que las afiliaciones y cotizaciones est\u00e9n al d\u00eda.<\/span><\/p>\n<h4><b>Texto vinculante: De la teor\u00eda al padr\u00f3n de personas<\/b><\/h4>\n<ul>\n<li style=\"font-weight: 400;\" aria-level=\"1\"><b>Ingreso:<\/b><span> Verificar afiliaci\u00f3n y tipo de contrato o pr\u00e1ctica.<\/span><\/li>\n<li style=\"font-weight: 400;\" aria-level=\"1\"><b>Movimiento interno:<\/b><span> Mantener actualizados puestos y riesgos asociados.<\/span><\/li>\n<li style=\"font-weight: 400;\" aria-level=\"1\"><b>Salida:<\/b><span> Cierre de procesos y archivo seguro de antecedentes.<\/span><\/li>\n<\/ul>\n<h2><b>\u00bfC\u00f3mo gestionar la ley 16.744 correctamente?<\/b><\/h2>\n<p><span>Gestionarla bien exige orden, claridad y constancia. Afiliar a la empresa al organismo administrador correspondiente, pagar cotizaciones de manera correcta y oportuna, reportar accidentes y enfermedades de inmediato y contar con programas de prevenci\u00f3n que vinculen <\/span><a href=\"https:\/\/runahr.com\/cl\/recursos\/recursos-humanos\/liderazgo\/\"><span>liderazgo<\/span><\/a><span>, procesos y formaci\u00f3n. Tambi\u00e9n son clave los registros y protocolos actualizados, y la <\/span><a href=\"https:\/\/runahr.com\/cl\/recursos\/recursos-humanos\/colaboracion\/\"><span>colaboraci\u00f3n<\/span><\/a><span> proactiva en fiscalizaciones y evaluaciones. Nada de esto funciona si no se define qui\u00e9n hace qu\u00e9 y con qu\u00e9 plazos.<\/span><\/p>\n<h4><b>Checklist operativo que evita dolores de cabeza<\/b><\/h4>\n<ul>\n<li style=\"font-weight: 400;\" aria-level=\"1\"><span>Afiliaci\u00f3n y cotizaciones conciliadas mensualmente.<\/span><\/li>\n<li style=\"font-weight: 400;\" aria-level=\"1\"><span>Procedimientos de notificaci\u00f3n y derivaci\u00f3n visibles y entrenados.<\/span><\/li>\n<li style=\"font-weight: 400;\" aria-level=\"1\"><span>Mapa de riesgos y controles por \u00e1rea o puesto.<\/span><\/li>\n<li style=\"font-weight: 400;\" aria-level=\"1\"><a href=\"https:\/\/runahr.com\/cl\/recursos\/recursos-humanos\/capacitacion\/\"><span>Capacitaci\u00f3n<\/span><\/a><span> peri\u00f3dica en riesgos cr\u00edticos y primeros auxilios.<\/span><\/li>\n<li style=\"font-weight: 400;\" aria-level=\"1\"><span>Plan de reintegro laboral con puestos transitorios cuando aplique.<\/span><\/li>\n<\/ul>\n<h2><b>\u00bfQu\u00e9 papel tienen los recursos humanos con la ley 16.744?<\/b><\/h2>\n<p><a href=\"https:\/\/runahr.com\/cl\/recursos\/recursos-humanos\/recursos-humanos\/\"><span>Recursos humanos<\/span><\/a><span> conecta los mundos cl\u00ednico, preventivo y administrativo. Coordina con mutualidades o el ISL, administra licencias por accidentes del trabajo, asegura notificaciones correctas y oportunas, y apoya el retorno seguro. Adem\u00e1s, capacita en prevenci\u00f3n y autocuidado, monitorea accidentabilidad y ausentismo, y alinea objetivos de seguridad con la estrategia de personas. En suma, traduce la ley en procesos que corren sin fricci\u00f3n.<\/span><\/p>\n<h4><b>Donde RRHH agrega m\u00e1s valor<\/b><\/h4>\n<ul>\n<li style=\"font-weight: 400;\" aria-level=\"1\"><b>Gobernanza simple:<\/b><span> Roles, responsables y m\u00e9tricas visibles.<\/span><\/li>\n<li style=\"font-weight: 400;\" aria-level=\"1\"><b>Datos confiables:<\/b><span> Registros, trazabilidad y protecci\u00f3n de informaci\u00f3n.<\/span><\/li>\n<li style=\"font-weight: 400;\" aria-level=\"1\"><b>Integraci\u00f3n con l\u00edderes:<\/b><span> Responsabilidad compartida, no delegada.<\/span><\/li>\n<li style=\"font-weight: 400;\" aria-level=\"1\"><b>Conversaci\u00f3n con <\/b><a href=\"https:\/\/runahr.com\/cl\/recursos\/recursos-humanos\/sindicato\/\"><b>sindicato<\/b><\/a><b>:<\/b><span> Transparencia y evidencia en medidas.<\/span><\/li>\n<\/ul>\n<h2><b>\u00bfC\u00f3mo evitar los errores frecuentes relacionados a la ley 16.744?<\/b><\/h2>\n<p><span>Los tropiezos se repiten: No informar a tiempo, calificar mal un evento, perder trazabilidad de licencias o no cerrar hallazgos de <\/span><a href=\"https:\/\/runahr.com\/cl\/recursos\/recursos-humanos\/auditoria\/\"><span>auditor\u00eda<\/span><\/a><span>. Tambi\u00e9n pesa la capacitaci\u00f3n espor\u00e1dica (que no cambia conductas) y la <\/span><a href=\"https:\/\/runahr.com\/cl\/recursos\/recursos-humanos\/falta\/\"><span>falta<\/span><\/a><span> de coordinaci\u00f3n entre \u00e1reas. La salida es conocida: Procedimientos simples, responsables claros y seguimiento de indicadores que se revisan de verdad en los comit\u00e9s de gesti\u00f3n.<\/span><\/p>\n<h4><b>Acciones concretas para corregir rumbo<\/b><\/h4>\n<ul>\n<li style=\"font-weight: 400;\" aria-level=\"1\"><b>Escalamientos definidos:<\/b><span> Qu\u00e9 se hace y qui\u00e9n decide ante incidentes graves.<\/span><\/li>\n<li style=\"font-weight: 400;\" aria-level=\"1\"><b>Simulacros y pr\u00e1cticas:<\/b><span> No basta leer el protocolo, hay que hacerlo vivir.<\/span><\/li>\n<li style=\"font-weight: 400;\" aria-level=\"1\"><b>Cierre de acciones:<\/b><span> Due\u00f1os, fechas y verificaci\u00f3n en terreno.<\/span><\/li>\n<li style=\"font-weight: 400;\" aria-level=\"1\"><span>Lecciones aprendidas: Compartir hallazgos y ajustar est\u00e1ndares.<\/span><\/li>\n<\/ul>\n<p><span>Hablar de prevenci\u00f3n no compite con productividad; la habilita. Un puesto bien dise\u00f1ado, con cargas controladas y herramientas adecuadas, reduce errores, baja tiempos muertos y evita licencias. En el directorio, esto se traduce en continuidad, mejor servicio y menores costos de reposici\u00f3n. Cuando se cruza la conversaci\u00f3n de seguridad con la de <\/span><a href=\"https:\/\/runahr.com\/cl\/recursos\/recursos-humanos\/eficiencia\/\"><span>eficiencia<\/span><\/a><span>, los cambios se sostienen: Menos discurso, m\u00e1s hechos.<\/span><\/p>\n<p><span>Cuando la prevenci\u00f3n se integra a la planificaci\u00f3n y a la evaluaci\u00f3n de l\u00edderes, se nota: Menos accidentes, menos licencias y una empresa m\u00e1s confiable. Esa es la ganancia que permanece. El llamado es claro: Liderar una <\/span><a href=\"https:\/\/runahr.com\/cl\/recursos\/recursos-humanos\/gestion\/\"><span>gesti\u00f3n<\/span><\/a><span> preventiva y proactiva. La buena aplicaci\u00f3n de la ley 16.744 reduce riesgos, costos y conflictos, y fortalece una cultura donde el cuidado es condici\u00f3n de funcionamiento, no un extra. Ese est\u00e1ndar (coherente y sostenido) es el que marca diferencia en el tiempo.<\/span><\/p>\n<p><a href=\"https:\/\/recursos.runahr.com\/cl-guia-salud-mental\"><img decoding=\"async\" class=\"alignnone size-full wp-image-1097974\" src=\"https:\/\/runahr.com\/wp-content\/uploads\/2026\/01\/CCL008.webp\" alt=\"Descargar gu\u00eda de salud mental para tu equipo\" width=\"2100\" height=\"830\" srcset=\"https:\/\/runahr.com\/wp-content\/uploads\/2026\/01\/CCL008.webp 2100w, https:\/\/runahr.com\/wp-content\/uploads\/2026\/01\/CCL008-300x119.webp 300w, https:\/\/runahr.com\/wp-content\/uploads\/2026\/01\/CCL008-1024x405.webp 1024w, https:\/\/runahr.com\/wp-content\/uploads\/2026\/01\/CCL008-768x304.webp 768w, https:\/\/runahr.com\/wp-content\/uploads\/2026\/01\/CCL008-1536x607.webp 1536w, https:\/\/runahr.com\/wp-content\/uploads\/2026\/01\/CCL008-2048x809.webp 2048w\" sizes=\"(max-width: 2100px) 100vw, 2100px\" \/><\/a><\/p>\n\t\t<h2 class=\"runa-faq-title\">Preguntas frecuentes<\/h2>\n\n\t\t<div class=\"runa-faq-accordion\">\n\t\t\t\t\t\t<details class=\"runa-faq-item\">\n\t\t\t\t<summary>\n\t\t\t\t\t<span>\u00bfQu\u00e9 deber\u00eda revisar una empresa si quiere aplicar bien la ley 16.744?<\/span>\n\t\t\t\t\t<i class=\"fas fa-chevron-down\" aria-hidden=\"true\"><\/i>\n\t\t\t\t<\/summary>\n\t\t\t\t<div class=\"runa-faq-content\">\n\t\t\t\t\t<p><span style=\"font-weight: 400\">Adem\u00e1s de cumplir con la prevenci\u00f3n y la respuesta ante accidentes, conviene mirar c\u00f3mo esa gesti\u00f3n conversa con criterios generales del <\/span><a href=\"https:\/\/runahr.com\/cl\/recursos\/salario\/codigo-de-trabajo\/\"><span style=\"font-weight: 400\">C\u00f3digo del Trabajo<\/span><\/a><span style=\"font-weight: 400\"> y con orientaciones que muchas empresas suelen revisar en la <\/span><a href=\"https:\/\/runahr.com\/cl\/recursos\/salario\/direccion-del-trabajo\/\"><span style=\"font-weight: 400\">Direcci\u00f3n del Trabajo<\/span><\/a><span style=\"font-weight: 400\">. No porque la ley 16.744 dependa de ambos en cada paso, sino porque ayudan a ordenar mejor responsabilidades, plazos y decisiones internas cuando aparece un caso complejo.<\/span><\/p>\n\t\t\t\t<\/div>\n\t\t\t<\/details>\n\t\t\t\t\t\t<details class=\"runa-faq-item\">\n\t\t\t\t<summary>\n\t\t\t\t\t<span>\u00bfLa ley 16.744 tambi\u00e9n puede tener efectos en la experiencia laboral?<\/span>\n\t\t\t\t\t<i class=\"fas fa-chevron-down\" aria-hidden=\"true\"><\/i>\n\t\t\t\t<\/summary>\n\t\t\t\t<div class=\"runa-faq-content\">\n\t\t\t\t\t<p><span style=\"font-weight: 400\">S\u00ed, y ese punto a veces se subestima. Cuando una organizaci\u00f3n gestiona bien la prevenci\u00f3n, el acompa\u00f1amiento y el retorno al trabajo, tambi\u00e9n mejora la percepci\u00f3n de cuidado. Eso puede impactar en los <\/span><a href=\"https:\/\/runahr.com\/cl\/recursos\/beneficios\/beneficios\/\"><span style=\"font-weight: 400\">beneficios<\/span><\/a><span style=\"font-weight: 400\"> que la persona valora y hasta en su disposici\u00f3n a retomar funciones despu\u00e9s de un evento dif\u00edcil. Al final, no todo pasa por el tr\u00e1mite; tambi\u00e9n importa c\u00f3mo se siente el trato durante el proceso.<\/span><\/p>\n\t\t\t\t<\/div>\n\t\t\t<\/details>\n\t\t\t\t\t\t<details class=\"runa-faq-item\">\n\t\t\t\t<summary>\n\t\t\t\t\t<span>\u00bfQu\u00e9 rol cumplen las instituciones externas en la aplicaci\u00f3n de la ley 16.744?<\/span>\n\t\t\t\t\t<i class=\"fas fa-chevron-down\" aria-hidden=\"true\"><\/i>\n\t\t\t\t<\/summary>\n\t\t\t\t<div class=\"runa-faq-content\">\n\t\t\t\t\t<p><span style=\"font-weight: 400\">Cumplen un rol importante porque ayudan a que la empresa no opere a ciegas. En algunos casos, conviene entender c\u00f3mo se relaciona este sistema con el <\/span><a href=\"https:\/\/runahr.com\/cl\/recursos\/salario\/ministerio-de-trabajo-y-prevision-social\/\"><span style=\"font-weight: 400\">Ministerio del Trabajo y Previsi\u00f3n Social<\/span><\/a><span style=\"font-weight: 400\"> o con la <\/span><a href=\"https:\/\/runahr.com\/cl\/recursos\/salario\/superintendencia-de-seguridad-social\/\"><span style=\"font-weight: 400\">Superintendencia de Seguridad Social (SUSESO)<\/span><\/a><span style=\"font-weight: 400\">. Tener claro ese mapa no solo ordena mejor la gesti\u00f3n: tambi\u00e9n evita interpretaciones apresuradas cuando hay fiscalizaciones, dudas de cobertura o procesos de recuperaci\u00f3n prolongados.<\/span><\/p>\n\t\t\t\t<\/div>\n\t\t\t<\/details>\n\t\t\t\t\t\t<details class=\"runa-faq-item\">\n\t\t\t\t<summary>\n\t\t\t\t\t<span>\u00bfPor qu\u00e9 puede ser \u00fatil hablar de salud y protecci\u00f3n social cuando se analiza esta ley?<\/span>\n\t\t\t\t\t<i class=\"fas fa-chevron-down\" aria-hidden=\"true\"><\/i>\n\t\t\t\t<\/summary>\n\t\t\t\t<div class=\"runa-faq-content\">\n\t\t\t\t\t<p><span style=\"font-weight: 400\">Porque la ley 16.744 no se vive como un texto aislado. En la pr\u00e1ctica, las personas la entienden desde su experiencia concreta de atenci\u00f3n, cobertura y seguridad. Por eso, a veces es \u00fatil conectar la conversaci\u00f3n con la <\/span><a href=\"https:\/\/runahr.com\/cl\/recursos\/salario\/isapre\/\"><span style=\"font-weight: 400\">Instituci\u00f3n de Salud Previsional (Isapre)<\/span><\/a><span style=\"font-weight: 400\">, el <\/span><a href=\"https:\/\/runahr.com\/cl\/recursos\/recursos-humanos\/instituto-de-prevision-social\/\"><span style=\"font-weight: 400\">Instituto de Previsi\u00f3n Social (IPS)<\/span><\/a><span style=\"font-weight: 400\"> o incluso con temas de <\/span><a href=\"https:\/\/runahr.com\/cl\/recursos\/recursos-humanos\/salud-mental\/\"><span style=\"font-weight: 400\">salud mental<\/span><\/a><span style=\"font-weight: 400\">, sobre todo cuando el impacto del caso tambi\u00e9n toca lo emocional y no solo lo f\u00edsico.<\/span><\/p>\n\t\t\t\t<\/div>\n\t\t\t<\/details>\n\t\t\t\t\t\t<details class=\"runa-faq-item\">\n\t\t\t\t<summary>\n\t\t\t\t\t<span>\u00bfLa documentaci\u00f3n administrativa tambi\u00e9n influye en una buena gesti\u00f3n de la ley?<\/span>\n\t\t\t\t\t<i class=\"fas fa-chevron-down\" aria-hidden=\"true\"><\/i>\n\t\t\t\t<\/summary>\n\t\t\t\t<div class=\"runa-faq-content\">\n\t\t\t\t\t<p><span style=\"font-weight: 400\">Much\u00edsimo. Una empresa puede tener buena intenci\u00f3n, pero si falla en sus registros, el proceso empieza a desordenarse. En ese sentido, datos como el <\/span><a href=\"https:\/\/runahr.com\/cl\/recursos\/salario\/rut\/\"><span style=\"font-weight: 400\">Rol \u00danico Tributario (RUT)<\/span><\/a><span style=\"font-weight: 400\">, referencias al <\/span><a href=\"https:\/\/runahr.com\/cl\/recursos\/recursos-humanos\/contrato-de-trabajo\/\"><span style=\"font-weight: 400\">contrato de trabajo<\/span><\/a><span style=\"font-weight: 400\"> o trazabilidad de la <\/span><a href=\"https:\/\/runahr.com\/cl\/recursos\/salario\/nomina\/\"><span style=\"font-weight: 400\">n\u00f3mina<\/span><\/a><span style=\"font-weight: 400\"> terminan siendo m\u00e1s relevantes de lo que parecen. Una prevenci\u00f3n seria tambi\u00e9n necesita administraci\u00f3n ordenada para sostener decisiones consistentes.<\/span><\/p>\n\t\t\t\t<\/div>\n\t\t\t<\/details>\n\t\t\t\t\t\t<details class=\"runa-faq-item\">\n\t\t\t\t<summary>\n\t\t\t\t\t<span>\u00bfC\u00f3mo se conecta la ley 16.744 con la organizaci\u00f3n del trabajo diario?<\/span>\n\t\t\t\t\t<i class=\"fas fa-chevron-down\" aria-hidden=\"true\"><\/i>\n\t\t\t\t<\/summary>\n\t\t\t\t<div class=\"runa-faq-content\">\n\t\t\t\t\t<p><span style=\"font-weight: 400\">Se conecta de forma muy concreta, porque cada incidente o medida preventiva repercute en la operaci\u00f3n del <\/span><a href=\"https:\/\/runahr.com\/cl\/recursos\/recursos-humanos\/equipo-de-trabajo\/\"><span style=\"font-weight: 400\">equipo de trabajo<\/span><\/a><span style=\"font-weight: 400\">. Por eso, aunque no sea una ley pensada para hablar de <\/span><a href=\"https:\/\/runahr.com\/cl\/recursos\/recursos-humanos\/flexibilidad\/\"><span style=\"font-weight: 400\">flexibilidad<\/span><\/a><span style=\"font-weight: 400\">, a veces tambi\u00e9n aparecen preguntas sobre <\/span><a href=\"https:\/\/runahr.com\/cl\/recursos\/beneficios\/trabajo-remoto\/\"><span style=\"font-weight: 400\">trabajo remoto<\/span><\/a><span style=\"font-weight: 400\"> o sobre <\/span><a href=\"https:\/\/runahr.com\/cl\/recursos\/recursos-humanos\/jornada-laboral\/\"><span style=\"font-weight: 400\">jornada laboral<\/span><\/a><span style=\"font-weight: 400\"> cuando una empresa busca reducir exposici\u00f3n al riesgo o ajustar funciones despu\u00e9s de un evento. Ah\u00ed lo importante es actuar con criterio y no improvisar soluciones.<\/span><\/p>\n\t\t\t\t<\/div>\n\t\t\t<\/details>\n\t\t\t\t\t\t<details class=\"runa-faq-item\">\n\t\t\t\t<summary>\n\t\t\t\t\t<span>\u00bfConviene que RRHH entregue orientaci\u00f3n pr\u00e1ctica adicional cuando acompa\u00f1a esta ley?<\/span>\n\t\t\t\t\t<i class=\"fas fa-chevron-down\" aria-hidden=\"true\"><\/i>\n\t\t\t\t<\/summary>\n\t\t\t\t<div class=\"runa-faq-content\">\n\t\t\t\t\t<p><span style=\"font-weight: 400\">S\u00ed, porque una persona que atraviesa un accidente o una enfermedad profesional suele agradecer explicaciones simples, no solo instrucciones formales. En algunos momentos puede servir orientar sobre <\/span><a href=\"https:\/\/runahr.com\/cl\/recursos\/beneficios\/vacaciones\/\"><span style=\"font-weight: 400\">vacaciones<\/span><\/a><span style=\"font-weight: 400\"> o sobre herramientas como <\/span><a href=\"https:\/\/runahr.com\/cl\/recursos\/salario\/ips-en-linea\/\"><span style=\"font-weight: 400\">IPS en l\u00ednea<\/span><\/a><span style=\"font-weight: 400\"> cuando surgen dudas administrativas. Acompa\u00f1ar bien tambi\u00e9n significa ayudar a que la persona entienda el panorama completo sin sentirse sola, especialmente en etapas donde todo se siente m\u00e1s incierto de lo normal.<\/span><\/p>\n\t\t\t\t<\/div>\n\t\t\t<\/details>\n\t\t\t\t\t<\/div>\n\n\t\t<script>\n\t\t(function() {\n\t\t\tdocument.addEventListener('DOMContentLoaded', function() {\n\t\t\t\tvar items = document.querySelectorAll('.runa-faq-accordion details');\n\t\t\t\titems.forEach(function(target) {\n\t\t\t\t\ttarget.addEventListener('toggle', function() {\n\t\t\t\t\t\tif (target.open) {\n\t\t\t\t\t\t\titems.forEach(function(other) {\n\t\t\t\t\t\t\t\tif (other !== target && other.open) other.open = false;\n\t\t\t\t\t\t\t});\n\t\t\t\t\t\t}\n\t\t\t\t\t});\n\t\t\t\t});\n\t\t\t});\n\t\t})();\n\t\t<\/script>\n\t\t\n","protected":false},"excerpt":{"rendered":"<p>En la realidad chilena, la conversaci\u00f3n sobre seguridad y salud laboral dej\u00f3 de ser un checklist para convertirse en una palanca de continuidad operativa. La ley 16.744 (el seguro social contra riesgos de accidentes del trabajo y enfermedades profesionales) ordena esa conversaci\u00f3n y la vuelve exigible. Cuando se comprende bien y se gestiona de manera [&hellip;]<\/p>\n","protected":false},"author":100,"featured_media":1114473,"comment_status":"closed","ping_status":"closed","sticky":false,"template":"","format":"standard","meta":{"_acf_changed":false,"_wp_applaud_exclude":false,"footnotes":""},"categories":[1606,1587],"tags":[1596,1783],"class_list":["post-1114471","post","type-post","status-publish","format-standard","has-post-thumbnail","hentry","category-recursos","category-recursos-humanos","tag-articulo-cl","tag-recursos-humanos-4"],"acf":[],"yoast_head":"<!-- This site is optimized with the Yoast SEO Premium plugin v26.1 (Yoast SEO v27.4) - https:\/\/yoast.com\/product\/yoast-seo-premium-wordpress\/ -->\n<title>Ley 16.744: \u00bfQu\u00e9 es? \u00bfCu\u00e1les son sus objetivos? | CL | Runa HR<\/title>\n<meta name=\"description\" content=\"Gu\u00eda operativa de Ley 16.744: cobertura, roles, plazos y buenas pr\u00e1cticas para RR. HH. y l\u00edderes.\" \/>\n<meta name=\"robots\" content=\"index, follow, max-snippet:-1, max-image-preview:large, max-video-preview:-1\" \/>\n<link rel=\"canonical\" href=\"https:\/\/runahr.com\/cl\/recursos\/recursos-humanos\/ley-16-744\/\" \/>\n<meta property=\"og:locale\" content=\"es_ES\" \/>\n<meta property=\"og:type\" content=\"article\" \/>\n<meta property=\"og:title\" content=\"Ley 16.744: \u00bfQu\u00e9 es? \u00bfCu\u00e1les son sus objetivos? | CL | Runa HR\" \/>\n<meta property=\"og:description\" content=\"Gu\u00eda operativa de Ley 16.744: cobertura, roles, plazos y buenas pr\u00e1cticas para RR. HH. y l\u00edderes.\" \/>\n<meta property=\"og:url\" content=\"https:\/\/runahr.com\/cl\/recursos\/recursos-humanos\/ley-16-744\/\" \/>\n<meta property=\"og:site_name\" content=\"Runa HR\" \/>\n<meta property=\"article:publisher\" content=\"https:\/\/www.facebook.com\/runahr\/\" \/>\n<meta property=\"article:published_time\" content=\"2026-04-28T16:41:32+00:00\" \/>\n<meta property=\"og:image\" content=\"https:\/\/runahr.com\/wp-content\/uploads\/2026\/04\/Ley-16.744.webp\" \/>\n\t<meta property=\"og:image:width\" content=\"2048\" \/>\n\t<meta property=\"og:image:height\" content=\"827\" \/>\n\t<meta property=\"og:image:type\" content=\"image\/webp\" \/>\n<meta name=\"author\" content=\"Edgar Padilla\" \/>\n<meta name=\"twitter:card\" content=\"summary_large_image\" \/>\n<meta name=\"twitter:creator\" content=\"@runahr\" \/>\n<meta name=\"twitter:site\" content=\"@runahr\" \/>\n<meta name=\"twitter:label1\" content=\"Escrito por\" \/>\n\t<meta name=\"twitter:data1\" content=\"Edgar Padilla\" \/>\n\t<meta name=\"twitter:label2\" content=\"Tiempo estimado de lectura\" \/>\n\t<meta name=\"twitter:data2\" content=\"8 minutos\" \/>\n<!-- \/ Yoast SEO Premium plugin. -->","yoast_head_json":{"title":"Ley 16.744: \u00bfQu\u00e9 es? \u00bfCu\u00e1les son sus objetivos? | CL | Runa HR","description":"Gu\u00eda operativa de Ley 16.744: cobertura, roles, plazos y buenas pr\u00e1cticas para RR. HH. y l\u00edderes.","robots":{"index":"index","follow":"follow","max-snippet":"max-snippet:-1","max-image-preview":"max-image-preview:large","max-video-preview":"max-video-preview:-1"},"canonical":"https:\/\/runahr.com\/cl\/recursos\/recursos-humanos\/ley-16-744\/","og_locale":"es_ES","og_type":"article","og_title":"Ley 16.744: \u00bfQu\u00e9 es? \u00bfCu\u00e1les son sus objetivos? | CL | Runa HR","og_description":"Gu\u00eda operativa de Ley 16.744: cobertura, roles, plazos y buenas pr\u00e1cticas para RR. HH. y l\u00edderes.","og_url":"https:\/\/runahr.com\/cl\/recursos\/recursos-humanos\/ley-16-744\/","og_site_name":"Runa HR","article_publisher":"https:\/\/www.facebook.com\/runahr\/","article_published_time":"2026-04-28T16:41:32+00:00","og_image":[{"width":2048,"height":827,"url":"https:\/\/runahr.com\/wp-content\/uploads\/2026\/04\/Ley-16.744.webp","type":"image\/webp"}],"author":"Edgar Padilla","twitter_card":"summary_large_image","twitter_creator":"@runahr","twitter_site":"@runahr","twitter_misc":{"Escrito por":"Edgar Padilla","Tiempo estimado de lectura":"8 minutos"},"schema":{"@context":"https:\/\/schema.org","@graph":[{"@type":"Article","@id":"https:\/\/runahr.com\/cl\/recursos\/recursos-humanos\/ley-16-744\/#article","isPartOf":{"@id":"https:\/\/runahr.com\/cl\/recursos\/recursos-humanos\/ley-16-744\/"},"author":{"name":"Edgar Padilla","@id":"https:\/\/runahr.com\/cl\/#\/schema\/person\/3739dc18365f82019e4c8b5a13aad319"},"headline":"Ley 16.744: \u00bfQu\u00e9 es? \u00bfCu\u00e1les son sus objetivos?","datePublished":"2026-04-28T16:41:32+00:00","mainEntityOfPage":{"@id":"https:\/\/runahr.com\/cl\/recursos\/recursos-humanos\/ley-16-744\/"},"wordCount":1669,"publisher":{"@id":"https:\/\/runahr.com\/cl\/#organization"},"image":{"@id":"https:\/\/runahr.com\/cl\/recursos\/recursos-humanos\/ley-16-744\/#primaryimage"},"thumbnailUrl":"https:\/\/runahr.com\/wp-content\/uploads\/2026\/04\/Ley-16.744.webp","keywords":["Art\u00edculo","Recursos humanos"],"articleSection":["Recursos","Recursos humanos"],"inLanguage":"es-CL"},{"@type":"WebPage","@id":"https:\/\/runahr.com\/cl\/recursos\/recursos-humanos\/ley-16-744\/","url":"https:\/\/runahr.com\/cl\/recursos\/recursos-humanos\/ley-16-744\/","name":"Ley 16.744: \u00bfQu\u00e9 es? \u00bfCu\u00e1les son sus objetivos? | CL | Runa HR","isPartOf":{"@id":"https:\/\/runahr.com\/cl\/#website"},"primaryImageOfPage":{"@id":"https:\/\/runahr.com\/cl\/recursos\/recursos-humanos\/ley-16-744\/#primaryimage"},"image":{"@id":"https:\/\/runahr.com\/cl\/recursos\/recursos-humanos\/ley-16-744\/#primaryimage"},"thumbnailUrl":"https:\/\/runahr.com\/wp-content\/uploads\/2026\/04\/Ley-16.744.webp","datePublished":"2026-04-28T16:41:32+00:00","description":"Gu\u00eda operativa de Ley 16.744: cobertura, roles, plazos y buenas pr\u00e1cticas para RR. HH. y l\u00edderes.","breadcrumb":{"@id":"https:\/\/runahr.com\/cl\/recursos\/recursos-humanos\/ley-16-744\/#breadcrumb"},"inLanguage":"es-CL","potentialAction":[{"@type":"ReadAction","target":["https:\/\/runahr.com\/cl\/recursos\/recursos-humanos\/ley-16-744\/"]}]},{"@type":"ImageObject","inLanguage":"es-CL","@id":"https:\/\/runahr.com\/cl\/recursos\/recursos-humanos\/ley-16-744\/#primaryimage","url":"https:\/\/runahr.com\/wp-content\/uploads\/2026\/04\/Ley-16.744.webp","contentUrl":"https:\/\/runahr.com\/wp-content\/uploads\/2026\/04\/Ley-16.744.webp","width":2048,"height":827,"caption":"Ley 16.744"},{"@type":"BreadcrumbList","@id":"https:\/\/runahr.com\/cl\/recursos\/recursos-humanos\/ley-16-744\/#breadcrumb","itemListElement":[{"@type":"ListItem","position":1,"name":"Home","item":"https:\/\/runahr.com\/cl\/"},{"@type":"ListItem","position":2,"name":"Recursos","item":"https:\/\/runahr.com\/cl\/category\/recursos\/"},{"@type":"ListItem","position":3,"name":"Recursos humanos","item":"https:\/\/runahr.com\/cl\/category\/recursos\/recursos-humanos\/"},{"@type":"ListItem","position":4,"name":"Ley 16.744: \u00bfQu\u00e9 es? \u00bfCu\u00e1les son sus objetivos?"}]},{"@type":"WebSite","@id":"https:\/\/runahr.com\/cl\/#website","url":"https:\/\/runahr.com\/cl\/","name":"Runa HR","description":"Software de N\u00f3mina y Gesti\u00f3n de RRHH","publisher":{"@id":"https:\/\/runahr.com\/cl\/#organization"},"potentialAction":[{"@type":"SearchAction","target":{"@type":"EntryPoint","urlTemplate":"https:\/\/runahr.com\/cl\/?s={search_term_string}"},"query-input":{"@type":"PropertyValueSpecification","valueRequired":true,"valueName":"search_term_string"}}],"inLanguage":"es-CL"},{"@type":"Organization","@id":"https:\/\/runahr.com\/cl\/#organization","name":"Runa HR","url":"https:\/\/runahr.com\/cl\/","logo":{"@type":"ImageObject","inLanguage":"es-CL","@id":"https:\/\/runahr.com\/cl\/#\/schema\/logo\/image\/","url":"https:\/\/runahr.com\/wp-content\/uploads\/2018\/05\/xDzHFcQY_400x400.jpg","contentUrl":"https:\/\/runahr.com\/wp-content\/uploads\/2018\/05\/xDzHFcQY_400x400.jpg","width":400,"height":400,"caption":"Runa HR"},"image":{"@id":"https:\/\/runahr.com\/cl\/#\/schema\/logo\/image\/"},"sameAs":["https:\/\/www.facebook.com\/runahr\/","https:\/\/x.com\/runahr","https:\/\/www.instagram.com\/runahr\/","https:\/\/mx.linkedin.com\/company\/runahr","https:\/\/www.youtube.com\/channel\/UCAZ21FupFMLIb1c7PPaU6Ew"]},{"@type":"Person","@id":"https:\/\/runahr.com\/cl\/#\/schema\/person\/3739dc18365f82019e4c8b5a13aad319","name":"Edgar Padilla","image":{"@type":"ImageObject","inLanguage":"es-CL","@id":"https:\/\/secure.gravatar.com\/avatar\/8e8620f0f4a0cdfb4cecfa7df33d7ed05425d393e77f8cf0fc159df2427558f6?s=96&d=mm&r=g","url":"https:\/\/secure.gravatar.com\/avatar\/8e8620f0f4a0cdfb4cecfa7df33d7ed05425d393e77f8cf0fc159df2427558f6?s=96&d=mm&r=g","contentUrl":"https:\/\/secure.gravatar.com\/avatar\/8e8620f0f4a0cdfb4cecfa7df33d7ed05425d393e77f8cf0fc159df2427558f6?s=96&d=mm&r=g","caption":"Edgar Padilla"},"url":"https:\/\/runahr.com\/cl\/author\/edgar_padilla\/"}]}},"_links":{"self":[{"href":"https:\/\/runahr.com\/cl\/wp-json\/wp\/v2\/posts\/1114471","targetHints":{"allow":["GET"]}}],"collection":[{"href":"https:\/\/runahr.com\/cl\/wp-json\/wp\/v2\/posts"}],"about":[{"href":"https:\/\/runahr.com\/cl\/wp-json\/wp\/v2\/types\/post"}],"author":[{"embeddable":true,"href":"https:\/\/runahr.com\/cl\/wp-json\/wp\/v2\/users\/100"}],"replies":[{"embeddable":true,"href":"https:\/\/runahr.com\/cl\/wp-json\/wp\/v2\/comments?post=1114471"}],"version-history":[{"count":1,"href":"https:\/\/runahr.com\/cl\/wp-json\/wp\/v2\/posts\/1114471\/revisions"}],"predecessor-version":[{"id":1114474,"href":"https:\/\/runahr.com\/cl\/wp-json\/wp\/v2\/posts\/1114471\/revisions\/1114474"}],"wp:featuredmedia":[{"embeddable":true,"href":"https:\/\/runahr.com\/cl\/wp-json\/wp\/v2\/media\/1114473"}],"wp:attachment":[{"href":"https:\/\/runahr.com\/cl\/wp-json\/wp\/v2\/media?parent=1114471"}],"wp:term":[{"taxonomy":"category","embeddable":true,"href":"https:\/\/runahr.com\/cl\/wp-json\/wp\/v2\/categories?post=1114471"},{"taxonomy":"post_tag","embeddable":true,"href":"https:\/\/runahr.com\/cl\/wp-json\/wp\/v2\/tags?post=1114471"}],"curies":[{"name":"wp","href":"https:\/\/api.w.org\/{rel}","templated":true}]}}