{"id":958740,"date":"2025-05-26T20:01:51","date_gmt":"2025-05-27T02:01:51","guid":{"rendered":"https:\/\/runahr.com\/ministerio-de-trabajo-y-prevision-social\/"},"modified":"2026-04-22T19:39:43","modified_gmt":"2026-04-23T01:39:43","slug":"ministerio-de-trabajo-y-prevision-social","status":"publish","type":"post","link":"https:\/\/runahr.com\/cl\/recursos\/salario\/ministerio-de-trabajo-y-prevision-social\/","title":{"rendered":"Ministerio de Trabajo y Previsi\u00f3n Social: \u00bfQu\u00e9 es? \u00bfCu\u00e1l es la funci\u00f3n?"},"content":{"rendered":"<p><span>Hablar del ministerio de trabajo en Chile no es solo referirse a un organismo estatal m\u00e1s. Para muchas empresas, y especialmente para quienes gestionan personas, este ministerio cumple un rol central en c\u00f3mo se configuran las relaciones laborales hoy. La presencia del ministerio de trabajo no solo marca la cancha en t\u00e9rminos legales. Tambi\u00e9n tiene un efecto m\u00e1s profundo, muchas veces menos visible, en c\u00f3mo se va moldeando la cultura dentro de las organizaciones. Porque m\u00e1s all\u00e1 de las normativas, influye en la forma en que se entienden las relaciones laborales, se estructuran los equipos y se piensa el trabajo a largo plazo.<\/span><\/p>\n<p><span>En este art\u00edculo, analizaremos qu\u00e9 es el MTPS, sus funciones clave y su relevancia dentro del \u00e1mbito empresarial chileno.<\/span><\/p>\n<h2><b>\u00bfQu\u00e9 es el Ministerio de Trabajo y Previsi\u00f3n Social?<\/b><\/h2>\n<p><span>El ministerio de trabajo y previsi\u00f3n social lleva ya m\u00e1s de un siglo acompa\u00f1ando la historia laboral del pa\u00eds. Desde 1924 est\u00e1 presente en el d\u00eda a d\u00eda del empleo en Chile, y aunque el contexto cambi\u00f3 much\u00edsimo desde entonces, su rol de fondo se mantiene: ser el que marca los l\u00edmites del juego cuando se trata de <\/span><a href=\"https:\/\/runahr.com\/cl\/recursos\/salario\/trabajo\/\"><span>trabajo<\/span><\/a><span>, derechos y seguridad social. No se queda solo en los papeles o en los discursos. Tambi\u00e9n est\u00e1 ah\u00ed para que lo que se promete se cumpla. Supervisa, regula, orienta\u2026 y si hace falta, tambi\u00e9n pone freno cuando las cosas se desv\u00edan.<\/span><\/p>\n<p><span>Con el tiempo, fue clave en el dise\u00f1o de reformas laborales, en el impulso de programas de protecci\u00f3n y en la creaci\u00f3n de marcos legales que intentan (con mayor o menor \u00e9xito) generar un equilibrio entre empleadores y trabajadores. Para llevar adelante toda esa tarea, cuenta con organismos internos como la<\/span><a href=\"https:\/\/runahr.com\/cl\/recursos\/salario\/direccion-del-trabajo\/\"> <span>Direcci\u00f3n del Trabajo<\/span><\/a><span> o la <\/span><a href=\"https:\/\/runahr.com\/cl\/recursos\/salario\/superintendencia-de-seguridad-social\/\"><span>Superintendencia de Seguridad Social (SUSESO)<\/span><\/a><span>. Son ellos los que bajan a terreno: revisan contratos, monitorean jornadas, fiscalizan<\/span><a href=\"https:\/\/runahr.com\/cl\/recursos\/salario\/cotizaciones-previsionales\/\"> <span>cotizaciones previsionales<\/span><\/a><span> y tambi\u00e9n prestan apoyo a quienes enfrentan situaciones de mayor vulnerabilidad.<\/span><\/p>\n<p><a href=\"https:\/\/recursos.runahr.com\/cl-kit-planeacion-organizacional\"><img fetchpriority=\"high\" decoding=\"async\" class=\"alignnone size-full wp-image-1098191\" src=\"https:\/\/runahr.com\/wp-content\/uploads\/2026\/01\/CCL031.webp\" alt=\"Descargar KIT de planeaci\u00f3n organizacional\" width=\"2100\" height=\"830\" srcset=\"https:\/\/runahr.com\/wp-content\/uploads\/2026\/01\/CCL031.webp 2100w, https:\/\/runahr.com\/wp-content\/uploads\/2026\/01\/CCL031-300x119.webp 300w, https:\/\/runahr.com\/wp-content\/uploads\/2026\/01\/CCL031-1024x405.webp 1024w, https:\/\/runahr.com\/wp-content\/uploads\/2026\/01\/CCL031-768x304.webp 768w, https:\/\/runahr.com\/wp-content\/uploads\/2026\/01\/CCL031-1536x607.webp 1536w, https:\/\/runahr.com\/wp-content\/uploads\/2026\/01\/CCL031-2048x809.webp 2048w\" sizes=\"(max-width: 2100px) 100vw, 2100px\" \/><\/a><\/p>\n<h2><b>\u00bfCu\u00e1les son las funciones clave del Ministerio de Trabajo y Previsi\u00f3n Social?<\/b><\/h2>\n<p><span>No se trata de una instituci\u00f3n simb\u00f3lica. Lo que hace el ministerio de trabajo tiene efectos reales y concretos en las din\u00e1micas de cualquier organizaci\u00f3n, especialmente en contextos donde la normativa va cambiando o donde los conflictos laborales exigen claridad y respaldo institucional.<\/span><\/p>\n<ul>\n<li style=\"font-weight: 400;\" aria-level=\"1\"><b>Promoci\u00f3n del empleo y el trabajo decente:<\/b><span> Uno de sus focos m\u00e1s relevantes es fomentar la generaci\u00f3n de empleos que cumplan con criterios de calidad. No solo se trata de aumentar los puestos disponibles, sino de que esos empleos respeten la ley, promuevan la equidad salarial y no discriminen. En tiempos donde la rotaci\u00f3n y el <\/span><a href=\"https:\/\/runahr.com\/cl\/recursos\/recursos-humanos\/clima-laboral\/\"><span>clima laboral<\/span><\/a><span> pesan cada vez m\u00e1s, esto cobra un valor estrat\u00e9gico.<\/span><\/li>\n<li style=\"font-weight: 400;\" aria-level=\"1\"><b>Protecci\u00f3n de los derechos laborales:<\/b><span> A trav\u00e9s de canales como la Direcci\u00f3n del Trabajo, el ministerio revisa que las condiciones pactadas (contratos, sueldos, horarios) realmente se respeten. Para RRHH, esto es doblemente importante: por un lado, asegura el cumplimiento; por otro, fortalece la confianza interna.<\/span><\/li>\n<li style=\"font-weight: 400;\" aria-level=\"1\"><b>Supervisi\u00f3n de la normativa laboral:<\/b><span> No basta con redactar buenas pol\u00edticas internas. El cumplimiento debe poder sostenerse en auditor\u00edas, fiscalizaciones y espacios de mediaci\u00f3n cuando hay conflictos. El ministerio act\u00faa en esos casos, aplicando sanciones si es necesario o ayudando a resolver situaciones sin llegar a tribunales.<\/span><\/li>\n<li style=\"font-weight: 400;\" aria-level=\"1\"><b>Administraci\u00f3n de programas sociales:<\/b><span> Desde el<\/span><a href=\"https:\/\/runahr.com\/cl\/recursos\/salario\/subsidio-al-empleo\/\"> <span>subsidio al empleo<\/span><\/a><span> hasta programas de<\/span><a href=\"https:\/\/runahr.com\/cl\/recursos\/recursos-humanos\/capacitacion\/\"> <span>capacitaci\u00f3n<\/span><\/a><span>, el ministerio tambi\u00e9n articula iniciativas que pueden ser de gran ayuda para empresas con equipos en zonas vulnerables o que busquen apoyar a ciertos segmentos, como j\u00f3venes o personas con discapacidad. Desde RRHH, conocer estos<\/span><a href=\"https:\/\/runahr.com\/cl\/recursos\/beneficios\/beneficios\/\"> <span>beneficios<\/span><\/a><span> es una oportunidad concreta para sumar valor.<\/span><\/li>\n<\/ul>\n<h2><b>\u00bfCu\u00e1l es la importancia del Ministerio de Trabajo y Previsi\u00f3n Social para las empresas y los trabajadores?<\/b><\/h2>\n<p><span>Esta instituci\u00f3n no solo act\u00faa como garante de derechos. Tambi\u00e9n se puede entender al ministerio como un respaldo concreto para que las organizaciones funcionen mejor por dentro. No solo ayuda a ordenar procesos o cumplir con lo legal, sino que tambi\u00e9n empuja hacia una forma de trabajar m\u00e1s estable y sostenible con el tiempo.<\/span><\/p>\n<ul>\n<li style=\"font-weight: 400;\" aria-level=\"1\"><b>Garantizar los derechos de los trabajadores:<\/b><span> Que haya canales donde se pueda reclamar con claridad, exigir lo que corresponde o frenar abusos no es un detalle menor. Es parte del piso m\u00ednimo que da seguridad en cualquier espacio laboral. Para las empresas, esto tambi\u00e9n simplifica las reglas del juego y baja el nivel de exposici\u00f3n a conflictos o sanciones legales.<\/span><\/li>\n<li style=\"font-weight: 400;\" aria-level=\"1\"><b>Promover relaciones laborales justas:<\/b><span> El ministerio no se limita a fiscalizar desde afuera. Muchas veces act\u00faa como un nexo, un facilitador que pone a disposici\u00f3n herramientas para que el di\u00e1logo entre partes se d\u00e9 de manera m\u00e1s equilibrada. Y eso, en la pr\u00e1ctica, mejora directamente el ambiente de trabajo y reduce la rotaci\u00f3n.<\/span><\/li>\n<li style=\"font-weight: 400;\" aria-level=\"1\"><b>Contribuir al desarrollo econ\u00f3mico del pa\u00eds:<\/b><span> Todo lo anterior se nota en la productividad. Cuando los equipos se sienten cuidados y se trabaja en entornos donde las reglas son claras y justas, los resultados llegan. Las empresas que logran mantenerlo suelen ser m\u00e1s competitivas y sufren menos desgaste interno. Y, a nivel pa\u00eds, eso tambi\u00e9n empuja el crecimiento.<\/span><\/li>\n<\/ul>\n<h2><b>\u00bfC\u00f3mo acceder a los servicios del Ministerio de Trabajo y Previsi\u00f3n Social?<\/b><\/h2>\n<p><span>En la pr\u00e1ctica, tanto trabajadores como empleadores pueden recurrir al ministerio ante dudas, tr\u00e1mites o conflictos. Lo importante es saber por d\u00f3nde empezar, sobre todo desde RRHH, donde muchas veces estas gestiones pasan por el \u00e1rea.<\/span><\/p>\n<h4><b>Canales de atenci\u00f3n disponibles<\/b><\/h4>\n<ul>\n<li style=\"font-weight: 400;\" aria-level=\"1\"><b>Sitio web oficial:<\/b><span> En<\/span><a href=\"http:\/\/www.mintrab.gob.cl\"> <span>www.mintrab.gob.cl<\/span><\/a><span> se puede encontrar desde normativa hasta simuladores para calcular liquidaciones o revisar contratos. Una herramienta \u00fatil cuando se necesita informaci\u00f3n r\u00e1pida y actualizada.<\/span><\/li>\n<li style=\"font-weight: 400;\" aria-level=\"1\"><b>Call center:<\/b><span> Para consultas m\u00e1s puntuales, existe una l\u00ednea directa (600 450 4000) que atiende de lunes a viernes en horario h\u00e1bil. Es ideal para resolver temas urgentes sin tener que ir a una oficina.<\/span><\/li>\n<li style=\"font-weight: 400;\" aria-level=\"1\"><b>Oficinas regionales:<\/b><span> En casos donde se requiere atenci\u00f3n personalizada o presencial, el ministerio tiene presencia en distintas regiones del pa\u00eds, lo que permite descentralizar el acceso a informaci\u00f3n y tr\u00e1mites.<\/span><\/li>\n<\/ul>\n<h4><b>\u00bfQu\u00e9 tipos de consultas se pueden realizar?<\/b><\/h4>\n<p><span>Desde el \u00e1rea de personas, hay una variedad de temas donde el ministerio puede ser un aliado. Ya sea para validar una decisi\u00f3n, aclarar una interpretaci\u00f3n legal o acompa\u00f1ar una situaci\u00f3n sensible.<\/span><\/p>\n<ul>\n<li style=\"font-weight: 400;\" aria-level=\"1\"><b>Derechos laborales:<\/b> <a href=\"https:\/\/runahr.com\/cl\/recursos\/recursos-humanos\/horas-extras\/\"><span>Horas extras<\/span><\/a><span>, licencias, permisos,<\/span><a href=\"https:\/\/runahr.com\/cl\/recursos\/beneficios\/vacaciones\/\"> <span>vacaciones<\/span><\/a><span>. Todo lo relacionado con jornadas y beneficios legales.<\/span><\/li>\n<li style=\"font-weight: 400;\" aria-level=\"1\"><b>Contratos de trabajo:<\/b><span> Desde la redacci\u00f3n inicial hasta la modificaci\u00f3n de cl\u00e1usulas, pasando por la terminaci\u00f3n o renovaci\u00f3n de v\u00ednculos laborales.<\/span><\/li>\n<li style=\"font-weight: 400;\" aria-level=\"1\"><b>Despidos:<\/b><span> Causales, <\/span><a href=\"https:\/\/runahr.com\/cl\/recursos\/salario\/indemnizacion\/\"><span>indemnizaci\u00f3n<\/span><\/a><span>, procedimientos. Aqu\u00ed es fundamental tener claridad para evitar conflictos innecesarios.<\/span><\/li>\n<li style=\"font-weight: 400;\" aria-level=\"1\"><b>Seguridad social:<\/b><span> Temas como cotizaciones, licencias m\u00e9dicas, afiliaci\u00f3n a sistemas previsionales y otros aportes obligatorios tambi\u00e9n se pueden revisar con apoyo del ministerio.<\/span><\/li>\n<\/ul>\n<h4><b>\u00bfQu\u00e9 situaciones se pueden reclamar ante el Ministerio?<\/b><\/h4>\n<p><span>El ministerio tambi\u00e9n funciona como un espacio donde las personas pueden formalizar reclamos si consideran que se vulneraron sus derechos. Para RRHH, conocer este proceso es clave tanto para anticiparse como para reaccionar adecuadamente cuando se presenta un conflicto.<\/span><\/p>\n<ul>\n<li style=\"font-weight: 400;\" aria-level=\"1\"><b>Violaci\u00f3n de derechos laborales:<\/b><span> Ac\u00e1 entran situaciones como:<\/span>\n<ul>\n<li style=\"font-weight: 400;\" aria-level=\"2\"><b>Despido injustificado: <\/b><span>Cuando no se cumple con las causales legales establecidas.<\/span><\/li>\n<li style=\"font-weight: 400;\" aria-level=\"2\"><b>No pago de remuneraciones: <\/b><span>Incluye sueldos, bonos, cotizaciones o cualquier compromiso econ\u00f3mico no cumplido.<\/span><\/li>\n<li style=\"font-weight: 400;\" aria-level=\"2\"><a href=\"https:\/\/runahr.com\/cl\/recursos\/recursos-humanos\/acoso-laboral\/\"><b>Acoso laboral<\/b><\/a><b>: <\/b><span>Maltrato f\u00edsico o psicol\u00f3gico dentro del entorno laboral.<\/span><\/li>\n<li style=\"font-weight: 400;\" aria-level=\"2\"><a href=\"https:\/\/runahr.com\/cl\/recursos\/recursos-humanos\/discriminacion\/\"><b>Discriminaci\u00f3n<\/b><\/a><b>: <\/b><span>Casos donde se denuncia trato desigual por razones de g\u00e9nero, religi\u00f3n, etnia u otras variables personales.<\/span><\/li>\n<\/ul>\n<\/li>\n<\/ul>\n<p><b>Procedimiento para presentar un reclamo:<\/b><span> La persona debe reunir antecedentes (contrato, liquidaciones, correos, etc.) y puede iniciar el tr\u00e1mite en l\u00ednea, por tel\u00e9fono o presencialmente. Desde el lado empleador, es clave participar activamente del proceso, entregar la informaci\u00f3n requerida y facilitar que el conflicto se resuelva de forma justa y r\u00e1pida.<\/span><\/p>\n<p><a href=\"https:\/\/recursos.runahr.com\/cl-kit-recurso-humanos\"><img decoding=\"async\" class=\"alignnone size-full wp-image-1098173\" src=\"https:\/\/runahr.com\/wp-content\/uploads\/2026\/01\/CCL033.webp\" alt=\"Descargar KIT de recursos humanos\" width=\"1940\" height=\"764\" srcset=\"https:\/\/runahr.com\/wp-content\/uploads\/2026\/01\/CCL033.webp 1940w, https:\/\/runahr.com\/wp-content\/uploads\/2026\/01\/CCL033-300x118.webp 300w, https:\/\/runahr.com\/wp-content\/uploads\/2026\/01\/CCL033-1024x403.webp 1024w, https:\/\/runahr.com\/wp-content\/uploads\/2026\/01\/CCL033-768x302.webp 768w, https:\/\/runahr.com\/wp-content\/uploads\/2026\/01\/CCL033-1536x605.webp 1536w\" sizes=\"(max-width: 1940px) 100vw, 1940px\" \/><\/a><\/p>\n<h2><b>\u00bfC\u00f3mo comunicarse con el Ministerio de Trabajo sin enredarse en el intento?<\/b><\/h2>\n<p><span>En m\u00e1s de una ocasi\u00f3n, aparecen dudas o tr\u00e1mites que no se pueden patear: contratos que necesitan revisi\u00f3n, consultas sobre cotizaciones o simplemente la necesidad de entender bien alg\u00fan derecho laboral. En esos casos, tener claro c\u00f3mo y por d\u00f3nde contactar al ministerio de trabajo y previsi\u00f3n social puede ahorrar tiempo y dolores de cabeza. Por suerte, hoy existen varias v\u00edas para hacerlo de forma r\u00e1pida y sin complicaciones innecesarias. Ya sea desde una empresa que necesita orientaci\u00f3n o desde<\/span><a href=\"https:\/\/runahr.com\/cl\/recursos\/recursos-humanos\/recursos-humanos\/\"> <span>recursos humanos<\/span><\/a><span> tratando de resolver un tema puntual, hay canales pensados para atender distintos casos y urgencias.<\/span><\/p>\n<ul>\n<li style=\"font-weight: 400;\" aria-level=\"1\"><b>Tel\u00e9fonos:<\/b><span> Hay l\u00edneas directas para hacer consultas generales o abordar casos espec\u00edficos. Son \u00fatiles para resolver dudas r\u00e1pidas sobre normativas, procedimientos o situaciones puntuales.<\/span><\/li>\n<li style=\"font-weight: 400;\" aria-level=\"1\"><b>Oficinas regionales:<\/b><span> En todo el pa\u00eds existen sedes donde el personal del ministerio puede brindar atenci\u00f3n cara a cara. Muchas veces, para ciertos tr\u00e1mites o reclamos, este tipo de atenci\u00f3n sigue siendo el camino m\u00e1s efectivo.<\/span><\/li>\n<li style=\"font-weight: 400;\" aria-level=\"1\"><b>Correo electr\u00f3nico:<\/b><span> Algunas consultas m\u00e1s formales o tr\u00e1mites pueden resolverse por esta v\u00eda, sobre todo cuando se requiere enviar documentaci\u00f3n o dejar constancia escrita.<\/span><\/li>\n<li style=\"font-weight: 400;\" aria-level=\"1\"><b>Formulario en l\u00ednea:<\/b><span> Desde la web oficial del ministerio, es posible enviar consultas o solicitudes que luego se derivan al \u00e1rea que corresponde. Es una alternativa muy \u00fatil cuando no se puede llamar o ir presencialmente, porque permite avanzar sin estar atado a los horarios de atenci\u00f3n.<\/span><\/li>\n<\/ul>\n<p><span>Contar con estos canales agiliza mucho las cosas. Cuando hay que moverse r\u00e1pido (por un conflicto interno, una duda legal o un tr\u00e1mite urgente) contar con estos canales a mano permite resolver sin que la situaci\u00f3n se desborde y siempre dentro del marco legal.<\/span><\/p>\n<h2><b>\u00bfCu\u00e1les son las obligaciones de las empresas frente al Ministerio de Trabajo y Previsi\u00f3n Social?<\/b><\/h2>\n<p><span>Para las empresas, cumplir con lo que exige el ministerio de trabajo y previsi\u00f3n social no es solo una formalidad legal. Tambi\u00e9n es parte de construir ambientes laborales sanos, con reglas claras y con menos exposici\u00f3n a conflictos o sanciones.<\/span><\/p>\n<ul>\n<li style=\"font-weight: 400;\" aria-level=\"1\"><b>Registro de trabajadores:<\/b><span> Apenas se incorpora alguien al equipo, es fundamental inscribirlo en los sistemas de seguridad social y salud. Esto incluye afiliarlo correctamente a una<\/span><a href=\"https:\/\/runahr.com\/cl\/recursos\/salario\/afp\/\"><span> Administradora de Fondos de Pensiones (AFP)<\/span><\/a><span> y a un sistema como a una <\/span><a href=\"https:\/\/runahr.com\/cl\/recursos\/salario\/isapre\/\"><span>Instituci\u00f3n de Salud Previsional (ISAPRE)<\/span><\/a><span> o FONASA. Adem\u00e1s de ser obligatorio, garantiza cobertura y respaldo en caso de enfermedad o accidente.<\/span><\/li>\n<li style=\"font-weight: 400;\" aria-level=\"1\"><b>Pago de remuneraciones y cotizaciones previsionales:<\/b><span> No alcanza con pagar el sueldo. Tambi\u00e9n hay que asegurar el pago oportuno del 7% destinado a salud, adem\u00e1s de las cotizaciones previsionales. Estos pagos no son un detalle menor. Tienen plazos bien definidos y, si no se cumplen a tiempo, lo que puede venir son multas o incluso problemas m\u00e1s serios con la autoridad que fiscaliza. Y eso, adem\u00e1s del impacto econ\u00f3mico, tambi\u00e9n afecta la reputaci\u00f3n interna de la empresa.<\/span><\/li>\n<li style=\"font-weight: 400;\" aria-level=\"1\"><b>Normas de seguridad y salud en el trabajo:<\/b><span> La prevenci\u00f3n no es un \u201cextra\u201d, es parte del n\u00facleo de una gesti\u00f3n responsable. Implementar medidas concretas para evitar accidentes, entregar los equipos necesarios, capacitar en riesgos propios del rubro... no solo es lo que marca la ley, tambi\u00e9n es lo que permite que las personas trabajen tranquilas y que la operaci\u00f3n no se detenga por algo que se pudo haber previsto.<\/span><\/li>\n<li style=\"font-weight: 400;\" aria-level=\"1\"><b>Derechos sindicales:<\/b><span> Ac\u00e1 no hay mucho margen para interpretaciones. Las empresas tienen que asegurar que, si un trabajador decide afiliarse a un<\/span><a href=\"https:\/\/runahr.com\/cl\/recursos\/recursos-humanos\/sindicato\/\"> <span>sindicato<\/span><\/a><span> o participar de una negociaci\u00f3n colectiva, pueda hacerlo con total libertad y sin miedo a represalias. Ignorar esto, adem\u00e1s de ser ilegal, puede romper la confianza dentro del equipo de forma irreparable.<\/span><\/li>\n<\/ul>\n<h2><b>\u00bfCu\u00e1l es el v\u00ednculo entre recursos humanos y el Ministerio de Trabajo y Previsi\u00f3n Social?<\/b><\/h2>\n<p><span>El \u00e1rea de personas es, en muchos sentidos, la cara visible de la empresa ante el ministerio de trabajo y previsi\u00f3n social. Por eso, el rol del \u00e1rea de personas va mucho m\u00e1s all\u00e1 del papeleo. Es clave para que lo legal no se vuelva una carga aislada, sino una parte viva y coherente de c\u00f3mo se gestiona el trabajo en el d\u00eda a d\u00eda.<\/span><\/p>\n<h4><b>Garantizar el cumplimiento de la normativa laboral<\/b><\/h4>\n<p><span>Desde c\u00f3mo se arma un contrato hasta las pol\u00edticas internas sobre licencias, jornadas o igualdad, todo tiene que conversar con lo que dice la ley. Recursos humanos tiene la tarea de leer esos cambios, entenderlos y aterrizarlos dentro de la organizaci\u00f3n sin que se vuelva una traba operativa.<\/span><\/p>\n<h4><b>Gesti\u00f3n de relaciones laborales<\/b><\/h4>\n<p><span>Tambi\u00e9n les toca mediar, abrir espacios de di\u00e1logo, intervenir a tiempo cuando hay roces o malentendidos. Cuando se hace bien, los conflictos no escalan y el ambiente laboral respira mejor. Eso no se logra solo con normas; se logra con presencia, criterio y cercan\u00eda.<\/span><\/p>\n<h4><b>Asesoramiento a los trabajadores<\/b><\/h4>\n<p><span>No se trata solo de gestionar documentaci\u00f3n. Muchas veces, los colaboradores acuden a RRHH en busca de orientaci\u00f3n sobre sus derechos, beneficios, licencias o procesos como el reclamo ante despidos. Dar esa informaci\u00f3n de forma clara y emp\u00e1tica construye v\u00ednculos de confianza.<\/span><\/p>\n<h4><b>Participaci\u00f3n en inspecciones laborales<\/b><\/h4>\n<p><span>Cuando llega una fiscalizaci\u00f3n del ministerio, recursos humanos es el primer punto de contacto. Tiene que tener todo en regla: contratos, planillas de sueldos, registros de asistencia, documentaci\u00f3n sobre seguridad laboral. Pero m\u00e1s all\u00e1 de la forma, lo importante es que todo lo que se diga se pueda respaldar con hechos.<\/span><\/p>\n<p><span>El trabajo en conjunto entre esta \u00e1rea y el ministerio es parte del equilibrio que permite que las empresas funcionen bien y las personas trabajen en condiciones justas.<\/span><\/p>\n<p><span>Para cerrar, el ministerio de trabajo y previsi\u00f3n social cumple un rol fundamental en el equilibrio del mundo laboral chileno. No solo garantiza que los derechos se respeten, sino que tambi\u00e9n promueve entornos laborales m\u00e1s justos, seguros y eficientes. Y eso, tarde o temprano, repercute en los resultados de cada organizaci\u00f3n.<\/span><\/p>\n<p><span>Para los equipos de recursos humanos, trabajar alineados con este organismo no es solo una obligaci\u00f3n legal: es una oportunidad concreta para fomentar el bienestar, reforzar el compromiso y construir una cultura organizacional que d\u00e9 confianza. Gestionar bien lo que est\u00e1 en manos del ministerio no solo protege a la empresa frente a sanciones. Tambi\u00e9n mejora el v\u00ednculo con los equipos, reduce riesgos y fortalece el liderazgo interno. En un mercado cada vez m\u00e1s exigente, eso marca la diferencia.<\/span><\/p>\n<p><a href=\"https:\/\/recursos.runahr.com\/cl-kit-desarrollo-profesional\"><img decoding=\"async\" class=\"alignnone size-full wp-image-1098209\" src=\"https:\/\/runahr.com\/wp-content\/uploads\/2026\/01\/CCL029.webp\" alt=\"Descargar KIT de desarrollo profesional\" width=\"2254\" height=\"888\" srcset=\"https:\/\/runahr.com\/wp-content\/uploads\/2026\/01\/CCL029.webp 2254w, https:\/\/runahr.com\/wp-content\/uploads\/2026\/01\/CCL029-300x118.webp 300w, https:\/\/runahr.com\/wp-content\/uploads\/2026\/01\/CCL029-1024x403.webp 1024w, https:\/\/runahr.com\/wp-content\/uploads\/2026\/01\/CCL029-768x303.webp 768w, https:\/\/runahr.com\/wp-content\/uploads\/2026\/01\/CCL029-1536x605.webp 1536w, https:\/\/runahr.com\/wp-content\/uploads\/2026\/01\/CCL029-2048x807.webp 2048w\" sizes=\"(max-width: 2254px) 100vw, 2254px\" \/><\/a><\/p>\n\t\t<h2 class=\"runa-faq-title\">Preguntas frecuentes<\/h2>\n\n\t\t<div class=\"runa-faq-accordion\">\n\t\t\t\t\t\t<details class=\"runa-faq-item\">\n\t\t\t\t<summary>\n\t\t\t\t\t<span>\u00bfQu\u00e9 documentos conviene reunir antes de presentar un reclamo ante el Ministerio?<\/span>\n\t\t\t\t\t<i class=\"fas fa-chevron-down\" aria-hidden=\"true\"><\/i>\n\t\t\t\t<\/summary>\n\t\t\t\t<div class=\"runa-faq-content\">\n\t\t\t\t\t<p><span style=\"font-weight: 400\">Para ordenar el caso, revisa primero el marco del <\/span><a href=\"https:\/\/runahr.com\/cl\/recursos\/salario\/codigo-de-trabajo\/\"><span style=\"font-weight: 400\">C\u00f3digo del Trabajo<\/span><\/a><span style=\"font-weight: 400\">. Lleva identificados los datos del trabajador y su <\/span><a href=\"https:\/\/runahr.com\/cl\/recursos\/salario\/rut\/\"><span style=\"font-weight: 400\">Rol \u00danico Tributario (RUT)<\/span><\/a><span style=\"font-weight: 400\">, contratos y liquidaciones. Si necesitas antecedentes previsionales, puedes obtener certificados en <\/span><a href=\"https:\/\/runahr.com\/cl\/recursos\/salario\/ips-en-linea\/\"><span style=\"font-weight: 400\">IPS en l\u00ednea<\/span><\/a><span style=\"font-weight: 400\">.<\/span><\/p>\n\t\t\t\t<\/div>\n\t\t\t<\/details>\n\t\t\t\t\t\t<details class=\"runa-faq-item\">\n\t\t\t\t<summary>\n\t\t\t\t\t<span>\u00bfC\u00f3mo preparar una auditor\u00eda interna de remuneraciones antes de una fiscalizaci\u00f3n?<\/span>\n\t\t\t\t\t<i class=\"fas fa-chevron-down\" aria-hidden=\"true\"><\/i>\n\t\t\t\t<\/summary>\n\t\t\t\t<div class=\"runa-faq-content\">\n\t\t\t\t\t<p><span style=\"font-weight: 400\">Estandariza los procesos de <\/span><a href=\"https:\/\/runahr.com\/cl\/recursos\/salario\/nomina\/\"><span style=\"font-weight: 400\">n\u00f3mina<\/span><\/a><span style=\"font-weight: 400\"> y define criterios claros sobre <\/span><a href=\"https:\/\/runahr.com\/cl\/recursos\/salario\/salario\/\"><span style=\"font-weight: 400\">salario<\/span><\/a><span style=\"font-weight: 400\"> en contratos y anexos. Contrasta tus procedimientos con las exigencias del Ministerio y la Direcci\u00f3n del Trabajo para detectar brechas a tiempo.<\/span><\/p>\n\t\t\t\t<\/div>\n\t\t\t<\/details>\n\t\t\t\t\t\t<details class=\"runa-faq-item\">\n\t\t\t\t<summary>\n\t\t\t\t\t<span>\u00bfQu\u00e9 cuidados aplicar cuando el equipo trabaja en modalidad h\u00edbrida o a distancia?<\/span>\n\t\t\t\t\t<i class=\"fas fa-chevron-down\" aria-hidden=\"true\"><\/i>\n\t\t\t\t<\/summary>\n\t\t\t\t<div class=\"runa-faq-content\">\n\t\t\t\t\t<p><span style=\"font-weight: 400\">Asegura trazabilidad del registro de asistencia y descansos ajustando la <\/span><a href=\"https:\/\/runahr.com\/cl\/recursos\/recursos-humanos\/jornada-laboral\/\"><span style=\"font-weight: 400\">jornada laboral<\/span><\/a><span style=\"font-weight: 400\"> a la realidad del equipo. Documenta reglas de disponibilidad y seguridad en <\/span><a href=\"https:\/\/runahr.com\/cl\/recursos\/beneficios\/trabajo-remoto\/\"><span style=\"font-weight: 400\">trabajo remoto<\/span><\/a><span style=\"font-weight: 400\"> para evitar conflictos y facilitar eventuales mediaciones.<\/span><\/p>\n\t\t\t\t<\/div>\n\t\t\t<\/details>\n\t\t\t\t\t\t<details class=\"runa-faq-item\">\n\t\t\t\t<summary>\n\t\t\t\t\t<span>\u00bfC\u00f3mo integrar la prevenci\u00f3n de riesgos psicosociales a las pol\u00edticas internas?<\/span>\n\t\t\t\t\t<i class=\"fas fa-chevron-down\" aria-hidden=\"true\"><\/i>\n\t\t\t\t<\/summary>\n\t\t\t\t<div class=\"runa-faq-content\">\n\t\t\t\t\t<p><span style=\"font-weight: 400\">Incluye protocolos, derivaci\u00f3n y seguimiento en materia de <\/span><a href=\"https:\/\/runahr.com\/cl\/recursos\/recursos-humanos\/salud-mental\/\"><span style=\"font-weight: 400\">salud mental<\/span><\/a><span style=\"font-weight: 400\">. Coordina con el comit\u00e9 paritario y considera lineamientos de la Superintendencia de Seguridad Social (SUSESO) al dise\u00f1ar tus acciones preventivas.<\/span><\/p>\n\t\t\t\t<\/div>\n\t\t\t<\/details>\n\t\t\t\t\t\t<details class=\"runa-faq-item\">\n\t\t\t\t<summary>\n\t\t\t\t\t<span>\u00bfD\u00f3nde consultar informaci\u00f3n previsional para respaldar gestiones de RRHH?<\/span>\n\t\t\t\t\t<i class=\"fas fa-chevron-down\" aria-hidden=\"true\"><\/i>\n\t\t\t\t<\/summary>\n\t\t\t\t<div class=\"runa-faq-content\">\n\t\t\t\t\t<p><span style=\"font-weight: 400\">Para certificados y consultas sobre tr\u00e1mites previsionales, utiliza el <\/span><a href=\"https:\/\/runahr.com\/cl\/recursos\/recursos-humanos\/instituto-de-prevision-social\/\"><span style=\"font-weight: 400\">Instituto de Previsi\u00f3n Social (IPS)<\/span><\/a><span style=\"font-weight: 400\">. Muchos servicios est\u00e1n disponibles en IPS en l\u00ednea, lo que agiliza gestiones sin depender de atenci\u00f3n presencial.<\/span><\/p>\n\t\t\t\t<\/div>\n\t\t\t<\/details>\n\t\t\t\t\t\t<details class=\"runa-faq-item\">\n\t\t\t\t<summary>\n\t\t\t\t\t<span>\u00bfQu\u00e9 referencias usar cuando hay dudas sobre tributaci\u00f3n de haberes?<\/span>\n\t\t\t\t\t<i class=\"fas fa-chevron-down\" aria-hidden=\"true\"><\/i>\n\t\t\t\t<\/summary>\n\t\t\t\t<div class=\"runa-faq-content\">\n\t\t\t\t\t<p><span style=\"font-weight: 400\">Revisa instrucciones vigentes del <\/span><a href=\"https:\/\/runahr.com\/cl\/recursos\/salario\/servicios-de-impuestos-internos\/\"><span style=\"font-weight: 400\">Servicio de Impuestos Internos (SII)<\/span><\/a><span style=\"font-weight: 400\"> para asignaciones, imposiciones y descuentos. Complementa con el C\u00f3digo del Trabajo para alinear criterios contables y laborales antes de una fiscalizaci\u00f3n.<\/span><\/p>\n\t\t\t\t<\/div>\n\t\t\t<\/details>\n\t\t\t\t\t\t<details class=\"runa-faq-item\">\n\t\t\t\t<summary>\n\t\t\t\t\t<span>\u00bfC\u00f3mo coordina RRHH con el ISL ante un accidente del trabajo?<\/span>\n\t\t\t\t\t<i class=\"fas fa-chevron-down\" aria-hidden=\"true\"><\/i>\n\t\t\t\t<\/summary>\n\t\t\t\t<div class=\"runa-faq-content\">\n\t\t\t\t\t<p><span style=\"font-weight: 400\">Activa el protocolo interno, ingresa la denuncia y deriva al trabajador a la red del <\/span><a href=\"https:\/\/runahr.com\/cl\/recursos\/salario\/isl\/\"><span style=\"font-weight: 400\">Instituto de Seguridad Laboral (ISL)<\/span><\/a><span style=\"font-weight: 400\">. Re\u00fane contrato y registro de jornada, y sigue las indicaciones de tratamiento y prevenci\u00f3n para evitar recidivas.<\/span><\/p>\n\t\t\t\t<\/div>\n\t\t\t<\/details>\n\t\t\t\t\t<\/div>\n\n\t\t<script>\n\t\t(function() {\n\t\t\tdocument.addEventListener('DOMContentLoaded', function() {\n\t\t\t\tvar items = document.querySelectorAll('.runa-faq-accordion details');\n\t\t\t\titems.forEach(function(target) {\n\t\t\t\t\ttarget.addEventListener('toggle', function() {\n\t\t\t\t\t\tif (target.open) {\n\t\t\t\t\t\t\titems.forEach(function(other) {\n\t\t\t\t\t\t\t\tif (other !== target && other.open) other.open = false;\n\t\t\t\t\t\t\t});\n\t\t\t\t\t\t}\n\t\t\t\t\t});\n\t\t\t\t});\n\t\t\t});\n\t\t})();\n\t\t<\/script>\n\t\t\n","protected":false},"excerpt":{"rendered":"<p>Hablar del ministerio de trabajo en Chile no es solo referirse a un organismo estatal m\u00e1s. Para muchas empresas, y especialmente para quienes gestionan personas, este ministerio cumple un rol central en c\u00f3mo se configuran las relaciones laborales hoy. La presencia del ministerio de trabajo no solo marca la cancha en t\u00e9rminos legales. Tambi\u00e9n tiene [&hellip;]<\/p>\n","protected":false},"author":100,"featured_media":1113918,"comment_status":"open","ping_status":"open","sticky":false,"template":"","format":"standard","meta":{"_acf_changed":false,"_wp_applaud_exclude":false,"footnotes":""},"categories":[1606,1586],"tags":[1596,1597],"class_list":["post-958740","post","type-post","status-publish","format-standard","has-post-thumbnail","hentry","category-recursos","category-salario","tag-articulo-cl","tag-salario-cl"],"acf":[],"yoast_head":"<!-- This site is optimized with the Yoast SEO Premium plugin v26.1 (Yoast SEO v27.4) - https:\/\/yoast.com\/product\/yoast-seo-premium-wordpress\/ -->\n<title>Ministerio de Trabajo y Previsi\u00f3n Social: \u00bfQu\u00e9 es? \u00bfCu\u00e1l es la funci\u00f3n? | CL | Runa HR<\/title>\n<meta name=\"description\" content=\"Descubre el rol del Ministerio de Trabajo y Previsi\u00f3n Social en Chile y c\u00f3mo beneficia a empresas y trabajadores.\" \/>\n<meta name=\"robots\" content=\"index, follow, max-snippet:-1, max-image-preview:large, max-video-preview:-1\" \/>\n<link rel=\"canonical\" href=\"https:\/\/runahr.com\/cl\/recursos\/salario\/ministerio-de-trabajo-y-prevision-social\/\" \/>\n<meta property=\"og:locale\" content=\"es_ES\" \/>\n<meta property=\"og:type\" content=\"article\" \/>\n<meta property=\"og:title\" content=\"Ministerio de Trabajo y Previsi\u00f3n Social: \u00bfQu\u00e9 es? \u00bfCu\u00e1l es la funci\u00f3n? | CL | Runa HR\" \/>\n<meta property=\"og:description\" content=\"Descubre el rol del Ministerio de Trabajo y Previsi\u00f3n Social en Chile y c\u00f3mo beneficia a empresas y trabajadores.\" \/>\n<meta property=\"og:url\" content=\"https:\/\/runahr.com\/cl\/recursos\/salario\/ministerio-de-trabajo-y-prevision-social\/\" \/>\n<meta property=\"og:site_name\" content=\"Runa HR\" \/>\n<meta property=\"article:publisher\" content=\"https:\/\/www.facebook.com\/runahr\/\" \/>\n<meta property=\"article:published_time\" content=\"2025-05-27T02:01:51+00:00\" \/>\n<meta property=\"article:modified_time\" content=\"2026-04-23T01:39:43+00:00\" \/>\n<meta property=\"og:image\" content=\"https:\/\/runahr.com\/wp-content\/uploads\/2025\/05\/Ministerio-de-trabajo-y-prevision-social-scaled.webp\" \/>\n\t<meta property=\"og:image:width\" content=\"2560\" \/>\n\t<meta property=\"og:image:height\" content=\"1070\" \/>\n\t<meta property=\"og:image:type\" content=\"image\/webp\" \/>\n<meta name=\"author\" content=\"Edgar Padilla\" \/>\n<meta name=\"twitter:card\" content=\"summary_large_image\" \/>\n<meta name=\"twitter:creator\" content=\"@runahr\" \/>\n<meta name=\"twitter:site\" content=\"@runahr\" \/>\n<meta name=\"twitter:label1\" content=\"Escrito por\" \/>\n\t<meta name=\"twitter:data1\" content=\"Edgar Padilla\" \/>\n\t<meta name=\"twitter:label2\" content=\"Tiempo estimado de lectura\" \/>\n\t<meta name=\"twitter:data2\" content=\"12 minutos\" \/>\n<!-- \/ Yoast SEO Premium plugin. -->","yoast_head_json":{"title":"Ministerio de Trabajo y Previsi\u00f3n Social: \u00bfQu\u00e9 es? \u00bfCu\u00e1l es la funci\u00f3n? | CL | Runa HR","description":"Descubre el rol del Ministerio de Trabajo y Previsi\u00f3n Social en Chile y c\u00f3mo beneficia a empresas y trabajadores.","robots":{"index":"index","follow":"follow","max-snippet":"max-snippet:-1","max-image-preview":"max-image-preview:large","max-video-preview":"max-video-preview:-1"},"canonical":"https:\/\/runahr.com\/cl\/recursos\/salario\/ministerio-de-trabajo-y-prevision-social\/","og_locale":"es_ES","og_type":"article","og_title":"Ministerio de Trabajo y Previsi\u00f3n Social: \u00bfQu\u00e9 es? \u00bfCu\u00e1l es la funci\u00f3n? | CL | Runa HR","og_description":"Descubre el rol del Ministerio de Trabajo y Previsi\u00f3n Social en Chile y c\u00f3mo beneficia a empresas y trabajadores.","og_url":"https:\/\/runahr.com\/cl\/recursos\/salario\/ministerio-de-trabajo-y-prevision-social\/","og_site_name":"Runa HR","article_publisher":"https:\/\/www.facebook.com\/runahr\/","article_published_time":"2025-05-27T02:01:51+00:00","article_modified_time":"2026-04-23T01:39:43+00:00","og_image":[{"width":2560,"height":1070,"url":"https:\/\/runahr.com\/wp-content\/uploads\/2025\/05\/Ministerio-de-trabajo-y-prevision-social-scaled.webp","type":"image\/webp"}],"author":"Edgar Padilla","twitter_card":"summary_large_image","twitter_creator":"@runahr","twitter_site":"@runahr","twitter_misc":{"Escrito por":"Edgar Padilla","Tiempo estimado de lectura":"12 minutos"},"schema":{"@context":"https:\/\/schema.org","@graph":[{"@type":"Article","@id":"https:\/\/runahr.com\/cl\/recursos\/salario\/ministerio-de-trabajo-y-prevision-social\/#article","isPartOf":{"@id":"https:\/\/runahr.com\/cl\/recursos\/salario\/ministerio-de-trabajo-y-prevision-social\/"},"author":{"name":"Edgar Padilla","@id":"https:\/\/runahr.com\/cl\/#\/schema\/person\/3739dc18365f82019e4c8b5a13aad319"},"headline":"Ministerio de Trabajo y Previsi\u00f3n Social: \u00bfQu\u00e9 es? \u00bfCu\u00e1l es la funci\u00f3n?","datePublished":"2025-05-27T02:01:51+00:00","dateModified":"2026-04-23T01:39:43+00:00","mainEntityOfPage":{"@id":"https:\/\/runahr.com\/cl\/recursos\/salario\/ministerio-de-trabajo-y-prevision-social\/"},"wordCount":2497,"commentCount":0,"publisher":{"@id":"https:\/\/runahr.com\/cl\/#organization"},"image":{"@id":"https:\/\/runahr.com\/cl\/recursos\/salario\/ministerio-de-trabajo-y-prevision-social\/#primaryimage"},"thumbnailUrl":"https:\/\/runahr.com\/wp-content\/uploads\/2025\/05\/Ministerio-de-trabajo-y-prevision-social-scaled.webp","keywords":["Art\u00edculo","Salario"],"articleSection":["Recursos","Salario"],"inLanguage":"es-CL","potentialAction":[{"@type":"CommentAction","name":"Comment","target":["https:\/\/runahr.com\/cl\/recursos\/salario\/ministerio-de-trabajo-y-prevision-social\/#respond"]}]},{"@type":"WebPage","@id":"https:\/\/runahr.com\/cl\/recursos\/salario\/ministerio-de-trabajo-y-prevision-social\/","url":"https:\/\/runahr.com\/cl\/recursos\/salario\/ministerio-de-trabajo-y-prevision-social\/","name":"Ministerio de Trabajo y Previsi\u00f3n Social: \u00bfQu\u00e9 es? \u00bfCu\u00e1l es la funci\u00f3n? | CL | Runa HR","isPartOf":{"@id":"https:\/\/runahr.com\/cl\/#website"},"primaryImageOfPage":{"@id":"https:\/\/runahr.com\/cl\/recursos\/salario\/ministerio-de-trabajo-y-prevision-social\/#primaryimage"},"image":{"@id":"https:\/\/runahr.com\/cl\/recursos\/salario\/ministerio-de-trabajo-y-prevision-social\/#primaryimage"},"thumbnailUrl":"https:\/\/runahr.com\/wp-content\/uploads\/2025\/05\/Ministerio-de-trabajo-y-prevision-social-scaled.webp","datePublished":"2025-05-27T02:01:51+00:00","dateModified":"2026-04-23T01:39:43+00:00","description":"Descubre el rol del Ministerio de Trabajo y Previsi\u00f3n Social en Chile y c\u00f3mo beneficia a empresas y trabajadores.","breadcrumb":{"@id":"https:\/\/runahr.com\/cl\/recursos\/salario\/ministerio-de-trabajo-y-prevision-social\/#breadcrumb"},"inLanguage":"es-CL","potentialAction":[{"@type":"ReadAction","target":["https:\/\/runahr.com\/cl\/recursos\/salario\/ministerio-de-trabajo-y-prevision-social\/"]}]},{"@type":"ImageObject","inLanguage":"es-CL","@id":"https:\/\/runahr.com\/cl\/recursos\/salario\/ministerio-de-trabajo-y-prevision-social\/#primaryimage","url":"https:\/\/runahr.com\/wp-content\/uploads\/2025\/05\/Ministerio-de-trabajo-y-prevision-social-scaled.webp","contentUrl":"https:\/\/runahr.com\/wp-content\/uploads\/2025\/05\/Ministerio-de-trabajo-y-prevision-social-scaled.webp","width":2560,"height":1070,"caption":"Ministerio de trabajo y previsi\u00f3n social"},{"@type":"BreadcrumbList","@id":"https:\/\/runahr.com\/cl\/recursos\/salario\/ministerio-de-trabajo-y-prevision-social\/#breadcrumb","itemListElement":[{"@type":"ListItem","position":1,"name":"Home","item":"https:\/\/runahr.com\/cl\/"},{"@type":"ListItem","position":2,"name":"Recursos","item":"https:\/\/runahr.com\/cl\/category\/recursos\/"},{"@type":"ListItem","position":3,"name":"Salario","item":"https:\/\/runahr.com\/cl\/category\/recursos\/salario\/"},{"@type":"ListItem","position":4,"name":"Ministerio de Trabajo y Previsi\u00f3n Social: \u00bfQu\u00e9 es? \u00bfCu\u00e1l es la funci\u00f3n?"}]},{"@type":"WebSite","@id":"https:\/\/runahr.com\/cl\/#website","url":"https:\/\/runahr.com\/cl\/","name":"Runa HR","description":"Software de N\u00f3mina y Gesti\u00f3n de RRHH","publisher":{"@id":"https:\/\/runahr.com\/cl\/#organization"},"potentialAction":[{"@type":"SearchAction","target":{"@type":"EntryPoint","urlTemplate":"https:\/\/runahr.com\/cl\/?s={search_term_string}"},"query-input":{"@type":"PropertyValueSpecification","valueRequired":true,"valueName":"search_term_string"}}],"inLanguage":"es-CL"},{"@type":"Organization","@id":"https:\/\/runahr.com\/cl\/#organization","name":"Runa HR","url":"https:\/\/runahr.com\/cl\/","logo":{"@type":"ImageObject","inLanguage":"es-CL","@id":"https:\/\/runahr.com\/cl\/#\/schema\/logo\/image\/","url":"https:\/\/runahr.com\/wp-content\/uploads\/2018\/05\/xDzHFcQY_400x400.jpg","contentUrl":"https:\/\/runahr.com\/wp-content\/uploads\/2018\/05\/xDzHFcQY_400x400.jpg","width":400,"height":400,"caption":"Runa HR"},"image":{"@id":"https:\/\/runahr.com\/cl\/#\/schema\/logo\/image\/"},"sameAs":["https:\/\/www.facebook.com\/runahr\/","https:\/\/x.com\/runahr","https:\/\/www.instagram.com\/runahr\/","https:\/\/mx.linkedin.com\/company\/runahr","https:\/\/www.youtube.com\/channel\/UCAZ21FupFMLIb1c7PPaU6Ew"]},{"@type":"Person","@id":"https:\/\/runahr.com\/cl\/#\/schema\/person\/3739dc18365f82019e4c8b5a13aad319","name":"Edgar Padilla","image":{"@type":"ImageObject","inLanguage":"es-CL","@id":"https:\/\/secure.gravatar.com\/avatar\/8e8620f0f4a0cdfb4cecfa7df33d7ed05425d393e77f8cf0fc159df2427558f6?s=96&d=mm&r=g","url":"https:\/\/secure.gravatar.com\/avatar\/8e8620f0f4a0cdfb4cecfa7df33d7ed05425d393e77f8cf0fc159df2427558f6?s=96&d=mm&r=g","contentUrl":"https:\/\/secure.gravatar.com\/avatar\/8e8620f0f4a0cdfb4cecfa7df33d7ed05425d393e77f8cf0fc159df2427558f6?s=96&d=mm&r=g","caption":"Edgar Padilla"},"url":"https:\/\/runahr.com\/cl\/author\/edgar_padilla\/"}]}},"_links":{"self":[{"href":"https:\/\/runahr.com\/cl\/wp-json\/wp\/v2\/posts\/958740","targetHints":{"allow":["GET"]}}],"collection":[{"href":"https:\/\/runahr.com\/cl\/wp-json\/wp\/v2\/posts"}],"about":[{"href":"https:\/\/runahr.com\/cl\/wp-json\/wp\/v2\/types\/post"}],"author":[{"embeddable":true,"href":"https:\/\/runahr.com\/cl\/wp-json\/wp\/v2\/users\/100"}],"replies":[{"embeddable":true,"href":"https:\/\/runahr.com\/cl\/wp-json\/wp\/v2\/comments?post=958740"}],"version-history":[{"count":2,"href":"https:\/\/runahr.com\/cl\/wp-json\/wp\/v2\/posts\/958740\/revisions"}],"predecessor-version":[{"id":1113920,"href":"https:\/\/runahr.com\/cl\/wp-json\/wp\/v2\/posts\/958740\/revisions\/1113920"}],"wp:featuredmedia":[{"embeddable":true,"href":"https:\/\/runahr.com\/cl\/wp-json\/wp\/v2\/media\/1113918"}],"wp:attachment":[{"href":"https:\/\/runahr.com\/cl\/wp-json\/wp\/v2\/media?parent=958740"}],"wp:term":[{"taxonomy":"category","embeddable":true,"href":"https:\/\/runahr.com\/cl\/wp-json\/wp\/v2\/categories?post=958740"},{"taxonomy":"post_tag","embeddable":true,"href":"https:\/\/runahr.com\/cl\/wp-json\/wp\/v2\/tags?post=958740"}],"curies":[{"name":"wp","href":"https:\/\/api.w.org\/{rel}","templated":true}]}}