{"id":959758,"date":"2025-07-16T13:17:11","date_gmt":"2025-07-16T19:17:11","guid":{"rendered":"https:\/\/runahr.com\/cultura-organizacional\/"},"modified":"2026-04-23T11:29:37","modified_gmt":"2026-04-23T17:29:37","slug":"cultura-organizacional","status":"publish","type":"post","link":"https:\/\/runahr.com\/cl\/recursos\/recursos-humanos\/cultura-organizacional\/","title":{"rendered":"Cultura organizacional: \u00bfCu\u00e1l es su funci\u00f3n? \u00bfC\u00f3mo se desarrolla?"},"content":{"rendered":"<p><span>Hoy m\u00e1s que nunca, tener una cultura organizacional clara y bien cuidada puede marcar la diferencia entre avanzar o quedarse pegado. En un entorno como el chileno, donde las reglas del juego cambian r\u00e1pido y la competencia por el talento es dura, lo que pasa al interior de la empresa importa (y mucho).<\/span><\/p>\n<p><span>No se trata solo de frases bonitas en la pared. La cultura organizacional permea c\u00f3mo trabaja la gente, c\u00f3mo se toman decisiones y qu\u00e9 tanto se alinean los equipos con los objetivos estrat\u00e9gicos. Tambi\u00e9n impacta en la forma en que se enfrentan los cambios, se retiene talento y se construye un clima sano.<\/span><\/p>\n<p><span>Lo que viene a continuaci\u00f3n es una gu\u00eda pensada para quienes lideran o gestionan personas en Chile. Un recorrido por los elementos esenciales de la cultura organizacional, sus formas, su impacto y, sobre todo, c\u00f3mo fortalecerla con criterio y foco estrat\u00e9gico.<\/span><\/p>\n<h2><b>\u00bfQu\u00e9 es la cultura organizacional en Chile?<\/b><\/h2>\n<p><span>En Chile, hablar de cultura organizacional no es subirse a una moda. Es hablar de lo que sostiene todo: desde c\u00f3mo se toman decisiones hasta c\u00f3mo se trabaja, se convive y se logran (o no) los resultados.<\/span><\/p>\n<p><span>Es ese conjunto de valores, creencias, reglas (expl\u00edcitas o no tanto) y formas de actuar que comparten quienes trabajan dentro de una organizaci\u00f3n. Y aunque muchas veces no se ve, se siente. Est\u00e1 en c\u00f3mo se comunican los equipos, en c\u00f3mo reacciona el <\/span><a href=\"https:\/\/runahr.com\/cl\/recursos\/recursos-humanos\/liderazgo\/\"><span>liderazgo<\/span><\/a><span> frente a un error, en qu\u00e9 se premia o castiga.<\/span><\/p>\n<h4><b>Elementos que dan forma a la cultura<\/b><\/h4>\n<ul>\n<li style=\"font-weight: 400;\" aria-level=\"1\"><b>Valores<\/b><span>: Los principios que gu\u00edan lo que se hace y c\u00f3mo se hace.<\/span><\/li>\n<li style=\"font-weight: 400;\" aria-level=\"1\"><b>Creencias<\/b><span>: Supuestos compartidos sobre lo que est\u00e1 bien, lo que importa y lo que se espera.<\/span><\/li>\n<li style=\"font-weight: 400;\" aria-level=\"1\"><b>Normas<\/b><span>: Reglas (formales o informales) que rigen el d\u00eda a d\u00eda laboral.<\/span><\/li>\n<li style=\"font-weight: 400;\" aria-level=\"1\"><b>Pr\u00e1cticas<\/b><span>: Comportamientos repetidos que refuerzan la identidad de la empresa.<\/span><\/li>\n<\/ul>\n<p><span>Un punto clave es distinguir entre cultura y <\/span><a href=\"https:\/\/runahr.com\/cl\/recursos\/recursos-humanos\/clima-laboral\/\"><span>clima laboral<\/span><\/a><span>. Mientras la cultura habla de lo m\u00e1s profundo y estable de la identidad organizacional, el clima es m\u00e1s bien la \u201ctemperatura emocional\u201d del momento. Ambos se cruzan, pero no son lo mismo. Desde la <\/span><a href=\"https:\/\/runahr.com\/cl\/recursos\/recursos-humanos\/gestion\/\"><span>gesti\u00f3n<\/span><\/a><span>, es clave entender esa diferencia para actuar con m\u00e1s precisi\u00f3n.<\/span><\/p>\n<p><a href=\"https:\/\/recursos.runahr.com\/cl-guia-employer-branding\"><img fetchpriority=\"high\" decoding=\"async\" class=\"alignnone size-full wp-image-1098028\" src=\"https:\/\/runahr.com\/wp-content\/uploads\/2026\/01\/CCL003.webp\" alt=\"Descargar gu\u00eda de employer branding\" width=\"2100\" height=\"829\" srcset=\"https:\/\/runahr.com\/wp-content\/uploads\/2026\/01\/CCL003.webp 2100w, https:\/\/runahr.com\/wp-content\/uploads\/2026\/01\/CCL003-300x118.webp 300w, https:\/\/runahr.com\/wp-content\/uploads\/2026\/01\/CCL003-1024x404.webp 1024w, https:\/\/runahr.com\/wp-content\/uploads\/2026\/01\/CCL003-768x303.webp 768w, https:\/\/runahr.com\/wp-content\/uploads\/2026\/01\/CCL003-1536x606.webp 1536w, https:\/\/runahr.com\/wp-content\/uploads\/2026\/01\/CCL003-2048x808.webp 2048w\" sizes=\"(max-width: 2100px) 100vw, 2100px\" \/><\/a><\/p>\n<h2><b>\u00bfCu\u00e1l es la funci\u00f3n de la cultura organizacional?<\/b><\/h2>\n<p><span>M\u00e1s all\u00e1 de lo simb\u00f3lico, la cultura organizacional cumple un rol funcional. Tiene un impacto concreto en c\u00f3mo se comportan las personas, c\u00f3mo se resuelven los problemas y c\u00f3mo se enfrentan los desaf\u00edos.<\/span><\/p>\n<h4><b>Funciones concretas en la operaci\u00f3n<\/b><\/h4>\n<ul>\n<li style=\"font-weight: 400;\" aria-level=\"1\"><b>Gu\u00eda conductas<\/b><span>: Da un marco sobre c\u00f3mo actuar frente a distintas situaciones. Las personas saben lo que se espera.<\/span><\/li>\n<li style=\"font-weight: 400;\" aria-level=\"1\"><b>Define identidad<\/b><span>: Le da un sello propio a la empresa, diferenci\u00e1ndola del resto.<\/span><\/li>\n<li style=\"font-weight: 400;\" aria-level=\"1\"><b>Mejora el clima<\/b><span>: Cuando la cultura calza con lo que la gente valora, el ambiente se vuelve m\u00e1s sano y colaborativo.<\/span><\/li>\n<li style=\"font-weight: 400;\" aria-level=\"1\"><b>Facilita el cambio<\/b><span>: Una cultura flexible permite moverse mejor frente a nuevas condiciones del entorno.<\/span><\/li>\n<li style=\"font-weight: 400;\" aria-level=\"1\"><b>Eleva el compromiso<\/b><span>: Las personas que se identifican con la cultura, por lo general, se involucran m\u00e1s y rinden mejor.<\/span><\/li>\n<\/ul>\n<p><span>Para cualquier equipo de <\/span><a href=\"https:\/\/runahr.com\/cl\/recursos\/recursos-humanos\/recursos-humanos\/\"><span>recursos humanos<\/span><\/a><span>, entender esta funci\u00f3n estrat\u00e9gica es clave. Porque si la cultura no se gestiona, termina gestionando sola... y no siempre en la direcci\u00f3n correcta.<\/span><\/p>\n<h2><b>\u00bfQu\u00e9 tipos de cultura organizacional hay en Chile?<\/b><\/h2>\n<p><span>No hay una sola forma de cultura organizacional. En Chile, la variedad es amplia y est\u00e1 influida por la historia de cada empresa, su rubro, su tama\u00f1o y (no menor) el estilo de liderazgo.<\/span><\/p>\n<h4><b>Modelos m\u00e1s comunes<\/b><\/h4>\n<ul>\n<li style=\"font-weight: 400;\" aria-level=\"1\"><b>Schein<\/b><span>: Propone que la cultura est\u00e1 compuesta por supuestos b\u00e1sicos, valores y elementos visibles.<\/span><\/li>\n<li style=\"font-weight: 400;\" aria-level=\"1\"><b>Hofstede<\/b><span>: Mide la cultura seg\u00fan variables como la distancia al poder o la aversi\u00f3n al riesgo.<\/span><\/li>\n<li style=\"font-weight: 400;\" aria-level=\"1\"><b>Cameron y Quinn<\/b><span>: Clasifican las culturas en cuatro tipos:<\/span>\n<ul>\n<li style=\"font-weight: 400;\" aria-level=\"2\"><b>Clan: <\/b><span>Cercan\u00eda, <\/span><a href=\"https:\/\/runahr.com\/cl\/recursos\/recursos-humanos\/colaboracion\/\"><span>colaboraci\u00f3n<\/span><\/a><span>, enfoque humano.<\/span><\/li>\n<li style=\"font-weight: 400;\" aria-level=\"2\"><b>Adhocr\u00e1tica:<\/b><span> Cambio, innovaci\u00f3n y <\/span><a href=\"https:\/\/runahr.com\/cl\/recursos\/recursos-humanos\/flexibilidad\/\"><span>flexibilidad<\/span><\/a><span>.<\/span><\/li>\n<li style=\"font-weight: 400;\" aria-level=\"2\"><b>De mercado: <\/b><span>Competencia, foco en resultados.<\/span><\/li>\n<li style=\"font-weight: 400;\" aria-level=\"2\"><b>Jer\u00e1rquica: <\/b><span>Orden, control y procesos definidos.<\/span><\/li>\n<\/ul>\n<\/li>\n<\/ul>\n<h4><b>Realidad en el entorno chileno<\/b><\/h4>\n<ul>\n<li style=\"font-weight: 400;\" aria-level=\"1\"><b>Tradicionales y jer\u00e1rquicas<\/b><span>: Todav\u00eda predominan en sectores m\u00e1s formales, como gobierno o empresas familiares.<\/span><\/li>\n<li style=\"font-weight: 400;\" aria-level=\"1\"><b>Competitivas y orientadas a resultados<\/b><span>: Comunes en bancos, retail y servicios financieros.<\/span><\/li>\n<li style=\"font-weight: 400;\" aria-level=\"1\"><b>Centradas en las personas<\/b><span>: Propias de startups, empresas B o rubros creativos.<\/span><\/li>\n<li style=\"font-weight: 400;\" aria-level=\"1\"><b>Innovadoras<\/b><span>: Se ven m\u00e1s en tecnolog\u00eda, I+D y algunas consultoras.<\/span><\/li>\n<\/ul>\n<p><span>Cada cultura responde a una combinaci\u00f3n de factores como el origen de la empresa, su estructura, la industria en que opera, el estilo de los l\u00edderes y el contexto pa\u00eds. No hay recetas m\u00e1gicas, pero s\u00ed patrones que conviene observar con atenci\u00f3n.<\/span><\/p>\n<h2><b>\u00bfC\u00f3mo se desarrolla la cultura organizacional?<\/b><\/h2>\n<p><span>La cultura no aparece de la nada ni se impone con un manual. Es algo que se va formando en el tiempo, a partir de lo que se dice, pero sobre todo de lo que se hace.<\/span><\/p>\n<h4><b>Etapas de evoluci\u00f3n cultural<\/b><\/h4>\n<ul>\n<li style=\"font-weight: 400;\" aria-level=\"1\"><b>Inicio<\/b><span>: Los valores fundacionales de los creadores de la empresa marcan el tono.<\/span><\/li>\n<li style=\"font-weight: 400;\" aria-level=\"1\"><b>Expansi\u00f3n<\/b><span>: A medida que el equipo crece, se van sumando nuevos c\u00f3digos.<\/span><\/li>\n<li style=\"font-weight: 400;\" aria-level=\"1\"><b>Consolidaci\u00f3n<\/b><span>: Con los a\u00f1os, se afianza una forma de hacer las cosas.<\/span><\/li>\n<li style=\"font-weight: 400;\" aria-level=\"1\"><b>Cambio<\/b><span>: Frente a crisis, fusiones o ajustes estrat\u00e9gicos, la cultura se reconfigura.<\/span><\/li>\n<\/ul>\n<h4><b>Mecanismos que la moldean<\/b><\/h4>\n<ul>\n<li style=\"font-weight: 400;\" aria-level=\"1\"><b>Liderazgo<\/b><span>: Lo que hacen (o dejan de hacer) los l\u00edderes es clave.<\/span><\/li>\n<li style=\"font-weight: 400;\" aria-level=\"1\"><b>Comunicaci\u00f3n interna<\/b><span>: C\u00f3mo se habla, qu\u00e9 se refuerza, qu\u00e9 se visibiliza.<\/span><\/li>\n<li style=\"font-weight: 400;\" aria-level=\"1\"><b>Socializaci\u00f3n<\/b><span>: La experiencia de los nuevos refuerza o desaf\u00eda la cultura existente.<\/span><\/li>\n<li style=\"font-weight: 400;\" aria-level=\"1\"><a href=\"https:\/\/runahr.com\/cl\/recursos\/recursos-humanos\/reconocimiento\/\"><b>Reconocimiento<\/b><\/a><span>: Lo que se premia termina siendo modelo para los dem\u00e1s.<\/span><\/li>\n<li style=\"font-weight: 400;\" aria-level=\"1\"><b>Historias internas<\/b><span>: Los relatos compartidos construyen identidad.<\/span><\/li>\n<li style=\"font-weight: 400;\" aria-level=\"1\"><b>S\u00edmbolos<\/b><span>: Desde el logo hasta los espacios f\u00edsicos, todo comunica.<\/span><\/li>\n<\/ul>\n<p><span>Una cultura organizacional no se decreta. Se construye con coherencia, constancia y conciencia.<\/span><\/p>\n<h2><b>\u00bfCu\u00e1l es la importancia de la cultura organizacional para las empresas en Chile?<\/b><\/h2>\n<p><span>En Chile, retener talento se ha vuelto un desaf\u00edo constante y adaptarse ya no es opcional. Por eso, construir una cultura organizacional s\u00f3lida dej\u00f3 de ser algo \u201cbonito de tener\u201d y pas\u00f3 a ser una verdadera herramienta para competir y sostener el negocio.<\/span><\/p>\n<h4><b>Impacto directo en la gesti\u00f3n<\/b><\/h4>\n<ul>\n<li style=\"font-weight: 400;\" aria-level=\"1\"><b>Atrae talento<\/b><span>: Una cultura clara act\u00faa como filtro natural para captar a quienes se alinean con el estilo de la empresa.<\/span><\/li>\n<li style=\"font-weight: 400;\" aria-level=\"1\"><b>Retiene personas<\/b><span>: El sentido de pertenencia disminuye la rotaci\u00f3n y mejora la estabilidad de los equipos.<\/span><\/li>\n<li style=\"font-weight: 400;\" aria-level=\"1\"><b>Aumenta la motivaci\u00f3n<\/b><span>: Las personas trabajan mejor cuando sienten que su empresa se parece a lo que valoran.<\/span><\/li>\n<li style=\"font-weight: 400;\" aria-level=\"1\"><b>Mejora resultados<\/b><span>: El compromiso interno impacta en la productividad y la calidad del trabajo.<\/span><\/li>\n<li style=\"font-weight: 400;\" aria-level=\"1\"><b>Promueve la innovaci\u00f3n<\/b><span>: Culturas que valoran la curiosidad y la colaboraci\u00f3n tienden a generar mejores ideas.<\/span><\/li>\n<li style=\"font-weight: 400;\" aria-level=\"1\"><b>Ayuda a diferenciarse<\/b><span>: En mercados saturados, la cultura puede ser lo que incline la balanza.<\/span><\/li>\n<\/ul>\n<p><span>Invertir en cultura organizacional no es solo una decisi\u00f3n de RRHH. Es una apuesta estrat\u00e9gica que puede redefinir el posicionamiento de la empresa.<\/span><\/p>\n<h2><b>\u00bfC\u00f3mo diagnosticar la cultura organizacional?<\/b><\/h2>\n<p><span>Para poder mejorarla, primero hay que entenderla. Diagnosticar la cultura organizacional permite ver si lo que se promueve desde la gesti\u00f3n realmente se vive en el d\u00eda a d\u00eda.<\/span><\/p>\n<h4><b>M\u00e9todos para detectar patrones culturales<\/b><\/h4>\n<ul>\n<li style=\"font-weight: 400;\" aria-level=\"1\"><b>Encuestas<\/b><span>: Herramientas estructuradas que recogen percepciones masivas de los equipos.<\/span><\/li>\n<li style=\"font-weight: 400;\" aria-level=\"1\"><b>Entrevistas<\/b><span>: Conversaciones profundas para captar matices y experiencias personales.<\/span><\/li>\n<li style=\"font-weight: 400;\" aria-level=\"1\"><b>Focus groups<\/b><span>: Espacios de di\u00e1logo colectivo para poner en com\u00fan sensaciones y puntos ciegos.<\/span><\/li>\n<li style=\"font-weight: 400;\" aria-level=\"1\"><b>Observaci\u00f3n directa<\/b><span>: Ver c\u00f3mo se comporta la gente en reuniones, pasillos, correos y decisiones.<\/span><\/li>\n<li style=\"font-weight: 400;\" aria-level=\"1\"><b>Revisi\u00f3n documental<\/b><span>: Manuales, pol\u00edticas, correos internos... todo dice algo de la cultura.<\/span><\/li>\n<\/ul>\n<h4><b>Herramientas conocidas<\/b><\/h4>\n<ul>\n<li style=\"font-weight: 400;\" aria-level=\"1\"><b>Modelo Denison<\/b><span>: Eval\u00faa participaci\u00f3n, consistencia, adaptaci\u00f3n y misi\u00f3n.<\/span><\/li>\n<li style=\"font-weight: 400;\" aria-level=\"1\"><b>OCAI<\/b><span>: Clasifica la cultura en los cuatro tipos de Cameron y Quinn.<\/span><\/li>\n<li style=\"font-weight: 400;\" aria-level=\"1\"><b>OVS<\/b><span>: Mide valores organizacionales predominantes y su grado de alineaci\u00f3n estrat\u00e9gica.<\/span><\/li>\n<\/ul>\n<p><span>Hacer estos diagn\u00f3sticos con cierta periodicidad permite ajustar el rumbo y mantener viva la coherencia entre lo que la empresa quiere ser y lo que realmente es.<\/span><\/p>\n<p><a href=\"https:\/\/recursos.runahr.com\/cl-guia-metricas-dei\"><img decoding=\"async\" class=\"alignnone size-full wp-image-1098680\" src=\"https:\/\/runahr.com\/wp-content\/uploads\/2026\/01\/CCL005.webp\" alt=\"Ver ahora gu\u00eda de m\u00e9tricas DEI\" width=\"2100\" height=\"830\" srcset=\"https:\/\/runahr.com\/wp-content\/uploads\/2026\/01\/CCL005.webp 2100w, https:\/\/runahr.com\/wp-content\/uploads\/2026\/01\/CCL005-300x119.webp 300w, https:\/\/runahr.com\/wp-content\/uploads\/2026\/01\/CCL005-1024x405.webp 1024w, https:\/\/runahr.com\/wp-content\/uploads\/2026\/01\/CCL005-768x304.webp 768w, https:\/\/runahr.com\/wp-content\/uploads\/2026\/01\/CCL005-1536x607.webp 1536w, https:\/\/runahr.com\/wp-content\/uploads\/2026\/01\/CCL005-2048x809.webp 2048w\" sizes=\"(max-width: 2100px) 100vw, 2100px\" \/><\/a><\/p>\n<h2><b>\u00bfC\u00f3mo desarrollar una cultura organizacional s\u00f3lida?<\/b><\/h2>\n<p><span>Construir una cultura organizacional que funcione de verdad no es cuesti\u00f3n de buena voluntad. Requiere estrategia, tiempo y un liderazgo alineado.<\/span><\/p>\n<h4><b>Claves para fortalecer la cultura<\/b><\/h4>\n<ul>\n<li style=\"font-weight: 400;\" aria-level=\"1\"><b>Claridad de visi\u00f3n y valores<\/b><span>: Que todos tengan claro hacia d\u00f3nde va la empresa y bajo qu\u00e9 principios.<\/span><\/li>\n<li style=\"font-weight: 400;\" aria-level=\"1\"><b>Comunicaci\u00f3n transparente<\/b><span>: Que lo que se diga arriba se entienda y se refleje abajo.<\/span><\/li>\n<li style=\"font-weight: 400;\" aria-level=\"1\"><b>Pr\u00e1cticas coherentes<\/b><span>: Desde el reclutamiento hasta los reconocimientos, todo debe reforzar la cultura deseada.<\/span><\/li>\n<li style=\"font-weight: 400;\" aria-level=\"1\"><b>Liderazgo activo<\/b><span>: Los l\u00edderes deben encarnar la cultura, no solo predicarla.<\/span><\/li>\n<li style=\"font-weight: 400;\" aria-level=\"1\"><b>Participaci\u00f3n real<\/b><span>: Involucrar a los equipos en el dise\u00f1o y evoluci\u00f3n cultural genera mayor apropiaci\u00f3n.<\/span><\/li>\n<li style=\"font-weight: 400;\" aria-level=\"1\"><b>Evaluaci\u00f3n continua<\/b><span>: Medir para ajustar, no para controlar. La cultura tambi\u00e9n se mejora.<\/span><\/li>\n<\/ul>\n<p><span>El \u00e1rea de recursos humanos tiene aqu\u00ed un rol protag\u00f3nico. Pero esto no se trata solo de ellos. Es tarea de toda la organizaci\u00f3n construir una cultura que no solo se vea bien desde afuera, sino que tambi\u00e9n se sienta bien desde adentro.<\/span><\/p>\n<h2><b>\u00bfCu\u00e1l es el rol de los recursos humanos en la gesti\u00f3n de la cultura organizacional?<\/b><\/h2>\n<p><span>En la pr\u00e1ctica, los recursos humanos tienen m\u00e1s que un rol t\u00e9cnico o administrativo. Cuando se habla de cultura organizacional, su responsabilidad se vuelve estrat\u00e9gica. No es exagerado decir que RRHH puede ser el motor o el freno del cambio cultural. Si se gestiona bien, la cultura deja de ser un \u201cdiscurso bonito\u201d y empieza a sentirse en el d\u00eda a d\u00eda.<\/span><\/p>\n<h4><b>\u00bfQu\u00e9 hace RRHH en este \u00e1mbito?<\/b><\/h4>\n<ul>\n<li style=\"font-weight: 400;\" aria-level=\"1\"><b>Dise\u00f1ar y empujar estrategias<\/b><span>: Desde definir valores hasta crear espacios que los encarnen, RRHH tiene la tarea de que la cultura no quede en PowerPoint.<\/span><\/li>\n<li style=\"font-weight: 400;\" aria-level=\"1\"><b>Acompa\u00f1ar el <\/b><a href=\"https:\/\/runahr.com\/cl\/recursos\/recursos-humanos\/onboarding\/\"><b>onboarding<\/b><\/a><span>: La primera experiencia marca. Integrar personas a la cultura desde el primer d\u00eda es clave.<\/span><\/li>\n<li style=\"font-weight: 400;\" aria-level=\"1\"><b>Capacitar l\u00edderes<\/b><span>: Un <\/span><a href=\"https:\/\/runahr.com\/cl\/recursos\/recursos-humanos\/jefe\/\"><span>jefe<\/span><\/a><span> que no encarna la cultura genera ruido. RRHH debe ayudarlos a liderar desde el ejemplo.<\/span><\/li>\n<li style=\"font-weight: 400;\" aria-level=\"1\"><b>Gestionar la comunicaci\u00f3n interna<\/b><span>: No se trata solo de informar, sino de reforzar mensajes que mantengan viva la cultura.<\/span><\/li>\n<li style=\"font-weight: 400;\" aria-level=\"1\"><b>Armar sistemas de reconocimiento<\/b><span>: Recompensar actitudes alineadas con la cultura refuerza lo que se quiere construir.<\/span><\/li>\n<li style=\"font-weight: 400;\" aria-level=\"1\"><b>Medir lo invisible<\/b><span>: Aunque parezca intangible, la cultura se puede evaluar. RRHH debe hacerlo.<\/span><\/li>\n<li style=\"font-weight: 400;\" aria-level=\"1\"><b>Mediar tensiones culturales<\/b><span>: Cuando hay choques entre lo que se declara y lo que pasa realmente, RRHH debe actuar.<\/span><\/li>\n<li style=\"font-weight: 400;\" aria-level=\"1\"><b>Alinear cultura y estrategia<\/b><span>: Ninguna transformaci\u00f3n es sostenible si la cultura va por otro carril.<\/span><\/li>\n<\/ul>\n<h4><b>\u00bfQu\u00e9 habilidades necesita RRHH para lograrlo?<\/b><\/h4>\n<ul>\n<li style=\"font-weight: 400;\" aria-level=\"1\"><b>Liderazgo y manejo del cambio<\/b><span>: No basta con conocer la cultura; hay que saber moverla.<\/span><\/li>\n<li style=\"font-weight: 400;\" aria-level=\"1\"><b>Comunicaci\u00f3n clara y cre\u00edble<\/b><span>: Para inspirar y conectar.<\/span><\/li>\n<li style=\"font-weight: 400;\" aria-level=\"1\"><b>Lectura organizacional<\/b><span>: Comprender comportamientos y din\u00e1micas internas.<\/span><\/li>\n<li style=\"font-weight: 400;\" aria-level=\"1\"><b>An\u00e1lisis de datos culturales<\/b><span>: Conectar percepciones con resultados.<\/span><\/li>\n<li style=\"font-weight: 400;\" aria-level=\"1\"><b>Empat\u00eda activa<\/b><span>: Escuchar y entender desde lo humano.<\/span><\/li>\n<\/ul>\n<p><span>En resumen, si la cultura organizacional est\u00e1 viva, es porque hay un equipo de RRHH que la cultiva a diario.<\/span><\/p>\n<h2><b>\u00bfC\u00f3mo se gestiona la cultura en una empresa con teletrabajo?<\/b><\/h2>\n<p><span>El <\/span><a href=\"https:\/\/runahr.com\/cl\/recursos\/beneficios\/trabajo-remoto\/\"><span>trabajo remoto<\/span><\/a><span> lleg\u00f3 para quedarse (o al menos, para convivir con nosotros) y con \u00e9l aparecieron nuevas preguntas sobre c\u00f3mo mantener vivas las din\u00e1micas culturales cuando ya no se comparte oficina, cafetera ni sobremesa.<\/span><\/p>\n<p><span>En este contexto, la cultura organizacional no desaparece. Pero s\u00ed cambia la forma en que se transmite, se refuerza y se siente. El rol de la comunicaci\u00f3n pasa a primer plano. Si no se gestionan bien los espacios de interacci\u00f3n, la desconexi\u00f3n cultural se hace inevitable.<\/span><\/p>\n<h4><b>\u00bfC\u00f3mo mantener el esp\u00edritu organizacional a distancia?<\/b><\/h4>\n<ul>\n<li style=\"font-weight: 400;\" aria-level=\"1\"><b>Cuidar los canales y los ritmos<\/b><span>: No todo es Zoom. La combinaci\u00f3n entre reuniones formales, espacios informales (como caf\u00e9s virtuales) y canales as\u00edncronos (como Slack o Teams) es lo que sostiene la cultura en remoto.<\/span><\/li>\n<li style=\"font-weight: 400;\" aria-level=\"1\"><b>Reforzar la pertenencia<\/b><span>: Desde enviar kits de bienvenida hasta celebrar cumplea\u00f1os online. Son gestos que construyen comunidad.<\/span><\/li>\n<li style=\"font-weight: 400;\" aria-level=\"1\"><b>Transparencia desde arriba<\/b><span>: En tiempos de distancia, lo que diga (o calle) la direcci\u00f3n pesa m\u00e1s que nunca.<\/span><\/li>\n<li style=\"font-weight: 400;\" aria-level=\"1\"><b>Formaci\u00f3n continua<\/b><span>: Acceso a capacitaciones digitales, charlas internas y espacios de aprendizaje compartido mantienen viva la cultura y motivan.<\/span><\/li>\n<\/ul>\n<h4><b>Clave: Crear rituales virtuales<\/b><\/h4>\n<p><span>La cultura necesita rituales, incluso a trav\u00e9s de una pantalla. Reuniones mensuales, reconocimientos por canales internos, encuentros tem\u00e1ticos... todo suma para que la experiencia laboral no se vuelva fr\u00eda ni despersonalizada.<\/span><\/p>\n<p><span>En definitiva, con teletrabajo no se gestiona menos cultura; se gestiona distinto. Y requiere creatividad, consistencia y mucha intenci\u00f3n.<\/span><\/p>\n<h2><b>\u00bfCu\u00e1les son los desaf\u00edos de la gesti\u00f3n de la cultura organizacional en Chile?<\/b><\/h2>\n<p><span>Gestionar la cultura organizacional en empresas chilenas no es terreno plano. Hay obst\u00e1culos que son parte del contexto local, del estilo de liderazgo, de las generaciones que conviven y de c\u00f3mo operan las organizaciones en el pa\u00eds.<\/span><\/p>\n<h4><b>Los m\u00e1s frecuentes<\/b><\/h4>\n<ul>\n<li style=\"font-weight: 400;\" aria-level=\"1\"><b>Resistencia al cambio<\/b><span>: Ya sea por costumbre o por miedo, muchas veces se prefiere mantener lo conocido aunque no funcione bien. Esto pasa tanto en mandos medios como en trabajadores de larga data.<\/span><\/li>\n<li style=\"font-weight: 400;\" aria-level=\"1\"><a href=\"https:\/\/runahr.com\/cl\/recursos\/recursos-humanos\/falta\/\"><b>Falta<\/b><\/a><b> de bajada transversal<\/b><span>: La cultura suele quedarse en el discurso de gerencia. Si no llega al equipo operativo, se transforma en letra muerta.<\/span><\/li>\n<li style=\"font-weight: 400;\" aria-level=\"1\"><b>Poco presupuesto para \u201clo blando\u201d<\/b><span>: A veces no hay recursos asignados a iniciativas culturales, porque se priorizan resultados de corto plazo. Pero hay formas creativas de hacer cultura con bajo costo.<\/span><\/li>\n<li style=\"font-weight: 400;\" aria-level=\"1\"><b>Dificultades para medir impacto<\/b><span>: La conexi\u00f3n entre cultura y resultados no siempre es evidente. Pero es real. Evaluaciones de clima, tasas de rotaci\u00f3n o productividad son buenos puntos de partida.<\/span><\/li>\n<li style=\"font-weight: 400;\" aria-level=\"1\"><b>Tensi\u00f3n generacional<\/b><span>: Conviven distintas formas de ver el trabajo. Lo que motiva a un profesional de 50 puede no conectar con alguien de 25. La cultura debe encontrar puntos de encuentro.<\/span><\/li>\n<li style=\"font-weight: 400;\" aria-level=\"1\"><b>Diversidad cultural creciente<\/b><span>: En empresas que operan con equipos internacionales o migrantes, se vuelve m\u00e1s desafiante establecer una cultura com\u00fan sin imponer una \u00fanica mirada.<\/span><\/li>\n<\/ul>\n<p><span>Frente a esto, la clave est\u00e1 en tener una cultura organizacional que no sea r\u00edgida ni impuesta, sino viva, adaptable y lo suficientemente flexible como para integrar distintas voces y formas de trabajar.<\/span><\/p>\n<p><span>En la gesti\u00f3n organizacional en Chile, la cultura ya no es un \u201cplus\u201d. Es una palanca real para la sostenibilidad del negocio y la retenci\u00f3n del talento. Lo que se vive puertas adentro impacta afuera: en la marca empleadora, en la relaci\u00f3n con clientes y hasta en la innovaci\u00f3n.<\/span><\/p>\n<p><span>La conversaci\u00f3n sobre cultura no puede quedar solo en la alta direcci\u00f3n ni limitarse a lo simb\u00f3lico. Es una tarea de todos, liderada con intenci\u00f3n, visi\u00f3n y consistencia.<\/span><\/p>\n<p><a href=\"https:\/\/recursos.runahr.com\/cl-kit-bienestar-laboral\"><img decoding=\"async\" class=\"alignnone size-full wp-image-1098218\" src=\"https:\/\/runahr.com\/wp-content\/uploads\/2026\/01\/CCL028.webp\" alt=\"Descargar KIT de bienestar laboral\" width=\"2128\" height=\"840\" srcset=\"https:\/\/runahr.com\/wp-content\/uploads\/2026\/01\/CCL028.webp 2128w, https:\/\/runahr.com\/wp-content\/uploads\/2026\/01\/CCL028-300x118.webp 300w, https:\/\/runahr.com\/wp-content\/uploads\/2026\/01\/CCL028-1024x404.webp 1024w, https:\/\/runahr.com\/wp-content\/uploads\/2026\/01\/CCL028-768x303.webp 768w, https:\/\/runahr.com\/wp-content\/uploads\/2026\/01\/CCL028-1536x606.webp 1536w, https:\/\/runahr.com\/wp-content\/uploads\/2026\/01\/CCL028-2048x808.webp 2048w\" sizes=\"(max-width: 2128px) 100vw, 2128px\" \/><\/a><\/p>\n\t\t<h2 class=\"runa-faq-title\">Preguntas frecuentes<\/h2>\n\n\t\t<div class=\"runa-faq-accordion\">\n\t\t\t\t\t\t<details class=\"runa-faq-item\">\n\t\t\t\t<summary>\n\t\t\t\t\t<span>\u00bfQui\u00e9n define y fiscaliza las reglas laborales que impactan la cultura?<\/span>\n\t\t\t\t\t<i class=\"fas fa-chevron-down\" aria-hidden=\"true\"><\/i>\n\t\t\t\t<\/summary>\n\t\t\t\t<div class=\"runa-faq-content\">\n\t\t\t\t\t<p><span style=\"font-weight: 400\">En Chile, muchas pr\u00e1cticas internas se alinean con los criterios de la <\/span><a href=\"https:\/\/runahr.com\/cl\/recursos\/salario\/direccion-del-trabajo\/\"><span style=\"font-weight: 400\">Direcci\u00f3n del Trabajo<\/span><\/a><span style=\"font-weight: 400\"> y con lo establecido en el <\/span><a href=\"https:\/\/runahr.com\/cl\/recursos\/salario\/codigo-de-trabajo\/\"><span style=\"font-weight: 400\">C\u00f3digo del Trabajo<\/span><\/a><span style=\"font-weight: 400\">. Usar estas referencias evita arbitrariedades y ordena la toma de decisiones.<\/span><\/p>\n\t\t\t\t<\/div>\n\t\t\t<\/details>\n\t\t\t\t\t\t<details class=\"runa-faq-item\">\n\t\t\t\t<summary>\n\t\t\t\t\t<span>\u00bfQu\u00e9 rol tiene el Estado para orientar lineamientos culturales?<\/span>\n\t\t\t\t\t<i class=\"fas fa-chevron-down\" aria-hidden=\"true\"><\/i>\n\t\t\t\t<\/summary>\n\t\t\t\t<div class=\"runa-faq-content\">\n\t\t\t\t\t<p><span style=\"font-weight: 400\">El <\/span><a href=\"https:\/\/runahr.com\/cl\/recursos\/salario\/ministerio-de-trabajo-y-prevision-social\/\"><span style=\"font-weight: 400\">Ministerio del Trabajo y Previsi\u00f3n Social<\/span><\/a><span style=\"font-weight: 400\"> entrega pol\u00edticas y gu\u00edas que influyen en relaciones laborales y pr\u00e1cticas internas. En materias de prestaciones y licencias, la <\/span><a href=\"https:\/\/runahr.com\/cl\/recursos\/salario\/superintendencia-de-seguridad-social\/\"><span style=\"font-weight: 400\">Superintendencia de Seguridad Social (SUSESO)<\/span><\/a><span style=\"font-weight: 400\"> emite instrucciones y resuelve controversias.<\/span><\/p>\n\t\t\t\t<\/div>\n\t\t\t<\/details>\n\t\t\t\t\t\t<details class=\"runa-faq-item\">\n\t\t\t\t<summary>\n\t\t\t\t\t<span>\u00bfD\u00f3nde gestionar tr\u00e1mites y consultas previsionales asociadas a personas?<\/span>\n\t\t\t\t\t<i class=\"fas fa-chevron-down\" aria-hidden=\"true\"><\/i>\n\t\t\t\t<\/summary>\n\t\t\t\t<div class=\"runa-faq-content\">\n\t\t\t\t\t<p><span style=\"font-weight: 400\">Para el sistema p\u00fablico, el <\/span><a href=\"https:\/\/runahr.com\/cl\/recursos\/recursos-humanos\/instituto-de-prevision-social\/\"><span style=\"font-weight: 400\">Instituto de Previsi\u00f3n Social (IPS)<\/span><\/a><span style=\"font-weight: 400\"> y <\/span><a href=\"https:\/\/runahr.com\/cl\/recursos\/salario\/ips-en-linea\/\"><span style=\"font-weight: 400\">IPS en l\u00ednea<\/span><\/a><span style=\"font-weight: 400\"> facilitan certificados, consultas y seguimiento de casos. Mantener documentaci\u00f3n clara agiliza procesos entre \u00e1reas.<\/span><\/p>\n\t\t\t\t<\/div>\n\t\t\t<\/details>\n\t\t\t\t\t\t<details class=\"runa-faq-item\">\n\t\t\t\t<summary>\n\t\t\t\t\t<span>\u00bfQu\u00e9 antecedentes tributarios conviene tener al d\u00eda en procesos internos?<\/span>\n\t\t\t\t\t<i class=\"fas fa-chevron-down\" aria-hidden=\"true\"><\/i>\n\t\t\t\t<\/summary>\n\t\t\t\t<div class=\"runa-faq-content\">\n\t\t\t\t\t<p><span style=\"font-weight: 400\">Actualizar el <\/span><a href=\"https:\/\/runahr.com\/cl\/recursos\/salario\/rut\/\"><span style=\"font-weight: 400\">Rol \u00danico Tributario (RUT)<\/span><\/a><span style=\"font-weight: 400\"> y considerar criterios del <\/span><a href=\"https:\/\/runahr.com\/cl\/recursos\/salario\/servicios-de-impuestos-internos\/\"><span style=\"font-weight: 400\">Servicio de Impuestos Internos (SII)<\/span><\/a><span style=\"font-weight: 400\"> ayuda a ordenar pagos, reportes y auditor\u00edas. Esto reduce fricciones administrativas y tiempos muertos.<\/span><\/p>\n\t\t\t\t<\/div>\n\t\t\t<\/details>\n\t\t\t\t\t\t<details class=\"runa-faq-item\">\n\t\t\t\t<summary>\n\t\t\t\t\t<span>\u00bfC\u00f3mo se reflejan cambios culturales en contratos y horarios?<\/span>\n\t\t\t\t\t<i class=\"fas fa-chevron-down\" aria-hidden=\"true\"><\/i>\n\t\t\t\t<\/summary>\n\t\t\t\t<div class=\"runa-faq-content\">\n\t\t\t\t\t<p><span style=\"font-weight: 400\">A la hora de ajustar pr\u00e1cticas, revisar el <\/span><a href=\"https:\/\/runahr.com\/cl\/recursos\/recursos-humanos\/contrato-de-trabajo\/\"><span style=\"font-weight: 400\">contrato de trabajo<\/span><\/a><span style=\"font-weight: 400\"> y la <\/span><a href=\"https:\/\/runahr.com\/cl\/recursos\/recursos-humanos\/jornada-laboral\/\"><span style=\"font-weight: 400\">jornada laboral<\/span><\/a><span style=\"font-weight: 400\"> permite asegurar coherencia entre lo declarado y lo que se vive en el d\u00eda a d\u00eda.<\/span><\/p>\n\t\t\t\t<\/div>\n\t\t\t<\/details>\n\t\t\t\t\t\t<details class=\"runa-faq-item\">\n\t\t\t\t<summary>\n\t\t\t\t\t<span>\u00bfQu\u00e9 impacto tienen las actualizaciones internas en pagos y registros?<\/span>\n\t\t\t\t\t<i class=\"fas fa-chevron-down\" aria-hidden=\"true\"><\/i>\n\t\t\t\t<\/summary>\n\t\t\t\t<div class=\"runa-faq-content\">\n\t\t\t\t\t<p><span style=\"font-weight: 400\">Los cambios deber\u00edan verse reflejados en la <\/span><a href=\"https:\/\/runahr.com\/cl\/recursos\/salario\/nomina\/\"><span style=\"font-weight: 400\">n\u00f3mina<\/span><\/a><span style=\"font-weight: 400\"> y en el <\/span><a href=\"https:\/\/runahr.com\/cl\/recursos\/salario\/salario\/\"><span style=\"font-weight: 400\">salario<\/span><\/a><span style=\"font-weight: 400\">, seg\u00fan corresponda. Anticipar estos efectos facilita la coordinaci\u00f3n entre finanzas y personas.<\/span><\/p>\n\t\t\t\t<\/div>\n\t\t\t<\/details>\n\t\t\t\t\t\t<details class=\"runa-faq-item\">\n\t\t\t\t<summary>\n\t\t\t\t\t<span>\u00bfC\u00f3mo cuidar la salud y el bienestar en la estrategia cultural?<\/span>\n\t\t\t\t\t<i class=\"fas fa-chevron-down\" aria-hidden=\"true\"><\/i>\n\t\t\t\t<\/summary>\n\t\t\t\t<div class=\"runa-faq-content\">\n\t\t\t\t\t<p><span style=\"font-weight: 400\">Una cultura sana integra apoyo en <\/span><a href=\"https:\/\/runahr.com\/cl\/recursos\/recursos-humanos\/salud-mental\/\"><span style=\"font-weight: 400\">salud mental<\/span><\/a><span style=\"font-weight: 400\">, acceso a la <\/span><a href=\"https:\/\/runahr.com\/cl\/recursos\/salario\/isapre\/\"><span style=\"font-weight: 400\">Instituci\u00f3n de Salud Previsional (Isapre)<\/span><\/a><span style=\"font-weight: 400\"> cuando aplica y beneficios de descanso como <\/span><a href=\"https:\/\/runahr.com\/cl\/recursos\/beneficios\/vacaciones\/\"><span style=\"font-weight: 400\">vacaciones<\/span><\/a><span style=\"font-weight: 400\">. Esto sostiene el compromiso y reduce la rotaci\u00f3n.<\/span><\/p>\n\t\t\t\t<\/div>\n\t\t\t<\/details>\n\t\t\t\t\t<\/div>\n\n\t\t<script>\n\t\t(function() {\n\t\t\tdocument.addEventListener('DOMContentLoaded', function() {\n\t\t\t\tvar items = document.querySelectorAll('.runa-faq-accordion details');\n\t\t\t\titems.forEach(function(target) {\n\t\t\t\t\ttarget.addEventListener('toggle', function() {\n\t\t\t\t\t\tif (target.open) {\n\t\t\t\t\t\t\titems.forEach(function(other) {\n\t\t\t\t\t\t\t\tif (other !== target && other.open) other.open = false;\n\t\t\t\t\t\t\t});\n\t\t\t\t\t\t}\n\t\t\t\t\t});\n\t\t\t\t});\n\t\t\t});\n\t\t})();\n\t\t<\/script>\n\t\t\n","protected":false},"excerpt":{"rendered":"<p>Hoy m\u00e1s que nunca, tener una cultura organizacional clara y bien cuidada puede marcar la diferencia entre avanzar o quedarse pegado. En un entorno como el chileno, donde las reglas del juego cambian r\u00e1pido y la competencia por el talento es dura, lo que pasa al interior de la empresa importa (y mucho). No se [&hellip;]<\/p>\n","protected":false},"author":100,"featured_media":1095201,"comment_status":"open","ping_status":"open","sticky":false,"template":"","format":"standard","meta":{"_acf_changed":false,"_wp_applaud_exclude":false,"footnotes":""},"categories":[1606,1587],"tags":[1596,1783],"class_list":["post-959758","post","type-post","status-publish","format-standard","has-post-thumbnail","hentry","category-recursos","category-recursos-humanos","tag-articulo-cl","tag-recursos-humanos-4"],"acf":[],"yoast_head":"<!-- This site is optimized with the Yoast SEO Premium plugin v26.1 (Yoast SEO v27.4) - https:\/\/yoast.com\/product\/yoast-seo-premium-wordpress\/ -->\n<title>Cultura organizacional: \u00bfCu\u00e1l es su funci\u00f3n? \u00bfC\u00f3mo se desarrolla? | CL | Runa HR<\/title>\n<meta name=\"description\" content=\"Una cultura organizacional clara fortalece el compromiso, alinea equipos y potencia la estrategia en contextos empresariales cambiantes.\" \/>\n<meta name=\"robots\" content=\"index, follow, max-snippet:-1, max-image-preview:large, max-video-preview:-1\" \/>\n<link rel=\"canonical\" href=\"https:\/\/runahr.com\/cl\/recursos\/recursos-humanos\/cultura-organizacional\/\" \/>\n<meta property=\"og:locale\" content=\"es_ES\" \/>\n<meta property=\"og:type\" content=\"article\" \/>\n<meta property=\"og:title\" content=\"Cultura organizacional: \u00bfCu\u00e1l es su funci\u00f3n? \u00bfC\u00f3mo se desarrolla? | CL | Runa HR\" \/>\n<meta property=\"og:description\" content=\"Una cultura organizacional clara fortalece el compromiso, alinea equipos y potencia la estrategia en contextos empresariales cambiantes.\" \/>\n<meta property=\"og:url\" content=\"https:\/\/runahr.com\/cl\/recursos\/recursos-humanos\/cultura-organizacional\/\" \/>\n<meta property=\"og:site_name\" content=\"Runa HR\" \/>\n<meta property=\"article:publisher\" content=\"https:\/\/www.facebook.com\/runahr\/\" \/>\n<meta property=\"article:published_time\" content=\"2025-07-16T19:17:11+00:00\" \/>\n<meta property=\"article:modified_time\" content=\"2026-04-23T17:29:37+00:00\" \/>\n<meta property=\"og:image\" content=\"https:\/\/runahr.com\/wp-content\/uploads\/2025\/07\/cultura-organizacional.webp\" \/>\n\t<meta property=\"og:image:width\" content=\"2048\" \/>\n\t<meta property=\"og:image:height\" content=\"827\" \/>\n\t<meta property=\"og:image:type\" content=\"image\/webp\" \/>\n<meta name=\"author\" content=\"Edgar Padilla\" \/>\n<meta name=\"twitter:card\" content=\"summary_large_image\" \/>\n<meta name=\"twitter:creator\" content=\"@runahr\" \/>\n<meta name=\"twitter:site\" content=\"@runahr\" \/>\n<meta name=\"twitter:label1\" content=\"Escrito por\" \/>\n\t<meta name=\"twitter:data1\" content=\"Edgar Padilla\" \/>\n\t<meta name=\"twitter:label2\" content=\"Tiempo estimado de lectura\" \/>\n\t<meta name=\"twitter:data2\" content=\"12 minutos\" \/>\n<!-- \/ Yoast SEO Premium plugin. -->","yoast_head_json":{"title":"Cultura organizacional: \u00bfCu\u00e1l es su funci\u00f3n? \u00bfC\u00f3mo se desarrolla? | CL | Runa HR","description":"Una cultura organizacional clara fortalece el compromiso, alinea equipos y potencia la estrategia en contextos empresariales cambiantes.","robots":{"index":"index","follow":"follow","max-snippet":"max-snippet:-1","max-image-preview":"max-image-preview:large","max-video-preview":"max-video-preview:-1"},"canonical":"https:\/\/runahr.com\/cl\/recursos\/recursos-humanos\/cultura-organizacional\/","og_locale":"es_ES","og_type":"article","og_title":"Cultura organizacional: \u00bfCu\u00e1l es su funci\u00f3n? \u00bfC\u00f3mo se desarrolla? | CL | Runa HR","og_description":"Una cultura organizacional clara fortalece el compromiso, alinea equipos y potencia la estrategia en contextos empresariales cambiantes.","og_url":"https:\/\/runahr.com\/cl\/recursos\/recursos-humanos\/cultura-organizacional\/","og_site_name":"Runa HR","article_publisher":"https:\/\/www.facebook.com\/runahr\/","article_published_time":"2025-07-16T19:17:11+00:00","article_modified_time":"2026-04-23T17:29:37+00:00","og_image":[{"width":2048,"height":827,"url":"https:\/\/runahr.com\/wp-content\/uploads\/2025\/07\/cultura-organizacional.webp","type":"image\/webp"}],"author":"Edgar Padilla","twitter_card":"summary_large_image","twitter_creator":"@runahr","twitter_site":"@runahr","twitter_misc":{"Escrito por":"Edgar Padilla","Tiempo estimado de lectura":"12 minutos"},"schema":{"@context":"https:\/\/schema.org","@graph":[{"@type":"Article","@id":"https:\/\/runahr.com\/cl\/recursos\/recursos-humanos\/cultura-organizacional\/#article","isPartOf":{"@id":"https:\/\/runahr.com\/cl\/recursos\/recursos-humanos\/cultura-organizacional\/"},"author":{"name":"Edgar Padilla","@id":"https:\/\/runahr.com\/cl\/#\/schema\/person\/3739dc18365f82019e4c8b5a13aad319"},"headline":"Cultura organizacional: \u00bfCu\u00e1l es su funci\u00f3n? \u00bfC\u00f3mo se desarrolla?","datePublished":"2025-07-16T19:17:11+00:00","dateModified":"2026-04-23T17:29:37+00:00","mainEntityOfPage":{"@id":"https:\/\/runahr.com\/cl\/recursos\/recursos-humanos\/cultura-organizacional\/"},"wordCount":2475,"commentCount":0,"publisher":{"@id":"https:\/\/runahr.com\/cl\/#organization"},"image":{"@id":"https:\/\/runahr.com\/cl\/recursos\/recursos-humanos\/cultura-organizacional\/#primaryimage"},"thumbnailUrl":"https:\/\/runahr.com\/wp-content\/uploads\/2025\/07\/cultura-organizacional.webp","keywords":["Art\u00edculo","Recursos humanos"],"articleSection":["Recursos","Recursos humanos"],"inLanguage":"es-CL","potentialAction":[{"@type":"CommentAction","name":"Comment","target":["https:\/\/runahr.com\/cl\/recursos\/recursos-humanos\/cultura-organizacional\/#respond"]}]},{"@type":"WebPage","@id":"https:\/\/runahr.com\/cl\/recursos\/recursos-humanos\/cultura-organizacional\/","url":"https:\/\/runahr.com\/cl\/recursos\/recursos-humanos\/cultura-organizacional\/","name":"Cultura organizacional: \u00bfCu\u00e1l es su funci\u00f3n? \u00bfC\u00f3mo se desarrolla? | CL | Runa HR","isPartOf":{"@id":"https:\/\/runahr.com\/cl\/#website"},"primaryImageOfPage":{"@id":"https:\/\/runahr.com\/cl\/recursos\/recursos-humanos\/cultura-organizacional\/#primaryimage"},"image":{"@id":"https:\/\/runahr.com\/cl\/recursos\/recursos-humanos\/cultura-organizacional\/#primaryimage"},"thumbnailUrl":"https:\/\/runahr.com\/wp-content\/uploads\/2025\/07\/cultura-organizacional.webp","datePublished":"2025-07-16T19:17:11+00:00","dateModified":"2026-04-23T17:29:37+00:00","description":"Una cultura organizacional clara fortalece el compromiso, alinea equipos y potencia la estrategia en contextos empresariales cambiantes.","breadcrumb":{"@id":"https:\/\/runahr.com\/cl\/recursos\/recursos-humanos\/cultura-organizacional\/#breadcrumb"},"inLanguage":"es-CL","potentialAction":[{"@type":"ReadAction","target":["https:\/\/runahr.com\/cl\/recursos\/recursos-humanos\/cultura-organizacional\/"]}]},{"@type":"ImageObject","inLanguage":"es-CL","@id":"https:\/\/runahr.com\/cl\/recursos\/recursos-humanos\/cultura-organizacional\/#primaryimage","url":"https:\/\/runahr.com\/wp-content\/uploads\/2025\/07\/cultura-organizacional.webp","contentUrl":"https:\/\/runahr.com\/wp-content\/uploads\/2025\/07\/cultura-organizacional.webp","width":2048,"height":827,"caption":"cultura organizacional"},{"@type":"BreadcrumbList","@id":"https:\/\/runahr.com\/cl\/recursos\/recursos-humanos\/cultura-organizacional\/#breadcrumb","itemListElement":[{"@type":"ListItem","position":1,"name":"Home","item":"https:\/\/runahr.com\/cl\/"},{"@type":"ListItem","position":2,"name":"Recursos","item":"https:\/\/runahr.com\/cl\/category\/recursos\/"},{"@type":"ListItem","position":3,"name":"Recursos humanos","item":"https:\/\/runahr.com\/cl\/category\/recursos\/recursos-humanos\/"},{"@type":"ListItem","position":4,"name":"Cultura organizacional: \u00bfCu\u00e1l es su funci\u00f3n? \u00bfC\u00f3mo se desarrolla?"}]},{"@type":"WebSite","@id":"https:\/\/runahr.com\/cl\/#website","url":"https:\/\/runahr.com\/cl\/","name":"Runa HR","description":"Software de N\u00f3mina y Gesti\u00f3n de RRHH","publisher":{"@id":"https:\/\/runahr.com\/cl\/#organization"},"potentialAction":[{"@type":"SearchAction","target":{"@type":"EntryPoint","urlTemplate":"https:\/\/runahr.com\/cl\/?s={search_term_string}"},"query-input":{"@type":"PropertyValueSpecification","valueRequired":true,"valueName":"search_term_string"}}],"inLanguage":"es-CL"},{"@type":"Organization","@id":"https:\/\/runahr.com\/cl\/#organization","name":"Runa HR","url":"https:\/\/runahr.com\/cl\/","logo":{"@type":"ImageObject","inLanguage":"es-CL","@id":"https:\/\/runahr.com\/cl\/#\/schema\/logo\/image\/","url":"https:\/\/runahr.com\/wp-content\/uploads\/2018\/05\/xDzHFcQY_400x400.jpg","contentUrl":"https:\/\/runahr.com\/wp-content\/uploads\/2018\/05\/xDzHFcQY_400x400.jpg","width":400,"height":400,"caption":"Runa HR"},"image":{"@id":"https:\/\/runahr.com\/cl\/#\/schema\/logo\/image\/"},"sameAs":["https:\/\/www.facebook.com\/runahr\/","https:\/\/x.com\/runahr","https:\/\/www.instagram.com\/runahr\/","https:\/\/mx.linkedin.com\/company\/runahr","https:\/\/www.youtube.com\/channel\/UCAZ21FupFMLIb1c7PPaU6Ew"]},{"@type":"Person","@id":"https:\/\/runahr.com\/cl\/#\/schema\/person\/3739dc18365f82019e4c8b5a13aad319","name":"Edgar Padilla","image":{"@type":"ImageObject","inLanguage":"es-CL","@id":"https:\/\/secure.gravatar.com\/avatar\/8e8620f0f4a0cdfb4cecfa7df33d7ed05425d393e77f8cf0fc159df2427558f6?s=96&d=mm&r=g","url":"https:\/\/secure.gravatar.com\/avatar\/8e8620f0f4a0cdfb4cecfa7df33d7ed05425d393e77f8cf0fc159df2427558f6?s=96&d=mm&r=g","contentUrl":"https:\/\/secure.gravatar.com\/avatar\/8e8620f0f4a0cdfb4cecfa7df33d7ed05425d393e77f8cf0fc159df2427558f6?s=96&d=mm&r=g","caption":"Edgar Padilla"},"url":"https:\/\/runahr.com\/cl\/author\/edgar_padilla\/"}]}},"_links":{"self":[{"href":"https:\/\/runahr.com\/cl\/wp-json\/wp\/v2\/posts\/959758","targetHints":{"allow":["GET"]}}],"collection":[{"href":"https:\/\/runahr.com\/cl\/wp-json\/wp\/v2\/posts"}],"about":[{"href":"https:\/\/runahr.com\/cl\/wp-json\/wp\/v2\/types\/post"}],"author":[{"embeddable":true,"href":"https:\/\/runahr.com\/cl\/wp-json\/wp\/v2\/users\/100"}],"replies":[{"embeddable":true,"href":"https:\/\/runahr.com\/cl\/wp-json\/wp\/v2\/comments?post=959758"}],"version-history":[{"count":2,"href":"https:\/\/runahr.com\/cl\/wp-json\/wp\/v2\/posts\/959758\/revisions"}],"predecessor-version":[{"id":1114060,"href":"https:\/\/runahr.com\/cl\/wp-json\/wp\/v2\/posts\/959758\/revisions\/1114060"}],"wp:featuredmedia":[{"embeddable":true,"href":"https:\/\/runahr.com\/cl\/wp-json\/wp\/v2\/media\/1095201"}],"wp:attachment":[{"href":"https:\/\/runahr.com\/cl\/wp-json\/wp\/v2\/media?parent=959758"}],"wp:term":[{"taxonomy":"category","embeddable":true,"href":"https:\/\/runahr.com\/cl\/wp-json\/wp\/v2\/categories?post=959758"},{"taxonomy":"post_tag","embeddable":true,"href":"https:\/\/runahr.com\/cl\/wp-json\/wp\/v2\/tags?post=959758"}],"curies":[{"name":"wp","href":"https:\/\/api.w.org\/{rel}","templated":true}]}}