{"id":1004961,"date":"2025-07-24T05:55:26","date_gmt":"2025-07-24T11:55:26","guid":{"rendered":"https:\/\/runahr.com\/diversidad\/"},"modified":"2026-07-24T21:59:44","modified_gmt":"2026-07-25T03:59:44","slug":"diversidad","status":"publish","type":"post","link":"https:\/\/runahr.com\/ec\/recursos\/recursos-humanos\/diversidad\/","title":{"rendered":"Diversidad: \u00bfQu\u00e9 es? \u00bfCu\u00e1les son sus beneficios?"},"content":{"rendered":"<p><span>La diversidad laboral se refiere a la presencia de personas con diferentes trayectorias, g\u00e9neros, edades, culturas, capacidades y perspectivas dentro de una organizaci\u00f3n. En Ecuador, donde la Constituci\u00f3n reconoce al Estado como plurinacional e intercultural, gestionar esa diversidad con pol\u00edticas de inclusi\u00f3n no es solo una buena pr\u00e1ctica: es una obligaci\u00f3n que atraviesa el C\u00f3digo del Trabajo y la cultura organizacional. En este art\u00edculo se explica qu\u00e9 es la diversidad en el contexto laboral, qu\u00e9 diferencia hay con la inclusi\u00f3n, cu\u00e1les son sus beneficios para la empresa y qu\u00e9 puede hacer Recursos Humanos para impulsarla.<\/span><\/p>\n<h2><span>\u00bfQu\u00e9 es la diversidad en el contexto laboral?<\/span><\/h2>\n<p><span>La diversidad en el entorno laboral abarca todas las diferencias que coexisten dentro de una organizaci\u00f3n: g\u00e9nero, edad, origen \u00e9tnico, religi\u00f3n, orientaci\u00f3n sexual, idioma, capacidades f\u00edsicas o cognitivas, formaci\u00f3n profesional y trayectoria de vida. No se trata solo de lo visible. Incluye tambi\u00e9n las diferentes formas de pensar, de resolver problemas y de aportar a un equipo.<\/span><\/p>\n<p><span>En Ecuador, esa diversidad tiene un peso hist\u00f3rico y legal. La Constituci\u00f3n de la Rep\u00fablica, en sus art\u00edculos 1 y 11, reconoce al Estado como plurinacional e intercultural y proh\u00edbe toda forma de<\/span><a href=\"https:\/\/runahr.com\/ec\/recursos\/recursos-humanos\/discriminacion\/\"> <span>discriminaci\u00f3n<\/span><\/a><span>. En el pa\u00eds conviven pueblos y nacionalidades con trayectorias distintas (ind\u00edgenas, afroecuatorianos, montubios, mestizos), cada cual con sus formas propias de organizarse y de contribuir. Para las empresas, esa realidad no es abstracta: se refleja en los equipos, en los clientes y en las comunidades donde operan.<\/span><\/p>\n<p><span>Desde la perspectiva de<\/span><a href=\"https:\/\/runahr.com\/ec\/recursos\/recursos-humanos\/recursos-humanos\/\"> <span>Recursos Humanos<\/span><\/a><span>, gestionar la diversidad implica reconocer que esas diferencias existen, que enriquecen la capacidad de la organizaci\u00f3n y que requieren pol\u00edticas activas para que se traduzcan en resultados. La diversidad no gestionada puede generar fricciones; la diversidad gestionada con intenci\u00f3n se convierte en una ventaja operativa.<\/span><\/p>\n<p><a href=\"https:\/\/recursos.runahr.com\/ec-guia-aprendizaje-desarrollo-equipos\"><img fetchpriority=\"high\" decoding=\"async\" class=\"alignnone size-large wp-image-1097679\" src=\"https:\/\/runahr.com\/wp-content\/uploads\/2026\/01\/CEC008-1024x405.webp\" alt=\"Descargar gu\u00eda de aprendizaje y desarrollo para equipos\" width=\"800\" height=\"316\" srcset=\"https:\/\/runahr.com\/wp-content\/uploads\/2026\/01\/CEC008-1024x405.webp 1024w, https:\/\/runahr.com\/wp-content\/uploads\/2026\/01\/CEC008-300x119.webp 300w, https:\/\/runahr.com\/wp-content\/uploads\/2026\/01\/CEC008-768x304.webp 768w, https:\/\/runahr.com\/wp-content\/uploads\/2026\/01\/CEC008-1536x607.webp 1536w, https:\/\/runahr.com\/wp-content\/uploads\/2026\/01\/CEC008-2048x809.webp 2048w\" sizes=\"(max-width: 800px) 100vw, 800px\" \/><\/a><\/p>\n<h2><span>\u00bfEn qu\u00e9 se diferencian diversidad e inclusi\u00f3n?<\/span><\/h2>\n<p><span>La diversidad es un hecho: las personas son diferentes. La<\/span><a href=\"https:\/\/runahr.com\/ec\/recursos\/recursos-humanos\/inclusion\/\"> <span>inclusi\u00f3n<\/span><\/a><span> es una decisi\u00f3n: define si esas diferencias se respetan y se valoran, o si se marginan.<\/span><\/p>\n<p><span>Una<\/span><a href=\"https:\/\/runahr.com\/ec\/recursos\/salario\/empresa\/\"> <span>empresa<\/span><\/a><span> puede tener personas de distintos or\u00edgenes, g\u00e9neros o edades. Pero si esas personas no se sienten escuchadas, si no participan en las decisiones ni tienen las mismas oportunidades de crecer, entonces hay diversidad sin inclusi\u00f3n. Y eso no es suficiente.<\/span><\/p>\n<p><span>Promover la inclusi\u00f3n requiere acciones concretas: ajustar procesos de selecci\u00f3n y promoci\u00f3n, cuestionar sesgos, formar a quienes lideran equipos y asegurar entornos donde todos puedan participar en condiciones de igualdad. Solo as\u00ed la interculturalidad deja de ser un concepto en un documento y empieza a notarse en lo que ocurre cada d\u00eda dentro de la organizaci\u00f3n.<\/span><\/p>\n<p><span>Para RRHH, la distinci\u00f3n es operativa: la diversidad se mide (composici\u00f3n del equipo, perfiles, representaci\u00f3n); la inclusi\u00f3n se gestiona (pol\u00edticas, procesos, cultura,<\/span><a href=\"https:\/\/runahr.com\/ec\/salario\/liderazgo\/\"> <span>liderazgo<\/span><\/a><span>). Ambas son necesarias, pero la segunda es la que determina si la primera produce resultados.<\/span><\/p>\n<h2><span>\u00bfCu\u00e1les son los beneficios de la diversidad en las empresas?<\/span><\/h2>\n<p><span>Las organizaciones que trabajan la diversidad e inclusi\u00f3n de forma estructurada obtienen resultados concretos:<\/span><\/p>\n<p><b>Innovaci\u00f3n:<\/b><span> La variedad de trayectorias, perspectivas y estilos de pensamiento genera ideas que un equipo homog\u00e9neo dif\u00edcilmente produce. En contextos cambiantes como el ecuatoriano, esa capacidad de mirar un problema desde m\u00faltiples \u00e1ngulos es una ventaja operativa.<\/span><\/p>\n<p><b>Decisiones m\u00e1s completas:<\/b><span> Los equipos diversos consideran m\u00e1s variables y anticipan m\u00e1s riesgos, lo que reduce puntos ciegos en la planificaci\u00f3n y la ejecuci\u00f3n.<\/span><\/p>\n<p><b>Conexi\u00f3n con el mercado:<\/b><span> Si el equipo refleja la diversidad de la sociedad ecuatoriana, entiende mejor las necesidades de clientes, proveedores y comunidades.<\/span><\/p>\n<p><a href=\"https:\/\/runahr.com\/ec\/recursos\/recursos-humanos\/clima-laboral\/\"><b>Clima laboral<\/b><\/a><b> m\u00e1s s\u00f3lido:<\/b><span> Cuando las personas se sienten valoradas por lo que aportan desde su diferencia, el compromiso sube y el estr\u00e9s baja. Eso se traduce en menor rotaci\u00f3n y mayor<\/span><a href=\"https:\/\/runahr.com\/ec\/recursos\/recursos-humanos\/productividad\/\"> <span>productividad<\/span><\/a><span>.<\/span><\/p>\n<p><b>Reputaci\u00f3n corporativa:<\/b><span> Las empresas que gestionan la diversidad con seriedad se perciben como responsables y modernas, lo que fortalece su posici\u00f3n frente a clientes, inversores y talento.<\/span><\/p>\n<p><b>Cumplimiento legal:<\/b><span> El<\/span><a href=\"https:\/\/runahr.com\/ec\/recursos\/recursos-humanos\/codigo-del-trabajo\/\"> <span>C\u00f3digo del Trabajo<\/span><\/a><span> y la normativa vigente establecen obligaciones espec\u00edficas, como destinar al menos un 4 % de la plantilla a personas con discapacidad en empresas con 25 o m\u00e1s trabajadores. Gestionar la diversidad de forma proactiva reduce el riesgo de sanciones y demandas por discriminaci\u00f3n.<\/span><\/p>\n<p><span>Para que estos beneficios se materialicen, la diversidad debe ir acompa\u00f1ada de inclusi\u00f3n: pol\u00edticas claras, ambientes seguros, liderazgo emp\u00e1tico y procesos que reconozcan lo que cada persona aporta.<\/span><\/p>\n<p><a href=\"https:\/\/recursos.runahr.com\/ec-guia-trabajo-equipo-empresas\"><img decoding=\"async\" class=\"alignnone size-large wp-image-1097751\" src=\"https:\/\/runahr.com\/wp-content\/uploads\/2026\/01\/CEC015-1024x405.webp\" alt=\"Descargar gu\u00eda de trabajo en equipo para empresas\" width=\"800\" height=\"316\" srcset=\"https:\/\/runahr.com\/wp-content\/uploads\/2026\/01\/CEC015-1024x405.webp 1024w, https:\/\/runahr.com\/wp-content\/uploads\/2026\/01\/CEC015-300x119.webp 300w, https:\/\/runahr.com\/wp-content\/uploads\/2026\/01\/CEC015-768x304.webp 768w, https:\/\/runahr.com\/wp-content\/uploads\/2026\/01\/CEC015-1536x607.webp 1536w, https:\/\/runahr.com\/wp-content\/uploads\/2026\/01\/CEC015-2048x809.webp 2048w\" sizes=\"(max-width: 800px) 100vw, 800px\" \/><\/a><\/p>\n<h2><span>\u00bfQu\u00e9 rol cumple Recursos Humanos frente a la diversidad e inclusi\u00f3n?<\/span><\/h2>\n<p><span>Desde la<\/span><a href=\"https:\/\/runahr.com\/ec\/recursos\/recursos-humanos\/gestion\/\"> <span>gesti\u00f3n<\/span><\/a><span> del talento, hay un espacio real para convertir la diversidad en resultados. A Recursos Humanos le corresponde traducir los principios de inclusi\u00f3n en decisiones que marquen el d\u00eda a d\u00eda de la empresa.<\/span><\/p>\n<p><b>Dise\u00f1ar pol\u00edticas inclusivas:<\/b><span> Que garanticen trato justo, oportunidades reales y un entorno sin discriminaci\u00f3n. Estas pol\u00edticas deben constar por escrito, comunicarse a todo el equipo y revisarse peri\u00f3dicamente.<\/span><\/p>\n<p><b>Reclutar sin sesgos:<\/b><span> Evaluar competencias y resultados, no estereotipos. Promover procesos de selecci\u00f3n m\u00e1s objetivos, con criterios estandarizados y paneles de entrevista diversos.<\/span><\/p>\n<p><b>Capacitar de forma continua:<\/b><span> Talleres sobre sesgos inconscientes,<\/span><a href=\"https:\/\/runahr.com\/ec\/recursos\/recursos-humanos\/comunicacion\/\"> <span>comunicaci\u00f3n<\/span><\/a><span> inclusiva y liderazgo emp\u00e1tico. Cuando los l\u00edderes y los equipos reciben esta formaci\u00f3n, las decisiones se vuelven m\u00e1s justas y la convivencia mejora.<\/span><\/p>\n<p><b>Crear espacios seguros:<\/b><span> Canales internos donde los colaboradores puedan reportar situaciones de exclusi\u00f3n o discriminaci\u00f3n sin temor a represalias. RRHH debe actuar ante cualquier se\u00f1al de trato desigual.<\/span><\/p>\n<p><b>Monitorear y ajustar:<\/b><span> Medir avances con indicadores concretos (composici\u00f3n del equipo, brechas salariales, rotaci\u00f3n por grupos, resultados de clima laboral), detectar puntos ciegos y corregir con agilidad.<\/span><\/p>\n<p><span>El rol de RRHH no es solo operativo. Es estrat\u00e9gico cuando se trata de construir culturas organizacionales m\u00e1s justas, productivas y sostenibles.<\/span><\/p>\n<h2><span>La diversidad como componente de la gesti\u00f3n empresarial<\/span><\/h2>\n<p><span>En un pa\u00eds como Ecuador, gestionar la diversidad no es un tema de imagen corporativa. Es una condici\u00f3n para innovar, atraer talento, conectar con el mercado y cumplir con el marco legal.<\/span><\/p>\n<p><span>Para CEOs y l\u00edderes de Recursos Humanos, la clave est\u00e1 en pasar de la intenci\u00f3n a la acci\u00f3n: pol\u00edticas claras, procesos medibles, liderazgo capacitado y una cultura donde las diferencias no solo se toleren sino que se aprovechen. Las empresas que toman en serio la diversidad e inclusi\u00f3n construyen equipos m\u00e1s completos, climas m\u00e1s sanos y organizaciones m\u00e1s preparadas para crecer en el din\u00e1mico entorno empresarial ecuatoriano.<\/span><\/p>\n<p><a href=\"https:\/\/recursos.runahr.com\/ec-guia-principales-metricas-rrhh\"><img decoding=\"async\" class=\"alignnone size-large wp-image-1097655\" src=\"https:\/\/runahr.com\/wp-content\/uploads\/2026\/01\/CEC012-1024x405.webp\" alt=\"Descargar gu\u00eda de principales m\u00e9tricas de RRHH\" width=\"800\" height=\"316\" srcset=\"https:\/\/runahr.com\/wp-content\/uploads\/2026\/01\/CEC012-1024x405.webp 1024w, https:\/\/runahr.com\/wp-content\/uploads\/2026\/01\/CEC012-300x119.webp 300w, https:\/\/runahr.com\/wp-content\/uploads\/2026\/01\/CEC012-768x304.webp 768w, https:\/\/runahr.com\/wp-content\/uploads\/2026\/01\/CEC012-1536x607.webp 1536w, https:\/\/runahr.com\/wp-content\/uploads\/2026\/01\/CEC012-2048x809.webp 2048w\" sizes=\"(max-width: 800px) 100vw, 800px\" \/><\/a><\/p>\n\t\t\t\t<h2 class=\"runa-faq-title\">Preguntas frecuentes<\/h2>\n\t\t\n\t\t<div class=\"runa-faq-accordion\">\n\t\t\t\t\t\t<details class=\"runa-faq-item\">\n\t\t\t\t<summary>\n\t\t\t\t\t<span>\u00bfC\u00f3mo se relaciona la diversidad laboral con el C\u00f3digo de Trabajo?<\/span>\n\t\t\t\t\t<i class=\"fas fa-chevron-down\" aria-hidden=\"true\"><\/i>\n\t\t\t\t<\/summary>\n\t\t\t\t<div class=\"runa-faq-content\">\n\t\t\t\t\t<p><span style=\"font-weight: 400\">El <\/span><a href=\"https:\/\/runahr.com\/ec\/recursos\/recursos-humanos\/codigo-del-trabajo\/\"><span style=\"font-weight: 400\">C\u00f3digo de Trabajo<\/span><\/a><span style=\"font-weight: 400\"> sirve como base para que las empresas ecuatorianas gestionen relaciones laborales justas, tambi\u00e9n cuando se habla de diversidad e inclusi\u00f3n. No basta con contratar perfiles distintos. RRHH debe asegurarse de que las pol\u00edticas internas, los procesos de selecci\u00f3n, los ascensos y el trato diario respeten derechos, eviten discriminaci\u00f3n y mantengan reglas claras para todos los colaboradores.<\/span><\/p>\n\t\t\t\t<\/div>\n\t\t\t<\/details>\n\t\t\t\t\t\t<details class=\"runa-faq-item\">\n\t\t\t\t<summary>\n\t\t\t\t\t<span>\u00bfPor qu\u00e9 la capacitaci\u00f3n es clave para promover diversidad en las empresas?<\/span>\n\t\t\t\t\t<i class=\"fas fa-chevron-down\" aria-hidden=\"true\"><\/i>\n\t\t\t\t<\/summary>\n\t\t\t\t<div class=\"runa-faq-content\">\n\t\t\t\t\t<p><span style=\"font-weight: 400\">La <\/span><a href=\"https:\/\/runahr.com\/ec\/recursos\/recursos-humanos\/capacitacion\/\"><span style=\"font-weight: 400\">capacitaci\u00f3n<\/span><\/a><span style=\"font-weight: 400\"> ayuda a que la diversidad no se quede solo en un discurso bonito. Cuando l\u00edderes y equipos reciben formaci\u00f3n sobre sesgos inconscientes, comunicaci\u00f3n inclusiva y trato respetuoso, la convivencia mejora y las decisiones se vuelven m\u00e1s justas. En empresas ecuatorianas, esto puede marcar una gran diferencia, sobre todo en equipos donde conviven generaciones, culturas y formas distintas de trabajar.<\/span><\/p>\n\t\t\t\t<\/div>\n\t\t\t<\/details>\n\t\t\t\t\t\t<details class=\"runa-faq-item\">\n\t\t\t\t<summary>\n\t\t\t\t\t<span>\u00bfQu\u00e9 papel cumple la cultura organizacional en la diversidad?<\/span>\n\t\t\t\t\t<i class=\"fas fa-chevron-down\" aria-hidden=\"true\"><\/i>\n\t\t\t\t<\/summary>\n\t\t\t\t<div class=\"runa-faq-content\">\n\t\t\t\t\t<p><span style=\"font-weight: 400\">La <\/span><a href=\"https:\/\/runahr.com\/ec\/recursos\/recursos-humanos\/cultura-organizacional\/\"><span style=\"font-weight: 400\">cultura organizacional<\/span><\/a><span style=\"font-weight: 400\"> define si la diversidad realmente se vive o solo aparece en documentos internos. Una empresa puede tener personas de distintos or\u00edgenes, edades o realidades, pero si no existe apertura para escuchar, participar y crecer en igualdad de condiciones, la inclusi\u00f3n se queda corta. Desde RRHH, trabajar la cultura es clave para que cada colaborador sienta que tiene un lugar real dentro de la organizaci\u00f3n.<\/span><\/p>\n\t\t\t\t<\/div>\n\t\t\t<\/details>\n\t\t\t\t\t\t<details class=\"runa-faq-item\">\n\t\t\t\t<summary>\n\t\t\t\t\t<span>\u00bfC\u00f3mo puede la n\u00f3mina apoyar una gesti\u00f3n m\u00e1s inclusiva?<\/span>\n\t\t\t\t\t<i class=\"fas fa-chevron-down\" aria-hidden=\"true\"><\/i>\n\t\t\t\t<\/summary>\n\t\t\t\t<div class=\"runa-faq-content\">\n\t\t\t\t\t<p><span style=\"font-weight: 400\">La <\/span><a href=\"https:\/\/runahr.com\/ec\/recursos\/salario\/nomina\/\"><span style=\"font-weight: 400\">n\u00f3mina<\/span><\/a><span style=\"font-weight: 400\"> tambi\u00e9n puede reflejar si una empresa est\u00e1 gestionando la diversidad con seriedad. Revisar brechas salariales, diferencias injustificadas entre cargos similares y pagos asociados a responsabilidades reales ayuda a prevenir desigualdades internas. Para RRHH, este an\u00e1lisis permite tomar decisiones m\u00e1s transparentes y sostener una pol\u00edtica de equidad que no dependa solo de buenas intenciones.<\/span><\/p>\n\t\t\t\t<\/div>\n\t\t\t<\/details>\n\t\t\t\t\t\t<details class=\"runa-faq-item\">\n\t\t\t\t<summary>\n\t\t\t\t\t<span>\u00bfCu\u00e1ndo puede intervenir el Ministerio de Trabajo en temas de diversidad laboral?<\/span>\n\t\t\t\t\t<i class=\"fas fa-chevron-down\" aria-hidden=\"true\"><\/i>\n\t\t\t\t<\/summary>\n\t\t\t\t<div class=\"runa-faq-content\">\n\t\t\t\t\t<p><span style=\"font-weight: 400\">El <\/span><a href=\"https:\/\/runahr.com\/ec\/recursos\/beneficios\/ministerio-de-trabajo\/\"><span style=\"font-weight: 400\">Ministerio de Trabajo<\/span><\/a><span style=\"font-weight: 400\"> puede intervenir cuando existen denuncias o indicios de discriminaci\u00f3n, incumplimientos laborales o trato desigual dentro de una empresa. Por eso, las organizaciones deben contar con pol\u00edticas claras, canales internos de escucha y evidencias de sus procesos. Una gesti\u00f3n inclusiva bien documentada no solo protege a los colaboradores, tambi\u00e9n reduce riesgos legales y reputacionales para la empresa.<\/span><\/p>\n\t\t\t\t<\/div>\n\t\t\t<\/details>\n\t\t\t\t\t\t<details class=\"runa-faq-item\">\n\t\t\t\t<summary>\n\t\t\t\t\t<span>\u00bfQu\u00e9 relaci\u00f3n tiene el Ministerio de Salud con la diversidad e inclusi\u00f3n?<\/span>\n\t\t\t\t\t<i class=\"fas fa-chevron-down\" aria-hidden=\"true\"><\/i>\n\t\t\t\t<\/summary>\n\t\t\t\t<div class=\"runa-faq-content\">\n\t\t\t\t\t<p><span style=\"font-weight: 400\">El <\/span><a href=\"https:\/\/runahr.com\/ec\/recursos\/salario\/ministerio-de-salud\/\"><span style=\"font-weight: 400\">Ministerio de Salud<\/span><\/a><span style=\"font-weight: 400\"> puede tener relaci\u00f3n con la diversidad cuando se abordan temas de bienestar, salud mental, discapacidad, condiciones m\u00e9dicas o entornos laborales seguros. En la pr\u00e1ctica, RRHH debe mirar la inclusi\u00f3n tambi\u00e9n desde el cuidado integral de las personas, no solo desde la contrataci\u00f3n. Adaptar espacios, respetar condiciones de salud y prevenir riesgos psicosociales ayuda a construir ambientes m\u00e1s humanos y sostenibles.<\/span><\/p>\n\t\t\t\t<\/div>\n\t\t\t<\/details>\n\t\t\t\t\t\t<details class=\"runa-faq-item\">\n\t\t\t\t<summary>\n\t\t\t\t\t<span>\u00bfC\u00f3mo puede ayudar la firma electr\u00f3nica Ecuador en pol\u00edticas de inclusi\u00f3n?<\/span>\n\t\t\t\t\t<i class=\"fas fa-chevron-down\" aria-hidden=\"true\"><\/i>\n\t\t\t\t<\/summary>\n\t\t\t\t<div class=\"runa-faq-content\">\n\t\t\t\t\t<p><span style=\"font-weight: 400\">La <\/span><a href=\"https:\/\/runahr.com\/ec\/recursos\/salario\/firma-electronica-ecuador\/\"><span style=\"font-weight: 400\">firma electr\u00f3nica Ecuador<\/span><\/a><span style=\"font-weight: 400\"> puede facilitar la gesti\u00f3n de pol\u00edticas internas, compromisos de inclusi\u00f3n, actas de capacitaci\u00f3n y documentos de consentimiento dentro de la empresa. En equipos h\u00edbridos o con sedes en distintas ciudades, esta herramienta permite respaldar procesos sin depender tanto del papel. Bien usada, ayuda a que RRHH mantenga orden, trazabilidad y formalidad en sus iniciativas de diversidad.<\/span><\/p>\n\t\t\t\t<\/div>\n\t\t\t<\/details>\n\t\t\t\t\t<\/div>\n\n\t\t<script type=\"application\/ld+json\">{\"@context\":\"https:\\\/\\\/schema.org\",\"@type\":\"FAQPage\",\"mainEntity\":[{\"@type\":\"Question\",\"name\":\"\u00bfC\u00f3mo se relaciona la diversidad laboral con el C\u00f3digo de Trabajo?\",\"acceptedAnswer\":{\"@type\":\"Answer\",\"text\":\"\\u003Cp\\u003E\\u003Cspan style=\\\"font-weight: 400\\\"\\u003EEl \\u003C\\\/span\\u003E\\u003Ca href=\\\"https:\\\/\\\/runahr.com\\\/ec\\\/recursos\\\/recursos-humanos\\\/codigo-del-trabajo\\\/\\\"\\u003E\\u003Cspan style=\\\"font-weight: 400\\\"\\u003EC\u00f3digo de Trabajo\\u003C\\\/span\\u003E\\u003C\\\/a\\u003E\\u003Cspan style=\\\"font-weight: 400\\\"\\u003E sirve como base para que las empresas ecuatorianas gestionen relaciones laborales justas, tambi\u00e9n cuando se habla de diversidad e inclusi\u00f3n. No basta con contratar perfiles distintos. RRHH debe asegurarse de que las pol\u00edticas internas, los procesos de selecci\u00f3n, los ascensos y el trato diario respeten derechos, eviten discriminaci\u00f3n y mantengan reglas claras para todos los colaboradores.\\u003C\\\/span\\u003E\\u003C\\\/p\\u003E\\n\"}},{\"@type\":\"Question\",\"name\":\"\u00bfPor qu\u00e9 la capacitaci\u00f3n es clave para promover diversidad en las empresas?\",\"acceptedAnswer\":{\"@type\":\"Answer\",\"text\":\"\\u003Cp\\u003E\\u003Cspan style=\\\"font-weight: 400\\\"\\u003ELa \\u003C\\\/span\\u003E\\u003Ca href=\\\"https:\\\/\\\/runahr.com\\\/ec\\\/recursos\\\/recursos-humanos\\\/capacitacion\\\/\\\"\\u003E\\u003Cspan style=\\\"font-weight: 400\\\"\\u003Ecapacitaci\u00f3n\\u003C\\\/span\\u003E\\u003C\\\/a\\u003E\\u003Cspan style=\\\"font-weight: 400\\\"\\u003E ayuda a que la diversidad no se quede solo en un discurso bonito. Cuando l\u00edderes y equipos reciben formaci\u00f3n sobre sesgos inconscientes, comunicaci\u00f3n inclusiva y trato respetuoso, la convivencia mejora y las decisiones se vuelven m\u00e1s justas. En empresas ecuatorianas, esto puede marcar una gran diferencia, sobre todo en equipos donde conviven generaciones, culturas y formas distintas de trabajar.\\u003C\\\/span\\u003E\\u003C\\\/p\\u003E\\n\"}},{\"@type\":\"Question\",\"name\":\"\u00bfQu\u00e9 papel cumple la cultura organizacional en la diversidad?\",\"acceptedAnswer\":{\"@type\":\"Answer\",\"text\":\"\\u003Cp\\u003E\\u003Cspan style=\\\"font-weight: 400\\\"\\u003ELa \\u003C\\\/span\\u003E\\u003Ca href=\\\"https:\\\/\\\/runahr.com\\\/ec\\\/recursos\\\/recursos-humanos\\\/cultura-organizacional\\\/\\\"\\u003E\\u003Cspan style=\\\"font-weight: 400\\\"\\u003Ecultura organizacional\\u003C\\\/span\\u003E\\u003C\\\/a\\u003E\\u003Cspan style=\\\"font-weight: 400\\\"\\u003E define si la diversidad realmente se vive o solo aparece en documentos internos. Una empresa puede tener personas de distintos or\u00edgenes, edades o realidades, pero si no existe apertura para escuchar, participar y crecer en igualdad de condiciones, la inclusi\u00f3n se queda corta. Desde RRHH, trabajar la cultura es clave para que cada colaborador sienta que tiene un lugar real dentro de la organizaci\u00f3n.\\u003C\\\/span\\u003E\\u003C\\\/p\\u003E\\n\"}},{\"@type\":\"Question\",\"name\":\"\u00bfC\u00f3mo puede la n\u00f3mina apoyar una gesti\u00f3n m\u00e1s inclusiva?\",\"acceptedAnswer\":{\"@type\":\"Answer\",\"text\":\"\\u003Cp\\u003E\\u003Cspan style=\\\"font-weight: 400\\\"\\u003ELa \\u003C\\\/span\\u003E\\u003Ca href=\\\"https:\\\/\\\/runahr.com\\\/ec\\\/recursos\\\/salario\\\/nomina\\\/\\\"\\u003E\\u003Cspan style=\\\"font-weight: 400\\\"\\u003En\u00f3mina\\u003C\\\/span\\u003E\\u003C\\\/a\\u003E\\u003Cspan style=\\\"font-weight: 400\\\"\\u003E tambi\u00e9n puede reflejar si una empresa est\u00e1 gestionando la diversidad con seriedad. Revisar brechas salariales, diferencias injustificadas entre cargos similares y pagos asociados a responsabilidades reales ayuda a prevenir desigualdades internas. Para RRHH, este an\u00e1lisis permite tomar decisiones m\u00e1s transparentes y sostener una pol\u00edtica de equidad que no dependa solo de buenas intenciones.\\u003C\\\/span\\u003E\\u003C\\\/p\\u003E\\n\"}},{\"@type\":\"Question\",\"name\":\"\u00bfCu\u00e1ndo puede intervenir el Ministerio de Trabajo en temas de diversidad laboral?\",\"acceptedAnswer\":{\"@type\":\"Answer\",\"text\":\"\\u003Cp\\u003E\\u003Cspan style=\\\"font-weight: 400\\\"\\u003EEl \\u003C\\\/span\\u003E\\u003Ca href=\\\"https:\\\/\\\/runahr.com\\\/ec\\\/recursos\\\/beneficios\\\/ministerio-de-trabajo\\\/\\\"\\u003E\\u003Cspan style=\\\"font-weight: 400\\\"\\u003EMinisterio de Trabajo\\u003C\\\/span\\u003E\\u003C\\\/a\\u003E\\u003Cspan style=\\\"font-weight: 400\\\"\\u003E puede intervenir cuando existen denuncias o indicios de discriminaci\u00f3n, incumplimientos laborales o trato desigual dentro de una empresa. Por eso, las organizaciones deben contar con pol\u00edticas claras, canales internos de escucha y evidencias de sus procesos. Una gesti\u00f3n inclusiva bien documentada no solo protege a los colaboradores, tambi\u00e9n reduce riesgos legales y reputacionales para la empresa.\\u003C\\\/span\\u003E\\u003C\\\/p\\u003E\\n\"}},{\"@type\":\"Question\",\"name\":\"\u00bfQu\u00e9 relaci\u00f3n tiene el Ministerio de Salud con la diversidad e inclusi\u00f3n?\",\"acceptedAnswer\":{\"@type\":\"Answer\",\"text\":\"\\u003Cp\\u003E\\u003Cspan style=\\\"font-weight: 400\\\"\\u003EEl \\u003C\\\/span\\u003E\\u003Ca href=\\\"https:\\\/\\\/runahr.com\\\/ec\\\/recursos\\\/salario\\\/ministerio-de-salud\\\/\\\"\\u003E\\u003Cspan style=\\\"font-weight: 400\\\"\\u003EMinisterio de Salud\\u003C\\\/span\\u003E\\u003C\\\/a\\u003E\\u003Cspan style=\\\"font-weight: 400\\\"\\u003E puede tener relaci\u00f3n con la diversidad cuando se abordan temas de bienestar, salud mental, discapacidad, condiciones m\u00e9dicas o entornos laborales seguros. En la pr\u00e1ctica, RRHH debe mirar la inclusi\u00f3n tambi\u00e9n desde el cuidado integral de las personas, no solo desde la contrataci\u00f3n. Adaptar espacios, respetar condiciones de salud y prevenir riesgos psicosociales ayuda a construir ambientes m\u00e1s humanos y sostenibles.\\u003C\\\/span\\u003E\\u003C\\\/p\\u003E\\n\"}},{\"@type\":\"Question\",\"name\":\"\u00bfC\u00f3mo puede ayudar la firma electr\u00f3nica Ecuador en pol\u00edticas de inclusi\u00f3n?\",\"acceptedAnswer\":{\"@type\":\"Answer\",\"text\":\"\\u003Cp\\u003E\\u003Cspan style=\\\"font-weight: 400\\\"\\u003ELa \\u003C\\\/span\\u003E\\u003Ca href=\\\"https:\\\/\\\/runahr.com\\\/ec\\\/recursos\\\/salario\\\/firma-electronica-ecuador\\\/\\\"\\u003E\\u003Cspan style=\\\"font-weight: 400\\\"\\u003Efirma electr\u00f3nica Ecuador\\u003C\\\/span\\u003E\\u003C\\\/a\\u003E\\u003Cspan style=\\\"font-weight: 400\\\"\\u003E puede facilitar la gesti\u00f3n de pol\u00edticas internas, compromisos de inclusi\u00f3n, actas de capacitaci\u00f3n y documentos de consentimiento dentro de la empresa. En equipos h\u00edbridos o con sedes en distintas ciudades, esta herramienta permite respaldar procesos sin depender tanto del papel. Bien usada, ayuda a que RRHH mantenga orden, trazabilidad y formalidad en sus iniciativas de diversidad.\\u003C\\\/span\\u003E\\u003C\\\/p\\u003E\\n\"}}]}<\/script>\n\n\t\t<script>\n\t\t(function() {\n\t\t\tdocument.addEventListener('DOMContentLoaded', function() {\n\t\t\t\tvar items = document.querySelectorAll('.runa-faq-accordion details');\n\t\t\t\titems.forEach(function(target) {\n\t\t\t\t\ttarget.addEventListener('toggle', function() {\n\t\t\t\t\t\tif (target.open) {\n\t\t\t\t\t\t\titems.forEach(function(other) {\n\t\t\t\t\t\t\t\tif (other !== target && other.open) other.open = false;\n\t\t\t\t\t\t\t});\n\t\t\t\t\t\t}\n\t\t\t\t\t});\n\t\t\t\t});\n\t\t\t});\n\t\t})();\n\t\t<\/script>\n\t\t\n","protected":false},"excerpt":{"rendered":"<p>La diversidad laboral se refiere a la presencia de personas con diferentes trayectorias, g\u00e9neros, edades, culturas, capacidades y perspectivas dentro de una organizaci\u00f3n. En Ecuador, donde la Constituci\u00f3n reconoce al Estado como plurinacional e intercultural, gestionar esa diversidad con pol\u00edticas de inclusi\u00f3n no es solo una buena pr\u00e1ctica: es una obligaci\u00f3n que atraviesa el C\u00f3digo [&hellip;]<\/p>\n","protected":false},"author":97,"featured_media":1004962,"comment_status":"open","ping_status":"open","sticky":false,"template":"","format":"standard","meta":{"_acf_changed":false,"_wp_applaud_exclude":false,"footnotes":""},"categories":[1573],"tags":[1592,1593],"class_list":["post-1004961","post","type-post","status-publish","format-standard","has-post-thumbnail","hentry","category-recursos-humanos","tag-articulo-ec","tag-salario-ec"],"acf":[],"yoast_head":"<!-- This site is optimized with the Yoast SEO Premium plugin v26.1 (Yoast SEO v28.3) - https:\/\/yoast.com\/product\/yoast-seo-premium-wordpress\/ -->\n<title>Diversidad: \u00bfQu\u00e9 es? \u00bfCu\u00e1les son sus beneficios? | EC | Runa HR<\/title>\n<meta name=\"description\" content=\"Descubre qu\u00e9 es la diversidad, su impacto en el entorno laboral y c\u00f3mo promover una cultura inclusiva en Ecuador.\" \/>\n<meta name=\"robots\" content=\"index, follow, max-snippet:-1, max-image-preview:large, max-video-preview:-1\" \/>\n<link rel=\"canonical\" href=\"https:\/\/runahr.com\/ec\/recursos\/recursos-humanos\/diversidad\/\" \/>\n<meta property=\"og:locale\" content=\"es_ES\" \/>\n<meta property=\"og:type\" content=\"article\" \/>\n<meta property=\"og:title\" content=\"Diversidad: \u00bfQu\u00e9 es? \u00bfCu\u00e1les son sus beneficios? | EC | Runa HR\" \/>\n<meta property=\"og:description\" content=\"Descubre qu\u00e9 es la diversidad, su impacto en el entorno laboral y c\u00f3mo promover una cultura inclusiva en Ecuador.\" \/>\n<meta property=\"og:url\" content=\"https:\/\/runahr.com\/ec\/recursos\/recursos-humanos\/diversidad\/\" \/>\n<meta property=\"og:site_name\" content=\"Runa HR\" \/>\n<meta property=\"article:publisher\" content=\"https:\/\/www.facebook.com\/runahr\/\" \/>\n<meta property=\"article:published_time\" content=\"2025-07-24T11:55:26+00:00\" \/>\n<meta property=\"article:modified_time\" content=\"2026-07-25T03:59:44+00:00\" \/>\n<meta property=\"og:image\" content=\"https:\/\/runahr.com\/wp-content\/uploads\/2025\/07\/Diversidad.png\" \/>\n\t<meta property=\"og:image:width\" content=\"2048\" \/>\n\t<meta property=\"og:image:height\" content=\"856\" \/>\n\t<meta property=\"og:image:type\" content=\"image\/png\" \/>\n<meta name=\"author\" content=\"Runa HR\" \/>\n<meta name=\"twitter:card\" content=\"summary_large_image\" \/>\n<meta name=\"twitter:creator\" content=\"@runahr\" \/>\n<meta name=\"twitter:site\" content=\"@runahr\" \/>\n<meta name=\"twitter:label1\" content=\"Escrito por\" \/>\n\t<meta name=\"twitter:data1\" content=\"Dora Castro\" \/>\n\t<meta name=\"twitter:label2\" content=\"Tiempo de lectura\" \/>\n\t<meta name=\"twitter:data2\" content=\"6 minutos\" \/>\n<!-- \/ Yoast SEO Premium plugin. -->","yoast_head_json":{"title":"Diversidad: \u00bfQu\u00e9 es? \u00bfCu\u00e1les son sus beneficios? | EC | Runa HR","description":"Descubre qu\u00e9 es la diversidad, su impacto en el entorno laboral y c\u00f3mo promover una cultura inclusiva en Ecuador.","robots":{"index":"index","follow":"follow","max-snippet":"max-snippet:-1","max-image-preview":"max-image-preview:large","max-video-preview":"max-video-preview:-1"},"canonical":"https:\/\/runahr.com\/ec\/recursos\/recursos-humanos\/diversidad\/","og_locale":"es_ES","og_type":"article","og_title":"Diversidad: \u00bfQu\u00e9 es? \u00bfCu\u00e1les son sus beneficios? | EC | Runa HR","og_description":"Descubre qu\u00e9 es la diversidad, su impacto en el entorno laboral y c\u00f3mo promover una cultura inclusiva en Ecuador.","og_url":"https:\/\/runahr.com\/ec\/recursos\/recursos-humanos\/diversidad\/","og_site_name":"Runa HR","article_publisher":"https:\/\/www.facebook.com\/runahr\/","article_published_time":"2025-07-24T11:55:26+00:00","article_modified_time":"2026-07-25T03:59:44+00:00","og_image":[{"width":2048,"height":856,"url":"https:\/\/runahr.com\/wp-content\/uploads\/2025\/07\/Diversidad.png","type":"image\/png"}],"author":"Runa HR","twitter_card":"summary_large_image","twitter_creator":"@runahr","twitter_site":"@runahr","twitter_misc":{"Escrito por":"Dora Castro","Tiempo de lectura":"6 minutos"},"schema":{"@context":"https:\/\/schema.org","@graph":[{"@type":"Article","@id":"https:\/\/runahr.com\/ec\/recursos\/recursos-humanos\/diversidad\/#article","isPartOf":{"@id":"https:\/\/runahr.com\/ec\/recursos\/recursos-humanos\/diversidad\/"},"author":{"name":"Dora Castro","@id":"https:\/\/runahr.com\/ec\/#\/schema\/person\/0afd2920163e10ebcc7f34f8192ef9a8"},"headline":"Diversidad: \u00bfQu\u00e9 es? \u00bfCu\u00e1les son sus beneficios?","datePublished":"2025-07-24T11:55:26+00:00","dateModified":"2026-07-25T03:59:44+00:00","mainEntityOfPage":{"@id":"https:\/\/runahr.com\/ec\/recursos\/recursos-humanos\/diversidad\/"},"wordCount":1133,"commentCount":0,"publisher":{"@id":"https:\/\/runahr.com\/ec\/#organization"},"image":{"@id":"https:\/\/runahr.com\/ec\/recursos\/recursos-humanos\/diversidad\/#primaryimage"},"thumbnailUrl":"https:\/\/runahr.com\/wp-content\/uploads\/2025\/07\/Diversidad.png","keywords":["Art\u00edculo","Salario"],"articleSection":["Recursos humanos"],"inLanguage":"es","potentialAction":[{"@type":"CommentAction","name":"Comment","target":["https:\/\/runahr.com\/ec\/recursos\/recursos-humanos\/diversidad\/#respond"]}]},{"@type":"WebPage","@id":"https:\/\/runahr.com\/ec\/recursos\/recursos-humanos\/diversidad\/","url":"https:\/\/runahr.com\/ec\/recursos\/recursos-humanos\/diversidad\/","name":"Diversidad: \u00bfQu\u00e9 es? \u00bfCu\u00e1les son sus beneficios? | EC | Runa HR","isPartOf":{"@id":"https:\/\/runahr.com\/ec\/#website"},"primaryImageOfPage":{"@id":"https:\/\/runahr.com\/ec\/recursos\/recursos-humanos\/diversidad\/#primaryimage"},"image":{"@id":"https:\/\/runahr.com\/ec\/recursos\/recursos-humanos\/diversidad\/#primaryimage"},"thumbnailUrl":"https:\/\/runahr.com\/wp-content\/uploads\/2025\/07\/Diversidad.png","datePublished":"2025-07-24T11:55:26+00:00","dateModified":"2026-07-25T03:59:44+00:00","description":"Descubre qu\u00e9 es la diversidad, su impacto en el entorno laboral y c\u00f3mo promover una cultura inclusiva en Ecuador.","breadcrumb":{"@id":"https:\/\/runahr.com\/ec\/recursos\/recursos-humanos\/diversidad\/#breadcrumb"},"inLanguage":"es","potentialAction":[{"@type":"ReadAction","target":["https:\/\/runahr.com\/ec\/recursos\/recursos-humanos\/diversidad\/"]}]},{"@type":"ImageObject","inLanguage":"es","@id":"https:\/\/runahr.com\/ec\/recursos\/recursos-humanos\/diversidad\/#primaryimage","url":"https:\/\/runahr.com\/wp-content\/uploads\/2025\/07\/Diversidad.png","contentUrl":"https:\/\/runahr.com\/wp-content\/uploads\/2025\/07\/Diversidad.png","width":2048,"height":856,"caption":"Diversidad"},{"@type":"BreadcrumbList","@id":"https:\/\/runahr.com\/ec\/recursos\/recursos-humanos\/diversidad\/#breadcrumb","itemListElement":[{"@type":"ListItem","position":1,"name":"Home","item":"https:\/\/runahr.com\/ec\/"},{"@type":"ListItem","position":2,"name":"Recursos","item":"https:\/\/runahr.com\/ec\/category\/recursos\/"},{"@type":"ListItem","position":3,"name":"Recursos humanos","item":"https:\/\/runahr.com\/ec\/category\/recursos\/recursos-humanos\/"},{"@type":"ListItem","position":4,"name":"Diversidad: \u00bfQu\u00e9 es? \u00bfCu\u00e1les son sus beneficios?"}]},{"@type":"WebSite","@id":"https:\/\/runahr.com\/ec\/#website","url":"https:\/\/runahr.com\/ec\/","name":"Runa HR","description":"Software de N\u00f3mina y Gesti\u00f3n de RRHH","publisher":{"@id":"https:\/\/runahr.com\/ec\/#organization"},"potentialAction":[{"@type":"SearchAction","target":{"@type":"EntryPoint","urlTemplate":"https:\/\/runahr.com\/ec\/?s={search_term_string}"},"query-input":{"@type":"PropertyValueSpecification","valueRequired":true,"valueName":"search_term_string"}}],"inLanguage":"es"},{"@type":"Organization","@id":"https:\/\/runahr.com\/ec\/#organization","name":"Runa HR","url":"https:\/\/runahr.com\/ec\/","logo":{"@type":"ImageObject","inLanguage":"es","@id":"https:\/\/runahr.com\/ec\/#\/schema\/logo\/image\/","url":"https:\/\/runahr.com\/wp-content\/uploads\/2018\/05\/xDzHFcQY_400x400.jpg","contentUrl":"https:\/\/runahr.com\/wp-content\/uploads\/2018\/05\/xDzHFcQY_400x400.jpg","width":400,"height":400,"caption":"Runa HR"},"image":{"@id":"https:\/\/runahr.com\/ec\/#\/schema\/logo\/image\/"},"sameAs":["https:\/\/www.facebook.com\/runahr\/","https:\/\/x.com\/runahr","https:\/\/www.instagram.com\/runahr\/","https:\/\/mx.linkedin.com\/company\/runahr","https:\/\/www.youtube.com\/channel\/UCAZ21FupFMLIb1c7PPaU6Ew"]},{"@type":"Person","@id":"https:\/\/runahr.com\/ec\/#\/schema\/person\/0afd2920163e10ebcc7f34f8192ef9a8","name":"Dora Castro","image":{"@type":"ImageObject","inLanguage":"es","@id":"https:\/\/secure.gravatar.com\/avatar\/36f1f364d0d697444743f8bf137e2d7ab5ff025fb70c423e7b01941f764c925f?s=96&d=mm&r=g","url":"https:\/\/secure.gravatar.com\/avatar\/36f1f364d0d697444743f8bf137e2d7ab5ff025fb70c423e7b01941f764c925f?s=96&d=mm&r=g","contentUrl":"https:\/\/secure.gravatar.com\/avatar\/36f1f364d0d697444743f8bf137e2d7ab5ff025fb70c423e7b01941f764c925f?s=96&d=mm&r=g","caption":"Dora Castro"},"url":"https:\/\/runahr.com\/ec\/author\/dora_castro\/"}]}},"_links":{"self":[{"href":"https:\/\/runahr.com\/ec\/wp-json\/wp\/v2\/posts\/1004961","targetHints":{"allow":["GET"]}}],"collection":[{"href":"https:\/\/runahr.com\/ec\/wp-json\/wp\/v2\/posts"}],"about":[{"href":"https:\/\/runahr.com\/ec\/wp-json\/wp\/v2\/types\/post"}],"author":[{"embeddable":true,"href":"https:\/\/runahr.com\/ec\/wp-json\/wp\/v2\/users\/97"}],"replies":[{"embeddable":true,"href":"https:\/\/runahr.com\/ec\/wp-json\/wp\/v2\/comments?post=1004961"}],"version-history":[{"count":3,"href":"https:\/\/runahr.com\/ec\/wp-json\/wp\/v2\/posts\/1004961\/revisions"}],"predecessor-version":[{"id":1192973,"href":"https:\/\/runahr.com\/ec\/wp-json\/wp\/v2\/posts\/1004961\/revisions\/1192973"}],"wp:featuredmedia":[{"embeddable":true,"href":"https:\/\/runahr.com\/ec\/wp-json\/wp\/v2\/media\/1004962"}],"wp:attachment":[{"href":"https:\/\/runahr.com\/ec\/wp-json\/wp\/v2\/media?parent=1004961"}],"wp:term":[{"taxonomy":"category","embeddable":true,"href":"https:\/\/runahr.com\/ec\/wp-json\/wp\/v2\/categories?post=1004961"},{"taxonomy":"post_tag","embeddable":true,"href":"https:\/\/runahr.com\/ec\/wp-json\/wp\/v2\/tags?post=1004961"}],"curies":[{"name":"wp","href":"https:\/\/api.w.org\/{rel}","templated":true}]}}