{"id":1005016,"date":"2025-07-24T05:55:25","date_gmt":"2025-07-24T11:55:25","guid":{"rendered":"https:\/\/runahr.com\/capacitacion\/"},"modified":"2026-02-23T10:28:56","modified_gmt":"2026-02-23T16:28:56","slug":"capacitacion","status":"publish","type":"post","link":"https:\/\/runahr.com\/ec\/recursos\/recursos-humanos\/capacitacion\/","title":{"rendered":"Capacitaci\u00f3n: \u00bfQu\u00e9 es? \u00bfCu\u00e1l es el objetivo?"},"content":{"rendered":"<p><span>Las cosas cambian r\u00e1pido. Y en medio de tanto movimiento, hay algo que empieza a marcar la diferencia: qu\u00e9 tanto se prepara una empresa desde adentro. Las que invierten en formar a su gente, no solo se adelantan\u2026 sobreviven mejor. Porque hoy no alcanza con saber. Hay que saber adaptarse. La capacitaci\u00f3n laboral, aunque no siempre se vea, se vuelve una de esas jugadas silenciosas que terminan pesando en los resultados.<\/span><\/p>\n<p><span>En Ecuador, este enfoque ha ganado fuerza. Cada vez m\u00e1s compa\u00f1\u00edas entienden que no basta con contratar talento: hay que desarrollarlo. Y aunque muchas ya est\u00e1n trabajando en eso, a\u00fan queda camino por recorrer. No todas cuentan con un plan de capacitaci\u00f3n bien definido, ni tienen claro por d\u00f3nde empezar.<\/span><\/p>\n<p><span>Desde formaci\u00f3n t\u00e9cnica hasta el desarrollo de habilidades blandas, las opciones son amplias. Algunas empresas prefieren capacitar directamente en el puesto de trabajo. Otras organizan talleres sobre normativa, liderazgo, trabajo en equipo. En este art\u00edculo, desglosamos lo esencial sobre c\u00f3mo funciona la capacitaci\u00f3n en Ecuador, por qu\u00e9 es clave y c\u00f3mo aplicarla con impacto real.<\/span><\/p>\n<h2><span>\u00bfQu\u00e9 es la capacitaci\u00f3n del personal en Ecuador?<\/span><\/h2>\n<p><span>La capacitaci\u00f3n del personal no es solo una actividad m\u00e1s en la agenda de RRHH. Es una estrategia que, bien ejecutada, mejora el rendimiento del equipo y permite que cada persona aporte m\u00e1s desde su rol. Se trata de fortalecer habilidades, adaptar conocimientos y dar herramientas reales para enfrentar los cambios que impone el mercado.<\/span><\/p>\n<p><span>En Ecuador, la formaci\u00f3n laboral ya no se ve como un \u201cextra\u201d, sino como una necesidad. La legislaci\u00f3n respalda ese enfoque: la Constituci\u00f3n habla del derecho a la formaci\u00f3n continua, y normas como la LOSEP exigen que las entidades p\u00fablicas financien el aprendizaje de su gente. En el sector privado, el panorama es m\u00e1s flexible, pero igual de necesario. Cada empresa puede armar su plan de capacitaci\u00f3n seg\u00fan lo que necesita, siempre que respete lo que exige el Ministerio de Trabajo.<\/span><\/p>\n<p><span>Ahora bien, conviene aclarar conceptos. La capacitaci\u00f3n est\u00e1 enfocada en habilidades espec\u00edficas, de aplicaci\u00f3n inmediata. El adiestramiento, por su parte, apunta a tareas m\u00e1s operativas. Y el desarrollo profesional ya tiene una mirada a largo plazo, pensando en la carrera del colaborador. Los tres pueden coexistir, pero es clave no confundirlos.<\/span><\/p>\n<p><a href=\"https:\/\/recursos.runahr.com\/guia-de-aprendizaje-y-desarrollo\"><img fetchpriority=\"high\" decoding=\"async\" class=\"alignnone size-large wp-image-1097679\" src=\"https:\/\/runahr.com\/wp-content\/uploads\/2026\/01\/CEC008-1024x405.webp\" alt=\"Descargar gu\u00eda de aprendizaje y desarrollo para equipos\" width=\"800\" height=\"316\" srcset=\"https:\/\/runahr.com\/wp-content\/uploads\/2026\/01\/CEC008-1024x405.webp 1024w, https:\/\/runahr.com\/wp-content\/uploads\/2026\/01\/CEC008-300x119.webp 300w, https:\/\/runahr.com\/wp-content\/uploads\/2026\/01\/CEC008-768x304.webp 768w, https:\/\/runahr.com\/wp-content\/uploads\/2026\/01\/CEC008-1536x607.webp 1536w, https:\/\/runahr.com\/wp-content\/uploads\/2026\/01\/CEC008-2048x809.webp 2048w\" sizes=\"(max-width: 800px) 100vw, 800px\" \/><\/a><\/p>\n<h2><span>\u00bfCu\u00e1l es el objetivo de una capacitaci\u00f3n?<\/span><\/h2>\n<p><span>Capacitar no es solo formar, es invertir.\u00a0<\/span><span>Uno de los objetivos centrales es mejorar la productividad. Cuando un colaborador entiende mejor sus funciones y maneja nuevas herramientas, el resultado se nota. Menos errores, m\u00e1s agilidad, m\u00e1s valor aportado. Pero tambi\u00e9n hay un impacto que va m\u00e1s all\u00e1 del trabajo inmediato: la capacitaci\u00f3n permite que el personal crezca, se actualice y vea posibilidades de futuro.<\/span><\/p>\n<p><span>Tambi\u00e9n influye en la permanencia. Cuando una persona siente que la empresa apuesta por su desarrollo, hay m\u00e1s compromiso. Es m\u00e1s probable que se quede, que se involucre y que aporte con otra actitud.<\/span><\/p>\n<h2><span>\u00bfPor qu\u00e9 es importante la capacitaci\u00f3n?<\/span><\/h2>\n<p><span>Hoy todo cambia: la tecnolog\u00eda, los procesos, las demandas del mercado. Ante eso, la capacitaci\u00f3n no es un lujo, es una herramienta para sobrevivir y crecer. Una empresa que no forma a su gente se queda atr\u00e1s, sin importar cu\u00e1n buena sea su estrategia comercial.<\/span><\/p>\n<p><span>Uno de los grandes factores que ha empujado esta necesidad es la transformaci\u00f3n digital. Nuevas plataformas, automatizaci\u00f3n, herramientas online\u2026 todo eso requiere que las personas est\u00e9n al d\u00eda. Y no solo en lo t\u00e9cnico. Tambi\u00e9n en habilidades blandas, idiomas, metodolog\u00edas de trabajo m\u00e1s \u00e1giles. La globalizaci\u00f3n exige un equipo preparado.<\/span><\/p>\n<p><span>Capacitar tambi\u00e9n mejora los productos y servicios. Un equipo bien entrenado comete menos errores, trabaja con m\u00e1s criterio y da respuestas m\u00e1s r\u00e1pidas a los clientes. Y eso se traduce, directamente, en eficiencia operativa. Se gasta menos en corregir y se aprovechan mejor los recursos.<\/span><\/p>\n<p><span>Adem\u00e1s, para los empleados, la capacitaci\u00f3n es una v\u00eda directa al crecimiento. Mejores condiciones, m\u00e1s posibilidades de ascenso, mayor estabilidad. Todo eso aumenta la motivaci\u00f3n. Y cuando alguien se siente motivado, trabaja mejor. As\u00ed de simple.<\/span><\/p>\n<h2><span>\u00bfC\u00f3mo funciona la capacitaci\u00f3n?<\/span><\/h2>\n<p><span>Para que una capacitaci\u00f3n tenga impacto, no basta con dictar un curso y ya. Detr\u00e1s hay un proceso estructurado, con varios pasos que permiten que esa formaci\u00f3n realmente sirva. Todo comienza con una evaluaci\u00f3n. Hay que mirar d\u00f3nde est\u00e1n los vac\u00edos, qu\u00e9 habilidades hacen falta, qu\u00e9 \u00e1reas necesitan reforzarse. Esa etapa \u2014aunque a veces se subestima\u2014 es clave para que el plan de capacitaci\u00f3n no sea gen\u00e9rico ni pierda foco.<\/span><\/p>\n<p><span>Con eso claro, toca armar el programa. En esta parte se decide qu\u00e9 contenido vale la pena incluir, c\u00f3mo se va a transmitir y a qui\u00e9n est\u00e1 dirigido. A veces ser\u00e1 un taller presencial. Otras, una sesi\u00f3n virtual, una mentor\u00eda, un curso corto en l\u00ednea\u2026 incluso puede ser que todo se aprenda en el propio puesto, con alguien guiando. No hay una \u00fanica forma. Lo importante es que funcione para el equipo.<\/span><\/p>\n<p><span>Una vez implementado, viene el seguimiento. Es importante saber si lo que se ense\u00f1\u00f3 se est\u00e1 aplicando. Se pueden usar encuestas, evaluaciones de desempe\u00f1o o incluso conversaciones con los jefes directos. Si algo no est\u00e1 funcionando, se ajusta. Porque capacitar tambi\u00e9n implica medir y mejorar constantemente.<\/span><\/p>\n<h2><span>\u00bfQu\u00e9 se hace en una capacitaci\u00f3n?<\/span><\/h2>\n<p><span>Una capacitaci\u00f3n no deber\u00eda ser solo teor\u00eda. Lo realmente \u00fatil ocurre cuando lo aprendido se pone en pr\u00e1ctica. Por eso, las sesiones m\u00e1s efectivas mezclan informaci\u00f3n con ejercicios reales, simulaciones y din\u00e1micas que ayuden a interiorizar el conocimiento.<\/span><\/p>\n<p><span>Durante una sesi\u00f3n, los participantes reciben contenidos clave. Puede ser a trav\u00e9s de una presentaci\u00f3n, un video, una gu\u00eda o incluso una app. Pero el punto fuerte est\u00e1 en c\u00f3mo aplican eso. Ejercicios pr\u00e1cticos, juegos de rol, estudios de caso\u2026 todo suma para que no se quede solo en la cabeza, sino que se lleve al terreno.<\/span><\/p>\n<p><span>Por ejemplo, un equipo de atenci\u00f3n al cliente puede practicar c\u00f3mo manejar reclamos dif\u00edciles. O un grupo de supervisores puede simular c\u00f3mo dar retroalimentaci\u00f3n efectiva. Esas actividades generan aprendizajes que realmente se quedan.<\/span><\/p>\n<p><span>Y claro, despu\u00e9s de cada capacitaci\u00f3n viene la parte que muchos olvidan: mirar hacia atr\u00e1s. No solo revisar si la gente entendi\u00f3 el contenido, sino c\u00f3mo se sinti\u00f3, qu\u00e9 le qued\u00f3, qu\u00e9 no funcion\u00f3 del todo. Esa retroalimentaci\u00f3n vale oro. Porque es lo que permite ajustar, corregir y mejorar la experiencia la pr\u00f3xima vez. Cuando una formaci\u00f3n realmente sirve, algo cambia. Se nota en lo que pasa despu\u00e9s, en c\u00f3mo la gente trabaja, c\u00f3mo resuelve, c\u00f3mo piensa.<\/span><\/p>\n<p><a href=\"https:\/\/recursos.runahr.com\/kit-de-recursos-humanos\"><img decoding=\"async\" class=\"alignnone size-large wp-image-1097872\" src=\"https:\/\/runahr.com\/wp-content\/uploads\/2026\/01\/CEC039-1024x403.webp\" alt=\"Descargar KIT de recursos humanos\" width=\"800\" height=\"315\" srcset=\"https:\/\/runahr.com\/wp-content\/uploads\/2026\/01\/CEC039-1024x403.webp 1024w, https:\/\/runahr.com\/wp-content\/uploads\/2026\/01\/CEC039-300x118.webp 300w, https:\/\/runahr.com\/wp-content\/uploads\/2026\/01\/CEC039-768x302.webp 768w, https:\/\/runahr.com\/wp-content\/uploads\/2026\/01\/CEC039-1536x605.webp 1536w, https:\/\/runahr.com\/wp-content\/uploads\/2026\/01\/CEC039.webp 1940w\" sizes=\"(max-width: 800px) 100vw, 800px\" \/><\/a><\/p>\n<h2><span>\u00bfCu\u00e1les son los beneficios de la capacitaci\u00f3n para los trabajadores?<\/span><\/h2>\n<p><span>Para el trabajador, capacitarse no es solo mejorar su curr\u00edculum. Es, sobre todo, ganar herramientas que le permiten hacer mejor su trabajo y sentirse m\u00e1s seguro haci\u00e9ndolo. Con eso, aumenta la confianza, la motivaci\u00f3n y, naturalmente, el rendimiento.<\/span><\/p>\n<p><span>Uno de los beneficios m\u00e1s visibles es el crecimiento interno. Cuando una persona aprende algo nuevo, se vuelve m\u00e1s valiosa para la empresa. Eso abre puertas a nuevas responsabilidades, mejores condiciones, y a veces, incluso a una promoci\u00f3n.<\/span><\/p>\n<p><span>Tambi\u00e9n hay un impacto directo en la estabilidad econ\u00f3mica. Un colaborador capacitado tiene m\u00e1s posibilidades de acceder a mejores salarios y beneficios. Y eso no solo mejora su situaci\u00f3n personal, sino la de su entorno familiar.<\/span><\/p>\n<p><span>Adem\u00e1s, la capacitaci\u00f3n incrementa la empleabilidad. Ya sea dentro o fuera de la empresa, una persona que se actualiza tiene m\u00e1s opciones. Por eso, muchas organizaciones ven la capacitaci\u00f3n como una herramienta clave para retener talento y proyectar carreras a largo plazo.<\/span><\/p>\n<h2><span>\u00bfC\u00f3mo se realiza un plan de capacitaci\u00f3n?<\/span><\/h2>\n<p><span>Tener un plan de capacitaci\u00f3n claro marca la diferencia entre improvisar y formar con intenci\u00f3n.<\/span><\/p>\n<ol>\n<li style=\"font-weight: 400;\" aria-level=\"1\"><span>El punto de partida es siempre el diagn\u00f3stico: \u00bfen qu\u00e9 \u00e1reas el equipo necesita reforzarse?, \u00bfqu\u00e9 habilidades est\u00e1n faltando?, \u00bfd\u00f3nde hay brechas?<\/span><\/li>\n<li style=\"font-weight: 400;\" aria-level=\"1\"><span>A partir de ese an\u00e1lisis, se trazan los objetivos. No basta con decir \u201chay que capacitar\u201d. Hay que definir qu\u00e9 se busca lograr con cada acci\u00f3n formativa. Que el equipo mejore su atenci\u00f3n al cliente, que domine una nueva herramienta digital, que refuerce su liderazgo, por ejemplo.<\/span><\/li>\n<li style=\"font-weight: 400;\" aria-level=\"1\"><span>Luego se dise\u00f1a el contenido. Qu\u00e9 se va a ense\u00f1ar, con qu\u00e9 metodolog\u00eda, en qu\u00e9 tiempos y a trav\u00e9s de qu\u00e9 canales. Puede ser presencial, virtual, h\u00edbrido, con apoyo de plataformas, talleres, coaching, etc. Todo eso debe estar detallado dentro del plan.<\/span><\/li>\n<li style=\"font-weight: 400;\" aria-level=\"1\"><span>Por \u00faltimo, viene la parte operativa: presupuesto, tiempos, cronograma, responsables. Y, claro, la evaluaci\u00f3n. Un buen plan de capacitaci\u00f3n se mide. Se analiza si los conocimientos se aplican, si hubo mejora en los indicadores y si el impacto justifica la inversi\u00f3n.<\/span><\/li>\n<\/ol>\n<h2><span>\u00bfCu\u00e1l es el papel de los recursos humanos frente a la capacitaci\u00f3n?<\/span><\/h2>\n<p><span>En este terreno, el \u00e1rea de recursos humanos no solo ejecuta. Tambi\u00e9n lidera. Es la encargada de conectar la estrategia de negocio con el desarrollo de las personas. Y para eso, necesita planificar, coordinar, evaluar\u2026 y adaptarse.<\/span><\/p>\n<ul>\n<li style=\"font-weight: 400;\" aria-level=\"1\"><b>Una de sus funciones principales es detectar necesidades. <\/b><span>Eso implica escuchar, observar, analizar datos y anticiparse a los cambios. Con esa informaci\u00f3n, RRHH dise\u00f1a planes de capacitaci\u00f3n alineados con lo que la empresa realmente necesita.<\/span><\/li>\n<li style=\"font-weight: 400;\" aria-level=\"1\"><b>Tambi\u00e9n se encarga de poner todo en marcha: <\/b><span>Buscar instructores, coordinar agendas, garantizar materiales y asegurar que la experiencia de aprendizaje sea \u00fatil. No se trata solo de log\u00edstica, sino de crear entornos donde la formaci\u00f3n tenga sentido y sea valorada.<\/span><\/li>\n<li style=\"font-weight: 400;\" aria-level=\"1\"><b>Despu\u00e9s de cada proceso, viene la evaluaci\u00f3n. <\/b><span>Medir si los objetivos se cumplieron, si el equipo mejor\u00f3, si hubo retorno sobre la inversi\u00f3n. Y, en base a eso, ajustar lo que haga falta. RRHH tambi\u00e9n tiene el rol de fomentar una cultura de aprendizaje continuo, donde capacitarse no sea una obligaci\u00f3n, sino parte natural del trabajo diario.<\/span><\/li>\n<\/ul>\n<p><span>La capacitaci\u00f3n no es un gasto ni un tr\u00e1mite. Es una apuesta. Una que puede transformar equipos, procesos y resultados. Cuando se hace con intenci\u00f3n, con un plan de capacitaci\u00f3n bien armado y alineado al negocio, el impacto es claro: mejora el desempe\u00f1o, se reduce la rotaci\u00f3n y se gana en competitividad.<\/span><\/p>\n<p><span>Para las personas, tambi\u00e9n es una v\u00eda concreta de crecimiento. Poder aprender, actualizarse y aplicar eso en su trabajo diario no solo los hace m\u00e1s eficientes, sino m\u00e1s seguros, m\u00e1s motivados y m\u00e1s comprometidos con lo que hacen.<\/span><\/p>\n<p><span>En el contexto ecuatoriano, donde el talento humano es uno de los activos m\u00e1s valiosos, la capacitaci\u00f3n deber\u00eda ser parte central de toda estrategia empresarial. No importa si la empresa es grande o peque\u00f1a: formar al equipo siempre ser\u00e1 una decisi\u00f3n inteligente.<\/span><\/p>\n<p><span>Y al final, ese conocimiento que se entrega, regresa. En productividad, en fidelidad, en impacto real.<\/span><\/p>\n<p><a href=\"https:\/\/recursos.runahr.com\/inteligencia-artificial-futuro-trabajo\"><img decoding=\"async\" class=\"alignnone size-large wp-image-1097743\" src=\"https:\/\/runahr.com\/wp-content\/uploads\/2026\/01\/CEC016-1024x401.webp\" alt=\"Descargar inteligencia artificial y el futuro del trabajo\" width=\"800\" height=\"313\" srcset=\"https:\/\/runahr.com\/wp-content\/uploads\/2026\/01\/CEC016-1024x401.webp 1024w, https:\/\/runahr.com\/wp-content\/uploads\/2026\/01\/CEC016-300x118.webp 300w, https:\/\/runahr.com\/wp-content\/uploads\/2026\/01\/CEC016-768x301.webp 768w, https:\/\/runahr.com\/wp-content\/uploads\/2026\/01\/CEC016-1536x602.webp 1536w, https:\/\/runahr.com\/wp-content\/uploads\/2026\/01\/CEC016.webp 1786w\" sizes=\"(max-width: 800px) 100vw, 800px\" \/><\/a><\/p>\n","protected":false},"excerpt":{"rendered":"<p>Las cosas cambian r\u00e1pido. Y en medio de tanto movimiento, hay algo que empieza a marcar la diferencia: qu\u00e9 tanto se prepara una empresa desde adentro. Las que invierten en formar a su gente, no solo se adelantan\u2026 sobreviven mejor. Porque hoy no alcanza con saber. Hay que saber adaptarse. La capacitaci\u00f3n laboral, aunque no [&hellip;]<\/p>\n","protected":false},"author":97,"featured_media":1005017,"comment_status":"open","ping_status":"open","sticky":false,"template":"","format":"standard","meta":{"_acf_changed":false,"_wp_applaud_exclude":false,"footnotes":""},"categories":[1573],"tags":[1592,1804],"class_list":["post-1005016","post","type-post","status-publish","format-standard","has-post-thumbnail","hentry","category-recursos-humanos","tag-articulo-ec","tag-recursos-humanos-5"],"acf":[],"yoast_head":"<!-- This site is optimized with the Yoast SEO Premium plugin v26.1 (Yoast SEO v27.5) - https:\/\/yoast.com\/product\/yoast-seo-premium-wordpress\/ -->\n<title>Capacitaci\u00f3n: \u00bfQu\u00e9 es? \u00bfCu\u00e1l es el objetivo? | EC | Runa HR<\/title>\n<meta name=\"description\" content=\"La capacitaci\u00f3n laboral es clave para el desarrollo profesional y el crecimiento de las empresas en Ecuador.\" \/>\n<meta name=\"robots\" content=\"index, follow, max-snippet:-1, max-image-preview:large, max-video-preview:-1\" \/>\n<link rel=\"canonical\" href=\"https:\/\/runahr.com\/ec\/recursos\/recursos-humanos\/capacitacion\/\" \/>\n<meta property=\"og:locale\" content=\"es_ES\" \/>\n<meta property=\"og:type\" content=\"article\" \/>\n<meta property=\"og:title\" content=\"Capacitaci\u00f3n: \u00bfQu\u00e9 es? \u00bfCu\u00e1l es el objetivo? | EC | Runa HR\" \/>\n<meta property=\"og:description\" content=\"La capacitaci\u00f3n laboral es clave para el desarrollo profesional y el crecimiento de las empresas en Ecuador.\" \/>\n<meta property=\"og:url\" content=\"https:\/\/runahr.com\/ec\/recursos\/recursos-humanos\/capacitacion\/\" \/>\n<meta property=\"og:site_name\" content=\"Runa HR\" \/>\n<meta property=\"article:publisher\" content=\"https:\/\/www.facebook.com\/runahr\/\" \/>\n<meta property=\"article:published_time\" content=\"2025-07-24T11:55:25+00:00\" \/>\n<meta property=\"article:modified_time\" content=\"2026-02-23T16:28:56+00:00\" \/>\n<meta property=\"og:image\" content=\"https:\/\/runahr.com\/wp-content\/uploads\/2025\/07\/Capacitacion-4.png\" \/>\n\t<meta property=\"og:image:width\" content=\"2048\" \/>\n\t<meta property=\"og:image:height\" content=\"856\" \/>\n\t<meta property=\"og:image:type\" content=\"image\/png\" \/>\n<meta name=\"author\" content=\"Dora Castro\" \/>\n<meta name=\"twitter:card\" content=\"summary_large_image\" \/>\n<meta name=\"twitter:creator\" content=\"@runahr\" \/>\n<meta name=\"twitter:site\" content=\"@runahr\" \/>\n<meta name=\"twitter:label1\" content=\"Escrito por\" \/>\n\t<meta name=\"twitter:data1\" content=\"Dora Castro\" \/>\n\t<meta name=\"twitter:label2\" content=\"Tiempo de lectura\" \/>\n\t<meta name=\"twitter:data2\" content=\"9 minutos\" \/>\n<!-- \/ Yoast SEO Premium plugin. -->","yoast_head_json":{"title":"Capacitaci\u00f3n: \u00bfQu\u00e9 es? \u00bfCu\u00e1l es el objetivo? | EC | Runa HR","description":"La capacitaci\u00f3n laboral es clave para el desarrollo profesional y el crecimiento de las empresas en Ecuador.","robots":{"index":"index","follow":"follow","max-snippet":"max-snippet:-1","max-image-preview":"max-image-preview:large","max-video-preview":"max-video-preview:-1"},"canonical":"https:\/\/runahr.com\/ec\/recursos\/recursos-humanos\/capacitacion\/","og_locale":"es_ES","og_type":"article","og_title":"Capacitaci\u00f3n: \u00bfQu\u00e9 es? \u00bfCu\u00e1l es el objetivo? | EC | Runa HR","og_description":"La capacitaci\u00f3n laboral es clave para el desarrollo profesional y el crecimiento de las empresas en Ecuador.","og_url":"https:\/\/runahr.com\/ec\/recursos\/recursos-humanos\/capacitacion\/","og_site_name":"Runa HR","article_publisher":"https:\/\/www.facebook.com\/runahr\/","article_published_time":"2025-07-24T11:55:25+00:00","article_modified_time":"2026-02-23T16:28:56+00:00","og_image":[{"width":2048,"height":856,"url":"https:\/\/runahr.com\/wp-content\/uploads\/2025\/07\/Capacitacion-4.png","type":"image\/png"}],"author":"Dora Castro","twitter_card":"summary_large_image","twitter_creator":"@runahr","twitter_site":"@runahr","twitter_misc":{"Escrito por":"Dora Castro","Tiempo de lectura":"9 minutos"},"schema":{"@context":"https:\/\/schema.org","@graph":[{"@type":"Article","@id":"https:\/\/runahr.com\/ec\/recursos\/recursos-humanos\/capacitacion\/#article","isPartOf":{"@id":"https:\/\/runahr.com\/ec\/recursos\/recursos-humanos\/capacitacion\/"},"author":{"name":"Dora Castro","@id":"https:\/\/runahr.com\/ec\/#\/schema\/person\/0afd2920163e10ebcc7f34f8192ef9a8"},"headline":"Capacitaci\u00f3n: \u00bfQu\u00e9 es? \u00bfCu\u00e1l es el objetivo?","datePublished":"2025-07-24T11:55:25+00:00","dateModified":"2026-02-23T16:28:56+00:00","mainEntityOfPage":{"@id":"https:\/\/runahr.com\/ec\/recursos\/recursos-humanos\/capacitacion\/"},"wordCount":1915,"commentCount":0,"publisher":{"@id":"https:\/\/runahr.com\/ec\/#organization"},"image":{"@id":"https:\/\/runahr.com\/ec\/recursos\/recursos-humanos\/capacitacion\/#primaryimage"},"thumbnailUrl":"https:\/\/runahr.com\/wp-content\/uploads\/2025\/07\/Capacitacion-4.png","keywords":["Art\u00edculo","Recursos humanos"],"articleSection":["Recursos humanos"],"inLanguage":"es","potentialAction":[{"@type":"CommentAction","name":"Comment","target":["https:\/\/runahr.com\/ec\/recursos\/recursos-humanos\/capacitacion\/#respond"]}]},{"@type":"WebPage","@id":"https:\/\/runahr.com\/ec\/recursos\/recursos-humanos\/capacitacion\/","url":"https:\/\/runahr.com\/ec\/recursos\/recursos-humanos\/capacitacion\/","name":"Capacitaci\u00f3n: \u00bfQu\u00e9 es? \u00bfCu\u00e1l es el objetivo? | EC | Runa HR","isPartOf":{"@id":"https:\/\/runahr.com\/ec\/#website"},"primaryImageOfPage":{"@id":"https:\/\/runahr.com\/ec\/recursos\/recursos-humanos\/capacitacion\/#primaryimage"},"image":{"@id":"https:\/\/runahr.com\/ec\/recursos\/recursos-humanos\/capacitacion\/#primaryimage"},"thumbnailUrl":"https:\/\/runahr.com\/wp-content\/uploads\/2025\/07\/Capacitacion-4.png","datePublished":"2025-07-24T11:55:25+00:00","dateModified":"2026-02-23T16:28:56+00:00","description":"La capacitaci\u00f3n laboral es clave para el desarrollo profesional y el crecimiento de las empresas en Ecuador.","breadcrumb":{"@id":"https:\/\/runahr.com\/ec\/recursos\/recursos-humanos\/capacitacion\/#breadcrumb"},"inLanguage":"es","potentialAction":[{"@type":"ReadAction","target":["https:\/\/runahr.com\/ec\/recursos\/recursos-humanos\/capacitacion\/"]}]},{"@type":"ImageObject","inLanguage":"es","@id":"https:\/\/runahr.com\/ec\/recursos\/recursos-humanos\/capacitacion\/#primaryimage","url":"https:\/\/runahr.com\/wp-content\/uploads\/2025\/07\/Capacitacion-4.png","contentUrl":"https:\/\/runahr.com\/wp-content\/uploads\/2025\/07\/Capacitacion-4.png","width":2048,"height":856,"caption":"Capacitaci\u00f3n"},{"@type":"BreadcrumbList","@id":"https:\/\/runahr.com\/ec\/recursos\/recursos-humanos\/capacitacion\/#breadcrumb","itemListElement":[{"@type":"ListItem","position":1,"name":"Home","item":"https:\/\/runahr.com\/ec\/"},{"@type":"ListItem","position":2,"name":"Recursos","item":"https:\/\/runahr.com\/ec\/category\/recursos\/"},{"@type":"ListItem","position":3,"name":"Recursos humanos","item":"https:\/\/runahr.com\/ec\/category\/recursos\/recursos-humanos\/"},{"@type":"ListItem","position":4,"name":"Capacitaci\u00f3n: \u00bfQu\u00e9 es? \u00bfCu\u00e1l es el objetivo?"}]},{"@type":"WebSite","@id":"https:\/\/runahr.com\/ec\/#website","url":"https:\/\/runahr.com\/ec\/","name":"Runa HR","description":"Software de N\u00f3mina y Gesti\u00f3n de RRHH","publisher":{"@id":"https:\/\/runahr.com\/ec\/#organization"},"potentialAction":[{"@type":"SearchAction","target":{"@type":"EntryPoint","urlTemplate":"https:\/\/runahr.com\/ec\/?s={search_term_string}"},"query-input":{"@type":"PropertyValueSpecification","valueRequired":true,"valueName":"search_term_string"}}],"inLanguage":"es"},{"@type":"Organization","@id":"https:\/\/runahr.com\/ec\/#organization","name":"Runa HR","url":"https:\/\/runahr.com\/ec\/","logo":{"@type":"ImageObject","inLanguage":"es","@id":"https:\/\/runahr.com\/ec\/#\/schema\/logo\/image\/","url":"https:\/\/runahr.com\/wp-content\/uploads\/2018\/05\/xDzHFcQY_400x400.jpg","contentUrl":"https:\/\/runahr.com\/wp-content\/uploads\/2018\/05\/xDzHFcQY_400x400.jpg","width":400,"height":400,"caption":"Runa HR"},"image":{"@id":"https:\/\/runahr.com\/ec\/#\/schema\/logo\/image\/"},"sameAs":["https:\/\/www.facebook.com\/runahr\/","https:\/\/x.com\/runahr","https:\/\/www.instagram.com\/runahr\/","https:\/\/mx.linkedin.com\/company\/runahr","https:\/\/www.youtube.com\/channel\/UCAZ21FupFMLIb1c7PPaU6Ew"]},{"@type":"Person","@id":"https:\/\/runahr.com\/ec\/#\/schema\/person\/0afd2920163e10ebcc7f34f8192ef9a8","name":"Dora Castro","image":{"@type":"ImageObject","inLanguage":"es","@id":"https:\/\/secure.gravatar.com\/avatar\/36f1f364d0d697444743f8bf137e2d7ab5ff025fb70c423e7b01941f764c925f?s=96&d=mm&r=g","url":"https:\/\/secure.gravatar.com\/avatar\/36f1f364d0d697444743f8bf137e2d7ab5ff025fb70c423e7b01941f764c925f?s=96&d=mm&r=g","contentUrl":"https:\/\/secure.gravatar.com\/avatar\/36f1f364d0d697444743f8bf137e2d7ab5ff025fb70c423e7b01941f764c925f?s=96&d=mm&r=g","caption":"Dora Castro"},"url":"https:\/\/runahr.com\/ec\/author\/dora_castro\/"}]}},"_links":{"self":[{"href":"https:\/\/runahr.com\/ec\/wp-json\/wp\/v2\/posts\/1005016","targetHints":{"allow":["GET"]}}],"collection":[{"href":"https:\/\/runahr.com\/ec\/wp-json\/wp\/v2\/posts"}],"about":[{"href":"https:\/\/runahr.com\/ec\/wp-json\/wp\/v2\/types\/post"}],"author":[{"embeddable":true,"href":"https:\/\/runahr.com\/ec\/wp-json\/wp\/v2\/users\/97"}],"replies":[{"embeddable":true,"href":"https:\/\/runahr.com\/ec\/wp-json\/wp\/v2\/comments?post=1005016"}],"version-history":[{"count":0,"href":"https:\/\/runahr.com\/ec\/wp-json\/wp\/v2\/posts\/1005016\/revisions"}],"wp:featuredmedia":[{"embeddable":true,"href":"https:\/\/runahr.com\/ec\/wp-json\/wp\/v2\/media\/1005017"}],"wp:attachment":[{"href":"https:\/\/runahr.com\/ec\/wp-json\/wp\/v2\/media?parent=1005016"}],"wp:term":[{"taxonomy":"category","embeddable":true,"href":"https:\/\/runahr.com\/ec\/wp-json\/wp\/v2\/categories?post=1005016"},{"taxonomy":"post_tag","embeddable":true,"href":"https:\/\/runahr.com\/ec\/wp-json\/wp\/v2\/tags?post=1005016"}],"curies":[{"name":"wp","href":"https:\/\/api.w.org\/{rel}","templated":true}]}}