{"id":1005190,"date":"2025-07-24T05:55:05","date_gmt":"2025-07-24T11:55:05","guid":{"rendered":"https:\/\/runahr.com\/despido-intempestivo\/"},"modified":"2026-03-02T18:28:10","modified_gmt":"2026-03-03T00:28:10","slug":"despido-intempestivo","status":"publish","type":"post","link":"https:\/\/runahr.com\/ec\/recursos\/salario\/despido-intempestivo\/","title":{"rendered":"Despido intempestivo: \u00bfQu\u00e9 es? \u00bfC\u00f3mo funciona?"},"content":{"rendered":"<p data-start=\"255\" data-end=\"725\">Pocas cosas generan m\u00e1s tensi\u00f3n en una empresa que cerrar de golpe la relaci\u00f3n con un colaborador sin causa v\u00e1lida. En Ecuador, ese corte abrupto se llama despido intempestivo. Ocurre cuando el empleador decide terminar el contrato de manera unilateral, sin justificar la salida ni seguir el procedimiento que manda el C\u00f3digo del Trabajo. Adem\u00e1s de tambalear la estabilidad del trabajador, la jugada expone a la compa\u00f1\u00eda a sanciones e indemnizaciones nada despreciables.<\/p>\n<p data-start=\"727\" data-end=\"1152\">La normativa ecuatoriana ampara al empleado en estos casos. Obliga a pagar una compensaci\u00f3n calculada sobre a\u00f1os de servicio y salario. Tambi\u00e9n fija pasos que, si se saltan, agravan la factura para la empresa. Por eso, directivos y \u00e1reas de RR. HH. deben conocer al detalle cu\u00e1ndo se configura un despido intempestivo. Adem\u00e1s, deben saber c\u00f3mo documentar correctamente una terminaci\u00f3n para que no derive en demandas costosas.<\/p>\n<p data-start=\"1154\" data-end=\"1405\">En las siguientes l\u00edneas repasaremos qu\u00e9 lo caracteriza, por qu\u00e9 suele ocurrir, qu\u00e9 montos se pagan al trabajador y qu\u00e9 estrategias ayudan a manejar la desvinculaci\u00f3n dentro del marco legal. As\u00ed se evitan impactos financieros y reputacionales mayores.<\/p>\n<h2 data-start=\"1412\" data-end=\"1459\">\u00bfQu\u00e9 es el despido intempestivo en Ecuador?<\/h2>\n<p data-start=\"1461\" data-end=\"1844\">En el lenguaje sencillo de oficina, hablamos de despido intempestivo cuando la empresa decide, por sorpresa y sin una causa avalada por el C\u00f3digo del Trabajo, cortar el v\u00ednculo con un colaborador. El trabajador llega, recibe la noticia y se queda sin puesto al instante. Todo esto ocurre sin que medie el procedimiento legal ni un \u201cvisto bueno\u201d otorgado por el <a href=\"https:\/\/www.trabajo.gob.ec\/\">Ministerio de Trabajo.<\/a><\/p>\n<p data-start=\"1846\" data-end=\"1993\">Frente a esto, la norma ecuatoriana protege la estabilidad. Si no existe justificaci\u00f3n formal, el empleador debe pagar la respectiva indemnizaci\u00f3n.<\/p>\n<p data-start=\"1995\" data-end=\"2380\">Conviene distinguirlo de otras salidas. El visto bueno es una terminaci\u00f3n con causa (faltas graves, incumplimientos) que pasa por un tr\u00e1mite. Si la autoridad la aprueba, no genera indemnizaci\u00f3n. El mutuo acuerdo, en cambio, es un pacto entre ambas partes para cerrar la relaci\u00f3n laboral en t\u00e9rminos negociados. Tampoco hay pago por despido intempestivo porque nadie \u201cimpone\u201d la salida.<\/p>\n<p data-start=\"1995\" data-end=\"2380\"><a href=\"https:\/\/recursos.runahr.com\/kit-de-bajas\"><img fetchpriority=\"high\" decoding=\"async\" class=\"alignnone size-large wp-image-1097926\" src=\"https:\/\/runahr.com\/wp-content\/uploads\/2026\/01\/CEC033-1024x404.webp\" alt=\"Descargar KIT de bajas recursos humanos\" width=\"800\" height=\"316\" srcset=\"https:\/\/runahr.com\/wp-content\/uploads\/2026\/01\/CEC033-1024x404.webp 1024w, https:\/\/runahr.com\/wp-content\/uploads\/2026\/01\/CEC033-300x118.webp 300w, https:\/\/runahr.com\/wp-content\/uploads\/2026\/01\/CEC033-768x303.webp 768w, https:\/\/runahr.com\/wp-content\/uploads\/2026\/01\/CEC033-1536x606.webp 1536w, https:\/\/runahr.com\/wp-content\/uploads\/2026\/01\/CEC033-2048x808.webp 2048w\" sizes=\"(max-width: 800px) 100vw, 800px\" \/><\/a><\/p>\n<h2 data-start=\"2387\" data-end=\"2430\">\u00bfC\u00f3mo funciona el despido intempestivo?<\/h2>\n<p data-start=\"2432\" data-end=\"2711\">Aunque muchas veces se comunica de palabra \u2014un \u201cgracias, hasta aqu\u00ed\u201d\u2014 lo recomendable para la empresa es dejar constancia escrita de la decisi\u00f3n. Una vez notificado, el trabajador dispone de 60 d\u00edas para acudir a la autoridad laboral y reclamar la indemnizaci\u00f3n que la ley prev\u00e9.<\/p>\n<p data-start=\"2713\" data-end=\"3003\">Si esa autoridad confirma que no hubo causa v\u00e1lida ni tr\u00e1mite de visto bueno, ordenar\u00e1 a la compa\u00f1\u00eda cancelar la compensaci\u00f3n. Esta se calcula seg\u00fan los a\u00f1os de servicio y el salario del empleado. Aparte del impacto en caja, el empleador arriesga recargos e intereses si se demora en pagar.<\/p>\n<h2 data-start=\"3010\" data-end=\"3071\">\u00bfCu\u00e1les son las caracter\u00edsticas del despido intempestivo?<\/h2>\n<p data-start=\"3073\" data-end=\"3197\">El despido intempestivo tiene cuatro caracter\u00edsticas fundamentales que lo distinguen de otras formas de terminaci\u00f3n laboral:<\/p>\n<ul data-start=\"3199\" data-end=\"3658\">\n<li data-start=\"3199\" data-end=\"3287\">\n<p data-start=\"3201\" data-end=\"3287\"><strong data-start=\"3201\" data-end=\"3215\">Unilateral<\/strong>: La decisi\u00f3n parte solo del empleador; el trabajador no la consiente.<\/p>\n<\/li>\n<li data-start=\"3288\" data-end=\"3384\">\n<p data-start=\"3290\" data-end=\"3384\"><strong data-start=\"3290\" data-end=\"3307\">Injustificado<\/strong>: No hay causa legal (no es falta grave ni reducci\u00f3n leg\u00edtima de personal).<\/p>\n<\/li>\n<li data-start=\"3385\" data-end=\"3486\">\n<p data-start=\"3387\" data-end=\"3486\"><strong data-start=\"3387\" data-end=\"3401\">Sorpresivo<\/strong>: El colaborador se entera el mismo d\u00eda, sin advertencia ni posibilidad de defensa.<\/p>\n<\/li>\n<li data-start=\"3487\" data-end=\"3658\">\n<p data-start=\"3489\" data-end=\"3658\"><strong data-start=\"3489\" data-end=\"3514\">Ilegal (indemnizable)<\/strong>: Al saltarse el procedimiento, la empresa debe pagar la compensaci\u00f3n que fija el C\u00f3digo del Trabajo y asumir las consecuencias administrativas.<\/p>\n<\/li>\n<\/ul>\n<p data-start=\"3660\" data-end=\"3800\">Para CEOs y l\u00edderes de RR. HH., esto significa que un mal paso en la desvinculaci\u00f3n puede costar caro en dinero, reputaci\u00f3n y clima laboral.<\/p>\n<h2 data-start=\"3807\" data-end=\"3870\">\u00bfPor qu\u00e9 causas se puede presentar un despido intempestivo?<\/h2>\n<p data-start=\"3872\" data-end=\"3982\">Aunque la ley no avala despedir sin causa, en la pr\u00e1ctica algunas empresas lo hacen por motivos muy concretos.<\/p>\n<p data-start=\"3984\" data-end=\"4177\">Uno es el bajo desempe\u00f1o. Se decide cortar por lo sano cuando el colaborador no cumple metas. Pero si no se deja constancia de evaluaciones ni advertencias, la medida se considera intempestiva.<\/p>\n<p data-start=\"4179\" data-end=\"4432\">Otra raz\u00f3n frecuente es la reestructuraci\u00f3n. Son ajustes de presupuesto o cambios estrat\u00e9gicos que implican recortes de personal. Si la compa\u00f1\u00eda no sigue el procedimiento (plan de desvinculaci\u00f3n, visto bueno, indemnizaciones), incurre en despido ilegal.<\/p>\n<p data-start=\"4434\" data-end=\"4646\">Tambi\u00e9n influyen conflictos internos. Roces personales o desacuerdos que el empleador convierte, de forma impulsiva, en terminaci\u00f3n de contrato. Si no se documentan faltas graves, la ley lo tacha de intempestivo.<\/p>\n<p data-start=\"4648\" data-end=\"4959\">Finalmente, hay casos de discriminaci\u00f3n \u2014por edad, g\u00e9nero, religi\u00f3n u otra condici\u00f3n protegida\u2014. En estos, la salida repentina no solo gatilla la indemnizaci\u00f3n regular, sino posibles sanciones adicionales. Esto ocurre porque se viola el principio de igualdad definido en la Constituci\u00f3n y el C\u00f3digo del Trabajo.<\/p>\n<p data-start=\"4648\" data-end=\"4959\"><a href=\"https:\/\/recursos.runahr.com\/kit-de-recursos-humanos\"><img decoding=\"async\" class=\"alignnone size-large wp-image-1097872\" src=\"https:\/\/runahr.com\/wp-content\/uploads\/2026\/01\/CEC039-1024x403.webp\" alt=\"Descargar KIT de recursos humanos\" width=\"800\" height=\"315\" srcset=\"https:\/\/runahr.com\/wp-content\/uploads\/2026\/01\/CEC039-1024x403.webp 1024w, https:\/\/runahr.com\/wp-content\/uploads\/2026\/01\/CEC039-300x118.webp 300w, https:\/\/runahr.com\/wp-content\/uploads\/2026\/01\/CEC039-768x302.webp 768w, https:\/\/runahr.com\/wp-content\/uploads\/2026\/01\/CEC039-1536x605.webp 1536w, https:\/\/runahr.com\/wp-content\/uploads\/2026\/01\/CEC039.webp 1940w\" sizes=\"(max-width: 800px) 100vw, 800px\" \/><\/a><\/p>\n<h2 data-start=\"4966\" data-end=\"5027\">\u00bfC\u00f3mo se calcula la liquidaci\u00f3n por despido intempestivo?<\/h2>\n<p data-start=\"5029\" data-end=\"5142\">Cuando el Ministerio de Trabajo confirma que la salida fue injustificada, la empresa debe cancelar varios rubros.<\/p>\n<p data-start=\"5144\" data-end=\"5413\">Primero, el salario pendiente de los d\u00edas laborados ese mes, m\u00e1s la proporci\u00f3n de vacaciones no gozadas. Luego vienen los dos d\u00e9cimos: el d\u00e9cimo tercero (remuneraci\u00f3n anual dividido para doce) y el d\u00e9cimo cuarto, prorrateado seg\u00fan los meses trabajados en el a\u00f1o fiscal.<\/p>\n<p data-start=\"5415\" data-end=\"5629\">La parte m\u00e1s gruesa es la indemnizaci\u00f3n. Si el empleado lleva hasta tres a\u00f1os, se le pagan tres sueldos completos. A partir del cuarto a\u00f1o, corresponde un salario adicional por cada a\u00f1o de servicio, con tope de 25.<\/p>\n<p data-start=\"5631\" data-end=\"5832\">Ejemplo: un colaborador que gana USD 600 y acumula cuatro a\u00f1os recibe 600 \u00d7 4 = USD 2 400. Sobre esa cifra se aplican las retenciones habituales (IESS e impuesto a la renta) antes de depositar el neto.<\/p>\n<p data-start=\"5834\" data-end=\"6014\">Para evitar errores \u2014y potenciales multas por pago incompleto\u2014 RR. HH. puede apoyarse en la calculadora oficial del Ministerio de Trabajo, disponible en su portal de liquidaciones.<\/p>\n<h2 data-start=\"6021\" data-end=\"6084\">\u00bfEn qu\u00e9 consiste la indemnizaci\u00f3n por despido intempestivo?<\/h2>\n<p data-start=\"6086\" data-end=\"6210\">La ley ecuatoriana protege al trabajador que es separado sin causa v\u00e1lida exigiendo al empleador una compensaci\u00f3n econ\u00f3mica.<\/p>\n<p data-start=\"6212\" data-end=\"6423\">El c\u00e1lculo es sencillo: si la persona labor\u00f3 hasta tres a\u00f1os, recibe el equivalente a tres sueldos completos. A partir del cuarto a\u00f1o, se suma un salario adicional por cada a\u00f1o de servicio, con tope de 25 meses.<\/p>\n<p data-start=\"6425\" data-end=\"6629\">Ejemplo pr\u00e1ctico: un colaborador con cinco a\u00f1os en la n\u00f3mina y un sueldo de USD 800 debe recibir 5 \u00d7 800 = USD 4 000. Este monto se a\u00f1ade a d\u00e9cimos, vacaciones pendientes y otros rubros de la liquidaci\u00f3n.<\/p>\n<p data-start=\"6631\" data-end=\"6828\">Hay colectivos con protecci\u00f3n reforzada. Una trabajadora embarazada o un empleado con discapacidad despedidos sin causa justa obtendr\u00e1n, adem\u00e1s de la f\u00f3rmula anterior, un a\u00f1o extra de remuneraci\u00f3n.<\/p>\n<p data-start=\"6830\" data-end=\"7028\">Dada la complejidad \u2014y el costo\u2014 de estos c\u00e1lculos, tanto gerentes como \u00e1reas de RR. HH. suelen respaldarse en asesor\u00eda legal o en la calculadora oficial del Ministerio de Trabajo antes de proceder.<\/p>\n<h2 data-start=\"7035\" data-end=\"7100\">\u00bfC\u00f3mo gestionan los recursos humanos un despido intempestivo?<\/h2>\n<p data-start=\"7102\" data-end=\"7287\">Para RR. HH., el proceso empieza con la notificaci\u00f3n. Aunque la norma no obliga a un escrito, entregar una carta clara en un ambiente privado evita malos entendidos y demuestra respeto.<\/p>\n<p data-start=\"7289\" data-end=\"7488\">Acto seguido, se realiza el c\u00e1lculo detallado de la liquidaci\u00f3n: salario pendiente, d\u00e9cimos, vacaciones y la indemnizaci\u00f3n. Es clave que cada cifra sea exacta; un error aqu\u00ed puede costar una demanda.<\/p>\n<p data-start=\"7490\" data-end=\"7663\">Con los valores listos, ambas partes firman el acta de finiquito. Adem\u00e1s, se entrega el certificado laboral que el excolaborador necesitar\u00e1 en futuros procesos de selecci\u00f3n.<\/p>\n<p data-start=\"7665\" data-end=\"7948\">M\u00e1s all\u00e1 de los tr\u00e1mites, un despido intempestivo afecta al equipo que se queda y, por supuesto, al que se va. Algunas empresas de vanguardia ofrecen orientaci\u00f3n para la recolocaci\u00f3n o referencias formales. Este gesto suaviza la salida y protege la reputaci\u00f3n de la marca empleadora.<\/p>\n<p data-start=\"7950\" data-end=\"8164\">Manejar la conversaci\u00f3n con empat\u00eda, cumplir la ley al mil\u00edmetro y cuidar la comunicaci\u00f3n interna marca la diferencia. As\u00ed, se transforma una desvinculaci\u00f3n dolorosa en un cierre profesional de la relaci\u00f3n laboral.<\/p>\n<p data-start=\"8171\" data-end=\"8336\">Un despido intempestivo es un trago amargo para todos. El colaborador pierde de golpe su fuente de ingreso y la empresa asume un riesgo legal que puede salirle caro.<\/p>\n<p data-start=\"8338\" data-end=\"8600\">Por eso, la legislaci\u00f3n ecuatoriana coloca una especie de balanza: si la salida no est\u00e1 justificada, el trabajador debe recibir la indemnizaci\u00f3n que marca el C\u00f3digo del Trabajo. No es un \u201cextra\u201d opcional; es la manera de compensar la ruptura abrupta del v\u00ednculo.<\/p>\n<p data-start=\"8602\" data-end=\"8867\">Para la direcci\u00f3n y el \u00e1rea de RR. HH., conocer al dedillo ese procedimiento no es un capricho jur\u00eddico sino una defensa contra pleitos y multas. Seguir cada paso \u2014comunicaci\u00f3n clara, c\u00e1lculo exacto, acta de finiquito\u2014 ahorra tiempo, dinero y desgaste reputacional.<\/p>\n<p data-start=\"8869\" data-end=\"8996\">Del lado del trabajador, estar informado sobre plazos y montos permite reclamar con fundamento y evitar acuerdos desventajosos.<\/p>\n<p data-start=\"8998\" data-end=\"9316\">Al final, un despido intempestivo bien manejado exige sensibilidad y transparencia, adem\u00e1s de cumplir la norma al pie de la letra. Hacerlo as\u00ed no solo protege a ambos implicados; env\u00eda un mensaje poderoso al resto del equipo y al mercado: en esta empresa se act\u00faa con profesionalismo incluso en los momentos dif\u00edciles.<\/p>\n<p data-start=\"8998\" data-end=\"9316\"><a href=\"https:\/\/recursos.runahr.com\/guia-de-principales-metricas-de-rrhh\"><img decoding=\"async\" class=\"alignnone size-large wp-image-1097655\" src=\"https:\/\/runahr.com\/wp-content\/uploads\/2026\/01\/CEC012-1024x405.webp\" alt=\"Descargar gu\u00eda de principales m\u00e9tricas de RRHH\" width=\"800\" height=\"316\" srcset=\"https:\/\/runahr.com\/wp-content\/uploads\/2026\/01\/CEC012-1024x405.webp 1024w, https:\/\/runahr.com\/wp-content\/uploads\/2026\/01\/CEC012-300x119.webp 300w, https:\/\/runahr.com\/wp-content\/uploads\/2026\/01\/CEC012-768x304.webp 768w, https:\/\/runahr.com\/wp-content\/uploads\/2026\/01\/CEC012-1536x607.webp 1536w, https:\/\/runahr.com\/wp-content\/uploads\/2026\/01\/CEC012-2048x809.webp 2048w\" sizes=\"(max-width: 800px) 100vw, 800px\" \/><\/a><\/p>\n","protected":false},"excerpt":{"rendered":"<p>Pocas cosas generan m\u00e1s tensi\u00f3n en una empresa que cerrar de golpe la relaci\u00f3n con un colaborador sin causa v\u00e1lida. En Ecuador, ese corte abrupto se llama despido intempestivo. Ocurre cuando el empleador decide terminar el contrato de manera unilateral, sin justificar la salida ni seguir el procedimiento que manda el C\u00f3digo del Trabajo. Adem\u00e1s [&hellip;]<\/p>\n","protected":false},"author":97,"featured_media":1005191,"comment_status":"open","ping_status":"open","sticky":false,"template":"","format":"standard","meta":{"_acf_changed":false,"_wp_applaud_exclude":false,"footnotes":""},"categories":[1569],"tags":[1592,1593],"class_list":["post-1005190","post","type-post","status-publish","format-standard","has-post-thumbnail","hentry","category-salario","tag-articulo-ec","tag-salario-ec"],"acf":[],"yoast_head":"<!-- This site is optimized with the Yoast SEO Premium plugin v26.1 (Yoast SEO v27.5) - https:\/\/yoast.com\/product\/yoast-seo-premium-wordpress\/ -->\n<title>Despido intempestivo: \u00bfQu\u00e9 es? \u00bfC\u00f3mo funciona? | EC | Runa HR<\/title>\n<meta name=\"description\" content=\"El despido intempestivo en Ecuador ocurre cuando un empleador termina la relaci\u00f3n laboral sin una causa justificada.\" \/>\n<meta name=\"robots\" content=\"index, follow, max-snippet:-1, max-image-preview:large, max-video-preview:-1\" \/>\n<link rel=\"canonical\" href=\"https:\/\/runahr.com\/ec\/recursos\/salario\/despido-intempestivo\/\" \/>\n<meta property=\"og:locale\" content=\"es_ES\" \/>\n<meta property=\"og:type\" content=\"article\" \/>\n<meta property=\"og:title\" content=\"Despido intempestivo: \u00bfQu\u00e9 es? \u00bfC\u00f3mo funciona? | EC | Runa HR\" \/>\n<meta property=\"og:description\" content=\"El despido intempestivo en Ecuador ocurre cuando un empleador termina la relaci\u00f3n laboral sin una causa justificada.\" \/>\n<meta property=\"og:url\" content=\"https:\/\/runahr.com\/ec\/recursos\/salario\/despido-intempestivo\/\" \/>\n<meta property=\"og:site_name\" content=\"Runa HR\" \/>\n<meta property=\"article:publisher\" content=\"https:\/\/www.facebook.com\/runahr\/\" \/>\n<meta property=\"article:published_time\" content=\"2025-07-24T11:55:05+00:00\" \/>\n<meta property=\"article:modified_time\" content=\"2026-03-03T00:28:10+00:00\" \/>\n<meta property=\"og:image\" content=\"https:\/\/runahr.com\/wp-content\/uploads\/2025\/07\/Despido-intempestivo.png\" \/>\n\t<meta property=\"og:image:width\" content=\"2048\" \/>\n\t<meta property=\"og:image:height\" content=\"856\" \/>\n\t<meta property=\"og:image:type\" content=\"image\/png\" \/>\n<meta name=\"author\" content=\"Dora Castro\" \/>\n<meta name=\"twitter:card\" content=\"summary_large_image\" \/>\n<meta name=\"twitter:creator\" content=\"@runahr\" \/>\n<meta name=\"twitter:site\" content=\"@runahr\" \/>\n<meta name=\"twitter:label1\" content=\"Escrito por\" \/>\n\t<meta name=\"twitter:data1\" content=\"Dora Castro\" \/>\n\t<meta name=\"twitter:label2\" content=\"Tiempo de lectura\" \/>\n\t<meta name=\"twitter:data2\" content=\"8 minutos\" \/>\n<!-- \/ Yoast SEO Premium plugin. -->","yoast_head_json":{"title":"Despido intempestivo: \u00bfQu\u00e9 es? \u00bfC\u00f3mo funciona? | EC | Runa HR","description":"El despido intempestivo en Ecuador ocurre cuando un empleador termina la relaci\u00f3n laboral sin una causa justificada.","robots":{"index":"index","follow":"follow","max-snippet":"max-snippet:-1","max-image-preview":"max-image-preview:large","max-video-preview":"max-video-preview:-1"},"canonical":"https:\/\/runahr.com\/ec\/recursos\/salario\/despido-intempestivo\/","og_locale":"es_ES","og_type":"article","og_title":"Despido intempestivo: \u00bfQu\u00e9 es? \u00bfC\u00f3mo funciona? | EC | Runa HR","og_description":"El despido intempestivo en Ecuador ocurre cuando un empleador termina la relaci\u00f3n laboral sin una causa justificada.","og_url":"https:\/\/runahr.com\/ec\/recursos\/salario\/despido-intempestivo\/","og_site_name":"Runa HR","article_publisher":"https:\/\/www.facebook.com\/runahr\/","article_published_time":"2025-07-24T11:55:05+00:00","article_modified_time":"2026-03-03T00:28:10+00:00","og_image":[{"width":2048,"height":856,"url":"https:\/\/runahr.com\/wp-content\/uploads\/2025\/07\/Despido-intempestivo.png","type":"image\/png"}],"author":"Dora Castro","twitter_card":"summary_large_image","twitter_creator":"@runahr","twitter_site":"@runahr","twitter_misc":{"Escrito por":"Dora Castro","Tiempo de lectura":"8 minutos"},"schema":{"@context":"https:\/\/schema.org","@graph":[{"@type":"Article","@id":"https:\/\/runahr.com\/ec\/recursos\/salario\/despido-intempestivo\/#article","isPartOf":{"@id":"https:\/\/runahr.com\/ec\/recursos\/salario\/despido-intempestivo\/"},"author":{"name":"Dora Castro","@id":"https:\/\/runahr.com\/ec\/#\/schema\/person\/0afd2920163e10ebcc7f34f8192ef9a8"},"headline":"Despido intempestivo: \u00bfQu\u00e9 es? \u00bfC\u00f3mo funciona?","datePublished":"2025-07-24T11:55:05+00:00","dateModified":"2026-03-03T00:28:10+00:00","mainEntityOfPage":{"@id":"https:\/\/runahr.com\/ec\/recursos\/salario\/despido-intempestivo\/"},"wordCount":1530,"commentCount":0,"publisher":{"@id":"https:\/\/runahr.com\/ec\/#organization"},"image":{"@id":"https:\/\/runahr.com\/ec\/recursos\/salario\/despido-intempestivo\/#primaryimage"},"thumbnailUrl":"https:\/\/runahr.com\/wp-content\/uploads\/2025\/07\/Despido-intempestivo.png","keywords":["Art\u00edculo","Salario"],"articleSection":["Salario"],"inLanguage":"es","potentialAction":[{"@type":"CommentAction","name":"Comment","target":["https:\/\/runahr.com\/ec\/recursos\/salario\/despido-intempestivo\/#respond"]}]},{"@type":"WebPage","@id":"https:\/\/runahr.com\/ec\/recursos\/salario\/despido-intempestivo\/","url":"https:\/\/runahr.com\/ec\/recursos\/salario\/despido-intempestivo\/","name":"Despido intempestivo: \u00bfQu\u00e9 es? \u00bfC\u00f3mo funciona? | EC | Runa HR","isPartOf":{"@id":"https:\/\/runahr.com\/ec\/#website"},"primaryImageOfPage":{"@id":"https:\/\/runahr.com\/ec\/recursos\/salario\/despido-intempestivo\/#primaryimage"},"image":{"@id":"https:\/\/runahr.com\/ec\/recursos\/salario\/despido-intempestivo\/#primaryimage"},"thumbnailUrl":"https:\/\/runahr.com\/wp-content\/uploads\/2025\/07\/Despido-intempestivo.png","datePublished":"2025-07-24T11:55:05+00:00","dateModified":"2026-03-03T00:28:10+00:00","description":"El despido intempestivo en Ecuador ocurre cuando un empleador termina la relaci\u00f3n laboral sin una causa justificada.","breadcrumb":{"@id":"https:\/\/runahr.com\/ec\/recursos\/salario\/despido-intempestivo\/#breadcrumb"},"inLanguage":"es","potentialAction":[{"@type":"ReadAction","target":["https:\/\/runahr.com\/ec\/recursos\/salario\/despido-intempestivo\/"]}]},{"@type":"ImageObject","inLanguage":"es","@id":"https:\/\/runahr.com\/ec\/recursos\/salario\/despido-intempestivo\/#primaryimage","url":"https:\/\/runahr.com\/wp-content\/uploads\/2025\/07\/Despido-intempestivo.png","contentUrl":"https:\/\/runahr.com\/wp-content\/uploads\/2025\/07\/Despido-intempestivo.png","width":2048,"height":856,"caption":"Despido intempestivo"},{"@type":"BreadcrumbList","@id":"https:\/\/runahr.com\/ec\/recursos\/salario\/despido-intempestivo\/#breadcrumb","itemListElement":[{"@type":"ListItem","position":1,"name":"Home","item":"https:\/\/runahr.com\/ec\/"},{"@type":"ListItem","position":2,"name":"Recursos","item":"https:\/\/runahr.com\/ec\/category\/recursos\/"},{"@type":"ListItem","position":3,"name":"Salario","item":"https:\/\/runahr.com\/ec\/category\/recursos\/salario\/"},{"@type":"ListItem","position":4,"name":"Despido intempestivo: \u00bfQu\u00e9 es? \u00bfC\u00f3mo funciona?"}]},{"@type":"WebSite","@id":"https:\/\/runahr.com\/ec\/#website","url":"https:\/\/runahr.com\/ec\/","name":"Runa HR","description":"Software de N\u00f3mina y Gesti\u00f3n de RRHH","publisher":{"@id":"https:\/\/runahr.com\/ec\/#organization"},"potentialAction":[{"@type":"SearchAction","target":{"@type":"EntryPoint","urlTemplate":"https:\/\/runahr.com\/ec\/?s={search_term_string}"},"query-input":{"@type":"PropertyValueSpecification","valueRequired":true,"valueName":"search_term_string"}}],"inLanguage":"es"},{"@type":"Organization","@id":"https:\/\/runahr.com\/ec\/#organization","name":"Runa HR","url":"https:\/\/runahr.com\/ec\/","logo":{"@type":"ImageObject","inLanguage":"es","@id":"https:\/\/runahr.com\/ec\/#\/schema\/logo\/image\/","url":"https:\/\/runahr.com\/wp-content\/uploads\/2018\/05\/xDzHFcQY_400x400.jpg","contentUrl":"https:\/\/runahr.com\/wp-content\/uploads\/2018\/05\/xDzHFcQY_400x400.jpg","width":400,"height":400,"caption":"Runa HR"},"image":{"@id":"https:\/\/runahr.com\/ec\/#\/schema\/logo\/image\/"},"sameAs":["https:\/\/www.facebook.com\/runahr\/","https:\/\/x.com\/runahr","https:\/\/www.instagram.com\/runahr\/","https:\/\/mx.linkedin.com\/company\/runahr","https:\/\/www.youtube.com\/channel\/UCAZ21FupFMLIb1c7PPaU6Ew"]},{"@type":"Person","@id":"https:\/\/runahr.com\/ec\/#\/schema\/person\/0afd2920163e10ebcc7f34f8192ef9a8","name":"Dora Castro","image":{"@type":"ImageObject","inLanguage":"es","@id":"https:\/\/secure.gravatar.com\/avatar\/36f1f364d0d697444743f8bf137e2d7ab5ff025fb70c423e7b01941f764c925f?s=96&d=mm&r=g","url":"https:\/\/secure.gravatar.com\/avatar\/36f1f364d0d697444743f8bf137e2d7ab5ff025fb70c423e7b01941f764c925f?s=96&d=mm&r=g","contentUrl":"https:\/\/secure.gravatar.com\/avatar\/36f1f364d0d697444743f8bf137e2d7ab5ff025fb70c423e7b01941f764c925f?s=96&d=mm&r=g","caption":"Dora Castro"},"url":"https:\/\/runahr.com\/ec\/author\/dora_castro\/"}]}},"_links":{"self":[{"href":"https:\/\/runahr.com\/ec\/wp-json\/wp\/v2\/posts\/1005190","targetHints":{"allow":["GET"]}}],"collection":[{"href":"https:\/\/runahr.com\/ec\/wp-json\/wp\/v2\/posts"}],"about":[{"href":"https:\/\/runahr.com\/ec\/wp-json\/wp\/v2\/types\/post"}],"author":[{"embeddable":true,"href":"https:\/\/runahr.com\/ec\/wp-json\/wp\/v2\/users\/97"}],"replies":[{"embeddable":true,"href":"https:\/\/runahr.com\/ec\/wp-json\/wp\/v2\/comments?post=1005190"}],"version-history":[{"count":0,"href":"https:\/\/runahr.com\/ec\/wp-json\/wp\/v2\/posts\/1005190\/revisions"}],"wp:featuredmedia":[{"embeddable":true,"href":"https:\/\/runahr.com\/ec\/wp-json\/wp\/v2\/media\/1005191"}],"wp:attachment":[{"href":"https:\/\/runahr.com\/ec\/wp-json\/wp\/v2\/media?parent=1005190"}],"wp:term":[{"taxonomy":"category","embeddable":true,"href":"https:\/\/runahr.com\/ec\/wp-json\/wp\/v2\/categories?post=1005190"},{"taxonomy":"post_tag","embeddable":true,"href":"https:\/\/runahr.com\/ec\/wp-json\/wp\/v2\/tags?post=1005190"}],"curies":[{"name":"wp","href":"https:\/\/api.w.org\/{rel}","templated":true}]}}