{"id":1005344,"date":"2025-07-24T05:55:04","date_gmt":"2025-07-24T11:55:04","guid":{"rendered":"https:\/\/runahr.com\/bienestar\/"},"modified":"2026-03-02T18:35:00","modified_gmt":"2026-03-03T00:35:00","slug":"bienestar","status":"publish","type":"post","link":"https:\/\/runahr.com\/ec\/recursos\/recursos-humanos\/bienestar\/","title":{"rendered":"Bienestar: \u00bfQu\u00e9 es? \u00bfC\u00f3mo se puede mejorar?"},"content":{"rendered":"<p><span>Hablamos de bienestar cuando una persona siente que su vida est\u00e1 en balance: el cuerpo responde, las emociones fluyen sin sobresaltos y las relaciones con los dem\u00e1s y con uno mismo marchan en armon\u00eda. No basta con \u201cno estar enfermo\u201d; se trata de levantarse con energ\u00eda, cerrar el d\u00eda con calma y sentirse conectado al entorno. Ese estado, que impacta en la salud, la productividad y el \u00e1nimo, define buena parte de la calidad de vida.<\/span><\/p>\n<p><span>En Ecuador este concepto adquiere matices propios. Para alguien que se mueve a diario entre el tr\u00e1fico de Quito o Guayaquil, el bienestar suele pasar por un sistema de salud eficiente y oportunidades educativas.\u00a0<\/span><\/p>\n<p><span>En cambio, en una comunidad amaz\u00f3nica la idea se vincula m\u00e1s con la relaci\u00f3n respetuosa con la selva y la continuidad de las tradiciones. Reconocer esas realidades distintas \u2014tanto urbanas como rurales, coste\u00f1as, andinas o amaz\u00f3nicas\u2014 es el primer paso para trazar pol\u00edticas y proyectos que realmente mejoren la vida de todos.<\/span><\/p>\n<h2><b>\u00bfQu\u00e9 es el bienestar?<\/b><\/h2>\n<p><span>Hablamos de bienestar cuando la vida se siente en equilibrio y cada \u00e1rea\u2014f\u00edsica, mental, social\u2014suma a una sensaci\u00f3n general de plenitud. No es una sola pieza, sino un engranaje de dimensiones que se influencian mutuamente:<\/span><\/p>\n<ul>\n<li style=\"font-weight: 400;\" aria-level=\"1\"><b>Bienestar subjetivo:<\/b><span> Refleja c\u00f3mo cada persona valora su propia felicidad. Combina las emociones agradables del d\u00eda a d\u00eda con la percepci\u00f3n global de que la vida marcha por buen camino.<\/span><\/li>\n<li style=\"font-weight: 400;\" aria-level=\"1\"><b>Bienestar psicol\u00f3gico:<\/b><span> Apunta al terreno interno: sentido de prop\u00f3sito, autonom\u00eda, relaciones sanas y la capacidad de adaptarse cuando algo cambia.<\/span><\/li>\n<li style=\"font-weight: 400;\" aria-level=\"1\"><b>Bienestar social:<\/b><span> Su calidad se mide por la firmeza de los lazos que una persona teje\u2014familia, amistades, redes vecinales\u2014y por el grado en que participa en la vida de su comunidad. Un colaborador de una planta en Guayaquil que comparte responsabilidades en el comit\u00e9 barrial. Un gerente quite\u00f1o que cuenta con un c\u00edrculo cercano dispuesto a escuchar gestiona mejor los altibajos emocionales que quien enfrenta los retos en solitario.<\/span><\/li>\n<\/ul>\n<p><span>En \u00faltima instancia, el bienestar no funciona como un destino fijo al que se arriba para quedarse; es m\u00e1s bien un proceso en movimiento, alimentado de forma constante por la salud f\u00edsica, la solidez de las relaciones y una base econ\u00f3mica estable, entre otros factores que var\u00edan seg\u00fan la realidad de cada persona y cada organizaci\u00f3n en el pa\u00eds.<\/span><\/p>\n<p><a href=\"https:\/\/recursos.runahr.com\/ec-guia-salud-mental\"><img fetchpriority=\"high\" decoding=\"async\" class=\"alignnone size-large wp-image-1097759\" src=\"https:\/\/runahr.com\/wp-content\/uploads\/2026\/01\/CEC014-1024x405.webp\" alt=\"Descargar gu\u00eda de salud mental para tu equipo\" width=\"800\" height=\"316\" srcset=\"https:\/\/runahr.com\/wp-content\/uploads\/2026\/01\/CEC014-1024x405.webp 1024w, https:\/\/runahr.com\/wp-content\/uploads\/2026\/01\/CEC014-300x119.webp 300w, https:\/\/runahr.com\/wp-content\/uploads\/2026\/01\/CEC014-768x304.webp 768w, https:\/\/runahr.com\/wp-content\/uploads\/2026\/01\/CEC014-1536x607.webp 1536w, https:\/\/runahr.com\/wp-content\/uploads\/2026\/01\/CEC014-2048x809.webp 2048w\" sizes=\"(max-width: 800px) 100vw, 800px\" \/><\/a><\/p>\n<h2><b>\u00bfPara qu\u00e9 sirve el bienestar?<\/b><\/h2>\n<p><span>Cuando la gente se siente bien\u2014cuerpo descansado, mente despejada\u2014su rendimiento se dispara y las relaciones fluyen con naturalidad. Ese equilibrio se nota en la oficina: se entregan proyectos a tiempo, surgen ideas frescas y el compromiso gana terreno. Adem\u00e1s, mantener a raya el estr\u00e9s cr\u00f3nico reduce la posibilidad de que aparezcan males como la hipertensi\u00f3n o los trastornos digestivos, afecciones que suelen llevarse parte del presupuesto de salud corporativa en Ecuador.<\/span><\/p>\n<p><span>El bienestar, sin embargo, no se limita a evitar enfermedades; tambi\u00e9n templa el car\u00e1cter. Una persona que cuida su estabilidad emocional desarrolla resiliencia. Esa capacidad de capear una reestructuraci\u00f3n o un giro del mercado sin que su vida se desmorone. En un pa\u00eds donde la econom\u00eda puede moverse a ritmos distintos entre la Sierra y la Costa, contar con colaboradores que se adaptan r\u00e1pido resulta una ventaja competitiva para cualquier organizaci\u00f3n.<\/span><\/p>\n<h2><b>\u00bfCu\u00e1l es el objetivo del bienestar?<\/b><\/h2>\n<p><span>El prop\u00f3sito de trabajar en el bienestar es sencillo de decir y complejo de lograr: vivir con plenitud y equilibrio. Para llegar ah\u00ed, hace falta reunir varias piezas\u2014salud f\u00edsica, gesti\u00f3n emocional, estabilidad en lo social y un sentido claro de realizaci\u00f3n personal\u2014y hacer que encajen en la rutina diaria.<\/span><\/p>\n<p><span>No basta con sentirse bien hoy; la meta es sostener ese estado en el tiempo. Lograrlo implica adquirir h\u00e1bitos que regulen las emociones, encontrar actividades que den sentido a la vida y cuidar los v\u00ednculos que la sostienen. Cuando las personas avanzan en esa direcci\u00f3n, el efecto se multiplica: comunidades donde la mayor\u00eda se siente bien suelen mostrar mayores dosis de solidaridad y capacidad de recuperarse ante las dificultades.<\/span><\/p>\n<h2><b>\u00bfC\u00f3mo se puede mejorar el bienestar?<\/b><\/h2>\n<p><span>El bienestar suele empezar con peque\u00f1os gestos que, sostenidos en el tiempo, hacen una gran diferencia. Comer de forma equilibrada, moverse a diario y respetar las horas de sue\u00f1o sostienen el cuerpo y despejan la mente; basta con recordar lo bien que se siente uno despu\u00e9s de una caminata o de dormir ocho horas para entender su impacto.\u00a0<\/span><\/p>\n<p><span>Cultivar la atenci\u00f3n plena\u2014ese ejercicio de volver al presente\u2014reduce la tensi\u00f3n y ayuda a gestionar mejor las emociones, mientras que rodearse de gente que apoye y escuche nutre el sentido de pertenencia.\u00a0<\/span><\/p>\n<p><span>En Ecuador, la Misi\u00f3n Solidaria Manuela Espejo evidencia que el bienestar tambi\u00e9n nace de la acci\u00f3n comunitaria. Al acercar asistencia m\u00e9dica y ayudas t\u00e9cnicas a personas con discapacidad, eleva la calidad de vida de familias enteras y deja claro que cuidar al conjunto importa tanto como atender las necesidades individuales.<\/span><\/p>\n<h2><b>\u00bfQu\u00e9 se necesita para generar bienestar?<\/b><\/h2>\n<p><span>Sostener un nivel saludable de bienestar exige la mezcla justa de cuatro ingredientes. Primero est\u00e1 lo personal: la confianza que permite enfrentar decisiones dif\u00edciles y la elasticidad emocional que amortigua los cambios de agenda o de mercado. Luego viene lo social; nadie avanza solo, y una red de apoyo\u2014familia, colegas, comunidad\u2014aporta estabilidad y respaldo cuando surgen contratiempos.<\/span><\/p>\n<p><span>El tercer pilar es el econ\u00f3mico. Acceder a vivienda digna, alimentaci\u00f3n segura y educaci\u00f3n de calidad sostiene la base sobre la que toda persona construye su proyecto de vida. De ah\u00ed que Ecuador impulse el <\/span><i><span>Buen Vivir<\/span><\/i><span> (<\/span><i><span>Sumak Kawsay<\/span><\/i><span>), una visi\u00f3n que busca repartir las oportunidades de forma sostenible y equitativa.\u00a0<\/span><\/p>\n<p><span>El cuarto ingrediente, el ambiental, cierra el c\u00edrculo: aire limpio, agua segura y \u00e1reas verdes elevan la salud f\u00edsica y despejan la mente. No es casual que comunidades rurales que apuestan por energ\u00edas renovables reporten mejoras tangibles en su calidad de vida: cuando la sostenibilidad se integra al d\u00eda a d\u00eda, el bienestar deja de ser teor\u00eda y se vuelve experiencia compartida.<\/span><\/p>\n<p><a href=\"https:\/\/recursos.runahr.com\/kit-bienestar-laboral\"><img decoding=\"async\" class=\"alignnone size-large wp-image-1097917\" src=\"https:\/\/runahr.com\/wp-content\/uploads\/2026\/01\/CEC034-1024x404.webp\" alt=\"Descargar KIT de bienestar laboral\" width=\"800\" height=\"316\" srcset=\"https:\/\/runahr.com\/wp-content\/uploads\/2026\/01\/CEC034-1024x404.webp 1024w, https:\/\/runahr.com\/wp-content\/uploads\/2026\/01\/CEC034-300x118.webp 300w, https:\/\/runahr.com\/wp-content\/uploads\/2026\/01\/CEC034-768x303.webp 768w, https:\/\/runahr.com\/wp-content\/uploads\/2026\/01\/CEC034-1536x606.webp 1536w, https:\/\/runahr.com\/wp-content\/uploads\/2026\/01\/CEC034-2048x808.webp 2048w\" sizes=\"(max-width: 800px) 100vw, 800px\" \/><\/a><\/p>\n<h2><b>\u00bfCu\u00e1l es la diferencia entre salud y bienestar?<\/b><\/h2>\n<p><span>La salud, como la define la OMS, describe ese momento en que el cuerpo y la mente funcionan sin trabas y la persona puede afrontar su rutina sin molestias ni enfermedades. Es una fotograf\u00eda cl\u00ednica que confirma que todo marcha dentro de los rangos normales. El bienestar, en cambio, mira el panorama completo: no solo pregunta por los ex\u00e1menes m\u00e9dicos, sino tambi\u00e9n por la paz interior, la estabilidad del bolsillo, la calidad de las relaciones y el sentido de prop\u00f3sito que acompa\u00f1a a cada jornada.<\/span><\/p>\n<p><span>En otras palabras, la salud eval\u00faa si el motor est\u00e1 en buen estado; el bienestar revisa adem\u00e1s si el conductor se siente a gusto con el viaje. As\u00ed, alguien puede recibir un visto bueno del m\u00e9dico y aun as\u00ed sentir que algo falta\u2014quiz\u00e1 equilibrio emocional, una red de apoyo o metas que le inspiren. Por eso, hablar de vivir plenamente exige ir m\u00e1s all\u00e1 de los chequeos y abarcar todos los factores que convierten la salud en una experiencia integral.<\/span><\/p>\n<h2><b>\u00bfCu\u00e1les son los tipos de bienestar que existen en Ecuador?<\/b><\/h2>\n<p><span>En el pa\u00eds, el bienestar se lee a la luz del Buen Vivir \u2014o Sumak Kawsay\u2014, una mirada que busca armonizar a la persona con su comunidad y su entorno natural. La dimensi\u00f3n f\u00edsica ocupa un lugar central: comer de forma equilibrada, moverse con regularidad y contar con un sistema de salud accesible son pilares que el IESS respalda a trav\u00e9s de coberturas m\u00e9dicas y programas de prevenci\u00f3n.<\/span><\/p>\n<p><span>El equilibrio mental y emocional cobra fuerza en iniciativas como Huertoman\u00edas, que combina huertos terap\u00e9uticos y espacios laborales para personas con trastornos psicol\u00f3gicos, demostrando que la inclusi\u00f3n social tambi\u00e9n sana. Esa arista social se fortalece con los proyectos del MIES, orientados a integrar a los grupos m\u00e1s vulnerables y a tejer redes de apoyo que sostienen la cohesi\u00f3n colectiva.<\/span><\/p>\n<p><span>La estabilidad econ\u00f3mica, otro ingrediente clave, se construye con empleo digno y seguridad financiera; aqu\u00ed el IESS vuelve a aparecer con jubilaciones y seguros de desempleo que amortiguan los tropiezos laborales. El componente espiritual, muy marcado en las comunidades ind\u00edgenas, recuerda que vivir bien implica respetar la tierra y las tradiciones; el <\/span><i><span>Sumak Kawsay<\/span><\/i><span> propone justamente esa convivencia arm\u00f3nica.\u00a0<\/span><\/p>\n<p><span>Y todo se cierra con la dimensi\u00f3n ambiental: respirar aire limpio y proteger la biodiversidad incide directamente en la salud. L\u00edderes como Nemonte Nenquimo, al defender la Amazon\u00eda, ponen de relieve que cuidar los ecosistemas es, tambi\u00e9n, cuidar el bienestar de quienes los habitan.<\/span><\/p>\n<h2><b>\u00bfEn qu\u00e9 consiste el bienestar en el trabajo?<\/b><\/h2>\n<p><span>En la pr\u00e1ctica ecuatoriana, hablar de bienestar laboral va m\u00e1s all\u00e1 de \u201ctener empleo\u201d: significa desempe\u00f1arse en un ambiente que cuide la salud f\u00edsica y mental, con puestos ergon\u00f3micos, jornadas seguras y acceso a servicios m\u00e9dicos.\u00a0<\/span><\/p>\n<p><span>Muchas compa\u00f1\u00edas introducen pausas activas o talleres de manejo del estr\u00e9s para mitigar el desgaste del d\u00eda a d\u00eda. Tan importante como la salud es el equilibrio vida\u2013trabajo. Horarios flexibles, teletrabajo o esquemas h\u00edbridos \u2014cada vez m\u00e1s comunes en Quito y Guayaquil\u2014 permiten cumplir objetivos sin sacrificar la vida personal.\u00a0<\/span><\/p>\n<p><span>A todo esto se suma un clima de respeto y colaboraci\u00f3n que favorezca relaciones sanas. Rutas claras de desarrollo \u2014formaciones, mentor\u00edas, planes de carrera\u2014 que mantengan viva la motivaci\u00f3n del equipo.<\/span><\/p>\n<h2><b>\u00bfCu\u00e1les son los beneficios del bienestar en el entorno laboral?<\/b><\/h2>\n<p><span>Cuando el colaborador se siente bien, la ecuaci\u00f3n beneficia a ambos lados: el empleado gana satisfacci\u00f3n y estabilidad emocional; la empresa ve reflejado ese bienestar en mayor productividad, menos ausentismo y una rotaci\u00f3n m\u00e1s baja.\u00a0<\/span><\/p>\n<p><span>Un equipo motivado trabaja con mayor eficiencia y creatividad, y la organizaci\u00f3n que prioriza estas pol\u00edticas se vuelve im\u00e1n de talento en el mercado ecuatoriano. Adem\u00e1s, al reducirse las enfermedades laborales y las licencias m\u00e9dicas, disminuyen los costos operativos, reforzando la rentabilidad y la sostenibilidad del negocio.<\/span><\/p>\n<h2><b>\u00bfC\u00f3mo los recursos humanos fomentan el bienestar en el trabajo?<\/b><\/h2>\n<p><span>En las empresas ecuatorianas, el equipo de RR. HH. ha ido m\u00e1s all\u00e1 de la simple gesti\u00f3n de n\u00f3mina: dise\u00f1a programas de bienestar integral que combinan salud f\u00edsica, apoyo psicol\u00f3gico y desarrollo personal.\u00a0<\/span><\/p>\n<p><span>No es raro encontrar convenios con gimnasios, acceso a terapias o talleres sobre manejo del estr\u00e9s. Iniciativas que reducen el ausentismo y elevan la moral del equipo. Al mismo tiempo, el \u00e1rea vela por un entorno seguro. Revisa que la normativa de seguridad laboral se cumpla y act\u00faa de forma preventiva para evitar riesgos que puedan afectar la salud del trabajador.\u00a0<\/span><\/p>\n<p><span>La flexibilidad horaria y las licencias extendidas completan este enfoque, permitiendo que la vida personal y profesional se mantengan en equilibrio.<\/span><\/p>\n<p><span>Formar l\u00edderes que entiendan y valoren el bienestar es el siguiente paso. A trav\u00e9s de capacitaciones, RR. HH. ense\u00f1a a jefes y supervisores a motivar, escuchar y apoyar a sus equipos, construyendo una cultura basada en el respeto y la colaboraci\u00f3n. Con estas pr\u00e1cticas, la organizaci\u00f3n no solo cuida a su gente: tambi\u00e9n fortalece la productividad y refuerza su reputaci\u00f3n como empleador de referencia.<\/span><\/p>\n<p><span>El bienestar deja de ser un concepto abstracto cuando se integra, de forma tangible, en la vida diaria de los trabajadores y se alinea con la filosof\u00eda del Buen Vivir ecuatoriano. Equilibra lo individual, lo social y lo ambiental. Para las empresas, invertir en salud f\u00edsica y emocional, estabilidad financiera y relaciones sanas se traduce en empleados m\u00e1s comprometidos y resultados sostenidos.<\/span><\/p>\n<p><span>Al final, alcanzar un estado de bienestar exige un enfoque integral y cotidiano: h\u00e1bitos saludables, apoyo mutuo y entornos laborales respetuosos. Con peque\u00f1as acciones coherentes, es posible construir organizaciones m\u00e1s fuertes y, en consecuencia, una sociedad ecuatoriana m\u00e1s saludable y satisfecha.<\/span><\/p>\n<p><a href=\"https:\/\/recursos.runahr.com\/guia-metricas-dei\"><img decoding=\"async\" class=\"alignnone size-large wp-image-1098653\" src=\"https:\/\/runahr.com\/wp-content\/uploads\/2026\/01\/CEC011-1024x405.webp\" alt=\"Ver ahora gu\u00eda de m\u00e9tricas DEI\" width=\"800\" height=\"316\" srcset=\"https:\/\/runahr.com\/wp-content\/uploads\/2026\/01\/CEC011-1024x405.webp 1024w, https:\/\/runahr.com\/wp-content\/uploads\/2026\/01\/CEC011-300x119.webp 300w, https:\/\/runahr.com\/wp-content\/uploads\/2026\/01\/CEC011-768x304.webp 768w, https:\/\/runahr.com\/wp-content\/uploads\/2026\/01\/CEC011-1536x607.webp 1536w, https:\/\/runahr.com\/wp-content\/uploads\/2026\/01\/CEC011-2048x809.webp 2048w\" sizes=\"(max-width: 800px) 100vw, 800px\" \/><\/a><\/p>\n","protected":false},"excerpt":{"rendered":"<p>Hablamos de bienestar cuando una persona siente que su vida est\u00e1 en balance: el cuerpo responde, las emociones fluyen sin sobresaltos y las relaciones con los dem\u00e1s y con uno mismo marchan en armon\u00eda. No basta con \u201cno estar enfermo\u201d; se trata de levantarse con energ\u00eda, cerrar el d\u00eda con calma y sentirse conectado al [&hellip;]<\/p>\n","protected":false},"author":97,"featured_media":1005345,"comment_status":"open","ping_status":"open","sticky":false,"template":"","format":"standard","meta":{"_acf_changed":false,"_wp_applaud_exclude":false,"footnotes":""},"categories":[1573],"tags":[1592,1804],"class_list":["post-1005344","post","type-post","status-publish","format-standard","has-post-thumbnail","hentry","category-recursos-humanos","tag-articulo-ec","tag-recursos-humanos-5"],"acf":[],"yoast_head":"<!-- This site is optimized with the Yoast SEO Premium plugin v26.1 (Yoast SEO v27.5) - https:\/\/yoast.com\/product\/yoast-seo-premium-wordpress\/ -->\n<title>Bienestar: \u00bfQu\u00e9 es? \u00bfC\u00f3mo se puede mejorar? | EC | Runa HR<\/title>\n<meta name=\"description\" content=\"El bienestar en Ecuador es clave para una vida plena. Descubre su importancia y los diferentes tipos de bienestar.\" \/>\n<meta name=\"robots\" content=\"index, follow, max-snippet:-1, max-image-preview:large, max-video-preview:-1\" \/>\n<link rel=\"canonical\" href=\"https:\/\/runahr.com\/ec\/recursos\/recursos-humanos\/bienestar\/\" \/>\n<meta property=\"og:locale\" content=\"es_ES\" \/>\n<meta property=\"og:type\" content=\"article\" \/>\n<meta property=\"og:title\" content=\"Bienestar: \u00bfQu\u00e9 es? \u00bfC\u00f3mo se puede mejorar? | EC | Runa HR\" \/>\n<meta property=\"og:description\" content=\"El bienestar en Ecuador es clave para una vida plena. Descubre su importancia y los diferentes tipos de bienestar.\" \/>\n<meta property=\"og:url\" content=\"https:\/\/runahr.com\/ec\/recursos\/recursos-humanos\/bienestar\/\" \/>\n<meta property=\"og:site_name\" content=\"Runa HR\" \/>\n<meta property=\"article:publisher\" content=\"https:\/\/www.facebook.com\/runahr\/\" \/>\n<meta property=\"article:published_time\" content=\"2025-07-24T11:55:04+00:00\" \/>\n<meta property=\"article:modified_time\" content=\"2026-03-03T00:35:00+00:00\" \/>\n<meta property=\"og:image\" content=\"https:\/\/runahr.com\/wp-content\/uploads\/2025\/07\/bienestar-3.png\" \/>\n\t<meta property=\"og:image:width\" content=\"2048\" \/>\n\t<meta property=\"og:image:height\" content=\"856\" \/>\n\t<meta property=\"og:image:type\" content=\"image\/png\" \/>\n<meta name=\"author\" content=\"Dora Castro\" \/>\n<meta name=\"twitter:card\" content=\"summary_large_image\" \/>\n<meta name=\"twitter:creator\" content=\"@runahr\" \/>\n<meta name=\"twitter:site\" content=\"@runahr\" \/>\n<meta name=\"twitter:label1\" content=\"Escrito por\" \/>\n\t<meta name=\"twitter:data1\" content=\"Dora Castro\" \/>\n\t<meta name=\"twitter:label2\" content=\"Tiempo de lectura\" \/>\n\t<meta name=\"twitter:data2\" content=\"10 minutos\" \/>\n<!-- \/ Yoast SEO Premium plugin. -->","yoast_head_json":{"title":"Bienestar: \u00bfQu\u00e9 es? \u00bfC\u00f3mo se puede mejorar? | EC | Runa HR","description":"El bienestar en Ecuador es clave para una vida plena. Descubre su importancia y los diferentes tipos de bienestar.","robots":{"index":"index","follow":"follow","max-snippet":"max-snippet:-1","max-image-preview":"max-image-preview:large","max-video-preview":"max-video-preview:-1"},"canonical":"https:\/\/runahr.com\/ec\/recursos\/recursos-humanos\/bienestar\/","og_locale":"es_ES","og_type":"article","og_title":"Bienestar: \u00bfQu\u00e9 es? \u00bfC\u00f3mo se puede mejorar? | EC | Runa HR","og_description":"El bienestar en Ecuador es clave para una vida plena. Descubre su importancia y los diferentes tipos de bienestar.","og_url":"https:\/\/runahr.com\/ec\/recursos\/recursos-humanos\/bienestar\/","og_site_name":"Runa HR","article_publisher":"https:\/\/www.facebook.com\/runahr\/","article_published_time":"2025-07-24T11:55:04+00:00","article_modified_time":"2026-03-03T00:35:00+00:00","og_image":[{"width":2048,"height":856,"url":"https:\/\/runahr.com\/wp-content\/uploads\/2025\/07\/bienestar-3.png","type":"image\/png"}],"author":"Dora Castro","twitter_card":"summary_large_image","twitter_creator":"@runahr","twitter_site":"@runahr","twitter_misc":{"Escrito por":"Dora Castro","Tiempo de lectura":"10 minutos"},"schema":{"@context":"https:\/\/schema.org","@graph":[{"@type":"Article","@id":"https:\/\/runahr.com\/ec\/recursos\/recursos-humanos\/bienestar\/#article","isPartOf":{"@id":"https:\/\/runahr.com\/ec\/recursos\/recursos-humanos\/bienestar\/"},"author":{"name":"Dora Castro","@id":"https:\/\/runahr.com\/ec\/#\/schema\/person\/0afd2920163e10ebcc7f34f8192ef9a8"},"headline":"Bienestar: \u00bfQu\u00e9 es? \u00bfC\u00f3mo se puede mejorar?","datePublished":"2025-07-24T11:55:04+00:00","dateModified":"2026-03-03T00:35:00+00:00","mainEntityOfPage":{"@id":"https:\/\/runahr.com\/ec\/recursos\/recursos-humanos\/bienestar\/"},"wordCount":2069,"commentCount":0,"publisher":{"@id":"https:\/\/runahr.com\/ec\/#organization"},"image":{"@id":"https:\/\/runahr.com\/ec\/recursos\/recursos-humanos\/bienestar\/#primaryimage"},"thumbnailUrl":"https:\/\/runahr.com\/wp-content\/uploads\/2025\/07\/bienestar-3.png","keywords":["Art\u00edculo","Recursos humanos"],"articleSection":["Recursos humanos"],"inLanguage":"es","potentialAction":[{"@type":"CommentAction","name":"Comment","target":["https:\/\/runahr.com\/ec\/recursos\/recursos-humanos\/bienestar\/#respond"]}]},{"@type":"WebPage","@id":"https:\/\/runahr.com\/ec\/recursos\/recursos-humanos\/bienestar\/","url":"https:\/\/runahr.com\/ec\/recursos\/recursos-humanos\/bienestar\/","name":"Bienestar: \u00bfQu\u00e9 es? \u00bfC\u00f3mo se puede mejorar? | EC | Runa HR","isPartOf":{"@id":"https:\/\/runahr.com\/ec\/#website"},"primaryImageOfPage":{"@id":"https:\/\/runahr.com\/ec\/recursos\/recursos-humanos\/bienestar\/#primaryimage"},"image":{"@id":"https:\/\/runahr.com\/ec\/recursos\/recursos-humanos\/bienestar\/#primaryimage"},"thumbnailUrl":"https:\/\/runahr.com\/wp-content\/uploads\/2025\/07\/bienestar-3.png","datePublished":"2025-07-24T11:55:04+00:00","dateModified":"2026-03-03T00:35:00+00:00","description":"El bienestar en Ecuador es clave para una vida plena. Descubre su importancia y los diferentes tipos de bienestar.","breadcrumb":{"@id":"https:\/\/runahr.com\/ec\/recursos\/recursos-humanos\/bienestar\/#breadcrumb"},"inLanguage":"es","potentialAction":[{"@type":"ReadAction","target":["https:\/\/runahr.com\/ec\/recursos\/recursos-humanos\/bienestar\/"]}]},{"@type":"ImageObject","inLanguage":"es","@id":"https:\/\/runahr.com\/ec\/recursos\/recursos-humanos\/bienestar\/#primaryimage","url":"https:\/\/runahr.com\/wp-content\/uploads\/2025\/07\/bienestar-3.png","contentUrl":"https:\/\/runahr.com\/wp-content\/uploads\/2025\/07\/bienestar-3.png","width":2048,"height":856,"caption":"bienestar"},{"@type":"BreadcrumbList","@id":"https:\/\/runahr.com\/ec\/recursos\/recursos-humanos\/bienestar\/#breadcrumb","itemListElement":[{"@type":"ListItem","position":1,"name":"Home","item":"https:\/\/runahr.com\/ec\/"},{"@type":"ListItem","position":2,"name":"Recursos","item":"https:\/\/runahr.com\/ec\/category\/recursos\/"},{"@type":"ListItem","position":3,"name":"Recursos humanos","item":"https:\/\/runahr.com\/ec\/category\/recursos\/recursos-humanos\/"},{"@type":"ListItem","position":4,"name":"Bienestar: \u00bfQu\u00e9 es? \u00bfC\u00f3mo se puede mejorar?"}]},{"@type":"WebSite","@id":"https:\/\/runahr.com\/ec\/#website","url":"https:\/\/runahr.com\/ec\/","name":"Runa HR","description":"Software de N\u00f3mina y Gesti\u00f3n de RRHH","publisher":{"@id":"https:\/\/runahr.com\/ec\/#organization"},"potentialAction":[{"@type":"SearchAction","target":{"@type":"EntryPoint","urlTemplate":"https:\/\/runahr.com\/ec\/?s={search_term_string}"},"query-input":{"@type":"PropertyValueSpecification","valueRequired":true,"valueName":"search_term_string"}}],"inLanguage":"es"},{"@type":"Organization","@id":"https:\/\/runahr.com\/ec\/#organization","name":"Runa HR","url":"https:\/\/runahr.com\/ec\/","logo":{"@type":"ImageObject","inLanguage":"es","@id":"https:\/\/runahr.com\/ec\/#\/schema\/logo\/image\/","url":"https:\/\/runahr.com\/wp-content\/uploads\/2018\/05\/xDzHFcQY_400x400.jpg","contentUrl":"https:\/\/runahr.com\/wp-content\/uploads\/2018\/05\/xDzHFcQY_400x400.jpg","width":400,"height":400,"caption":"Runa HR"},"image":{"@id":"https:\/\/runahr.com\/ec\/#\/schema\/logo\/image\/"},"sameAs":["https:\/\/www.facebook.com\/runahr\/","https:\/\/x.com\/runahr","https:\/\/www.instagram.com\/runahr\/","https:\/\/mx.linkedin.com\/company\/runahr","https:\/\/www.youtube.com\/channel\/UCAZ21FupFMLIb1c7PPaU6Ew"]},{"@type":"Person","@id":"https:\/\/runahr.com\/ec\/#\/schema\/person\/0afd2920163e10ebcc7f34f8192ef9a8","name":"Dora Castro","image":{"@type":"ImageObject","inLanguage":"es","@id":"https:\/\/secure.gravatar.com\/avatar\/36f1f364d0d697444743f8bf137e2d7ab5ff025fb70c423e7b01941f764c925f?s=96&d=mm&r=g","url":"https:\/\/secure.gravatar.com\/avatar\/36f1f364d0d697444743f8bf137e2d7ab5ff025fb70c423e7b01941f764c925f?s=96&d=mm&r=g","contentUrl":"https:\/\/secure.gravatar.com\/avatar\/36f1f364d0d697444743f8bf137e2d7ab5ff025fb70c423e7b01941f764c925f?s=96&d=mm&r=g","caption":"Dora Castro"},"url":"https:\/\/runahr.com\/ec\/author\/dora_castro\/"}]}},"_links":{"self":[{"href":"https:\/\/runahr.com\/ec\/wp-json\/wp\/v2\/posts\/1005344","targetHints":{"allow":["GET"]}}],"collection":[{"href":"https:\/\/runahr.com\/ec\/wp-json\/wp\/v2\/posts"}],"about":[{"href":"https:\/\/runahr.com\/ec\/wp-json\/wp\/v2\/types\/post"}],"author":[{"embeddable":true,"href":"https:\/\/runahr.com\/ec\/wp-json\/wp\/v2\/users\/97"}],"replies":[{"embeddable":true,"href":"https:\/\/runahr.com\/ec\/wp-json\/wp\/v2\/comments?post=1005344"}],"version-history":[{"count":0,"href":"https:\/\/runahr.com\/ec\/wp-json\/wp\/v2\/posts\/1005344\/revisions"}],"wp:featuredmedia":[{"embeddable":true,"href":"https:\/\/runahr.com\/ec\/wp-json\/wp\/v2\/media\/1005345"}],"wp:attachment":[{"href":"https:\/\/runahr.com\/ec\/wp-json\/wp\/v2\/media?parent=1005344"}],"wp:term":[{"taxonomy":"category","embeddable":true,"href":"https:\/\/runahr.com\/ec\/wp-json\/wp\/v2\/categories?post=1005344"},{"taxonomy":"post_tag","embeddable":true,"href":"https:\/\/runahr.com\/ec\/wp-json\/wp\/v2\/tags?post=1005344"}],"curies":[{"name":"wp","href":"https:\/\/api.w.org\/{rel}","templated":true}]}}