{"id":1071054,"date":"2025-09-05T16:12:19","date_gmt":"2025-09-05T22:12:19","guid":{"rendered":"https:\/\/runahr.com\/?p=1071054"},"modified":"2026-01-28T21:26:38","modified_gmt":"2026-01-29T03:26:38","slug":"clima-laboral","status":"publish","type":"post","link":"https:\/\/runahr.com\/ec\/recursos\/recursos-humanos\/clima-laboral\/","title":{"rendered":"Clima laboral: \u00bfPor qu\u00e9 es importante? \u00bfC\u00f3mo medirlo?"},"content":{"rendered":"<p><span>En el pasado habl\u00e1bamos del \u201cambiente de trabajo\u201d casi como una nota al pie en la agenda de gesti\u00f3n de personas. Hoy esa expresi\u00f3n se queda corta. El clima laboral es, en esencia, el term\u00f3metro que nos dice cu\u00e1nta vida late dentro de la empresa: revela si nuestra cultura respira bien, si el <\/span><a href=\"https:\/\/runahr.com\/ec\/recursos\/salario\/liderazgo\/\"><span>liderazgo<\/span><\/a><span> inspira de verdad y si el equipo tiene la flexibilidad suficiente para surfear los cambios sin romperse.<\/span><\/p>\n<p><span>En el Ecuador de hoy \u2014marcado por modelos h\u00edbridos, generaciones que piensan distinto y una competencia que no afloja\u2014 un buen ambiente de trabajo es la llave para atraer talento fresco, cuidar el conocimiento que ya tenemos y mantener el motor de la productividad en marcha. Dejarlo de lado ya no cabe: los colaboradores comparten sus vivencias en segundos, los clientes valoran la coherencia entre lo que decimos y hacemos, y los inversionistas escudri\u00f1an la \u201csalud humana\u201d que sostiene cada cifra del balance.<\/span><\/p>\n<h2><b>\u00bfQu\u00e9 es el clima laboral en Ecuador?<\/b><\/h2>\n<p><span>Hablar de clima laboral es describir la atm\u00f3sfera que se respira a diario en una empresa: c\u00f3mo se tratan las personas, qu\u00e9 nivel de confianza existe con los jefes, cu\u00e1nto se valora el esfuerzo individual y c\u00f3mo se comunican las decisiones importantes. No se mide en grados Celsius, sino en percepciones compartidas: la suma de sentimientos y experiencias que los colaboradores intercambian y validan colectivamente.<\/span><\/p>\n<p><span>En el contexto ecuatoriano, estas percepciones est\u00e1n te\u00f1idas por la cultura local. La estructura jer\u00e1rquica sigue siendo fuerte, el respeto a la autoridad pesa y las relaciones personales importan tanto como los indicadores de desempe\u00f1o. Al mismo tiempo, nuevas generaciones exigen liderazgos menos verticales, di\u00e1logos m\u00e1s abiertos y oportunidades reales de crecimiento. Cuando esas demandas se encuentran \u2014o chocan\u2014 con la cultura existente, nace la percepci\u00f3n de \u201cbuen\u201d o \u201cmal\u201d clima.<\/span><\/p>\n<p><span>No hay que confundir clima con satisfacci\u00f3n personal aislada. Puedes tener empleados contentos con su salario, pero frustrados por la falta de <\/span><a href=\"https:\/\/runahr.com\/ec\/recursos\/recursos-humanos\/reconocimiento\/\"><span>reconocimiento<\/span><\/a><span>; o colaboradores que adoran a sus colegas, pero se sienten inseguros ante la situaci\u00f3n econ\u00f3mica del pa\u00eds. El clima es, por tanto, un mosaico complejo que refleja tanto las pol\u00edticas internas como los vaivenes externos y la idiosincrasia ecuatoriana. Comprenderlo exige escuchar, medir y contextualizar.<\/span><\/p>\n<p><a href=\"https:\/\/recursos.runahr.com\/dashboard-de-rrhh\"><img fetchpriority=\"high\" decoding=\"async\" class=\"alignnone size-large wp-image-1097735\" src=\"https:\/\/runahr.com\/wp-content\/uploads\/2026\/01\/CEC017-1024x404.webp\" alt=\"Descargar dashboard de RRHH\" width=\"800\" height=\"316\" srcset=\"https:\/\/runahr.com\/wp-content\/uploads\/2026\/01\/CEC017-1024x404.webp 1024w, https:\/\/runahr.com\/wp-content\/uploads\/2026\/01\/CEC017-300x118.webp 300w, https:\/\/runahr.com\/wp-content\/uploads\/2026\/01\/CEC017-768x303.webp 768w, https:\/\/runahr.com\/wp-content\/uploads\/2026\/01\/CEC017-1536x606.webp 1536w, https:\/\/runahr.com\/wp-content\/uploads\/2026\/01\/CEC017-2048x808.webp 2048w\" sizes=\"(max-width: 800px) 100vw, 800px\" \/><\/a><\/p>\n<h2><b>\u00bfPara qu\u00e9 sirve el clima laboral?<\/b><\/h2>\n<p><span>El primer beneficio es preventivo: un term\u00f3metro de clima permite detectar tensiones antes de que se conviertan en rotaci\u00f3n, ausentismo o baja productividad. Cuando las encuestas revelan cansancio extremo o sensaci\u00f3n de inequidad, la empresa puede actuar a tiempo con programas de bienestar, ajustes salariales o formaci\u00f3n en liderazgo.<\/span><\/p>\n<p><span>En segundo lugar, el clima se\u00f1ala rutas estrat\u00e9gicas. Un resultado alto en sentido de pertenencia, por ejemplo, sugiere que vale la pena reforzar programas de reconocimiento. Un puntaje bajo en \u201coportunidades de desarrollo\u201d alerta sobre la urgencia de crear planes de carrera. As\u00ed, RR. HH. y la direcci\u00f3n convierten la voz de los colaboradores en decisiones basadas en evidencia.<\/span><\/p>\n<p><span>Finalmente, un clima saludable se traduce en reputaci\u00f3n. Los empleados se convierten en embajadores espont\u00e1neos, las redes sociales amplifican las buenas pr\u00e1cticas y los candidatos de alto potencial se sienten atra\u00eddos por la empresa. En mercados donde la rotaci\u00f3n puede superar el 14 % anual, este efecto im\u00e1n es m\u00e1s que bienvenido: ahorra costos de reclutamiento y protege el conocimiento acumulado.<\/span><\/p>\n<h2><b>\u00bfC\u00f3mo funciona el clima laboral en una empresa?<\/b><\/h2>\n<p><span>El clima nace de miles de micro-interacciones cotidianas: un correo respetuoso, una reuni\u00f3n bien conducida, un feedback constructivo o, en el extremo opuesto, un comentario hiriente. Con el tiempo, esos gestos se convierten en patrones y los patrones en cultura. Por eso se dice que \u201cel clima se respira\u201d: est\u00e1 en todo, aunque pocas veces se nombre expl\u00edcitamente.<\/span><\/p>\n<p><span>Para capturar esa atm\u00f3sfera se utilizan mediciones peri\u00f3dicas. Las encuestas an\u00f3nimas siguen siendo la herramienta estrella, pero ya no son las \u00fanicas. Focus groups, entrevistas en profundidad y \u201cpulse surveys\u201d digitales completan la foto con matices cualitativos. Lo importante es que las mediciones sean confiables, alcancen a la mayor parte del equipo y garanticen confidencialidad.<\/span><\/p>\n<p><span>Una vez analizados los resultados, llega la parte decisiva: dise\u00f1ar planes de acci\u00f3n. Esto implica traducir porcentajes en compromisos claros ( \u201cformaremos a todos los l\u00edderes en escucha activa\u201d, \u201crevisaremos la equidad salarial del \u00e1rea de ventas\u201d ), asignar responsables y comunicar avances. Sin ese ciclo de mejora, las encuestas terminan siendo papel mojado y el escepticismo se instala m\u00e1s r\u00e1pido que cualquier iniciativa de bienestar.<\/span><\/p>\n<h2><b>\u00bfQu\u00e9 factores influyen en el clima laboral en Ecuador?<\/b><\/h2>\n<p><span>El liderazgo encabeza la lista. Un jefe que escucha, reconoce y empodera genera confianza; uno que grita, opaca o microgestiona siembra temor y apat\u00eda. En un pa\u00eds donde las jerarqu\u00edas a\u00fan pesan, la calidad humana de los mandos medios puede elevar o hundir la motivaci\u00f3n colectiva.<\/span><\/p>\n<p><span>Las condiciones laborales van de la mano. Hablar de clima no es solo hablar de emociones: tambi\u00e9n cuenta la ergonom\u00eda del puesto, la claridad de los roles, la carga de trabajo y la percepci\u00f3n de justicia salarial. En tiempos de inflaci\u00f3n o incertidumbre econ\u00f3mica, la sensaci\u00f3n de estabilidad se vuelve combustible \u2014o veneno\u2014 para el buen ambiente.<\/span><\/p>\n<p><span>Finalmente, la comunicaci\u00f3n interna hace de pegamento. Canales opacos, rumores y silencios prolongados alimentan la desconfianza. Por el contrario, mensajes transparentes y espacios de di\u00e1logo refuerzan la seguridad psicol\u00f3gica. Si a esto sumamos reconocimiento frecuente y oportunidades de desarrollo, los ingredientes para un clima sano empiezan a alinearse.<\/span><\/p>\n<h2><b>\u00bfPor qu\u00e9 es importante el clima laboral hoy?<\/b><\/h2>\n<p><span>Porque la productividad depende cada vez m\u00e1s de la motivaci\u00f3n y la creatividad \u2014dos variables que florecen s\u00f3lo en ambientes sanos. Las cifras lo confirman: empresas con buen clima reportan m\u00e1s innovaci\u00f3n, menos accidentes y mayores ingresos por colaborador.<\/span><\/p>\n<p><span>Porque la guerra por el talento se libra en la experiencia diaria. Los profesionales j\u00f3venes comparan empresas no solo por sueldo, sino por cultura, flexibilidad y prop\u00f3sito. Un clima t\u00f3xico se filtra en redes y espanta candidatos antes incluso de la entrevista.<\/span><\/p>\n<p><span>Y porque el trabajo h\u00edbrido desaf\u00eda la cohesi\u00f3n. Cuando la oficina se reparte entre Zoom y espacios f\u00edsicos, es m\u00e1s f\u00e1cil sentirse aislado. Un clima robusto act\u00faa como puente: conecta, inspira y mantiene viva la identidad colectiva, sin importar d\u00f3nde est\u00e9 cada persona.<\/span><\/p>\n<h2><b>\u00bfQui\u00e9n puede usar el clima laboral como herramienta?<\/b><\/h2>\n<p><span>Antes de hablar de cargos y responsabilidades conviene subrayar una idea: el clima laboral no \u201cpertenece\u201d a un departamento, sino que atraviesa a toda la organizaci\u00f3n. Desde el momento en que una persona env\u00eda su CV hasta el d\u00eda en que firma su carta de retiro, cada interacci\u00f3n deja huella en la atm\u00f3sfera colectiva. Por eso los resultados de una encuesta de clima deber\u00edan interesar tanto al director general como al practicante de primer semestre.<\/span><\/p>\n<ul>\n<li style=\"font-weight: 400;\" aria-level=\"1\"><b>CEO y alta direcci\u00f3n<\/b><span>: Toman el pulso cultural para alinear estrategia y valores, priorizar inversiones en talento y anticipar riesgos reputacionales.<\/span><\/li>\n<li style=\"font-weight: 400;\" aria-level=\"1\"><b>Recursos humanos<\/b><span>: Dise\u00f1a encuestas, interpreta datos y lidera planes de acci\u00f3n, convirtiendo percepciones en pol\u00edticas de desarrollo, compensaci\u00f3n y bienestar.<\/span><\/li>\n<li style=\"font-weight: 400;\" aria-level=\"1\"><b>L\u00edderes de equipo<\/b><span>: Transforman los resultados en h\u00e1bitos cotidianos de comunicaci\u00f3n, reconocimiento y feedback; son el rostro m\u00e1s visible del clima para cada colaborador.<\/span><\/li>\n<li style=\"font-weight: 400;\" aria-level=\"1\"><b>Comit\u00e9s de cultura o bienestar<\/b><span>: Canalizan iniciativas, proponen actividades y vigilan que las mejoras no se queden en el papel. Son la fuerza operativa que hace tangible el cambio.<\/span><\/li>\n<\/ul>\n<p><span>As\u00ed, el clima deja de ser un concepto abstracto y se convierte en una herramienta compartida, con responsabilidades distribuidas en toda la organizaci\u00f3n.<\/span><\/p>\n<p><a href=\"https:\/\/recursos.runahr.com\/guia-de-principales-metricas-de-rrhh\"><img decoding=\"async\" class=\"alignnone size-large wp-image-1097655\" src=\"https:\/\/runahr.com\/wp-content\/uploads\/2026\/01\/CEC012-1024x405.webp\" alt=\"Descargar gu\u00eda de principales m\u00e9tricas de RRHH\" width=\"800\" height=\"316\" srcset=\"https:\/\/runahr.com\/wp-content\/uploads\/2026\/01\/CEC012-1024x405.webp 1024w, https:\/\/runahr.com\/wp-content\/uploads\/2026\/01\/CEC012-300x119.webp 300w, https:\/\/runahr.com\/wp-content\/uploads\/2026\/01\/CEC012-768x304.webp 768w, https:\/\/runahr.com\/wp-content\/uploads\/2026\/01\/CEC012-1536x607.webp 1536w, https:\/\/runahr.com\/wp-content\/uploads\/2026\/01\/CEC012-2048x809.webp 2048w\" sizes=\"(max-width: 800px) 100vw, 800px\" \/><\/a><\/p>\n<h2><b>\u00bfQu\u00e9 tipos de clima laboral existen?<\/b><\/h2>\n<p><span>Un clima positivo se reconoce porque la gente colabora, celebra logros y se siente segura para proponer ideas. La creatividad fluye y los errores se procesan como aprendizajes.<\/span><\/p>\n<p><span>En un clima autoritario o paternalista predominan el control y la dependencia. Funciona a medias: ofrece estabilidad, pero limita la innovaci\u00f3n y frena la autonom\u00eda.<\/span><\/p>\n<p><span>El clima indiferente huele a apat\u00eda: cada quien cumple con lo m\u00ednimo, evita involucrarse y cuenta las horas para terminar la jornada. La rotaci\u00f3n y el ausentismo se disparan.<\/span><\/p>\n<p><span>El extremo es el clima t\u00f3xico, donde imperan la desconfianza, el acoso o la competencia desleal. Aqu\u00ed no hay estrategia de negocio que sobreviva: la fuga de talento y el da\u00f1o reputacional son inminentes.<\/span><\/p>\n<p><span>Conocer estas categor\u00edas ayuda a ponerle nombre a la atm\u00f3sfera interna y, sobre todo, a trazar el camino de transformaci\u00f3n hacia un entorno saludable y productivo.<\/span><\/p>\n<h2><b>\u00bfC\u00f3mo fomentar un buen clima laboral correctamente?<\/b><\/h2>\n<p><span>Primero, practicando la escucha aut\u00e9ntica. No basta con lanzar encuestas; hay que abrir foros, caf\u00e9s virtuales o charlas informales donde las personas se sientan libres de hablar sin consecuencias negativas.<\/span><\/p>\n<p><span>Segundo, formando l\u00edderes humanos. La empat\u00eda no es instinto: se aprende. Programas de inteligencia emocional, mentoring y feedback 360\u00b0 son aliados para transformar jefes en gu\u00edas de confianza.<\/span><\/p>\n<p><span>Tercero, aplicando reconocimiento genuino y oportuno. Un gracias a tiempo, un aplauso p\u00fablico o una nota personalizada multiplican la motivaci\u00f3n m\u00e1s que cualquier cartel motivacional.<\/span><\/p>\n<p><span>Cuarto, protegiendo el equilibrio vida-trabajo y la inclusi\u00f3n. Pol\u00edticas flexibles, licencias justas y respeto a la diversidad no son beneficios extra: son la base para que el talento aporte con plenitud y sin miedo.<\/span><\/p>\n<p><span>Y, finalmente, manteniendo coherencia. Si la direcci\u00f3n predica transparencia, debe practicarla; si habla de innovaci\u00f3n, debe tolerar el error. La credibilidad se construye con el ejemplo diario.<\/span><\/p>\n<h2><b>\u00bfCu\u00e1les son los beneficios del clima laboral?<\/b><\/h2>\n<p><span>Un clima positivo eleva la productividad: las personas motivadas resuelven problemas m\u00e1s r\u00e1pido y con mejor calidad. Tambi\u00e9n disminuye la rotaci\u00f3n, lo que ahorra costos de reclutamiento y preserva el conocimiento cr\u00edtico.<\/span><\/p>\n<p><span>Adem\u00e1s, potencia la innovaci\u00f3n. La seguridad psicol\u00f3gica impulsa a proponer ideas sin temor a la burla o la sanci\u00f3n. En paralelo, refuerza la marca empleadora: las historias de un buen ambiente circulan en redes y atraen talento de alto nivel.<\/span><\/p>\n<p><span>Por \u00faltimo, alinear clima y estrategia facilita el cumplimiento de objetivos. Equipos comprometidos entienden la meta, colaboran entre \u00e1reas y mantienen la disciplina necesaria para alcanzarla, incluso en entornos econ\u00f3micos inciertos como los que vive el pa\u00eds.<\/span><\/p>\n<h2><b>\u00bfC\u00f3mo medir el clima laboral en una empresa?<\/b><\/h2>\n<p><span>Empieza con <\/span><b>encuestas an\u00f3nimas<\/b><span> bien dise\u00f1adas: claras, concisas y adaptadas al lenguaje de la organizaci\u00f3n. Complementa con entrevistas y focus groups para explorar matices que el cuestionario no captura.<\/span><\/p>\n<p><span>No descuides los indicadores indirectos: rotaci\u00f3n, ausentismo, quejas formales o uso de beneficios de salud mental ofrecen pistas objetivas sobre la temperatura emocional del equipo.<\/span><\/p>\n<p><span>Ap\u00f3yate en herramientas digitales que permitan encuestas cortas y frecuentes \u2014las llamadas \u201cpulse surveys\u201d\u2014 y dashboards que muestren la evoluci\u00f3n en tiempo real. Pero recuerda: el valor no est\u00e1 en la m\u00e9trica, sino en la acci\u00f3n. Analiza los hallazgos, prioriza intervenciones, asigna responsables y comunica avances. Sin ese ciclo completo, cualquier medici\u00f3n pierde credibilidad.<\/span><\/p>\n<h2><b>\u00bfCu\u00e1l es el rol de los recursos humanos frente al clima laboral?<\/b><\/h2>\n<p><span>Recursos humanos es el guardi\u00e1n del bienestar: monitorea, alerta y propone. Ante se\u00f1ales de desgaste, dise\u00f1a programas de apoyo psicol\u00f3gico, flexibilidad horaria o desarrollo de liderazgo, seg\u00fan la causa ra\u00edz.<\/span><\/p>\n<p><span>Act\u00faa como traductor entre datos y acci\u00f3n. Convierte porcentajes en planes de mejora, define responsables, fija plazos y, sobre todo, hace seguimiento para evitar que las iniciativas queden en el olvido.<\/span><\/p>\n<p><span>Finalmente, se convierte en facilitador de la mejora continua. Mantiene el ciclo de medir-actuar-comunicar y capacita a los l\u00edderes para que el clima se gestione en el d\u00eda a d\u00eda, no solo cuando llegan los resultados de la encuesta anual. De esta forma, la gesti\u00f3n de personas pasa de ser un tr\u00e1mite operativo a un motor estrat\u00e9gico de cultura y competitividad.<\/span><\/p>\n<h4><b>El clima laboral es cultura en acci\u00f3n<\/b><\/h4>\n<p><span>El clima laboral no es un concepto et\u00e9reo ni un simple dato de la encuesta anual: es la expresi\u00f3n tangible de la cultura organizacional. All\u00ed donde hay conversaciones abiertas, reconocimiento sincero y liderazgo emp\u00e1tico, el negocio florece; donde imperan el miedo y la apat\u00eda, los n\u00fameros terminan reflejando el costo.<\/span><\/p>\n<p><span>Para los l\u00edderes ecuatorianos, gestionar el clima laboral es cuidar la esencia misma de la empresa. Significa escuchar con honestidad, actuar con coherencia y apostar por el bienestar como ventaja competitiva. En un mercado que evoluciona r\u00e1pidamente, ese compromiso con la experiencia humana es el mejor seguro de sostenibilidad, reputaci\u00f3n y crecimiento.<\/span><\/p>\n<p><a href=\"https:\/\/recursos.runahr.com\/ec-guia-salud-mental\"><img decoding=\"async\" class=\"alignnone size-large wp-image-1097759\" src=\"https:\/\/runahr.com\/wp-content\/uploads\/2026\/01\/CEC014-1024x405.webp\" alt=\"Descargar gu\u00eda de salud mental para tu equipo\" width=\"800\" height=\"316\" srcset=\"https:\/\/runahr.com\/wp-content\/uploads\/2026\/01\/CEC014-1024x405.webp 1024w, https:\/\/runahr.com\/wp-content\/uploads\/2026\/01\/CEC014-300x119.webp 300w, https:\/\/runahr.com\/wp-content\/uploads\/2026\/01\/CEC014-768x304.webp 768w, https:\/\/runahr.com\/wp-content\/uploads\/2026\/01\/CEC014-1536x607.webp 1536w, https:\/\/runahr.com\/wp-content\/uploads\/2026\/01\/CEC014-2048x809.webp 2048w\" sizes=\"(max-width: 800px) 100vw, 800px\" \/><\/a><\/p>\n","protected":false},"excerpt":{"rendered":"<p>En el pasado habl\u00e1bamos del \u201cambiente de trabajo\u201d casi como una nota al pie en la agenda de gesti\u00f3n de personas. Hoy esa expresi\u00f3n se queda corta. El clima laboral es, en esencia, el term\u00f3metro que nos dice cu\u00e1nta vida late dentro de la empresa: revela si nuestra cultura respira bien, si el liderazgo inspira [&hellip;]<\/p>\n","protected":false},"author":97,"featured_media":1071055,"comment_status":"closed","ping_status":"closed","sticky":false,"template":"","format":"standard","meta":{"_acf_changed":false,"_wp_applaud_exclude":false,"footnotes":""},"categories":[1799,1573],"tags":[1592,1804],"class_list":["post-1071054","post","type-post","status-publish","format-standard","has-post-thumbnail","hentry","category-recursos","category-recursos-humanos","tag-articulo-ec","tag-recursos-humanos-5"],"acf":[],"yoast_head":"<!-- This site is optimized with the Yoast SEO Premium plugin v26.1 (Yoast SEO v27.5) - https:\/\/yoast.com\/product\/yoast-seo-premium-wordpress\/ -->\n<title>Clima laboral: \u00bfPor qu\u00e9 es importante? \u00bfC\u00f3mo medirlo? | EC | Runa HR<\/title>\n<meta name=\"description\" content=\"El clima laboral es clave para atraer talento y mantener la productividad. Aprende su importancia en el trabajo actual.\" \/>\n<meta name=\"robots\" content=\"index, follow, max-snippet:-1, max-image-preview:large, max-video-preview:-1\" \/>\n<link rel=\"canonical\" href=\"https:\/\/runahr.com\/ec\/recursos\/recursos-humanos\/clima-laboral\/\" \/>\n<meta property=\"og:locale\" content=\"es_ES\" \/>\n<meta property=\"og:type\" content=\"article\" \/>\n<meta property=\"og:title\" content=\"Clima laboral: \u00bfPor qu\u00e9 es importante? \u00bfC\u00f3mo medirlo? | EC | Runa HR\" \/>\n<meta property=\"og:description\" content=\"El clima laboral es clave para atraer talento y mantener la productividad. Aprende su importancia en el trabajo actual.\" \/>\n<meta property=\"og:url\" content=\"https:\/\/runahr.com\/ec\/recursos\/recursos-humanos\/clima-laboral\/\" \/>\n<meta property=\"og:site_name\" content=\"Runa HR\" \/>\n<meta property=\"article:publisher\" content=\"https:\/\/www.facebook.com\/runahr\/\" \/>\n<meta property=\"article:published_time\" content=\"2025-09-05T22:12:19+00:00\" \/>\n<meta property=\"article:modified_time\" content=\"2026-01-29T03:26:38+00:00\" \/>\n<meta property=\"og:image\" content=\"https:\/\/runahr.com\/wp-content\/uploads\/2025\/09\/Clima-laboral--scaled.png\" \/>\n\t<meta property=\"og:image:width\" content=\"2560\" \/>\n\t<meta property=\"og:image:height\" content=\"1070\" \/>\n\t<meta property=\"og:image:type\" content=\"image\/png\" \/>\n<meta name=\"author\" content=\"Dora Castro\" \/>\n<meta name=\"twitter:card\" content=\"summary_large_image\" \/>\n<meta name=\"twitter:creator\" content=\"@runahr\" \/>\n<meta name=\"twitter:site\" content=\"@runahr\" \/>\n<meta name=\"twitter:label1\" content=\"Escrito por\" \/>\n\t<meta name=\"twitter:data1\" content=\"Dora Castro\" \/>\n\t<meta name=\"twitter:label2\" content=\"Tiempo de lectura\" \/>\n\t<meta name=\"twitter:data2\" content=\"10 minutos\" \/>\n<!-- \/ Yoast SEO Premium plugin. -->","yoast_head_json":{"title":"Clima laboral: \u00bfPor qu\u00e9 es importante? \u00bfC\u00f3mo medirlo? | EC | Runa HR","description":"El clima laboral es clave para atraer talento y mantener la productividad. Aprende su importancia en el trabajo actual.","robots":{"index":"index","follow":"follow","max-snippet":"max-snippet:-1","max-image-preview":"max-image-preview:large","max-video-preview":"max-video-preview:-1"},"canonical":"https:\/\/runahr.com\/ec\/recursos\/recursos-humanos\/clima-laboral\/","og_locale":"es_ES","og_type":"article","og_title":"Clima laboral: \u00bfPor qu\u00e9 es importante? \u00bfC\u00f3mo medirlo? | EC | Runa HR","og_description":"El clima laboral es clave para atraer talento y mantener la productividad. Aprende su importancia en el trabajo actual.","og_url":"https:\/\/runahr.com\/ec\/recursos\/recursos-humanos\/clima-laboral\/","og_site_name":"Runa HR","article_publisher":"https:\/\/www.facebook.com\/runahr\/","article_published_time":"2025-09-05T22:12:19+00:00","article_modified_time":"2026-01-29T03:26:38+00:00","og_image":[{"width":2560,"height":1070,"url":"https:\/\/runahr.com\/wp-content\/uploads\/2025\/09\/Clima-laboral--scaled.png","type":"image\/png"}],"author":"Dora Castro","twitter_card":"summary_large_image","twitter_creator":"@runahr","twitter_site":"@runahr","twitter_misc":{"Escrito por":"Dora Castro","Tiempo de lectura":"10 minutos"},"schema":{"@context":"https:\/\/schema.org","@graph":[{"@type":"Article","@id":"https:\/\/runahr.com\/ec\/recursos\/recursos-humanos\/clima-laboral\/#article","isPartOf":{"@id":"https:\/\/runahr.com\/ec\/recursos\/recursos-humanos\/clima-laboral\/"},"author":{"name":"Dora Castro","@id":"https:\/\/runahr.com\/ec\/#\/schema\/person\/0afd2920163e10ebcc7f34f8192ef9a8"},"headline":"Clima laboral: \u00bfPor qu\u00e9 es importante? \u00bfC\u00f3mo medirlo?","datePublished":"2025-09-05T22:12:19+00:00","dateModified":"2026-01-29T03:26:38+00:00","mainEntityOfPage":{"@id":"https:\/\/runahr.com\/ec\/recursos\/recursos-humanos\/clima-laboral\/"},"wordCount":2162,"publisher":{"@id":"https:\/\/runahr.com\/ec\/#organization"},"image":{"@id":"https:\/\/runahr.com\/ec\/recursos\/recursos-humanos\/clima-laboral\/#primaryimage"},"thumbnailUrl":"https:\/\/runahr.com\/wp-content\/uploads\/2025\/09\/Clima-laboral--scaled.png","keywords":["Art\u00edculo","Recursos humanos"],"articleSection":["Recursos","Recursos humanos"],"inLanguage":"es"},{"@type":"WebPage","@id":"https:\/\/runahr.com\/ec\/recursos\/recursos-humanos\/clima-laboral\/","url":"https:\/\/runahr.com\/ec\/recursos\/recursos-humanos\/clima-laboral\/","name":"Clima laboral: \u00bfPor qu\u00e9 es importante? \u00bfC\u00f3mo medirlo? | EC | Runa HR","isPartOf":{"@id":"https:\/\/runahr.com\/ec\/#website"},"primaryImageOfPage":{"@id":"https:\/\/runahr.com\/ec\/recursos\/recursos-humanos\/clima-laboral\/#primaryimage"},"image":{"@id":"https:\/\/runahr.com\/ec\/recursos\/recursos-humanos\/clima-laboral\/#primaryimage"},"thumbnailUrl":"https:\/\/runahr.com\/wp-content\/uploads\/2025\/09\/Clima-laboral--scaled.png","datePublished":"2025-09-05T22:12:19+00:00","dateModified":"2026-01-29T03:26:38+00:00","description":"El clima laboral es clave para atraer talento y mantener la productividad. Aprende su importancia en el trabajo actual.","breadcrumb":{"@id":"https:\/\/runahr.com\/ec\/recursos\/recursos-humanos\/clima-laboral\/#breadcrumb"},"inLanguage":"es","potentialAction":[{"@type":"ReadAction","target":["https:\/\/runahr.com\/ec\/recursos\/recursos-humanos\/clima-laboral\/"]}]},{"@type":"ImageObject","inLanguage":"es","@id":"https:\/\/runahr.com\/ec\/recursos\/recursos-humanos\/clima-laboral\/#primaryimage","url":"https:\/\/runahr.com\/wp-content\/uploads\/2025\/09\/Clima-laboral--scaled.png","contentUrl":"https:\/\/runahr.com\/wp-content\/uploads\/2025\/09\/Clima-laboral--scaled.png","width":2560,"height":1070,"caption":"Clima laboral"},{"@type":"BreadcrumbList","@id":"https:\/\/runahr.com\/ec\/recursos\/recursos-humanos\/clima-laboral\/#breadcrumb","itemListElement":[{"@type":"ListItem","position":1,"name":"Home","item":"https:\/\/runahr.com\/ec\/"},{"@type":"ListItem","position":2,"name":"Recursos","item":"https:\/\/runahr.com\/ec\/category\/recursos\/"},{"@type":"ListItem","position":3,"name":"Recursos humanos","item":"https:\/\/runahr.com\/ec\/category\/recursos\/recursos-humanos\/"},{"@type":"ListItem","position":4,"name":"Clima laboral: \u00bfPor qu\u00e9 es importante? \u00bfC\u00f3mo medirlo?"}]},{"@type":"WebSite","@id":"https:\/\/runahr.com\/ec\/#website","url":"https:\/\/runahr.com\/ec\/","name":"Runa HR","description":"Software de N\u00f3mina y Gesti\u00f3n de RRHH","publisher":{"@id":"https:\/\/runahr.com\/ec\/#organization"},"potentialAction":[{"@type":"SearchAction","target":{"@type":"EntryPoint","urlTemplate":"https:\/\/runahr.com\/ec\/?s={search_term_string}"},"query-input":{"@type":"PropertyValueSpecification","valueRequired":true,"valueName":"search_term_string"}}],"inLanguage":"es"},{"@type":"Organization","@id":"https:\/\/runahr.com\/ec\/#organization","name":"Runa HR","url":"https:\/\/runahr.com\/ec\/","logo":{"@type":"ImageObject","inLanguage":"es","@id":"https:\/\/runahr.com\/ec\/#\/schema\/logo\/image\/","url":"https:\/\/runahr.com\/wp-content\/uploads\/2018\/05\/xDzHFcQY_400x400.jpg","contentUrl":"https:\/\/runahr.com\/wp-content\/uploads\/2018\/05\/xDzHFcQY_400x400.jpg","width":400,"height":400,"caption":"Runa HR"},"image":{"@id":"https:\/\/runahr.com\/ec\/#\/schema\/logo\/image\/"},"sameAs":["https:\/\/www.facebook.com\/runahr\/","https:\/\/x.com\/runahr","https:\/\/www.instagram.com\/runahr\/","https:\/\/mx.linkedin.com\/company\/runahr","https:\/\/www.youtube.com\/channel\/UCAZ21FupFMLIb1c7PPaU6Ew"]},{"@type":"Person","@id":"https:\/\/runahr.com\/ec\/#\/schema\/person\/0afd2920163e10ebcc7f34f8192ef9a8","name":"Dora Castro","image":{"@type":"ImageObject","inLanguage":"es","@id":"https:\/\/secure.gravatar.com\/avatar\/36f1f364d0d697444743f8bf137e2d7ab5ff025fb70c423e7b01941f764c925f?s=96&d=mm&r=g","url":"https:\/\/secure.gravatar.com\/avatar\/36f1f364d0d697444743f8bf137e2d7ab5ff025fb70c423e7b01941f764c925f?s=96&d=mm&r=g","contentUrl":"https:\/\/secure.gravatar.com\/avatar\/36f1f364d0d697444743f8bf137e2d7ab5ff025fb70c423e7b01941f764c925f?s=96&d=mm&r=g","caption":"Dora Castro"},"url":"https:\/\/runahr.com\/ec\/author\/dora_castro\/"}]}},"_links":{"self":[{"href":"https:\/\/runahr.com\/ec\/wp-json\/wp\/v2\/posts\/1071054","targetHints":{"allow":["GET"]}}],"collection":[{"href":"https:\/\/runahr.com\/ec\/wp-json\/wp\/v2\/posts"}],"about":[{"href":"https:\/\/runahr.com\/ec\/wp-json\/wp\/v2\/types\/post"}],"author":[{"embeddable":true,"href":"https:\/\/runahr.com\/ec\/wp-json\/wp\/v2\/users\/97"}],"replies":[{"embeddable":true,"href":"https:\/\/runahr.com\/ec\/wp-json\/wp\/v2\/comments?post=1071054"}],"version-history":[{"count":0,"href":"https:\/\/runahr.com\/ec\/wp-json\/wp\/v2\/posts\/1071054\/revisions"}],"wp:featuredmedia":[{"embeddable":true,"href":"https:\/\/runahr.com\/ec\/wp-json\/wp\/v2\/media\/1071055"}],"wp:attachment":[{"href":"https:\/\/runahr.com\/ec\/wp-json\/wp\/v2\/media?parent=1071054"}],"wp:term":[{"taxonomy":"category","embeddable":true,"href":"https:\/\/runahr.com\/ec\/wp-json\/wp\/v2\/categories?post=1071054"},{"taxonomy":"post_tag","embeddable":true,"href":"https:\/\/runahr.com\/ec\/wp-json\/wp\/v2\/tags?post=1071054"}],"curies":[{"name":"wp","href":"https:\/\/api.w.org\/{rel}","templated":true}]}}