{"id":1071074,"date":"2025-09-05T16:24:47","date_gmt":"2025-09-05T22:24:47","guid":{"rendered":"https:\/\/runahr.com\/?p=1071074"},"modified":"2026-01-28T21:20:59","modified_gmt":"2026-01-29T03:20:59","slug":"aporte-patronal","status":"publish","type":"post","link":"https:\/\/runahr.com\/ec\/recursos\/recursos-humanos\/aporte-patronal\/","title":{"rendered":"Aporte patronal: \u00bfC\u00f3mo se calcula? \u00bfCu\u00e1les son los beneficios?"},"content":{"rendered":"<p><span>Cuando se habla de competitividad casi siempre pensamos en ventas, innovaci\u00f3n o finanzas. Sin embargo, en Ecuador existe un factor que une todos esos frentes y, al mismo tiempo, protege la vida de los colaboradores: el aporte patronal al IESS. Cumplirlo puntualmente no es solo \u201cpagar la planilla\u201d. Es demostrar que la compa\u00f1\u00eda entiende su rol dentro del sistema de seguridad social y respeta el pacto de confianza que sostiene a cada persona que llega a la oficina (o se conecta en remoto) todos los d\u00edas.<\/span><\/p>\n<p><span>Al dominar c\u00f3mo se calcula, se reporta y se audita este aporte, el \u00e1rea de recursos humanos y la alta direcci\u00f3n blindan a la empresa frente a sanciones, refuerzan la marca empleadora e impulsan la fidelidad del talento. Dicho de otro modo: un aporte patronal bien gestionado es una inversi\u00f3n directa en tranquilidad organizacional.<\/span><\/p>\n<h2><b>\u00bfQu\u00e9 es el aporte patronal en Ecuador?<\/b><\/h2>\n<p><span>Antes de hablar de n\u00fameros conviene recordar el prop\u00f3sito. El aporte patronal es la porci\u00f3n del salario que el empleador entrega, con recursos propios, al Instituto Ecuatoriano de Seguridad Social (IESS). No se descuenta al trabajador, sino que se a\u00f1ade sobre lo que la persona ya devenga. Con ese dinero se financian seguros de salud, pensiones, riesgos del trabajo, cesant\u00eda y administraci\u00f3n. En el sector privado asciende al 11,15 % del sueldo bruto; en entidades p\u00fablicas la tasa baja al 9,15 %.<\/span><\/p>\n<p><span>M\u00e1s all\u00e1 de la cifra, estamos ante el puntal de la protecci\u00f3n social. Cada d\u00f3lar que la empresa deposita respalda cirug\u00edas, licencias de maternidad, rehabilitaciones y la pensi\u00f3n futura de su personal. Por eso la ley exige registrar al empleado desde el primer d\u00eda y pagar la planilla antes del 15 del mes siguiente. Cualquier retraso genera mora, intereses y mancha la reputaci\u00f3n de la compa\u00f1\u00eda.<\/span><\/p>\n<p><span>Desde una \u00f3ptica estrat\u00e9gica, el aporte patronal es el puente que conecta el deber legal con la propuesta de valor al empleado: garantiza cobertura m\u00e9dica, estabilidad econ\u00f3mica a largo plazo y demuestra que la organizaci\u00f3n juega limpio.<\/span><\/p>\n<p><a href=\"https:\/\/recursos.runahr.com\/dashboard-de-rrhh\"><img fetchpriority=\"high\" decoding=\"async\" class=\"alignnone size-large wp-image-1097735\" src=\"https:\/\/runahr.com\/wp-content\/uploads\/2026\/01\/CEC017-1024x404.webp\" alt=\"Descargar dashboard de RRHH\" width=\"800\" height=\"316\" srcset=\"https:\/\/runahr.com\/wp-content\/uploads\/2026\/01\/CEC017-1024x404.webp 1024w, https:\/\/runahr.com\/wp-content\/uploads\/2026\/01\/CEC017-300x118.webp 300w, https:\/\/runahr.com\/wp-content\/uploads\/2026\/01\/CEC017-768x303.webp 768w, https:\/\/runahr.com\/wp-content\/uploads\/2026\/01\/CEC017-1536x606.webp 1536w, https:\/\/runahr.com\/wp-content\/uploads\/2026\/01\/CEC017-2048x808.webp 2048w\" sizes=\"(max-width: 800px) 100vw, 800px\" \/><\/a><\/p>\n<h2><b>\u00bfPara qu\u00e9 sirve el aporte patronal?<\/b><\/h2>\n<p><span>El primer beneficiario es el trabajador, quien gracias al aporte obtiene atenci\u00f3n sanitaria de urgencia, controles prenatales, medicamentos, pensiones de invalidez o indemnizaciones por accidente laboral. Pero el impacto trasciende la esfera individual: el fondo colectivo mantiene a flote el sistema de seguridad social, evitando que la carga recaiga sobre el Estado o las familias.<\/span><\/p>\n<p><span>Para el empleador, cumplir con el aporte reduce la posibilidad de multas y demanda judicial por mora patronal. Adem\u00e1s, certifica que la empresa est\u00e1 al d\u00eda, un requisito cada vez m\u00e1s valorado por clientes, bancos y entidades p\u00fablicas al momento de otorgar contratos o cr\u00e9ditos. Por \u00faltimo, sostener la cobertura social alimenta la lealtad y el sentido de pertenencia: la gente trabaja mejor cuando sabe que su salud y su futuro no dependen de la suerte.<\/span><\/p>\n<p><span>En el plano macro, la puntualidad en los aportes fortalece el tejido productivo. Empresas cumplidoras + trabajadores protegidos = un mercado laboral m\u00e1s estable, con menos rotaci\u00f3n y mayor capacidad de consumo.<\/span><\/p>\n<h2><b>\u00bfCu\u00e1l es el aporte patronal al IESS?<\/b><\/h2>\n<p><span>En el sector privado la tarifa vigente es 11,15 % del ingreso bruto mensual. Esto incluye el sueldo base, las comisiones permanentes y las horas extras. Por ejemplo, si Juan gana 850 USD y percibe 50 USD fijos por comisiones, la base imponible es 900 USD; el aporte patronal ser\u00e1 100,35 USD (900 \u00d7 0,1115).<\/span><\/p>\n<p><span>En el sector p\u00fablico el porcentaje baja a 9,15 %, mientras que el aporte personal del servidor sube a 11,45 %. Aun as\u00ed, la suma de ambas partes se mantiene en 20,60 %, cifra que equilibra el sistema solidario: todos aportan seg\u00fan su capacidad y todos reciben prestaciones seg\u00fan la contingencia que enfrenten.<\/span><\/p>\n<p><span>Es importante revisar las n\u00f3minas variables. Si en un mes hay utilidades, bonos o pagos ocasionales que la ley considere parte de la <\/span><a href=\"https:\/\/runahr.com\/ec\/recursos\/salario\/remuneracion\/\"><span>remuneraci\u00f3n<\/span><\/a><span>, se incorporan a la base de c\u00e1lculo. As\u00ed se evita el sub-reporte, una de las causas m\u00e1s frecuentes de glosas y multas.<\/span><\/p>\n<h2><b>\u00bfC\u00f3mo funciona el aporte patronal?<\/b><\/h2>\n<p><span>Todo empieza con el aviso de entrada: RRHH registra al nuevo colaborador en el portal del IESS dentro de los 15 d\u00edas posteriores a su contrataci\u00f3n. A partir de ah\u00ed, cada mes el sistema genera autom\u00e1ticamente la planilla con los valores a cargo de la empresa y del trabajador.<\/span><\/p>\n<p><span>La compa\u00f1\u00eda tiene hasta el 15 del mes siguiente para cancelar, ya sea con d\u00e9bito bancario, tarjeta de cr\u00e9dito corporativa o dep\u00f3sito directo. Si no lo hace, entra en mora. Eso implica intereses autom\u00e1ticos, bloqueo de certificados de cumplimiento e, incluso, procesos coactivos que congelan cuentas y proh\u00edben participar en licitaciones p\u00fablicas.<\/span><\/p>\n<p><span>Otra pieza clave es la actualizaci\u00f3n de novedades: aumentos salariales, licencias, suspensiones o salidas deben reportarse en l\u00ednea dentro de los plazos establecidos (tres d\u00edas en el caso de la desvinculaci\u00f3n). As\u00ed se evita que la empresa pague de m\u00e1s \u2014o de menos\u2014 y que el trabajador pierda cobertura.<\/span><\/p>\n<h2><b>\u00bfPor qu\u00e9 es importante el aporte patronal?<\/b><\/h2>\n<p><span>Porque asegura, al mismo tiempo, la continuidad del negocio y la tranquilidad de la gente. Los colaboradores necesitan asistencia m\u00e9dica, subsidios por enfermedad y una pensi\u00f3n que no dependa de la caridad familiar. La empresa, por su parte, requiere reputaci\u00f3n, acceso a contratos y un clima laboral estable. El aporte patronal satisface ambas necesidades.<\/span><\/p>\n<p><span>Adem\u00e1s, el mercado castiga a quien no cumple. Una sola glosa de aportes impagos puede disparar los intereses, deteriorar el flujo de caja y agravar los pasivos contingentes frente a eventuales accidentes laborales. Incluso los inversionistas \u2014cada vez m\u00e1s atentos a los criterios ESG\u2014 revisan la \u201csalud social\u201d de las empresas antes de inyectar capital.<\/span><\/p>\n<p><span>Por otro lado, un aporte al d\u00eda se traduce en orgullo interno: la gente siente que trabaja en una organizaci\u00f3n que juega limpio y se preocupa por su futuro, un intangible que las campa\u00f1as de Employer Branding no consiguen por s\u00ed solas.<\/span><\/p>\n<h2><b>\u00bfC\u00f3mo se calcula el aporte patronal?<\/b><\/h2>\n<p><span>Primero se determina la base imponible: sueldo fijo + horas extra + comisiones recurrentes + cualquier otro concepto que la ley considere remuneraci\u00f3n. Con esa cifra en mano, se aplica el 11,15 % (privado) o 9,15 % (p\u00fablico). El resultado es el valor patronal.<\/span><\/p>\n<p><span>Ejemplo r\u00e1pido:<\/span><\/p>\n<ul>\n<li style=\"font-weight: 400;\" aria-level=\"1\"><span>Sueldo base: 700 USD<\/span><\/li>\n<li style=\"font-weight: 400;\" aria-level=\"1\"><span>Horas extra: 80 USD<\/span><\/li>\n<li style=\"font-weight: 400;\" aria-level=\"1\"><span>Base imponible: 780 USD<\/span><\/li>\n<li style=\"font-weight: 400;\" aria-level=\"1\"><span>Aporte patronal (privado): 780 \u00d7 0,1115 = 87,0 USD<\/span><\/li>\n<\/ul>\n<p><span>Si el trabajador labora medio tiempo o tiene un contrato a destajo, se calcula sobre lo efectivamente devengado ese mes. Y si recibe variables solo en meses puntuales, el aporte aumentar\u00e1 en esa misma proporci\u00f3n; despu\u00e9s volver\u00e1 a su nivel regular.<\/span><\/p>\n<p><a href=\"https:\/\/recursos.runahr.com\/guia-de-principales-metricas-de-rrhh\"><img decoding=\"async\" class=\"alignnone size-large wp-image-1097655\" src=\"https:\/\/runahr.com\/wp-content\/uploads\/2026\/01\/CEC012-1024x405.webp\" alt=\"Descargar gu\u00eda de principales m\u00e9tricas de RRHH\" width=\"800\" height=\"316\" srcset=\"https:\/\/runahr.com\/wp-content\/uploads\/2026\/01\/CEC012-1024x405.webp 1024w, https:\/\/runahr.com\/wp-content\/uploads\/2026\/01\/CEC012-300x119.webp 300w, https:\/\/runahr.com\/wp-content\/uploads\/2026\/01\/CEC012-768x304.webp 768w, https:\/\/runahr.com\/wp-content\/uploads\/2026\/01\/CEC012-1536x607.webp 1536w, https:\/\/runahr.com\/wp-content\/uploads\/2026\/01\/CEC012-2048x809.webp 2048w\" sizes=\"(max-width: 800px) 100vw, 800px\" \/><\/a><\/p>\n<h2><b>\u00bfQu\u00e9 tipos de aporte patronal existen?<\/b><\/h2>\n<p><span>En la pr\u00e1ctica, el aporte patronal se presenta en cuatro grandes categor\u00edas. Est\u00e1 el esquema obligatorio cl\u00e1sico para relaciones de dependencia en empresas privadas y p\u00fablicas; los reg\u00edmenes especiales, pensados para actividades agr\u00edcolas, pesqueras o de econom\u00eda popular; la afiliaci\u00f3n voluntaria, a la que se acogen profesionales o socios que no tienen empleador; y los recargos complementarios por alto riesgo, habituales en miner\u00eda o construcci\u00f3n. Conocer estas opciones \u2015y aplicarlas sin errores\u2015 marca la diferencia entre un sistema de seguridad social robusto y un pasivo contingente que tarde o temprano pasa factura.<\/span><\/p>\n<ol>\n<li style=\"font-weight: 400;\" aria-level=\"1\"><b>Obligatorio cl\u00e1sico<\/b><span>: 11,15 % (privado) o 9,15 % (p\u00fablico) sobre la remuneraci\u00f3n mensual.<\/span><\/li>\n<li style=\"font-weight: 400;\" aria-level=\"1\"><b>Reg\u00edmenes especiales<\/b><span>: Agricultores, pescadores y comunidades rurales aportan en bloque al Seguro Social Campesino con tarifas diferenciadas.<\/span><\/li>\n<li style=\"font-weight: 400;\" aria-level=\"1\"><b>Voluntario total<\/b><span>: Profesionales independientes o socios de empresas sin relaci\u00f3n de dependencia pueden afiliarse pagando el 20,60 % completo (parte personal + patronal).<\/span><\/li>\n<li style=\"font-weight: 400;\" aria-level=\"1\"><b>Complementario por riesgo<\/b><span>: Ciertos sectores con alta siniestralidad a\u00f1aden recargos para cubrir seguros profesionales espec\u00edficos.<\/span><\/li>\n<\/ol>\n<p><span>Conocer estas variantes evita errores de clasificaci\u00f3n y, al mismo tiempo, abre oportunidades para afiliar a colectivos que antes quedaban fuera de la cobertura.<\/span><\/p>\n<h2><b>\u00bfCu\u00e1les son los beneficios del aporte patronal?<\/b><\/h2>\n<p><span>Primero, acceso a medicina curativa y preventiva sin copagos. Segundo, pensiones vitalicias que sustituyen el ingreso cuando llega la jubilaci\u00f3n o aparece una discapacidad. Tercero, pr\u00e9stamos quirografarios e hipotecarios a tasas preferenciales que impulsan el patrimonio familiar.<\/span><\/p>\n<p><span>En el plano corporativo, el cumplimiento mantiene limpia la hoja de vida tributaria, habilita participar en procesos de contrataci\u00f3n p\u00fablica y fortalece la percepci\u00f3n de responsabilidad social. Como plus, un equipo que se sabe protegido muestra mayor compromiso y menor ausentismo: menos incertidumbre equivale a m\u00e1s foco y productividad.<\/span><\/p>\n<h2><b>\u00bfC\u00f3mo implementar correctamente el aporte patronal?<\/b><\/h2>\n<p><span>Arranca con un procedimiento claro: afiliar el mismo d\u00eda que se firma el contrato y cargar la novedad en el IESS antes de 15 d\u00edas. Luego establece un calendario interno para que el \u00e1rea de Finanzas pague la planilla entre el 1 y el 10 de cada mes; as\u00ed hay margen ante cualquier incidencia bancaria.<\/span><\/p>\n<p><span>Mant\u00e9n un check-list mensual: revisar bases imponibles, validar horas extra, cruzar reportes con contabilidad y archivar los comprobantes. Una vez al trimestre ejecuta una auditor\u00eda interna: detecta discrepancias, ajusta y documenta. Si surge mora, negocia de inmediato un convenio de purga; mientras m\u00e1s r\u00e1pido se gestione, menor ser\u00e1 el impacto financiero y reputacional.<\/span><\/p>\n<p><span>Finalmente, comunica a los colaboradores que la empresa est\u00e1 al d\u00eda. No es alarde: es transparencia y, sobre todo, garant\u00eda de que sus prestaciones est\u00e1n respaldadas.<\/span><\/p>\n<h2><b>\u00bfCu\u00e1l es el papel de los recursos humanos frente al aporte patronal?<\/b><\/h2>\n<p><span>Recursos humanos es el guardi\u00e1n del proceso: registra, actualiza, verifica y educa. Registra cuando afilia; actualiza cuando sube una novedad salarial; verifica que la planilla coincida con la n\u00f3mina; y educa al equipo sobre los beneficios, para que valoren la cobertura y la usen de forma responsable.<\/span><\/p>\n<p><span>Tambi\u00e9n articula con Contabilidad para que los pagos salgan a tiempo y se reconcilien en el portal del IESS. Si hay mora, RRHH lidera el plan de regularizaci\u00f3n, gestiona convenios y mantiene informados a los trabajadores para que no pierdan cobertura.<\/span><\/p>\n<p><span>En resumen, es el enlace entre la normativa, las finanzas y la experiencia del colaborador. Cuando asume ese rol con rigor, la organizaci\u00f3n opera sin sobresaltos y el personal siente que su empresa est\u00e1 \u2014literalmente\u2014 de su lado.<\/span><\/p>\n<p><span>Cumplir con el aporte patronal no es un tr\u00e1mite m\u00e1s; es invertir en la salud, la tranquilidad y la lealtad de quienes hacen posible el negocio. Al pagarlo puntualmente, un CEO protege su reputaci\u00f3n, evita multas costosas y construye una cultura de confianza.<\/span><\/p>\n<p><span>En un mercado que observa cada vez m\u00e1s la \u201csostenibilidad humana\u201d de las compa\u00f1\u00edas, estar al d\u00eda con el IESS habla m\u00e1s fuerte que cualquier campa\u00f1a de marca empleadora: demuestra, con hechos y no con esl\u00f3ganes, que la empresa cuida a su gente y juega limpio con el pa\u00eds.<\/span><\/p>\n<p><a href=\"https:\/\/recursos.runahr.com\/futuro-nomina-inteligencia-artificial\"><img decoding=\"async\" class=\"alignnone size-large wp-image-1097687\" src=\"https:\/\/runahr.com\/wp-content\/uploads\/2026\/01\/CEC007-1024x405.webp\" alt=\"Descargar futuro de la n\u00f3mina con la inteligencia artificial\" width=\"800\" height=\"316\" srcset=\"https:\/\/runahr.com\/wp-content\/uploads\/2026\/01\/CEC007-1024x405.webp 1024w, https:\/\/runahr.com\/wp-content\/uploads\/2026\/01\/CEC007-300x119.webp 300w, https:\/\/runahr.com\/wp-content\/uploads\/2026\/01\/CEC007-768x304.webp 768w, https:\/\/runahr.com\/wp-content\/uploads\/2026\/01\/CEC007-1536x607.webp 1536w, https:\/\/runahr.com\/wp-content\/uploads\/2026\/01\/CEC007-2048x809.webp 2048w\" sizes=\"(max-width: 800px) 100vw, 800px\" \/><\/a><\/p>\n","protected":false},"excerpt":{"rendered":"<p>Cuando se habla de competitividad casi siempre pensamos en ventas, innovaci\u00f3n o finanzas. Sin embargo, en Ecuador existe un factor que une todos esos frentes y, al mismo tiempo, protege la vida de los colaboradores: el aporte patronal al IESS. Cumplirlo puntualmente no es solo \u201cpagar la planilla\u201d. Es demostrar que la compa\u00f1\u00eda entiende su [&hellip;]<\/p>\n","protected":false},"author":97,"featured_media":1071075,"comment_status":"closed","ping_status":"closed","sticky":false,"template":"","format":"standard","meta":{"_acf_changed":false,"_wp_applaud_exclude":false,"footnotes":""},"categories":[1799,1573],"tags":[1592,1804],"class_list":["post-1071074","post","type-post","status-publish","format-standard","has-post-thumbnail","hentry","category-recursos","category-recursos-humanos","tag-articulo-ec","tag-recursos-humanos-5"],"acf":[],"yoast_head":"<!-- This site is optimized with the Yoast SEO Premium plugin v26.1 (Yoast SEO v27.5) - https:\/\/yoast.com\/product\/yoast-seo-premium-wordpress\/ -->\n<title>Aporte patronal: \u00bfC\u00f3mo se calcula? \u00bfCu\u00e1les son los beneficios? | EC | Runa HR<\/title>\n<meta name=\"description\" content=\"Descubre la importancia del aporte patronal en Ecuador y c\u00f3mo impacta la competitividad y la seguridad social de los colaboradores.\" \/>\n<meta name=\"robots\" content=\"index, follow, max-snippet:-1, max-image-preview:large, max-video-preview:-1\" \/>\n<link rel=\"canonical\" href=\"https:\/\/runahr.com\/ec\/recursos\/recursos-humanos\/aporte-patronal\/\" \/>\n<meta property=\"og:locale\" content=\"es_ES\" \/>\n<meta property=\"og:type\" content=\"article\" \/>\n<meta property=\"og:title\" content=\"Aporte patronal: \u00bfC\u00f3mo se calcula? \u00bfCu\u00e1les son los beneficios? | EC | Runa HR\" \/>\n<meta property=\"og:description\" content=\"Descubre la importancia del aporte patronal en Ecuador y c\u00f3mo impacta la competitividad y la seguridad social de los colaboradores.\" \/>\n<meta property=\"og:url\" content=\"https:\/\/runahr.com\/ec\/recursos\/recursos-humanos\/aporte-patronal\/\" \/>\n<meta property=\"og:site_name\" content=\"Runa HR\" \/>\n<meta property=\"article:publisher\" content=\"https:\/\/www.facebook.com\/runahr\/\" \/>\n<meta property=\"article:published_time\" content=\"2025-09-05T22:24:47+00:00\" \/>\n<meta property=\"article:modified_time\" content=\"2026-01-29T03:20:59+00:00\" \/>\n<meta property=\"og:image\" content=\"https:\/\/runahr.com\/wp-content\/uploads\/2025\/09\/aporte-patronal-scaled.png\" \/>\n\t<meta property=\"og:image:width\" content=\"2560\" \/>\n\t<meta property=\"og:image:height\" content=\"1070\" \/>\n\t<meta property=\"og:image:type\" content=\"image\/png\" \/>\n<meta name=\"author\" content=\"Dora Castro\" \/>\n<meta name=\"twitter:card\" content=\"summary_large_image\" \/>\n<meta name=\"twitter:creator\" content=\"@runahr\" \/>\n<meta name=\"twitter:site\" content=\"@runahr\" \/>\n<meta name=\"twitter:label1\" content=\"Escrito por\" \/>\n\t<meta name=\"twitter:data1\" content=\"Dora Castro\" \/>\n\t<meta name=\"twitter:label2\" content=\"Tiempo de lectura\" \/>\n\t<meta name=\"twitter:data2\" content=\"9 minutos\" \/>\n<!-- \/ Yoast SEO Premium plugin. -->","yoast_head_json":{"title":"Aporte patronal: \u00bfC\u00f3mo se calcula? \u00bfCu\u00e1les son los beneficios? | EC | Runa HR","description":"Descubre la importancia del aporte patronal en Ecuador y c\u00f3mo impacta la competitividad y la seguridad social de los colaboradores.","robots":{"index":"index","follow":"follow","max-snippet":"max-snippet:-1","max-image-preview":"max-image-preview:large","max-video-preview":"max-video-preview:-1"},"canonical":"https:\/\/runahr.com\/ec\/recursos\/recursos-humanos\/aporte-patronal\/","og_locale":"es_ES","og_type":"article","og_title":"Aporte patronal: \u00bfC\u00f3mo se calcula? \u00bfCu\u00e1les son los beneficios? | EC | Runa HR","og_description":"Descubre la importancia del aporte patronal en Ecuador y c\u00f3mo impacta la competitividad y la seguridad social de los colaboradores.","og_url":"https:\/\/runahr.com\/ec\/recursos\/recursos-humanos\/aporte-patronal\/","og_site_name":"Runa HR","article_publisher":"https:\/\/www.facebook.com\/runahr\/","article_published_time":"2025-09-05T22:24:47+00:00","article_modified_time":"2026-01-29T03:20:59+00:00","og_image":[{"width":2560,"height":1070,"url":"https:\/\/runahr.com\/wp-content\/uploads\/2025\/09\/aporte-patronal-scaled.png","type":"image\/png"}],"author":"Dora Castro","twitter_card":"summary_large_image","twitter_creator":"@runahr","twitter_site":"@runahr","twitter_misc":{"Escrito por":"Dora Castro","Tiempo de lectura":"9 minutos"},"schema":{"@context":"https:\/\/schema.org","@graph":[{"@type":"Article","@id":"https:\/\/runahr.com\/ec\/recursos\/recursos-humanos\/aporte-patronal\/#article","isPartOf":{"@id":"https:\/\/runahr.com\/ec\/recursos\/recursos-humanos\/aporte-patronal\/"},"author":{"name":"Dora Castro","@id":"https:\/\/runahr.com\/ec\/#\/schema\/person\/0afd2920163e10ebcc7f34f8192ef9a8"},"headline":"Aporte patronal: \u00bfC\u00f3mo se calcula? \u00bfCu\u00e1les son los beneficios?","datePublished":"2025-09-05T22:24:47+00:00","dateModified":"2026-01-29T03:20:59+00:00","mainEntityOfPage":{"@id":"https:\/\/runahr.com\/ec\/recursos\/recursos-humanos\/aporte-patronal\/"},"wordCount":1826,"publisher":{"@id":"https:\/\/runahr.com\/ec\/#organization"},"image":{"@id":"https:\/\/runahr.com\/ec\/recursos\/recursos-humanos\/aporte-patronal\/#primaryimage"},"thumbnailUrl":"https:\/\/runahr.com\/wp-content\/uploads\/2025\/09\/aporte-patronal-scaled.png","keywords":["Art\u00edculo","Recursos humanos"],"articleSection":["Recursos","Recursos humanos"],"inLanguage":"es"},{"@type":"WebPage","@id":"https:\/\/runahr.com\/ec\/recursos\/recursos-humanos\/aporte-patronal\/","url":"https:\/\/runahr.com\/ec\/recursos\/recursos-humanos\/aporte-patronal\/","name":"Aporte patronal: \u00bfC\u00f3mo se calcula? \u00bfCu\u00e1les son los beneficios? | EC | Runa HR","isPartOf":{"@id":"https:\/\/runahr.com\/ec\/#website"},"primaryImageOfPage":{"@id":"https:\/\/runahr.com\/ec\/recursos\/recursos-humanos\/aporte-patronal\/#primaryimage"},"image":{"@id":"https:\/\/runahr.com\/ec\/recursos\/recursos-humanos\/aporte-patronal\/#primaryimage"},"thumbnailUrl":"https:\/\/runahr.com\/wp-content\/uploads\/2025\/09\/aporte-patronal-scaled.png","datePublished":"2025-09-05T22:24:47+00:00","dateModified":"2026-01-29T03:20:59+00:00","description":"Descubre la importancia del aporte patronal en Ecuador y c\u00f3mo impacta la competitividad y la seguridad social de los colaboradores.","breadcrumb":{"@id":"https:\/\/runahr.com\/ec\/recursos\/recursos-humanos\/aporte-patronal\/#breadcrumb"},"inLanguage":"es","potentialAction":[{"@type":"ReadAction","target":["https:\/\/runahr.com\/ec\/recursos\/recursos-humanos\/aporte-patronal\/"]}]},{"@type":"ImageObject","inLanguage":"es","@id":"https:\/\/runahr.com\/ec\/recursos\/recursos-humanos\/aporte-patronal\/#primaryimage","url":"https:\/\/runahr.com\/wp-content\/uploads\/2025\/09\/aporte-patronal-scaled.png","contentUrl":"https:\/\/runahr.com\/wp-content\/uploads\/2025\/09\/aporte-patronal-scaled.png","width":2560,"height":1070,"caption":"aporte patronal"},{"@type":"BreadcrumbList","@id":"https:\/\/runahr.com\/ec\/recursos\/recursos-humanos\/aporte-patronal\/#breadcrumb","itemListElement":[{"@type":"ListItem","position":1,"name":"Home","item":"https:\/\/runahr.com\/ec\/"},{"@type":"ListItem","position":2,"name":"Recursos","item":"https:\/\/runahr.com\/ec\/category\/recursos\/"},{"@type":"ListItem","position":3,"name":"Recursos humanos","item":"https:\/\/runahr.com\/ec\/category\/recursos\/recursos-humanos\/"},{"@type":"ListItem","position":4,"name":"Aporte patronal: \u00bfC\u00f3mo se calcula? \u00bfCu\u00e1les son los beneficios?"}]},{"@type":"WebSite","@id":"https:\/\/runahr.com\/ec\/#website","url":"https:\/\/runahr.com\/ec\/","name":"Runa HR","description":"Software de N\u00f3mina y Gesti\u00f3n de RRHH","publisher":{"@id":"https:\/\/runahr.com\/ec\/#organization"},"potentialAction":[{"@type":"SearchAction","target":{"@type":"EntryPoint","urlTemplate":"https:\/\/runahr.com\/ec\/?s={search_term_string}"},"query-input":{"@type":"PropertyValueSpecification","valueRequired":true,"valueName":"search_term_string"}}],"inLanguage":"es"},{"@type":"Organization","@id":"https:\/\/runahr.com\/ec\/#organization","name":"Runa HR","url":"https:\/\/runahr.com\/ec\/","logo":{"@type":"ImageObject","inLanguage":"es","@id":"https:\/\/runahr.com\/ec\/#\/schema\/logo\/image\/","url":"https:\/\/runahr.com\/wp-content\/uploads\/2018\/05\/xDzHFcQY_400x400.jpg","contentUrl":"https:\/\/runahr.com\/wp-content\/uploads\/2018\/05\/xDzHFcQY_400x400.jpg","width":400,"height":400,"caption":"Runa HR"},"image":{"@id":"https:\/\/runahr.com\/ec\/#\/schema\/logo\/image\/"},"sameAs":["https:\/\/www.facebook.com\/runahr\/","https:\/\/x.com\/runahr","https:\/\/www.instagram.com\/runahr\/","https:\/\/mx.linkedin.com\/company\/runahr","https:\/\/www.youtube.com\/channel\/UCAZ21FupFMLIb1c7PPaU6Ew"]},{"@type":"Person","@id":"https:\/\/runahr.com\/ec\/#\/schema\/person\/0afd2920163e10ebcc7f34f8192ef9a8","name":"Dora Castro","image":{"@type":"ImageObject","inLanguage":"es","@id":"https:\/\/secure.gravatar.com\/avatar\/36f1f364d0d697444743f8bf137e2d7ab5ff025fb70c423e7b01941f764c925f?s=96&d=mm&r=g","url":"https:\/\/secure.gravatar.com\/avatar\/36f1f364d0d697444743f8bf137e2d7ab5ff025fb70c423e7b01941f764c925f?s=96&d=mm&r=g","contentUrl":"https:\/\/secure.gravatar.com\/avatar\/36f1f364d0d697444743f8bf137e2d7ab5ff025fb70c423e7b01941f764c925f?s=96&d=mm&r=g","caption":"Dora Castro"},"url":"https:\/\/runahr.com\/ec\/author\/dora_castro\/"}]}},"_links":{"self":[{"href":"https:\/\/runahr.com\/ec\/wp-json\/wp\/v2\/posts\/1071074","targetHints":{"allow":["GET"]}}],"collection":[{"href":"https:\/\/runahr.com\/ec\/wp-json\/wp\/v2\/posts"}],"about":[{"href":"https:\/\/runahr.com\/ec\/wp-json\/wp\/v2\/types\/post"}],"author":[{"embeddable":true,"href":"https:\/\/runahr.com\/ec\/wp-json\/wp\/v2\/users\/97"}],"replies":[{"embeddable":true,"href":"https:\/\/runahr.com\/ec\/wp-json\/wp\/v2\/comments?post=1071074"}],"version-history":[{"count":0,"href":"https:\/\/runahr.com\/ec\/wp-json\/wp\/v2\/posts\/1071074\/revisions"}],"wp:featuredmedia":[{"embeddable":true,"href":"https:\/\/runahr.com\/ec\/wp-json\/wp\/v2\/media\/1071075"}],"wp:attachment":[{"href":"https:\/\/runahr.com\/ec\/wp-json\/wp\/v2\/media?parent=1071074"}],"wp:term":[{"taxonomy":"category","embeddable":true,"href":"https:\/\/runahr.com\/ec\/wp-json\/wp\/v2\/categories?post=1071074"},{"taxonomy":"post_tag","embeddable":true,"href":"https:\/\/runahr.com\/ec\/wp-json\/wp\/v2\/tags?post=1071074"}],"curies":[{"name":"wp","href":"https:\/\/api.w.org\/{rel}","templated":true}]}}