{"id":1002825,"date":"2025-05-16T17:10:22","date_gmt":"2025-05-16T23:10:22","guid":{"rendered":"https:\/\/runahr.com\/uncategorized-mx\/conciliacion-laboral\/"},"modified":"2025-09-03T07:45:29","modified_gmt":"2025-09-03T13:45:29","slug":"conciliacion-laboral","status":"publish","type":"post","link":"https:\/\/runahr.com\/mx\/recursos\/aspectos-legales\/conciliacion-laboral\/","title":{"rendered":"Conciliaci\u00f3n laboral: \u00bfQu\u00e9 es? \u00bfCu\u00e1ndo procede?"},"content":{"rendered":"<p><span>La conciliaci\u00f3n laboral es un mecanismo esencial en la resoluci\u00f3n de conflictos entre trabajadores y empleadores. Su objetivo es evitar procesos judiciales prolongados y costosos, facilitando acuerdos justos y equitativos.\u00a0<\/span><\/p>\n<p><span>As\u00ed que en este art\u00edculo, exploraremos qu\u00e9 es la conciliaci\u00f3n laboral, cu\u00e1ndo procede y c\u00f3mo se desarrolla este proceso.<\/span><\/p>\n<h2><span>\u00bfQu\u00e9 es una conciliaci\u00f3n laboral?<\/span><\/h2>\n<p><span>La conciliaci\u00f3n laboral es un procedimiento en el que las partes involucradas en un <\/span><a href=\"https:\/\/runahr.com\/mx\/recursos\/hr-management\/conflictos-laborales\/\"><span>conflicto laboral<\/span><\/a><span> intentan llegar a un acuerdo con la ayuda de un mediador imparcial. Este proceso es voluntario y busca una soluci\u00f3n r\u00e1pida y efectiva para evitar litigios judiciales prolongados.<\/span><\/p>\n<p><a href=\"https:\/\/recursos.runahr.com\/formulario-nom-035-midiendo-el-bienestar-laboral\"><img fetchpriority=\"high\" decoding=\"async\" class=\"alignnone size-full wp-image-938415\" src=\"https:\/\/runahr.com\/wp-content\/uploads\/2025\/09\/Formulario-NOM-035.jpg\" alt=\"\" width=\"20000\" height=\"7896\" \/><\/a><\/p>\n<h2><span>\u00bfCu\u00e1ndo procede la conciliaci\u00f3n laboral?<\/span><\/h2>\n<p><span>La conciliaci\u00f3n laboral procede cuando existe un conflicto entre un empleador y un <\/span><a href=\"https:\/\/runahr.com\/mx\/recursos\/hr-management\/trabajador\/\"><span>trabajador<\/span><\/a><span>, como despidos injustificados, disputas salariales, <\/span><a href=\"https:\/\/runahr.com\/mx\/recursos\/hr-management\/acoso-laboral\/\"><span>acoso laboral<\/span><\/a><span> o incumplimiento de derechos laborales. Ambas partes deben estar dispuestas a resolver el problema mediante el di\u00e1logo y la <\/span><a href=\"https:\/\/runahr.com\/mx\/recursos\/hr-management\/negociacion\/\"><span>negociaci\u00f3n<\/span><\/a><span>.<\/span><\/p>\n<h2><span>\u00bfQu\u00e9 se puede pedir en una conciliaci\u00f3n?<\/span><\/h2>\n<p><span>En una conciliaci\u00f3n laboral, el trabajador puede solicitar diversas soluciones seg\u00fan el conflicto con su empleador. Algunas de las principales solicitudes incluyen:<\/span><\/p>\n<ol>\n<li><strong>Indemnizaci\u00f3n. <\/strong><a href=\"https:\/\/runahr.com\/mx\/recursos\/nomina\/compensacion\/\"><span>Compensaci\u00f3n<\/span><\/a><span> econ\u00f3mica por <\/span><a href=\"https:\/\/runahr.com\/mx\/recursos\/hr-management\/despido-injustificado\/\"><span>despido injustificado<\/span><\/a><span>, da\u00f1o moral o incumplimiento de contrato.<\/span><\/li>\n<li><strong>Reinstalaci\u00f3n en el puesto. <\/strong><span>Si el <\/span><a href=\"https:\/\/runahr.com\/mx\/recursos\/aspectos-legales\/despido\/\"><span>despido<\/span><\/a><span> es improcedente, el trabajador puede solicitar la <\/span><a href=\"https:\/\/runahr.com\/mx\/recursos\/hr-management\/reincorporacion\/\"><span>reincorporaci\u00f3n<\/span><\/a><span> a su empleo en las mismas condiciones.<\/span><\/li>\n<li><span><strong>Pago de salarios ca\u00eddos.<\/strong> <\/span><span>Se puede exigir el pago de los sueldos no percibidos desde el momento del despido hasta la resoluci\u00f3n del conflicto.<\/span><\/li>\n<li><strong>Prestaciones laborales pendientes. <\/strong><span>Reclamo de <\/span><a href=\"https:\/\/runahr.com\/mx\/recursos\/nomina\/aguinaldo\/\"><span>aguinaldo<\/span><\/a><span>, <\/span><a href=\"https:\/\/runahr.com\/mx\/recursos\/nomina\/vacaciones\/\"><span>vacaciones<\/span><\/a><span>, <\/span><a href=\"https:\/\/runahr.com\/mx\/recursos\/nomina\/prima-vacacional\/\"><span>prima vacacional<\/span><\/a><span>, <\/span><a href=\"https:\/\/runahr.com\/mx\/recursos\/nomina\/reparto-de-utilidades\/\"><span>reparto de utilidades<\/span><\/a><span> o cualquier prestaci\u00f3n adeudada.<\/span><\/li>\n<li><strong>Cumplimiento de obligaciones contractuales. <\/strong><span>Si el empleador ha incumplido condiciones establecidas en el contrato. Tales como aumentos salariales, bonos o ascensos, el trabajador puede exigir su cumplimiento.<\/span><\/li>\n<li><strong>Compensaci\u00f3n por acoso u hostigamiento laboral. <\/strong><span>En casos de acoso laboral, el trabajador puede solicitar una <\/span><a href=\"https:\/\/runahr.com\/mx\/recursos\/nomina\/indemnizacion\/\"><span>indemnizaci\u00f3n<\/span><\/a><span> por el da\u00f1o psicol\u00f3gico y moral sufrido.<\/span><\/li>\n<li><strong>Ajuste o mejora de condiciones laborales. <\/strong><span>Se pueden negociar cambios en el horario, funciones o <\/span><a href=\"https:\/\/runahr.com\/mx\/recursos\/hr-management\/condiciones-de-trabajo\/\"><span>condiciones de trabajo<\/span><\/a><span> para mejorar la <\/span><a href=\"https:\/\/runahr.com\/mx\/recursos\/hr-management\/relacion-laboral\/\"><span>relaci\u00f3n laboral<\/span><\/a><span>.<\/span><\/li>\n<\/ol>\n<p><span>El acuerdo alcanzado en la conciliaci\u00f3n tiene validez legal. Por lo que ambas partes deben cumplirlo. Si el empleador no respeta lo pactado, el trabajador puede llevar el caso a instancias judiciales.<\/span><\/p>\n<h2><span>\u00bfQu\u00e9 se necesita para una conciliaci\u00f3n laboral?<\/span><\/h2>\n<p><span>Para iniciar una conciliaci\u00f3n laboral, es necesario cumplir con ciertos requisitos y presentar documentaci\u00f3n que respalde el caso. A continuaci\u00f3n, los elementos clave para solicitarla:<\/span><\/p>\n<h4><span>Presentaci\u00f3n de una solicitud<\/span><\/h4>\n<p><span>El trabajador debe acudir al <\/span><a href=\"https:\/\/runahr.com\/mx\/recursos\/aspectos-legales\/centro-federal-de-conciliacion-y-registro-laboral\/\"><span>Centro Federal de Conciliaci\u00f3n y Registro Laboral (CFCRL)<\/span><\/a><span> o a la instancia correspondiente en su estado para presentar una solicitud formal de conciliaci\u00f3n.<\/span><\/p>\n<h4><span>Documentaci\u00f3n necesaria<\/span><\/h4>\n<p><span>Es importante contar con pruebas que respalden la reclamaci\u00f3n. Entre los documentos m\u00e1s comunes se encuentran:<\/span><\/p>\n<ul>\n<li style=\"font-weight: 400;\" aria-level=\"1\"><a href=\"https:\/\/runahr.com\/mx\/recursos\/nomina\/cuales-son-los-tipos-de-contratos-laborales-en-mexico\/\"><b>Contrato laboral<\/b><\/a><span> (si existe).<\/span><\/li>\n<li style=\"font-weight: 400;\" aria-level=\"1\"><b>Recibos de n\u00f3mina<\/b><span> para demostrar la relaci\u00f3n de <\/span><a href=\"https:\/\/runahr.com\/mx\/recursos\/hr-management\/trabajo\/\"><span>trabajo<\/span><\/a><span> y el <\/span><a href=\"https:\/\/runahr.com\/mx\/recursos\/nomina\/salario\/\"><span>salario<\/span><\/a><span> percibido.<\/span><\/li>\n<li style=\"font-weight: 400;\" aria-level=\"1\"><b>Identificaci\u00f3n oficial<\/b><span> (<\/span><a href=\"https:\/\/runahr.com\/mx\/recursos\/aspectos-legales\/instituto-nacional-electoral-ine\/\"><span>INE<\/span><\/a><span>, pasaporte, c\u00e9dula profesional).<\/span><\/li>\n<li style=\"font-weight: 400;\" aria-level=\"1\"><b>Cartas, correos electr\u00f3nicos, mensajes o grabaciones<\/b><span> que evidencien el conflicto laboral.<\/span><\/li>\n<li style=\"font-weight: 400;\" aria-level=\"1\"><b>Testimonios de compa\u00f1eros de trabajo<\/b><span> en caso de acoso, hostigamiento o despido injustificado.<\/span><\/li>\n<\/ul>\n<h4><span>Disposici\u00f3n de ambas partes a negociar<\/span><\/h4>\n<p><span>Para que la conciliaci\u00f3n sea efectiva, tanto el trabajador como el empleador deben estar abiertos a dialogar y buscar una soluci\u00f3n justa.<\/span><\/p>\n<h4><span>Asesor\u00eda legal o acompa\u00f1amiento<\/span><\/h4>\n<p><span>Aunque no es obligatorio, el trabajador puede contar con el apoyo de un abogado laboral o un representante sindical para asegurarse de que sus derechos sean protegidos.<\/span><\/p>\n<p><span>Si ambas partes llegan a un acuerdo, se firma un acta de conciliaci\u00f3n con validez legal. En caso de que no haya conciliaci\u00f3n, el trabajador puede llevar el caso a los tribunales laborales.<\/span><\/p>\n<h2><span>\u00bfCu\u00e1nto tiempo dura la conciliaci\u00f3n?<\/span><\/h2>\n<p><span>El proceso de conciliaci\u00f3n laboral suele durar entre 15 y 30 d\u00edas, dependiendo de la complejidad del caso y la disponibilidad de las partes. En general, la ley establece plazos m\u00e1s cortos que los de un juicio laboral, lo que permite una resoluci\u00f3n m\u00e1s \u00e1gil.<\/span><\/p>\n<h2><span>\u00bfQu\u00e9 pasa en la primera audiencia de conciliaci\u00f3n laboral?<\/span><\/h2>\n<p><span>En la primera audiencia de conciliaci\u00f3n, ambas partes se presentan ante el conciliador, quien explica el proceso y busca generar un di\u00e1logo. Se exponen los hechos del conflicto y se exploran posibles soluciones para llegar a un acuerdo satisfactorio.<\/span><\/p>\n<h2><span>\u00bfQu\u00e9 pasa despu\u00e9s de un acto de conciliaci\u00f3n?<\/span><\/h2>\n<p><span>Si se llega a un acuerdo, se firma un <\/span><a href=\"https:\/\/runahr.com\/mx\/recursos\/aspectos-legales\/sabes-que-son-las-actas-de-conciliacion\/\"><span>acta de conciliaci\u00f3n<\/span><\/a><span> que tiene validez legal y obliga a ambas partes a cumplir los t\u00e9rminos pactados. Si alguna de las partes incumple el acuerdo, pueden tomarse acciones legales para su cumplimiento.<\/span><\/p>\n<h2><span>\u00bfCu\u00e1nto se tarda en cobrar despu\u00e9s de una conciliaci\u00f3n laboral?<\/span><\/h2>\n<p><span>El tiempo para recibir el pago depende del acuerdo alcanzado. Generalmente, en el acta de conciliaci\u00f3n se establece un plazo espec\u00edfico para el pago de las indemnizaciones o compensaciones. Si el empleador no cumple, el trabajador puede recurrir a las instancias legales correspondientes.<\/span><\/p>\n<p><a href=\"https:\/\/runahr.com\/mx\/recursos\/aspectos-legales\/para-que-sirve-junta-de-conciliacion-y-arbitraje\/\"><img decoding=\"async\" class=\"alignnone size-full wp-image-938807\" src=\"https:\/\/runahr.com\/wp-content\/uploads\/2025\/09\/Para-que-sirve-la-Junta-Conciliacion-y-Arbitraje.jpg\" alt=\"\" width=\"20000\" height=\"7896\" \/><\/a><\/p>\n<h2><span>\u00bfQu\u00e9 pasa si no se llega a un acuerdo en una conciliaci\u00f3n laboral?<\/span><\/h2>\n<p><span>Si no se logra un acuerdo en la conciliaci\u00f3n, el trabajador tiene la opci\u00f3n de llevar el caso ante un tribunal laboral para su resoluci\u00f3n judicial. En este caso, el proceso puede prolongarse y requerir la intervenci\u00f3n de abogados y pruebas documentales.<\/span><\/p>\n<h2><span>\u00bfCu\u00e1l es el papel de RRHH en la conciliaci\u00f3n laboral?<\/span><\/h2>\n<p><span>El departamento de <\/span><a href=\"https:\/\/runahr.com\/mx\/recursos\/hr-management\/recursos-humanos-en-una-empresa\/\"><span>Recursos Humanos<\/span><\/a><span> juega un papel fundamental en la conciliaci\u00f3n laboral. Sus responsabilidades incluyen:<\/span><\/p>\n<ul>\n<li style=\"font-weight: 400;\" aria-level=\"1\"><span>Garantizar que la empresa participe de buena fe en el proceso<\/span><\/li>\n<li style=\"font-weight: 400;\" aria-level=\"1\"><span>Recopilar y presentar la documentaci\u00f3n necesaria<\/span><\/li>\n<li style=\"font-weight: 400;\" aria-level=\"1\"><span>Colaborar en la b\u00fasqueda de una soluci\u00f3n justa y equitativa<\/span><\/li>\n<li style=\"font-weight: 400;\" aria-level=\"1\"><span>Implementar medidas preventivas para evitar futuros conflictos laborales<\/span><\/li>\n<\/ul>\n<p><span>La conciliaci\u00f3n laboral es una herramienta clave para la resoluci\u00f3n de conflictos en el <\/span><a href=\"https:\/\/runahr.com\/mx\/recursos\/hr-management\/entorno-laboral\/\"><span>entorno laboral<\/span><\/a><span>. Al ofrecer un mecanismo r\u00e1pido, efectivo y menos costoso que un juicio, permite a trabajadores y empleadores encontrar soluciones justas sin afectar la <\/span><a href=\"https:\/\/runahr.com\/mx\/recursos\/hr-management\/productividad\/\"><span>productividad<\/span><\/a><span> ni el <\/span><a href=\"https:\/\/runahr.com\/mx\/recursos\/hr-management\/ambiente-laboral\/\"><span>ambiente laboral<\/span><\/a><span>. La participaci\u00f3n activa y responsable de ambas partes es crucial para el \u00e9xito de este proceso.<\/span><\/p>\n<h2><span>Preguntas frecuentes<\/span><\/h2>\n<h4><span>\u00bfC\u00f3mo influye la conciliaci\u00f3n laboral en el c\u00e1lculo del aguinaldo?<\/span><\/h4>\n<p><span>En un proceso de conciliaci\u00f3n laboral, si se resuelve un conflicto relacionado con el <\/span><a href=\"https:\/\/runahr.com\/mx\/recursos\/nomina\/aguinaldo\/\"><span>aguinaldo<\/span><\/a><span>, se debe calcular de acuerdo con las leyes laborales y puede implicar un pago proporcional si el trabajador no ha trabajado todo el a\u00f1o. Puedes utilizar nuestra <\/span><a href=\"https:\/\/runahr.com\/mx\/recursos\/nomina\/calculadora-aguinaldo\/\"><span>calculadora aguinaldo<\/span><\/a><span> para obtener el monto exacto basado en tu tiempo trabajado.<\/span><\/p>\n<h4><span>\u00bfC\u00f3mo se calcula el finiquito en un proceso de conciliaci\u00f3n laboral?<\/span><\/h4>\n<p><span>Durante una conciliaci\u00f3n, si se llega a un acuerdo sobre la terminaci\u00f3n del contrato, el <\/span><a href=\"https:\/\/runahr.com\/mx\/recursos\/nomina\/finiquito\/\"><span>finiquito<\/span><\/a><span> debe incluir salarios pendientes, aguinaldo, vacaciones no gozadas, entre otros <\/span><a href=\"https:\/\/runahr.com\/mx\/recursos\/nomina\/que-es-un-concepto\/\"><span>conceptos<\/span><\/a><span>, lo cual puede ser calculado con nuestra <\/span><a href=\"https:\/\/runahr.com\/mx\/recursos\/nomina\/calculadora-finiquito\/\"><span>calculadora finiquito<\/span><\/a><span>.<\/span><\/p>\n<h4><span>\u00bfC\u00f3mo la conciliaci\u00f3n laboral impacta el c\u00e1lculo de la liquidaci\u00f3n?<\/span><\/h4>\n<p><span>En un proceso de conciliaci\u00f3n, si se llega a un acuerdo sobre un despido o <\/span><a href=\"https:\/\/runahr.com\/mx\/recursos\/aspectos-legales\/renuncia-voluntaria-lft\/\"><span>renuncia voluntaria<\/span><\/a><span>, se calcula la <\/span><a href=\"https:\/\/runahr.com\/mx\/recursos\/nomina\/liquidacion\/\"><span>liquidaci\u00f3n<\/span><\/a><span> con base en lo que corresponda, incluyendo el aguinaldo, la prima vacacional y el PTU. Puedes usar nuestra <\/span><a href=\"https:\/\/runahr.com\/mx\/recursos\/nomina\/calculadora-liquidacion\"><span>calculadora liquidaci\u00f3n<\/span><\/a><span> para obtener el monto correspondiente.<\/span><\/p>\n<h4><span>\u00bfQu\u00e9 pasa con la prima vacacional en una conciliaci\u00f3n laboral?<\/span><\/h4>\n<p><span>Si en una conciliaci\u00f3n se resuelve un conflicto de pago de vacaciones no gozadas, la prima vacacional debe ser calculada de acuerdo con la ley, y puedes utilizar nuestra <\/span><a href=\"https:\/\/runahr.com\/mx\/recursos\/nomina\/calculadora-prima-vacacional\/\"><span>calculadora prima vacacional<\/span><\/a><span> para determinar lo que te corresponde.<\/span><\/p>\n<h4><span>\u00bfC\u00f3mo afecta la NOM-035 en los procesos de conciliaci\u00f3n laboral?<\/span><\/h4>\n<p><span>La <\/span><a href=\"https:\/\/runahr.com\/mx\/recursos\/aspectos-legales\/nom-035\/\"><span>NOM 035<\/span><\/a><span> establece la obligaci\u00f3n de los empleadores de prevenir <\/span><a href=\"https:\/\/runahr.com\/mx\/recursos\/nomina\/riesgos-psicosociales\/\"><span>riesgos psicosociales<\/span><\/a><span>, como el hostigamiento laboral, lo cual puede ser un tema tratado en una conciliaci\u00f3n laboral. Esto implica que el empleador debe asegurarse de que el ambiente laboral sea seguro para evitar conflictos que puedan llevar a una conciliaci\u00f3n.<\/span><\/p>\n<h4><span>\u00bfC\u00f3mo la NOM-037 est\u00e1 relacionada con la conciliaci\u00f3n laboral?<\/span><\/h4>\n<p><span>La <\/span><a href=\"https:\/\/runahr.com\/mx\/recursos\/aspectos-legales\/nom-037\/\"><span>NOM 037<\/span><\/a><span> establece lineamientos sobre igualdad laboral y no <\/span><a href=\"https:\/\/runahr.com\/mx\/recursos\/hr-management\/discriminacion\/\"><span>discriminaci\u00f3n<\/span><\/a><span>. En una conciliaci\u00f3n laboral, si se trata de un conflicto relacionado con discriminaci\u00f3n o acoso, esta norma puede ser fundamental para resolver el problema de manera equitativa.<\/span><\/p>\n<h4><span>\u00bfQu\u00e9 impacto tiene el desempe\u00f1o de un empleado en la conciliaci\u00f3n laboral?<\/span><\/h4>\n<p><span>El <\/span><a href=\"https:\/\/runahr.com\/mx\/recursos\/hr-management\/desempeno\/\"><span>desempe\u00f1o<\/span><\/a><span> de un empleado puede ser un factor relevante en una conciliaci\u00f3n laboral, especialmente cuando se discuten temas de despido, indemnizaci\u00f3n o <\/span><a href=\"https:\/\/runahr.com\/mx\/recursos\/hr-management\/prestaciones\/\"><span>prestaciones<\/span><\/a><span>. El <\/span><a href=\"https:\/\/runahr.com\/mx\/recursos\/hr-management\/rendimiento\/\"><span>rendimiento<\/span><\/a><span> laboral podr\u00eda influir en el c\u00e1lculo de liquidaci\u00f3n, bonificaciones o prestaciones.<\/span><\/p>\n<h4><span>\u00bfQu\u00e9 relaci\u00f3n tiene la conciliaci\u00f3n laboral con el salario m\u00ednimo?<\/span><\/h4>\n<p><span>Si el conflicto de conciliaci\u00f3n involucra el salario de un trabajador, se debe garantizar que el salario no sea inferior al <\/span><a href=\"https:\/\/runahr.com\/mx\/recursos\/nomina\/salario-minimo\/\"><span>salario m\u00ednimo<\/span><\/a><span> establecido. Durante la conciliaci\u00f3n, el salario debe ajustarse a las normas legales y los derechos del trabajador.<\/span><\/p>\n<h4><span>\u00bfC\u00f3mo influye el salario neto y bruto en una conciliaci\u00f3n laboral?\u00a0<\/span><\/h4>\n<p><span>El <\/span><a href=\"https:\/\/runahr.com\/mx\/recursos\/nomina\/calculadora-salario-neto-o-bruto\/\"><span>salario neto y bruto<\/span><\/a><span> son aspectos clave cuando se calcula el monto a pagar en una conciliaci\u00f3n laboral. El <\/span><a href=\"https:\/\/runahr.com\/mx\/recursos\/nomina\/calculadora-salario-neto-o-bruto\/\"><span>salario bruto<\/span><\/a><span> incluye todas las <\/span><a href=\"https:\/\/runahr.com\/mx\/recursos\/nomina\/percepciones\/\"><span>percepciones<\/span><\/a><span> antes de <\/span><a href=\"https:\/\/runahr.com\/mx\/recursos\/nomina\/deducciones-en-la-nomina\/\"><span>deducciones de n\u00f3mina<\/span><\/a><span>, mientras que el salario neto es lo que realmente recibe el trabajador. Ambas cifras deben ser consideradas al <\/span><a href=\"https:\/\/runahr.com\/mx\/recursos\/nomina\/calculadora-liquidacion\"><span>calcular liquidaci\u00f3n<\/span><\/a><span> o finiquito.<\/span><\/p>\n<h4><span>\u00bfC\u00f3mo afecta la conciliaci\u00f3n laboral en el c\u00e1lculo de la PTU?<\/span><\/h4>\n<p><span>Durante una conciliaci\u00f3n, si hay desacuerdos sobre la <\/span><a href=\"https:\/\/runahr.com\/mx\/recursos\/nomina\/ptu\/\"><span>Participaci\u00f3n de los Trabajadores en las Utilidades (PTU)<\/span><\/a><span>, se puede resolver el conflicto calculando el monto correspondiente de acuerdo con la ley, utilizando una <\/span><a href=\"https:\/\/runahr.com\/mx\/landings\/calculadora-ptu\/\"><span>calculadora PTU<\/span><\/a><span>.<\/span><\/p>\n<h4><span>\u00bfC\u00f3mo se calcula la n\u00f3mina de un trabajador durante una conciliaci\u00f3n laboral?<\/span><\/h4>\n<p><span>En una conciliaci\u00f3n laboral, si se trata de un desacuerdo relacionado con los pagos, se puede recalcular la <\/span><a href=\"https:\/\/runahr.com\/mx\/recursos\/nomina\/que-es-nomina\/\"><span>n\u00f3mina<\/span><\/a><span> del trabajador usando una <\/span><a href=\"https:\/\/runahr.com\/mx\/recursos\/nomina\/calculadora-salario-neto-o-bruto\/\"><span>calculadora n\u00f3mina<\/span><\/a><span>, teniendo en cuenta los salarios, bonificaciones, deducciones y prestaciones.<\/span><\/p>\n<h4><span>\u00bfC\u00f3mo afecta un organigrama en un proceso de conciliaci\u00f3n laboral?<\/span><\/h4>\n<p><span>El <\/span><a href=\"https:\/\/runahr.com\/mx\/recursos\/hr-management\/organigrama\/\"><span>organigrama<\/span><\/a><span> puede ser relevante en una conciliaci\u00f3n laboral si el conflicto est\u00e1 relacionado con la estructura de la <\/span><a href=\"https:\/\/runahr.com\/mx\/recursos\/hr-management\/jerarquia\/\"><span>jerarqu\u00eda<\/span><\/a><span>, la asignaci\u00f3n de tareas o responsabilidades, o posibles abusos de autoridad. El an\u00e1lisis de la estructura organizacional puede ayudar a comprender la ra\u00edz del conflicto y encontrar una soluci\u00f3n equitativa.<\/span><\/p>\n<p><a href=\"https:\/\/runahr.com\/mx\/recursos\/hr-management\/manejo-del-estres-y-el-engagement-laboral\/\"><img decoding=\"async\" class=\"alignnone size-full wp-image-943645\" src=\"https:\/\/runahr.com\/wp-content\/uploads\/2025\/09\/Manejo-del-estres-y-el-engagement-laboral.jpg\" alt=\"\" width=\"20000\" height=\"7896\" \/><\/a><\/p>\n","protected":false},"excerpt":{"rendered":"<p>La conciliaci\u00f3n laboral es un mecanismo esencial en la resoluci\u00f3n de conflictos entre trabajadores y empleadores. Su objetivo es evitar procesos judiciales prolongados y costosos, facilitando acuerdos justos y equitativos.\u00a0 As\u00ed que en este art\u00edculo, exploraremos qu\u00e9 es la conciliaci\u00f3n laboral, cu\u00e1ndo procede y c\u00f3mo se desarrolla este proceso. \u00bfQu\u00e9 es una conciliaci\u00f3n laboral? La [&hellip;]<\/p>\n","protected":false},"author":73,"featured_media":1069471,"comment_status":"closed","ping_status":"closed","sticky":false,"template":"","format":"standard","meta":{"_acf_changed":false,"_wp_applaud_exclude":false,"footnotes":""},"categories":[335,190],"tags":[1297,418,1786],"class_list":["post-1002825","post","type-post","status-publish","format-standard","has-post-thumbnail","hentry","category-aspectos-legales","category-recursos","tag-articulo","tag-aspectos-legales","tag-centro-federal-de-conciliacion-y-registro-laboral"],"acf":[],"yoast_head":"<!-- This site is optimized with the Yoast SEO Premium plugin v26.1 (Yoast SEO v27.5) - https:\/\/yoast.com\/product\/yoast-seo-premium-wordpress\/ -->\n<title>Conciliaci\u00f3n laboral: \u00bfQu\u00e9 es? \u00bfCu\u00e1ndo procede? | MX | Runa HR<\/title>\n<meta name=\"description\" content=\"\u00bfQu\u00e9 es una conciliaci\u00f3n laboral? Conoce c\u00f3mo la puedes pedir, qu\u00e9 se necesita para una y qu\u00e9 es lo que necesitas para demandar.\" \/>\n<meta name=\"robots\" content=\"index, follow, max-snippet:-1, max-image-preview:large, max-video-preview:-1\" \/>\n<link rel=\"canonical\" href=\"https:\/\/runahr.com\/mx\/recursos\/aspectos-legales\/conciliacion-laboral\/\" \/>\n<meta property=\"og:locale\" content=\"es_MX\" \/>\n<meta property=\"og:type\" content=\"article\" \/>\n<meta property=\"og:title\" content=\"Conciliaci\u00f3n laboral: \u00bfQu\u00e9 es? \u00bfCu\u00e1ndo procede? | MX | Runa HR\" \/>\n<meta property=\"og:description\" content=\"\u00bfQu\u00e9 es una conciliaci\u00f3n laboral? Conoce c\u00f3mo la puedes pedir, qu\u00e9 se necesita para una y qu\u00e9 es lo que necesitas para demandar.\" \/>\n<meta property=\"og:url\" content=\"https:\/\/runahr.com\/mx\/recursos\/aspectos-legales\/conciliacion-laboral\/\" \/>\n<meta property=\"og:site_name\" content=\"Runa HR\" \/>\n<meta property=\"article:publisher\" content=\"https:\/\/www.facebook.com\/runahr\/\" \/>\n<meta property=\"article:published_time\" content=\"2025-05-16T23:10:22+00:00\" \/>\n<meta property=\"article:modified_time\" content=\"2025-09-03T13:45:29+00:00\" \/>\n<meta property=\"og:image\" content=\"https:\/\/runahr.com\/wp-content\/uploads\/2025\/04\/image-2.png\" \/>\n\t<meta property=\"og:image:width\" content=\"512\" \/>\n\t<meta property=\"og:image:height\" content=\"286\" \/>\n\t<meta property=\"og:image:type\" content=\"image\/png\" \/>\n<meta name=\"author\" content=\"Kathia Bernal\" \/>\n<meta name=\"twitter:card\" content=\"summary_large_image\" \/>\n<meta name=\"twitter:creator\" content=\"@runahr\" \/>\n<meta name=\"twitter:site\" content=\"@runahr\" \/>\n<meta name=\"twitter:label1\" content=\"Escrito por\" \/>\n\t<meta name=\"twitter:data1\" content=\"Kathia Bernal\" \/>\n\t<meta name=\"twitter:label2\" content=\"Tiempo de lectura\" \/>\n\t<meta name=\"twitter:data2\" content=\"9 minutos\" \/>\n<!-- \/ Yoast SEO Premium plugin. -->","yoast_head_json":{"title":"Conciliaci\u00f3n laboral: \u00bfQu\u00e9 es? \u00bfCu\u00e1ndo procede? | MX | Runa HR","description":"\u00bfQu\u00e9 es una conciliaci\u00f3n laboral? Conoce c\u00f3mo la puedes pedir, qu\u00e9 se necesita para una y qu\u00e9 es lo que necesitas para demandar.","robots":{"index":"index","follow":"follow","max-snippet":"max-snippet:-1","max-image-preview":"max-image-preview:large","max-video-preview":"max-video-preview:-1"},"canonical":"https:\/\/runahr.com\/mx\/recursos\/aspectos-legales\/conciliacion-laboral\/","og_locale":"es_MX","og_type":"article","og_title":"Conciliaci\u00f3n laboral: \u00bfQu\u00e9 es? \u00bfCu\u00e1ndo procede? | MX | Runa HR","og_description":"\u00bfQu\u00e9 es una conciliaci\u00f3n laboral? Conoce c\u00f3mo la puedes pedir, qu\u00e9 se necesita para una y qu\u00e9 es lo que necesitas para demandar.","og_url":"https:\/\/runahr.com\/mx\/recursos\/aspectos-legales\/conciliacion-laboral\/","og_site_name":"Runa HR","article_publisher":"https:\/\/www.facebook.com\/runahr\/","article_published_time":"2025-05-16T23:10:22+00:00","article_modified_time":"2025-09-03T13:45:29+00:00","og_image":[{"width":512,"height":286,"url":"https:\/\/runahr.com\/wp-content\/uploads\/2025\/04\/image-2.png","type":"image\/png"}],"author":"Kathia Bernal","twitter_card":"summary_large_image","twitter_creator":"@runahr","twitter_site":"@runahr","twitter_misc":{"Escrito por":"Kathia Bernal","Tiempo de lectura":"9 minutos"},"schema":{"@context":"https:\/\/schema.org","@graph":[{"@type":"Article","@id":"https:\/\/runahr.com\/mx\/recursos\/aspectos-legales\/conciliacion-laboral\/#article","isPartOf":{"@id":"https:\/\/runahr.com\/mx\/recursos\/aspectos-legales\/conciliacion-laboral\/"},"author":{"name":"Kathia Bernal","@id":"https:\/\/runahr.com\/mx\/#\/schema\/person\/369d9cc64692eaabaac26985a4c3177a"},"headline":"Conciliaci\u00f3n laboral: \u00bfQu\u00e9 es? \u00bfCu\u00e1ndo procede?","datePublished":"2025-05-16T23:10:22+00:00","dateModified":"2025-09-03T13:45:29+00:00","mainEntityOfPage":{"@id":"https:\/\/runahr.com\/mx\/recursos\/aspectos-legales\/conciliacion-laboral\/"},"wordCount":1749,"publisher":{"@id":"https:\/\/runahr.com\/mx\/#organization"},"image":{"@id":"https:\/\/runahr.com\/mx\/recursos\/aspectos-legales\/conciliacion-laboral\/#primaryimage"},"thumbnailUrl":"https:\/\/runahr.com\/wp-content\/uploads\/2025\/09\/Conciliacion-laboral.svg","keywords":["Art\u00edculo","Aspectos Legales","Centro federal de conciliaci\u00f3n y registro laboral"],"articleSection":["Aspectos legales","Recursos"],"inLanguage":"es"},{"@type":"WebPage","@id":"https:\/\/runahr.com\/mx\/recursos\/aspectos-legales\/conciliacion-laboral\/","url":"https:\/\/runahr.com\/mx\/recursos\/aspectos-legales\/conciliacion-laboral\/","name":"Conciliaci\u00f3n laboral: \u00bfQu\u00e9 es? \u00bfCu\u00e1ndo procede? | MX | Runa HR","isPartOf":{"@id":"https:\/\/runahr.com\/mx\/#website"},"primaryImageOfPage":{"@id":"https:\/\/runahr.com\/mx\/recursos\/aspectos-legales\/conciliacion-laboral\/#primaryimage"},"image":{"@id":"https:\/\/runahr.com\/mx\/recursos\/aspectos-legales\/conciliacion-laboral\/#primaryimage"},"thumbnailUrl":"https:\/\/runahr.com\/wp-content\/uploads\/2025\/09\/Conciliacion-laboral.svg","datePublished":"2025-05-16T23:10:22+00:00","dateModified":"2025-09-03T13:45:29+00:00","description":"\u00bfQu\u00e9 es una conciliaci\u00f3n laboral? Conoce c\u00f3mo la puedes pedir, qu\u00e9 se necesita para una y qu\u00e9 es lo que necesitas para demandar.","breadcrumb":{"@id":"https:\/\/runahr.com\/mx\/recursos\/aspectos-legales\/conciliacion-laboral\/#breadcrumb"},"inLanguage":"es","potentialAction":[{"@type":"ReadAction","target":["https:\/\/runahr.com\/mx\/recursos\/aspectos-legales\/conciliacion-laboral\/"]}]},{"@type":"ImageObject","inLanguage":"es","@id":"https:\/\/runahr.com\/mx\/recursos\/aspectos-legales\/conciliacion-laboral\/#primaryimage","url":"https:\/\/runahr.com\/wp-content\/uploads\/2025\/09\/Conciliacion-laboral.svg","contentUrl":"https:\/\/runahr.com\/wp-content\/uploads\/2025\/09\/Conciliacion-laboral.svg","width":1090,"height":476},{"@type":"BreadcrumbList","@id":"https:\/\/runahr.com\/mx\/recursos\/aspectos-legales\/conciliacion-laboral\/#breadcrumb","itemListElement":[{"@type":"ListItem","position":1,"name":"Home","item":"https:\/\/runahr.com\/mx\/"},{"@type":"ListItem","position":2,"name":"Recursos","item":"https:\/\/runahr.com\/mx\/category\/recursos\/"},{"@type":"ListItem","position":3,"name":"Aspectos legales","item":"https:\/\/runahr.com\/mx\/category\/recursos\/aspectos-legales\/"},{"@type":"ListItem","position":4,"name":"Conciliaci\u00f3n laboral: \u00bfQu\u00e9 es? \u00bfCu\u00e1ndo procede?"}]},{"@type":"WebSite","@id":"https:\/\/runahr.com\/mx\/#website","url":"https:\/\/runahr.com\/mx\/","name":"Runa HR","description":"Software de N\u00f3mina y Gesti\u00f3n de RRHH","publisher":{"@id":"https:\/\/runahr.com\/mx\/#organization"},"potentialAction":[{"@type":"SearchAction","target":{"@type":"EntryPoint","urlTemplate":"https:\/\/runahr.com\/mx\/?s={search_term_string}"},"query-input":{"@type":"PropertyValueSpecification","valueRequired":true,"valueName":"search_term_string"}}],"inLanguage":"es"},{"@type":"Organization","@id":"https:\/\/runahr.com\/mx\/#organization","name":"Runa HR","url":"https:\/\/runahr.com\/mx\/","logo":{"@type":"ImageObject","inLanguage":"es","@id":"https:\/\/runahr.com\/mx\/#\/schema\/logo\/image\/","url":"https:\/\/runahr.com\/wp-content\/uploads\/2018\/05\/xDzHFcQY_400x400.jpg","contentUrl":"https:\/\/runahr.com\/wp-content\/uploads\/2018\/05\/xDzHFcQY_400x400.jpg","width":400,"height":400,"caption":"Runa HR"},"image":{"@id":"https:\/\/runahr.com\/mx\/#\/schema\/logo\/image\/"},"sameAs":["https:\/\/www.facebook.com\/runahr\/","https:\/\/x.com\/runahr","https:\/\/www.instagram.com\/runahr\/","https:\/\/mx.linkedin.com\/company\/runahr","https:\/\/www.youtube.com\/channel\/UCAZ21FupFMLIb1c7PPaU6Ew"]},{"@type":"Person","@id":"https:\/\/runahr.com\/mx\/#\/schema\/person\/369d9cc64692eaabaac26985a4c3177a","name":"Kathia Bernal","image":{"@type":"ImageObject","inLanguage":"es","@id":"https:\/\/secure.gravatar.com\/avatar\/334a0b7f0ac91466ae36dc3f4c0ef43d4c003d5659996ed30d82caf1c9a3bb92?s=96&d=mm&r=g","url":"https:\/\/secure.gravatar.com\/avatar\/334a0b7f0ac91466ae36dc3f4c0ef43d4c003d5659996ed30d82caf1c9a3bb92?s=96&d=mm&r=g","contentUrl":"https:\/\/secure.gravatar.com\/avatar\/334a0b7f0ac91466ae36dc3f4c0ef43d4c003d5659996ed30d82caf1c9a3bb92?s=96&d=mm&r=g","caption":"Kathia Bernal"},"sameAs":["https:\/\/runahr.com\/mx\/home\/"],"url":"https:\/\/runahr.com\/mx\/author\/kbernal\/"}]}},"_links":{"self":[{"href":"https:\/\/runahr.com\/mx\/wp-json\/wp\/v2\/posts\/1002825","targetHints":{"allow":["GET"]}}],"collection":[{"href":"https:\/\/runahr.com\/mx\/wp-json\/wp\/v2\/posts"}],"about":[{"href":"https:\/\/runahr.com\/mx\/wp-json\/wp\/v2\/types\/post"}],"author":[{"embeddable":true,"href":"https:\/\/runahr.com\/mx\/wp-json\/wp\/v2\/users\/73"}],"replies":[{"embeddable":true,"href":"https:\/\/runahr.com\/mx\/wp-json\/wp\/v2\/comments?post=1002825"}],"version-history":[{"count":0,"href":"https:\/\/runahr.com\/mx\/wp-json\/wp\/v2\/posts\/1002825\/revisions"}],"wp:featuredmedia":[{"embeddable":true,"href":"https:\/\/runahr.com\/mx\/wp-json\/wp\/v2\/media\/1069471"}],"wp:attachment":[{"href":"https:\/\/runahr.com\/mx\/wp-json\/wp\/v2\/media?parent=1002825"}],"wp:term":[{"taxonomy":"category","embeddable":true,"href":"https:\/\/runahr.com\/mx\/wp-json\/wp\/v2\/categories?post=1002825"},{"taxonomy":"post_tag","embeddable":true,"href":"https:\/\/runahr.com\/mx\/wp-json\/wp\/v2\/tags?post=1002825"}],"curies":[{"name":"wp","href":"https:\/\/api.w.org\/{rel}","templated":true}]}}