{"id":1106849,"date":"2026-03-13T10:03:52","date_gmt":"2026-03-13T16:03:52","guid":{"rendered":"https:\/\/runahr.com\/?p=1106849"},"modified":"2026-03-13T10:03:52","modified_gmt":"2026-03-13T16:03:52","slug":"cuales-son-las-caracteristicas-del-contrato-colectivo-de-trabajo","status":"publish","type":"post","link":"https:\/\/runahr.com\/mx\/recursos\/aspectos-legales\/cuales-son-las-caracteristicas-del-contrato-colectivo-de-trabajo\/","title":{"rendered":"\u00bfCu\u00e1les son las caracter\u00edsticas del contrato colectivo de trabajo\u200b?"},"content":{"rendered":"<p><span>En el d\u00eda a d\u00eda, el contrato colectivo rara vez est\u00e1 sobre la mesa\u2026 Hasta que algo obliga a revisarlo. Ya sea por un ajuste salarial, una consulta sindical o una negociaci\u00f3n pendiente, el documento empieza a pesar m\u00e1s cuando hay decisiones en juego.<\/span><\/p>\n<p><span>No es un tema exclusivo del \u00e1rea legal. Conocer las caracter\u00edsticas del contrato colectivo de trabajo ayuda a entender qu\u00e9 s\u00ed se puede negociar, qu\u00e9 ya est\u00e1 pactado y c\u00f3mo se deben manejar ciertas situaciones que impactan directamente en las personas y en la operaci\u00f3n. Un CCT bien estructurado puede dar orden, previsibilidad y estabilidad. Uno mal gestionado, en cambio, puede convertirse en foco de conflictos, incertidumbre o incluso pasivos no contemplados.<\/span><\/p>\n<p><a href=\"https:\/\/recursos.runahr.com\/formato-contrato-colectivo-de-trabajo\"><img fetchpriority=\"high\" decoding=\"async\" class=\"alignnone  wp-image-1091854\" src=\"https:\/\/runahr.com\/wp-content\/uploads\/2026\/01\/CMX106-300x118.webp\" alt=\"Descargar Formato de contrato colectivo de trabajo\" width=\"1355\" height=\"533\" srcset=\"https:\/\/runahr.com\/wp-content\/uploads\/2026\/01\/CMX106-300x118.webp 300w, https:\/\/runahr.com\/wp-content\/uploads\/2026\/01\/CMX106-1024x404.webp 1024w, https:\/\/runahr.com\/wp-content\/uploads\/2026\/01\/CMX106-768x303.webp 768w\" sizes=\"(max-width: 1355px) 100vw, 1355px\" \/><\/a><\/p>\n<h2><b>\u00bfQu\u00e9 es exactamente un contrato colectivo de trabajo?<\/b><\/h2>\n<p><span>Es el acuerdo que se firma con el sindicato cuando hay una representaci\u00f3n formal dentro de la <\/span><a href=\"https:\/\/runahr.com\/mx\/recursos\/comienza-tu-empresa\/guia-para-crear-una-empresa\/\"><span>empresa<\/span><\/a><span>. No se trata de una lista de cl\u00e1usulas para cumplir por obligaci\u00f3n. Es el documento donde ambas partes (empresa y <\/span><a href=\"https:\/\/runahr.com\/mx\/recursos\/aspectos-legales\/que-es-un-sindicato\/\"><span>sindicato<\/span><\/a><span>) acuerdan c\u00f3mo se va a trabajar: desde los horarios, descansos y sueldos, hasta los <\/span><a href=\"https:\/\/runahr.com\/mx\/recursos\/nomina\/beneficios\/\"><span>beneficios<\/span><\/a><span> que se pueden ofrecer y qu\u00e9 hacer si hay un conflicto.<\/span><\/p>\n<p><span>M\u00e1s all\u00e1 del lenguaje legal, funciona como una gu\u00eda interna que marca lo que aplica de forma general para el personal afiliado. Si hay algo que no est\u00e1 en el <\/span><a href=\"https:\/\/runahr.com\/mx\/recursos\/hr-management\/contrato-individual-de-trabajo\/\"><span>contrato individual de trabajo<\/span><\/a><span>, lo m\u00e1s probable es que est\u00e9 aqu\u00ed.<\/span><\/p>\n<h2><b>\u00bfCu\u00e1les son las caracter\u00edsticas clave del contrato colectivo de trabajo?<\/b><\/h2>\n<p><span>Para muchas empresas, el <\/span><a href=\"https:\/\/runahr.com\/mx\/recursos\/aspectos-legales\/contrato-colectivo-de-trabajo\/\"><span>contrato colectivo de trabajo<\/span><\/a><span> est\u00e1 ah\u00ed, firmado y registrado, pero rara vez se revisa m\u00e1s all\u00e1 del \u00e1rea legal. El problema viene cuando hay cambios en operaci\u00f3n, ajustes de presupuesto o conflictos internos... Y nadie tiene claro qu\u00e9 dice realmente.<\/span><\/p>\n<p><span>Entender sus puntos clave no es un tema exclusivo de abogados o del sindicato. Tambi\u00e9n impacta en decisiones de RRHH, <\/span><a href=\"https:\/\/runahr.com\/mx\/recursos\/hr-management\/clima-laboral\/\"><span>clima laboral<\/span><\/a><span> y planeaci\u00f3n de costos. Estas son las caracter\u00edsticas que conviene tener presentes si se quiere usar el contrato colectivo como una herramienta de <\/span><a href=\"https:\/\/runahr.com\/mx\/recursos\/hr-management\/gestion\/\"><span>gesti\u00f3n<\/span><\/a><span>, y no solo como un documento que \u201chay que tener\u201d.<\/span><\/p>\n<h3><b>1. Negociaci\u00f3n bilateral y representativa<\/b><\/h3>\n<p><span>Este contrato no se impone, se negocia. Se celebra entre un sindicato legalmente reconocido y el empleador. Cada cl\u00e1usula es resultado de un proceso formal de di\u00e1logo y acuerdos mutuos. \u00bfPor qu\u00e9 importa para CEOs? Porque obliga a mantener canales de <\/span><a href=\"https:\/\/runahr.com\/mx\/recursos\/nomina\/comunicacion\/\"><span>comunicaci\u00f3n<\/span><\/a><span> estructurados, transparentes y con seguimiento. No hay lugar para decisiones unilaterales en temas colectivos.<\/span><\/p>\n<h3><b>2. Aplicaci\u00f3n general para todos los trabajadores afiliados<\/b><\/h3>\n<p><span>El CCT aplica autom\u00e1ticamente a todas las personas trabajadoras afiliadas al sindicato que lo firma. No es individual ni opcional: quienes est\u00e1n cubiertos por ese sindicato, est\u00e1n cubiertos por ese contrato. \u00bfPor qu\u00e9 es clave para RRHH? Porque permite establecer condiciones laborales uniformes, evitando diferencias injustificadas que pueden generar malestar o conflictos internos.<\/span><\/p>\n<h3><b>3. Condiciones m\u00ednimas y superiores a la ley<\/b><\/h3>\n<p><span>El contrato colectivo parte de lo que marca la ley, pero tiene espacio para ir m\u00e1s all\u00e1. En muchos casos, se acuerdan beneficios que mejoran lo m\u00ednimo establecido: m\u00e1s <\/span><a href=\"https:\/\/runahr.com\/mx\/recursos\/nomina\/vacaciones\/\"><span>vacaciones<\/span><\/a><span>, pagos adicionales, ajustes en jornadas o esquemas de apoyo que no vienen en ning\u00fan art\u00edculo legal. \u00bfY por qu\u00e9 vale la pena? Porque ese tipo de condiciones terminan marcando una diferencia real. A veces no es el sueldo lo que retiene, sino el entorno que se construye alrededor del trabajo. Un CCT bien negociado puede ayudar a que la gente decida quedarse, incluso cuando afuera hay ofertas similares.<\/span><\/p>\n<h3><b>4. Registro y validez ante la autoridad laboral<\/b><\/h3>\n<p><span>Para que tenga efectos legales, el CCT debe ser registrado ante el <\/span><a href=\"https:\/\/runahr.com\/mx\/recursos\/aspectos-legales\/centro-federal-de-conciliacion-y-registro-laboral\/\"><span>Centro Federal de Conciliaci\u00f3n y Registro Laboral (CFCRL)<\/span><\/a><span>. Sin este paso, no hay validez ni respaldo jur\u00eddico. \u00bfPor qu\u00e9 debe importarle a la empresa? Porque un contrato no registrado puede abrir la puerta a riesgos legales, conflictos y dudas sobre su cumplimiento. Tenerlo en regla asegura transparencia y respaldo formal.<\/span><\/p>\n<h3><b>5. Vigencia definida y revisiones peri\u00f3dicas<\/b><\/h3>\n<p><span>Todo contrato colectivo tiene una vigencia espec\u00edfica (generalmente dos a\u00f1os), con revisiones obligatorias: salariales cada a\u00f1o y contractuales en cada renovaci\u00f3n. \u00bfQu\u00e9 implica esto para la planificaci\u00f3n? La empresa debe preparar presupuestos, proyecciones y negociaciones con antelaci\u00f3n. Ignorar los tiempos puede traducirse en retrasos, presi\u00f3n operativa o conflictos innecesarios.<\/span><\/p>\n<h3><b>6. Car\u00e1cter obligatorio para ambas partes<\/b><\/h3>\n<p><span>Una vez firmado, el contrato se convierte en ley para ambas partes. Ni el sindicato ni la empresa pueden ignorarlo sin consecuencias legales. \u00bfC\u00f3mo beneficia esto a la operaci\u00f3n? Da estabilidad. Se evitan cambios constantes, se reducen conflictos por interpretaci\u00f3n y se fortalecen las reglas claras dentro de la organizaci\u00f3n.<\/span><\/p>\n<h3><b>7. Flexibilidad para adaptarse a cada organizaci\u00f3n<\/b><\/h3>\n<p><span>Aunque est\u00e1 regulado por la ley, el CCT permite cierta personalizaci\u00f3n: cada empresa puede negociar condiciones que reflejen su realidad operativa, su industria y sus objetivos. \u00bfQu\u00e9 ventaja ofrece a los l\u00edderes? La posibilidad de alinear lo que se pacta con la estrategia de negocio. No se trata solo de cumplir, sino de construir acuerdos que sumen valor a ambas partes.<\/span><\/p>\n<p><a href=\"https:\/\/runahr.com\/mx\/recursos\/aspectos-legales\/que-es-ley-federal-del-trabajo\/\"><img decoding=\"async\" class=\"alignnone  wp-image-1092694\" src=\"https:\/\/runahr.com\/wp-content\/uploads\/2026\/01\/CMX213-300x119.webp\" alt=\"Ver ahora Tip: \u00bfQu\u00e9 es la Ley Federal del Trabajo (LFT)?\" width=\"1354\" height=\"537\" srcset=\"https:\/\/runahr.com\/wp-content\/uploads\/2026\/01\/CMX213-300x119.webp 300w, https:\/\/runahr.com\/wp-content\/uploads\/2026\/01\/CMX213-1024x405.webp 1024w, https:\/\/runahr.com\/wp-content\/uploads\/2026\/01\/CMX213-768x304.webp 768w\" sizes=\"(max-width: 1354px) 100vw, 1354px\" \/><\/a><\/p>\n<h2><b>\u00bfPor qu\u00e9 es importante conocer bien estas caracter\u00edsticas?<\/b><\/h2>\n<p><span>Tener claridad sobre las caracter\u00edsticas del contrato colectivo de trabajo no es solo cumplir con una obligaci\u00f3n legal. Tambi\u00e9n ayuda a tomar decisiones m\u00e1s informadas y evitar fricciones innecesarias en el d\u00eda a d\u00eda.<\/span><\/p>\n<ul>\n<li style=\"font-weight: 400;\" aria-level=\"1\"><b>Reduce riesgos legales y reputacionales<\/b><span>, al asegurar que lo pactado se respete y se actualice cuando es necesario.<\/span><\/li>\n<li style=\"font-weight: 400;\" aria-level=\"1\"><b>Permite preparar negociaciones con tiempo y estrategia<\/b><span>, no solo reaccionar ante demandas o revisiones.<\/span><\/li>\n<li style=\"font-weight: 400;\" aria-level=\"1\"><b>Facilita una <\/b><a href=\"https:\/\/runahr.com\/mx\/recursos\/hr-management\/relacion-laboral\/\"><b>relaci\u00f3n laboral<\/b><\/a><b> m\u00e1s equilibrada<\/b><span>, donde ambas partes saben lo que corresponde y lo que no.<\/span><\/li>\n<li style=\"font-weight: 400;\" aria-level=\"1\"><b>Aporta orden y claridad para RRHH<\/b><span>, especialmente en procesos como ajustes salariales, movimientos internos o definici\u00f3n de beneficios.<\/span><\/li>\n<\/ul>\n<h2><b>Consejos pr\u00e1cticos para gestionar un contrato colectivo con claridad y orden<\/b><\/h2>\n<p><span>No se trata de memorizar cl\u00e1usulas. Se trata de tener los procesos bajo control, con buena comunicaci\u00f3n y herramientas que ayuden a mantener todo en regla.<\/span><\/p>\n<ul>\n<li style=\"font-weight: 400;\" aria-level=\"1\"><b>Mantener actualizados los documentos<\/b><span>, versiones firmadas y calendarios de revisi\u00f3n, sobre todo en a\u00f1os de revisi\u00f3n salarial o contractual.<\/span><\/li>\n<li style=\"font-weight: 400;\" aria-level=\"1\"><b>Fomentar el di\u00e1logo constante con el sindicato<\/b><span>, no solo reunirse cuando hay conflictos o revisiones formales.<\/span><\/li>\n<li style=\"font-weight: 400;\" aria-level=\"1\"><b>Alinear las condiciones laborales con la operaci\u00f3n real<\/b><span>, para evitar que el contrato diga una cosa y el d\u00eda a d\u00eda funcione de otra forma.<\/span><\/li>\n<li style=\"font-weight: 400;\" aria-level=\"1\"><b>Usar herramientas digitales o repositorios internos para documentar acuerdos<\/b><span>, anexos y cualquier ajuste, con respaldo claro para ambas partes.<\/span><\/li>\n<\/ul>\n<p><a href=\"https:\/\/recursos.runahr.com\/formato-acta-constitutiva-sindical\"><img decoding=\"async\" class=\"alignnone  wp-image-1091822\" src=\"https:\/\/runahr.com\/wp-content\/uploads\/2026\/01\/CMX102-300x119.webp\" alt=\"Descargar Formato de acta constitutiva sindical\" width=\"1354\" height=\"537\" srcset=\"https:\/\/runahr.com\/wp-content\/uploads\/2026\/01\/CMX102-300x119.webp 300w, https:\/\/runahr.com\/wp-content\/uploads\/2026\/01\/CMX102-1024x405.webp 1024w, https:\/\/runahr.com\/wp-content\/uploads\/2026\/01\/CMX102-768x304.webp 768w\" sizes=\"(max-width: 1354px) 100vw, 1354px\" \/><\/a><\/p>\n","protected":false},"excerpt":{"rendered":"<p>En el d\u00eda a d\u00eda, el contrato colectivo rara vez est\u00e1 sobre la mesa\u2026 Hasta que algo obliga a revisarlo. Ya sea por un ajuste salarial, una consulta sindical o una negociaci\u00f3n pendiente, el documento empieza a pesar m\u00e1s cuando hay decisiones en juego. No es un tema exclusivo del \u00e1rea legal. Conocer las caracter\u00edsticas [&hellip;]<\/p>\n","protected":false},"author":108,"featured_media":1106853,"comment_status":"closed","ping_status":"closed","sticky":false,"template":"","format":"standard","meta":{"_acf_changed":false,"_wp_applaud_exclude":false,"footnotes":""},"categories":[335,190],"tags":[1297,418,1203],"class_list":["post-1106849","post","type-post","status-publish","format-standard","has-post-thumbnail","hentry","category-aspectos-legales","category-recursos","tag-articulo","tag-aspectos-legales","tag-contrato-colectivo"],"acf":[],"yoast_head":"<!-- This site is optimized with the Yoast SEO Premium plugin v26.1 (Yoast SEO v27.4) - https:\/\/yoast.com\/product\/yoast-seo-premium-wordpress\/ -->\n<title>\u00bfCu\u00e1les son las caracter\u00edsticas del contrato colectivo de trabajo\u200b? | MX | Runa HR<\/title>\n<meta name=\"description\" content=\"Conoce las caracter\u00edsticas del contrato colectivo de trabajo: desde condiciones laborales claras hasta beneficios que fortalecen la gesti\u00f3n.\" \/>\n<meta name=\"robots\" content=\"index, follow, max-snippet:-1, max-image-preview:large, max-video-preview:-1\" \/>\n<link rel=\"canonical\" href=\"https:\/\/runahr.com\/mx\/recursos\/aspectos-legales\/cuales-son-las-caracteristicas-del-contrato-colectivo-de-trabajo\/\" \/>\n<meta property=\"og:locale\" content=\"es_MX\" \/>\n<meta property=\"og:type\" content=\"article\" \/>\n<meta property=\"og:title\" content=\"\u00bfCu\u00e1les son las caracter\u00edsticas del contrato colectivo de trabajo\u200b? | MX | Runa HR\" \/>\n<meta property=\"og:description\" content=\"Conoce las caracter\u00edsticas del contrato colectivo de trabajo: desde condiciones laborales claras hasta beneficios que fortalecen la gesti\u00f3n.\" \/>\n<meta property=\"og:url\" content=\"https:\/\/runahr.com\/mx\/recursos\/aspectos-legales\/cuales-son-las-caracteristicas-del-contrato-colectivo-de-trabajo\/\" \/>\n<meta property=\"og:site_name\" content=\"Runa HR\" \/>\n<meta property=\"article:publisher\" content=\"https:\/\/www.facebook.com\/runahr\/\" \/>\n<meta property=\"article:published_time\" content=\"2026-03-13T16:03:52+00:00\" \/>\n<meta property=\"og:image\" content=\"https:\/\/runahr.com\/wp-content\/uploads\/2026\/03\/Copia-de-Plantilla-Articulos-Headers-4.webp\" \/>\n\t<meta property=\"og:image:width\" content=\"2048\" \/>\n\t<meta property=\"og:image:height\" content=\"827\" \/>\n\t<meta property=\"og:image:type\" content=\"image\/webp\" \/>\n<meta name=\"author\" content=\"Brenda Zapata\" \/>\n<meta name=\"twitter:card\" content=\"summary_large_image\" \/>\n<meta name=\"twitter:creator\" content=\"@runahr\" \/>\n<meta name=\"twitter:site\" content=\"@runahr\" \/>\n<meta name=\"twitter:label1\" content=\"Escrito por\" \/>\n\t<meta name=\"twitter:data1\" content=\"Brenda Zapata\" \/>\n\t<meta name=\"twitter:label2\" content=\"Tiempo de lectura\" \/>\n\t<meta name=\"twitter:data2\" content=\"6 minutos\" \/>\n<!-- \/ Yoast SEO Premium plugin. -->","yoast_head_json":{"title":"\u00bfCu\u00e1les son las caracter\u00edsticas del contrato colectivo de trabajo\u200b? | MX | Runa HR","description":"Conoce las caracter\u00edsticas del contrato colectivo de trabajo: desde condiciones laborales claras hasta beneficios que fortalecen la gesti\u00f3n.","robots":{"index":"index","follow":"follow","max-snippet":"max-snippet:-1","max-image-preview":"max-image-preview:large","max-video-preview":"max-video-preview:-1"},"canonical":"https:\/\/runahr.com\/mx\/recursos\/aspectos-legales\/cuales-son-las-caracteristicas-del-contrato-colectivo-de-trabajo\/","og_locale":"es_MX","og_type":"article","og_title":"\u00bfCu\u00e1les son las caracter\u00edsticas del contrato colectivo de trabajo\u200b? | MX | Runa HR","og_description":"Conoce las caracter\u00edsticas del contrato colectivo de trabajo: desde condiciones laborales claras hasta beneficios que fortalecen la gesti\u00f3n.","og_url":"https:\/\/runahr.com\/mx\/recursos\/aspectos-legales\/cuales-son-las-caracteristicas-del-contrato-colectivo-de-trabajo\/","og_site_name":"Runa HR","article_publisher":"https:\/\/www.facebook.com\/runahr\/","article_published_time":"2026-03-13T16:03:52+00:00","og_image":[{"width":2048,"height":827,"url":"https:\/\/runahr.com\/wp-content\/uploads\/2026\/03\/Copia-de-Plantilla-Articulos-Headers-4.webp","type":"image\/webp"}],"author":"Brenda Zapata","twitter_card":"summary_large_image","twitter_creator":"@runahr","twitter_site":"@runahr","twitter_misc":{"Escrito por":"Brenda Zapata","Tiempo de lectura":"6 minutos"},"schema":{"@context":"https:\/\/schema.org","@graph":[{"@type":"Article","@id":"https:\/\/runahr.com\/mx\/recursos\/aspectos-legales\/cuales-son-las-caracteristicas-del-contrato-colectivo-de-trabajo\/#article","isPartOf":{"@id":"https:\/\/runahr.com\/mx\/recursos\/aspectos-legales\/cuales-son-las-caracteristicas-del-contrato-colectivo-de-trabajo\/"},"author":{"name":"Brenda Zapata","@id":"https:\/\/runahr.com\/mx\/#\/schema\/person\/51a5f11fda24ee12f855183458b8846e"},"headline":"\u00bfCu\u00e1les son las caracter\u00edsticas del contrato colectivo de trabajo\u200b?","datePublished":"2026-03-13T16:03:52+00:00","mainEntityOfPage":{"@id":"https:\/\/runahr.com\/mx\/recursos\/aspectos-legales\/cuales-son-las-caracteristicas-del-contrato-colectivo-de-trabajo\/"},"wordCount":1120,"publisher":{"@id":"https:\/\/runahr.com\/mx\/#organization"},"image":{"@id":"https:\/\/runahr.com\/mx\/recursos\/aspectos-legales\/cuales-son-las-caracteristicas-del-contrato-colectivo-de-trabajo\/#primaryimage"},"thumbnailUrl":"https:\/\/runahr.com\/wp-content\/uploads\/2026\/03\/Copia-de-Plantilla-Articulos-Headers-4.webp","keywords":["Art\u00edculo","Aspectos Legales","Contrato colectivo"],"articleSection":["Aspectos legales","Recursos"],"inLanguage":"es"},{"@type":"WebPage","@id":"https:\/\/runahr.com\/mx\/recursos\/aspectos-legales\/cuales-son-las-caracteristicas-del-contrato-colectivo-de-trabajo\/","url":"https:\/\/runahr.com\/mx\/recursos\/aspectos-legales\/cuales-son-las-caracteristicas-del-contrato-colectivo-de-trabajo\/","name":"\u00bfCu\u00e1les son las caracter\u00edsticas del contrato colectivo de trabajo\u200b? | MX | Runa HR","isPartOf":{"@id":"https:\/\/runahr.com\/mx\/#website"},"primaryImageOfPage":{"@id":"https:\/\/runahr.com\/mx\/recursos\/aspectos-legales\/cuales-son-las-caracteristicas-del-contrato-colectivo-de-trabajo\/#primaryimage"},"image":{"@id":"https:\/\/runahr.com\/mx\/recursos\/aspectos-legales\/cuales-son-las-caracteristicas-del-contrato-colectivo-de-trabajo\/#primaryimage"},"thumbnailUrl":"https:\/\/runahr.com\/wp-content\/uploads\/2026\/03\/Copia-de-Plantilla-Articulos-Headers-4.webp","datePublished":"2026-03-13T16:03:52+00:00","description":"Conoce las caracter\u00edsticas del contrato colectivo de trabajo: desde condiciones laborales claras hasta beneficios que fortalecen la gesti\u00f3n.","breadcrumb":{"@id":"https:\/\/runahr.com\/mx\/recursos\/aspectos-legales\/cuales-son-las-caracteristicas-del-contrato-colectivo-de-trabajo\/#breadcrumb"},"inLanguage":"es","potentialAction":[{"@type":"ReadAction","target":["https:\/\/runahr.com\/mx\/recursos\/aspectos-legales\/cuales-son-las-caracteristicas-del-contrato-colectivo-de-trabajo\/"]}]},{"@type":"ImageObject","inLanguage":"es","@id":"https:\/\/runahr.com\/mx\/recursos\/aspectos-legales\/cuales-son-las-caracteristicas-del-contrato-colectivo-de-trabajo\/#primaryimage","url":"https:\/\/runahr.com\/wp-content\/uploads\/2026\/03\/Copia-de-Plantilla-Articulos-Headers-4.webp","contentUrl":"https:\/\/runahr.com\/wp-content\/uploads\/2026\/03\/Copia-de-Plantilla-Articulos-Headers-4.webp","width":2048,"height":827,"caption":"caracteristicas del contrato colectivo de trabajo\u200b"},{"@type":"BreadcrumbList","@id":"https:\/\/runahr.com\/mx\/recursos\/aspectos-legales\/cuales-son-las-caracteristicas-del-contrato-colectivo-de-trabajo\/#breadcrumb","itemListElement":[{"@type":"ListItem","position":1,"name":"Home","item":"https:\/\/runahr.com\/mx\/"},{"@type":"ListItem","position":2,"name":"Recursos","item":"https:\/\/runahr.com\/mx\/category\/recursos\/"},{"@type":"ListItem","position":3,"name":"Aspectos legales","item":"https:\/\/runahr.com\/mx\/category\/recursos\/aspectos-legales\/"},{"@type":"ListItem","position":4,"name":"\u00bfCu\u00e1les son las caracter\u00edsticas del contrato colectivo de trabajo\u200b?"}]},{"@type":"WebSite","@id":"https:\/\/runahr.com\/mx\/#website","url":"https:\/\/runahr.com\/mx\/","name":"Runa HR","description":"Software de N\u00f3mina y Gesti\u00f3n de RRHH","publisher":{"@id":"https:\/\/runahr.com\/mx\/#organization"},"potentialAction":[{"@type":"SearchAction","target":{"@type":"EntryPoint","urlTemplate":"https:\/\/runahr.com\/mx\/?s={search_term_string}"},"query-input":{"@type":"PropertyValueSpecification","valueRequired":true,"valueName":"search_term_string"}}],"inLanguage":"es"},{"@type":"Organization","@id":"https:\/\/runahr.com\/mx\/#organization","name":"Runa HR","url":"https:\/\/runahr.com\/mx\/","logo":{"@type":"ImageObject","inLanguage":"es","@id":"https:\/\/runahr.com\/mx\/#\/schema\/logo\/image\/","url":"https:\/\/runahr.com\/wp-content\/uploads\/2018\/05\/xDzHFcQY_400x400.jpg","contentUrl":"https:\/\/runahr.com\/wp-content\/uploads\/2018\/05\/xDzHFcQY_400x400.jpg","width":400,"height":400,"caption":"Runa HR"},"image":{"@id":"https:\/\/runahr.com\/mx\/#\/schema\/logo\/image\/"},"sameAs":["https:\/\/www.facebook.com\/runahr\/","https:\/\/x.com\/runahr","https:\/\/www.instagram.com\/runahr\/","https:\/\/mx.linkedin.com\/company\/runahr","https:\/\/www.youtube.com\/channel\/UCAZ21FupFMLIb1c7PPaU6Ew"]},{"@type":"Person","@id":"https:\/\/runahr.com\/mx\/#\/schema\/person\/51a5f11fda24ee12f855183458b8846e","name":"Brenda Zapata","image":{"@type":"ImageObject","inLanguage":"es","@id":"https:\/\/secure.gravatar.com\/avatar\/d7da6a1d57adf2ed31abb41d322904ae27829789b89e335a42ecaec6470a4b9f?s=96&d=mm&r=g","url":"https:\/\/secure.gravatar.com\/avatar\/d7da6a1d57adf2ed31abb41d322904ae27829789b89e335a42ecaec6470a4b9f?s=96&d=mm&r=g","contentUrl":"https:\/\/secure.gravatar.com\/avatar\/d7da6a1d57adf2ed31abb41d322904ae27829789b89e335a42ecaec6470a4b9f?s=96&d=mm&r=g","caption":"Brenda Zapata"},"url":"https:\/\/runahr.com\/mx\/author\/brenda-zapata\/"}]}},"_links":{"self":[{"href":"https:\/\/runahr.com\/mx\/wp-json\/wp\/v2\/posts\/1106849","targetHints":{"allow":["GET"]}}],"collection":[{"href":"https:\/\/runahr.com\/mx\/wp-json\/wp\/v2\/posts"}],"about":[{"href":"https:\/\/runahr.com\/mx\/wp-json\/wp\/v2\/types\/post"}],"author":[{"embeddable":true,"href":"https:\/\/runahr.com\/mx\/wp-json\/wp\/v2\/users\/108"}],"replies":[{"embeddable":true,"href":"https:\/\/runahr.com\/mx\/wp-json\/wp\/v2\/comments?post=1106849"}],"version-history":[{"count":0,"href":"https:\/\/runahr.com\/mx\/wp-json\/wp\/v2\/posts\/1106849\/revisions"}],"wp:featuredmedia":[{"embeddable":true,"href":"https:\/\/runahr.com\/mx\/wp-json\/wp\/v2\/media\/1106853"}],"wp:attachment":[{"href":"https:\/\/runahr.com\/mx\/wp-json\/wp\/v2\/media?parent=1106849"}],"wp:term":[{"taxonomy":"category","embeddable":true,"href":"https:\/\/runahr.com\/mx\/wp-json\/wp\/v2\/categories?post=1106849"},{"taxonomy":"post_tag","embeddable":true,"href":"https:\/\/runahr.com\/mx\/wp-json\/wp\/v2\/tags?post=1106849"}],"curies":[{"name":"wp","href":"https:\/\/api.w.org\/{rel}","templated":true}]}}