{"id":113525,"date":"2020-05-24T20:03:38","date_gmt":"2020-05-25T01:03:38","guid":{"rendered":"https:\/\/runahr.com\/?p=113525"},"modified":"2026-02-09T14:48:51","modified_gmt":"2026-02-09T20:48:51","slug":"deberias-hablar-con-tus-clientes-sobre-covid","status":"publish","type":"post","link":"https:\/\/runahr.com\/mx\/recursos\/comienza-tu-empresa\/deberias-hablar-con-tus-clientes-sobre-covid\/","title":{"rendered":"\u00bfDeber\u00edas hablar con tus clientes sobre COVID?"},"content":{"rendered":"\r\n<p>El 71% de las empresas se comunican con sus clientes al menos una vez al mes. \u00bfEn tu empresa ya est\u00e1n realizando esta pr\u00e1ctica? De ser as\u00ed, \u00bfcon qu\u00e9 frecuencia lo hacen y qu\u00e9 canales consideran son los m\u00e1s efectivos?<\/p>\r\n\r\n\r\n\r\n<h2 class=\"wp-block-heading\">Env\u00edo de correos electr\u00f3nicos<\/h2>\r\n\r\n\r\n\r\n<p>Puedes crear una actualizaci\u00f3n mensual sobre COVID para aquellos clientes. En dicho correo podr\u00edas mencionar los problemas que se han generado a partir de la situaci\u00f3n y c\u00f3mo otras empresas los han resuelto. Hay empresas que tambi\u00e9n han creado p\u00e1ginas espec\u00edficas dentro de sus sitios web en las que ofrecen informaci\u00f3n relacionada al tema COVID. Un ejemplo de esto es lo que hemos hecho aqu\u00ed en Runa, donde creamos un\u00a0 centro de recursos COVID\u00a0especializado en el tema.<\/p>\r\n\r\n\r\n\r\n<p>Otra opci\u00f3n de los correos electr\u00f3nicos es que puedes contactar directamente al CEO, due\u00f1o, <a href=\"https:\/\/runahr.com\/mx\/recursos\/hr-management\/manager\/\">manager<\/a> o persona clave de la empresa que es tu cliente para hablar sobre la continuidad del negocio,\u00a1 y los planes para cuidar de clientes y empleados durante el brote de COVID-19.<\/p>\r\n<p><a href=\"https:\/\/runahr.com\/mx\/recursos\/hr-management\/liderazgo-en-tiempos-de-covid\/\"><img fetchpriority=\"high\" decoding=\"async\" class=\"alignnone  wp-image-1093472\" src=\"https:\/\/runahr.com\/wp-content\/uploads\/2026\/01\/CMX308-300x119.webp\" alt=\"Ver ahora Webinar: Liderazgo en tiempos de COVID-19\" width=\"1354\" height=\"537\" srcset=\"https:\/\/runahr.com\/wp-content\/uploads\/2026\/01\/CMX308-300x119.webp 300w, https:\/\/runahr.com\/wp-content\/uploads\/2026\/01\/CMX308-1024x405.webp 1024w, https:\/\/runahr.com\/wp-content\/uploads\/2026\/01\/CMX308-768x304.webp 768w\" sizes=\"(max-width: 1354px) 100vw, 1354px\" \/><\/a><\/p>\r\n\r\n\r\n\r\n<h2 class=\"wp-block-heading\">No te olvides de los usuarios de tu producto o aplicaci\u00f3n<\/h2>\r\n\r\n\r\n\r\n<p>No todos tus usuarios interact\u00faan con tu producto a trav\u00e9s del correo electr\u00f3nico. Por esta raz\u00f3n no puedes dejar de lado a aquellos que usan tu plataforma o aplicaci\u00f3n \u00fanicamente. Los mensajes a trav\u00e9s de este medio pueden tener el mismo impacto (o uno mejor) que aquellos v\u00eda correo.<\/p>\r\n\r\n\r\n\r\n<p>Otra sugerencia que podemos darte para aumentar el engagement de tus clientes es la creaci\u00f3n de cursos de aprendizaje en l\u00ednea para ayudarlos a aprovechar su tiempo libre y que a trav\u00e9s de ellos puedan entender mejor tu producto. Tambi\u00e9n puedes crear anuncios dentro de plataforma que comuniquen las medidas que tu marca est\u00e1 realizando para cuidar a los clientes.<\/p>\r\n\r\n\r\n\r\n<h2 class=\"wp-block-heading\">Coordinar los mensajes a trav\u00e9s de los diferentes canales de comunicaci\u00f3n<\/h2>\r\n\r\n\r\n\r\n<p>Al intentar contactar a tus clientes por correo electr\u00f3nico y a trav\u00e9s de tu plataforma es importante que consideres la frecuencia de estos mensajes. A nadie le gusta que le repitan lo mismo \u00bfcierto?<\/p>\r\n\r\n\r\n\r\n<p>En muchas empresas, los comunicados v\u00eda correo electr\u00f3nico suelen ser tarea del \u00e1rea de marketing o de servicio a cliente. Mientras que los mensajes dentro de la plataforma corren a cargo del equipo de producto o atenci\u00f3n al cliente. Al momento de comunicarte con tus clientes, es crucial que haya buena comunicaci\u00f3n entre los equipos para que se env\u00ede la cantidad de informaci\u00f3n necesaria en una frecuencia comprensible sin que el usuario lo sienta como spam.<\/p>\r\n<p><a href=\"https:\/\/runahr.com\/mx\/recursos\/hr-management\/gestion-de-proyectos-con-equipos-remotos\/\"><img decoding=\"async\" class=\"alignnone  wp-image-1093382\" src=\"https:\/\/runahr.com\/wp-content\/uploads\/2026\/01\/CMX297-300x119.webp\" alt=\"Ver ahora Webinar: Gesti\u00f3n de proyectos con equipo remoto\" width=\"1354\" height=\"537\" srcset=\"https:\/\/runahr.com\/wp-content\/uploads\/2026\/01\/CMX297-300x119.webp 300w, https:\/\/runahr.com\/wp-content\/uploads\/2026\/01\/CMX297-1024x405.webp 1024w, https:\/\/runahr.com\/wp-content\/uploads\/2026\/01\/CMX297-768x304.webp 768w\" sizes=\"(max-width: 1354px) 100vw, 1354px\" \/><\/a><\/p>\r\n\r\n\r\n\r\n<h2 class=\"wp-block-heading\">Comunicaci\u00f3n por otros medios<\/h2>\r\n\r\n\r\n\r\n<p>En algunas situaciones de crisis, se puede optar por interactuar con los canales por medio de canales m\u00e1s intrusivos (como SMS) ya que la situaci\u00f3n amerita atenci\u00f3n inmediata. Un caso de sistema inactivo o de violaci\u00f3n de datos podr\u00eda justificar una acci\u00f3n de este tipo para contactar a los clientes y crear simult\u00e1neamente un ticket en sus sistemas de seguimiento y de soporte interno.<\/p>\r\n\r\n\r\n\r\n<h2 class=\"wp-block-heading\">Crear nuevas formas para comunicarse con los clientes<\/h2>\r\n\r\n\r\n\r\n<p>Las empresas han comenzando a actuar r\u00e1pidamente para establecer grupos de recursos por clientes\/industria o bien, publicar art\u00edculos de acuerdo a la industria de la que se trata. Estos foros y art\u00edculos permiten a las empresas a compartir informaci\u00f3n profunda que ayude a los clientes a reaccionar a la crisis de manera m\u00e1s r\u00e1pida y efectiva.<\/p>\r\n\r\n\r\n\r\n<p>Las empresas que establecen este tipo de foros son ampliamente reconocidas por su liderazgo en la industria. Y estos pueden generarse a trav\u00e9s de foros tradicionales, en l\u00ednea, videollamadas o incluso seminarios web.<\/p>\r\n<p><a href=\"https:\/\/runahr.com\/mx\/recursos\/hr-management\/como-tener-una-comunicacion-eficiente-trabajando-de-manera-remota\/\"><img decoding=\"async\" class=\"alignnone  wp-image-1093142\" src=\"https:\/\/runahr.com\/wp-content\/uploads\/2026\/01\/CMX267-300x119.webp\" alt=\"Ver ahora Webinar: \u00bfC\u00f3mo tener una comunicaci\u00f3n eficiente con tu equipo trabajando de manera remota?\" width=\"1354\" height=\"537\" srcset=\"https:\/\/runahr.com\/wp-content\/uploads\/2026\/01\/CMX267-300x119.webp 300w, https:\/\/runahr.com\/wp-content\/uploads\/2026\/01\/CMX267-1024x405.webp 1024w, https:\/\/runahr.com\/wp-content\/uploads\/2026\/01\/CMX267-768x304.webp 768w\" sizes=\"(max-width: 1354px) 100vw, 1354px\" \/><\/a><\/p>\r\n","protected":false},"excerpt":{"rendered":"<p>El 71% de las empresas se comunican con sus clientes al menos una vez al mes. \u00bfEn tu empresa ya est\u00e1n realizando esta pr\u00e1ctica? De ser as\u00ed, \u00bfcon qu\u00e9 frecuencia lo hacen y qu\u00e9 canales consideran son los m\u00e1s efectivos? Env\u00edo de correos electr\u00f3nicos Puedes crear una actualizaci\u00f3n mensual sobre COVID para aquellos clientes. En [&hellip;]<\/p>\n","protected":false},"author":2,"featured_media":1040312,"comment_status":"closed","ping_status":"closed","sticky":false,"template":"","format":"standard","meta":{"_acf_changed":false,"_wp_applaud_exclude":false,"footnotes":""},"categories":[265,190],"tags":[1297,836],"class_list":["post-113525","post","type-post","status-publish","format-standard","has-post-thumbnail","hentry","category-comienza-tu-empresa","category-recursos","tag-articulo","tag-comienza-tu-empresa"],"acf":[],"yoast_head":"<!-- This site is optimized with the Yoast SEO Premium plugin v26.1 (Yoast SEO v27.4) - https:\/\/yoast.com\/product\/yoast-seo-premium-wordpress\/ -->\n<title>\u00bfDebes hablar con tus clientes de COVID? | Runa HR<\/title>\n<meta name=\"description\" content=\"\u00bfHablar con tus clientes sobre COVID? Ac\u00e1 te damos razones e ideas sobre c\u00f3mo debes hacerlo. Revisa nuestro art\u00edculo.\" \/>\n<meta name=\"robots\" content=\"index, follow, max-snippet:-1, max-image-preview:large, max-video-preview:-1\" \/>\n<link rel=\"canonical\" href=\"https:\/\/runahr.com\/mx\/recursos\/comienza-tu-empresa\/deberias-hablar-con-tus-clientes-sobre-covid\/\" \/>\n<meta property=\"og:locale\" content=\"es_MX\" \/>\n<meta property=\"og:type\" content=\"article\" \/>\n<meta property=\"og:title\" content=\"\u00bfDeber\u00edas hablar con tus clientes sobre COVID? | MX | Runa HR\" \/>\n<meta property=\"og:description\" content=\"\u00bfHablar con tus clientes sobre COVID? Ac\u00e1 te damos razones e ideas sobre c\u00f3mo debes hacerlo. Revisa nuestro art\u00edculo.\" \/>\n<meta property=\"og:url\" content=\"https:\/\/runahr.com\/mx\/recursos\/comienza-tu-empresa\/deberias-hablar-con-tus-clientes-sobre-covid\/\" \/>\n<meta property=\"og:site_name\" content=\"Runa HR\" \/>\n<meta property=\"article:publisher\" content=\"https:\/\/www.facebook.com\/runahr\/\" \/>\n<meta property=\"article:published_time\" content=\"2020-05-25T01:03:38+00:00\" \/>\n<meta property=\"article:modified_time\" content=\"2026-02-09T20:48:51+00:00\" \/>\n<meta property=\"og:image\" content=\"https:\/\/runahr.com\/wp-content\/uploads\/2025\/09\/deberias-hablar-con-tus-clientes-sobre-COVID.png\" \/>\n\t<meta property=\"og:image:width\" content=\"18159\" \/>\n\t<meta property=\"og:image:height\" content=\"7334\" \/>\n\t<meta property=\"og:image:type\" content=\"image\/png\" \/>\n<meta name=\"author\" content=\"Runa HR\" \/>\n<meta name=\"twitter:card\" content=\"summary_large_image\" \/>\n<meta name=\"twitter:title\" content=\"\u00bfDebes hablar con tus clientes de COVID? | Runa HR\" \/>\n<meta name=\"twitter:description\" content=\"\u00bfEst\u00e1s considerando hablar con tus clientes sobre COVID? Ac\u00e1 te damos razones e ideas sobre c\u00f3mo debes hacerlo. Revisa nuestro art\u00edculo y sigue nuestros consejos.\" \/>\n<meta name=\"twitter:creator\" content=\"@runahr\" \/>\n<meta name=\"twitter:site\" content=\"@runahr\" \/>\n<meta name=\"twitter:label1\" content=\"Escrito por\" \/>\n\t<meta name=\"twitter:data1\" content=\"Runa HR\" \/>\n\t<meta name=\"twitter:label2\" content=\"Tiempo de lectura\" \/>\n\t<meta name=\"twitter:data2\" content=\"4 minutos\" \/>\n<!-- \/ Yoast SEO Premium plugin. -->","yoast_head_json":{"title":"\u00bfDebes hablar con tus clientes de COVID? | Runa HR","description":"\u00bfHablar con tus clientes sobre COVID? Ac\u00e1 te damos razones e ideas sobre c\u00f3mo debes hacerlo. Revisa nuestro art\u00edculo.","robots":{"index":"index","follow":"follow","max-snippet":"max-snippet:-1","max-image-preview":"max-image-preview:large","max-video-preview":"max-video-preview:-1"},"canonical":"https:\/\/runahr.com\/mx\/recursos\/comienza-tu-empresa\/deberias-hablar-con-tus-clientes-sobre-covid\/","og_locale":"es_MX","og_type":"article","og_title":"\u00bfDeber\u00edas hablar con tus clientes sobre COVID? | MX | Runa HR","og_description":"\u00bfHablar con tus clientes sobre COVID? Ac\u00e1 te damos razones e ideas sobre c\u00f3mo debes hacerlo. Revisa nuestro art\u00edculo.","og_url":"https:\/\/runahr.com\/mx\/recursos\/comienza-tu-empresa\/deberias-hablar-con-tus-clientes-sobre-covid\/","og_site_name":"Runa HR","article_publisher":"https:\/\/www.facebook.com\/runahr\/","article_published_time":"2020-05-25T01:03:38+00:00","article_modified_time":"2026-02-09T20:48:51+00:00","og_image":[{"width":18159,"height":7334,"url":"https:\/\/runahr.com\/wp-content\/uploads\/2025\/09\/deberias-hablar-con-tus-clientes-sobre-COVID.png","type":"image\/png"}],"author":"Runa HR","twitter_card":"summary_large_image","twitter_title":"\u00bfDebes hablar con tus clientes de COVID? | Runa HR","twitter_description":"\u00bfEst\u00e1s considerando hablar con tus clientes sobre COVID? Ac\u00e1 te damos razones e ideas sobre c\u00f3mo debes hacerlo. Revisa nuestro art\u00edculo y sigue nuestros consejos.","twitter_creator":"@runahr","twitter_site":"@runahr","twitter_misc":{"Escrito por":"Runa HR","Tiempo de lectura":"4 minutos"},"schema":{"@context":"https:\/\/schema.org","@graph":[{"@type":"Article","@id":"https:\/\/runahr.com\/mx\/recursos\/comienza-tu-empresa\/deberias-hablar-con-tus-clientes-sobre-covid\/#article","isPartOf":{"@id":"https:\/\/runahr.com\/mx\/recursos\/comienza-tu-empresa\/deberias-hablar-con-tus-clientes-sobre-covid\/"},"author":{"name":"Runa HR","@id":"https:\/\/runahr.com\/mx\/#\/schema\/person\/48bc8e24ad03cc8f426d7d8c9867bc83"},"headline":"\u00bfDeber\u00edas hablar con tus clientes sobre COVID?","datePublished":"2020-05-25T01:03:38+00:00","dateModified":"2026-02-09T20:48:51+00:00","mainEntityOfPage":{"@id":"https:\/\/runahr.com\/mx\/recursos\/comienza-tu-empresa\/deberias-hablar-con-tus-clientes-sobre-covid\/"},"wordCount":636,"publisher":{"@id":"https:\/\/runahr.com\/mx\/#organization"},"image":{"@id":"https:\/\/runahr.com\/mx\/recursos\/comienza-tu-empresa\/deberias-hablar-con-tus-clientes-sobre-covid\/#primaryimage"},"thumbnailUrl":"https:\/\/runahr.com\/wp-content\/uploads\/2025\/09\/deberias-hablar-con-tus-clientes-sobre-COVID.png","keywords":["Art\u00edculo","Comienza tu empresa"],"articleSection":["Comienza tu empresa","Recursos"],"inLanguage":"es"},{"@type":"WebPage","@id":"https:\/\/runahr.com\/mx\/recursos\/comienza-tu-empresa\/deberias-hablar-con-tus-clientes-sobre-covid\/","url":"https:\/\/runahr.com\/mx\/recursos\/comienza-tu-empresa\/deberias-hablar-con-tus-clientes-sobre-covid\/","name":"\u00bfDebes hablar con tus clientes de COVID? | Runa HR","isPartOf":{"@id":"https:\/\/runahr.com\/mx\/#website"},"primaryImageOfPage":{"@id":"https:\/\/runahr.com\/mx\/recursos\/comienza-tu-empresa\/deberias-hablar-con-tus-clientes-sobre-covid\/#primaryimage"},"image":{"@id":"https:\/\/runahr.com\/mx\/recursos\/comienza-tu-empresa\/deberias-hablar-con-tus-clientes-sobre-covid\/#primaryimage"},"thumbnailUrl":"https:\/\/runahr.com\/wp-content\/uploads\/2025\/09\/deberias-hablar-con-tus-clientes-sobre-COVID.png","datePublished":"2020-05-25T01:03:38+00:00","dateModified":"2026-02-09T20:48:51+00:00","description":"\u00bfHablar con tus clientes sobre COVID? Ac\u00e1 te damos razones e ideas sobre c\u00f3mo debes hacerlo. Revisa nuestro art\u00edculo.","breadcrumb":{"@id":"https:\/\/runahr.com\/mx\/recursos\/comienza-tu-empresa\/deberias-hablar-con-tus-clientes-sobre-covid\/#breadcrumb"},"inLanguage":"es","potentialAction":[{"@type":"ReadAction","target":["https:\/\/runahr.com\/mx\/recursos\/comienza-tu-empresa\/deberias-hablar-con-tus-clientes-sobre-covid\/"]}]},{"@type":"ImageObject","inLanguage":"es","@id":"https:\/\/runahr.com\/mx\/recursos\/comienza-tu-empresa\/deberias-hablar-con-tus-clientes-sobre-covid\/#primaryimage","url":"https:\/\/runahr.com\/wp-content\/uploads\/2025\/09\/deberias-hablar-con-tus-clientes-sobre-COVID.png","contentUrl":"https:\/\/runahr.com\/wp-content\/uploads\/2025\/09\/deberias-hablar-con-tus-clientes-sobre-COVID.png","width":18159,"height":7334,"caption":"\u00bfDeber\u00edas hablar con tus clientes sobre COVID?"},{"@type":"BreadcrumbList","@id":"https:\/\/runahr.com\/mx\/recursos\/comienza-tu-empresa\/deberias-hablar-con-tus-clientes-sobre-covid\/#breadcrumb","itemListElement":[{"@type":"ListItem","position":1,"name":"Home","item":"https:\/\/runahr.com\/mx\/"},{"@type":"ListItem","position":2,"name":"Recursos","item":"https:\/\/runahr.com\/mx\/category\/recursos\/"},{"@type":"ListItem","position":3,"name":"Comienza tu empresa","item":"https:\/\/runahr.com\/mx\/category\/recursos\/comienza-tu-empresa\/"},{"@type":"ListItem","position":4,"name":"\u00bfDeber\u00edas hablar con tus clientes sobre COVID?"}]},{"@type":"WebSite","@id":"https:\/\/runahr.com\/mx\/#website","url":"https:\/\/runahr.com\/mx\/","name":"Runa HR","description":"Software de N\u00f3mina y Gesti\u00f3n de RRHH","publisher":{"@id":"https:\/\/runahr.com\/mx\/#organization"},"potentialAction":[{"@type":"SearchAction","target":{"@type":"EntryPoint","urlTemplate":"https:\/\/runahr.com\/mx\/?s={search_term_string}"},"query-input":{"@type":"PropertyValueSpecification","valueRequired":true,"valueName":"search_term_string"}}],"inLanguage":"es"},{"@type":"Organization","@id":"https:\/\/runahr.com\/mx\/#organization","name":"Runa HR","url":"https:\/\/runahr.com\/mx\/","logo":{"@type":"ImageObject","inLanguage":"es","@id":"https:\/\/runahr.com\/mx\/#\/schema\/logo\/image\/","url":"https:\/\/runahr.com\/wp-content\/uploads\/2018\/05\/xDzHFcQY_400x400.jpg","contentUrl":"https:\/\/runahr.com\/wp-content\/uploads\/2018\/05\/xDzHFcQY_400x400.jpg","width":400,"height":400,"caption":"Runa HR"},"image":{"@id":"https:\/\/runahr.com\/mx\/#\/schema\/logo\/image\/"},"sameAs":["https:\/\/www.facebook.com\/runahr\/","https:\/\/x.com\/runahr","https:\/\/www.instagram.com\/runahr\/","https:\/\/mx.linkedin.com\/company\/runahr","https:\/\/www.youtube.com\/channel\/UCAZ21FupFMLIb1c7PPaU6Ew"]},{"@type":"Person","@id":"https:\/\/runahr.com\/mx\/#\/schema\/person\/48bc8e24ad03cc8f426d7d8c9867bc83","name":"Runa HR","image":{"@type":"ImageObject","inLanguage":"es","@id":"https:\/\/secure.gravatar.com\/avatar\/0f5e3da5817edb54f2baf42e521fcc5bf236eed18b9dca62e6fa95f35ad83b5a?s=96&d=mm&r=g","url":"https:\/\/secure.gravatar.com\/avatar\/0f5e3da5817edb54f2baf42e521fcc5bf236eed18b9dca62e6fa95f35ad83b5a?s=96&d=mm&r=g","contentUrl":"https:\/\/secure.gravatar.com\/avatar\/0f5e3da5817edb54f2baf42e521fcc5bf236eed18b9dca62e6fa95f35ad83b5a?s=96&d=mm&r=g","caption":"Runa HR"},"sameAs":["https:\/\/runahr.com"],"url":"https:\/\/runahr.com\/mx\/author\/runahr\/"}]}},"_links":{"self":[{"href":"https:\/\/runahr.com\/mx\/wp-json\/wp\/v2\/posts\/113525","targetHints":{"allow":["GET"]}}],"collection":[{"href":"https:\/\/runahr.com\/mx\/wp-json\/wp\/v2\/posts"}],"about":[{"href":"https:\/\/runahr.com\/mx\/wp-json\/wp\/v2\/types\/post"}],"author":[{"embeddable":true,"href":"https:\/\/runahr.com\/mx\/wp-json\/wp\/v2\/users\/2"}],"replies":[{"embeddable":true,"href":"https:\/\/runahr.com\/mx\/wp-json\/wp\/v2\/comments?post=113525"}],"version-history":[{"count":0,"href":"https:\/\/runahr.com\/mx\/wp-json\/wp\/v2\/posts\/113525\/revisions"}],"wp:featuredmedia":[{"embeddable":true,"href":"https:\/\/runahr.com\/mx\/wp-json\/wp\/v2\/media\/1040312"}],"wp:attachment":[{"href":"https:\/\/runahr.com\/mx\/wp-json\/wp\/v2\/media?parent=113525"}],"wp:term":[{"taxonomy":"category","embeddable":true,"href":"https:\/\/runahr.com\/mx\/wp-json\/wp\/v2\/categories?post=113525"},{"taxonomy":"post_tag","embeddable":true,"href":"https:\/\/runahr.com\/mx\/wp-json\/wp\/v2\/tags?post=113525"}],"curies":[{"name":"wp","href":"https:\/\/api.w.org\/{rel}","templated":true}]}}