{"id":115872,"date":"2020-06-09T16:40:57","date_gmt":"2020-06-09T21:40:57","guid":{"rendered":"https:\/\/runahr.com\/?p=115872"},"modified":"2026-02-13T17:13:10","modified_gmt":"2026-02-13T23:13:10","slug":"como-deberan-ser-los-lugares-de-trabajo-post-covid","status":"publish","type":"post","link":"https:\/\/runahr.com\/mx\/recursos\/hr-management\/como-deberan-ser-los-lugares-de-trabajo-post-covid\/","title":{"rendered":"\u00bfC\u00f3mo ser\u00e1n los lugares de trabajo post COVID?"},"content":{"rendered":"\r\n<p>Es probable que la transici\u00f3n a las oficinas sea lenta, desigual y muy cautelosa debido a muchos factores como las restricciones de salud p\u00fablica y del gobierno, el cierre de escuelas y guarder\u00edas y, sobre todo, las perspectivas de una segunda y posiblemente incluso m\u00e1s letal, ola del coronavirus.<\/p>\r\n<p><a href=\"https:\/\/runahr.com\/mx\/recursos\/hr-management\/la-nueva-realidad-encontrando-la-nueva-trayectoria\/\"><img fetchpriority=\"high\" decoding=\"async\" class=\"alignnone  wp-image-1093456\" src=\"https:\/\/runahr.com\/wp-content\/uploads\/2026\/01\/CMX306-300x119.webp\" alt=\"Ver ahora Webinar: La nueva realidad: encontrando la nueva trayectoria\" width=\"910\" height=\"361\" srcset=\"https:\/\/runahr.com\/wp-content\/uploads\/2026\/01\/CMX306-300x119.webp 300w, https:\/\/runahr.com\/wp-content\/uploads\/2026\/01\/CMX306-1024x405.webp 1024w, https:\/\/runahr.com\/wp-content\/uploads\/2026\/01\/CMX306-768x304.webp 768w, https:\/\/runahr.com\/wp-content\/uploads\/2026\/01\/CMX306-1536x607.webp 1536w\" sizes=\"(max-width: 910px) 100vw, 910px\" \/><\/a><\/p>\r\n\r\n\r\n\r\n<p>Mucho depende de la disponibilidad y precisi\u00f3n de las pruebas de virus y anticuerpos. En Estados Unidos comentan que las pruebas de anticuerpos o serol\u00f3gicas pueden mostrar qui\u00e9n ha desarrollado una respuesta inmune a la enfermedad y as\u00ed sea un factor para decidir qui\u00e9nes pueden volver a trabajar de manera segura. A\u00fan as\u00ed existen dudas sobre la precisi\u00f3n de estas pruebas.<\/p>\r\n\r\n\r\n\r\n<p>Muchas empresas ya est\u00e1n comenzando activamente a prepararse para el eventual regreso de al menos algunos trabajadores de oficina que han estado trabajando de forma remota. Para esto est\u00e1n teniendo en cuenta diferentes factores como repensar los dise\u00f1os de los pisos, escalonar los horarios de trabajo y realizar cambios que podr\u00edan afectar principalmente las relaciones con los empleadores, como el escaneo de temperatura a diario. Muchas de estas medidas fueron copiadas de las primeras acciones que se tomaron en cuenta en Asia para gestionar la adaptaci\u00f3n al distanciamiento social en el lugar de trabajo.<\/p>\r\n\r\n\r\n\r\n<p>Se espera contar con herramientas que permitan notificar r\u00e1pidamente a los compa\u00f1eros de trabajo cuando un empleado de la oficina ha sido infectado. PwC ha tenido conversaciones con m\u00e1s de 50 clientes sobre una nueva herramienta de rastreo de contactos para negocios que planeaba lanzar a principios de mayo.<\/p>\r\n\r\n\r\n\r\n<p>La herramienta agrega una nueva aplicaci\u00f3n o l\u00ednea de c\u00f3digo a las aplicaciones comerciales que los trabajadores ya tienen en sus tel\u00e9fonos. Esta se ejecuta en segundo plano, utilizando se\u00f1ales Bluetooth o WiFi para catalogar los tel\u00e9fonos de otros compa\u00f1eros de trabajo que se acercan.<\/p>\r\n\r\n\r\n\r\n<p>Cuando un trabajador informa sobre una prueba positiva de Covid-19, las personas autorizadas pueden identificar y notificar r\u00e1pidamente a cualquier compa\u00f1ero con el que el empleado haya entrado en contacto para ayudar a parar un brote m\u00e1s amplio. Evitando as\u00ed el largo proceso de entrevistar a los trabajadores pidi\u00e9ndoles que recuerden sus interacciones. El rastreo solo funciona en propiedades corporativas, no recopila datos de ubicaci\u00f3n y solo ciertos gerentes pueden acceder a \u00e9l, dijo PwC.<\/p>\r\n<p><a href=\"https:\/\/recursos.runahr.com\/el-futuro-del-trabajo-en-america-latina\"><img decoding=\"async\" class=\"alignnone  wp-image-1091230\" src=\"https:\/\/runahr.com\/wp-content\/uploads\/2026\/01\/CMX021-300x119.webp\" alt=\"Descargar futuro del trabajo en Am\u00e9rica Latina\" width=\"913\" height=\"362\" srcset=\"https:\/\/runahr.com\/wp-content\/uploads\/2026\/01\/CMX021-300x119.webp 300w, https:\/\/runahr.com\/wp-content\/uploads\/2026\/01\/CMX021-1024x406.webp 1024w, https:\/\/runahr.com\/wp-content\/uploads\/2026\/01\/CMX021-768x304.webp 768w, https:\/\/runahr.com\/wp-content\/uploads\/2026\/01\/CMX021-1536x608.webp 1536w, https:\/\/runahr.com\/wp-content\/uploads\/2026\/01\/CMX021-2048x811.webp 2048w\" sizes=\"(max-width: 913px) 100vw, 913px\" \/><\/a><\/p>\r\n\r\n\r\n\r\n<p>Aunque no se sabe c\u00f3mo puedan reaccionar los empleados, se cree que no se negar\u00e1n porque muchos de ellos tienen miedo a volver a los lugares de trabajo. Aqu\u00ed te mencionamos algunas medidas que est\u00e1n tomando diferentes empresas:<\/p>\r\n\r\n\r\n\r\n<ul class=\"wp-block-list\">\r\n<li>Amazon, traslad\u00f3 a un equipo de especialistas de sus trabajos diarios para trabajar en una iniciativa de prueba, ensamblando equipos para construir su primer laboratorio con la esperanza de comenzar a probar \"un peque\u00f1o n\u00famero de empleados de primera l\u00ednea pronto\u201d.<\/li>\r\n<li>Goldman Sachs est\u00e1 considerando agregar esc\u00e1neres infrarrojos de temperatura corporal en algunas oficinas, junto con kits de prueba del virus y anticuerpos para los empleados una vez que est\u00e9n m\u00e1s disponibles y considerando tambi\u00e9n que no afecten a los trabajadores de atenci\u00f3n m\u00e9dica que son los que m\u00e1s necesitan en este momento.<\/li>\r\n<li>IBM empez\u00f3 con el retorno de alguno de sus trabajadores de oficinas ubicadas en China y Corea del Sur. Prioriz\u00f3 el retorno a oficinas de aquellos que necesitan acceso a equipos o laboratorios en el lugar, decidieron escalonar horarios para que los ascensores no se llenen demasiado principalmente, eliminaron buffets y las herramientas de autoservicio que se compart\u00edan en cafeter\u00edas y tambi\u00e9n quitaron algunos muebles en salas de reuniones para poder cumplir con el distanciamiento social.<\/li>\r\n<li>Intel piensa incluir la distribuci\u00f3n de m\u00e1scaras, sistema de detecci\u00f3n de s\u00edntomas, cierre de gimnasios en el lugar, limitaci\u00f3n de asientos en caf\u00e9s y ofrecer\u00e1 tambi\u00e9n cubiertas de pl\u00e1stico desechables para teclados compartidos. Claro que el regreso ser\u00e1 gradual, pero ya est\u00e1n manejando una limpieza m\u00e1s frecuente y visible durante el d\u00eda y dejando de lado las limpiezas nocturnas. Todas estas medidas han ayudado a que los trabajadores se sientan m\u00e1s c\u00f3modos.\u00a0<\/li>\r\n<\/ul>\r\n\r\n\r\n\r\n<p>Es probable que a corto plazo las empresas adopten cambios r\u00e1pidos que impliquen costos limitados:<\/p>\r\n\r\n\r\n\r\n<ul class=\"wp-block-list\">\r\n<li>Asientos acordonados o retirados de las salas de conferencias para reducir aforo.<\/li>\r\n<li>Quitar puertas de las bisagras o abrirlas para evitar que los empleados toquen las manijas.<\/li>\r\n<li>Ampliar el espacio entre escritorios para mantener distancia entre los trabajadores. Este podr\u00eda ser el mayor cambio en la oficina.<\/li>\r\n<li>Proporcionar mascarillas faciales m\u00e1s profundas.<\/li>\r\n<li>Implementar sistema para abrir puertas sin tener que manipular manijas.<\/li>\r\n<li>Desarrollar se\u00f1ales de mano o marcadores de espacios para que los compa\u00f1eros de trabajo le recuerden a los dem\u00e1s que mantengan su distancia.<\/li>\r\n<li>Pensar en una se\u00f1al universal que diga: \u201cEst\u00e1s demasiado cerca, necesito espacio\u201d.<\/li>\r\n<li>Contar con escritorios m\u00e1s limpios, quitando cuadros o papeles del entorno para permitir limpiarlo con m\u00e1s facilidad.<\/li>\r\n<\/ul>\r\n\r\n\r\n\r\n<p>Con el tiempo, se espera que el coronavirus altere las tendencias en el dise\u00f1o de oficinas que han estado creciendo durante m\u00e1s de una d\u00e9cada.<\/p>\r\n\r\n\r\n\r\n<p>Por otro lado, muchos empleados han demostrado que pueden trabajar de manera efectiva desde su casa, y se espera que las empresas sigan permitiendo esta modalidad por m\u00e1s tiempo. Es probable que haya personas que no quieran regresar a las oficinas.<\/p>\r\n<p><a href=\"https:\/\/runahr.com\/mx\/recursos\/hr-management\/protocolos-para-el-regreso-a-oficinas\/\"><img decoding=\"async\" class=\"alignnone  wp-image-1093545\" src=\"https:\/\/runahr.com\/wp-content\/uploads\/2026\/01\/CMX317-300x119.webp\" alt=\"Ver ahora Webinar: Protocolos para el regreso a oficinas\" width=\"915\" height=\"363\" srcset=\"https:\/\/runahr.com\/wp-content\/uploads\/2026\/01\/CMX317-300x119.webp 300w, https:\/\/runahr.com\/wp-content\/uploads\/2026\/01\/CMX317-1024x405.webp 1024w, https:\/\/runahr.com\/wp-content\/uploads\/2026\/01\/CMX317-768x304.webp 768w, https:\/\/runahr.com\/wp-content\/uploads\/2026\/01\/CMX317-1536x607.webp 1536w\" sizes=\"(max-width: 915px) 100vw, 915px\" \/><\/a><\/p>\r\n","protected":false},"excerpt":{"rendered":"<p>Es probable que la transici\u00f3n a las oficinas sea lenta, desigual y muy cautelosa debido a muchos factores como las restricciones de salud p\u00fablica y del gobierno, el cierre de escuelas y guarder\u00edas y, sobre todo, las perspectivas de una segunda y posiblemente incluso m\u00e1s letal, ola del coronavirus. Mucho depende de la disponibilidad y [&hellip;]<\/p>\n","protected":false},"author":2,"featured_media":1040464,"comment_status":"closed","ping_status":"closed","sticky":false,"template":"","format":"standard","meta":{"_acf_changed":false,"_wp_applaud_exclude":false,"footnotes":""},"categories":[189,190],"tags":[834],"class_list":["post-115872","post","type-post","status-publish","format-standard","has-post-thumbnail","hentry","category-hr-management","category-recursos","tag-hr-management"],"acf":[],"yoast_head":"<!-- This site is optimized with the Yoast SEO Premium plugin v26.1 (Yoast SEO v27.5) - https:\/\/yoast.com\/product\/yoast-seo-premium-wordpress\/ -->\n<title>\u00bfC\u00f3mo deber\u00e1n ser los lugares de trabajo post COVID? | Runa HR<\/title>\n<meta name=\"description\" content=\"Los espacios de trabajo no volver\u00e1n a ser como antes. En este art\u00edculo te contamos un poco m\u00e1s sobre algunas medidas que se tomar\u00e1n a partir del COVID.\" \/>\n<meta name=\"robots\" content=\"index, follow, max-snippet:-1, max-image-preview:large, max-video-preview:-1\" \/>\n<link rel=\"canonical\" href=\"https:\/\/runahr.com\/mx\/recursos\/hr-management\/como-deberan-ser-los-lugares-de-trabajo-post-covid\/\" \/>\n<meta property=\"og:locale\" content=\"es_MX\" \/>\n<meta property=\"og:type\" content=\"article\" \/>\n<meta property=\"og:title\" content=\"\u00bfC\u00f3mo ser\u00e1n los lugares de trabajo post COVID? | MX | Runa HR\" \/>\n<meta property=\"og:description\" content=\"Los espacios de trabajo no volver\u00e1n a ser como antes. En este art\u00edculo te contamos un poco m\u00e1s sobre algunas medidas que se tomar\u00e1n a partir del COVID.\" \/>\n<meta property=\"og:url\" content=\"https:\/\/runahr.com\/mx\/recursos\/hr-management\/como-deberan-ser-los-lugares-de-trabajo-post-covid\/\" \/>\n<meta property=\"og:site_name\" content=\"Runa HR\" \/>\n<meta property=\"article:publisher\" content=\"https:\/\/www.facebook.com\/runahr\/\" \/>\n<meta property=\"article:published_time\" content=\"2020-06-09T21:40:57+00:00\" \/>\n<meta property=\"article:modified_time\" content=\"2026-02-13T23:13:10+00:00\" \/>\n<meta property=\"og:image\" content=\"https:\/\/runahr.com\/wp-content\/uploads\/2025\/09\/nuoffice-copy.png\" \/>\n\t<meta property=\"og:image:width\" content=\"1091\" \/>\n\t<meta property=\"og:image:height\" content=\"441\" \/>\n\t<meta property=\"og:image:type\" content=\"image\/png\" \/>\n<meta name=\"author\" content=\"Runa HR\" \/>\n<meta name=\"twitter:card\" content=\"summary_large_image\" \/>\n<meta name=\"twitter:title\" content=\"\u00bfC\u00f3mo deber\u00e1n ser los lugares de trabajo post COVID? | Runa HR\" \/>\n<meta name=\"twitter:description\" content=\"Los espacios de trabajo no volver\u00e1n a ser como antes. En este art\u00edculo te contamos un poco m\u00e1s sobre algunas medidas que se tomar\u00e1n a partir del COVID.\" \/>\n<meta name=\"twitter:creator\" content=\"@runahr\" \/>\n<meta name=\"twitter:site\" content=\"@runahr\" \/>\n<meta name=\"twitter:label1\" content=\"Escrito por\" \/>\n\t<meta name=\"twitter:data1\" content=\"Runa HR\" \/>\n\t<meta name=\"twitter:label2\" content=\"Tiempo de lectura\" \/>\n\t<meta name=\"twitter:data2\" content=\"5 minutos\" \/>\n<!-- \/ Yoast SEO Premium plugin. -->","yoast_head_json":{"title":"\u00bfC\u00f3mo deber\u00e1n ser los lugares de trabajo post COVID? | Runa HR","description":"Los espacios de trabajo no volver\u00e1n a ser como antes. En este art\u00edculo te contamos un poco m\u00e1s sobre algunas medidas que se tomar\u00e1n a partir del COVID.","robots":{"index":"index","follow":"follow","max-snippet":"max-snippet:-1","max-image-preview":"max-image-preview:large","max-video-preview":"max-video-preview:-1"},"canonical":"https:\/\/runahr.com\/mx\/recursos\/hr-management\/como-deberan-ser-los-lugares-de-trabajo-post-covid\/","og_locale":"es_MX","og_type":"article","og_title":"\u00bfC\u00f3mo ser\u00e1n los lugares de trabajo post COVID? | MX | Runa HR","og_description":"Los espacios de trabajo no volver\u00e1n a ser como antes. En este art\u00edculo te contamos un poco m\u00e1s sobre algunas medidas que se tomar\u00e1n a partir del COVID.","og_url":"https:\/\/runahr.com\/mx\/recursos\/hr-management\/como-deberan-ser-los-lugares-de-trabajo-post-covid\/","og_site_name":"Runa HR","article_publisher":"https:\/\/www.facebook.com\/runahr\/","article_published_time":"2020-06-09T21:40:57+00:00","article_modified_time":"2026-02-13T23:13:10+00:00","og_image":[{"width":1091,"height":441,"url":"https:\/\/runahr.com\/wp-content\/uploads\/2025\/09\/nuoffice-copy.png","type":"image\/png"}],"author":"Runa HR","twitter_card":"summary_large_image","twitter_title":"\u00bfC\u00f3mo deber\u00e1n ser los lugares de trabajo post COVID? | Runa HR","twitter_description":"Los espacios de trabajo no volver\u00e1n a ser como antes. En este art\u00edculo te contamos un poco m\u00e1s sobre algunas medidas que se tomar\u00e1n a partir del COVID.","twitter_creator":"@runahr","twitter_site":"@runahr","twitter_misc":{"Escrito por":"Runa HR","Tiempo de lectura":"5 minutos"},"schema":{"@context":"https:\/\/schema.org","@graph":[{"@type":"Article","@id":"https:\/\/runahr.com\/mx\/recursos\/hr-management\/como-deberan-ser-los-lugares-de-trabajo-post-covid\/#article","isPartOf":{"@id":"https:\/\/runahr.com\/mx\/recursos\/hr-management\/como-deberan-ser-los-lugares-de-trabajo-post-covid\/"},"author":{"name":"Runa HR","@id":"https:\/\/runahr.com\/mx\/#\/schema\/person\/48bc8e24ad03cc8f426d7d8c9867bc83"},"headline":"\u00bfC\u00f3mo ser\u00e1n los lugares de trabajo post COVID?","datePublished":"2020-06-09T21:40:57+00:00","dateModified":"2026-02-13T23:13:10+00:00","mainEntityOfPage":{"@id":"https:\/\/runahr.com\/mx\/recursos\/hr-management\/como-deberan-ser-los-lugares-de-trabajo-post-covid\/"},"wordCount":929,"publisher":{"@id":"https:\/\/runahr.com\/mx\/#organization"},"image":{"@id":"https:\/\/runahr.com\/mx\/recursos\/hr-management\/como-deberan-ser-los-lugares-de-trabajo-post-covid\/#primaryimage"},"thumbnailUrl":"https:\/\/runahr.com\/wp-content\/uploads\/2025\/09\/nuoffice-copy.png","keywords":["HR Management"],"articleSection":["HR Management","Recursos"],"inLanguage":"es"},{"@type":"WebPage","@id":"https:\/\/runahr.com\/mx\/recursos\/hr-management\/como-deberan-ser-los-lugares-de-trabajo-post-covid\/","url":"https:\/\/runahr.com\/mx\/recursos\/hr-management\/como-deberan-ser-los-lugares-de-trabajo-post-covid\/","name":"\u00bfC\u00f3mo deber\u00e1n ser los lugares de trabajo post COVID? | Runa HR","isPartOf":{"@id":"https:\/\/runahr.com\/mx\/#website"},"primaryImageOfPage":{"@id":"https:\/\/runahr.com\/mx\/recursos\/hr-management\/como-deberan-ser-los-lugares-de-trabajo-post-covid\/#primaryimage"},"image":{"@id":"https:\/\/runahr.com\/mx\/recursos\/hr-management\/como-deberan-ser-los-lugares-de-trabajo-post-covid\/#primaryimage"},"thumbnailUrl":"https:\/\/runahr.com\/wp-content\/uploads\/2025\/09\/nuoffice-copy.png","datePublished":"2020-06-09T21:40:57+00:00","dateModified":"2026-02-13T23:13:10+00:00","description":"Los espacios de trabajo no volver\u00e1n a ser como antes. En este art\u00edculo te contamos un poco m\u00e1s sobre algunas medidas que se tomar\u00e1n a partir del COVID.","breadcrumb":{"@id":"https:\/\/runahr.com\/mx\/recursos\/hr-management\/como-deberan-ser-los-lugares-de-trabajo-post-covid\/#breadcrumb"},"inLanguage":"es","potentialAction":[{"@type":"ReadAction","target":["https:\/\/runahr.com\/mx\/recursos\/hr-management\/como-deberan-ser-los-lugares-de-trabajo-post-covid\/"]}]},{"@type":"ImageObject","inLanguage":"es","@id":"https:\/\/runahr.com\/mx\/recursos\/hr-management\/como-deberan-ser-los-lugares-de-trabajo-post-covid\/#primaryimage","url":"https:\/\/runahr.com\/wp-content\/uploads\/2025\/09\/nuoffice-copy.png","contentUrl":"https:\/\/runahr.com\/wp-content\/uploads\/2025\/09\/nuoffice-copy.png","width":1091,"height":441,"caption":"\u00bfC\u00f3mo deber\u00edan ser los lugares de trabajo post COVID?"},{"@type":"BreadcrumbList","@id":"https:\/\/runahr.com\/mx\/recursos\/hr-management\/como-deberan-ser-los-lugares-de-trabajo-post-covid\/#breadcrumb","itemListElement":[{"@type":"ListItem","position":1,"name":"Home","item":"https:\/\/runahr.com\/mx\/"},{"@type":"ListItem","position":2,"name":"Recursos","item":"https:\/\/runahr.com\/mx\/category\/recursos\/"},{"@type":"ListItem","position":3,"name":"HR Management","item":"https:\/\/runahr.com\/mx\/category\/recursos\/hr-management\/"},{"@type":"ListItem","position":4,"name":"\u00bfC\u00f3mo ser\u00e1n los lugares de trabajo post COVID?"}]},{"@type":"WebSite","@id":"https:\/\/runahr.com\/mx\/#website","url":"https:\/\/runahr.com\/mx\/","name":"Runa HR","description":"Software de N\u00f3mina y Gesti\u00f3n de RRHH","publisher":{"@id":"https:\/\/runahr.com\/mx\/#organization"},"potentialAction":[{"@type":"SearchAction","target":{"@type":"EntryPoint","urlTemplate":"https:\/\/runahr.com\/mx\/?s={search_term_string}"},"query-input":{"@type":"PropertyValueSpecification","valueRequired":true,"valueName":"search_term_string"}}],"inLanguage":"es"},{"@type":"Organization","@id":"https:\/\/runahr.com\/mx\/#organization","name":"Runa HR","url":"https:\/\/runahr.com\/mx\/","logo":{"@type":"ImageObject","inLanguage":"es","@id":"https:\/\/runahr.com\/mx\/#\/schema\/logo\/image\/","url":"https:\/\/runahr.com\/wp-content\/uploads\/2018\/05\/xDzHFcQY_400x400.jpg","contentUrl":"https:\/\/runahr.com\/wp-content\/uploads\/2018\/05\/xDzHFcQY_400x400.jpg","width":400,"height":400,"caption":"Runa HR"},"image":{"@id":"https:\/\/runahr.com\/mx\/#\/schema\/logo\/image\/"},"sameAs":["https:\/\/www.facebook.com\/runahr\/","https:\/\/x.com\/runahr","https:\/\/www.instagram.com\/runahr\/","https:\/\/mx.linkedin.com\/company\/runahr","https:\/\/www.youtube.com\/channel\/UCAZ21FupFMLIb1c7PPaU6Ew"]},{"@type":"Person","@id":"https:\/\/runahr.com\/mx\/#\/schema\/person\/48bc8e24ad03cc8f426d7d8c9867bc83","name":"Runa HR","image":{"@type":"ImageObject","inLanguage":"es","@id":"https:\/\/secure.gravatar.com\/avatar\/0f5e3da5817edb54f2baf42e521fcc5bf236eed18b9dca62e6fa95f35ad83b5a?s=96&d=mm&r=g","url":"https:\/\/secure.gravatar.com\/avatar\/0f5e3da5817edb54f2baf42e521fcc5bf236eed18b9dca62e6fa95f35ad83b5a?s=96&d=mm&r=g","contentUrl":"https:\/\/secure.gravatar.com\/avatar\/0f5e3da5817edb54f2baf42e521fcc5bf236eed18b9dca62e6fa95f35ad83b5a?s=96&d=mm&r=g","caption":"Runa HR"},"sameAs":["https:\/\/runahr.com"],"url":"https:\/\/runahr.com\/mx\/author\/runahr\/"}]}},"_links":{"self":[{"href":"https:\/\/runahr.com\/mx\/wp-json\/wp\/v2\/posts\/115872","targetHints":{"allow":["GET"]}}],"collection":[{"href":"https:\/\/runahr.com\/mx\/wp-json\/wp\/v2\/posts"}],"about":[{"href":"https:\/\/runahr.com\/mx\/wp-json\/wp\/v2\/types\/post"}],"author":[{"embeddable":true,"href":"https:\/\/runahr.com\/mx\/wp-json\/wp\/v2\/users\/2"}],"replies":[{"embeddable":true,"href":"https:\/\/runahr.com\/mx\/wp-json\/wp\/v2\/comments?post=115872"}],"version-history":[{"count":0,"href":"https:\/\/runahr.com\/mx\/wp-json\/wp\/v2\/posts\/115872\/revisions"}],"wp:featuredmedia":[{"embeddable":true,"href":"https:\/\/runahr.com\/mx\/wp-json\/wp\/v2\/media\/1040464"}],"wp:attachment":[{"href":"https:\/\/runahr.com\/mx\/wp-json\/wp\/v2\/media?parent=115872"}],"wp:term":[{"taxonomy":"category","embeddable":true,"href":"https:\/\/runahr.com\/mx\/wp-json\/wp\/v2\/categories?post=115872"},{"taxonomy":"post_tag","embeddable":true,"href":"https:\/\/runahr.com\/mx\/wp-json\/wp\/v2\/tags?post=115872"}],"curies":[{"name":"wp","href":"https:\/\/api.w.org\/{rel}","templated":true}]}}