{"id":117064,"date":"2020-06-18T15:24:48","date_gmt":"2020-06-18T20:24:48","guid":{"rendered":"https:\/\/runahr.com\/?p=117064"},"modified":"2026-02-12T13:51:24","modified_gmt":"2026-02-12T19:51:24","slug":"como-regresar-a-las-oficinas-despues-de-covid","status":"publish","type":"post","link":"https:\/\/runahr.com\/mx\/recursos\/hr-management\/como-regresar-a-las-oficinas-despues-de-covid\/","title":{"rendered":"\u00bfC\u00f3mo regresar a oficinas despu\u00e9s de COVID?"},"content":{"rendered":"\r\n<p>Actualmente ya se comienza a hablar sobre el retorno a la \u201cNueva Normalidad\u201d despu\u00e9s de la contingencia ocasionada por COVID-19. Y no es de sorprenderse, ya que los espacios cerrados en donde se re\u00fanen muchas personas, como las oficinas, consist\u00edan en un enorme foco de infecci\u00f3n para esta reciente enfermedad.\u00a0<\/p>\r\n\r\n\r\n\r\n<p>Con m\u00e1s medidas y m\u00e1s actividades en marcha para el control del COVID, las empresas ya est\u00e1n discutiendo sobre qu\u00e9 medidas tomar para volver a la oficina sin ignorar las recomendaciones de las autoridades. Pero definir c\u00f3mo se aplicar\u00e1n es trabajo de los directivos de las empresas. En este art\u00edculo te compartimos algunos puntos clave a considerar antes de regresar a los espacios de trabajo.\u00a0<\/p>\r\n\r\n\r\n\r\n<p>Es comprensible que la empresa necesite dar resultados o al menos regresar al punto de ventas en el que se qued\u00f3. Pero, esto no suceder\u00e1 de la noche a la ma\u00f1ana. Lamentablemente la contingencia ocasionada por COVID afect\u00f3 todo tipo de industrias y empresas de varios tama\u00f1os, as\u00ed que es muy probable que pasen varios meses antes de ver buenos resultados. De acuerdo a una encuesta realizada por <a href=\"https:\/\/www.pwc.com\/us\/en\/library\/covid-19\/pwc-covid-19-cfo-pulse-survey-3.html\">PwC<\/a>, solo uno de cada cinco CFO\u2019s entrevistados dijeron que podr\u00edan regresar a sus operaciones normales en menos de un mes o menos.\u00a0<\/p>\r\n\r\n\r\n\r\n<p>La tarea principal ahora es determinar cu\u00e1ndo se va a regresar a la oficina y bajo qu\u00e9 medidas. S\u00ed, para esto hay que tomar en cuenta los comunicados gubernamentales oficiales pero es igual de importante evaluar la situaci\u00f3n por la que est\u00e1n pasando sus colaboradores. Ponemos de ejemplo a aquellos que tienen peque\u00f1os en casa y que por ahora no pueden enviarlos a la escuela ni conseguir ayuda para cuidarlos. Las medidas de regreso a la oficina deben considerarlos a ellos tambi\u00e9n.\u00a0\u00a0<\/p>\r\n<p><a href=\"https:\/\/runahr.com\/mx\/recursos\/hr-management\/protocolos-para-el-regreso-a-oficinas\/\"><img fetchpriority=\"high\" decoding=\"async\" class=\"alignnone  wp-image-1093545\" src=\"https:\/\/runahr.com\/wp-content\/uploads\/2026\/01\/CMX317-300x119.webp\" alt=\"Ver ahora Webinar: Protocolos para el regreso a oficinas\" width=\"1356\" height=\"538\" srcset=\"https:\/\/runahr.com\/wp-content\/uploads\/2026\/01\/CMX317-300x119.webp 300w, https:\/\/runahr.com\/wp-content\/uploads\/2026\/01\/CMX317-1024x405.webp 1024w, https:\/\/runahr.com\/wp-content\/uploads\/2026\/01\/CMX317-768x304.webp 768w\" sizes=\"(max-width: 1356px) 100vw, 1356px\" \/><\/a><\/p>\r\n\r\n\r\n\r\n<h2 class=\"wp-block-heading\">Priorizando la salud de los colaboradores<\/h2>\r\n\r\n\r\n\r\n<p>La salud y seguridad de los colaboradores deber\u00eda ser la prioridad de los directivos al momento de regresar a las oficinas. Recuerda que sin empleados sanos, tu empresa no podr\u00e1 operar de forma efectiva. Los colaboradores tambi\u00e9n est\u00e1n confiando en que las empresas tomen la mejor decisi\u00f3n respecto a este regreso a las oficinas. Y aunque es cierto que las medidas pueden variar por estado y hasta por municipio; no hay que olvidarse de aquellos que viven o trabajan en zonas que pueden considerarse de alto riesgo.\u00a0<\/p>\r\n\r\n\r\n\r\n<p>Una vez que los lugares de trabajo puedan estar disponibles para todos hay que desarrollar los planes de sanitizaci\u00f3n a profundidad. Mantener las \u00e1reas de trabajo \u201climpias\u201d y con la menor posibilidad de contagio ser\u00e1 el reto de las empresas. Lo m\u00e1s probable es que sea necesario cambiar la distribuci\u00f3n de las estaciones de trabajo o modificar los horarios de entrada y salida. Esto con el prop\u00f3sito de reducir el flujo de personas dentro de un edificio.\u00a0<\/p>\r\n\r\n\r\n\r\n<p>Tambi\u00e9n es probable que las empresas fomenten el uso de equipo de protecci\u00f3n como guantes y mascarillas. No deber\u00eda sorprendernos que en algunos edificios la toma de temperatura sea algo diario. Incluso aprovechando la tecnolog\u00eda y a trav\u00e9s de la ubicaci\u00f3n de los celulares se podr\u00eda determinar si una persona ha estado cerca de un foco de infecci\u00f3n y es necesario que se a\u00edsle.\u00a0<\/p>\r\n<p><a href=\"https:\/\/runahr.com\/mx\/recursos\/hr-management\/retos-de-rrhh-frente-al-regreso-a-oficinas\/\"><img decoding=\"async\" class=\"alignnone  wp-image-1093649\" src=\"https:\/\/runahr.com\/wp-content\/uploads\/2026\/01\/CMX326-300x119.webp\" alt=\"Ver ahora Webinar: Retos de RRHH frente al regreso a oficinas\" width=\"1351\" height=\"536\" srcset=\"https:\/\/runahr.com\/wp-content\/uploads\/2026\/01\/CMX326-300x119.webp 300w, https:\/\/runahr.com\/wp-content\/uploads\/2026\/01\/CMX326-1024x405.webp 1024w, https:\/\/runahr.com\/wp-content\/uploads\/2026\/01\/CMX326-768x304.webp 768w\" sizes=\"(max-width: 1351px) 100vw, 1351px\" \/><\/a><\/p>\r\n\r\n\r\n\r\n<h2 class=\"wp-block-heading\">\u00bfQui\u00e9nes regresan a las instalaciones y cu\u00e1ndo?<\/h2>\r\n\r\n\r\n\r\n<p>Es altamente probable que las empresas se centren en que los colaboradores que necesitan estar en las oficinas, f\u00e1brica o taller; lo est\u00e9n. Claro, siempre y cuando ya sea seguro para ellos. Para este punto, lo primero ser\u00e1 identificar a aquellos que su presencia en las instalaciones es crucial para que el negocio se realice. Y aunque algunos puestos siempre se han considerado como necesarios que se encuentren de forma f\u00edsica, como ventas, es probable que estos evolucionen y se adapten.\u00a0<\/p>\r\n\r\n\r\n\r\n<p>Otra forma de identificar a aquellos puestos que son necesarios tener en las instalaciones, es recordar con los que hubo problemas al momento de hacer la transici\u00f3n a <a href=\"https:\/\/runahr.com\/mx\/recursos\/hr-management\/trabajo-remoto\/\">trabajo remoto<\/a>. Los que pudieron hacerlo sin ning\u00fan contratiempo son los que pueden mantenerse desde casa. El resto, son los que s\u00ed es necesario que regresen.\u00a0<\/p>\r\n\r\n\r\n\r\n<h2 class=\"wp-block-heading\">\u00bfC\u00f3mo preparar a los colaboradores para el cambio?<\/h2>\r\n\r\n\r\n\r\n<p>Antes de anunciar el regreso a la oficina de un d\u00eda para otro, los l\u00edderes deber\u00e1n acercarse con sus colaboradores y explicar la situaci\u00f3n claramente. En este proceso se debe de usar la empat\u00eda y reconocer lo que se logr\u00f3 durante las turbulentas semanas de la contingencia. Es importante que los l\u00edderes est\u00e9n al tanto de las situaci\u00f3n de sus colaboradores y sus razones para seguir trabajando (o no) de forma remota.\u00a0<\/p>\r\n\r\n\r\n\r\n<p>Por eso es importante que a pesar de que la gran mayor\u00eda de empresas trabajaba de forma f\u00edsica, durante el regreso a las oficinas habr\u00e1 un proceso de adaptaci\u00f3n a esta nueva normalidad ocasionada por la pandemia. Para evitar la sensaci\u00f3n de incertidumbre en los empleados, los l\u00edderes deben ofrecer explicaciones sobre los pasos que se est\u00e1n tomando para cuidar de su salud.\u00a0<\/p>\r\n\r\n\r\n\r\n<p>Este proceso es nuevo para todos por lo que debes apoyarte mucho de la <a href=\"https:\/\/runahr.com\/mx\/recursos\/hr-management\/retroalimentacion\/\">retroalimentaci\u00f3n<\/a> que tus colaboradores puedan dar respecto a sus preocupaciones y propuestas para el regreso al <a href=\"https:\/\/runahr.com\/mx\/recursos\/hr-management\/lugar-de-trabajo\/\">lugar de trabajo<\/a> despu\u00e9s de la pandemia.\u00a0<\/p>\r\n<p><a href=\"https:\/\/recursos.runahr.com\/el-futuro-del-trabajo-en-america-latina\"><img decoding=\"async\" class=\"alignnone  wp-image-1091230\" src=\"https:\/\/runahr.com\/wp-content\/uploads\/2026\/01\/CMX021-300x119.webp\" alt=\"Descargar futuro del trabajo en Am\u00e9rica Latina\" width=\"1354\" height=\"537\" srcset=\"https:\/\/runahr.com\/wp-content\/uploads\/2026\/01\/CMX021-300x119.webp 300w, https:\/\/runahr.com\/wp-content\/uploads\/2026\/01\/CMX021-1024x406.webp 1024w, https:\/\/runahr.com\/wp-content\/uploads\/2026\/01\/CMX021-768x304.webp 768w, https:\/\/runahr.com\/wp-content\/uploads\/2026\/01\/CMX021-1536x608.webp 1536w, https:\/\/runahr.com\/wp-content\/uploads\/2026\/01\/CMX021-2048x811.webp 2048w\" sizes=\"(max-width: 1354px) 100vw, 1354px\" \/><\/a><\/p>\r\n","protected":false},"excerpt":{"rendered":"<p>Actualmente ya se comienza a hablar sobre el retorno a la \u201cNueva Normalidad\u201d despu\u00e9s de la contingencia ocasionada por COVID-19. Y no es de sorprenderse, ya que los espacios cerrados en donde se re\u00fanen muchas personas, como las oficinas, consist\u00edan en un enorme foco de infecci\u00f3n para esta reciente enfermedad.\u00a0 Con m\u00e1s medidas y m\u00e1s [&hellip;]<\/p>\n","protected":false},"author":2,"featured_media":1040504,"comment_status":"closed","ping_status":"closed","sticky":false,"template":"","format":"standard","meta":{"_acf_changed":false,"_wp_applaud_exclude":false,"footnotes":""},"categories":[189,190],"tags":[1297,834],"class_list":["post-117064","post","type-post","status-publish","format-standard","has-post-thumbnail","hentry","category-hr-management","category-recursos","tag-articulo","tag-hr-management"],"acf":[],"yoast_head":"<!-- This site is optimized with the Yoast SEO Premium plugin v26.1 (Yoast SEO v27.5) - https:\/\/yoast.com\/product\/yoast-seo-premium-wordpress\/ -->\n<title>\u00bfC\u00f3mo regresar a las oficinas despu\u00e9s de COVID? | Runa HR<\/title>\n<meta name=\"description\" content=\"Las oficinas que dejamos antes del COVID no ser\u00e1n las mismas. Te platicamos m\u00e1s sobre los cambios necesarios y las tendencias en ellas.\" \/>\n<meta name=\"robots\" content=\"index, follow, max-snippet:-1, max-image-preview:large, max-video-preview:-1\" \/>\n<link rel=\"canonical\" href=\"https:\/\/runahr.com\/mx\/recursos\/hr-management\/como-regresar-a-las-oficinas-despues-de-covid\/\" \/>\n<meta property=\"og:locale\" content=\"es_MX\" \/>\n<meta property=\"og:type\" content=\"article\" \/>\n<meta property=\"og:title\" content=\"\u00bfC\u00f3mo regresar a oficinas despu\u00e9s de COVID? | MX | Runa HR\" \/>\n<meta property=\"og:description\" content=\"Las oficinas que dejamos antes del COVID no ser\u00e1n las mismas. Te platicamos m\u00e1s sobre los cambios necesarios y las tendencias en ellas.\" \/>\n<meta property=\"og:url\" content=\"https:\/\/runahr.com\/mx\/recursos\/hr-management\/como-regresar-a-las-oficinas-despues-de-covid\/\" \/>\n<meta property=\"og:site_name\" content=\"Runa HR\" \/>\n<meta property=\"article:publisher\" content=\"https:\/\/www.facebook.com\/runahr\/\" \/>\n<meta property=\"article:published_time\" content=\"2020-06-18T20:24:48+00:00\" \/>\n<meta property=\"article:modified_time\" content=\"2026-02-12T19:51:24+00:00\" \/>\n<meta property=\"og:image\" content=\"https:\/\/runahr.com\/wp-content\/uploads\/2025\/04\/image-2.png\" \/>\n\t<meta property=\"og:image:width\" content=\"512\" \/>\n\t<meta property=\"og:image:height\" content=\"286\" \/>\n\t<meta property=\"og:image:type\" content=\"image\/png\" \/>\n<meta name=\"author\" content=\"Runa HR\" \/>\n<meta name=\"twitter:card\" content=\"summary_large_image\" \/>\n<meta name=\"twitter:title\" content=\"\u00bfC\u00f3mo regresar a las oficinas despu\u00e9s de COVID? | Runa HR\" \/>\n<meta name=\"twitter:description\" content=\"Las oficinas que dejamos antes del COVID no ser\u00e1n las mismas. En este art\u00edculo te platicamos m\u00e1s sobre los cambios necesarios y las tendencias en ellas.\" \/>\n<meta name=\"twitter:creator\" content=\"@runahr\" \/>\n<meta name=\"twitter:site\" content=\"@runahr\" \/>\n<meta name=\"twitter:label1\" content=\"Escrito por\" \/>\n\t<meta name=\"twitter:data1\" content=\"Runa HR\" \/>\n\t<meta name=\"twitter:label2\" content=\"Tiempo de lectura\" \/>\n\t<meta name=\"twitter:data2\" content=\"5 minutos\" \/>\n<!-- \/ Yoast SEO Premium plugin. -->","yoast_head_json":{"title":"\u00bfC\u00f3mo regresar a las oficinas despu\u00e9s de COVID? | Runa HR","description":"Las oficinas que dejamos antes del COVID no ser\u00e1n las mismas. Te platicamos m\u00e1s sobre los cambios necesarios y las tendencias en ellas.","robots":{"index":"index","follow":"follow","max-snippet":"max-snippet:-1","max-image-preview":"max-image-preview:large","max-video-preview":"max-video-preview:-1"},"canonical":"https:\/\/runahr.com\/mx\/recursos\/hr-management\/como-regresar-a-las-oficinas-despues-de-covid\/","og_locale":"es_MX","og_type":"article","og_title":"\u00bfC\u00f3mo regresar a oficinas despu\u00e9s de COVID? | MX | Runa HR","og_description":"Las oficinas que dejamos antes del COVID no ser\u00e1n las mismas. Te platicamos m\u00e1s sobre los cambios necesarios y las tendencias en ellas.","og_url":"https:\/\/runahr.com\/mx\/recursos\/hr-management\/como-regresar-a-las-oficinas-despues-de-covid\/","og_site_name":"Runa HR","article_publisher":"https:\/\/www.facebook.com\/runahr\/","article_published_time":"2020-06-18T20:24:48+00:00","article_modified_time":"2026-02-12T19:51:24+00:00","og_image":[{"width":512,"height":286,"url":"https:\/\/runahr.com\/wp-content\/uploads\/2025\/04\/image-2.png","type":"image\/png"}],"author":"Runa HR","twitter_card":"summary_large_image","twitter_title":"\u00bfC\u00f3mo regresar a las oficinas despu\u00e9s de COVID? | Runa HR","twitter_description":"Las oficinas que dejamos antes del COVID no ser\u00e1n las mismas. En este art\u00edculo te platicamos m\u00e1s sobre los cambios necesarios y las tendencias en ellas.","twitter_creator":"@runahr","twitter_site":"@runahr","twitter_misc":{"Escrito por":"Runa HR","Tiempo de lectura":"5 minutos"},"schema":{"@context":"https:\/\/schema.org","@graph":[{"@type":"Article","@id":"https:\/\/runahr.com\/mx\/recursos\/hr-management\/como-regresar-a-las-oficinas-despues-de-covid\/#article","isPartOf":{"@id":"https:\/\/runahr.com\/mx\/recursos\/hr-management\/como-regresar-a-las-oficinas-despues-de-covid\/"},"author":{"name":"Runa HR","@id":"https:\/\/runahr.com\/mx\/#\/schema\/person\/48bc8e24ad03cc8f426d7d8c9867bc83"},"headline":"\u00bfC\u00f3mo regresar a oficinas despu\u00e9s de COVID?","datePublished":"2020-06-18T20:24:48+00:00","dateModified":"2026-02-12T19:51:24+00:00","mainEntityOfPage":{"@id":"https:\/\/runahr.com\/mx\/recursos\/hr-management\/como-regresar-a-las-oficinas-despues-de-covid\/"},"wordCount":913,"publisher":{"@id":"https:\/\/runahr.com\/mx\/#organization"},"image":{"@id":"https:\/\/runahr.com\/mx\/recursos\/hr-management\/como-regresar-a-las-oficinas-despues-de-covid\/#primaryimage"},"thumbnailUrl":"https:\/\/runahr.com\/wp-content\/uploads\/2025\/09\/Como-regresar-a-oficinas-despues-de-COVID.svg","keywords":["Art\u00edculo","HR Management"],"articleSection":["HR Management","Recursos"],"inLanguage":"es"},{"@type":"WebPage","@id":"https:\/\/runahr.com\/mx\/recursos\/hr-management\/como-regresar-a-las-oficinas-despues-de-covid\/","url":"https:\/\/runahr.com\/mx\/recursos\/hr-management\/como-regresar-a-las-oficinas-despues-de-covid\/","name":"\u00bfC\u00f3mo regresar a las oficinas despu\u00e9s de COVID? | Runa HR","isPartOf":{"@id":"https:\/\/runahr.com\/mx\/#website"},"primaryImageOfPage":{"@id":"https:\/\/runahr.com\/mx\/recursos\/hr-management\/como-regresar-a-las-oficinas-despues-de-covid\/#primaryimage"},"image":{"@id":"https:\/\/runahr.com\/mx\/recursos\/hr-management\/como-regresar-a-las-oficinas-despues-de-covid\/#primaryimage"},"thumbnailUrl":"https:\/\/runahr.com\/wp-content\/uploads\/2025\/09\/Como-regresar-a-oficinas-despues-de-COVID.svg","datePublished":"2020-06-18T20:24:48+00:00","dateModified":"2026-02-12T19:51:24+00:00","description":"Las oficinas que dejamos antes del COVID no ser\u00e1n las mismas. Te platicamos m\u00e1s sobre los cambios necesarios y las tendencias en ellas.","breadcrumb":{"@id":"https:\/\/runahr.com\/mx\/recursos\/hr-management\/como-regresar-a-las-oficinas-despues-de-covid\/#breadcrumb"},"inLanguage":"es","potentialAction":[{"@type":"ReadAction","target":["https:\/\/runahr.com\/mx\/recursos\/hr-management\/como-regresar-a-las-oficinas-despues-de-covid\/"]}]},{"@type":"ImageObject","inLanguage":"es","@id":"https:\/\/runahr.com\/mx\/recursos\/hr-management\/como-regresar-a-las-oficinas-despues-de-covid\/#primaryimage","url":"https:\/\/runahr.com\/wp-content\/uploads\/2025\/09\/Como-regresar-a-oficinas-despues-de-COVID.svg","contentUrl":"https:\/\/runahr.com\/wp-content\/uploads\/2025\/09\/Como-regresar-a-oficinas-despues-de-COVID.svg","width":1090,"height":476},{"@type":"BreadcrumbList","@id":"https:\/\/runahr.com\/mx\/recursos\/hr-management\/como-regresar-a-las-oficinas-despues-de-covid\/#breadcrumb","itemListElement":[{"@type":"ListItem","position":1,"name":"Home","item":"https:\/\/runahr.com\/mx\/"},{"@type":"ListItem","position":2,"name":"Recursos","item":"https:\/\/runahr.com\/mx\/category\/recursos\/"},{"@type":"ListItem","position":3,"name":"HR Management","item":"https:\/\/runahr.com\/mx\/category\/recursos\/hr-management\/"},{"@type":"ListItem","position":4,"name":"\u00bfC\u00f3mo regresar a oficinas despu\u00e9s de COVID?"}]},{"@type":"WebSite","@id":"https:\/\/runahr.com\/mx\/#website","url":"https:\/\/runahr.com\/mx\/","name":"Runa HR","description":"Software de N\u00f3mina y Gesti\u00f3n de RRHH","publisher":{"@id":"https:\/\/runahr.com\/mx\/#organization"},"potentialAction":[{"@type":"SearchAction","target":{"@type":"EntryPoint","urlTemplate":"https:\/\/runahr.com\/mx\/?s={search_term_string}"},"query-input":{"@type":"PropertyValueSpecification","valueRequired":true,"valueName":"search_term_string"}}],"inLanguage":"es"},{"@type":"Organization","@id":"https:\/\/runahr.com\/mx\/#organization","name":"Runa HR","url":"https:\/\/runahr.com\/mx\/","logo":{"@type":"ImageObject","inLanguage":"es","@id":"https:\/\/runahr.com\/mx\/#\/schema\/logo\/image\/","url":"https:\/\/runahr.com\/wp-content\/uploads\/2018\/05\/xDzHFcQY_400x400.jpg","contentUrl":"https:\/\/runahr.com\/wp-content\/uploads\/2018\/05\/xDzHFcQY_400x400.jpg","width":400,"height":400,"caption":"Runa HR"},"image":{"@id":"https:\/\/runahr.com\/mx\/#\/schema\/logo\/image\/"},"sameAs":["https:\/\/www.facebook.com\/runahr\/","https:\/\/x.com\/runahr","https:\/\/www.instagram.com\/runahr\/","https:\/\/mx.linkedin.com\/company\/runahr","https:\/\/www.youtube.com\/channel\/UCAZ21FupFMLIb1c7PPaU6Ew"]},{"@type":"Person","@id":"https:\/\/runahr.com\/mx\/#\/schema\/person\/48bc8e24ad03cc8f426d7d8c9867bc83","name":"Runa HR","image":{"@type":"ImageObject","inLanguage":"es","@id":"https:\/\/secure.gravatar.com\/avatar\/0f5e3da5817edb54f2baf42e521fcc5bf236eed18b9dca62e6fa95f35ad83b5a?s=96&d=mm&r=g","url":"https:\/\/secure.gravatar.com\/avatar\/0f5e3da5817edb54f2baf42e521fcc5bf236eed18b9dca62e6fa95f35ad83b5a?s=96&d=mm&r=g","contentUrl":"https:\/\/secure.gravatar.com\/avatar\/0f5e3da5817edb54f2baf42e521fcc5bf236eed18b9dca62e6fa95f35ad83b5a?s=96&d=mm&r=g","caption":"Runa HR"},"sameAs":["https:\/\/runahr.com"],"url":"https:\/\/runahr.com\/mx\/author\/runahr\/"}]}},"_links":{"self":[{"href":"https:\/\/runahr.com\/mx\/wp-json\/wp\/v2\/posts\/117064","targetHints":{"allow":["GET"]}}],"collection":[{"href":"https:\/\/runahr.com\/mx\/wp-json\/wp\/v2\/posts"}],"about":[{"href":"https:\/\/runahr.com\/mx\/wp-json\/wp\/v2\/types\/post"}],"author":[{"embeddable":true,"href":"https:\/\/runahr.com\/mx\/wp-json\/wp\/v2\/users\/2"}],"replies":[{"embeddable":true,"href":"https:\/\/runahr.com\/mx\/wp-json\/wp\/v2\/comments?post=117064"}],"version-history":[{"count":0,"href":"https:\/\/runahr.com\/mx\/wp-json\/wp\/v2\/posts\/117064\/revisions"}],"wp:featuredmedia":[{"embeddable":true,"href":"https:\/\/runahr.com\/mx\/wp-json\/wp\/v2\/media\/1040504"}],"wp:attachment":[{"href":"https:\/\/runahr.com\/mx\/wp-json\/wp\/v2\/media?parent=117064"}],"wp:term":[{"taxonomy":"category","embeddable":true,"href":"https:\/\/runahr.com\/mx\/wp-json\/wp\/v2\/categories?post=117064"},{"taxonomy":"post_tag","embeddable":true,"href":"https:\/\/runahr.com\/mx\/wp-json\/wp\/v2\/tags?post=117064"}],"curies":[{"name":"wp","href":"https:\/\/api.w.org\/{rel}","templated":true}]}}