{"id":134958,"date":"2020-10-23T04:32:50","date_gmt":"2020-10-23T09:32:50","guid":{"rendered":"https:\/\/runahr.com\/?p=134958"},"modified":"2026-01-19T15:13:56","modified_gmt":"2026-01-19T21:13:56","slug":"calculo-de-cuotas-obrero-patronales-en-el-sua","status":"publish","type":"post","link":"https:\/\/runahr.com\/mx\/recursos\/nomina\/calculo-de-cuotas-obrero-patronales-en-el-sua\/","title":{"rendered":"C\u00e1lculo de cuotas obrero patronales en el SUA"},"content":{"rendered":"\r\n<p><span>Una vez que hemos cargado los trabajadores y las <a href=\"https:\/\/runahr.com\/mx\/recursos\/nomina\/a-que-llamamos-incidencias-en-nomina\/\">incidencias laborales<\/a> del mes a calcular. Estamos listos para calcular las <a href=\"https:\/\/runahr.com\/mx\/recursos\/nomina\/cuotas-obrero-patronales\/\">cuotas obrero patronales<\/a> en el SUA.<\/span><\/p>\r\n<p><a href=\"https:\/\/runahr.com\/mx\/recursos\/nomina\/taller-todo-lo-que-debes-saber-sua\/\"><img fetchpriority=\"high\" decoding=\"async\" class=\"alignnone  wp-image-1092278\" src=\"https:\/\/runahr.com\/wp-content\/uploads\/2026\/01\/CMX160-300x119.webp\" alt=\"Ver ahora Taller: Todo lo que debes saber sobre el SUA\" width=\"1354\" height=\"537\" srcset=\"https:\/\/runahr.com\/wp-content\/uploads\/2026\/01\/CMX160-300x119.webp 300w, https:\/\/runahr.com\/wp-content\/uploads\/2026\/01\/CMX160-1024x405.webp 1024w, https:\/\/runahr.com\/wp-content\/uploads\/2026\/01\/CMX160-768x304.webp 768w\" sizes=\"(max-width: 1354px) 100vw, 1354px\" \/><\/a><\/p>\r\n\r\n\r\n\r\n<ol class=\"wp-block-list\">\r\n<li><span>Ingresamos al <a href=\"https:\/\/runahr.com\/mx\/recursos\/nomina\/sua-sistema-unico-de-autodeterminacion\/\">Sistema \u00danico de Autodeterminaci\u00f3n (SUA)<\/a> y seleccionamos el <a href=\"https:\/\/runahr.com\/mx\/recursos\/aspectos-legales\/registro-patronal\/\">registro patronal<\/a>.<\/span>\r\n<figure><img decoding=\"async\" class=\"alignnone  wp-image-133878\" src=\"https:\/\/runahr.com\/wp-content\/uploads\/2025\/09\/00-PANTALLA-PRINCIPAL-SUA-300x226.jpg\" alt=\"\" width=\"336\" height=\"254\" \/><img decoding=\"async\" class=\"alignnone  wp-image-133894\" src=\"https:\/\/runahr.com\/wp-content\/uploads\/2025\/09\/01-ELIGE-UN-PATRON-300x228.jpg\" alt=\"\" width=\"337\" height=\"255\" \/><\/figure>\r\n<\/li>\r\n<li>Damos clic en \u201cc\u00e1lculos \/ pago global\u201d en el men\u00fa del lado izquierdo.<\/li>\r\n<li>Se muestra la pantalla, en la cual debemos seleccionar el mes y al a\u00f1o a calcular.\r\n<figure><img loading=\"lazy\" decoding=\"async\" class=\"alignnone  wp-image-133897\" src=\"https:\/\/runahr.com\/wp-content\/uploads\/2025\/09\/02-CALCULO-PAGO-GLOBAL-300x233.jpg\" alt=\"\" width=\"343\" height=\"266\" \/><\/figure>\r\n<\/li>\r\n<li>Una vez seleccionados, damos clic en \u201ccalcular\u201d.\r\n<figure><img loading=\"lazy\" decoding=\"async\" class=\"alignnone  wp-image-133910\" src=\"https:\/\/runahr.com\/wp-content\/uploads\/2025\/09\/04-GENERAR-PAGO-300x233.jpg\" alt=\"\" width=\"344\" height=\"267\" \/><\/figure>\r\n<\/li>\r\n<li>El SUA lanza una alerta cuando ha terminado de realizar los c\u00e1lculos del mes. Damos clic en aceptar. Posterior damos clic en generar.\r\n<figure><img loading=\"lazy\" decoding=\"async\" class=\"alignnone  wp-image-133901\" src=\"https:\/\/runahr.com\/wp-content\/uploads\/2025\/09\/03-CALCULO-PAGO-GLOBAL-TERMINADO-300x234.jpg\" alt=\"\" width=\"344\" height=\"268\" \/><\/figure>\r\n<\/li>\r\n<li>El SUA solicitar\u00e1 la ruta de la carpeta donde se guardar\u00e1 la informaci\u00f3n. En este caso el archivo con extensi\u00f3n *.SUA. Una vez ubicada la carpeta, el sistema guarda el archivo y muestra los documentos de los c\u00e1lculos, los cuales en la jerga de los \u201cnoministas\u201d se conocen como c\u00e9dulas de liquidaci\u00f3n mensual o bimestral.\r\n<figure><img loading=\"lazy\" decoding=\"async\" class=\"alignnone  wp-image-133912\" src=\"https:\/\/runahr.com\/wp-content\/uploads\/2025\/09\/05-RUTA-PARA-GUARDAR-LOS-ARCHIVOS-300x234.jpg\" alt=\"\" width=\"340\" height=\"265\" \/><\/figure>\r\n<\/li>\r\n<li>El SUA ha incorporado tambi\u00e9n la posibilidad de obtener la l\u00ednea de\u00a0<a href=\"https:\/\/runahr.com\/mx\/recursos\/nomina\/sipare\/\">Sistema de Pago Referenciado (SIPARE)<\/a> si el usuario lo desea. La \u00fanica condici\u00f3n es que el equipo est\u00e9 conectado a internet; para esto es necesario que el usuario ya haya dado de alta el registro patronal (como lo hemos visto anteriormente). Entonces, antes de mostrar las liquidaciones, peguntar\u00e1 si el usuario desea obtener la l\u00ednea de pago SIPARE. Si el usuario lo acepta necesitar\u00e1 ingresar usuario (registro patronal), contrase\u00f1a y la \u201ccaptcha\u201d que aparece.<\/li>\r\n<li>El SUA mostrar\u00e1 una alerta indicando la finalizaci\u00f3n del proceso y podremos visualizar las liquidaciones en pantalla para imprimirlas, revisarlas, exportarlas o guardarlas en PDF. Cuando el c\u00e1lculo es bimestral se muestran las c\u00e9dulas mensual, bimestral y resumen de <a href=\"https:\/\/runahr.com\/mx\/recursos\/nomina\/liquidacion\/\">liquidaci\u00f3n<\/a>.\u00a0<\/li>\r\n<\/ol>\r\n<figure><img loading=\"lazy\" decoding=\"async\" class=\"alignnone  wp-image-133924\" src=\"https:\/\/runahr.com\/wp-content\/uploads\/2025\/09\/06-RUTA-PARA-EXPORTAR-LOS-REPORTES-1-300x175.png\" alt=\"\" width=\"383\" height=\"223\" \/><\/figure>\r\n<p><a href=\"https:\/\/runahr.com\/mx\/recursos\/nomina\/como-realizar-pago-diferencias-sua\/\"><img loading=\"lazy\" decoding=\"async\" class=\"alignnone  wp-image-1092446\" src=\"https:\/\/runahr.com\/wp-content\/uploads\/2026\/01\/CMX182-300x119.webp\" alt=\"Ver ahora Tip: \u00bfC\u00f3mo realizar el pago de diferencias en el SUA?\" width=\"1354\" height=\"537\" srcset=\"https:\/\/runahr.com\/wp-content\/uploads\/2026\/01\/CMX182-300x119.webp 300w, https:\/\/runahr.com\/wp-content\/uploads\/2026\/01\/CMX182-1024x405.webp 1024w, https:\/\/runahr.com\/wp-content\/uploads\/2026\/01\/CMX182-768x304.webp 768w\" sizes=\"(max-width: 1354px) 100vw, 1354px\" \/><\/a><\/p>\r\n<ol>\r\n<li><span><span>Exportamos la c\u00e9dula de determinaci\u00f3n mensual y bimestral a formato PDF.<\/span><\/span>\u00a0\r\n<p>&nbsp;<\/p>\r\n<figure><img loading=\"lazy\" decoding=\"async\" class=\"wp-image-133933 alignnone\" src=\"https:\/\/runahr.com\/wp-content\/uploads\/2025\/09\/08-LIQUIDACIONES-EN-PDF-300x229.jpg\" alt=\"\" width=\"383\" height=\"292\" \/><\/figure>\r\n<\/li>\r\n<li>Se exporta el resumen de liquidaci\u00f3n tambi\u00e9n a formato PDF.\r\n<figure><img loading=\"lazy\" decoding=\"async\" class=\"alignnone  wp-image-133941\" src=\"https:\/\/runahr.com\/wp-content\/uploads\/2025\/09\/09-LIQUIDACIONES-EN-PDF-2-300x179.jpg\" alt=\"\" width=\"374\" height=\"223\" \/><\/figure>\r\n<\/li>\r\n<li>En este punto, estamos listos para realizar la confronta del pago SUA vs la emisi\u00f3n propuesta por el <a href=\"https:\/\/runahr.com\/mx\/recursos\/nomina\/que-es-el-imss\/\">Instituto Mexicano del Seguro Social (IMSS)<\/a> para el pago de cuotas obrero patronales.<\/li>\r\n<\/ol>\r\n<p><a href=\"https:\/\/recursos.runahr.com\/calculadora-cuotas-imss-infonavit\"><img loading=\"lazy\" decoding=\"async\" class=\"alignnone  wp-image-1091053\" src=\"https:\/\/runahr.com\/wp-content\/uploads\/2026\/01\/CMX004-300x119.webp\" alt=\"Descargar calculadora de cuotas IMSS INFONAVIT\" width=\"1354\" height=\"537\" srcset=\"https:\/\/runahr.com\/wp-content\/uploads\/2026\/01\/CMX004-300x119.webp 300w, https:\/\/runahr.com\/wp-content\/uploads\/2026\/01\/CMX004-1024x405.webp 1024w, https:\/\/runahr.com\/wp-content\/uploads\/2026\/01\/CMX004-768x304.webp 768w\" sizes=\"(max-width: 1354px) 100vw, 1354px\" \/><\/a><\/p>\r\n\r\n\r\n","protected":false},"excerpt":{"rendered":"<p>Una vez que hemos cargado los trabajadores y las incidencias laborales del mes a calcular. Estamos listos para calcular las cuotas obrero patronales en el SUA. Ingresamos al Sistema \u00danico de Autodeterminaci\u00f3n (SUA) y seleccionamos el registro patronal. Damos clic en \u201cc\u00e1lculos \/ pago global\u201d en el men\u00fa del lado izquierdo. Se muestra la pantalla, [&hellip;]<\/p>\n","protected":false},"author":11,"featured_media":1043109,"comment_status":"closed","ping_status":"closed","sticky":false,"template":"","format":"standard","meta":{"_acf_changed":false,"_wp_applaud_exclude":false,"footnotes":""},"categories":[170,190],"tags":[1297,369,307],"class_list":["post-134958","post","type-post","status-publish","format-standard","has-post-thumbnail","hentry","category-nomina","category-recursos","tag-articulo","tag-nomina-mx","tag-sua"],"acf":[],"yoast_head":"<!-- This site is optimized with the Yoast SEO Premium plugin v26.1 (Yoast SEO v27.5) - https:\/\/yoast.com\/product\/yoast-seo-premium-wordpress\/ -->\n<title>C\u00e1lculo de cuotas obrero patronales en el SUA | Runa HR<\/title>\n<meta name=\"description\" content=\"Una vez que hemos cargado los trabajadores y las incidencias del mes, estamos listos para calcular las cuotas obrero patronales en el SUA.\" \/>\n<meta name=\"robots\" content=\"index, follow, max-snippet:-1, max-image-preview:large, max-video-preview:-1\" \/>\n<link rel=\"canonical\" href=\"https:\/\/runahr.com\/mx\/recursos\/nomina\/calculo-de-cuotas-obrero-patronales-en-el-sua\/\" \/>\n<meta property=\"og:locale\" content=\"es_MX\" \/>\n<meta property=\"og:type\" content=\"article\" \/>\n<meta property=\"og:title\" content=\"C\u00e1lculo de cuotas obrero patronales en el SUA | MX | Runa HR\" \/>\n<meta property=\"og:description\" content=\"Una vez que hemos cargado los trabajadores y las incidencias del mes, estamos listos para calcular las cuotas obrero patronales en el SUA.\" \/>\n<meta property=\"og:url\" content=\"https:\/\/runahr.com\/mx\/recursos\/nomina\/calculo-de-cuotas-obrero-patronales-en-el-sua\/\" \/>\n<meta property=\"og:site_name\" content=\"Runa HR\" \/>\n<meta property=\"article:publisher\" content=\"https:\/\/www.facebook.com\/runahr\/\" \/>\n<meta property=\"article:published_time\" content=\"2020-10-23T09:32:50+00:00\" \/>\n<meta property=\"article:modified_time\" content=\"2026-01-19T21:13:56+00:00\" \/>\n<meta property=\"og:image\" content=\"https:\/\/runahr.com\/wp-content\/uploads\/2025\/04\/image-2.png\" \/>\n\t<meta property=\"og:image:width\" content=\"512\" \/>\n\t<meta property=\"og:image:height\" content=\"286\" \/>\n\t<meta property=\"og:image:type\" content=\"image\/png\" \/>\n<meta name=\"author\" content=\"Siri\" \/>\n<meta name=\"twitter:card\" content=\"summary_large_image\" \/>\n<meta name=\"twitter:title\" content=\"C\u00e1lculo de cuotas Obrero-Patronales en el SUA | Runa HR\" \/>\n<meta name=\"twitter:description\" content=\"Una vez que hemos cargado los trabajadores y las incidencias del mes a calcular. Estamos listos para calcular las cuotas obrero-patronales en el SUA.\" \/>\n<meta name=\"twitter:creator\" content=\"@runahr\" \/>\n<meta name=\"twitter:site\" content=\"@runahr\" \/>\n<meta name=\"twitter:label1\" content=\"Escrito por\" \/>\n\t<meta name=\"twitter:data1\" content=\"Siri\" \/>\n\t<meta name=\"twitter:label2\" content=\"Tiempo de lectura\" \/>\n\t<meta name=\"twitter:data2\" content=\"5 minutos\" \/>\n<!-- \/ Yoast SEO Premium plugin. -->","yoast_head_json":{"title":"C\u00e1lculo de cuotas obrero patronales en el SUA | Runa HR","description":"Una vez que hemos cargado los trabajadores y las incidencias del mes, estamos listos para calcular las cuotas obrero patronales en el SUA.","robots":{"index":"index","follow":"follow","max-snippet":"max-snippet:-1","max-image-preview":"max-image-preview:large","max-video-preview":"max-video-preview:-1"},"canonical":"https:\/\/runahr.com\/mx\/recursos\/nomina\/calculo-de-cuotas-obrero-patronales-en-el-sua\/","og_locale":"es_MX","og_type":"article","og_title":"C\u00e1lculo de cuotas obrero patronales en el SUA | MX | Runa HR","og_description":"Una vez que hemos cargado los trabajadores y las incidencias del mes, estamos listos para calcular las cuotas obrero patronales en el SUA.","og_url":"https:\/\/runahr.com\/mx\/recursos\/nomina\/calculo-de-cuotas-obrero-patronales-en-el-sua\/","og_site_name":"Runa HR","article_publisher":"https:\/\/www.facebook.com\/runahr\/","article_published_time":"2020-10-23T09:32:50+00:00","article_modified_time":"2026-01-19T21:13:56+00:00","og_image":[{"width":512,"height":286,"url":"https:\/\/runahr.com\/wp-content\/uploads\/2025\/04\/image-2.png","type":"image\/png"}],"author":"Siri","twitter_card":"summary_large_image","twitter_title":"C\u00e1lculo de cuotas Obrero-Patronales en el SUA | Runa HR","twitter_description":"Una vez que hemos cargado los trabajadores y las incidencias del mes a calcular. Estamos listos para calcular las cuotas obrero-patronales en el SUA.","twitter_creator":"@runahr","twitter_site":"@runahr","twitter_misc":{"Escrito por":"Siri","Tiempo de lectura":"5 minutos"},"schema":{"@context":"https:\/\/schema.org","@graph":[{"@type":"Article","@id":"https:\/\/runahr.com\/mx\/recursos\/nomina\/calculo-de-cuotas-obrero-patronales-en-el-sua\/#article","isPartOf":{"@id":"https:\/\/runahr.com\/mx\/recursos\/nomina\/calculo-de-cuotas-obrero-patronales-en-el-sua\/"},"author":{"name":"Siri","@id":"https:\/\/runahr.com\/mx\/#\/schema\/person\/5685bd5a4eeedabb2955808b2a0f22d0"},"headline":"C\u00e1lculo de cuotas obrero patronales en el SUA","datePublished":"2020-10-23T09:32:50+00:00","dateModified":"2026-01-19T21:13:56+00:00","mainEntityOfPage":{"@id":"https:\/\/runahr.com\/mx\/recursos\/nomina\/calculo-de-cuotas-obrero-patronales-en-el-sua\/"},"wordCount":362,"publisher":{"@id":"https:\/\/runahr.com\/mx\/#organization"},"image":{"@id":"https:\/\/runahr.com\/mx\/recursos\/nomina\/calculo-de-cuotas-obrero-patronales-en-el-sua\/#primaryimage"},"thumbnailUrl":"https:\/\/runahr.com\/wp-content\/uploads\/2025\/09\/Calculo-de-cuotas-obrero-patronales-en-el-SUA.svg","keywords":["Art\u00edculo","N\u00f3mina","SUA"],"articleSection":["N\u00f3mina","Recursos"],"inLanguage":"es"},{"@type":"WebPage","@id":"https:\/\/runahr.com\/mx\/recursos\/nomina\/calculo-de-cuotas-obrero-patronales-en-el-sua\/","url":"https:\/\/runahr.com\/mx\/recursos\/nomina\/calculo-de-cuotas-obrero-patronales-en-el-sua\/","name":"C\u00e1lculo de cuotas obrero patronales en el SUA | Runa HR","isPartOf":{"@id":"https:\/\/runahr.com\/mx\/#website"},"primaryImageOfPage":{"@id":"https:\/\/runahr.com\/mx\/recursos\/nomina\/calculo-de-cuotas-obrero-patronales-en-el-sua\/#primaryimage"},"image":{"@id":"https:\/\/runahr.com\/mx\/recursos\/nomina\/calculo-de-cuotas-obrero-patronales-en-el-sua\/#primaryimage"},"thumbnailUrl":"https:\/\/runahr.com\/wp-content\/uploads\/2025\/09\/Calculo-de-cuotas-obrero-patronales-en-el-SUA.svg","datePublished":"2020-10-23T09:32:50+00:00","dateModified":"2026-01-19T21:13:56+00:00","description":"Una vez que hemos cargado los trabajadores y las incidencias del mes, estamos listos para calcular las cuotas obrero patronales en el SUA.","breadcrumb":{"@id":"https:\/\/runahr.com\/mx\/recursos\/nomina\/calculo-de-cuotas-obrero-patronales-en-el-sua\/#breadcrumb"},"inLanguage":"es","potentialAction":[{"@type":"ReadAction","target":["https:\/\/runahr.com\/mx\/recursos\/nomina\/calculo-de-cuotas-obrero-patronales-en-el-sua\/"]}]},{"@type":"ImageObject","inLanguage":"es","@id":"https:\/\/runahr.com\/mx\/recursos\/nomina\/calculo-de-cuotas-obrero-patronales-en-el-sua\/#primaryimage","url":"https:\/\/runahr.com\/wp-content\/uploads\/2025\/09\/Calculo-de-cuotas-obrero-patronales-en-el-SUA.svg","contentUrl":"https:\/\/runahr.com\/wp-content\/uploads\/2025\/09\/Calculo-de-cuotas-obrero-patronales-en-el-SUA.svg","width":1090,"height":476},{"@type":"BreadcrumbList","@id":"https:\/\/runahr.com\/mx\/recursos\/nomina\/calculo-de-cuotas-obrero-patronales-en-el-sua\/#breadcrumb","itemListElement":[{"@type":"ListItem","position":1,"name":"Home","item":"https:\/\/runahr.com\/mx\/"},{"@type":"ListItem","position":2,"name":"Recursos","item":"https:\/\/runahr.com\/mx\/category\/recursos\/"},{"@type":"ListItem","position":3,"name":"N\u00f3mina","item":"https:\/\/runahr.com\/mx\/category\/recursos\/nomina\/"},{"@type":"ListItem","position":4,"name":"C\u00e1lculo de cuotas obrero patronales en el SUA"}]},{"@type":"WebSite","@id":"https:\/\/runahr.com\/mx\/#website","url":"https:\/\/runahr.com\/mx\/","name":"Runa HR","description":"Software de N\u00f3mina y Gesti\u00f3n de RRHH","publisher":{"@id":"https:\/\/runahr.com\/mx\/#organization"},"potentialAction":[{"@type":"SearchAction","target":{"@type":"EntryPoint","urlTemplate":"https:\/\/runahr.com\/mx\/?s={search_term_string}"},"query-input":{"@type":"PropertyValueSpecification","valueRequired":true,"valueName":"search_term_string"}}],"inLanguage":"es"},{"@type":"Organization","@id":"https:\/\/runahr.com\/mx\/#organization","name":"Runa HR","url":"https:\/\/runahr.com\/mx\/","logo":{"@type":"ImageObject","inLanguage":"es","@id":"https:\/\/runahr.com\/mx\/#\/schema\/logo\/image\/","url":"https:\/\/runahr.com\/wp-content\/uploads\/2018\/05\/xDzHFcQY_400x400.jpg","contentUrl":"https:\/\/runahr.com\/wp-content\/uploads\/2018\/05\/xDzHFcQY_400x400.jpg","width":400,"height":400,"caption":"Runa HR"},"image":{"@id":"https:\/\/runahr.com\/mx\/#\/schema\/logo\/image\/"},"sameAs":["https:\/\/www.facebook.com\/runahr\/","https:\/\/x.com\/runahr","https:\/\/www.instagram.com\/runahr\/","https:\/\/mx.linkedin.com\/company\/runahr","https:\/\/www.youtube.com\/channel\/UCAZ21FupFMLIb1c7PPaU6Ew"]},{"@type":"Person","@id":"https:\/\/runahr.com\/mx\/#\/schema\/person\/5685bd5a4eeedabb2955808b2a0f22d0","name":"Siri","image":{"@type":"ImageObject","inLanguage":"es","@id":"https:\/\/secure.gravatar.com\/avatar\/0ffe0cbf55a6ccfe525e633ff8ccabea24de0175991db4dfbadba6a3223571ad?s=96&d=mm&r=g","url":"https:\/\/secure.gravatar.com\/avatar\/0ffe0cbf55a6ccfe525e633ff8ccabea24de0175991db4dfbadba6a3223571ad?s=96&d=mm&r=g","contentUrl":"https:\/\/secure.gravatar.com\/avatar\/0ffe0cbf55a6ccfe525e633ff8ccabea24de0175991db4dfbadba6a3223571ad?s=96&d=mm&r=g","caption":"Siri"},"url":"https:\/\/runahr.com\/mx\/author\/siri\/"}]}},"_links":{"self":[{"href":"https:\/\/runahr.com\/mx\/wp-json\/wp\/v2\/posts\/134958","targetHints":{"allow":["GET"]}}],"collection":[{"href":"https:\/\/runahr.com\/mx\/wp-json\/wp\/v2\/posts"}],"about":[{"href":"https:\/\/runahr.com\/mx\/wp-json\/wp\/v2\/types\/post"}],"author":[{"embeddable":true,"href":"https:\/\/runahr.com\/mx\/wp-json\/wp\/v2\/users\/11"}],"replies":[{"embeddable":true,"href":"https:\/\/runahr.com\/mx\/wp-json\/wp\/v2\/comments?post=134958"}],"version-history":[{"count":0,"href":"https:\/\/runahr.com\/mx\/wp-json\/wp\/v2\/posts\/134958\/revisions"}],"wp:featuredmedia":[{"embeddable":true,"href":"https:\/\/runahr.com\/mx\/wp-json\/wp\/v2\/media\/1043109"}],"wp:attachment":[{"href":"https:\/\/runahr.com\/mx\/wp-json\/wp\/v2\/media?parent=134958"}],"wp:term":[{"taxonomy":"category","embeddable":true,"href":"https:\/\/runahr.com\/mx\/wp-json\/wp\/v2\/categories?post=134958"},{"taxonomy":"post_tag","embeddable":true,"href":"https:\/\/runahr.com\/mx\/wp-json\/wp\/v2\/tags?post=134958"}],"curies":[{"name":"wp","href":"https:\/\/api.w.org\/{rel}","templated":true}]}}