{"id":141139,"date":"2019-08-13T21:38:12","date_gmt":"2019-08-14T02:38:12","guid":{"rendered":"https:\/\/runahr.com\/?p=57287"},"modified":"2026-03-09T21:23:18","modified_gmt":"2026-03-10T03:23:18","slug":"los-mexicanos-podrian-tener-10-dias-de-vacaciones-al-ano","status":"publish","type":"post","link":"https:\/\/runahr.com\/mx\/recursos\/aspectos-legales\/los-mexicanos-podrian-tener-10-dias-de-vacaciones-al-ano\/","title":{"rendered":"Mexicanos tendr\u00edan 10 d\u00edas de vacaciones al a\u00f1o"},"content":{"rendered":"\r\n<p>Alrededor del mundo, muchos pa\u00edses no tienen establecidos d\u00edas m\u00ednimos de <a href=\"https:\/\/runahr.com\/mx\/recursos\/nomina\/vacaciones\/\">vacaciones<\/a> pagadas por ley como es el caso de Estados Unidos, Palau, Micronesia, Kiribati y Tonga. Comparados con estos, naciones como Kuwait, Reino Unido, Austria, Francia, Finlandia y Luxemburgo gozan de m\u00e1s de 25 d\u00edas de vacaciones.<\/p>\r\n<p><a href=\"https:\/\/recursos.runahr.com\/plantilla-de-control-de-vacaciones\"><img fetchpriority=\"high\" decoding=\"async\" class=\"alignnone  wp-image-1091966\" src=\"https:\/\/runahr.com\/wp-content\/uploads\/2026\/01\/CMX121-300x118.webp\" alt=\"Descargar Plantilla de control de vacaciones\" width=\"1355\" height=\"533\" srcset=\"https:\/\/runahr.com\/wp-content\/uploads\/2026\/01\/CMX121-300x118.webp 300w, https:\/\/runahr.com\/wp-content\/uploads\/2026\/01\/CMX121-1024x404.webp 1024w, https:\/\/runahr.com\/wp-content\/uploads\/2026\/01\/CMX121-768x303.webp 768w\" sizes=\"(max-width: 1355px) 100vw, 1355px\" \/><\/a><\/p>\r\n<h2>\u00bfCu\u00e1l es la situaci\u00f3n laboral y juvenil en M\u00e9xico en comparaci\u00f3n con otros pa\u00edses?<\/h2>\r\n<p>Seg\u00fan datos de la Organizaci\u00f3n para la Cooperaci\u00f3n y el Desarrollo Econ\u00f3micos (OCDE), M\u00e9xico enfrenta diversos retos en su mercado laboral. Aunque el desempleo juvenil no se encuentra entre los m\u00e1s altos del organismo, el pa\u00eds s\u00ed destaca por la cantidad de horas trabajadas al a\u00f1o. En promedio, los trabajadores mexicanos laboran alrededor de 2,200 horas anuales, una de las cifras m\u00e1s altas entre los pa\u00edses miembros de la OCDE. Esta situaci\u00f3n contrasta con pa\u00edses como Italia, donde el promedio ronda las 1,720 horas al a\u00f1o, o Alemania, donde se registran aproximadamente 1,340 horas anuales. Estos datos reflejan un panorama en el que las jornadas laborales son considerablemente m\u00e1s largas que en otras econom\u00edas desarrolladas.<\/p>\r\n<p>En otro aspecto importante, M\u00e9xico es uno de los pa\u00edses en los que est\u00e1 en crecimiento el autoempleo y la informalidad. Cabe mencionar que est\u00e1 en auge el comercio informal que en muchos casos no paga <a href=\"https:\/\/runahr.com\/mx\/recursos\/aspectos-legales\/impuestos\/\">impuestos<\/a> y opera fuera del sistema de <a href=\"https:\/\/runahr.com\/mx\/recursos\/nomina\/seguridad-social\/\">seguridad social<\/a> como salida a la creciente problem\u00e1tica de desempleo. Esta cuesti\u00f3n es muy alarmante ya que si se piensa en las nuevas corrientes que toman en cuenta temas como <a href=\"https:\/\/runahr.com\/mx\/recursos\/nomina\/desarrollo-organizacional\/\">desarrollo organizacional<\/a> y wellness laboral. Existe una prevalencia del s\u00edndrome de <a href=\"https:\/\/runahr.com\/mx\/recursos\/hr-management\/burnout\/\">burnout<\/a> y temas relacionados con el <a href=\"https:\/\/runahr.com\/mx\/recursos\/hr-management\/ausentismo-laboral\/\">ausentismo laboral<\/a> que est\u00e1n afectando a los mexicanos.<\/p>\r\n<h2>\u00bfQu\u00e9 tendencias preocupantes emergen en el panorama laboral mexicano?<\/h2>\r\n<p>En cuanto al total de horas trabajadas, Si consideramos el promedio anual de <a href=\"https:\/\/runahr.com\/mx\/recursos\/nomina\/horas-de-trabajo-en-mexico\/\">horas trabajadas en M\u00e9xico<\/a>, cercano a las 2,200 horas, se puede observar que los trabajadores mexicanos laboran el equivalente a varias semanas adicionales de trabajo al a\u00f1o en comparaci\u00f3n con el promedio de algunos pa\u00edses desarrollados.\u00a0<\/p>\r\n<h2>\u00bfQu\u00e9 propuestas legislativas se est\u00e1n considerando en M\u00e9xico?<\/h2>\r\n<p>A nivel internacional existen diferencias importantes en los periodos de descanso laboral. Por ejemplo, en Brasil los trabajadores pueden acceder a hasta 30 <a href=\"https:\/\/runahr.com\/mx\/recursos\/nomina\/vacaciones\/\">d\u00edas de vacaciones<\/a> al a\u00f1o, adem\u00e1s de 11 d\u00edas feriados oficiales. En pa\u00edses como Chile o Per\u00fa, los periodos de descanso pagado tambi\u00e9n superan los 10 d\u00edas anuales.<\/p>\r\n\r\n\r\n\r\n<p data-start=\"266\" data-end=\"688\">En los \u00faltimos a\u00f1os, el Congreso mexicano impuls\u00f3 una reforma a la Ley Federal del Trabajo para mejorar el descanso de los trabajadores. A partir de la aprobaci\u00f3n de la reforma conocida como \u201cVacaciones Dignas\u201d, el art\u00edculo 76 de la LFT establece que los empleados tienen derecho a un m\u00ednimo de 12 d\u00edas de vacaciones desde el primer a\u00f1o de trabajo, en lugar de los 6 d\u00edas que contemplaba la legislaci\u00f3n anterior. Adem\u00e1s, el periodo vacacional aumenta dos d\u00edas por cada a\u00f1o trabajado hasta llegar a 20 d\u00edas al cumplir cinco a\u00f1os en la empresa. Posteriormente, el incremento contin\u00faa de forma gradual, sumando dos d\u00edas adicionales por cada cinco a\u00f1os de servicio.<\/p>\r\n<p data-start=\"956\" data-end=\"1292\">Este cambio busca acercar a M\u00e9xico a est\u00e1ndares internacionales en materia de descanso laboral. Aun as\u00ed, pa\u00edses como Francia o Finlandia ofrecen alrededor de 30 d\u00edas de vacaciones al a\u00f1o, mientras que otras econom\u00edas como Corea del Sur o Costa Rica cuentan con al menos 15 d\u00edas de descanso anual para sus trabajadores.<\/p>\r\n<p data-start=\"1297\" data-end=\"1570\">Aunque estas reformas representan un beneficio importante para los empleados, tambi\u00e9n implican ajustes para las empresas, ya que el aumento en los d\u00edas de descanso puede traducirse en mayores costos asociados a la prima vacacional y a la planeaci\u00f3n de recursos humanos.<\/p>\r\n<p><a href=\"https:\/\/recursos.runahr.com\/formato-registro-vacaciones\"><img decoding=\"async\" class=\"alignnone  wp-image-1091910\" src=\"https:\/\/runahr.com\/wp-content\/uploads\/2026\/01\/CMX114-300x118.webp\" alt=\"Descargar Formato de registro de vacaciones\" width=\"1358\" height=\"534\" srcset=\"https:\/\/runahr.com\/wp-content\/uploads\/2026\/01\/CMX114-300x118.webp 300w, https:\/\/runahr.com\/wp-content\/uploads\/2026\/01\/CMX114-1024x404.webp 1024w, https:\/\/runahr.com\/wp-content\/uploads\/2026\/01\/CMX114-768x303.webp 768w\" sizes=\"(max-width: 1358px) 100vw, 1358px\" \/><\/a><\/p>\r\n<h2>\u00bfCu\u00e1l es el impacto en el bienestar y la productividad laboral en M\u00e9xico?<\/h2>\r\n<p>M\u00e9xico se ha quedado atr\u00e1s en las legislaciones que tienen que ver con el <a href=\"https:\/\/runahr.com\/mx\/recursos\/hr-management\/bienestar\/\">bienestar<\/a> personal de los empleados y de mejorar la <a href=\"https:\/\/runahr.com\/mx\/recursos\/hr-management\/calidad-de-vida\/\">calidad de vida<\/a> de la fuerza laboral. Ya que se est\u00e1n presentando problemas generalizados que tienen que ver con el estr\u00e9s y el d\u00e9ficit de <a href=\"https:\/\/runahr.com\/mx\/recursos\/hr-management\/productividad\/\">productividad<\/a>. Debido a que el desarrollo humano es una rama a tomar en cuenta por parte del departamento de recursos humanos. Con la finalidad de mejorar las condiciones de todos los colaboradores.<\/p>\r\n\r\n\r\n\r\n<p>Adem\u00e1s, existe una prevalencia que se encamina a aumentar el trabajo por cuenta propia. Sin ninguno de los beneficios que ofrece el sistema de <a href=\"https:\/\/runahr.com\/mx\/recursos\/nomina\/sueldos-y-salarios\/\">sueldos y salarios<\/a>. Es decir, el pago del servicio m\u00e9dico basado en las cuotas de <a href=\"https:\/\/runahr.com\/mx\/recursos\/nomina\/seguridad-social\/\">seguridad social<\/a> y de apoyo para la vivienda. Aunque las empresas recurran a la tercerizaci\u00f3n para la <a href=\"https:\/\/runahr.com\/mx\/recursos\/hr-management\/contratacion\/\">contrataci\u00f3n<\/a> y <a href=\"https:\/\/runahr.com\/mx\/recursos\/hr-management\/administracion-de-personal\/\">administraci\u00f3n de personal<\/a> deben cumplir con las leyes estipuladas ya que la subcontrataci\u00f3n de personal fue restringida en 2021, permitiendo \u00fanicamente servicios especializados. Para que se cumpla la finalidad de su creaci\u00f3n, que era a fin de cuentas reducir la cantidad de trabajo operativo sin entrar en campos de la evasi\u00f3n fiscal. Porque las actividades de este tipo afectan las cotizaciones de los empleados y su ahorro para el futuro.<\/p>\r\n\r\n\r\n\r\n<p>Es primordial reconocer las necesidades de los trabajadores como una prioridad. Temas como esquemas de trabajo equitativos que aseguren el descanso de los empleados, el disfrute del tiempo libre, horas de trabajo efectivas y menos limitantes. As\u00ed como vacaciones peri\u00f3dicas pagadas son sumamente importantes para tener una calidad de vida que priorice el bienestar.<\/p>\r\n<h2>Runa, tu aliado en la administraci\u00f3n de vacaciones al a\u00f1o<\/h2>\r\n\r\n\r\n\r\n<p>Administra tu personal en la nube, calcula realiza tu <a href=\"https:\/\/runahr.com\/mx\/recursos\/nomina\/que-es-nomina\/\">n\u00f3mina<\/a> de pago en unos cuantos clics con el sistema automatizado de Runa. Adem\u00e1s, puedes consultar el centro de recursos donde hallar\u00e1s temas de orientaci\u00f3n fiscal, webinars, podcasts y todo lo que necesites para resolver las dudas que tengas acerca de la n\u00f3mina o de recursos humanos.<\/p>\r\n<p><a href=\"https:\/\/runahr.com\/mx\/recursos\/nomina\/calculadora-prima-vacacional\/\"><img decoding=\"async\" class=\"alignnone  wp-image-1091118\" src=\"https:\/\/runahr.com\/wp-content\/uploads\/2025\/10\/CMX012-300x119.webp\" alt=\"Usar ahora calculadora de prima vacacional (en vivo)\" width=\"1354\" height=\"537\" srcset=\"https:\/\/runahr.com\/wp-content\/uploads\/2025\/10\/CMX012-300x119.webp 300w, https:\/\/runahr.com\/wp-content\/uploads\/2025\/10\/CMX012-1024x405.webp 1024w, https:\/\/runahr.com\/wp-content\/uploads\/2025\/10\/CMX012-768x304.webp 768w, https:\/\/runahr.com\/wp-content\/uploads\/2025\/10\/CMX012-1536x608.webp 1536w, https:\/\/runahr.com\/wp-content\/uploads\/2025\/10\/CMX012-2048x810.webp 2048w\" sizes=\"(max-width: 1354px) 100vw, 1354px\" \/><\/a><\/p>\r\n\r\n\r\n","protected":false},"excerpt":{"rendered":"<p>Alrededor del mundo, muchos pa\u00edses no tienen establecidos d\u00edas m\u00ednimos de vacaciones pagadas por ley como es el caso de Estados Unidos, Palau, Micronesia, Kiribati y Tonga. Comparados con estos, naciones como Kuwait, Reino Unido, Austria, Francia, Finlandia y Luxemburgo gozan de m\u00e1s de 25 d\u00edas de vacaciones. \u00bfCu\u00e1l es la situaci\u00f3n laboral y juvenil [&hellip;]<\/p>\n","protected":false},"author":2,"featured_media":1044317,"comment_status":"closed","ping_status":"closed","sticky":false,"template":"","format":"standard","meta":{"_acf_changed":false,"_wp_applaud_exclude":false,"footnotes":""},"categories":[335,190],"tags":[1297,418,347],"class_list":["post-141139","post","type-post","status-publish","format-standard","has-post-thumbnail","hentry","category-aspectos-legales","category-recursos","tag-articulo","tag-aspectos-legales","tag-vacaciones-mx"],"acf":[],"yoast_head":"<!-- This site is optimized with the Yoast SEO Premium plugin v26.1 (Yoast SEO v27.5) - https:\/\/yoast.com\/product\/yoast-seo-premium-wordpress\/ -->\n<title>Los mexicanos podr\u00edan tener 10 d\u00edas de vacaciones al a\u00f1o | Runa HR<\/title>\n<meta name=\"description\" content=\"La LFT solo contempla 6 d\u00edas de vacaciones, en la propuesta de reforma se quiere aumentar ese n\u00famero a 10 d\u00edas de vacaciones al a\u00f1o pagadas.\" \/>\n<meta name=\"robots\" content=\"index, follow, max-snippet:-1, max-image-preview:large, max-video-preview:-1\" \/>\n<link rel=\"canonical\" href=\"https:\/\/runahr.com\/mx\/recursos\/aspectos-legales\/los-mexicanos-podrian-tener-10-dias-de-vacaciones-al-ano\/\" \/>\n<meta property=\"og:locale\" content=\"es_MX\" \/>\n<meta property=\"og:type\" content=\"article\" \/>\n<meta property=\"og:title\" content=\"Mexicanos tendr\u00edan 10 d\u00edas de vacaciones al a\u00f1o | MX | Runa HR\" \/>\n<meta property=\"og:description\" content=\"La LFT solo contempla 6 d\u00edas de vacaciones, en la propuesta de reforma se quiere aumentar ese n\u00famero a 10 d\u00edas de vacaciones al a\u00f1o pagadas.\" \/>\n<meta property=\"og:url\" content=\"https:\/\/runahr.com\/mx\/recursos\/aspectos-legales\/los-mexicanos-podrian-tener-10-dias-de-vacaciones-al-ano\/\" \/>\n<meta property=\"og:site_name\" content=\"Runa HR\" \/>\n<meta property=\"article:publisher\" content=\"https:\/\/www.facebook.com\/runahr\/\" \/>\n<meta property=\"article:published_time\" content=\"2019-08-14T02:38:12+00:00\" \/>\n<meta property=\"article:modified_time\" content=\"2026-03-10T03:23:18+00:00\" \/>\n<meta property=\"og:image\" content=\"https:\/\/runahr.com\/wp-content\/uploads\/2025\/04\/image-2.png\" \/>\n\t<meta property=\"og:image:width\" content=\"512\" \/>\n\t<meta property=\"og:image:height\" content=\"286\" \/>\n\t<meta property=\"og:image:type\" content=\"image\/png\" \/>\n<meta name=\"author\" content=\"Runa HR\" \/>\n<meta name=\"twitter:card\" content=\"summary_large_image\" \/>\n<meta name=\"twitter:title\" content=\"Runa HR | Los mexicanos podr\u00edan tener 10 d\u00edas de vacaciones al a\u00f1o\" \/>\n<meta name=\"twitter:description\" content=\"La Ley Federal de trabajo solo contempla 10 d\u00edas de vacaciones, en la propuesta de reforma se quiere aumentar ese n\u00famero a 10 d\u00edas de vacaciones pagadas\" \/>\n<meta name=\"twitter:creator\" content=\"@runahr\" \/>\n<meta name=\"twitter:site\" content=\"@runahr\" \/>\n<meta name=\"twitter:label1\" content=\"Escrito por\" \/>\n\t<meta name=\"twitter:data1\" content=\"Runa HR\" \/>\n\t<meta name=\"twitter:label2\" content=\"Tiempo de lectura\" \/>\n\t<meta name=\"twitter:data2\" content=\"6 minutos\" \/>\n<!-- \/ Yoast SEO Premium plugin. -->","yoast_head_json":{"title":"Los mexicanos podr\u00edan tener 10 d\u00edas de vacaciones al a\u00f1o | Runa HR","description":"La LFT solo contempla 6 d\u00edas de vacaciones, en la propuesta de reforma se quiere aumentar ese n\u00famero a 10 d\u00edas de vacaciones al a\u00f1o pagadas.","robots":{"index":"index","follow":"follow","max-snippet":"max-snippet:-1","max-image-preview":"max-image-preview:large","max-video-preview":"max-video-preview:-1"},"canonical":"https:\/\/runahr.com\/mx\/recursos\/aspectos-legales\/los-mexicanos-podrian-tener-10-dias-de-vacaciones-al-ano\/","og_locale":"es_MX","og_type":"article","og_title":"Mexicanos tendr\u00edan 10 d\u00edas de vacaciones al a\u00f1o | MX | Runa HR","og_description":"La LFT solo contempla 6 d\u00edas de vacaciones, en la propuesta de reforma se quiere aumentar ese n\u00famero a 10 d\u00edas de vacaciones al a\u00f1o pagadas.","og_url":"https:\/\/runahr.com\/mx\/recursos\/aspectos-legales\/los-mexicanos-podrian-tener-10-dias-de-vacaciones-al-ano\/","og_site_name":"Runa HR","article_publisher":"https:\/\/www.facebook.com\/runahr\/","article_published_time":"2019-08-14T02:38:12+00:00","article_modified_time":"2026-03-10T03:23:18+00:00","og_image":[{"width":512,"height":286,"url":"https:\/\/runahr.com\/wp-content\/uploads\/2025\/04\/image-2.png","type":"image\/png"}],"author":"Runa HR","twitter_card":"summary_large_image","twitter_title":"Runa HR | Los mexicanos podr\u00edan tener 10 d\u00edas de vacaciones al a\u00f1o","twitter_description":"La Ley Federal de trabajo solo contempla 10 d\u00edas de vacaciones, en la propuesta de reforma se quiere aumentar ese n\u00famero a 10 d\u00edas de vacaciones pagadas","twitter_creator":"@runahr","twitter_site":"@runahr","twitter_misc":{"Escrito por":"Runa HR","Tiempo de lectura":"6 minutos"},"schema":{"@context":"https:\/\/schema.org","@graph":[{"@type":"Article","@id":"https:\/\/runahr.com\/mx\/recursos\/aspectos-legales\/los-mexicanos-podrian-tener-10-dias-de-vacaciones-al-ano\/#article","isPartOf":{"@id":"https:\/\/runahr.com\/mx\/recursos\/aspectos-legales\/los-mexicanos-podrian-tener-10-dias-de-vacaciones-al-ano\/"},"author":{"name":"Runa HR","@id":"https:\/\/runahr.com\/mx\/#\/schema\/person\/48bc8e24ad03cc8f426d7d8c9867bc83"},"headline":"Mexicanos tendr\u00edan 10 d\u00edas de vacaciones al a\u00f1o","datePublished":"2019-08-14T02:38:12+00:00","dateModified":"2026-03-10T03:23:18+00:00","mainEntityOfPage":{"@id":"https:\/\/runahr.com\/mx\/recursos\/aspectos-legales\/los-mexicanos-podrian-tener-10-dias-de-vacaciones-al-ano\/"},"wordCount":1028,"publisher":{"@id":"https:\/\/runahr.com\/mx\/#organization"},"image":{"@id":"https:\/\/runahr.com\/mx\/recursos\/aspectos-legales\/los-mexicanos-podrian-tener-10-dias-de-vacaciones-al-ano\/#primaryimage"},"thumbnailUrl":"https:\/\/runahr.com\/wp-content\/uploads\/2025\/09\/vacaciones-al-ano.svg","keywords":["Art\u00edculo","Aspectos Legales","Vacaciones"],"articleSection":["Aspectos legales","Recursos"],"inLanguage":"es"},{"@type":"WebPage","@id":"https:\/\/runahr.com\/mx\/recursos\/aspectos-legales\/los-mexicanos-podrian-tener-10-dias-de-vacaciones-al-ano\/","url":"https:\/\/runahr.com\/mx\/recursos\/aspectos-legales\/los-mexicanos-podrian-tener-10-dias-de-vacaciones-al-ano\/","name":"Los mexicanos podr\u00edan tener 10 d\u00edas de vacaciones al a\u00f1o | Runa HR","isPartOf":{"@id":"https:\/\/runahr.com\/mx\/#website"},"primaryImageOfPage":{"@id":"https:\/\/runahr.com\/mx\/recursos\/aspectos-legales\/los-mexicanos-podrian-tener-10-dias-de-vacaciones-al-ano\/#primaryimage"},"image":{"@id":"https:\/\/runahr.com\/mx\/recursos\/aspectos-legales\/los-mexicanos-podrian-tener-10-dias-de-vacaciones-al-ano\/#primaryimage"},"thumbnailUrl":"https:\/\/runahr.com\/wp-content\/uploads\/2025\/09\/vacaciones-al-ano.svg","datePublished":"2019-08-14T02:38:12+00:00","dateModified":"2026-03-10T03:23:18+00:00","description":"La LFT solo contempla 6 d\u00edas de vacaciones, en la propuesta de reforma se quiere aumentar ese n\u00famero a 10 d\u00edas de vacaciones al a\u00f1o pagadas.","breadcrumb":{"@id":"https:\/\/runahr.com\/mx\/recursos\/aspectos-legales\/los-mexicanos-podrian-tener-10-dias-de-vacaciones-al-ano\/#breadcrumb"},"inLanguage":"es","potentialAction":[{"@type":"ReadAction","target":["https:\/\/runahr.com\/mx\/recursos\/aspectos-legales\/los-mexicanos-podrian-tener-10-dias-de-vacaciones-al-ano\/"]}]},{"@type":"ImageObject","inLanguage":"es","@id":"https:\/\/runahr.com\/mx\/recursos\/aspectos-legales\/los-mexicanos-podrian-tener-10-dias-de-vacaciones-al-ano\/#primaryimage","url":"https:\/\/runahr.com\/wp-content\/uploads\/2025\/09\/vacaciones-al-ano.svg","contentUrl":"https:\/\/runahr.com\/wp-content\/uploads\/2025\/09\/vacaciones-al-ano.svg","width":1090,"height":440},{"@type":"BreadcrumbList","@id":"https:\/\/runahr.com\/mx\/recursos\/aspectos-legales\/los-mexicanos-podrian-tener-10-dias-de-vacaciones-al-ano\/#breadcrumb","itemListElement":[{"@type":"ListItem","position":1,"name":"Home","item":"https:\/\/runahr.com\/mx\/"},{"@type":"ListItem","position":2,"name":"Recursos","item":"https:\/\/runahr.com\/mx\/category\/recursos\/"},{"@type":"ListItem","position":3,"name":"Aspectos legales","item":"https:\/\/runahr.com\/mx\/category\/recursos\/aspectos-legales\/"},{"@type":"ListItem","position":4,"name":"Mexicanos tendr\u00edan 10 d\u00edas de vacaciones al a\u00f1o"}]},{"@type":"WebSite","@id":"https:\/\/runahr.com\/mx\/#website","url":"https:\/\/runahr.com\/mx\/","name":"Runa HR","description":"Software de N\u00f3mina y Gesti\u00f3n de RRHH","publisher":{"@id":"https:\/\/runahr.com\/mx\/#organization"},"potentialAction":[{"@type":"SearchAction","target":{"@type":"EntryPoint","urlTemplate":"https:\/\/runahr.com\/mx\/?s={search_term_string}"},"query-input":{"@type":"PropertyValueSpecification","valueRequired":true,"valueName":"search_term_string"}}],"inLanguage":"es"},{"@type":"Organization","@id":"https:\/\/runahr.com\/mx\/#organization","name":"Runa HR","url":"https:\/\/runahr.com\/mx\/","logo":{"@type":"ImageObject","inLanguage":"es","@id":"https:\/\/runahr.com\/mx\/#\/schema\/logo\/image\/","url":"https:\/\/runahr.com\/wp-content\/uploads\/2018\/05\/xDzHFcQY_400x400.jpg","contentUrl":"https:\/\/runahr.com\/wp-content\/uploads\/2018\/05\/xDzHFcQY_400x400.jpg","width":400,"height":400,"caption":"Runa HR"},"image":{"@id":"https:\/\/runahr.com\/mx\/#\/schema\/logo\/image\/"},"sameAs":["https:\/\/www.facebook.com\/runahr\/","https:\/\/x.com\/runahr","https:\/\/www.instagram.com\/runahr\/","https:\/\/mx.linkedin.com\/company\/runahr","https:\/\/www.youtube.com\/channel\/UCAZ21FupFMLIb1c7PPaU6Ew"]},{"@type":"Person","@id":"https:\/\/runahr.com\/mx\/#\/schema\/person\/48bc8e24ad03cc8f426d7d8c9867bc83","name":"Runa HR","image":{"@type":"ImageObject","inLanguage":"es","@id":"https:\/\/secure.gravatar.com\/avatar\/0f5e3da5817edb54f2baf42e521fcc5bf236eed18b9dca62e6fa95f35ad83b5a?s=96&d=mm&r=g","url":"https:\/\/secure.gravatar.com\/avatar\/0f5e3da5817edb54f2baf42e521fcc5bf236eed18b9dca62e6fa95f35ad83b5a?s=96&d=mm&r=g","contentUrl":"https:\/\/secure.gravatar.com\/avatar\/0f5e3da5817edb54f2baf42e521fcc5bf236eed18b9dca62e6fa95f35ad83b5a?s=96&d=mm&r=g","caption":"Runa HR"},"sameAs":["https:\/\/runahr.com"],"url":"https:\/\/runahr.com\/mx\/author\/runahr\/"}]}},"_links":{"self":[{"href":"https:\/\/runahr.com\/mx\/wp-json\/wp\/v2\/posts\/141139","targetHints":{"allow":["GET"]}}],"collection":[{"href":"https:\/\/runahr.com\/mx\/wp-json\/wp\/v2\/posts"}],"about":[{"href":"https:\/\/runahr.com\/mx\/wp-json\/wp\/v2\/types\/post"}],"author":[{"embeddable":true,"href":"https:\/\/runahr.com\/mx\/wp-json\/wp\/v2\/users\/2"}],"replies":[{"embeddable":true,"href":"https:\/\/runahr.com\/mx\/wp-json\/wp\/v2\/comments?post=141139"}],"version-history":[{"count":0,"href":"https:\/\/runahr.com\/mx\/wp-json\/wp\/v2\/posts\/141139\/revisions"}],"wp:featuredmedia":[{"embeddable":true,"href":"https:\/\/runahr.com\/mx\/wp-json\/wp\/v2\/media\/1044317"}],"wp:attachment":[{"href":"https:\/\/runahr.com\/mx\/wp-json\/wp\/v2\/media?parent=141139"}],"wp:term":[{"taxonomy":"category","embeddable":true,"href":"https:\/\/runahr.com\/mx\/wp-json\/wp\/v2\/categories?post=141139"},{"taxonomy":"post_tag","embeddable":true,"href":"https:\/\/runahr.com\/mx\/wp-json\/wp\/v2\/tags?post=141139"}],"curies":[{"name":"wp","href":"https:\/\/api.w.org\/{rel}","templated":true}]}}