{"id":210956,"date":"2020-12-14T20:40:26","date_gmt":"2020-12-15T02:40:26","guid":{"rendered":"https:\/\/runahr.com\/?p=210956"},"modified":"2026-02-13T17:39:08","modified_gmt":"2026-02-13T23:39:08","slug":"el-covid-popularizo-el-trabajo-freelance","status":"publish","type":"post","link":"https:\/\/runahr.com\/mx\/recursos\/hr-management\/el-covid-popularizo-el-trabajo-freelance\/","title":{"rendered":"\u00bfEl COVID populariz\u00f3 el trabajo freelance?"},"content":{"rendered":"\r\n<p>Lo que cre\u00edamos que ser\u00eda adoptado en el mundo laboral en los pr\u00f3ximos a\u00f1os sin duda ha llegado para establecerse de forma inmediata debido a la pandemia por COVID-19. El trabajo freelance se ha vuelto la opci\u00f3n m\u00e1s viable para muchos colaboradores. Los cambios que se pronosticaban empezar\u00edan a tomar auge dentro de los pr\u00f3ximos a\u00f1os han sucedido en tan solo pocos meses. Si bien el futuro es ahora y pese a que la mayor\u00eda de los cambios no ha sido lo que todos esperaban para la mayor\u00eda, no han quedado m\u00e1s opciones que acoplarse e intentar hacerle frente a los nuevos cambios y adaptarse.<\/p>\r\n<p><a href=\"https:\/\/runahr.com\/mx\/recursos\/aspectos-legales\/teletrabajo-en-mexico\/\"><img fetchpriority=\"high\" decoding=\"async\" class=\"alignnone  wp-image-1093673\" src=\"https:\/\/runahr.com\/wp-content\/uploads\/2026\/01\/CMX329-300x119.webp\" alt=\"Ver ahora Webinar: Teletrabajo en M\u00e9xico\" width=\"913\" height=\"362\" srcset=\"https:\/\/runahr.com\/wp-content\/uploads\/2026\/01\/CMX329-300x119.webp 300w, https:\/\/runahr.com\/wp-content\/uploads\/2026\/01\/CMX329-1024x405.webp 1024w, https:\/\/runahr.com\/wp-content\/uploads\/2026\/01\/CMX329-768x304.webp 768w, https:\/\/runahr.com\/wp-content\/uploads\/2026\/01\/CMX329-1536x607.webp 1536w, https:\/\/runahr.com\/wp-content\/uploads\/2026\/01\/CMX329-2048x809.webp 2048w\" sizes=\"(max-width: 913px) 100vw, 913px\" \/><\/a><\/p>\r\n\r\n\r\n\r\n<h2 class=\"wp-block-heading\">\u00bfQu\u00e9 es lo que est\u00e1 sucediendo?<\/h2>\r\n\r\n\r\n\r\n<p>El Coronavirus sin lugar a dudas ha sido un parte aguas importante en la generaci\u00f3n de nuevos cambios y en el establecimiento de diversas formas de <a href=\"https:\/\/runahr.com\/mx\/recursos\/hr-management\/trabajo\/\">trabajo<\/a>. Siendo el <a href=\"https:\/\/runahr.com\/mx\/recursos\/hr-management\/trabajo-remoto\/\">trabajo remoto<\/a> la principal medida que se ha optado y con ello los cambios de establecer las relaciones entre las empresas y los colaboradores. Dejando de lado los trabajos de forma permanente y abriendo paso a las contrataciones espor\u00e1dicas. Mediante contratos a plazo definido, el autoempleo y adem\u00e1s la perdida de <a href=\"https:\/\/runahr.com\/mx\/recursos\/hr-management\/prestaciones\/\">prestaciones<\/a> o <a href=\"https:\/\/runahr.com\/mx\/recursos\/nomina\/beneficios\/\">beneficios<\/a> que trae consigo el trabajo de forma permanente.\u00a0<\/p>\r\n\r\n\r\n\r\n<p>Lo cual se puede percibir en el aumento de personas que trabajan por cuenta propia y es que en los \u00faltimos 12 meses los profesionales que se han registrado en plataformas de trabajo independiente han ido en aumento en relaci\u00f3n con el a\u00f1o anterior siendo un 36% m\u00e1s de personas activas ejerciendo un trabajo de forma aut\u00f3noma, esto seg\u00fan los resultados del estudio que realiz\u00f3 la plataforma de Upwork.<\/p>\r\n\r\n\r\n\r\n<p>Sin embargo, previo a la pandemia y con un <a href=\"https:\/\/runahr.com\/mx\/recursos\/hr-management\/mercado-laboral\/\">mercado laboral<\/a> estable, muchos profesionales ya estaban optando por estas medidas laborales. Sum\u00e1ndose a las filas de los freelancers debido a la gran <a href=\"https:\/\/runahr.com\/mx\/recursos\/hr-management\/flexibilidad\/\">flexibilidad<\/a> en los horarios, la comodidad de trabajar desde casa o cualquier lugar. Y los beneficios que percib\u00edan de trabajar de forma aut\u00f3noma mediante un contrato.<\/p>\r\n<h3>El otro lado de la balanza<\/h3>\r\n\r\n\r\n\r\n<p>Ahora con los cambios que han surgido en la pandemia y la econom\u00eda tan vol\u00e1til, diversas empresas han optado por terminar las relaciones laborales con muchos de sus colaboradores de base. Y han empezado a optar por la <a href=\"https:\/\/runahr.com\/mx\/recursos\/hr-management\/contratacion\/\">contrataci\u00f3n<\/a> de profesionales independientes. Lo cual se ha visto reflejado en el aumento de trabajadores independientes. No por los beneficios o deseos de sumarse al trabajo de forma aut\u00f3noma sino por necesidad de salir a delante y cubrir sus compromisos.<\/p>\r\n\r\n\r\n\r\n<p>Tal es el caso de muchos profesionales que han perdido sus trabajos permanentes y se han sumado a las diversas plataformas de trabajo aut\u00f3nomo. Que en medio de esta pandemia se han convertido en freelancers, renunciando a los beneficios, seguro y la estabilidad de un sueldo permanente y fijo, recibiendo trabajos espor\u00e1dicos o por contrato, con ingresos impredecibles pero optando y acopl\u00e1ndose a esta forma de trabajo como un medio de supervivencia para salir a flote en esta situaci\u00f3n.<\/p>\r\n\r\n\r\n\r\n<p>Si bien podemos decir que el COVID ha popularizado el trabajo de forma aut\u00f3noma, es importante mencionar que no todos los profesionales que se han sumado a las filas de los Freelancers lo han hecho por gusto o preferencia. Sino \u00fanicamente como un medio de supervivencia. Viendo estos trabajos como algo temporal y con la esperanza de que en un futuro el panorama sea mucho mejor. Y volverse a sumar a las filas de colaboradores de alguna empresa en donde puedan recibir todos los beneficios que para ellos son necesarios. Ya sea un sueldo y horario fijo as\u00ed como todas las prestaciones que establece la ley, <a href=\"https:\/\/runahr.com\/mx\/recursos\/aspectos-legales\/seguro-social\/\">seguro social<\/a>, antig\u00fcedad, entre otros.<\/p>\r\n<p><a href=\"https:\/\/runahr.com\/mx\/recursos\/hr-management\/productividad-durante-y-despues-de-la-contingencia\/\"><img decoding=\"async\" class=\"alignnone  wp-image-1093537\" src=\"https:\/\/runahr.com\/wp-content\/uploads\/2026\/01\/CMX316-300x119.webp\" alt=\"Ver ahora Webinar: Productividad durante y despu\u00e9s de la contingencia\" width=\"913\" height=\"362\" srcset=\"https:\/\/runahr.com\/wp-content\/uploads\/2026\/01\/CMX316-300x119.webp 300w, https:\/\/runahr.com\/wp-content\/uploads\/2026\/01\/CMX316-1024x405.webp 1024w, https:\/\/runahr.com\/wp-content\/uploads\/2026\/01\/CMX316-768x304.webp 768w, https:\/\/runahr.com\/wp-content\/uploads\/2026\/01\/CMX316-1536x607.webp 1536w, https:\/\/runahr.com\/wp-content\/uploads\/2026\/01\/CMX316-2048x809.webp 2048w\" sizes=\"(max-width: 913px) 100vw, 913px\" \/><\/a><\/p>\r\n\r\n\r\n\r\n<h2 class=\"wp-block-heading\">\u00bfQu\u00e9 hay de los freelancers?<\/h2>\r\n\r\n\r\n\r\n<p>El trabajo por cuenta propia puede ser una gran fuente de ingresos o no. Es muy simple. De momento con todo lo que est\u00e1 ocurriendo para las empresas, se ha convertido en una alternativa muy viable para poder romper lazos permanentes y contratar profesionales con la m\u00ednima inversi\u00f3n y escasos lazos laborales con los colaboradores. Mientras que para los freelance el futuro puede ser igual de incierto que el panorama que estamos experimentando. Debido a que la demanda de trabajadores aut\u00f3nomos no es permanente por consiguiente muy variable, los sueldos son poco certeros al igual que los beneficios.\u00a0<\/p>\r\n\r\n\r\n\r\n<p>Ya que solo ciertas ocupaciones han ido a la alza en cuanto a demanda. Y en relaci\u00f3n con el a\u00f1o anterior los empleos temporales aumentaron del 24% al 34%. Sin embargo, esto no significa que todo tipo de profesionales est\u00e9n siendo buscados o haya vacantes disponibles para ellos. Solo ciertas profesiones que han cambiado. Un ejemplo de ello est\u00e1 en los trabajos temporales en lo que respecta a las comunicaciones. Que previo al COVID oscilaban entre un 12%, pero para el mes de abril la demanda de este tipo de profesionales hab\u00eda aumentado hasta un 44%. Siendo los trabajos de publicidad, marketing e incluso de <a href=\"https:\/\/runahr.com\/mx\/recursos\/hr-management\/recursos-humanos-en-una-empresa\/\">recursos humanos<\/a> una alternativa de trabajo temporal para los profesionales aut\u00f3nomos o freelancers.<\/p>\r\n<h2>Futuro del trabajo freelance post COVID<\/h2>\r\n\r\n\r\n\r\n<p>El\u00a0 trabajo freelance efectivamente se ha hecho m\u00e1s popular a ra\u00edz del COVID. Se puede decir que parte importante de estos cambios es la econom\u00eda tan poco estable, las perspectivas y el panorama que se ha convertido en muy incierto. Adem\u00e1s las empresas se muestran muy poco convencidas de sumar a sus filas o contratar trabajadores de forma permanente. Debido a que eso representa un ahorro para ellos\u00a0 y en su mayor\u00eda los trabajadores contratados pueden ejercer todo de forma remota.<\/p>\r\n<p>Muchos han pronosticado que para el futuro el trabajo freelance sea una alternativa establecida en el mercado laboral de forma permanente. Que se mantenga constante y muchos profesionales m\u00e1s se sumen a esta opci\u00f3n de laboral. No por la necesidad sino por gusto y todos los beneficios que perciben de trabajar de forma aut\u00f3noma. Sin lugar a dudas lo que se ten\u00eda pensado para el futuro en el mercado laboral se ha establecido mucho antes gracias al COVID.<\/p>\r\n<p><a href=\"https:\/\/recursos.runahr.com\/el-futuro-del-trabajo-en-america-latina\"><img decoding=\"async\" class=\"alignnone  wp-image-1091230\" src=\"https:\/\/runahr.com\/wp-content\/uploads\/2026\/01\/CMX021-300x119.webp\" alt=\"Descargar futuro del trabajo en Am\u00e9rica Latina\" width=\"910\" height=\"361\" srcset=\"https:\/\/runahr.com\/wp-content\/uploads\/2026\/01\/CMX021-300x119.webp 300w, https:\/\/runahr.com\/wp-content\/uploads\/2026\/01\/CMX021-1024x406.webp 1024w, https:\/\/runahr.com\/wp-content\/uploads\/2026\/01\/CMX021-768x304.webp 768w, https:\/\/runahr.com\/wp-content\/uploads\/2026\/01\/CMX021-1536x608.webp 1536w, https:\/\/runahr.com\/wp-content\/uploads\/2026\/01\/CMX021-2048x811.webp 2048w\" sizes=\"(max-width: 910px) 100vw, 910px\" \/><\/a><\/p>\r\n<h2>Preguntas frecuentes<\/h2>\r\n<h4><b>\u00bfC\u00f3mo se ve afectado el c\u00e1lculo de salario neto y bruto en el trabajo freelance tras el COVID?<\/b><\/h4>\r\n<p><span>Con el aumento del <\/span><a href=\"https:\/\/runahr.com\/mx\/recursos\/hr-management\/trabajo-freelance\/\"><span>trabajo freelance<\/span><\/a><span>, muchos profesionales ahora negocian sus ingresos <\/span><a href=\"https:\/\/runahr.com\/mx\/recursos\/nomina\/calculadora-salario-neto-o-bruto\/\"><span>bruto a neto<\/span><\/a><span> directamente. A diferencia de un empleo tradicional, los freelancers deben considerar sus propias retenciones y aportaciones, lo que cambia por completo el c\u00e1lculo de su salario neto y bruto.<\/span><\/p>\r\n<h4><b>\u00bfLos freelancers tienen derecho a aguinaldo tras el COVID y el auge del freelance?<\/b><\/h4>\r\n<p><span>No autom\u00e1ticamente. El <\/span><a href=\"https:\/\/runahr.com\/mx\/recursos\/nomina\/aguinaldo\/\"><span>aguinaldo<\/span><\/a><span> es una prestaci\u00f3n obligatoria solo bajo <\/span><a href=\"https:\/\/runahr.com\/mx\/recursos\/hr-management\/relacion-laboral\/\"><span>relaci\u00f3n laboral<\/span><\/a><span> formal. Sin embargo, si un freelance firma <\/span><span>contrato<\/span><span> como empleado eventual, puede tener derecho. Para calcularlo, nuestra <\/span><a href=\"https:\/\/runahr.com\/mx\/recursos\/nomina\/calculadora-aguinaldo\/\"><span>calculadora de aguinaldo<\/span><\/a><span> puede ayudarte a estimar el monto seg\u00fan los d\u00edas trabajados.<\/span><\/p>\r\n<h4><b>\u00bfQu\u00e9 pasa con el finiquito si un freelance termina una relaci\u00f3n de trabajo despu\u00e9s del COVID?<\/b><\/h4>\r\n<p><span>Si hay contrato con dependencia laboral, s\u00ed corresponde <\/span><a href=\"https:\/\/runahr.com\/mx\/recursos\/nomina\/finiquito\/\"><span>finiquito<\/span><\/a><span>. En la era post-COVID, muchas empresas optan por contratar freelancers con acuerdos m\u00e1s flexibles, pero cuando hay subordinaci\u00f3n, el pago debe incluir lo correspondiente. Puedes estimarlo con nuestra <\/span><a href=\"https:\/\/runahr.com\/mx\/recursos\/nomina\/calculadora-finiquito\/\"><span>calculadora de finiquito<\/span><\/a><span>.<\/span><\/p>\r\n<h4><b>\u00bfSe puede hablar de liquidaci\u00f3n en freelancers tras el cambio que trajo el COVID?<\/b><\/h4>\r\n<p><span>Por lo general, la <\/span><a href=\"https:\/\/runahr.com\/mx\/recursos\/nomina\/liquidacion\/\"><span>liquidaci\u00f3n<\/span><\/a><span> no aplica en esquemas freelance. Pero si se comprueba relaci\u00f3n laboral formal y hay <\/span><span><a href=\"https:\/\/runahr.com\/mx\/recursos\/aspectos-legales\/despido\/\">despido<\/a> sin causa<\/span><span>, el <\/span><a href=\"https:\/\/runahr.com\/mx\/recursos\/hr-management\/trabajador\/\"><span>trabajador<\/span><\/a><span> puede reclamarla. Aqu\u00ed una <\/span><a href=\"https:\/\/runahr.com\/mx\/recursos\/nomina\/calculadora-liquidacion\"><span>calculadora liquidaci\u00f3n<\/span><\/a><span> ayuda a entender si el monto es justo seg\u00fan lo que establece la ley.<\/span><\/p>\r\n<h4><b>\u00bfLa prima vacacional sigue siendo un derecho para quienes trabajan freelance post-COVID?<\/b><\/h4>\r\n<p><span>Solo cuando hay <a href=\"https:\/\/runahr.com\/mx\/recursos\/nomina\/cuales-son-los-tipos-de-contratos-laborales-en-mexico\/\">contrato laboral<\/a>. En esquemas de servicios independientes no aplica. La <\/span><a href=\"https:\/\/runahr.com\/mx\/recursos\/nomina\/prima-vacacional\/\"><span>prima vacacional<\/span><\/a><span> forma parte del paquete de prestaciones de la <\/span><a href=\"https:\/\/runahr.com\/mx\/recursos\/aspectos-legales\/ley-federal-del-trabajo-lft\/\"><span>LFT<\/span><\/a><span>. Para quienes s\u00ed tienen contrato, una <\/span><a href=\"https:\/\/runahr.com\/mx\/recursos\/nomina\/calculadora-prima-vacacional\/\"><span>calculadora de prima vacacional<\/span><\/a><span> puede ser \u00fatil para conocer lo que corresponde.<\/span><\/p>\r\n<h4><b>\u00bfC\u00f3mo aplica la NOM 035 al trabajo freelance surgido tras el COVID?<\/b><\/h4>\r\n<p><span>La <\/span><a href=\"https:\/\/runahr.com\/mx\/recursos\/aspectos-legales\/nom-035\/\"><span>NOM 035<\/span><\/a><span> regula los <\/span><a href=\"https:\/\/runahr.com\/mx\/recursos\/aspectos-legales\/factores-de-riesgo-psicosocial\/\"><span>factores de riesgo psicosocial<\/span><\/a><span> en entornos laborales. Aunque no aplica de forma directa al freelance, las empresas que trabajan con equipos h\u00edbridos deben cuidar que no haya <\/span><span>cargas<\/span><span> excesivas ni aislamiento laboral, incluso con prestadores de servicios externos.<\/span><\/p>\r\n<h4><b>\u00bfC\u00f3mo se adapta el organigrama empresarial al aumento de freelancers desde el COVID?<\/b><\/h4>\r\n<p><span>El modelo freelance ha empujado a muchas empresas a repensar su <\/span><a href=\"https:\/\/runahr.com\/mx\/recursos\/hr-management\/organigrama\/\"><span>organigrama<\/span><\/a><span>. Ya no se trata solo de puestos internos, sino tambi\u00e9n de roles externos clave. Esto obliga a redefinir flujos, responsabilidades y estructuras de reporte, incluso en \u00e1reas como <\/span><a href=\"https:\/\/runahr.com\/mx\/recursos\/hr-management\/recursos-humanos-en-una-empresa\/\"><span>recursos humanos<\/span><\/a><span> y <\/span><a href=\"https:\/\/runahr.com\/mx\/recursos\/nomina\/que-es-nomina\/\"><span>n\u00f3mina<\/span><\/a><span>.<\/span>\u00a0<\/p>\r\n","protected":false},"excerpt":{"rendered":"<p>Lo que cre\u00edamos que ser\u00eda adoptado en el mundo laboral en los pr\u00f3ximos a\u00f1os sin duda ha llegado para establecerse de forma inmediata debido a la pandemia por COVID-19. El trabajo freelance se ha vuelto la opci\u00f3n m\u00e1s viable para muchos colaboradores. Los cambios que se pronosticaban empezar\u00edan a tomar auge dentro de los pr\u00f3ximos [&hellip;]<\/p>\n","protected":false},"author":2,"featured_media":1076977,"comment_status":"closed","ping_status":"closed","sticky":false,"template":"","format":"standard","meta":{"_acf_changed":false,"_wp_applaud_exclude":false,"footnotes":""},"categories":[189,190],"tags":[1297,834],"class_list":["post-210956","post","type-post","status-publish","format-standard","has-post-thumbnail","hentry","category-hr-management","category-recursos","tag-articulo","tag-hr-management"],"acf":[],"yoast_head":"<!-- This site is optimized with the Yoast SEO Premium plugin v26.1 (Yoast SEO v27.4) - https:\/\/yoast.com\/product\/yoast-seo-premium-wordpress\/ -->\n<title>\u00bfEl COVID populariz\u00f3 el trabajo freelance? | MX | Runa HR<\/title>\n<meta name=\"description\" content=\"Descubre c\u00f3mo la pandemia aceler\u00f3 la adopci\u00f3n del trabajo freelance, sus retos y oportunidades para empresas y colaboradores.\" \/>\n<meta name=\"robots\" content=\"index, follow, max-snippet:-1, max-image-preview:large, max-video-preview:-1\" \/>\n<link rel=\"canonical\" href=\"https:\/\/runahr.com\/mx\/recursos\/hr-management\/el-covid-popularizo-el-trabajo-freelance\/\" \/>\n<meta property=\"og:locale\" content=\"es_MX\" \/>\n<meta property=\"og:type\" content=\"article\" \/>\n<meta property=\"og:title\" content=\"\u00bfEl COVID populariz\u00f3 el trabajo freelance? | MX | Runa HR\" \/>\n<meta property=\"og:description\" content=\"Descubre c\u00f3mo la pandemia aceler\u00f3 la adopci\u00f3n del trabajo freelance, sus retos y oportunidades para empresas y colaboradores.\" \/>\n<meta property=\"og:url\" content=\"https:\/\/runahr.com\/mx\/recursos\/hr-management\/el-covid-popularizo-el-trabajo-freelance\/\" \/>\n<meta property=\"og:site_name\" content=\"Runa HR\" \/>\n<meta property=\"article:publisher\" content=\"https:\/\/www.facebook.com\/runahr\/\" \/>\n<meta property=\"article:published_time\" content=\"2020-12-15T02:40:26+00:00\" \/>\n<meta property=\"article:modified_time\" content=\"2026-02-13T23:39:08+00:00\" \/>\n<meta property=\"og:image\" content=\"https:\/\/runahr.com\/wp-content\/uploads\/2020\/12\/\u00bfEl-COVID-popularizo-el-trabajo-freelance.png\" \/>\n\t<meta property=\"og:image:width\" content=\"2180\" \/>\n\t<meta property=\"og:image:height\" content=\"880\" \/>\n\t<meta property=\"og:image:type\" content=\"image\/png\" \/>\n<meta name=\"author\" content=\"Runa HR\" \/>\n<meta name=\"twitter:card\" content=\"summary_large_image\" \/>\n<meta name=\"twitter:creator\" content=\"@runahr\" \/>\n<meta name=\"twitter:site\" content=\"@runahr\" \/>\n<meta name=\"twitter:label1\" content=\"Escrito por\" \/>\n\t<meta name=\"twitter:data1\" content=\"Runa HR\" \/>\n\t<meta name=\"twitter:label2\" content=\"Tiempo de lectura\" \/>\n\t<meta name=\"twitter:data2\" content=\"8 minutos\" \/>\n<!-- \/ Yoast SEO Premium plugin. -->","yoast_head_json":{"title":"\u00bfEl COVID populariz\u00f3 el trabajo freelance? | MX | Runa HR","description":"Descubre c\u00f3mo la pandemia aceler\u00f3 la adopci\u00f3n del trabajo freelance, sus retos y oportunidades para empresas y colaboradores.","robots":{"index":"index","follow":"follow","max-snippet":"max-snippet:-1","max-image-preview":"max-image-preview:large","max-video-preview":"max-video-preview:-1"},"canonical":"https:\/\/runahr.com\/mx\/recursos\/hr-management\/el-covid-popularizo-el-trabajo-freelance\/","og_locale":"es_MX","og_type":"article","og_title":"\u00bfEl COVID populariz\u00f3 el trabajo freelance? | MX | Runa HR","og_description":"Descubre c\u00f3mo la pandemia aceler\u00f3 la adopci\u00f3n del trabajo freelance, sus retos y oportunidades para empresas y colaboradores.","og_url":"https:\/\/runahr.com\/mx\/recursos\/hr-management\/el-covid-popularizo-el-trabajo-freelance\/","og_site_name":"Runa HR","article_publisher":"https:\/\/www.facebook.com\/runahr\/","article_published_time":"2020-12-15T02:40:26+00:00","article_modified_time":"2026-02-13T23:39:08+00:00","og_image":[{"width":2180,"height":880,"url":"https:\/\/runahr.com\/wp-content\/uploads\/2020\/12\/\u00bfEl-COVID-popularizo-el-trabajo-freelance.png","type":"image\/png"}],"author":"Runa HR","twitter_card":"summary_large_image","twitter_creator":"@runahr","twitter_site":"@runahr","twitter_misc":{"Escrito por":"Runa HR","Tiempo de lectura":"8 minutos"},"schema":{"@context":"https:\/\/schema.org","@graph":[{"@type":"Article","@id":"https:\/\/runahr.com\/mx\/recursos\/hr-management\/el-covid-popularizo-el-trabajo-freelance\/#article","isPartOf":{"@id":"https:\/\/runahr.com\/mx\/recursos\/hr-management\/el-covid-popularizo-el-trabajo-freelance\/"},"author":{"name":"Runa HR","@id":"https:\/\/runahr.com\/mx\/#\/schema\/person\/48bc8e24ad03cc8f426d7d8c9867bc83"},"headline":"\u00bfEl COVID populariz\u00f3 el trabajo freelance?","datePublished":"2020-12-15T02:40:26+00:00","dateModified":"2026-02-13T23:39:08+00:00","mainEntityOfPage":{"@id":"https:\/\/runahr.com\/mx\/recursos\/hr-management\/el-covid-popularizo-el-trabajo-freelance\/"},"wordCount":1459,"publisher":{"@id":"https:\/\/runahr.com\/mx\/#organization"},"image":{"@id":"https:\/\/runahr.com\/mx\/recursos\/hr-management\/el-covid-popularizo-el-trabajo-freelance\/#primaryimage"},"thumbnailUrl":"https:\/\/runahr.com\/wp-content\/uploads\/2020\/12\/\u00bfEl-COVID-popularizo-el-trabajo-freelance.png","keywords":["Art\u00edculo","HR Management"],"articleSection":["HR Management","Recursos"],"inLanguage":"es"},{"@type":"WebPage","@id":"https:\/\/runahr.com\/mx\/recursos\/hr-management\/el-covid-popularizo-el-trabajo-freelance\/","url":"https:\/\/runahr.com\/mx\/recursos\/hr-management\/el-covid-popularizo-el-trabajo-freelance\/","name":"\u00bfEl COVID populariz\u00f3 el trabajo freelance? | MX | Runa HR","isPartOf":{"@id":"https:\/\/runahr.com\/mx\/#website"},"primaryImageOfPage":{"@id":"https:\/\/runahr.com\/mx\/recursos\/hr-management\/el-covid-popularizo-el-trabajo-freelance\/#primaryimage"},"image":{"@id":"https:\/\/runahr.com\/mx\/recursos\/hr-management\/el-covid-popularizo-el-trabajo-freelance\/#primaryimage"},"thumbnailUrl":"https:\/\/runahr.com\/wp-content\/uploads\/2020\/12\/\u00bfEl-COVID-popularizo-el-trabajo-freelance.png","datePublished":"2020-12-15T02:40:26+00:00","dateModified":"2026-02-13T23:39:08+00:00","description":"Descubre c\u00f3mo la pandemia aceler\u00f3 la adopci\u00f3n del trabajo freelance, sus retos y oportunidades para empresas y colaboradores.","breadcrumb":{"@id":"https:\/\/runahr.com\/mx\/recursos\/hr-management\/el-covid-popularizo-el-trabajo-freelance\/#breadcrumb"},"inLanguage":"es","potentialAction":[{"@type":"ReadAction","target":["https:\/\/runahr.com\/mx\/recursos\/hr-management\/el-covid-popularizo-el-trabajo-freelance\/"]}]},{"@type":"ImageObject","inLanguage":"es","@id":"https:\/\/runahr.com\/mx\/recursos\/hr-management\/el-covid-popularizo-el-trabajo-freelance\/#primaryimage","url":"https:\/\/runahr.com\/wp-content\/uploads\/2020\/12\/\u00bfEl-COVID-popularizo-el-trabajo-freelance.png","contentUrl":"https:\/\/runahr.com\/wp-content\/uploads\/2020\/12\/\u00bfEl-COVID-popularizo-el-trabajo-freelance.png","width":2180,"height":880,"caption":"Trabajador freelance por covid"},{"@type":"BreadcrumbList","@id":"https:\/\/runahr.com\/mx\/recursos\/hr-management\/el-covid-popularizo-el-trabajo-freelance\/#breadcrumb","itemListElement":[{"@type":"ListItem","position":1,"name":"Home","item":"https:\/\/runahr.com\/mx\/"},{"@type":"ListItem","position":2,"name":"Recursos","item":"https:\/\/runahr.com\/mx\/category\/recursos\/"},{"@type":"ListItem","position":3,"name":"HR Management","item":"https:\/\/runahr.com\/mx\/category\/recursos\/hr-management\/"},{"@type":"ListItem","position":4,"name":"\u00bfEl COVID populariz\u00f3 el trabajo freelance?"}]},{"@type":"WebSite","@id":"https:\/\/runahr.com\/mx\/#website","url":"https:\/\/runahr.com\/mx\/","name":"Runa HR","description":"Software de N\u00f3mina y Gesti\u00f3n de RRHH","publisher":{"@id":"https:\/\/runahr.com\/mx\/#organization"},"potentialAction":[{"@type":"SearchAction","target":{"@type":"EntryPoint","urlTemplate":"https:\/\/runahr.com\/mx\/?s={search_term_string}"},"query-input":{"@type":"PropertyValueSpecification","valueRequired":true,"valueName":"search_term_string"}}],"inLanguage":"es"},{"@type":"Organization","@id":"https:\/\/runahr.com\/mx\/#organization","name":"Runa HR","url":"https:\/\/runahr.com\/mx\/","logo":{"@type":"ImageObject","inLanguage":"es","@id":"https:\/\/runahr.com\/mx\/#\/schema\/logo\/image\/","url":"https:\/\/runahr.com\/wp-content\/uploads\/2018\/05\/xDzHFcQY_400x400.jpg","contentUrl":"https:\/\/runahr.com\/wp-content\/uploads\/2018\/05\/xDzHFcQY_400x400.jpg","width":400,"height":400,"caption":"Runa HR"},"image":{"@id":"https:\/\/runahr.com\/mx\/#\/schema\/logo\/image\/"},"sameAs":["https:\/\/www.facebook.com\/runahr\/","https:\/\/x.com\/runahr","https:\/\/www.instagram.com\/runahr\/","https:\/\/mx.linkedin.com\/company\/runahr","https:\/\/www.youtube.com\/channel\/UCAZ21FupFMLIb1c7PPaU6Ew"]},{"@type":"Person","@id":"https:\/\/runahr.com\/mx\/#\/schema\/person\/48bc8e24ad03cc8f426d7d8c9867bc83","name":"Runa HR","image":{"@type":"ImageObject","inLanguage":"es","@id":"https:\/\/secure.gravatar.com\/avatar\/0f5e3da5817edb54f2baf42e521fcc5bf236eed18b9dca62e6fa95f35ad83b5a?s=96&d=mm&r=g","url":"https:\/\/secure.gravatar.com\/avatar\/0f5e3da5817edb54f2baf42e521fcc5bf236eed18b9dca62e6fa95f35ad83b5a?s=96&d=mm&r=g","contentUrl":"https:\/\/secure.gravatar.com\/avatar\/0f5e3da5817edb54f2baf42e521fcc5bf236eed18b9dca62e6fa95f35ad83b5a?s=96&d=mm&r=g","caption":"Runa HR"},"sameAs":["https:\/\/runahr.com"],"url":"https:\/\/runahr.com\/mx\/author\/runahr\/"}]}},"_links":{"self":[{"href":"https:\/\/runahr.com\/mx\/wp-json\/wp\/v2\/posts\/210956","targetHints":{"allow":["GET"]}}],"collection":[{"href":"https:\/\/runahr.com\/mx\/wp-json\/wp\/v2\/posts"}],"about":[{"href":"https:\/\/runahr.com\/mx\/wp-json\/wp\/v2\/types\/post"}],"author":[{"embeddable":true,"href":"https:\/\/runahr.com\/mx\/wp-json\/wp\/v2\/users\/2"}],"replies":[{"embeddable":true,"href":"https:\/\/runahr.com\/mx\/wp-json\/wp\/v2\/comments?post=210956"}],"version-history":[{"count":0,"href":"https:\/\/runahr.com\/mx\/wp-json\/wp\/v2\/posts\/210956\/revisions"}],"wp:featuredmedia":[{"embeddable":true,"href":"https:\/\/runahr.com\/mx\/wp-json\/wp\/v2\/media\/1076977"}],"wp:attachment":[{"href":"https:\/\/runahr.com\/mx\/wp-json\/wp\/v2\/media?parent=210956"}],"wp:term":[{"taxonomy":"category","embeddable":true,"href":"https:\/\/runahr.com\/mx\/wp-json\/wp\/v2\/categories?post=210956"},{"taxonomy":"post_tag","embeddable":true,"href":"https:\/\/runahr.com\/mx\/wp-json\/wp\/v2\/tags?post=210956"}],"curies":[{"name":"wp","href":"https:\/\/api.w.org\/{rel}","templated":true}]}}