{"id":210968,"date":"2021-01-15T18:04:37","date_gmt":"2021-01-16T00:04:37","guid":{"rendered":"https:\/\/runahr.com\/?p=210968"},"modified":"2026-02-11T21:54:50","modified_gmt":"2026-02-12T03:54:50","slug":"7-basicos-para-hacer-despidos-por-covid-19","status":"publish","type":"post","link":"https:\/\/runahr.com\/mx\/recursos\/hr-management\/7-basicos-para-hacer-despidos-por-covid-19\/","title":{"rendered":"7 b\u00e1sicos para hacer despidos por COVID-19"},"content":{"rendered":"<p data-start=\"80\" data-end=\"400\">Dar por terminada la <a href=\"https:\/\/runahr.com\/mx\/recursos\/hr-management\/relacion-laboral\/\">relaci\u00f3n laboral<\/a> con un colaborador puede ser una tarea complicada. Requiere muchas <a href=\"https:\/\/runahr.com\/mx\/recursos\/hr-management\/habilidades-blandas-y-duras\/\">habilidades blandas y duras<\/a>. Tambi\u00e9n exige contar con el tacto necesario para entablar una comunicaci\u00f3n clara y efectiva. Esto ayuda a evitar <a href=\"https:\/\/runahr.com\/mx\/recursos\/hr-management\/incidencia\/\">incidencias<\/a> que pongan en riesgo a cualquiera de las partes implicadas.<\/p>\n<p data-start=\"402\" data-end=\"814\">Derivado de la crisis por COVID-19, muchas empresas, organizaciones y \u00e1reas de <a href=\"https:\/\/runahr.com\/mx\/recursos\/hr-management\/recursos-humanos-en-una-empresa\/\">recursos humanos<\/a> se han enfrentado a diversos desaf\u00edos financieros. Estos desaf\u00edos las han orillado a tomar medidas que les permitan seguir dentro del mercado sin llegar al borde o a la quiebra total. Por ello, la reducci\u00f3n de fuerza laboral ha sido una de las alternativas m\u00e1s utilizadas. Lo mismo ocurre con los <a href=\"https:\/\/runahr.com\/mx\/recursos\/aspectos-legales\/despido\/\">despidos<\/a> masivos.<\/p>\n<p data-start=\"816\" data-end=\"980\" data-is-last-node=\"\" data-is-only-node=\"\">Por esta raz\u00f3n, nos tomamos la libertad de dejarte algunos tips que te ayudar\u00e1n a <a href=\"https:\/\/runahr.com\/mx\/recursos\/hr-management\/como-terminar-una-relacion-de-trabajo-sin-problemas\/#:~:text=Notifica%20educadamente%20por%20v%C3%ADa%20oral,decisi%C3%B3n%20no%20tiene%20vuelta%20atr%C3%A1s.\">terminar la relaci\u00f3n laboral<\/a> de la forma m\u00e1s cordial y pac\u00edfica para ambas partes. Notificar a un colaborador sobre un despido en medio de esta crisis y trabajando v\u00eda remota es una tarea realmente desafiante. Sabemos que los despidos en un entorno personal y cara a cara son la v\u00eda m\u00e1s recomendable. Sin embargo, con las medidas de aislamiento y protocolos de seguridad hacerlo as\u00ed es casi imposible. Adem\u00e1s con esto surge una pregunta que muchos gerentes y personal de <a href=\"https:\/\/runahr.com\/mx\/recursos\/hr-management\/recursos-humanos-en-una-empresa\/\">recursos humanos<\/a> se ha hecho\u2026<\/p>\n<p data-start=\"816\" data-end=\"980\" data-is-last-node=\"\" data-is-only-node=\"\"><a href=\"https:\/\/recursos.runahr.com\/calculadora-liquidacion\"><img fetchpriority=\"high\" decoding=\"async\" class=\"alignnone  wp-image-1091101\" src=\"https:\/\/runahr.com\/wp-content\/uploads\/2026\/01\/CMX010-300x119.webp\" alt=\"Descargar calculadora de liquidaci\u00f3n y finiquito\" width=\"1354\" height=\"537\" srcset=\"https:\/\/runahr.com\/wp-content\/uploads\/2026\/01\/CMX010-300x119.webp 300w, https:\/\/runahr.com\/wp-content\/uploads\/2026\/01\/CMX010-1024x405.webp 1024w, https:\/\/runahr.com\/wp-content\/uploads\/2026\/01\/CMX010-768x304.webp 768w, https:\/\/runahr.com\/wp-content\/uploads\/2026\/01\/CMX010-1536x608.webp 1536w, https:\/\/runahr.com\/wp-content\/uploads\/2026\/01\/CMX010-2048x810.webp 2048w\" sizes=\"(max-width: 1354px) 100vw, 1354px\" \/><\/a><\/p>\n<h2>\u00bfCu\u00e1l es la forma adecuada para notificar un despido?<\/h2>\n<p>Ser sensibles y respetuosos es el requisito principal. Por lo cual es necesario buscar una opci\u00f3n que nos permita ser creativos, cuidadosos y coordinados es tarea vital para realizar un despido. Entre las opciones m\u00e1s tentadoras se han presentado la posibilidad de enviar una notificaci\u00f3n v\u00eda correo electr\u00f3nico o mediante una <a href=\"https:\/\/runahr.com\/mx\/recursos\/hr-management\/carta-finiquito\/\">carta de finiquito<\/a>. Sin embargo, no es suficiente ni demasiado sensible o estrat\u00e9gico y m\u00e1s por la situaci\u00f3n que todos estamos enfrentando con esta pandemia. Recibir una noticia as\u00ed es algo angustiante para cualquier colaborador, por lo cual hacer un despido de forma remota requiere de m\u00e1s esfuerzo y cuidado.<\/p>\n<h3><strong>1.Principales factores a considerar<\/strong><\/h3>\n<div class=\"flex max-w-full flex-col grow\">\n<div class=\"min-h-8 text-message relative flex w-full flex-col items-end gap-2 text-start break-words whitespace-normal [.text-message+&amp;]:mt-1\" dir=\"auto\" data-message-author-role=\"assistant\" data-message-id=\"80731041-dbc8-4642-92f6-4b93319ec5a6\" data-message-model-slug=\"gpt-5-1\">\n<div class=\"flex w-full flex-col gap-1 empty:hidden first:pt-[1px]\">\n<div class=\"markdown prose dark:prose-invert w-full break-words dark markdown-new-styling\">\n<p data-start=\"97\" data-end=\"1220\" data-is-last-node=\"\" data-is-only-node=\"\">A medida que sea posible, es importante tener en cuenta en todo momento preservar la dignidad del colaborador durante lo que ser\u00e1 la conversaci\u00f3n de despido. Actualmente, hacerlo v\u00eda remota mediante el uso de plataformas como Zoom, Google Meet, FaceTime, entre otros, es una de las opciones m\u00e1s viables para considerar. Mediante una videoconferencia es m\u00e1s sencillo resolver cualquier inquietud del colaborador. Tambi\u00e9n permite presenciar la reacci\u00f3n a la noticia y, en la medida de lo posible, que el entorno y las circunstancias le permitan conservar la calma. De esta forma podr\u00e1 aceptar la noticia en un ambiente seguro.<\/p>\n<p data-start=\"97\" data-end=\"1220\" data-is-last-node=\"\" data-is-only-node=\"\">Notificar un despido mediante videoconferencia es lo m\u00e1s cercano a realizarlo de forma presencial. Esto permite observar al colaborador y evaluar sus reacciones, tanto verbales como no verbales. Tambi\u00e9n permite contar con una estrategia que reduzca los episodios o posibles crisis. Esto es esencial dada la situaci\u00f3n tan complicada que se vive hoy en d\u00eda. Un despido representa un panorama incierto y la p\u00e9rdida de beneficios como la <a href=\"https:\/\/runahr.com\/mx\/recursos\/aspectos-legales\/seguro-social\/\">seguridad social<\/a>, la <a href=\"https:\/\/runahr.com\/mx\/recursos\/aspectos-legales\/tipos-de-incapacidad-laboral\/\">incapacidad<\/a> o la cobertura monetaria.<\/p>\n<\/div>\n<\/div>\n<\/div>\n<\/div>\n<h3><strong>2. Antes de notificar al colaborador<\/strong><\/h3>\n<p>Crea una estrategia para notificar al colaborador, establece quienes estar\u00e1n presentes y \u00e9chale un vistazo a los siguientes puntos:<\/p>\n<ul>\n<li>Corroborar que el colaborador sepa utilizar de forma adecuada la plataforma de videoconferencia. Contar con las herramientas necesarias facilitar\u00e1 el proceso.<\/li>\n<li>Definir quienes estar\u00e1n presentes durante la notificaci\u00f3n. Siempre es mejor que al menos sean dos personas, ya sea el supervisor o <a href=\"https:\/\/runahr.com\/mx\/recursos\/hr-management\/manager\/\">manager<\/a> inmediato del colaborador as\u00ed como un profesional del departamento de recursos humanos. No se recomienda a m\u00e1s de dos personas.<\/li>\n<li>Informar a todos los que est\u00e9n involucrados para llevar a cabo el despido. Ya sea representantes legales, <a href=\"https:\/\/runahr.com\/mx\/recursos\/comienza-tu-empresa\/areas-funcionales-de-la-empresa\/\">\u00e1rea funcional de la empresa<\/a> de recursos humanos, entre otros<\/li>\n<\/ul>\n<h3><strong>3. Al notificar al colaborador<\/strong><\/h3>\n<div class=\"flex max-w-full flex-col grow\">\n<div class=\"min-h-8 text-message relative flex w-full flex-col items-end gap-2 text-start break-words whitespace-normal [.text-message+&amp;]:mt-1\" dir=\"auto\" data-message-author-role=\"assistant\" data-message-id=\"fff96aee-3d23-4d7b-abe9-141fc00bdc81\" data-message-model-slug=\"gpt-5-1\">\n<div class=\"flex w-full flex-col gap-1 empty:hidden first:pt-[1px]\">\n<div class=\"markdown prose dark:prose-invert w-full break-words dark markdown-new-styling\">\n<p data-start=\"76\" data-end=\"508\" data-is-last-node=\"\" data-is-only-node=\"\">Contar con un <em data-start=\"90\" data-end=\"98\">speech<\/em> o guion general que tenga establecidos todos los puntos importantes a mencionar es esencial. Hacerlo de forma fluida y natural tambi\u00e9n lo es. Por otra parte, ser emp\u00e1ticos o utilizar un lenguaje emp\u00e1tico es importante. Notificar este tipo de noticias es algo complicado. Ser directos sin parecer insensibles tambi\u00e9n lo es. Por ello, para contrarrestar esto, es importante seguir lo mencionado anteriormente.<\/p>\n<p data-start=\"76\" data-end=\"508\" data-is-last-node=\"\" data-is-only-node=\"\"><a href=\"https:\/\/recursos.runahr.com\/kit-de-bajas\"><img decoding=\"async\" class=\"alignnone  wp-image-1091630\" src=\"https:\/\/runahr.com\/wp-content\/uploads\/2026\/01\/CMX078-300x118.webp\" alt=\"Descargar KIT de bajas para recursos humanos\" width=\"1355\" height=\"533\" srcset=\"https:\/\/runahr.com\/wp-content\/uploads\/2026\/01\/CMX078-300x118.webp 300w, https:\/\/runahr.com\/wp-content\/uploads\/2026\/01\/CMX078-1024x404.webp 1024w, https:\/\/runahr.com\/wp-content\/uploads\/2026\/01\/CMX078-768x303.webp 768w\" sizes=\"(max-width: 1355px) 100vw, 1355px\" \/><\/a><\/p>\n<\/div>\n<\/div>\n<\/div>\n<\/div>\n<h3><strong>4. Escucha activamente<\/strong><\/h3>\n<p>Sabemos que para el colaborador puede ser una noticia dif\u00edcil de recibir. Por ello, escuchar activamente cualquier inquietud y resolverla es algo importante. Mantener el contacto visual en todo momento tambi\u00e9n ayuda. Hacer eco o reflejar algunas palabras clave que mencione el colaborador har\u00e1 que la conversaci\u00f3n sea m\u00e1s fluida. Eso, al igual que el parafraseo o el etiquetado de emociones, puede ser efectivo. A lo largo de la conversaci\u00f3n es importante ser y mostrar compasi\u00f3n y empat\u00eda. Tambi\u00e9n es fundamental evitar minimizar la situaci\u00f3n que est\u00e1 experimentando el trabajador.<\/p>\n<h3><strong>5. Proporcionar todo lo necesario<\/strong><\/h3>\n<div class=\"flex max-w-full flex-col grow\">\n<div class=\"min-h-8 text-message relative flex w-full flex-col items-end gap-2 text-start break-words whitespace-normal [.text-message+&amp;]:mt-1\" dir=\"auto\" data-message-author-role=\"assistant\" data-message-id=\"ad6963b3-7541-4566-8809-fdf83bf8b001\" data-message-model-slug=\"gpt-5-1\">\n<div class=\"flex w-full flex-col gap-1 empty:hidden first:pt-[1px]\">\n<div class=\"markdown prose dark:prose-invert w-full break-words dark markdown-new-styling\">\n<p data-start=\"76\" data-end=\"537\" data-is-last-node=\"\" data-is-only-node=\"\">Es importante contar con todos los documentos necesarios para que el colaborador pueda recibir su <a href=\"https:\/\/runahr.com\/mx\/recursos\/nomina\/indemnizacion\/\">indemnizaci\u00f3n<\/a> por despido, <a href=\"https:\/\/runahr.com\/mx\/recursos\/nomina\/finiquito\/\">finiquito<\/a>, <a href=\"https:\/\/runahr.com\/mx\/recursos\/nomina\/liquidacion\/\">liquidaci\u00f3n<\/a> o beneficios como cartas de recomendaci\u00f3n, entre otros. Una vez realizada la notificaci\u00f3n por videoconferencia, es importante enviar a la brevedad un correo con dichos documentos e informaci\u00f3n al colaborador. Tener la documentaci\u00f3n lista antes de finalizar la llamada evitar\u00e1 posibles dudas o inquietudes futuras. <spanSegoe UI', Roboto, 'Helvetica Neue', Arial, 'Noto Sans', sans-serif, 'Apple Color Emoji', 'Segoe UI Emoji', 'Segoe UI Symbol', 'Noto Color Emoji';\">Consulta nuestra\u00a0<\/span><a style=\"font-family: -apple-system, BlinkMacSystemFont, 'Segoe UI', Roboto, 'Helvetica Neue', Arial, 'Noto Sans', sans-serif, 'Apple Color Emoji', 'Segoe UI Emoji', 'Segoe UI Symbol', 'Noto Color Emoji';\" href=\"https:\/\/runahr.com\/mx\/recursos\/nomina\/calculadora-finiquito\/\">calculadora finiquito<\/a><spanSegoe UI', Roboto, 'Helvetica Neue', Arial, 'Noto Sans', sans-serif, 'Apple Color Emoji', 'Segoe UI Emoji', 'Segoe UI Symbol', 'Noto Color Emoji';\">\u00a0y nuestra\u00a0<\/span><a style=\"font-family: -apple-system, BlinkMacSystemFont, 'Segoe UI', Roboto, 'Helvetica Neue', Arial, 'Noto Sans', sans-serif, 'Apple Color Emoji', 'Segoe UI Emoji', 'Segoe UI Symbol', 'Noto Color Emoji';\" href=\"https:\/\/runahr.com\/mx\/recursos\/nomina\/calculadora-liquidacion\/\">calculadora liquidaci\u00f3n<\/a><spanSegoe UI', Roboto, 'Helvetica Neue', Arial, 'Noto Sans', sans-serif, 'Apple Color Emoji', 'Segoe UI Emoji', 'Segoe UI Symbol', 'Noto Color Emoji';\">\u00a0para obtener el monto correcto f\u00e1cil y r\u00e1pido.<\/span><\/p>\n<\/div>\n<\/div>\n<\/div>\n<\/div>\n<h3><strong>6. Estar atento a cualquier reacci\u00f3n<\/strong><\/h3>\n<div class=\"flex max-w-full flex-col grow\">\n<div class=\"min-h-8 text-message relative flex w-full flex-col items-end gap-2 text-start break-words whitespace-normal [.text-message+&amp;]:mt-1\" dir=\"auto\" data-message-author-role=\"assistant\" data-message-id=\"f89d3311-e825-407e-8172-862f3cb0e222\" data-message-model-slug=\"gpt-5-1\">\n<div class=\"flex w-full flex-col gap-1 empty:hidden first:pt-[1px]\">\n<div class=\"markdown prose dark:prose-invert w-full break-words dark markdown-new-styling\">\n<p data-start=\"85\" data-end=\"464\" data-is-last-node=\"\" data-is-only-node=\"\">Los despidos nunca son f\u00e1ciles. Por ello pueden convertirse en un evento abrupto o violento. Verificar en todo momento los indicadores de comportamiento, quejas o potencial violencia es esencial. Prestar atenci\u00f3n a conductas riesgosas y saber actuar ante ellas evitar\u00e1 desaf\u00edos mayores. Durante la notificaci\u00f3n de despido, es importante estar alerta a declaraciones de este tipo:<\/p>\n<\/div>\n<\/div>\n<\/div>\n<\/div>\n<ul>\n<li>Manifestar culpa<\/li>\n<li>Sentirse victimizado por la empresa<\/li>\n<li>Expresi\u00f3n de pensamientos suicidas, homicidas o de autolesi\u00f3n<\/li>\n<li>Comportamientos err\u00e1ticos o extra\u00f1os<\/li>\n<li>Declaraciones de impotencia, desesperaci\u00f3n o desesperanza<\/li>\n<\/ul>\n<p>Cualquier conducta que sea percibida como algo anormal durante la conversaci\u00f3n de notificaci\u00f3n de despido que cause preocupaci\u00f3n es importante reportarla a la empresa, equipo u organizaci\u00f3n a fin de evitar un suceso no deseado.<\/p>\n<h3><strong>7. Para finalizar<\/strong><\/h3>\n<div class=\"flex max-w-full flex-col grow\">\n<div class=\"min-h-8 text-message relative flex w-full flex-col items-end gap-2 text-start break-words whitespace-normal [.text-message+&amp;]:mt-1\" dir=\"auto\" data-message-author-role=\"assistant\" data-message-id=\"d38fde95-a0c8-46ff-b97f-637d4eabf3cb\" data-message-model-slug=\"gpt-5-1\">\n<div class=\"flex w-full flex-col gap-1 empty:hidden first:pt-[1px]\">\n<div class=\"markdown prose dark:prose-invert w-full break-words dark markdown-new-styling\">\n<p data-start=\"78\" data-end=\"404\" data-is-last-node=\"\" data-is-only-node=\"\">Asegurarnos de que el aviso de separaci\u00f3n laboral ha llegado al colaborador mediante el correo es fundamental. Tambi\u00e9n lo es enviar los beneficios y cualquier documento clave para terminar la relaci\u00f3n en buenos t\u00e9rminos. Confirmarlo por escrito nos permitir\u00e1 tener un respaldo. Esto tambi\u00e9n facilitar\u00e1 una resoluci\u00f3n pac\u00edfica.<\/p>\n<p data-start=\"78\" data-end=\"404\" data-is-last-node=\"\" data-is-only-node=\"\"><a href=\"https:\/\/recursos.runahr.com\/formato-de-carta-finiquito\"><img decoding=\"async\" class=\"alignnone  wp-image-1091830\" src=\"https:\/\/runahr.com\/wp-content\/uploads\/2026\/01\/CMX103-300x118.webp\" alt=\"Descargar Formato de carta de finiquito\" width=\"1355\" height=\"533\" srcset=\"https:\/\/runahr.com\/wp-content\/uploads\/2026\/01\/CMX103-300x118.webp 300w, https:\/\/runahr.com\/wp-content\/uploads\/2026\/01\/CMX103-1024x404.webp 1024w, https:\/\/runahr.com\/wp-content\/uploads\/2026\/01\/CMX103-768x303.webp 768w\" sizes=\"(max-width: 1355px) 100vw, 1355px\" \/><\/a><\/p>\n<h2 data-start=\"78\" data-end=\"404\">Preguntas frecuentes<\/h2>\n<h4 data-start=\"978\" data-end=\"1084\"><strong data-start=\"982\" data-end=\"1082\"> \u00bfQu\u00e9 papel juega el organigrama en una decisi\u00f3n de despido por ajustes derivados de COVID-19?<\/strong><\/h4>\n<p data-start=\"1085\" data-end=\"1444\">El <a href=\"https:\/\/runahr.com\/mx\/recursos\/hr-management\/organigrama\/\">organigrama<\/a> ayuda a identificar puestos duplicados, funciones que pueden consolidarse y \u00e1reas cr\u00edticas que deben mantenerse. En reducciones de personal relacionadas con la pandemia, tener este mapa actualizado evita decisiones impulsivas y permite ejecutar los \u201c7 b\u00e1sicos para hacer despidos por COVID-19\u201d con un criterio m\u00e1s estrat\u00e9gico y menos emocional.<\/p>\n<h4 data-start=\"1451\" data-end=\"1548\"><strong data-start=\"1455\" data-end=\"1546\">\u00bfC\u00f3mo afecta el desempe\u00f1o laboral cuando la empresa atraviesa recortes por COVID-19?<\/strong><\/h4>\n<p data-start=\"1549\" data-end=\"1942\">En periodos de crisis, el <a href=\"https:\/\/runahr.com\/mx\/recursos\/hr-management\/desempeno\/\">desempe\u00f1o laboral<\/a> suele evaluarse junto con factores como <a href=\"https:\/\/runahr.com\/mx\/recursos\/hr-management\/productividad\/\">productividad<\/a>, habilidades clave y adaptaci\u00f3n al cambio. Aunque el despido pueda deberse a motivos financieros, tener evaluaciones claras evita <a href=\"https:\/\/runahr.com\/mx\/recursos\/aspectos-legales\/percepciones\">percepciones<\/a> de injusticia y permite comunicar la decisi\u00f3n de manera m\u00e1s transparente, respetando los principios de los \u201c7 b\u00e1sicos para hacer despidos por COVID-19\u201d.<\/p>\n<h4 data-start=\"1949\" data-end=\"2071\"><strong data-start=\"1953\" data-end=\"2069\">\u00bfQu\u00e9 deben considerar las empresas al calcular finiquito o liquidaci\u00f3n en despidos relacionados con COVID-19?<\/strong><\/h4>\n<p data-start=\"2072\" data-end=\"2497\">En una rescisi\u00f3n por motivos econ\u00f3micos, la empresa debe asegurarse de que el <a href=\"https:\/\/runahr.com\/mx\/recursos\/nomina\/finiquito\/\">finiquito<\/a> o la <a href=\"https:\/\/runahr.com\/mx\/recursos\/nomina\/liquidacion\/\">liquidaci\u00f3n<\/a> incluyan d\u00edas trabajados, <a href=\"https:\/\/runahr.com\/mx\/recursos\/nomina\/vacaciones\/\">vacaciones<\/a>, prima vacacional, <a href=\"https:\/\/runahr.com\/mx\/recursos\/nomina\/aguinaldo-proporcional\/\">aguinaldo proporcional<\/a> y cualquier pago pendiente. Utilizar herramientas como una <a href=\"https:\/\/runahr.com\/mx\/recursos\/nomina\/calculadora-finiquito\/\">calculadora de finiquito<\/a> o <a href=\"https:\/\/runahr.com\/mx\/recursos\/nomina\/calculadora-liquidacion\">calculadora liquidaci\u00f3n<\/a> ayuda a evitar errores y garantizar que el proceso sea justo, como recomiendan los \u201c7 b\u00e1sicos para hacer despidos por COVID-19\u201d.<\/p>\n<h4 data-start=\"2504\" data-end=\"2589\"><strong data-start=\"2508\" data-end=\"2587\">\u00bfC\u00f3mo influye el ambiente laboral tras aplicar despidos por la pandemia?<\/strong><\/h4>\n<p data-start=\"2590\" data-end=\"2931\">Un ajuste de personal puede generar preocupaci\u00f3n, baja motivaci\u00f3n y temor entre quienes permanecen. RRHH debe fortalecer la <a href=\"https:\/\/runahr.com\/mx\/recursos\/nomina\/comunicacion\/\">comunicaci\u00f3n<\/a> interna, aclarar rumores y reforzar la estabilidad del equipo. Esto es parte de los \u201c7 b\u00e1sicos para hacer despidos por COVID-19\u201d, ya que no solo se piensa en quien sale, sino tambi\u00e9n en quienes se quedan.<\/p>\n<h4 data-start=\"2938\" data-end=\"3052\"><strong data-start=\"2942\" data-end=\"3050\">\u00bfQu\u00e9 sucede si un colaborador est\u00e1 de incapacidad cuando se eval\u00faa un despido por motivos econ\u00f3micos?<\/strong><\/h4>\n<p data-start=\"3053\" data-end=\"3427\">Si existe una incapacidad por enfermedad o accidente, la <a href=\"https:\/\/runahr.com\/mx\/recursos\/aspectos-legales\/ley-federal-del-trabajo-lft\/\">Ley Federal del Trabajo<\/a> y el <a href=\"https:\/\/runahr.com\/mx\/recursos\/nomina\/que-es-el-imss\/\">IMSS<\/a> protegen al <a href=\"https:\/\/runahr.com\/mx\/recursos\/hr-management\/trabajador\/\">trabajador<\/a>. Antes de avanzar, RRHH debe revisar fechas, documentos y confirmar que no existe una restricci\u00f3n legal. Los \u201c7 b\u00e1sicos para hacer despidos por COVID-19\u201d recomiendan revisar primero las condiciones particulares del colaborador para evitar decisiones indebidas.<\/p>\n<h4 data-start=\"3434\" data-end=\"3560\"><strong data-start=\"3438\" data-end=\"3558\">\u00bfC\u00f3mo debe manejarse una carta de renuncia cuando el colaborador decide irse voluntariamente durante la pandemia?<\/strong><\/h4>\n<p data-start=\"3561\" data-end=\"3913\">Si un colaborador presenta su <a href=\"https:\/\/runahr.com\/mx\/recursos\/hr-management\/carta-de-renuncia-voluntaria\/\">carta de renuncia<\/a> en medio de la crisis, RRHH debe revisar que no exista presi\u00f3n externa, registrar la fecha correctamente y calcular el finiquito correspondiente. Aunque no es un despido, seguir la l\u00f3gica de los \u201c7 b\u00e1sicos para hacer despidos por COVID-19\u201d ayuda a que la salida sea clara, respetuosa y sin malentendidos.<\/p>\n<h4 data-start=\"3920\" data-end=\"4044\"><strong data-start=\"3924\" data-end=\"4042\">\u00bfPor qu\u00e9 es importante considerar d\u00edas festivos, vacaciones y prima vacacional al planear recortes de personal?<\/strong><\/h4>\n<p data-start=\"4045\" data-end=\"4450\">En cualquier rescisi\u00f3n, incluso en las motivadas por COVID-19, es indispensable calcular vacaciones pendientes, d\u00edas festivos trabajados, <a href=\"https:\/\/runahr.com\/mx\/recursos\/nomina\/prima-vacacional\/\">prima vacacional<\/a> y antig\u00fcedad. Estos conceptos influyen en el monto final y evitan reclamaciones posteriores. Los \u201c7 b\u00e1sicos para hacer despidos por COVID-19\u201d destacan la importancia de preparar todo antes de comunicar la decisi\u00f3n para no generar confusi\u00f3n o errores.<\/p>\n<\/div>\n<\/div>\n<\/div>\n<\/div>\n","protected":false},"excerpt":{"rendered":"<p>Dar por terminada la relaci\u00f3n laboral con un colaborador puede ser una tarea complicada. Requiere muchas habilidades blandas y duras. Tambi\u00e9n exige contar con el tacto necesario para entablar una comunicaci\u00f3n clara y efectiva. Esto ayuda a evitar incidencias que pongan en riesgo a cualquiera de las partes implicadas. Derivado de la crisis por COVID-19, [&hellip;]<\/p>\n","protected":false},"author":87,"featured_media":1044517,"comment_status":"closed","ping_status":"closed","sticky":false,"template":"","format":"standard","meta":{"_acf_changed":false,"_wp_applaud_exclude":false,"footnotes":""},"categories":[189,190],"tags":[1297,834],"class_list":["post-210968","post","type-post","status-publish","format-standard","has-post-thumbnail","hentry","category-hr-management","category-recursos","tag-articulo","tag-hr-management"],"acf":[],"yoast_head":"<!-- This site is optimized with the Yoast SEO Premium plugin v26.1 (Yoast SEO v27.4) - https:\/\/yoast.com\/product\/yoast-seo-premium-wordpress\/ -->\n<title>7 b\u00e1sicos para hacer despidos por COVID-19 | Runa HR<\/title>\n<meta name=\"description\" content=\"COVID-19 ha afectado a muchos en lo profesional. Si tu empresa tiene que hacer despidos por esta raz\u00f3n, ac\u00e1 te damos una serie de tips para hacerlo mejor.\" \/>\n<meta name=\"robots\" content=\"index, follow, max-snippet:-1, max-image-preview:large, max-video-preview:-1\" \/>\n<link rel=\"canonical\" href=\"https:\/\/runahr.com\/mx\/recursos\/hr-management\/7-basicos-para-hacer-despidos-por-covid-19\/\" \/>\n<meta property=\"og:locale\" content=\"es_MX\" \/>\n<meta property=\"og:type\" content=\"article\" \/>\n<meta property=\"og:title\" content=\"7 b\u00e1sicos para hacer despidos por COVID-19 | MX | Runa HR\" \/>\n<meta property=\"og:description\" content=\"COVID-19 ha afectado a muchos en lo profesional. Si tu empresa tiene que hacer despidos por esta raz\u00f3n, ac\u00e1 te damos una serie de tips para hacerlo mejor.\" \/>\n<meta property=\"og:url\" content=\"https:\/\/runahr.com\/mx\/recursos\/hr-management\/7-basicos-para-hacer-despidos-por-covid-19\/\" \/>\n<meta property=\"og:site_name\" content=\"Runa HR\" \/>\n<meta property=\"article:publisher\" content=\"https:\/\/www.facebook.com\/runahr\/\" \/>\n<meta property=\"article:published_time\" content=\"2021-01-16T00:04:37+00:00\" \/>\n<meta property=\"article:modified_time\" content=\"2026-02-12T03:54:50+00:00\" \/>\n<meta property=\"og:image\" content=\"https:\/\/runahr.com\/wp-content\/uploads\/2025\/04\/image-2.png\" \/>\n\t<meta property=\"og:image:width\" content=\"512\" \/>\n\t<meta property=\"og:image:height\" content=\"286\" \/>\n\t<meta property=\"og:image:type\" content=\"image\/png\" \/>\n<meta name=\"author\" content=\"it-tools\" \/>\n<meta name=\"twitter:card\" content=\"summary_large_image\" \/>\n<meta name=\"twitter:creator\" content=\"@runahr\" \/>\n<meta name=\"twitter:site\" content=\"@runahr\" \/>\n<meta name=\"twitter:label1\" content=\"Escrito por\" \/>\n\t<meta name=\"twitter:data1\" content=\"it-tools\" \/>\n\t<meta name=\"twitter:label2\" content=\"Tiempo de lectura\" \/>\n\t<meta name=\"twitter:data2\" content=\"8 minutos\" \/>\n<!-- \/ Yoast SEO Premium plugin. -->","yoast_head_json":{"title":"7 b\u00e1sicos para hacer despidos por COVID-19 | Runa HR","description":"COVID-19 ha afectado a muchos en lo profesional. Si tu empresa tiene que hacer despidos por esta raz\u00f3n, ac\u00e1 te damos una serie de tips para hacerlo mejor.","robots":{"index":"index","follow":"follow","max-snippet":"max-snippet:-1","max-image-preview":"max-image-preview:large","max-video-preview":"max-video-preview:-1"},"canonical":"https:\/\/runahr.com\/mx\/recursos\/hr-management\/7-basicos-para-hacer-despidos-por-covid-19\/","og_locale":"es_MX","og_type":"article","og_title":"7 b\u00e1sicos para hacer despidos por COVID-19 | MX | Runa HR","og_description":"COVID-19 ha afectado a muchos en lo profesional. Si tu empresa tiene que hacer despidos por esta raz\u00f3n, ac\u00e1 te damos una serie de tips para hacerlo mejor.","og_url":"https:\/\/runahr.com\/mx\/recursos\/hr-management\/7-basicos-para-hacer-despidos-por-covid-19\/","og_site_name":"Runa HR","article_publisher":"https:\/\/www.facebook.com\/runahr\/","article_published_time":"2021-01-16T00:04:37+00:00","article_modified_time":"2026-02-12T03:54:50+00:00","og_image":[{"width":512,"height":286,"url":"https:\/\/runahr.com\/wp-content\/uploads\/2025\/04\/image-2.png","type":"image\/png"}],"author":"it-tools","twitter_card":"summary_large_image","twitter_creator":"@runahr","twitter_site":"@runahr","twitter_misc":{"Escrito por":"it-tools","Tiempo de lectura":"8 minutos"},"schema":{"@context":"https:\/\/schema.org","@graph":[{"@type":"Article","@id":"https:\/\/runahr.com\/mx\/recursos\/hr-management\/7-basicos-para-hacer-despidos-por-covid-19\/#article","isPartOf":{"@id":"https:\/\/runahr.com\/mx\/recursos\/hr-management\/7-basicos-para-hacer-despidos-por-covid-19\/"},"author":{"name":"it-tools","@id":"https:\/\/runahr.com\/mx\/#\/schema\/person\/5a22fa36c8ff828a0720d10281e38009"},"headline":"7 b\u00e1sicos para hacer despidos por COVID-19","datePublished":"2021-01-16T00:04:37+00:00","dateModified":"2026-02-12T03:54:50+00:00","mainEntityOfPage":{"@id":"https:\/\/runahr.com\/mx\/recursos\/hr-management\/7-basicos-para-hacer-despidos-por-covid-19\/"},"wordCount":1657,"publisher":{"@id":"https:\/\/runahr.com\/mx\/#organization"},"image":{"@id":"https:\/\/runahr.com\/mx\/recursos\/hr-management\/7-basicos-para-hacer-despidos-por-covid-19\/#primaryimage"},"thumbnailUrl":"https:\/\/runahr.com\/wp-content\/uploads\/2025\/09\/Percepcion-del-trabajo-remoto-a-raiz-del-COVID-19.svg","keywords":["Art\u00edculo","HR Management"],"articleSection":["HR Management","Recursos"],"inLanguage":"es"},{"@type":"WebPage","@id":"https:\/\/runahr.com\/mx\/recursos\/hr-management\/7-basicos-para-hacer-despidos-por-covid-19\/","url":"https:\/\/runahr.com\/mx\/recursos\/hr-management\/7-basicos-para-hacer-despidos-por-covid-19\/","name":"7 b\u00e1sicos para hacer despidos por COVID-19 | Runa HR","isPartOf":{"@id":"https:\/\/runahr.com\/mx\/#website"},"primaryImageOfPage":{"@id":"https:\/\/runahr.com\/mx\/recursos\/hr-management\/7-basicos-para-hacer-despidos-por-covid-19\/#primaryimage"},"image":{"@id":"https:\/\/runahr.com\/mx\/recursos\/hr-management\/7-basicos-para-hacer-despidos-por-covid-19\/#primaryimage"},"thumbnailUrl":"https:\/\/runahr.com\/wp-content\/uploads\/2025\/09\/Percepcion-del-trabajo-remoto-a-raiz-del-COVID-19.svg","datePublished":"2021-01-16T00:04:37+00:00","dateModified":"2026-02-12T03:54:50+00:00","description":"COVID-19 ha afectado a muchos en lo profesional. Si tu empresa tiene que hacer despidos por esta raz\u00f3n, ac\u00e1 te damos una serie de tips para hacerlo mejor.","breadcrumb":{"@id":"https:\/\/runahr.com\/mx\/recursos\/hr-management\/7-basicos-para-hacer-despidos-por-covid-19\/#breadcrumb"},"inLanguage":"es","potentialAction":[{"@type":"ReadAction","target":["https:\/\/runahr.com\/mx\/recursos\/hr-management\/7-basicos-para-hacer-despidos-por-covid-19\/"]}]},{"@type":"ImageObject","inLanguage":"es","@id":"https:\/\/runahr.com\/mx\/recursos\/hr-management\/7-basicos-para-hacer-despidos-por-covid-19\/#primaryimage","url":"https:\/\/runahr.com\/wp-content\/uploads\/2025\/09\/Percepcion-del-trabajo-remoto-a-raiz-del-COVID-19.svg","contentUrl":"https:\/\/runahr.com\/wp-content\/uploads\/2025\/09\/Percepcion-del-trabajo-remoto-a-raiz-del-COVID-19.svg","width":1090,"height":440},{"@type":"BreadcrumbList","@id":"https:\/\/runahr.com\/mx\/recursos\/hr-management\/7-basicos-para-hacer-despidos-por-covid-19\/#breadcrumb","itemListElement":[{"@type":"ListItem","position":1,"name":"Home","item":"https:\/\/runahr.com\/mx\/"},{"@type":"ListItem","position":2,"name":"Recursos","item":"https:\/\/runahr.com\/mx\/category\/recursos\/"},{"@type":"ListItem","position":3,"name":"HR Management","item":"https:\/\/runahr.com\/mx\/category\/recursos\/hr-management\/"},{"@type":"ListItem","position":4,"name":"7 b\u00e1sicos para hacer despidos por COVID-19"}]},{"@type":"WebSite","@id":"https:\/\/runahr.com\/mx\/#website","url":"https:\/\/runahr.com\/mx\/","name":"Runa HR","description":"Software de N\u00f3mina y Gesti\u00f3n de RRHH","publisher":{"@id":"https:\/\/runahr.com\/mx\/#organization"},"potentialAction":[{"@type":"SearchAction","target":{"@type":"EntryPoint","urlTemplate":"https:\/\/runahr.com\/mx\/?s={search_term_string}"},"query-input":{"@type":"PropertyValueSpecification","valueRequired":true,"valueName":"search_term_string"}}],"inLanguage":"es"},{"@type":"Organization","@id":"https:\/\/runahr.com\/mx\/#organization","name":"Runa HR","url":"https:\/\/runahr.com\/mx\/","logo":{"@type":"ImageObject","inLanguage":"es","@id":"https:\/\/runahr.com\/mx\/#\/schema\/logo\/image\/","url":"https:\/\/runahr.com\/wp-content\/uploads\/2018\/05\/xDzHFcQY_400x400.jpg","contentUrl":"https:\/\/runahr.com\/wp-content\/uploads\/2018\/05\/xDzHFcQY_400x400.jpg","width":400,"height":400,"caption":"Runa HR"},"image":{"@id":"https:\/\/runahr.com\/mx\/#\/schema\/logo\/image\/"},"sameAs":["https:\/\/www.facebook.com\/runahr\/","https:\/\/x.com\/runahr","https:\/\/www.instagram.com\/runahr\/","https:\/\/mx.linkedin.com\/company\/runahr","https:\/\/www.youtube.com\/channel\/UCAZ21FupFMLIb1c7PPaU6Ew"]},{"@type":"Person","@id":"https:\/\/runahr.com\/mx\/#\/schema\/person\/5a22fa36c8ff828a0720d10281e38009","name":"it-tools","image":{"@type":"ImageObject","inLanguage":"es","@id":"https:\/\/secure.gravatar.com\/avatar\/68a146e44420ce6688dd5b32f006e4fc28c82828950327acf34ceb7288a433f0?s=96&d=mm&r=g","url":"https:\/\/secure.gravatar.com\/avatar\/68a146e44420ce6688dd5b32f006e4fc28c82828950327acf34ceb7288a433f0?s=96&d=mm&r=g","contentUrl":"https:\/\/secure.gravatar.com\/avatar\/68a146e44420ce6688dd5b32f006e4fc28c82828950327acf34ceb7288a433f0?s=96&d=mm&r=g","caption":"it-tools"},"url":"https:\/\/runahr.com\/mx\/author\/it-tools\/"}]}},"_links":{"self":[{"href":"https:\/\/runahr.com\/mx\/wp-json\/wp\/v2\/posts\/210968","targetHints":{"allow":["GET"]}}],"collection":[{"href":"https:\/\/runahr.com\/mx\/wp-json\/wp\/v2\/posts"}],"about":[{"href":"https:\/\/runahr.com\/mx\/wp-json\/wp\/v2\/types\/post"}],"author":[{"embeddable":true,"href":"https:\/\/runahr.com\/mx\/wp-json\/wp\/v2\/users\/87"}],"replies":[{"embeddable":true,"href":"https:\/\/runahr.com\/mx\/wp-json\/wp\/v2\/comments?post=210968"}],"version-history":[{"count":0,"href":"https:\/\/runahr.com\/mx\/wp-json\/wp\/v2\/posts\/210968\/revisions"}],"wp:featuredmedia":[{"embeddable":true,"href":"https:\/\/runahr.com\/mx\/wp-json\/wp\/v2\/media\/1044517"}],"wp:attachment":[{"href":"https:\/\/runahr.com\/mx\/wp-json\/wp\/v2\/media?parent=210968"}],"wp:term":[{"taxonomy":"category","embeddable":true,"href":"https:\/\/runahr.com\/mx\/wp-json\/wp\/v2\/categories?post=210968"},{"taxonomy":"post_tag","embeddable":true,"href":"https:\/\/runahr.com\/mx\/wp-json\/wp\/v2\/tags?post=210968"}],"curies":[{"name":"wp","href":"https:\/\/api.w.org\/{rel}","templated":true}]}}