{"id":216732,"date":"2021-04-26T15:56:08","date_gmt":"2021-04-26T20:56:08","guid":{"rendered":"https:\/\/runahr.com\/?p=216732"},"modified":"2026-02-22T16:04:47","modified_gmt":"2026-02-22T22:04:47","slug":"redes-sociales-en-el-trabajo-aliados-distractores","status":"publish","type":"post","link":"https:\/\/runahr.com\/mx\/recursos\/hr-management\/redes-sociales-en-el-trabajo-aliados-distractores\/","title":{"rendered":"Las redes sociales en el trabajo, \u00bfaliados o distractores?"},"content":{"rendered":"<p>Mucho se habla acerca del uso de las redes sociales en el trabajo. La mayor\u00eda de las empresas se enfoca en evitar a toda costa que sus empleados hagan uso de estas durante la <a href=\"https:\/\/www.laboral360.net\/single-post\/cuales-es-son-las-jornadas-de-trabajo-en-mexico\">jornada laboral<\/a>, debido a que uno de los m\u00e1s grandes males laborales es la falta o merma en la productividad derivada del uso de redes sociales. Sin embargo, no todo se resume a esto, existen empresas que est\u00e1n apost\u00e1ndole a convertir las redes sociales en sus aliados, permitiendo su uso a beneficio de ellos.<\/p>\n<p>Por ello hoy queremos hablarte de las redes sociales, \u00bfpueden ser nuestros aliados o simplemente son distractores?<\/p>\n<p>Descubre c\u00f3mo muchas empresas est\u00e1n aprovechando por completo el uso de las redes sociales, apostando por convertirlas en sus aliadas.<\/p>\n<p><a href=\"https:\/\/runahr.com\/mx\/recursos\/hr-management\/potencializa-tu-marca-empresarial-en-linkedin\/\"><img fetchpriority=\"high\" decoding=\"async\" class=\"alignnone  wp-image-1093521\" src=\"https:\/\/runahr.com\/wp-content\/uploads\/2026\/01\/CMX314-300x119.webp\" alt=\"Ver ahora Webinar: Potencializa tu marca empresarial en LinkedIn\" width=\"915\" height=\"363\" srcset=\"https:\/\/runahr.com\/wp-content\/uploads\/2026\/01\/CMX314-300x119.webp 300w, https:\/\/runahr.com\/wp-content\/uploads\/2026\/01\/CMX314-1024x405.webp 1024w, https:\/\/runahr.com\/wp-content\/uploads\/2026\/01\/CMX314-768x304.webp 768w, https:\/\/runahr.com\/wp-content\/uploads\/2026\/01\/CMX314-1536x607.webp 1536w\" sizes=\"(max-width: 915px) 100vw, 915px\" \/><\/a><\/p>\n<h2><strong>Limitando el uso de las redes sociales dentro de la empresa\u00a0<\/strong><\/h2>\n<p>Actualmente, la mayor\u00eda de las empresas tienen como estrategia limitar el uso de las redes sociales durante la jornada laboral, ya que estas son\u00a0 el factor n\u00famero 1 de distracci\u00f3n para la mayor\u00eda de los empleados.<\/p>\n<p>Por lo cual la estrategia de la mayor\u00eda de las empresas es apostarle al bloqueo de los sitios sociales en las computadoras de la empresa. Sin embargo, si somos realistas esta t\u00e9cnica queda un poco obsoleta cuando planteamos una cruda realidad, el uso de las redes sociales no solo se limita al computador sino que actualmente la mayor\u00eda o todos los empleados cuentan con un dispositivo m\u00f3vil, con el cual se puede acceder f\u00e1cilmente a cualquier red social y es ah\u00ed donde el impacto de la primera estrategia se ve mermado.<\/p>\n<h2><strong>C\u00f3mo lograr un equilibrio en el uso de las redes sociales<\/strong><\/h2>\n<p>Cuando se acepta que los colaboradores o empleados inevitablemente har\u00e1n uso de las redes sociales, como empresa podemos enfocarnos en buscar un equilibrio y mejora en la cultura laboral para que se pueda crear una estrategia que permita orientar a los colaboradores a hacer un uso consciente de las redes sociales dentro de la jornada laboral: limitado, pero sobre todo que no provoque d\u00e9ficit en la <a href=\"https:\/\/runahr.com\/mx\/recursos\/hr-management\/flexibilidad-sin-que-pierdan-productividad\/\">productividad<\/a> laboral y que beneficie a la empresa.<\/p>\n<p>Como dice el dicho \u201cSi no puedes con el enemigo, \u00fanete\u201d. En este caso es justo lo que se puede hacer para lograr un equilibrio, mientras mayor sean las restricciones la tentaci\u00f3n crece a la par, ya sabemos que son un distractor, ahora es tiempo de convertirlas en un aliado.<\/p>\n<p><a href=\"https:\/\/runahr.com\/mx\/recursos\/hr-management\/redes-sociales-y-cvs-para-reclutamiento\/\"><img decoding=\"async\" class=\"alignnone  wp-image-1093625\" src=\"https:\/\/runahr.com\/wp-content\/uploads\/2026\/01\/CMX323-300x119.webp\" alt=\"Ver ahora Webinar: Redes sociales y CVs para reclutamiento\" width=\"918\" height=\"364\" srcset=\"https:\/\/runahr.com\/wp-content\/uploads\/2026\/01\/CMX323-300x119.webp 300w, https:\/\/runahr.com\/wp-content\/uploads\/2026\/01\/CMX323-1024x405.webp 1024w, https:\/\/runahr.com\/wp-content\/uploads\/2026\/01\/CMX323-768x304.webp 768w, https:\/\/runahr.com\/wp-content\/uploads\/2026\/01\/CMX323-1536x607.webp 1536w, https:\/\/runahr.com\/wp-content\/uploads\/2026\/01\/CMX323-2048x809.webp 2048w\" sizes=\"(max-width: 918px) 100vw, 918px\" \/><\/a><\/p>\n<h2><strong>Capacitaci\u00f3n del personal para el uso de las redes sociales dentro de la empresa<\/strong><\/h2>\n<p>Proporcionar a los empleados una capacitaci\u00f3n centrada en el uso de las redes sociales en el lugar del trabajo ayudar\u00e1 a que estos puedan comprender en su totalidad el impacto que las redes sociales\u00a0 pueden generar en su desempe\u00f1o laboral y crecimiento profesional, hablando de los aspectos positivos pero tambi\u00e9n de los negativos.<\/p>\n<p>Una capacitaci\u00f3n sobre el uso inteligente de las redes sociales, los conceptos b\u00e1sicos, lo que se puede y lo que no se puede hacer con estas dentro del lugar de trabajo, ayudar\u00e1 a que cada colaborador pueda entender de manera eficaz cu\u00e1n importante es lograr un equilibrio y no caer\u00a0 en el uso excesivo de las redes sociales.<\/p>\n<p>Sin embargo, en cualquier empresa en donde se busque aprovechar de manera eficaz el uso de las redes sociales se debe comprender y sacarle ventaja al poder o la influencia que tienen los colaboradores, esto significa pensar m\u00e1s all\u00e1 de limitar su uso, sino que pueden ser un factor que permita lograr un posicionamiento mayor de su marca y empresa mayor.<\/p>\n<p>\u00bfC\u00f3mo? Simplemente centr\u00e1ndose en su experiencia como colaboradores, animando a los empleados a que compartan su experiencia, interact\u00faen con el contenido que como empresa est\u00e1n distribuyendo en las redes sociales y as\u00ed lograr un mayor impacto, dejando siempre en claro que todo es opcional y guiarlo por el lado apegado estrictamente a una cultura laboral en donde cada empleado se apasione por formar parte de la empresa.<\/p>\n<h2><strong>El uso de las redes sociales como aliadas<\/strong><\/h2>\n<p>Las personas no siempre conf\u00edan en las marcas, sin embargo, si se conf\u00eda en las personas, su experiencia y opiniones. Cuando una persona comparte tu contenido o publicaciones es como otorgar un voto de confianza y aumentar el valor de tus redes sociales como empresa.<\/p>\n<p>Si la <a href=\"https:\/\/runahr.com\/mx\/recursos\/hr-management\/clima-vs-cultura-laboral-como-distinguirlos\/#:~:text=La%20cultura%20laboral%20es%20una,relaciones%20entre%20compa%C3%B1eros%20y%20l%C3%ADderes.\">cultura laboral<\/a> de tu empresa es s\u00f3lida, se tiene un buen ambiente laboral y el empleado se siente conforme y\u00a0 feliz formando parte de la empresa,\u00a0 los colaboradores de forma natural empezaran a compartir su experiencia laboral dentro de la empresa a trav\u00e9s de sus redes sociales y no solo esto, sino tambi\u00e9n fuera de ellas.<\/p>\n<p>Lo que al final puede traducirse como un valor agregado a tu empresa o marca y que a la larga puedes sacarle mucho provecho. Por ejemplo, el reclutamiento mediante redes sociales, la mayor\u00eda de las empresas es algo que est\u00e1n aplicando hoy en d\u00eda y funciona, qui\u00e9n mejor que tus propios colaboradores para compartir y esparcir las vacantes disponibles sobre sus redes sociales, generando un impacto positivo y mayor confianza para aquellos que est\u00e1n por solicitar formar parte de tu empresa.<\/p>\n<p>Si bien, el uso de las redes es un tema controversial, siempre habr\u00e1 opiniones completamente diferentes; sin embargo, buscar e implementar estrategias que permitan hacerlas nuestro aliado siempre beneficiar\u00e1 a la empresa.<\/p>\n<p><a href=\"https:\/\/runahr.com\/mx\/recursos\/hr-management\/conoce-la-importancia-de-glassdoor-para-tu-empresa\/\"><img decoding=\"async\" class=\"alignnone  wp-image-1093254\" src=\"https:\/\/runahr.com\/wp-content\/uploads\/2026\/01\/CMX281-300x119.webp\" alt=\"Ver ahora Webinar: Conoce la importancia de Glassdoor para tu empresa\" width=\"918\" height=\"364\" srcset=\"https:\/\/runahr.com\/wp-content\/uploads\/2026\/01\/CMX281-300x119.webp 300w, https:\/\/runahr.com\/wp-content\/uploads\/2026\/01\/CMX281-1024x405.webp 1024w, https:\/\/runahr.com\/wp-content\/uploads\/2026\/01\/CMX281-768x304.webp 768w, https:\/\/runahr.com\/wp-content\/uploads\/2026\/01\/CMX281-1536x607.webp 1536w, https:\/\/runahr.com\/wp-content\/uploads\/2026\/01\/CMX281-2048x809.webp 2048w\" sizes=\"(max-width: 918px) 100vw, 918px\" \/><\/a><\/p>\n","protected":false},"excerpt":{"rendered":"<p>Mucho se habla acerca del uso de las redes sociales en el trabajo. La mayor\u00eda de las empresas se enfoca en evitar a toda costa que sus empleados hagan uso de estas durante la jornada laboral, debido a que uno de los m\u00e1s grandes males laborales es la falta o merma en la productividad derivada [&hellip;]<\/p>\n","protected":false},"author":87,"featured_media":1045677,"comment_status":"closed","ping_status":"closed","sticky":false,"template":"","format":"standard","meta":{"_acf_changed":false,"_wp_applaud_exclude":false,"footnotes":""},"categories":[189,190],"tags":[834],"class_list":["post-216732","post","type-post","status-publish","format-standard","has-post-thumbnail","hentry","category-hr-management","category-recursos","tag-hr-management"],"acf":[],"yoast_head":"<!-- This site is optimized with the Yoast SEO Premium plugin v26.1 (Yoast SEO v27.5) - https:\/\/yoast.com\/product\/yoast-seo-premium-wordpress\/ -->\n<title>Redes sociales en el trabajo, \u00bfaliados o distractores? | Runa HR<\/title>\n<meta name=\"description\" content=\"Existen empresas que est\u00e1n apost\u00e1ndole a permitir el uso de redes sociales a beneficio de ellos \u00bfpueden ser nuestros aliados o simplemente son distractores?\" \/>\n<meta name=\"robots\" content=\"index, follow, max-snippet:-1, max-image-preview:large, max-video-preview:-1\" \/>\n<link rel=\"canonical\" href=\"https:\/\/runahr.com\/mx\/recursos\/hr-management\/redes-sociales-en-el-trabajo-aliados-distractores\/\" \/>\n<meta property=\"og:locale\" content=\"es_MX\" \/>\n<meta property=\"og:type\" content=\"article\" \/>\n<meta property=\"og:title\" content=\"Las redes sociales en el trabajo, \u00bfaliados o distractores? | MX | Runa HR\" \/>\n<meta property=\"og:description\" content=\"Existen empresas que est\u00e1n apost\u00e1ndole a permitir el uso de redes sociales a beneficio de ellos \u00bfpueden ser nuestros aliados o simplemente son distractores?\" \/>\n<meta property=\"og:url\" content=\"https:\/\/runahr.com\/mx\/recursos\/hr-management\/redes-sociales-en-el-trabajo-aliados-distractores\/\" \/>\n<meta property=\"og:site_name\" content=\"Runa HR\" \/>\n<meta property=\"article:publisher\" content=\"https:\/\/www.facebook.com\/runahr\/\" \/>\n<meta property=\"article:published_time\" content=\"2021-04-26T20:56:08+00:00\" \/>\n<meta property=\"article:modified_time\" content=\"2026-02-22T22:04:47+00:00\" \/>\n<meta property=\"og:image\" content=\"https:\/\/runahr.com\/wp-content\/uploads\/2025\/04\/image-2.png\" \/>\n\t<meta property=\"og:image:width\" content=\"512\" \/>\n\t<meta property=\"og:image:height\" content=\"286\" \/>\n\t<meta property=\"og:image:type\" content=\"image\/png\" \/>\n<meta name=\"author\" content=\"it-tools\" \/>\n<meta name=\"twitter:card\" content=\"summary_large_image\" \/>\n<meta name=\"twitter:creator\" content=\"@runahr\" \/>\n<meta name=\"twitter:site\" content=\"@runahr\" \/>\n<meta name=\"twitter:label1\" content=\"Escrito por\" \/>\n\t<meta name=\"twitter:data1\" content=\"it-tools\" \/>\n\t<meta name=\"twitter:label2\" content=\"Tiempo de lectura\" \/>\n\t<meta name=\"twitter:data2\" content=\"5 minutos\" \/>\n<!-- \/ Yoast SEO Premium plugin. -->","yoast_head_json":{"title":"Redes sociales en el trabajo, \u00bfaliados o distractores? | Runa HR","description":"Existen empresas que est\u00e1n apost\u00e1ndole a permitir el uso de redes sociales a beneficio de ellos \u00bfpueden ser nuestros aliados o simplemente son distractores?","robots":{"index":"index","follow":"follow","max-snippet":"max-snippet:-1","max-image-preview":"max-image-preview:large","max-video-preview":"max-video-preview:-1"},"canonical":"https:\/\/runahr.com\/mx\/recursos\/hr-management\/redes-sociales-en-el-trabajo-aliados-distractores\/","og_locale":"es_MX","og_type":"article","og_title":"Las redes sociales en el trabajo, \u00bfaliados o distractores? | MX | Runa HR","og_description":"Existen empresas que est\u00e1n apost\u00e1ndole a permitir el uso de redes sociales a beneficio de ellos \u00bfpueden ser nuestros aliados o simplemente son distractores?","og_url":"https:\/\/runahr.com\/mx\/recursos\/hr-management\/redes-sociales-en-el-trabajo-aliados-distractores\/","og_site_name":"Runa HR","article_publisher":"https:\/\/www.facebook.com\/runahr\/","article_published_time":"2021-04-26T20:56:08+00:00","article_modified_time":"2026-02-22T22:04:47+00:00","og_image":[{"width":512,"height":286,"url":"https:\/\/runahr.com\/wp-content\/uploads\/2025\/04\/image-2.png","type":"image\/png"}],"author":"it-tools","twitter_card":"summary_large_image","twitter_creator":"@runahr","twitter_site":"@runahr","twitter_misc":{"Escrito por":"it-tools","Tiempo de lectura":"5 minutos"},"schema":{"@context":"https:\/\/schema.org","@graph":[{"@type":"Article","@id":"https:\/\/runahr.com\/mx\/recursos\/hr-management\/redes-sociales-en-el-trabajo-aliados-distractores\/#article","isPartOf":{"@id":"https:\/\/runahr.com\/mx\/recursos\/hr-management\/redes-sociales-en-el-trabajo-aliados-distractores\/"},"author":{"name":"it-tools","@id":"https:\/\/runahr.com\/mx\/#\/schema\/person\/5a22fa36c8ff828a0720d10281e38009"},"headline":"Las redes sociales en el trabajo, \u00bfaliados o distractores?","datePublished":"2021-04-26T20:56:08+00:00","dateModified":"2026-02-22T22:04:47+00:00","mainEntityOfPage":{"@id":"https:\/\/runahr.com\/mx\/recursos\/hr-management\/redes-sociales-en-el-trabajo-aliados-distractores\/"},"wordCount":924,"publisher":{"@id":"https:\/\/runahr.com\/mx\/#organization"},"image":{"@id":"https:\/\/runahr.com\/mx\/recursos\/hr-management\/redes-sociales-en-el-trabajo-aliados-distractores\/#primaryimage"},"thumbnailUrl":"https:\/\/runahr.com\/wp-content\/uploads\/2025\/09\/Las-redes-sociales-en-el-trabajo.svg","keywords":["HR Management"],"articleSection":["HR Management","Recursos"],"inLanguage":"es"},{"@type":"WebPage","@id":"https:\/\/runahr.com\/mx\/recursos\/hr-management\/redes-sociales-en-el-trabajo-aliados-distractores\/","url":"https:\/\/runahr.com\/mx\/recursos\/hr-management\/redes-sociales-en-el-trabajo-aliados-distractores\/","name":"Redes sociales en el trabajo, \u00bfaliados o distractores? | Runa HR","isPartOf":{"@id":"https:\/\/runahr.com\/mx\/#website"},"primaryImageOfPage":{"@id":"https:\/\/runahr.com\/mx\/recursos\/hr-management\/redes-sociales-en-el-trabajo-aliados-distractores\/#primaryimage"},"image":{"@id":"https:\/\/runahr.com\/mx\/recursos\/hr-management\/redes-sociales-en-el-trabajo-aliados-distractores\/#primaryimage"},"thumbnailUrl":"https:\/\/runahr.com\/wp-content\/uploads\/2025\/09\/Las-redes-sociales-en-el-trabajo.svg","datePublished":"2021-04-26T20:56:08+00:00","dateModified":"2026-02-22T22:04:47+00:00","description":"Existen empresas que est\u00e1n apost\u00e1ndole a permitir el uso de redes sociales a beneficio de ellos \u00bfpueden ser nuestros aliados o simplemente son distractores?","breadcrumb":{"@id":"https:\/\/runahr.com\/mx\/recursos\/hr-management\/redes-sociales-en-el-trabajo-aliados-distractores\/#breadcrumb"},"inLanguage":"es","potentialAction":[{"@type":"ReadAction","target":["https:\/\/runahr.com\/mx\/recursos\/hr-management\/redes-sociales-en-el-trabajo-aliados-distractores\/"]}]},{"@type":"ImageObject","inLanguage":"es","@id":"https:\/\/runahr.com\/mx\/recursos\/hr-management\/redes-sociales-en-el-trabajo-aliados-distractores\/#primaryimage","url":"https:\/\/runahr.com\/wp-content\/uploads\/2025\/09\/Las-redes-sociales-en-el-trabajo.svg","contentUrl":"https:\/\/runahr.com\/wp-content\/uploads\/2025\/09\/Las-redes-sociales-en-el-trabajo.svg","width":1090,"height":440},{"@type":"BreadcrumbList","@id":"https:\/\/runahr.com\/mx\/recursos\/hr-management\/redes-sociales-en-el-trabajo-aliados-distractores\/#breadcrumb","itemListElement":[{"@type":"ListItem","position":1,"name":"Home","item":"https:\/\/runahr.com\/mx\/"},{"@type":"ListItem","position":2,"name":"Recursos","item":"https:\/\/runahr.com\/mx\/category\/recursos\/"},{"@type":"ListItem","position":3,"name":"HR Management","item":"https:\/\/runahr.com\/mx\/category\/recursos\/hr-management\/"},{"@type":"ListItem","position":4,"name":"Las redes sociales en el trabajo, \u00bfaliados o distractores?"}]},{"@type":"WebSite","@id":"https:\/\/runahr.com\/mx\/#website","url":"https:\/\/runahr.com\/mx\/","name":"Runa HR","description":"Software de N\u00f3mina y Gesti\u00f3n de RRHH","publisher":{"@id":"https:\/\/runahr.com\/mx\/#organization"},"potentialAction":[{"@type":"SearchAction","target":{"@type":"EntryPoint","urlTemplate":"https:\/\/runahr.com\/mx\/?s={search_term_string}"},"query-input":{"@type":"PropertyValueSpecification","valueRequired":true,"valueName":"search_term_string"}}],"inLanguage":"es"},{"@type":"Organization","@id":"https:\/\/runahr.com\/mx\/#organization","name":"Runa HR","url":"https:\/\/runahr.com\/mx\/","logo":{"@type":"ImageObject","inLanguage":"es","@id":"https:\/\/runahr.com\/mx\/#\/schema\/logo\/image\/","url":"https:\/\/runahr.com\/wp-content\/uploads\/2018\/05\/xDzHFcQY_400x400.jpg","contentUrl":"https:\/\/runahr.com\/wp-content\/uploads\/2018\/05\/xDzHFcQY_400x400.jpg","width":400,"height":400,"caption":"Runa HR"},"image":{"@id":"https:\/\/runahr.com\/mx\/#\/schema\/logo\/image\/"},"sameAs":["https:\/\/www.facebook.com\/runahr\/","https:\/\/x.com\/runahr","https:\/\/www.instagram.com\/runahr\/","https:\/\/mx.linkedin.com\/company\/runahr","https:\/\/www.youtube.com\/channel\/UCAZ21FupFMLIb1c7PPaU6Ew"]},{"@type":"Person","@id":"https:\/\/runahr.com\/mx\/#\/schema\/person\/5a22fa36c8ff828a0720d10281e38009","name":"it-tools","image":{"@type":"ImageObject","inLanguage":"es","@id":"https:\/\/secure.gravatar.com\/avatar\/68a146e44420ce6688dd5b32f006e4fc28c82828950327acf34ceb7288a433f0?s=96&d=mm&r=g","url":"https:\/\/secure.gravatar.com\/avatar\/68a146e44420ce6688dd5b32f006e4fc28c82828950327acf34ceb7288a433f0?s=96&d=mm&r=g","contentUrl":"https:\/\/secure.gravatar.com\/avatar\/68a146e44420ce6688dd5b32f006e4fc28c82828950327acf34ceb7288a433f0?s=96&d=mm&r=g","caption":"it-tools"},"url":"https:\/\/runahr.com\/mx\/author\/it-tools\/"}]}},"_links":{"self":[{"href":"https:\/\/runahr.com\/mx\/wp-json\/wp\/v2\/posts\/216732","targetHints":{"allow":["GET"]}}],"collection":[{"href":"https:\/\/runahr.com\/mx\/wp-json\/wp\/v2\/posts"}],"about":[{"href":"https:\/\/runahr.com\/mx\/wp-json\/wp\/v2\/types\/post"}],"author":[{"embeddable":true,"href":"https:\/\/runahr.com\/mx\/wp-json\/wp\/v2\/users\/87"}],"replies":[{"embeddable":true,"href":"https:\/\/runahr.com\/mx\/wp-json\/wp\/v2\/comments?post=216732"}],"version-history":[{"count":0,"href":"https:\/\/runahr.com\/mx\/wp-json\/wp\/v2\/posts\/216732\/revisions"}],"wp:featuredmedia":[{"embeddable":true,"href":"https:\/\/runahr.com\/mx\/wp-json\/wp\/v2\/media\/1045677"}],"wp:attachment":[{"href":"https:\/\/runahr.com\/mx\/wp-json\/wp\/v2\/media?parent=216732"}],"wp:term":[{"taxonomy":"category","embeddable":true,"href":"https:\/\/runahr.com\/mx\/wp-json\/wp\/v2\/categories?post=216732"},{"taxonomy":"post_tag","embeddable":true,"href":"https:\/\/runahr.com\/mx\/wp-json\/wp\/v2\/tags?post=216732"}],"curies":[{"name":"wp","href":"https:\/\/api.w.org\/{rel}","templated":true}]}}