{"id":2203,"date":"2017-12-15T19:02:00","date_gmt":"2017-12-16T01:02:00","guid":{"rendered":"https:\/\/runahr.com\/?p=2203"},"modified":"2026-02-25T14:10:57","modified_gmt":"2026-02-25T20:10:57","slug":"alineando-el-talento-con-la-estrategia","status":"publish","type":"post","link":"https:\/\/runahr.com\/mx\/recursos\/hr-management\/alineando-el-talento-con-la-estrategia\/","title":{"rendered":"Alineando el talento con la estrategia"},"content":{"rendered":"<p><span>Cuando una organizaci\u00f3n decide emprender una estrategia que requiera de la participaci\u00f3n de todas y cada una de sus \u00e1reas, en todos sus niveles transversales, toda la plantilla se movilizar\u00e1 por un mismo objetivo; pero, \u00bfes eso suficiente?<\/span><\/p>\n<p><span>Si buscamos implementar una estrategia verdaderamente exitosa, se deber\u00e1 alinear con ella al <a href=\"https:\/\/runahr.com\/mx\/recursos\/hr-management\/que-implica-la-gestion-del-talento-humano\/\">talento humano<\/a>; pero hacerlo por cada una de sus \u00e1reas no es del todo suficiente. El conjunto es mayor que la suma de sus partes: un agente de RRHH y un agente de marketing, por s\u00ed solos, emplean dos estrategias distintas para llegar a un mismo objetivo. Es necesario eliminar esta segregaci\u00f3n entre el talento y unirlos en una estrategia com\u00fan. Para ello, podemos utilizar los siguientes pasos.<\/span><\/p>\n<p><a href=\"https:\/\/recursos.runahr.com\/kit-planeacion-organizacional\"><img fetchpriority=\"high\" decoding=\"async\" class=\"alignnone  wp-image-1094548\" src=\"https:\/\/runahr.com\/wp-content\/uploads\/2026\/01\/CMX334-300x119.webp\" alt=\"Descargar KIT de planeaci\u00f3n organizacional\" width=\"1354\" height=\"537\" srcset=\"https:\/\/runahr.com\/wp-content\/uploads\/2026\/01\/CMX334-300x119.webp 300w, https:\/\/runahr.com\/wp-content\/uploads\/2026\/01\/CMX334-1024x405.webp 1024w, https:\/\/runahr.com\/wp-content\/uploads\/2026\/01\/CMX334-768x304.webp 768w\" sizes=\"(max-width: 1354px) 100vw, 1354px\" \/><\/a><\/p>\n<h2><strong>Paso 1<\/strong><\/h2>\n<p><strong>Socializar la estrategia:<\/strong> Hay que hablar de ella de manera constante. Todos los miembros de una organizaci\u00f3n deben conocer los objetivos generales a corto, mediano y largo plazo, as\u00ed como tambi\u00e9n saber de las herramientas con las que cada uno dispone.<\/p>\n<h2><strong>Paso 2<\/strong><\/h2>\n<p><strong>Identificar objetivos personales:<\/strong> Cada individuo debe tener <a href=\"https:\/\/runahr.com\/mx\/recursos\/hr-management\/objetivos-profesionales\/\">objetivos profesionales<\/a> en com\u00fan con la organizaci\u00f3n y objetivos personales, acciones que pueda desarrollar d\u00eda con d\u00eda para llegar a la meta deseada. En esta etapa es pertinente utilizar tablas de administraci\u00f3n de tareas para llevar un registro de los logros y las actividades por realizar.<\/p>\n<p><a href=\"https:\/\/runahr.com\/mx\/recursos\/hr-management\/como-motivar-a-los-equipos-de-trabajo\/\"><img decoding=\"async\" class=\"alignnone  wp-image-1093126\" src=\"https:\/\/runahr.com\/wp-content\/uploads\/2026\/01\/CMX264-300x119.webp\" alt=\"Ver ahora Webinar: \u00bfC\u00f3mo motivar a los equipos de trabajo?\" width=\"1354\" height=\"537\" srcset=\"https:\/\/runahr.com\/wp-content\/uploads\/2026\/01\/CMX264-300x119.webp 300w, https:\/\/runahr.com\/wp-content\/uploads\/2026\/01\/CMX264-1024x405.webp 1024w, https:\/\/runahr.com\/wp-content\/uploads\/2026\/01\/CMX264-768x304.webp 768w\" sizes=\"(max-width: 1354px) 100vw, 1354px\" \/><\/a><\/p>\n<h2><strong>Paso 3<\/strong><\/h2>\n<p><strong>Recompensar al talento:<\/strong> Al conocer los resultados de los registros en tablas y listas por parte de los colaboradores al realizar sus tareas, lo ideal es incentivar las acciones positivas para reforzar su aplicaci\u00f3n y fomentar el inter\u00e9s entre los trabajadores, cumpliendo as\u00ed con sus objetivos personales y generales.<\/p>\n<h2><strong>Paso 4\u00a0<\/strong><\/h2>\n<p><strong>Desarrollar competencias:<\/strong> Por \u00faltimo, para llegar al \u00e9xito en la estrategia organizacional es importante identificar las competencias necesarias por cada \u00e1rea y orientar al talento a desarrollar los conocimientos y <a href=\"https:\/\/runahr.com\/mx\/recursos\/hr-management\/habilidades-blandas-y-duras\/\">habilidades blandas y duras<\/a> para cumplir sus objetivos.<\/p>\n<p><span>As\u00ed, estableciendo un mapa del talento alineado a la estrategia corporativa, podemos identificar cu\u00e1les son las responsabilidades y los objetivos personales de cada trabajador. El incentivo para reforzar los logros y todo el segmento de competencias que se buscar\u00e1 desarrollar desde el proceso de <a href=\"https:\/\/runahr.com\/mx\/recursos\/hr-management\/seleccion-de-personal-2\/\">selecci\u00f3n de personal<\/a>, facilitar\u00e1 no solo el cumplimiento de la estrategia en todos su planos; tambi\u00e9n ser\u00e1 un beneficio para el <a href=\"https:\/\/runahr.com\/mx\/recursos\/hr-management\/clima-laboral\/\">clima laboral<\/a> y el funcionamiento preciso de cada \u00e1rea de la empresa.<\/span><\/p>\n<p><a href=\"https:\/\/recursos.runahr.com\/guia-de-aprendizaje-y-desarrollo\"><img decoding=\"async\" class=\"alignnone  wp-image-1091206\" src=\"https:\/\/runahr.com\/wp-content\/uploads\/2026\/01\/CMX024-300x119.webp\" alt=\"Descargar gu\u00eda de aprendizaje y desarrollo para equipos\" width=\"1354\" height=\"537\" srcset=\"https:\/\/runahr.com\/wp-content\/uploads\/2026\/01\/CMX024-300x119.webp 300w, https:\/\/runahr.com\/wp-content\/uploads\/2026\/01\/CMX024-1024x405.webp 1024w, https:\/\/runahr.com\/wp-content\/uploads\/2026\/01\/CMX024-768x304.webp 768w\" sizes=\"(max-width: 1354px) 100vw, 1354px\" \/><\/a><\/p>\n","protected":false},"excerpt":{"rendered":"<p>Cuando una organizaci\u00f3n decide emprender una estrategia que requiera de la participaci\u00f3n de todas y cada una de sus \u00e1reas, en todos sus niveles transversales, toda la plantilla se movilizar\u00e1 por un mismo objetivo; pero, \u00bfes eso suficiente? Si buscamos implementar una estrategia verdaderamente exitosa, se deber\u00e1 alinear con ella al talento humano; pero hacerlo [&hellip;]<\/p>\n","protected":false},"author":2,"featured_media":1030880,"comment_status":"closed","ping_status":"closed","sticky":false,"template":"","format":"standard","meta":{"_acf_changed":false,"_wp_applaud_exclude":false,"footnotes":""},"categories":[189,190],"tags":[1297,834],"class_list":["post-2203","post","type-post","status-publish","format-standard","has-post-thumbnail","hentry","category-hr-management","category-recursos","tag-articulo","tag-hr-management"],"acf":[],"yoast_head":"<!-- This site is optimized with the Yoast SEO Premium plugin v26.1 (Yoast SEO v27.5) - https:\/\/yoast.com\/product\/yoast-seo-premium-wordpress\/ -->\n<title>Alineando el talento con la estrategia | Runa HR<\/title>\n<meta name=\"description\" content=\"El talento humano es clave para el buen funcionamiento de una empresa. Aqu\u00ed te hablamos de la gesti\u00f3n de personal alineado con la estrategia.\" \/>\n<meta name=\"robots\" content=\"index, follow, max-snippet:-1, max-image-preview:large, max-video-preview:-1\" \/>\n<link rel=\"canonical\" href=\"https:\/\/runahr.com\/mx\/recursos\/hr-management\/alineando-el-talento-con-la-estrategia\/\" \/>\n<meta property=\"og:locale\" content=\"es_MX\" \/>\n<meta property=\"og:type\" content=\"article\" \/>\n<meta property=\"og:title\" content=\"Alineando el talento con la estrategia | MX | Runa HR\" \/>\n<meta property=\"og:description\" content=\"El talento humano es clave para el buen funcionamiento de una empresa. Aqu\u00ed te hablamos de la gesti\u00f3n de personal alineado con la estrategia.\" \/>\n<meta property=\"og:url\" content=\"https:\/\/runahr.com\/mx\/recursos\/hr-management\/alineando-el-talento-con-la-estrategia\/\" \/>\n<meta property=\"og:site_name\" content=\"Runa HR\" \/>\n<meta property=\"article:publisher\" content=\"https:\/\/www.facebook.com\/runahr\/\" \/>\n<meta property=\"article:published_time\" content=\"2017-12-16T01:02:00+00:00\" \/>\n<meta property=\"article:modified_time\" content=\"2026-02-25T20:10:57+00:00\" \/>\n<meta property=\"og:image\" content=\"https:\/\/runahr.com\/wp-content\/uploads\/2025\/04\/image-2.png\" \/>\n\t<meta property=\"og:image:width\" content=\"512\" \/>\n\t<meta property=\"og:image:height\" content=\"286\" \/>\n\t<meta property=\"og:image:type\" content=\"image\/png\" \/>\n<meta name=\"author\" content=\"Runa HR\" \/>\n<meta name=\"twitter:card\" content=\"summary_large_image\" \/>\n<meta name=\"twitter:title\" content=\"Runa HR | Gesti\u00f3n de personal: Alinear al talento humano\" \/>\n<meta name=\"twitter:description\" content=\"El talento humano es clave para el buen funcionamiento de una empresa. Aqu\u00ed te hablamos sobre la gesti\u00f3n de personal para alinearlos con la estrategia de la empresa.\" \/>\n<meta name=\"twitter:creator\" content=\"@runahr\" \/>\n<meta name=\"twitter:site\" content=\"@runahr\" \/>\n<meta name=\"twitter:label1\" content=\"Escrito por\" \/>\n\t<meta name=\"twitter:data1\" content=\"Runa HR\" \/>\n\t<meta name=\"twitter:label2\" content=\"Tiempo de lectura\" \/>\n\t<meta name=\"twitter:data2\" content=\"3 minutos\" \/>\n<!-- \/ Yoast SEO Premium plugin. -->","yoast_head_json":{"title":"Alineando el talento con la estrategia | Runa HR","description":"El talento humano es clave para el buen funcionamiento de una empresa. Aqu\u00ed te hablamos de la gesti\u00f3n de personal alineado con la estrategia.","robots":{"index":"index","follow":"follow","max-snippet":"max-snippet:-1","max-image-preview":"max-image-preview:large","max-video-preview":"max-video-preview:-1"},"canonical":"https:\/\/runahr.com\/mx\/recursos\/hr-management\/alineando-el-talento-con-la-estrategia\/","og_locale":"es_MX","og_type":"article","og_title":"Alineando el talento con la estrategia | MX | Runa HR","og_description":"El talento humano es clave para el buen funcionamiento de una empresa. Aqu\u00ed te hablamos de la gesti\u00f3n de personal alineado con la estrategia.","og_url":"https:\/\/runahr.com\/mx\/recursos\/hr-management\/alineando-el-talento-con-la-estrategia\/","og_site_name":"Runa HR","article_publisher":"https:\/\/www.facebook.com\/runahr\/","article_published_time":"2017-12-16T01:02:00+00:00","article_modified_time":"2026-02-25T20:10:57+00:00","og_image":[{"width":512,"height":286,"url":"https:\/\/runahr.com\/wp-content\/uploads\/2025\/04\/image-2.png","type":"image\/png"}],"author":"Runa HR","twitter_card":"summary_large_image","twitter_title":"Runa HR | Gesti\u00f3n de personal: Alinear al talento humano","twitter_description":"El talento humano es clave para el buen funcionamiento de una empresa. Aqu\u00ed te hablamos sobre la gesti\u00f3n de personal para alinearlos con la estrategia de la empresa.","twitter_creator":"@runahr","twitter_site":"@runahr","twitter_misc":{"Escrito por":"Runa HR","Tiempo de lectura":"3 minutos"},"schema":{"@context":"https:\/\/schema.org","@graph":[{"@type":"Article","@id":"https:\/\/runahr.com\/mx\/recursos\/hr-management\/alineando-el-talento-con-la-estrategia\/#article","isPartOf":{"@id":"https:\/\/runahr.com\/mx\/recursos\/hr-management\/alineando-el-talento-con-la-estrategia\/"},"author":{"name":"Runa HR","@id":"https:\/\/runahr.com\/mx\/#\/schema\/person\/48bc8e24ad03cc8f426d7d8c9867bc83"},"headline":"Alineando el talento con la estrategia","datePublished":"2017-12-16T01:02:00+00:00","dateModified":"2026-02-25T20:10:57+00:00","mainEntityOfPage":{"@id":"https:\/\/runahr.com\/mx\/recursos\/hr-management\/alineando-el-talento-con-la-estrategia\/"},"wordCount":403,"publisher":{"@id":"https:\/\/runahr.com\/mx\/#organization"},"image":{"@id":"https:\/\/runahr.com\/mx\/recursos\/hr-management\/alineando-el-talento-con-la-estrategia\/#primaryimage"},"thumbnailUrl":"https:\/\/runahr.com\/wp-content\/uploads\/2025\/09\/Consejos-para-aumentar-la-motivacion-en-tu-empresa-97.svg","keywords":["Art\u00edculo","HR Management"],"articleSection":["HR Management","Recursos"],"inLanguage":"es"},{"@type":"WebPage","@id":"https:\/\/runahr.com\/mx\/recursos\/hr-management\/alineando-el-talento-con-la-estrategia\/","url":"https:\/\/runahr.com\/mx\/recursos\/hr-management\/alineando-el-talento-con-la-estrategia\/","name":"Alineando el talento con la estrategia | Runa HR","isPartOf":{"@id":"https:\/\/runahr.com\/mx\/#website"},"primaryImageOfPage":{"@id":"https:\/\/runahr.com\/mx\/recursos\/hr-management\/alineando-el-talento-con-la-estrategia\/#primaryimage"},"image":{"@id":"https:\/\/runahr.com\/mx\/recursos\/hr-management\/alineando-el-talento-con-la-estrategia\/#primaryimage"},"thumbnailUrl":"https:\/\/runahr.com\/wp-content\/uploads\/2025\/09\/Consejos-para-aumentar-la-motivacion-en-tu-empresa-97.svg","datePublished":"2017-12-16T01:02:00+00:00","dateModified":"2026-02-25T20:10:57+00:00","description":"El talento humano es clave para el buen funcionamiento de una empresa. Aqu\u00ed te hablamos de la gesti\u00f3n de personal alineado con la estrategia.","breadcrumb":{"@id":"https:\/\/runahr.com\/mx\/recursos\/hr-management\/alineando-el-talento-con-la-estrategia\/#breadcrumb"},"inLanguage":"es","potentialAction":[{"@type":"ReadAction","target":["https:\/\/runahr.com\/mx\/recursos\/hr-management\/alineando-el-talento-con-la-estrategia\/"]}]},{"@type":"ImageObject","inLanguage":"es","@id":"https:\/\/runahr.com\/mx\/recursos\/hr-management\/alineando-el-talento-con-la-estrategia\/#primaryimage","url":"https:\/\/runahr.com\/wp-content\/uploads\/2025\/09\/Consejos-para-aumentar-la-motivacion-en-tu-empresa-97.svg","contentUrl":"https:\/\/runahr.com\/wp-content\/uploads\/2025\/09\/Consejos-para-aumentar-la-motivacion-en-tu-empresa-97.svg","width":1090,"height":440,"caption":"recompensas"},{"@type":"BreadcrumbList","@id":"https:\/\/runahr.com\/mx\/recursos\/hr-management\/alineando-el-talento-con-la-estrategia\/#breadcrumb","itemListElement":[{"@type":"ListItem","position":1,"name":"Home","item":"https:\/\/runahr.com\/mx\/"},{"@type":"ListItem","position":2,"name":"Recursos","item":"https:\/\/runahr.com\/mx\/category\/recursos\/"},{"@type":"ListItem","position":3,"name":"HR Management","item":"https:\/\/runahr.com\/mx\/category\/recursos\/hr-management\/"},{"@type":"ListItem","position":4,"name":"Alineando el talento con la estrategia"}]},{"@type":"WebSite","@id":"https:\/\/runahr.com\/mx\/#website","url":"https:\/\/runahr.com\/mx\/","name":"Runa HR","description":"Software de N\u00f3mina y Gesti\u00f3n de RRHH","publisher":{"@id":"https:\/\/runahr.com\/mx\/#organization"},"potentialAction":[{"@type":"SearchAction","target":{"@type":"EntryPoint","urlTemplate":"https:\/\/runahr.com\/mx\/?s={search_term_string}"},"query-input":{"@type":"PropertyValueSpecification","valueRequired":true,"valueName":"search_term_string"}}],"inLanguage":"es"},{"@type":"Organization","@id":"https:\/\/runahr.com\/mx\/#organization","name":"Runa HR","url":"https:\/\/runahr.com\/mx\/","logo":{"@type":"ImageObject","inLanguage":"es","@id":"https:\/\/runahr.com\/mx\/#\/schema\/logo\/image\/","url":"https:\/\/runahr.com\/wp-content\/uploads\/2018\/05\/xDzHFcQY_400x400.jpg","contentUrl":"https:\/\/runahr.com\/wp-content\/uploads\/2018\/05\/xDzHFcQY_400x400.jpg","width":400,"height":400,"caption":"Runa HR"},"image":{"@id":"https:\/\/runahr.com\/mx\/#\/schema\/logo\/image\/"},"sameAs":["https:\/\/www.facebook.com\/runahr\/","https:\/\/x.com\/runahr","https:\/\/www.instagram.com\/runahr\/","https:\/\/mx.linkedin.com\/company\/runahr","https:\/\/www.youtube.com\/channel\/UCAZ21FupFMLIb1c7PPaU6Ew"]},{"@type":"Person","@id":"https:\/\/runahr.com\/mx\/#\/schema\/person\/48bc8e24ad03cc8f426d7d8c9867bc83","name":"Runa HR","image":{"@type":"ImageObject","inLanguage":"es","@id":"https:\/\/secure.gravatar.com\/avatar\/0f5e3da5817edb54f2baf42e521fcc5bf236eed18b9dca62e6fa95f35ad83b5a?s=96&d=mm&r=g","url":"https:\/\/secure.gravatar.com\/avatar\/0f5e3da5817edb54f2baf42e521fcc5bf236eed18b9dca62e6fa95f35ad83b5a?s=96&d=mm&r=g","contentUrl":"https:\/\/secure.gravatar.com\/avatar\/0f5e3da5817edb54f2baf42e521fcc5bf236eed18b9dca62e6fa95f35ad83b5a?s=96&d=mm&r=g","caption":"Runa HR"},"sameAs":["https:\/\/runahr.com"],"url":"https:\/\/runahr.com\/mx\/author\/runahr\/"}]}},"_links":{"self":[{"href":"https:\/\/runahr.com\/mx\/wp-json\/wp\/v2\/posts\/2203","targetHints":{"allow":["GET"]}}],"collection":[{"href":"https:\/\/runahr.com\/mx\/wp-json\/wp\/v2\/posts"}],"about":[{"href":"https:\/\/runahr.com\/mx\/wp-json\/wp\/v2\/types\/post"}],"author":[{"embeddable":true,"href":"https:\/\/runahr.com\/mx\/wp-json\/wp\/v2\/users\/2"}],"replies":[{"embeddable":true,"href":"https:\/\/runahr.com\/mx\/wp-json\/wp\/v2\/comments?post=2203"}],"version-history":[{"count":0,"href":"https:\/\/runahr.com\/mx\/wp-json\/wp\/v2\/posts\/2203\/revisions"}],"wp:featuredmedia":[{"embeddable":true,"href":"https:\/\/runahr.com\/mx\/wp-json\/wp\/v2\/media\/1030880"}],"wp:attachment":[{"href":"https:\/\/runahr.com\/mx\/wp-json\/wp\/v2\/media?parent=2203"}],"wp:term":[{"taxonomy":"category","embeddable":true,"href":"https:\/\/runahr.com\/mx\/wp-json\/wp\/v2\/categories?post=2203"},{"taxonomy":"post_tag","embeddable":true,"href":"https:\/\/runahr.com\/mx\/wp-json\/wp\/v2\/tags?post=2203"}],"curies":[{"name":"wp","href":"https:\/\/api.w.org\/{rel}","templated":true}]}}