{"id":2214,"date":"2017-12-15T22:35:19","date_gmt":"2017-12-16T04:35:19","guid":{"rendered":"https:\/\/runahr.com\/?p=2214"},"modified":"2026-02-01T13:41:48","modified_gmt":"2026-02-01T19:41:48","slug":"equidad-laboral-en-mexico","status":"publish","type":"post","link":"https:\/\/runahr.com\/mx\/recursos\/hr-management\/equidad-laboral-en-mexico\/","title":{"rendered":"Equidad laboral: \u00bfQu\u00e9 es? y \u00bfC\u00f3mo solucionarlo?"},"content":{"rendered":"<p><span>En el mundo, el tema de disparidad de g\u00e9nero ha ganado una voz m\u00e1s fuerte d\u00eda a d\u00eda. Tema de relevancia social, cultural y econ\u00f3mica, la equidad laboral se ha vuelto de cierta manera una forma de medir el desarrollo de un pa\u00eds y su gesti\u00f3n en materia de derechos humanos.<\/span><\/p>\n<h2>\u00bfQu\u00e9 es la equidad laboral?<\/h2>\n<p><span>Por equidad laboral se considera que el n\u00famero de puestos liderados por hombres y mujeres sea equitativo, as\u00ed como tambi\u00e9n equitativo y parejo sea el <a href=\"https:\/\/runahr.com\/mx\/recursos\/nomina\/salario\/\">salario<\/a> por un mismo <a href=\"https:\/\/runahr.com\/mx\/recursos\/hr-management\/sabes-como-definir-un-puesto-de-trabajo\/\">puesto<\/a> \u2013en M\u00e9xico, existe una diferencia del 16.7% a favor de los hombres en este rubro. No se trata simplemente de llenar una cuota 50\/50 en la plantilla de todas las organizaciones; se busca lograr una paridad de oportunidades en el crecimiento\u00a0y <a href=\"https:\/\/runahr.com\/mx\/recursos\/nomina\/liderazgo\/\">liderazgo<\/a>.<\/span><\/p>\n<p><a href=\"https:\/\/recursos.runahr.com\/manual-de-equidad-salarial\"><img fetchpriority=\"high\" decoding=\"async\" class=\"alignnone  wp-image-1091534\" src=\"https:\/\/runahr.com\/wp-content\/uploads\/2026\/01\/CMX064-300x118.webp\" alt=\"Descargar Manual de equidad salarial\" width=\"1353\" height=\"532\" srcset=\"https:\/\/runahr.com\/wp-content\/uploads\/2026\/01\/CMX064-300x118.webp 300w, https:\/\/runahr.com\/wp-content\/uploads\/2026\/01\/CMX064-1024x404.webp 1024w, https:\/\/runahr.com\/wp-content\/uploads\/2026\/01\/CMX064-768x303.webp 768w\" sizes=\"(max-width: 1353px) 100vw, 1353px\" \/><\/a><\/p>\n<h2>\u00bfPor qu\u00e9 existe la equidad laboral?<\/h2>\n<p><span>La disparidad de g\u00e9nero es un problema de \u00edndole mundial. Una <a href=\"https:\/\/runahr.com\/mx\/recursos\/hr-management\/encuesta\/\">encuesta<\/a> global identific\u00f3 que la equidad laboral ascendi\u00f3 m\u00ednimamente del 12% a un 15% entre 2016 y 2017. A este paso, pa\u00edses miembros de la OCDE como M\u00e9xico lograr\u00edan un estado de equidad hasta el a\u00f1o 2115; en el caso de Corea del Sur esta brecha se anular\u00eda hasta el 2118 y en Espa\u00f1a, en 2230.<\/span><\/p>\n<p><span>En M\u00e9xico, ninguna de las empresas principales en la iniciativa privada cuentan con una CEO mujer. En consejos y comit\u00e9s s\u00f3lo abarcan el 6% de los asientos y las presidencias de estos solo cuentan con un 2% de jefas femeninas. Lamentablemente, la situaci\u00f3n no es muy distinta en el resto del globo. <\/span><\/p>\n<p><span>Mucho se habla de programas sociales por la equidad de g\u00e9nero, sin embargo, las estad\u00edsticas muestran que los cambios ocurren de manera lenta o son inexistentes. La problem\u00e1tica es sist\u00e9mica y va m\u00e1s all\u00e1 del <a href=\"https:\/\/runahr.com\/mx\/recursos\/hr-management\/lugar-de-trabajo\/\">lugar de trabajo<\/a>. M\u00e9xico se encuentra ante una crisis en derechos humanos y cuenta con alerta de violencia de g\u00e9nero activa en 12 de sus Estados.<\/span><\/p>\n<p><a href=\"https:\/\/recursos.runahr.com\/brecha-salarial-mx\"><img decoding=\"async\" class=\"alignnone  wp-image-1091518\" src=\"https:\/\/runahr.com\/wp-content\/uploads\/2026\/01\/CMX062-300x119.webp\" alt=\"Descargar Gu\u00eda la brecha salarial de g\u00e9nero en M\u00e9xico\" width=\"1354\" height=\"537\" srcset=\"https:\/\/runahr.com\/wp-content\/uploads\/2026\/01\/CMX062-300x119.webp 300w, https:\/\/runahr.com\/wp-content\/uploads\/2026\/01\/CMX062-1024x406.webp 1024w, https:\/\/runahr.com\/wp-content\/uploads\/2026\/01\/CMX062-768x305.webp 768w, https:\/\/runahr.com\/wp-content\/uploads\/2026\/01\/CMX062-1536x609.webp 1536w, https:\/\/runahr.com\/wp-content\/uploads\/2026\/01\/CMX062-2048x812.webp 2048w\" sizes=\"(max-width: 1354px) 100vw, 1354px\" \/><\/a><\/p>\n<h2>\u00bfQu\u00e9 dice la ley sobre la equidad laboral?<\/h2>\n<p data-sourcepos=\"3:1-3:298\">La legislaci\u00f3n laboral en M\u00e9xico ha evolucionado significativamente en las \u00faltimas d\u00e9cadas, incorporando disposiciones para promover la equidad y no <a href=\"https:\/\/runahr.com\/mx\/recursos\/hr-management\/discriminacion\/\">discriminaci\u00f3n<\/a> en el <a href=\"https:\/\/runahr.com\/mx\/recursos\/hr-management\/ambiente-laboral\/\">ambiente laboral<\/a>. Si bien se han logrado avances importantes, a\u00fan persisten desaf\u00edos y lagunas legales que requieren atenci\u00f3n.<\/p>\n<p data-sourcepos=\"5:1-5:77\">Elementos clave de la legislaci\u00f3n mexicana en materia de equidad laboral:<\/p>\n<ul data-sourcepos=\"7:1-10:0\">\n<li data-sourcepos=\"7:1-7:282\"><strong><a href=\"https:\/\/runahr.com\/mx\/recursos\/aspectos-legales\/ley-federal-del-trabajo-lft\/\">Ley Federal del Trabajo (LFT)<\/a>:<\/strong> Este es el principal marco legal que regula una <a href=\"https:\/\/runahr.com\/mx\/recursos\/hr-management\/relacion-laboral\/\">relaci\u00f3n laboral<\/a> en M\u00e9xico. Aunque no cuenta con un cap\u00edtulo espec\u00edfico dedicado a la equidad, establece diversos principios y normas que buscan garantizar <a href=\"https:\/\/runahr.com\/mx\/recursos\/hr-management\/condiciones-de-trabajo\/\">condiciones de trabajo<\/a> justas y equitativas<\/li>\n<li data-sourcepos=\"8:1-8:270\"><strong><a href=\"https:\/\/www.diputados.gob.mx\/LeyesBiblio\/pdf\/LGIMH.pdf\">Ley General para la Igualdad entre Mujeres y Hombres<\/a>:<\/strong> Esta ley establece el principio de igualdad entre mujeres y hombres en todos los \u00e1mbitos de la vida nacional, incluyendo el laboral. Define la discriminaci\u00f3n y establece mecanismos para prevenirla y eliminarla<\/li>\n<li data-sourcepos=\"9:1-10:0\"><strong><a href=\"https:\/\/www.gob.mx\/inmujeres\/acciones-y-programas\/norma-mexicana-nmx-r-025-scfi-2015-en-igualdad-laboral-y-no-discriminacion#:~:text=y%20No%20Discriminaci%C3%B3n%3F-,La%20Norma%20Mexicana%20NMX%2DR%2D025%2DSCFI%2D2015,de%20las%20y%20los%20trabajadores.\">Norma Mexicana NMX-R-025-SCFI-2015<\/a>:<\/strong> Esta norma es un instrumento voluntario que ofrece a las empresas un marco de referencia para implementar pr\u00e1cticas laborales equitativas y no discriminatorias<\/li>\n<\/ul>\n<p data-sourcepos=\"11:1-11:45\">Aspectos clave que aborda la legislaci\u00f3n:<\/p>\n<ul data-sourcepos=\"13:1-18:0\">\n<li data-sourcepos=\"13:1-13:298\"><strong>No discriminaci\u00f3n:<\/strong> Proh\u00edbe la discriminaci\u00f3n por motivos de raza, origen \u00e9tnico, sexo, <span class=\"citation-0\">g\u00e9nero, edad, discapacidad, <\/span><span class=\"citation-0 citation-1 citation-end-0\">condici\u00f3n social, condiciones de salud, religi\u00f3n, opiniones, preferencias sexuales, estado civil o cualquier<\/span><span class=\"citation-1 citation-end-1\"> otra que atente contra la dignidad<\/span> humana<\/li>\n<li data-sourcepos=\"13:1-13:298\"><strong>Igualdad de oportunidades:<\/strong> Promueve la igualdad de oportunidades en el acceso al empleo, la <a href=\"https:\/\/runahr.com\/mx\/recursos\/hr-management\/capacitacion\/\">capacitaci\u00f3n<\/a>, la <a href=\"https:\/\/runahr.com\/mx\/recursos\/hr-management\/formacion\/\">formaci\u00f3n<\/a>, el <a href=\"https:\/\/runahr.com\/mx\/recursos\/hr-management\/desarrollo-profesional\/\">desarrollo profesional<\/a> y la promoci\u00f3n<\/li>\n<li data-sourcepos=\"15:1-15:125\"><strong><a href=\"https:\/\/runahr.com\/mx\/recursos\/nomina\/remuneraciones\/\">Remuneraci\u00f3n<\/a> equitativa:<\/strong> Exige que se paguen salarios iguales por un trabajo de igual valor, sin discriminaci\u00f3n alguna<\/li>\n<li data-sourcepos=\"16:1-16:165\"><strong>Protecci\u00f3n a grupos vulnerables:<\/strong> Establece medidas especiales para proteger a grupos como mujeres, personas con discapacidad, trabajadores migrantes y j\u00f3venes<\/li>\n<li data-sourcepos=\"17:1-18:0\"><strong>Conciliaci\u00f3n de la <a href=\"https:\/\/runahr.com\/mx\/recursos\/hr-management\/vida-laboral\/https:\/\/runahr.com\/mx\/recursos\/hr-management\/vida-laboral\/\">vida laboral<\/a> y familiar:<\/strong> Fomenta medidas para facilitar la conciliaci\u00f3n de la vida laboral y familiar, especialmente para las mujeres (relacionado a la <a href=\"https:\/\/runahr.com\/mx\/recursos\/aspectos-legales\/incapacidad-por-maternidad\/\">incapacidad por maternidad<\/a> y la <a href=\"https:\/\/runahr.com\/mx\/recursos\/aspectos-legales\/incapacidad-por-paternidad-que-es\/\">incapacidad por paternidad<\/a>)<\/li>\n<\/ul>\n<h2>\u00bfC\u00f3mo solucionar la equidad laboral?<\/h2>\n<p><span>La creaci\u00f3n de estrategias para la equidad laboral es un paso en la direcci\u00f3n correcta. La disparidad de g\u00e9nero se trata de un problema que no distingue clases sociales o de niveles educativos. Por lo que buscar el cambio desde una organizaci\u00f3n es tan relevante y significativo como lo llegan a ser las pol\u00edticas p\u00fablicas que ven por el bien social.<\/span><\/p>\n<p><span>Los <a href=\"https:\/\/runahr.com\/mx\/recursos\/nomina\/beneficios\/\">beneficios<\/a> de acabar con esta disparidad ser\u00edan inmensos; un estudio calcul\u00f3 que de eliminar la <a href=\"https:\/\/runahr.com\/mx\/recursos\/hr-management\/brecha-salarial\/\">brecha salarial<\/a>, los pa\u00edses podr\u00edan aumentar hasta en un 26% su PIB. En menor escala, lograr la paridad en una empresa mediante pol\u00edticas de igualdad puede beneficiar la relaci\u00f3n de los trabajadores, mejorar el <a href=\"https:\/\/runahr.com\/mx\/recursos\/hr-management\/clima-laboral\/\">clima laboral<\/a>, crear un ambiente de seguridad e incluso beneficiar la <a href=\"https:\/\/runahr.com\/mx\/recursos\/hr-management\/imagen-corporativa\/\">imagen corporativa<\/a> de la empresa al adoptar una pol\u00edtica equitativa.<\/span><\/p>\n<p><a href=\"https:\/\/recursos.runahr.com\/guia-de-auditoria-salarial\"><img decoding=\"async\" class=\"alignnone  wp-image-1091502\" src=\"https:\/\/runahr.com\/wp-content\/uploads\/2026\/01\/CMX059-300x118.webp\" alt=\"Descargar Gu\u00eda practica de auditor\u00eda salarial\" width=\"1353\" height=\"532\" srcset=\"https:\/\/runahr.com\/wp-content\/uploads\/2026\/01\/CMX059-300x118.webp 300w, https:\/\/runahr.com\/wp-content\/uploads\/2026\/01\/CMX059-1024x404.webp 1024w, https:\/\/runahr.com\/wp-content\/uploads\/2026\/01\/CMX059-768x303.webp 768w\" sizes=\"(max-width: 1353px) 100vw, 1353px\" \/><\/a><\/p>\n<h2>\u00bfQu\u00e9 puede hacer tu empresa sobre la equidad laboral?<\/h2>\n<p data-sourcepos=\"3:1-3:116\">A continuaci\u00f3n, te presento algunas acciones que una empresa puede implementar para promover la equidad laboral:<\/p>\n<h3 data-sourcepos=\"5:1-5:30\"><strong>An\u00e1lisis y diagn\u00f3stico<\/strong><\/h3>\n<ul data-sourcepos=\"6:1-7:31\">\n<li data-sourcepos=\"6:1-6:223\"><strong>Evaluaci\u00f3n de la situaci\u00f3n actual:<\/strong> Realizar un an\u00e1lisis exhaustivo de las pr\u00e1cticas laborales actuales. Identificando brechas salariales, desigualdades en oportunidades de promoci\u00f3n y cualquier tipo de discriminaci\u00f3n<\/li>\n<li data-sourcepos=\"7:1-7:31\"><strong>Encuestas y focus groups:<\/strong> Invitar a los empleados a participar en encuestas an\u00f3nimas y grupos de enfoque para conocer sus percepciones sobre la equidad en la empresa<\/li>\n<\/ul>\n<h3 data-sourcepos=\"9:1-9:34\"><strong>Pol\u00edticas y procedimientos<\/strong><\/h3>\n<ul data-sourcepos=\"10:1-12:104\">\n<li data-sourcepos=\"10:1-10:147\"><strong>Desarrollo de un plan de igualdad:<\/strong> Crear un plan detallado que establezca objetivos claros y metas medibles para promover la equidad laboral<\/li>\n<li data-sourcepos=\"11:1-11:161\"><strong>Revisi\u00f3n de pol\u00edticas:<\/strong> Asegurarse de que todas las pol\u00edticas de la empresa (<a href=\"https:\/\/runahr.com\/mx\/recursos\/hr-management\/contratacion\/\">contrataci\u00f3n<\/a>, promoci\u00f3n, remuneraci\u00f3n, etc.) sean justas y no discriminatorias<\/li>\n<li data-sourcepos=\"12:1-12:104\"><strong>Creaci\u00f3n de un c\u00f3digo de conducta:<\/strong> Desarrollar un <a href=\"https:\/\/runahr.com\/mx\/recursos\/hr-management\/codigo-de-conducta\/\">c\u00f3digo de conducta<\/a> que proh\u00edba cualquier tipo de discriminaci\u00f3n y acoso en el lugar de trabajo<\/li>\n<li data-sourcepos=\"13:1-14:0\"><strong>Establecimiento de canales de denuncia:<\/strong> Proporcionar mecanismos seguros y confidenciales para que los empleados puedan reportar cualquier incumplimiento de las pol\u00edticas de equidad<\/li>\n<\/ul>\n<h3 data-sourcepos=\"15:1-15:37\"><strong>Capacitaci\u00f3n y concienciaci\u00f3n<\/strong><\/h3>\n<ul data-sourcepos=\"16:1-18:0\">\n<li data-sourcepos=\"16:1-16:159\"><strong>Capacitaci\u00f3n obligatoria:<\/strong> Impartir capacitaci\u00f3n a todos los empleados sobre temas relacionados con la <a href=\"https:\/\/runahr.com\/mx\/recursos\/hr-management\/diversidad-cultural\/\">diversidad cultural<\/a>, la <a href=\"https:\/\/runahr.com\/mx\/recursos\/hr-management\/inclusion\/\">inclusi\u00f3n<\/a> y la prevenci\u00f3n del <a href=\"https:\/\/runahr.com\/mx\/recursos\/hr-management\/acoso-laboral\/\">acoso laboral<\/a><\/li>\n<li data-sourcepos=\"17:1-18:0\"><strong>Programas de sensibilizaci\u00f3n:<\/strong> Organizar talleres y actividades para fomentar una cultura de respeto y tolerancia en el lugar de trabajo<\/li>\n<\/ul>\n<h3 data-sourcepos=\"19:1-19:46\"><strong>Pr\u00e1cticas de reclutamiento y selecci\u00f3n de personal<\/strong><\/h3>\n<ul data-sourcepos=\"20:1-20:1\">\n<li data-sourcepos=\"20:1-20:1\"><strong><a href=\"https:\/\/runahr.com\/mx\/recursos\/hr-management\/descripcion-de-puestos\/\">Descripci\u00f3n de puestos<\/a> neutros:<\/strong> Eliminar cualquier lenguaje que pueda sugerir preferencias por un g\u00e9nero o grupo en particular en las descripciones de los puestos<\/li>\n<li data-sourcepos=\"21:1-21:157\"><strong>Diversidad en los paneles de entrevista:<\/strong> Asegurarse de que los paneles de <a href=\"https:\/\/runahr.com\/mx\/recursos\/hr-management\/entrevista\/\">entrevista<\/a> est\u00e9n compuestos por personas de diversos or\u00edgenes y perspectivas<\/li>\n<li data-sourcepos=\"22:1-23:0\"><strong>Uso de herramientas de evaluaci\u00f3n objetivas:<\/strong> Utilizar pruebas y evaluaciones que midan las <a href=\"https:\/\/runahr.com\/mx\/recursos\/hr-management\/habilidades-blandas-y-duras\/\">habilidades blandas y duras<\/a> y competencias requeridas para el puesto, evitando sesgos inconscientes<\/li>\n<\/ul>\n<h3 data-sourcepos=\"24:1-24:30\"><strong>Desarrollo profesional<\/strong><\/h3>\n<ul data-sourcepos=\"25:1-25:147\">\n<li data-sourcepos=\"25:1-25:147\"><strong>Programas de mentoring y <a href=\"https:\/\/runahr.com\/mx\/recursos\/hr-management\/coaching\/\">coaching<\/a>:<\/strong> Implementar programas de <a href=\"https:\/\/runahr.com\/mx\/recursos\/hr-management\/mentoria\/\">mentor\u00eda<\/a> y <a href=\"https:\/\/runahr.com\/mx\/recursos\/hr-management\/coaching-empresarial\/\">coaching empresarial<\/a> para apoyar el desarrollo profesional de todos los empleados. Independientemente de su g\u00e9nero, origen \u00e9tnico o cualquier otra caracter\u00edstica<\/li>\n<li data-sourcepos=\"26:1-27:0\"><strong>Oportunidades de capacitaci\u00f3n:<\/strong> Ofrecer oportunidades de capacitaci\u00f3n y desarrollo profesional a todos los empleados, sin discriminaci\u00f3n<\/li>\n<\/ul>\n<h3 data-sourcepos=\"28:1-28:35\"><strong>Reconocimiento y recompensa<\/strong><\/h3>\n<ul data-sourcepos=\"29:1-31:0\">\n<li data-sourcepos=\"29:1-29:218\"><strong>Sistemas de <a href=\"https:\/\/runahr.com\/mx\/recursos\/hr-management\/evaluacion-de-desempeno\/\">evaluaci\u00f3n de desempe\u00f1o<\/a> transparentes:<\/strong> Implementar sistemas de evaluaci\u00f3n de desempe\u00f1o en sus planes de <a href=\"https:\/\/runahr.com\/mx\/recursos\/hr-management\/desempeno\/\">desempe\u00f1o<\/a> transparentes y objetivos, que reconozcan y dan <a href=\"https:\/\/runahr.com\/mx\/recursos\/hr-management\/recompensas\/\">recompensas<\/a> a\u00a0 los logros de todos los empleados de manera equitativa<\/li>\n<li data-sourcepos=\"30:1-31:0\"><strong>Programas de <a href=\"https:\/\/runahr.com\/mx\/recursos\/hr-management\/reconocimiento\/\">reconocimiento<\/a>:<\/strong> Crear programas de reconocimiento que celebren los logros de los empleados y promuevan una <a href=\"https:\/\/runahr.com\/mx\/recursos\/hr-management\/cultura-organizacional\/\">cultura organizacional<\/a> de agradecimiento<\/li>\n<\/ul>\n<h3 data-sourcepos=\"32:1-32:31\"><strong>Medidas de flexibilidad<\/strong><\/h3>\n<ul data-sourcepos=\"33:1-33:25\">\n<li data-sourcepos=\"33:1-33:25\"><strong><a href=\"https:\/\/runahr.com\/mx\/recursos\/hr-management\/horarios-flexibles\/\">Horarios flexibles<\/a>:<\/strong> Ofrecer opciones de horarios flexibles o <a href=\"https:\/\/runahr.com\/mx\/recursos\/nomina\/horario-laboral\/\">horario laboral<\/a> con mayor <a href=\"https:\/\/runahr.com\/mx\/recursos\/hr-management\/flexibilidad\/\">flexibilidad<\/a> para facilitar la conciliaci\u00f3n de la vida laboral y familiar<\/li>\n<li data-sourcepos=\"34:1-35:0\"><strong><a href=\"https:\/\/runahr.com\/mx\/recursos\/hr-management\/teletrabajo\/\">Teletrabajo<\/a>:<\/strong> Permitir el teletrabajo cuando sea posible, para aumentar la flexibilidad y reducir las barreras para ciertos grupos de empleados<\/li>\n<\/ul>\n<p><a href=\"https:\/\/recursos.runahr.com\/plantilla-de-auditoria-salarial\"><img loading=\"lazy\" decoding=\"async\" class=\"alignnone  wp-image-1091958\" src=\"https:\/\/runahr.com\/wp-content\/uploads\/2026\/01\/CMX120-300x118.webp\" alt=\"Descargar Plantilla de auditoria salarial\" width=\"1355\" height=\"533\" srcset=\"https:\/\/runahr.com\/wp-content\/uploads\/2026\/01\/CMX120-300x118.webp 300w, https:\/\/runahr.com\/wp-content\/uploads\/2026\/01\/CMX120-1024x404.webp 1024w, https:\/\/runahr.com\/wp-content\/uploads\/2026\/01\/CMX120-768x303.webp 768w\" sizes=\"(max-width: 1355px) 100vw, 1355px\" \/><\/a><\/p>\n<h2>Preguntas frecuentes<\/h2>\n<h4><strong>\u00bfCu\u00e1l es la diferencia entre la equidad laboral y el derecho laboral?<\/strong><\/h4>\n<p><span>El <a href=\"https:\/\/runahr.com\/mx\/recursos\/aspectos-legales\/derecho-laboral\/\">derecho laboral<\/a> es un conjunto de leyes y normas que regulan las relaciones entre empleadores y trabajadores, estableciendo derechos y obligaciones para ambas partes. La equidad laboral, por otro lado, es un concepto m\u00e1s amplio que busca garantizar que todos los empleados tengan las mismas oportunidades, independientemente de su g\u00e9nero, raza, edad, religi\u00f3n u otros factores. Mientras el derecho laboral establece un marco legal, la equidad laboral se enfoca en la justicia y la igualdad en la pr\u00e1ctica.<\/span><\/p>\n<h4><strong>\u00bfC\u00f3mo se relaciona la equidad laboral y la selecci\u00f3n de personal?<\/strong><\/h4>\n<p><span>La <a href=\"https:\/\/runahr.com\/mx\/recursos\/hr-management\/seleccion-de-personal\/\">selecci\u00f3n de personal<\/a> es un punto crucial para promover la equidad laboral. Al dise\u00f1ar procesos de selecci\u00f3n justos e inclusivos durante el <a href=\"https:\/\/runahr.com\/mx\/recursos\/hr-management\/reclutamiento\/\">reclutamiento<\/a>,\u00a0 las empresas pueden garantizar que las oportunidades de empleo se distribuyan equitativamente. Esto implica evitar la discriminaci\u00f3n, valorar la diversidad y buscar candidatos con diferentes perfiles y experiencias. Una selecci\u00f3n equitativa contribuye a construir equipos m\u00e1s diversos y talentosos.<\/span><\/p>\n<h4><strong>\u00bfDe qu\u00e9 forma impacta la equidad laboral en los honorarios?<\/strong><\/h4>\n<p><span>La equidad laboral busca eliminar las brechas salariales basadas en el g\u00e9nero, la raza o cualquier otro factor irrelevante para el <a href=\"https:\/\/runahr.com\/mx\/recursos\/hr-management\/rendimiento\/\">rendimiento<\/a> del trabajo. Esto significa que las personas que realizan tareas de igual valor deben recibir <a href=\"https:\/\/runahr.com\/mx\/recursos\/nomina\/honorarios\/\">honorarios<\/a> similares. Al promover la equidad salarial, las empresas no solo cumplen con la ley, sino que tambi\u00e9n aumentan la <a href=\"https:\/\/runahr.com\/mx\/recursos\/nomina\/insatisfaccion-laboral\/\">satisfacci\u00f3n laboral<\/a> y fortalecen su compromiso con la organizaci\u00f3n.<\/span><\/p>\n<h4><strong>\u00bfCu\u00e1l es la relaci\u00f3n entre carta de recomendaci\u00f3n y equidad laboral?<\/strong><\/h4>\n<p><span>Las cartas de recomendaci\u00f3n pueden influir en la percepci\u00f3n que se tiene de un candidato para una <a href=\"https:\/\/runahr.com\/mx\/recursos\/hr-management\/vacante\/\">vacante<\/a> y, por lo tanto, pueden afectar las oportunidades de empleo. Para promover la equidad laboral, es importante que la <a href=\"https:\/\/runahr.com\/mx\/recursos\/hr-management\/carta-de-recomendacion\/\">carta de recomendaci\u00f3n<\/a> se enfoque en las <a href=\"https:\/\/runahr.com\/mx\/recursos\/hr-management\/habilidades-blandas-y-duras\/\">habilidades blandas y duras<\/a> y experiencias relevantes para el puesto, evitando juicios de valor subjetivos o estereotipos. Adem\u00e1s, es recomendable solicitar m\u00faltiples referencias para obtener una visi\u00f3n m\u00e1s completa del <a href=\"https:\/\/runahr.com\/mx\/recursos\/hr-management\/candidato\/\">candidato<\/a>.<\/span><\/p>\n<h4><strong>\u00bfC\u00f3mo influye recursos humanos en la equidad laboral?<\/strong><\/h4>\n<p><span>El departamento de <a href=\"https:\/\/runahr.com\/mx\/recursos\/hr-management\/recursos-humanos-en-una-empresa\/\">recursos humanos<\/a> juega un papel fundamental en la promoci\u00f3n de la equidad laboral. Sus funciones incluyen desarrollar pol\u00edticas y procedimientos inclusivos, implementar programas de capacitaci\u00f3n en diversidad e inclusi\u00f3n, realizar auditor\u00edas salariales y gestionar las quejas relacionadas con discriminaci\u00f3n. Recursos humanos debe actuar como un agente de cambio y garantizar que la equidad laboral sea una prioridad en toda la organizaci\u00f3n.<\/span><\/p>\n<h4><strong>\u00bfEn qu\u00e9 sentido repercute la equidad laboral en la productividad?<\/strong><\/h4>\n<p><span>La equidad laboral tiene un impacto positivo en la <a href=\"https:\/\/runahr.com\/mx\/recursos\/hr-management\/productividad\/\">productividad<\/a> de las empresas. Cuando los empleados se sienten valorados, respetados y tienen igualdad de oportunidades, est\u00e1n m\u00e1s motivados y comprometidos con su trabajo. Esto se traduce en una mayor productividad, menor <a href=\"https:\/\/runahr.com\/mx\/recursos\/hr-management\/que-es-la-rotacion-personal\/\">rotaci\u00f3n de personal<\/a> y una mejor calidad en los productos y servicios. Adem\u00e1s, la diversidad de perspectivas y experiencias que se promueve con la equidad laboral puede generar <a href=\"https:\/\/runahr.com\/mx\/recursos\/nomina\/innovacion\/\">innovaci\u00f3n<\/a> y soluciones m\u00e1s creativas.<\/span><\/p>\n<h4><strong>\u00bfCu\u00e1l es el v\u00ednculo entre salario m\u00ednimo y equidad laboral?<\/strong><\/h4>\n<p><span>El <a href=\"https:\/\/runahr.com\/mx\/recursos\/nomina\/salario-minimo\/\">salario m\u00ednimo<\/a> es una herramienta fundamental para garantizar condiciones laborales justas y dignas. Sin embargo, aunque establecer un salario m\u00ednimo es un primer paso, no garantiza por s\u00ed solo la equidad laboral. La equidad implica ir m\u00e1s all\u00e1 del cumplimiento de la ley y buscar una distribuci\u00f3n equitativa de los recursos y las oportunidades dentro de una organizaci\u00f3n. Es decir, el salario m\u00ednimo es un piso, pero la equidad laboral busca construir un edificio donde todos los empleados tengan las mismas posibilidades de desarrollo y <a href=\"https:\/\/runahr.com\/mx\/recursos\/hr-management\/crecimiento-profesional\/\">crecimiento profesional<\/a>.<\/span><\/p>\n","protected":false},"excerpt":{"rendered":"<p>En el mundo, el tema de disparidad de g\u00e9nero ha ganado una voz m\u00e1s fuerte d\u00eda a d\u00eda. Tema de relevancia social, cultural y econ\u00f3mica, la equidad laboral se ha vuelto de cierta manera una forma de medir el desarrollo de un pa\u00eds y su gesti\u00f3n en materia de derechos humanos. \u00bfQu\u00e9 es la equidad [&hellip;]<\/p>\n","protected":false},"author":2,"featured_media":1031072,"comment_status":"closed","ping_status":"closed","sticky":false,"template":"","format":"standard","meta":{"_acf_changed":false,"_wp_applaud_exclude":false,"footnotes":""},"categories":[189,190],"tags":[1297,418],"class_list":["post-2214","post","type-post","status-publish","format-standard","has-post-thumbnail","hentry","category-hr-management","category-recursos","tag-articulo","tag-aspectos-legales"],"acf":[],"yoast_head":"<!-- This site is optimized with the Yoast SEO Premium plugin v26.1 (Yoast SEO v27.5) - https:\/\/yoast.com\/product\/yoast-seo-premium-wordpress\/ -->\n<title>Equidad laboral: \u00bfQu\u00e9 es? y \u00bfC\u00f3mo solucionarlo? | Runa HR<\/title>\n<meta name=\"description\" content=\"Se considera que el n\u00famero de puestos liderados por hombres y mujeres sea equitativo. Los RRHH est\u00e1n obligados a aplicar la equidad laboral.\" \/>\n<meta name=\"robots\" content=\"index, follow, max-snippet:-1, max-image-preview:large, max-video-preview:-1\" \/>\n<link rel=\"canonical\" href=\"https:\/\/runahr.com\/mx\/recursos\/hr-management\/equidad-laboral-en-mexico\/\" \/>\n<meta property=\"og:locale\" content=\"es_MX\" \/>\n<meta property=\"og:type\" content=\"article\" \/>\n<meta property=\"og:title\" content=\"Equidad laboral: \u00bfQu\u00e9 es? y \u00bfC\u00f3mo solucionarlo? | MX | Runa HR\" \/>\n<meta property=\"og:description\" content=\"Se considera que el n\u00famero de puestos liderados por hombres y mujeres sea equitativo. Los RRHH est\u00e1n obligados a aplicar la equidad laboral.\" \/>\n<meta property=\"og:url\" content=\"https:\/\/runahr.com\/mx\/recursos\/hr-management\/equidad-laboral-en-mexico\/\" \/>\n<meta property=\"og:site_name\" content=\"Runa HR\" \/>\n<meta property=\"article:publisher\" content=\"https:\/\/www.facebook.com\/runahr\/\" \/>\n<meta property=\"article:published_time\" content=\"2017-12-16T04:35:19+00:00\" \/>\n<meta property=\"article:modified_time\" content=\"2026-02-01T19:41:48+00:00\" \/>\n<meta property=\"og:image\" content=\"https:\/\/runahr.com\/wp-content\/uploads\/2025\/04\/image-2.png\" \/>\n\t<meta property=\"og:image:width\" content=\"512\" \/>\n\t<meta property=\"og:image:height\" content=\"286\" \/>\n\t<meta property=\"og:image:type\" content=\"image\/png\" \/>\n<meta name=\"author\" content=\"Runa HR\" \/>\n<meta name=\"twitter:card\" content=\"summary_large_image\" \/>\n<meta name=\"twitter:title\" content=\"Runa HR | Gesti\u00f3n de Recursos Humanos: Equidad laboral.\" \/>\n<meta name=\"twitter:description\" content=\"Se considera que el n\u00famero de puestos liderados por hombres y mujeres sea equitativo, pero el talento humano no depende de g\u00e9nero. Los rrhh est\u00e1n obligados a aplicar la equidad laboral.\" \/>\n<meta name=\"twitter:creator\" content=\"@runahr\" \/>\n<meta name=\"twitter:site\" content=\"@runahr\" \/>\n<meta name=\"twitter:label1\" content=\"Escrito por\" \/>\n\t<meta name=\"twitter:data1\" content=\"Runa HR\" \/>\n\t<meta name=\"twitter:label2\" content=\"Tiempo de lectura\" \/>\n\t<meta name=\"twitter:data2\" content=\"10 minutos\" \/>\n<!-- \/ Yoast SEO Premium plugin. -->","yoast_head_json":{"title":"Equidad laboral: \u00bfQu\u00e9 es? y \u00bfC\u00f3mo solucionarlo? | Runa HR","description":"Se considera que el n\u00famero de puestos liderados por hombres y mujeres sea equitativo. Los RRHH est\u00e1n obligados a aplicar la equidad laboral.","robots":{"index":"index","follow":"follow","max-snippet":"max-snippet:-1","max-image-preview":"max-image-preview:large","max-video-preview":"max-video-preview:-1"},"canonical":"https:\/\/runahr.com\/mx\/recursos\/hr-management\/equidad-laboral-en-mexico\/","og_locale":"es_MX","og_type":"article","og_title":"Equidad laboral: \u00bfQu\u00e9 es? y \u00bfC\u00f3mo solucionarlo? | MX | Runa HR","og_description":"Se considera que el n\u00famero de puestos liderados por hombres y mujeres sea equitativo. Los RRHH est\u00e1n obligados a aplicar la equidad laboral.","og_url":"https:\/\/runahr.com\/mx\/recursos\/hr-management\/equidad-laboral-en-mexico\/","og_site_name":"Runa HR","article_publisher":"https:\/\/www.facebook.com\/runahr\/","article_published_time":"2017-12-16T04:35:19+00:00","article_modified_time":"2026-02-01T19:41:48+00:00","og_image":[{"width":512,"height":286,"url":"https:\/\/runahr.com\/wp-content\/uploads\/2025\/04\/image-2.png","type":"image\/png"}],"author":"Runa HR","twitter_card":"summary_large_image","twitter_title":"Runa HR | Gesti\u00f3n de Recursos Humanos: Equidad laboral.","twitter_description":"Se considera que el n\u00famero de puestos liderados por hombres y mujeres sea equitativo, pero el talento humano no depende de g\u00e9nero. Los rrhh est\u00e1n obligados a aplicar la equidad laboral.","twitter_creator":"@runahr","twitter_site":"@runahr","twitter_misc":{"Escrito por":"Runa HR","Tiempo de lectura":"10 minutos"},"schema":{"@context":"https:\/\/schema.org","@graph":[{"@type":"Article","@id":"https:\/\/runahr.com\/mx\/recursos\/hr-management\/equidad-laboral-en-mexico\/#article","isPartOf":{"@id":"https:\/\/runahr.com\/mx\/recursos\/hr-management\/equidad-laboral-en-mexico\/"},"author":{"name":"Runa HR","@id":"https:\/\/runahr.com\/mx\/#\/schema\/person\/48bc8e24ad03cc8f426d7d8c9867bc83"},"headline":"Equidad laboral: \u00bfQu\u00e9 es? y \u00bfC\u00f3mo solucionarlo?","datePublished":"2017-12-16T04:35:19+00:00","dateModified":"2026-02-01T19:41:48+00:00","mainEntityOfPage":{"@id":"https:\/\/runahr.com\/mx\/recursos\/hr-management\/equidad-laboral-en-mexico\/"},"wordCount":1961,"publisher":{"@id":"https:\/\/runahr.com\/mx\/#organization"},"image":{"@id":"https:\/\/runahr.com\/mx\/recursos\/hr-management\/equidad-laboral-en-mexico\/#primaryimage"},"thumbnailUrl":"https:\/\/runahr.com\/wp-content\/uploads\/2025\/09\/Equidad-laboral-Que-es-y-Como-solucionarlo.svg","keywords":["Art\u00edculo","Aspectos Legales"],"articleSection":["HR Management","Recursos"],"inLanguage":"es"},{"@type":"WebPage","@id":"https:\/\/runahr.com\/mx\/recursos\/hr-management\/equidad-laboral-en-mexico\/","url":"https:\/\/runahr.com\/mx\/recursos\/hr-management\/equidad-laboral-en-mexico\/","name":"Equidad laboral: \u00bfQu\u00e9 es? y \u00bfC\u00f3mo solucionarlo? | Runa HR","isPartOf":{"@id":"https:\/\/runahr.com\/mx\/#website"},"primaryImageOfPage":{"@id":"https:\/\/runahr.com\/mx\/recursos\/hr-management\/equidad-laboral-en-mexico\/#primaryimage"},"image":{"@id":"https:\/\/runahr.com\/mx\/recursos\/hr-management\/equidad-laboral-en-mexico\/#primaryimage"},"thumbnailUrl":"https:\/\/runahr.com\/wp-content\/uploads\/2025\/09\/Equidad-laboral-Que-es-y-Como-solucionarlo.svg","datePublished":"2017-12-16T04:35:19+00:00","dateModified":"2026-02-01T19:41:48+00:00","description":"Se considera que el n\u00famero de puestos liderados por hombres y mujeres sea equitativo. Los RRHH est\u00e1n obligados a aplicar la equidad laboral.","breadcrumb":{"@id":"https:\/\/runahr.com\/mx\/recursos\/hr-management\/equidad-laboral-en-mexico\/#breadcrumb"},"inLanguage":"es","potentialAction":[{"@type":"ReadAction","target":["https:\/\/runahr.com\/mx\/recursos\/hr-management\/equidad-laboral-en-mexico\/"]}]},{"@type":"ImageObject","inLanguage":"es","@id":"https:\/\/runahr.com\/mx\/recursos\/hr-management\/equidad-laboral-en-mexico\/#primaryimage","url":"https:\/\/runahr.com\/wp-content\/uploads\/2025\/09\/Equidad-laboral-Que-es-y-Como-solucionarlo.svg","contentUrl":"https:\/\/runahr.com\/wp-content\/uploads\/2025\/09\/Equidad-laboral-Que-es-y-Como-solucionarlo.svg","width":1090,"height":476,"caption":"personas en equidad salarial"},{"@type":"BreadcrumbList","@id":"https:\/\/runahr.com\/mx\/recursos\/hr-management\/equidad-laboral-en-mexico\/#breadcrumb","itemListElement":[{"@type":"ListItem","position":1,"name":"Home","item":"https:\/\/runahr.com\/mx\/"},{"@type":"ListItem","position":2,"name":"Recursos","item":"https:\/\/runahr.com\/mx\/category\/recursos\/"},{"@type":"ListItem","position":3,"name":"HR Management","item":"https:\/\/runahr.com\/mx\/category\/recursos\/hr-management\/"},{"@type":"ListItem","position":4,"name":"Equidad laboral: \u00bfQu\u00e9 es? y \u00bfC\u00f3mo solucionarlo?"}]},{"@type":"WebSite","@id":"https:\/\/runahr.com\/mx\/#website","url":"https:\/\/runahr.com\/mx\/","name":"Runa HR","description":"Software de N\u00f3mina y Gesti\u00f3n de RRHH","publisher":{"@id":"https:\/\/runahr.com\/mx\/#organization"},"potentialAction":[{"@type":"SearchAction","target":{"@type":"EntryPoint","urlTemplate":"https:\/\/runahr.com\/mx\/?s={search_term_string}"},"query-input":{"@type":"PropertyValueSpecification","valueRequired":true,"valueName":"search_term_string"}}],"inLanguage":"es"},{"@type":"Organization","@id":"https:\/\/runahr.com\/mx\/#organization","name":"Runa HR","url":"https:\/\/runahr.com\/mx\/","logo":{"@type":"ImageObject","inLanguage":"es","@id":"https:\/\/runahr.com\/mx\/#\/schema\/logo\/image\/","url":"https:\/\/runahr.com\/wp-content\/uploads\/2018\/05\/xDzHFcQY_400x400.jpg","contentUrl":"https:\/\/runahr.com\/wp-content\/uploads\/2018\/05\/xDzHFcQY_400x400.jpg","width":400,"height":400,"caption":"Runa HR"},"image":{"@id":"https:\/\/runahr.com\/mx\/#\/schema\/logo\/image\/"},"sameAs":["https:\/\/www.facebook.com\/runahr\/","https:\/\/x.com\/runahr","https:\/\/www.instagram.com\/runahr\/","https:\/\/mx.linkedin.com\/company\/runahr","https:\/\/www.youtube.com\/channel\/UCAZ21FupFMLIb1c7PPaU6Ew"]},{"@type":"Person","@id":"https:\/\/runahr.com\/mx\/#\/schema\/person\/48bc8e24ad03cc8f426d7d8c9867bc83","name":"Runa HR","image":{"@type":"ImageObject","inLanguage":"es","@id":"https:\/\/secure.gravatar.com\/avatar\/0f5e3da5817edb54f2baf42e521fcc5bf236eed18b9dca62e6fa95f35ad83b5a?s=96&d=mm&r=g","url":"https:\/\/secure.gravatar.com\/avatar\/0f5e3da5817edb54f2baf42e521fcc5bf236eed18b9dca62e6fa95f35ad83b5a?s=96&d=mm&r=g","contentUrl":"https:\/\/secure.gravatar.com\/avatar\/0f5e3da5817edb54f2baf42e521fcc5bf236eed18b9dca62e6fa95f35ad83b5a?s=96&d=mm&r=g","caption":"Runa HR"},"sameAs":["https:\/\/runahr.com"],"url":"https:\/\/runahr.com\/mx\/author\/runahr\/"}]}},"_links":{"self":[{"href":"https:\/\/runahr.com\/mx\/wp-json\/wp\/v2\/posts\/2214","targetHints":{"allow":["GET"]}}],"collection":[{"href":"https:\/\/runahr.com\/mx\/wp-json\/wp\/v2\/posts"}],"about":[{"href":"https:\/\/runahr.com\/mx\/wp-json\/wp\/v2\/types\/post"}],"author":[{"embeddable":true,"href":"https:\/\/runahr.com\/mx\/wp-json\/wp\/v2\/users\/2"}],"replies":[{"embeddable":true,"href":"https:\/\/runahr.com\/mx\/wp-json\/wp\/v2\/comments?post=2214"}],"version-history":[{"count":0,"href":"https:\/\/runahr.com\/mx\/wp-json\/wp\/v2\/posts\/2214\/revisions"}],"wp:featuredmedia":[{"embeddable":true,"href":"https:\/\/runahr.com\/mx\/wp-json\/wp\/v2\/media\/1031072"}],"wp:attachment":[{"href":"https:\/\/runahr.com\/mx\/wp-json\/wp\/v2\/media?parent=2214"}],"wp:term":[{"taxonomy":"category","embeddable":true,"href":"https:\/\/runahr.com\/mx\/wp-json\/wp\/v2\/categories?post=2214"},{"taxonomy":"post_tag","embeddable":true,"href":"https:\/\/runahr.com\/mx\/wp-json\/wp\/v2\/tags?post=2214"}],"curies":[{"name":"wp","href":"https:\/\/api.w.org\/{rel}","templated":true}]}}