{"id":230710,"date":"2021-10-13T17:28:16","date_gmt":"2021-10-13T22:28:16","guid":{"rendered":"https:\/\/runahr.com\/?p=230710"},"modified":"2026-02-13T17:02:45","modified_gmt":"2026-02-13T23:02:45","slug":"como-dar-malas-noticias-en-el-trabajo","status":"publish","type":"post","link":"https:\/\/runahr.com\/mx\/recursos\/hr-management\/como-dar-malas-noticias-en-el-trabajo\/","title":{"rendered":"\u00bfC\u00f3mo dar malas noticias en el trabajo?"},"content":{"rendered":"<h2><span>\u00bfC\u00f3mo dar malas noticias?<\/span><\/h2>\n<p><span>La pandemia de COVID-19 ha tra\u00eddo distintos resultados para las empresas. Algunas empresas, principalmente las que tienen un enfoque digital, supieron adaptarse r\u00e1pidamente y ofrecer a las personas los productos y servicios que necesitaban en el momento correcto. Otras, en cambio, tuvieron que detener sus operaciones durante varios meses y restablecer su servicio de manera escalada. Y est\u00e1n los negocios que debido al tiempo que ha durado esta situaci\u00f3n tuvieron que cerrar permanentemente.<\/span><\/p>\n<p><a href=\"https:\/\/runahr.com\/mx\/recursos\/hr-management\/estrategias-de-rrhh-en-tiempos-de-crisis\/\"><img fetchpriority=\"high\" decoding=\"async\" class=\"alignnone  wp-image-1093350\" src=\"https:\/\/runahr.com\/wp-content\/uploads\/2026\/01\/CMX293-300x119.webp\" alt=\"Ver ahora Webinar: Estrategia de RRHH en tiempos de crisis\" width=\"915\" height=\"363\" srcset=\"https:\/\/runahr.com\/wp-content\/uploads\/2026\/01\/CMX293-300x119.webp 300w, https:\/\/runahr.com\/wp-content\/uploads\/2026\/01\/CMX293-1024x405.webp 1024w, https:\/\/runahr.com\/wp-content\/uploads\/2026\/01\/CMX293-768x304.webp 768w, https:\/\/runahr.com\/wp-content\/uploads\/2026\/01\/CMX293-1536x607.webp 1536w\" sizes=\"(max-width: 915px) 100vw, 915px\" \/><\/a><\/p>\n<p><span>Esto ha provocado que las malas noticias en el trabajo se convierta en una situaci\u00f3n m\u00e1s com\u00fan de lo que nos gustar\u00eda. Sin embargo, \u00bfhay una buena forma de hacer este proceso menos doloroso para los colaboradores y l\u00edderes? La respuesta es s\u00ed. <\/span><\/p>\n<p><span>La revista <a href=\"https:\/\/www.psychologytoday.com\/mx\">Psicology Today<\/a> recomienda cinco pasos:<\/span><\/p>\n<ol>\n<li style=\"font-weight: 400;\" aria-level=\"1\"><b>Di, por lo menos, una parte de la verdad.<\/b><span> Las personas quieren saber lo que verdaderamente est\u00e1 pasando. Si la empresa pasa por una situaci\u00f3n econ\u00f3mica complicada, comun\u00edcalo as\u00ed. Si el desempe\u00f1o de una persona no est\u00e1 siendo bueno tambi\u00e9n expr\u00e9salo. Es importante que las personas sepan lo que en realidad est\u00e1 ocurriendo.<\/span><\/li>\n<li style=\"font-weight: 400;\" aria-level=\"1\"><b>Endulza tus palabras, si piensas que las personas no podr\u00e1n manejarlas<\/b><span>. Ser honesto no significa ser hiriente. Por ejemplo, si tuviste que llevar a cabo recortes en la empresa por motivos financieros, es importante que le digas a las personas que est\u00e1n siendo finiquitadas que su trabajo es bueno, pero que su perfil no es el que la organizaci\u00f3n requiere actualmente. En un caso como este podr\u00edas proponer apoyarlos en conseguir un nuevo empleo a trav\u00e9s de recomendaciones.<\/span><\/li>\n<li style=\"font-weight: 400;\" aria-level=\"1\"><b>Sigue los principios de la teor\u00eda de la cortes\u00eda<\/b><span>. \u00bfEsto qu\u00e9 significa? La teor\u00eda de la cortes\u00eda se enfoca en la protecci\u00f3n de la imagen de las personas. Si alguien no alcanzara sus objetivos de desempe\u00f1o y tuviera que salir de la empresa, por ejemplo, el l\u00edder podr\u00eda tomar la decisi\u00f3n de no comunicar el motivo de la salida de esta persona al resto de sus colaboradores para evitar que se queden con una imagen negativa del compa\u00f1ero que est\u00e1 saliendo de la organizaci\u00f3n.<\/span><\/li>\n<li style=\"font-weight: 400;\" aria-level=\"1\"><b>T\u00f3mate tiempo para preparar tus mensajes<\/b><span>. Es necesario invertir m\u00e1s tiempo en elaborar un discurso cuando lo que se comunicar\u00e1n son malas noticias. Un <\/span><a href=\"https:\/\/runahr.com\/mx\/hr-management\/feedback-laboral-efectivo\/\"><span>feedback negativo<\/span><\/a><span> tiene efectos mucho m\u00e1s contundentes sobre las personas que uno positivo. Por ello es importante que selecciones con cuidado las palabras que utilizar\u00e1s, el tono y el ritmo. Es fundamental asegurarse de que las personas entienden lo que est\u00e1s diciendo y considerar cu\u00e1les pueden ser sus dudas para preparar las respuestas con anticipaci\u00f3n.<\/span><\/li>\n<li style=\"font-weight: 400;\" aria-level=\"1\"><b>Ap\u00f3yate de tus colegas<\/b>. \u00bfAlguno de tus compa\u00f1eros juega un papel importante en la informaci\u00f3n que est\u00e1s comunicando? Coord\u00ednate con \u00e9l y compartan las noticias juntos.<\/li>\n<\/ol>\n<p><a href=\"https:\/\/recursos.runahr.com\/checklist-de-offboarding-de-empleados\"><img decoding=\"async\" class=\"alignnone  wp-image-1091758\" src=\"https:\/\/runahr.com\/wp-content\/uploads\/2026\/01\/CMX094-300x118.webp\" alt=\"Descargar Checklist de offboarding\" width=\"915\" height=\"360\" srcset=\"https:\/\/runahr.com\/wp-content\/uploads\/2026\/01\/CMX094-300x118.webp 300w, https:\/\/runahr.com\/wp-content\/uploads\/2026\/01\/CMX094-1024x404.webp 1024w, https:\/\/runahr.com\/wp-content\/uploads\/2026\/01\/CMX094-768x303.webp 768w, https:\/\/runahr.com\/wp-content\/uploads\/2026\/01\/CMX094-1536x606.webp 1536w, https:\/\/runahr.com\/wp-content\/uploads\/2026\/01\/CMX094-2048x808.webp 2048w\" sizes=\"(max-width: 915px) 100vw, 915px\" \/><\/a><\/p>\n","protected":false},"excerpt":{"rendered":"<p>\u00bfC\u00f3mo dar malas noticias? La pandemia de COVID-19 ha tra\u00eddo distintos resultados para las empresas. Algunas empresas, principalmente las que tienen un enfoque digital, supieron adaptarse r\u00e1pidamente y ofrecer a las personas los productos y servicios que necesitaban en el momento correcto. Otras, en cambio, tuvieron que detener sus operaciones durante varios meses y restablecer [&hellip;]<\/p>\n","protected":false},"author":87,"featured_media":1049094,"comment_status":"closed","ping_status":"closed","sticky":false,"template":"","format":"standard","meta":{"_acf_changed":false,"_wp_applaud_exclude":false,"footnotes":""},"categories":[189,190],"tags":[834],"class_list":["post-230710","post","type-post","status-publish","format-standard","has-post-thumbnail","hentry","category-hr-management","category-recursos","tag-hr-management"],"acf":[],"yoast_head":"<!-- This site is optimized with the Yoast SEO Premium plugin v26.1 (Yoast SEO v27.4) - https:\/\/yoast.com\/product\/yoast-seo-premium-wordpress\/ -->\n<title>\u00bfC\u00f3mo dar malas noticias laborales? | Runa HR<\/title>\n<meta name=\"description\" content=\"Las malas noticias laborales son de lo mas com\u00fan de lo que nos gustar\u00eda, sin embargo hay formas de hacer este proceso menos doloroso.\" \/>\n<meta name=\"robots\" content=\"index, follow, max-snippet:-1, max-image-preview:large, max-video-preview:-1\" \/>\n<link rel=\"canonical\" href=\"https:\/\/runahr.com\/mx\/recursos\/hr-management\/como-dar-malas-noticias-en-el-trabajo\/\" \/>\n<meta property=\"og:locale\" content=\"es_MX\" \/>\n<meta property=\"og:type\" content=\"article\" \/>\n<meta property=\"og:title\" content=\"\u00bfC\u00f3mo dar malas noticias en el trabajo? | MX | Runa HR\" \/>\n<meta property=\"og:description\" content=\"Las malas noticias laborales son de lo mas com\u00fan de lo que nos gustar\u00eda, sin embargo hay formas de hacer este proceso menos doloroso.\" \/>\n<meta property=\"og:url\" content=\"https:\/\/runahr.com\/mx\/recursos\/hr-management\/como-dar-malas-noticias-en-el-trabajo\/\" \/>\n<meta property=\"og:site_name\" content=\"Runa HR\" \/>\n<meta property=\"article:publisher\" content=\"https:\/\/www.facebook.com\/runahr\/\" \/>\n<meta property=\"article:published_time\" content=\"2021-10-13T22:28:16+00:00\" \/>\n<meta property=\"article:modified_time\" content=\"2026-02-13T23:02:45+00:00\" \/>\n<meta property=\"og:image\" content=\"https:\/\/runahr.com\/wp-content\/uploads\/2025\/04\/image-2.png\" \/>\n\t<meta property=\"og:image:width\" content=\"512\" \/>\n\t<meta property=\"og:image:height\" content=\"286\" \/>\n\t<meta property=\"og:image:type\" content=\"image\/png\" \/>\n<meta name=\"author\" content=\"it-tools\" \/>\n<meta name=\"twitter:card\" content=\"summary_large_image\" \/>\n<meta name=\"twitter:creator\" content=\"@runahr\" \/>\n<meta name=\"twitter:site\" content=\"@runahr\" \/>\n<meta name=\"twitter:label1\" content=\"Escrito por\" \/>\n\t<meta name=\"twitter:data1\" content=\"it-tools\" \/>\n\t<meta name=\"twitter:label2\" content=\"Tiempo de lectura\" \/>\n\t<meta name=\"twitter:data2\" content=\"3 minutos\" \/>\n<!-- \/ Yoast SEO Premium plugin. -->","yoast_head_json":{"title":"\u00bfC\u00f3mo dar malas noticias laborales? | Runa HR","description":"Las malas noticias laborales son de lo mas com\u00fan de lo que nos gustar\u00eda, sin embargo hay formas de hacer este proceso menos doloroso.","robots":{"index":"index","follow":"follow","max-snippet":"max-snippet:-1","max-image-preview":"max-image-preview:large","max-video-preview":"max-video-preview:-1"},"canonical":"https:\/\/runahr.com\/mx\/recursos\/hr-management\/como-dar-malas-noticias-en-el-trabajo\/","og_locale":"es_MX","og_type":"article","og_title":"\u00bfC\u00f3mo dar malas noticias en el trabajo? | MX | Runa HR","og_description":"Las malas noticias laborales son de lo mas com\u00fan de lo que nos gustar\u00eda, sin embargo hay formas de hacer este proceso menos doloroso.","og_url":"https:\/\/runahr.com\/mx\/recursos\/hr-management\/como-dar-malas-noticias-en-el-trabajo\/","og_site_name":"Runa HR","article_publisher":"https:\/\/www.facebook.com\/runahr\/","article_published_time":"2021-10-13T22:28:16+00:00","article_modified_time":"2026-02-13T23:02:45+00:00","og_image":[{"width":512,"height":286,"url":"https:\/\/runahr.com\/wp-content\/uploads\/2025\/04\/image-2.png","type":"image\/png"}],"author":"it-tools","twitter_card":"summary_large_image","twitter_creator":"@runahr","twitter_site":"@runahr","twitter_misc":{"Escrito por":"it-tools","Tiempo de lectura":"3 minutos"},"schema":{"@context":"https:\/\/schema.org","@graph":[{"@type":"Article","@id":"https:\/\/runahr.com\/mx\/recursos\/hr-management\/como-dar-malas-noticias-en-el-trabajo\/#article","isPartOf":{"@id":"https:\/\/runahr.com\/mx\/recursos\/hr-management\/como-dar-malas-noticias-en-el-trabajo\/"},"author":{"name":"it-tools","@id":"https:\/\/runahr.com\/mx\/#\/schema\/person\/5a22fa36c8ff828a0720d10281e38009"},"headline":"\u00bfC\u00f3mo dar malas noticias en el trabajo?","datePublished":"2021-10-13T22:28:16+00:00","dateModified":"2026-02-13T23:02:45+00:00","mainEntityOfPage":{"@id":"https:\/\/runahr.com\/mx\/recursos\/hr-management\/como-dar-malas-noticias-en-el-trabajo\/"},"wordCount":500,"publisher":{"@id":"https:\/\/runahr.com\/mx\/#organization"},"image":{"@id":"https:\/\/runahr.com\/mx\/recursos\/hr-management\/como-dar-malas-noticias-en-el-trabajo\/#primaryimage"},"thumbnailUrl":"https:\/\/runahr.com\/wp-content\/uploads\/2025\/09\/\u00bfComo-dar-malas-noticias-en-el-trabajo.svg","keywords":["HR Management"],"articleSection":["HR Management","Recursos"],"inLanguage":"es"},{"@type":"WebPage","@id":"https:\/\/runahr.com\/mx\/recursos\/hr-management\/como-dar-malas-noticias-en-el-trabajo\/","url":"https:\/\/runahr.com\/mx\/recursos\/hr-management\/como-dar-malas-noticias-en-el-trabajo\/","name":"\u00bfC\u00f3mo dar malas noticias laborales? | Runa HR","isPartOf":{"@id":"https:\/\/runahr.com\/mx\/#website"},"primaryImageOfPage":{"@id":"https:\/\/runahr.com\/mx\/recursos\/hr-management\/como-dar-malas-noticias-en-el-trabajo\/#primaryimage"},"image":{"@id":"https:\/\/runahr.com\/mx\/recursos\/hr-management\/como-dar-malas-noticias-en-el-trabajo\/#primaryimage"},"thumbnailUrl":"https:\/\/runahr.com\/wp-content\/uploads\/2025\/09\/\u00bfComo-dar-malas-noticias-en-el-trabajo.svg","datePublished":"2021-10-13T22:28:16+00:00","dateModified":"2026-02-13T23:02:45+00:00","description":"Las malas noticias laborales son de lo mas com\u00fan de lo que nos gustar\u00eda, sin embargo hay formas de hacer este proceso menos doloroso.","breadcrumb":{"@id":"https:\/\/runahr.com\/mx\/recursos\/hr-management\/como-dar-malas-noticias-en-el-trabajo\/#breadcrumb"},"inLanguage":"es","potentialAction":[{"@type":"ReadAction","target":["https:\/\/runahr.com\/mx\/recursos\/hr-management\/como-dar-malas-noticias-en-el-trabajo\/"]}]},{"@type":"ImageObject","inLanguage":"es","@id":"https:\/\/runahr.com\/mx\/recursos\/hr-management\/como-dar-malas-noticias-en-el-trabajo\/#primaryimage","url":"https:\/\/runahr.com\/wp-content\/uploads\/2025\/09\/\u00bfComo-dar-malas-noticias-en-el-trabajo.svg","contentUrl":"https:\/\/runahr.com\/wp-content\/uploads\/2025\/09\/\u00bfComo-dar-malas-noticias-en-el-trabajo.svg","width":1090,"height":440},{"@type":"BreadcrumbList","@id":"https:\/\/runahr.com\/mx\/recursos\/hr-management\/como-dar-malas-noticias-en-el-trabajo\/#breadcrumb","itemListElement":[{"@type":"ListItem","position":1,"name":"Home","item":"https:\/\/runahr.com\/mx\/"},{"@type":"ListItem","position":2,"name":"Recursos","item":"https:\/\/runahr.com\/mx\/category\/recursos\/"},{"@type":"ListItem","position":3,"name":"HR Management","item":"https:\/\/runahr.com\/mx\/category\/recursos\/hr-management\/"},{"@type":"ListItem","position":4,"name":"\u00bfC\u00f3mo dar malas noticias en el trabajo?"}]},{"@type":"WebSite","@id":"https:\/\/runahr.com\/mx\/#website","url":"https:\/\/runahr.com\/mx\/","name":"Runa HR","description":"Software de N\u00f3mina y Gesti\u00f3n de RRHH","publisher":{"@id":"https:\/\/runahr.com\/mx\/#organization"},"potentialAction":[{"@type":"SearchAction","target":{"@type":"EntryPoint","urlTemplate":"https:\/\/runahr.com\/mx\/?s={search_term_string}"},"query-input":{"@type":"PropertyValueSpecification","valueRequired":true,"valueName":"search_term_string"}}],"inLanguage":"es"},{"@type":"Organization","@id":"https:\/\/runahr.com\/mx\/#organization","name":"Runa HR","url":"https:\/\/runahr.com\/mx\/","logo":{"@type":"ImageObject","inLanguage":"es","@id":"https:\/\/runahr.com\/mx\/#\/schema\/logo\/image\/","url":"https:\/\/runahr.com\/wp-content\/uploads\/2018\/05\/xDzHFcQY_400x400.jpg","contentUrl":"https:\/\/runahr.com\/wp-content\/uploads\/2018\/05\/xDzHFcQY_400x400.jpg","width":400,"height":400,"caption":"Runa HR"},"image":{"@id":"https:\/\/runahr.com\/mx\/#\/schema\/logo\/image\/"},"sameAs":["https:\/\/www.facebook.com\/runahr\/","https:\/\/x.com\/runahr","https:\/\/www.instagram.com\/runahr\/","https:\/\/mx.linkedin.com\/company\/runahr","https:\/\/www.youtube.com\/channel\/UCAZ21FupFMLIb1c7PPaU6Ew"]},{"@type":"Person","@id":"https:\/\/runahr.com\/mx\/#\/schema\/person\/5a22fa36c8ff828a0720d10281e38009","name":"it-tools","image":{"@type":"ImageObject","inLanguage":"es","@id":"https:\/\/secure.gravatar.com\/avatar\/68a146e44420ce6688dd5b32f006e4fc28c82828950327acf34ceb7288a433f0?s=96&d=mm&r=g","url":"https:\/\/secure.gravatar.com\/avatar\/68a146e44420ce6688dd5b32f006e4fc28c82828950327acf34ceb7288a433f0?s=96&d=mm&r=g","contentUrl":"https:\/\/secure.gravatar.com\/avatar\/68a146e44420ce6688dd5b32f006e4fc28c82828950327acf34ceb7288a433f0?s=96&d=mm&r=g","caption":"it-tools"},"url":"https:\/\/runahr.com\/mx\/author\/it-tools\/"}]}},"_links":{"self":[{"href":"https:\/\/runahr.com\/mx\/wp-json\/wp\/v2\/posts\/230710","targetHints":{"allow":["GET"]}}],"collection":[{"href":"https:\/\/runahr.com\/mx\/wp-json\/wp\/v2\/posts"}],"about":[{"href":"https:\/\/runahr.com\/mx\/wp-json\/wp\/v2\/types\/post"}],"author":[{"embeddable":true,"href":"https:\/\/runahr.com\/mx\/wp-json\/wp\/v2\/users\/87"}],"replies":[{"embeddable":true,"href":"https:\/\/runahr.com\/mx\/wp-json\/wp\/v2\/comments?post=230710"}],"version-history":[{"count":0,"href":"https:\/\/runahr.com\/mx\/wp-json\/wp\/v2\/posts\/230710\/revisions"}],"wp:featuredmedia":[{"embeddable":true,"href":"https:\/\/runahr.com\/mx\/wp-json\/wp\/v2\/media\/1049094"}],"wp:attachment":[{"href":"https:\/\/runahr.com\/mx\/wp-json\/wp\/v2\/media?parent=230710"}],"wp:term":[{"taxonomy":"category","embeddable":true,"href":"https:\/\/runahr.com\/mx\/wp-json\/wp\/v2\/categories?post=230710"},{"taxonomy":"post_tag","embeddable":true,"href":"https:\/\/runahr.com\/mx\/wp-json\/wp\/v2\/tags?post=230710"}],"curies":[{"name":"wp","href":"https:\/\/api.w.org\/{rel}","templated":true}]}}