{"id":236825,"date":"2021-12-21T18:31:15","date_gmt":"2021-12-22T00:31:15","guid":{"rendered":"https:\/\/runahr.com\/?p=236825"},"modified":"2026-03-20T11:38:44","modified_gmt":"2026-03-20T17:38:44","slug":"los-retos-de-los-lideres-en-2026","status":"publish","type":"post","link":"https:\/\/runahr.com\/mx\/recursos\/hr-management\/los-retos-de-los-lideres-en-2026\/","title":{"rendered":"Los retos de los l\u00edderes en 2026"},"content":{"rendered":"<p><span>El a\u00f1o que est\u00e1 en puerta viene acompa\u00f1ado de nuevos retos a los que las compa\u00f1\u00edas deber\u00e1n enfrentarse. Por ello <\/span>estos \u00faltimos meses son el momento indicado para plantear nuevas estrategias que ser\u00e1n clave para la gesti\u00f3n exitosa de una empresa. <span>Los l\u00edderes empresariales tienen la responsabilidad de ser las primeras personas en adoptar estas estrategias y en adaptarlas de acuerdo con los aprendizajes obtenidos durante el \u00faltimo a\u00f1o.\u00a0<\/span><\/p>\n<p><span>Organizaciones como la <a href=\"https:\/\/runahr.com\/mx\/recursos\/aspectos-legales\/coparmex\/\">Confederaci\u00f3n de Trabajadores (COPARMEX)<\/a> prev\u00e9n que <\/span><span>los cambios financieros y administrativos impactar\u00e1n en mayor medida a las micro, peque\u00f1as y medianas empresas en el pa\u00eds<\/span><span>. Por ello, existen algunos aspectos para los que ser\u00e1 mejor estar preparados para el 2022.<\/span><\/p>\n<p><a href=\"https:\/\/recursos.runahr.com\/el-futuro-del-trabajo-en-america-latina\"><img fetchpriority=\"high\" decoding=\"async\" class=\"alignnone wp-image-1091230\" src=\"https:\/\/runahr.com\/wp-content\/uploads\/2026\/01\/CMX021-300x119.webp\" alt=\"Descargar futuro del trabajo en Am\u00e9rica Latina\" width=\"716\" height=\"284\" srcset=\"https:\/\/runahr.com\/wp-content\/uploads\/2026\/01\/CMX021-300x119.webp 300w, https:\/\/runahr.com\/wp-content\/uploads\/2026\/01\/CMX021-1024x406.webp 1024w, https:\/\/runahr.com\/wp-content\/uploads\/2026\/01\/CMX021-768x304.webp 768w, https:\/\/runahr.com\/wp-content\/uploads\/2026\/01\/CMX021-1536x608.webp 1536w, https:\/\/runahr.com\/wp-content\/uploads\/2026\/01\/CMX021-2048x811.webp 2048w\" sizes=\"(max-width: 716px) 100vw, 716px\" \/><\/a><\/p>\n<h2><span>4 retos para los l\u00edderes empresariales en 2026<\/span><\/h2>\n<p data-start=\"341\" data-end=\"408\">Los retos a los que se enfrentan los l\u00edderes empresariales hoy son:<\/p>\n<h3>Crear una cultura empresarial congruente con los objetivos<\/h3>\n<p data-start=\"474\" data-end=\"732\">La congruencia sigue siendo un punto clave dentro de las organizaciones. Cuando los objetivos est\u00e1n alineados con la visi\u00f3n y la <span><a href=\"https:\/\/runahr.com\/mx\/recursos\/hr-management\/cultura-organizacional\/\">cultura organizacional<\/a> <\/span> es m\u00e1s f\u00e1cil atraer y mantener talento, adem\u00e1s de generar equipos que trabajan hacia metas compartidas.<\/p>\n<p data-start=\"734\" data-end=\"935\">Hoy, esto tambi\u00e9n implica adaptarse a contextos cambiantes, integrar nuevas formas de trabajo y asegurarse de que esa coherencia se perciba en el d\u00eda a d\u00eda dentro de la empresa, no solo en el discurso.<\/p>\n<h3>Adelantarse a los cambios en la cadena de suministros<\/h3>\n<p data-start=\"1001\" data-end=\"1220\">Las disrupciones en la cadena de suministro ya no son un escenario excepcional. En los \u00faltimos a\u00f1os han quedado como parte del entorno operativo. Por eso, anticiparse dej\u00f3 de ser una ventaja y se volvi\u00f3 una necesidad.<\/p>\n<p data-start=\"1222\" data-end=\"1490\">Diversificar proveedores, tener mayor visibilidad del inventario y apoyarse en tecnolog\u00eda para monitorear operaciones son pr\u00e1cticas que hoy marcan diferencia. A esto se suma la capacidad de reaccionar r\u00e1pido ante cambios, algo que muchas empresas siguen fortaleciendo.<\/p>\n<h3>Construir un ambiente \u00e1gil para impulsar la resiliencia de la empresa<span>\u00a0<\/span><\/h3>\n<p data-start=\"1572\" data-end=\"1748\">La <span><a href=\"https:\/\/runahr.com\/mx\/recursos\/hr-management\/flexibilidad\/\">flexibilidad<\/a><\/span> ya no es solo una opci\u00f3n. Los modelos h\u00edbridos, la adaptaci\u00f3n de roles y la rapidez para ajustar procesos forman parte de c\u00f3mo operan muchas empresas en 2026.<\/p>\n<p data-start=\"1750\" data-end=\"1972\">Delegar, integrar talento con perfiles diversos y fomentar habilidades tanto t\u00e9cnicas como anal\u00edticas permite responder mejor ante cambios. M\u00e1s que estructuras r\u00edgidas, lo que se busca es capacidad de adaptaci\u00f3n constante.<\/p>\n<h3>Mantener el factor humano al centro de todo<\/h3>\n<p data-start=\"2028\" data-end=\"2198\">El enfoque en las personas se ha vuelto m\u00e1s visible. Hoy el talento no solo busca estabilidad, tambi\u00e9n valora el <span><a href=\"https:\/\/runahr.com\/mx\/recursos\/hr-management\/bienestar\/\">bienestar<\/a> <\/span>, el <a href=\"https:\/\/runahr.com\/mx\/recursos\/hr-management\/desarrollo-profesional\/\">desarrollo profesional<\/a> y la flexibilidad.<\/p>\n<p data-start=\"2200\" data-end=\"2453\">Las empresas que logran entender esto trabajan en entornos m\u00e1s saludables, fortalecen la comunicaci\u00f3n interna y generan mayor permanencia del talento. Las <span><a href=\"https:\/\/runahr.com\/mx\/recursos\/hr-management\/habilidades-blandas-y-duras\/\">habilidades blandas y duras<\/a> <\/span>, como liderazgo, empat\u00eda y <a href=\"https:\/\/runahr.com\/mx\/recursos\/hr-management\/colaboracion\/\">colaboraci\u00f3n<\/a>, siguen siendo clave en este contexto.<\/p>\n<h2><span>Los nuevos ciclos son oportunidades de crecimiento<\/span><\/h2>\n<p data-start=\"2516\" data-end=\"2687\">Quienes est\u00e1n en posiciones de <span><a href=\"https:\/\/runahr.com\/mx\/recursos\/nomina\/liderazgo\/\">liderazgo<\/a>,<\/span>, especialmente en PYMES, operan en un entorno que cambia con rapidez. M\u00e1s que reaccionar, el reto est\u00e1 en anticipar y adaptarse.<\/p>\n<p data-start=\"2689\" data-end=\"2884\">El contexto actual exige combinar estrategia, tecnolog\u00eda y desarrollo de talento. En ese equilibrio es donde muchas empresas est\u00e1n encontrando oportunidades para crecer y mantenerse competitivas.<\/p>\n<p><a href=\"https:\/\/runahr.com\/mx\/recursos\/comienza-tu-empresa\/efecto-domino-del-emprendimiento-en-mexico\/\"><img decoding=\"async\" class=\"alignnone wp-image-1093326\" src=\"https:\/\/runahr.com\/wp-content\/uploads\/2026\/01\/CMX290-300x119.webp\" alt=\"Ver ahora Webinar: Efecto domin\u00f3 del emprendimiento en M\u00e9xico\" width=\"734\" height=\"291\" srcset=\"https:\/\/runahr.com\/wp-content\/uploads\/2026\/01\/CMX290-300x119.webp 300w, https:\/\/runahr.com\/wp-content\/uploads\/2026\/01\/CMX290-1024x405.webp 1024w, https:\/\/runahr.com\/wp-content\/uploads\/2026\/01\/CMX290-768x304.webp 768w, https:\/\/runahr.com\/wp-content\/uploads\/2026\/01\/CMX290-1536x607.webp 1536w, https:\/\/runahr.com\/wp-content\/uploads\/2026\/01\/CMX290-2048x809.webp 2048w\" sizes=\"(max-width: 734px) 100vw, 734px\" \/><\/a><\/p>\n<h2><span>Preguntas frecuentes<\/span><\/h2>\n<h4 data-sourcepos=\"3:3-3:546\"><strong>\u00bfQu\u00e9 tienen que ver los retos de l\u00edderes con la n\u00f3mina y las presentaciones de n\u00f3mina?<\/strong><\/h4>\n<p data-sourcepos=\"3:3-3:546\">Los retos de los l\u00edderes tienen una influencia directa en la <a href=\"https:\/\/runahr.com\/mx\/recursos\/nomina\/que-es-nomina\/\">n\u00f3mina<\/a> y los <a href=\"https:\/\/runahr.com\/mx\/recursos\/aspectos-legales\/impuestos\/\">impuestos<\/a> de n\u00f3mina incluyendo <a href=\"https:\/\/runahr.com\/mx\/recursos\/nomina\/que-es-el-imss\/\">Instituto Mexicano del Seguro Social (IMSS),<\/a> <a href=\"https:\/\/runahr.com\/mx\/recursos\/nomina\/impuesto-sobre-nomina\/\">Impuesto Sobre N\u00f3mina (ISN)<\/a>, <a href=\"https:\/\/runahr.com\/mx\/recursos\/aspectos-legales\/isr\/\">Impuesto Sobre Renta (ISR)<\/a>, <a href=\"https:\/\/runahr.com\/mx\/recursos\/hr-management\/inm\/\">Instituto Nacional de Migraci\u00f3n (INM)<\/a>, <a href=\"https:\/\/runahr.com\/mx\/recursos\/seguros\/issste\/\">Instituto de Seguridad y Servicios Sociales de los Trabajadores del Estado (ISSSTE)<\/a>, <a href=\"https:\/\/runahr.com\/mx\/recursos\/nomina\/fonacot\/\">Instituto del Fondo Nacional para el Consumo de los Trabajadores (FONACOT)<\/a>, entre otros. Decisiones como ajustes salariales, promociones, bonificaciones y descuentos por faltas est\u00e1n directamente relacionadas con la <a href=\"https:\/\/runahr.com\/mx\/recursos\/hr-management\/evaluacion-de-desempeno\/\">evaluaci\u00f3n de desempe\u00f1o<\/a> que los l\u00edderes realizan. Adem\u00e1s, los l\u00edderes deben garantizar la precisi\u00f3n de los datos empleados para el <a href=\"https:\/\/runahr.com\/mx\/recursos\/nomina\/calculadora-salario-neto-o-bruto\/\">c\u00e1lculo de n\u00f3mina<\/a>. Lo que implica un manejo adecuado de los sistemas de registro de horas y de las pol\u00edticas de <a href=\"https:\/\/runahr.com\/mx\/recursos\/nomina\/compensacion\/\">compensaci\u00f3n<\/a>.<\/p>\n<h4 data-sourcepos=\"5:3-5:33\"><strong>\u00bfQu\u00e9 tienen que ver los retos de l\u00edderes con los beneficios?<\/strong><\/h4>\n<p data-sourcepos=\"5:3-5:33\">Los l\u00edderes son responsables de comunicar y administrar los <a href=\"https:\/\/runahr.com\/mx\/recursos\/nomina\/beneficios\/\">beneficios<\/a> de la empresa. Tal y como <a href=\"https:\/\/runahr.com\/mx\/recursos\/nomina\/caja-de-ahorros\/\">caja de ahorros<\/a>, <a href=\"https:\/\/runahr.com\/mx\/recursos\/nomina\/fondo-de-ahorro\/\">fondo de ahorro<\/a>, <a href=\"https:\/\/runahr.com\/mx\/recursos\/hr-management\/programa-de-bienestar\/\">programa de bienestar<\/a>, <a href=\"https:\/\/runahr.com\/mx\/recursos\/seguros\/seguro-de-vida-para-trabajadores\/\">seguro de vida<\/a>, <a href=\"https:\/\/runahr.com\/mx\/recursos\/seguros\/seguro-de-gastos-medicos-mayores\/\">seguro de gastos m\u00e9dicos mayores<\/a> y <a href=\"https:\/\/runahr.com\/mx\/recursos\/nomina\/vales-de-despensa\/\">vales de despensa<\/a>. Deben asegurarse de que los empleados comprendan los beneficios a los que tienen derecho y c\u00f3mo acceder a ellos. Adem\u00e1s, los l\u00edderes deben identificar oportunidades para mejorar los paquetes de beneficios y alinearlos con las necesidades y expectativas de los empleados.<\/p>\n<h4 data-sourcepos=\"7:3-7:259\"><strong>\u00bfQu\u00e9 tienen que ver los retos de l\u00edderes con el INFONAVIT y el cr\u00e9dito INFONAVIT?<\/strong><\/h4>\n<p data-sourcepos=\"7:3-7:259\">Los l\u00edderes deben estar informados sobre las disposiciones del <a href=\"https:\/\/runahr.com\/mx\/recursos\/nomina\/infonavit\/\">Instituto del Fondo Nacional de la Vivienda para los Trabajadores (INFONAVIT)<\/a> y sus implicaciones para los empleados. Deben asegurarse de que los descuentos correspondientes se realicen de manera correcta. Y de que los empleados est\u00e9n al tanto de sus derechos y <a href=\"https:\/\/runahr.com\/mx\/recursos\/aspectos-legales\/regimen-fiscal\/\">obligaciones fiscales<\/a> en relaci\u00f3n con el <a href=\"https:\/\/runahr.com\/mx\/recursos\/comienza-tu-empresa\/credito-infonavit\/\">cr\u00e9dito INFONAVIT<\/a>. Adem\u00e1s, los l\u00edderes pueden promover la <a href=\"https:\/\/runahr.com\/mx\/recursos\/hr-management\/cultura-organizacional\/\">cultura organizacional<\/a> de ahorro y ayudar a los empleados a planificar su futuro financiero.<\/p>\n<h4 data-sourcepos=\"9:3-9:318\"><strong>\u00bfQu\u00e9 tienen que ver los retos de l\u00edderes con Mejoravit?<\/strong><\/h4>\n<p data-sourcepos=\"9:3-9:318\">Al igual que con el INFONAVIT, los l\u00edderes deben estar familiarizados con el programa <a href=\"https:\/\/runahr.com\/mx\/recursos\/aspectos-legales\/mejoravit\/\">Mejoravit<\/a> y sus beneficios. Deben comunicar esta informaci\u00f3n a los empleados y ayudarlos a aprovechar al m\u00e1ximo esta herramienta para mejorar sus condiciones de vivienda.<\/p>\n<h4 data-sourcepos=\"11:3-11:53\"><strong>\u00bfQu\u00e9 tienen que ver retos de l\u00edderes con NSS, Kardex y semanas cotizadas?<\/strong><\/h4>\n<p data-sourcepos=\"11:3-11:53\">Los l\u00edderes tienen la responsabilidad de garantizar que todos los empleados est\u00e9n dados de alta en el IMSS. Contar con el <a href=\"https:\/\/runahr.com\/mx\/recursos\/hr-management\/nss\/\">Numero de Seguro Social (NSS)<\/a> y que sus datos personales y laborales est\u00e9n actualizados en el <a href=\"https:\/\/runahr.com\/mx\/recursos\/comienza-tu-empresa\/kardex\/\">Kardex<\/a>. Esto es fundamental para asegurar que los empleados acumulen las <a href=\"https:\/\/runahr.com\/mx\/recursos\/nomina\/semanas-cotizadas\/\">semanas cotizadas<\/a> necesarias para acceder a los beneficios de S<a href=\"https:\/\/runahr.com\/mx\/recursos\/aspectos-legales\/seguro-social\/\">eguro Social<\/a>.<\/p>\n<h4 data-sourcepos=\"13:3-13:311\"><strong>\u00bfQu\u00e9 tienen que ver los retos de l\u00edderes con las prestaciones de ley?<\/strong><\/h4>\n<p data-sourcepos=\"13:3-13:311\">Los l\u00edderes deben conocer las <a href=\"https:\/\/runahr.com\/mx\/recursos\/aspectos-legales\/prestaciones-de-ley\/\">prestaciones de ley<\/a> aplicables a sus empleados y a sus becarios. Tales como <a href=\"https:\/\/runahr.com\/mx\/recursos\/nomina\/prima-vacacional\/\">prima vacacional<\/a>, <a href=\"https:\/\/runahr.com\/mx\/recursos\/nomina\/prima-dominical\/\">prima dominical<\/a>, <a href=\"https:\/\/runahr.com\/mx\/recursos\/aspectos-legales\/prima-de-antiguedad\/\">prima de antig\u00fcedad<\/a>, <a href=\"https:\/\/runahr.com\/mx\/recursos\/nomina\/ptu\/\">Participaci\u00f3n de los Trabajadores en las Utilidades (PTU)<\/a>, <a href=\"https:\/\/runahr.com\/mx\/recursos\/nomina\/aguinaldo\/\">aguinaldo<\/a>, <a href=\"https:\/\/runahr.com\/mx\/recursos\/aspectos-legales\/incapacidad-por-maternidad\/\">incapacidad por maternidad<\/a>, <a href=\"https:\/\/runahr.com\/mx\/recursos\/aspectos-legales\/incapacidad-por-paternidad-que-es\/\">incapacidad por paternidad<\/a> entre otros. Adem\u00e1s, deben estar al tanto de cualquier cambio en la legislaci\u00f3n laboral que pueda afectar los beneficios de los empleados.<\/p>\n<h4 data-sourcepos=\"15:3-15:369\"><strong>\u00bfQu\u00e9 tienen que ver los retos de l\u00edderes con incentivos?<\/strong><\/h4>\n<p data-sourcepos=\"15:3-15:369\">Los l\u00edderes son responsables de dise\u00f1ar e implementar los programas de <a href=\"https:\/\/runahr.com\/mx\/recursos\/hr-management\/incentivos\/\">incentivos<\/a> como <a href=\"https:\/\/runahr.com\/mx\/recursos\/nomina\/bono-de-asistencia\/\">bono de asistencias<\/a>, <a href=\"https:\/\/runahr.com\/mx\/recursos\/nomina\/bono-de-puntualidad\/\">bono de puntualidad<\/a>, y<a href=\"https:\/\/runahr.com\/mx\/recursos\/hr-management\/bono-de-productividad\/\"> bono de productividad<\/a>. Deben establecer metas claras y medibles, comunicar los criterios de evaluaci\u00f3n y garantizar que los incentivos se otorguen de manera justa y transparente.<\/p>\n<h4 data-sourcepos=\"17:3-17:262\"><strong>\u00bfQu\u00e9 tienen que ver los retos de l\u00edderes con eventos laborales como incidencias, faltas, incapacidades etc?<\/strong><\/h4>\n<p data-sourcepos=\"17:3-17:262\">Los l\u00edderes juegan un papel crucial en la <a href=\"https:\/\/runahr.com\/mx\/recursos\/hr-management\/gestion\/\">gesti\u00f3n<\/a> de las incidencias laborales. Deben investigar las causas de <a href=\"https:\/\/runahr.com\/mx\/recursos\/aspectos-legales\/falta\/\">falta<\/a> en el trabajo e <a href=\"https:\/\/runahr.com\/mx\/recursos\/aspectos-legales\/tipos-de-incapacidad-laboral\/\">incapacidad<\/a>, <a href=\"https:\/\/runahr.com\/mx\/recursos\/nomina\/horas-extras\/\">horas extras<\/a> o <a href=\"https:\/\/runahr.com\/mx\/recursos\/nomina\/jornadas-laborales\/\">jornada laboral<\/a> tomar medidas correctivas y brindar el apoyo necesario a los empleados. Adem\u00e1s, los l\u00edderes deben promover un <a href=\"https:\/\/runahr.com\/mx\/recursos\/hr-management\/ambiente-laboral\/\">ambiente laboral<\/a> saludable y seguro para prevenir este tipo de eventos.<\/p>\n<p>&nbsp;<\/p>\n","protected":false},"excerpt":{"rendered":"<p>El a\u00f1o que est\u00e1 en puerta viene acompa\u00f1ado de nuevos retos a los que las compa\u00f1\u00edas deber\u00e1n enfrentarse. Por ello estos \u00faltimos meses son el momento indicado para plantear nuevas estrategias que ser\u00e1n clave para la gesti\u00f3n exitosa de una empresa. Los l\u00edderes empresariales tienen la responsabilidad de ser las primeras personas en adoptar estas [&hellip;]<\/p>\n","protected":false},"author":87,"featured_media":1049862,"comment_status":"closed","ping_status":"closed","sticky":false,"template":"","format":"standard","meta":{"_acf_changed":false,"_wp_applaud_exclude":false,"footnotes":""},"categories":[189,190],"tags":[1297,834],"class_list":["post-236825","post","type-post","status-publish","format-standard","has-post-thumbnail","hentry","category-hr-management","category-recursos","tag-articulo","tag-hr-management"],"acf":[],"yoast_head":"<!-- This site is optimized with the Yoast SEO Premium plugin v26.1 (Yoast SEO v27.5) - https:\/\/yoast.com\/product\/yoast-seo-premium-wordpress\/ -->\n<title>Los retos de los l\u00edderes en 2026 | MX | Runa HR<\/title>\n<meta name=\"description\" content=\"El 2026 viene acompa\u00f1ado de nuevos retos para los lideres, por ello es necesario plantear nuevas estrategias para una gesti\u00f3n exitosa.\" \/>\n<meta name=\"robots\" content=\"index, follow, max-snippet:-1, max-image-preview:large, max-video-preview:-1\" \/>\n<link rel=\"canonical\" href=\"https:\/\/runahr.com\/mx\/recursos\/hr-management\/los-retos-de-los-lideres-en-2026\/\" \/>\n<meta property=\"og:locale\" content=\"es_MX\" \/>\n<meta property=\"og:type\" content=\"article\" \/>\n<meta property=\"og:title\" content=\"Los retos de los l\u00edderes en 2026 | MX | Runa HR\" \/>\n<meta property=\"og:description\" content=\"El 2026 viene acompa\u00f1ado de nuevos retos para los lideres, por ello es necesario plantear nuevas estrategias para una gesti\u00f3n exitosa.\" \/>\n<meta property=\"og:url\" content=\"https:\/\/runahr.com\/mx\/recursos\/hr-management\/los-retos-de-los-lideres-en-2026\/\" \/>\n<meta property=\"og:site_name\" content=\"Runa HR\" \/>\n<meta property=\"article:publisher\" content=\"https:\/\/www.facebook.com\/runahr\/\" \/>\n<meta property=\"article:published_time\" content=\"2021-12-22T00:31:15+00:00\" \/>\n<meta property=\"article:modified_time\" content=\"2026-03-20T17:38:44+00:00\" \/>\n<meta property=\"og:image\" content=\"https:\/\/runahr.com\/wp-content\/uploads\/2025\/04\/image-2.png\" \/>\n\t<meta property=\"og:image:width\" content=\"512\" \/>\n\t<meta property=\"og:image:height\" content=\"286\" \/>\n\t<meta property=\"og:image:type\" content=\"image\/png\" \/>\n<meta name=\"author\" content=\"it-tools\" \/>\n<meta name=\"twitter:card\" content=\"summary_large_image\" \/>\n<meta name=\"twitter:creator\" content=\"@runahr\" \/>\n<meta name=\"twitter:site\" content=\"@runahr\" \/>\n<meta name=\"twitter:label1\" content=\"Escrito por\" \/>\n\t<meta name=\"twitter:data1\" content=\"it-tools\" \/>\n\t<meta name=\"twitter:label2\" content=\"Tiempo de lectura\" \/>\n\t<meta name=\"twitter:data2\" content=\"6 minutos\" \/>\n<!-- \/ Yoast SEO Premium plugin. -->","yoast_head_json":{"title":"Los retos de los l\u00edderes en 2026 | MX | Runa HR","description":"El 2026 viene acompa\u00f1ado de nuevos retos para los lideres, por ello es necesario plantear nuevas estrategias para una gesti\u00f3n exitosa.","robots":{"index":"index","follow":"follow","max-snippet":"max-snippet:-1","max-image-preview":"max-image-preview:large","max-video-preview":"max-video-preview:-1"},"canonical":"https:\/\/runahr.com\/mx\/recursos\/hr-management\/los-retos-de-los-lideres-en-2026\/","og_locale":"es_MX","og_type":"article","og_title":"Los retos de los l\u00edderes en 2026 | MX | Runa HR","og_description":"El 2026 viene acompa\u00f1ado de nuevos retos para los lideres, por ello es necesario plantear nuevas estrategias para una gesti\u00f3n exitosa.","og_url":"https:\/\/runahr.com\/mx\/recursos\/hr-management\/los-retos-de-los-lideres-en-2026\/","og_site_name":"Runa HR","article_publisher":"https:\/\/www.facebook.com\/runahr\/","article_published_time":"2021-12-22T00:31:15+00:00","article_modified_time":"2026-03-20T17:38:44+00:00","og_image":[{"width":512,"height":286,"url":"https:\/\/runahr.com\/wp-content\/uploads\/2025\/04\/image-2.png","type":"image\/png"}],"author":"it-tools","twitter_card":"summary_large_image","twitter_creator":"@runahr","twitter_site":"@runahr","twitter_misc":{"Escrito por":"it-tools","Tiempo de lectura":"6 minutos"},"schema":{"@context":"https:\/\/schema.org","@graph":[{"@type":"Article","@id":"https:\/\/runahr.com\/mx\/recursos\/hr-management\/los-retos-de-los-lideres-en-2026\/#article","isPartOf":{"@id":"https:\/\/runahr.com\/mx\/recursos\/hr-management\/los-retos-de-los-lideres-en-2026\/"},"author":{"name":"it-tools","@id":"https:\/\/runahr.com\/mx\/#\/schema\/person\/5a22fa36c8ff828a0720d10281e38009"},"headline":"Los retos de los l\u00edderes en 2026","datePublished":"2021-12-22T00:31:15+00:00","dateModified":"2026-03-20T17:38:44+00:00","mainEntityOfPage":{"@id":"https:\/\/runahr.com\/mx\/recursos\/hr-management\/los-retos-de-los-lideres-en-2026\/"},"wordCount":1251,"publisher":{"@id":"https:\/\/runahr.com\/mx\/#organization"},"image":{"@id":"https:\/\/runahr.com\/mx\/recursos\/hr-management\/los-retos-de-los-lideres-en-2026\/#primaryimage"},"thumbnailUrl":"https:\/\/runahr.com\/wp-content\/uploads\/2025\/09\/Los-retos-de-los-lideres-en-2022.svg","keywords":["Art\u00edculo","HR Management"],"articleSection":["HR Management","Recursos"],"inLanguage":"es"},{"@type":"WebPage","@id":"https:\/\/runahr.com\/mx\/recursos\/hr-management\/los-retos-de-los-lideres-en-2026\/","url":"https:\/\/runahr.com\/mx\/recursos\/hr-management\/los-retos-de-los-lideres-en-2026\/","name":"Los retos de los l\u00edderes en 2026 | MX | Runa HR","isPartOf":{"@id":"https:\/\/runahr.com\/mx\/#website"},"primaryImageOfPage":{"@id":"https:\/\/runahr.com\/mx\/recursos\/hr-management\/los-retos-de-los-lideres-en-2026\/#primaryimage"},"image":{"@id":"https:\/\/runahr.com\/mx\/recursos\/hr-management\/los-retos-de-los-lideres-en-2026\/#primaryimage"},"thumbnailUrl":"https:\/\/runahr.com\/wp-content\/uploads\/2025\/09\/Los-retos-de-los-lideres-en-2022.svg","datePublished":"2021-12-22T00:31:15+00:00","dateModified":"2026-03-20T17:38:44+00:00","description":"El 2026 viene acompa\u00f1ado de nuevos retos para los lideres, por ello es necesario plantear nuevas estrategias para una gesti\u00f3n exitosa.","breadcrumb":{"@id":"https:\/\/runahr.com\/mx\/recursos\/hr-management\/los-retos-de-los-lideres-en-2026\/#breadcrumb"},"inLanguage":"es","potentialAction":[{"@type":"ReadAction","target":["https:\/\/runahr.com\/mx\/recursos\/hr-management\/los-retos-de-los-lideres-en-2026\/"]}]},{"@type":"ImageObject","inLanguage":"es","@id":"https:\/\/runahr.com\/mx\/recursos\/hr-management\/los-retos-de-los-lideres-en-2026\/#primaryimage","url":"https:\/\/runahr.com\/wp-content\/uploads\/2025\/09\/Los-retos-de-los-lideres-en-2022.svg","contentUrl":"https:\/\/runahr.com\/wp-content\/uploads\/2025\/09\/Los-retos-de-los-lideres-en-2022.svg","width":1090,"height":476},{"@type":"BreadcrumbList","@id":"https:\/\/runahr.com\/mx\/recursos\/hr-management\/los-retos-de-los-lideres-en-2026\/#breadcrumb","itemListElement":[{"@type":"ListItem","position":1,"name":"Home","item":"https:\/\/runahr.com\/mx\/"},{"@type":"ListItem","position":2,"name":"Recursos","item":"https:\/\/runahr.com\/mx\/category\/recursos\/"},{"@type":"ListItem","position":3,"name":"HR Management","item":"https:\/\/runahr.com\/mx\/category\/recursos\/hr-management\/"},{"@type":"ListItem","position":4,"name":"Los retos de los l\u00edderes en 2026"}]},{"@type":"WebSite","@id":"https:\/\/runahr.com\/mx\/#website","url":"https:\/\/runahr.com\/mx\/","name":"Runa HR","description":"Software de N\u00f3mina y Gesti\u00f3n de RRHH","publisher":{"@id":"https:\/\/runahr.com\/mx\/#organization"},"potentialAction":[{"@type":"SearchAction","target":{"@type":"EntryPoint","urlTemplate":"https:\/\/runahr.com\/mx\/?s={search_term_string}"},"query-input":{"@type":"PropertyValueSpecification","valueRequired":true,"valueName":"search_term_string"}}],"inLanguage":"es"},{"@type":"Organization","@id":"https:\/\/runahr.com\/mx\/#organization","name":"Runa HR","url":"https:\/\/runahr.com\/mx\/","logo":{"@type":"ImageObject","inLanguage":"es","@id":"https:\/\/runahr.com\/mx\/#\/schema\/logo\/image\/","url":"https:\/\/runahr.com\/wp-content\/uploads\/2018\/05\/xDzHFcQY_400x400.jpg","contentUrl":"https:\/\/runahr.com\/wp-content\/uploads\/2018\/05\/xDzHFcQY_400x400.jpg","width":400,"height":400,"caption":"Runa HR"},"image":{"@id":"https:\/\/runahr.com\/mx\/#\/schema\/logo\/image\/"},"sameAs":["https:\/\/www.facebook.com\/runahr\/","https:\/\/x.com\/runahr","https:\/\/www.instagram.com\/runahr\/","https:\/\/mx.linkedin.com\/company\/runahr","https:\/\/www.youtube.com\/channel\/UCAZ21FupFMLIb1c7PPaU6Ew"]},{"@type":"Person","@id":"https:\/\/runahr.com\/mx\/#\/schema\/person\/5a22fa36c8ff828a0720d10281e38009","name":"it-tools","image":{"@type":"ImageObject","inLanguage":"es","@id":"https:\/\/secure.gravatar.com\/avatar\/68a146e44420ce6688dd5b32f006e4fc28c82828950327acf34ceb7288a433f0?s=96&d=mm&r=g","url":"https:\/\/secure.gravatar.com\/avatar\/68a146e44420ce6688dd5b32f006e4fc28c82828950327acf34ceb7288a433f0?s=96&d=mm&r=g","contentUrl":"https:\/\/secure.gravatar.com\/avatar\/68a146e44420ce6688dd5b32f006e4fc28c82828950327acf34ceb7288a433f0?s=96&d=mm&r=g","caption":"it-tools"},"url":"https:\/\/runahr.com\/mx\/author\/it-tools\/"}]}},"_links":{"self":[{"href":"https:\/\/runahr.com\/mx\/wp-json\/wp\/v2\/posts\/236825","targetHints":{"allow":["GET"]}}],"collection":[{"href":"https:\/\/runahr.com\/mx\/wp-json\/wp\/v2\/posts"}],"about":[{"href":"https:\/\/runahr.com\/mx\/wp-json\/wp\/v2\/types\/post"}],"author":[{"embeddable":true,"href":"https:\/\/runahr.com\/mx\/wp-json\/wp\/v2\/users\/87"}],"replies":[{"embeddable":true,"href":"https:\/\/runahr.com\/mx\/wp-json\/wp\/v2\/comments?post=236825"}],"version-history":[{"count":0,"href":"https:\/\/runahr.com\/mx\/wp-json\/wp\/v2\/posts\/236825\/revisions"}],"wp:featuredmedia":[{"embeddable":true,"href":"https:\/\/runahr.com\/mx\/wp-json\/wp\/v2\/media\/1049862"}],"wp:attachment":[{"href":"https:\/\/runahr.com\/mx\/wp-json\/wp\/v2\/media?parent=236825"}],"wp:term":[{"taxonomy":"category","embeddable":true,"href":"https:\/\/runahr.com\/mx\/wp-json\/wp\/v2\/categories?post=236825"},{"taxonomy":"post_tag","embeddable":true,"href":"https:\/\/runahr.com\/mx\/wp-json\/wp\/v2\/tags?post=236825"}],"curies":[{"name":"wp","href":"https:\/\/api.w.org\/{rel}","templated":true}]}}