{"id":244306,"date":"2022-07-25T13:00:40","date_gmt":"2022-07-25T18:00:40","guid":{"rendered":"https:\/\/runahr.com\/?p=244306"},"modified":"2026-01-28T15:44:21","modified_gmt":"2026-01-28T21:44:21","slug":"congreso-del-trabajo","status":"publish","type":"post","link":"https:\/\/runahr.com\/mx\/recursos\/aspectos-legales\/congreso-del-trabajo\/","title":{"rendered":"Congreso del trabajo: \u00bfQu\u00e9 es? \u00bfCu\u00e1l es su funci\u00f3n?"},"content":{"rendered":"<p><span>Para supervisar toda la actividad laboral y regular el funcionamiento de las empresas, se han creado los organismos llamados <a href=\"https:\/\/runahr.com\/mx\/recursos\/aspectos-legales\/dependencia-descentralizada\/\">dependencias descentralizadas<\/a>. En este art\u00edculo, hablaremos espec\u00edficamente sobre una de las dependencias descentralizadas m\u00e1s importantes en cualquier empresa y que como patr\u00f3n es necesario que conozcas: Congreso del Trabajo.\u00a0<\/span><\/p>\n<h2><span>\u00bfQu\u00e9 es el congreso del trabajo?<\/span><\/h2>\n<p><span>Es una organizaci\u00f3n sindical que agrupa a 50 federaciones, confederaciones y sindicatos nacionales. Los cuales suman cerca de 15 millones de trabajadores y aglutina al movimiento obrero organizado en el pa\u00eds. Entre estas organizaciones se encuentran:<a href=\"http:\/\/fstse.org\/sindicatos-federados\/\"> La Federaci\u00f3n de Sindicatos de Trabajadores<\/a>, <a href=\"https:\/\/cc.crom.org.mx\/\">La Confederaci\u00f3n Regional Obrera Mexicana (CROM)<\/a>, <a href=\"https:\/\/ctmoficial.org\/\">La Confederaci\u00f3n de Trabajadores (CTM)<\/a>, entre otras.<\/span><\/p>\n<p><a href=\"https:\/\/recursos.runahr.com\/guia-de-nomina\"><img fetchpriority=\"high\" decoding=\"async\" class=\"alignnone  wp-image-1091494\" src=\"https:\/\/runahr.com\/wp-content\/uploads\/2026\/01\/CMX058-300x119.webp\" alt=\"Descargar Gu\u00eda practica de n\u00f3mina en M\u00e9xico\" width=\"1351\" height=\"536\" srcset=\"https:\/\/runahr.com\/wp-content\/uploads\/2026\/01\/CMX058-300x119.webp 300w, https:\/\/runahr.com\/wp-content\/uploads\/2026\/01\/CMX058-1024x405.webp 1024w, https:\/\/runahr.com\/wp-content\/uploads\/2026\/01\/CMX058-768x304.webp 768w\" sizes=\"(max-width: 1351px) 100vw, 1351px\" \/><\/a><\/p>\n<h2><span>\u00bfCu\u00e1les son las funciones del congreso del trabajo?\u00a0<\/span><\/h2>\n<p><span>El Congreso del Trabajo representa el movimiento obrero organizado de M\u00e9xico. Se encarga de hacer lo que est\u00e9 a su alcance para convertir en leyes, programas o acciones las demandas de los trabajadores en cuanto a:<\/span><\/p>\n<ul>\n<li style=\"font-weight: 400;\"><span>Mejora de <a href=\"https:\/\/runahr.com\/mx\/recursos\/nomina\/salario\/\">salario<\/a> y <a href=\"https:\/\/runahr.com\/mx\/recursos\/hr-management\/prestaciones\/\">prestaciones<\/a><\/span><\/li>\n<li style=\"font-weight: 400;\"><span>Reducci\u00f3n del <a href=\"https:\/\/runahr.com\/mx\/recursos\/hr-management\/desempleo\/\">desempleo<\/a><\/span><\/li>\n<li style=\"font-weight: 400;\"><span>Protecci\u00f3n del poder adquisitivo<\/span><\/li>\n<li style=\"font-weight: 400;\"><span>Incremento de la <a href=\"https:\/\/runahr.com\/mx\/recursos\/hr-management\/productividad\/\">productividad<\/a><\/span><\/li>\n<li style=\"font-weight: 400;\"><span>Ampliaci\u00f3n y mejora del sistema de salud<\/span><\/li>\n<li style=\"font-weight: 400;\"><span>Mejoramiento y ampliaci\u00f3n de la cobertura de educaci\u00f3n p\u00fablica gratuita<\/span><\/li>\n<li style=\"font-weight: 400;\"><span>Combate a la pobreza<\/span><\/li>\n<li style=\"font-weight: 400;\"><span>Mejora de <a href=\"https:\/\/runahr.com\/mx\/recursos\/hr-management\/condiciones-de-trabajo\/\">condiciones de trabajo<\/a><\/span><\/li>\n<li style=\"font-weight: 400;\"><span>Cumplimiento del <a href=\"https:\/\/runahr.com\/mx\/recursos\/nomina\/reparto-de-utilidades\/\">reparto de utilidades<\/a> y <a href=\"https:\/\/runahr.com\/mx\/recursos\/hr-management\/prestaciones\/\">prestaciones<\/a> laborales<\/span><\/li>\n<\/ul>\n<p><span>Y en general, cumplir y hacer cumplir la ley. As\u00ed como impulsar su mejora a favor de los derechos de los trabajadores a trav\u00e9s de distintos mecanismos. <\/span><span>Tambi\u00e9n brinda servicios gratuitos de asesor\u00eda laboral en defensa de los trabajadores.<\/span><\/p>\n<p><span>El Congreso del Trabajo ha apoyado a la creaci\u00f3n de diversas instituciones del sector laboral como: <\/span><a href=\"https:\/\/runahr.com\/mx\/recursos\/nomina\/infonavit\/\"><span>Instituto del Fondo Nacional de la Vivienda para los Trabajadores (INFONAVIT)<\/span><\/a><span>, <a href=\"https:\/\/runahr.com\/mx\/recursos\/nomina\/que-es-el-fovissste-y-como-tramitar-tu-credito\/\">Fondo de la Vivienda del Instituto de Seguridad y Servicios Sociales de los Trabajadores del Estado (FOVISSSTE)<\/a><\/span><span>, <\/span><a href=\"https:\/\/www.gob.mx\/profeco\">Procuradur\u00eda Federal del Consumidor (PROFECO)<\/a><span>, entre otras. As\u00ed mismo, ha hecho posible nuevas leyes y modificaciones constitucionales a favor de la salud, econom\u00eda, igualdad de g\u00e9nero, <a href=\"https:\/\/runahr.com\/mx\/recursos\/aspectos-legales\/entendiendo-el-derecho-del-trabajo\/\">derecho del trabajo<\/a> y protecci\u00f3n de los <\/span><span>derechos de los trabajadores<\/span><span> bancarios.<\/span><\/p>\n<h2><a href=\"https:\/\/recursos.runahr.com\/guia-buzon-tributario-desde-cero\"><img decoding=\"async\" class=\"alignnone  wp-image-1091238\" src=\"https:\/\/runahr.com\/wp-content\/uploads\/2026\/01\/CMX026-300x119.webp\" alt=\"Descargar gu\u00eda de buz\u00f3n tributario desde cero\" width=\"1354\" height=\"537\" srcset=\"https:\/\/runahr.com\/wp-content\/uploads\/2026\/01\/CMX026-300x119.webp 300w, https:\/\/runahr.com\/wp-content\/uploads\/2026\/01\/CMX026-1024x405.webp 1024w, https:\/\/runahr.com\/wp-content\/uploads\/2026\/01\/CMX026-768x304.webp 768w\" sizes=\"(max-width: 1354px) 100vw, 1354px\" \/><\/a><\/h2>\n<h2><strong>\u00bfC\u00f3mo se cre\u00f3 el congreso del trabajo?<\/strong><\/h2>\n<p><span>Debido a la devaluaci\u00f3n del peso mexicano en abril de 1954, los sindicatos adheridos al sistema pol\u00edtico de M\u00e9xico se aglutinaron como respuesta a los efectos de la devaluaci\u00f3n. La Confederaci\u00f3n de Trabajadores de M\u00e9xico (CTM) convoc\u00f3 a otros sindicatos afines a constituir una nueva y gran organizaci\u00f3n sindical.<\/span><\/p>\n<p><span>Con la uni\u00f3n de sindicatos ya existentes y la formaci\u00f3n de nuevas organizaciones sindicales. El gobierno promovi\u00f3 la creaci\u00f3n del Congreso del Trabajo con el objetivo de mantener el control del movimiento obrero. Esta organizaci\u00f3n sindical fue constituida por la Asamblea Nacional Revolucionaria del Proletariado Mexicano el 18 de febrero de 1966, durante el gobierno de Gustavo D\u00edaz Ordaz. <\/span><span>El Congreso del Trabajo apoy\u00f3 la creaci\u00f3n de instituciones como el INFONAVIT, <a href=\"https:\/\/runahr.com\/mx\/recursos\/nomina\/fonacot\/\">Fondo Nacional para el Trabajo (FONACOT)<\/a>, PROFECO y FOVISSSTE, entre otras.<\/span><\/p>\n<p><a href=\"https:\/\/recursos.runahr.com\/calculadora-salario-bruto-neto\"><img decoding=\"async\" class=\"alignnone  wp-image-1091142\" src=\"https:\/\/runahr.com\/wp-content\/uploads\/2026\/01\/CMX015-300x119.webp\" alt=\"Descargar calculadora de salario bruto a neto\" width=\"1356\" height=\"538\" srcset=\"https:\/\/runahr.com\/wp-content\/uploads\/2026\/01\/CMX015-300x119.webp 300w, https:\/\/runahr.com\/wp-content\/uploads\/2026\/01\/CMX015-1024x405.webp 1024w, https:\/\/runahr.com\/wp-content\/uploads\/2026\/01\/CMX015-768x304.webp 768w, https:\/\/runahr.com\/wp-content\/uploads\/2026\/01\/CMX015-1536x608.webp 1536w\" sizes=\"(max-width: 1356px) 100vw, 1356px\" \/><\/a><\/p>\n<h2><b>Preguntas Frecuentes<\/b><\/h2>\n<h4><b>\u00bfCu\u00e1l es la estructura del organigrama del Congreso del Trabajo y c\u00f3mo se relaciona con otras instituciones laborales?<\/b><\/h4>\n<p><span>El Congreso del Trabajo posee un <\/span><a href=\"https:\/\/runahr.com\/mx\/recursos\/hr-management\/organigrama\/\"><span>organigrama<\/span><\/a><span> jer\u00e1rquico que integra a sus 50 federaciones, confederaciones y sindicatos nacionales bajo una estructura coordinada. En la c\u00faspide se encuentra la Asamblea Nacional, seguida por una direcci\u00f3n colegiada con representantes de las principales organizaciones como la CTM, CROM y otras federaciones.\u00a0<\/span><\/p>\n<h4><b>\u00bfQu\u00e9 papel juega el Congreso del Trabajo en la defensa del derecho al aguinaldo de los trabajadores mexicanos?<\/b><\/h4>\n<p><span>El Congreso del Trabajo desempe\u00f1a un papel crucial en la defensa del derecho al <\/span><a href=\"https:\/\/runahr.com\/mx\/recursos\/nomina\/aguinaldo\/\"><span>aguinaldo<\/span><\/a><span>, una prestaci\u00f3n laboral obligatoria en M\u00e9xico. Esta organizaci\u00f3n sindical trabaja activamente para garantizar que todos los empleadores cumplan con el pago de esta prestaci\u00f3n conforme lo establece la <\/span><a href=\"https:\/\/runahr.com\/mx\/recursos\/aspectos-legales\/ley-federal-del-trabajo-lft\/\"><span>Ley Federal del Trabajo (LFT)<\/span><\/a><span>. Adem\u00e1s, el Congreso proporciona asesor\u00eda gratuita a trabajadores cuyos derechos al aguinaldo hayan sido vulnerados. Especialmente en \u00e9pocas donde existen tendencias de precarizaci\u00f3n laboral o cuando surgen iniciativas que podr\u00edan debilitar este beneficio para la econom\u00eda de los trabajadores.<\/span><\/p>\n<h4><b>\u00bfC\u00f3mo ha contribuido el Congreso del Trabajo a la regulaci\u00f3n y cumplimiento de la Participaci\u00f3n de los Trabajadores en las Utilidades (PTU)?<\/b><\/h4>\n<p><span>El Congreso del Trabajo ha sido un actor determinante en la regulaci\u00f3n y vigilancia del cumplimiento de la <\/span><a href=\"https:\/\/runahr.com\/mx\/recursos\/nomina\/ptu\/\"><span>Participaci\u00f3n de los Trabajadores en las Utilidades (PTU<\/span><\/a><span>) en M\u00e9xico, una prestaci\u00f3n constitucional que permite a los trabajadores compartir las ganancias de las empresas. Desde su creaci\u00f3n, esta organizaci\u00f3n ha luchado por el establecimiento de porcentajes justos para el reparto de utilidades, ha denunciado esquemas de evasi\u00f3n empresarial y ha proporcionado asesor\u00eda legal cuando sus derechos a esta participaci\u00f3n son vulnerados. Adicionalmente, el Congreso participa activamente en las comisiones que analizan y proponen los porcentajes de reparto.<\/span><\/p>\n<h4><b>\u00bfQu\u00e9 iniciativas ha impulsado el Congreso del Trabajo para mejorar los beneficios de prima vacacional para los trabajadores mexicanos?<\/b><\/h4>\n<p><span>El Congreso del Trabajo ha impulsado diversas iniciativas para fortalecer y ampliar los <\/span><a href=\"https:\/\/runahr.com\/mx\/recursos\/nomina\/beneficios\/\"><span>beneficios<\/span><\/a><span> de la <\/span><a href=\"https:\/\/runahr.com\/mx\/recursos\/nomina\/prima-vacacional\/\"><span>prima vacacional<\/span><\/a><span> en M\u00e9xico. Entre estas destacan propuestas legislativas para aumentar el porcentaje m\u00ednimo de la prima vacacional por encima del 25% establecido por ley. Como son las campa\u00f1as para extender los periodos vacacionales conforme a est\u00e1ndares internacionales. La organizaci\u00f3n tambi\u00e9n brinda asesor\u00eda legal gratuita a trabajadores cuyo derecho a la prima vacacional haya sido negado o calculado incorrectamente, reforzando as\u00ed la cultura de cumplimiento de esta importante prestaci\u00f3n que contribuye al <\/span><a href=\"https:\/\/runahr.com\/mx\/recursos\/hr-management\/bienestar\/\"><span>bienestar<\/span><\/a><span> y equilibrio entre la <\/span><a href=\"https:\/\/runahr.com\/mx\/recursos\/hr-management\/vida-laboral\/\"><span>vida laboral<\/span><\/a><span> y personal.<\/span><\/p>\n<h4><b>\u00bfEl Congreso del Trabajo ofrece o respalda alguna calculadora de finiquito para que los trabajadores conozcan sus derechos al terminar una relaci\u00f3n laboral?<\/b><\/h4>\n<p><span>El Congreso del Trabajo, a trav\u00e9s de sus organizaciones afiliadas, respalda y promueve herramientas digitales como <\/span><a href=\"https:\/\/runahr.com\/mx\/recursos\/nomina\/calculadora-finiquito\/\"><span>calculadora de finiquito<\/span><\/a><span> que permiten a los trabajadores conocer con precisi\u00f3n los montos que les corresponden al finalizar una <\/span><a href=\"https:\/\/runahr.com\/mx\/recursos\/hr-management\/relacion-laboral\/\"><span>relaci\u00f3n laboral<\/span><\/a><span>. Estas calculadoras, disponibles en plataformas digitales del <\/span><a href=\"https:\/\/runahr.com\/mx\/recursos\/aspectos-legales\/que-es-un-sindicato\/\"><span>sindicato<\/span><\/a><span> y federaciones asociadas, consideran factores como <\/span><a href=\"https:\/\/runahr.com\/mx\/recursos\/aspectos-legales\/antiguedad-laboral\/\"><span>antig\u00fcedad laboral<\/span><\/a><span>, salario, prestaciones pendientes y causas de terminaci\u00f3n laboral para determinar el monto legal correspondiente.\u00a0<\/span><\/p>\n<h4><b>\u00bfC\u00f3mo puede ayudarme el Congreso del Trabajo si tengo un conflicto relacionado con mi liquidaci\u00f3n laboral?<\/b><\/h4>\n<p><span>El Congreso del Trabajo ofrece servicios gratuitos de asesor\u00eda laboral para trabajadores que enfrentan conflictos relacionados con su <\/span><a href=\"https:\/\/runahr.com\/mx\/recursos\/nomina\/liquidacion\/\"><span>liquidaci\u00f3n<\/span><\/a><span>. A trav\u00e9s de sus 50 organizaciones afiliadas que representan a cerca de 15 millones de trabajadores, esta instituci\u00f3n brinda orientaci\u00f3n especializada sobre los componentes que deben incluirse en una liquidaci\u00f3n justa seg\u00fan la Ley Federal del Trabajo, como <\/span><a href=\"https:\/\/runahr.com\/mx\/recursos\/nomina\/indemnizacion\/\"><span>indemnizaci\u00f3n<\/span><\/a><span> constitucional, salarios ca\u00eddos, partes proporcionales de prestaciones y otros conceptos aplicables seg\u00fan cada caso particular. Los trabajadores pueden acudir a las oficinas de cualquiera de sus sindicatos afiliados para recibir asesor\u00eda profesional. Y, si es necesario, representaci\u00f3n legal para asegurar que sus derechos sean respetados durante el proceso de terminaci\u00f3n laboral por causas imputables al empleador.<\/span><\/p>\n<h4><b>\u00bfQu\u00e9 herramientas proporciona el Congreso del Trabajo para calcular correctamente el aguinaldo?<\/b><\/h4>\n<p><span>El Congreso del Trabajo, mediante sus organizaciones afiliadas como la CTM, CROM y otras federaciones, pone a disposici\u00f3n de los trabajadores herramientas digitales como <\/span><a href=\"https:\/\/runahr.com\/mx\/recursos\/nomina\/calculadora-aguinaldo\/\"><span>calculadora aguinaldo<\/span><\/a><span> que facilitan la determinaci\u00f3n precisa de esta prestaci\u00f3n anual obligatoria. Estas calculadoras consideran variables esenciales como el salario diario, d\u00edas trabajados durante el a\u00f1o y el m\u00ednimo legal de 15 d\u00edas de aguinaldo. Adem\u00e1s, complementan estas herramientas con materiales informativos que explican casos especiales como el c\u00e1lculo proporcional para quienes no completaron el a\u00f1o laboral. Asegurando as\u00ed que todos los trabajadores puedan verificar que reciben correctamente esta prestaci\u00f3n fundamental.<\/span><\/p>\n<h4><b>\u00bfC\u00f3mo ha contribuido el Congreso del Trabajo a la implementaci\u00f3n de la NOM-035 sobre factores de riesgo psicosocial en el trabajo?<\/b><\/h4>\n<p><span>El Congreso del Trabajo ha sido un aliado fundamental en la implementaci\u00f3n efectiva de la <\/span><a href=\"https:\/\/runahr.com\/mx\/recursos\/aspectos-legales\/nom-035\/\"><span>NOM 035<\/span><\/a><span>, la norma que regula los <\/span><a href=\"https:\/\/runahr.com\/mx\/recursos\/aspectos-legales\/factores-de-riesgo-psicosocial\/\"><span>factores de riesgo psicosocial<\/span><\/a><span> en el <\/span><a href=\"https:\/\/runahr.com\/mx\/recursos\/hr-management\/entorno-laboral\/\"><span>entorno laboral<\/span><\/a><span> mexicano. Desde su entrada en vigor, esta organizaci\u00f3n sindical ha desarrollado programas de capacitaci\u00f3n para que los trabajadores conozcan sus derechos bajo esta normativa. Ha promovido la creaci\u00f3n de comisiones mixtas de seguridad e higiene que supervisan su cumplimiento. Y ha establecido canales de denuncia para casos donde existan entornos laborales t\u00f3xicos, cargas de trabajo excesivas o acoso laboral. Adicionalmente, el Congreso incorpora cl\u00e1usulas relacionadas con la <\/span><a href=\"https:\/\/runahr.com\/mx\/recursos\/nomina\/salud-mental\/\"><span>salud mental<\/span><\/a><span> y el bienestar psicosocial en los contratos colectivos que negocia, elevando as\u00ed los est\u00e1ndares m\u00ednimos establecidos en la NOM-035 y contribuyendo a transformar la cultura laboral hacia entornos m\u00e1s saludables y respetuosos.<\/span><\/p>\n","protected":false},"excerpt":{"rendered":"<p>Para supervisar toda la actividad laboral y regular el funcionamiento de las empresas, se han creado los organismos llamados dependencias descentralizadas. En este art\u00edculo, hablaremos espec\u00edficamente sobre una de las dependencias descentralizadas m\u00e1s importantes en cualquier empresa y que como patr\u00f3n es necesario que conozcas: Congreso del Trabajo.\u00a0 \u00bfQu\u00e9 es el congreso del trabajo? Es [&hellip;]<\/p>\n","protected":false},"author":87,"featured_media":284877,"comment_status":"open","ping_status":"open","sticky":false,"template":"","format":"standard","meta":{"_acf_changed":false,"_wp_applaud_exclude":false,"footnotes":""},"categories":[335,190],"tags":[1297,418,1201],"class_list":["post-244306","post","type-post","status-publish","format-standard","has-post-thumbnail","hentry","category-aspectos-legales","category-recursos","tag-articulo","tag-aspectos-legales","tag-congreso-del-trabajo"],"acf":[],"yoast_head":"<!-- This site is optimized with the Yoast SEO Premium plugin v26.1 (Yoast SEO v27.5) - https:\/\/yoast.com\/product\/yoast-seo-premium-wordpress\/ -->\n<title>Congreso del trabajo: \u00bfQu\u00e9 es? \u00bfCu\u00e1l es su funci\u00f3n? | MX | Runa HR<\/title>\n<meta name=\"description\" content=\"El Congreso del Trabajo ayuda y alienta a convertir en leyes, programas o acciones las demandas de los trabajadores.\" \/>\n<meta name=\"robots\" content=\"index, follow, max-snippet:-1, max-image-preview:large, max-video-preview:-1\" \/>\n<link rel=\"canonical\" href=\"https:\/\/runahr.com\/mx\/recursos\/aspectos-legales\/congreso-del-trabajo\/\" \/>\n<meta property=\"og:locale\" content=\"es_MX\" \/>\n<meta property=\"og:type\" content=\"article\" \/>\n<meta property=\"og:title\" content=\"Congreso del trabajo: \u00bfQu\u00e9 es? \u00bfCu\u00e1l es su funci\u00f3n? | MX | Runa HR\" \/>\n<meta property=\"og:description\" content=\"El Congreso del Trabajo ayuda y alienta a convertir en leyes, programas o acciones las demandas de los trabajadores.\" \/>\n<meta property=\"og:url\" content=\"https:\/\/runahr.com\/mx\/recursos\/aspectos-legales\/congreso-del-trabajo\/\" \/>\n<meta property=\"og:site_name\" content=\"Runa HR\" \/>\n<meta property=\"article:publisher\" content=\"https:\/\/www.facebook.com\/runahr\/\" \/>\n<meta property=\"article:published_time\" content=\"2022-07-25T18:00:40+00:00\" \/>\n<meta property=\"article:modified_time\" content=\"2026-01-28T21:44:21+00:00\" \/>\n<meta property=\"og:image\" content=\"https:\/\/runahr.com\/wp-content\/uploads\/2025\/04\/image-2.png\" \/>\n\t<meta property=\"og:image:width\" content=\"512\" \/>\n\t<meta property=\"og:image:height\" content=\"286\" \/>\n\t<meta property=\"og:image:type\" content=\"image\/png\" \/>\n<meta name=\"author\" content=\"it-tools\" \/>\n<meta name=\"twitter:card\" content=\"summary_large_image\" \/>\n<meta name=\"twitter:creator\" content=\"@runahr\" \/>\n<meta name=\"twitter:site\" content=\"@runahr\" \/>\n<meta name=\"twitter:label1\" content=\"Escrito por\" \/>\n\t<meta name=\"twitter:data1\" content=\"it-tools\" \/>\n\t<meta name=\"twitter:label2\" content=\"Tiempo de lectura\" \/>\n\t<meta name=\"twitter:data2\" content=\"7 minutos\" \/>\n<!-- \/ Yoast SEO Premium plugin. -->","yoast_head_json":{"title":"Congreso del trabajo: \u00bfQu\u00e9 es? \u00bfCu\u00e1l es su funci\u00f3n? | MX | Runa HR","description":"El Congreso del Trabajo ayuda y alienta a convertir en leyes, programas o acciones las demandas de los trabajadores.","robots":{"index":"index","follow":"follow","max-snippet":"max-snippet:-1","max-image-preview":"max-image-preview:large","max-video-preview":"max-video-preview:-1"},"canonical":"https:\/\/runahr.com\/mx\/recursos\/aspectos-legales\/congreso-del-trabajo\/","og_locale":"es_MX","og_type":"article","og_title":"Congreso del trabajo: \u00bfQu\u00e9 es? \u00bfCu\u00e1l es su funci\u00f3n? | MX | Runa HR","og_description":"El Congreso del Trabajo ayuda y alienta a convertir en leyes, programas o acciones las demandas de los trabajadores.","og_url":"https:\/\/runahr.com\/mx\/recursos\/aspectos-legales\/congreso-del-trabajo\/","og_site_name":"Runa HR","article_publisher":"https:\/\/www.facebook.com\/runahr\/","article_published_time":"2022-07-25T18:00:40+00:00","article_modified_time":"2026-01-28T21:44:21+00:00","og_image":[{"width":512,"height":286,"url":"https:\/\/runahr.com\/wp-content\/uploads\/2025\/04\/image-2.png","type":"image\/png"}],"author":"it-tools","twitter_card":"summary_large_image","twitter_creator":"@runahr","twitter_site":"@runahr","twitter_misc":{"Escrito por":"it-tools","Tiempo de lectura":"7 minutos"},"schema":{"@context":"https:\/\/schema.org","@graph":[{"@type":"Article","@id":"https:\/\/runahr.com\/mx\/recursos\/aspectos-legales\/congreso-del-trabajo\/#article","isPartOf":{"@id":"https:\/\/runahr.com\/mx\/recursos\/aspectos-legales\/congreso-del-trabajo\/"},"author":{"name":"it-tools","@id":"https:\/\/runahr.com\/mx\/#\/schema\/person\/5a22fa36c8ff828a0720d10281e38009"},"headline":"Congreso del trabajo: \u00bfQu\u00e9 es? \u00bfCu\u00e1l es su funci\u00f3n?","datePublished":"2022-07-25T18:00:40+00:00","dateModified":"2026-01-28T21:44:21+00:00","mainEntityOfPage":{"@id":"https:\/\/runahr.com\/mx\/recursos\/aspectos-legales\/congreso-del-trabajo\/"},"wordCount":1464,"commentCount":0,"publisher":{"@id":"https:\/\/runahr.com\/mx\/#organization"},"image":{"@id":"https:\/\/runahr.com\/mx\/recursos\/aspectos-legales\/congreso-del-trabajo\/#primaryimage"},"thumbnailUrl":"https:\/\/runahr.com\/wp-content\/uploads\/2022\/07\/Congreso-del-Trabajo.svg","keywords":["Art\u00edculo","Aspectos Legales","Congreso del Trabajo"],"articleSection":["Aspectos legales","Recursos"],"inLanguage":"es","potentialAction":[{"@type":"CommentAction","name":"Comment","target":["https:\/\/runahr.com\/mx\/recursos\/aspectos-legales\/congreso-del-trabajo\/#respond"]}]},{"@type":"WebPage","@id":"https:\/\/runahr.com\/mx\/recursos\/aspectos-legales\/congreso-del-trabajo\/","url":"https:\/\/runahr.com\/mx\/recursos\/aspectos-legales\/congreso-del-trabajo\/","name":"Congreso del trabajo: \u00bfQu\u00e9 es? \u00bfCu\u00e1l es su funci\u00f3n? | MX | Runa HR","isPartOf":{"@id":"https:\/\/runahr.com\/mx\/#website"},"primaryImageOfPage":{"@id":"https:\/\/runahr.com\/mx\/recursos\/aspectos-legales\/congreso-del-trabajo\/#primaryimage"},"image":{"@id":"https:\/\/runahr.com\/mx\/recursos\/aspectos-legales\/congreso-del-trabajo\/#primaryimage"},"thumbnailUrl":"https:\/\/runahr.com\/wp-content\/uploads\/2022\/07\/Congreso-del-Trabajo.svg","datePublished":"2022-07-25T18:00:40+00:00","dateModified":"2026-01-28T21:44:21+00:00","description":"El Congreso del Trabajo ayuda y alienta a convertir en leyes, programas o acciones las demandas de los trabajadores.","breadcrumb":{"@id":"https:\/\/runahr.com\/mx\/recursos\/aspectos-legales\/congreso-del-trabajo\/#breadcrumb"},"inLanguage":"es","potentialAction":[{"@type":"ReadAction","target":["https:\/\/runahr.com\/mx\/recursos\/aspectos-legales\/congreso-del-trabajo\/"]}]},{"@type":"ImageObject","inLanguage":"es","@id":"https:\/\/runahr.com\/mx\/recursos\/aspectos-legales\/congreso-del-trabajo\/#primaryimage","url":"https:\/\/runahr.com\/wp-content\/uploads\/2022\/07\/Congreso-del-Trabajo.svg","contentUrl":"https:\/\/runahr.com\/wp-content\/uploads\/2022\/07\/Congreso-del-Trabajo.svg","width":1090,"height":440},{"@type":"BreadcrumbList","@id":"https:\/\/runahr.com\/mx\/recursos\/aspectos-legales\/congreso-del-trabajo\/#breadcrumb","itemListElement":[{"@type":"ListItem","position":1,"name":"Home","item":"https:\/\/runahr.com\/mx\/"},{"@type":"ListItem","position":2,"name":"Recursos","item":"https:\/\/runahr.com\/mx\/category\/recursos\/"},{"@type":"ListItem","position":3,"name":"Aspectos legales","item":"https:\/\/runahr.com\/mx\/category\/recursos\/aspectos-legales\/"},{"@type":"ListItem","position":4,"name":"Congreso del trabajo: \u00bfQu\u00e9 es? \u00bfCu\u00e1l es su funci\u00f3n?"}]},{"@type":"WebSite","@id":"https:\/\/runahr.com\/mx\/#website","url":"https:\/\/runahr.com\/mx\/","name":"Runa HR","description":"Software de N\u00f3mina y Gesti\u00f3n de RRHH","publisher":{"@id":"https:\/\/runahr.com\/mx\/#organization"},"potentialAction":[{"@type":"SearchAction","target":{"@type":"EntryPoint","urlTemplate":"https:\/\/runahr.com\/mx\/?s={search_term_string}"},"query-input":{"@type":"PropertyValueSpecification","valueRequired":true,"valueName":"search_term_string"}}],"inLanguage":"es"},{"@type":"Organization","@id":"https:\/\/runahr.com\/mx\/#organization","name":"Runa HR","url":"https:\/\/runahr.com\/mx\/","logo":{"@type":"ImageObject","inLanguage":"es","@id":"https:\/\/runahr.com\/mx\/#\/schema\/logo\/image\/","url":"https:\/\/runahr.com\/wp-content\/uploads\/2018\/05\/xDzHFcQY_400x400.jpg","contentUrl":"https:\/\/runahr.com\/wp-content\/uploads\/2018\/05\/xDzHFcQY_400x400.jpg","width":400,"height":400,"caption":"Runa HR"},"image":{"@id":"https:\/\/runahr.com\/mx\/#\/schema\/logo\/image\/"},"sameAs":["https:\/\/www.facebook.com\/runahr\/","https:\/\/x.com\/runahr","https:\/\/www.instagram.com\/runahr\/","https:\/\/mx.linkedin.com\/company\/runahr","https:\/\/www.youtube.com\/channel\/UCAZ21FupFMLIb1c7PPaU6Ew"]},{"@type":"Person","@id":"https:\/\/runahr.com\/mx\/#\/schema\/person\/5a22fa36c8ff828a0720d10281e38009","name":"it-tools","image":{"@type":"ImageObject","inLanguage":"es","@id":"https:\/\/secure.gravatar.com\/avatar\/68a146e44420ce6688dd5b32f006e4fc28c82828950327acf34ceb7288a433f0?s=96&d=mm&r=g","url":"https:\/\/secure.gravatar.com\/avatar\/68a146e44420ce6688dd5b32f006e4fc28c82828950327acf34ceb7288a433f0?s=96&d=mm&r=g","contentUrl":"https:\/\/secure.gravatar.com\/avatar\/68a146e44420ce6688dd5b32f006e4fc28c82828950327acf34ceb7288a433f0?s=96&d=mm&r=g","caption":"it-tools"},"url":"https:\/\/runahr.com\/mx\/author\/it-tools\/"}]}},"_links":{"self":[{"href":"https:\/\/runahr.com\/mx\/wp-json\/wp\/v2\/posts\/244306","targetHints":{"allow":["GET"]}}],"collection":[{"href":"https:\/\/runahr.com\/mx\/wp-json\/wp\/v2\/posts"}],"about":[{"href":"https:\/\/runahr.com\/mx\/wp-json\/wp\/v2\/types\/post"}],"author":[{"embeddable":true,"href":"https:\/\/runahr.com\/mx\/wp-json\/wp\/v2\/users\/87"}],"replies":[{"embeddable":true,"href":"https:\/\/runahr.com\/mx\/wp-json\/wp\/v2\/comments?post=244306"}],"version-history":[{"count":0,"href":"https:\/\/runahr.com\/mx\/wp-json\/wp\/v2\/posts\/244306\/revisions"}],"wp:featuredmedia":[{"embeddable":true,"href":"https:\/\/runahr.com\/mx\/wp-json\/wp\/v2\/media\/284877"}],"wp:attachment":[{"href":"https:\/\/runahr.com\/mx\/wp-json\/wp\/v2\/media?parent=244306"}],"wp:term":[{"taxonomy":"category","embeddable":true,"href":"https:\/\/runahr.com\/mx\/wp-json\/wp\/v2\/categories?post=244306"},{"taxonomy":"post_tag","embeddable":true,"href":"https:\/\/runahr.com\/mx\/wp-json\/wp\/v2\/tags?post=244306"}],"curies":[{"name":"wp","href":"https:\/\/api.w.org\/{rel}","templated":true}]}}