{"id":245127,"date":"2022-08-31T23:39:50","date_gmt":"2022-09-01T04:39:50","guid":{"rendered":"https:\/\/runahr.com\/?p=245127"},"modified":"2026-01-14T16:21:06","modified_gmt":"2026-01-14T22:21:06","slug":"descuento-del-septimo-dia","status":"publish","type":"post","link":"https:\/\/runahr.com\/mx\/recursos\/nomina\/descuento-del-septimo-dia\/","title":{"rendered":"\u00bfQu\u00e9 es el descuento del s\u00e9ptimo d\u00eda por falta injustificada?"},"content":{"rendered":"<p><span>Cuando un trabajador tiene una <\/span><span>falta injustificada<\/span><span>, lo l\u00f3gico ser\u00eda descontar de su n\u00f3mina el monto correspondiente al pago de un d\u00eda. Sin embargo, esto no funciona as\u00ed, pues estar\u00edamos haciendo un descuento incompleto. \u00a1Conoce c\u00f3mo gestionar este descuento, mejor conocido como descuento del s\u00e9ptimo d\u00eda, por inasistencia de manera correcta!\u00a0<\/span><\/p>\n<h2>\u00bfQu\u00e9 es el descuento del s\u00e9ptimo d\u00eda?<\/h2>\n<p><span>La <a href=\"https:\/\/runahr.com\/mx\/recursos\/aspectos-legales\/ley-federal-del-trabajo-lft\/\">Ley Federal del Trabajo (LFT)<\/a> establece en el Art\u00edculo 69 que por cada seis d\u00edas laborados, el <a href=\"https:\/\/runahr.com\/mx\/recursos\/hr-management\/trabajador\/\">trabajador<\/a> tiene derecho a un s\u00e9ptimo d\u00eda de descanso con goce de sueldo. Si un trabajador falta, estar\u00eda incumpliendo con esos seis d\u00edas y, por lo tanto, no ser\u00eda acreedor del pago \u00edntegro por el s\u00e9ptimo d\u00eda.<\/span><\/p>\n<p><a href=\"https:\/\/recursos.runahr.com\/plantilla-de-control-de-vacaciones\"><img fetchpriority=\"high\" decoding=\"async\" class=\"alignnone  wp-image-1091966\" src=\"https:\/\/runahr.com\/wp-content\/uploads\/2026\/01\/CMX121-300x118.webp\" alt=\"Descargar Plantilla de control de vacaciones\" width=\"915\" height=\"360\" srcset=\"https:\/\/runahr.com\/wp-content\/uploads\/2026\/01\/CMX121-300x118.webp 300w, https:\/\/runahr.com\/wp-content\/uploads\/2026\/01\/CMX121-1024x404.webp 1024w, https:\/\/runahr.com\/wp-content\/uploads\/2026\/01\/CMX121-768x303.webp 768w, https:\/\/runahr.com\/wp-content\/uploads\/2026\/01\/CMX121-1536x606.webp 1536w, https:\/\/runahr.com\/wp-content\/uploads\/2026\/01\/CMX121-2048x808.webp 2048w\" sizes=\"(max-width: 915px) 100vw, 915px\" \/><\/a><\/p>\n<h2>\u00bfQu\u00e9 es una falta injustificada?<\/h2>\n<p><span>Una <a href=\"https:\/\/runahr.com\/mx\/recursos\/aspectos-legales\/falta\/\">falta<\/a> injustificada es b\u00e1sicamente cuando el empleado falta a su <a href=\"https:\/\/runahr.com\/mx\/recursos\/hr-management\/trabajo\/\">trabajo<\/a> y no tiene alg\u00fan documento que avale el motivo de su falta. En estricto sentido, debe haber una baja m\u00e9dica o alg\u00fan justificante para que no se descuente el d\u00eda.\u00a0<\/span><\/p>\n<p><span>Sin embargo, un descuento no es lo \u00fanica sanci\u00f3n que se puede tomar, en caso de que un empleado junte 3 faltas de manera consecutiva, esto podr\u00eda considerarse un incumplimiento de <a href=\"https:\/\/runahr.com\/mx\/recursos\/comienza-tu-empresa\/que-es-un-contrato-de-trabajo\/\">contrato de trabajo<\/a>, lo que le da pauta a que la empresa promueva un <a href=\"https:\/\/runahr.com\/mx\/recursos\/aspectos-legales\/despido\/\">despido<\/a>.\u00a0<\/span><\/p>\n<p><span>Es un tema delicado el desconocimiento de las faltas injustificadas. Aunque cada empresa tiene sus propias pautas, muchas aceptan certificados m\u00e9dicos externos al <a href=\"https:\/\/runahr.com\/mx\/recursos\/nomina\/que-es-el-imss\/\">seguro social<\/a> o tienen formas diversas para no llegar a estos extremos. Esto depende de las pol\u00edticas de cada empresa y la forma de sancionar estas situaciones.<\/span><\/p>\n<h2>\u00bfC\u00f3mo se calcula el descuento del s\u00e9ptimo d\u00eda en M\u00e9xico?<\/h2>\n<p><span>Recuerda que por cada 6 d\u00edas de trabajo, el trabajador tiene derecho a un d\u00eda de <a href=\"https:\/\/runahr.com\/mx\/recursos\/aspectos-legales\/descanso-laboral\/\">descanso laboral<\/a>, por lo que debemos dividir ese d\u00eda entero entre 6. <\/span>S\u00e9ptimo d\u00eda \/ d\u00edas laborables en la semana = Proporci\u00f3n del s\u00e9ptimo d\u00eda diario, es decir: 1 entre 6 = 0.1666<\/p>\n<p><strong>Ejemplo pr\u00e1ctico:\u00a0<\/strong><\/p>\n<p><span>Ana tiene un ingreso semanal de $1,800 MXN. Esta semana, falt\u00f3 un d\u00eda y no presenta justificante alguno.<\/span><\/p>\n<p>Entonces<b>, <\/b>\u00bfcu\u00e1nto le corresponde a Ana por este periodo?<\/p>\n<p><span>Si descansa 1 d\u00eda por cada 6 laborados, su proporci\u00f3n diaria es 0.166.\u00a0<\/span><\/p>\n<p><span>Su proporci\u00f3n diaria por los d\u00edas que trabaj\u00f3 esa semana ser\u00eda de 0.166 x 5 d\u00edas = 0.83.\u00a0<\/span><\/p>\n<p><span>Su salario diario es de $1,800 MXN \u00f7 7 (d\u00edas) = $257.14 MXN\u00a0<\/span><\/p>\n<p><span>Por lo que su pago proporcional por el s\u00e9ptimo d\u00eda ser\u00eda: 0.83 x $257.14 MXN = $213.42 MXN<\/span><\/p>\n<p><span>Se multiplican los 5 d\u00edas laborados x $ 257.14 diarios = $1,285.70\u00a0<\/span><\/p>\n<p><span>Su <a href=\"https:\/\/runahr.com\/mx\/recursos\/nomina\/salario\/\">salario<\/a> total correspondiente a esta semana ser\u00eda de\u00a0 $1,285.70 + $213.42 = $1,499 MXN<\/span><\/p>\n<p>Es decir, se sumar\u00e1 el descuento del d\u00eda que falt\u00f3 m\u00e1s la parte proporcional del s\u00e9ptimo d\u00eda.<\/p>\n<h2>\u00bfC\u00f3mo tener control al registrar faltas?<\/h2>\n<p><span>No solo es dif\u00edcil calcular y descontar las faltas a empleados, tambi\u00e9n es complicado llevar el registro de las faltas de todos los empleados. Para evitar que se te pase alguna, descarga este control en Excel y lleva un registro preciso del <a href=\"https:\/\/runahr.com\/mx\/recursos\/hr-management\/ausentismo-laboral\/\">ausentismo laboral<\/a> de tus trabajadores.<\/span><\/p>\n<p><span>Con Runa, puedes automatizar el c\u00e1lculo, dispersi\u00f3n y <a href=\"https:\/\/runahr.com\/mx\/recursos\/aspectos-legales\/timbrar-la-nomina\/\">timbrado de n\u00f3mina<\/a> en unos clics. Permiti\u00e9ndote, a su vez, gestionar funcionalidades de <a href=\"https:\/\/runahr.com\/mx\/recursos\/hr-management\/recursos-humanos-en-una-empresa\/\">recursos humanos<\/a> como las evaluaciones de <a href=\"https:\/\/runahr.com\/mx\/recursos\/hr-management\/desempeno\/\">desempe\u00f1o<\/a>, asistencias y permisos desde una misma plataforma.\u00a0<\/span><\/p>\n<p><a href=\"https:\/\/recursos.runahr.com\/formato-registro-vacaciones\"><img decoding=\"async\" class=\"alignnone  wp-image-1091910\" src=\"https:\/\/runahr.com\/wp-content\/uploads\/2026\/01\/CMX114-300x118.webp\" alt=\"Descargar Formato de registro de vacaciones\" width=\"915\" height=\"360\" srcset=\"https:\/\/runahr.com\/wp-content\/uploads\/2026\/01\/CMX114-300x118.webp 300w, https:\/\/runahr.com\/wp-content\/uploads\/2026\/01\/CMX114-1024x404.webp 1024w, https:\/\/runahr.com\/wp-content\/uploads\/2026\/01\/CMX114-768x303.webp 768w, https:\/\/runahr.com\/wp-content\/uploads\/2026\/01\/CMX114-1536x606.webp 1536w, https:\/\/runahr.com\/wp-content\/uploads\/2026\/01\/CMX114-2048x808.webp 2048w\" sizes=\"(max-width: 915px) 100vw, 915px\" \/><\/a><\/p>\n<h2>Preguntas frecuentes<\/h2>\n<h4><strong>\u00bfC\u00f3mo afecta una falta injustificada al c\u00e1lculo de la prima vacacional?<\/strong><\/h4>\n<p>Las faltas injustificadas pueden reducir los d\u00edas de trabajo efectivos, lo que puede afectar el c\u00e1lculo de la <a href=\"https:\/\/runahr.com\/mx\/recursos\/nomina\/prima-vacacional\/\">prima vacacional<\/a> al disminuir la cantidad de d\u00edas considerados para esta prestaci\u00f3n. Puedes consultar a la\u00a0<a href=\"https:\/\/runahr.com\/mx\/recursos\/hr-management\/tabla-de-vacaciones\/\">tabla de vacaciones<\/a>\u00a0para confirmar el numero de <a href=\"https:\/\/runahr.com\/mx\/recursos\/nomina\/vacaciones\/\">vacaciones<\/a> que tiene un trabajador por a\u00f1o de trabajo.<\/p>\n<h4><strong>\u00bfPuede el fondo de ahorro ser afectado por faltas injustificadas y el descuento del s\u00e9ptimo d\u00eda?<\/strong><\/h4>\n<p>S\u00ed, faltas injustificadas pueden disminuir el total de aportaciones al <a href=\"https:\/\/runahr.com\/mx\/recursos\/nomina\/fondo-de-ahorro\/\">fondo de ahorro<\/a>, ya que estas suelen basarse en los d\u00edas trabajados y el salario correspondiente.<\/p>\n<h4><strong>\u00bfQu\u00e9 rol juega el NSS en el registro de faltas injustificadas y su impacto en el descuento del s\u00e9ptimo d\u00eda?<\/strong><\/h4>\n<p>El <a href=\"https:\/\/runahr.com\/mx\/recursos\/hr-management\/nss\/\">N\u00famero de Seguro Social (NSS)<\/a> es utilizado para llevar un registro detallado de las cotizaciones y d\u00edas trabajados. Faltas injustificadas pueden afectar negativamente este registro, influenciando el c\u00e1lculo del descuento del s\u00e9ptimo d\u00eda.<\/p>\n<h4><strong>\u00bfC\u00f3mo puede la cultura organizacional influir en la frecuencia de faltas injustificadas y el descuento del s\u00e9ptimo d\u00eda?<\/strong><\/h4>\n<p>Una <a href=\"https:\/\/runahr.com\/mx\/recursos\/hr-management\/cultura-organizacional\/\">cultura organizacional<\/a> que promueva la responsabilidad y el compromiso puede reducir la frecuencia de faltas injustificadas, minimizando la necesidad de aplicar descuentos del s\u00e9ptimo d\u00eda.<\/p>\n<h4><strong>\u00bfC\u00f3mo afecta el descuento del s\u00e9ptimo d\u00eda a la prima de antig\u00fcedad de un empleado?<\/strong><\/h4>\n<p>Las faltas injustificadas y el descuento del s\u00e9ptimo d\u00eda pueden influir en la acumulaci\u00f3n de tiempo de servicio necesario para el c\u00e1lculo de la <a href=\"https:\/\/runahr.com\/mx\/recursos\/aspectos-legales\/prima-de-antiguedad\/\">prima de antig\u00fcedad<\/a>, afectando su monto final.<\/p>\n<h4><strong>\u00bfDe qu\u00e9 manera la CIF (Clave de Identificaci\u00f3n Fiscal) correcta es esencial para aplicar descuentos del s\u00e9ptimo d\u00eda?<\/strong><\/h4>\n<p>Una <a href=\"https:\/\/runahr.com\/mx\/recursos\/aspectos-legales\/que-es-cif-como-obtenerla\/\">Clave de Identificaci\u00f3n Fiscal (CIF)<\/a> correcta asegura que todas las transacciones y descuentos, incluidos los del s\u00e9ptimo d\u00eda, sean registrados adecuadamente para fines fiscales.<\/p>\n<h4><strong>\u00bfC\u00f3mo puede el proceso de selecci\u00f3n de personal influir en la reducci\u00f3n de faltas injustificadas y descuentos del s\u00e9ptimo d\u00eda?<\/strong><\/h4>\n<p>Un proceso de <a href=\"https:\/\/runahr.com\/mx\/recursos\/hr-management\/seleccion-de-personal\/\">selecci\u00f3n de personal<\/a> riguroso puede identificar candidatos con alto <a href=\"https:\/\/runahr.com\/mx\/recursos\/hr-management\/compromiso-organizacional\/\">compromiso organizacional<\/a> y responsabilidad, reduciendo la probabilidad de faltas injustificadas y descuentos del s\u00e9ptimo d\u00eda.<\/p>\n<p><a href=\"https:\/\/runahr.com\/mx\/recursos\/nomina\/taller-vacaciones\/\"><img decoding=\"async\" class=\"alignnone  wp-image-1092342\" src=\"https:\/\/runahr.com\/wp-content\/uploads\/2026\/01\/CMX168-300x119.webp\" alt=\"Ver ahora Taller: Vacaciones\" width=\"913\" height=\"362\" srcset=\"https:\/\/runahr.com\/wp-content\/uploads\/2026\/01\/CMX168-300x119.webp 300w, https:\/\/runahr.com\/wp-content\/uploads\/2026\/01\/CMX168-1024x405.webp 1024w, https:\/\/runahr.com\/wp-content\/uploads\/2026\/01\/CMX168-768x304.webp 768w, https:\/\/runahr.com\/wp-content\/uploads\/2026\/01\/CMX168-1536x607.webp 1536w, https:\/\/runahr.com\/wp-content\/uploads\/2026\/01\/CMX168-2048x809.webp 2048w\" sizes=\"(max-width: 913px) 100vw, 913px\" \/><\/a><\/p>\n","protected":false},"excerpt":{"rendered":"<p>Cuando un trabajador tiene una falta injustificada, lo l\u00f3gico ser\u00eda descontar de su n\u00f3mina el monto correspondiente al pago de un d\u00eda. Sin embargo, esto no funciona as\u00ed, pues estar\u00edamos haciendo un descuento incompleto. \u00a1Conoce c\u00f3mo gestionar este descuento, mejor conocido como descuento del s\u00e9ptimo d\u00eda, por inasistencia de manera correcta!\u00a0 \u00bfQu\u00e9 es el descuento [&hellip;]<\/p>\n","protected":false},"author":87,"featured_media":1054411,"comment_status":"closed","ping_status":"closed","sticky":false,"template":"","format":"standard","meta":{"_acf_changed":false,"_wp_applaud_exclude":false,"footnotes":""},"categories":[170,190],"tags":[1297,1247,369,1265],"class_list":["post-245127","post","type-post","status-publish","format-standard","has-post-thumbnail","hentry","category-nomina","category-recursos","tag-articulo","tag-faltas","tag-nomina-mx","tag-septimo-dia"],"acf":[],"yoast_head":"<!-- This site is optimized with the Yoast SEO Premium plugin v26.1 (Yoast SEO v27.4) - https:\/\/yoast.com\/product\/yoast-seo-premium-wordpress\/ -->\n<title>\u00bfQu\u00e9 es el descuento del s\u00e9ptimo d\u00eda por falta injustificada? | Runa HR<\/title>\n<meta name=\"description\" content=\"El trabajador tiene derecho a un s\u00e9ptimo d\u00eda de descanso con goce de sueldo, pero si este falta no es acreedor al pago \u00edntegro por el 7\u00ba d\u00eda.\" \/>\n<meta name=\"robots\" content=\"index, follow, max-snippet:-1, max-image-preview:large, max-video-preview:-1\" \/>\n<link rel=\"canonical\" href=\"https:\/\/runahr.com\/mx\/recursos\/nomina\/descuento-del-septimo-dia\/\" \/>\n<meta property=\"og:locale\" content=\"es_MX\" \/>\n<meta property=\"og:type\" content=\"article\" \/>\n<meta property=\"og:title\" content=\"\u00bfQu\u00e9 es el descuento del s\u00e9ptimo d\u00eda por falta injustificada? | MX | Runa HR\" \/>\n<meta property=\"og:description\" content=\"El trabajador tiene derecho a un s\u00e9ptimo d\u00eda de descanso con goce de sueldo, pero si este falta no es acreedor al pago \u00edntegro por el 7\u00ba d\u00eda.\" \/>\n<meta property=\"og:url\" content=\"https:\/\/runahr.com\/mx\/recursos\/nomina\/descuento-del-septimo-dia\/\" \/>\n<meta property=\"og:site_name\" content=\"Runa HR\" \/>\n<meta property=\"article:publisher\" content=\"https:\/\/www.facebook.com\/runahr\/\" \/>\n<meta property=\"article:published_time\" content=\"2022-09-01T04:39:50+00:00\" \/>\n<meta property=\"article:modified_time\" content=\"2026-01-14T22:21:06+00:00\" \/>\n<meta property=\"og:image\" content=\"https:\/\/runahr.com\/wp-content\/uploads\/2025\/04\/image-2.png\" \/>\n\t<meta property=\"og:image:width\" content=\"512\" \/>\n\t<meta property=\"og:image:height\" content=\"286\" \/>\n\t<meta property=\"og:image:type\" content=\"image\/png\" \/>\n<meta name=\"author\" content=\"it-tools\" \/>\n<meta name=\"twitter:card\" content=\"summary_large_image\" \/>\n<meta name=\"twitter:creator\" content=\"@runahr\" \/>\n<meta name=\"twitter:site\" content=\"@runahr\" \/>\n<meta name=\"twitter:label1\" content=\"Escrito por\" \/>\n\t<meta name=\"twitter:data1\" content=\"it-tools\" \/>\n\t<meta name=\"twitter:label2\" content=\"Tiempo de lectura\" \/>\n\t<meta name=\"twitter:data2\" content=\"5 minutos\" \/>\n<!-- \/ Yoast SEO Premium plugin. -->","yoast_head_json":{"title":"\u00bfQu\u00e9 es el descuento del s\u00e9ptimo d\u00eda por falta injustificada? | Runa HR","description":"El trabajador tiene derecho a un s\u00e9ptimo d\u00eda de descanso con goce de sueldo, pero si este falta no es acreedor al pago \u00edntegro por el 7\u00ba d\u00eda.","robots":{"index":"index","follow":"follow","max-snippet":"max-snippet:-1","max-image-preview":"max-image-preview:large","max-video-preview":"max-video-preview:-1"},"canonical":"https:\/\/runahr.com\/mx\/recursos\/nomina\/descuento-del-septimo-dia\/","og_locale":"es_MX","og_type":"article","og_title":"\u00bfQu\u00e9 es el descuento del s\u00e9ptimo d\u00eda por falta injustificada? | MX | Runa HR","og_description":"El trabajador tiene derecho a un s\u00e9ptimo d\u00eda de descanso con goce de sueldo, pero si este falta no es acreedor al pago \u00edntegro por el 7\u00ba d\u00eda.","og_url":"https:\/\/runahr.com\/mx\/recursos\/nomina\/descuento-del-septimo-dia\/","og_site_name":"Runa HR","article_publisher":"https:\/\/www.facebook.com\/runahr\/","article_published_time":"2022-09-01T04:39:50+00:00","article_modified_time":"2026-01-14T22:21:06+00:00","og_image":[{"width":512,"height":286,"url":"https:\/\/runahr.com\/wp-content\/uploads\/2025\/04\/image-2.png","type":"image\/png"}],"author":"it-tools","twitter_card":"summary_large_image","twitter_creator":"@runahr","twitter_site":"@runahr","twitter_misc":{"Escrito por":"it-tools","Tiempo de lectura":"5 minutos"},"schema":{"@context":"https:\/\/schema.org","@graph":[{"@type":"Article","@id":"https:\/\/runahr.com\/mx\/recursos\/nomina\/descuento-del-septimo-dia\/#article","isPartOf":{"@id":"https:\/\/runahr.com\/mx\/recursos\/nomina\/descuento-del-septimo-dia\/"},"author":{"name":"it-tools","@id":"https:\/\/runahr.com\/mx\/#\/schema\/person\/5a22fa36c8ff828a0720d10281e38009"},"headline":"\u00bfQu\u00e9 es el descuento del s\u00e9ptimo d\u00eda por falta injustificada?","datePublished":"2022-09-01T04:39:50+00:00","dateModified":"2026-01-14T22:21:06+00:00","mainEntityOfPage":{"@id":"https:\/\/runahr.com\/mx\/recursos\/nomina\/descuento-del-septimo-dia\/"},"wordCount":966,"publisher":{"@id":"https:\/\/runahr.com\/mx\/#organization"},"image":{"@id":"https:\/\/runahr.com\/mx\/recursos\/nomina\/descuento-del-septimo-dia\/#primaryimage"},"thumbnailUrl":"https:\/\/runahr.com\/wp-content\/uploads\/2025\/09\/Consejos-para-aumentar-la-motivacion-en-tu-empresa-85.svg","keywords":["Art\u00edculo","Faltas","N\u00f3mina","Septimo d\u00eda"],"articleSection":["N\u00f3mina","Recursos"],"inLanguage":"es"},{"@type":"WebPage","@id":"https:\/\/runahr.com\/mx\/recursos\/nomina\/descuento-del-septimo-dia\/","url":"https:\/\/runahr.com\/mx\/recursos\/nomina\/descuento-del-septimo-dia\/","name":"\u00bfQu\u00e9 es el descuento del s\u00e9ptimo d\u00eda por falta injustificada? | Runa HR","isPartOf":{"@id":"https:\/\/runahr.com\/mx\/#website"},"primaryImageOfPage":{"@id":"https:\/\/runahr.com\/mx\/recursos\/nomina\/descuento-del-septimo-dia\/#primaryimage"},"image":{"@id":"https:\/\/runahr.com\/mx\/recursos\/nomina\/descuento-del-septimo-dia\/#primaryimage"},"thumbnailUrl":"https:\/\/runahr.com\/wp-content\/uploads\/2025\/09\/Consejos-para-aumentar-la-motivacion-en-tu-empresa-85.svg","datePublished":"2022-09-01T04:39:50+00:00","dateModified":"2026-01-14T22:21:06+00:00","description":"El trabajador tiene derecho a un s\u00e9ptimo d\u00eda de descanso con goce de sueldo, pero si este falta no es acreedor al pago \u00edntegro por el 7\u00ba d\u00eda.","breadcrumb":{"@id":"https:\/\/runahr.com\/mx\/recursos\/nomina\/descuento-del-septimo-dia\/#breadcrumb"},"inLanguage":"es","potentialAction":[{"@type":"ReadAction","target":["https:\/\/runahr.com\/mx\/recursos\/nomina\/descuento-del-septimo-dia\/"]}]},{"@type":"ImageObject","inLanguage":"es","@id":"https:\/\/runahr.com\/mx\/recursos\/nomina\/descuento-del-septimo-dia\/#primaryimage","url":"https:\/\/runahr.com\/wp-content\/uploads\/2025\/09\/Consejos-para-aumentar-la-motivacion-en-tu-empresa-85.svg","contentUrl":"https:\/\/runahr.com\/wp-content\/uploads\/2025\/09\/Consejos-para-aumentar-la-motivacion-en-tu-empresa-85.svg","width":1090,"height":440},{"@type":"BreadcrumbList","@id":"https:\/\/runahr.com\/mx\/recursos\/nomina\/descuento-del-septimo-dia\/#breadcrumb","itemListElement":[{"@type":"ListItem","position":1,"name":"Home","item":"https:\/\/runahr.com\/mx\/"},{"@type":"ListItem","position":2,"name":"Recursos","item":"https:\/\/runahr.com\/mx\/category\/recursos\/"},{"@type":"ListItem","position":3,"name":"N\u00f3mina","item":"https:\/\/runahr.com\/mx\/category\/recursos\/nomina\/"},{"@type":"ListItem","position":4,"name":"\u00bfQu\u00e9 es el descuento del s\u00e9ptimo d\u00eda por falta injustificada?"}]},{"@type":"WebSite","@id":"https:\/\/runahr.com\/mx\/#website","url":"https:\/\/runahr.com\/mx\/","name":"Runa HR","description":"Software de N\u00f3mina y Gesti\u00f3n de RRHH","publisher":{"@id":"https:\/\/runahr.com\/mx\/#organization"},"potentialAction":[{"@type":"SearchAction","target":{"@type":"EntryPoint","urlTemplate":"https:\/\/runahr.com\/mx\/?s={search_term_string}"},"query-input":{"@type":"PropertyValueSpecification","valueRequired":true,"valueName":"search_term_string"}}],"inLanguage":"es"},{"@type":"Organization","@id":"https:\/\/runahr.com\/mx\/#organization","name":"Runa HR","url":"https:\/\/runahr.com\/mx\/","logo":{"@type":"ImageObject","inLanguage":"es","@id":"https:\/\/runahr.com\/mx\/#\/schema\/logo\/image\/","url":"https:\/\/runahr.com\/wp-content\/uploads\/2018\/05\/xDzHFcQY_400x400.jpg","contentUrl":"https:\/\/runahr.com\/wp-content\/uploads\/2018\/05\/xDzHFcQY_400x400.jpg","width":400,"height":400,"caption":"Runa HR"},"image":{"@id":"https:\/\/runahr.com\/mx\/#\/schema\/logo\/image\/"},"sameAs":["https:\/\/www.facebook.com\/runahr\/","https:\/\/x.com\/runahr","https:\/\/www.instagram.com\/runahr\/","https:\/\/mx.linkedin.com\/company\/runahr","https:\/\/www.youtube.com\/channel\/UCAZ21FupFMLIb1c7PPaU6Ew"]},{"@type":"Person","@id":"https:\/\/runahr.com\/mx\/#\/schema\/person\/5a22fa36c8ff828a0720d10281e38009","name":"it-tools","image":{"@type":"ImageObject","inLanguage":"es","@id":"https:\/\/secure.gravatar.com\/avatar\/68a146e44420ce6688dd5b32f006e4fc28c82828950327acf34ceb7288a433f0?s=96&d=mm&r=g","url":"https:\/\/secure.gravatar.com\/avatar\/68a146e44420ce6688dd5b32f006e4fc28c82828950327acf34ceb7288a433f0?s=96&d=mm&r=g","contentUrl":"https:\/\/secure.gravatar.com\/avatar\/68a146e44420ce6688dd5b32f006e4fc28c82828950327acf34ceb7288a433f0?s=96&d=mm&r=g","caption":"it-tools"},"url":"https:\/\/runahr.com\/mx\/author\/it-tools\/"}]}},"_links":{"self":[{"href":"https:\/\/runahr.com\/mx\/wp-json\/wp\/v2\/posts\/245127","targetHints":{"allow":["GET"]}}],"collection":[{"href":"https:\/\/runahr.com\/mx\/wp-json\/wp\/v2\/posts"}],"about":[{"href":"https:\/\/runahr.com\/mx\/wp-json\/wp\/v2\/types\/post"}],"author":[{"embeddable":true,"href":"https:\/\/runahr.com\/mx\/wp-json\/wp\/v2\/users\/87"}],"replies":[{"embeddable":true,"href":"https:\/\/runahr.com\/mx\/wp-json\/wp\/v2\/comments?post=245127"}],"version-history":[{"count":0,"href":"https:\/\/runahr.com\/mx\/wp-json\/wp\/v2\/posts\/245127\/revisions"}],"wp:featuredmedia":[{"embeddable":true,"href":"https:\/\/runahr.com\/mx\/wp-json\/wp\/v2\/media\/1054411"}],"wp:attachment":[{"href":"https:\/\/runahr.com\/mx\/wp-json\/wp\/v2\/media?parent=245127"}],"wp:term":[{"taxonomy":"category","embeddable":true,"href":"https:\/\/runahr.com\/mx\/wp-json\/wp\/v2\/categories?post=245127"},{"taxonomy":"post_tag","embeddable":true,"href":"https:\/\/runahr.com\/mx\/wp-json\/wp\/v2\/tags?post=245127"}],"curies":[{"name":"wp","href":"https:\/\/api.w.org\/{rel}","templated":true}]}}