{"id":251025,"date":"2023-03-30T22:23:04","date_gmt":"2023-03-31T04:23:04","guid":{"rendered":"https:\/\/runahr.com\/?p=251025"},"modified":"2026-01-20T20:08:47","modified_gmt":"2026-01-21T02:08:47","slug":"incapacidad-por-paternidad-que-es","status":"publish","type":"post","link":"https:\/\/runahr.com\/mx\/recursos\/aspectos-legales\/incapacidad-por-paternidad-que-es\/","title":{"rendered":"Incapacidad por paternidad: \u00bfQu\u00e9 es? \u00bfCu\u00e1ntos d\u00edas cubre de acuerdo a la ley?"},"content":{"rendered":"<p data-start=\"535\" data-end=\"845\">En los \u00faltimos a\u00f1os, algo ha empezado a moverse en el entorno laboral mexicano. Aunque todav\u00eda falta camino, cada vez se habla m\u00e1s de la importancia de crear espacios de trabajo que acompa\u00f1en mejor a las personas en momentos clave de su vida. Uno de esos temas que poco a poco ha ganado lugar es la paternidad.<\/p>\n<p data-start=\"847\" data-end=\"1219\">Hace poco, el Senado propuso modificar el art\u00edculo 132 de la Ley Federal del Trabajo (LFT) para ampliar la licencia de paternidad: pasar de cinco d\u00edas a treinta, con goce de sueldo. Esta propuesta tiene como intenci\u00f3n algo m\u00e1s de fondo que solo sumar d\u00edas: busca generar condiciones m\u00e1s equitativas entre hombres y mujeres cuando llega un hijo, ya sea por nacimiento o adopci\u00f3n.<\/p>\n<p data-start=\"1221\" data-end=\"1447\">Y con esta discusi\u00f3n sobre la mesa, vale la pena detenernos un momento y revisar c\u00f3mo funciona actualmente esta prestaci\u00f3n en M\u00e9xico, qu\u00e9 implicar\u00eda el cambio y por qu\u00e9 las empresas no pueden dejar este tema fuera de su radar.<\/p>\n<p data-start=\"1221\" data-end=\"1447\"><a href=\"https:\/\/runahr.com\/mx\/recursos\/aspectos-legales\/que-es-ley-federal-del-trabajo\/\"><img fetchpriority=\"high\" decoding=\"async\" class=\"alignnone  wp-image-1092694\" src=\"https:\/\/runahr.com\/wp-content\/uploads\/2026\/01\/CMX213-300x119.webp\" alt=\"Ver ahora Tip: \u00bfQu\u00e9 es la Ley Federal del Trabajo (LFT)?\" width=\"895\" height=\"355\" srcset=\"https:\/\/runahr.com\/wp-content\/uploads\/2026\/01\/CMX213-300x119.webp 300w, https:\/\/runahr.com\/wp-content\/uploads\/2026\/01\/CMX213-1024x405.webp 1024w, https:\/\/runahr.com\/wp-content\/uploads\/2026\/01\/CMX213-768x304.webp 768w, https:\/\/runahr.com\/wp-content\/uploads\/2026\/01\/CMX213-1536x607.webp 1536w, https:\/\/runahr.com\/wp-content\/uploads\/2026\/01\/CMX213-2048x809.webp 2048w\" sizes=\"(max-width: 895px) 100vw, 895px\" \/><\/a><\/p>\n<h2><span>\u00bfQu\u00e9 implica la incapacidad por paternidad hoy en d\u00eda?<\/span><\/h2>\n<p data-start=\"1514\" data-end=\"1894\">La <a href=\"https:\/\/runahr.com\/mx\/recursos\/aspectos-legales\/tipos-de-incapacidad-laboral\/\">incapacidad<\/a> por paternidad es un <a href=\"https:\/\/runahr.com\/mx\/recursos\/aspectos-legales\/derecho-laboral\/\">derecho laboral<\/a> establecido en la <a href=\"https:\/\/runahr.com\/mx\/recursos\/aspectos-legales\/ley-federal-del-trabajo-lft\/\">Ley Federal del Trabajo (LFT)<\/a>. Aplica para todos los trabajadores, sin importar si est\u00e1n casados, solteros, si ganan por d\u00eda o por mes, si son administrativos o de producci\u00f3n. Lo relevante es que hayan tenido un hijo o adoptado a un menor. En ese caso, la ley les da cinco d\u00edas de permiso con goce \u00edntegro de sueldo.<\/p>\n<p data-start=\"1896\" data-end=\"2243\">Estos d\u00edas tienen como prop\u00f3sito algo muy puntual: permitir que el padre est\u00e9 presente en esos primeros d\u00edas cr\u00edticos para establecer v\u00ednculo con su familia. Nada m\u00e1s y nada menos. Y como empresa, toca facilitar ese tiempo sin poner obst\u00e1culos ni tecnicismos de por medio. El colaborador necesita enfocarse en su familia, no en \u201cver c\u00f3mo le hace\u201d.<\/p>\n<h2><span>\u00bfQu\u00e9 proceso se sigue para pedir este permiso?<\/span><\/h2>\n<p data-start=\"2302\" data-end=\"2518\">Desde <a href=\"https:\/\/runahr.com\/mx\/recursos\/hr-management\/recursos-humanos-en-una-empresa\/\">Recursos Humanos<\/a> conviene tenerlo claro y, sobre todo, accesible. Lo ideal es que el trabajador avise con unos d\u00edas de anticipaci\u00f3n que se aproxima el nacimiento o que se est\u00e1 por cerrar un proceso de adopci\u00f3n.<\/p>\n<p data-start=\"2520\" data-end=\"2721\">Despu\u00e9s, en un plazo m\u00e1ximo de 10 d\u00edas h\u00e1biles tras la llegada del beb\u00e9, debe presentar el acta de nacimiento o el documento que acredite la adopci\u00f3n. Este paso es clave para iniciar el tr\u00e1mite formal.<\/p>\n<p data-start=\"2723\" data-end=\"3022\">Adem\u00e1s, el colaborador tiene hasta 45 d\u00edas naturales para entregar un escrito donde indique la fecha del nacimiento o adopci\u00f3n, el periodo en que tomar\u00e1 el permiso y el certificado m\u00e9dico o documento correspondiente. Ese margen permite algo de flexibilidad, que en la pr\u00e1ctica hace mucha diferencia.<\/p>\n<p data-start=\"3024\" data-end=\"3288\">Durante ese lapso, puede tomarse los cinco d\u00edas seguidos o escalonados, siempre dentro del l\u00edmite permitido. Y como empresa, corresponde pagar esos d\u00edas completos y asegurarse de que el colaborador est\u00e9 registrado ante el <a href=\"https:\/\/runahr.com\/mx\/recursos\/nomina\/que-es-el-imss\/\">Instituto Mexicano del Seguro Social (IMSS)<\/a> bajo <a href=\"https:\/\/runahr.com\/mx\/recursos\/hr-management\/contrato-individual-de-trabajo\/\">contrato individual de trabajo<\/a>. No hay m\u00e1s.<\/p>\n<h2><span>M\u00e9xico, \u00bfc\u00f3mo va en comparaci\u00f3n con otros pa\u00edses?<\/span><\/h2>\n<p data-start=\"3350\" data-end=\"3673\">La realidad es que no muy bien. Si se mira lo que sucede en otras partes de Am\u00e9rica Latina o en pa\u00edses de la OCDE, M\u00e9xico sigue rezagado. Las mam\u00e1s trabajadoras tienen 84 d\u00edas de <a href=\"https:\/\/runahr.com\/mx\/aspectos-legales\/incapacidad-por-maternidad\/#:~:text=%C2%BFQu%C3%A9%20es%20la%20incapacidad%20por,de%20su%20salario%20como%20empleadas.\">incapacidad por maternidad<\/a>. Los pap\u00e1s, apenas cinco. La diferencia es notoria y dif\u00edcil de justificar si se habla en serio de <a href=\"https:\/\/runahr.com\/mx\/recursos\/hr-management\/equidad-de-genero\/\">equidad de g\u00e9nero<\/a>.<\/p>\n<p data-start=\"3675\" data-end=\"4083\">Por eso la iniciativa reciente buscaba aumentar a 20 los d\u00edas de incapacidad por paternidad, e incluso permitir una extensi\u00f3n de hasta 10 d\u00edas m\u00e1s en caso de complicaciones postparto. La propuesta tambi\u00e9n contemplaba que esos d\u00edas pudieran tomarse de forma flexible a lo largo de tres meses. Esto, m\u00e1s que una prestaci\u00f3n, era una forma de darle tiempo real al padre para estar presente y apoyar a su familia.<\/p>\n<p data-start=\"3675\" data-end=\"4083\"><a href=\"https:\/\/recursos.runahr.com\/guia-practica-imss-para-emprendedores\"><img decoding=\"async\" class=\"alignnone  wp-image-1091550\" src=\"https:\/\/runahr.com\/wp-content\/uploads\/2026\/01\/CMX066-300x119.webp\" alt=\"Descargar Manual IMSS para empresas\" width=\"897\" height=\"356\" srcset=\"https:\/\/runahr.com\/wp-content\/uploads\/2026\/01\/CMX066-300x119.webp 300w, https:\/\/runahr.com\/wp-content\/uploads\/2026\/01\/CMX066-1024x405.webp 1024w, https:\/\/runahr.com\/wp-content\/uploads\/2026\/01\/CMX066-768x304.webp 768w\" sizes=\"(max-width: 897px) 100vw, 897px\" \/><\/a><\/p>\n<h2 class=\"JlqpRe\"><span class=\"JCzEY tNxQIb\"><span class=\"CSkcDe\">\u00bfCu\u00e1ntos d\u00edas tienen los pap\u00e1s en este momento?<\/span><\/span><\/h2>\n<p>Hoy por hoy, en 2025, los padres trabajadores en M\u00e9xico tienen derecho a cinco d\u00edas laborables con goce de sueldo. As\u00ed est\u00e1 establecido. Y esos d\u00edas se pueden usar desde el nacimiento del beb\u00e9 o a partir del momento en que se concreta una adopci\u00f3n.<\/p>\n<div class=\"p8Jhnd\">\n<h2 class=\"JlqpRe\"><span class=\"JCzEY tNxQIb\"><span class=\"CSkcDe\">\u00bfY qu\u00e9 pas\u00f3 con la reforma para aumentar ese permiso?<\/span><\/span><\/h2>\n<p data-start=\"4457\" data-end=\"4687\">Aunque la <a href=\"https:\/\/web.diputados.gob.mx\/inicio\">C\u00e1mara de Diputados<\/a> aprob\u00f3 en diciembre de 2023 la propuesta para extender la incapacidad por paternidad, el asunto se ator\u00f3 en el Senado. Ah\u00ed se plante\u00f3 una versi\u00f3n m\u00e1s corta: solo 10 d\u00edas. Pero ni as\u00ed se logr\u00f3 avanzar.<\/p>\n<p data-start=\"4689\" data-end=\"4943\">Uno de los principales obst\u00e1culos fue el costo. La <a href=\"https:\/\/runahr.com\/mx\/recursos\/aspectos-legales\/secretaria-de-hacienda-y-credito-publico\/\">Secretar\u00eda de Hacienda y Cr\u00e9dito P\u00fablico (SHCP)<\/a> estim\u00f3 que la medida tendr\u00eda un impacto econ\u00f3mico considerable para las empresas, y eso dividi\u00f3 opiniones. Al final, el tema se qued\u00f3 en el aire, sin fecha concreta para retomarse.<\/p>\n<p data-start=\"4945\" data-end=\"5085\">Mientras tanto, M\u00e9xico se mantiene como uno de los pa\u00edses con el permiso de paternidad m\u00e1s breve de la regi\u00f3n. Y s\u00ed, eso tambi\u00e9n dice mucho.<\/p>\n<\/div>\n<h2>\u00bfVale la pena ofrecer m\u00e1s d\u00edas, aunque no sea obligatorio?<\/h2>\n<p data-start=\"5156\" data-end=\"5374\">Definitivamente s\u00ed. Porque una incapacidad por paternidad m\u00e1s generosa no solo apoya al trabajador, tambi\u00e9n mejora el <a href=\"https:\/\/runahr.com\/mx\/recursos\/hr-management\/clima-laboral\/\">clima laboral<\/a>, fortalece el sentido de pertenencia y puede ser un factor clave para retener talento.<\/p>\n<p data-start=\"5376\" data-end=\"5413\">Algunos de los beneficios m\u00e1s claros:<\/p>\n<ul>\n<li data-start=\"5417\" data-end=\"5472\">Permite una distribuci\u00f3n m\u00e1s justa del cuidado en casa<\/li>\n<li data-start=\"5475\" data-end=\"5534\">Apoya a las mujeres a mantenerse activas en lo profesional<\/li>\n<li data-start=\"5537\" data-end=\"5586\">Rompe con estereotipos sobre los roles de g\u00e9nero<\/li>\n<li data-start=\"5589\" data-end=\"5658\">Ayuda a construir relaciones familiares m\u00e1s cercanas desde el inicio<\/li>\n<li data-start=\"5661\" data-end=\"5757\">Transmite un mensaje muy claro: la empresa s\u00ed se preocupa por el <a href=\"https:\/\/runahr.com\/mx\/recursos\/hr-management\/bienestar\/\">bienestar<\/a> integral de su gente<\/li>\n<\/ul>\n<p data-start=\"5759\" data-end=\"5968\">Y aunque la ley no lo exija a\u00fan, muchas empresas ya empezaron a moverse en esa direcci\u00f3n. A veces, no se trata de esperar a que la norma cambie, sino de decidir qu\u00e9 tipo de cultura laboral se quiere construir.<\/p>\n<p data-start=\"5759\" data-end=\"5968\"><a href=\"https:\/\/recursos.runahr.com\/manual-incapacidad-por-maternidad\"><img decoding=\"async\" class=\"alignnone  wp-image-1091558\" src=\"https:\/\/runahr.com\/wp-content\/uploads\/2026\/01\/CMX068-300x118.webp\" alt=\"Descargar Manual de la incapacidad por maternidad en M\u00e9xico\" width=\"900\" height=\"354\" srcset=\"https:\/\/runahr.com\/wp-content\/uploads\/2026\/01\/CMX068-300x118.webp 300w, https:\/\/runahr.com\/wp-content\/uploads\/2026\/01\/CMX068-1024x404.webp 1024w, https:\/\/runahr.com\/wp-content\/uploads\/2026\/01\/CMX068-768x303.webp 768w, https:\/\/runahr.com\/wp-content\/uploads\/2026\/01\/CMX068-1536x606.webp 1536w, https:\/\/runahr.com\/wp-content\/uploads\/2026\/01\/CMX068-2048x808.webp 2048w\" sizes=\"(max-width: 900px) 100vw, 900px\" \/><\/a><\/p>\n<h2>Preguntas frecuentes<\/h2>\n<h4><span>\u00bfLa incapacidad por paternidad es lo mismo que tomar vacaciones?<\/span><\/h4>\n<p>No, son cosas muy distintas. La incapacidad por paternidad es un derecho espec\u00edfico que se activa cuando nace o se adopta un hijo, y est\u00e1 protegida por la ley. Las <a href=\"https:\/\/runahr.com\/mx\/recursos\/nomina\/vacaciones\/\">vacaciones<\/a>, en cambio, son parte de los beneficios anuales acumulados del trabajador y pueden tomarse en cualquier otro momento del a\u00f1o, seg\u00fan lo acordado en su contrato. La incapacidad por paternidad no se elige ni se negocia: corresponde por ley y tiene que otorgarse en tiempo y forma.<\/p>\n<h4><span>\u00bfQu\u00e9 relaci\u00f3n hay entre la incapacidad por paternidad y la prima vacacional?<\/span><\/h4>\n<p>En realidad, no hay una relaci\u00f3n directa. La incapacidad por paternidad es un permiso con goce de sueldo, pero no cuenta como tiempo trabajado para el c\u00e1lculo de la <a href=\"https:\/\/runahr.com\/mx\/recursos\/nomina\/prima-vacacional\/\">prima vacacional<\/a>. Es decir, durante esos d\u00edas el trabajador sigue recibiendo su salario completo, pero esos d\u00edas no se suman como parte de su antig\u00fcedad para efectos del pago de la prima. Ambos beneficios conviven dentro de la legislaci\u00f3n laboral, pero operan por separado.<\/p>\n<h4><span>\u00bfLa incapacidad por paternidad puede provocar estr\u00e9s laboral?<\/span><\/h4>\n<p><span>La incapacidad por paternidad, aunque es un momento de alegr\u00eda y celebraci\u00f3n, puede generar <a href=\"https:\/\/runahr.com\/mx\/recursos\/hr-management\/estres-laboral\/\">estr\u00e9s laboral<\/a> en algunos casos. La transici\u00f3n a la paternidad implica nuevos roles y responsabilidades que pueden aumentar la <a href=\"https:\/\/runahr.com\/mx\/recursos\/hr-management\/carga-de-trabajo\/\">carga de trabajo<\/a> y generar ansiedad. Adem\u00e1s, la conciliaci\u00f3n de la <a href=\"https:\/\/runahr.com\/mx\/recursos\/hr-management\/vida-laboral\/\">vida laboral<\/a> y familiar puede resultar desafiante, especialmente en los primeros meses de vida del beb\u00e9. Sin embargo, es importante destacar que la incapacidad por paternidad tambi\u00e9n puede ser un momento para desconectar y reducir el estr\u00e9s laboral al permitir al padre pasar tiempo de calidad con su familia.<\/span><\/p>\n<h4><span>\u00bfC\u00f3mo debe actuar un manager frente a una incapacidad por paternidad?<\/span><\/h4>\n<p>Lo m\u00e1s importante es tener una actitud emp\u00e1tica y clara. Frente a una solicitud de incapacidad por paternidad, el <a href=\"https:\/\/runahr.com\/mx\/recursos\/hr-management\/manager\/\">manager<\/a> debe asegurarse de que el colaborador conozca bien el proceso, respaldarlo sin ambig\u00fcedades y coordinar con el resto del equipo para cubrir temporalmente sus funciones. Una buena gesti\u00f3n no solo evita interrupciones operativas, tambi\u00e9n refuerza la confianza dentro del equipo. La forma en que se maneje ese permiso puede decir mucho sobre el <a href=\"https:\/\/runahr.com\/mx\/recursos\/nomina\/liderazgo\/\">liderazgo<\/a> que se ejerce.<\/p>\n<h4><span>\u00bfLa incapacidad por paternidad puede causar rescisi\u00f3n para el trabajador?\u00a0<\/span><\/h4>\n<p><span>No, la incapacidad por paternidad no puede ser causa de <a href=\"https:\/\/runahr.com\/mx\/recursos\/aspectos-legales\/rescision-de-contrato-laboral-que-dice-lft\/\">rescisi\u00f3n<\/a> para el trabajador. Este permiso est\u00e1 protegido por la ley y es un derecho que el trabajador tiene. La rescisi\u00f3n de un <a href=\"https:\/\/runahr.com\/mx\/recursos\/nomina\/cuales-son-los-tipos-de-contratos-laborales-en-mexico\/\">contrato laboral<\/a> por una incapacidad ser\u00eda considerada una pr\u00e1ctica laboral desleal y podr\u00eda tener consecuencias legales para el empleador.<\/span><\/p>\n<h4><span>\u00bfC\u00f3mo impacta la incapacidad por paternidad en la remuneraci\u00f3n?<\/span><\/h4>\n<p><span>Durante la incapacidad por paternidad, el trabajador tiene derecho a percibir su salario de manera \u00edntegra. Esto significa que su <a href=\"https:\/\/runahr.com\/mx\/recursos\/nomina\/remuneraciones\/\">remuneraci\u00f3n<\/a> no se ve afectada por esta ausencia. Sin embargo, es importante tener en cuenta que la prima vacacional no se calcula sobre los d\u00edas de incapacidad, ya que estos no se consideran tiempo trabajado para efectos de calcular este beneficio.<\/span><\/p>\n<h4><span>\u00bfCu\u00e1l es la repercusi\u00f3n de la incapacidad por paternidad en el clima laboral?<\/span><\/h4>\n<p><span>La incapacidad por paternidad puede tener un impacto positivo en el <a href=\"https:\/\/runahr.com\/mx\/recursos\/hr-management\/clima-laboral\/\">clima laboral<\/a>. Al demostrar que la empresa respeta los derechos de los trabajadores y fomenta la conciliaci\u00f3n de la vida laboral y familiar, se crea un <a href=\"https:\/\/runahr.com\/mx\/recursos\/hr-management\/ambiente-laboral\/\">ambiente laboral<\/a> m\u00e1s justo y equitativo. Adem\u00e1s, el regreso del padre trabajador puede generar un sentimiento de camarader\u00eda y apoyo entre los compa\u00f1eros. Sin embargo, es importante que la empresa cuente con las herramientas necesarias para gestionar de manera eficiente las ausencias por paternidad y evitar que esto genere una sobrecarga de trabajo para los dem\u00e1s empleados.<\/span><\/p>\n","protected":false},"excerpt":{"rendered":"<p>En los \u00faltimos a\u00f1os, algo ha empezado a moverse en el entorno laboral mexicano. Aunque todav\u00eda falta camino, cada vez se habla m\u00e1s de la importancia de crear espacios de trabajo que acompa\u00f1en mejor a las personas en momentos clave de su vida. Uno de esos temas que poco a poco ha ganado lugar es [&hellip;]<\/p>\n","protected":false},"author":87,"featured_media":1056852,"comment_status":"closed","ping_status":"closed","sticky":false,"template":"","format":"standard","meta":{"_acf_changed":false,"_wp_applaud_exclude":false,"footnotes":""},"categories":[335,190],"tags":[1297,418,368],"class_list":["post-251025","post","type-post","status-publish","format-standard","has-post-thumbnail","hentry","category-aspectos-legales","category-recursos","tag-articulo","tag-aspectos-legales","tag-incapacidad-mx"],"acf":[],"yoast_head":"<!-- This site is optimized with the Yoast SEO Premium plugin v26.1 (Yoast SEO v27.5) - https:\/\/yoast.com\/product\/yoast-seo-premium-wordpress\/ -->\n<title>Incapacidad por paternidad: \u00bfQu\u00e9 es? \u00bfCu\u00e1ntos d\u00edas cubre de acuerdo a la ley? | Runa HR<\/title>\n<meta name=\"description\" content=\"La incapacidad por paternidad es una prestaci\u00f3n por ley a la que todos los empleados tienen derecho en M\u00e9xico...\" \/>\n<meta name=\"robots\" content=\"index, follow, max-snippet:-1, max-image-preview:large, max-video-preview:-1\" \/>\n<link rel=\"canonical\" href=\"https:\/\/runahr.com\/mx\/recursos\/aspectos-legales\/incapacidad-por-paternidad-que-es\/\" \/>\n<meta property=\"og:locale\" content=\"es_MX\" \/>\n<meta property=\"og:type\" content=\"article\" \/>\n<meta property=\"og:title\" content=\"Incapacidad por paternidad: \u00bfQu\u00e9 es? \u00bfCu\u00e1ntos d\u00edas cubre de acuerdo a la ley? | MX | Runa HR\" \/>\n<meta property=\"og:description\" content=\"La incapacidad por paternidad es una prestaci\u00f3n por ley a la que todos los empleados tienen derecho en M\u00e9xico...\" \/>\n<meta property=\"og:url\" content=\"https:\/\/runahr.com\/mx\/recursos\/aspectos-legales\/incapacidad-por-paternidad-que-es\/\" \/>\n<meta property=\"og:site_name\" content=\"Runa HR\" \/>\n<meta property=\"article:publisher\" content=\"https:\/\/www.facebook.com\/runahr\/\" \/>\n<meta property=\"article:published_time\" content=\"2023-03-31T04:23:04+00:00\" \/>\n<meta property=\"article:modified_time\" content=\"2026-01-21T02:08:47+00:00\" \/>\n<meta property=\"og:image\" content=\"https:\/\/runahr.com\/wp-content\/uploads\/2025\/04\/image-2.png\" \/>\n\t<meta property=\"og:image:width\" content=\"512\" \/>\n\t<meta property=\"og:image:height\" content=\"286\" \/>\n\t<meta property=\"og:image:type\" content=\"image\/png\" \/>\n<meta name=\"author\" content=\"it-tools\" \/>\n<meta name=\"twitter:card\" content=\"summary_large_image\" \/>\n<meta name=\"twitter:creator\" content=\"@runahr\" \/>\n<meta name=\"twitter:site\" content=\"@runahr\" \/>\n<meta name=\"twitter:label1\" content=\"Escrito por\" \/>\n\t<meta name=\"twitter:data1\" content=\"it-tools\" \/>\n\t<meta name=\"twitter:label2\" content=\"Tiempo de lectura\" \/>\n\t<meta name=\"twitter:data2\" content=\"8 minutos\" \/>\n<!-- \/ Yoast SEO Premium plugin. -->","yoast_head_json":{"title":"Incapacidad por paternidad: \u00bfQu\u00e9 es? \u00bfCu\u00e1ntos d\u00edas cubre de acuerdo a la ley? | Runa HR","description":"La incapacidad por paternidad es una prestaci\u00f3n por ley a la que todos los empleados tienen derecho en M\u00e9xico...","robots":{"index":"index","follow":"follow","max-snippet":"max-snippet:-1","max-image-preview":"max-image-preview:large","max-video-preview":"max-video-preview:-1"},"canonical":"https:\/\/runahr.com\/mx\/recursos\/aspectos-legales\/incapacidad-por-paternidad-que-es\/","og_locale":"es_MX","og_type":"article","og_title":"Incapacidad por paternidad: \u00bfQu\u00e9 es? \u00bfCu\u00e1ntos d\u00edas cubre de acuerdo a la ley? | MX | Runa HR","og_description":"La incapacidad por paternidad es una prestaci\u00f3n por ley a la que todos los empleados tienen derecho en M\u00e9xico...","og_url":"https:\/\/runahr.com\/mx\/recursos\/aspectos-legales\/incapacidad-por-paternidad-que-es\/","og_site_name":"Runa HR","article_publisher":"https:\/\/www.facebook.com\/runahr\/","article_published_time":"2023-03-31T04:23:04+00:00","article_modified_time":"2026-01-21T02:08:47+00:00","og_image":[{"width":512,"height":286,"url":"https:\/\/runahr.com\/wp-content\/uploads\/2025\/04\/image-2.png","type":"image\/png"}],"author":"it-tools","twitter_card":"summary_large_image","twitter_creator":"@runahr","twitter_site":"@runahr","twitter_misc":{"Escrito por":"it-tools","Tiempo de lectura":"8 minutos"},"schema":{"@context":"https:\/\/schema.org","@graph":[{"@type":"Article","@id":"https:\/\/runahr.com\/mx\/recursos\/aspectos-legales\/incapacidad-por-paternidad-que-es\/#article","isPartOf":{"@id":"https:\/\/runahr.com\/mx\/recursos\/aspectos-legales\/incapacidad-por-paternidad-que-es\/"},"author":{"name":"it-tools","@id":"https:\/\/runahr.com\/mx\/#\/schema\/person\/5a22fa36c8ff828a0720d10281e38009"},"headline":"Incapacidad por paternidad: \u00bfQu\u00e9 es? \u00bfCu\u00e1ntos d\u00edas cubre de acuerdo a la ley?","datePublished":"2023-03-31T04:23:04+00:00","dateModified":"2026-01-21T02:08:47+00:00","mainEntityOfPage":{"@id":"https:\/\/runahr.com\/mx\/recursos\/aspectos-legales\/incapacidad-por-paternidad-que-es\/"},"wordCount":1681,"publisher":{"@id":"https:\/\/runahr.com\/mx\/#organization"},"image":{"@id":"https:\/\/runahr.com\/mx\/recursos\/aspectos-legales\/incapacidad-por-paternidad-que-es\/#primaryimage"},"thumbnailUrl":"https:\/\/runahr.com\/wp-content\/uploads\/2025\/09\/Incapacidad-por-paternidad.svg","keywords":["Art\u00edculo","Aspectos Legales","Incapacidad"],"articleSection":["Aspectos legales","Recursos"],"inLanguage":"es"},{"@type":"WebPage","@id":"https:\/\/runahr.com\/mx\/recursos\/aspectos-legales\/incapacidad-por-paternidad-que-es\/","url":"https:\/\/runahr.com\/mx\/recursos\/aspectos-legales\/incapacidad-por-paternidad-que-es\/","name":"Incapacidad por paternidad: \u00bfQu\u00e9 es? \u00bfCu\u00e1ntos d\u00edas cubre de acuerdo a la ley? | Runa HR","isPartOf":{"@id":"https:\/\/runahr.com\/mx\/#website"},"primaryImageOfPage":{"@id":"https:\/\/runahr.com\/mx\/recursos\/aspectos-legales\/incapacidad-por-paternidad-que-es\/#primaryimage"},"image":{"@id":"https:\/\/runahr.com\/mx\/recursos\/aspectos-legales\/incapacidad-por-paternidad-que-es\/#primaryimage"},"thumbnailUrl":"https:\/\/runahr.com\/wp-content\/uploads\/2025\/09\/Incapacidad-por-paternidad.svg","datePublished":"2023-03-31T04:23:04+00:00","dateModified":"2026-01-21T02:08:47+00:00","description":"La incapacidad por paternidad es una prestaci\u00f3n por ley a la que todos los empleados tienen derecho en M\u00e9xico...","breadcrumb":{"@id":"https:\/\/runahr.com\/mx\/recursos\/aspectos-legales\/incapacidad-por-paternidad-que-es\/#breadcrumb"},"inLanguage":"es","potentialAction":[{"@type":"ReadAction","target":["https:\/\/runahr.com\/mx\/recursos\/aspectos-legales\/incapacidad-por-paternidad-que-es\/"]}]},{"@type":"ImageObject","inLanguage":"es","@id":"https:\/\/runahr.com\/mx\/recursos\/aspectos-legales\/incapacidad-por-paternidad-que-es\/#primaryimage","url":"https:\/\/runahr.com\/wp-content\/uploads\/2025\/09\/Incapacidad-por-paternidad.svg","contentUrl":"https:\/\/runahr.com\/wp-content\/uploads\/2025\/09\/Incapacidad-por-paternidad.svg","width":1090,"height":440,"caption":"incapacidad por paternidad"},{"@type":"BreadcrumbList","@id":"https:\/\/runahr.com\/mx\/recursos\/aspectos-legales\/incapacidad-por-paternidad-que-es\/#breadcrumb","itemListElement":[{"@type":"ListItem","position":1,"name":"Home","item":"https:\/\/runahr.com\/mx\/"},{"@type":"ListItem","position":2,"name":"Recursos","item":"https:\/\/runahr.com\/mx\/category\/recursos\/"},{"@type":"ListItem","position":3,"name":"Aspectos legales","item":"https:\/\/runahr.com\/mx\/category\/recursos\/aspectos-legales\/"},{"@type":"ListItem","position":4,"name":"Incapacidad por paternidad: \u00bfQu\u00e9 es? \u00bfCu\u00e1ntos d\u00edas cubre de acuerdo a la ley?"}]},{"@type":"WebSite","@id":"https:\/\/runahr.com\/mx\/#website","url":"https:\/\/runahr.com\/mx\/","name":"Runa HR","description":"Software de N\u00f3mina y Gesti\u00f3n de RRHH","publisher":{"@id":"https:\/\/runahr.com\/mx\/#organization"},"potentialAction":[{"@type":"SearchAction","target":{"@type":"EntryPoint","urlTemplate":"https:\/\/runahr.com\/mx\/?s={search_term_string}"},"query-input":{"@type":"PropertyValueSpecification","valueRequired":true,"valueName":"search_term_string"}}],"inLanguage":"es"},{"@type":"Organization","@id":"https:\/\/runahr.com\/mx\/#organization","name":"Runa HR","url":"https:\/\/runahr.com\/mx\/","logo":{"@type":"ImageObject","inLanguage":"es","@id":"https:\/\/runahr.com\/mx\/#\/schema\/logo\/image\/","url":"https:\/\/runahr.com\/wp-content\/uploads\/2018\/05\/xDzHFcQY_400x400.jpg","contentUrl":"https:\/\/runahr.com\/wp-content\/uploads\/2018\/05\/xDzHFcQY_400x400.jpg","width":400,"height":400,"caption":"Runa HR"},"image":{"@id":"https:\/\/runahr.com\/mx\/#\/schema\/logo\/image\/"},"sameAs":["https:\/\/www.facebook.com\/runahr\/","https:\/\/x.com\/runahr","https:\/\/www.instagram.com\/runahr\/","https:\/\/mx.linkedin.com\/company\/runahr","https:\/\/www.youtube.com\/channel\/UCAZ21FupFMLIb1c7PPaU6Ew"]},{"@type":"Person","@id":"https:\/\/runahr.com\/mx\/#\/schema\/person\/5a22fa36c8ff828a0720d10281e38009","name":"it-tools","image":{"@type":"ImageObject","inLanguage":"es","@id":"https:\/\/secure.gravatar.com\/avatar\/68a146e44420ce6688dd5b32f006e4fc28c82828950327acf34ceb7288a433f0?s=96&d=mm&r=g","url":"https:\/\/secure.gravatar.com\/avatar\/68a146e44420ce6688dd5b32f006e4fc28c82828950327acf34ceb7288a433f0?s=96&d=mm&r=g","contentUrl":"https:\/\/secure.gravatar.com\/avatar\/68a146e44420ce6688dd5b32f006e4fc28c82828950327acf34ceb7288a433f0?s=96&d=mm&r=g","caption":"it-tools"},"url":"https:\/\/runahr.com\/mx\/author\/it-tools\/"}]}},"_links":{"self":[{"href":"https:\/\/runahr.com\/mx\/wp-json\/wp\/v2\/posts\/251025","targetHints":{"allow":["GET"]}}],"collection":[{"href":"https:\/\/runahr.com\/mx\/wp-json\/wp\/v2\/posts"}],"about":[{"href":"https:\/\/runahr.com\/mx\/wp-json\/wp\/v2\/types\/post"}],"author":[{"embeddable":true,"href":"https:\/\/runahr.com\/mx\/wp-json\/wp\/v2\/users\/87"}],"replies":[{"embeddable":true,"href":"https:\/\/runahr.com\/mx\/wp-json\/wp\/v2\/comments?post=251025"}],"version-history":[{"count":0,"href":"https:\/\/runahr.com\/mx\/wp-json\/wp\/v2\/posts\/251025\/revisions"}],"wp:featuredmedia":[{"embeddable":true,"href":"https:\/\/runahr.com\/mx\/wp-json\/wp\/v2\/media\/1056852"}],"wp:attachment":[{"href":"https:\/\/runahr.com\/mx\/wp-json\/wp\/v2\/media?parent=251025"}],"wp:term":[{"taxonomy":"category","embeddable":true,"href":"https:\/\/runahr.com\/mx\/wp-json\/wp\/v2\/categories?post=251025"},{"taxonomy":"post_tag","embeddable":true,"href":"https:\/\/runahr.com\/mx\/wp-json\/wp\/v2\/tags?post=251025"}],"curies":[{"name":"wp","href":"https:\/\/api.w.org\/{rel}","templated":true}]}}