{"id":287189,"date":"2024-03-12T16:31:10","date_gmt":"2024-03-12T22:31:10","guid":{"rendered":"https:\/\/runahr.com\/?p=287189"},"modified":"2026-03-09T14:00:48","modified_gmt":"2026-03-09T20:00:48","slug":"el-dia-de-descanso-cuenta-como-vacaciones","status":"publish","type":"post","link":"https:\/\/runahr.com\/mx\/recursos\/nomina\/el-dia-de-descanso-cuenta-como-vacaciones\/","title":{"rendered":"\u00bfEl d\u00eda de descanso cuenta como vacaciones?"},"content":{"rendered":"<p><span>Es crucial comprender la diferencia entre los d\u00edas de descanso y las vacaciones, as\u00ed como el modo en que estos afectan los derechos y compensaciones de los trabajadores. En este art\u00edculo, exploraremos preguntas clave como si <\/span><span>el d\u00eda de descanso se cuenta como vacaciones<\/span><span>, los d\u00edas de <\/span><span>vacaciones por ley<\/span><span>, <\/span><span>c\u00f3mo se pagan los d\u00edas de descanso<\/span><span> y <\/span><span>qu\u00e9 d\u00edas no se cuentan en el per\u00edodo de vacaciones<\/span><span>.<\/span><\/p>\n<p><a href=\"https:\/\/recursos.runahr.com\/formato-registro-vacaciones\"><img fetchpriority=\"high\" decoding=\"async\" class=\"alignnone wp-image-1091910\" src=\"https:\/\/runahr.com\/wp-content\/uploads\/2026\/01\/CMX114-300x118.webp\" alt=\"Descargar Formato de registro de vacaciones\" width=\"913\" height=\"359\" srcset=\"https:\/\/runahr.com\/wp-content\/uploads\/2026\/01\/CMX114-300x118.webp 300w, https:\/\/runahr.com\/wp-content\/uploads\/2026\/01\/CMX114-1024x404.webp 1024w, https:\/\/runahr.com\/wp-content\/uploads\/2026\/01\/CMX114-768x303.webp 768w, https:\/\/runahr.com\/wp-content\/uploads\/2026\/01\/CMX114-1536x606.webp 1536w, https:\/\/runahr.com\/wp-content\/uploads\/2026\/01\/CMX114-2048x808.webp 2048w\" sizes=\"(max-width: 913px) 100vw, 913px\" \/><\/a><\/p>\n<h2><span>\u00bfLos 12 d\u00edas de vacaciones son continuos?<\/span><\/h2>\n<p><span>La continuidad de los <a href=\"https:\/\/runahr.com\/mx\/recursos\/nomina\/vacaciones\/\">d\u00edas de vacaciones<\/a> puede variar seg\u00fan la legislaci\u00f3n laboral y las pol\u00edticas internas de cada empresa.\u00a0<\/span><\/p>\n<p><span>Mientras algunas compa\u00f1\u00edas permiten que los empleados disfruten de sus 12 d\u00edas de <a href=\"https:\/\/runahr.com\/mx\/recursos\/nomina\/vacaciones\/\">vacaciones<\/a> de forma continua, otras pueden ofrecer flexibilidad, permitiendo su fraccionamiento a lo largo del a\u00f1o.\u00a0<\/span><\/p>\n<p><span>Es importante revisar las pol\u00edticas internas y conocer la normativa local para comprender si los d\u00edas de vacaciones deben ser consecutivos o pueden distribuirse.<\/span><\/p>\n<h2><span>Vacaciones por Ley<\/span><\/h2>\n<p><span>La <\/span><a href=\"https:\/\/runahr.com\/mx\/recursos\/nomina\/prima-vacacional-2\/\"><span>prima vacacional<\/span><\/a><span> es un derecho al que todos los trabajadores con contrato bajo la <\/span><a href=\"https:\/\/runahr.com\/mx\/recursos\/aspectos-legales\/ley-federal-del-trabajo-lft\/\"><span>Ley Federal del Trabajo (LFT)<\/span><\/a><span>, tienen privilegio. Dicho de otra forma, la prima vacacional es una cantidad adicional de dinero que se paga para \u201cel disfrute de las vacaciones\u201d.<\/span><\/p>\n<p><span>Vamos a detallar el n\u00famero de d\u00edas de vacaciones por a\u00f1o que establece la LFT como m\u00ednimos obligatorios.<\/span><\/p>\n<p><span>Como ya te comentamos, la LFT establece, para el primer a\u00f1o laborado corresponden 12 d\u00edas h\u00e1biles de vacaciones. A partir del segundo a\u00f1o, se a\u00f1aden 2 d\u00edas por cada a\u00f1o trabajado hasta llegar a los 20 d\u00edas de vacaciones.\u00a0<\/span><\/p>\n<p><span>Esta tendencia cambia a partir del sexto a\u00f1o, porque los incrementos de 2 d\u00edas adicionales se producen por cada 5 a\u00f1os laborados, as\u00ed como lo indica la siguiente tabla.<\/span><\/p>\n<p><img decoding=\"async\" class=\"alignnone  wp-image-1106058\" src=\"https:\/\/runahr.com\/wp-content\/uploads\/2024\/03\/Tabla-vacaciones-por-ley-292x300.png\" alt=\"Vacaciones por ley  M\u00e9xico 2026\" width=\"374\" height=\"385\" srcset=\"https:\/\/runahr.com\/wp-content\/uploads\/2024\/03\/Tabla-vacaciones-por-ley-292x300.png 292w, https:\/\/runahr.com\/wp-content\/uploads\/2024\/03\/Tabla-vacaciones-por-ley.png 502w\" sizes=\"(max-width: 374px) 100vw, 374px\" \/><\/p>\n<p>&nbsp;<\/p>\n<p><a href=\"https:\/\/recursos.runahr.com\/plantilla-de-control-de-vacaciones\"><img decoding=\"async\" class=\"alignnone wp-image-1091966\" src=\"https:\/\/runahr.com\/wp-content\/uploads\/2026\/01\/CMX121-300x118.webp\" alt=\"Descargar Plantilla de control de vacaciones\" width=\"918\" height=\"361\" srcset=\"https:\/\/runahr.com\/wp-content\/uploads\/2026\/01\/CMX121-300x118.webp 300w, https:\/\/runahr.com\/wp-content\/uploads\/2026\/01\/CMX121-1024x404.webp 1024w, https:\/\/runahr.com\/wp-content\/uploads\/2026\/01\/CMX121-768x303.webp 768w, https:\/\/runahr.com\/wp-content\/uploads\/2026\/01\/CMX121-1536x606.webp 1536w, https:\/\/runahr.com\/wp-content\/uploads\/2026\/01\/CMX121-2048x808.webp 2048w\" sizes=\"(max-width: 918px) 100vw, 918px\" \/><\/a><\/p>\n<h2><span>\u00bfC\u00f3mo se pagan los d\u00edas de descanso?<\/span><\/h2>\n<p><span>En la pr\u00e1ctica empresarial, algunas compa\u00f1\u00edas optan por acumular las <\/span><span>vacaciones no utilizadas<\/span><span> para el pr\u00f3ximo periodo, mientras que otras, de acuerdo con el art\u00edculo 516 de la LFT, las prescriben o eliminan si no se toman durante el ciclo correspondiente. Esta disposici\u00f3n tiene como objetivo motivar a los empleados a disfrutar de su <\/span><span>per\u00edodo vacacional<\/span><span> en el plazo establecido, evitando as\u00ed crear una carga financiera significativa para la empresa. La decisi\u00f3n sobre qu\u00e9 reglas aplicar en la empresa recae en el patr\u00f3n.<\/span><\/p>\n<p><span>Seg\u00fan el art\u00edculo 79 de la LFT, se proh\u00edbe a los empleados solicitar el pago por los d\u00edas de vacaciones no tomados. La compensaci\u00f3n en efectivo de las vacaciones solo es permitida en caso de terminaci\u00f3n de la <a href=\"https:\/\/runahr.com\/mx\/recursos\/hr-management\/relacion-laboral\/\">relaci\u00f3n laboral<\/a>, y el empleado no haya tenido la oportunidad de disfrutar de su tiempo de descanso.<\/span><\/p>\n<p><span>Es esencial que los empleados est\u00e9n informados sobre la <\/span><span>prima vacacional<\/span><span>, un derecho establecido en la LFT en los art\u00edculos 76-81. Su prop\u00f3sito es asegurar que los trabajadores reciban un porcentaje adicional de su salario para disfrutar de su per\u00edodo de vacaciones. La cantidad m\u00ednima de prima vacacional que un empleado debe recibir es el 25% de los d\u00edas correspondientes a sus vacaciones. Esta prima puede ser abonada cuando el empleado toma sus vacaciones o en la celebraci\u00f3n de su aniversario laboral con la empresa.<\/span><\/p>\n<h2><span>\u00bfQu\u00e9 d\u00edas no se cuentan en las vacaciones?<\/span><\/h2>\n<p><span>Existen d\u00edas que generalmente no se incluyen en el c\u00e1lculo de las vacaciones, como los <a href=\"https:\/\/runahr.com\/mx\/recursos\/nomina\/dias-descanso-obligatorio\/\">d\u00edas de descanso obligatorio<\/a> semanal y los d\u00edas feriados. Estos d\u00edas no se consideran como parte del per\u00edodo de vacaciones otorgado por el empleador. Es fundamental comprender qu\u00e9 d\u00edas est\u00e1n excluidos para calcular con precisi\u00f3n la duraci\u00f3n de las vacaciones y garantizar que los empleados reciban la compensaci\u00f3n adecuada.<\/span><\/p>\n<p><span>Aqu\u00ed te dejamos algunos d\u00edas feriados que se consideran como obligatorios:\u00a0<\/span><\/p>\n<ul>\n<li><strong>1 de enero<\/strong><\/li>\n<li><strong>2 de febrero<\/strong><\/li>\n<li><strong>16 de marzo<\/strong><\/li>\n<li><strong>1 de mayo<\/strong><\/li>\n<li><strong>16 de septiembre<\/strong><\/li>\n<li><strong>16 de noviembre<\/strong><\/li>\n<li><strong>25 de diciembre<\/strong><\/li>\n<\/ul>\n<p><span>Adem\u00e1s de los d\u00edas de descanso obligatorio, existen diferentes <\/span><span>tipos de d\u00edas de descanso<\/span><span> que pueden afectar la duraci\u00f3n y el <\/span><span>c\u00e1lculo de las vacaciones<\/span><span>. Estos incluyen d\u00edas personales, d\u00edas de enfermedad y otros permisos especiales. Es crucial conocer la pol\u00edtica de la empresa y la legislaci\u00f3n aplicable para comprender c\u00f3mo se gestionan y pagan estos distintos <\/span><span>tipos de d\u00edas de descanso<\/span><span>.<\/span><\/p>\n<p><span>En resumen, entender la relaci\u00f3n entre los d\u00edas de descanso y las vacaciones es esencial para garantizar una gesti\u00f3n adecuada del tiempo de los empleados y cumplir con las obligaciones legales. Conocer los derechos establecidos por ley, comprender c\u00f3mo se pagan los d\u00edas de descanso y qu\u00e9 d\u00edas no se cuentan en el per\u00edodo de vacaciones son aspectos clave para mantener una relaci\u00f3n laboral justa y equitativa. Familiarizarse con las pol\u00edticas internas y la normativa local proporciona la base necesaria para abordar estos temas de manera eficiente y transparente.<\/span><\/p>\n<p><a href=\"https:\/\/runahr.com\/mx\/recursos\/nomina\/taller-vacaciones\/\"><img loading=\"lazy\" decoding=\"async\" class=\"alignnone wp-image-1092342\" src=\"https:\/\/runahr.com\/wp-content\/uploads\/2026\/01\/CMX168-300x119.webp\" alt=\"Ver ahora Taller: Vacaciones\" width=\"915\" height=\"363\" srcset=\"https:\/\/runahr.com\/wp-content\/uploads\/2026\/01\/CMX168-300x119.webp 300w, https:\/\/runahr.com\/wp-content\/uploads\/2026\/01\/CMX168-1024x405.webp 1024w, https:\/\/runahr.com\/wp-content\/uploads\/2026\/01\/CMX168-768x304.webp 768w, https:\/\/runahr.com\/wp-content\/uploads\/2026\/01\/CMX168-1536x607.webp 1536w\" sizes=\"(max-width: 915px) 100vw, 915px\" \/><\/a><\/p>\n<h2>Preguntas frecuentes<\/h2>\n<p><strong>\u00bfEl aguinaldo se ve afectado por los d\u00edas de descanso?<\/strong><\/p>\n<p><span>No, el <a href=\"https:\/\/runahr.com\/mx\/recursos\/nomina\/aguinaldo\/\">aguinaldo<\/a> se calcula con base en los d\u00edas trabajados, sin descontar los d\u00edas de descanso. <\/span>Usa nuestra <a href=\"https:\/\/runahr.com\/mx\/recursos\/nomina\/calculadora-aguinaldo\/\">calculadora aguinaldo<\/a> para conocer el monto exacto que te corresponde.<b><br \/>\n<\/b><\/p>\n<h4>\u00bfC\u00f3mo influyen los d\u00edas de descanso en la prima vacacional?<b><br \/>\n<\/b><\/h4>\n<p><span>La <a href=\"https:\/\/runahr.com\/mx\/recursos\/nomina\/prima-vacacional\/\">prima vacacional<\/a> se calcula sobre los d\u00edas de vacaciones y no sobre los d\u00edas de descanso, pero ambos son beneficios laborales. <\/span>Consulta nuestra <a href=\"https:\/\/runahr.com\/mx\/recursos\/nomina\/calculadora-prima-vacacional\/\">calculadora prima vacacional<\/a> para obtener el monto exacto.<b><br \/>\n<\/b><\/p>\n<h4>\u00bfUn d\u00eda de descanso afecta el c\u00e1lculo del finiquito?<b><br \/>\n<\/b><\/h4>\n<p><span>S\u00ed, si hay d\u00edas de descanso pendientes al momento de la terminaci\u00f3n laboral, estos deben ser considerados en el pago del <a href=\"https:\/\/runahr.com\/mx\/recursos\/nomina\/finiquito\/\">finiquito<\/a>. <\/span>Puedes calcularlo con nuestra <a href=\"https:\/\/runahr.com\/mx\/recursos\/nomina\/calculadora-finiquito\/\">calculadora finiquito<\/a>.<b><br \/>\n<\/b><\/p>\n<h4>\u00bfC\u00f3mo impacta el d\u00eda de descanso en la liquidaci\u00f3n?<b><br \/>\n<\/b><\/h4>\n<p><span>Si un trabajador es despedido con derecho a <a href=\"https:\/\/runahr.com\/mx\/recursos\/nomina\/liquidacion\/\">liquidaci\u00f3n<\/a>, los d\u00edas de descanso acumulados pueden formar parte de la compensaci\u00f3n. <\/span>Calcula tu liquidaci\u00f3n con nuestra <a href=\"https:\/\/runahr.com\/mx\/recursos\/nomina\/calculadora-liquidacion\">calculadora liquidaci\u00f3n<\/a>.<b><br \/>\n<\/b><\/p>\n<h4>\u00bfQu\u00e9 relaci\u00f3n tiene el d\u00eda de descanso con la NOM-035?<b><br \/>\n<\/b><\/h4>\n<p><span>La <a href=\"https:\/\/runahr.com\/mx\/recursos\/aspectos-legales\/nom-035\/\">NOM-035<\/a> busca prevenir <a href=\"https:\/\/runahr.com\/mx\/recursos\/nomina\/riesgos-psicosociales\/\">riesgos psicosociales<\/a> en el trabajo, y el descanso adecuado es clave para la <a href=\"https:\/\/runahr.com\/mx\/recursos\/nomina\/salud-mental\/\">salud mental<\/a> y el <a href=\"https:\/\/runahr.com\/mx\/recursos\/hr-management\/bienestar\/\">bienestar<\/a> del empleado.<\/span><span><br \/>\n<\/span><\/p>\n<h4>\u00bfC\u00f3mo influye el d\u00eda de descanso en la NOM-037?<b><br \/>\n<\/b><\/h4>\n<p><span>La <a href=\"https:\/\/runahr.com\/mx\/recursos\/aspectos-legales\/nom-037\/\">NOM-037<\/a> regula las condiciones del <a href=\"https:\/\/runahr.com\/mx\/recursos\/hr-management\/teletrabajo\/\">teletrabajo<\/a> y establece que los empleados remotos tambi\u00e9n deben gozar de sus d\u00edas de descanso.<\/span><span><br \/>\n<\/span><\/p>\n<h4>\u00bfC\u00f3mo se reflejan los d\u00edas de descanso en la n\u00f3mina?<b><br \/>\n<\/b><\/h4>\n<p><span>En la <a href=\"https:\/\/runahr.com\/mx\/recursos\/nomina\/que-es-nomina\/\">n\u00f3mina<\/a>, los d\u00edas de descanso aparecen como parte del salario base. Si se laboran, deben reflejarse como horas extras o pago doble. <\/span>Consulta nuestra <a href=\"https:\/\/runahr.com\/mx\/recursos\/nomina\/calculadora-salario-neto-o-bruto\/\">calculadora n\u00f3mina<\/a> para verificar estos pagos.<b><br \/>\n<\/b><\/p>\n<h4>\u00bfC\u00f3mo afecta el d\u00eda de descanso al organigrama de una empresa?<b><br \/>\n<\/b><\/h4>\n<p><span>El descanso influye en la planificaci\u00f3n de turnos y roles dentro de una empresa, por lo que debe estar bien distribuido en el <a href=\"https:\/\/runahr.com\/mx\/recursos\/hr-management\/organigrama\/\">organigrama<\/a> para evitar sobrecargas de trabajo.<\/span><span><br \/>\n<\/span><\/p>\n<h4>\u00bfEl d\u00eda de descanso cuenta para el c\u00e1lculo del PTU?<b><br \/>\n<\/b><\/h4>\n<p><span>No, el <a href=\"https:\/\/runahr.com\/mx\/recursos\/nomina\/ptu\/\">reparto de utilidades (PTU)<\/a> se calcula con base en los d\u00edas efectivamente trabajados y el salario percibido, sin incluir los d\u00edas de descanso.<\/span><\/p>\n<h4>\u00bfC\u00f3mo se calcula la prima vacacional si el trabajador toma d\u00edas de descanso adicionales?<b><br \/>\n<\/b><\/h4>\n<p><span>La <a href=\"https:\/\/runahr.com\/mx\/recursos\/nomina\/prima-vacacional\/\">prima vacacional<\/a> solo cubre los d\u00edas de vacaciones otorgados por ley, no los d\u00edas de descanso adicionales. <\/span>Puedes calcularla con nuestra <a href=\"https:\/\/runahr.com\/mx\/recursos\/nomina\/calculadora-prima-vacacional\/\">calculadora prima vacacional<\/a>.<b><br \/>\n<\/b><\/p>\n<h4>\u00bfQu\u00e9 diferencia hay entre el salario neto y bruto en relaci\u00f3n con los d\u00edas de descanso?<\/h4>\n<p><b><\/b><span> El salario bruto incluye todos los ingresos del trabajador, incluidos los d\u00edas de descanso, mientras que el salario neto es lo que realmente recibe despu\u00e9s de impuestos y deducciones. <\/span>Usa nuestra calculadora <a href=\"https:\/\/runahr.com\/mx\/recursos\/nomina\/calculadora-salario-neto-o-bruto\/\">bruto a neto<\/a> para conocer la diferencia exacta.<\/p>\n","protected":false},"excerpt":{"rendered":"<p>Es crucial comprender la diferencia entre los d\u00edas de descanso y las vacaciones, as\u00ed como el modo en que estos afectan los derechos y compensaciones de los trabajadores. En este art\u00edculo, exploraremos preguntas clave como si el d\u00eda de descanso se cuenta como vacaciones, los d\u00edas de vacaciones por ley, c\u00f3mo se pagan los d\u00edas [&hellip;]<\/p>\n","protected":false},"author":87,"featured_media":1062048,"comment_status":"closed","ping_status":"closed","sticky":false,"template":"","format":"standard","meta":{"_acf_changed":false,"_wp_applaud_exclude":false,"footnotes":""},"categories":[170,190],"tags":[1297,369,347],"class_list":["post-287189","post","type-post","status-publish","format-standard","has-post-thumbnail","hentry","category-nomina","category-recursos","tag-articulo","tag-nomina-mx","tag-vacaciones-mx"],"acf":[],"yoast_head":"<!-- This site is optimized with the Yoast SEO Premium plugin v26.1 (Yoast SEO v27.4) - https:\/\/yoast.com\/product\/yoast-seo-premium-wordpress\/ -->\n<title>\u00bfEl d\u00eda de descanso cuenta c\u00f3mo vacaciones?<\/title>\n<meta name=\"description\" content=\"\u00bfEl d\u00eda de descanso cuenta como vacaciones? Conoce la diferencia entre los d\u00edas de descanso y las vacaciones.\" \/>\n<meta name=\"robots\" content=\"index, follow, max-snippet:-1, max-image-preview:large, max-video-preview:-1\" \/>\n<link rel=\"canonical\" href=\"https:\/\/runahr.com\/mx\/recursos\/nomina\/el-dia-de-descanso-cuenta-como-vacaciones\/\" \/>\n<meta property=\"og:locale\" content=\"es_MX\" \/>\n<meta property=\"og:type\" content=\"article\" \/>\n<meta property=\"og:title\" content=\"\u00bfEl d\u00eda de descanso cuenta como vacaciones? | MX | Runa HR\" \/>\n<meta property=\"og:description\" content=\"\u00bfEl d\u00eda de descanso cuenta como vacaciones? Conoce la diferencia entre los d\u00edas de descanso y las vacaciones.\" \/>\n<meta property=\"og:url\" content=\"https:\/\/runahr.com\/mx\/recursos\/nomina\/el-dia-de-descanso-cuenta-como-vacaciones\/\" \/>\n<meta property=\"og:site_name\" content=\"Runa HR\" \/>\n<meta property=\"article:publisher\" content=\"https:\/\/www.facebook.com\/runahr\/\" \/>\n<meta property=\"article:published_time\" content=\"2024-03-12T22:31:10+00:00\" \/>\n<meta property=\"article:modified_time\" content=\"2026-03-09T20:00:48+00:00\" \/>\n<meta property=\"og:image\" content=\"https:\/\/runahr.com\/wp-content\/uploads\/2025\/04\/image-2.png\" \/>\n\t<meta property=\"og:image:width\" content=\"512\" \/>\n\t<meta property=\"og:image:height\" content=\"286\" \/>\n\t<meta property=\"og:image:type\" content=\"image\/png\" \/>\n<meta name=\"author\" content=\"it-tools\" \/>\n<meta name=\"twitter:card\" content=\"summary_large_image\" \/>\n<meta name=\"twitter:creator\" content=\"@runahr\" \/>\n<meta name=\"twitter:site\" content=\"@runahr\" \/>\n<meta name=\"twitter:label1\" content=\"Escrito por\" \/>\n\t<meta name=\"twitter:data1\" content=\"it-tools\" \/>\n\t<meta name=\"twitter:label2\" content=\"Tiempo de lectura\" \/>\n\t<meta name=\"twitter:data2\" content=\"7 minutos\" \/>\n<!-- \/ Yoast SEO Premium plugin. -->","yoast_head_json":{"title":"\u00bfEl d\u00eda de descanso cuenta c\u00f3mo vacaciones?","description":"\u00bfEl d\u00eda de descanso cuenta como vacaciones? Conoce la diferencia entre los d\u00edas de descanso y las vacaciones.","robots":{"index":"index","follow":"follow","max-snippet":"max-snippet:-1","max-image-preview":"max-image-preview:large","max-video-preview":"max-video-preview:-1"},"canonical":"https:\/\/runahr.com\/mx\/recursos\/nomina\/el-dia-de-descanso-cuenta-como-vacaciones\/","og_locale":"es_MX","og_type":"article","og_title":"\u00bfEl d\u00eda de descanso cuenta como vacaciones? | MX | Runa HR","og_description":"\u00bfEl d\u00eda de descanso cuenta como vacaciones? Conoce la diferencia entre los d\u00edas de descanso y las vacaciones.","og_url":"https:\/\/runahr.com\/mx\/recursos\/nomina\/el-dia-de-descanso-cuenta-como-vacaciones\/","og_site_name":"Runa HR","article_publisher":"https:\/\/www.facebook.com\/runahr\/","article_published_time":"2024-03-12T22:31:10+00:00","article_modified_time":"2026-03-09T20:00:48+00:00","og_image":[{"width":512,"height":286,"url":"https:\/\/runahr.com\/wp-content\/uploads\/2025\/04\/image-2.png","type":"image\/png"}],"author":"it-tools","twitter_card":"summary_large_image","twitter_creator":"@runahr","twitter_site":"@runahr","twitter_misc":{"Escrito por":"it-tools","Tiempo de lectura":"7 minutos"},"schema":{"@context":"https:\/\/schema.org","@graph":[{"@type":"Article","@id":"https:\/\/runahr.com\/mx\/recursos\/nomina\/el-dia-de-descanso-cuenta-como-vacaciones\/#article","isPartOf":{"@id":"https:\/\/runahr.com\/mx\/recursos\/nomina\/el-dia-de-descanso-cuenta-como-vacaciones\/"},"author":{"name":"it-tools","@id":"https:\/\/runahr.com\/mx\/#\/schema\/person\/5a22fa36c8ff828a0720d10281e38009"},"headline":"\u00bfEl d\u00eda de descanso cuenta como vacaciones?","datePublished":"2024-03-12T22:31:10+00:00","dateModified":"2026-03-09T20:00:48+00:00","mainEntityOfPage":{"@id":"https:\/\/runahr.com\/mx\/recursos\/nomina\/el-dia-de-descanso-cuenta-como-vacaciones\/"},"wordCount":1326,"publisher":{"@id":"https:\/\/runahr.com\/mx\/#organization"},"image":{"@id":"https:\/\/runahr.com\/mx\/recursos\/nomina\/el-dia-de-descanso-cuenta-como-vacaciones\/#primaryimage"},"thumbnailUrl":"https:\/\/runahr.com\/wp-content\/uploads\/2025\/09\/El-dia-de-descanso-se-cuenta-como-vacaciones-.svg","keywords":["Art\u00edculo","N\u00f3mina","Vacaciones"],"articleSection":["N\u00f3mina","Recursos"],"inLanguage":"es"},{"@type":"WebPage","@id":"https:\/\/runahr.com\/mx\/recursos\/nomina\/el-dia-de-descanso-cuenta-como-vacaciones\/","url":"https:\/\/runahr.com\/mx\/recursos\/nomina\/el-dia-de-descanso-cuenta-como-vacaciones\/","name":"\u00bfEl d\u00eda de descanso cuenta c\u00f3mo vacaciones?","isPartOf":{"@id":"https:\/\/runahr.com\/mx\/#website"},"primaryImageOfPage":{"@id":"https:\/\/runahr.com\/mx\/recursos\/nomina\/el-dia-de-descanso-cuenta-como-vacaciones\/#primaryimage"},"image":{"@id":"https:\/\/runahr.com\/mx\/recursos\/nomina\/el-dia-de-descanso-cuenta-como-vacaciones\/#primaryimage"},"thumbnailUrl":"https:\/\/runahr.com\/wp-content\/uploads\/2025\/09\/El-dia-de-descanso-se-cuenta-como-vacaciones-.svg","datePublished":"2024-03-12T22:31:10+00:00","dateModified":"2026-03-09T20:00:48+00:00","description":"\u00bfEl d\u00eda de descanso cuenta como vacaciones? Conoce la diferencia entre los d\u00edas de descanso y las vacaciones.","breadcrumb":{"@id":"https:\/\/runahr.com\/mx\/recursos\/nomina\/el-dia-de-descanso-cuenta-como-vacaciones\/#breadcrumb"},"inLanguage":"es","potentialAction":[{"@type":"ReadAction","target":["https:\/\/runahr.com\/mx\/recursos\/nomina\/el-dia-de-descanso-cuenta-como-vacaciones\/"]}]},{"@type":"ImageObject","inLanguage":"es","@id":"https:\/\/runahr.com\/mx\/recursos\/nomina\/el-dia-de-descanso-cuenta-como-vacaciones\/#primaryimage","url":"https:\/\/runahr.com\/wp-content\/uploads\/2025\/09\/El-dia-de-descanso-se-cuenta-como-vacaciones-.svg","contentUrl":"https:\/\/runahr.com\/wp-content\/uploads\/2025\/09\/El-dia-de-descanso-se-cuenta-como-vacaciones-.svg","width":1090,"height":440},{"@type":"BreadcrumbList","@id":"https:\/\/runahr.com\/mx\/recursos\/nomina\/el-dia-de-descanso-cuenta-como-vacaciones\/#breadcrumb","itemListElement":[{"@type":"ListItem","position":1,"name":"Home","item":"https:\/\/runahr.com\/mx\/"},{"@type":"ListItem","position":2,"name":"Recursos","item":"https:\/\/runahr.com\/mx\/category\/recursos\/"},{"@type":"ListItem","position":3,"name":"N\u00f3mina","item":"https:\/\/runahr.com\/mx\/category\/recursos\/nomina\/"},{"@type":"ListItem","position":4,"name":"\u00bfEl d\u00eda de descanso cuenta como vacaciones?"}]},{"@type":"WebSite","@id":"https:\/\/runahr.com\/mx\/#website","url":"https:\/\/runahr.com\/mx\/","name":"Runa HR","description":"Software de N\u00f3mina y Gesti\u00f3n de RRHH","publisher":{"@id":"https:\/\/runahr.com\/mx\/#organization"},"potentialAction":[{"@type":"SearchAction","target":{"@type":"EntryPoint","urlTemplate":"https:\/\/runahr.com\/mx\/?s={search_term_string}"},"query-input":{"@type":"PropertyValueSpecification","valueRequired":true,"valueName":"search_term_string"}}],"inLanguage":"es"},{"@type":"Organization","@id":"https:\/\/runahr.com\/mx\/#organization","name":"Runa HR","url":"https:\/\/runahr.com\/mx\/","logo":{"@type":"ImageObject","inLanguage":"es","@id":"https:\/\/runahr.com\/mx\/#\/schema\/logo\/image\/","url":"https:\/\/runahr.com\/wp-content\/uploads\/2018\/05\/xDzHFcQY_400x400.jpg","contentUrl":"https:\/\/runahr.com\/wp-content\/uploads\/2018\/05\/xDzHFcQY_400x400.jpg","width":400,"height":400,"caption":"Runa HR"},"image":{"@id":"https:\/\/runahr.com\/mx\/#\/schema\/logo\/image\/"},"sameAs":["https:\/\/www.facebook.com\/runahr\/","https:\/\/x.com\/runahr","https:\/\/www.instagram.com\/runahr\/","https:\/\/mx.linkedin.com\/company\/runahr","https:\/\/www.youtube.com\/channel\/UCAZ21FupFMLIb1c7PPaU6Ew"]},{"@type":"Person","@id":"https:\/\/runahr.com\/mx\/#\/schema\/person\/5a22fa36c8ff828a0720d10281e38009","name":"it-tools","image":{"@type":"ImageObject","inLanguage":"es","@id":"https:\/\/secure.gravatar.com\/avatar\/68a146e44420ce6688dd5b32f006e4fc28c82828950327acf34ceb7288a433f0?s=96&d=mm&r=g","url":"https:\/\/secure.gravatar.com\/avatar\/68a146e44420ce6688dd5b32f006e4fc28c82828950327acf34ceb7288a433f0?s=96&d=mm&r=g","contentUrl":"https:\/\/secure.gravatar.com\/avatar\/68a146e44420ce6688dd5b32f006e4fc28c82828950327acf34ceb7288a433f0?s=96&d=mm&r=g","caption":"it-tools"},"url":"https:\/\/runahr.com\/mx\/author\/it-tools\/"}]}},"_links":{"self":[{"href":"https:\/\/runahr.com\/mx\/wp-json\/wp\/v2\/posts\/287189","targetHints":{"allow":["GET"]}}],"collection":[{"href":"https:\/\/runahr.com\/mx\/wp-json\/wp\/v2\/posts"}],"about":[{"href":"https:\/\/runahr.com\/mx\/wp-json\/wp\/v2\/types\/post"}],"author":[{"embeddable":true,"href":"https:\/\/runahr.com\/mx\/wp-json\/wp\/v2\/users\/87"}],"replies":[{"embeddable":true,"href":"https:\/\/runahr.com\/mx\/wp-json\/wp\/v2\/comments?post=287189"}],"version-history":[{"count":0,"href":"https:\/\/runahr.com\/mx\/wp-json\/wp\/v2\/posts\/287189\/revisions"}],"wp:featuredmedia":[{"embeddable":true,"href":"https:\/\/runahr.com\/mx\/wp-json\/wp\/v2\/media\/1062048"}],"wp:attachment":[{"href":"https:\/\/runahr.com\/mx\/wp-json\/wp\/v2\/media?parent=287189"}],"wp:term":[{"taxonomy":"category","embeddable":true,"href":"https:\/\/runahr.com\/mx\/wp-json\/wp\/v2\/categories?post=287189"},{"taxonomy":"post_tag","embeddable":true,"href":"https:\/\/runahr.com\/mx\/wp-json\/wp\/v2\/tags?post=287189"}],"curies":[{"name":"wp","href":"https:\/\/api.w.org\/{rel}","templated":true}]}}