{"id":300134,"date":"2024-06-17T17:44:05","date_gmt":"2024-06-17T23:44:05","guid":{"rendered":"https:\/\/runahr.com\/?p=300134"},"modified":"2026-01-28T19:10:48","modified_gmt":"2026-01-29T01:10:48","slug":"falta","status":"publish","type":"post","link":"https:\/\/runahr.com\/mx\/recursos\/aspectos-legales\/falta\/","title":{"rendered":"Falta: \u00bfQu\u00e9 significa? \u00bfQu\u00e9 menciona la ley?"},"content":{"rendered":"<p><span>Para cualquier persona que trabaje con equipos, n\u00f3minas y clima laboral, tener claro qu\u00e9 es una falta no es solo un tecnicismo legal: es parte de mantener orden y justicia dentro y fuera de la empresa.<\/span><\/p>\n<p><span>Porque s\u00ed, aunque muchos escuchan \u201cfalta\u201d y piensan en un simple retraso o ausencia, la realidad es que detr\u00e1s hay toda una clasificaci\u00f3n legal y laboral que define hasta d\u00f3nde llega la sanci\u00f3n y qu\u00e9 derechos tienen ambas partes.<\/span><\/p>\n<p><span>Vamos a ponerle orden a este tema. Empecemos por lo b\u00e1sico: qu\u00e9 se entiende por falta, qu\u00e9 dice la ley y por qu\u00e9 una falta bien documentada puede ser la diferencia entre una relaci\u00f3n laboral estable o un conflicto que acabe en juicio.<\/span><\/p>\n<p><a href=\"https:\/\/recursos.runahr.com\/registro-de-asistencia-de-trabajadores\"><img fetchpriority=\"high\" decoding=\"async\" class=\"alignnone  wp-image-1092014\" src=\"https:\/\/runahr.com\/wp-content\/uploads\/2026\/01\/CMX127-300x118.webp\" alt=\"Descargar Formato de registro de asistencia de empleados\" width=\"915\" height=\"360\" srcset=\"https:\/\/runahr.com\/wp-content\/uploads\/2026\/01\/CMX127-300x118.webp 300w, https:\/\/runahr.com\/wp-content\/uploads\/2026\/01\/CMX127-1024x404.webp 1024w, https:\/\/runahr.com\/wp-content\/uploads\/2026\/01\/CMX127-768x303.webp 768w, https:\/\/runahr.com\/wp-content\/uploads\/2026\/01\/CMX127-1536x606.webp 1536w, https:\/\/runahr.com\/wp-content\/uploads\/2026\/01\/CMX127-2048x808.webp 2048w\" sizes=\"(max-width: 915px) 100vw, 915px\" \/><\/a><\/p>\n<h2><span>\u00bfQu\u00e9 se considera una falta?<\/span><\/h2>\n<p><span>De entrada, una falta es una infracci\u00f3n menor. Es un acto que rompe una regla \u2014puede ser legal, moral, social o administrativa\u2014 pero que no llega al nivel de ser delito grave. Imagina un alto en la esquina de tu casa: si alguien se lo pasa sin fijarse, eso es una falta de tr\u00e1nsito. No es robo ni fraude ni nada tan grande, pero igual rompe una regla b\u00e1sica que evita accidentes. Y por romperla, toca pagar.<\/span><\/p>\n<p><span>En la vida diaria, las faltas est\u00e1n por todos lados: un vecino con la m\u00fasica a todo volumen de madrugada, un auto mal estacionado que bloquea la cochera, o alguien que tira basura donde no debe. No terminas en la c\u00e1rcel por eso, claro, pero s\u00ed puede salir caro en multas o dejarte un mal historial si se vuelve costumbre.<\/span><\/p>\n<h2><span>\u00bfQu\u00e9 es una falta en el C\u00f3digo Penal?<\/span><\/h2>\n<p><span>\u200b\u200bEn M\u00e9xico, el <\/span><a href=\"https:\/\/www.diputados.gob.mx\/LeyesBiblio\/pdf\/CPF.pdf\"><span>C\u00f3digo Penal Federal<\/span><\/a><span> no usa la palabra \u201cfalta\u201d tal cual. Aqu\u00ed se habla de delitos y contravenciones. Los delitos son los graves: robo, fraude, violencia. Las contravenciones son lo que m\u00e1s se parece a la idea de una falta: actos menos serios, sancionados con multas, arrestos menores o trabajos en favor de la comunidad.<\/span><\/p>\n<p><span>Por ejemplo: una persona que causa lesiones leves sin intenci\u00f3n de hacer un da\u00f1o grave puede estar cometiendo una falta de lesiones, regulada en el Art\u00edculo 247 del C\u00f3digo Penal Federal. Se trata de agresiones peque\u00f1as que no ponen en riesgo la vida ni la <\/span><a href=\"https:\/\/runahr.com\/mx\/recursos\/hr-management\/integridad\/\"><span>integridad<\/span><\/a><span> de forma seria, pero que igual ameritan un correctivo.<\/span><\/p>\n<h2><span>\u00bfQu\u00e9 es una falta en el trabajo?<\/span><\/h2>\n<p><span>Aqu\u00ed la cosa cambia. En el mundo laboral, la falta se convierte en un tema delicado porque impacta la relaci\u00f3n entre <\/span><a href=\"https:\/\/runahr.com\/mx\/recursos\/comienza-tu-empresa\/guia-para-crear-una-empresa\/\"><span>empresa<\/span><\/a><span> y <\/span><a href=\"https:\/\/runahr.com\/mx\/recursos\/hr-management\/trabajador\/\"><span>trabajador<\/span><\/a><span>. No es solo \u201cllegar tarde\u201d, es incumplir reglas que sostienen la operaci\u00f3n diaria.<\/span><\/p>\n<p><span>La <\/span><a href=\"https:\/\/runahr.com\/mx\/recursos\/aspectos-legales\/ley-federal-del-trabajo-lft\/\"><span>Ley Federal del Trabajo<\/span><\/a><span>, junto con los contratos colectivos y reglamentos internos, dividen las faltas en leves, graves y muy graves. \u00bfPor qu\u00e9 importa clasificarlas? Porque no todas se sancionan igual y ojo: varias faltas peque\u00f1as acumuladas pueden transformarse en una falta grave.<\/span><\/p>\n<h2><span>\u00bfCu\u00e1les son los tipos de faltas en el trabajo?<\/span><\/h2>\n<p><span>En la vida real, cualquier falta que pase en el trabajo suele meterse en uno de tres: leve, grave o muy grave. Cada una pesa distinto y trae consecuencias acordes.<\/span><\/p>\n<p><span>Normalmente todo esto no se inventa al momento, sino que ya viene claro en el reglamento interno, en los contratos colectivos o en las reglas que cada empresa deja por escrito para que nadie se confunda.<\/span><\/p>\n<h3><span>Leves<\/span><\/h3>\n<p><span>Faltas que, aunque no parecen graves de entrada, pueden escalar si se repiten. Son se\u00f1ales tempranas de descuido o falta de compromiso:<\/span><\/p>\n<ul>\n<li style=\"font-weight: 400;\" aria-level=\"1\"><b>Falta de asistencia:<\/b><span> faltar sin justificaci\u00f3n o llegar tarde hasta 60 minutos dentro de un periodo de dos meses. Parece inofensivo, pero dos o tres veces seguidas pueden encender focos rojos.<\/span><\/li>\n<li style=\"font-weight: 400;\" aria-level=\"1\"><b>Falta de puntualidad:<\/b><span> retrasos menores, de hasta 30 minutos, pero sin aviso ni justificaci\u00f3n.<\/span><\/li>\n<li style=\"font-weight: 400;\" aria-level=\"1\"><b>Falta de <\/b><a href=\"https:\/\/runahr.com\/mx\/recursos\/nomina\/comunicacion\/\"><b>comunicaci\u00f3n<\/b><\/a><b>:<\/b><span> no avisar a tiempo una <\/span><a href=\"https:\/\/runahr.com\/mx\/recursos\/hr-management\/ausencia\/\"><span>ausencia<\/span><\/a><span> o el motivo de un retraso.<\/span><\/li>\n<li style=\"font-weight: 400;\" aria-level=\"1\"><b>Descuido en el <\/b><a href=\"https:\/\/runahr.com\/mx\/recursos\/hr-management\/trabajo\/\"><b>trabajo<\/b><\/a><b>:<\/b><span> No causa un da\u00f1o directo a la empresa, pero s\u00ed deja claro que falt\u00f3 compromiso o cuidado.<\/span><\/li>\n<li style=\"font-weight: 400;\" aria-level=\"1\"><b>Uso inadecuado de recursos: <\/b><span>aqu\u00ed hablamos de usar herramientas, materiales o hasta el coche de la empresa para algo que nada tiene que ver con el trabajo. No siempre causa un gasto grande, pero s\u00ed es una falta porque se usan cosas de la empresa como si fueran personales<\/span><\/li>\n<\/ul>\n<h3><span>Graves<\/span><\/h3>\n<p><span>Faltas que ya afectan directamente la operaci\u00f3n, la <\/span><a href=\"https:\/\/runahr.com\/mx\/recursos\/hr-management\/relacion-laboral\/\"><span>relaci\u00f3n laboral<\/span><\/a><span> o la imagen de la empresa. Requieren seguimiento inmediato<\/span><span>.<\/span><\/p>\n<ul>\n<li style=\"font-weight: 400;\" aria-level=\"1\"><b>Falta de asistencia prolongada:<\/b><span> ausentarse sin justificaci\u00f3n por m\u00e1s de 60 minutos o de forma reiterada en un mismo periodo.<\/span><\/li>\n<li style=\"font-weight: 400;\" aria-level=\"1\"><a href=\"https:\/\/runahr.com\/mx\/recursos\/hr-management\/insubordinacion\/\"><b>Insubordinaci\u00f3n<\/b><\/a><b>:<\/b><span> desobedecer \u00f3rdenes claras y leg\u00edtimas de un superior, sobre todo si afecta la seguridad o el servicio.<\/span><\/li>\n<li style=\"font-weight: 400;\" aria-level=\"1\"><b>Negligencia grave:<\/b><span> un descuido que s\u00ed provoca p\u00e9rdidas econ\u00f3micas, accidentes o retrasos importantes en la operaci\u00f3n.<\/span><\/li>\n<li style=\"font-weight: 400;\" aria-level=\"1\"><b>Maltrato:<\/b><span> insultos, gritos o amenazas a compa\u00f1eros, jefes o incluso clientes.<\/span><\/li>\n<li style=\"font-weight: 400;\" aria-level=\"1\"><b>Consumo de alcohol o drogas:<\/b><span> presentarse o consumir en lugar y <\/span><a href=\"https:\/\/runahr.com\/mx\/recursos\/nomina\/horario-laboral\/\"><span>horario laboral.<\/span><\/a><\/li>\n<li style=\"font-weight: 400;\" aria-level=\"1\"><b>Revelar secretos:<\/b><span> filtrar informaci\u00f3n interna, industrial o comercial que deber\u00eda estar protegida.<\/span><\/li>\n<\/ul>\n<h3><span>Muy graves<\/span><\/h3>\n<p><span>Conductas que cruzan una l\u00ednea cr\u00edtica. Rompen totalmente la confianza y pueden llevar al despido inmediato<\/span><span>.<\/span><\/p>\n<ul>\n<li style=\"font-weight: 400;\" aria-level=\"1\"><a href=\"https:\/\/runahr.com\/mx\/recursos\/hr-management\/violencia-laboral\/\"><b>Violencia laboral<\/b><\/a><b>:<\/b><span> golpes, agresiones f\u00edsicas o amenazas serias a compa\u00f1eros o clientes.<\/span><\/li>\n<li style=\"font-weight: 400;\" aria-level=\"1\"><b>Robo:<\/b><span> apropiarse de bienes de la empresa o de otro trabajador.<\/span><\/li>\n<li style=\"font-weight: 400;\" aria-level=\"1\"><b>Falsedad documental:<\/b><span> alterar, falsificar o inventar documentos internos para beneficio propio o de terceros.<\/span><\/li>\n<li style=\"font-weight: 400;\" aria-level=\"1\"><b>Sabotaje:<\/b><span> da\u00f1ar intencionalmente maquinaria, instalaciones o sistemas de la empresa.<\/span><\/li>\n<li style=\"font-weight: 400;\" aria-level=\"1\"><b>Conducta inmoral grave:<\/b><span> actos que da\u00f1en la <\/span><a href=\"https:\/\/runahr.com\/mx\/recursos\/nomina\/reputacion\/\"><span>reputaci\u00f3n<\/span><\/a><span> de la empresa o generen un ambiente de trabajo insostenible.<\/span><\/li>\n<li style=\"font-weight: 400;\" aria-level=\"1\"><b>Revelaci\u00f3n de secretos clave:<\/b><span> filtrar informaci\u00f3n estrat\u00e9gica que pueda beneficiar a la competencia o poner en riesgo la operaci\u00f3n.<\/span><\/li>\n<\/ul>\n<h2><span>Pasos a seguir para sanciones laborales a base de faltas<\/span><\/h2>\n<p><span>Gestionar una falta laboral no es solo rega\u00f1ar o suspender. Primero, todo debe estar bien documentado. Si un empleado comete una falta, RRHH debe emitir una amonestaci\u00f3n: idealmente por escrito, con fecha, hechos claros, pruebas (testigos, reportes) y la posible consecuencia.<\/span><\/p>\n<p><span>Despu\u00e9s se decide la sanci\u00f3n:<\/span><\/p>\n<ul>\n<li style=\"font-weight: 400;\" aria-level=\"1\"><span>Prohibici\u00f3n de ascensos.<\/span><\/li>\n<li style=\"font-weight: 400;\" aria-level=\"1\"><span>Suspensi\u00f3n de empleo y <\/span><a href=\"https:\/\/runahr.com\/mx\/recursos\/nomina\/salario\/\"><span>salario<\/span><\/a><span> por un periodo.<\/span><\/li>\n<li style=\"font-weight: 400;\" aria-level=\"1\"><span>En casos extremos, despido disciplinario.<\/span><\/li>\n<\/ul>\n<p><span>Siempre revisando el <\/span><a href=\"https:\/\/runahr.com\/mx\/recursos\/aspectos-legales\/contrato-colectivo-de-trabajo\/\"><span>contrato colectivo<\/span><\/a><span> y el reglamento interno para evitar errores legales.<\/span><\/p>\n<h2><span>Despido disciplinario por falta<\/span><\/h2>\n<p><span>En M\u00e9xico, un despido disciplinario por falta grave solo se aplica cuando hay un incumplimiento serio y deliberado, no se da de un d\u00eda para otro. La empresa debe poder demostrar que la falta rompi\u00f3 de forma significativa la relaci\u00f3n de confianza y el orden interno.<\/span><\/p>\n<p><span>\u00bfPuede el trabajador impugnar? Claro que s\u00ed. Puede ir ante la <\/span><a href=\"https:\/\/runahr.com\/mx\/recursos\/aspectos-legales\/junta-de-conciliacion-y-arbitraje\/\"><span>Junta de Conciliaci\u00f3n y Arbitraje<\/span><\/a><span> o Tribunales Laborales. Por eso es vital llevar pruebas, minutas, testigos y en caso de comprobarse la falta, la empresa no est\u00e1 obligada a pagar <\/span><a href=\"https:\/\/runahr.com\/mx\/recursos\/nomina\/indemnizacion\/\"><span>indemnizaci\u00f3n<\/span><\/a><span> por <\/span><a href=\"https:\/\/runahr.com\/mx\/recursos\/aspectos-legales\/despido\/\"><span>despido<\/span><\/a><span>.<\/span><\/p>\n<h2><span>\u00bfQu\u00e9 dice el art\u00edculo 247 del C\u00f3digo Penal?<\/span><\/h2>\n<p><span>El Art\u00edculo 247 del C\u00f3digo Penal Federal explica claramente c\u00f3mo se configura una falta de lesiones en M\u00e9xico. Para que esta falta exista, deben cumplirse tres puntos b\u00e1sicos:<\/span><\/p>\n<ol>\n<li style=\"font-weight: 400;\" aria-level=\"1\"><span>Debe haber una agresi\u00f3n ileg\u00edtima, es decir, un golpe, empuj\u00f3n o acto violento que no est\u00e9 justificado por ninguna raz\u00f3n legal.<\/span><\/li>\n<li style=\"font-weight: 400;\" aria-level=\"1\"><span>La lesi\u00f3n causada debe ser leve. Nada de heridas graves ni riesgos de muerte, sino da\u00f1os menores que a\u00fan as\u00ed deben sancionarse.<\/span><\/li>\n<li style=\"font-weight: 400;\" aria-level=\"1\"><span>Y lo m\u00e1s importante: no debe existir intenci\u00f3n de causar un da\u00f1o mayor o permanente.<\/span><\/li>\n<\/ol>\n<p><span>Este art\u00edculo muestra c\u00f3mo una falta, aunque parezca peque\u00f1a, no es cosa de juego. Un empuj\u00f3n en una discusi\u00f3n o un golpe en un momento de enojo pueden acabar en multa, arresto administrativo o incluso trabajo comunitario.<\/span><\/p>\n<p><a href=\"https:\/\/recursos.runahr.com\/kit-de-bajas\"><img decoding=\"async\" class=\"alignnone  wp-image-1091630\" src=\"https:\/\/runahr.com\/wp-content\/uploads\/2026\/01\/CMX078-300x118.webp\" alt=\"Descargar KIT de bajas para recursos humanos\" width=\"913\" height=\"359\" srcset=\"https:\/\/runahr.com\/wp-content\/uploads\/2026\/01\/CMX078-300x118.webp 300w, https:\/\/runahr.com\/wp-content\/uploads\/2026\/01\/CMX078-1024x404.webp 1024w, https:\/\/runahr.com\/wp-content\/uploads\/2026\/01\/CMX078-768x303.webp 768w, https:\/\/runahr.com\/wp-content\/uploads\/2026\/01\/CMX078-1536x606.webp 1536w, https:\/\/runahr.com\/wp-content\/uploads\/2026\/01\/CMX078-2048x808.webp 2048w\" sizes=\"(max-width: 913px) 100vw, 913px\" \/><\/a><\/p>\n<h2><span>Preguntas frecuentes<\/span><\/h2>\n<h4><b>\u00bfLas faltas laborales afectan la prima de antig\u00fcedad?<\/b><\/h4>\n<p><span>En teor\u00eda, una falta por s\u00ed sola no le quita a un trabajador su derecho a la <\/span><a href=\"https:\/\/runahr.com\/mx\/recursos\/aspectos-legales\/prima-de-antiguedad\/\"><span>prima de antig\u00fcedad<\/span><\/a><span>, pero ojo: cuando las faltas se acumulan o se vuelven graves, pueden terminar en un <\/span><a href=\"https:\/\/runahr.com\/mx\/recursos\/nomina\/despido-justificado\/\"><span>despido justificado.<\/span><\/a><\/p>\n<p><span>\u00bfPor qu\u00e9? Porque la prima de antig\u00fcedad se calcula con base en el tiempo efectivo de servicio. Si el <\/span><a href=\"https:\/\/runahr.com\/mx\/recursos\/nomina\/cuales-son-los-tipos-de-contratos-laborales-en-mexico\/\"><span>contrato laboral<\/span><\/a><span> termina por una falta grave, se detiene la acumulaci\u00f3n de a\u00f1os trabajados que respaldan esa prestaci\u00f3n.<\/span><\/p>\n<p><b>\u00bfC\u00f3mo afectan las faltas laborales al c\u00e1lculo de semanas cotizadas en el IMSS?<\/b><\/p>\n<p><span>S\u00ed, y es un detalle que pocos miran a fondo. Si una falta termina en suspensi\u00f3n sin sueldo, esos d\u00edas se quedan fuera del c\u00e1lculo de <\/span><a href=\"https:\/\/runahr.com\/mx\/recursos\/nomina\/semanas-cotizadas\/\"><span>semanas cotizadas<\/span><\/a><span>. Menos semanas, menos derechos acumulados: afecta desde la <\/span><a href=\"https:\/\/runahr.com\/mx\/recursos\/nomina\/pension\/\"><span>pensi\u00f3n<\/span><\/a><span> hasta <\/span><a href=\"https:\/\/runahr.com\/mx\/recursos\/nomina\/prestamos-a-tus-empleados\/\"><span>pr\u00e9stamos<\/span><\/a><span> o incapacidades.<\/span><\/p>\n<p><span>Por ejemplo: si un trabajador acumula varias faltas seguidas que derivan en suspensi\u00f3n de 5 o 10 d\u00edas sin sueldo, esas semanas no suman para el <\/span><a href=\"https:\/\/runahr.com\/mx\/recursos\/nomina\/que-es-el-imss\/\"><span>IMSS<\/span><\/a><span>. Un detalle peque\u00f1o que, a largo plazo, puede costar dinero y <\/span><a href=\"https:\/\/runahr.com\/mx\/recursos\/hr-management\/prestaciones\/\"><span>prestaciones<\/span><\/a><span>.<\/span><\/p>\n<h4><b>\u00bfQu\u00e9 rol juega el departamento de recursos humanos en la gesti\u00f3n de faltas laborales?<\/b><\/h4>\n<p><span>El \u00e1rea de <\/span><a href=\"https:\/\/runahr.com\/mx\/recursos\/hr-management\/recursos-humanos-en-una-empresa\/\"><span>Recursos Humanos<\/span><\/a><span> es quien gestiona cuando se trata de poner orden con cualquier falta dentro de la empresa. Su trabajo no es solo ver qui\u00e9n lleg\u00f3 tarde o qui\u00e9n falt\u00f3 sin aviso, sino asegurarse de que cada caso se trate como debe ser, siguiendo el <\/span><a href=\"https:\/\/runahr.com\/mx\/recursos\/aspectos-legales\/reglamento-interior-de-trabajo\/\"><span>reglamento interno de trabajo<\/span><\/a><span> y las pol\u00edticas que la empresa ya tiene bien marcadas.<\/span><\/p>\n<p><span>Cuando surge una falta, RRHH revisa qu\u00e9 pas\u00f3, escucha versiones, documenta bien cada detalle y deja constancia por escrito. Despu\u00e9s define junto con los l\u00edderes si amerita una llamada de atenci\u00f3n, una sanci\u00f3n m\u00e1s formal o, en casos extremos, un proceso de despido disciplinario.<\/span><\/p>\n<h4><b>\u00bfC\u00f3mo se relacionan las faltas laborales con la NOM 035?<\/b><\/h4>\n<p><span>Un punto interesante: la <\/span><a href=\"https:\/\/runahr.com\/mx\/recursos\/aspectos-legales\/nom-035\/\"><span>NOM 035<\/span><\/a><span> busca prevenir <\/span><a href=\"https:\/\/runahr.com\/mx\/recursos\/nomina\/riesgos-psicosociales\/\"><span>riesgos psicosociales<\/span><\/a><span>. Una empresa que no gestiona las faltas a tiempo puede convertirse en un nido de <\/span><a href=\"https:\/\/runahr.com\/mx\/recursos\/hr-management\/estres-laboral\/\"><span>estr\u00e9s laboral<\/span><\/a><span>, roces, rumores y desconfianza. As\u00ed que tratar bien el tema de faltas es una forma indirecta de cumplir con la NOM 035.<\/span><\/p>\n<h4><b>\u00bfLas faltas laborales afectan al fondo de ahorro del empleado?<\/b><\/h4>\n<p><span>S\u00ed, aunque depende de c\u00f3mo est\u00e9 pactado el reglamento interno y el plan de ahorro de la empresa. Si la falta deriva en descuentos salariales, suspensiones o p\u00e9rdida de ingresos, el monto que se destina al <\/span><a href=\"https:\/\/runahr.com\/mx\/recursos\/nomina\/fondo-de-ahorro\/\"><span>fondo de ahorro<\/span><\/a><span> se reduce autom\u00e1ticamente.<\/span><\/p>\n<p><span>Algunas empresas tienen reglas claras: si hay suspensi\u00f3n de empleo y salario por una falta grave, no hay aportaci\u00f3n a fondo de ahorro en ese periodo y si el fondo es compartido (trabajador-empresa), el impacto puede duplicarse.<\/span><\/p>\n<h4><b>\u00bfQu\u00e9 impacto tienen las faltas laborales en los vales de despensa?<\/b><\/h4>\n<h4><span>Los <\/span><a href=\"https:\/\/runahr.com\/mx\/recursos\/nomina\/vales-de-despensa\/\"><span>vales de despensa<\/span><\/a><span> muchas veces est\u00e1n sujetos a pol\u00edticas internas de asistencia y puntualidad. Una sola falta leve no siempre los cancela, pero si las faltas se repiten, pueden perderse.<\/span><\/h4>\n<p><span>Por ejemplo: si el reglamento dice que el trabajador debe mantener asistencia perfecta para recibir el 100% de vales, una falta injustificada o una acumulaci\u00f3n de retardos puede reducirlos o suspenderlos por completo ese mes.<\/span><\/p>\n<p><b>\u00bfC\u00f3mo impactan las faltas en la cultura organizacional de una empresa?<\/b><\/p>\n<p><span>En la <\/span><a href=\"https:\/\/runahr.com\/mx\/recursos\/hr-management\/cultura-organizacional\/\"><span>cultura organizacional<\/span><\/a><span> es donde una falta mal gestionada deja su huella m\u00e1s grande. Si la empresa tolera faltas constantes \u2014retardos, ausencias, incumplimientos\u2014 sin sanci\u00f3n clara, el equipo aprende que da igual cumplir o no.<\/span><\/p>\n<p><span>Esto baja la moral de los que s\u00ed cumplen, genera desorden y mina la confianza en los l\u00edderes. Pero cuando RRHH y jefes aplican sanciones proporcionales, documentan cada falta y lo hacen de forma justa, el mensaje es otro: aqu\u00ed todos jugamos con reglas claras.<\/span><\/p>\n","protected":false},"excerpt":{"rendered":"<p>Para cualquier persona que trabaje con equipos, n\u00f3minas y clima laboral, tener claro qu\u00e9 es una falta no es solo un tecnicismo legal: es parte de mantener orden y justicia dentro y fuera de la empresa. Porque s\u00ed, aunque muchos escuchan \u201cfalta\u201d y piensan en un simple retraso o ausencia, la realidad es que detr\u00e1s [&hellip;]<\/p>\n","protected":false},"author":87,"featured_media":1064368,"comment_status":"closed","ping_status":"closed","sticky":false,"template":"","format":"standard","meta":{"_acf_changed":false,"_wp_applaud_exclude":false,"footnotes":""},"categories":[335,190],"tags":[1297,418,1293],"class_list":["post-300134","post","type-post","status-publish","format-standard","has-post-thumbnail","hentry","category-aspectos-legales","category-recursos","tag-articulo","tag-aspectos-legales","tag-falta"],"acf":[],"yoast_head":"<!-- This site is optimized with the Yoast SEO Premium plugin v26.1 (Yoast SEO v27.4) - https:\/\/yoast.com\/product\/yoast-seo-premium-wordpress\/ -->\n<title>Falta: \u00bfQu\u00e9 significa? \u00bfQu\u00e9 menciona la ley? | MX | Runa HR<\/title>\n<meta name=\"description\" content=\"Descubre qu\u00e9 es una falta legal y laboral, sus tipos, consecuencias y c\u00f3mo afectan el entorno profesional y empresarial.\" \/>\n<meta name=\"robots\" content=\"index, follow, max-snippet:-1, max-image-preview:large, max-video-preview:-1\" \/>\n<link rel=\"canonical\" href=\"https:\/\/runahr.com\/mx\/recursos\/aspectos-legales\/falta\/\" \/>\n<meta property=\"og:locale\" content=\"es_MX\" \/>\n<meta property=\"og:type\" content=\"article\" \/>\n<meta property=\"og:title\" content=\"Falta: \u00bfQu\u00e9 significa? \u00bfQu\u00e9 menciona la ley? | MX | Runa HR\" \/>\n<meta property=\"og:description\" content=\"Descubre qu\u00e9 es una falta legal y laboral, sus tipos, consecuencias y c\u00f3mo afectan el entorno profesional y empresarial.\" \/>\n<meta property=\"og:url\" content=\"https:\/\/runahr.com\/mx\/recursos\/aspectos-legales\/falta\/\" \/>\n<meta property=\"og:site_name\" content=\"Runa HR\" \/>\n<meta property=\"article:publisher\" content=\"https:\/\/www.facebook.com\/runahr\/\" \/>\n<meta property=\"article:published_time\" content=\"2024-06-17T23:44:05+00:00\" \/>\n<meta property=\"article:modified_time\" content=\"2026-01-29T01:10:48+00:00\" \/>\n<meta property=\"og:image\" content=\"https:\/\/runahr.com\/wp-content\/uploads\/2025\/04\/image-2.png\" \/>\n\t<meta property=\"og:image:width\" content=\"512\" \/>\n\t<meta property=\"og:image:height\" content=\"286\" \/>\n\t<meta property=\"og:image:type\" content=\"image\/png\" \/>\n<meta name=\"author\" content=\"it-tools\" \/>\n<meta name=\"twitter:card\" content=\"summary_large_image\" \/>\n<meta name=\"twitter:creator\" content=\"@runahr\" \/>\n<meta name=\"twitter:site\" content=\"@runahr\" \/>\n<meta name=\"twitter:label1\" content=\"Escrito por\" \/>\n\t<meta name=\"twitter:data1\" content=\"it-tools\" \/>\n\t<meta name=\"twitter:label2\" content=\"Tiempo de lectura\" \/>\n\t<meta name=\"twitter:data2\" content=\"10 minutos\" \/>\n<!-- \/ Yoast SEO Premium plugin. -->","yoast_head_json":{"title":"Falta: \u00bfQu\u00e9 significa? \u00bfQu\u00e9 menciona la ley? | MX | Runa HR","description":"Descubre qu\u00e9 es una falta legal y laboral, sus tipos, consecuencias y c\u00f3mo afectan el entorno profesional y empresarial.","robots":{"index":"index","follow":"follow","max-snippet":"max-snippet:-1","max-image-preview":"max-image-preview:large","max-video-preview":"max-video-preview:-1"},"canonical":"https:\/\/runahr.com\/mx\/recursos\/aspectos-legales\/falta\/","og_locale":"es_MX","og_type":"article","og_title":"Falta: \u00bfQu\u00e9 significa? \u00bfQu\u00e9 menciona la ley? | MX | Runa HR","og_description":"Descubre qu\u00e9 es una falta legal y laboral, sus tipos, consecuencias y c\u00f3mo afectan el entorno profesional y empresarial.","og_url":"https:\/\/runahr.com\/mx\/recursos\/aspectos-legales\/falta\/","og_site_name":"Runa HR","article_publisher":"https:\/\/www.facebook.com\/runahr\/","article_published_time":"2024-06-17T23:44:05+00:00","article_modified_time":"2026-01-29T01:10:48+00:00","og_image":[{"width":512,"height":286,"url":"https:\/\/runahr.com\/wp-content\/uploads\/2025\/04\/image-2.png","type":"image\/png"}],"author":"it-tools","twitter_card":"summary_large_image","twitter_creator":"@runahr","twitter_site":"@runahr","twitter_misc":{"Escrito por":"it-tools","Tiempo de lectura":"10 minutos"},"schema":{"@context":"https:\/\/schema.org","@graph":[{"@type":"Article","@id":"https:\/\/runahr.com\/mx\/recursos\/aspectos-legales\/falta\/#article","isPartOf":{"@id":"https:\/\/runahr.com\/mx\/recursos\/aspectos-legales\/falta\/"},"author":{"name":"it-tools","@id":"https:\/\/runahr.com\/mx\/#\/schema\/person\/5a22fa36c8ff828a0720d10281e38009"},"headline":"Falta: \u00bfQu\u00e9 significa? \u00bfQu\u00e9 menciona la ley?","datePublished":"2024-06-17T23:44:05+00:00","dateModified":"2026-01-29T01:10:48+00:00","mainEntityOfPage":{"@id":"https:\/\/runahr.com\/mx\/recursos\/aspectos-legales\/falta\/"},"wordCount":1954,"publisher":{"@id":"https:\/\/runahr.com\/mx\/#organization"},"image":{"@id":"https:\/\/runahr.com\/mx\/recursos\/aspectos-legales\/falta\/#primaryimage"},"thumbnailUrl":"https:\/\/runahr.com\/wp-content\/uploads\/2025\/09\/Derecho-laboral.svg","keywords":["Art\u00edculo","Aspectos Legales","Falta"],"articleSection":["Aspectos legales","Recursos"],"inLanguage":"es"},{"@type":"WebPage","@id":"https:\/\/runahr.com\/mx\/recursos\/aspectos-legales\/falta\/","url":"https:\/\/runahr.com\/mx\/recursos\/aspectos-legales\/falta\/","name":"Falta: \u00bfQu\u00e9 significa? \u00bfQu\u00e9 menciona la ley? | MX | Runa HR","isPartOf":{"@id":"https:\/\/runahr.com\/mx\/#website"},"primaryImageOfPage":{"@id":"https:\/\/runahr.com\/mx\/recursos\/aspectos-legales\/falta\/#primaryimage"},"image":{"@id":"https:\/\/runahr.com\/mx\/recursos\/aspectos-legales\/falta\/#primaryimage"},"thumbnailUrl":"https:\/\/runahr.com\/wp-content\/uploads\/2025\/09\/Derecho-laboral.svg","datePublished":"2024-06-17T23:44:05+00:00","dateModified":"2026-01-29T01:10:48+00:00","description":"Descubre qu\u00e9 es una falta legal y laboral, sus tipos, consecuencias y c\u00f3mo afectan el entorno profesional y empresarial.","breadcrumb":{"@id":"https:\/\/runahr.com\/mx\/recursos\/aspectos-legales\/falta\/#breadcrumb"},"inLanguage":"es","potentialAction":[{"@type":"ReadAction","target":["https:\/\/runahr.com\/mx\/recursos\/aspectos-legales\/falta\/"]}]},{"@type":"ImageObject","inLanguage":"es","@id":"https:\/\/runahr.com\/mx\/recursos\/aspectos-legales\/falta\/#primaryimage","url":"https:\/\/runahr.com\/wp-content\/uploads\/2025\/09\/Derecho-laboral.svg","contentUrl":"https:\/\/runahr.com\/wp-content\/uploads\/2025\/09\/Derecho-laboral.svg","width":1090,"height":440},{"@type":"BreadcrumbList","@id":"https:\/\/runahr.com\/mx\/recursos\/aspectos-legales\/falta\/#breadcrumb","itemListElement":[{"@type":"ListItem","position":1,"name":"Home","item":"https:\/\/runahr.com\/mx\/"},{"@type":"ListItem","position":2,"name":"Recursos","item":"https:\/\/runahr.com\/mx\/category\/recursos\/"},{"@type":"ListItem","position":3,"name":"Aspectos legales","item":"https:\/\/runahr.com\/mx\/category\/recursos\/aspectos-legales\/"},{"@type":"ListItem","position":4,"name":"Falta: \u00bfQu\u00e9 significa? \u00bfQu\u00e9 menciona la ley?"}]},{"@type":"WebSite","@id":"https:\/\/runahr.com\/mx\/#website","url":"https:\/\/runahr.com\/mx\/","name":"Runa HR","description":"Software de N\u00f3mina y Gesti\u00f3n de RRHH","publisher":{"@id":"https:\/\/runahr.com\/mx\/#organization"},"potentialAction":[{"@type":"SearchAction","target":{"@type":"EntryPoint","urlTemplate":"https:\/\/runahr.com\/mx\/?s={search_term_string}"},"query-input":{"@type":"PropertyValueSpecification","valueRequired":true,"valueName":"search_term_string"}}],"inLanguage":"es"},{"@type":"Organization","@id":"https:\/\/runahr.com\/mx\/#organization","name":"Runa HR","url":"https:\/\/runahr.com\/mx\/","logo":{"@type":"ImageObject","inLanguage":"es","@id":"https:\/\/runahr.com\/mx\/#\/schema\/logo\/image\/","url":"https:\/\/runahr.com\/wp-content\/uploads\/2018\/05\/xDzHFcQY_400x400.jpg","contentUrl":"https:\/\/runahr.com\/wp-content\/uploads\/2018\/05\/xDzHFcQY_400x400.jpg","width":400,"height":400,"caption":"Runa HR"},"image":{"@id":"https:\/\/runahr.com\/mx\/#\/schema\/logo\/image\/"},"sameAs":["https:\/\/www.facebook.com\/runahr\/","https:\/\/x.com\/runahr","https:\/\/www.instagram.com\/runahr\/","https:\/\/mx.linkedin.com\/company\/runahr","https:\/\/www.youtube.com\/channel\/UCAZ21FupFMLIb1c7PPaU6Ew"]},{"@type":"Person","@id":"https:\/\/runahr.com\/mx\/#\/schema\/person\/5a22fa36c8ff828a0720d10281e38009","name":"it-tools","image":{"@type":"ImageObject","inLanguage":"es","@id":"https:\/\/secure.gravatar.com\/avatar\/68a146e44420ce6688dd5b32f006e4fc28c82828950327acf34ceb7288a433f0?s=96&d=mm&r=g","url":"https:\/\/secure.gravatar.com\/avatar\/68a146e44420ce6688dd5b32f006e4fc28c82828950327acf34ceb7288a433f0?s=96&d=mm&r=g","contentUrl":"https:\/\/secure.gravatar.com\/avatar\/68a146e44420ce6688dd5b32f006e4fc28c82828950327acf34ceb7288a433f0?s=96&d=mm&r=g","caption":"it-tools"},"url":"https:\/\/runahr.com\/mx\/author\/it-tools\/"}]}},"_links":{"self":[{"href":"https:\/\/runahr.com\/mx\/wp-json\/wp\/v2\/posts\/300134","targetHints":{"allow":["GET"]}}],"collection":[{"href":"https:\/\/runahr.com\/mx\/wp-json\/wp\/v2\/posts"}],"about":[{"href":"https:\/\/runahr.com\/mx\/wp-json\/wp\/v2\/types\/post"}],"author":[{"embeddable":true,"href":"https:\/\/runahr.com\/mx\/wp-json\/wp\/v2\/users\/87"}],"replies":[{"embeddable":true,"href":"https:\/\/runahr.com\/mx\/wp-json\/wp\/v2\/comments?post=300134"}],"version-history":[{"count":0,"href":"https:\/\/runahr.com\/mx\/wp-json\/wp\/v2\/posts\/300134\/revisions"}],"wp:featuredmedia":[{"embeddable":true,"href":"https:\/\/runahr.com\/mx\/wp-json\/wp\/v2\/media\/1064368"}],"wp:attachment":[{"href":"https:\/\/runahr.com\/mx\/wp-json\/wp\/v2\/media?parent=300134"}],"wp:term":[{"taxonomy":"category","embeddable":true,"href":"https:\/\/runahr.com\/mx\/wp-json\/wp\/v2\/categories?post=300134"},{"taxonomy":"post_tag","embeddable":true,"href":"https:\/\/runahr.com\/mx\/wp-json\/wp\/v2\/tags?post=300134"}],"curies":[{"name":"wp","href":"https:\/\/api.w.org\/{rel}","templated":true}]}}