{"id":311145,"date":"2024-09-30T21:22:26","date_gmt":"2024-10-01T03:22:26","guid":{"rendered":"https:\/\/runahr.com\/?p=311145"},"modified":"2026-01-29T13:40:58","modified_gmt":"2026-01-29T19:40:58","slug":"dias-laborales","status":"publish","type":"post","link":"https:\/\/runahr.com\/mx\/recursos\/hr-management\/dias-laborales\/","title":{"rendered":"Dias laborales: \u00bfQu\u00e9 son? y \u00bfCu\u00e1l es su funci\u00f3n?"},"content":{"rendered":"<p>Los d\u00edas laborales son un concepto fundamental en el mundo del trabajo. En la actualidad, adquiere una relevancia creciente debido a la creciente flexibilidad laboral, el auge del teletrabajo y las nuevas formas de organizaci\u00f3n del trabajo. \u00bfQu\u00e9 implicaciones tienen los d\u00edas laborables para los trabajadores, las empresas y la sociedad en general? Este art\u00edculo explorar\u00e1 esta pregunta clave.<\/p>\n<h2><b>\u00bfQu\u00e9 son los d\u00edas laborables?<\/b><\/h2>\n<p><span>Los d\u00edas laborables se definen como el per\u00edodo de tiempo durante el cual se realiza una actividad remunerada. Este concepto se enmarca en el calendario laboral, que establece los d\u00edas h\u00e1biles y no h\u00e1biles seg\u00fan la ley o los <\/span><a href=\"https:\/\/runahr.com\/mx\/recursos\/aspectos-legales\/contrato-colectivo-de-trabajo\/\"><span>contratos colectivos<\/span><\/a><span>. La <\/span><a href=\"https:\/\/runahr.com\/mx\/recursos\/hr-management\/flexibilidad\/\"><span>flexibilidad<\/span><\/a><span> en la <\/span><a href=\"https:\/\/runahr.com\/mx\/recursos\/nomina\/jornadas-laborales\/\"><span>jornada laboral <\/span><\/a><span>permite adaptar los horarios a las necesidades tanto de los empleados como de las empresas. Esto se ha vuelto cada vez m\u00e1s relevante en el contexto actual, donde la <\/span><a href=\"https:\/\/runahr.com\/mx\/recursos\/hr-management\/flexibilidad\/\"><span>flexibilidad laboral<\/span><\/a><span> y el <\/span><a href=\"https:\/\/runahr.com\/mx\/recursos\/hr-management\/teletrabajo\/\"><span>teletrabajo<\/span><\/a><span> han ganado terreno, transformando las formas tradicionales de organizaci\u00f3n del trabajo.<\/span><\/p>\n<p><a href=\"https:\/\/recursos.runahr.com\/dashboard-de-rrhh\"><img fetchpriority=\"high\" decoding=\"async\" class=\"alignnone  wp-image-1091798\" src=\"https:\/\/runahr.com\/wp-content\/uploads\/2026\/01\/CMX099-300x118.webp\" alt=\"Descargar Dashboard de RRHH\" width=\"1355\" height=\"533\" srcset=\"https:\/\/runahr.com\/wp-content\/uploads\/2026\/01\/CMX099-300x118.webp 300w, https:\/\/runahr.com\/wp-content\/uploads\/2026\/01\/CMX099-1024x404.webp 1024w, https:\/\/runahr.com\/wp-content\/uploads\/2026\/01\/CMX099-768x303.webp 768w\" sizes=\"(max-width: 1355px) 100vw, 1355px\" \/><\/a><\/p>\n<h2><b>\u00bfCu\u00e1les son los d\u00edas laborables?<\/b><\/h2>\n<p><span>En la mayor\u00eda de los pa\u00edses, los d\u00edas laborables t\u00edpicos son de lunes a viernes. Sin embargo, existen variaciones seg\u00fan el sector econ\u00f3mico. En el comercio, por ejemplo, los horarios se extienden incluyendo los fines de semana, con el objetivo de atender las necesidades de los clientes durante un per\u00edodo m\u00e1s amplio. En el sector de servicios, es com\u00fan el trabajo por turnos rotativos y <\/span><a href=\"https:\/\/runahr.com\/mx\/recursos\/nomina\/jornada-nocturna\/\"><span>jornada nocturna<\/span><\/a><span>, debido a la naturaleza ininterrumpida de algunos servicios. Por otro lado, en la industria, las jornadas continuas o por turnos son m\u00e1s frecuentes para maximizar la eficiencia y la <\/span><a href=\"https:\/\/runahr.com\/mx\/recursos\/hr-management\/productividad\/\"><span>productividad<\/span><\/a><span>. Estas diferencias en los d\u00edas laborables est\u00e1n marcadas por la cultura y las leyes laborales de cada pa\u00eds, reflejando las diversas realidades y necesidades de los distintos sectores econ\u00f3micos.<\/span><\/p>\n<h2><b>\u00bfC\u00f3mo se clasifican los d\u00edas laborables?<\/b><\/h2>\n<p><span>Los d\u00edas laborables se pueden clasificar de diversas formas por:<\/span><\/p>\n<p><b>\u00a0Jornada:<\/b><\/p>\n<ul class=\"list_display\">\n<li style=\"font-weight: 400;\" aria-level=\"1\"><b>Jornada completa<\/b><span>: Hace referencia a la cantidad de horas establecidas como jornada laboral completa, generalmente entre 35 y 40 horas semanales<\/span><\/li>\n<li style=\"font-weight: 400;\" aria-level=\"1\"><b>Jornada parcial<\/b><span>: Implica un n\u00famero de horas de trabajo inferior a la jornada completa, permitiendo a los trabajadores tener una dedicaci\u00f3n menor al empleo<\/span><\/li>\n<li style=\"font-weight: 400;\" aria-level=\"1\"><b>Tiempo completo<\/b><span>: Empleos que ocupan la totalidad de la jornada laboral establecida<\/span><\/li>\n<li style=\"font-weight: 400;\" aria-level=\"1\"><b>Tiempo parcial<\/b><span>: Empleos que ocupan una parte de la jornada laboral, con una dedicaci\u00f3n menor a la jornada completa<\/span><\/li>\n<\/ul>\n<p><b>Horario:<\/b><\/p>\n<ul class=\"list_display\">\n<li style=\"font-weight: 400;\" aria-level=\"1\"><a href=\"https:\/\/runahr.com\/mx\/recursos\/nomina\/jornada-diurna\/\"><b>Jornada diurna<\/b><\/a><span>: Actividades desarrolladas durante las horas del d\u00eda, generalmente entre las 6:00 y las 20:00 horas<\/span><\/li>\n<li style=\"font-weight: 400;\" aria-level=\"1\"><a href=\"https:\/\/runahr.com\/mx\/recursos\/nomina\/jornada-nocturna\/\"><b>Jornada nocturna<\/b><\/a><span>: Actividades realizadas durante las horas de la noche, entre las 20:00 y las 6:00 horas<\/span><\/li>\n<li style=\"font-weight: 400;\" aria-level=\"1\"><a href=\"https:\/\/runahr.com\/mx\/recursos\/nomina\/jornada-mixta\/\"><b>Jornada mixta<\/b><\/a><span>: Turnos de trabajo que se alternan entre el horario diurno y el nocturno, o entre diferentes d\u00edas de la semana<\/span><\/li>\n<\/ul>\n<p><b>Tipo de contrato<\/b><span>:<\/span><\/p>\n<ul class=\"list_display\">\n<li style=\"font-weight: 400;\" aria-level=\"1\"><a href=\"https:\/\/runahr.com\/mx\/recursos\/hr-management\/contrato-por-tiempo-indeterminado\/\"><b>Contrato por tiempo indeterminado<\/b><\/a><span>: Empleo sin una fecha de finalizaci\u00f3n establecida<\/span><\/li>\n<li style=\"font-weight: 400;\" aria-level=\"1\"><b>Contrato temporal<\/b><span>: Empleo con una duraci\u00f3n determinada, ya sea por un plazo fijo o por la realizaci\u00f3n de una obra o servicio espec\u00edfico<\/span><\/li>\n<li style=\"font-weight: 400;\" aria-level=\"1\"><a href=\"https:\/\/runahr.com\/mx\/recursos\/hr-management\/contrato-por-tiempo-determinado\/\"><b>Contrato por tiempo determinado<\/b><\/a><b> o por obra<\/b><span>: Modalidad de contrato temporal vinculada a la ejecuci\u00f3n de una obra o servicio concreto<\/span><\/li>\n<\/ul>\n<p><b>Sector econ\u00f3mico<\/b><span>:<\/span><\/p>\n<ul class=\"list_display\">\n<li style=\"font-weight: 400;\" aria-level=\"1\"><b>Sector primario<\/b><span>: Actividades relacionadas con la extracci\u00f3n y producci\u00f3n de materias primas, como la agricultura, la ganader\u00eda o la miner\u00eda<\/span><\/li>\n<li style=\"font-weight: 400;\" aria-level=\"1\"><b>Sector secundario<\/b><span>: Actividades de transformaci\u00f3n y fabricaci\u00f3n de bienes, como la industria manufacturera<\/span><\/li>\n<li style=\"font-weight: 400;\" aria-level=\"1\"><b>Sector terciario<\/b><span>: Actividades de prestaci\u00f3n de servicios, como el comercio, las telecomunicaciones o la educaci\u00f3n<\/span><\/li>\n<\/ul>\n<p><span>Esta clasificaci\u00f3n de los d\u00edas laborables seg\u00fan la jornada, el horario, el tipo de contrato y el sector econ\u00f3mico refleja la diversidad de formas en que se organiza el tiempo de trabajo en funci\u00f3n de las necesidades y caracter\u00edsticas de cada actividad econ\u00f3mica y empresa.<\/span><\/p>\n<p><a href=\"https:\/\/recursos.runahr.com\/registro-de-asistencia-de-trabajadores\"><img decoding=\"async\" class=\"alignnone  wp-image-1092014\" src=\"https:\/\/runahr.com\/wp-content\/uploads\/2026\/01\/CMX127-300x118.webp\" alt=\"Descargar Formato de registro de asistencia de empleados\" width=\"1355\" height=\"533\" srcset=\"https:\/\/runahr.com\/wp-content\/uploads\/2026\/01\/CMX127-300x118.webp 300w, https:\/\/runahr.com\/wp-content\/uploads\/2026\/01\/CMX127-1024x404.webp 1024w, https:\/\/runahr.com\/wp-content\/uploads\/2026\/01\/CMX127-768x303.webp 768w\" sizes=\"(max-width: 1355px) 100vw, 1355px\" \/><\/a><\/p>\n<h2><b>\u00bfCu\u00e1l es la funci\u00f3n de los d\u00edas laborables?<\/b><\/h2>\n<p><span>Los d\u00edas laborables cumplen funciones clave en diferentes \u00e1mbitos:<\/span><\/p>\n<p><b>Funci\u00f3n econ\u00f3mica<\/b><\/p>\n<p><span>Desde una perspectiva econ\u00f3mica, los d\u00edas laborables son esenciales para la producci\u00f3n de bienes y servicios que satisfacen las necesidades de la sociedad. A trav\u00e9s de esta actividad productiva, los d\u00edas laborables permiten la generaci\u00f3n de ingresos necesarios para el funcionamiento y desarrollo de las empresas, as\u00ed como para la econom\u00eda en general. La eficiente organizaci\u00f3n de los d\u00edas laborables contribuye a la competitividad y el crecimiento econ\u00f3mico.<\/span><\/p>\n<p><b>Funci\u00f3n social<\/b><\/p>\n<p><span>M\u00e1s all\u00e1 del aspecto econ\u00f3mico, los d\u00edas laborables desempe\u00f1an una importante funci\u00f3n social. La integraci\u00f3n de los individuos en el mundo laboral, ya sea a trav\u00e9s de empleos formales o en el ejercicio de una profesi\u00f3n, fomenta su <\/span><a href=\"https:\/\/runahr.com\/mx\/recursos\/hr-management\/desarrollo-personal\/\"><span>desarrollo personal<\/span><\/a><span> y <\/span><a href=\"https:\/\/runahr.com\/mx\/recursos\/hr-management\/desarrollo-profesional\/\"><span>desarrollo profesional<\/span><\/a><span>. Esta participaci\u00f3n activa en la vida productiva de la sociedad brinda a los trabajadores un sentido de pertenencia y contribuci\u00f3n, lo que a su vez fortalece la cohesi\u00f3n social.<\/span><\/p>\n<p><b>Funci\u00f3n individual<\/b><\/p>\n<p><span>En el \u00e1mbito individual, los d\u00edas laborables cumplen la funci\u00f3n de satisfacer las necesidades b\u00e1sicas de los trabajadores y sus familias, como la obtenci\u00f3n de ingresos para cubrir gastos y mantener un nivel de vida adecuado. Adem\u00e1s, el desempe\u00f1o de una actividad laboral durante los d\u00edas laborables contribuye a la realizaci\u00f3n personal de los individuos, brind\u00e1ndoles un sentido de prop\u00f3sito, desarrollo de habilidades y reconocimiento social.<\/span><\/p>\n<h2><a href=\"https:\/\/recursos.runahr.com\/formato-registro-vacaciones\"><img decoding=\"async\" class=\"alignnone  wp-image-1091910\" src=\"https:\/\/runahr.com\/wp-content\/uploads\/2026\/01\/CMX114-300x118.webp\" alt=\"Descargar Formato de registro de vacaciones\" width=\"1355\" height=\"533\" srcset=\"https:\/\/runahr.com\/wp-content\/uploads\/2026\/01\/CMX114-300x118.webp 300w, https:\/\/runahr.com\/wp-content\/uploads\/2026\/01\/CMX114-1024x404.webp 1024w, https:\/\/runahr.com\/wp-content\/uploads\/2026\/01\/CMX114-768x303.webp 768w\" sizes=\"(max-width: 1355px) 100vw, 1355px\" \/><\/a><\/h2>\n<h2><b>\u00bfC\u00f3mo los recursos humanos deben planificar los d\u00edas laborables?<\/b><\/h2>\n<p><span>Los departamentos de <\/span><a href=\"https:\/\/runahr.com\/mx\/recursos\/hr-management\/recursos-humanos-en-una-empresa\/\"><span>recursos humanos<\/span><\/a><span> deben considerar diversos factores al planificar los d\u00edas laborables:<\/span><\/p>\n<ul class=\"list_display\">\n<li style=\"font-weight: 400;\" aria-level=\"1\"><b>Legislaci\u00f3n laboral<\/b><span>: Conocimiento de las leyes y convenios colectivos aplicables<\/span><\/li>\n<li style=\"font-weight: 400;\" aria-level=\"1\"><b>Necesidades de la empresa<\/b><span>: Producci\u00f3n, servicios al cliente, etc.<\/span><\/li>\n<li style=\"font-weight: 400;\" aria-level=\"1\"><b>Necesidades de los empleados<\/b><span>: Horarios flexibles, conciliaci\u00f3n de la vida laboral y familiar<\/span><\/li>\n<li style=\"font-weight: 400;\" aria-level=\"1\"><b>Planificaci\u00f3n de la plantilla<\/b><span>: Gesti\u00f3n de ausencias, <\/span><a href=\"https:\/\/runahr.com\/mx\/recursos\/nomina\/vacaciones\/\"><span>vacaciones<\/span><\/a><span>, permisos<\/span><\/li>\n<li style=\"font-weight: 400;\" aria-level=\"1\"><b>Herramientas tecnol\u00f3gicas<\/b><span>: Software de gesti\u00f3n de horarios y <\/span><a href=\"https:\/\/runahr.com\/mx\/recursos\/nomina\/que-es-nomina\/\"><span>n\u00f3mina<\/span><\/a><\/li>\n<\/ul>\n<h2><b>\u00bfLos d\u00edas laborables pueden perjudicar el desempe\u00f1o de los trabajadores?<\/b><\/h2>\n<p><span>S\u00ed, los d\u00edas laborables mal gestionados pueden tener consecuencias negativas para los trabajadores y las empresas:<\/span><\/p>\n<ul class=\"list_display\">\n<li style=\"font-weight: 400;\" aria-level=\"1\"><a href=\"https:\/\/runahr.com\/mx\/recursos\/hr-management\/carga-de-trabajo\/\"><b>Carga de trabajo<\/b><\/a><b> excesiva<\/b><span>: <\/span><a href=\"https:\/\/runahr.com\/mx\/recursos\/hr-management\/estres-laboral\/\"><span>Estr\u00e9s laboral<\/span><\/a><span>, agotamiento, disminuci\u00f3n de la productividad<\/span><\/li>\n<li style=\"font-weight: 400;\" aria-level=\"1\"><b>Horarios inadecuados<\/b><span>: Dificultad para conciliar el sue\u00f1o, problemas de salud<\/span><\/li>\n<li style=\"font-weight: 400;\" aria-level=\"1\"><b>Falta de flexibilidad<\/b><span>: Dificultad para atender compromisos personales<\/span><\/li>\n<li style=\"font-weight: 400;\" aria-level=\"1\"><b>Consecuencias para la empresa:<\/b><span> Aumento del<\/span> <a href=\"https:\/\/runahr.com\/mx\/recursos\/hr-management\/ausentismo-laboral\/\"><span>ausentismo laboral<\/span><\/a><span>, <\/span><a href=\"https:\/\/runahr.com\/mx\/recursos\/hr-management\/que-es-la-rotacion-personal\/\"><span>rotaci\u00f3n de personal<\/span><\/a><\/li>\n<\/ul>\n<p><span>En resumen, los d\u00edas laborables desempe\u00f1an un papel fundamental en el mundo del trabajo. Para lograr un equilibrio adecuado entre las demandas laborales y las necesidades personales, es crucial que las empresas, a trav\u00e9s de sus departamentos de recursos humanos, planifiquen cuidadosamente la gesti\u00f3n de los d\u00edas laborables, teniendo en cuenta la legislaci\u00f3n, las necesidades de la organizaci\u00f3n y de los empleados, y aprovechando las herramientas tecnol\u00f3gicas disponibles. De esta manera, se fomentar\u00e1 un entorno laboral saludable y productivo, en l\u00ednea con las tendencias futuras del trabajo.<\/span><\/p>\n<p><a href=\"https:\/\/recursos.runahr.com\/guia-de-sueldos-en-mexico\"><img loading=\"lazy\" decoding=\"async\" class=\"alignnone  wp-image-1091398\" src=\"https:\/\/runahr.com\/wp-content\/uploads\/2026\/01\/CMX046-300x119.webp\" alt=\"Descargar Gu\u00eda de sueldos en M\u00e9xico\" width=\"1354\" height=\"537\" srcset=\"https:\/\/runahr.com\/wp-content\/uploads\/2026\/01\/CMX046-300x119.webp 300w, https:\/\/runahr.com\/wp-content\/uploads\/2026\/01\/CMX046-1024x405.webp 1024w, https:\/\/runahr.com\/wp-content\/uploads\/2026\/01\/CMX046-768x304.webp 768w\" sizes=\"(max-width: 1354px) 100vw, 1354px\" \/><\/a><\/p>\n<h2><b>Preguntas frecuentes<\/b><\/h2>\n<h4><b>\u00bfQu\u00e9 es el acta constitutiva y cu\u00e1l es su importancia en la creaci\u00f3n de una empresa?\u00a0<\/b><\/h4>\n<p><span>El <\/span><a href=\"https:\/\/runahr.com\/mx\/recursos\/aspectos-legales\/acta-constitutiva\/\"><span>acta constitutiva<\/span><\/a><span> es el documento legal que formaliza y registra la creaci\u00f3n de una nueva empresa o sociedad mercantil. Contiene informaci\u00f3n crucial como el nombre de la empresa, el objeto social, el <\/span><a href=\"https:\/\/runahr.com\/mx\/recursos\/aspectos-legales\/cambio-de-domicilio-fiscal\/\"><span>domicilio fiscal<\/span><\/a><span>, el capital social, los socios fundadores y sus aportaciones. Este documento es fundamental para dar validez jur\u00eddica a la constituci\u00f3n de la entidad y establecer las bases legales de su funcionamiento.<\/span><\/p>\n<h4><b>\u00bfCu\u00e1les son los derechos y obligaciones de un becario en el \u00e1mbito laboral?<\/b><\/h4>\n<p><span>Un <\/span><a href=\"https:\/\/runahr.com\/mx\/recursos\/hr-management\/becario\/\"><span>becario<\/span><\/a><span> es una figura que permite a estudiantes o j\u00f3venes profesionales adquirir experiencia pr\u00e1ctica en una empresa u organizaci\u00f3n. Si bien no se establece una relaci\u00f3n laboral formal, los becarios tienen derecho a percibir una compensaci\u00f3n econ\u00f3mica por su trabajo, as\u00ed como a contar con un plan de actividades y supervisi\u00f3n adecuada. Por su parte, tienen la obligaci\u00f3n de cumplir con el programa de pr\u00e1cticas y respetar la confidencialidad de la informaci\u00f3n a la que tengan acceso.<\/span><\/p>\n<h4><b>\u00bfC\u00f3mo se calcula la diferencia entre el salario bruto y el salario neto?\u00a0<\/b><\/h4>\n<p><span>La diferencia entre el <\/span><a href=\"https:\/\/runahr.com\/mx\/recursos\/nomina\/calculadora-salario-neto-o-bruto\/\"><span>salario bruto<\/span><\/a><span> y el <\/span><a href=\"https:\/\/runahr.com\/mx\/recursos\/nomina\/calculadora-salario-neto-o-bruto\/\"><span>salario neto<\/span><\/a><span> se compone de las diversas deducciones que se aplican al salario bruto, como el <\/span><a href=\"https:\/\/runahr.com\/mx\/recursos\/aspectos-legales\/isr\/\"><span>Impuesto sobre la renta (ISR)<\/span><\/a><span>, las cuotas al <\/span><a href=\"https:\/\/runahr.com\/mx\/recursos\/nomina\/que-es-el-imss\/\"><span>Instituto Mexicano del Seguro Social<\/span><span> (IMSS)<\/span><\/a><span> y al <\/span><a href=\"https:\/\/runahr.com\/mx\/recursos\/nomina\/infonavit\/\"><span>Instituto del Fondo Nacional de la Vivienda para los Trabajadores<\/span><span> (INFONAVIT)<\/span><\/a><span>, y otras retenciones. Para calcular el salario neto, se deben restar estas deducciones obligatorias del monto del salario bruto, obteniendo as\u00ed el monto que finalmente recibe el trabajador en su cuenta bancaria.<\/span><\/p>\n<h4><b>\u00bfQu\u00e9 es una caja de ahorros y cu\u00e1les son sus principales beneficios?\u00a0<\/b><\/h4>\n<p><span>Una <\/span><a href=\"https:\/\/runahr.com\/mx\/recursos\/nomina\/caja-de-ahorro\/\"><span>caja de ahorros<\/span><\/a><span> es un producto financiero que permite a los trabajadores apartar una porci\u00f3n de su salario de manera voluntaria con el fin de generar un fondo de ahorro. Estos ahorros suelen generar intereses y pueden utilizarse para fines espec\u00edficos, como la adquisici\u00f3n de una vivienda, el pago de estudios o la atenci\u00f3n de emergencias. Las cajas de ahorros fomentan la disciplina financiera y la acumulaci\u00f3n de un patrimonio entre los trabajadores.<\/span><\/p>\n<h4><b>\u00bfC\u00f3mo se calcula el finiquito en caso de renuncia o despido de un trabajador?\u00a0<\/b><\/h4>\n<p><span>El <\/span><a href=\"https:\/\/runahr.com\/mx\/recursos\/nomina\/finiquito\/\"><span>finiquito<\/span><\/a><span> es la liquidaci\u00f3n econ\u00f3mica que se otorga a un trabajador al terminar la relaci\u00f3n laboral. En caso de renuncia, el finiquito se calcula considerando el <\/span><a href=\"https:\/\/runahr.com\/mx\/recursos\/nomina\/sdi\/\"><span>Salario Diario Integrado (SDI)<\/span><\/a><span>, los d\u00edas de <\/span><a href=\"https:\/\/runahr.com\/mx\/recursos\/nomina\/aguinaldo\/\"><span>aguinaldo<\/span><\/a><span> proporcional y las vacaciones no disfrutadas. En caso de despido, adem\u00e1s de estos conceptos, puede incluir una <\/span><a href=\"https:\/\/runahr.com\/mx\/recursos\/nomina\/indemnizacion\/\"><span>indemnizaci\u00f3n<\/span><\/a><span> por antig\u00fcedad. El c\u00e1lculo del finiquito debe realizarse conforme a lo establecido en la <\/span><a href=\"https:\/\/runahr.com\/mx\/recursos\/aspectos-legales\/ley-federal-del-trabajo-lft\/\"><span>Ley Federal del Trabajo (LFT)<\/span><\/a><span>.<\/span><\/p>\n<p>Visita nuestra\u00a0<a href=\"https:\/\/runahr.com\/mx\/recursos\/nomina\/calculadora-aguinaldo\/\">calculadora aguinaldo<\/a>.<\/p>\n<h4><b>\u00bfC\u00f3mo se calcula la prima vacacional a la que tienen derecho los trabajadores?\u00a0<\/b><\/h4>\n<p><span>La <\/span><a href=\"https:\/\/runahr.com\/mx\/recursos\/nomina\/prima-vacacional\/\"><span>prima vacacional <\/span><\/a><span>es un pago adicional que los empleadores deben otorgar a sus trabajadores al momento de que disfruten de sus vacaciones. Por lo general, la prima vacacional equivale al 25% del salario ordinario que el trabajador percibe durante el per\u00edodo vacacional. Para calcularla, se toma en cuenta el salario diario integrado y los<\/span><a href=\"https:\/\/runahr.com\/mx\/recursos\/nomina\/vacaciones\/\"> <span>d\u00edas de vacaciones<\/span><\/a><span> a los que tiene derecho el trabajador seg\u00fan su antig\u00fcedad.<\/span><\/p>\n<p><span>Visita nuestra <\/span><a href=\"https:\/\/runahr.com\/mx\/recursos\/nomina\/calculadora-prima-vacacional\/\"><span>calculadora prima vacacional<\/span><\/a><span> para apoyar a realizar el c\u00e1lculo de esta prestaci\u00f3n.<\/span><\/p>\n<h4><b>\u00bfQu\u00e9 debe incluir una carta de recomendaci\u00f3n laboral y c\u00f3mo se solicita?\u00a0<\/b><\/h4>\n<p><span>Una <\/span><a href=\"https:\/\/runahr.com\/mx\/recursos\/hr-management\/carta-de-recomendacion\/\"><span>carta de recomendaci\u00f3n<\/span><\/a><span> laboral es un documento que resalta las cualidades y el desempe\u00f1o de un trabajador, con el objetivo de recomendarlo para una nueva oportunidad de empleo. Esta carta debe incluir informaci\u00f3n sobre el <\/span><a href=\"https:\/\/runahr.com\/mx\/recursos\/hr-management\/sabes-como-definir-un-puesto-de-trabajo\/\"><span>puesto<\/span><\/a><span> ocupado, las principales responsabilidades, los logros y habilidades del trabajador, as\u00ed como una valoraci\u00f3n positiva de su trabajo. Generalmente, se solicita al <\/span><a href=\"https:\/\/runahr.com\/mx\/recursos\/hr-management\/supervisor\/\"><span>supervisor<\/span><\/a><span> inmediato o al departamento de recursos humanos de la empresa donde se labor\u00f3.<\/span><\/p>\n<h4><b>\u00bfQu\u00e9 informaci\u00f3n debe contener una carta de finiquito y cu\u00e1l es su importancia?\u00a0<\/b><\/h4>\n<p><span>La <\/span><a href=\"https:\/\/runahr.com\/mx\/recursos\/hr-management\/carta-finiquito\/\"><span>carta de finiquito<\/span><\/a><span> es un documento que se entrega al trabajador al momento de la terminaci\u00f3n de la relaci\u00f3n laboral, ya sea por renuncia o despido. Debe incluir conceptos como el <\/span><a href=\"https:\/\/runahr.com\/mx\/recursos\/nomina\/salario\/\"><span>salario<\/span><\/a><span> percibido, las <\/span><a href=\"https:\/\/runahr.com\/mx\/recursos\/hr-management\/prestaciones\/\"><span>prestaciones<\/span><\/a><span> pagadas, el monto total del finiquito y la forma de pago. Este documento es crucial, ya que acredita el cumplimiento de las obligaciones del empleador y sirve como evidencia en caso de cualquier conflicto laboral posterior.<\/span><\/p>\n","protected":false},"excerpt":{"rendered":"<p>Los d\u00edas laborales son un concepto fundamental en el mundo del trabajo. En la actualidad, adquiere una relevancia creciente debido a la creciente flexibilidad laboral, el auge del teletrabajo y las nuevas formas de organizaci\u00f3n del trabajo. \u00bfQu\u00e9 implicaciones tienen los d\u00edas laborables para los trabajadores, las empresas y la sociedad en general? Este art\u00edculo [&hellip;]<\/p>\n","protected":false},"author":90,"featured_media":1023176,"comment_status":"closed","ping_status":"closed","sticky":false,"template":"","format":"standard","meta":{"_acf_changed":false,"_wp_applaud_exclude":false,"footnotes":""},"categories":[189,190],"tags":[1297,834],"class_list":["post-311145","post","type-post","status-publish","format-standard","has-post-thumbnail","hentry","category-hr-management","category-recursos","tag-articulo","tag-hr-management"],"acf":[],"yoast_head":"<!-- This site is optimized with the Yoast SEO Premium plugin v26.1 (Yoast SEO v27.5) - https:\/\/yoast.com\/product\/yoast-seo-premium-wordpress\/ -->\n<title>Dias laborales: \u00bfQu\u00e9 son? y \u00bfCu\u00e1l es su funci\u00f3n? | MX | Runa HR<\/title>\n<meta name=\"description\" content=\"Conoce qu\u00e9 son los d\u00edas laborables y c\u00f3mo influyen en la organizaci\u00f3n del trabajo y la flexibilidad laboral.\" \/>\n<meta name=\"robots\" content=\"index, follow, max-snippet:-1, max-image-preview:large, max-video-preview:-1\" \/>\n<link rel=\"canonical\" href=\"https:\/\/runahr.com\/mx\/recursos\/hr-management\/dias-laborales\/\" \/>\n<meta property=\"og:locale\" content=\"es_MX\" \/>\n<meta property=\"og:type\" content=\"article\" \/>\n<meta property=\"og:title\" content=\"Dias laborales: \u00bfQu\u00e9 son? y \u00bfCu\u00e1l es su funci\u00f3n? | MX | Runa HR\" \/>\n<meta property=\"og:description\" content=\"Conoce qu\u00e9 son los d\u00edas laborables y c\u00f3mo influyen en la organizaci\u00f3n del trabajo y la flexibilidad laboral.\" \/>\n<meta property=\"og:url\" content=\"https:\/\/runahr.com\/mx\/recursos\/hr-management\/dias-laborales\/\" \/>\n<meta property=\"og:site_name\" content=\"Runa HR\" \/>\n<meta property=\"article:publisher\" content=\"https:\/\/www.facebook.com\/runahr\/\" \/>\n<meta property=\"article:published_time\" content=\"2024-10-01T03:22:26+00:00\" \/>\n<meta property=\"article:modified_time\" content=\"2026-01-29T19:40:58+00:00\" \/>\n<meta property=\"og:image\" content=\"https:\/\/runahr.com\/wp-content\/uploads\/2025\/04\/image-2.png\" \/>\n\t<meta property=\"og:image:width\" content=\"512\" \/>\n\t<meta property=\"og:image:height\" content=\"286\" \/>\n\t<meta property=\"og:image:type\" content=\"image\/png\" \/>\n<meta name=\"author\" content=\"Liliana Gonzales\" \/>\n<meta name=\"twitter:card\" content=\"summary_large_image\" \/>\n<meta name=\"twitter:creator\" content=\"@runahr\" \/>\n<meta name=\"twitter:site\" content=\"@runahr\" \/>\n<meta name=\"twitter:label1\" content=\"Escrito por\" \/>\n\t<meta name=\"twitter:data1\" content=\"Liliana Gonzales\" \/>\n\t<meta name=\"twitter:label2\" content=\"Tiempo de lectura\" \/>\n\t<meta name=\"twitter:data2\" content=\"10 minutos\" \/>\n<!-- \/ Yoast SEO Premium plugin. -->","yoast_head_json":{"title":"Dias laborales: \u00bfQu\u00e9 son? y \u00bfCu\u00e1l es su funci\u00f3n? | MX | Runa HR","description":"Conoce qu\u00e9 son los d\u00edas laborables y c\u00f3mo influyen en la organizaci\u00f3n del trabajo y la flexibilidad laboral.","robots":{"index":"index","follow":"follow","max-snippet":"max-snippet:-1","max-image-preview":"max-image-preview:large","max-video-preview":"max-video-preview:-1"},"canonical":"https:\/\/runahr.com\/mx\/recursos\/hr-management\/dias-laborales\/","og_locale":"es_MX","og_type":"article","og_title":"Dias laborales: \u00bfQu\u00e9 son? y \u00bfCu\u00e1l es su funci\u00f3n? | MX | Runa HR","og_description":"Conoce qu\u00e9 son los d\u00edas laborables y c\u00f3mo influyen en la organizaci\u00f3n del trabajo y la flexibilidad laboral.","og_url":"https:\/\/runahr.com\/mx\/recursos\/hr-management\/dias-laborales\/","og_site_name":"Runa HR","article_publisher":"https:\/\/www.facebook.com\/runahr\/","article_published_time":"2024-10-01T03:22:26+00:00","article_modified_time":"2026-01-29T19:40:58+00:00","og_image":[{"width":512,"height":286,"url":"https:\/\/runahr.com\/wp-content\/uploads\/2025\/04\/image-2.png","type":"image\/png"}],"author":"Liliana Gonzales","twitter_card":"summary_large_image","twitter_creator":"@runahr","twitter_site":"@runahr","twitter_misc":{"Escrito por":"Liliana Gonzales","Tiempo de lectura":"10 minutos"},"schema":{"@context":"https:\/\/schema.org","@graph":[{"@type":"Article","@id":"https:\/\/runahr.com\/mx\/recursos\/hr-management\/dias-laborales\/#article","isPartOf":{"@id":"https:\/\/runahr.com\/mx\/recursos\/hr-management\/dias-laborales\/"},"author":{"name":"Liliana Gonzales","@id":"https:\/\/runahr.com\/mx\/#\/schema\/person\/2c4bbd2d7ec1eefe4db0431d1694ef99"},"headline":"Dias laborales: \u00bfQu\u00e9 son? y \u00bfCu\u00e1l es su funci\u00f3n?","datePublished":"2024-10-01T03:22:26+00:00","dateModified":"2026-01-29T19:40:58+00:00","mainEntityOfPage":{"@id":"https:\/\/runahr.com\/mx\/recursos\/hr-management\/dias-laborales\/"},"wordCount":1935,"publisher":{"@id":"https:\/\/runahr.com\/mx\/#organization"},"image":{"@id":"https:\/\/runahr.com\/mx\/recursos\/hr-management\/dias-laborales\/#primaryimage"},"thumbnailUrl":"https:\/\/runahr.com\/wp-content\/uploads\/2025\/09\/Que-son-los-dias-economicos.svg","keywords":["Art\u00edculo","HR Management"],"articleSection":["HR Management","Recursos"],"inLanguage":"es"},{"@type":"WebPage","@id":"https:\/\/runahr.com\/mx\/recursos\/hr-management\/dias-laborales\/","url":"https:\/\/runahr.com\/mx\/recursos\/hr-management\/dias-laborales\/","name":"Dias laborales: \u00bfQu\u00e9 son? y \u00bfCu\u00e1l es su funci\u00f3n? | MX | Runa HR","isPartOf":{"@id":"https:\/\/runahr.com\/mx\/#website"},"primaryImageOfPage":{"@id":"https:\/\/runahr.com\/mx\/recursos\/hr-management\/dias-laborales\/#primaryimage"},"image":{"@id":"https:\/\/runahr.com\/mx\/recursos\/hr-management\/dias-laborales\/#primaryimage"},"thumbnailUrl":"https:\/\/runahr.com\/wp-content\/uploads\/2025\/09\/Que-son-los-dias-economicos.svg","datePublished":"2024-10-01T03:22:26+00:00","dateModified":"2026-01-29T19:40:58+00:00","description":"Conoce qu\u00e9 son los d\u00edas laborables y c\u00f3mo influyen en la organizaci\u00f3n del trabajo y la flexibilidad laboral.","breadcrumb":{"@id":"https:\/\/runahr.com\/mx\/recursos\/hr-management\/dias-laborales\/#breadcrumb"},"inLanguage":"es","potentialAction":[{"@type":"ReadAction","target":["https:\/\/runahr.com\/mx\/recursos\/hr-management\/dias-laborales\/"]}]},{"@type":"ImageObject","inLanguage":"es","@id":"https:\/\/runahr.com\/mx\/recursos\/hr-management\/dias-laborales\/#primaryimage","url":"https:\/\/runahr.com\/wp-content\/uploads\/2025\/09\/Que-son-los-dias-economicos.svg","contentUrl":"https:\/\/runahr.com\/wp-content\/uploads\/2025\/09\/Que-son-los-dias-economicos.svg","width":1090,"height":440},{"@type":"BreadcrumbList","@id":"https:\/\/runahr.com\/mx\/recursos\/hr-management\/dias-laborales\/#breadcrumb","itemListElement":[{"@type":"ListItem","position":1,"name":"Home","item":"https:\/\/runahr.com\/mx\/"},{"@type":"ListItem","position":2,"name":"Recursos","item":"https:\/\/runahr.com\/mx\/category\/recursos\/"},{"@type":"ListItem","position":3,"name":"HR Management","item":"https:\/\/runahr.com\/mx\/category\/recursos\/hr-management\/"},{"@type":"ListItem","position":4,"name":"Dias laborales: \u00bfQu\u00e9 son? y \u00bfCu\u00e1l es su funci\u00f3n?"}]},{"@type":"WebSite","@id":"https:\/\/runahr.com\/mx\/#website","url":"https:\/\/runahr.com\/mx\/","name":"Runa HR","description":"Software de N\u00f3mina y Gesti\u00f3n de RRHH","publisher":{"@id":"https:\/\/runahr.com\/mx\/#organization"},"potentialAction":[{"@type":"SearchAction","target":{"@type":"EntryPoint","urlTemplate":"https:\/\/runahr.com\/mx\/?s={search_term_string}"},"query-input":{"@type":"PropertyValueSpecification","valueRequired":true,"valueName":"search_term_string"}}],"inLanguage":"es"},{"@type":"Organization","@id":"https:\/\/runahr.com\/mx\/#organization","name":"Runa HR","url":"https:\/\/runahr.com\/mx\/","logo":{"@type":"ImageObject","inLanguage":"es","@id":"https:\/\/runahr.com\/mx\/#\/schema\/logo\/image\/","url":"https:\/\/runahr.com\/wp-content\/uploads\/2018\/05\/xDzHFcQY_400x400.jpg","contentUrl":"https:\/\/runahr.com\/wp-content\/uploads\/2018\/05\/xDzHFcQY_400x400.jpg","width":400,"height":400,"caption":"Runa HR"},"image":{"@id":"https:\/\/runahr.com\/mx\/#\/schema\/logo\/image\/"},"sameAs":["https:\/\/www.facebook.com\/runahr\/","https:\/\/x.com\/runahr","https:\/\/www.instagram.com\/runahr\/","https:\/\/mx.linkedin.com\/company\/runahr","https:\/\/www.youtube.com\/channel\/UCAZ21FupFMLIb1c7PPaU6Ew"]},{"@type":"Person","@id":"https:\/\/runahr.com\/mx\/#\/schema\/person\/2c4bbd2d7ec1eefe4db0431d1694ef99","name":"Liliana Gonzales","image":{"@type":"ImageObject","inLanguage":"es","@id":"https:\/\/secure.gravatar.com\/avatar\/5aee12949165e89b82c3d32fc0dd0595ac84ba30686c09824f92de650a28d648?s=96&d=mm&r=g","url":"https:\/\/secure.gravatar.com\/avatar\/5aee12949165e89b82c3d32fc0dd0595ac84ba30686c09824f92de650a28d648?s=96&d=mm&r=g","contentUrl":"https:\/\/secure.gravatar.com\/avatar\/5aee12949165e89b82c3d32fc0dd0595ac84ba30686c09824f92de650a28d648?s=96&d=mm&r=g","caption":"Liliana Gonzales"},"url":"https:\/\/runahr.com\/mx\/author\/liliana_gonzales\/"}]}},"_links":{"self":[{"href":"https:\/\/runahr.com\/mx\/wp-json\/wp\/v2\/posts\/311145","targetHints":{"allow":["GET"]}}],"collection":[{"href":"https:\/\/runahr.com\/mx\/wp-json\/wp\/v2\/posts"}],"about":[{"href":"https:\/\/runahr.com\/mx\/wp-json\/wp\/v2\/types\/post"}],"author":[{"embeddable":true,"href":"https:\/\/runahr.com\/mx\/wp-json\/wp\/v2\/users\/90"}],"replies":[{"embeddable":true,"href":"https:\/\/runahr.com\/mx\/wp-json\/wp\/v2\/comments?post=311145"}],"version-history":[{"count":0,"href":"https:\/\/runahr.com\/mx\/wp-json\/wp\/v2\/posts\/311145\/revisions"}],"wp:featuredmedia":[{"embeddable":true,"href":"https:\/\/runahr.com\/mx\/wp-json\/wp\/v2\/media\/1023176"}],"wp:attachment":[{"href":"https:\/\/runahr.com\/mx\/wp-json\/wp\/v2\/media?parent=311145"}],"wp:term":[{"taxonomy":"category","embeddable":true,"href":"https:\/\/runahr.com\/mx\/wp-json\/wp\/v2\/categories?post=311145"},{"taxonomy":"post_tag","embeddable":true,"href":"https:\/\/runahr.com\/mx\/wp-json\/wp\/v2\/tags?post=311145"}],"curies":[{"name":"wp","href":"https:\/\/api.w.org\/{rel}","templated":true}]}}