{"id":5038,"date":"2019-05-25T22:40:45","date_gmt":"2019-05-26T03:40:45","guid":{"rendered":"https:\/\/runahr.com\/?p=5038"},"modified":"2026-02-13T10:25:40","modified_gmt":"2026-02-13T16:25:40","slug":"tus-contratos-laborales-no-tiene-fecha-de-inicio","status":"publish","type":"post","link":"https:\/\/runahr.com\/mx\/recursos\/aspectos-legales\/tus-contratos-laborales-no-tiene-fecha-de-inicio\/","title":{"rendered":"Contratos sin fecha de inicio"},"content":{"rendered":"<p><span>El <a href=\"https:\/\/runahr.com\/mx\/recursos\/comienza-tu-empresa\/que-es-un-contrato-de-trabajo\/\">contrato de trabajo<\/a> o laboral es el documento m\u00e1s importante cuando se inicia una relaci\u00f3n de trabajo entre el empleado y el empleador. En este documento, se deben establecer todas las <a href=\"https:\/\/runahr.com\/mx\/recursos\/hr-management\/condiciones-de-trabajo\/\">condiciones de trabajo<\/a> bajo las que se prestar\u00e1 el servicio, tambi\u00e9n aqu\u00ed se tocan temas como la <a href=\"https:\/\/runahr.com\/mx\/recursos\/nomina\/remuneraciones\/\">remuneraci\u00f3n<\/a> del trabajo que realizar\u00e1 el empleado y situaciones espec\u00edficas. Pero \u00bfqu\u00e9 sucede si se hace entrega de un contrato sin fecha de inicio?.<\/span><\/p>\n<p>Como ya te podr\u00e1s haber dado cuenta, este documento debe ser tan claro como el agua. Cualquier situaci\u00f3n que no est\u00e9 especificada aqu\u00ed, puede crear confusi\u00f3n y resultar en una mala experiencia tanto para la empresa como para el trabajador. Una de las situaciones que muchas empresas olvidan estipular y dejar en claro es: la fecha de inicio del trabajador.<\/p>\n<p><span>En algunas ocasiones, cuando las empresas expiden el contrato laboral y piden al empleado que lo firme, olvidan especificar dos fechas importantes: 1) la fecha de firma de contrato y 2) la fecha de inicio de trabajo. Estos dos puntos, si no est\u00e1n bien identificados en el contrato, pueden ocasionar varios problemas, aqu\u00ed te explicamos cu\u00e1les.<\/span><\/p>\n<p><a href=\"https:\/\/recursos.runahr.com\/formato-de-contrato-individual-de-trabajo\"><img fetchpriority=\"high\" decoding=\"async\" class=\"alignnone wp-image-1091870\" src=\"https:\/\/runahr.com\/wp-content\/uploads\/2026\/01\/CMX108-300x119.webp\" alt=\"Descargar Formato de contrato individual de trabajo\" width=\"920\" height=\"365\" srcset=\"https:\/\/runahr.com\/wp-content\/uploads\/2026\/01\/CMX108-300x119.webp 300w, https:\/\/runahr.com\/wp-content\/uploads\/2026\/01\/CMX108-1024x405.webp 1024w, https:\/\/runahr.com\/wp-content\/uploads\/2026\/01\/CMX108-768x304.webp 768w, https:\/\/runahr.com\/wp-content\/uploads\/2026\/01\/CMX108-1536x607.webp 1536w\" sizes=\"(max-width: 920px) 100vw, 920px\" \/><\/a><\/p>\n<h2><b>Defensa de antig\u00fcedad del empleado<\/b><\/h2>\n<p><span>El empleado debe ser capaz de identificar estas dos fechas para que reconozca su fecha de inicio y de ah\u00ed empezar a contar su <a href=\"https:\/\/runahr.com\/mx\/recursos\/aspectos-legales\/antiguedad-laboral\/\">antig\u00fcedad laboral<\/a>. Existen ocasiones en la que las fechas se confunden y la fecha de firma de contrato se toma como si fuese la fecha de inicio. Esto representar\u00eda un problema para el empleado, ya que no podr\u00eda alegar su verdadera antig\u00fcedad correspondiente y proceder a una demanda.<\/span><\/p>\n<h2><b>Demandas<\/b><\/h2>\n<p><span>Como lo mencionamos en el punto anterior, es delicado cuando un empleado decide demandar a tu empresa por un asunto de contrato. El empleado insatisfecho puede pelear aspectos como la <a href=\"https:\/\/runahr.com\/mx\/recursos\/aspectos-legales\/prima-de-antiguedad\/\">prima de antig\u00fcedad<\/a> no respetada por el empleador o que percibi\u00f3 un pago menor al correspondiente por su tiempo laborado. Cualquier asunto que no est\u00e9 especificado en los contratos, puede ser sujeto a una err\u00f3nea interpretaci\u00f3n. Y por consiguiente, llevar a problemas legales para tu empresa.<\/span><\/p>\n<p><a href=\"https:\/\/runahr.com\/mx\/recursos\/aspectos-legales\/que-es-profedet\/\"><img decoding=\"async\" class=\"alignnone wp-image-1092718\" src=\"https:\/\/runahr.com\/wp-content\/uploads\/2026\/01\/CMX216-300x119.webp\" alt=\"Ver ahora Tip: \u00bfQu\u00e9 es la PROFEDET?\" width=\"918\" height=\"364\" srcset=\"https:\/\/runahr.com\/wp-content\/uploads\/2026\/01\/CMX216-300x119.webp 300w, https:\/\/runahr.com\/wp-content\/uploads\/2026\/01\/CMX216-1024x405.webp 1024w, https:\/\/runahr.com\/wp-content\/uploads\/2026\/01\/CMX216-768x304.webp 768w, https:\/\/runahr.com\/wp-content\/uploads\/2026\/01\/CMX216-1536x607.webp 1536w, https:\/\/runahr.com\/wp-content\/uploads\/2026\/01\/CMX216-2048x809.webp 2048w\" sizes=\"(max-width: 918px) 100vw, 918px\" \/><\/a><\/p>\n<h2><b>Auditor\u00edas<\/b><\/h2>\n<p><span>El sector privado est\u00e1 cada vez m\u00e1s en el ojo p\u00fablico y todos sus procesos deben ser llevados con claridad. Para verificar el estado de las cosas, las empresas est\u00e1n sujetas a auditor\u00edas para evaluar su imagen contable. Si existieron confusiones y malas redacciones en los contratos de los trabajadores, estos se pueden reflejar en la <a href=\"https:\/\/runahr.com\/mx\/recursos\/aspectos-legales\/como-prepararse-para-una-auditoria\/\">auditor\u00eda<\/a> y atraer problemas para tu empresa. Un error com\u00fan que cometen las empresas es al momento de <a href=\"https:\/\/runahr.com\/mx\/recursos\/nomina\/como-dar-de-alta-a-un-trabajador-en-el-imss\/\">dar de alta en el IMSS<\/a> con una fecha espec\u00edfica diferente a la que esclarece el contrato laboral. Ten cuidado y verifica estas fechas para que no tengas problemas.<\/span><\/p>\n<p>Es importante que te asesores al momento de crear estos documentos para que no tengas mayores complicaciones con tus empleados y recuerda lo siguiente: mientras m\u00e1s expl\u00edcita la relaci\u00f3n estipulada en el contrato, mejor.<\/p>\n<p><a href=\"https:\/\/recursos.runahr.com\/kit-de-altas-para-recursos-humanos\"><img decoding=\"async\" class=\"alignnone wp-image-1091622\" src=\"https:\/\/runahr.com\/wp-content\/uploads\/2026\/01\/CMX077-300x118.webp\" alt=\"Descargar KIT de altas para recursos humanos\" width=\"918\" height=\"361\" srcset=\"https:\/\/runahr.com\/wp-content\/uploads\/2026\/01\/CMX077-300x118.webp 300w, https:\/\/runahr.com\/wp-content\/uploads\/2026\/01\/CMX077-1024x404.webp 1024w, https:\/\/runahr.com\/wp-content\/uploads\/2026\/01\/CMX077-768x303.webp 768w, https:\/\/runahr.com\/wp-content\/uploads\/2026\/01\/CMX077-1536x606.webp 1536w, https:\/\/runahr.com\/wp-content\/uploads\/2026\/01\/CMX077-2048x808.webp 2048w\" sizes=\"(max-width: 918px) 100vw, 918px\" \/><\/a><\/p>\n","protected":false},"excerpt":{"rendered":"<p>El contrato de trabajo o laboral es el documento m\u00e1s importante cuando se inicia una relaci\u00f3n de trabajo entre el empleado y el empleador. En este documento, se deben establecer todas las condiciones de trabajo bajo las que se prestar\u00e1 el servicio, tambi\u00e9n aqu\u00ed se tocan temas como la remuneraci\u00f3n del trabajo que realizar\u00e1 el [&hellip;]<\/p>\n","protected":false},"author":2,"featured_media":1033360,"comment_status":"closed","ping_status":"closed","sticky":false,"template":"","format":"standard","meta":{"_acf_changed":false,"_wp_applaud_exclude":false,"footnotes":""},"categories":[335,190],"tags":[1297,418,1199],"class_list":["post-5038","post","type-post","status-publish","format-standard","has-post-thumbnail","hentry","category-aspectos-legales","category-recursos","tag-articulo","tag-aspectos-legales","tag-contrato-laboral"],"acf":[],"yoast_head":"<!-- This site is optimized with the Yoast SEO Premium plugin v26.1 (Yoast SEO v27.5) - https:\/\/yoast.com\/product\/yoast-seo-premium-wordpress\/ -->\n<title>Contratos sin fecha de inicio | Runa HR<\/title>\n<meta name=\"description\" content=\"Los contratos sin fecha de inicio ocasionan muchos malentendidos y problemas en tu empresa que pueden resolverse al llenar estos datos.\" \/>\n<meta name=\"robots\" content=\"index, follow, max-snippet:-1, max-image-preview:large, max-video-preview:-1\" \/>\n<link rel=\"canonical\" href=\"https:\/\/runahr.com\/mx\/recursos\/aspectos-legales\/tus-contratos-laborales-no-tiene-fecha-de-inicio\/\" \/>\n<meta property=\"og:locale\" content=\"es_MX\" \/>\n<meta property=\"og:type\" content=\"article\" \/>\n<meta property=\"og:title\" content=\"Contratos sin fecha de inicio | MX | Runa HR\" \/>\n<meta property=\"og:description\" content=\"Los contratos sin fecha de inicio ocasionan muchos malentendidos y problemas en tu empresa que pueden resolverse al llenar estos datos.\" \/>\n<meta property=\"og:url\" content=\"https:\/\/runahr.com\/mx\/recursos\/aspectos-legales\/tus-contratos-laborales-no-tiene-fecha-de-inicio\/\" \/>\n<meta property=\"og:site_name\" content=\"Runa HR\" \/>\n<meta property=\"article:publisher\" content=\"https:\/\/www.facebook.com\/runahr\/\" \/>\n<meta property=\"article:published_time\" content=\"2019-05-26T03:40:45+00:00\" \/>\n<meta property=\"article:modified_time\" content=\"2026-02-13T16:25:40+00:00\" \/>\n<meta property=\"og:image\" content=\"https:\/\/runahr.com\/wp-content\/uploads\/2025\/04\/image-2.png\" \/>\n\t<meta property=\"og:image:width\" content=\"512\" \/>\n\t<meta property=\"og:image:height\" content=\"286\" \/>\n\t<meta property=\"og:image:type\" content=\"image\/png\" \/>\n<meta name=\"author\" content=\"Runa HR\" \/>\n<meta name=\"twitter:card\" content=\"summary_large_image\" \/>\n<meta name=\"twitter:title\" content=\"Runa HR | RRHH contratos sin fecha de inicio clara\" \/>\n<meta name=\"twitter:description\" content=\"Coloca la fecha de inicio en los contratos ya que este hecho puede ocasionar muchos malentendidos y problemas en tu empresa que pueden resolverse al llenar estods datos.\" \/>\n<meta name=\"twitter:creator\" content=\"@runahr\" \/>\n<meta name=\"twitter:site\" content=\"@runahr\" \/>\n<meta name=\"twitter:label1\" content=\"Escrito por\" \/>\n\t<meta name=\"twitter:data1\" content=\"Runa HR\" \/>\n\t<meta name=\"twitter:label2\" content=\"Tiempo de lectura\" \/>\n\t<meta name=\"twitter:data2\" content=\"4 minutos\" \/>\n<!-- \/ Yoast SEO Premium plugin. -->","yoast_head_json":{"title":"Contratos sin fecha de inicio | Runa HR","description":"Los contratos sin fecha de inicio ocasionan muchos malentendidos y problemas en tu empresa que pueden resolverse al llenar estos datos.","robots":{"index":"index","follow":"follow","max-snippet":"max-snippet:-1","max-image-preview":"max-image-preview:large","max-video-preview":"max-video-preview:-1"},"canonical":"https:\/\/runahr.com\/mx\/recursos\/aspectos-legales\/tus-contratos-laborales-no-tiene-fecha-de-inicio\/","og_locale":"es_MX","og_type":"article","og_title":"Contratos sin fecha de inicio | MX | Runa HR","og_description":"Los contratos sin fecha de inicio ocasionan muchos malentendidos y problemas en tu empresa que pueden resolverse al llenar estos datos.","og_url":"https:\/\/runahr.com\/mx\/recursos\/aspectos-legales\/tus-contratos-laborales-no-tiene-fecha-de-inicio\/","og_site_name":"Runa HR","article_publisher":"https:\/\/www.facebook.com\/runahr\/","article_published_time":"2019-05-26T03:40:45+00:00","article_modified_time":"2026-02-13T16:25:40+00:00","og_image":[{"width":512,"height":286,"url":"https:\/\/runahr.com\/wp-content\/uploads\/2025\/04\/image-2.png","type":"image\/png"}],"author":"Runa HR","twitter_card":"summary_large_image","twitter_title":"Runa HR | RRHH contratos sin fecha de inicio clara","twitter_description":"Coloca la fecha de inicio en los contratos ya que este hecho puede ocasionar muchos malentendidos y problemas en tu empresa que pueden resolverse al llenar estods datos.","twitter_creator":"@runahr","twitter_site":"@runahr","twitter_misc":{"Escrito por":"Runa HR","Tiempo de lectura":"4 minutos"},"schema":{"@context":"https:\/\/schema.org","@graph":[{"@type":"Article","@id":"https:\/\/runahr.com\/mx\/recursos\/aspectos-legales\/tus-contratos-laborales-no-tiene-fecha-de-inicio\/#article","isPartOf":{"@id":"https:\/\/runahr.com\/mx\/recursos\/aspectos-legales\/tus-contratos-laborales-no-tiene-fecha-de-inicio\/"},"author":{"name":"Runa HR","@id":"https:\/\/runahr.com\/mx\/#\/schema\/person\/48bc8e24ad03cc8f426d7d8c9867bc83"},"headline":"Contratos sin fecha de inicio","datePublished":"2019-05-26T03:40:45+00:00","dateModified":"2026-02-13T16:25:40+00:00","mainEntityOfPage":{"@id":"https:\/\/runahr.com\/mx\/recursos\/aspectos-legales\/tus-contratos-laborales-no-tiene-fecha-de-inicio\/"},"wordCount":513,"publisher":{"@id":"https:\/\/runahr.com\/mx\/#organization"},"image":{"@id":"https:\/\/runahr.com\/mx\/recursos\/aspectos-legales\/tus-contratos-laborales-no-tiene-fecha-de-inicio\/#primaryimage"},"thumbnailUrl":"https:\/\/runahr.com\/wp-content\/uploads\/2025\/09\/Contratos-sin-fecha-de-inicio.svg","keywords":["Art\u00edculo","Aspectos Legales","Contrato laboral"],"articleSection":["Aspectos legales","Recursos"],"inLanguage":"es"},{"@type":"WebPage","@id":"https:\/\/runahr.com\/mx\/recursos\/aspectos-legales\/tus-contratos-laborales-no-tiene-fecha-de-inicio\/","url":"https:\/\/runahr.com\/mx\/recursos\/aspectos-legales\/tus-contratos-laborales-no-tiene-fecha-de-inicio\/","name":"Contratos sin fecha de inicio | Runa HR","isPartOf":{"@id":"https:\/\/runahr.com\/mx\/#website"},"primaryImageOfPage":{"@id":"https:\/\/runahr.com\/mx\/recursos\/aspectos-legales\/tus-contratos-laborales-no-tiene-fecha-de-inicio\/#primaryimage"},"image":{"@id":"https:\/\/runahr.com\/mx\/recursos\/aspectos-legales\/tus-contratos-laborales-no-tiene-fecha-de-inicio\/#primaryimage"},"thumbnailUrl":"https:\/\/runahr.com\/wp-content\/uploads\/2025\/09\/Contratos-sin-fecha-de-inicio.svg","datePublished":"2019-05-26T03:40:45+00:00","dateModified":"2026-02-13T16:25:40+00:00","description":"Los contratos sin fecha de inicio ocasionan muchos malentendidos y problemas en tu empresa que pueden resolverse al llenar estos datos.","breadcrumb":{"@id":"https:\/\/runahr.com\/mx\/recursos\/aspectos-legales\/tus-contratos-laborales-no-tiene-fecha-de-inicio\/#breadcrumb"},"inLanguage":"es","potentialAction":[{"@type":"ReadAction","target":["https:\/\/runahr.com\/mx\/recursos\/aspectos-legales\/tus-contratos-laborales-no-tiene-fecha-de-inicio\/"]}]},{"@type":"ImageObject","inLanguage":"es","@id":"https:\/\/runahr.com\/mx\/recursos\/aspectos-legales\/tus-contratos-laborales-no-tiene-fecha-de-inicio\/#primaryimage","url":"https:\/\/runahr.com\/wp-content\/uploads\/2025\/09\/Contratos-sin-fecha-de-inicio.svg","contentUrl":"https:\/\/runahr.com\/wp-content\/uploads\/2025\/09\/Contratos-sin-fecha-de-inicio.svg","width":1090,"height":440},{"@type":"BreadcrumbList","@id":"https:\/\/runahr.com\/mx\/recursos\/aspectos-legales\/tus-contratos-laborales-no-tiene-fecha-de-inicio\/#breadcrumb","itemListElement":[{"@type":"ListItem","position":1,"name":"Home","item":"https:\/\/runahr.com\/mx\/"},{"@type":"ListItem","position":2,"name":"Recursos","item":"https:\/\/runahr.com\/mx\/category\/recursos\/"},{"@type":"ListItem","position":3,"name":"Aspectos legales","item":"https:\/\/runahr.com\/mx\/category\/recursos\/aspectos-legales\/"},{"@type":"ListItem","position":4,"name":"Contratos sin fecha de inicio"}]},{"@type":"WebSite","@id":"https:\/\/runahr.com\/mx\/#website","url":"https:\/\/runahr.com\/mx\/","name":"Runa HR","description":"Software de N\u00f3mina y Gesti\u00f3n de RRHH","publisher":{"@id":"https:\/\/runahr.com\/mx\/#organization"},"potentialAction":[{"@type":"SearchAction","target":{"@type":"EntryPoint","urlTemplate":"https:\/\/runahr.com\/mx\/?s={search_term_string}"},"query-input":{"@type":"PropertyValueSpecification","valueRequired":true,"valueName":"search_term_string"}}],"inLanguage":"es"},{"@type":"Organization","@id":"https:\/\/runahr.com\/mx\/#organization","name":"Runa HR","url":"https:\/\/runahr.com\/mx\/","logo":{"@type":"ImageObject","inLanguage":"es","@id":"https:\/\/runahr.com\/mx\/#\/schema\/logo\/image\/","url":"https:\/\/runahr.com\/wp-content\/uploads\/2018\/05\/xDzHFcQY_400x400.jpg","contentUrl":"https:\/\/runahr.com\/wp-content\/uploads\/2018\/05\/xDzHFcQY_400x400.jpg","width":400,"height":400,"caption":"Runa HR"},"image":{"@id":"https:\/\/runahr.com\/mx\/#\/schema\/logo\/image\/"},"sameAs":["https:\/\/www.facebook.com\/runahr\/","https:\/\/x.com\/runahr","https:\/\/www.instagram.com\/runahr\/","https:\/\/mx.linkedin.com\/company\/runahr","https:\/\/www.youtube.com\/channel\/UCAZ21FupFMLIb1c7PPaU6Ew"]},{"@type":"Person","@id":"https:\/\/runahr.com\/mx\/#\/schema\/person\/48bc8e24ad03cc8f426d7d8c9867bc83","name":"Runa HR","image":{"@type":"ImageObject","inLanguage":"es","@id":"https:\/\/secure.gravatar.com\/avatar\/0f5e3da5817edb54f2baf42e521fcc5bf236eed18b9dca62e6fa95f35ad83b5a?s=96&d=mm&r=g","url":"https:\/\/secure.gravatar.com\/avatar\/0f5e3da5817edb54f2baf42e521fcc5bf236eed18b9dca62e6fa95f35ad83b5a?s=96&d=mm&r=g","contentUrl":"https:\/\/secure.gravatar.com\/avatar\/0f5e3da5817edb54f2baf42e521fcc5bf236eed18b9dca62e6fa95f35ad83b5a?s=96&d=mm&r=g","caption":"Runa HR"},"sameAs":["https:\/\/runahr.com"],"url":"https:\/\/runahr.com\/mx\/author\/runahr\/"}]}},"_links":{"self":[{"href":"https:\/\/runahr.com\/mx\/wp-json\/wp\/v2\/posts\/5038","targetHints":{"allow":["GET"]}}],"collection":[{"href":"https:\/\/runahr.com\/mx\/wp-json\/wp\/v2\/posts"}],"about":[{"href":"https:\/\/runahr.com\/mx\/wp-json\/wp\/v2\/types\/post"}],"author":[{"embeddable":true,"href":"https:\/\/runahr.com\/mx\/wp-json\/wp\/v2\/users\/2"}],"replies":[{"embeddable":true,"href":"https:\/\/runahr.com\/mx\/wp-json\/wp\/v2\/comments?post=5038"}],"version-history":[{"count":0,"href":"https:\/\/runahr.com\/mx\/wp-json\/wp\/v2\/posts\/5038\/revisions"}],"wp:featuredmedia":[{"embeddable":true,"href":"https:\/\/runahr.com\/mx\/wp-json\/wp\/v2\/media\/1033360"}],"wp:attachment":[{"href":"https:\/\/runahr.com\/mx\/wp-json\/wp\/v2\/media?parent=5038"}],"wp:term":[{"taxonomy":"category","embeddable":true,"href":"https:\/\/runahr.com\/mx\/wp-json\/wp\/v2\/categories?post=5038"},{"taxonomy":"post_tag","embeddable":true,"href":"https:\/\/runahr.com\/mx\/wp-json\/wp\/v2\/tags?post=5038"}],"curies":[{"name":"wp","href":"https:\/\/api.w.org\/{rel}","templated":true}]}}