{"id":545,"date":"2021-02-07T18:56:40","date_gmt":"2021-02-08T00:56:40","guid":{"rendered":"https:\/\/runahr.com\/?p=545"},"modified":"2026-01-27T16:25:41","modified_gmt":"2026-01-27T22:25:41","slug":"prima-vacacional","status":"publish","type":"post","link":"https:\/\/runahr.com\/mx\/recursos\/nomina\/prima-vacacional\/","title":{"rendered":"Prima vacacional: \u00bfQu\u00e9 es? \u00bfC\u00f3mo calcularla?"},"content":{"rendered":"<p><span>En medio de tantos pendientes que trae la operaci\u00f3n diaria, hay prestaciones que a veces se ven como tr\u00e1mite. Pero la prima vacacional no es una de ellas. Esta prestaci\u00f3n, m\u00e1s all\u00e1 de ser un derecho que marca la Ley, puede convertirse en una pieza clave para fortalecer la retenci\u00f3n, la cultura y hasta la salud emocional del equipo.<\/span><\/p>\n<p><span>A lo largo de este art\u00edculo vamos a desmenuzar todo lo que conviene tener claro. Desde lo legal hasta lo operativo. Porque bien gestionada, esta prestaci\u00f3n no solo evita multas. Tambi\u00e9n habla de una empresa ordenada, que valora el descanso y que piensa en el bienestar como parte de su estrategia.<\/span><\/p>\n<h2><strong>\u00bfQu\u00e9 es la prima vacacional?<\/strong><\/h2>\n<p><span>Aunque suene b\u00e1sica, conviene recordarlo: la prima vacacional es un beneficio que se entrega cuando una persona se va de vacaciones. No es algo adicional que la empresa decide dar. Es parte del paquete obligatorio.<\/span><\/p>\n<p><span>La <\/span><a href=\"https:\/\/runahr.com\/mx\/recursos\/aspectos-legales\/ley-federal-del-trabajo-lft\/\"><span>Ley Federal del Trabajo (LFT)<\/span><\/a><span> establece que cualquier persona que trabaje bajo relaci\u00f3n subordinada tiene derecho a vacaciones pagadas, y sobre esos d\u00edas, debe recibir al menos un 25% adicional de su salario diario. Ese extra es justamente lo que se conoce como prima vacacional.<\/span><\/p>\n<p><span>Para las \u00e1reas de <\/span><a href=\"https:\/\/runahr.com\/mx\/recursos\/nomina\/que-es-nomina\/\"><span>n\u00f3mina<\/span><\/a><span>, es importante tener en el radar que este pago se realiza antes de que el empleado inicie su descanso, y su c\u00e1lculo debe basarse en su <\/span><a href=\"https:\/\/runahr.com\/mx\/recursos\/nomina\/salario\/\"><span>salario<\/span><\/a><span> y en los d\u00edas que le corresponden.<\/span><\/p>\n<p><a href=\"https:\/\/recursos.runahr.com\/guia-de-prima-vacacional\"><img fetchpriority=\"high\" decoding=\"async\" class=\"alignnone  wp-image-1091310\" src=\"https:\/\/runahr.com\/wp-content\/uploads\/2026\/01\/CMX035-300x119.webp\" alt=\"Descargar Gu\u00eda de prima vacacional\" width=\"731\" height=\"290\" srcset=\"https:\/\/runahr.com\/wp-content\/uploads\/2026\/01\/CMX035-300x119.webp 300w, https:\/\/runahr.com\/wp-content\/uploads\/2026\/01\/CMX035-1024x405.webp 1024w, https:\/\/runahr.com\/wp-content\/uploads\/2026\/01\/CMX035-768x304.webp 768w, https:\/\/runahr.com\/wp-content\/uploads\/2026\/01\/CMX035-1536x607.webp 1536w, https:\/\/runahr.com\/wp-content\/uploads\/2026\/01\/CMX035-2048x809.webp 2048w\" sizes=\"(max-width: 731px) 100vw, 731px\" \/><\/a><\/p>\n<h4><strong>Origen de la prima vacacional<\/strong><\/h4>\n<p><span>La prima vacacional no es una novedad ni una moda reciente. Fue incluida en la Ley Federal del Trabajo desde 1970. \u00bfEl objetivo? Que los trabajadores pudieran tomarse unos d\u00edas sin preocuparse por c\u00f3mo iban a cubrir sus gastos.<\/span><\/p>\n<p><span>Desde entonces, la figura se ha mantenido casi intacta. Han cambiado muchos otros elementos, pero este beneficio sigue siendo obligatorio y forma parte de los derechos laborales b\u00e1sicos en M\u00e9xico. Es, en otras palabras, uno de esos pilares que definen el equilibrio trabajo-descanso.<\/span><\/p>\n<h4><strong>Ley Federal del Trabajo y la prima vacacional<\/strong><\/h4>\n<p><span>Los art\u00edculos 76 y 80 de la Ley Federal del Trabajo no dejan lugar a dudas: si una persona ya cumpli\u00f3 m\u00e1s de un a\u00f1o trabajando, le tocan vacaciones pagadas y tambi\u00e9n su prima vacacional.<\/span><\/p>\n<p><span>As\u00ed de claro. No importa el puesto, el tipo de contrato o el giro de la empresa. Es un derecho que no se puede quitar ni negociar.<\/span><\/p>\n<p><span>El m\u00ednimo es el 25%, pero si una empresa quiere ofrecer m\u00e1s, puede hacerlo. Lo importante es no bajar de ese piso. Y desde el punto de vista operativo, conviene tener todo claro en contratos, pol\u00edticas internas y manuales para evitar conflictos o interpretaciones err\u00f3neas.<\/span><\/p>\n<h2><strong>\u00bfQu\u00e9 empleados tienen derecho a prima?<\/strong><\/h2>\n<p><span>Todo <\/span><a href=\"https:\/\/runahr.com\/mx\/recursos\/hr-management\/trabajador\/\"><span>trabajador <\/span><\/a><span>\u2014ya sea de tiempo completo, medio tiempo, por <\/span><a href=\"https:\/\/runahr.com\/mx\/recursos\/hr-management\/contrato-por-tiempo-determinado\/\"><span>contrato por tiempo determinado<\/span><\/a><span> o indefinido\u2014 tiene derecho a su prima vacacional en cuanto cumple un a\u00f1o seguido en la <\/span><a href=\"https:\/\/runahr.com\/mx\/recursos\/comienza-tu-empresa\/guia-para-crear-una-empresa\/\"><span>empresa.<\/span><\/a><\/p>\n<p><span>Y algo importante: aunque alguien se vaya antes del a\u00f1o, tambi\u00e9n se le debe pagar la parte proporcional. No importa si renuncia, lo despiden o el contrato termina.<\/span><\/p>\n<h2><strong>\u00bfQu\u00e9 empleados no tienen derecho a prima?<\/strong><\/h2>\n<p><span>En papel, la prima vacacional es para todos. Pero ya en la operaci\u00f3n diaria, hay algunas excepciones que conviene tener bien mapeadas, sobre todo para evitar malos entendidos con el equipo.<\/span><\/p>\n<p><span>Por ejemplo: Si una persona todav\u00eda no cumple su primer a\u00f1o en la empresa y no ha tomado vacaciones, no le toca la prima completa. No es una decisi\u00f3n de la empresa, ni un tema de \u201cpol\u00edtica interna\u201d. As\u00ed lo establece la Ley.<\/span><\/p>\n<p><span>Ahora bien, si esa persona se va antes de cumplir el a\u00f1o, digamos a los 10 meses, s\u00ed le corresponde el proporcional de vacaciones y tambi\u00e9n su parte correspondiente de prima vacacional. As\u00ed, tal cual. No es algo negociable. No es \"si quiere se le paga y si no, no\".\u00a0<\/span><\/p>\n<p><span>La Ley obliga a hacer ese c\u00e1lculo y cubrir lo que le toca. Porque aunque no haya tomado sus vacaciones, ya las gener\u00f3. Y con ellas, la prima. Desde <\/span><a href=\"https:\/\/runahr.com\/mx\/recursos\/hr-management\/recursos-humanos-en-una-empresa\/\"><span>Recursos Humanos<\/span><\/a><span>, conviene tener automatizado este c\u00e1lculo en cualquier salida de personal para evitar errores y, de paso, posibles reclamos.<\/span><\/p>\n<p><a href=\"https:\/\/recursos.runahr.com\/tabla-vacaciones\"><img decoding=\"async\" class=\"alignnone  wp-image-1092062\" src=\"https:\/\/runahr.com\/wp-content\/uploads\/2026\/01\/CMX133-300x119.webp\" alt=\"Descargar Plantilla de tabla de vacaciones en M\u00e9xico\" width=\"724\" height=\"287\" srcset=\"https:\/\/runahr.com\/wp-content\/uploads\/2026\/01\/CMX133-300x119.webp 300w, https:\/\/runahr.com\/wp-content\/uploads\/2026\/01\/CMX133-1024x405.webp 1024w, https:\/\/runahr.com\/wp-content\/uploads\/2026\/01\/CMX133-768x304.webp 768w, https:\/\/runahr.com\/wp-content\/uploads\/2026\/01\/CMX133-1536x607.webp 1536w, https:\/\/runahr.com\/wp-content\/uploads\/2026\/01\/CMX133-2048x809.webp 2048w\" sizes=\"(max-width: 724px) 100vw, 724px\" \/><\/a><\/p>\n<h2><strong>\u00bfC\u00f3mo calcular la prima vacacional?<\/strong><\/h2>\n<p><span>Para hacerlo correctamente, se necesita tener a la mano:<\/span><\/p>\n<ul>\n<li style=\"font-weight: 400;\"><span>Salario diario del trabajador (puede obtenerse dividiendo el salario mensual entre 30)<\/span><\/li>\n<li style=\"font-weight: 400;\"><a href=\"https:\/\/runahr.com\/mx\/recursos\/aspectos-legales\/antiguedad-laboral\/\"><span>Antig\u00fcedad laboral<\/span><\/a><span>, ya que de eso depende el n\u00famero de <\/span><a href=\"https:\/\/runahr.com\/mx\/recursos\/nomina\/vacaciones\/\"><span>d\u00edas de vacaciones<\/span><\/a><\/li>\n<li style=\"font-weight: 400;\"><span>N\u00famero de d\u00edas de vacaciones que le corresponden por Ley seg\u00fan su antig\u00fcedad<\/span><\/li>\n<li style=\"font-weight: 400;\"><span>Tasa de prima vacacional, que por Ley es m\u00ednimo del 25%<\/span><\/li>\n<\/ul>\n<p><span>La f\u00f3rmula es simple: Salario diario \u00d7 d\u00edas de vacaciones \u00d7 0.25<\/span><\/p>\n<h4><strong>D\u00edas de vacaciones<\/strong><\/h4>\n<p><span>Para calcular correctamente la prima vacacional, hay que tener claro cu\u00e1ntos d\u00edas de <\/span><a href=\"https:\/\/runahr.com\/mx\/recursos\/nomina\/vacaciones\/\"><span>vacaciones<\/span><\/a><span> le tocan a cada persona. Y esto no es parejo para todos.<\/span><\/p>\n<p><span>El n\u00famero de d\u00edas va creciendo conforme avanza la antig\u00fcedad del trabajador en la empresa. Mientras m\u00e1s a\u00f1os lleva, m\u00e1s d\u00edas de descanso le corresponden... y eso, naturalmente, aumenta tambi\u00e9n el monto de su prima vacacional.<\/span><\/p>\n<p>[runa_table id=\"TABLA_VACACIONES\"]<\/p>\n<h4><strong>Ejemplo pr\u00e1ctico<\/strong><\/h4>\n<p><span>Vamos a ponerle n\u00fameros reales al tema para que quede claro.Imaginemos a un empleado que ya cumpli\u00f3 un a\u00f1o trabajando en la empresa. Por Ley, eso le da derecho a 12 d\u00edas de vacaciones. Su salario mensual es de $15,000.00 pesos.<\/span><\/p>\n<p><span>Ahora s\u00ed, aplicamos el c\u00e1lculo completo:<\/span><\/p>\n<ol>\n<li style=\"font-weight: 400;\"><span>$500 \u00d7 12 d\u00edas de vacaciones = $6,000<\/span><\/li>\n<li style=\"font-weight: 400;\"><span>A esos $6,000 le aplicamos el 25% que marca la Ley como m\u00ednimo para la prima vacacional:<\/span><\/li>\n<li style=\"font-weight: 400;\"><span>$6,000 \u00d7 0.25 = $1,500<\/span><\/li>\n<\/ol>\n<p><span>Resultado final: Este trabajador debe recibir $1,500 extra adem\u00e1s de su salario regular, cuando se tome esos 12 d\u00edas de vacaciones.<\/span><\/p>\n<h2><strong>\u00bfCu\u00e1nto es el valor de la prima de un salario m\u00ednimo?<\/strong><\/h2>\n<p><span>Ahora, si hablamos de una persona que gana el <\/span><a href=\"https:\/\/runahr.com\/mx\/recursos\/nomina\/salario-minimo\/\"><span>salario m\u00ednimo<\/span><\/a><span> \u2014que en 2025 es de $278.80 diarios\u2014 y ya cumpli\u00f3 un a\u00f1o trabajando, el c\u00e1lculo de su prima vacacional quedar\u00eda as\u00ed:<\/span><\/p>\n<p><span>$278.80 \u00d7 12 d\u00edas de vacaciones = $3,345.60. A ese monto se le aplica el 25% m\u00ednimo que marca la Ley: $3,345.60 \u00d7 0.25 = $836.40<\/span><\/p>\n<p><span>Entonces, lo que le corresponde por prima vacacional es 836.40 pesos. Eso, adem\u00e1s del pago normal de sus vacaciones.<\/span><\/p>\n<p><span>Aunque el monto no parezca alto, marca una gran diferencia para alguien que vive con lo justo. Por eso es importante que se pague a tiempo y completo. Ese es el monto m\u00ednimo que le corresponde por su prima vacacional.<\/span><\/p>\n<h2><strong>\u00bfCu\u00e1ndo se paga la prima vacacional?<\/strong><\/h2>\n<p><span>Lo ideal es que el pago se haga justo antes de que la persona tome sus vacaciones. Algunas empresas lo hacen de forma anual, pero siempre debe garantizarse que el trabajador tenga ese ingreso extra disponible durante su descanso.<\/span><\/p>\n<p><span>Hay que recordar que esta prestaci\u00f3n se integra al salario. Por lo tanto, tambi\u00e9n se considera en el c\u00e1lculo de <\/span><a href=\"https:\/\/runahr.com\/mx\/recursos\/nomina\/finiquito\/\"><span>finiquito<\/span><\/a><span>, <\/span><a href=\"https:\/\/runahr.com\/mx\/recursos\/nomina\/aguinaldo\/\"><span>aguinaldo<\/span><\/a><span> y otras compensaciones si la persona deja la empresa.<\/span><\/p>\n<h2><strong>\u00bfC\u00f3mo se paga la prima vacacional?<\/strong><\/h2>\n<p><span>La prima vacacional se paga con dinero. As\u00ed de simple. No se puede compensar con <\/span><a href=\"https:\/\/runahr.com\/mx\/recursos\/nomina\/que-es-un-vale\/\"><span>vales<\/span><\/a><span>, d\u00edas extra ni ning\u00fan otro concepto. La Ley Federal del Trabajo lo deja muy claro: este pago debe hacerse en efectivo, por transferencia o dep\u00f3sito bancario. La forma exacta depender\u00e1 de c\u00f3mo opera cada empresa, pero el fondo es el mismo: el trabajador debe recibirlo como ingreso monetario.<\/span><\/p>\n<p><span>Ahora, aqu\u00ed es donde entra el famoso <\/span><a href=\"https:\/\/runahr.com\/mx\/recursos\/aspectos-legales\/isr\/\"><span>ISR.<\/span><\/a><span> Y s\u00ed, tambi\u00e9n afecta a esta prestaci\u00f3n. El Impuesto Sobre la Renta se aplica a la mayor\u00eda de los ingresos que una persona obtiene. Eso incluye:<\/span><\/p>\n<ul>\n<li style=\"font-weight: 400;\"><a href=\"https:\/\/runahr.com\/mx\/recursos\/nomina\/sueldos-y-salarios\/\"><span>Sueldos y salarios<\/span><\/a><\/li>\n<li style=\"font-weight: 400;\"><span>Servicios profesionales<\/span><\/li>\n<li style=\"font-weight: 400;\"><span>Renta de inmuebles<\/span><\/li>\n<li style=\"font-weight: 400;\"><span>Intereses<\/span><\/li>\n<li style=\"font-weight: 400;\"><span>Premios, dividendos, ganancias de capital\u2026 En fin, casi todo<\/span><\/li>\n<\/ul>\n<p><span>\u00bfY la prima vacacional? T\u00e9cnicamente, tambi\u00e9n puede estar sujeta al ISR. Pero con un matiz importante: est\u00e1 exenta hasta un tope de 15 UMAs, que para este 2024 equivale a $1,628.55 pesos.<\/span><\/p>\n<p><span>Si el monto que recibe el trabajador por prima vacacional supera ese l\u00edmite, entonces lo que se pase s\u00ed paga <\/span><a href=\"https:\/\/runahr.com\/mx\/recursos\/aspectos-legales\/impuestos\/\"><span>impuestos<\/span><\/a><span>. Y aqu\u00ed vienen las dos formas que marca la Ley para calcular ese impuesto:<\/span><\/p>\n<ul>\n<li style=\"font-weight: 400;\"><span>Sumar la parte gravable al resto del ingreso del trabajador (su salario, bonos, etc.) y aplicar la <\/span><a href=\"https:\/\/runahr.com\/mx\/recursos\/nomina\/tablas-de-calculo-para-isr\/\"><span>tabla de ISR <\/span><\/a><span>como en cualquier otro pago<\/span><\/li>\n<li style=\"font-weight: 400;\"><span>Calcular una tasa de <\/span><a href=\"https:\/\/runahr.com\/mx\/recursos\/comienza-tu-empresa\/retencion\/\"><span>retenci\u00f3n<\/span><\/a><span> espec\u00edfica s\u00f3lo sobre lo que excede el monto exento y aplicar el porcentaje correspondiente<\/span><\/li>\n<\/ul>\n<p><span>Desde el \u00e1rea de n\u00f3mina, es clave tener esto automatizado en el sistema. As\u00ed se asegura que el c\u00e1lculo sea justo, que se timbre bien en el <\/span><a href=\"https:\/\/runahr.com\/mx\/recursos\/nomina\/que-es-cfdi\/\"><span>CFDI<\/span><\/a><span> y que el trabajador vea reflejado su ingreso neto con claridad. Porque si algo irrita a la gente, es que le digan \u201cte pagamos $1,500 de prima vacacional\u201d y al final le caigan $1,200 sin explicarle por qu\u00e9.<\/span><\/p>\n<p><img decoding=\"async\" class=\"alignnone  wp-image-1091118\" src=\"https:\/\/runahr.com\/wp-content\/uploads\/2025\/10\/CMX012-300x119.webp\" alt=\"Usar ahora calculadora de prima vacacional (en vivo)\" width=\"731\" height=\"290\" srcset=\"https:\/\/runahr.com\/wp-content\/uploads\/2025\/10\/CMX012-300x119.webp 300w, https:\/\/runahr.com\/wp-content\/uploads\/2025\/10\/CMX012-1024x405.webp 1024w, https:\/\/runahr.com\/wp-content\/uploads\/2025\/10\/CMX012-768x304.webp 768w, https:\/\/runahr.com\/wp-content\/uploads\/2025\/10\/CMX012-1536x608.webp 1536w, https:\/\/runahr.com\/wp-content\/uploads\/2025\/10\/CMX012-2048x810.webp 2048w\" sizes=\"(max-width: 731px) 100vw, 731px\" \/><\/p>\n<h2>\u00bfCu\u00e1l es la diferencia entre la prima vacacional y la prima antig\u00fcedad?<\/h2>\n<p><span>Aunque sus nombres suenan parecidos, la prima vacacional y la <\/span><a href=\"https:\/\/runahr.com\/mx\/recursos\/aspectos-legales\/prima-de-antiguedad\/\"><span>prima de antig\u00fcedad<\/span><\/a><span> son dos <\/span><a href=\"https:\/\/runahr.com\/mx\/recursos\/hr-management\/prestaciones\/\"><span>prestaciones <\/span><\/a><span>totalmente distintas, tanto en cu\u00e1ndo se pagan como en para qu\u00e9 sirven. Vamos por partes.<\/span><\/p>\n<p><span>La prima vacacional es lo que se paga cuando una persona se va de vacaciones. Es un extra que se suma al sueldo normal para ayudar al trabajador a disfrutar su descanso sin apuros econ\u00f3micos. Este pago se hace junto con el salario del periodo vacacional. Y algo importante: no cuenta como salario para calcular otras prestaciones como el aguinaldo o la <\/span><a href=\"https:\/\/runahr.com\/mx\/recursos\/nomina\/indemnizacion\/\"><span>indemnizaci\u00f3n.<\/span><\/a><\/p>\n<p><span>En cambio, la prima de antig\u00fcedad solo se activa cuando el trabajador se separa de la empresa, y solo si ha cumplido al menos 15 a\u00f1os de servicio. Se paga al finalizar la relaci\u00f3n laboral, junto con el finiquito o la <\/span><a href=\"https:\/\/runahr.com\/mx\/recursos\/nomina\/liquidacion\/\"><span>liquidaci\u00f3n<\/span><\/a><span>, y s\u00ed se considera salario para otros c\u00e1lculos legales. Visita nuestra <\/span><a href=\"https:\/\/runahr.com\/mx\/recursos\/nomina\/calculadora-aguinaldo\/\"><span>calculadora aguinaldo<\/span><\/a><span>.<\/span><\/p>\n<h2><strong>\u00bfQu\u00e9 pasa si no se paga la prima en tiempo y forma?<\/strong><\/h2>\n<p><span>No pagar la prima vacacional cuando toca no es un detalle menor. Se considera una falta legal. Y si un trabajador decide levantar la mano y denuncia ante la <\/span><a href=\"https:\/\/runahr.com\/mx\/recursos\/aspectos-legales\/junta-de-conciliacion-y-arbitraje\/\"><span>Junta de Conciliaci\u00f3n y Arbitraje<\/span><\/a><span>, la empresa se puede llevar una sanci\u00f3n que, seg\u00fan la <\/span><a href=\"https:\/\/runahr.com\/mx\/recursos\/aspectos-legales\/profedet\/\"><span>PROFEDET<\/span><\/a><span>, puede llegar hasta medio mill\u00f3n de pesos.<\/span><\/p>\n<p><span>Pero m\u00e1s all\u00e1 de la multa, el verdadero problema es todo lo que viene detr\u00e1s: conflictos laborales que se pudieron evitar, mala <\/span><a href=\"https:\/\/runahr.com\/mx\/recursos\/nomina\/reputacion\/\"><span>reputaci\u00f3n<\/span><\/a><span> de la empresa y una dosis de desconfianza que termina afectando la relaci\u00f3n con el equipo.<\/span><\/p>\n<h2><strong>\u00bfCu\u00e1nto es la multa por no pagar la prima?<\/strong><\/h2>\n<p><span>La Ley Federal del Trabajo es clara: si una empresa no paga la prima vacacional cuando corresponde, no solo est\u00e1 incumpliendo con una obligaci\u00f3n legal... Tambi\u00e9n se expone a sanciones econ\u00f3micas serias. \u00bfDe cu\u00e1nto hablamos?<\/span><\/p>\n<p><span>La PROFEDET puede imponer multas que alcanzan hasta los $500,000 pesos, dependiendo del caso, la reincidencia y la gravedad del incumplimiento. Y eso sin contar el desgaste operativo y reputacional que puede generar una denuncia laboral.<\/span><\/p>\n<p><span>Desde RRHH o direcci\u00f3n, no se trata s\u00f3lo de \u201cevitar problemas\u201d. Se trata de asegurar que la empresa opere con orden, que se respete lo que marca la Ley y que el equipo vea congruencia entre lo que se predica y lo que se cumple.<\/span><\/p>\n<h2><strong>\u00bfHasta cu\u00e1ndo tiene el trabajador para demandar su pago de prima vacacional?<\/strong><\/h2>\n<p><span>El plazo legal para reclamar la prima vacacional es de un a\u00f1o a partir del d\u00eda en que debi\u00f3 pagarse. Si el trabajador quiere asesor\u00eda, puede acudir a la PROFEDET, donde le asignar\u00e1n un abogado sin costo.<\/span><\/p>\n<h2><strong>Administraci\u00f3n efectiva de la prima vacacional<\/strong><\/h2>\n<p><span>Una gesti\u00f3n eficiente evita errores, conflictos y hasta auditor\u00edas. Algunas pr\u00e1cticas recomendadas desde RRHH:<\/span><\/p>\n<ul>\n<li style=\"font-weight: 400;\"><span>Asegurarse de pagar al menos el 25%, como marca la Ley<\/span><\/li>\n<li style=\"font-weight: 400;\"><span>Hacer el pago antes del inicio del periodo vacacional<\/span><\/li>\n<li style=\"font-weight: 400;\"><span>Explicar al trabajador c\u00f3mo se calcula y cu\u00e1ndo se paga<\/span><\/li>\n<li style=\"font-weight: 400;\"><span>Mantener un registro claro y accesible de todos los pagos<\/span><\/li>\n<li style=\"font-weight: 400;\"><span>Ofrecer m\u00e1s del m\u00ednimo como <\/span><a href=\"https:\/\/runahr.com\/mx\/recursos\/hr-management\/incentivos\/\"><span>incentivo<\/span><\/a><span> en planes de retenci\u00f3n<\/span><\/li>\n<\/ul>\n<p><span>Tambi\u00e9n puede ser \u00fatil ofrecer orientaci\u00f3n financiera para que el equipo use este ingreso de forma inteligente. Ya sea para ahorrar, salir de deudas o invertir.<\/span><\/p>\n<h4><strong>Beneficios de la prima para los empleados<\/strong><\/h4>\n<p><span>Recibir una prima vacacional no es solo tener dinero extra. Tiene implicaciones m\u00e1s amplias:<\/span><\/p>\n<ul>\n<li style=\"font-weight: 400;\"><span>Da margen para disfrutar realmente las vacaciones<\/span><\/li>\n<li style=\"font-weight: 400;\"><span>Mejora el <\/span><a href=\"https:\/\/runahr.com\/mx\/recursos\/hr-management\/bienestar\/\"><span>bienestar<\/span><\/a><span> general y reduce el estr\u00e9s<\/span><\/li>\n<li style=\"font-weight: 400;\"><span>Incentiva la lealtad hacia la empresa<\/span><\/li>\n<li style=\"font-weight: 400;\"><span>Fortalece la cultura de respeto al descanso<\/span><\/li>\n<li style=\"font-weight: 400;\"><span>Puede utilizarse como herramienta para ahorro o imprevistos<\/span><\/li>\n<\/ul>\n<h4><strong>Software de apoyo para gestionar la prima vacacional<\/strong><\/h4>\n<p><span>Sabemos que llevar el control de vacaciones y calcular correctamente la prima vacacional puede volverse una tarea pesada, sobre todo cuando el equipo crece o cuando hay alta rotaci\u00f3n. Y aunque todo se puede hacer en Excel\u2026 La realidad es que hoy existen herramientas que ahorran tiempo, errores y dolores de cabeza.<\/span><\/p>\n<p><span>Una opci\u00f3n pr\u00e1ctica es Runa, un software de recursos humanos en la nube pensado justo para automatizar procesos como la n\u00f3mina, el control de d\u00edas de vacaciones y, por supuesto, el c\u00e1lculo y pago de la prima vacacional.<\/span><\/p>\n<p><span>\u00bfQu\u00e9 hace \u00fatil a Runa en este punto?<\/span><\/p>\n<ul>\n<li style=\"font-weight: 400;\"><span>Lleva el historial exacto de vacaciones de cada persona<\/span><\/li>\n<li style=\"font-weight: 400;\"><span>Calcula autom\u00e1ticamente la prima que le corresponde seg\u00fan su salario y antig\u00fcedad<\/span><\/li>\n<li style=\"font-weight: 400;\"><span>Genera reportes personalizables que ayudan a planear pagos o detectar omisiones<\/span><\/li>\n<li style=\"font-weight: 400;\"><span>Y lo mejor: permite programar los pagos en tiempo y forma<\/span><\/li>\n<\/ul>\n<p><span>Para empresas que est\u00e1n en crecimiento o que ya tienen una operaci\u00f3n m\u00e1s robusta, implementar una herramienta como esta no es un lujo, es una forma de mantener orden, cumplimiento y eficiencia sin complicaciones.<\/span><\/p>\n<p><a href=\"https:\/\/recursos.runahr.com\/formato-registro-vacaciones\"><img loading=\"lazy\" decoding=\"async\" class=\"alignnone  wp-image-1091910\" src=\"https:\/\/runahr.com\/wp-content\/uploads\/2026\/01\/CMX114-300x118.webp\" alt=\"Descargar Formato de registro de vacaciones\" width=\"716\" height=\"282\" srcset=\"https:\/\/runahr.com\/wp-content\/uploads\/2026\/01\/CMX114-300x118.webp 300w, https:\/\/runahr.com\/wp-content\/uploads\/2026\/01\/CMX114-1024x404.webp 1024w, https:\/\/runahr.com\/wp-content\/uploads\/2026\/01\/CMX114-768x303.webp 768w, https:\/\/runahr.com\/wp-content\/uploads\/2026\/01\/CMX114-1536x606.webp 1536w, https:\/\/runahr.com\/wp-content\/uploads\/2026\/01\/CMX114-2048x808.webp 2048w\" sizes=\"(max-width: 716px) 100vw, 716px\" \/><\/a><\/p>\n<h2>Preguntas frecuentes<\/h2>\n<h4>\u00bfDe qu\u00e9 manera la prima vacacional modifica la cultura organizacional y el desempe\u00f1o de los trabajadores?<\/h4>\n<p><span>M\u00e1s all\u00e1 del c\u00e1lculo y el cumplimiento legal, la prima vacacional tambi\u00e9n tiene un efecto directo \u2014y muchas veces subestimado\u2014 en la forma en que se vive el <\/span><a href=\"https:\/\/runahr.com\/mx\/recursos\/hr-management\/trabajo\/\"><span>trabajo<\/span><\/a><span> dentro de una organizaci\u00f3n.<\/span><\/p>\n<p><span>S\u00ed, puede parecer un tema administrativo. Pero bien gestionada, esta prestaci\u00f3n tiene peso cultural, impacto emocional y consecuencias muy tangibles en el <\/span><a href=\"https:\/\/runahr.com\/mx\/recursos\/hr-management\/desempeno\/\"><span>desempe\u00f1o<\/span><\/a><span> del personal. Por ejemplo:<\/span><\/p>\n<ul>\n<li style=\"font-weight: 400;\"><span>Mejora la <\/span><a href=\"https:\/\/runahr.com\/mx\/recursos\/hr-management\/motivacion-laboral\/\"><span>motivaci\u00f3n laboral<\/span><\/a><span> y el sentido de pertenencia<\/span><\/li>\n<li style=\"font-weight: 400;\"><span>Ayuda a prevenir el agotamiento cr\u00f3nico (<\/span><a href=\"https:\/\/runahr.com\/mx\/recursos\/hr-management\/burnout\/\"><span>burnout<\/span><\/a><span>)<\/span><\/li>\n<li style=\"font-weight: 400;\">Mejora la <a href=\"https:\/\/runahr.com\/mx\/recursos\/comienza-tu-empresa\/retencion\/\">retenci\u00f3n<\/a><\/li>\n<\/ul>\n<h4>\u00bfQu\u00e9 menciona la NOM 035 y la NOM 037 sobre la prima vacacional?<\/h4>\n<p><span>Si se revisan al pie de la letra, ni la <\/span><a href=\"https:\/\/runahr.com\/mx\/recursos\/aspectos-legales\/nom-035\/\"><span>NOM 035<\/span><\/a><span> ni la <\/span><a href=\"https:\/\/runahr.com\/mx\/recursos\/aspectos-legales\/nom-037\/\"><span>NOM 037 <\/span><\/a><span>mencionan la prima vacacional de forma directa. Pero eso no significa que no tengan que ver. La NOM 035 pone la lupa en prevenir <\/span><a href=\"https:\/\/runahr.com\/mx\/recursos\/nomina\/riesgos-psicosociales\/\"><span>riesgos psicosociales <\/span><\/a><span>en el trabajo: exceso de estr\u00e9s, carga laboral desmedida, conflictos que se vuelven bola de nieve y terminan en agotamiento emocional.<\/span><\/p>\n<p><span>Entre sus puntos clave est\u00e1 la obligaci\u00f3n de la empresa de garantizar un ambiente donde la gente pueda descansar y desconectar de verdad, para cuidar la <\/span><a href=\"https:\/\/runahr.com\/mx\/recursos\/nomina\/salud-mental\/\"><span>salud mental<\/span><\/a><span>. Y aqu\u00ed la prima vacacional tiene todo que ver: Pagarla bien y a tiempo ayuda a que el trabajador no se frene a tomar vacaciones por falta de dinero extra. En otras palabras, le da margen para descansar tranquilo y regresar sin esa sensaci\u00f3n de seguir cargando pendientes econ\u00f3micos.<\/span><\/p>\n<p><span>Por otro lado, la NOM 037, que se enfoca en <\/span><a href=\"https:\/\/runahr.com\/mx\/recursos\/hr-management\/seguridad-y-salud-en-el-trabajo\/\"><span>seguridad y salud en el trabajo<\/span><\/a><span>, tampoco habla de prestaciones espec\u00edficas, pero s\u00ed insiste en la importancia del descanso como medida preventiva. Parte de cuidar la salud es respetar pausas, vacaciones y no saturar al equipo. Entonces, aunque ninguna norma lo diga tal cual, ambas est\u00e1n alineadas con la esencia de la prima vacacional: que la persona deje de trabajar unos d\u00edas y pueda disfrutarlo sin apuros.<\/span><\/p>\n<p><span>Cuando la empresa cumple esta obligaci\u00f3n sin retrasos ni letras chiquitas, no solo evita multas. Tambi\u00e9n refuerza una cultura de cuidado, balance y respeto que, al final, se nota en la forma en que la gente responde y se queda.<\/span><\/p>\n<h4>\u00bfUn sistema Kardex puede funcionar para administrar la prima vacacional?<\/h4>\n<p><span>Aunque no sea lo m\u00e1s moderno ni digital, un sistema <\/span><a href=\"https:\/\/runahr.com\/mx\/recursos\/comienza-tu-empresa\/kardex\/\"><span>Kardex<\/span><\/a><span> bien llevado sigue siendo bastante \u00fatil para gestionar la prima vacacional, sobre todo en empresas chicas o donde todav\u00eda se manejan procesos m\u00e1s manuales. \u00bfPor qu\u00e9 funciona? Porque permite llevar todo en orden:<\/span><\/p>\n<ul>\n<li style=\"font-weight: 400;\"><span>Registrar cu\u00e1ntos d\u00edas de vacaciones tiene acumulados cada persona<\/span><\/li>\n<li style=\"font-weight: 400;\"><span>Tener claro cu\u00e1ndo los tom\u00f3 (o si sigue acumulando)<\/span><\/li>\n<li style=\"font-weight: 400;\"><span>Y contar con los datos justos para calcular bien la prima vacacional cuando toca pagarla<\/span><\/li>\n<\/ul>\n<p><span>No es lo m\u00e1s avanzado, claro, pero cumple su funci\u00f3n siempre y cuando se mantenga actualizado y sin errores. El truco est\u00e1 en ser constantes: anotar salidas, registrar regresos, ajustar antig\u00fcedad y cuadrar bien con la n\u00f3mina.<\/span><\/p>\n<p><span>Si se hace bien, el Kardex se vuelve una especie de respaldo b\u00e1sico para evitar confusiones o pagos mal calculados. Y si m\u00e1s adelante la empresa da el salto a un software m\u00e1s completo, ya tendr\u00e1 la base organizada para migrar todo sin dolores de cabeza.<\/span><\/p>\n<h4>\u00bfTiene alguna relaci\u00f3n la prima vacacional con la PTU?<\/h4>\n<p><span>Por un lado, la prima vacacional es un derecho irrenunciable que tiene todo trabajador en M\u00e9xico. No depende de c\u00f3mo le va a la empresa ni de sus n\u00fameros al cierre del a\u00f1o.<\/span><\/p>\n<p><span>En cambio, la <\/span><a href=\"https:\/\/runahr.com\/mx\/recursos\/nomina\/ptu\/\"><span>Participaci\u00f3n de los Trabajadores en las Utilidades (PTU) <\/span><\/a><span>s\u00ed est\u00e1 ligada directamente al <\/span><a href=\"https:\/\/runahr.com\/mx\/recursos\/hr-management\/rendimiento\/\"><span>rendimiento<\/span><\/a><span> de la empresa. Es una prestaci\u00f3n que se paga una vez al a\u00f1o, y solo si la empresa gener\u00f3 utilidades. El monto var\u00eda seg\u00fan las ganancias y las reglas fiscales que marcan c\u00f3mo repartir ese porcentaje entre todos los trabajadores.<\/span><\/p>\n<p><span>Ambas suman al ingreso anual del trabajador, s\u00ed, pero funcionan bajo reglas y objetivos muy distintos.<\/span><\/p>\n<h4>\u00bfHay alg\u00fan tr\u00e1mite que se deba realizar en el IMSS Desde Su Empresa (IDSE) para realizar el pago de la prima vacacional?<\/h4>\n<p><span>No. No hay ning\u00fan tr\u00e1mite que deba hacerse en el portal <\/span><a href=\"https:\/\/runahr.com\/mx\/recursos\/nomina\/idse\/\"><span>IMSS Desde Su Empresa (IDSE)<\/span><\/a><span> del <\/span><a href=\"https:\/\/runahr.com\/mx\/recursos\/nomina\/que-es-el-imss\/\"><span>IMSS<\/span><\/a><span> relacionado con el pago de la prima vacacional.<\/span><\/p>\n<p><span>Este pago es una responsabilidad interna de cada empresa. Se calcula, se registra en la n\u00f3mina, se timbra en el CFDI y se deposita al trabajador... Todo por cuenta del empleador. El IMSS no interviene directamente en este proceso, ni tampoco pide reportes espec\u00edficos sobre este concepto.<\/span><\/p>\n<p><span>Ahora bien, s\u00ed es importante tener en cuenta que la prima vacacional puede influir en el <\/span><a href=\"https:\/\/runahr.com\/mx\/recursos\/aspectos-legales\/conceptos-que-integran-el-salario-base-de-cotizacion\/\"><span>Salario Base de Cotizaci\u00f3n (SBC)<\/span><\/a><span> si se paga en montos mayores a lo que marca la ley o de forma recurrente, pero eso es otro tema que depende del criterio fiscal y de seguridad social.<\/span><\/p>\n<h4>\u00bfLa CONDUSEF posee alguna relaci\u00f3n la prima vacacional?<\/h4>\n<p><span>La <\/span><a href=\"https:\/\/runahr.com\/mx\/recursos\/aspectos-legales\/condusef\/\"><span>Comisi\u00f3n Nacional para la Protecci\u00f3n y Defensa de los Usuarios de Servicios Financieros (CONDUSEF)<\/span><\/a><span>. B\u00e1sicamente, est\u00e1n ah\u00ed para apoyar con todo lo relacionado con servicios financieros. Con todo nos referimos a cosas como bancos, aseguradoras, tarjetas, cr\u00e9ditos, inversiones, etc.<\/span><\/p>\n<p><span>Ahora bien, cuando se trata de la prima vacacional, la CONDUSEF no tiene nada que ver. Ellos no est\u00e1n para regular, supervisar o recibir quejas sobre esos <\/span><a href=\"https:\/\/runahr.com\/mx\/recursos\/nomina\/beneficios\/\"><span>beneficios <\/span><\/a><span>laborales. As\u00ed que, si alguien en el equipo tiene dudas o se confunde, es importante que desde Recursos Humanos se tenga claro esto para poder guiar bien a todos.<\/span><\/p>\n<h4>\u00bfC\u00f3mo la prima vacacional modifica a las semanas cotizadas?<\/h4>\n<p><span>La prima vacacional no tiene ning\u00fan efecto sobre las <\/span><a href=\"https:\/\/runahr.com\/mx\/recursos\/nomina\/semanas-cotizadas\/\"><span>semanas cotizadas<\/span><\/a><span> del trabajador en el IMSS. \u00bfPor qu\u00e9? Porque las semanas se contabilizan con base en el tiempo trabajado y reportado al <\/span><a href=\"https:\/\/runahr.com\/mx\/recursos\/aspectos-legales\/seguro-social\/\"><span>Seguro Social<\/span><\/a><span>, no por los montos de prestaciones que se reciban.<\/span><\/p>\n<p><span>Mientras el trabajador est\u00e9 dado de alta y la empresa est\u00e9 cumpliendo con sus <\/span><a href=\"https:\/\/runahr.com\/mx\/recursos\/nomina\/cuotas-obrero-patronales\/\"><span>cuotas obrero patronales<\/span><\/a><span>, esas semanas se van sumando de forma normal haya o no haya prima vacacional en ese periodo.<\/span><\/p>\n<h4 data-start=\"0\" data-end=\"90\">\u00bfC\u00f3mo impacta la prima vacacional en el c\u00e1lculo de salario bruto a neto?<\/h4>\n<p><span>La prima vacacional s\u00ed influye en el c\u00e1lculo del salario que recibe el trabajador... Pero hay que entender bien c\u00f3mo.<\/span><\/p>\n<p><span>Cuando llega el momento de pagar, esta prestaci\u00f3n se a\u00f1ade al <\/span><a href=\"https:\/\/runahr.com\/mx\/recursos\/nomina\/calculadora-salario-neto-o-bruto\/\"><span>salario bruto<\/span><\/a><span> como si fuera un extra. As\u00ed que, ese mes, el trabajador notar\u00e1 que su ingreso es m\u00e1s alto de lo normal. Esto sucede porque se est\u00e1 sumando el dinero que le corresponde por sus vacaciones.<\/span><\/p>\n<p><span>Ahora bien, ese monto no se va limpio al bolsillo. Al formar parte del salario bruto, tambi\u00e9n entra en juego para el c\u00e1lculo de impuestos y otras deducciones. Entonces, aunque el ingreso sube, tambi\u00e9n pueden aumentar las retenciones como el ISR, sobre todo si la prima vacacional supera el l\u00edmite exento (15 <\/span><a href=\"https:\/\/runahr.com\/mx\/recursos\/nomina\/uma\/\"><span>UMA<\/span><\/a><span>, que en 2025 equivalen a $1,697.10).<\/span><\/p>\n<p data-start=\"714\" data-end=\"881\">Si deseas calcular c\u00f3mo la prima vacacional impacta tu salario neto, puedes utilizar nuestra calculadora de <a href=\"https:\/\/runahr.com\/mx\/recursos\/nomina\/calculadora-salario-neto-o-bruto\/\">bruto a neto<\/a> para obtener un c\u00e1lculo exacto de tu pago.<\/p>\n<p><a href=\"https:\/\/recursos.runahr.com\/plantilla-de-control-de-vacaciones\"><img loading=\"lazy\" decoding=\"async\" class=\"alignnone  wp-image-1091966\" src=\"https:\/\/runahr.com\/wp-content\/uploads\/2026\/01\/CMX121-300x118.webp\" alt=\"Descargar Plantilla de control de vacaciones\" width=\"719\" height=\"283\" srcset=\"https:\/\/runahr.com\/wp-content\/uploads\/2026\/01\/CMX121-300x118.webp 300w, https:\/\/runahr.com\/wp-content\/uploads\/2026\/01\/CMX121-1024x404.webp 1024w, https:\/\/runahr.com\/wp-content\/uploads\/2026\/01\/CMX121-768x303.webp 768w, https:\/\/runahr.com\/wp-content\/uploads\/2026\/01\/CMX121-1536x606.webp 1536w, https:\/\/runahr.com\/wp-content\/uploads\/2026\/01\/CMX121-2048x808.webp 2048w\" sizes=\"(max-width: 719px) 100vw, 719px\" \/><\/a><\/p>\n","protected":false},"excerpt":{"rendered":"<p>En medio de tantos pendientes que trae la operaci\u00f3n diaria, hay prestaciones que a veces se ven como tr\u00e1mite. Pero la prima vacacional no es una de ellas. Esta prestaci\u00f3n, m\u00e1s all\u00e1 de ser un derecho que marca la Ley, puede convertirse en una pieza clave para fortalecer la retenci\u00f3n, la cultura y hasta la [&hellip;]<\/p>\n","protected":false},"author":2,"featured_media":291402,"comment_status":"open","ping_status":"open","sticky":false,"template":"","format":"standard","meta":{"_acf_changed":false,"_wp_applaud_exclude":false,"footnotes":""},"categories":[170,190],"tags":[1297,369,364],"class_list":["post-545","post","type-post","status-publish","format-standard","has-post-thumbnail","hentry","category-nomina","category-recursos","tag-articulo","tag-nomina-mx","tag-prima-vacacional-mx"],"acf":[],"yoast_head":"<!-- This site is optimized with the Yoast SEO Premium plugin v26.1 (Yoast SEO v27.5) - https:\/\/yoast.com\/product\/yoast-seo-premium-wordpress\/ -->\n<title>Prima vacacional: \u00bfQu\u00e9 es? \u00bfPara qu\u00e9 sirve? y \u00bfC\u00f3mo calcularlo? | Runa HR<\/title>\n<meta name=\"description\" content=\"Prima vacacional en M\u00e9xico: qu\u00e9 es, c\u00f3mo calcularla, cu\u00e1ndo se paga y por qu\u00e9 es clave para el bienestar y cumplimiento laboral.\" \/>\n<meta name=\"robots\" content=\"index, follow, max-snippet:-1, max-image-preview:large, max-video-preview:-1\" \/>\n<link rel=\"canonical\" href=\"https:\/\/runahr.com\/mx\/recursos\/nomina\/prima-vacacional\/\" \/>\n<meta property=\"og:locale\" content=\"es_MX\" \/>\n<meta property=\"og:type\" content=\"article\" \/>\n<meta property=\"og:title\" content=\"Prima vacacional: \u00bfQu\u00e9 es? \u00bfC\u00f3mo calcularla? | MX | Runa HR\" \/>\n<meta property=\"og:description\" content=\"Prima vacacional en M\u00e9xico: qu\u00e9 es, c\u00f3mo calcularla, cu\u00e1ndo se paga y por qu\u00e9 es clave para el bienestar y cumplimiento laboral.\" \/>\n<meta property=\"og:url\" content=\"https:\/\/runahr.com\/mx\/recursos\/nomina\/prima-vacacional\/\" \/>\n<meta property=\"og:site_name\" content=\"Runa HR\" \/>\n<meta property=\"article:publisher\" content=\"https:\/\/www.facebook.com\/runahr\/\" \/>\n<meta property=\"article:published_time\" content=\"2021-02-08T00:56:40+00:00\" \/>\n<meta property=\"article:modified_time\" content=\"2026-01-27T22:25:41+00:00\" \/>\n<meta property=\"og:image\" content=\"https:\/\/runahr.com\/wp-content\/uploads\/2021\/02\/prima-vacacional.png\" \/>\n\t<meta property=\"og:image:width\" content=\"2048\" \/>\n\t<meta property=\"og:image:height\" content=\"941\" \/>\n\t<meta property=\"og:image:type\" content=\"image\/png\" \/>\n<meta name=\"author\" content=\"Runa HR\" \/>\n<meta name=\"twitter:card\" content=\"summary_large_image\" \/>\n<meta name=\"twitter:title\" content=\"\u00bfQu\u00e9 es la prima vacacional y c\u00f3mo se calcula? | Runa HR\" \/>\n<meta name=\"twitter:description\" content=\"La prima vacacional es un derecho del trabajador previsto en la Ley Federal del Trabajo art\u00edculos N\u00ba76-81. Te explicamos qu\u00e9 es la prima vacacional y c\u00f3mo se calcula.\" \/>\n<meta name=\"twitter:creator\" content=\"@runahr\" \/>\n<meta name=\"twitter:site\" content=\"@runahr\" \/>\n<meta name=\"twitter:label1\" content=\"Escrito por\" \/>\n\t<meta name=\"twitter:data1\" content=\"Runa HR\" \/>\n\t<meta name=\"twitter:label2\" content=\"Tiempo de lectura\" \/>\n\t<meta name=\"twitter:data2\" content=\"17 minutos\" \/>\n<!-- \/ Yoast SEO Premium plugin. -->","yoast_head_json":{"title":"Prima vacacional: \u00bfQu\u00e9 es? \u00bfPara qu\u00e9 sirve? y \u00bfC\u00f3mo calcularlo? | Runa HR","description":"Prima vacacional en M\u00e9xico: qu\u00e9 es, c\u00f3mo calcularla, cu\u00e1ndo se paga y por qu\u00e9 es clave para el bienestar y cumplimiento laboral.","robots":{"index":"index","follow":"follow","max-snippet":"max-snippet:-1","max-image-preview":"max-image-preview:large","max-video-preview":"max-video-preview:-1"},"canonical":"https:\/\/runahr.com\/mx\/recursos\/nomina\/prima-vacacional\/","og_locale":"es_MX","og_type":"article","og_title":"Prima vacacional: \u00bfQu\u00e9 es? \u00bfC\u00f3mo calcularla? | MX | Runa HR","og_description":"Prima vacacional en M\u00e9xico: qu\u00e9 es, c\u00f3mo calcularla, cu\u00e1ndo se paga y por qu\u00e9 es clave para el bienestar y cumplimiento laboral.","og_url":"https:\/\/runahr.com\/mx\/recursos\/nomina\/prima-vacacional\/","og_site_name":"Runa HR","article_publisher":"https:\/\/www.facebook.com\/runahr\/","article_published_time":"2021-02-08T00:56:40+00:00","article_modified_time":"2026-01-27T22:25:41+00:00","og_image":[{"width":2048,"height":941,"url":"https:\/\/runahr.com\/wp-content\/uploads\/2021\/02\/prima-vacacional.png","type":"image\/png"}],"author":"Runa HR","twitter_card":"summary_large_image","twitter_title":"\u00bfQu\u00e9 es la prima vacacional y c\u00f3mo se calcula? | Runa HR","twitter_description":"La prima vacacional es un derecho del trabajador previsto en la Ley Federal del Trabajo art\u00edculos N\u00ba76-81. Te explicamos qu\u00e9 es la prima vacacional y c\u00f3mo se calcula.","twitter_creator":"@runahr","twitter_site":"@runahr","twitter_misc":{"Escrito por":"Runa HR","Tiempo de lectura":"17 minutos"},"schema":{"@context":"https:\/\/schema.org","@graph":[{"@type":"Article","@id":"https:\/\/runahr.com\/mx\/recursos\/nomina\/prima-vacacional\/#article","isPartOf":{"@id":"https:\/\/runahr.com\/mx\/recursos\/nomina\/prima-vacacional\/"},"author":{"name":"Runa HR","@id":"https:\/\/runahr.com\/mx\/#\/schema\/person\/48bc8e24ad03cc8f426d7d8c9867bc83"},"headline":"Prima vacacional: \u00bfQu\u00e9 es? \u00bfC\u00f3mo calcularla?","datePublished":"2021-02-08T00:56:40+00:00","dateModified":"2026-01-27T22:25:41+00:00","mainEntityOfPage":{"@id":"https:\/\/runahr.com\/mx\/recursos\/nomina\/prima-vacacional\/"},"wordCount":3537,"commentCount":0,"publisher":{"@id":"https:\/\/runahr.com\/mx\/#organization"},"image":{"@id":"https:\/\/runahr.com\/mx\/recursos\/nomina\/prima-vacacional\/#primaryimage"},"thumbnailUrl":"https:\/\/runahr.com\/wp-content\/uploads\/2021\/02\/prima-vacacional.png","keywords":["Art\u00edculo","N\u00f3mina","Prima vacacional"],"articleSection":["N\u00f3mina","Recursos"],"inLanguage":"es","potentialAction":[{"@type":"CommentAction","name":"Comment","target":["https:\/\/runahr.com\/mx\/recursos\/nomina\/prima-vacacional\/#respond"]}]},{"@type":"WebPage","@id":"https:\/\/runahr.com\/mx\/recursos\/nomina\/prima-vacacional\/","url":"https:\/\/runahr.com\/mx\/recursos\/nomina\/prima-vacacional\/","name":"Prima vacacional: \u00bfQu\u00e9 es? \u00bfPara qu\u00e9 sirve? y \u00bfC\u00f3mo calcularlo? | Runa HR","isPartOf":{"@id":"https:\/\/runahr.com\/mx\/#website"},"primaryImageOfPage":{"@id":"https:\/\/runahr.com\/mx\/recursos\/nomina\/prima-vacacional\/#primaryimage"},"image":{"@id":"https:\/\/runahr.com\/mx\/recursos\/nomina\/prima-vacacional\/#primaryimage"},"thumbnailUrl":"https:\/\/runahr.com\/wp-content\/uploads\/2021\/02\/prima-vacacional.png","datePublished":"2021-02-08T00:56:40+00:00","dateModified":"2026-01-27T22:25:41+00:00","description":"Prima vacacional en M\u00e9xico: qu\u00e9 es, c\u00f3mo calcularla, cu\u00e1ndo se paga y por qu\u00e9 es clave para el bienestar y cumplimiento laboral.","breadcrumb":{"@id":"https:\/\/runahr.com\/mx\/recursos\/nomina\/prima-vacacional\/#breadcrumb"},"inLanguage":"es","potentialAction":[{"@type":"ReadAction","target":["https:\/\/runahr.com\/mx\/recursos\/nomina\/prima-vacacional\/"]}]},{"@type":"ImageObject","inLanguage":"es","@id":"https:\/\/runahr.com\/mx\/recursos\/nomina\/prima-vacacional\/#primaryimage","url":"https:\/\/runahr.com\/wp-content\/uploads\/2021\/02\/prima-vacacional.png","contentUrl":"https:\/\/runahr.com\/wp-content\/uploads\/2021\/02\/prima-vacacional.png","width":2048,"height":941,"caption":"prima vacacional"},{"@type":"BreadcrumbList","@id":"https:\/\/runahr.com\/mx\/recursos\/nomina\/prima-vacacional\/#breadcrumb","itemListElement":[{"@type":"ListItem","position":1,"name":"Home","item":"https:\/\/runahr.com\/mx\/"},{"@type":"ListItem","position":2,"name":"Recursos","item":"https:\/\/runahr.com\/mx\/category\/recursos\/"},{"@type":"ListItem","position":3,"name":"N\u00f3mina","item":"https:\/\/runahr.com\/mx\/category\/recursos\/nomina\/"},{"@type":"ListItem","position":4,"name":"Prima vacacional: \u00bfQu\u00e9 es? \u00bfC\u00f3mo calcularla?"}]},{"@type":"WebSite","@id":"https:\/\/runahr.com\/mx\/#website","url":"https:\/\/runahr.com\/mx\/","name":"Runa HR","description":"Software de N\u00f3mina y Gesti\u00f3n de RRHH","publisher":{"@id":"https:\/\/runahr.com\/mx\/#organization"},"potentialAction":[{"@type":"SearchAction","target":{"@type":"EntryPoint","urlTemplate":"https:\/\/runahr.com\/mx\/?s={search_term_string}"},"query-input":{"@type":"PropertyValueSpecification","valueRequired":true,"valueName":"search_term_string"}}],"inLanguage":"es"},{"@type":"Organization","@id":"https:\/\/runahr.com\/mx\/#organization","name":"Runa HR","url":"https:\/\/runahr.com\/mx\/","logo":{"@type":"ImageObject","inLanguage":"es","@id":"https:\/\/runahr.com\/mx\/#\/schema\/logo\/image\/","url":"https:\/\/runahr.com\/wp-content\/uploads\/2018\/05\/xDzHFcQY_400x400.jpg","contentUrl":"https:\/\/runahr.com\/wp-content\/uploads\/2018\/05\/xDzHFcQY_400x400.jpg","width":400,"height":400,"caption":"Runa HR"},"image":{"@id":"https:\/\/runahr.com\/mx\/#\/schema\/logo\/image\/"},"sameAs":["https:\/\/www.facebook.com\/runahr\/","https:\/\/x.com\/runahr","https:\/\/www.instagram.com\/runahr\/","https:\/\/mx.linkedin.com\/company\/runahr","https:\/\/www.youtube.com\/channel\/UCAZ21FupFMLIb1c7PPaU6Ew"]},{"@type":"Person","@id":"https:\/\/runahr.com\/mx\/#\/schema\/person\/48bc8e24ad03cc8f426d7d8c9867bc83","name":"Runa HR","image":{"@type":"ImageObject","inLanguage":"es","@id":"https:\/\/secure.gravatar.com\/avatar\/0f5e3da5817edb54f2baf42e521fcc5bf236eed18b9dca62e6fa95f35ad83b5a?s=96&d=mm&r=g","url":"https:\/\/secure.gravatar.com\/avatar\/0f5e3da5817edb54f2baf42e521fcc5bf236eed18b9dca62e6fa95f35ad83b5a?s=96&d=mm&r=g","contentUrl":"https:\/\/secure.gravatar.com\/avatar\/0f5e3da5817edb54f2baf42e521fcc5bf236eed18b9dca62e6fa95f35ad83b5a?s=96&d=mm&r=g","caption":"Runa HR"},"sameAs":["https:\/\/runahr.com"],"url":"https:\/\/runahr.com\/mx\/author\/runahr\/"}]}},"_links":{"self":[{"href":"https:\/\/runahr.com\/mx\/wp-json\/wp\/v2\/posts\/545","targetHints":{"allow":["GET"]}}],"collection":[{"href":"https:\/\/runahr.com\/mx\/wp-json\/wp\/v2\/posts"}],"about":[{"href":"https:\/\/runahr.com\/mx\/wp-json\/wp\/v2\/types\/post"}],"author":[{"embeddable":true,"href":"https:\/\/runahr.com\/mx\/wp-json\/wp\/v2\/users\/2"}],"replies":[{"embeddable":true,"href":"https:\/\/runahr.com\/mx\/wp-json\/wp\/v2\/comments?post=545"}],"version-history":[{"count":0,"href":"https:\/\/runahr.com\/mx\/wp-json\/wp\/v2\/posts\/545\/revisions"}],"wp:featuredmedia":[{"embeddable":true,"href":"https:\/\/runahr.com\/mx\/wp-json\/wp\/v2\/media\/291402"}],"wp:attachment":[{"href":"https:\/\/runahr.com\/mx\/wp-json\/wp\/v2\/media?parent=545"}],"wp:term":[{"taxonomy":"category","embeddable":true,"href":"https:\/\/runahr.com\/mx\/wp-json\/wp\/v2\/categories?post=545"},{"taxonomy":"post_tag","embeddable":true,"href":"https:\/\/runahr.com\/mx\/wp-json\/wp\/v2\/tags?post=545"}],"curies":[{"name":"wp","href":"https:\/\/api.w.org\/{rel}","templated":true}]}}