{"id":938495,"date":"2025-02-02T17:19:13","date_gmt":"2025-02-02T23:19:13","guid":{"rendered":"https:\/\/runahr.com\/?p=938495"},"modified":"2026-01-28T16:06:27","modified_gmt":"2026-01-28T22:06:27","slug":"fuerza-laboral","status":"publish","type":"post","link":"https:\/\/runahr.com\/mx\/recursos\/hr-management\/fuerza-laboral\/","title":{"rendered":"Fuerza laboral: \u00bfQu\u00e9 es? \u00bfCu\u00e1les son sus funciones?"},"content":{"rendered":"<p><span>\u00a0Un informe reciente de la OIT revel\u00f3 que m\u00e1s del 40% de los trabajos actuales requerir\u00e1n habilidades que hoy no existen para el 2030. Este dato evidencia la transformaci\u00f3n de los mercados laborales y la importancia de contar con una fuerza laboral preparada y adaptable. \u00bfQu\u00e9 es la fuerza laboral y por qu\u00e9 es un activo crucial para las organizaciones?<\/span><\/p>\n<h2><span>\u00bfQu\u00e9 es la fuerza laboral?<\/span><\/h2>\n<p><span>La fuerza laboral se refiere al conjunto de personas en edad y condiciones de trabajar que est\u00e1n activas en el <\/span><a href=\"https:\/\/runahr.com\/mx\/recursos\/hr-management\/mercado-laboral\/\"><span>mercado laboral<\/span><\/a><span>, ya sea empleadas o buscando empleo. Este concepto incluye tanto a los trabajadores que realizan actividades remuneradas como a quienes buscan integrarse al mercado. Tambi\u00e9n es un componente fundamental en la econom\u00eda y el desarrollo de las organizaciones. No es solo una cifra, sino un concepto multidimensional que incluye elementos clave como:<\/span><\/p>\n<h3><span>Componentes de la fuerza laboral<\/span><\/h3>\n<p><span>Algunos componentes de la fuerza laboral son:\u00a0<\/span><\/p>\n<ol>\n<li style=\"font-weight: 400;\" aria-level=\"1\"><a href=\"https:\/\/runahr.com\/mx\/recursos\/hr-management\/capital-humano\/\"><b>Capital humano<\/b><\/a><b>: <\/b><span>Representa las habilidades, conocimientos y experiencias adquiridas por los individuos, que los hacen aptos para desempe\u00f1ar diferentes roles laborales.<\/span><\/li>\n<li style=\"font-weight: 400;\" aria-level=\"1\"><b>Demograf\u00eda: <\/b><span>Incluye caracter\u00edsticas como edad, g\u00e9nero, nivel educativo y ubicaci\u00f3n geogr\u00e1fica de los trabajadores, factores que influyen en la composici\u00f3n de la fuerza laboral.<\/span><\/li>\n<li style=\"font-weight: 400;\" aria-level=\"1\"><b>Diversidad: <\/b><span>Hace referencia a la inclusi\u00f3n de personas con diferentes antecedentes culturales, sociales y econ\u00f3micos, promoviendo una fuerza laboral representativa y enriquecida.<\/span><\/li>\n<li style=\"font-weight: 400;\" aria-level=\"1\"><b>Motivaci\u00f3n: <\/b><span>El deseo y la disposici\u00f3n de los trabajadores para contribuir a los objetivos organizacionales, impulsado por factores internos (como el prop\u00f3sito) y externos (como la <\/span><a href=\"https:\/\/runahr.com\/mx\/recursos\/nomina\/remuneraciones\/\"><span>remuneraci\u00f3n<\/span><\/a><span> y los <\/span><a href=\"https:\/\/runahr.com\/mx\/recursos\/nomina\/beneficios\/\"><span>beneficios<\/span><\/a><span>).<\/span><\/li>\n<\/ol>\n<p><span>La fuerza laboral no solo se refiere al n\u00famero de personas disponibles para trabajar, sino tambi\u00e9n a la calidad y diversidad de las habilidades y caracter\u00edsticas que aportan al crecimiento econ\u00f3mico y organizacional.<\/span><\/p>\n<p><a href=\"https:\/\/recursos.runahr.com\/inteligencia-artificial-futuro-trabajo\"><img fetchpriority=\"high\" decoding=\"async\" class=\"alignnone  wp-image-1091526\" src=\"https:\/\/runahr.com\/wp-content\/uploads\/2026\/01\/CMX061-300x118.webp\" alt=\"Descargar Inteligencia artificial y el futuro del trabajo\" width=\"1373\" height=\"540\" srcset=\"https:\/\/runahr.com\/wp-content\/uploads\/2026\/01\/CMX061-300x118.webp 300w, https:\/\/runahr.com\/wp-content\/uploads\/2026\/01\/CMX061-768x301.webp 768w\" sizes=\"(max-width: 1373px) 100vw, 1373px\" \/><\/a><\/p>\n<h2><span>\u00bfCu\u00e1les son las funciones de la fuerza laboral?<\/span><\/h2>\n<p><span>La fuerza laboral es el motor principal de las organizaciones y la econom\u00eda, desempe\u00f1ando roles esenciales para el desarrollo y crecimiento. Estas funciones pueden resumirse en las siguientes categor\u00edas clave:<\/span><\/p>\n<ol>\n<li style=\"font-weight: 400;\" aria-level=\"1\"><strong>Producci\u00f3n de <a href=\"https:\/\/runahr.com\/mx\/recursos\/hr-management\/bienestar\/\">bienes<\/a><\/strong><span><strong> y servicios.<\/strong> En primer t\u00e9rmino es responsable de llevar a cabo las actividades necesarias para la creaci\u00f3n de productos y la prestaci\u00f3n de servicios. Desde la fabricaci\u00f3n hasta la atenci\u00f3n al cliente, cada trabajador contribuye a generar valor para la organizaci\u00f3n y la sociedad.<\/span><\/li>\n<li style=\"font-weight: 400;\" aria-level=\"1\"><strong><a href=\"https:\/\/runahr.com\/mx\/recursos\/nomina\/innovacion\/\">Innovaci\u00f3n<\/a><\/strong><span><strong>.<\/strong> Del mismo modo, los trabajadores aportan nuevas ideas y soluciones que impulsan la <\/span><a href=\"https:\/\/runahr.com\/mx\/recursos\/hr-management\/mejora-continua\/\"><span>mejora continua<\/span><\/a><span> y el desarrollo de productos, procesos y estrategias. La creatividad dentro de la fuerza laboral es esencial para mantener la <\/span><a href=\"https:\/\/runahr.com\/mx\/recursos\/nomina\/competitividad\/\"><span>competitividad<\/span><\/a><span> en mercados din\u00e1micos.<\/span><\/li>\n<li style=\"font-weight: 400;\" aria-level=\"1\"><span><strong><a href=\"https:\/\/runahr.com\/mx\/recursos\/hr-management\/adaptacion-al-cambio\/\">Adaptaci\u00f3n al cambio<\/a>.<\/strong> La capacidad de los empleados para aprender nuevas habilidades y adaptarse a tecnolog\u00edas emergentes o cambios en la industria permite a las empresas mantenerse relevantes y enfrentar retos del entorno.<\/span><\/li>\n<li style=\"font-weight: 400;\" aria-level=\"1\"><span><strong>Crecimiento de la empresa.<\/strong> Por \u00faltimo, contribuye al logro de los objetivos estrat\u00e9gicos mediante la ejecuci\u00f3n de tareas alineadas con la visi\u00f3n organizacional. Un equipo comprometido y bien gestionado puede generar mayores ingresos, expandir mercados y mejorar la <\/span><a href=\"https:\/\/runahr.com\/mx\/recursos\/nomina\/reputacion\/\"><span>reputaci\u00f3n<\/span><\/a><span> corporativa.<\/span><\/li>\n<\/ol>\n<p><span>Estas funciones demuestran que la fuerza laboral no solo es una parte operativa de las organizaciones, sino tambi\u00e9n un pilar estrat\u00e9gico para el \u00e9xito empresarial.<\/span><\/p>\n<h2><span>\u00bfQu\u00e9 beneficios posee la fuerza laboral?<\/span><\/h2>\n<p><span>La fuerza laboral es uno de los activos m\u00e1s valiosos para cualquier organizaci\u00f3n. Su impacto positivo se refleja tanto en las empresas como en los empleados, generando beneficios clave en ambos niveles.<\/span><\/p>\n<h3><span>Para la empresa<\/span><\/h3>\n<ul>\n<li style=\"font-weight: 400;\" aria-level=\"1\"><b>Ventaja competitiva:<\/b><span> Una fuerza laboral capacitada y motivada ofrece habilidades y talentos diferenciadores que posicionan a la empresa por encima de sus competidores.<\/span><\/li>\n<li style=\"font-weight: 400;\" aria-level=\"1\"><b>Mayor <\/b><a href=\"https:\/\/runahr.com\/mx\/recursos\/hr-management\/productividad\/\"><b>productividad<\/b><\/a><b>:<\/b><span> Equipos bien organizados y comprometidos pueden alcanzar niveles m\u00e1s altos de <\/span><a href=\"https:\/\/runahr.com\/mx\/recursos\/hr-management\/eficiencia\/\"><span>eficiencia<\/span><\/a><span>, maximizando los resultados y reduciendo costos operativos.<\/span><\/li>\n<li style=\"font-weight: 400;\" aria-level=\"1\"><b>Innovaci\u00f3n constante:<\/b><span> Los empleados aportan ideas frescas y soluciones creativas que contribuyen al desarrollo de nuevos productos, servicios y procesos.<\/span><\/li>\n<li style=\"font-weight: 400;\" aria-level=\"1\"><b>Adaptabilidad al cambio: <\/b><span>Una fuerza laboral flexible puede responder eficazmente a las demandas del mercado, como cambios tecnol\u00f3gicos, fluctuaciones econ\u00f3micas o nuevas normativas.<\/span><\/li>\n<\/ul>\n<h3><span>Para los empleados<\/span><\/h3>\n<ul>\n<li style=\"font-weight: 400;\" aria-level=\"1\"><a href=\"https:\/\/runahr.com\/mx\/recursos\/hr-management\/desarrollo-profesional\/\"><b>Desarrollo profesional<\/b><\/a><b>:<\/b><span> La oportunidad de adquirir nuevas habilidades y avanzar en sus carreras contribuye a la realizaci\u00f3n personal y profesional de los trabajadores.<\/span><\/li>\n<li style=\"font-weight: 400;\" aria-level=\"1\"><a href=\"https:\/\/runahr.com\/mx\/recursos\/hr-management\/satisfaccion-laboral\/\"><b>Satisfacci\u00f3n laboral<\/b><\/a><b>:<\/b><span> Sentirse valorado, escuchar sus opiniones y participar en decisiones importantes fomenta un sentido de pertenencia y compromiso.<\/span><\/li>\n<li style=\"font-weight: 400;\" aria-level=\"1\"><a href=\"https:\/\/runahr.com\/mx\/recursos\/hr-management\/bienestar\/\"><b>Bienestar<\/b><\/a><b> general:<\/b><span> Un equilibrio saludable entre vida laboral y personal, apoyado por programas de bienestar, contribuye a la felicidad y salud de los empleados.<\/span><\/li>\n<\/ul>\n<p><span>En resumidas cuentas, los beneficios de la fuerza laboral son fundamentales para el \u00e9xito organizacional y el bienestar individual. Invertir en el <\/span><a href=\"https:\/\/runahr.com\/mx\/recursos\/hr-management\/que-implica-la-gestion-del-talento-humano\/\"><span>talento humano<\/span><\/a><span> no solo mejora el <\/span><a href=\"https:\/\/runahr.com\/mx\/recursos\/hr-management\/rendimiento\/\"><span>rendimiento<\/span><\/a><span> empresarial, sino que tambi\u00e9n crea un <\/span><a href=\"https:\/\/runahr.com\/mx\/recursos\/hr-management\/entorno-laboral\/\"><span>entorno laboral<\/span><\/a><span> m\u00e1s satisfactorio y sostenible.<\/span><\/p>\n<h2><span>\u00bfCu\u00e1l es la clasificaci\u00f3n de la fuerza laboral?<\/span><\/h2>\n<p><span>La fuerza laboral puede clasificarse de diversas maneras, dependiendo de las caracter\u00edsticas de los trabajadores y su participaci\u00f3n en la econom\u00eda. Estas clasificaciones permiten analizar su impacto en el mercado laboral y en la sociedad.<\/span><\/p>\n<h3><span>1. Por sector econ\u00f3mico<\/span><\/h3>\n<p><span>Esta clasificaci\u00f3n se basa en las actividades productivas en las que los trabajadores est\u00e1n involucrados:<\/span><\/p>\n<ul>\n<li style=\"font-weight: 400;\" aria-level=\"1\"><b>Sector primario<\/b><span>: Agricultura, ganader\u00eda, pesca, miner\u00eda, y otras actividades relacionadas con la extracci\u00f3n de recursos naturales.<\/span><\/li>\n<li style=\"font-weight: 400;\" aria-level=\"1\"><b>Sector secundario<\/b><span>: Industrias de transformaci\u00f3n, manufactura, construcci\u00f3n y producci\u00f3n industrial.<\/span><\/li>\n<li style=\"font-weight: 400;\" aria-level=\"1\"><b>Sector terciario<\/b><span>: Servicios, comercio, educaci\u00f3n, turismo, tecnolog\u00eda, y otras actividades no relacionadas con la producci\u00f3n de bienes tangibles.<\/span><\/li>\n<\/ul>\n<h3><span>2. Por ocupaci\u00f3n<\/span><\/h3>\n<p><span>De acuerdo con las funciones y roles desempe\u00f1ados:<\/span><\/p>\n<ul>\n<li style=\"font-weight: 400;\" aria-level=\"1\"><b>Profesionales<\/b><span>: Trabajadores con estudios avanzados y habilidades especializadas (m\u00e9dicos, ingenieros, abogados).<\/span><\/li>\n<li style=\"font-weight: 400;\" aria-level=\"1\"><b>T\u00e9cnicos<\/b><span>: Personas con formaci\u00f3n t\u00e9cnica para actividades espec\u00edficas (electricistas, mec\u00e1nicos, programadores).<\/span><\/li>\n<li style=\"font-weight: 400;\" aria-level=\"1\"><b>Obreros y operarios<\/b><span>: Mano de obra en actividades manuales o industriales.<\/span><\/li>\n<li style=\"font-weight: 400;\" aria-level=\"1\"><b>Administrativos<\/b><span>: Personal en \u00e1reas de gesti\u00f3n y soporte administrativo.<\/span><\/li>\n<\/ul>\n<h3><span>3. Por nivel educativo<\/span><\/h3>\n<p><span>Esta clasificaci\u00f3n eval\u00faa la formaci\u00f3n acad\u00e9mica:<\/span><\/p>\n<ul>\n<li style=\"font-weight: 400;\" aria-level=\"1\"><b>Baja<\/b><span>: Sin educaci\u00f3n formal o con nivel b\u00e1sico.<\/span><\/li>\n<li style=\"font-weight: 400;\" aria-level=\"1\"><b>Media<\/b><span>: Educaci\u00f3n media superior, como bachillerato o equivalente.<\/span><\/li>\n<li style=\"font-weight: 400;\" aria-level=\"1\"><b>Alta<\/b><span>: Estudios universitarios o posgrados.<\/span><\/li>\n<\/ul>\n<h3><span>4. Por g\u00e9nero<\/span><\/h3>\n<p><span>Una manera importante de analizar la participaci\u00f3n laboral:<\/span><\/p>\n<ul>\n<li style=\"font-weight: 400;\" aria-level=\"1\"><b>Hombres<\/b><span>: Hist\u00f3ricamente con mayor presencia en el mercado laboral, especialmente en industrias tradicionales.<\/span><\/li>\n<li style=\"font-weight: 400;\" aria-level=\"1\"><b>Mujeres<\/b><span>: Su participaci\u00f3n ha crecido significativamente en diversas \u00e1reas y sectores.<\/span><\/li>\n<\/ul>\n<h3><span>5. Por edad<\/span><\/h3>\n<p><span>La edad de los trabajadores influye en su rol dentro de la organizaci\u00f3n:<\/span><\/p>\n<ul>\n<li style=\"font-weight: 400;\" aria-level=\"1\"><b>J\u00f3venes<\/b><span>: Personas entre 18 y 24 a\u00f1os que suelen estar iniciando su carrera profesional.<\/span><\/li>\n<li style=\"font-weight: 400;\" aria-level=\"1\"><b>Adultos<\/b><span>: Trabajadores con experiencia consolidada y habilidades avanzadas.<\/span><\/li>\n<li style=\"font-weight: 400;\" aria-level=\"1\"><b>Mayores<\/b><span>: Personas en las etapas finales de su carrera o pr\u00f3ximas a la jubilaci\u00f3n.<\/span><\/li>\n<\/ul>\n<p><span>Clasificar la fuerza laboral es esencial para comprender su composici\u00f3n y aprovechar mejor sus talentos y habilidades. Estas categor\u00edas tambi\u00e9n ayudan a dise\u00f1ar estrategias de gesti\u00f3n y pol\u00edticas p\u00fablicas para mejorar la productividad y promover la inclusi\u00f3n en el mercado laboral.<\/span><\/p>\n<p><a href=\"https:\/\/recursos.runahr.com\/guia-de-aprendizaje-y-desarrollo\"><img decoding=\"async\" class=\"alignnone  wp-image-1091206\" src=\"https:\/\/runahr.com\/wp-content\/uploads\/2026\/01\/CMX024-300x119.webp\" alt=\"Descargar gu\u00eda de aprendizaje y desarrollo para equipos\" width=\"1376\" height=\"546\" srcset=\"https:\/\/runahr.com\/wp-content\/uploads\/2026\/01\/CMX024-300x119.webp 300w, https:\/\/runahr.com\/wp-content\/uploads\/2026\/01\/CMX024-1024x405.webp 1024w, https:\/\/runahr.com\/wp-content\/uploads\/2026\/01\/CMX024-768x304.webp 768w\" sizes=\"(max-width: 1376px) 100vw, 1376px\" \/><\/a><\/p>\n<h2><span>\u00bfC\u00f3mo se mide la fuerza laboral?<\/span><\/h2>\n<p><span>Medir la fuerza laboral es esencial para entender la din\u00e1mica del mercado de trabajo y evaluar su impacto en la econom\u00eda. Este an\u00e1lisis se realiza a trav\u00e9s de indicadores cuantitativos y cualitativos, que reflejan tanto el tama\u00f1o como la calidad de la fuerza laboral.<\/span><\/p>\n<h3><span>Indicadores cuantitativos<\/span><\/h3>\n<p><span>Estos datos num\u00e9ricos permiten evaluar aspectos objetivos de la fuerza laboral:<\/span><\/p>\n<ul>\n<li style=\"font-weight: 400;\" aria-level=\"1\"><b>Tama\u00f1o de la fuerza laboral:<\/b><span> N\u00famero total de personas en edad de trabajar que est\u00e1n empleadas o buscando empleo activamente. Ejemplo: En M\u00e9xico, seg\u00fan el INEGI, la Poblaci\u00f3n Econ\u00f3micamente Activa (PEA) es un indicador clave.<\/span><\/li>\n<li style=\"font-weight: 400;\" aria-level=\"1\"><b>Tasa de rotaci\u00f3n: <\/b><span>Porcentaje de empleados que ingresan y salen de una empresa durante un per\u00edodo espec\u00edfico. La alta rotaci\u00f3n puede indicar problemas de satisfacci\u00f3n laboral o falta de estabilidad en la organizaci\u00f3n.<\/span><\/li>\n<li style=\"font-weight: 400;\" aria-level=\"1\"><b>Productividad por empleado:<\/b><span> Cantidad de bienes o servicios producidos por empleado en un per\u00edodo de tiempo. Mide la eficiencia de la fuerza laboral y su contribuci\u00f3n al valor de la empresa.<\/span><\/li>\n<li style=\"font-weight: 400;\" aria-level=\"1\"><b>Costo por empleado:<\/b><span> Incluye salarios, beneficios, impuestos laborales y otros costos asociados a la <\/span><a href=\"https:\/\/runahr.com\/mx\/recursos\/hr-management\/contratacion\/\"><span>contrataci\u00f3n<\/span><\/a><span>. Ayuda a evaluar el impacto financiero de la fuerza laboral en la organizaci\u00f3n.<\/span><\/li>\n<\/ul>\n<h3><span>Indicadores cualitativos<\/span><\/h3>\n<p><span>Por otro lado, estos reflejan percepciones, habilidades y motivaciones de los empleados:<\/span><\/p>\n<ul>\n<li style=\"font-weight: 400;\" aria-level=\"1\"><b>Satisfacci\u00f3n laboral: <\/b><span>Nivel de satisfacci\u00f3n y bienestar de los empleados en su entorno de trabajo. Se mide a trav\u00e9s de encuestas internas o entrevistas.<\/span><\/li>\n<li style=\"font-weight: 400;\" aria-level=\"1\"><b>Compromiso organizacional: <\/b><span>Grado de lealtad y disposici\u00f3n de los empleados para trabajar en pro de los objetivos de la empresa. Los empleados comprometidos suelen tener mayor productividad y menos ausentismo.<\/span><\/li>\n<li style=\"font-weight: 400;\" aria-level=\"1\"><b>Nivel de habilidades:<\/b><span> Competencias y capacidades t\u00e9cnicas y blandas de los empleados. Se eval\u00faan mediante pruebas de aptitudes, programas de formaci\u00f3n y certificaciones.<\/span><\/li>\n<li style=\"font-weight: 400;\" aria-level=\"1\"><b>Diversidad: <\/b><span>Variedad de g\u00e9nero, edad, origen \u00e9tnico y habilidades en la fuerza laboral. Promueve la inclusi\u00f3n y fomenta la innovaci\u00f3n a trav\u00e9s de diferentes perspectivas.<\/span><\/li>\n<\/ul>\n<p><span>Para concluir, medir la fuerza laboral implica un an\u00e1lisis integral que combina aspectos cuantitativos y cualitativos. Este enfoque permite a las empresas y gobiernos identificar \u00e1reas de mejora, dise\u00f1ar estrategias de capacitaci\u00f3n, y garantizar que la fuerza laboral est\u00e9 preparada para enfrentar los desaf\u00edos del mercado.<\/span><\/p>\n<h2><span>\u00bfC\u00f3mo medir la planificaci\u00f3n de la fuerza laboral?<\/span><\/h2>\n<p><span>La planificaci\u00f3n de la fuerza laboral es un proceso estrat\u00e9gico que permite a las organizaciones prever y gestionar sus necesidades de personal a corto y largo plazo. Medir su efectividad implica evaluar tanto la demanda como la oferta de talento y dise\u00f1ar planes de acci\u00f3n para cerrar las brechas identificadas.<\/span><\/p>\n<h3><span>An\u00e1lisis de la demanda<\/span><\/h3>\n<p><span>Proyecci\u00f3n de las necesidades futuras de personal basadas en:<\/span><\/p>\n<ul>\n<li style=\"font-weight: 400;\" aria-level=\"1\"><b>Crecimiento empresarial<\/b><span>: \u00bfCu\u00e1ntos empleados se requerir\u00e1n para sostener las metas de expansi\u00f3n?<\/span><\/li>\n<li style=\"font-weight: 400;\" aria-level=\"1\"><b>Cambios tecnol\u00f3gicos<\/b><span>: \u00bfQu\u00e9 habilidades nuevas ser\u00e1n necesarias debido a la digitalizaci\u00f3n o automatizaci\u00f3n?<\/span><\/li>\n<li style=\"font-weight: 400;\" aria-level=\"1\"><b>Rotaci\u00f3n esperada<\/b><span>: \u00bfQu\u00e9 porcentaje de la fuerza laboral podr\u00eda dejar la empresa?<\/span><\/li>\n<li style=\"font-weight: 400;\" aria-level=\"1\"><b>Picos estacionales<\/b><span>: \u00bfCu\u00e1ndo se necesitan m\u00e1s empleados para cubrir periodos de alta demanda?<\/span><\/li>\n<\/ul>\n<p><b>Ejemplo<\/b><span>: Una empresa de retail podr\u00eda prever un aumento en la demanda de trabajadores temporales durante la temporada navide\u00f1a.<\/span><\/p>\n<h3><span>An\u00e1lisis de la oferta<\/span><\/h3>\n<p><span>Evaluaci\u00f3n de las competencias actuales y futuras del personal:<\/span><\/p>\n<ul>\n<li style=\"font-weight: 400;\" aria-level=\"1\"><b>Inventario de habilidades<\/b><span>: Registro de las capacidades existentes dentro de la organizaci\u00f3n.<\/span><\/li>\n<li style=\"font-weight: 400;\" aria-level=\"1\"><b>Disponibilidad externa<\/b><span>: Evaluaci\u00f3n del mercado laboral para identificar la facilidad de encontrar talento especializado.<\/span><\/li>\n<li style=\"font-weight: 400;\" aria-level=\"1\"><b>Planes de sucesi\u00f3n<\/b><span>: Identificaci\u00f3n de empleados que puedan ocupar roles clave en el futuro.<\/span><\/li>\n<\/ul>\n<p><b>Herramientas \u00fatiles<\/b><span>: Bases de datos internas, an\u00e1lisis de desempe\u00f1o, y observaci\u00f3n de tendencias en el mercado.<\/span><\/p>\n<h3><span>Gap Analysis (An\u00e1lisis de brechas)<\/span><\/h3>\n<p><span>Comparaci\u00f3n entre la demanda y la oferta para detectar discrepancias:<\/span><\/p>\n<ul>\n<li style=\"font-weight: 400;\" aria-level=\"1\"><b>Brechas de habilidades<\/b><span>: \u00bfQu\u00e9 conocimientos o competencias faltan en la organizaci\u00f3n?<\/span><\/li>\n<li style=\"font-weight: 400;\" aria-level=\"1\"><b>Deficiencias de personal<\/b><span>: \u00bfCu\u00e1ntos empleados adicionales se necesitan para cumplir los objetivos?<\/span><\/li>\n<li style=\"font-weight: 400;\" aria-level=\"1\"><b>Desajustes en roles<\/b><span>: \u00bfHay empleados en puestos que no maximizan sus habilidades?<\/span><\/li>\n<\/ul>\n<p><b>Ejemplo<\/b><span>: Si una empresa de tecnolog\u00eda requiere expertos en inteligencia artificial y la fuerza laboral actual carece de esta especializaci\u00f3n, se identifica una brecha.<\/span><\/p>\n<h2><span>\u00bfQu\u00e9 papel desempe\u00f1an los recursos humanos frente a la fuerza laboral?<\/span><\/h2>\n<p><span>El \u00e1rea de <\/span><a href=\"https:\/\/runahr.com\/mx\/recursos\/hr-management\/recursos-humanos-en-una-empresa\/\"><span>recursos humanos<\/span><\/a><span> juega un papel estrat\u00e9gico en la gesti\u00f3n de la fuerza laboral, asegurando que la organizaci\u00f3n cuente con el talento adecuado, motivado y alineado con los objetivos empresariales. RRHH contribuye al desarrollo, bienestar y desempe\u00f1o de los empleados, maximizando su valor como activo clave.<\/span><\/p>\n<h3><span>Reclutamiento y selecci\u00f3n<\/span><\/h3>\n<p><span>RRHH identifica, atrae y contrata a los mejores talentos para cubrir las necesidades de la organizaci\u00f3n.<\/span><\/p>\n<ul>\n<li style=\"font-weight: 400;\" aria-level=\"1\"><b>An\u00e1lisis de perfiles<\/b><span>: Definici\u00f3n clara de los roles y competencias requeridas.<\/span><\/li>\n<li style=\"font-weight: 400;\" aria-level=\"1\"><b>Canales de reclutamiento<\/b><span>: Uso de plataformas como LinkedIn, ferias de empleo, y bases de datos internas.<\/span><\/li>\n<li style=\"font-weight: 400;\" aria-level=\"1\"><b>Evaluaci\u00f3n de candidatos<\/b><span>: Entrevistas, pruebas psicom\u00e9tricas y din\u00e1micas para seleccionar a los m\u00e1s aptos.<\/span><\/li>\n<\/ul>\n<p><b>Ejemplo<\/b><span>: Una empresa en expansi\u00f3n puede recurrir a RRHH para formar un equipo especializado en nuevas \u00e1reas tecnol\u00f3gicas.<\/span><\/p>\n<h3><span>Desarrollo de talento<\/span><\/h3>\n<p><span>El crecimiento profesional de los empleados es clave para mantener una fuerza laboral competitiva.<\/span><\/p>\n<ul>\n<li style=\"font-weight: 400;\" aria-level=\"1\"><a href=\"https:\/\/runahr.com\/mx\/recursos\/hr-management\/capacitacion\/\"><b>Capacitaci\u00f3n<\/b><\/a><b> y <\/b><a href=\"https:\/\/runahr.com\/mx\/recursos\/hr-management\/formacion\/\"><b>formaci\u00f3n<\/b><\/a><span>: Programas para adquirir nuevas habilidades o reforzar las existentes.<\/span><\/li>\n<li style=\"font-weight: 400;\" aria-level=\"1\"><a href=\"https:\/\/runahr.com\/mx\/recursos\/hr-management\/plan-de-carrera\/\"><b>Planes de carrera<\/b><\/a><span>: Dise\u00f1o de rutas de crecimiento dentro de la organizaci\u00f3n.<\/span><\/li>\n<li style=\"font-weight: 400;\" aria-level=\"1\"><a href=\"https:\/\/runahr.com\/mx\/recursos\/hr-management\/mentoria\/\"><b>Mentor\u00eda<\/b><\/a><b> y <\/b><a href=\"https:\/\/runahr.com\/mx\/recursos\/hr-management\/coaching\/\"><b>coaching<\/b><\/a><span>: Acompa\u00f1amiento personalizado para potenciar el desempe\u00f1o.<\/span><\/li>\n<\/ul>\n<p><b>Impacto<\/b><span>: Los empleados capacitados se sienten m\u00e1s valorados y preparados para afrontar retos laborales.<\/span><\/p>\n<h3><span>Gesti\u00f3n del desempe\u00f1o<\/span><\/h3>\n<p><span>Evaluar el <\/span><a href=\"https:\/\/runahr.com\/mx\/recursos\/hr-management\/desempeno\/\"><span>desempe\u00f1o<\/span><\/a><span> y mejorar el rendimiento de los empleados es esencial para alcanzar los objetivos organizacionales.<\/span><\/p>\n<ul>\n<li style=\"font-weight: 400;\" aria-level=\"1\"><b>Evaluaciones peri\u00f3dicas<\/b><span>: Revisi\u00f3n de metas, logros y \u00e1reas de oportunidad.<\/span><\/li>\n<li style=\"font-weight: 400;\" aria-level=\"1\"><a href=\"https:\/\/runahr.com\/mx\/recursos\/hr-management\/feedback\/\"><b>Feedback<\/b><\/a><b> continuo<\/b><span>: Retroalimentaci\u00f3n constructiva para mejorar habilidades y resultados.<\/span><\/li>\n<li style=\"font-weight: 400;\" aria-level=\"1\"><a href=\"https:\/\/runahr.com\/mx\/recursos\/hr-management\/reconocimiento\/\"><b>Reconocimientos<\/b><\/a><b> e <\/b><a href=\"https:\/\/runahr.com\/mx\/recursos\/hr-management\/incentivos\/\"><b>incentivos<\/b><\/a><span>: Recompensas que motivan el esfuerzo y la excelencia.<\/span><\/li>\n<\/ul>\n<p><b>Ejemplo<\/b><span>: Implementar un programa de \"Empleado del mes\" puede incentivar a los colaboradores a superar sus metas.<\/span><\/p>\n<h3><span>Relaciones laborales<\/span><\/h3>\n<p><span>RRHH act\u00faa como mediador entre los empleados y la empresa para garantizar un ambiente de trabajo saludable.<\/span><\/p>\n<ul>\n<li style=\"font-weight: 400;\" aria-level=\"1\"><b>Gesti\u00f3n de <\/b><a href=\"https:\/\/runahr.com\/mx\/recursos\/hr-management\/conflictos-laborales\/\"><b>conflictos<\/b><\/a><span>: Resoluci\u00f3n de desacuerdos mediante di\u00e1logo y negociaci\u00f3n.<\/span><\/li>\n<li style=\"font-weight: 400;\" aria-level=\"1\"><b>Cumplimiento legal<\/b><span>: Asegurar que las pr\u00e1cticas laborales est\u00e9n alineadas con las leyes y regulaciones.<\/span><\/li>\n<li style=\"font-weight: 400;\" aria-level=\"1\"><b>Representaci\u00f3n de los empleados<\/b><span>: Facilitar la comunicaci\u00f3n entre los colaboradores y la direcci\u00f3n.<\/span><\/li>\n<\/ul>\n<h3><span>Bienestar laboral<\/span><\/h3>\n<p><span>Fomentar un entorno de trabajo positivo y equilibrado es fundamental para el \u00e9xito organizacional.<\/span><\/p>\n<ul>\n<li style=\"font-weight: 400;\" aria-level=\"1\"><b>Salud y seguridad<\/b><span>: Implementaci\u00f3n de medidas para garantizar la integridad f\u00edsica y mental de los empleados.<\/span><\/li>\n<li style=\"font-weight: 400;\" aria-level=\"1\"><b>Equilibrio vida-trabajo<\/b><span>: Pol\u00edticas que promuevan horarios flexibles y beneficios como d\u00edas libres adicionales.<\/span><\/li>\n<li style=\"font-weight: 400;\" aria-level=\"1\"><a href=\"https:\/\/runahr.com\/mx\/recursos\/hr-management\/programa-de-bienestar\/\"><b>Programas de bienestar<\/b><\/a><span>: Actividades como yoga, asesor\u00eda psicol\u00f3gica o incentivos saludables.<\/span><\/li>\n<\/ul>\n<p><b>Beneficio<\/b><span>: Una fuerza laboral sana y motivada es m\u00e1s productiva y leal a la organizaci\u00f3n.<\/span><\/p>\n<p><span>En resumen, recursos humanos es el puente entre los objetivos de la empresa y las necesidades de los empleados. Su enfoque en el <\/span><a href=\"https:\/\/runahr.com\/mx\/recursos\/hr-management\/reclutamiento\/\"><span>reclutamiento<\/span><\/a><span>, desarrollo, desempe\u00f1o, relaciones laborales y bienestar permite construir una fuerza laboral s\u00f3lida, motivada y preparada para enfrentar los retos del entorno empresarial. Esto convierte a RRHH en un socio estrat\u00e9gico indispensable para el \u00e9xito organizacional.<\/span><\/p>\n<p><a href=\"https:\/\/recursos.runahr.com\/performance-improvement-plan\"><img decoding=\"async\" class=\"alignnone  wp-image-1091950\" src=\"https:\/\/runahr.com\/wp-content\/uploads\/2026\/01\/CMX119-300x119.webp\" alt=\"Descargar Performance Improvement Plan (PIP)\" width=\"1371\" height=\"544\" srcset=\"https:\/\/runahr.com\/wp-content\/uploads\/2026\/01\/CMX119-300x119.webp 300w, https:\/\/runahr.com\/wp-content\/uploads\/2026\/01\/CMX119-1024x405.webp 1024w, https:\/\/runahr.com\/wp-content\/uploads\/2026\/01\/CMX119-768x304.webp 768w\" sizes=\"(max-width: 1371px) 100vw, 1371px\" \/><\/a><\/p>\n<h2><span>\u00bfPuede la fuerza laboral modificar el ambiente laboral?<\/span><\/h2>\n<p><span>S\u00ed, la fuerza laboral tiene un impacto directo y significativo en el <\/span><a href=\"https:\/\/runahr.com\/mx\/recursos\/hr-management\/ambiente-laboral\/\"><span>ambiente laboral<\/span><\/a><span>. <\/span>Los empleados, con sus comportamientos, actitudes y valores, transforman la din\u00e1mica del lugar de trabajo, influyendo en la productividad, la innovaci\u00f3n y la cultura organizacional. Se explican las principales formas en que esto ocurre:<\/p>\n<h3><span>Cultura organizacional<\/span><\/h3>\n<p><span>La fuerza laboral es el principal motor de la <\/span><a href=\"https:\/\/runahr.com\/mx\/recursos\/hr-management\/cultura-organizacional\/\"><span>cultura organizacional<\/span><\/a><span>, que se refleja en los valores, creencias y comportamientos compartidos dentro de una empresa.<\/span><\/p>\n<ul>\n<li style=\"font-weight: 400;\" aria-level=\"1\"><b>Influencia positiva<\/b><span>: Colaboradores con valores s\u00f3lidos y actitud proactiva fomentan un entorno colaborativo y \u00e9tico.<\/span><\/li>\n<li style=\"font-weight: 400;\" aria-level=\"1\"><b>Cambio cultural<\/b><span>: Nuevas generaciones y diversidad en la fuerza laboral pueden traer ideas frescas que redefinan los valores y pr\u00e1cticas organizacionales.<\/span><\/li>\n<\/ul>\n<h3><span>Clima laboral<\/span><\/h3>\n<p><span>Por otro lado, el <\/span><a href=\"https:\/\/runahr.com\/mx\/recursos\/hr-management\/clima-laboral\/\"><span>clima laboral<\/span><\/a><span>, que se refiere a la percepci\u00f3n de los empleados sobre su entorno de trabajo, es directamente afectado por la interacci\u00f3n entre los colaboradores y la empresa.<\/span><\/p>\n<ul>\n<li style=\"font-weight: 400;\" aria-level=\"1\"><b>Relaciones interpersonales<\/b><span>: Equipos bien integrados y con comunicaci\u00f3n abierta promueven un ambiente laboral positivo.<\/span><\/li>\n<li style=\"font-weight: 400;\" aria-level=\"1\"><b>Resoluci\u00f3n de conflictos<\/b><span>: Una fuerza laboral comprometida busca soluciones en lugar de escalar problemas.<\/span><\/li>\n<\/ul>\n<h3><span>Innovaci\u00f3n<\/span><\/h3>\n<p><span>Como sigue, los empleados son una fuente inagotable de ideas y soluciones creativas que pueden transformar procesos, productos y servicios.<\/span><\/p>\n<ul>\n<li style=\"font-weight: 400;\" aria-level=\"1\"><b>Propuestas de mejora<\/b><span>: Los colaboradores que se sienten escuchados y valorados contribuyen con ideas para optimizar el trabajo.<\/span><\/li>\n<li style=\"font-weight: 400;\" aria-level=\"1\"><b>Colaboraci\u00f3n transversal<\/b><span>: Equipos diversos promueven la innovaci\u00f3n al combinar distintas perspectivas.<\/span><\/li>\n<\/ul>\n<h3><span>Productividad<\/span><\/h3>\n<p><span>Asimismo la actitud y compromiso de la fuerza laboral influyen directamente en la eficiencia y eficacia de las operaciones diarias.<\/span><\/p>\n<ul>\n<li style=\"font-weight: 400;\" aria-level=\"1\"><b>Motivaci\u00f3n<\/b><span>: Empleados motivados trabajan con mayor dedicaci\u00f3n y cuidado.<\/span><\/li>\n<li style=\"font-weight: 400;\" aria-level=\"1\"><b>Esfuerzo colectivo<\/b><span>: Una fuerza laboral cohesionada es m\u00e1s capaz de alcanzar metas ambiciosas.<\/span><\/li>\n<\/ul>\n<h3><span>Factores que potencian el impacto de la fuerza laboral en el ambiente laboral<\/span><\/h3>\n<p>En conclusi\u00f3n, la fuerza laboral responde al ambiente laboral existente y lo transforma activamente. Su interacci\u00f3n, motivaci\u00f3n y contribuciones mejoran la cultura, el clima, la innovaci\u00f3n y la productividad de una organizaci\u00f3n. Las empresas deben fomentar un entorno inclusivo con oportunidades de desarrollo y canales de comunicaci\u00f3n efectivos. Se construye un espacio laboral donde los colaboradores y la empresa prosperan.<\/p>\n<p>Su capacidad para adaptarse a los cambios, innovar y contribuir al crecimiento empresarial la convierte en un recurso invaluable. Las organizaciones enfrentan desaf\u00edos como la automatizaci\u00f3n y la globalizaci\u00f3n, lo que destaca la necesidad de gestionar este recurso de manera estrat\u00e9gica.<\/p>\n<p><span>Por lo que invertir en capacitaci\u00f3n, fomentar el bienestar y promover la inclusi\u00f3n son claves para gestionar eficazmente la fuerza laboral y asegurar el \u00e9xito organizacional.<\/span><\/p>\n<p><a href=\"https:\/\/recursos.runahr.com\/guia-de-sueldos-en-mexico\"><img loading=\"lazy\" decoding=\"async\" class=\"alignnone  wp-image-1091398\" src=\"https:\/\/runahr.com\/wp-content\/uploads\/2026\/01\/CMX046-300x119.webp\" alt=\"Descargar Gu\u00eda de sueldos en M\u00e9xico\" width=\"1374\" height=\"545\" srcset=\"https:\/\/runahr.com\/wp-content\/uploads\/2026\/01\/CMX046-300x119.webp 300w, https:\/\/runahr.com\/wp-content\/uploads\/2026\/01\/CMX046-1024x405.webp 1024w, https:\/\/runahr.com\/wp-content\/uploads\/2026\/01\/CMX046-768x304.webp 768w\" sizes=\"(max-width: 1374px) 100vw, 1374px\" \/><\/a><\/p>\n<h2><span>Preguntas frecuentes\u00a0<\/span><\/h2>\n<h4><span>\u00bfQu\u00e9 es la evaluaci\u00f3n 9 box y c\u00f3mo se relaciona con la fuerza laboral?\u00a0<\/span><\/h4>\n<p><span>La evaluaci\u00f3n <\/span><a href=\"https:\/\/runahr.com\/mx\/recursos\/hr-management\/9-box\/\"><span>9 box<\/span><\/a><span> es una herramienta de recursos humanos que permite clasificar a los empleados en una matriz de desempe\u00f1o y potencial. Es crucial para la gesti\u00f3n de la fuerza laboral, ya que ayuda a identificar talentos clave, planificar el <\/span><a href=\"https:\/\/runahr.com\/mx\/recursos\/hr-management\/desarrollo-profesional\/\"><span>desarrollo profesional<\/span><\/a><span> y tomar decisiones estrat\u00e9gicas sobre promociones y sucesiones.<\/span><\/p>\n<h4><span>\u00bfC\u00f3mo afecta la carta de recomendaci\u00f3n al desarrollo de la fuerza laboral?\u00a0<\/span><\/h4>\n<p><span>La <\/span><a href=\"https:\/\/runahr.com\/mx\/recursos\/hr-management\/carta-de-recomendacion\/\"><span>carta de recomendaci\u00f3n<\/span><\/a><span> es un documento que valida las habilidades, conocimientos y experiencia de un empleado. Por lo que es esencial en procesos de <\/span><a href=\"https:\/\/runahr.com\/mx\/recursos\/hr-management\/seleccion-de-personal\/\"><span>selecci\u00f3n de personal<\/span><\/a><span>, ya que facilita a los empleados acceder a mejores oportunidades laborales, contribuyendo a su <\/span><a href=\"https:\/\/runahr.com\/mx\/recursos\/hr-management\/crecimiento-profesional\/\"><span>crecimiento profesional<\/span><\/a><span> y al fortalecimiento de la fuerza laboral de una organizaci\u00f3n.<\/span><\/p>\n<h4><span>\u00bfQu\u00e9 papel juega el derecho laboral en la protecci\u00f3n de la fuerza laboral?\u00a0<\/span><\/h4>\n<p><span>El <\/span><a href=\"https:\/\/runahr.com\/mx\/recursos\/aspectos-legales\/derecho-laboral\/\"><span>derecho laboral<\/span><\/a><span> establece las normas y garant\u00edas que regulan la relaci\u00f3n entre empleadores y empleados, asegurando condiciones justas de trabajo. Esto incluye aspectos como la <\/span><a href=\"https:\/\/runahr.com\/mx\/recursos\/nomina\/remuneraciones\/\"><span>remuneraci\u00f3n<\/span><\/a><span>, <\/span><a href=\"https:\/\/runahr.com\/mx\/recursos\/nomina\/jornadas-laborales\/\"><span>jornadas laborales<\/span><\/a><span> y derechos sociales, protegiendo a la fuerza laboral de abusos y promoviendo un <\/span><a href=\"https:\/\/runahr.com\/mx\/recursos\/hr-management\/ambiente-laboral\/\"><span>ambiente laboral<\/span><\/a><span> equitativo.<\/span><\/p>\n<h4><span>\u00bfC\u00f3mo impacta el estr\u00e9s laboral en el desempe\u00f1o de la fuerza laboral?\u00a0<\/span><\/h4>\n<p><span>El <\/span><a href=\"https:\/\/runahr.com\/mx\/recursos\/hr-management\/estres-laboral\/\"><span>estr\u00e9s laboral<\/span><\/a><span> puede reducir la <\/span><a href=\"https:\/\/runahr.com\/mx\/recursos\/hr-management\/productividad\/\"><span>productividad<\/span><\/a><span>, aumentar la <\/span><a href=\"https:\/\/runahr.com\/mx\/recursos\/hr-management\/que-es-la-rotacion-personal\/\"><span>rotaci\u00f3n<\/span><\/a><span> y afectar el bienestar f\u00edsico y emocional de los empleados. Entonces, una fuerza laboral bajo estr\u00e9s constante es menos eficiente, lo que resalta la importancia de implementar pol\u00edticas de bienestar y apoyo en el lugar de trabajo.<\/span><\/p>\n<h4><span>\u00bfQu\u00e9 es la evaluaci\u00f3n de desempe\u00f1o y por qu\u00e9 es importante para la fuerza laboral?<\/span><\/h4>\n<p><span>La <\/span><a href=\"https:\/\/runahr.com\/mx\/recursos\/hr-management\/evaluacion-de-desempeno\/\"><span>evaluaci\u00f3n de desempe\u00f1o<\/span><\/a><span> es un proceso sistem\u00e1tico que mide el cumplimiento de los objetivos y el rendimiento de los empleados. Siendo fundamental para la gesti\u00f3n de la fuerza laboral. Ya que identifica fortalezas y \u00e1reas de mejora, facilitando el desarrollo profesional y la alineaci\u00f3n con los objetivos organizacionales.<\/span><\/p>\n<h4><span>\u00bfC\u00f3mo beneficia FONACOT a la fuerza laboral?<\/span><\/h4>\n<p><span>El <\/span><a href=\"https:\/\/runahr.com\/mx\/recursos\/nomina\/fonacot\/\"><span>FONACOT<\/span><\/a><span> ofrece cr\u00e9ditos accesibles a los trabajadores formales para mejorar su calidad de vida. Esto contribuye al bienestar financiero de la fuerza laboral, lo que a su vez mejora la satisfacci\u00f3n y el compromiso de los empleados con sus empleadores.<\/span><\/p>\n<h4><span>\u00bfC\u00f3mo influye el impuesto sobre n\u00f3mina en la gesti\u00f3n de la fuerza laboral?\u00a0<\/span><\/h4>\n<p><span>El <\/span><a href=\"https:\/\/runahr.com\/mx\/recursos\/nomina\/impuesto-sobre-nomina\/\"><span>impuesto sobre n\u00f3mina<\/span><\/a><span> es un gravamen que las empresas pagan por los salarios de sus empleados. As\u00ed que su correcta gesti\u00f3n es vital para evitar sanciones y garantizar la estabilidad financiera de la organizaci\u00f3n. Lo que repercute en la seguridad laboral de los empleados.<\/span><\/p>\n<h4><span>\u00bfPor qu\u00e9 es importante la jornada laboral para el equilibrio de la fuerza laboral?\u00a0<\/span><\/h4>\n<p><span>La <\/span><a href=\"https:\/\/runahr.com\/mx\/recursos\/nomina\/jornadas-laborales\/\"><span>jornada laboral<\/span><\/a><span> establece los horarios de trabajo y descanso de los empleados. Ya que un equilibrio adecuado en las jornadas es esencial para mantener la <\/span><a href=\"https:\/\/runahr.com\/mx\/recursos\/hr-management\/productividad\/\"><span>productividad<\/span><\/a><span>, reducir el estr\u00e9s y fomentar un ambiente laboral saludable, contribuyendo al bienestar general de la fuerza laboral.<\/span><\/p>\n","protected":false},"excerpt":{"rendered":"<p>\u00a0Un informe reciente de la OIT revel\u00f3 que m\u00e1s del 40% de los trabajos actuales requerir\u00e1n habilidades que hoy no existen para el 2030. Este dato evidencia la transformaci\u00f3n de los mercados laborales y la importancia de contar con una fuerza laboral preparada y adaptable. \u00bfQu\u00e9 es la fuerza laboral y por qu\u00e9 es un [&hellip;]<\/p>\n","protected":false},"author":87,"featured_media":1068494,"comment_status":"closed","ping_status":"closed","sticky":false,"template":"","format":"standard","meta":{"_acf_changed":false,"_wp_applaud_exclude":false,"footnotes":""},"categories":[189,190],"tags":[1297,834,1532],"class_list":["post-938495","post","type-post","status-publish","format-standard","has-post-thumbnail","hentry","category-hr-management","category-recursos","tag-articulo","tag-hr-management","tag-reduccion-de-jornada-laboral"],"acf":[],"yoast_head":"<!-- This site is optimized with the Yoast SEO Premium plugin v26.1 (Yoast SEO v27.4) - https:\/\/yoast.com\/product\/yoast-seo-premium-wordpress\/ -->\n<title>Fuerza laboral: \u00bfQu\u00e9 es? \u00bfCu\u00e1les son sus funciones? | MX | Runa HR<\/title>\n<meta name=\"description\" content=\"\u00bfQu\u00e9 es la fuerza laboral? Conoce en qu\u00e9 consiste, cu\u00e1les son sus funciones y c\u00f3mo se mide la planificaci\u00f3n en la fuerza laboral.\" \/>\n<meta name=\"robots\" content=\"index, follow, max-snippet:-1, max-image-preview:large, max-video-preview:-1\" \/>\n<link rel=\"canonical\" href=\"https:\/\/runahr.com\/mx\/recursos\/hr-management\/fuerza-laboral\/\" \/>\n<meta property=\"og:locale\" content=\"es_MX\" \/>\n<meta property=\"og:type\" content=\"article\" \/>\n<meta property=\"og:title\" content=\"Fuerza laboral: \u00bfQu\u00e9 es? \u00bfCu\u00e1les son sus funciones? | MX | Runa HR\" \/>\n<meta property=\"og:description\" content=\"\u00bfQu\u00e9 es la fuerza laboral? Conoce en qu\u00e9 consiste, cu\u00e1les son sus funciones y c\u00f3mo se mide la planificaci\u00f3n en la fuerza laboral.\" \/>\n<meta property=\"og:url\" content=\"https:\/\/runahr.com\/mx\/recursos\/hr-management\/fuerza-laboral\/\" \/>\n<meta property=\"og:site_name\" content=\"Runa HR\" \/>\n<meta property=\"article:publisher\" content=\"https:\/\/www.facebook.com\/runahr\/\" \/>\n<meta property=\"article:published_time\" content=\"2025-02-02T23:19:13+00:00\" \/>\n<meta property=\"article:modified_time\" content=\"2026-01-28T22:06:27+00:00\" \/>\n<meta property=\"og:image\" content=\"https:\/\/runahr.com\/wp-content\/uploads\/2025\/09\/fuerza-laboral-1.png\" \/>\n\t<meta property=\"og:image:width\" content=\"1090\" \/>\n\t<meta property=\"og:image:height\" content=\"440\" \/>\n\t<meta property=\"og:image:type\" content=\"image\/png\" \/>\n<meta name=\"author\" content=\"it-tools\" \/>\n<meta name=\"twitter:card\" content=\"summary_large_image\" \/>\n<meta name=\"twitter:creator\" content=\"@runahr\" \/>\n<meta name=\"twitter:site\" content=\"@runahr\" \/>\n<meta name=\"twitter:label1\" content=\"Escrito por\" \/>\n\t<meta name=\"twitter:data1\" content=\"it-tools\" \/>\n\t<meta name=\"twitter:label2\" content=\"Tiempo de lectura\" \/>\n\t<meta name=\"twitter:data2\" content=\"15 minutos\" \/>\n<!-- \/ Yoast SEO Premium plugin. -->","yoast_head_json":{"title":"Fuerza laboral: \u00bfQu\u00e9 es? \u00bfCu\u00e1les son sus funciones? | MX | Runa HR","description":"\u00bfQu\u00e9 es la fuerza laboral? Conoce en qu\u00e9 consiste, cu\u00e1les son sus funciones y c\u00f3mo se mide la planificaci\u00f3n en la fuerza laboral.","robots":{"index":"index","follow":"follow","max-snippet":"max-snippet:-1","max-image-preview":"max-image-preview:large","max-video-preview":"max-video-preview:-1"},"canonical":"https:\/\/runahr.com\/mx\/recursos\/hr-management\/fuerza-laboral\/","og_locale":"es_MX","og_type":"article","og_title":"Fuerza laboral: \u00bfQu\u00e9 es? \u00bfCu\u00e1les son sus funciones? | MX | Runa HR","og_description":"\u00bfQu\u00e9 es la fuerza laboral? Conoce en qu\u00e9 consiste, cu\u00e1les son sus funciones y c\u00f3mo se mide la planificaci\u00f3n en la fuerza laboral.","og_url":"https:\/\/runahr.com\/mx\/recursos\/hr-management\/fuerza-laboral\/","og_site_name":"Runa HR","article_publisher":"https:\/\/www.facebook.com\/runahr\/","article_published_time":"2025-02-02T23:19:13+00:00","article_modified_time":"2026-01-28T22:06:27+00:00","og_image":[{"width":1090,"height":440,"url":"https:\/\/runahr.com\/wp-content\/uploads\/2025\/09\/fuerza-laboral-1.png","type":"image\/png"}],"author":"it-tools","twitter_card":"summary_large_image","twitter_creator":"@runahr","twitter_site":"@runahr","twitter_misc":{"Escrito por":"it-tools","Tiempo de lectura":"15 minutos"},"schema":{"@context":"https:\/\/schema.org","@graph":[{"@type":"Article","@id":"https:\/\/runahr.com\/mx\/recursos\/hr-management\/fuerza-laboral\/#article","isPartOf":{"@id":"https:\/\/runahr.com\/mx\/recursos\/hr-management\/fuerza-laboral\/"},"author":{"name":"it-tools","@id":"https:\/\/runahr.com\/mx\/#\/schema\/person\/5a22fa36c8ff828a0720d10281e38009"},"headline":"Fuerza laboral: \u00bfQu\u00e9 es? \u00bfCu\u00e1les son sus funciones?","datePublished":"2025-02-02T23:19:13+00:00","dateModified":"2026-01-28T22:06:27+00:00","mainEntityOfPage":{"@id":"https:\/\/runahr.com\/mx\/recursos\/hr-management\/fuerza-laboral\/"},"wordCount":3334,"publisher":{"@id":"https:\/\/runahr.com\/mx\/#organization"},"image":{"@id":"https:\/\/runahr.com\/mx\/recursos\/hr-management\/fuerza-laboral\/#primaryimage"},"thumbnailUrl":"https:\/\/runahr.com\/wp-content\/uploads\/2025\/09\/fuerza-laboral-1.png","keywords":["Art\u00edculo","HR Management","Reducci\u00f3n de jornada laboral"],"articleSection":["HR Management","Recursos"],"inLanguage":"es"},{"@type":"WebPage","@id":"https:\/\/runahr.com\/mx\/recursos\/hr-management\/fuerza-laboral\/","url":"https:\/\/runahr.com\/mx\/recursos\/hr-management\/fuerza-laboral\/","name":"Fuerza laboral: \u00bfQu\u00e9 es? \u00bfCu\u00e1les son sus funciones? | MX | Runa HR","isPartOf":{"@id":"https:\/\/runahr.com\/mx\/#website"},"primaryImageOfPage":{"@id":"https:\/\/runahr.com\/mx\/recursos\/hr-management\/fuerza-laboral\/#primaryimage"},"image":{"@id":"https:\/\/runahr.com\/mx\/recursos\/hr-management\/fuerza-laboral\/#primaryimage"},"thumbnailUrl":"https:\/\/runahr.com\/wp-content\/uploads\/2025\/09\/fuerza-laboral-1.png","datePublished":"2025-02-02T23:19:13+00:00","dateModified":"2026-01-28T22:06:27+00:00","description":"\u00bfQu\u00e9 es la fuerza laboral? Conoce en qu\u00e9 consiste, cu\u00e1les son sus funciones y c\u00f3mo se mide la planificaci\u00f3n en la fuerza laboral.","breadcrumb":{"@id":"https:\/\/runahr.com\/mx\/recursos\/hr-management\/fuerza-laboral\/#breadcrumb"},"inLanguage":"es","potentialAction":[{"@type":"ReadAction","target":["https:\/\/runahr.com\/mx\/recursos\/hr-management\/fuerza-laboral\/"]}]},{"@type":"ImageObject","inLanguage":"es","@id":"https:\/\/runahr.com\/mx\/recursos\/hr-management\/fuerza-laboral\/#primaryimage","url":"https:\/\/runahr.com\/wp-content\/uploads\/2025\/09\/fuerza-laboral-1.png","contentUrl":"https:\/\/runahr.com\/wp-content\/uploads\/2025\/09\/fuerza-laboral-1.png","width":1090,"height":440},{"@type":"BreadcrumbList","@id":"https:\/\/runahr.com\/mx\/recursos\/hr-management\/fuerza-laboral\/#breadcrumb","itemListElement":[{"@type":"ListItem","position":1,"name":"Home","item":"https:\/\/runahr.com\/mx\/"},{"@type":"ListItem","position":2,"name":"Recursos","item":"https:\/\/runahr.com\/mx\/category\/recursos\/"},{"@type":"ListItem","position":3,"name":"HR Management","item":"https:\/\/runahr.com\/mx\/category\/recursos\/hr-management\/"},{"@type":"ListItem","position":4,"name":"Fuerza laboral: \u00bfQu\u00e9 es? \u00bfCu\u00e1les son sus funciones?"}]},{"@type":"WebSite","@id":"https:\/\/runahr.com\/mx\/#website","url":"https:\/\/runahr.com\/mx\/","name":"Runa HR","description":"Software de N\u00f3mina y Gesti\u00f3n de RRHH","publisher":{"@id":"https:\/\/runahr.com\/mx\/#organization"},"potentialAction":[{"@type":"SearchAction","target":{"@type":"EntryPoint","urlTemplate":"https:\/\/runahr.com\/mx\/?s={search_term_string}"},"query-input":{"@type":"PropertyValueSpecification","valueRequired":true,"valueName":"search_term_string"}}],"inLanguage":"es"},{"@type":"Organization","@id":"https:\/\/runahr.com\/mx\/#organization","name":"Runa HR","url":"https:\/\/runahr.com\/mx\/","logo":{"@type":"ImageObject","inLanguage":"es","@id":"https:\/\/runahr.com\/mx\/#\/schema\/logo\/image\/","url":"https:\/\/runahr.com\/wp-content\/uploads\/2018\/05\/xDzHFcQY_400x400.jpg","contentUrl":"https:\/\/runahr.com\/wp-content\/uploads\/2018\/05\/xDzHFcQY_400x400.jpg","width":400,"height":400,"caption":"Runa HR"},"image":{"@id":"https:\/\/runahr.com\/mx\/#\/schema\/logo\/image\/"},"sameAs":["https:\/\/www.facebook.com\/runahr\/","https:\/\/x.com\/runahr","https:\/\/www.instagram.com\/runahr\/","https:\/\/mx.linkedin.com\/company\/runahr","https:\/\/www.youtube.com\/channel\/UCAZ21FupFMLIb1c7PPaU6Ew"]},{"@type":"Person","@id":"https:\/\/runahr.com\/mx\/#\/schema\/person\/5a22fa36c8ff828a0720d10281e38009","name":"it-tools","image":{"@type":"ImageObject","inLanguage":"es","@id":"https:\/\/secure.gravatar.com\/avatar\/68a146e44420ce6688dd5b32f006e4fc28c82828950327acf34ceb7288a433f0?s=96&d=mm&r=g","url":"https:\/\/secure.gravatar.com\/avatar\/68a146e44420ce6688dd5b32f006e4fc28c82828950327acf34ceb7288a433f0?s=96&d=mm&r=g","contentUrl":"https:\/\/secure.gravatar.com\/avatar\/68a146e44420ce6688dd5b32f006e4fc28c82828950327acf34ceb7288a433f0?s=96&d=mm&r=g","caption":"it-tools"},"url":"https:\/\/runahr.com\/mx\/author\/it-tools\/"}]}},"_links":{"self":[{"href":"https:\/\/runahr.com\/mx\/wp-json\/wp\/v2\/posts\/938495","targetHints":{"allow":["GET"]}}],"collection":[{"href":"https:\/\/runahr.com\/mx\/wp-json\/wp\/v2\/posts"}],"about":[{"href":"https:\/\/runahr.com\/mx\/wp-json\/wp\/v2\/types\/post"}],"author":[{"embeddable":true,"href":"https:\/\/runahr.com\/mx\/wp-json\/wp\/v2\/users\/87"}],"replies":[{"embeddable":true,"href":"https:\/\/runahr.com\/mx\/wp-json\/wp\/v2\/comments?post=938495"}],"version-history":[{"count":0,"href":"https:\/\/runahr.com\/mx\/wp-json\/wp\/v2\/posts\/938495\/revisions"}],"wp:featuredmedia":[{"embeddable":true,"href":"https:\/\/runahr.com\/mx\/wp-json\/wp\/v2\/media\/1068494"}],"wp:attachment":[{"href":"https:\/\/runahr.com\/mx\/wp-json\/wp\/v2\/media?parent=938495"}],"wp:term":[{"taxonomy":"category","embeddable":true,"href":"https:\/\/runahr.com\/mx\/wp-json\/wp\/v2\/categories?post=938495"},{"taxonomy":"post_tag","embeddable":true,"href":"https:\/\/runahr.com\/mx\/wp-json\/wp\/v2\/tags?post=938495"}],"curies":[{"name":"wp","href":"https:\/\/api.w.org\/{rel}","templated":true}]}}