{"id":1106594,"date":"2026-03-12T08:31:06","date_gmt":"2026-03-12T14:31:06","guid":{"rendered":"https:\/\/runahr.com\/?p=1106594"},"modified":"2026-03-16T23:02:46","modified_gmt":"2026-03-17T05:02:46","slug":"acoso-laboral","status":"publish","type":"post","link":"https:\/\/runahr.com\/pe\/recursos\/recursos-humanos\/acoso-laboral\/","title":{"rendered":"Acoso laboral: \u00bfC\u00f3mo se comprueba?"},"content":{"rendered":"<p><span>En el Per\u00fa, el acoso laboral se cuela en la rutina como una llovizna que no para: desgasta la salud de las personas y apaga la energ\u00eda de las empresas. Este hostigamiento, tambi\u00e9n llamado mobbing, aparece en miradas esquivas, comentarios que hieren y exclusiones silenciosas, dejando marcas en el cuerpo y en el \u00e1nimo.\u00a0<\/span><\/p>\n<p><span>En este art\u00edculo vamos a responder lo esencial: c\u00f3mo reconocerlo, por qu\u00e9 surge, qu\u00e9 consecuencias trae y qu\u00e9 pasos seguir para frenarlo y erradicarlo.<\/span><\/p>\n<h2><b>\u00bfQu\u00e9 es el acoso laboral?<\/b><\/h2>\n<p><span>El acoso laboral, o mobbing, es como una gota que, al caer una y otra vez, va horadando la roca de la autoestima: son conductas hostiles y repetidas contra un <\/span><a href=\"https:\/\/runahr.com\/pe\/recursos\/recursos-humanos\/trabajador\/\"><span>trabajador<\/span><\/a><span> con la intenci\u00f3n de minar su dignidad e integridad. Puede manifestarse en insultos, burlas, exclusi\u00f3n o incluso agresiones sutiles \u2014comentarios despectivos, \u00f3rdenes contradictorias o aislamiento\u2014 que se repiten con regularidad. A diferencia de un choque puntual o del <\/span><a href=\"https:\/\/runahr.com\/pe\/recursos\/recursos-humanos\/estres-laboral\/\"><span>estr\u00e9s laboral<\/span><\/a><span> normal del d\u00eda a d\u00eda, el mobbing destaca por su persistencia y por el claro prop\u00f3sito de hacer da\u00f1o a la v\u00edctima, creando un <\/span><a href=\"https:\/\/runahr.com\/pe\/recursos\/recursos-humanos\/clima-laboral\/\"><span>clima laboral<\/span><\/a><span> t\u00f3xico en el que quien lo sufre siente que nunca encuentra respiro.<\/span><\/p>\n<p><a href=\"https:\/\/recursos.runahr.com\/pe-guia-trabajo-equipo-empresas\"><img fetchpriority=\"high\" decoding=\"async\" class=\"alignnone  wp-image-1097063\" src=\"https:\/\/runahr.com\/wp-content\/uploads\/2026\/01\/CPE015-300x119.webp\" alt=\"Descargar gu\u00eda de trabajo en equipo para empresas\" width=\"998\" height=\"396\" srcset=\"https:\/\/runahr.com\/wp-content\/uploads\/2026\/01\/CPE015-300x119.webp 300w, https:\/\/runahr.com\/wp-content\/uploads\/2026\/01\/CPE015-1024x405.webp 1024w, https:\/\/runahr.com\/wp-content\/uploads\/2026\/01\/CPE015-768x304.webp 768w\" sizes=\"(max-width: 998px) 100vw, 998px\" \/><\/a><\/p>\n<h2><b>\u00bfCu\u00e1ndo se considera acoso laboral en Per\u00fa?<\/b><\/h2>\n<p><span>Un conflicto puntual o un mal d\u00eda no siempre son acoso laboral. En Per\u00fa, hablamos de mobbing cuando el comportamiento hostil cumple con cuatro condiciones claras:<\/span><\/p>\n<ol>\n<li style=\"font-weight: 400;\" aria-level=\"1\"><b>Intencionalidad:<\/b><span> Quien acosa act\u00faa con la voluntad de hacer da\u00f1o, no es un error o una broma de mal gusto, sino un ataque deliberado contra la v\u00edctima.<\/span><\/li>\n<li style=\"font-weight: 400;\" aria-level=\"1\"><b>Reiteraci\u00f3n:<\/b><span> No se trata de un episodio aislado, sino de hostigamientos que vuelven una y otra vez, como una gota que horada la roca con el tiempo.<\/span><\/li>\n<li style=\"font-weight: 400;\" aria-level=\"1\"><b>Sistematicidad:<\/b><span> Hay un patr\u00f3n claro de conductas que se repiten: insultos, humillaciones, aislamiento o exigencias que se contradicen, todo de manera organizada y constante.<\/span><\/li>\n<li style=\"font-weight: 400;\" aria-level=\"1\"><b>Impacto:<\/b><span> Estas agresiones generan un clima t\u00f3xico que termina da\u00f1ando la <\/span><a href=\"https:\/\/runahr.com\/pe\/recursos\/recursos-humanos\/salud-mental\/\"><span>salud mental<\/span><\/a><span> y f\u00edsica: ansiedad, insomnio, ca\u00edda de la autoestima e incluso s\u00edntomas psicosom\u00e1ticos.<\/span><\/li>\n<\/ol>\n<h2><b>\u00bfCu\u00e1les son las causas del acoso laboral?<\/b><\/h2>\n<p><span>El acoso laboral no brota de un d\u00eda para otro, sino en terrenos donde confluyen ciertas condiciones que lo alimentan. Reconocer estas ra\u00edces es como descubrir las grietas por donde se cuelan las fugas de agua en un techo, esencial para taparlas a tiempo.<\/span><\/p>\n<ul>\n<li style=\"font-weight: 400;\" aria-level=\"1\"><b>Factores personales del acosador:<\/b><span> Personalidades autoritarias, narcisistas o con tendencia al control extremo, que disfrutan imponiendo miedo o superioridad.<\/span><\/li>\n<li style=\"font-weight: 400;\" aria-level=\"1\"><b>Factores organizacionales:<\/b><span> Estructuras r\u00edgidas, jefes permisivos o excesivamente autoritarios y falta de canales de denuncia, que dejan el terreno sembrado para el hostigamiento.<\/span><\/li>\n<\/ul>\n<p><span>Tambi\u00e9n hay que considerar la precariedad laboral, cuando el <\/span><a href=\"https:\/\/runahr.com\/pe\/recursos\/salario\/trabajo\/\"><span>trabajo<\/span><\/a><span> es inestable y no hay redes de apoyo, el miedo a perder el empleo hace que muchos aguanten abusos antes que levantar la voz.<\/span><\/p>\n<h2><b>\u00bfEn qu\u00e9 consiste la ley de acoso laboral en Per\u00fa?<\/b><\/h2>\n<p><span>El marco legal contra el acoso laboral en el Per\u00fa funciona como un entramado de puentes que, a\u00fan sin formar un solo arco completo, se entrelazan para proteger al trabajador. No existe una ley \u00fanica que cubra el mobbing, sino varias normas que aportan cada una su tramo de seguridad:<\/span><\/p>\n<ul>\n<li style=\"font-weight: 400;\" aria-level=\"1\"><b>Ley N.\u00ba 27942 (Prevenci\u00f3n y sanci\u00f3n del hostigamiento sexual):<\/b><span> Aunque naci\u00f3 para frenar el acoso de tono sexual, fomenta el respeto y la dignidad en el trabajo, ofreciendo tambi\u00e9n un escudo contra otras formas de trato abusivo.<\/span><\/li>\n<li style=\"font-weight: 400;\" aria-level=\"1\"><b>Ley N.\u00ba 29783 (Seguridad y salud en el trabajo):<\/b><span> Manda al empleador cuidar no solo la integridad f\u00edsica, sino tambi\u00e9n el estado emocional de su equipo, exigiendo detectar y neutralizar riesgos psicosociales como el mobbing.<\/span><\/li>\n<li style=\"font-weight: 400;\" aria-level=\"1\"><b>Reglamentos y directivas del MTPE:<\/b><span> Sirven como el mapa que las empresas deben seguir: establecen desde los canales de denuncia hasta los pasos para investigar y sancionar, todo orientado a acabar con cualquier semilla de hostigamiento.<\/span><\/li>\n<\/ul>\n<h2><b>\u00bfQu\u00e9 tipos de acoso laboral ocurren en Per\u00fa?<\/b><\/h2>\n<p><span>El acoso laboral se filtra en las empresas como una sombra persistente que mina el \u00e1nimo de quienes lo padecen. Sus distintas manifestaciones, desde silencios que a\u00edslan hasta comentarios hirientes, enrarecen el clima de trabajo y dejan huellas profundas en el <\/span><a href=\"https:\/\/runahr.com\/pe\/recursos\/recursos-humanos\/bienestar\/\"><span>bienestar<\/span><\/a><span> de todos.<\/span><\/p>\n<ul>\n<li style=\"font-weight: 400;\" aria-level=\"1\"><b>Moral (psicol\u00f3gico):<\/b><span> Son esas acciones que buscan humillar, como correrte de reuniones, encimarte tareas imposibles o difundir rumores para aislarte.<\/span><\/li>\n<li style=\"font-weight: 400;\" aria-level=\"1\"><b>Sexual:<\/b><span> Incluye miradas, comentarios o toques de \u00edndole sexual sin tu consentimiento, esas insinuaciones y propuestas que incomodan y vulneran tu espacio.<\/span><\/li>\n<li style=\"font-weight: 400;\" aria-level=\"1\"><b>Por <\/b><a href=\"https:\/\/runahr.com\/pe\/recursos\/recursos-humanos\/discriminacion\/\"><b>discriminaci\u00f3n<\/b><\/a><b>:<\/b><span> Se basa en rechazar o maltratar a alguien por su g\u00e9nero, raza, religi\u00f3n, orientaci\u00f3n sexual u otra condici\u00f3n, como si quisieran pintarte fuera del grupo.<\/span><\/li>\n<li style=\"font-weight: 400;\" aria-level=\"1\"><b>Vertical:<\/b><span> Ocurre cuando el jefe te pasa por encima con su autoridad (descendente) o, en sentido contrario, un colaborador te sabotea a ti que est\u00e1s arriba (ascendente).<\/span><\/li>\n<li style=\"font-weight: 400;\" aria-level=\"1\"><b>Horizontal:<\/b><span> Es la guerra fr\u00eda entre pares: compa\u00f1eros del mismo nivel que te excluyen, critican o te imponen la suya para minar tu confianza.<\/span><\/li>\n<\/ul>\n<h2><b>\u00bfC\u00f3mo denunciar por acoso laboral en Per\u00fa?<\/b><\/h2>\n<p><span>Hay varias rutas para alzar la voz ante el acoso laboral en el Per\u00fa. Dentro de la <\/span><a href=\"https:\/\/runahr.com\/pe\/recursos\/salario\/empresa\/\"><span>empresa<\/span><\/a><span>, debe existir un procedimiento claro en el reglamento o las pol\u00edticas de \u00e9tica que detalle a qui\u00e9n acudir, los plazos y la forma de presentar la queja.\u00a0<\/span><\/p>\n<p><span>Fuera de la compa\u00f1\u00eda, el trabajador puede llevar su caso al MTPE a trav\u00e9s de <\/span><a href=\"https:\/\/runahr.com\/pe\/recursos\/salario\/sunafil\/\"><span>Superintendencia Nacional de Fiscalizaci\u00f3n Laboral (SUNAFIL)<\/span><\/a><span>, iniciar una demanda laboral ante el Poder Judicial o acudir a la Defensor\u00eda del Pueblo, que recibe denuncias por vulneraci\u00f3n de derechos fundamentales.<\/span><\/p>\n<p><a href=\"https:\/\/recursos.runahr.com\/pe-guia-aprendizaje-desarrollo-equipos\"><img decoding=\"async\" class=\"alignnone  wp-image-1097031\" src=\"https:\/\/runahr.com\/wp-content\/uploads\/2026\/01\/CPE008-300x119.webp\" alt=\"Descargar gu\u00eda de aprendizaje y desarrollo para equipos\" width=\"1001\" height=\"397\" srcset=\"https:\/\/runahr.com\/wp-content\/uploads\/2026\/01\/CPE008-300x119.webp 300w, https:\/\/runahr.com\/wp-content\/uploads\/2026\/01\/CPE008-1024x405.webp 1024w, https:\/\/runahr.com\/wp-content\/uploads\/2026\/01\/CPE008-768x304.webp 768w, https:\/\/runahr.com\/wp-content\/uploads\/2026\/01\/CPE008-1536x607.webp 1536w\" sizes=\"(max-width: 1001px) 100vw, 1001px\" \/><\/a><\/p>\n<h2><b>\u00bfQu\u00e9 pruebas se necesitan para denunciar el acoso laboral?<\/b><\/h2>\n<p><span>Reunir pruebas en un caso de acoso laboral es como armar un rompecabezas: cada pieza ayuda a revelar el panorama completo y fortalece tu reclamo. Contar con evidencia s\u00f3lida multiplica las probabilidades de que tu denuncia obtenga una respuesta justa. A continuaci\u00f3n, se detallan los principales tipos de evidencia que pueden utilizarse en una denuncia:<\/span><\/p>\n<ul>\n<li style=\"font-weight: 400;\" aria-level=\"1\"><b>Testimonios:<\/b><span> Voces que respalden tu versi\u00f3n, ya sea la tuya o la de compa\u00f1eros que presenciaron los hechos.<\/span><\/li>\n<li style=\"font-weight: 400;\" aria-level=\"1\"><b>Documentos:<\/b><span> Correos, mensajes de texto, capturas de pantalla, memorandos o evaluaciones que muestren contradicciones o actitudes abusivas.<\/span><\/li>\n<li style=\"font-weight: 400;\" aria-level=\"1\"><b>Registros personales:<\/b><span> Un diario detallado donde anotes fecha, hora, lugar y descripci\u00f3n de cada incidente, como un bit\u00e1cora que no deje espacio a dudas.<\/span><\/li>\n<li style=\"font-weight: 400;\" aria-level=\"1\"><b>Informes m\u00e9dicos o psicol\u00f3gicos:<\/b><span> Certificados que acrediten el impacto en tu salud emocional o f\u00edsica, demostrando el da\u00f1o real que sufriste.<\/span><\/li>\n<li style=\"font-weight: 400;\" aria-level=\"1\"><b>Grabaciones de audio o video:<\/b><span> Si las leyes y el contexto lo permiten, pueden servir como testimonio directo, pero considera siempre la normativa de privacidad antes de usarlas.<\/span><\/li>\n<\/ul>\n<h2><b>\u00bfC\u00f3mo se comprueba el acoso laboral?<\/b><\/h2>\n<p><span>Comprobarlo es seguir un rastro ordenado. Se realiza una indagaci\u00f3n interna dentro de la empresa o a trav\u00e9s de SUNAFIL\u00a0 y se recogen testimonios de la persona afectada, de quien es se\u00f1alado y de posibles testigos. Luego se revisan correos, chats, mensajes, audios y cualquier documento \u00fatil, y se cruza toda esa informaci\u00f3n para evaluar coherencia y credibilidad.\u00a0<\/span><\/p>\n<p><span>El mayor reto es acreditar el da\u00f1o psicol\u00f3gico: no siempre deja marcas visibles; la evidencia suele estar en informes m\u00e9dicos o psicol\u00f3gicos, en el desgaste emocional y en el impacto real sobre el desempe\u00f1o y la vida diaria.<\/span><\/p>\n<h2><b>\u00bfCu\u00e1les son las consecuencias del acoso laboral para la empresa?<\/b><\/h2>\n<p><span>El acoso laboral act\u00faa como una grieta que, dejando pasar la humedad, acaba da\u00f1ando toda la estructura de la empresa. Adem\u00e1s de afectar a la v\u00edctima, deja huellas profundas en la organizaci\u00f3n. Estas son las principales consecuencias:<\/span><\/p>\n<ul>\n<li style=\"font-weight: 400;\" aria-level=\"1\"><b>Legales:<\/b><span> Multas y sanciones de SUNAFIL, demandas por compensaciones y la obligaci\u00f3n de poner parches y protocolos para evitar que vuelva a ocurrir.<\/span><\/li>\n<li style=\"font-weight: 400;\" aria-level=\"1\"><b>Econ\u00f3micas:<\/b><span> El pozo de gastos se llena con los costos de sanciones y litigios, mientras la <\/span><a href=\"https:\/\/runahr.com\/pe\/recursos\/recursos-humanos\/productividad\/\"><span>productividad<\/span><\/a><span> cae, aumenta el ausentismo y la gente busca otra orilla, elevando la rotaci\u00f3n.<\/span><\/li>\n<li style=\"font-weight: 400;\" aria-level=\"1\"><b>Reputacionales:<\/b><span> La reputaci\u00f3n de la empresa queda manchada como un muro grafiteado; se vuelve m\u00e1s dif\u00edcil atraer y retener talento, y los clientes pierden la confianza.<\/span><\/li>\n<li style=\"font-weight: 400;\" aria-level=\"1\"><b>Humanas:<\/b><span> Se enrarece el clima laboral, crece el estr\u00e9s, la insatisfacci\u00f3n y sube el riesgo de accidentes; la moral baja y el equipo pierde el \u00e1nimo para remar juntos.<\/span><\/li>\n<\/ul>\n<h2><b>\u00bfCu\u00e1nto es la indemnizaci\u00f3n por acoso laboral?<\/b><\/h2>\n<p><span>En el Per\u00fa, la <\/span><a href=\"https:\/\/runahr.com\/pe\/recursos\/salario\/indemnizacion\/\"><span>indemnizaci\u00f3n<\/span><\/a><span> por acoso laboral no viene con un precio de tienda: no hay un monto establecido de antemano.\u00a0<\/span><\/p>\n<p><span>El juez lo fija tras revisar el da\u00f1o real que sufri\u00f3 la persona, ya sea moral, psicol\u00f3gico o material. Y la suma final var\u00eda seg\u00fan la intensidad y el tiempo del hostigamiento, el efecto en la salud del trabajador y la capacidad econ\u00f3mica de la empresa.<\/span><\/p>\n<h2><b>\u00bfCu\u00e1l es la diferencia entre acoso y hostigamiento laboral?<\/b><\/h2>\n<p><span>En el Per\u00fa, tanto el acoso laboral como el hostigamiento laboral son dos nombres para el mismo problema: se emplean indistintamente para hablar de malos tratos en el trabajo.\u00a0<\/span><\/p>\n<p><span>Aunque en teor\u00eda puedan distinguirse en otros contextos, aqu\u00ed ambos t\u00e9rminos abarcan las conductas abusivas y da\u00f1inas que sufren los empleados.<\/span><\/p>\n<h2><b>\u00bfC\u00f3mo los recursos humanos controlan el acoso laboral?<\/b><\/h2>\n<p><a href=\"https:\/\/runahr.com\/pe\/recursos\/recursos-humanos\/recursos-humanos\/\"><span>Recursos humanos<\/span><\/a><span> funciona como el guardi\u00e1n del equipo: su labor es prevenir, identificar y responder ante cualquier se\u00f1al de acoso laboral. Estas t\u00e1cticas son el coraz\u00f3n de su estrategia para combatir frontalmente el acoso laboral:<\/span><\/p>\n<ul>\n<li style=\"font-weight: 400;\" aria-level=\"1\"><b>Prevenci\u00f3n:<\/b><span> Definen y comunican con claridad normas contra el acoso, como quien traza los l\u00edmites de un campo de juego. Adem\u00e1s, organizan talleres y charlas para que todos comprendan por qu\u00e9 estas conductas da\u00f1an al equipo y c\u00f3mo evitarlas.<\/span><\/li>\n<li style=\"font-weight: 400;\" aria-level=\"1\"><b>Detecci\u00f3n:<\/b><span> Mantienen el pulso del clima laboral mediante una <\/span><a href=\"https:\/\/runahr.com\/pe\/recursos\/recursos-humanos\/encuesta\/\"><span>encuesta<\/span><\/a><span> an\u00f3nima, canales de queja accesibles y la observaci\u00f3n de se\u00f1ales (aislamiento de personas, cambios bruscos de actitud) para identificar antes de que el problema crezca.<\/span><\/li>\n<li style=\"font-weight: 400;\" aria-level=\"1\"><b>Actuaci\u00f3n:<\/b><span> Al detectarse un caso, activan un protocolo confidencial y \u00e1gil: entrevistan a las partes, revisan evidencias y toman decisiones justas. As\u00ed resuelven la situaci\u00f3n y aplican sanciones o medidas de apoyo, garantizando que la v\u00edctima encuentre un entorno seguro.<\/span><\/li>\n<\/ul>\n<p><span>Con este ciclo de prevenci\u00f3n, detecci\u00f3n y actuaci\u00f3n, recursos humanos no solo protege a quienes lo sufren, sino que tambi\u00e9n fortalece la confianza y la productividad de toda la organizaci\u00f3n.<\/span><\/p>\n<p><a href=\"https:\/\/recursos.runahr.com\/pe-guia-metricas-dei\"><img decoding=\"async\" class=\"alignnone  wp-image-1098572\" src=\"https:\/\/runahr.com\/wp-content\/uploads\/2026\/01\/CPE011-300x119.webp\" alt=\"Ver ahora gu\u00eda de m\u00e9tricas DEI\" width=\"1001\" height=\"397\" srcset=\"https:\/\/runahr.com\/wp-content\/uploads\/2026\/01\/CPE011-300x119.webp 300w, https:\/\/runahr.com\/wp-content\/uploads\/2026\/01\/CPE011-1024x405.webp 1024w, https:\/\/runahr.com\/wp-content\/uploads\/2026\/01\/CPE011-768x304.webp 768w, https:\/\/runahr.com\/wp-content\/uploads\/2026\/01\/CPE011-1536x607.webp 1536w\" sizes=\"(max-width: 1001px) 100vw, 1001px\" \/><\/a><\/p>\n","protected":false},"excerpt":{"rendered":"<p>En el Per\u00fa, el acoso laboral se cuela en la rutina como una llovizna que no para: desgasta la salud de las personas y apaga la energ\u00eda de las empresas. Este hostigamiento, tambi\u00e9n llamado mobbing, aparece en miradas esquivas, comentarios que hieren y exclusiones silenciosas, dejando marcas en el cuerpo y en el \u00e1nimo.\u00a0 En [&hellip;]<\/p>\n","protected":false},"author":98,"featured_media":1106617,"comment_status":"closed","ping_status":"closed","sticky":false,"template":"","format":"standard","meta":{"_acf_changed":false,"_wp_applaud_exclude":false,"footnotes":""},"categories":[1584,1570],"tags":[1598,1815],"class_list":["post-1106594","post","type-post","status-publish","format-standard","has-post-thumbnail","hentry","category-recursos","category-recursos-humanos","tag-articulo-pe","tag-recursos-humanos-6"],"acf":[],"yoast_head":"<!-- This site is optimized with the Yoast SEO Premium plugin v26.1 (Yoast SEO v27.5) - https:\/\/yoast.com\/product\/yoast-seo-premium-wordpress\/ -->\n<title>Acoso laboral: \u00bfC\u00f3mo se comprueba? | PE | Runa HR<\/title>\n<meta name=\"description\" content=\"El acoso laboral en el Per\u00fa afecta la salud de los trabajadores y la productividad de las empresas. Conoce su definici\u00f3n, causas, criterios legales y el rol de los recursos humanos en su prevenci\u00f3n y manejo.\" \/>\n<meta name=\"robots\" content=\"index, follow, max-snippet:-1, max-image-preview:large, max-video-preview:-1\" \/>\n<link rel=\"canonical\" href=\"https:\/\/runahr.com\/pe\/recursos\/recursos-humanos\/acoso-laboral\/\" \/>\n<meta property=\"og:locale\" content=\"es_ES\" \/>\n<meta property=\"og:type\" content=\"article\" \/>\n<meta property=\"og:title\" content=\"Acoso laboral: \u00bfC\u00f3mo se comprueba? | PE | Runa HR\" \/>\n<meta property=\"og:description\" content=\"El acoso laboral en el Per\u00fa afecta la salud de los trabajadores y la productividad de las empresas. Conoce su definici\u00f3n, causas, criterios legales y el rol de los recursos humanos en su prevenci\u00f3n y manejo.\" \/>\n<meta property=\"og:url\" content=\"https:\/\/runahr.com\/pe\/recursos\/recursos-humanos\/acoso-laboral\/\" \/>\n<meta property=\"og:site_name\" content=\"Runa HR\" \/>\n<meta property=\"article:publisher\" content=\"https:\/\/www.facebook.com\/runahr\/\" \/>\n<meta property=\"article:published_time\" content=\"2026-03-12T14:31:06+00:00\" \/>\n<meta property=\"article:modified_time\" content=\"2026-03-17T05:02:46+00:00\" \/>\n<meta property=\"og:image\" content=\"https:\/\/runahr.com\/wp-content\/uploads\/2026\/03\/Copia-de-Plantilla-Articulos-Headers-3.png\" \/>\n\t<meta property=\"og:image:width\" content=\"2048\" \/>\n\t<meta property=\"og:image:height\" content=\"827\" \/>\n\t<meta property=\"og:image:type\" content=\"image\/png\" \/>\n<meta name=\"author\" content=\"Patricia Arapa\" \/>\n<meta name=\"twitter:card\" content=\"summary_large_image\" \/>\n<meta name=\"twitter:creator\" content=\"@runahr\" \/>\n<meta name=\"twitter:site\" content=\"@runahr\" \/>\n<meta name=\"twitter:label1\" content=\"Written by\" \/>\n\t<meta name=\"twitter:data1\" content=\"Patricia Arapa\" \/>\n\t<meta name=\"twitter:label2\" content=\"Est. reading time\" \/>\n\t<meta name=\"twitter:data2\" content=\"9 minutos\" \/>\n<!-- \/ Yoast SEO Premium plugin. -->","yoast_head_json":{"title":"Acoso laboral: \u00bfC\u00f3mo se comprueba? | PE | Runa HR","description":"El acoso laboral en el Per\u00fa afecta la salud de los trabajadores y la productividad de las empresas. Conoce su definici\u00f3n, causas, criterios legales y el rol de los recursos humanos en su prevenci\u00f3n y manejo.","robots":{"index":"index","follow":"follow","max-snippet":"max-snippet:-1","max-image-preview":"max-image-preview:large","max-video-preview":"max-video-preview:-1"},"canonical":"https:\/\/runahr.com\/pe\/recursos\/recursos-humanos\/acoso-laboral\/","og_locale":"es_ES","og_type":"article","og_title":"Acoso laboral: \u00bfC\u00f3mo se comprueba? | PE | Runa HR","og_description":"El acoso laboral en el Per\u00fa afecta la salud de los trabajadores y la productividad de las empresas. Conoce su definici\u00f3n, causas, criterios legales y el rol de los recursos humanos en su prevenci\u00f3n y manejo.","og_url":"https:\/\/runahr.com\/pe\/recursos\/recursos-humanos\/acoso-laboral\/","og_site_name":"Runa HR","article_publisher":"https:\/\/www.facebook.com\/runahr\/","article_published_time":"2026-03-12T14:31:06+00:00","article_modified_time":"2026-03-17T05:02:46+00:00","og_image":[{"width":2048,"height":827,"url":"https:\/\/runahr.com\/wp-content\/uploads\/2026\/03\/Copia-de-Plantilla-Articulos-Headers-3.png","type":"image\/png"}],"author":"Patricia Arapa","twitter_card":"summary_large_image","twitter_creator":"@runahr","twitter_site":"@runahr","twitter_misc":{"Written by":"Patricia Arapa","Est. reading time":"9 minutos"},"schema":{"@context":"https:\/\/schema.org","@graph":[{"@type":"Article","@id":"https:\/\/runahr.com\/pe\/recursos\/recursos-humanos\/acoso-laboral\/#article","isPartOf":{"@id":"https:\/\/runahr.com\/pe\/recursos\/recursos-humanos\/acoso-laboral\/"},"author":{"name":"Patricia Arapa","@id":"https:\/\/runahr.com\/pe\/#\/schema\/person\/d059da172f9235759c7bf4a9e9f95a82"},"headline":"Acoso laboral: \u00bfC\u00f3mo se comprueba?","datePublished":"2026-03-12T14:31:06+00:00","dateModified":"2026-03-17T05:02:46+00:00","mainEntityOfPage":{"@id":"https:\/\/runahr.com\/pe\/recursos\/recursos-humanos\/acoso-laboral\/"},"wordCount":1768,"publisher":{"@id":"https:\/\/runahr.com\/pe\/#organization"},"image":{"@id":"https:\/\/runahr.com\/pe\/recursos\/recursos-humanos\/acoso-laboral\/#primaryimage"},"thumbnailUrl":"https:\/\/runahr.com\/wp-content\/uploads\/2026\/03\/Copia-de-Plantilla-Articulos-Headers-3.png","keywords":["Art\u00edculo","Recursos humanos"],"articleSection":["Recursos","Recursos humanos"],"inLanguage":"es-PE"},{"@type":"WebPage","@id":"https:\/\/runahr.com\/pe\/recursos\/recursos-humanos\/acoso-laboral\/","url":"https:\/\/runahr.com\/pe\/recursos\/recursos-humanos\/acoso-laboral\/","name":"Acoso laboral: \u00bfC\u00f3mo se comprueba? | PE | Runa HR","isPartOf":{"@id":"https:\/\/runahr.com\/pe\/#website"},"primaryImageOfPage":{"@id":"https:\/\/runahr.com\/pe\/recursos\/recursos-humanos\/acoso-laboral\/#primaryimage"},"image":{"@id":"https:\/\/runahr.com\/pe\/recursos\/recursos-humanos\/acoso-laboral\/#primaryimage"},"thumbnailUrl":"https:\/\/runahr.com\/wp-content\/uploads\/2026\/03\/Copia-de-Plantilla-Articulos-Headers-3.png","datePublished":"2026-03-12T14:31:06+00:00","dateModified":"2026-03-17T05:02:46+00:00","description":"El acoso laboral en el Per\u00fa afecta la salud de los trabajadores y la productividad de las empresas. Conoce su definici\u00f3n, causas, criterios legales y el rol de los recursos humanos en su prevenci\u00f3n y manejo.","breadcrumb":{"@id":"https:\/\/runahr.com\/pe\/recursos\/recursos-humanos\/acoso-laboral\/#breadcrumb"},"inLanguage":"es-PE","potentialAction":[{"@type":"ReadAction","target":["https:\/\/runahr.com\/pe\/recursos\/recursos-humanos\/acoso-laboral\/"]}]},{"@type":"ImageObject","inLanguage":"es-PE","@id":"https:\/\/runahr.com\/pe\/recursos\/recursos-humanos\/acoso-laboral\/#primaryimage","url":"https:\/\/runahr.com\/wp-content\/uploads\/2026\/03\/Copia-de-Plantilla-Articulos-Headers-3.png","contentUrl":"https:\/\/runahr.com\/wp-content\/uploads\/2026\/03\/Copia-de-Plantilla-Articulos-Headers-3.png","width":2048,"height":827},{"@type":"BreadcrumbList","@id":"https:\/\/runahr.com\/pe\/recursos\/recursos-humanos\/acoso-laboral\/#breadcrumb","itemListElement":[{"@type":"ListItem","position":1,"name":"Home","item":"https:\/\/runahr.com\/pe\/"},{"@type":"ListItem","position":2,"name":"Recursos","item":"https:\/\/runahr.com\/pe\/category\/recursos\/"},{"@type":"ListItem","position":3,"name":"Recursos humanos","item":"https:\/\/runahr.com\/pe\/category\/recursos\/recursos-humanos\/"},{"@type":"ListItem","position":4,"name":"Acoso laboral: \u00bfC\u00f3mo se comprueba?"}]},{"@type":"WebSite","@id":"https:\/\/runahr.com\/pe\/#website","url":"https:\/\/runahr.com\/pe\/","name":"Runa HR","description":"Software de N\u00f3mina y Gesti\u00f3n de RRHH","publisher":{"@id":"https:\/\/runahr.com\/pe\/#organization"},"potentialAction":[{"@type":"SearchAction","target":{"@type":"EntryPoint","urlTemplate":"https:\/\/runahr.com\/pe\/?s={search_term_string}"},"query-input":{"@type":"PropertyValueSpecification","valueRequired":true,"valueName":"search_term_string"}}],"inLanguage":"es-PE"},{"@type":"Organization","@id":"https:\/\/runahr.com\/pe\/#organization","name":"Runa HR","url":"https:\/\/runahr.com\/pe\/","logo":{"@type":"ImageObject","inLanguage":"es-PE","@id":"https:\/\/runahr.com\/pe\/#\/schema\/logo\/image\/","url":"https:\/\/runahr.com\/wp-content\/uploads\/2018\/05\/xDzHFcQY_400x400.jpg","contentUrl":"https:\/\/runahr.com\/wp-content\/uploads\/2018\/05\/xDzHFcQY_400x400.jpg","width":400,"height":400,"caption":"Runa HR"},"image":{"@id":"https:\/\/runahr.com\/pe\/#\/schema\/logo\/image\/"},"sameAs":["https:\/\/www.facebook.com\/runahr\/","https:\/\/x.com\/runahr","https:\/\/www.instagram.com\/runahr\/","https:\/\/mx.linkedin.com\/company\/runahr","https:\/\/www.youtube.com\/channel\/UCAZ21FupFMLIb1c7PPaU6Ew"]},{"@type":"Person","@id":"https:\/\/runahr.com\/pe\/#\/schema\/person\/d059da172f9235759c7bf4a9e9f95a82","name":"Patricia Arapa","image":{"@type":"ImageObject","inLanguage":"es-PE","@id":"https:\/\/secure.gravatar.com\/avatar\/fa723eb8e5a350a713860180b040562498be71ce6bdc79f76c3f2fddda127002?s=96&d=mm&r=g","url":"https:\/\/secure.gravatar.com\/avatar\/fa723eb8e5a350a713860180b040562498be71ce6bdc79f76c3f2fddda127002?s=96&d=mm&r=g","contentUrl":"https:\/\/secure.gravatar.com\/avatar\/fa723eb8e5a350a713860180b040562498be71ce6bdc79f76c3f2fddda127002?s=96&d=mm&r=g","caption":"Patricia Arapa"},"url":"https:\/\/runahr.com\/pe\/author\/patricia_arapa\/"}]}},"_links":{"self":[{"href":"https:\/\/runahr.com\/pe\/wp-json\/wp\/v2\/posts\/1106594","targetHints":{"allow":["GET"]}}],"collection":[{"href":"https:\/\/runahr.com\/pe\/wp-json\/wp\/v2\/posts"}],"about":[{"href":"https:\/\/runahr.com\/pe\/wp-json\/wp\/v2\/types\/post"}],"author":[{"embeddable":true,"href":"https:\/\/runahr.com\/pe\/wp-json\/wp\/v2\/users\/98"}],"replies":[{"embeddable":true,"href":"https:\/\/runahr.com\/pe\/wp-json\/wp\/v2\/comments?post=1106594"}],"version-history":[{"count":0,"href":"https:\/\/runahr.com\/pe\/wp-json\/wp\/v2\/posts\/1106594\/revisions"}],"wp:featuredmedia":[{"embeddable":true,"href":"https:\/\/runahr.com\/pe\/wp-json\/wp\/v2\/media\/1106617"}],"wp:attachment":[{"href":"https:\/\/runahr.com\/pe\/wp-json\/wp\/v2\/media?parent=1106594"}],"wp:term":[{"taxonomy":"category","embeddable":true,"href":"https:\/\/runahr.com\/pe\/wp-json\/wp\/v2\/categories?post=1106594"},{"taxonomy":"post_tag","embeddable":true,"href":"https:\/\/runahr.com\/pe\/wp-json\/wp\/v2\/tags?post=1106594"}],"curies":[{"name":"wp","href":"https:\/\/api.w.org\/{rel}","templated":true}]}}